{"id":9692,"date":"2019-06-09T08:42:28","date_gmt":"2019-06-09T13:42:28","guid":{"rendered":"https:\/\/canal7slp.tv\/2019\/?p=9692"},"modified":"2019-06-09T08:42:28","modified_gmt":"2019-06-09T13:42:28","slug":"jm-carreras-respalda-posicionamiento-de-amlo-en-tijuana","status":"publish","type":"post","link":"https:\/\/canal7slp.tv\/2019\/jm-carreras-respalda-posicionamiento-de-amlo-en-tijuana\/","title":{"rendered":"JM Carreras respalda posicionamiento de AMLO en Tijuana"},"content":{"rendered":"<p style=\"text-align: justify\">Tijuana, BC.- El Gobernador del Estado de San Luis Potos\u00ed, Juan Manuel Carreras L\u00f3pez, en compa\u00f1\u00eda de otros mandatarios del pa\u00eds, respald\u00f3 el posicionamiento del Presidente de M\u00e9xico, Andr\u00e9s Manuel L\u00f3pez Obrador, para mantener siempre un di\u00e1logo abierto con Estados Unidos, y buscar los consensos y acuerdos que permitan convivir fraternalmente a los dos pa\u00edses.<\/p>\n<p style=\"text-align: justify\">Se\u00f1al\u00f3 que ante el contexto nacional y en la relaci\u00f3n diplom\u00e1tica bilateral, es necesario trabajar en unidad para continuar como un pa\u00eds atractivo para nuevas inversiones, as\u00ed como cuidar las fuentes de empleo y la econom\u00eda de los estados mexicanos.<\/p>\n<p style=\"text-align: justify\">Carreras L\u00f3pez reiter\u00f3 el respaldo del Gobierno de San Luis Potos\u00ed en torno al momento tan importante que viven ambas naciones, para que las decisiones que se tomen est\u00e9n siempre guiadas por el entendimiento y convivencia pac\u00edfica, a fin de evitar que se impongan aranceles progresivos a las importaciones mexicanas, que afecten la calidad de vida de la poblaci\u00f3n.<\/p>\n<p style=\"text-align: justify\">En su mensaje, Andr\u00e9s Manuel L\u00f3pez Obrador destac\u00f3 que la historia de los dos pa\u00edses est\u00e1 \u00edntimamente ligada al crecimiento mutuo de los sectores industrial, social, comercial y pol\u00edtico, aspectos que se vieron consolidados con la firma del Tratado de Libre Comercio de Am\u00e9rica del Norte, en el que M\u00e9xico, Estados Unidos y Canad\u00e1, conforman uno de los bloques econ\u00f3micos m\u00e1s fuertes del mundo.<\/p>\n<p style=\"text-align: justify\">Consider\u00f3 que la decisi\u00f3n tomada por Estados Unidos, de imponer aranceles a productos importados desde nuestro pa\u00eds, tendr\u00eda un impacto negativo en las inversiones, fuentes de empleo y econom\u00eda de ambas naciones.<\/p>\n<p style=\"text-align: justify\">L\u00f3pez Obrador indic\u00f3 que, migrar no es una situaci\u00f3n opcional de las personas, sino que se debe a condiciones de inseguridad, pobreza o falta de empleo en pa\u00edses centroamericanos y regiones marginadas de M\u00e9xico, y lo m\u00e1s apegado al respeto a los Derechos Humanos es combatir esa falta de oportunidades, sin embargo, para ello es indispensable la participaci\u00f3n de otros pa\u00edses desarrollados.<\/p>\n<p style=\"text-align: justify\">\u201cAprovechamos para decirle al pueblo estadounidense que no abrigamos, ni abrigaremos intenci\u00f3n alguna de perjudicarlo y estamos resueltos a colaborar con \u00e9l, en todos los \u00e1mbitos, especialmente ante la preocupaci\u00f3n que suscita el flujo migratorio hacia su pa\u00eds\u201d, expres\u00f3.<\/p>\n<p style=\"text-align: justify\">Durante el acto p\u00fablico, el Secretario de Relaciones Exteriores, Marcelo Ebrard Casaubon, explic\u00f3 que la negociaci\u00f3n entre ambos pa\u00edses lleg\u00f3 a buenos t\u00e9rminos, por lo que la estabilidad social se encuentra garantizada y la reestructuraci\u00f3n del Nuevo Tratado de Libre Comercio puede llevarse a cabo en los t\u00e9rminos que ha avanzado hasta el momento.<\/p>\n<p style=\"text-align: justify\">Coment\u00f3 que entre los acuerdos consensados se registrar\u00e1 a las personas en situaci\u00f3n de migraci\u00f3n, para poder proteger el respeto a sus derechos humanos en su tr\u00e1nsito por el territorio nacional, adem\u00e1s del env\u00edo de la Guardia Nacional a la frontera sur, y adelant\u00f3 que M\u00e9xico recibir\u00e1 a 8 mil personas procedentes de Estados Unidos, mientras se define su situaci\u00f3n migratoria.<\/p>\n<p style=\"text-align: justify\">Estuvieron presentes los gobernadores de Chiapas, Rutilio Escand\u00f3n Cadenas; Coahuila, Miguel \u00c1ngel Riquelme Sol\u00eds; la Jefa de Gobierno de la Ciudad de M\u00e9xico, Claudia Sheinbaum; de Durango, Jos\u00e9 Rosas Aispuro; de Quer\u00e9taro, Francisco Dom\u00ednguez Servi\u00e9n; de Nuevo Le\u00f3n, Jaime Rodr\u00edguez Calder\u00f3n; de Sinaloa, Quirino Ordaz Coppel; de Sonora, Claudia Artemiza Pavlovich Arellano; del Estado De M\u00e9xico, Alfredo del Mazo Maza; de Jalisco, Enrique Alfaro Ram\u00edrez; de Zacatecas, Alejandro Tello Cristerna; de Hidalgo, Omar Fayad Meneses; entre otros.<\/p>\n<p style=\"text-align: justify\">Adem\u00e1s del Secretario de Marina, Jos\u00e9 Rafael Ojeda Dur\u00e1n; el Secretario de la Defensa Nacional, Luis Cresencio Sandoval; la Secretaria de Gobernaci\u00f3n, Olga S\u00e1nchez Cordero; la Secretaria de Econom\u00eda, Graciela M\u00e1rquez Col\u00edn; el presidente de la C\u00e1mara de Diputados, Porfirio Mu\u00f1oz Ledo; el presidente del Consejo Coordinador Empresarial, Carlos Salazar Lomel\u00edn; el presidente municipal de Tijuana,\u00a0 Juan Manuel Castellum; el sacerdote cat\u00f3lico, Alejandro Solalinde; la representante de las comunidades ind\u00edgenas, Amalia Tello Torralba;, entre otros l\u00edderes de opini\u00f3n, dirigentes de c\u00e1maras empresariales, representantes de diferentes sectores de la sociedad y miembros del gabinete federal.<\/p>\n","protected":false},"excerpt":{"rendered":"<p>Tijuana, BC.- El Gobernador del Estado de San Luis Potos\u00ed, Juan Manuel Carreras L\u00f3pez, en compa\u00f1\u00eda de otros mandatarios del pa\u00eds, respald\u00f3 el posicionamiento del Presidente de M\u00e9xico, Andr\u00e9s Manuel L\u00f3pez Obrador, para mantener siempre un di\u00e1logo abierto con Estados Unidos, y buscar los consensos y acuerdos que permitan convivir fraternalmente a los dos pa\u00edses. [&hellip;]<\/p>\n","protected":false},"author":2,"featured_media":9693,"comment_status":"open","ping_status":"closed","sticky":false,"template":"","format":"standard","meta":{"footnotes":""},"categories":[17],"tags":[],"class_list":["post-9692","post","type-post","status-publish","format-standard","has-post-thumbnail","hentry","category-localesyregionales"],"yoast_head":"<!-- This site is optimized with the Yoast SEO plugin v27.4 - https:\/\/yoast.com\/product\/yoast-seo-wordpress\/ -->\n<title>JM Carreras respalda posicionamiento de AMLO en Tijuana - Canal 7 SLP - 2019<\/title>\n<meta name=\"robots\" content=\"index, follow, max-snippet:-1, max-image-preview:large, max-video-preview:-1\" \/>\n<link rel=\"canonical\" href=\"https:\/\/canal7slp.tv\/2019\/jm-carreras-respalda-posicionamiento-de-amlo-en-tijuana\/\" \/>\n<meta property=\"og:locale\" content=\"es_ES\" \/>\n<meta property=\"og:type\" content=\"article\" \/>\n<meta property=\"og:title\" content=\"JM Carreras respalda posicionamiento de AMLO en Tijuana - Canal 7 SLP - 2019\" \/>\n<meta property=\"og:description\" content=\"Tijuana, BC.- El Gobernador del Estado de San Luis Potos\u00ed, Juan Manuel Carreras L\u00f3pez, en compa\u00f1\u00eda de otros mandatarios del pa\u00eds, respald\u00f3 el posicionamiento del Presidente de M\u00e9xico, Andr\u00e9s Manuel L\u00f3pez Obrador, para mantener siempre un di\u00e1logo abierto con Estados Unidos, y buscar los consensos y acuerdos que permitan convivir fraternalmente a los dos pa\u00edses. [&hellip;]\" \/>\n<meta property=\"og:url\" content=\"https:\/\/canal7slp.tv\/2019\/jm-carreras-respalda-posicionamiento-de-amlo-en-tijuana\/\" \/>\n<meta property=\"og:site_name\" content=\"Canal 7 SLP - 2019\" \/>\n<meta property=\"article:publisher\" content=\"https:\/\/www.facebook.com\/CANAL7SLP\/\" \/>\n<meta property=\"article:published_time\" content=\"2019-06-09T13:42:28+00:00\" \/>\n<meta property=\"og:image\" content=\"https:\/\/canal7slp.tv\/2019\/wp-content\/uploads\/2019\/06\/gob5.jpg\" \/>\n\t<meta property=\"og:image:width\" content=\"800\" \/>\n\t<meta property=\"og:image:height\" content=\"533\" \/>\n\t<meta property=\"og:image:type\" content=\"image\/jpeg\" \/>\n<meta name=\"author\" content=\"edicionweb\" \/>\n<meta name=\"twitter:card\" content=\"summary_large_image\" \/>\n<meta name=\"twitter:creator\" content=\"@canal7_slp\" \/>\n<meta name=\"twitter:site\" content=\"@canal7_slp\" \/>\n<meta name=\"twitter:label1\" content=\"Escrito por\" \/>\n\t<meta name=\"twitter:data1\" content=\"edicionweb\" \/>\n\t<meta name=\"twitter:label2\" content=\"Tiempo de lectura\" \/>\n\t<meta name=\"twitter:data2\" content=\"4 minutos\" \/>\n<script type=\"application\/ld+json\" class=\"yoast-schema-graph\">{\"@context\":\"https:\\\/\\\/schema.org\",\"@graph\":[{\"@type\":\"Article\",\"@id\":\"https:\\\/\\\/canal7slp.tv\\\/2019\\\/jm-carreras-respalda-posicionamiento-de-amlo-en-tijuana\\\/#article\",\"isPartOf\":{\"@id\":\"https:\\\/\\\/canal7slp.tv\\\/2019\\\/jm-carreras-respalda-posicionamiento-de-amlo-en-tijuana\\\/\"},\"author\":{\"name\":\"edicionweb\",\"@id\":\"https:\\\/\\\/canal7slp.tv\\\/2019\\\/#\\\/schema\\\/person\\\/11d941c1c6ca30ac0a46b95fa37aa2e3\"},\"headline\":\"JM Carreras respalda posicionamiento de AMLO en Tijuana\",\"datePublished\":\"2019-06-09T13:42:28+00:00\",\"mainEntityOfPage\":{\"@id\":\"https:\\\/\\\/canal7slp.tv\\\/2019\\\/jm-carreras-respalda-posicionamiento-de-amlo-en-tijuana\\\/\"},\"wordCount\":723,\"commentCount\":0,\"publisher\":{\"@id\":\"https:\\\/\\\/canal7slp.tv\\\/2019\\\/#organization\"},\"image\":{\"@id\":\"https:\\\/\\\/canal7slp.tv\\\/2019\\\/jm-carreras-respalda-posicionamiento-de-amlo-en-tijuana\\\/#primaryimage\"},\"thumbnailUrl\":\"https:\\\/\\\/canal7slp.tv\\\/2019\\\/wp-content\\\/uploads\\\/2019\\\/06\\\/gob5.jpg\",\"articleSection\":[\"LOCALES Y REGIONALES\"],\"inLanguage\":\"es\",\"potentialAction\":[{\"@type\":\"CommentAction\",\"name\":\"Comment\",\"target\":[\"https:\\\/\\\/canal7slp.tv\\\/2019\\\/jm-carreras-respalda-posicionamiento-de-amlo-en-tijuana\\\/#respond\"]}]},{\"@type\":\"WebPage\",\"@id\":\"https:\\\/\\\/canal7slp.tv\\\/2019\\\/jm-carreras-respalda-posicionamiento-de-amlo-en-tijuana\\\/\",\"url\":\"https:\\\/\\\/canal7slp.tv\\\/2019\\\/jm-carreras-respalda-posicionamiento-de-amlo-en-tijuana\\\/\",\"name\":\"JM Carreras respalda posicionamiento de AMLO en Tijuana - Canal 7 SLP - 2019\",\"isPartOf\":{\"@id\":\"https:\\\/\\\/canal7slp.tv\\\/2019\\\/#website\"},\"primaryImageOfPage\":{\"@id\":\"https:\\\/\\\/canal7slp.tv\\\/2019\\\/jm-carreras-respalda-posicionamiento-de-amlo-en-tijuana\\\/#primaryimage\"},\"image\":{\"@id\":\"https:\\\/\\\/canal7slp.tv\\\/2019\\\/jm-carreras-respalda-posicionamiento-de-amlo-en-tijuana\\\/#primaryimage\"},\"thumbnailUrl\":\"https:\\\/\\\/canal7slp.tv\\\/2019\\\/wp-content\\\/uploads\\\/2019\\\/06\\\/gob5.jpg\",\"datePublished\":\"2019-06-09T13:42:28+00:00\",\"breadcrumb\":{\"@id\":\"https:\\\/\\\/canal7slp.tv\\\/2019\\\/jm-carreras-respalda-posicionamiento-de-amlo-en-tijuana\\\/#breadcrumb\"},\"inLanguage\":\"es\",\"potentialAction\":[{\"@type\":\"ReadAction\",\"target\":[\"https:\\\/\\\/canal7slp.tv\\\/2019\\\/jm-carreras-respalda-posicionamiento-de-amlo-en-tijuana\\\/\"]}]},{\"@type\":\"ImageObject\",\"inLanguage\":\"es\",\"@id\":\"https:\\\/\\\/canal7slp.tv\\\/2019\\\/jm-carreras-respalda-posicionamiento-de-amlo-en-tijuana\\\/#primaryimage\",\"url\":\"https:\\\/\\\/canal7slp.tv\\\/2019\\\/wp-content\\\/uploads\\\/2019\\\/06\\\/gob5.jpg\",\"contentUrl\":\"https:\\\/\\\/canal7slp.tv\\\/2019\\\/wp-content\\\/uploads\\\/2019\\\/06\\\/gob5.jpg\",\"width\":800,\"height\":533},{\"@type\":\"BreadcrumbList\",\"@id\":\"https:\\\/\\\/canal7slp.tv\\\/2019\\\/jm-carreras-respalda-posicionamiento-de-amlo-en-tijuana\\\/#breadcrumb\",\"itemListElement\":[{\"@type\":\"ListItem\",\"position\":1,\"name\":\"Home\",\"item\":\"https:\\\/\\\/canal7slp.tv\\\/2019\\\/\"},{\"@type\":\"ListItem\",\"position\":2,\"name\":\"JM Carreras respalda posicionamiento de AMLO en Tijuana\"}]},{\"@type\":\"WebSite\",\"@id\":\"https:\\\/\\\/canal7slp.tv\\\/2019\\\/#website\",\"url\":\"https:\\\/\\\/canal7slp.tv\\\/2019\\\/\",\"name\":\"Canal 7 SLP - Somos TV\",\"description\":\"Somos un Canal de 10\",\"publisher\":{\"@id\":\"https:\\\/\\\/canal7slp.tv\\\/2019\\\/#organization\"},\"potentialAction\":[{\"@type\":\"SearchAction\",\"target\":{\"@type\":\"EntryPoint\",\"urlTemplate\":\"https:\\\/\\\/canal7slp.tv\\\/2019\\\/?s={search_term_string}\"},\"query-input\":{\"@type\":\"PropertyValueSpecification\",\"valueRequired\":true,\"valueName\":\"search_term_string\"}}],\"inLanguage\":\"es\"},{\"@type\":\"Organization\",\"@id\":\"https:\\\/\\\/canal7slp.tv\\\/2019\\\/#organization\",\"name\":\"Comunicaci\u00f3n 2000 S.A. de C.V.\",\"url\":\"https:\\\/\\\/canal7slp.tv\\\/2019\\\/\",\"logo\":{\"@type\":\"ImageObject\",\"inLanguage\":\"es\",\"@id\":\"https:\\\/\\\/canal7slp.tv\\\/2019\\\/#\\\/schema\\\/logo\\\/image\\\/\",\"url\":\"https:\\\/\\\/canal7slp.tv\\\/2019\\\/wp-content\\\/uploads\\\/2019\\\/07\\\/logo-c7.png\",\"contentUrl\":\"https:\\\/\\\/canal7slp.tv\\\/2019\\\/wp-content\\\/uploads\\\/2019\\\/07\\\/logo-c7.png\",\"width\":220,\"height\":60,\"caption\":\"Comunicaci\u00f3n 2000 S.A. de C.V.\"},\"image\":{\"@id\":\"https:\\\/\\\/canal7slp.tv\\\/2019\\\/#\\\/schema\\\/logo\\\/image\\\/\"},\"sameAs\":[\"https:\\\/\\\/www.facebook.com\\\/CANAL7SLP\\\/\",\"https:\\\/\\\/x.com\\\/canal7_slp\",\"https:\\\/\\\/www.instagram.com\\\/canal7_slp\",\"https:\\\/\\\/www.youtube.com\\\/user\\\/NOTICIEROSCANAL7SLP\\\/\"]},{\"@type\":\"Person\",\"@id\":\"https:\\\/\\\/canal7slp.tv\\\/2019\\\/#\\\/schema\\\/person\\\/11d941c1c6ca30ac0a46b95fa37aa2e3\",\"name\":\"edicionweb\",\"image\":{\"@type\":\"ImageObject\",\"inLanguage\":\"es\",\"@id\":\"https:\\\/\\\/secure.gravatar.com\\\/avatar\\\/eee448fc3f7164808013b816ba91ac7e43bbe82a70bebac296f8bc6f0addaa1a?s=96&d=mm&r=g\",\"url\":\"https:\\\/\\\/secure.gravatar.com\\\/avatar\\\/eee448fc3f7164808013b816ba91ac7e43bbe82a70bebac296f8bc6f0addaa1a?s=96&d=mm&r=g\",\"contentUrl\":\"https:\\\/\\\/secure.gravatar.com\\\/avatar\\\/eee448fc3f7164808013b816ba91ac7e43bbe82a70bebac296f8bc6f0addaa1a?s=96&d=mm&r=g\",\"caption\":\"edicionweb\"}}]}<\/script>\n<!-- \/ Yoast SEO plugin. -->","yoast_head_json":{"title":"JM Carreras respalda posicionamiento de AMLO en Tijuana - Canal 7 SLP - 2019","robots":{"index":"index","follow":"follow","max-snippet":"max-snippet:-1","max-image-preview":"max-image-preview:large","max-video-preview":"max-video-preview:-1"},"canonical":"https:\/\/canal7slp.tv\/2019\/jm-carreras-respalda-posicionamiento-de-amlo-en-tijuana\/","og_locale":"es_ES","og_type":"article","og_title":"JM Carreras respalda posicionamiento de AMLO en Tijuana - Canal 7 SLP - 2019","og_description":"Tijuana, BC.- El Gobernador del Estado de San Luis Potos\u00ed, Juan Manuel Carreras L\u00f3pez, en compa\u00f1\u00eda de otros mandatarios del pa\u00eds, respald\u00f3 el posicionamiento del Presidente de M\u00e9xico, Andr\u00e9s Manuel L\u00f3pez Obrador, para mantener siempre un di\u00e1logo abierto con Estados Unidos, y buscar los consensos y acuerdos que permitan convivir fraternalmente a los dos pa\u00edses. [&hellip;]","og_url":"https:\/\/canal7slp.tv\/2019\/jm-carreras-respalda-posicionamiento-de-amlo-en-tijuana\/","og_site_name":"Canal 7 SLP - 2019","article_publisher":"https:\/\/www.facebook.com\/CANAL7SLP\/","article_published_time":"2019-06-09T13:42:28+00:00","og_image":[{"width":800,"height":533,"url":"https:\/\/canal7slp.tv\/2019\/wp-content\/uploads\/2019\/06\/gob5.jpg","type":"image\/jpeg"}],"author":"edicionweb","twitter_card":"summary_large_image","twitter_creator":"@canal7_slp","twitter_site":"@canal7_slp","twitter_misc":{"Escrito por":"edicionweb","Tiempo de lectura":"4 minutos"},"schema":{"@context":"https:\/\/schema.org","@graph":[{"@type":"Article","@id":"https:\/\/canal7slp.tv\/2019\/jm-carreras-respalda-posicionamiento-de-amlo-en-tijuana\/#article","isPartOf":{"@id":"https:\/\/canal7slp.tv\/2019\/jm-carreras-respalda-posicionamiento-de-amlo-en-tijuana\/"},"author":{"name":"edicionweb","@id":"https:\/\/canal7slp.tv\/2019\/#\/schema\/person\/11d941c1c6ca30ac0a46b95fa37aa2e3"},"headline":"JM Carreras respalda posicionamiento de AMLO en Tijuana","datePublished":"2019-06-09T13:42:28+00:00","mainEntityOfPage":{"@id":"https:\/\/canal7slp.tv\/2019\/jm-carreras-respalda-posicionamiento-de-amlo-en-tijuana\/"},"wordCount":723,"commentCount":0,"publisher":{"@id":"https:\/\/canal7slp.tv\/2019\/#organization"},"image":{"@id":"https:\/\/canal7slp.tv\/2019\/jm-carreras-respalda-posicionamiento-de-amlo-en-tijuana\/#primaryimage"},"thumbnailUrl":"https:\/\/canal7slp.tv\/2019\/wp-content\/uploads\/2019\/06\/gob5.jpg","articleSection":["LOCALES Y REGIONALES"],"inLanguage":"es","potentialAction":[{"@type":"CommentAction","name":"Comment","target":["https:\/\/canal7slp.tv\/2019\/jm-carreras-respalda-posicionamiento-de-amlo-en-tijuana\/#respond"]}]},{"@type":"WebPage","@id":"https:\/\/canal7slp.tv\/2019\/jm-carreras-respalda-posicionamiento-de-amlo-en-tijuana\/","url":"https:\/\/canal7slp.tv\/2019\/jm-carreras-respalda-posicionamiento-de-amlo-en-tijuana\/","name":"JM Carreras respalda posicionamiento de AMLO en Tijuana - Canal 7 SLP - 2019","isPartOf":{"@id":"https:\/\/canal7slp.tv\/2019\/#website"},"primaryImageOfPage":{"@id":"https:\/\/canal7slp.tv\/2019\/jm-carreras-respalda-posicionamiento-de-amlo-en-tijuana\/#primaryimage"},"image":{"@id":"https:\/\/canal7slp.tv\/2019\/jm-carreras-respalda-posicionamiento-de-amlo-en-tijuana\/#primaryimage"},"thumbnailUrl":"https:\/\/canal7slp.tv\/2019\/wp-content\/uploads\/2019\/06\/gob5.jpg","datePublished":"2019-06-09T13:42:28+00:00","breadcrumb":{"@id":"https:\/\/canal7slp.tv\/2019\/jm-carreras-respalda-posicionamiento-de-amlo-en-tijuana\/#breadcrumb"},"inLanguage":"es","potentialAction":[{"@type":"ReadAction","target":["https:\/\/canal7slp.tv\/2019\/jm-carreras-respalda-posicionamiento-de-amlo-en-tijuana\/"]}]},{"@type":"ImageObject","inLanguage":"es","@id":"https:\/\/canal7slp.tv\/2019\/jm-carreras-respalda-posicionamiento-de-amlo-en-tijuana\/#primaryimage","url":"https:\/\/canal7slp.tv\/2019\/wp-content\/uploads\/2019\/06\/gob5.jpg","contentUrl":"https:\/\/canal7slp.tv\/2019\/wp-content\/uploads\/2019\/06\/gob5.jpg","width":800,"height":533},{"@type":"BreadcrumbList","@id":"https:\/\/canal7slp.tv\/2019\/jm-carreras-respalda-posicionamiento-de-amlo-en-tijuana\/#breadcrumb","itemListElement":[{"@type":"ListItem","position":1,"name":"Home","item":"https:\/\/canal7slp.tv\/2019\/"},{"@type":"ListItem","position":2,"name":"JM Carreras respalda posicionamiento de AMLO en Tijuana"}]},{"@type":"WebSite","@id":"https:\/\/canal7slp.tv\/2019\/#website","url":"https:\/\/canal7slp.tv\/2019\/","name":"Canal 7 SLP - Somos TV","description":"Somos un Canal de 10","publisher":{"@id":"https:\/\/canal7slp.tv\/2019\/#organization"},"potentialAction":[{"@type":"SearchAction","target":{"@type":"EntryPoint","urlTemplate":"https:\/\/canal7slp.tv\/2019\/?s={search_term_string}"},"query-input":{"@type":"PropertyValueSpecification","valueRequired":true,"valueName":"search_term_string"}}],"inLanguage":"es"},{"@type":"Organization","@id":"https:\/\/canal7slp.tv\/2019\/#organization","name":"Comunicaci\u00f3n 2000 S.A. de C.V.","url":"https:\/\/canal7slp.tv\/2019\/","logo":{"@type":"ImageObject","inLanguage":"es","@id":"https:\/\/canal7slp.tv\/2019\/#\/schema\/logo\/image\/","url":"https:\/\/canal7slp.tv\/2019\/wp-content\/uploads\/2019\/07\/logo-c7.png","contentUrl":"https:\/\/canal7slp.tv\/2019\/wp-content\/uploads\/2019\/07\/logo-c7.png","width":220,"height":60,"caption":"Comunicaci\u00f3n 2000 S.A. de C.V."},"image":{"@id":"https:\/\/canal7slp.tv\/2019\/#\/schema\/logo\/image\/"},"sameAs":["https:\/\/www.facebook.com\/CANAL7SLP\/","https:\/\/x.com\/canal7_slp","https:\/\/www.instagram.com\/canal7_slp","https:\/\/www.youtube.com\/user\/NOTICIEROSCANAL7SLP\/"]},{"@type":"Person","@id":"https:\/\/canal7slp.tv\/2019\/#\/schema\/person\/11d941c1c6ca30ac0a46b95fa37aa2e3","name":"edicionweb","image":{"@type":"ImageObject","inLanguage":"es","@id":"https:\/\/secure.gravatar.com\/avatar\/eee448fc3f7164808013b816ba91ac7e43bbe82a70bebac296f8bc6f0addaa1a?s=96&d=mm&r=g","url":"https:\/\/secure.gravatar.com\/avatar\/eee448fc3f7164808013b816ba91ac7e43bbe82a70bebac296f8bc6f0addaa1a?s=96&d=mm&r=g","contentUrl":"https:\/\/secure.gravatar.com\/avatar\/eee448fc3f7164808013b816ba91ac7e43bbe82a70bebac296f8bc6f0addaa1a?s=96&d=mm&r=g","caption":"edicionweb"}}]}},"amp_enabled":true,"cmb2":{"video_ids_in_playlist":{"vid_p_videos":""},"video_ids_in_channel":{"vid_c_videos":""},"playlist_ids_in_channel":{"vid_c_playlists":""},"series_ids_in_channel":{"vid_c_series":""},"channel_images":{"vid_c_logo":"","vid_c_banner":""},"poster_feature_image":{"vid_m_poster_image":""},"gif_feature_image":{"vid_m_gif_image":""},"video_movie_settings":{"vid_m_director":"","vid_m_actor":"","vid_m_imdb_ratings":"","vid_m_amazon_associates":""},"vid_youtube_broadcasts_settings":{"vid_yb_broadcast_title":"","vid_yb_q":"","vid_yb_channelid":"","vid_yb_videocategoryid":"","vid_yb_maxresults":"","vid_yb_order":"","vid_yb_regioncode":"","vid_yb_videosyndicated":"","vid_yb_style":"","vid_yb_reload_first":""},"video_series_settings":{"vid_m_director":"","vid_m_actor":"","vid_m_imdb_ratings":"","video_series_group":""},"amazon_associates_settings":{"amazon_associates":"","amazon_native_ad":""},"vid_youtube_automatic_settings":{"vid_ya_youtube_source":"","vid_ya_update_every":"","vid_ya_update_unit":"","vid_ya_categories":"","vid_ya_published_after":"","vid_ya_published_before":"","vid_ya_playlists":"","vid_ya_channels":"","vid_ya_director":"","vid_ya_actor":"","vid_ya_author":"","vid_ya_import_post_date":"","vid_ya_status":"","vid_ya_sub_api_key":""},"vid_ads_m_videoads_settings_post":{"vid_ads_m_video_ads":"","vid_ads_m_video_ads_type":"","vid_ads_m_group_google_ima":"","vid_ads_m_group_image":"","vid_ads_m_group_html5_video":"","vid_ads_m_group_html":"","vid_ads_m_vast_preroll":"","vid_ads_m_vast_postroll":"","vid_ads_m_vast_pauseroll":"","vid_ads_m_vast_midroll":[{"vid_ads_m_vast_timer_seconds":"50"}],"vid_ads_m_time_to_show_ads":"","vid_ads_m_time_skip_ads":"","vid_ads_m_time_to_hide_ads":""},"page_slider_settings":{"display_slider_group":"","page_slider_group":""},"blog_page_settings":{"blog_page_title":"","blog_page_heading":"","blog_page_ic":"","blog_page_it":"","blog_page_ec":"","blog_page_ip":"","archive_loop_style":"","blog_image_ratio":"","blog_show_categories":"","blog_show_excerpt":"","blog_show_author":"","blog_show_date":"","blog_show_comment_count":"","blog_show_view_count":"","blog_show_like_count":"","blog_show_dislike_count":"","blog_items_per_page":"","blog_pag_type":""},"page_options":{"get_page_template":"","color_mode":"","main_layout":"","main_layout_full_with":"","main_logo":"","main_logo_retina":"","main_logo_mobile":"","main_logo_mobile_retina":"","sticky_logo":"","sticky_logo_retina":"","main_nav_layout":"","ajax_search":"","header_background":"","theme_sidebar":"","instagram_feed":"","instagram_feed_position":"","popular_videos":"","popular_videos_title_1":"","popular_videos_title_2":"","popular_videos_ic":"","popular_videos_it":"","theme_background":"","page_custom_css":""},"feature_image_settings":{"feature_image_position":""},"video_player_settings":{"single_video_style":"","video_player_position":"","vm_video_url":"","video_player_library":"","video_streaming":"","vm_media_sources":"","vid_auto_play":"","vm_video_shortcode":"","vid_p_sync_playlist":"","vid_c_sync_channel":"","get_post_format":"","multiple_links_structure":"default","multi_links_title":"","vm_video_multi_links":"","vm_duration":"","vid_social_locker":"off","vid_social_locker_id":"","vid_membership_action":"content-video","vm_video_trailer_url":"","vid_download_type":"free","vid_download_target":"download","vid_woo_product":"","vm_media_download":"","user_rating":"","user_rating_position":"","user_rating_mode":"","user_rating_multi_sets":""},"video_auto_fetch_settings":{"vm_video_fetch":"on"},"video_fake_views_likes":{"vm_fake_views":"","vm_fake_likes":"","vm_fake_dislikes":""},"gallery_settings":{"gallery_position":""},"quote_settings":{"quote_position":""},"post_options":{"main_layout":"","main_logo":"","main_logo_retina":"","main_logo_mobile":"","main_logo_mobile_retina":"","sticky_logo":"","sticky_logo_retina":"","main_nav_layout":"","header_background":"","theme_sidebar":"","single_post_comment_type":"","theme_background":""}},"_links":{"self":[{"href":"https:\/\/canal7slp.tv\/2019\/wp-json\/wp\/v2\/posts\/9692","targetHints":{"allow":["GET"]}}],"collection":[{"href":"https:\/\/canal7slp.tv\/2019\/wp-json\/wp\/v2\/posts"}],"about":[{"href":"https:\/\/canal7slp.tv\/2019\/wp-json\/wp\/v2\/types\/post"}],"author":[{"embeddable":true,"href":"https:\/\/canal7slp.tv\/2019\/wp-json\/wp\/v2\/users\/2"}],"replies":[{"embeddable":true,"href":"https:\/\/canal7slp.tv\/2019\/wp-json\/wp\/v2\/comments?post=9692"}],"version-history":[{"count":0,"href":"https:\/\/canal7slp.tv\/2019\/wp-json\/wp\/v2\/posts\/9692\/revisions"}],"wp:featuredmedia":[{"embeddable":true,"href":"https:\/\/canal7slp.tv\/2019\/wp-json\/wp\/v2\/media\/9693"}],"wp:attachment":[{"href":"https:\/\/canal7slp.tv\/2019\/wp-json\/wp\/v2\/media?parent=9692"}],"wp:term":[{"taxonomy":"category","embeddable":true,"href":"https:\/\/canal7slp.tv\/2019\/wp-json\/wp\/v2\/categories?post=9692"},{"taxonomy":"post_tag","embeddable":true,"href":"https:\/\/canal7slp.tv\/2019\/wp-json\/wp\/v2\/tags?post=9692"}],"curies":[{"name":"wp","href":"https:\/\/api.w.org\/{rel}","templated":true}]}}