{"id":9670,"date":"2019-06-09T08:40:16","date_gmt":"2019-06-09T13:40:16","guid":{"rendered":"https:\/\/canal7slp.tv\/2019\/?p=9670"},"modified":"2019-06-09T08:40:16","modified_gmt":"2019-06-09T13:40:16","slug":"privilegiaran-derechos-humanos-en-el-segundo-seminario-para-barandillas-municipales-cefim","status":"publish","type":"post","link":"https:\/\/canal7slp.tv\/2019\/privilegiaran-derechos-humanos-en-el-segundo-seminario-para-barandillas-municipales-cefim\/","title":{"rendered":"Privilegiar\u00e1n derechos humanos en el segundo seminario para barandillas municipales: CEFIM"},"content":{"rendered":"<p style=\"text-align: justify\">SLP.- Todos los viernes de junio se llevar\u00e1 cabo el Seminario \u201cEstancia Digna\u2013Barandillas Municipales\u201d, en las instalaciones de la Universidad Aut\u00f3noma de San Luis Potos\u00ed, Campus Ciudad Valles, el curso\u2013taller busca profesionalizar en temas de derechos humanos y administraci\u00f3n p\u00fablica al personal que integra los veinte Centros de Detenci\u00f3n Municipal de la Zona Huasteca. Dicho seminario lo impulsa la Coordinaci\u00f3n Estatal para el Fortalecimiento Institucional de los Municipios (CEFIM), en vinculaci\u00f3n con la Comisi\u00f3n Estatal de Derechos Humanos (CEDH).<\/p>\n<p style=\"text-align: justify\">El Titular de la CEFIM, Luis Gerardo Aldaco Ortega, inform\u00f3 \u201ceste seminario que hoy inauguramos es la continuaci\u00f3n de un trabajo que se ha realizado en primera instancia con 25 municipios de la zona centro, altiplano y media, y hoy con la inauguraci\u00f3n de este segundo seminario cerramos un ciclo con 20 municipios de la huasteca; nuestro objetivo es fortalecer una de las \u00e1reas donde se registran estad\u00edsticas nada favorables, de acuerdo al \u00faltimo reporte de la CEDH s\u00f3lo 5 de las 58 barandillas municipales cumplen con la normatividad para operar\u201d.<\/p>\n<p style=\"text-align: justify\">Por lo tanto, \u201ccreemos necesario apostar por el desarrollo y sensibilizaci\u00f3n de \u00e1reas esenciales en los gobiernos municipales, tal es el caso de las barandillas municipales, con ello, impulsamos un mayor compromiso social en temas que deben ser respetados y asumidos\u201d, se\u00f1al\u00f3 el funcionario estatal.<\/p>\n<p style=\"text-align: justify\">Recalc\u00f3 que este esfuerzo de coordinaci\u00f3n interinstitucional da como resultado un trabajo in\u00e9dito, \u201cen el Gobierno del Estado velamos por los derechos de la ciudadan\u00eda y refrendamos este compromiso al organizar un segundo seminario que dota a los participantes de una formaci\u00f3n en derechos humanos tanto en aspectos te\u00f3ricos y pr\u00e1cticos, para erradicar de las barandillas municipales cualquier tipo de discriminaci\u00f3n\u201d.<\/p>\n<p style=\"text-align: justify\">El seminario se estar\u00e1 realizando pr\u00f3ximamente los d\u00edas 14, 21 y 28 de junio en el aula G de la Universidad Aut\u00f3noma de San Luis Potos\u00ed, campus Ciudad Valles. En el evento estuvieron presentes, el Director de Educaci\u00f3n y Capacitaci\u00f3n de la CEDH, Sergio Alfredo Montoya Sierra, el Regidor de Ciudad Valles, Manuel Valdez Pe\u00f1a y el Coordinador Estatal de CEFIM, Luis Gerardo Aldaco Ortega.<\/p>\n<p style=\"text-align: justify\">\n","protected":false},"excerpt":{"rendered":"<p>SLP.- Todos los viernes de junio se llevar\u00e1 cabo el Seminario \u201cEstancia Digna\u2013Barandillas Municipales\u201d, en las instalaciones de la Universidad Aut\u00f3noma de San Luis Potos\u00ed, Campus Ciudad Valles, el curso\u2013taller busca profesionalizar en temas de derechos humanos y administraci\u00f3n p\u00fablica al personal que integra los veinte Centros de Detenci\u00f3n Municipal de la Zona Huasteca. Dicho [&hellip;]<\/p>\n","protected":false},"author":2,"featured_media":9690,"comment_status":"open","ping_status":"closed","sticky":false,"template":"","format":"standard","meta":{"footnotes":""},"categories":[17],"tags":[136,111],"class_list":["post-9670","post","type-post","status-publish","format-standard","has-post-thumbnail","hentry","category-localesyregionales","tag-cefim","tag-gobierno-slp"],"yoast_head":"<!-- This site is optimized with the Yoast SEO plugin v27.4 - https:\/\/yoast.com\/product\/yoast-seo-wordpress\/ -->\n<title>Privilegiar\u00e1n derechos humanos en el segundo seminario para barandillas municipales: CEFIM - Canal 7 SLP - 2019<\/title>\n<meta name=\"robots\" content=\"index, follow, max-snippet:-1, max-image-preview:large, max-video-preview:-1\" \/>\n<link rel=\"canonical\" href=\"https:\/\/canal7slp.tv\/2019\/privilegiaran-derechos-humanos-en-el-segundo-seminario-para-barandillas-municipales-cefim\/\" \/>\n<meta property=\"og:locale\" content=\"es_ES\" \/>\n<meta property=\"og:type\" content=\"article\" \/>\n<meta property=\"og:title\" content=\"Privilegiar\u00e1n derechos humanos en el segundo seminario para barandillas municipales: CEFIM - Canal 7 SLP - 2019\" \/>\n<meta property=\"og:description\" content=\"SLP.- Todos los viernes de junio se llevar\u00e1 cabo el Seminario \u201cEstancia Digna\u2013Barandillas Municipales\u201d, en las instalaciones de la Universidad Aut\u00f3noma de San Luis Potos\u00ed, Campus Ciudad Valles, el curso\u2013taller busca profesionalizar en temas de derechos humanos y administraci\u00f3n p\u00fablica al personal que integra los veinte Centros de Detenci\u00f3n Municipal de la Zona Huasteca. Dicho [&hellip;]\" \/>\n<meta property=\"og:url\" content=\"https:\/\/canal7slp.tv\/2019\/privilegiaran-derechos-humanos-en-el-segundo-seminario-para-barandillas-municipales-cefim\/\" \/>\n<meta property=\"og:site_name\" content=\"Canal 7 SLP - 2019\" \/>\n<meta property=\"article:publisher\" content=\"https:\/\/www.facebook.com\/CANAL7SLP\/\" \/>\n<meta property=\"article:published_time\" content=\"2019-06-09T13:40:16+00:00\" \/>\n<meta property=\"og:image\" content=\"https:\/\/canal7slp.tv\/2019\/wp-content\/uploads\/2019\/06\/gob4.jpeg\" \/>\n\t<meta property=\"og:image:width\" content=\"800\" \/>\n\t<meta property=\"og:image:height\" content=\"600\" \/>\n\t<meta property=\"og:image:type\" content=\"image\/jpeg\" \/>\n<meta name=\"author\" content=\"edicionweb\" \/>\n<meta name=\"twitter:card\" content=\"summary_large_image\" \/>\n<meta name=\"twitter:creator\" content=\"@canal7_slp\" \/>\n<meta name=\"twitter:site\" content=\"@canal7_slp\" \/>\n<meta name=\"twitter:label1\" content=\"Escrito por\" \/>\n\t<meta name=\"twitter:data1\" content=\"edicionweb\" \/>\n\t<meta name=\"twitter:label2\" content=\"Tiempo de lectura\" \/>\n\t<meta name=\"twitter:data2\" content=\"2 minutos\" \/>\n<script type=\"application\/ld+json\" class=\"yoast-schema-graph\">{\"@context\":\"https:\\\/\\\/schema.org\",\"@graph\":[{\"@type\":\"Article\",\"@id\":\"https:\\\/\\\/canal7slp.tv\\\/2019\\\/privilegiaran-derechos-humanos-en-el-segundo-seminario-para-barandillas-municipales-cefim\\\/#article\",\"isPartOf\":{\"@id\":\"https:\\\/\\\/canal7slp.tv\\\/2019\\\/privilegiaran-derechos-humanos-en-el-segundo-seminario-para-barandillas-municipales-cefim\\\/\"},\"author\":{\"name\":\"edicionweb\",\"@id\":\"https:\\\/\\\/canal7slp.tv\\\/2019\\\/#\\\/schema\\\/person\\\/11d941c1c6ca30ac0a46b95fa37aa2e3\"},\"headline\":\"Privilegiar\u00e1n derechos humanos en el segundo seminario para barandillas municipales: CEFIM\",\"datePublished\":\"2019-06-09T13:40:16+00:00\",\"mainEntityOfPage\":{\"@id\":\"https:\\\/\\\/canal7slp.tv\\\/2019\\\/privilegiaran-derechos-humanos-en-el-segundo-seminario-para-barandillas-municipales-cefim\\\/\"},\"wordCount\":375,\"commentCount\":0,\"publisher\":{\"@id\":\"https:\\\/\\\/canal7slp.tv\\\/2019\\\/#organization\"},\"image\":{\"@id\":\"https:\\\/\\\/canal7slp.tv\\\/2019\\\/privilegiaran-derechos-humanos-en-el-segundo-seminario-para-barandillas-municipales-cefim\\\/#primaryimage\"},\"thumbnailUrl\":\"https:\\\/\\\/canal7slp.tv\\\/2019\\\/wp-content\\\/uploads\\\/2019\\\/06\\\/gob4.jpeg\",\"keywords\":[\"CEFIM\",\"Gobierno SLP\"],\"articleSection\":[\"LOCALES Y REGIONALES\"],\"inLanguage\":\"es\",\"potentialAction\":[{\"@type\":\"CommentAction\",\"name\":\"Comment\",\"target\":[\"https:\\\/\\\/canal7slp.tv\\\/2019\\\/privilegiaran-derechos-humanos-en-el-segundo-seminario-para-barandillas-municipales-cefim\\\/#respond\"]}]},{\"@type\":\"WebPage\",\"@id\":\"https:\\\/\\\/canal7slp.tv\\\/2019\\\/privilegiaran-derechos-humanos-en-el-segundo-seminario-para-barandillas-municipales-cefim\\\/\",\"url\":\"https:\\\/\\\/canal7slp.tv\\\/2019\\\/privilegiaran-derechos-humanos-en-el-segundo-seminario-para-barandillas-municipales-cefim\\\/\",\"name\":\"Privilegiar\u00e1n derechos humanos en el segundo seminario para barandillas municipales: CEFIM - Canal 7 SLP - 2019\",\"isPartOf\":{\"@id\":\"https:\\\/\\\/canal7slp.tv\\\/2019\\\/#website\"},\"primaryImageOfPage\":{\"@id\":\"https:\\\/\\\/canal7slp.tv\\\/2019\\\/privilegiaran-derechos-humanos-en-el-segundo-seminario-para-barandillas-municipales-cefim\\\/#primaryimage\"},\"image\":{\"@id\":\"https:\\\/\\\/canal7slp.tv\\\/2019\\\/privilegiaran-derechos-humanos-en-el-segundo-seminario-para-barandillas-municipales-cefim\\\/#primaryimage\"},\"thumbnailUrl\":\"https:\\\/\\\/canal7slp.tv\\\/2019\\\/wp-content\\\/uploads\\\/2019\\\/06\\\/gob4.jpeg\",\"datePublished\":\"2019-06-09T13:40:16+00:00\",\"breadcrumb\":{\"@id\":\"https:\\\/\\\/canal7slp.tv\\\/2019\\\/privilegiaran-derechos-humanos-en-el-segundo-seminario-para-barandillas-municipales-cefim\\\/#breadcrumb\"},\"inLanguage\":\"es\",\"potentialAction\":[{\"@type\":\"ReadAction\",\"target\":[\"https:\\\/\\\/canal7slp.tv\\\/2019\\\/privilegiaran-derechos-humanos-en-el-segundo-seminario-para-barandillas-municipales-cefim\\\/\"]}]},{\"@type\":\"ImageObject\",\"inLanguage\":\"es\",\"@id\":\"https:\\\/\\\/canal7slp.tv\\\/2019\\\/privilegiaran-derechos-humanos-en-el-segundo-seminario-para-barandillas-municipales-cefim\\\/#primaryimage\",\"url\":\"https:\\\/\\\/canal7slp.tv\\\/2019\\\/wp-content\\\/uploads\\\/2019\\\/06\\\/gob4.jpeg\",\"contentUrl\":\"https:\\\/\\\/canal7slp.tv\\\/2019\\\/wp-content\\\/uploads\\\/2019\\\/06\\\/gob4.jpeg\",\"width\":800,\"height\":600},{\"@type\":\"BreadcrumbList\",\"@id\":\"https:\\\/\\\/canal7slp.tv\\\/2019\\\/privilegiaran-derechos-humanos-en-el-segundo-seminario-para-barandillas-municipales-cefim\\\/#breadcrumb\",\"itemListElement\":[{\"@type\":\"ListItem\",\"position\":1,\"name\":\"Home\",\"item\":\"https:\\\/\\\/canal7slp.tv\\\/2019\\\/\"},{\"@type\":\"ListItem\",\"position\":2,\"name\":\"Privilegiar\u00e1n derechos humanos en el segundo seminario para barandillas municipales: CEFIM\"}]},{\"@type\":\"WebSite\",\"@id\":\"https:\\\/\\\/canal7slp.tv\\\/2019\\\/#website\",\"url\":\"https:\\\/\\\/canal7slp.tv\\\/2019\\\/\",\"name\":\"Canal 7 SLP - Somos TV\",\"description\":\"Somos un Canal de 10\",\"publisher\":{\"@id\":\"https:\\\/\\\/canal7slp.tv\\\/2019\\\/#organization\"},\"potentialAction\":[{\"@type\":\"SearchAction\",\"target\":{\"@type\":\"EntryPoint\",\"urlTemplate\":\"https:\\\/\\\/canal7slp.tv\\\/2019\\\/?s={search_term_string}\"},\"query-input\":{\"@type\":\"PropertyValueSpecification\",\"valueRequired\":true,\"valueName\":\"search_term_string\"}}],\"inLanguage\":\"es\"},{\"@type\":\"Organization\",\"@id\":\"https:\\\/\\\/canal7slp.tv\\\/2019\\\/#organization\",\"name\":\"Comunicaci\u00f3n 2000 S.A. de C.V.\",\"url\":\"https:\\\/\\\/canal7slp.tv\\\/2019\\\/\",\"logo\":{\"@type\":\"ImageObject\",\"inLanguage\":\"es\",\"@id\":\"https:\\\/\\\/canal7slp.tv\\\/2019\\\/#\\\/schema\\\/logo\\\/image\\\/\",\"url\":\"https:\\\/\\\/canal7slp.tv\\\/2019\\\/wp-content\\\/uploads\\\/2019\\\/07\\\/logo-c7.png\",\"contentUrl\":\"https:\\\/\\\/canal7slp.tv\\\/2019\\\/wp-content\\\/uploads\\\/2019\\\/07\\\/logo-c7.png\",\"width\":220,\"height\":60,\"caption\":\"Comunicaci\u00f3n 2000 S.A. de C.V.\"},\"image\":{\"@id\":\"https:\\\/\\\/canal7slp.tv\\\/2019\\\/#\\\/schema\\\/logo\\\/image\\\/\"},\"sameAs\":[\"https:\\\/\\\/www.facebook.com\\\/CANAL7SLP\\\/\",\"https:\\\/\\\/x.com\\\/canal7_slp\",\"https:\\\/\\\/www.instagram.com\\\/canal7_slp\",\"https:\\\/\\\/www.youtube.com\\\/user\\\/NOTICIEROSCANAL7SLP\\\/\"]},{\"@type\":\"Person\",\"@id\":\"https:\\\/\\\/canal7slp.tv\\\/2019\\\/#\\\/schema\\\/person\\\/11d941c1c6ca30ac0a46b95fa37aa2e3\",\"name\":\"edicionweb\",\"image\":{\"@type\":\"ImageObject\",\"inLanguage\":\"es\",\"@id\":\"https:\\\/\\\/secure.gravatar.com\\\/avatar\\\/eee448fc3f7164808013b816ba91ac7e43bbe82a70bebac296f8bc6f0addaa1a?s=96&d=mm&r=g\",\"url\":\"https:\\\/\\\/secure.gravatar.com\\\/avatar\\\/eee448fc3f7164808013b816ba91ac7e43bbe82a70bebac296f8bc6f0addaa1a?s=96&d=mm&r=g\",\"contentUrl\":\"https:\\\/\\\/secure.gravatar.com\\\/avatar\\\/eee448fc3f7164808013b816ba91ac7e43bbe82a70bebac296f8bc6f0addaa1a?s=96&d=mm&r=g\",\"caption\":\"edicionweb\"}}]}<\/script>\n<!-- \/ Yoast SEO plugin. -->","yoast_head_json":{"title":"Privilegiar\u00e1n derechos humanos en el segundo seminario para barandillas municipales: CEFIM - Canal 7 SLP - 2019","robots":{"index":"index","follow":"follow","max-snippet":"max-snippet:-1","max-image-preview":"max-image-preview:large","max-video-preview":"max-video-preview:-1"},"canonical":"https:\/\/canal7slp.tv\/2019\/privilegiaran-derechos-humanos-en-el-segundo-seminario-para-barandillas-municipales-cefim\/","og_locale":"es_ES","og_type":"article","og_title":"Privilegiar\u00e1n derechos humanos en el segundo seminario para barandillas municipales: CEFIM - Canal 7 SLP - 2019","og_description":"SLP.- Todos los viernes de junio se llevar\u00e1 cabo el Seminario \u201cEstancia Digna\u2013Barandillas Municipales\u201d, en las instalaciones de la Universidad Aut\u00f3noma de San Luis Potos\u00ed, Campus Ciudad Valles, el curso\u2013taller busca profesionalizar en temas de derechos humanos y administraci\u00f3n p\u00fablica al personal que integra los veinte Centros de Detenci\u00f3n Municipal de la Zona Huasteca. Dicho [&hellip;]","og_url":"https:\/\/canal7slp.tv\/2019\/privilegiaran-derechos-humanos-en-el-segundo-seminario-para-barandillas-municipales-cefim\/","og_site_name":"Canal 7 SLP - 2019","article_publisher":"https:\/\/www.facebook.com\/CANAL7SLP\/","article_published_time":"2019-06-09T13:40:16+00:00","og_image":[{"width":800,"height":600,"url":"https:\/\/canal7slp.tv\/2019\/wp-content\/uploads\/2019\/06\/gob4.jpeg","type":"image\/jpeg"}],"author":"edicionweb","twitter_card":"summary_large_image","twitter_creator":"@canal7_slp","twitter_site":"@canal7_slp","twitter_misc":{"Escrito por":"edicionweb","Tiempo de lectura":"2 minutos"},"schema":{"@context":"https:\/\/schema.org","@graph":[{"@type":"Article","@id":"https:\/\/canal7slp.tv\/2019\/privilegiaran-derechos-humanos-en-el-segundo-seminario-para-barandillas-municipales-cefim\/#article","isPartOf":{"@id":"https:\/\/canal7slp.tv\/2019\/privilegiaran-derechos-humanos-en-el-segundo-seminario-para-barandillas-municipales-cefim\/"},"author":{"name":"edicionweb","@id":"https:\/\/canal7slp.tv\/2019\/#\/schema\/person\/11d941c1c6ca30ac0a46b95fa37aa2e3"},"headline":"Privilegiar\u00e1n derechos humanos en el segundo seminario para barandillas municipales: CEFIM","datePublished":"2019-06-09T13:40:16+00:00","mainEntityOfPage":{"@id":"https:\/\/canal7slp.tv\/2019\/privilegiaran-derechos-humanos-en-el-segundo-seminario-para-barandillas-municipales-cefim\/"},"wordCount":375,"commentCount":0,"publisher":{"@id":"https:\/\/canal7slp.tv\/2019\/#organization"},"image":{"@id":"https:\/\/canal7slp.tv\/2019\/privilegiaran-derechos-humanos-en-el-segundo-seminario-para-barandillas-municipales-cefim\/#primaryimage"},"thumbnailUrl":"https:\/\/canal7slp.tv\/2019\/wp-content\/uploads\/2019\/06\/gob4.jpeg","keywords":["CEFIM","Gobierno SLP"],"articleSection":["LOCALES Y REGIONALES"],"inLanguage":"es","potentialAction":[{"@type":"CommentAction","name":"Comment","target":["https:\/\/canal7slp.tv\/2019\/privilegiaran-derechos-humanos-en-el-segundo-seminario-para-barandillas-municipales-cefim\/#respond"]}]},{"@type":"WebPage","@id":"https:\/\/canal7slp.tv\/2019\/privilegiaran-derechos-humanos-en-el-segundo-seminario-para-barandillas-municipales-cefim\/","url":"https:\/\/canal7slp.tv\/2019\/privilegiaran-derechos-humanos-en-el-segundo-seminario-para-barandillas-municipales-cefim\/","name":"Privilegiar\u00e1n derechos humanos en el segundo seminario para barandillas municipales: CEFIM - Canal 7 SLP - 2019","isPartOf":{"@id":"https:\/\/canal7slp.tv\/2019\/#website"},"primaryImageOfPage":{"@id":"https:\/\/canal7slp.tv\/2019\/privilegiaran-derechos-humanos-en-el-segundo-seminario-para-barandillas-municipales-cefim\/#primaryimage"},"image":{"@id":"https:\/\/canal7slp.tv\/2019\/privilegiaran-derechos-humanos-en-el-segundo-seminario-para-barandillas-municipales-cefim\/#primaryimage"},"thumbnailUrl":"https:\/\/canal7slp.tv\/2019\/wp-content\/uploads\/2019\/06\/gob4.jpeg","datePublished":"2019-06-09T13:40:16+00:00","breadcrumb":{"@id":"https:\/\/canal7slp.tv\/2019\/privilegiaran-derechos-humanos-en-el-segundo-seminario-para-barandillas-municipales-cefim\/#breadcrumb"},"inLanguage":"es","potentialAction":[{"@type":"ReadAction","target":["https:\/\/canal7slp.tv\/2019\/privilegiaran-derechos-humanos-en-el-segundo-seminario-para-barandillas-municipales-cefim\/"]}]},{"@type":"ImageObject","inLanguage":"es","@id":"https:\/\/canal7slp.tv\/2019\/privilegiaran-derechos-humanos-en-el-segundo-seminario-para-barandillas-municipales-cefim\/#primaryimage","url":"https:\/\/canal7slp.tv\/2019\/wp-content\/uploads\/2019\/06\/gob4.jpeg","contentUrl":"https:\/\/canal7slp.tv\/2019\/wp-content\/uploads\/2019\/06\/gob4.jpeg","width":800,"height":600},{"@type":"BreadcrumbList","@id":"https:\/\/canal7slp.tv\/2019\/privilegiaran-derechos-humanos-en-el-segundo-seminario-para-barandillas-municipales-cefim\/#breadcrumb","itemListElement":[{"@type":"ListItem","position":1,"name":"Home","item":"https:\/\/canal7slp.tv\/2019\/"},{"@type":"ListItem","position":2,"name":"Privilegiar\u00e1n derechos humanos en el segundo seminario para barandillas municipales: CEFIM"}]},{"@type":"WebSite","@id":"https:\/\/canal7slp.tv\/2019\/#website","url":"https:\/\/canal7slp.tv\/2019\/","name":"Canal 7 SLP - Somos TV","description":"Somos un Canal de 10","publisher":{"@id":"https:\/\/canal7slp.tv\/2019\/#organization"},"potentialAction":[{"@type":"SearchAction","target":{"@type":"EntryPoint","urlTemplate":"https:\/\/canal7slp.tv\/2019\/?s={search_term_string}"},"query-input":{"@type":"PropertyValueSpecification","valueRequired":true,"valueName":"search_term_string"}}],"inLanguage":"es"},{"@type":"Organization","@id":"https:\/\/canal7slp.tv\/2019\/#organization","name":"Comunicaci\u00f3n 2000 S.A. de C.V.","url":"https:\/\/canal7slp.tv\/2019\/","logo":{"@type":"ImageObject","inLanguage":"es","@id":"https:\/\/canal7slp.tv\/2019\/#\/schema\/logo\/image\/","url":"https:\/\/canal7slp.tv\/2019\/wp-content\/uploads\/2019\/07\/logo-c7.png","contentUrl":"https:\/\/canal7slp.tv\/2019\/wp-content\/uploads\/2019\/07\/logo-c7.png","width":220,"height":60,"caption":"Comunicaci\u00f3n 2000 S.A. de C.V."},"image":{"@id":"https:\/\/canal7slp.tv\/2019\/#\/schema\/logo\/image\/"},"sameAs":["https:\/\/www.facebook.com\/CANAL7SLP\/","https:\/\/x.com\/canal7_slp","https:\/\/www.instagram.com\/canal7_slp","https:\/\/www.youtube.com\/user\/NOTICIEROSCANAL7SLP\/"]},{"@type":"Person","@id":"https:\/\/canal7slp.tv\/2019\/#\/schema\/person\/11d941c1c6ca30ac0a46b95fa37aa2e3","name":"edicionweb","image":{"@type":"ImageObject","inLanguage":"es","@id":"https:\/\/secure.gravatar.com\/avatar\/eee448fc3f7164808013b816ba91ac7e43bbe82a70bebac296f8bc6f0addaa1a?s=96&d=mm&r=g","url":"https:\/\/secure.gravatar.com\/avatar\/eee448fc3f7164808013b816ba91ac7e43bbe82a70bebac296f8bc6f0addaa1a?s=96&d=mm&r=g","contentUrl":"https:\/\/secure.gravatar.com\/avatar\/eee448fc3f7164808013b816ba91ac7e43bbe82a70bebac296f8bc6f0addaa1a?s=96&d=mm&r=g","caption":"edicionweb"}}]}},"amp_enabled":true,"cmb2":{"video_ids_in_playlist":{"vid_p_videos":""},"video_ids_in_channel":{"vid_c_videos":""},"playlist_ids_in_channel":{"vid_c_playlists":""},"series_ids_in_channel":{"vid_c_series":""},"channel_images":{"vid_c_logo":"","vid_c_banner":""},"poster_feature_image":{"vid_m_poster_image":""},"gif_feature_image":{"vid_m_gif_image":""},"video_movie_settings":{"vid_m_director":"","vid_m_actor":"","vid_m_imdb_ratings":"","vid_m_amazon_associates":""},"vid_youtube_broadcasts_settings":{"vid_yb_broadcast_title":"","vid_yb_q":"","vid_yb_channelid":"","vid_yb_videocategoryid":"","vid_yb_maxresults":"","vid_yb_order":"","vid_yb_regioncode":"","vid_yb_videosyndicated":"","vid_yb_style":"","vid_yb_reload_first":""},"video_series_settings":{"vid_m_director":"","vid_m_actor":"","vid_m_imdb_ratings":"","video_series_group":""},"amazon_associates_settings":{"amazon_associates":"","amazon_native_ad":""},"vid_youtube_automatic_settings":{"vid_ya_youtube_source":"","vid_ya_update_every":"","vid_ya_update_unit":"","vid_ya_categories":"","vid_ya_published_after":"","vid_ya_published_before":"","vid_ya_playlists":"","vid_ya_channels":"","vid_ya_director":"","vid_ya_actor":"","vid_ya_author":"","vid_ya_import_post_date":"","vid_ya_status":"","vid_ya_sub_api_key":""},"vid_ads_m_videoads_settings_post":{"vid_ads_m_video_ads":"","vid_ads_m_video_ads_type":"","vid_ads_m_group_google_ima":"","vid_ads_m_group_image":"","vid_ads_m_group_html5_video":"","vid_ads_m_group_html":"","vid_ads_m_vast_preroll":"","vid_ads_m_vast_postroll":"","vid_ads_m_vast_pauseroll":"","vid_ads_m_vast_midroll":[{"vid_ads_m_vast_timer_seconds":"50"}],"vid_ads_m_time_to_show_ads":"","vid_ads_m_time_skip_ads":"","vid_ads_m_time_to_hide_ads":""},"page_slider_settings":{"display_slider_group":"","page_slider_group":""},"blog_page_settings":{"blog_page_title":"","blog_page_heading":"","blog_page_ic":"","blog_page_it":"","blog_page_ec":"","blog_page_ip":"","archive_loop_style":"","blog_image_ratio":"","blog_show_categories":"","blog_show_excerpt":"","blog_show_author":"","blog_show_date":"","blog_show_comment_count":"","blog_show_view_count":"","blog_show_like_count":"","blog_show_dislike_count":"","blog_items_per_page":"","blog_pag_type":""},"page_options":{"get_page_template":"","color_mode":"","main_layout":"","main_layout_full_with":"","main_logo":"","main_logo_retina":"","main_logo_mobile":"","main_logo_mobile_retina":"","sticky_logo":"","sticky_logo_retina":"","main_nav_layout":"","ajax_search":"","header_background":"","theme_sidebar":"","instagram_feed":"","instagram_feed_position":"","popular_videos":"","popular_videos_title_1":"","popular_videos_title_2":"","popular_videos_ic":"","popular_videos_it":"","theme_background":"","page_custom_css":""},"feature_image_settings":{"feature_image_position":""},"video_player_settings":{"single_video_style":"","video_player_position":"","vm_video_url":"","video_player_library":"","video_streaming":"","vm_media_sources":"","vid_auto_play":"","vm_video_shortcode":"","vid_p_sync_playlist":"","vid_c_sync_channel":"","get_post_format":"","multiple_links_structure":"default","multi_links_title":"","vm_video_multi_links":"","vm_duration":"","vid_social_locker":"off","vid_social_locker_id":"","vid_membership_action":"content-video","vm_video_trailer_url":"","vid_download_type":"free","vid_download_target":"download","vid_woo_product":"","vm_media_download":"","user_rating":"","user_rating_position":"","user_rating_mode":"","user_rating_multi_sets":""},"video_auto_fetch_settings":{"vm_video_fetch":"on"},"video_fake_views_likes":{"vm_fake_views":"","vm_fake_likes":"","vm_fake_dislikes":""},"gallery_settings":{"gallery_position":""},"quote_settings":{"quote_position":""},"post_options":{"main_layout":"","main_logo":"","main_logo_retina":"","main_logo_mobile":"","main_logo_mobile_retina":"","sticky_logo":"","sticky_logo_retina":"","main_nav_layout":"","header_background":"","theme_sidebar":"","single_post_comment_type":"","theme_background":""}},"_links":{"self":[{"href":"https:\/\/canal7slp.tv\/2019\/wp-json\/wp\/v2\/posts\/9670","targetHints":{"allow":["GET"]}}],"collection":[{"href":"https:\/\/canal7slp.tv\/2019\/wp-json\/wp\/v2\/posts"}],"about":[{"href":"https:\/\/canal7slp.tv\/2019\/wp-json\/wp\/v2\/types\/post"}],"author":[{"embeddable":true,"href":"https:\/\/canal7slp.tv\/2019\/wp-json\/wp\/v2\/users\/2"}],"replies":[{"embeddable":true,"href":"https:\/\/canal7slp.tv\/2019\/wp-json\/wp\/v2\/comments?post=9670"}],"version-history":[{"count":0,"href":"https:\/\/canal7slp.tv\/2019\/wp-json\/wp\/v2\/posts\/9670\/revisions"}],"wp:featuredmedia":[{"embeddable":true,"href":"https:\/\/canal7slp.tv\/2019\/wp-json\/wp\/v2\/media\/9690"}],"wp:attachment":[{"href":"https:\/\/canal7slp.tv\/2019\/wp-json\/wp\/v2\/media?parent=9670"}],"wp:term":[{"taxonomy":"category","embeddable":true,"href":"https:\/\/canal7slp.tv\/2019\/wp-json\/wp\/v2\/categories?post=9670"},{"taxonomy":"post_tag","embeddable":true,"href":"https:\/\/canal7slp.tv\/2019\/wp-json\/wp\/v2\/tags?post=9670"}],"curies":[{"name":"wp","href":"https:\/\/api.w.org\/{rel}","templated":true}]}}