{"id":9606,"date":"2019-06-09T08:32:25","date_gmt":"2019-06-09T13:32:25","guid":{"rendered":"https:\/\/canal7slp.tv\/2019\/?p=9606"},"modified":"2019-06-09T08:35:18","modified_gmt":"2019-06-09T13:35:18","slug":"oficialia-mayor-ofrecera-curso-atencion-al-publico-a-trabajadores-de-gobierno-del-estado","status":"publish","type":"post","link":"https:\/\/canal7slp.tv\/2019\/oficialia-mayor-ofrecera-curso-atencion-al-publico-a-trabajadores-de-gobierno-del-estado\/","title":{"rendered":"Oficial\u00eda Mayor ofrecer\u00e1 curso \u201cAtenci\u00f3n al P\u00fablico\u201d a trabajadores de gobierno del estado"},"content":{"rendered":"<p style=\"text-align: justify\">SLP.- Con el prop\u00f3sito de identificar las funciones, tareas, destrezas, habilidades y actitudes que los servidores p\u00fablicos deben de desarrollar para atender con calidad a la ciudadan\u00eda, la Oficial\u00eda Mayor de Gobierno del Estado, a trav\u00e9s de la Direcci\u00f3n de Desarrollo Humano, ofrecer\u00e1 para este mes de junio el curso llamado \u201cAtenci\u00f3n al P\u00fablico\u201d, inform\u00f3 la titular de esta dependencia, Ada Amelia Andrade Contreras.<\/p>\n<p style=\"text-align: justify\">\n<p style=\"text-align: justify\">Detall\u00f3 que el curso tiene dos fechas, el primero del 10 al 14 de junio, de 15:30 a 17:30 horas, en la sala Audiovisual de la Direcci\u00f3n de Desarrollo Humano, ubicada en General I Mart\u00ednez no. 1275 Col. Los \u00c1ngeles, y ser\u00e1 aplicado por la instructora Guadalupe P\u00e9rez Vigna.<\/p>\n<p style=\"text-align: justify\">\n<p style=\"text-align: justify\">El segundo curso se efectuar\u00e1 del 24 al 28 de junio, en un horario de 17:00 a 19:00 horas, tambi\u00e9n en la sala de Audiovisual de Desarrollo Humano, y ser\u00e1 implementado por Juan Carlos Ch\u00e1vez Guadarrama, educador de esta Direcci\u00f3n, por lo que invita a las y los servidores p\u00fablicos de la administraci\u00f3n estatal para que participen en este curso que les permitir\u00e1 perfeccionar los servicios que ofrecen a la ciudadan\u00eda.<\/p>\n<p style=\"text-align: justify\">\n<p style=\"text-align: justify\">Los capacitadores analizar\u00e1n con los participantes los siguientes puntos: Generar empat\u00eda (cuidado con los gestos, lenguaje facial-corporal); en\u00a0 dar un \u201cbuenos d\u00edas\u201d, \u201cbuenas tardes\u201d, en brindar un saludo sincero; en recibir de inmediato al ciudadano\u00a0 tratarlo con respeto; no tutear, dar la mano con firmeza, seguridad, pero sobre todo calidez; repetir lo que solicita para mostrar inter\u00e9s en lo requerido; desde luego, ni qu\u00e9 decir de la rapidez en la atenci\u00f3n, y finalmente, si la ciudadan\u00eda debe esperar, en no olvidar entregarle una revista o un cat\u00e1logo.<\/p>\n<p style=\"text-align: justify\">\n<p style=\"text-align: justify\">La titular de la Oficial\u00eda Mayor explic\u00f3 que, este gobierno busca que la capacitaci\u00f3n se convierta en unos de los pilares de la administraci\u00f3n, al profesionalizar los recursos humanos, implementando esquemas permanentes de preparaci\u00f3n de acuerdo a las \u00e1reas de desempe\u00f1o en las instituciones p\u00fablicas.<\/p>\n","protected":false},"excerpt":{"rendered":"<p>SLP.- Con el prop\u00f3sito de identificar las funciones, tareas, destrezas, habilidades y actitudes que los servidores p\u00fablicos deben de desarrollar para atender con calidad a la ciudadan\u00eda, la Oficial\u00eda Mayor de Gobierno del Estado, a trav\u00e9s de la Direcci\u00f3n de Desarrollo Humano, ofrecer\u00e1 para este mes de junio el curso llamado \u201cAtenci\u00f3n al P\u00fablico\u201d, inform\u00f3 [&hellip;]<\/p>\n","protected":false},"author":2,"featured_media":9607,"comment_status":"open","ping_status":"closed","sticky":false,"template":"","format":"standard","meta":{"footnotes":""},"categories":[17],"tags":[111,141],"class_list":["post-9606","post","type-post","status-publish","format-standard","has-post-thumbnail","hentry","category-localesyregionales","tag-gobierno-slp","tag-oficialia-mayor"],"yoast_head":"<!-- This site is optimized with the Yoast SEO plugin v27.4 - https:\/\/yoast.com\/product\/yoast-seo-wordpress\/ -->\n<title>Oficial\u00eda Mayor ofrecer\u00e1 curso \u201cAtenci\u00f3n al P\u00fablico\u201d a trabajadores de gobierno del estado - Canal 7 SLP - 2019<\/title>\n<meta name=\"robots\" content=\"index, follow, max-snippet:-1, max-image-preview:large, max-video-preview:-1\" \/>\n<link rel=\"canonical\" href=\"https:\/\/canal7slp.tv\/2019\/oficialia-mayor-ofrecera-curso-atencion-al-publico-a-trabajadores-de-gobierno-del-estado\/\" \/>\n<meta property=\"og:locale\" content=\"es_ES\" \/>\n<meta property=\"og:type\" content=\"article\" \/>\n<meta property=\"og:title\" content=\"Oficial\u00eda Mayor ofrecer\u00e1 curso \u201cAtenci\u00f3n al P\u00fablico\u201d a trabajadores de gobierno del estado - Canal 7 SLP - 2019\" \/>\n<meta property=\"og:description\" content=\"SLP.- Con el prop\u00f3sito de identificar las funciones, tareas, destrezas, habilidades y actitudes que los servidores p\u00fablicos deben de desarrollar para atender con calidad a la ciudadan\u00eda, la Oficial\u00eda Mayor de Gobierno del Estado, a trav\u00e9s de la Direcci\u00f3n de Desarrollo Humano, ofrecer\u00e1 para este mes de junio el curso llamado \u201cAtenci\u00f3n al P\u00fablico\u201d, inform\u00f3 [&hellip;]\" \/>\n<meta property=\"og:url\" content=\"https:\/\/canal7slp.tv\/2019\/oficialia-mayor-ofrecera-curso-atencion-al-publico-a-trabajadores-de-gobierno-del-estado\/\" \/>\n<meta property=\"og:site_name\" content=\"Canal 7 SLP - 2019\" \/>\n<meta property=\"article:publisher\" content=\"https:\/\/www.facebook.com\/CANAL7SLP\/\" \/>\n<meta property=\"article:published_time\" content=\"2019-06-09T13:32:25+00:00\" \/>\n<meta property=\"article:modified_time\" content=\"2019-06-09T13:35:18+00:00\" \/>\n<meta property=\"og:image\" content=\"https:\/\/canal7slp.tv\/2019\/wp-content\/uploads\/2019\/06\/gob1-1.jpg\" \/>\n\t<meta property=\"og:image:width\" content=\"800\" \/>\n\t<meta property=\"og:image:height\" content=\"800\" \/>\n\t<meta property=\"og:image:type\" content=\"image\/jpeg\" \/>\n<meta name=\"author\" content=\"edicionweb\" \/>\n<meta name=\"twitter:card\" content=\"summary_large_image\" \/>\n<meta name=\"twitter:creator\" content=\"@canal7_slp\" \/>\n<meta name=\"twitter:site\" content=\"@canal7_slp\" \/>\n<meta name=\"twitter:label1\" content=\"Escrito por\" \/>\n\t<meta name=\"twitter:data1\" content=\"edicionweb\" \/>\n\t<meta name=\"twitter:label2\" content=\"Tiempo de lectura\" \/>\n\t<meta name=\"twitter:data2\" content=\"2 minutos\" \/>\n<script type=\"application\/ld+json\" class=\"yoast-schema-graph\">{\"@context\":\"https:\\\/\\\/schema.org\",\"@graph\":[{\"@type\":\"Article\",\"@id\":\"https:\\\/\\\/canal7slp.tv\\\/2019\\\/oficialia-mayor-ofrecera-curso-atencion-al-publico-a-trabajadores-de-gobierno-del-estado\\\/#article\",\"isPartOf\":{\"@id\":\"https:\\\/\\\/canal7slp.tv\\\/2019\\\/oficialia-mayor-ofrecera-curso-atencion-al-publico-a-trabajadores-de-gobierno-del-estado\\\/\"},\"author\":{\"name\":\"edicionweb\",\"@id\":\"https:\\\/\\\/canal7slp.tv\\\/2019\\\/#\\\/schema\\\/person\\\/11d941c1c6ca30ac0a46b95fa37aa2e3\"},\"headline\":\"Oficial\u00eda Mayor ofrecer\u00e1 curso \u201cAtenci\u00f3n al P\u00fablico\u201d a trabajadores de gobierno del estado\",\"datePublished\":\"2019-06-09T13:32:25+00:00\",\"dateModified\":\"2019-06-09T13:35:18+00:00\",\"mainEntityOfPage\":{\"@id\":\"https:\\\/\\\/canal7slp.tv\\\/2019\\\/oficialia-mayor-ofrecera-curso-atencion-al-publico-a-trabajadores-de-gobierno-del-estado\\\/\"},\"wordCount\":354,\"commentCount\":0,\"publisher\":{\"@id\":\"https:\\\/\\\/canal7slp.tv\\\/2019\\\/#organization\"},\"image\":{\"@id\":\"https:\\\/\\\/canal7slp.tv\\\/2019\\\/oficialia-mayor-ofrecera-curso-atencion-al-publico-a-trabajadores-de-gobierno-del-estado\\\/#primaryimage\"},\"thumbnailUrl\":\"https:\\\/\\\/canal7slp.tv\\\/2019\\\/wp-content\\\/uploads\\\/2019\\\/06\\\/gob1-1.jpg\",\"keywords\":[\"Gobierno SLP\",\"Oficial\u00eda Mayor\"],\"articleSection\":[\"LOCALES Y REGIONALES\"],\"inLanguage\":\"es\",\"potentialAction\":[{\"@type\":\"CommentAction\",\"name\":\"Comment\",\"target\":[\"https:\\\/\\\/canal7slp.tv\\\/2019\\\/oficialia-mayor-ofrecera-curso-atencion-al-publico-a-trabajadores-de-gobierno-del-estado\\\/#respond\"]}]},{\"@type\":\"WebPage\",\"@id\":\"https:\\\/\\\/canal7slp.tv\\\/2019\\\/oficialia-mayor-ofrecera-curso-atencion-al-publico-a-trabajadores-de-gobierno-del-estado\\\/\",\"url\":\"https:\\\/\\\/canal7slp.tv\\\/2019\\\/oficialia-mayor-ofrecera-curso-atencion-al-publico-a-trabajadores-de-gobierno-del-estado\\\/\",\"name\":\"Oficial\u00eda Mayor ofrecer\u00e1 curso \u201cAtenci\u00f3n al P\u00fablico\u201d a trabajadores de gobierno del estado - Canal 7 SLP - 2019\",\"isPartOf\":{\"@id\":\"https:\\\/\\\/canal7slp.tv\\\/2019\\\/#website\"},\"primaryImageOfPage\":{\"@id\":\"https:\\\/\\\/canal7slp.tv\\\/2019\\\/oficialia-mayor-ofrecera-curso-atencion-al-publico-a-trabajadores-de-gobierno-del-estado\\\/#primaryimage\"},\"image\":{\"@id\":\"https:\\\/\\\/canal7slp.tv\\\/2019\\\/oficialia-mayor-ofrecera-curso-atencion-al-publico-a-trabajadores-de-gobierno-del-estado\\\/#primaryimage\"},\"thumbnailUrl\":\"https:\\\/\\\/canal7slp.tv\\\/2019\\\/wp-content\\\/uploads\\\/2019\\\/06\\\/gob1-1.jpg\",\"datePublished\":\"2019-06-09T13:32:25+00:00\",\"dateModified\":\"2019-06-09T13:35:18+00:00\",\"breadcrumb\":{\"@id\":\"https:\\\/\\\/canal7slp.tv\\\/2019\\\/oficialia-mayor-ofrecera-curso-atencion-al-publico-a-trabajadores-de-gobierno-del-estado\\\/#breadcrumb\"},\"inLanguage\":\"es\",\"potentialAction\":[{\"@type\":\"ReadAction\",\"target\":[\"https:\\\/\\\/canal7slp.tv\\\/2019\\\/oficialia-mayor-ofrecera-curso-atencion-al-publico-a-trabajadores-de-gobierno-del-estado\\\/\"]}]},{\"@type\":\"ImageObject\",\"inLanguage\":\"es\",\"@id\":\"https:\\\/\\\/canal7slp.tv\\\/2019\\\/oficialia-mayor-ofrecera-curso-atencion-al-publico-a-trabajadores-de-gobierno-del-estado\\\/#primaryimage\",\"url\":\"https:\\\/\\\/canal7slp.tv\\\/2019\\\/wp-content\\\/uploads\\\/2019\\\/06\\\/gob1-1.jpg\",\"contentUrl\":\"https:\\\/\\\/canal7slp.tv\\\/2019\\\/wp-content\\\/uploads\\\/2019\\\/06\\\/gob1-1.jpg\",\"width\":800,\"height\":800},{\"@type\":\"BreadcrumbList\",\"@id\":\"https:\\\/\\\/canal7slp.tv\\\/2019\\\/oficialia-mayor-ofrecera-curso-atencion-al-publico-a-trabajadores-de-gobierno-del-estado\\\/#breadcrumb\",\"itemListElement\":[{\"@type\":\"ListItem\",\"position\":1,\"name\":\"Home\",\"item\":\"https:\\\/\\\/canal7slp.tv\\\/2019\\\/\"},{\"@type\":\"ListItem\",\"position\":2,\"name\":\"Oficial\u00eda Mayor ofrecer\u00e1 curso \u201cAtenci\u00f3n al P\u00fablico\u201d a trabajadores de gobierno del estado\"}]},{\"@type\":\"WebSite\",\"@id\":\"https:\\\/\\\/canal7slp.tv\\\/2019\\\/#website\",\"url\":\"https:\\\/\\\/canal7slp.tv\\\/2019\\\/\",\"name\":\"Canal 7 SLP - Somos TV\",\"description\":\"Somos un Canal de 10\",\"publisher\":{\"@id\":\"https:\\\/\\\/canal7slp.tv\\\/2019\\\/#organization\"},\"potentialAction\":[{\"@type\":\"SearchAction\",\"target\":{\"@type\":\"EntryPoint\",\"urlTemplate\":\"https:\\\/\\\/canal7slp.tv\\\/2019\\\/?s={search_term_string}\"},\"query-input\":{\"@type\":\"PropertyValueSpecification\",\"valueRequired\":true,\"valueName\":\"search_term_string\"}}],\"inLanguage\":\"es\"},{\"@type\":\"Organization\",\"@id\":\"https:\\\/\\\/canal7slp.tv\\\/2019\\\/#organization\",\"name\":\"Comunicaci\u00f3n 2000 S.A. de C.V.\",\"url\":\"https:\\\/\\\/canal7slp.tv\\\/2019\\\/\",\"logo\":{\"@type\":\"ImageObject\",\"inLanguage\":\"es\",\"@id\":\"https:\\\/\\\/canal7slp.tv\\\/2019\\\/#\\\/schema\\\/logo\\\/image\\\/\",\"url\":\"https:\\\/\\\/canal7slp.tv\\\/2019\\\/wp-content\\\/uploads\\\/2019\\\/07\\\/logo-c7.png\",\"contentUrl\":\"https:\\\/\\\/canal7slp.tv\\\/2019\\\/wp-content\\\/uploads\\\/2019\\\/07\\\/logo-c7.png\",\"width\":220,\"height\":60,\"caption\":\"Comunicaci\u00f3n 2000 S.A. de C.V.\"},\"image\":{\"@id\":\"https:\\\/\\\/canal7slp.tv\\\/2019\\\/#\\\/schema\\\/logo\\\/image\\\/\"},\"sameAs\":[\"https:\\\/\\\/www.facebook.com\\\/CANAL7SLP\\\/\",\"https:\\\/\\\/x.com\\\/canal7_slp\",\"https:\\\/\\\/www.instagram.com\\\/canal7_slp\",\"https:\\\/\\\/www.youtube.com\\\/user\\\/NOTICIEROSCANAL7SLP\\\/\"]},{\"@type\":\"Person\",\"@id\":\"https:\\\/\\\/canal7slp.tv\\\/2019\\\/#\\\/schema\\\/person\\\/11d941c1c6ca30ac0a46b95fa37aa2e3\",\"name\":\"edicionweb\",\"image\":{\"@type\":\"ImageObject\",\"inLanguage\":\"es\",\"@id\":\"https:\\\/\\\/secure.gravatar.com\\\/avatar\\\/eee448fc3f7164808013b816ba91ac7e43bbe82a70bebac296f8bc6f0addaa1a?s=96&d=mm&r=g\",\"url\":\"https:\\\/\\\/secure.gravatar.com\\\/avatar\\\/eee448fc3f7164808013b816ba91ac7e43bbe82a70bebac296f8bc6f0addaa1a?s=96&d=mm&r=g\",\"contentUrl\":\"https:\\\/\\\/secure.gravatar.com\\\/avatar\\\/eee448fc3f7164808013b816ba91ac7e43bbe82a70bebac296f8bc6f0addaa1a?s=96&d=mm&r=g\",\"caption\":\"edicionweb\"}}]}<\/script>\n<!-- \/ Yoast SEO plugin. -->","yoast_head_json":{"title":"Oficial\u00eda Mayor ofrecer\u00e1 curso \u201cAtenci\u00f3n al P\u00fablico\u201d a trabajadores de gobierno del estado - Canal 7 SLP - 2019","robots":{"index":"index","follow":"follow","max-snippet":"max-snippet:-1","max-image-preview":"max-image-preview:large","max-video-preview":"max-video-preview:-1"},"canonical":"https:\/\/canal7slp.tv\/2019\/oficialia-mayor-ofrecera-curso-atencion-al-publico-a-trabajadores-de-gobierno-del-estado\/","og_locale":"es_ES","og_type":"article","og_title":"Oficial\u00eda Mayor ofrecer\u00e1 curso \u201cAtenci\u00f3n al P\u00fablico\u201d a trabajadores de gobierno del estado - Canal 7 SLP - 2019","og_description":"SLP.- Con el prop\u00f3sito de identificar las funciones, tareas, destrezas, habilidades y actitudes que los servidores p\u00fablicos deben de desarrollar para atender con calidad a la ciudadan\u00eda, la Oficial\u00eda Mayor de Gobierno del Estado, a trav\u00e9s de la Direcci\u00f3n de Desarrollo Humano, ofrecer\u00e1 para este mes de junio el curso llamado \u201cAtenci\u00f3n al P\u00fablico\u201d, inform\u00f3 [&hellip;]","og_url":"https:\/\/canal7slp.tv\/2019\/oficialia-mayor-ofrecera-curso-atencion-al-publico-a-trabajadores-de-gobierno-del-estado\/","og_site_name":"Canal 7 SLP - 2019","article_publisher":"https:\/\/www.facebook.com\/CANAL7SLP\/","article_published_time":"2019-06-09T13:32:25+00:00","article_modified_time":"2019-06-09T13:35:18+00:00","og_image":[{"width":800,"height":800,"url":"https:\/\/canal7slp.tv\/2019\/wp-content\/uploads\/2019\/06\/gob1-1.jpg","type":"image\/jpeg"}],"author":"edicionweb","twitter_card":"summary_large_image","twitter_creator":"@canal7_slp","twitter_site":"@canal7_slp","twitter_misc":{"Escrito por":"edicionweb","Tiempo de lectura":"2 minutos"},"schema":{"@context":"https:\/\/schema.org","@graph":[{"@type":"Article","@id":"https:\/\/canal7slp.tv\/2019\/oficialia-mayor-ofrecera-curso-atencion-al-publico-a-trabajadores-de-gobierno-del-estado\/#article","isPartOf":{"@id":"https:\/\/canal7slp.tv\/2019\/oficialia-mayor-ofrecera-curso-atencion-al-publico-a-trabajadores-de-gobierno-del-estado\/"},"author":{"name":"edicionweb","@id":"https:\/\/canal7slp.tv\/2019\/#\/schema\/person\/11d941c1c6ca30ac0a46b95fa37aa2e3"},"headline":"Oficial\u00eda Mayor ofrecer\u00e1 curso \u201cAtenci\u00f3n al P\u00fablico\u201d a trabajadores de gobierno del estado","datePublished":"2019-06-09T13:32:25+00:00","dateModified":"2019-06-09T13:35:18+00:00","mainEntityOfPage":{"@id":"https:\/\/canal7slp.tv\/2019\/oficialia-mayor-ofrecera-curso-atencion-al-publico-a-trabajadores-de-gobierno-del-estado\/"},"wordCount":354,"commentCount":0,"publisher":{"@id":"https:\/\/canal7slp.tv\/2019\/#organization"},"image":{"@id":"https:\/\/canal7slp.tv\/2019\/oficialia-mayor-ofrecera-curso-atencion-al-publico-a-trabajadores-de-gobierno-del-estado\/#primaryimage"},"thumbnailUrl":"https:\/\/canal7slp.tv\/2019\/wp-content\/uploads\/2019\/06\/gob1-1.jpg","keywords":["Gobierno SLP","Oficial\u00eda Mayor"],"articleSection":["LOCALES Y REGIONALES"],"inLanguage":"es","potentialAction":[{"@type":"CommentAction","name":"Comment","target":["https:\/\/canal7slp.tv\/2019\/oficialia-mayor-ofrecera-curso-atencion-al-publico-a-trabajadores-de-gobierno-del-estado\/#respond"]}]},{"@type":"WebPage","@id":"https:\/\/canal7slp.tv\/2019\/oficialia-mayor-ofrecera-curso-atencion-al-publico-a-trabajadores-de-gobierno-del-estado\/","url":"https:\/\/canal7slp.tv\/2019\/oficialia-mayor-ofrecera-curso-atencion-al-publico-a-trabajadores-de-gobierno-del-estado\/","name":"Oficial\u00eda Mayor ofrecer\u00e1 curso \u201cAtenci\u00f3n al P\u00fablico\u201d a trabajadores de gobierno del estado - Canal 7 SLP - 2019","isPartOf":{"@id":"https:\/\/canal7slp.tv\/2019\/#website"},"primaryImageOfPage":{"@id":"https:\/\/canal7slp.tv\/2019\/oficialia-mayor-ofrecera-curso-atencion-al-publico-a-trabajadores-de-gobierno-del-estado\/#primaryimage"},"image":{"@id":"https:\/\/canal7slp.tv\/2019\/oficialia-mayor-ofrecera-curso-atencion-al-publico-a-trabajadores-de-gobierno-del-estado\/#primaryimage"},"thumbnailUrl":"https:\/\/canal7slp.tv\/2019\/wp-content\/uploads\/2019\/06\/gob1-1.jpg","datePublished":"2019-06-09T13:32:25+00:00","dateModified":"2019-06-09T13:35:18+00:00","breadcrumb":{"@id":"https:\/\/canal7slp.tv\/2019\/oficialia-mayor-ofrecera-curso-atencion-al-publico-a-trabajadores-de-gobierno-del-estado\/#breadcrumb"},"inLanguage":"es","potentialAction":[{"@type":"ReadAction","target":["https:\/\/canal7slp.tv\/2019\/oficialia-mayor-ofrecera-curso-atencion-al-publico-a-trabajadores-de-gobierno-del-estado\/"]}]},{"@type":"ImageObject","inLanguage":"es","@id":"https:\/\/canal7slp.tv\/2019\/oficialia-mayor-ofrecera-curso-atencion-al-publico-a-trabajadores-de-gobierno-del-estado\/#primaryimage","url":"https:\/\/canal7slp.tv\/2019\/wp-content\/uploads\/2019\/06\/gob1-1.jpg","contentUrl":"https:\/\/canal7slp.tv\/2019\/wp-content\/uploads\/2019\/06\/gob1-1.jpg","width":800,"height":800},{"@type":"BreadcrumbList","@id":"https:\/\/canal7slp.tv\/2019\/oficialia-mayor-ofrecera-curso-atencion-al-publico-a-trabajadores-de-gobierno-del-estado\/#breadcrumb","itemListElement":[{"@type":"ListItem","position":1,"name":"Home","item":"https:\/\/canal7slp.tv\/2019\/"},{"@type":"ListItem","position":2,"name":"Oficial\u00eda Mayor ofrecer\u00e1 curso \u201cAtenci\u00f3n al P\u00fablico\u201d a trabajadores de gobierno del estado"}]},{"@type":"WebSite","@id":"https:\/\/canal7slp.tv\/2019\/#website","url":"https:\/\/canal7slp.tv\/2019\/","name":"Canal 7 SLP - Somos TV","description":"Somos un Canal de 10","publisher":{"@id":"https:\/\/canal7slp.tv\/2019\/#organization"},"potentialAction":[{"@type":"SearchAction","target":{"@type":"EntryPoint","urlTemplate":"https:\/\/canal7slp.tv\/2019\/?s={search_term_string}"},"query-input":{"@type":"PropertyValueSpecification","valueRequired":true,"valueName":"search_term_string"}}],"inLanguage":"es"},{"@type":"Organization","@id":"https:\/\/canal7slp.tv\/2019\/#organization","name":"Comunicaci\u00f3n 2000 S.A. de C.V.","url":"https:\/\/canal7slp.tv\/2019\/","logo":{"@type":"ImageObject","inLanguage":"es","@id":"https:\/\/canal7slp.tv\/2019\/#\/schema\/logo\/image\/","url":"https:\/\/canal7slp.tv\/2019\/wp-content\/uploads\/2019\/07\/logo-c7.png","contentUrl":"https:\/\/canal7slp.tv\/2019\/wp-content\/uploads\/2019\/07\/logo-c7.png","width":220,"height":60,"caption":"Comunicaci\u00f3n 2000 S.A. de C.V."},"image":{"@id":"https:\/\/canal7slp.tv\/2019\/#\/schema\/logo\/image\/"},"sameAs":["https:\/\/www.facebook.com\/CANAL7SLP\/","https:\/\/x.com\/canal7_slp","https:\/\/www.instagram.com\/canal7_slp","https:\/\/www.youtube.com\/user\/NOTICIEROSCANAL7SLP\/"]},{"@type":"Person","@id":"https:\/\/canal7slp.tv\/2019\/#\/schema\/person\/11d941c1c6ca30ac0a46b95fa37aa2e3","name":"edicionweb","image":{"@type":"ImageObject","inLanguage":"es","@id":"https:\/\/secure.gravatar.com\/avatar\/eee448fc3f7164808013b816ba91ac7e43bbe82a70bebac296f8bc6f0addaa1a?s=96&d=mm&r=g","url":"https:\/\/secure.gravatar.com\/avatar\/eee448fc3f7164808013b816ba91ac7e43bbe82a70bebac296f8bc6f0addaa1a?s=96&d=mm&r=g","contentUrl":"https:\/\/secure.gravatar.com\/avatar\/eee448fc3f7164808013b816ba91ac7e43bbe82a70bebac296f8bc6f0addaa1a?s=96&d=mm&r=g","caption":"edicionweb"}}]}},"amp_enabled":true,"cmb2":{"video_ids_in_playlist":{"vid_p_videos":""},"video_ids_in_channel":{"vid_c_videos":""},"playlist_ids_in_channel":{"vid_c_playlists":""},"series_ids_in_channel":{"vid_c_series":""},"channel_images":{"vid_c_logo":"","vid_c_banner":""},"poster_feature_image":{"vid_m_poster_image":""},"gif_feature_image":{"vid_m_gif_image":""},"video_movie_settings":{"vid_m_director":"","vid_m_actor":"","vid_m_imdb_ratings":"","vid_m_amazon_associates":""},"vid_youtube_broadcasts_settings":{"vid_yb_broadcast_title":"","vid_yb_q":"","vid_yb_channelid":"","vid_yb_videocategoryid":"","vid_yb_maxresults":"","vid_yb_order":"","vid_yb_regioncode":"","vid_yb_videosyndicated":"","vid_yb_style":"","vid_yb_reload_first":""},"video_series_settings":{"vid_m_director":"","vid_m_actor":"","vid_m_imdb_ratings":"","video_series_group":""},"amazon_associates_settings":{"amazon_associates":"","amazon_native_ad":""},"vid_youtube_automatic_settings":{"vid_ya_youtube_source":"","vid_ya_update_every":"","vid_ya_update_unit":"","vid_ya_categories":"","vid_ya_published_after":"","vid_ya_published_before":"","vid_ya_playlists":"","vid_ya_channels":"","vid_ya_director":"","vid_ya_actor":"","vid_ya_author":"","vid_ya_import_post_date":"","vid_ya_status":"","vid_ya_sub_api_key":""},"vid_ads_m_videoads_settings_post":{"vid_ads_m_video_ads":"","vid_ads_m_video_ads_type":"","vid_ads_m_group_google_ima":"","vid_ads_m_group_image":"","vid_ads_m_group_html5_video":"","vid_ads_m_group_html":"","vid_ads_m_vast_preroll":"","vid_ads_m_vast_postroll":"","vid_ads_m_vast_pauseroll":"","vid_ads_m_vast_midroll":[{"vid_ads_m_vast_timer_seconds":"50"}],"vid_ads_m_time_to_show_ads":"","vid_ads_m_time_skip_ads":"","vid_ads_m_time_to_hide_ads":""},"page_slider_settings":{"display_slider_group":"","page_slider_group":""},"blog_page_settings":{"blog_page_title":"","blog_page_heading":"","blog_page_ic":"","blog_page_it":"","blog_page_ec":"","blog_page_ip":"","archive_loop_style":"","blog_image_ratio":"","blog_show_categories":"","blog_show_excerpt":"","blog_show_author":"","blog_show_date":"","blog_show_comment_count":"","blog_show_view_count":"","blog_show_like_count":"","blog_show_dislike_count":"","blog_items_per_page":"","blog_pag_type":""},"page_options":{"get_page_template":"","color_mode":"","main_layout":"","main_layout_full_with":"","main_logo":"","main_logo_retina":"","main_logo_mobile":"","main_logo_mobile_retina":"","sticky_logo":"","sticky_logo_retina":"","main_nav_layout":"","ajax_search":"","header_background":"","theme_sidebar":"","instagram_feed":"","instagram_feed_position":"","popular_videos":"","popular_videos_title_1":"","popular_videos_title_2":"","popular_videos_ic":"","popular_videos_it":"","theme_background":"","page_custom_css":""},"feature_image_settings":{"feature_image_position":""},"video_player_settings":{"single_video_style":"","video_player_position":"","vm_video_url":"","video_player_library":"","video_streaming":"","vm_media_sources":"","vid_auto_play":"","vm_video_shortcode":"","vid_p_sync_playlist":"","vid_c_sync_channel":"","get_post_format":"","multiple_links_structure":"default","multi_links_title":"","vm_video_multi_links":"","vm_duration":"","vid_social_locker":"off","vid_social_locker_id":"","vid_membership_action":"content-video","vm_video_trailer_url":"","vid_download_type":"free","vid_download_target":"download","vid_woo_product":"","vm_media_download":"","user_rating":"","user_rating_position":"","user_rating_mode":"","user_rating_multi_sets":""},"video_auto_fetch_settings":{"vm_video_fetch":"on"},"video_fake_views_likes":{"vm_fake_views":"","vm_fake_likes":"","vm_fake_dislikes":""},"gallery_settings":{"gallery_position":""},"quote_settings":{"quote_position":""},"post_options":{"main_layout":"","main_logo":"","main_logo_retina":"","main_logo_mobile":"","main_logo_mobile_retina":"","sticky_logo":"","sticky_logo_retina":"","main_nav_layout":"","header_background":"","theme_sidebar":"","single_post_comment_type":"","theme_background":""}},"_links":{"self":[{"href":"https:\/\/canal7slp.tv\/2019\/wp-json\/wp\/v2\/posts\/9606","targetHints":{"allow":["GET"]}}],"collection":[{"href":"https:\/\/canal7slp.tv\/2019\/wp-json\/wp\/v2\/posts"}],"about":[{"href":"https:\/\/canal7slp.tv\/2019\/wp-json\/wp\/v2\/types\/post"}],"author":[{"embeddable":true,"href":"https:\/\/canal7slp.tv\/2019\/wp-json\/wp\/v2\/users\/2"}],"replies":[{"embeddable":true,"href":"https:\/\/canal7slp.tv\/2019\/wp-json\/wp\/v2\/comments?post=9606"}],"version-history":[{"count":0,"href":"https:\/\/canal7slp.tv\/2019\/wp-json\/wp\/v2\/posts\/9606\/revisions"}],"wp:featuredmedia":[{"embeddable":true,"href":"https:\/\/canal7slp.tv\/2019\/wp-json\/wp\/v2\/media\/9607"}],"wp:attachment":[{"href":"https:\/\/canal7slp.tv\/2019\/wp-json\/wp\/v2\/media?parent=9606"}],"wp:term":[{"taxonomy":"category","embeddable":true,"href":"https:\/\/canal7slp.tv\/2019\/wp-json\/wp\/v2\/categories?post=9606"},{"taxonomy":"post_tag","embeddable":true,"href":"https:\/\/canal7slp.tv\/2019\/wp-json\/wp\/v2\/tags?post=9606"}],"curies":[{"name":"wp","href":"https:\/\/api.w.org\/{rel}","templated":true}]}}