{"id":9603,"date":"2019-06-09T08:22:58","date_gmt":"2019-06-09T13:22:58","guid":{"rendered":"https:\/\/canal7slp.tv\/2019\/?p=9603"},"modified":"2019-06-09T08:35:51","modified_gmt":"2019-06-09T13:35:51","slug":"autoridades-soledenses-premiaron-a-ganadores-del-primer-dia-de-uci-world-gran-fondo-2019","status":"publish","type":"post","link":"https:\/\/canal7slp.tv\/2019\/autoridades-soledenses-premiaron-a-ganadores-del-primer-dia-de-uci-world-gran-fondo-2019\/","title":{"rendered":"Autoridades Soledenses premiaron a ganadores del primer d\u00eda de UCI World Gran Fondo 2019"},"content":{"rendered":"<p style=\"text-align: justify\">A las siete de la ma\u00f1ana se dio el banderazo de salida para los m\u00e1s de 200 ciclistas que compiten en el UCI World Gran Fondo, en lo que fue la primera actividad se desarroll\u00f3 la prueba contrarreloj la cual result\u00f3 espectacular. Este domingo Soledad de Graciano S\u00e1nchez ser\u00e1 anfitri\u00f3n para recibir a la caravana multicolor de ciclistas de varios estados y distintos pa\u00edses.<\/p>\n<p style=\"text-align: justify\">Luego de que el alcalde de Soledad de Graciano S\u00e1nchez, Gilberto Hern\u00e1ndez Villafuerte dio el banderazo de salida frente al planetario del Parque Tangamanga 1, los ciclistas participantes saltaron al asfalto con hambre de triunfo en sus respectivas categor\u00edas.<\/p>\n<p style=\"text-align: justify\">Para el d\u00eda de ma\u00f1ana domingo 9 de junio, el municipio de Soledad de Graciano S\u00e1nchez y su poblaci\u00f3n ser\u00e1n anfitriones de la prueba de Gran Fondo con partida y meta frente al Jard\u00edn Hidalgo a las 7:00 horas, con un recorrido de 121.6 Kms. En el kil\u00f3metro 40 tomar\u00e1n la desviaci\u00f3n a San Nicol\u00e1s Tolentino rumbo a Armadillo de los Infante que est\u00e1 en el kil\u00f3metro 66.7. Al terminar comienza el puerto de monta\u00f1a, que contempla poco menos de 11 kil\u00f3metros de ascenso continuo.<\/p>\n<p style=\"text-align: justify\">Al principio del puerto estar\u00e1 instalado un arco y se comenzaran a cronometrar los tiempos de todos los ciclistas, el mejor tiempo en ambas ramas tendr\u00e1 premio como \u201cRey de la Monta\u00f1a\u201d.<\/p>\n<p style=\"text-align: justify\">Las posiciones por categor\u00eda al finalizar la prueba contrarreloj fueron las siguientes:<\/p>\n<p style=\"text-align: justify\">De 19 a 34 a\u00f1os femenil primer lugar Rosa M. Salinas Portales, SLP 36:01; segundo, Berenice Mart\u00ednez Cervantes, Huixquilucan de Degollado, 38:48; tercero, Grecia Ar\u00e1nzazu Guerrero Mart\u00ednez, SLP 39:43; en varonil primer puesto Joao V. Oliveira F., Brasilia, Brasil 31:40; segundo Raphael Menu S., Ciudad de M\u00e9xico 31:57; tercero Jos\u00e9 Mart\u00ednez Lara, Ciudad de M\u00e9xico 32:52.<\/p>\n<p style=\"text-align: justify\">De 35 a 39 a\u00f1os femenil primer sitio Ana Elizabeth Puga Ching, Benito Ju\u00e1rez 35:36; segundo Elena Lugo, Ciudad de M\u00e9xico 38:29; tercero Ana Cecilia Aldrete Mej\u00eda, Virreyes M\u00e9xico 39:10; en varonil primero Omar S. S\u00e1nchez G., SLP 33:36; segundo Alejandro Acosta Ram\u00edrez, SLP M\u00e9xico 33:38; tercero Jos\u00e9 Isaac V. de Rivera, HL, M\u00e9xico 33:56.<\/p>\n<p style=\"text-align: justify\">De 40 a 44 a\u00f1os femenil primer puesto Nora Elizabeth Rosas Castillo, SLP M\u00e9xico 41:05; segundo, Ingrid Quintana Gonz\u00e1lez, SLP M\u00e9xico 41:10; tercero Vanesa Cortes Colis, SLP M\u00e9xico 42:45; en varonil primer sitio Heriberto Trejo Sim\u00f3n, SLP M\u00e9xico 33:22; segundo Tereso Pinales Moreno, Zacatecas 33:50; tercero Alexandre Molina, Oaxaca M\u00e9xico 34:11.<\/p>\n<p style=\"text-align: justify\">De 45 a 49 a\u00f1os primer lugar femenil Hilda Guti\u00e9rrez Mota, Zacatecas M\u00e9xico 30:37; segundo, Liliana C. Lucas, Puerto Vallarta M\u00e9xico 40:28; tercero Beatriz Zavala Portales, SLP M\u00e9xico 42:09; en varonil primero R. Segundo Miranda, Puerto Monto 32:04; segundo J. Manuel V. Maldonado, de CA 32:49; tercero Eduardo Rodr\u00edguez Garc\u00eda, Monterrey, M\u00e9xico 33:57.<\/p>\n<p style=\"text-align: justify\">De 50 a 54 a\u00f1os femenil primer lugar Margarita Josefina Salgado, SLP M\u00e9xico 37:48; segundo Juana Mar\u00eda Meave Orozco, SLP M\u00e9xico 42:16; tercero Hortensia Edith, Ciudad de M\u00e9xico 42:26; en varonil primero Armando Mart\u00ednez, Tijuana M\u00e9xico 33:42; segundo Alberto Perales, Zacatecas 36:07; tercero Pablo Real, Tijuana M\u00e9xico 36:14.<\/p>\n<p style=\"text-align: justify\">En 55 a 59 a\u00f1os femenil primer lugar Rosal\u00eda Corona Becerra, Ciudad de M\u00e9xico 42:11; en varonil primer sitio Jes\u00fas Porfirio Uribe Fonseca, Tequisquiapan, M\u00e9xico 35:44; segundo Jorge M\u00e9ndez Romero, Monterrey 36:10; tercero Leonardo Llamas Jim\u00e9nez, Chihuahua, M\u00e9xico 37:56, cuarto Baltazar Castillo Casta\u00f1eda, SLP 38:35.<\/p>\n<p style=\"text-align: justify\">En 60-64 a\u00f1os femenil primer sitio Mar\u00eda D. Awad, Estado de M\u00e9xico 41:37; segundo Blanca Leticia Valdez, Saltillo 44:57; en varonil primero Javier Garc\u00eda Mu\u00f1oz, Tijuana 36:57; segundo Samuel Acevedo Blancas, Calera, M\u00e9xico 38:22; tercero Arturo Valencia del Toro, Saltillo 40:25.<\/p>\n<p style=\"text-align: justify\">En 65+ femenil primer lugar Luz Mar\u00eda Villasuso, SLP 1:00:34; en varonil primero Pedro Hern\u00e1n vernales, Chile 37:01; segundo Jes\u00fas Hern\u00e1ndez Preciado, SLP 39:36; tercero Juan Alfonso Guti\u00e9rrez Paz, Canc\u00fan 1:09:52.<\/p>\n","protected":false},"excerpt":{"rendered":"<p>A las siete de la ma\u00f1ana se dio el banderazo de salida para los m\u00e1s de 200 ciclistas que compiten en el UCI World Gran Fondo, en lo que fue la primera actividad se desarroll\u00f3 la prueba contrarreloj la cual result\u00f3 espectacular. Este domingo Soledad de Graciano S\u00e1nchez ser\u00e1 anfitri\u00f3n para recibir a la caravana [&hellip;]<\/p>\n","protected":false},"author":2,"featured_media":9604,"comment_status":"open","ping_status":"closed","sticky":false,"template":"","format":"standard","meta":{"footnotes":""},"categories":[17],"tags":[122],"class_list":["post-9603","post","type-post","status-publish","format-standard","has-post-thumbnail","hentry","category-localesyregionales","tag-ayuntamiento-sgs"],"yoast_head":"<!-- This site is optimized with the Yoast SEO plugin v27.4 - https:\/\/yoast.com\/product\/yoast-seo-wordpress\/ -->\n<title>Autoridades Soledenses premiaron a ganadores del primer d\u00eda de UCI World Gran Fondo 2019 - Canal 7 SLP - 2019<\/title>\n<meta name=\"robots\" content=\"index, follow, max-snippet:-1, max-image-preview:large, max-video-preview:-1\" \/>\n<link rel=\"canonical\" href=\"https:\/\/canal7slp.tv\/2019\/autoridades-soledenses-premiaron-a-ganadores-del-primer-dia-de-uci-world-gran-fondo-2019\/\" \/>\n<meta property=\"og:locale\" content=\"es_ES\" \/>\n<meta property=\"og:type\" content=\"article\" \/>\n<meta property=\"og:title\" content=\"Autoridades Soledenses premiaron a ganadores del primer d\u00eda de UCI World Gran Fondo 2019 - Canal 7 SLP - 2019\" \/>\n<meta property=\"og:description\" content=\"A las siete de la ma\u00f1ana se dio el banderazo de salida para los m\u00e1s de 200 ciclistas que compiten en el UCI World Gran Fondo, en lo que fue la primera actividad se desarroll\u00f3 la prueba contrarreloj la cual result\u00f3 espectacular. Este domingo Soledad de Graciano S\u00e1nchez ser\u00e1 anfitri\u00f3n para recibir a la caravana [&hellip;]\" \/>\n<meta property=\"og:url\" content=\"https:\/\/canal7slp.tv\/2019\/autoridades-soledenses-premiaron-a-ganadores-del-primer-dia-de-uci-world-gran-fondo-2019\/\" \/>\n<meta property=\"og:site_name\" content=\"Canal 7 SLP - 2019\" \/>\n<meta property=\"article:publisher\" content=\"https:\/\/www.facebook.com\/CANAL7SLP\/\" \/>\n<meta property=\"article:published_time\" content=\"2019-06-09T13:22:58+00:00\" \/>\n<meta property=\"article:modified_time\" content=\"2019-06-09T13:35:51+00:00\" \/>\n<meta property=\"og:image\" content=\"https:\/\/canal7slp.tv\/2019\/wp-content\/uploads\/2019\/06\/sgs1.jpeg\" \/>\n\t<meta property=\"og:image:width\" content=\"800\" \/>\n\t<meta property=\"og:image:height\" content=\"533\" \/>\n\t<meta property=\"og:image:type\" content=\"image\/jpeg\" \/>\n<meta name=\"author\" content=\"edicionweb\" \/>\n<meta name=\"twitter:card\" content=\"summary_large_image\" \/>\n<meta name=\"twitter:creator\" content=\"@canal7_slp\" \/>\n<meta name=\"twitter:site\" content=\"@canal7_slp\" \/>\n<meta name=\"twitter:label1\" content=\"Escrito por\" \/>\n\t<meta name=\"twitter:data1\" content=\"edicionweb\" \/>\n\t<meta name=\"twitter:label2\" content=\"Tiempo de lectura\" \/>\n\t<meta name=\"twitter:data2\" content=\"3 minutos\" \/>\n<script type=\"application\/ld+json\" class=\"yoast-schema-graph\">{\"@context\":\"https:\\\/\\\/schema.org\",\"@graph\":[{\"@type\":\"Article\",\"@id\":\"https:\\\/\\\/canal7slp.tv\\\/2019\\\/autoridades-soledenses-premiaron-a-ganadores-del-primer-dia-de-uci-world-gran-fondo-2019\\\/#article\",\"isPartOf\":{\"@id\":\"https:\\\/\\\/canal7slp.tv\\\/2019\\\/autoridades-soledenses-premiaron-a-ganadores-del-primer-dia-de-uci-world-gran-fondo-2019\\\/\"},\"author\":{\"name\":\"edicionweb\",\"@id\":\"https:\\\/\\\/canal7slp.tv\\\/2019\\\/#\\\/schema\\\/person\\\/11d941c1c6ca30ac0a46b95fa37aa2e3\"},\"headline\":\"Autoridades Soledenses premiaron a ganadores del primer d\u00eda de UCI World Gran Fondo 2019\",\"datePublished\":\"2019-06-09T13:22:58+00:00\",\"dateModified\":\"2019-06-09T13:35:51+00:00\",\"mainEntityOfPage\":{\"@id\":\"https:\\\/\\\/canal7slp.tv\\\/2019\\\/autoridades-soledenses-premiaron-a-ganadores-del-primer-dia-de-uci-world-gran-fondo-2019\\\/\"},\"wordCount\":645,\"commentCount\":0,\"publisher\":{\"@id\":\"https:\\\/\\\/canal7slp.tv\\\/2019\\\/#organization\"},\"image\":{\"@id\":\"https:\\\/\\\/canal7slp.tv\\\/2019\\\/autoridades-soledenses-premiaron-a-ganadores-del-primer-dia-de-uci-world-gran-fondo-2019\\\/#primaryimage\"},\"thumbnailUrl\":\"https:\\\/\\\/canal7slp.tv\\\/2019\\\/wp-content\\\/uploads\\\/2019\\\/06\\\/sgs1.jpeg\",\"keywords\":[\"Ayuntamiento SGS\"],\"articleSection\":[\"LOCALES Y REGIONALES\"],\"inLanguage\":\"es\",\"potentialAction\":[{\"@type\":\"CommentAction\",\"name\":\"Comment\",\"target\":[\"https:\\\/\\\/canal7slp.tv\\\/2019\\\/autoridades-soledenses-premiaron-a-ganadores-del-primer-dia-de-uci-world-gran-fondo-2019\\\/#respond\"]}]},{\"@type\":\"WebPage\",\"@id\":\"https:\\\/\\\/canal7slp.tv\\\/2019\\\/autoridades-soledenses-premiaron-a-ganadores-del-primer-dia-de-uci-world-gran-fondo-2019\\\/\",\"url\":\"https:\\\/\\\/canal7slp.tv\\\/2019\\\/autoridades-soledenses-premiaron-a-ganadores-del-primer-dia-de-uci-world-gran-fondo-2019\\\/\",\"name\":\"Autoridades Soledenses premiaron a ganadores del primer d\u00eda de UCI World Gran Fondo 2019 - Canal 7 SLP - 2019\",\"isPartOf\":{\"@id\":\"https:\\\/\\\/canal7slp.tv\\\/2019\\\/#website\"},\"primaryImageOfPage\":{\"@id\":\"https:\\\/\\\/canal7slp.tv\\\/2019\\\/autoridades-soledenses-premiaron-a-ganadores-del-primer-dia-de-uci-world-gran-fondo-2019\\\/#primaryimage\"},\"image\":{\"@id\":\"https:\\\/\\\/canal7slp.tv\\\/2019\\\/autoridades-soledenses-premiaron-a-ganadores-del-primer-dia-de-uci-world-gran-fondo-2019\\\/#primaryimage\"},\"thumbnailUrl\":\"https:\\\/\\\/canal7slp.tv\\\/2019\\\/wp-content\\\/uploads\\\/2019\\\/06\\\/sgs1.jpeg\",\"datePublished\":\"2019-06-09T13:22:58+00:00\",\"dateModified\":\"2019-06-09T13:35:51+00:00\",\"breadcrumb\":{\"@id\":\"https:\\\/\\\/canal7slp.tv\\\/2019\\\/autoridades-soledenses-premiaron-a-ganadores-del-primer-dia-de-uci-world-gran-fondo-2019\\\/#breadcrumb\"},\"inLanguage\":\"es\",\"potentialAction\":[{\"@type\":\"ReadAction\",\"target\":[\"https:\\\/\\\/canal7slp.tv\\\/2019\\\/autoridades-soledenses-premiaron-a-ganadores-del-primer-dia-de-uci-world-gran-fondo-2019\\\/\"]}]},{\"@type\":\"ImageObject\",\"inLanguage\":\"es\",\"@id\":\"https:\\\/\\\/canal7slp.tv\\\/2019\\\/autoridades-soledenses-premiaron-a-ganadores-del-primer-dia-de-uci-world-gran-fondo-2019\\\/#primaryimage\",\"url\":\"https:\\\/\\\/canal7slp.tv\\\/2019\\\/wp-content\\\/uploads\\\/2019\\\/06\\\/sgs1.jpeg\",\"contentUrl\":\"https:\\\/\\\/canal7slp.tv\\\/2019\\\/wp-content\\\/uploads\\\/2019\\\/06\\\/sgs1.jpeg\",\"width\":800,\"height\":533},{\"@type\":\"BreadcrumbList\",\"@id\":\"https:\\\/\\\/canal7slp.tv\\\/2019\\\/autoridades-soledenses-premiaron-a-ganadores-del-primer-dia-de-uci-world-gran-fondo-2019\\\/#breadcrumb\",\"itemListElement\":[{\"@type\":\"ListItem\",\"position\":1,\"name\":\"Home\",\"item\":\"https:\\\/\\\/canal7slp.tv\\\/2019\\\/\"},{\"@type\":\"ListItem\",\"position\":2,\"name\":\"Autoridades Soledenses premiaron a ganadores del primer d\u00eda de UCI World Gran Fondo 2019\"}]},{\"@type\":\"WebSite\",\"@id\":\"https:\\\/\\\/canal7slp.tv\\\/2019\\\/#website\",\"url\":\"https:\\\/\\\/canal7slp.tv\\\/2019\\\/\",\"name\":\"Canal 7 SLP - Somos TV\",\"description\":\"Somos un Canal de 10\",\"publisher\":{\"@id\":\"https:\\\/\\\/canal7slp.tv\\\/2019\\\/#organization\"},\"potentialAction\":[{\"@type\":\"SearchAction\",\"target\":{\"@type\":\"EntryPoint\",\"urlTemplate\":\"https:\\\/\\\/canal7slp.tv\\\/2019\\\/?s={search_term_string}\"},\"query-input\":{\"@type\":\"PropertyValueSpecification\",\"valueRequired\":true,\"valueName\":\"search_term_string\"}}],\"inLanguage\":\"es\"},{\"@type\":\"Organization\",\"@id\":\"https:\\\/\\\/canal7slp.tv\\\/2019\\\/#organization\",\"name\":\"Comunicaci\u00f3n 2000 S.A. de C.V.\",\"url\":\"https:\\\/\\\/canal7slp.tv\\\/2019\\\/\",\"logo\":{\"@type\":\"ImageObject\",\"inLanguage\":\"es\",\"@id\":\"https:\\\/\\\/canal7slp.tv\\\/2019\\\/#\\\/schema\\\/logo\\\/image\\\/\",\"url\":\"https:\\\/\\\/canal7slp.tv\\\/2019\\\/wp-content\\\/uploads\\\/2019\\\/07\\\/logo-c7.png\",\"contentUrl\":\"https:\\\/\\\/canal7slp.tv\\\/2019\\\/wp-content\\\/uploads\\\/2019\\\/07\\\/logo-c7.png\",\"width\":220,\"height\":60,\"caption\":\"Comunicaci\u00f3n 2000 S.A. de C.V.\"},\"image\":{\"@id\":\"https:\\\/\\\/canal7slp.tv\\\/2019\\\/#\\\/schema\\\/logo\\\/image\\\/\"},\"sameAs\":[\"https:\\\/\\\/www.facebook.com\\\/CANAL7SLP\\\/\",\"https:\\\/\\\/x.com\\\/canal7_slp\",\"https:\\\/\\\/www.instagram.com\\\/canal7_slp\",\"https:\\\/\\\/www.youtube.com\\\/user\\\/NOTICIEROSCANAL7SLP\\\/\"]},{\"@type\":\"Person\",\"@id\":\"https:\\\/\\\/canal7slp.tv\\\/2019\\\/#\\\/schema\\\/person\\\/11d941c1c6ca30ac0a46b95fa37aa2e3\",\"name\":\"edicionweb\",\"image\":{\"@type\":\"ImageObject\",\"inLanguage\":\"es\",\"@id\":\"https:\\\/\\\/secure.gravatar.com\\\/avatar\\\/eee448fc3f7164808013b816ba91ac7e43bbe82a70bebac296f8bc6f0addaa1a?s=96&d=mm&r=g\",\"url\":\"https:\\\/\\\/secure.gravatar.com\\\/avatar\\\/eee448fc3f7164808013b816ba91ac7e43bbe82a70bebac296f8bc6f0addaa1a?s=96&d=mm&r=g\",\"contentUrl\":\"https:\\\/\\\/secure.gravatar.com\\\/avatar\\\/eee448fc3f7164808013b816ba91ac7e43bbe82a70bebac296f8bc6f0addaa1a?s=96&d=mm&r=g\",\"caption\":\"edicionweb\"}}]}<\/script>\n<!-- \/ Yoast SEO plugin. -->","yoast_head_json":{"title":"Autoridades Soledenses premiaron a ganadores del primer d\u00eda de UCI World Gran Fondo 2019 - Canal 7 SLP - 2019","robots":{"index":"index","follow":"follow","max-snippet":"max-snippet:-1","max-image-preview":"max-image-preview:large","max-video-preview":"max-video-preview:-1"},"canonical":"https:\/\/canal7slp.tv\/2019\/autoridades-soledenses-premiaron-a-ganadores-del-primer-dia-de-uci-world-gran-fondo-2019\/","og_locale":"es_ES","og_type":"article","og_title":"Autoridades Soledenses premiaron a ganadores del primer d\u00eda de UCI World Gran Fondo 2019 - Canal 7 SLP - 2019","og_description":"A las siete de la ma\u00f1ana se dio el banderazo de salida para los m\u00e1s de 200 ciclistas que compiten en el UCI World Gran Fondo, en lo que fue la primera actividad se desarroll\u00f3 la prueba contrarreloj la cual result\u00f3 espectacular. Este domingo Soledad de Graciano S\u00e1nchez ser\u00e1 anfitri\u00f3n para recibir a la caravana [&hellip;]","og_url":"https:\/\/canal7slp.tv\/2019\/autoridades-soledenses-premiaron-a-ganadores-del-primer-dia-de-uci-world-gran-fondo-2019\/","og_site_name":"Canal 7 SLP - 2019","article_publisher":"https:\/\/www.facebook.com\/CANAL7SLP\/","article_published_time":"2019-06-09T13:22:58+00:00","article_modified_time":"2019-06-09T13:35:51+00:00","og_image":[{"width":800,"height":533,"url":"https:\/\/canal7slp.tv\/2019\/wp-content\/uploads\/2019\/06\/sgs1.jpeg","type":"image\/jpeg"}],"author":"edicionweb","twitter_card":"summary_large_image","twitter_creator":"@canal7_slp","twitter_site":"@canal7_slp","twitter_misc":{"Escrito por":"edicionweb","Tiempo de lectura":"3 minutos"},"schema":{"@context":"https:\/\/schema.org","@graph":[{"@type":"Article","@id":"https:\/\/canal7slp.tv\/2019\/autoridades-soledenses-premiaron-a-ganadores-del-primer-dia-de-uci-world-gran-fondo-2019\/#article","isPartOf":{"@id":"https:\/\/canal7slp.tv\/2019\/autoridades-soledenses-premiaron-a-ganadores-del-primer-dia-de-uci-world-gran-fondo-2019\/"},"author":{"name":"edicionweb","@id":"https:\/\/canal7slp.tv\/2019\/#\/schema\/person\/11d941c1c6ca30ac0a46b95fa37aa2e3"},"headline":"Autoridades Soledenses premiaron a ganadores del primer d\u00eda de UCI World Gran Fondo 2019","datePublished":"2019-06-09T13:22:58+00:00","dateModified":"2019-06-09T13:35:51+00:00","mainEntityOfPage":{"@id":"https:\/\/canal7slp.tv\/2019\/autoridades-soledenses-premiaron-a-ganadores-del-primer-dia-de-uci-world-gran-fondo-2019\/"},"wordCount":645,"commentCount":0,"publisher":{"@id":"https:\/\/canal7slp.tv\/2019\/#organization"},"image":{"@id":"https:\/\/canal7slp.tv\/2019\/autoridades-soledenses-premiaron-a-ganadores-del-primer-dia-de-uci-world-gran-fondo-2019\/#primaryimage"},"thumbnailUrl":"https:\/\/canal7slp.tv\/2019\/wp-content\/uploads\/2019\/06\/sgs1.jpeg","keywords":["Ayuntamiento SGS"],"articleSection":["LOCALES Y REGIONALES"],"inLanguage":"es","potentialAction":[{"@type":"CommentAction","name":"Comment","target":["https:\/\/canal7slp.tv\/2019\/autoridades-soledenses-premiaron-a-ganadores-del-primer-dia-de-uci-world-gran-fondo-2019\/#respond"]}]},{"@type":"WebPage","@id":"https:\/\/canal7slp.tv\/2019\/autoridades-soledenses-premiaron-a-ganadores-del-primer-dia-de-uci-world-gran-fondo-2019\/","url":"https:\/\/canal7slp.tv\/2019\/autoridades-soledenses-premiaron-a-ganadores-del-primer-dia-de-uci-world-gran-fondo-2019\/","name":"Autoridades Soledenses premiaron a ganadores del primer d\u00eda de UCI World Gran Fondo 2019 - Canal 7 SLP - 2019","isPartOf":{"@id":"https:\/\/canal7slp.tv\/2019\/#website"},"primaryImageOfPage":{"@id":"https:\/\/canal7slp.tv\/2019\/autoridades-soledenses-premiaron-a-ganadores-del-primer-dia-de-uci-world-gran-fondo-2019\/#primaryimage"},"image":{"@id":"https:\/\/canal7slp.tv\/2019\/autoridades-soledenses-premiaron-a-ganadores-del-primer-dia-de-uci-world-gran-fondo-2019\/#primaryimage"},"thumbnailUrl":"https:\/\/canal7slp.tv\/2019\/wp-content\/uploads\/2019\/06\/sgs1.jpeg","datePublished":"2019-06-09T13:22:58+00:00","dateModified":"2019-06-09T13:35:51+00:00","breadcrumb":{"@id":"https:\/\/canal7slp.tv\/2019\/autoridades-soledenses-premiaron-a-ganadores-del-primer-dia-de-uci-world-gran-fondo-2019\/#breadcrumb"},"inLanguage":"es","potentialAction":[{"@type":"ReadAction","target":["https:\/\/canal7slp.tv\/2019\/autoridades-soledenses-premiaron-a-ganadores-del-primer-dia-de-uci-world-gran-fondo-2019\/"]}]},{"@type":"ImageObject","inLanguage":"es","@id":"https:\/\/canal7slp.tv\/2019\/autoridades-soledenses-premiaron-a-ganadores-del-primer-dia-de-uci-world-gran-fondo-2019\/#primaryimage","url":"https:\/\/canal7slp.tv\/2019\/wp-content\/uploads\/2019\/06\/sgs1.jpeg","contentUrl":"https:\/\/canal7slp.tv\/2019\/wp-content\/uploads\/2019\/06\/sgs1.jpeg","width":800,"height":533},{"@type":"BreadcrumbList","@id":"https:\/\/canal7slp.tv\/2019\/autoridades-soledenses-premiaron-a-ganadores-del-primer-dia-de-uci-world-gran-fondo-2019\/#breadcrumb","itemListElement":[{"@type":"ListItem","position":1,"name":"Home","item":"https:\/\/canal7slp.tv\/2019\/"},{"@type":"ListItem","position":2,"name":"Autoridades Soledenses premiaron a ganadores del primer d\u00eda de UCI World Gran Fondo 2019"}]},{"@type":"WebSite","@id":"https:\/\/canal7slp.tv\/2019\/#website","url":"https:\/\/canal7slp.tv\/2019\/","name":"Canal 7 SLP - Somos TV","description":"Somos un Canal de 10","publisher":{"@id":"https:\/\/canal7slp.tv\/2019\/#organization"},"potentialAction":[{"@type":"SearchAction","target":{"@type":"EntryPoint","urlTemplate":"https:\/\/canal7slp.tv\/2019\/?s={search_term_string}"},"query-input":{"@type":"PropertyValueSpecification","valueRequired":true,"valueName":"search_term_string"}}],"inLanguage":"es"},{"@type":"Organization","@id":"https:\/\/canal7slp.tv\/2019\/#organization","name":"Comunicaci\u00f3n 2000 S.A. de C.V.","url":"https:\/\/canal7slp.tv\/2019\/","logo":{"@type":"ImageObject","inLanguage":"es","@id":"https:\/\/canal7slp.tv\/2019\/#\/schema\/logo\/image\/","url":"https:\/\/canal7slp.tv\/2019\/wp-content\/uploads\/2019\/07\/logo-c7.png","contentUrl":"https:\/\/canal7slp.tv\/2019\/wp-content\/uploads\/2019\/07\/logo-c7.png","width":220,"height":60,"caption":"Comunicaci\u00f3n 2000 S.A. de C.V."},"image":{"@id":"https:\/\/canal7slp.tv\/2019\/#\/schema\/logo\/image\/"},"sameAs":["https:\/\/www.facebook.com\/CANAL7SLP\/","https:\/\/x.com\/canal7_slp","https:\/\/www.instagram.com\/canal7_slp","https:\/\/www.youtube.com\/user\/NOTICIEROSCANAL7SLP\/"]},{"@type":"Person","@id":"https:\/\/canal7slp.tv\/2019\/#\/schema\/person\/11d941c1c6ca30ac0a46b95fa37aa2e3","name":"edicionweb","image":{"@type":"ImageObject","inLanguage":"es","@id":"https:\/\/secure.gravatar.com\/avatar\/eee448fc3f7164808013b816ba91ac7e43bbe82a70bebac296f8bc6f0addaa1a?s=96&d=mm&r=g","url":"https:\/\/secure.gravatar.com\/avatar\/eee448fc3f7164808013b816ba91ac7e43bbe82a70bebac296f8bc6f0addaa1a?s=96&d=mm&r=g","contentUrl":"https:\/\/secure.gravatar.com\/avatar\/eee448fc3f7164808013b816ba91ac7e43bbe82a70bebac296f8bc6f0addaa1a?s=96&d=mm&r=g","caption":"edicionweb"}}]}},"amp_enabled":true,"cmb2":{"video_ids_in_playlist":{"vid_p_videos":""},"video_ids_in_channel":{"vid_c_videos":""},"playlist_ids_in_channel":{"vid_c_playlists":""},"series_ids_in_channel":{"vid_c_series":""},"channel_images":{"vid_c_logo":"","vid_c_banner":""},"poster_feature_image":{"vid_m_poster_image":""},"gif_feature_image":{"vid_m_gif_image":""},"video_movie_settings":{"vid_m_director":"","vid_m_actor":"","vid_m_imdb_ratings":"","vid_m_amazon_associates":""},"vid_youtube_broadcasts_settings":{"vid_yb_broadcast_title":"","vid_yb_q":"","vid_yb_channelid":"","vid_yb_videocategoryid":"","vid_yb_maxresults":"","vid_yb_order":"","vid_yb_regioncode":"","vid_yb_videosyndicated":"","vid_yb_style":"","vid_yb_reload_first":""},"video_series_settings":{"vid_m_director":"","vid_m_actor":"","vid_m_imdb_ratings":"","video_series_group":""},"amazon_associates_settings":{"amazon_associates":"","amazon_native_ad":""},"vid_youtube_automatic_settings":{"vid_ya_youtube_source":"","vid_ya_update_every":"","vid_ya_update_unit":"","vid_ya_categories":"","vid_ya_published_after":"","vid_ya_published_before":"","vid_ya_playlists":"","vid_ya_channels":"","vid_ya_director":"","vid_ya_actor":"","vid_ya_author":"","vid_ya_import_post_date":"","vid_ya_status":"","vid_ya_sub_api_key":""},"vid_ads_m_videoads_settings_post":{"vid_ads_m_video_ads":"","vid_ads_m_video_ads_type":"","vid_ads_m_group_google_ima":"","vid_ads_m_group_image":"","vid_ads_m_group_html5_video":"","vid_ads_m_group_html":"","vid_ads_m_vast_preroll":"","vid_ads_m_vast_postroll":"","vid_ads_m_vast_pauseroll":"","vid_ads_m_vast_midroll":[{"vid_ads_m_vast_timer_seconds":"50"}],"vid_ads_m_time_to_show_ads":"","vid_ads_m_time_skip_ads":"","vid_ads_m_time_to_hide_ads":""},"page_slider_settings":{"display_slider_group":"","page_slider_group":""},"blog_page_settings":{"blog_page_title":"","blog_page_heading":"","blog_page_ic":"","blog_page_it":"","blog_page_ec":"","blog_page_ip":"","archive_loop_style":"","blog_image_ratio":"","blog_show_categories":"","blog_show_excerpt":"","blog_show_author":"","blog_show_date":"","blog_show_comment_count":"","blog_show_view_count":"","blog_show_like_count":"","blog_show_dislike_count":"","blog_items_per_page":"","blog_pag_type":""},"page_options":{"get_page_template":"","color_mode":"","main_layout":"","main_layout_full_with":"","main_logo":"","main_logo_retina":"","main_logo_mobile":"","main_logo_mobile_retina":"","sticky_logo":"","sticky_logo_retina":"","main_nav_layout":"","ajax_search":"","header_background":"","theme_sidebar":"","instagram_feed":"","instagram_feed_position":"","popular_videos":"","popular_videos_title_1":"","popular_videos_title_2":"","popular_videos_ic":"","popular_videos_it":"","theme_background":"","page_custom_css":""},"feature_image_settings":{"feature_image_position":""},"video_player_settings":{"single_video_style":"","video_player_position":"","vm_video_url":"","video_player_library":"","video_streaming":"","vm_media_sources":"","vid_auto_play":"","vm_video_shortcode":"","vid_p_sync_playlist":"","vid_c_sync_channel":"","get_post_format":"","multiple_links_structure":"default","multi_links_title":"","vm_video_multi_links":"","vm_duration":"","vid_social_locker":"off","vid_social_locker_id":"","vid_membership_action":"content-video","vm_video_trailer_url":"","vid_download_type":"free","vid_download_target":"download","vid_woo_product":"","vm_media_download":"","user_rating":"","user_rating_position":"","user_rating_mode":"","user_rating_multi_sets":""},"video_auto_fetch_settings":{"vm_video_fetch":"on"},"video_fake_views_likes":{"vm_fake_views":"","vm_fake_likes":"","vm_fake_dislikes":""},"gallery_settings":{"gallery_position":""},"quote_settings":{"quote_position":""},"post_options":{"main_layout":"","main_logo":"","main_logo_retina":"","main_logo_mobile":"","main_logo_mobile_retina":"","sticky_logo":"","sticky_logo_retina":"","main_nav_layout":"","header_background":"","theme_sidebar":"","single_post_comment_type":"","theme_background":""}},"_links":{"self":[{"href":"https:\/\/canal7slp.tv\/2019\/wp-json\/wp\/v2\/posts\/9603","targetHints":{"allow":["GET"]}}],"collection":[{"href":"https:\/\/canal7slp.tv\/2019\/wp-json\/wp\/v2\/posts"}],"about":[{"href":"https:\/\/canal7slp.tv\/2019\/wp-json\/wp\/v2\/types\/post"}],"author":[{"embeddable":true,"href":"https:\/\/canal7slp.tv\/2019\/wp-json\/wp\/v2\/users\/2"}],"replies":[{"embeddable":true,"href":"https:\/\/canal7slp.tv\/2019\/wp-json\/wp\/v2\/comments?post=9603"}],"version-history":[{"count":0,"href":"https:\/\/canal7slp.tv\/2019\/wp-json\/wp\/v2\/posts\/9603\/revisions"}],"wp:featuredmedia":[{"embeddable":true,"href":"https:\/\/canal7slp.tv\/2019\/wp-json\/wp\/v2\/media\/9604"}],"wp:attachment":[{"href":"https:\/\/canal7slp.tv\/2019\/wp-json\/wp\/v2\/media?parent=9603"}],"wp:term":[{"taxonomy":"category","embeddable":true,"href":"https:\/\/canal7slp.tv\/2019\/wp-json\/wp\/v2\/categories?post=9603"},{"taxonomy":"post_tag","embeddable":true,"href":"https:\/\/canal7slp.tv\/2019\/wp-json\/wp\/v2\/tags?post=9603"}],"curies":[{"name":"wp","href":"https:\/\/api.w.org\/{rel}","templated":true}]}}