{"id":9594,"date":"2019-06-09T08:06:13","date_gmt":"2019-06-09T13:06:13","guid":{"rendered":"https:\/\/canal7slp.tv\/2019\/?p=9594"},"modified":"2019-06-09T08:06:13","modified_gmt":"2019-06-09T13:06:13","slug":"promovera-ecologia-municipal-programa-de-movilidad-para-trabajadores-municipales","status":"publish","type":"post","link":"https:\/\/canal7slp.tv\/2019\/promovera-ecologia-municipal-programa-de-movilidad-para-trabajadores-municipales\/","title":{"rendered":"Promover\u00e1 ecolog\u00eda municipal programa de movilidad para trabajadores municipales"},"content":{"rendered":"<p style=\"text-align: justify\">SLP.- El Director de Ecolog\u00eda Municipal Israel Esparza Rodr\u00edguez detall\u00f3 que en unas pocas semanas m\u00e1s se llevar\u00e1 a cabo un programa con el fin de incentivar la movilidad y promover el uso de la bicicleta con los trabajadores de la Unidad Administrativa Municipal.<\/p>\n<p style=\"text-align: justify\">\u201cSi lo quieres implementar con el resto de la ciudadan\u00eda debes comenzar en la casa, ese es nuestro lema, por eso iniciaremos el programa implement\u00e1ndolo principalmente con nosotros los servidores p\u00fablicos para despu\u00e9s aplicarlo con el resto de los potosinos\u201d se\u00f1al\u00f3 Esparza Rodr\u00edguez.<\/p>\n<p style=\"text-align: justify\">Indic\u00f3 que previamente se adquirieron 40 bicicletas las cuales ser\u00e1n usadas por los inspectores y trabajadores del ayuntamiento que realizan su labor fuera de la propia oficina para as\u00ed promover el uso de este medio de transporte y al mismo tiempo disminuir el uso de los autom\u00f3viles motorizados.<\/p>\n<p style=\"text-align: justify\">\u201cSi nuestros cuerpo de trabajadores municipales tienen alg\u00fan tipo de encargo, tarea por revisar o inspecci\u00f3n dentro de un per\u00edmetro determinado por esta direcci\u00f3n el uso de bicicleta ser\u00e1 el \u00fanico medio para realizarlo\u201d coment\u00f3 el funcionario.<\/p>\n<p style=\"text-align: justify\">Del mismo modo explic\u00f3 que se dividi\u00f3 la ciudad en tres per\u00edmetros; zona A abarca el centro hist\u00f3rico, B y C son zonas m\u00e1s alejadas de la ciudad, \u201csi los labores son llevadas a cabo en la zona \u201cA\u201d, se har\u00e1 uso de bicicletas, en la zona \u201cB\u201d el medio de transporte ser\u00e1 con bicicletas el\u00e9ctricas y motocicletas y por \u00faltimo las zona \u201cC\u201d que son per\u00edmetros m\u00e1s alejados de la ciudad se har\u00e1 la excepci\u00f3n y se usar\u00e1 otro medio de transporte alternativo\u201d indic\u00f3 Esparza Rodr\u00edguez.<\/p>\n<p style=\"text-align: justify\">Por \u00faltimo agreg\u00f3 que de igual manera con los administrativos se estar\u00e1 trabajando para incentivar el uso de la bicicleta de una a dos veces por semana \u201cpr\u00f3ximamente a la implementaci\u00f3n en la direcci\u00f3n de Ecolog\u00eda, se extender\u00e1 este programa a las dem\u00e1s direcciones para iniciar la socializaci\u00f3n del uso de las ciclov\u00edas en San Luis Potos\u00ed\u201d finaliz\u00f3 Esparza Rodr\u00edguez.<\/p>\n","protected":false},"excerpt":{"rendered":"<p>SLP.- El Director de Ecolog\u00eda Municipal Israel Esparza Rodr\u00edguez detall\u00f3 que en unas pocas semanas m\u00e1s se llevar\u00e1 a cabo un programa con el fin de incentivar la movilidad y promover el uso de la bicicleta con los trabajadores de la Unidad Administrativa Municipal. \u201cSi lo quieres implementar con el resto de la ciudadan\u00eda debes [&hellip;]<\/p>\n","protected":false},"author":2,"featured_media":9595,"comment_status":"open","ping_status":"closed","sticky":false,"template":"","format":"standard","meta":{"footnotes":""},"categories":[17],"tags":[],"class_list":["post-9594","post","type-post","status-publish","format-standard","has-post-thumbnail","hentry","category-localesyregionales"],"yoast_head":"<!-- This site is optimized with the Yoast SEO plugin v27.4 - https:\/\/yoast.com\/product\/yoast-seo-wordpress\/ -->\n<title>Promover\u00e1 ecolog\u00eda municipal programa de movilidad para trabajadores municipales - Canal 7 SLP - 2019<\/title>\n<meta name=\"robots\" content=\"index, follow, max-snippet:-1, max-image-preview:large, max-video-preview:-1\" \/>\n<link rel=\"canonical\" href=\"https:\/\/canal7slp.tv\/2019\/promovera-ecologia-municipal-programa-de-movilidad-para-trabajadores-municipales\/\" \/>\n<meta property=\"og:locale\" content=\"es_ES\" \/>\n<meta property=\"og:type\" content=\"article\" \/>\n<meta property=\"og:title\" content=\"Promover\u00e1 ecolog\u00eda municipal programa de movilidad para trabajadores municipales - Canal 7 SLP - 2019\" \/>\n<meta property=\"og:description\" content=\"SLP.- El Director de Ecolog\u00eda Municipal Israel Esparza Rodr\u00edguez detall\u00f3 que en unas pocas semanas m\u00e1s se llevar\u00e1 a cabo un programa con el fin de incentivar la movilidad y promover el uso de la bicicleta con los trabajadores de la Unidad Administrativa Municipal. \u201cSi lo quieres implementar con el resto de la ciudadan\u00eda debes [&hellip;]\" \/>\n<meta property=\"og:url\" content=\"https:\/\/canal7slp.tv\/2019\/promovera-ecologia-municipal-programa-de-movilidad-para-trabajadores-municipales\/\" \/>\n<meta property=\"og:site_name\" content=\"Canal 7 SLP - 2019\" \/>\n<meta property=\"article:publisher\" content=\"https:\/\/www.facebook.com\/CANAL7SLP\/\" \/>\n<meta property=\"article:published_time\" content=\"2019-06-09T13:06:13+00:00\" \/>\n<meta property=\"og:image\" content=\"https:\/\/canal7slp.tv\/2019\/wp-content\/uploads\/2019\/06\/ayu3-2.jpg\" \/>\n\t<meta property=\"og:image:width\" content=\"640\" \/>\n\t<meta property=\"og:image:height\" content=\"427\" \/>\n\t<meta property=\"og:image:type\" content=\"image\/jpeg\" \/>\n<meta name=\"author\" content=\"edicionweb\" \/>\n<meta name=\"twitter:card\" content=\"summary_large_image\" \/>\n<meta name=\"twitter:creator\" content=\"@canal7_slp\" \/>\n<meta name=\"twitter:site\" content=\"@canal7_slp\" \/>\n<meta name=\"twitter:label1\" content=\"Escrito por\" \/>\n\t<meta name=\"twitter:data1\" content=\"edicionweb\" \/>\n\t<meta name=\"twitter:label2\" content=\"Tiempo de lectura\" \/>\n\t<meta name=\"twitter:data2\" content=\"2 minutos\" \/>\n<script type=\"application\/ld+json\" class=\"yoast-schema-graph\">{\"@context\":\"https:\\\/\\\/schema.org\",\"@graph\":[{\"@type\":\"Article\",\"@id\":\"https:\\\/\\\/canal7slp.tv\\\/2019\\\/promovera-ecologia-municipal-programa-de-movilidad-para-trabajadores-municipales\\\/#article\",\"isPartOf\":{\"@id\":\"https:\\\/\\\/canal7slp.tv\\\/2019\\\/promovera-ecologia-municipal-programa-de-movilidad-para-trabajadores-municipales\\\/\"},\"author\":{\"name\":\"edicionweb\",\"@id\":\"https:\\\/\\\/canal7slp.tv\\\/2019\\\/#\\\/schema\\\/person\\\/11d941c1c6ca30ac0a46b95fa37aa2e3\"},\"headline\":\"Promover\u00e1 ecolog\u00eda municipal programa de movilidad para trabajadores municipales\",\"datePublished\":\"2019-06-09T13:06:13+00:00\",\"mainEntityOfPage\":{\"@id\":\"https:\\\/\\\/canal7slp.tv\\\/2019\\\/promovera-ecologia-municipal-programa-de-movilidad-para-trabajadores-municipales\\\/\"},\"wordCount\":360,\"commentCount\":0,\"publisher\":{\"@id\":\"https:\\\/\\\/canal7slp.tv\\\/2019\\\/#organization\"},\"image\":{\"@id\":\"https:\\\/\\\/canal7slp.tv\\\/2019\\\/promovera-ecologia-municipal-programa-de-movilidad-para-trabajadores-municipales\\\/#primaryimage\"},\"thumbnailUrl\":\"https:\\\/\\\/canal7slp.tv\\\/2019\\\/wp-content\\\/uploads\\\/2019\\\/06\\\/ayu3-2.jpg\",\"articleSection\":[\"LOCALES Y REGIONALES\"],\"inLanguage\":\"es\",\"potentialAction\":[{\"@type\":\"CommentAction\",\"name\":\"Comment\",\"target\":[\"https:\\\/\\\/canal7slp.tv\\\/2019\\\/promovera-ecologia-municipal-programa-de-movilidad-para-trabajadores-municipales\\\/#respond\"]}]},{\"@type\":\"WebPage\",\"@id\":\"https:\\\/\\\/canal7slp.tv\\\/2019\\\/promovera-ecologia-municipal-programa-de-movilidad-para-trabajadores-municipales\\\/\",\"url\":\"https:\\\/\\\/canal7slp.tv\\\/2019\\\/promovera-ecologia-municipal-programa-de-movilidad-para-trabajadores-municipales\\\/\",\"name\":\"Promover\u00e1 ecolog\u00eda municipal programa de movilidad para trabajadores municipales - Canal 7 SLP - 2019\",\"isPartOf\":{\"@id\":\"https:\\\/\\\/canal7slp.tv\\\/2019\\\/#website\"},\"primaryImageOfPage\":{\"@id\":\"https:\\\/\\\/canal7slp.tv\\\/2019\\\/promovera-ecologia-municipal-programa-de-movilidad-para-trabajadores-municipales\\\/#primaryimage\"},\"image\":{\"@id\":\"https:\\\/\\\/canal7slp.tv\\\/2019\\\/promovera-ecologia-municipal-programa-de-movilidad-para-trabajadores-municipales\\\/#primaryimage\"},\"thumbnailUrl\":\"https:\\\/\\\/canal7slp.tv\\\/2019\\\/wp-content\\\/uploads\\\/2019\\\/06\\\/ayu3-2.jpg\",\"datePublished\":\"2019-06-09T13:06:13+00:00\",\"breadcrumb\":{\"@id\":\"https:\\\/\\\/canal7slp.tv\\\/2019\\\/promovera-ecologia-municipal-programa-de-movilidad-para-trabajadores-municipales\\\/#breadcrumb\"},\"inLanguage\":\"es\",\"potentialAction\":[{\"@type\":\"ReadAction\",\"target\":[\"https:\\\/\\\/canal7slp.tv\\\/2019\\\/promovera-ecologia-municipal-programa-de-movilidad-para-trabajadores-municipales\\\/\"]}]},{\"@type\":\"ImageObject\",\"inLanguage\":\"es\",\"@id\":\"https:\\\/\\\/canal7slp.tv\\\/2019\\\/promovera-ecologia-municipal-programa-de-movilidad-para-trabajadores-municipales\\\/#primaryimage\",\"url\":\"https:\\\/\\\/canal7slp.tv\\\/2019\\\/wp-content\\\/uploads\\\/2019\\\/06\\\/ayu3-2.jpg\",\"contentUrl\":\"https:\\\/\\\/canal7slp.tv\\\/2019\\\/wp-content\\\/uploads\\\/2019\\\/06\\\/ayu3-2.jpg\",\"width\":640,\"height\":427},{\"@type\":\"BreadcrumbList\",\"@id\":\"https:\\\/\\\/canal7slp.tv\\\/2019\\\/promovera-ecologia-municipal-programa-de-movilidad-para-trabajadores-municipales\\\/#breadcrumb\",\"itemListElement\":[{\"@type\":\"ListItem\",\"position\":1,\"name\":\"Home\",\"item\":\"https:\\\/\\\/canal7slp.tv\\\/2019\\\/\"},{\"@type\":\"ListItem\",\"position\":2,\"name\":\"Promover\u00e1 ecolog\u00eda municipal programa de movilidad para trabajadores municipales\"}]},{\"@type\":\"WebSite\",\"@id\":\"https:\\\/\\\/canal7slp.tv\\\/2019\\\/#website\",\"url\":\"https:\\\/\\\/canal7slp.tv\\\/2019\\\/\",\"name\":\"Canal 7 SLP - Somos TV\",\"description\":\"Somos un Canal de 10\",\"publisher\":{\"@id\":\"https:\\\/\\\/canal7slp.tv\\\/2019\\\/#organization\"},\"potentialAction\":[{\"@type\":\"SearchAction\",\"target\":{\"@type\":\"EntryPoint\",\"urlTemplate\":\"https:\\\/\\\/canal7slp.tv\\\/2019\\\/?s={search_term_string}\"},\"query-input\":{\"@type\":\"PropertyValueSpecification\",\"valueRequired\":true,\"valueName\":\"search_term_string\"}}],\"inLanguage\":\"es\"},{\"@type\":\"Organization\",\"@id\":\"https:\\\/\\\/canal7slp.tv\\\/2019\\\/#organization\",\"name\":\"Comunicaci\u00f3n 2000 S.A. de C.V.\",\"url\":\"https:\\\/\\\/canal7slp.tv\\\/2019\\\/\",\"logo\":{\"@type\":\"ImageObject\",\"inLanguage\":\"es\",\"@id\":\"https:\\\/\\\/canal7slp.tv\\\/2019\\\/#\\\/schema\\\/logo\\\/image\\\/\",\"url\":\"https:\\\/\\\/canal7slp.tv\\\/2019\\\/wp-content\\\/uploads\\\/2019\\\/07\\\/logo-c7.png\",\"contentUrl\":\"https:\\\/\\\/canal7slp.tv\\\/2019\\\/wp-content\\\/uploads\\\/2019\\\/07\\\/logo-c7.png\",\"width\":220,\"height\":60,\"caption\":\"Comunicaci\u00f3n 2000 S.A. de C.V.\"},\"image\":{\"@id\":\"https:\\\/\\\/canal7slp.tv\\\/2019\\\/#\\\/schema\\\/logo\\\/image\\\/\"},\"sameAs\":[\"https:\\\/\\\/www.facebook.com\\\/CANAL7SLP\\\/\",\"https:\\\/\\\/x.com\\\/canal7_slp\",\"https:\\\/\\\/www.instagram.com\\\/canal7_slp\",\"https:\\\/\\\/www.youtube.com\\\/user\\\/NOTICIEROSCANAL7SLP\\\/\"]},{\"@type\":\"Person\",\"@id\":\"https:\\\/\\\/canal7slp.tv\\\/2019\\\/#\\\/schema\\\/person\\\/11d941c1c6ca30ac0a46b95fa37aa2e3\",\"name\":\"edicionweb\",\"image\":{\"@type\":\"ImageObject\",\"inLanguage\":\"es\",\"@id\":\"https:\\\/\\\/secure.gravatar.com\\\/avatar\\\/eee448fc3f7164808013b816ba91ac7e43bbe82a70bebac296f8bc6f0addaa1a?s=96&d=mm&r=g\",\"url\":\"https:\\\/\\\/secure.gravatar.com\\\/avatar\\\/eee448fc3f7164808013b816ba91ac7e43bbe82a70bebac296f8bc6f0addaa1a?s=96&d=mm&r=g\",\"contentUrl\":\"https:\\\/\\\/secure.gravatar.com\\\/avatar\\\/eee448fc3f7164808013b816ba91ac7e43bbe82a70bebac296f8bc6f0addaa1a?s=96&d=mm&r=g\",\"caption\":\"edicionweb\"}}]}<\/script>\n<!-- \/ Yoast SEO plugin. -->","yoast_head_json":{"title":"Promover\u00e1 ecolog\u00eda municipal programa de movilidad para trabajadores municipales - Canal 7 SLP - 2019","robots":{"index":"index","follow":"follow","max-snippet":"max-snippet:-1","max-image-preview":"max-image-preview:large","max-video-preview":"max-video-preview:-1"},"canonical":"https:\/\/canal7slp.tv\/2019\/promovera-ecologia-municipal-programa-de-movilidad-para-trabajadores-municipales\/","og_locale":"es_ES","og_type":"article","og_title":"Promover\u00e1 ecolog\u00eda municipal programa de movilidad para trabajadores municipales - Canal 7 SLP - 2019","og_description":"SLP.- El Director de Ecolog\u00eda Municipal Israel Esparza Rodr\u00edguez detall\u00f3 que en unas pocas semanas m\u00e1s se llevar\u00e1 a cabo un programa con el fin de incentivar la movilidad y promover el uso de la bicicleta con los trabajadores de la Unidad Administrativa Municipal. \u201cSi lo quieres implementar con el resto de la ciudadan\u00eda debes [&hellip;]","og_url":"https:\/\/canal7slp.tv\/2019\/promovera-ecologia-municipal-programa-de-movilidad-para-trabajadores-municipales\/","og_site_name":"Canal 7 SLP - 2019","article_publisher":"https:\/\/www.facebook.com\/CANAL7SLP\/","article_published_time":"2019-06-09T13:06:13+00:00","og_image":[{"width":640,"height":427,"url":"https:\/\/canal7slp.tv\/2019\/wp-content\/uploads\/2019\/06\/ayu3-2.jpg","type":"image\/jpeg"}],"author":"edicionweb","twitter_card":"summary_large_image","twitter_creator":"@canal7_slp","twitter_site":"@canal7_slp","twitter_misc":{"Escrito por":"edicionweb","Tiempo de lectura":"2 minutos"},"schema":{"@context":"https:\/\/schema.org","@graph":[{"@type":"Article","@id":"https:\/\/canal7slp.tv\/2019\/promovera-ecologia-municipal-programa-de-movilidad-para-trabajadores-municipales\/#article","isPartOf":{"@id":"https:\/\/canal7slp.tv\/2019\/promovera-ecologia-municipal-programa-de-movilidad-para-trabajadores-municipales\/"},"author":{"name":"edicionweb","@id":"https:\/\/canal7slp.tv\/2019\/#\/schema\/person\/11d941c1c6ca30ac0a46b95fa37aa2e3"},"headline":"Promover\u00e1 ecolog\u00eda municipal programa de movilidad para trabajadores municipales","datePublished":"2019-06-09T13:06:13+00:00","mainEntityOfPage":{"@id":"https:\/\/canal7slp.tv\/2019\/promovera-ecologia-municipal-programa-de-movilidad-para-trabajadores-municipales\/"},"wordCount":360,"commentCount":0,"publisher":{"@id":"https:\/\/canal7slp.tv\/2019\/#organization"},"image":{"@id":"https:\/\/canal7slp.tv\/2019\/promovera-ecologia-municipal-programa-de-movilidad-para-trabajadores-municipales\/#primaryimage"},"thumbnailUrl":"https:\/\/canal7slp.tv\/2019\/wp-content\/uploads\/2019\/06\/ayu3-2.jpg","articleSection":["LOCALES Y REGIONALES"],"inLanguage":"es","potentialAction":[{"@type":"CommentAction","name":"Comment","target":["https:\/\/canal7slp.tv\/2019\/promovera-ecologia-municipal-programa-de-movilidad-para-trabajadores-municipales\/#respond"]}]},{"@type":"WebPage","@id":"https:\/\/canal7slp.tv\/2019\/promovera-ecologia-municipal-programa-de-movilidad-para-trabajadores-municipales\/","url":"https:\/\/canal7slp.tv\/2019\/promovera-ecologia-municipal-programa-de-movilidad-para-trabajadores-municipales\/","name":"Promover\u00e1 ecolog\u00eda municipal programa de movilidad para trabajadores municipales - Canal 7 SLP - 2019","isPartOf":{"@id":"https:\/\/canal7slp.tv\/2019\/#website"},"primaryImageOfPage":{"@id":"https:\/\/canal7slp.tv\/2019\/promovera-ecologia-municipal-programa-de-movilidad-para-trabajadores-municipales\/#primaryimage"},"image":{"@id":"https:\/\/canal7slp.tv\/2019\/promovera-ecologia-municipal-programa-de-movilidad-para-trabajadores-municipales\/#primaryimage"},"thumbnailUrl":"https:\/\/canal7slp.tv\/2019\/wp-content\/uploads\/2019\/06\/ayu3-2.jpg","datePublished":"2019-06-09T13:06:13+00:00","breadcrumb":{"@id":"https:\/\/canal7slp.tv\/2019\/promovera-ecologia-municipal-programa-de-movilidad-para-trabajadores-municipales\/#breadcrumb"},"inLanguage":"es","potentialAction":[{"@type":"ReadAction","target":["https:\/\/canal7slp.tv\/2019\/promovera-ecologia-municipal-programa-de-movilidad-para-trabajadores-municipales\/"]}]},{"@type":"ImageObject","inLanguage":"es","@id":"https:\/\/canal7slp.tv\/2019\/promovera-ecologia-municipal-programa-de-movilidad-para-trabajadores-municipales\/#primaryimage","url":"https:\/\/canal7slp.tv\/2019\/wp-content\/uploads\/2019\/06\/ayu3-2.jpg","contentUrl":"https:\/\/canal7slp.tv\/2019\/wp-content\/uploads\/2019\/06\/ayu3-2.jpg","width":640,"height":427},{"@type":"BreadcrumbList","@id":"https:\/\/canal7slp.tv\/2019\/promovera-ecologia-municipal-programa-de-movilidad-para-trabajadores-municipales\/#breadcrumb","itemListElement":[{"@type":"ListItem","position":1,"name":"Home","item":"https:\/\/canal7slp.tv\/2019\/"},{"@type":"ListItem","position":2,"name":"Promover\u00e1 ecolog\u00eda municipal programa de movilidad para trabajadores municipales"}]},{"@type":"WebSite","@id":"https:\/\/canal7slp.tv\/2019\/#website","url":"https:\/\/canal7slp.tv\/2019\/","name":"Canal 7 SLP - Somos TV","description":"Somos un Canal de 10","publisher":{"@id":"https:\/\/canal7slp.tv\/2019\/#organization"},"potentialAction":[{"@type":"SearchAction","target":{"@type":"EntryPoint","urlTemplate":"https:\/\/canal7slp.tv\/2019\/?s={search_term_string}"},"query-input":{"@type":"PropertyValueSpecification","valueRequired":true,"valueName":"search_term_string"}}],"inLanguage":"es"},{"@type":"Organization","@id":"https:\/\/canal7slp.tv\/2019\/#organization","name":"Comunicaci\u00f3n 2000 S.A. de C.V.","url":"https:\/\/canal7slp.tv\/2019\/","logo":{"@type":"ImageObject","inLanguage":"es","@id":"https:\/\/canal7slp.tv\/2019\/#\/schema\/logo\/image\/","url":"https:\/\/canal7slp.tv\/2019\/wp-content\/uploads\/2019\/07\/logo-c7.png","contentUrl":"https:\/\/canal7slp.tv\/2019\/wp-content\/uploads\/2019\/07\/logo-c7.png","width":220,"height":60,"caption":"Comunicaci\u00f3n 2000 S.A. de C.V."},"image":{"@id":"https:\/\/canal7slp.tv\/2019\/#\/schema\/logo\/image\/"},"sameAs":["https:\/\/www.facebook.com\/CANAL7SLP\/","https:\/\/x.com\/canal7_slp","https:\/\/www.instagram.com\/canal7_slp","https:\/\/www.youtube.com\/user\/NOTICIEROSCANAL7SLP\/"]},{"@type":"Person","@id":"https:\/\/canal7slp.tv\/2019\/#\/schema\/person\/11d941c1c6ca30ac0a46b95fa37aa2e3","name":"edicionweb","image":{"@type":"ImageObject","inLanguage":"es","@id":"https:\/\/secure.gravatar.com\/avatar\/eee448fc3f7164808013b816ba91ac7e43bbe82a70bebac296f8bc6f0addaa1a?s=96&d=mm&r=g","url":"https:\/\/secure.gravatar.com\/avatar\/eee448fc3f7164808013b816ba91ac7e43bbe82a70bebac296f8bc6f0addaa1a?s=96&d=mm&r=g","contentUrl":"https:\/\/secure.gravatar.com\/avatar\/eee448fc3f7164808013b816ba91ac7e43bbe82a70bebac296f8bc6f0addaa1a?s=96&d=mm&r=g","caption":"edicionweb"}}]}},"amp_enabled":true,"cmb2":{"video_ids_in_playlist":{"vid_p_videos":""},"video_ids_in_channel":{"vid_c_videos":""},"playlist_ids_in_channel":{"vid_c_playlists":""},"series_ids_in_channel":{"vid_c_series":""},"channel_images":{"vid_c_logo":"","vid_c_banner":""},"poster_feature_image":{"vid_m_poster_image":""},"gif_feature_image":{"vid_m_gif_image":""},"video_movie_settings":{"vid_m_director":"","vid_m_actor":"","vid_m_imdb_ratings":"","vid_m_amazon_associates":""},"vid_youtube_broadcasts_settings":{"vid_yb_broadcast_title":"","vid_yb_q":"","vid_yb_channelid":"","vid_yb_videocategoryid":"","vid_yb_maxresults":"","vid_yb_order":"","vid_yb_regioncode":"","vid_yb_videosyndicated":"","vid_yb_style":"","vid_yb_reload_first":""},"video_series_settings":{"vid_m_director":"","vid_m_actor":"","vid_m_imdb_ratings":"","video_series_group":""},"amazon_associates_settings":{"amazon_associates":"","amazon_native_ad":""},"vid_youtube_automatic_settings":{"vid_ya_youtube_source":"","vid_ya_update_every":"","vid_ya_update_unit":"","vid_ya_categories":"","vid_ya_published_after":"","vid_ya_published_before":"","vid_ya_playlists":"","vid_ya_channels":"","vid_ya_director":"","vid_ya_actor":"","vid_ya_author":"","vid_ya_import_post_date":"","vid_ya_status":"","vid_ya_sub_api_key":""},"vid_ads_m_videoads_settings_post":{"vid_ads_m_video_ads":"","vid_ads_m_video_ads_type":"","vid_ads_m_group_google_ima":"","vid_ads_m_group_image":"","vid_ads_m_group_html5_video":"","vid_ads_m_group_html":"","vid_ads_m_vast_preroll":"","vid_ads_m_vast_postroll":"","vid_ads_m_vast_pauseroll":"","vid_ads_m_vast_midroll":[{"vid_ads_m_vast_timer_seconds":"50"}],"vid_ads_m_time_to_show_ads":"","vid_ads_m_time_skip_ads":"","vid_ads_m_time_to_hide_ads":""},"page_slider_settings":{"display_slider_group":"","page_slider_group":""},"blog_page_settings":{"blog_page_title":"","blog_page_heading":"","blog_page_ic":"","blog_page_it":"","blog_page_ec":"","blog_page_ip":"","archive_loop_style":"","blog_image_ratio":"","blog_show_categories":"","blog_show_excerpt":"","blog_show_author":"","blog_show_date":"","blog_show_comment_count":"","blog_show_view_count":"","blog_show_like_count":"","blog_show_dislike_count":"","blog_items_per_page":"","blog_pag_type":""},"page_options":{"get_page_template":"","color_mode":"","main_layout":"","main_layout_full_with":"","main_logo":"","main_logo_retina":"","main_logo_mobile":"","main_logo_mobile_retina":"","sticky_logo":"","sticky_logo_retina":"","main_nav_layout":"","ajax_search":"","header_background":"","theme_sidebar":"","instagram_feed":"","instagram_feed_position":"","popular_videos":"","popular_videos_title_1":"","popular_videos_title_2":"","popular_videos_ic":"","popular_videos_it":"","theme_background":"","page_custom_css":""},"feature_image_settings":{"feature_image_position":""},"video_player_settings":{"single_video_style":"","video_player_position":"","vm_video_url":"","video_player_library":"","video_streaming":"","vm_media_sources":"","vid_auto_play":"","vm_video_shortcode":"","vid_p_sync_playlist":"","vid_c_sync_channel":"","get_post_format":"","multiple_links_structure":"default","multi_links_title":"","vm_video_multi_links":"","vm_duration":"","vid_social_locker":"off","vid_social_locker_id":"","vid_membership_action":"content-video","vm_video_trailer_url":"","vid_download_type":"free","vid_download_target":"download","vid_woo_product":"","vm_media_download":"","user_rating":"","user_rating_position":"","user_rating_mode":"","user_rating_multi_sets":""},"video_auto_fetch_settings":{"vm_video_fetch":"on"},"video_fake_views_likes":{"vm_fake_views":"","vm_fake_likes":"","vm_fake_dislikes":""},"gallery_settings":{"gallery_position":""},"quote_settings":{"quote_position":""},"post_options":{"main_layout":"","main_logo":"","main_logo_retina":"","main_logo_mobile":"","main_logo_mobile_retina":"","sticky_logo":"","sticky_logo_retina":"","main_nav_layout":"","header_background":"","theme_sidebar":"","single_post_comment_type":"","theme_background":""}},"_links":{"self":[{"href":"https:\/\/canal7slp.tv\/2019\/wp-json\/wp\/v2\/posts\/9594","targetHints":{"allow":["GET"]}}],"collection":[{"href":"https:\/\/canal7slp.tv\/2019\/wp-json\/wp\/v2\/posts"}],"about":[{"href":"https:\/\/canal7slp.tv\/2019\/wp-json\/wp\/v2\/types\/post"}],"author":[{"embeddable":true,"href":"https:\/\/canal7slp.tv\/2019\/wp-json\/wp\/v2\/users\/2"}],"replies":[{"embeddable":true,"href":"https:\/\/canal7slp.tv\/2019\/wp-json\/wp\/v2\/comments?post=9594"}],"version-history":[{"count":0,"href":"https:\/\/canal7slp.tv\/2019\/wp-json\/wp\/v2\/posts\/9594\/revisions"}],"wp:featuredmedia":[{"embeddable":true,"href":"https:\/\/canal7slp.tv\/2019\/wp-json\/wp\/v2\/media\/9595"}],"wp:attachment":[{"href":"https:\/\/canal7slp.tv\/2019\/wp-json\/wp\/v2\/media?parent=9594"}],"wp:term":[{"taxonomy":"category","embeddable":true,"href":"https:\/\/canal7slp.tv\/2019\/wp-json\/wp\/v2\/categories?post=9594"},{"taxonomy":"post_tag","embeddable":true,"href":"https:\/\/canal7slp.tv\/2019\/wp-json\/wp\/v2\/tags?post=9594"}],"curies":[{"name":"wp","href":"https:\/\/api.w.org\/{rel}","templated":true}]}}