{"id":9588,"date":"2019-06-09T07:55:56","date_gmt":"2019-06-09T12:55:56","guid":{"rendered":"https:\/\/canal7slp.tv\/2019\/?p=9588"},"modified":"2019-06-09T07:55:56","modified_gmt":"2019-06-09T12:55:56","slug":"aprueba-copladem-implementacion-de-alianza-por-la-ciudad","status":"publish","type":"post","link":"https:\/\/canal7slp.tv\/2019\/aprueba-copladem-implementacion-de-alianza-por-la-ciudad\/","title":{"rendered":"Aprueba COPLADEM implementaci\u00f3n de \u201cAlianza por la Ciudad\u201d"},"content":{"rendered":"<p style=\"text-align: justify\">SLP.- En la sesi\u00f3n ordinaria del Comit\u00e9 de Planeaci\u00f3n para el Desarrollo Municipal de San Luis Potos\u00ed -COPLADEM-, se present\u00f3 la\u00a0 \u201cAlianza por la Ciudad\u201d, por lo que el Alcalde, Xavier Nava Palacios invit\u00f3 a sumarse a este Pacto para establecer compromisos entre autoridades y la ciudadan\u00eda para que, cada cual, Gobierno y sociedad desde su \u00e1mbito de competencia, \u201cconformemos un proyecto de ciudad para San Luis Potos\u00ed con visi\u00f3n a largo plazo y que trascienda trienios y las cuestiones e intereses pol\u00edticos\u201d.<\/p>\n<p style=\"text-align: justify\">Despu\u00e9s que representantes de diversos sectores de la sociedad potosina que integran el COPLADEM apoyaron de manera un\u00e1nime la implementaci\u00f3n de la Alianza, el Presidente Municipal insisti\u00f3 en la importancia \u201cde tener certeza de la capital que queremos y podemos tener en el a\u00f1o 2050, para que de esa forma actuemos de manera decisiva, integrada y coordinada a nivel local, regional, nacional en la construcci\u00f3n de una ciudad inclusiva, segura y sostenible\u201d.<\/p>\n<p style=\"text-align: justify\">Nava Palacios anunci\u00f3 que en el lanzamiento de la \u201cAlianza por la Ciudad\u201d estar\u00e1n presentes invitados especiales provenientes de la Organizaci\u00f3n Naciones Unidas \u2013ONU-, as\u00ed como de dependencias como la SEDATU y otras dependencias tanto federales como estatales, \u201cpero sin lugar a duda, la participaci\u00f3n e involucramiento de la ciudadan\u00eda, permitir\u00e1 impulsar este esfuerzo conjunto, el cual confiamos sea un ejemplo tanto en el estado como en el resto del pa\u00eds\u201d.<\/p>\n<p style=\"text-align: justify\">En su intervenci\u00f3n, la Directora de Catastro y Desarrollo Urbano, Patricia Rodr\u00edguez \u00c1lvarez detall\u00f3 que la citada Alianza es congruente con lo establecido en el Objetivo 11 de Desarrollo Sostenible y la Nueva Agenda Urbana de la ONU, que constituye el acuerdo de los pa\u00edses para construir nuestras ciudades y aprovechar las ventajas de la urbanizaci\u00f3n.<\/p>\n<p style=\"text-align: justify\">\u201cDe ah\u00ed de responder a la convocatoria para juntos generar los grandes acuerdos y compromisos de un desarrollo urbano responsable, por lo que esperamos el pr\u00f3ximo martes 11 de junio a representantes de Colegios de Profesionistas y asociaciones civiles, c\u00e1maras y organismos empresariales, organizaciones no gubernamentales, instituciones de educaci\u00f3n y centros de investigaci\u00f3n, poderes y los tres \u00f3rdenes de gobierno a favor de San Luis Potos\u00ed\u201d.<\/p>\n<p style=\"text-align: justify\">En la misma sesi\u00f3n que se llev\u00f3 a cabo en el auditorio de la Unidad Administrativa Municipal, el Secretario T\u00e9cnico del Ayuntamiento, Jorge Francisco Arias Hern\u00e1ndez dio a conocer el seguimiento al Plan de Desarrollo Municipal 2018\u20132021, el cual se empat\u00f3 con objetivos, indicadores, metas y l\u00edneas de acciones de la normatividad internacional, nacional y por supuesto, estatal, del cual se lleva un sistema de medici\u00f3n puntual.<\/p>\n<p style=\"text-align: justify\">Record\u00f3 que dicho Plan es la herramienta de gesti\u00f3n que promueve el desarrollo social en el territorio que comprende al Municipio, adem\u00e1s de ser el instrumento rector del desarrollo integral, resultado fundamental para el proceso de planeaci\u00f3n a corto, mediano y largo plazo.<\/p>\n","protected":false},"excerpt":{"rendered":"<p>SLP.- En la sesi\u00f3n ordinaria del Comit\u00e9 de Planeaci\u00f3n para el Desarrollo Municipal de San Luis Potos\u00ed -COPLADEM-, se present\u00f3 la\u00a0 \u201cAlianza por la Ciudad\u201d, por lo que el Alcalde, Xavier Nava Palacios invit\u00f3 a sumarse a este Pacto para establecer compromisos entre autoridades y la ciudadan\u00eda para que, cada cual, Gobierno y sociedad desde [&hellip;]<\/p>\n","protected":false},"author":2,"featured_media":9589,"comment_status":"open","ping_status":"closed","sticky":false,"template":"","format":"standard","meta":{"footnotes":""},"categories":[17],"tags":[],"class_list":["post-9588","post","type-post","status-publish","format-standard","has-post-thumbnail","hentry","category-localesyregionales"],"yoast_head":"<!-- This site is optimized with the Yoast SEO plugin v27.4 - https:\/\/yoast.com\/product\/yoast-seo-wordpress\/ -->\n<title>Aprueba COPLADEM implementaci\u00f3n de \u201cAlianza por la Ciudad\u201d - Canal 7 SLP - 2019<\/title>\n<meta name=\"robots\" content=\"index, follow, max-snippet:-1, max-image-preview:large, max-video-preview:-1\" \/>\n<link rel=\"canonical\" href=\"https:\/\/canal7slp.tv\/2019\/aprueba-copladem-implementacion-de-alianza-por-la-ciudad\/\" \/>\n<meta property=\"og:locale\" content=\"es_ES\" \/>\n<meta property=\"og:type\" content=\"article\" \/>\n<meta property=\"og:title\" content=\"Aprueba COPLADEM implementaci\u00f3n de \u201cAlianza por la Ciudad\u201d - Canal 7 SLP - 2019\" \/>\n<meta property=\"og:description\" content=\"SLP.- En la sesi\u00f3n ordinaria del Comit\u00e9 de Planeaci\u00f3n para el Desarrollo Municipal de San Luis Potos\u00ed -COPLADEM-, se present\u00f3 la\u00a0 \u201cAlianza por la Ciudad\u201d, por lo que el Alcalde, Xavier Nava Palacios invit\u00f3 a sumarse a este Pacto para establecer compromisos entre autoridades y la ciudadan\u00eda para que, cada cual, Gobierno y sociedad desde [&hellip;]\" \/>\n<meta property=\"og:url\" content=\"https:\/\/canal7slp.tv\/2019\/aprueba-copladem-implementacion-de-alianza-por-la-ciudad\/\" \/>\n<meta property=\"og:site_name\" content=\"Canal 7 SLP - 2019\" \/>\n<meta property=\"article:publisher\" content=\"https:\/\/www.facebook.com\/CANAL7SLP\/\" \/>\n<meta property=\"article:published_time\" content=\"2019-06-09T12:55:56+00:00\" \/>\n<meta property=\"og:image\" content=\"https:\/\/canal7slp.tv\/2019\/wp-content\/uploads\/2019\/06\/ayu1-1.jpg\" \/>\n\t<meta property=\"og:image:width\" content=\"800\" \/>\n\t<meta property=\"og:image:height\" content=\"478\" \/>\n\t<meta property=\"og:image:type\" content=\"image\/jpeg\" \/>\n<meta name=\"author\" content=\"edicionweb\" \/>\n<meta name=\"twitter:card\" content=\"summary_large_image\" \/>\n<meta name=\"twitter:creator\" content=\"@canal7_slp\" \/>\n<meta name=\"twitter:site\" content=\"@canal7_slp\" \/>\n<meta name=\"twitter:label1\" content=\"Escrito por\" \/>\n\t<meta name=\"twitter:data1\" content=\"edicionweb\" \/>\n\t<meta name=\"twitter:label2\" content=\"Tiempo de lectura\" \/>\n\t<meta name=\"twitter:data2\" content=\"2 minutos\" \/>\n<script type=\"application\/ld+json\" class=\"yoast-schema-graph\">{\"@context\":\"https:\\\/\\\/schema.org\",\"@graph\":[{\"@type\":\"Article\",\"@id\":\"https:\\\/\\\/canal7slp.tv\\\/2019\\\/aprueba-copladem-implementacion-de-alianza-por-la-ciudad\\\/#article\",\"isPartOf\":{\"@id\":\"https:\\\/\\\/canal7slp.tv\\\/2019\\\/aprueba-copladem-implementacion-de-alianza-por-la-ciudad\\\/\"},\"author\":{\"name\":\"edicionweb\",\"@id\":\"https:\\\/\\\/canal7slp.tv\\\/2019\\\/#\\\/schema\\\/person\\\/11d941c1c6ca30ac0a46b95fa37aa2e3\"},\"headline\":\"Aprueba COPLADEM implementaci\u00f3n de \u201cAlianza por la Ciudad\u201d\",\"datePublished\":\"2019-06-09T12:55:56+00:00\",\"mainEntityOfPage\":{\"@id\":\"https:\\\/\\\/canal7slp.tv\\\/2019\\\/aprueba-copladem-implementacion-de-alianza-por-la-ciudad\\\/\"},\"wordCount\":495,\"commentCount\":0,\"publisher\":{\"@id\":\"https:\\\/\\\/canal7slp.tv\\\/2019\\\/#organization\"},\"image\":{\"@id\":\"https:\\\/\\\/canal7slp.tv\\\/2019\\\/aprueba-copladem-implementacion-de-alianza-por-la-ciudad\\\/#primaryimage\"},\"thumbnailUrl\":\"https:\\\/\\\/canal7slp.tv\\\/2019\\\/wp-content\\\/uploads\\\/2019\\\/06\\\/ayu1-1.jpg\",\"articleSection\":[\"LOCALES Y REGIONALES\"],\"inLanguage\":\"es\",\"potentialAction\":[{\"@type\":\"CommentAction\",\"name\":\"Comment\",\"target\":[\"https:\\\/\\\/canal7slp.tv\\\/2019\\\/aprueba-copladem-implementacion-de-alianza-por-la-ciudad\\\/#respond\"]}]},{\"@type\":\"WebPage\",\"@id\":\"https:\\\/\\\/canal7slp.tv\\\/2019\\\/aprueba-copladem-implementacion-de-alianza-por-la-ciudad\\\/\",\"url\":\"https:\\\/\\\/canal7slp.tv\\\/2019\\\/aprueba-copladem-implementacion-de-alianza-por-la-ciudad\\\/\",\"name\":\"Aprueba COPLADEM implementaci\u00f3n de \u201cAlianza por la Ciudad\u201d - Canal 7 SLP - 2019\",\"isPartOf\":{\"@id\":\"https:\\\/\\\/canal7slp.tv\\\/2019\\\/#website\"},\"primaryImageOfPage\":{\"@id\":\"https:\\\/\\\/canal7slp.tv\\\/2019\\\/aprueba-copladem-implementacion-de-alianza-por-la-ciudad\\\/#primaryimage\"},\"image\":{\"@id\":\"https:\\\/\\\/canal7slp.tv\\\/2019\\\/aprueba-copladem-implementacion-de-alianza-por-la-ciudad\\\/#primaryimage\"},\"thumbnailUrl\":\"https:\\\/\\\/canal7slp.tv\\\/2019\\\/wp-content\\\/uploads\\\/2019\\\/06\\\/ayu1-1.jpg\",\"datePublished\":\"2019-06-09T12:55:56+00:00\",\"breadcrumb\":{\"@id\":\"https:\\\/\\\/canal7slp.tv\\\/2019\\\/aprueba-copladem-implementacion-de-alianza-por-la-ciudad\\\/#breadcrumb\"},\"inLanguage\":\"es\",\"potentialAction\":[{\"@type\":\"ReadAction\",\"target\":[\"https:\\\/\\\/canal7slp.tv\\\/2019\\\/aprueba-copladem-implementacion-de-alianza-por-la-ciudad\\\/\"]}]},{\"@type\":\"ImageObject\",\"inLanguage\":\"es\",\"@id\":\"https:\\\/\\\/canal7slp.tv\\\/2019\\\/aprueba-copladem-implementacion-de-alianza-por-la-ciudad\\\/#primaryimage\",\"url\":\"https:\\\/\\\/canal7slp.tv\\\/2019\\\/wp-content\\\/uploads\\\/2019\\\/06\\\/ayu1-1.jpg\",\"contentUrl\":\"https:\\\/\\\/canal7slp.tv\\\/2019\\\/wp-content\\\/uploads\\\/2019\\\/06\\\/ayu1-1.jpg\",\"width\":800,\"height\":478},{\"@type\":\"BreadcrumbList\",\"@id\":\"https:\\\/\\\/canal7slp.tv\\\/2019\\\/aprueba-copladem-implementacion-de-alianza-por-la-ciudad\\\/#breadcrumb\",\"itemListElement\":[{\"@type\":\"ListItem\",\"position\":1,\"name\":\"Home\",\"item\":\"https:\\\/\\\/canal7slp.tv\\\/2019\\\/\"},{\"@type\":\"ListItem\",\"position\":2,\"name\":\"Aprueba COPLADEM implementaci\u00f3n de \u201cAlianza por la Ciudad\u201d\"}]},{\"@type\":\"WebSite\",\"@id\":\"https:\\\/\\\/canal7slp.tv\\\/2019\\\/#website\",\"url\":\"https:\\\/\\\/canal7slp.tv\\\/2019\\\/\",\"name\":\"Canal 7 SLP - Somos TV\",\"description\":\"Somos un Canal de 10\",\"publisher\":{\"@id\":\"https:\\\/\\\/canal7slp.tv\\\/2019\\\/#organization\"},\"potentialAction\":[{\"@type\":\"SearchAction\",\"target\":{\"@type\":\"EntryPoint\",\"urlTemplate\":\"https:\\\/\\\/canal7slp.tv\\\/2019\\\/?s={search_term_string}\"},\"query-input\":{\"@type\":\"PropertyValueSpecification\",\"valueRequired\":true,\"valueName\":\"search_term_string\"}}],\"inLanguage\":\"es\"},{\"@type\":\"Organization\",\"@id\":\"https:\\\/\\\/canal7slp.tv\\\/2019\\\/#organization\",\"name\":\"Comunicaci\u00f3n 2000 S.A. de C.V.\",\"url\":\"https:\\\/\\\/canal7slp.tv\\\/2019\\\/\",\"logo\":{\"@type\":\"ImageObject\",\"inLanguage\":\"es\",\"@id\":\"https:\\\/\\\/canal7slp.tv\\\/2019\\\/#\\\/schema\\\/logo\\\/image\\\/\",\"url\":\"https:\\\/\\\/canal7slp.tv\\\/2019\\\/wp-content\\\/uploads\\\/2019\\\/07\\\/logo-c7.png\",\"contentUrl\":\"https:\\\/\\\/canal7slp.tv\\\/2019\\\/wp-content\\\/uploads\\\/2019\\\/07\\\/logo-c7.png\",\"width\":220,\"height\":60,\"caption\":\"Comunicaci\u00f3n 2000 S.A. de C.V.\"},\"image\":{\"@id\":\"https:\\\/\\\/canal7slp.tv\\\/2019\\\/#\\\/schema\\\/logo\\\/image\\\/\"},\"sameAs\":[\"https:\\\/\\\/www.facebook.com\\\/CANAL7SLP\\\/\",\"https:\\\/\\\/x.com\\\/canal7_slp\",\"https:\\\/\\\/www.instagram.com\\\/canal7_slp\",\"https:\\\/\\\/www.youtube.com\\\/user\\\/NOTICIEROSCANAL7SLP\\\/\"]},{\"@type\":\"Person\",\"@id\":\"https:\\\/\\\/canal7slp.tv\\\/2019\\\/#\\\/schema\\\/person\\\/11d941c1c6ca30ac0a46b95fa37aa2e3\",\"name\":\"edicionweb\",\"image\":{\"@type\":\"ImageObject\",\"inLanguage\":\"es\",\"@id\":\"https:\\\/\\\/secure.gravatar.com\\\/avatar\\\/eee448fc3f7164808013b816ba91ac7e43bbe82a70bebac296f8bc6f0addaa1a?s=96&d=mm&r=g\",\"url\":\"https:\\\/\\\/secure.gravatar.com\\\/avatar\\\/eee448fc3f7164808013b816ba91ac7e43bbe82a70bebac296f8bc6f0addaa1a?s=96&d=mm&r=g\",\"contentUrl\":\"https:\\\/\\\/secure.gravatar.com\\\/avatar\\\/eee448fc3f7164808013b816ba91ac7e43bbe82a70bebac296f8bc6f0addaa1a?s=96&d=mm&r=g\",\"caption\":\"edicionweb\"}}]}<\/script>\n<!-- \/ Yoast SEO plugin. -->","yoast_head_json":{"title":"Aprueba COPLADEM implementaci\u00f3n de \u201cAlianza por la Ciudad\u201d - Canal 7 SLP - 2019","robots":{"index":"index","follow":"follow","max-snippet":"max-snippet:-1","max-image-preview":"max-image-preview:large","max-video-preview":"max-video-preview:-1"},"canonical":"https:\/\/canal7slp.tv\/2019\/aprueba-copladem-implementacion-de-alianza-por-la-ciudad\/","og_locale":"es_ES","og_type":"article","og_title":"Aprueba COPLADEM implementaci\u00f3n de \u201cAlianza por la Ciudad\u201d - Canal 7 SLP - 2019","og_description":"SLP.- En la sesi\u00f3n ordinaria del Comit\u00e9 de Planeaci\u00f3n para el Desarrollo Municipal de San Luis Potos\u00ed -COPLADEM-, se present\u00f3 la\u00a0 \u201cAlianza por la Ciudad\u201d, por lo que el Alcalde, Xavier Nava Palacios invit\u00f3 a sumarse a este Pacto para establecer compromisos entre autoridades y la ciudadan\u00eda para que, cada cual, Gobierno y sociedad desde [&hellip;]","og_url":"https:\/\/canal7slp.tv\/2019\/aprueba-copladem-implementacion-de-alianza-por-la-ciudad\/","og_site_name":"Canal 7 SLP - 2019","article_publisher":"https:\/\/www.facebook.com\/CANAL7SLP\/","article_published_time":"2019-06-09T12:55:56+00:00","og_image":[{"width":800,"height":478,"url":"https:\/\/canal7slp.tv\/2019\/wp-content\/uploads\/2019\/06\/ayu1-1.jpg","type":"image\/jpeg"}],"author":"edicionweb","twitter_card":"summary_large_image","twitter_creator":"@canal7_slp","twitter_site":"@canal7_slp","twitter_misc":{"Escrito por":"edicionweb","Tiempo de lectura":"2 minutos"},"schema":{"@context":"https:\/\/schema.org","@graph":[{"@type":"Article","@id":"https:\/\/canal7slp.tv\/2019\/aprueba-copladem-implementacion-de-alianza-por-la-ciudad\/#article","isPartOf":{"@id":"https:\/\/canal7slp.tv\/2019\/aprueba-copladem-implementacion-de-alianza-por-la-ciudad\/"},"author":{"name":"edicionweb","@id":"https:\/\/canal7slp.tv\/2019\/#\/schema\/person\/11d941c1c6ca30ac0a46b95fa37aa2e3"},"headline":"Aprueba COPLADEM implementaci\u00f3n de \u201cAlianza por la Ciudad\u201d","datePublished":"2019-06-09T12:55:56+00:00","mainEntityOfPage":{"@id":"https:\/\/canal7slp.tv\/2019\/aprueba-copladem-implementacion-de-alianza-por-la-ciudad\/"},"wordCount":495,"commentCount":0,"publisher":{"@id":"https:\/\/canal7slp.tv\/2019\/#organization"},"image":{"@id":"https:\/\/canal7slp.tv\/2019\/aprueba-copladem-implementacion-de-alianza-por-la-ciudad\/#primaryimage"},"thumbnailUrl":"https:\/\/canal7slp.tv\/2019\/wp-content\/uploads\/2019\/06\/ayu1-1.jpg","articleSection":["LOCALES Y REGIONALES"],"inLanguage":"es","potentialAction":[{"@type":"CommentAction","name":"Comment","target":["https:\/\/canal7slp.tv\/2019\/aprueba-copladem-implementacion-de-alianza-por-la-ciudad\/#respond"]}]},{"@type":"WebPage","@id":"https:\/\/canal7slp.tv\/2019\/aprueba-copladem-implementacion-de-alianza-por-la-ciudad\/","url":"https:\/\/canal7slp.tv\/2019\/aprueba-copladem-implementacion-de-alianza-por-la-ciudad\/","name":"Aprueba COPLADEM implementaci\u00f3n de \u201cAlianza por la Ciudad\u201d - Canal 7 SLP - 2019","isPartOf":{"@id":"https:\/\/canal7slp.tv\/2019\/#website"},"primaryImageOfPage":{"@id":"https:\/\/canal7slp.tv\/2019\/aprueba-copladem-implementacion-de-alianza-por-la-ciudad\/#primaryimage"},"image":{"@id":"https:\/\/canal7slp.tv\/2019\/aprueba-copladem-implementacion-de-alianza-por-la-ciudad\/#primaryimage"},"thumbnailUrl":"https:\/\/canal7slp.tv\/2019\/wp-content\/uploads\/2019\/06\/ayu1-1.jpg","datePublished":"2019-06-09T12:55:56+00:00","breadcrumb":{"@id":"https:\/\/canal7slp.tv\/2019\/aprueba-copladem-implementacion-de-alianza-por-la-ciudad\/#breadcrumb"},"inLanguage":"es","potentialAction":[{"@type":"ReadAction","target":["https:\/\/canal7slp.tv\/2019\/aprueba-copladem-implementacion-de-alianza-por-la-ciudad\/"]}]},{"@type":"ImageObject","inLanguage":"es","@id":"https:\/\/canal7slp.tv\/2019\/aprueba-copladem-implementacion-de-alianza-por-la-ciudad\/#primaryimage","url":"https:\/\/canal7slp.tv\/2019\/wp-content\/uploads\/2019\/06\/ayu1-1.jpg","contentUrl":"https:\/\/canal7slp.tv\/2019\/wp-content\/uploads\/2019\/06\/ayu1-1.jpg","width":800,"height":478},{"@type":"BreadcrumbList","@id":"https:\/\/canal7slp.tv\/2019\/aprueba-copladem-implementacion-de-alianza-por-la-ciudad\/#breadcrumb","itemListElement":[{"@type":"ListItem","position":1,"name":"Home","item":"https:\/\/canal7slp.tv\/2019\/"},{"@type":"ListItem","position":2,"name":"Aprueba COPLADEM implementaci\u00f3n de \u201cAlianza por la Ciudad\u201d"}]},{"@type":"WebSite","@id":"https:\/\/canal7slp.tv\/2019\/#website","url":"https:\/\/canal7slp.tv\/2019\/","name":"Canal 7 SLP - Somos TV","description":"Somos un Canal de 10","publisher":{"@id":"https:\/\/canal7slp.tv\/2019\/#organization"},"potentialAction":[{"@type":"SearchAction","target":{"@type":"EntryPoint","urlTemplate":"https:\/\/canal7slp.tv\/2019\/?s={search_term_string}"},"query-input":{"@type":"PropertyValueSpecification","valueRequired":true,"valueName":"search_term_string"}}],"inLanguage":"es"},{"@type":"Organization","@id":"https:\/\/canal7slp.tv\/2019\/#organization","name":"Comunicaci\u00f3n 2000 S.A. de C.V.","url":"https:\/\/canal7slp.tv\/2019\/","logo":{"@type":"ImageObject","inLanguage":"es","@id":"https:\/\/canal7slp.tv\/2019\/#\/schema\/logo\/image\/","url":"https:\/\/canal7slp.tv\/2019\/wp-content\/uploads\/2019\/07\/logo-c7.png","contentUrl":"https:\/\/canal7slp.tv\/2019\/wp-content\/uploads\/2019\/07\/logo-c7.png","width":220,"height":60,"caption":"Comunicaci\u00f3n 2000 S.A. de C.V."},"image":{"@id":"https:\/\/canal7slp.tv\/2019\/#\/schema\/logo\/image\/"},"sameAs":["https:\/\/www.facebook.com\/CANAL7SLP\/","https:\/\/x.com\/canal7_slp","https:\/\/www.instagram.com\/canal7_slp","https:\/\/www.youtube.com\/user\/NOTICIEROSCANAL7SLP\/"]},{"@type":"Person","@id":"https:\/\/canal7slp.tv\/2019\/#\/schema\/person\/11d941c1c6ca30ac0a46b95fa37aa2e3","name":"edicionweb","image":{"@type":"ImageObject","inLanguage":"es","@id":"https:\/\/secure.gravatar.com\/avatar\/eee448fc3f7164808013b816ba91ac7e43bbe82a70bebac296f8bc6f0addaa1a?s=96&d=mm&r=g","url":"https:\/\/secure.gravatar.com\/avatar\/eee448fc3f7164808013b816ba91ac7e43bbe82a70bebac296f8bc6f0addaa1a?s=96&d=mm&r=g","contentUrl":"https:\/\/secure.gravatar.com\/avatar\/eee448fc3f7164808013b816ba91ac7e43bbe82a70bebac296f8bc6f0addaa1a?s=96&d=mm&r=g","caption":"edicionweb"}}]}},"amp_enabled":true,"cmb2":{"video_ids_in_playlist":{"vid_p_videos":""},"video_ids_in_channel":{"vid_c_videos":""},"playlist_ids_in_channel":{"vid_c_playlists":""},"series_ids_in_channel":{"vid_c_series":""},"channel_images":{"vid_c_logo":"","vid_c_banner":""},"poster_feature_image":{"vid_m_poster_image":""},"gif_feature_image":{"vid_m_gif_image":""},"video_movie_settings":{"vid_m_director":"","vid_m_actor":"","vid_m_imdb_ratings":"","vid_m_amazon_associates":""},"vid_youtube_broadcasts_settings":{"vid_yb_broadcast_title":"","vid_yb_q":"","vid_yb_channelid":"","vid_yb_videocategoryid":"","vid_yb_maxresults":"","vid_yb_order":"","vid_yb_regioncode":"","vid_yb_videosyndicated":"","vid_yb_style":"","vid_yb_reload_first":""},"video_series_settings":{"vid_m_director":"","vid_m_actor":"","vid_m_imdb_ratings":"","video_series_group":""},"amazon_associates_settings":{"amazon_associates":"","amazon_native_ad":""},"vid_youtube_automatic_settings":{"vid_ya_youtube_source":"","vid_ya_update_every":"","vid_ya_update_unit":"","vid_ya_categories":"","vid_ya_published_after":"","vid_ya_published_before":"","vid_ya_playlists":"","vid_ya_channels":"","vid_ya_director":"","vid_ya_actor":"","vid_ya_author":"","vid_ya_import_post_date":"","vid_ya_status":"","vid_ya_sub_api_key":""},"vid_ads_m_videoads_settings_post":{"vid_ads_m_video_ads":"","vid_ads_m_video_ads_type":"","vid_ads_m_group_google_ima":"","vid_ads_m_group_image":"","vid_ads_m_group_html5_video":"","vid_ads_m_group_html":"","vid_ads_m_vast_preroll":"","vid_ads_m_vast_postroll":"","vid_ads_m_vast_pauseroll":"","vid_ads_m_vast_midroll":[{"vid_ads_m_vast_timer_seconds":"50"}],"vid_ads_m_time_to_show_ads":"","vid_ads_m_time_skip_ads":"","vid_ads_m_time_to_hide_ads":""},"page_slider_settings":{"display_slider_group":"","page_slider_group":""},"blog_page_settings":{"blog_page_title":"","blog_page_heading":"","blog_page_ic":"","blog_page_it":"","blog_page_ec":"","blog_page_ip":"","archive_loop_style":"","blog_image_ratio":"","blog_show_categories":"","blog_show_excerpt":"","blog_show_author":"","blog_show_date":"","blog_show_comment_count":"","blog_show_view_count":"","blog_show_like_count":"","blog_show_dislike_count":"","blog_items_per_page":"","blog_pag_type":""},"page_options":{"get_page_template":"","color_mode":"","main_layout":"","main_layout_full_with":"","main_logo":"","main_logo_retina":"","main_logo_mobile":"","main_logo_mobile_retina":"","sticky_logo":"","sticky_logo_retina":"","main_nav_layout":"","ajax_search":"","header_background":"","theme_sidebar":"","instagram_feed":"","instagram_feed_position":"","popular_videos":"","popular_videos_title_1":"","popular_videos_title_2":"","popular_videos_ic":"","popular_videos_it":"","theme_background":"","page_custom_css":""},"feature_image_settings":{"feature_image_position":""},"video_player_settings":{"single_video_style":"","video_player_position":"","vm_video_url":"","video_player_library":"","video_streaming":"","vm_media_sources":"","vid_auto_play":"","vm_video_shortcode":"","vid_p_sync_playlist":"","vid_c_sync_channel":"","get_post_format":"","multiple_links_structure":"default","multi_links_title":"","vm_video_multi_links":"","vm_duration":"","vid_social_locker":"off","vid_social_locker_id":"","vid_membership_action":"content-video","vm_video_trailer_url":"","vid_download_type":"free","vid_download_target":"download","vid_woo_product":"","vm_media_download":"","user_rating":"","user_rating_position":"","user_rating_mode":"","user_rating_multi_sets":""},"video_auto_fetch_settings":{"vm_video_fetch":"on"},"video_fake_views_likes":{"vm_fake_views":"","vm_fake_likes":"","vm_fake_dislikes":""},"gallery_settings":{"gallery_position":""},"quote_settings":{"quote_position":""},"post_options":{"main_layout":"","main_logo":"","main_logo_retina":"","main_logo_mobile":"","main_logo_mobile_retina":"","sticky_logo":"","sticky_logo_retina":"","main_nav_layout":"","header_background":"","theme_sidebar":"","single_post_comment_type":"","theme_background":""}},"_links":{"self":[{"href":"https:\/\/canal7slp.tv\/2019\/wp-json\/wp\/v2\/posts\/9588","targetHints":{"allow":["GET"]}}],"collection":[{"href":"https:\/\/canal7slp.tv\/2019\/wp-json\/wp\/v2\/posts"}],"about":[{"href":"https:\/\/canal7slp.tv\/2019\/wp-json\/wp\/v2\/types\/post"}],"author":[{"embeddable":true,"href":"https:\/\/canal7slp.tv\/2019\/wp-json\/wp\/v2\/users\/2"}],"replies":[{"embeddable":true,"href":"https:\/\/canal7slp.tv\/2019\/wp-json\/wp\/v2\/comments?post=9588"}],"version-history":[{"count":0,"href":"https:\/\/canal7slp.tv\/2019\/wp-json\/wp\/v2\/posts\/9588\/revisions"}],"wp:featuredmedia":[{"embeddable":true,"href":"https:\/\/canal7slp.tv\/2019\/wp-json\/wp\/v2\/media\/9589"}],"wp:attachment":[{"href":"https:\/\/canal7slp.tv\/2019\/wp-json\/wp\/v2\/media?parent=9588"}],"wp:term":[{"taxonomy":"category","embeddable":true,"href":"https:\/\/canal7slp.tv\/2019\/wp-json\/wp\/v2\/categories?post=9588"},{"taxonomy":"post_tag","embeddable":true,"href":"https:\/\/canal7slp.tv\/2019\/wp-json\/wp\/v2\/tags?post=9588"}],"curies":[{"name":"wp","href":"https:\/\/api.w.org\/{rel}","templated":true}]}}