{"id":9523,"date":"2019-06-08T16:09:21","date_gmt":"2019-06-08T21:09:21","guid":{"rendered":"https:\/\/canal7slp.tv\/2019\/?p=9523"},"modified":"2019-06-08T16:09:21","modified_gmt":"2019-06-08T21:09:21","slug":"captura-fiscalia-a-sujeto-acusado-de-secuestro-expres-y-robo-calificado-en-tamuin","status":"publish","type":"post","link":"https:\/\/canal7slp.tv\/2019\/captura-fiscalia-a-sujeto-acusado-de-secuestro-expres-y-robo-calificado-en-tamuin\/","title":{"rendered":"Captura Fiscal\u00eda a sujeto acusado de secuestro expr\u00e9s y robo calificado en Tamu\u00edn"},"content":{"rendered":"<p style=\"text-align: justify\">\u2022 Mantuvieron privada de su libertad a la v\u00edctima para robarle una camioneta<\/p>\n<p style=\"text-align: justify\">Tamu\u00edn.- Un sujeto acusado por el delito de secuestro expr\u00e9s agravado y robo calificado, fue capturado por la Polic\u00eda de Investigaci\u00f3n (PDI) en el municipio de Tamu\u00edn, inform\u00f3 la Fiscal\u00eda General del Estado de San Luis Potos\u00ed (FGESLP)).<\/p>\n<p style=\"text-align: justify\">Todo ocurri\u00f3 el 26 de mayo del 2018, aproximadamente a las 16:00 horas, cuando el ahora imputado en compa\u00f1\u00eda de otros sujetos, arrib\u00f3 en una camioneta tipo Windstar marca Ford al taller de tornos propiedad del afectado, ubicado en dicho municipio.<\/p>\n<p style=\"text-align: justify\">Al tenerlo a la vista, uno de los hombres le apunt\u00f3 con un arma de fuego corta, tipo escuadra, refiri\u00e9ndole que iban por la camioneta Journey, pidi\u00e9ndole las llaves y los papeles de la misma, o de lo contrario lo matar\u00edan, indic\u00e1ndoles la v\u00edctima que no ten\u00eda los documentos porque aun deb\u00eda una parte.<\/p>\n<p style=\"text-align: justify\">Los presuntos secuestradores lo obligaron a subirse a la camioneta en color gris e hicieron que condujera a Ciudad Valles donde se ubica la agencia automotriz donde hab\u00eda comprado la unidad, oblig\u00e1ndolo a liquidar la deuda de la misma para despu\u00e9s quitarle la factura; m\u00e1s tarde liberaron a su v\u00edctima en el mismo municipio.<\/p>\n<p style=\"text-align: justify\">El ofendido acudi\u00f3 a denunciar los hechos a la FGESLP y se\u00f1al\u00f3 que semanas atr\u00e1s hab\u00eda sido intimidado v\u00eda telef\u00f3nica por un sujeto, quien le indic\u00f3 que fuera juntando los papeles de la camioneta porque \u201csu gente\u201d iba a pasar por ella.<\/p>\n<p style=\"text-align: justify\">Con las caracter\u00edsticas de los presuntos delincuentes, los agentes de la PDI lograron identificar a Jos\u00e9 Guadalupe \u201cN\u201d, de 40 a\u00f1os de edad, obteniendo la orden de aprehensi\u00f3n en su contra, misma que fue cumplimentada sobre la calle Revoluci\u00f3n de la colonia Ampliaci\u00f3n Mirasol, en el municipio de Tamu\u00edn, poni\u00e9ndolo de inmediato a disposici\u00f3n del Juez que lo requiere, interno en el centro estatal de reinserci\u00f3n social de Ciudad Valles.<\/p>\n<p style=\"text-align: justify\">Cabe destacar que dicho sujeto ya hab\u00eda sido detenido el pasado mes de marzo del a\u00f1o en curso, pero el Juez de Control dict\u00f3 auto de no vinculaci\u00f3n a proceso y qued\u00f3 en libertad, por lo que el agente del Ministerio P\u00fablico adscrito a la S\u00e9ptima Delegaci\u00f3n volvi\u00f3 a solicitar la orden de aprehensi\u00f3n que ahora se cumplimenta.<\/p>\n","protected":false},"excerpt":{"rendered":"<p>\u2022 Mantuvieron privada de su libertad a la v\u00edctima para robarle una camioneta Tamu\u00edn.- Un sujeto acusado por el delito de secuestro expr\u00e9s agravado y robo calificado, fue capturado por la Polic\u00eda de Investigaci\u00f3n (PDI) en el municipio de Tamu\u00edn, inform\u00f3 la Fiscal\u00eda General del Estado de San Luis Potos\u00ed (FGESLP)). Todo ocurri\u00f3 el 26 [&hellip;]<\/p>\n","protected":false},"author":2,"featured_media":9530,"comment_status":"open","ping_status":"closed","sticky":false,"template":"","format":"standard","meta":{"footnotes":""},"categories":[29],"tags":[],"class_list":["post-9523","post","type-post","status-publish","format-standard","has-post-thumbnail","hentry","category-reporte7"],"yoast_head":"<!-- This site is optimized with the Yoast SEO plugin v27.5 - https:\/\/yoast.com\/product\/yoast-seo-wordpress\/ -->\n<title>Captura Fiscal\u00eda a sujeto acusado de secuestro expr\u00e9s y robo calificado en Tamu\u00edn - Canal 7 SLP - 2019<\/title>\n<meta name=\"robots\" content=\"index, follow, max-snippet:-1, max-image-preview:large, max-video-preview:-1\" \/>\n<link rel=\"canonical\" href=\"https:\/\/canal7slp.tv\/2019\/captura-fiscalia-a-sujeto-acusado-de-secuestro-expres-y-robo-calificado-en-tamuin\/\" \/>\n<meta property=\"og:locale\" content=\"es_ES\" \/>\n<meta property=\"og:type\" content=\"article\" \/>\n<meta property=\"og:title\" content=\"Captura Fiscal\u00eda a sujeto acusado de secuestro expr\u00e9s y robo calificado en Tamu\u00edn - Canal 7 SLP - 2019\" \/>\n<meta property=\"og:description\" content=\"\u2022 Mantuvieron privada de su libertad a la v\u00edctima para robarle una camioneta Tamu\u00edn.- Un sujeto acusado por el delito de secuestro expr\u00e9s agravado y robo calificado, fue capturado por la Polic\u00eda de Investigaci\u00f3n (PDI) en el municipio de Tamu\u00edn, inform\u00f3 la Fiscal\u00eda General del Estado de San Luis Potos\u00ed (FGESLP)). Todo ocurri\u00f3 el 26 [&hellip;]\" \/>\n<meta property=\"og:url\" content=\"https:\/\/canal7slp.tv\/2019\/captura-fiscalia-a-sujeto-acusado-de-secuestro-expres-y-robo-calificado-en-tamuin\/\" \/>\n<meta property=\"og:site_name\" content=\"Canal 7 SLP - 2019\" \/>\n<meta property=\"article:publisher\" content=\"https:\/\/www.facebook.com\/CANAL7SLP\/\" \/>\n<meta property=\"article:published_time\" content=\"2019-06-08T21:09:21+00:00\" \/>\n<meta property=\"og:image\" content=\"https:\/\/canal7slp.tv\/2019\/wp-content\/uploads\/2019\/06\/detenido1-1.jpg\" \/>\n\t<meta property=\"og:image:width\" content=\"447\" \/>\n\t<meta property=\"og:image:height\" content=\"558\" \/>\n\t<meta property=\"og:image:type\" content=\"image\/jpeg\" \/>\n<meta name=\"author\" content=\"edicionweb\" \/>\n<meta name=\"twitter:card\" content=\"summary_large_image\" \/>\n<meta name=\"twitter:creator\" content=\"@canal7_slp\" \/>\n<meta name=\"twitter:site\" content=\"@canal7_slp\" \/>\n<meta name=\"twitter:label1\" content=\"Escrito por\" \/>\n\t<meta name=\"twitter:data1\" content=\"edicionweb\" \/>\n\t<meta name=\"twitter:label2\" content=\"Tiempo de lectura\" \/>\n\t<meta name=\"twitter:data2\" content=\"2 minutos\" \/>\n<script type=\"application\/ld+json\" class=\"yoast-schema-graph\">{\"@context\":\"https:\\\/\\\/schema.org\",\"@graph\":[{\"@type\":\"Article\",\"@id\":\"https:\\\/\\\/canal7slp.tv\\\/2019\\\/captura-fiscalia-a-sujeto-acusado-de-secuestro-expres-y-robo-calificado-en-tamuin\\\/#article\",\"isPartOf\":{\"@id\":\"https:\\\/\\\/canal7slp.tv\\\/2019\\\/captura-fiscalia-a-sujeto-acusado-de-secuestro-expres-y-robo-calificado-en-tamuin\\\/\"},\"author\":{\"name\":\"edicionweb\",\"@id\":\"https:\\\/\\\/canal7slp.tv\\\/2019\\\/#\\\/schema\\\/person\\\/11d941c1c6ca30ac0a46b95fa37aa2e3\"},\"headline\":\"Captura Fiscal\u00eda a sujeto acusado de secuestro expr\u00e9s y robo calificado en Tamu\u00edn\",\"datePublished\":\"2019-06-08T21:09:21+00:00\",\"mainEntityOfPage\":{\"@id\":\"https:\\\/\\\/canal7slp.tv\\\/2019\\\/captura-fiscalia-a-sujeto-acusado-de-secuestro-expres-y-robo-calificado-en-tamuin\\\/\"},\"wordCount\":423,\"commentCount\":0,\"publisher\":{\"@id\":\"https:\\\/\\\/canal7slp.tv\\\/2019\\\/#organization\"},\"image\":{\"@id\":\"https:\\\/\\\/canal7slp.tv\\\/2019\\\/captura-fiscalia-a-sujeto-acusado-de-secuestro-expres-y-robo-calificado-en-tamuin\\\/#primaryimage\"},\"thumbnailUrl\":\"https:\\\/\\\/canal7slp.tv\\\/2019\\\/wp-content\\\/uploads\\\/2019\\\/06\\\/detenido1-1.jpg\",\"articleSection\":[\"REPORTE 7\"],\"inLanguage\":\"es\",\"potentialAction\":[{\"@type\":\"CommentAction\",\"name\":\"Comment\",\"target\":[\"https:\\\/\\\/canal7slp.tv\\\/2019\\\/captura-fiscalia-a-sujeto-acusado-de-secuestro-expres-y-robo-calificado-en-tamuin\\\/#respond\"]}]},{\"@type\":\"WebPage\",\"@id\":\"https:\\\/\\\/canal7slp.tv\\\/2019\\\/captura-fiscalia-a-sujeto-acusado-de-secuestro-expres-y-robo-calificado-en-tamuin\\\/\",\"url\":\"https:\\\/\\\/canal7slp.tv\\\/2019\\\/captura-fiscalia-a-sujeto-acusado-de-secuestro-expres-y-robo-calificado-en-tamuin\\\/\",\"name\":\"Captura Fiscal\u00eda a sujeto acusado de secuestro expr\u00e9s y robo calificado en Tamu\u00edn - Canal 7 SLP - 2019\",\"isPartOf\":{\"@id\":\"https:\\\/\\\/canal7slp.tv\\\/2019\\\/#website\"},\"primaryImageOfPage\":{\"@id\":\"https:\\\/\\\/canal7slp.tv\\\/2019\\\/captura-fiscalia-a-sujeto-acusado-de-secuestro-expres-y-robo-calificado-en-tamuin\\\/#primaryimage\"},\"image\":{\"@id\":\"https:\\\/\\\/canal7slp.tv\\\/2019\\\/captura-fiscalia-a-sujeto-acusado-de-secuestro-expres-y-robo-calificado-en-tamuin\\\/#primaryimage\"},\"thumbnailUrl\":\"https:\\\/\\\/canal7slp.tv\\\/2019\\\/wp-content\\\/uploads\\\/2019\\\/06\\\/detenido1-1.jpg\",\"datePublished\":\"2019-06-08T21:09:21+00:00\",\"breadcrumb\":{\"@id\":\"https:\\\/\\\/canal7slp.tv\\\/2019\\\/captura-fiscalia-a-sujeto-acusado-de-secuestro-expres-y-robo-calificado-en-tamuin\\\/#breadcrumb\"},\"inLanguage\":\"es\",\"potentialAction\":[{\"@type\":\"ReadAction\",\"target\":[\"https:\\\/\\\/canal7slp.tv\\\/2019\\\/captura-fiscalia-a-sujeto-acusado-de-secuestro-expres-y-robo-calificado-en-tamuin\\\/\"]}]},{\"@type\":\"ImageObject\",\"inLanguage\":\"es\",\"@id\":\"https:\\\/\\\/canal7slp.tv\\\/2019\\\/captura-fiscalia-a-sujeto-acusado-de-secuestro-expres-y-robo-calificado-en-tamuin\\\/#primaryimage\",\"url\":\"https:\\\/\\\/canal7slp.tv\\\/2019\\\/wp-content\\\/uploads\\\/2019\\\/06\\\/detenido1-1.jpg\",\"contentUrl\":\"https:\\\/\\\/canal7slp.tv\\\/2019\\\/wp-content\\\/uploads\\\/2019\\\/06\\\/detenido1-1.jpg\",\"width\":447,\"height\":558},{\"@type\":\"BreadcrumbList\",\"@id\":\"https:\\\/\\\/canal7slp.tv\\\/2019\\\/captura-fiscalia-a-sujeto-acusado-de-secuestro-expres-y-robo-calificado-en-tamuin\\\/#breadcrumb\",\"itemListElement\":[{\"@type\":\"ListItem\",\"position\":1,\"name\":\"Home\",\"item\":\"https:\\\/\\\/canal7slp.tv\\\/2019\\\/\"},{\"@type\":\"ListItem\",\"position\":2,\"name\":\"Captura Fiscal\u00eda a sujeto acusado de secuestro expr\u00e9s y robo calificado en Tamu\u00edn\"}]},{\"@type\":\"WebSite\",\"@id\":\"https:\\\/\\\/canal7slp.tv\\\/2019\\\/#website\",\"url\":\"https:\\\/\\\/canal7slp.tv\\\/2019\\\/\",\"name\":\"Canal 7 SLP - Somos TV\",\"description\":\"Somos un Canal de 10\",\"publisher\":{\"@id\":\"https:\\\/\\\/canal7slp.tv\\\/2019\\\/#organization\"},\"potentialAction\":[{\"@type\":\"SearchAction\",\"target\":{\"@type\":\"EntryPoint\",\"urlTemplate\":\"https:\\\/\\\/canal7slp.tv\\\/2019\\\/?s={search_term_string}\"},\"query-input\":{\"@type\":\"PropertyValueSpecification\",\"valueRequired\":true,\"valueName\":\"search_term_string\"}}],\"inLanguage\":\"es\"},{\"@type\":\"Organization\",\"@id\":\"https:\\\/\\\/canal7slp.tv\\\/2019\\\/#organization\",\"name\":\"Comunicaci\u00f3n 2000 S.A. de C.V.\",\"url\":\"https:\\\/\\\/canal7slp.tv\\\/2019\\\/\",\"logo\":{\"@type\":\"ImageObject\",\"inLanguage\":\"es\",\"@id\":\"https:\\\/\\\/canal7slp.tv\\\/2019\\\/#\\\/schema\\\/logo\\\/image\\\/\",\"url\":\"https:\\\/\\\/canal7slp.tv\\\/2019\\\/wp-content\\\/uploads\\\/2019\\\/07\\\/logo-c7.png\",\"contentUrl\":\"https:\\\/\\\/canal7slp.tv\\\/2019\\\/wp-content\\\/uploads\\\/2019\\\/07\\\/logo-c7.png\",\"width\":220,\"height\":60,\"caption\":\"Comunicaci\u00f3n 2000 S.A. de C.V.\"},\"image\":{\"@id\":\"https:\\\/\\\/canal7slp.tv\\\/2019\\\/#\\\/schema\\\/logo\\\/image\\\/\"},\"sameAs\":[\"https:\\\/\\\/www.facebook.com\\\/CANAL7SLP\\\/\",\"https:\\\/\\\/x.com\\\/canal7_slp\",\"https:\\\/\\\/www.instagram.com\\\/canal7_slp\",\"https:\\\/\\\/www.youtube.com\\\/user\\\/NOTICIEROSCANAL7SLP\\\/\"]},{\"@type\":\"Person\",\"@id\":\"https:\\\/\\\/canal7slp.tv\\\/2019\\\/#\\\/schema\\\/person\\\/11d941c1c6ca30ac0a46b95fa37aa2e3\",\"name\":\"edicionweb\",\"image\":{\"@type\":\"ImageObject\",\"inLanguage\":\"es\",\"@id\":\"https:\\\/\\\/secure.gravatar.com\\\/avatar\\\/eee448fc3f7164808013b816ba91ac7e43bbe82a70bebac296f8bc6f0addaa1a?s=96&d=mm&r=g\",\"url\":\"https:\\\/\\\/secure.gravatar.com\\\/avatar\\\/eee448fc3f7164808013b816ba91ac7e43bbe82a70bebac296f8bc6f0addaa1a?s=96&d=mm&r=g\",\"contentUrl\":\"https:\\\/\\\/secure.gravatar.com\\\/avatar\\\/eee448fc3f7164808013b816ba91ac7e43bbe82a70bebac296f8bc6f0addaa1a?s=96&d=mm&r=g\",\"caption\":\"edicionweb\"}}]}<\/script>\n<!-- \/ Yoast SEO plugin. -->","yoast_head_json":{"title":"Captura Fiscal\u00eda a sujeto acusado de secuestro expr\u00e9s y robo calificado en Tamu\u00edn - Canal 7 SLP - 2019","robots":{"index":"index","follow":"follow","max-snippet":"max-snippet:-1","max-image-preview":"max-image-preview:large","max-video-preview":"max-video-preview:-1"},"canonical":"https:\/\/canal7slp.tv\/2019\/captura-fiscalia-a-sujeto-acusado-de-secuestro-expres-y-robo-calificado-en-tamuin\/","og_locale":"es_ES","og_type":"article","og_title":"Captura Fiscal\u00eda a sujeto acusado de secuestro expr\u00e9s y robo calificado en Tamu\u00edn - Canal 7 SLP - 2019","og_description":"\u2022 Mantuvieron privada de su libertad a la v\u00edctima para robarle una camioneta Tamu\u00edn.- Un sujeto acusado por el delito de secuestro expr\u00e9s agravado y robo calificado, fue capturado por la Polic\u00eda de Investigaci\u00f3n (PDI) en el municipio de Tamu\u00edn, inform\u00f3 la Fiscal\u00eda General del Estado de San Luis Potos\u00ed (FGESLP)). Todo ocurri\u00f3 el 26 [&hellip;]","og_url":"https:\/\/canal7slp.tv\/2019\/captura-fiscalia-a-sujeto-acusado-de-secuestro-expres-y-robo-calificado-en-tamuin\/","og_site_name":"Canal 7 SLP - 2019","article_publisher":"https:\/\/www.facebook.com\/CANAL7SLP\/","article_published_time":"2019-06-08T21:09:21+00:00","og_image":[{"width":447,"height":558,"url":"https:\/\/canal7slp.tv\/2019\/wp-content\/uploads\/2019\/06\/detenido1-1.jpg","type":"image\/jpeg"}],"author":"edicionweb","twitter_card":"summary_large_image","twitter_creator":"@canal7_slp","twitter_site":"@canal7_slp","twitter_misc":{"Escrito por":"edicionweb","Tiempo de lectura":"2 minutos"},"schema":{"@context":"https:\/\/schema.org","@graph":[{"@type":"Article","@id":"https:\/\/canal7slp.tv\/2019\/captura-fiscalia-a-sujeto-acusado-de-secuestro-expres-y-robo-calificado-en-tamuin\/#article","isPartOf":{"@id":"https:\/\/canal7slp.tv\/2019\/captura-fiscalia-a-sujeto-acusado-de-secuestro-expres-y-robo-calificado-en-tamuin\/"},"author":{"name":"edicionweb","@id":"https:\/\/canal7slp.tv\/2019\/#\/schema\/person\/11d941c1c6ca30ac0a46b95fa37aa2e3"},"headline":"Captura Fiscal\u00eda a sujeto acusado de secuestro expr\u00e9s y robo calificado en Tamu\u00edn","datePublished":"2019-06-08T21:09:21+00:00","mainEntityOfPage":{"@id":"https:\/\/canal7slp.tv\/2019\/captura-fiscalia-a-sujeto-acusado-de-secuestro-expres-y-robo-calificado-en-tamuin\/"},"wordCount":423,"commentCount":0,"publisher":{"@id":"https:\/\/canal7slp.tv\/2019\/#organization"},"image":{"@id":"https:\/\/canal7slp.tv\/2019\/captura-fiscalia-a-sujeto-acusado-de-secuestro-expres-y-robo-calificado-en-tamuin\/#primaryimage"},"thumbnailUrl":"https:\/\/canal7slp.tv\/2019\/wp-content\/uploads\/2019\/06\/detenido1-1.jpg","articleSection":["REPORTE 7"],"inLanguage":"es","potentialAction":[{"@type":"CommentAction","name":"Comment","target":["https:\/\/canal7slp.tv\/2019\/captura-fiscalia-a-sujeto-acusado-de-secuestro-expres-y-robo-calificado-en-tamuin\/#respond"]}]},{"@type":"WebPage","@id":"https:\/\/canal7slp.tv\/2019\/captura-fiscalia-a-sujeto-acusado-de-secuestro-expres-y-robo-calificado-en-tamuin\/","url":"https:\/\/canal7slp.tv\/2019\/captura-fiscalia-a-sujeto-acusado-de-secuestro-expres-y-robo-calificado-en-tamuin\/","name":"Captura Fiscal\u00eda a sujeto acusado de secuestro expr\u00e9s y robo calificado en Tamu\u00edn - Canal 7 SLP - 2019","isPartOf":{"@id":"https:\/\/canal7slp.tv\/2019\/#website"},"primaryImageOfPage":{"@id":"https:\/\/canal7slp.tv\/2019\/captura-fiscalia-a-sujeto-acusado-de-secuestro-expres-y-robo-calificado-en-tamuin\/#primaryimage"},"image":{"@id":"https:\/\/canal7slp.tv\/2019\/captura-fiscalia-a-sujeto-acusado-de-secuestro-expres-y-robo-calificado-en-tamuin\/#primaryimage"},"thumbnailUrl":"https:\/\/canal7slp.tv\/2019\/wp-content\/uploads\/2019\/06\/detenido1-1.jpg","datePublished":"2019-06-08T21:09:21+00:00","breadcrumb":{"@id":"https:\/\/canal7slp.tv\/2019\/captura-fiscalia-a-sujeto-acusado-de-secuestro-expres-y-robo-calificado-en-tamuin\/#breadcrumb"},"inLanguage":"es","potentialAction":[{"@type":"ReadAction","target":["https:\/\/canal7slp.tv\/2019\/captura-fiscalia-a-sujeto-acusado-de-secuestro-expres-y-robo-calificado-en-tamuin\/"]}]},{"@type":"ImageObject","inLanguage":"es","@id":"https:\/\/canal7slp.tv\/2019\/captura-fiscalia-a-sujeto-acusado-de-secuestro-expres-y-robo-calificado-en-tamuin\/#primaryimage","url":"https:\/\/canal7slp.tv\/2019\/wp-content\/uploads\/2019\/06\/detenido1-1.jpg","contentUrl":"https:\/\/canal7slp.tv\/2019\/wp-content\/uploads\/2019\/06\/detenido1-1.jpg","width":447,"height":558},{"@type":"BreadcrumbList","@id":"https:\/\/canal7slp.tv\/2019\/captura-fiscalia-a-sujeto-acusado-de-secuestro-expres-y-robo-calificado-en-tamuin\/#breadcrumb","itemListElement":[{"@type":"ListItem","position":1,"name":"Home","item":"https:\/\/canal7slp.tv\/2019\/"},{"@type":"ListItem","position":2,"name":"Captura Fiscal\u00eda a sujeto acusado de secuestro expr\u00e9s y robo calificado en Tamu\u00edn"}]},{"@type":"WebSite","@id":"https:\/\/canal7slp.tv\/2019\/#website","url":"https:\/\/canal7slp.tv\/2019\/","name":"Canal 7 SLP - Somos TV","description":"Somos un Canal de 10","publisher":{"@id":"https:\/\/canal7slp.tv\/2019\/#organization"},"potentialAction":[{"@type":"SearchAction","target":{"@type":"EntryPoint","urlTemplate":"https:\/\/canal7slp.tv\/2019\/?s={search_term_string}"},"query-input":{"@type":"PropertyValueSpecification","valueRequired":true,"valueName":"search_term_string"}}],"inLanguage":"es"},{"@type":"Organization","@id":"https:\/\/canal7slp.tv\/2019\/#organization","name":"Comunicaci\u00f3n 2000 S.A. de C.V.","url":"https:\/\/canal7slp.tv\/2019\/","logo":{"@type":"ImageObject","inLanguage":"es","@id":"https:\/\/canal7slp.tv\/2019\/#\/schema\/logo\/image\/","url":"https:\/\/canal7slp.tv\/2019\/wp-content\/uploads\/2019\/07\/logo-c7.png","contentUrl":"https:\/\/canal7slp.tv\/2019\/wp-content\/uploads\/2019\/07\/logo-c7.png","width":220,"height":60,"caption":"Comunicaci\u00f3n 2000 S.A. de C.V."},"image":{"@id":"https:\/\/canal7slp.tv\/2019\/#\/schema\/logo\/image\/"},"sameAs":["https:\/\/www.facebook.com\/CANAL7SLP\/","https:\/\/x.com\/canal7_slp","https:\/\/www.instagram.com\/canal7_slp","https:\/\/www.youtube.com\/user\/NOTICIEROSCANAL7SLP\/"]},{"@type":"Person","@id":"https:\/\/canal7slp.tv\/2019\/#\/schema\/person\/11d941c1c6ca30ac0a46b95fa37aa2e3","name":"edicionweb","image":{"@type":"ImageObject","inLanguage":"es","@id":"https:\/\/secure.gravatar.com\/avatar\/eee448fc3f7164808013b816ba91ac7e43bbe82a70bebac296f8bc6f0addaa1a?s=96&d=mm&r=g","url":"https:\/\/secure.gravatar.com\/avatar\/eee448fc3f7164808013b816ba91ac7e43bbe82a70bebac296f8bc6f0addaa1a?s=96&d=mm&r=g","contentUrl":"https:\/\/secure.gravatar.com\/avatar\/eee448fc3f7164808013b816ba91ac7e43bbe82a70bebac296f8bc6f0addaa1a?s=96&d=mm&r=g","caption":"edicionweb"}}]}},"amp_enabled":true,"cmb2":{"video_ids_in_playlist":{"vid_p_videos":""},"video_ids_in_channel":{"vid_c_videos":""},"playlist_ids_in_channel":{"vid_c_playlists":""},"series_ids_in_channel":{"vid_c_series":""},"channel_images":{"vid_c_logo":"","vid_c_banner":""},"poster_feature_image":{"vid_m_poster_image":""},"gif_feature_image":{"vid_m_gif_image":""},"video_movie_settings":{"vid_m_director":"","vid_m_actor":"","vid_m_imdb_ratings":"","vid_m_amazon_associates":""},"vid_youtube_broadcasts_settings":{"vid_yb_broadcast_title":"","vid_yb_q":"","vid_yb_channelid":"","vid_yb_videocategoryid":"","vid_yb_maxresults":"","vid_yb_order":"","vid_yb_regioncode":"","vid_yb_videosyndicated":"","vid_yb_style":"","vid_yb_reload_first":""},"video_series_settings":{"vid_m_director":"","vid_m_actor":"","vid_m_imdb_ratings":"","video_series_group":""},"amazon_associates_settings":{"amazon_associates":"","amazon_native_ad":""},"vid_youtube_automatic_settings":{"vid_ya_youtube_source":"","vid_ya_update_every":"","vid_ya_update_unit":"","vid_ya_categories":"","vid_ya_published_after":"","vid_ya_published_before":"","vid_ya_playlists":"","vid_ya_channels":"","vid_ya_director":"","vid_ya_actor":"","vid_ya_author":"","vid_ya_import_post_date":"","vid_ya_status":"","vid_ya_sub_api_key":""},"vid_ads_m_videoads_settings_post":{"vid_ads_m_video_ads":"","vid_ads_m_video_ads_type":"","vid_ads_m_group_google_ima":"","vid_ads_m_group_image":"","vid_ads_m_group_html5_video":"","vid_ads_m_group_html":"","vid_ads_m_vast_preroll":"","vid_ads_m_vast_postroll":"","vid_ads_m_vast_pauseroll":"","vid_ads_m_vast_midroll":[{"vid_ads_m_vast_timer_seconds":"50"}],"vid_ads_m_time_to_show_ads":"","vid_ads_m_time_skip_ads":"","vid_ads_m_time_to_hide_ads":""},"page_slider_settings":{"display_slider_group":"","page_slider_group":""},"blog_page_settings":{"blog_page_title":"","blog_page_heading":"","blog_page_ic":"","blog_page_it":"","blog_page_ec":"","blog_page_ip":"","archive_loop_style":"","blog_image_ratio":"","blog_show_categories":"","blog_show_excerpt":"","blog_show_author":"","blog_show_date":"","blog_show_comment_count":"","blog_show_view_count":"","blog_show_like_count":"","blog_show_dislike_count":"","blog_items_per_page":"","blog_pag_type":""},"page_options":{"get_page_template":"","color_mode":"","main_layout":"","main_layout_full_with":"","main_logo":"","main_logo_retina":"","main_logo_mobile":"","main_logo_mobile_retina":"","sticky_logo":"","sticky_logo_retina":"","main_nav_layout":"","ajax_search":"","header_background":"","theme_sidebar":"","instagram_feed":"","instagram_feed_position":"","popular_videos":"","popular_videos_title_1":"","popular_videos_title_2":"","popular_videos_ic":"","popular_videos_it":"","theme_background":"","page_custom_css":""},"feature_image_settings":{"feature_image_position":""},"video_player_settings":{"single_video_style":"","video_player_position":"","vm_video_url":"","video_player_library":"","video_streaming":"","vm_media_sources":"","vid_auto_play":"","vm_video_shortcode":"","vid_p_sync_playlist":"","vid_c_sync_channel":"","get_post_format":"","multiple_links_structure":"default","multi_links_title":"","vm_video_multi_links":"","vm_duration":"","vid_social_locker":"off","vid_social_locker_id":"","vid_membership_action":"content-video","vm_video_trailer_url":"","vid_download_type":"free","vid_download_target":"download","vid_woo_product":"","vm_media_download":"","user_rating":"","user_rating_position":"","user_rating_mode":"","user_rating_multi_sets":""},"video_auto_fetch_settings":{"vm_video_fetch":"on"},"video_fake_views_likes":{"vm_fake_views":"","vm_fake_likes":"","vm_fake_dislikes":""},"gallery_settings":{"gallery_position":""},"quote_settings":{"quote_position":""},"post_options":{"main_layout":"","main_logo":"","main_logo_retina":"","main_logo_mobile":"","main_logo_mobile_retina":"","sticky_logo":"","sticky_logo_retina":"","main_nav_layout":"","header_background":"","theme_sidebar":"","single_post_comment_type":"","theme_background":""}},"_links":{"self":[{"href":"https:\/\/canal7slp.tv\/2019\/wp-json\/wp\/v2\/posts\/9523","targetHints":{"allow":["GET"]}}],"collection":[{"href":"https:\/\/canal7slp.tv\/2019\/wp-json\/wp\/v2\/posts"}],"about":[{"href":"https:\/\/canal7slp.tv\/2019\/wp-json\/wp\/v2\/types\/post"}],"author":[{"embeddable":true,"href":"https:\/\/canal7slp.tv\/2019\/wp-json\/wp\/v2\/users\/2"}],"replies":[{"embeddable":true,"href":"https:\/\/canal7slp.tv\/2019\/wp-json\/wp\/v2\/comments?post=9523"}],"version-history":[{"count":0,"href":"https:\/\/canal7slp.tv\/2019\/wp-json\/wp\/v2\/posts\/9523\/revisions"}],"wp:featuredmedia":[{"embeddable":true,"href":"https:\/\/canal7slp.tv\/2019\/wp-json\/wp\/v2\/media\/9530"}],"wp:attachment":[{"href":"https:\/\/canal7slp.tv\/2019\/wp-json\/wp\/v2\/media?parent=9523"}],"wp:term":[{"taxonomy":"category","embeddable":true,"href":"https:\/\/canal7slp.tv\/2019\/wp-json\/wp\/v2\/categories?post=9523"},{"taxonomy":"post_tag","embeddable":true,"href":"https:\/\/canal7slp.tv\/2019\/wp-json\/wp\/v2\/tags?post=9523"}],"curies":[{"name":"wp","href":"https:\/\/api.w.org\/{rel}","templated":true}]}}