{"id":9459,"date":"2019-06-08T10:47:38","date_gmt":"2019-06-08T15:47:38","guid":{"rendered":"https:\/\/canal7slp.tv\/2019\/?p=9459"},"modified":"2019-06-08T10:47:38","modified_gmt":"2019-06-08T15:47:38","slug":"lo-oscuro-de-la-luz-del-mundo","status":"publish","type":"post","link":"https:\/\/canal7slp.tv\/2019\/lo-oscuro-de-la-luz-del-mundo\/","title":{"rendered":"Lo oscuro de la Luz del Mundo"},"content":{"rendered":"<p style=\"text-align: justify\">M\u00e9xico.- Lo que empez\u00f3 como una donaci\u00f3n o un simple regalo del exgobernador de Jalisco, Marcelino Garc\u00eda Barrag\u00e1n, termin\u00f3 en todo un emporio de poder para una congregaci\u00f3n llamada La Luz del Mundo.<\/p>\n<p style=\"text-align: justify\">Fundada en el a\u00f1o de 1926 dicha secta, tuvo en Eusebio Joaqu\u00edn Gonz\u00e1lez, mejor conocido como Aar\u00f3n Joaqu\u00edn &#8211;por as\u00ed convenir a sus intereses&#8211;, a su gran patriarca y l\u00edder espiritual.<\/p>\n<p style=\"text-align: justify\">La pol\u00e9mica agrupaci\u00f3n naci\u00f3 durante la llamada \u201cGuerra Cristera\u201d, donde los fieles cat\u00f3licos buscaban evitar la limitaci\u00f3n de su culto y experimentar en otras \u00e1reas eclesi\u00e1sticas.<\/p>\n<p style=\"text-align: justify\">Fue en el sexenio del entonces gobernador de Jalisco, Marcelino Garc\u00eda Barrag\u00e1n (1943-1947) que Aar\u00f3n Joaqu\u00edn recibi\u00f3 como regalo 14 hect\u00e1reas, terreno que ya ocupaba pero que no estaba regularizado.<\/p>\n<p style=\"text-align: justify\">Fue ah\u00ed que comenz\u00f3 a construir su oscuro emporio: La Luz del Mundo, que en la actualidad tiene presencia en m\u00e1s de 58 pa\u00edses. Pero Aar\u00f3n, su primer jerarca, falleci\u00f3 el 9 de junio de 1964, a la edad de 66 a\u00f1os.<\/p>\n<p style=\"text-align: justify\">A su muerte, su hijo Samuel Joaqu\u00edn Flores lleg\u00f3 al poder y ah\u00ed se mantuvo como l\u00edder de esa congregaci\u00f3n durante 50 a\u00f1os hasta que muri\u00f3 a causa de una enfermedad degenerativa.<\/p>\n<p style=\"text-align: justify\">En el a\u00f1o de 1993 dicha Iglesia fue reconocida por la Secretar\u00eda de Gobernaci\u00f3n con la clave SGAR 7\/93 siendo presidente de la Rep\u00fablica, Carlos Salinas de Gortari.<\/p>\n<p style=\"text-align: justify\">La Luz del Mundo fue la s\u00e9ptima organizaci\u00f3n en quedar registrada como grupo o iglesia y tres permisos m\u00e1s pertenecen a esa misma agrupaci\u00f3n, que en total sumaban cuatro debidamente constituidas ante esa secretar\u00eda.<\/p>\n<p style=\"text-align: justify\">Fue entonces cuando emergi\u00f3 la figura de Naas\u00f3n Joaqu\u00edn Garc\u00eda, quien se autodenomin\u00f3 ap\u00f3stol de La Luz del Mundo, hoy en d\u00eda preso en una c\u00e1rcel de California.<\/p>\n<p style=\"text-align: justify\">Cabe destacar que Naas\u00f3n Joaqu\u00edn naci\u00f3 un 7 de mayo de 1969; desde los 14 a\u00f1os dirigi\u00f3 en la iglesia a un grupo de j\u00f3venes y siendo un adolescente fue enviado como misionero a Espa\u00f1a y Portugal.<\/p>\n<p style=\"text-align: justify\">A lo largo de 22 a\u00f1os fue ministro de su iglesia en varias ciudades de Estados Unidos, como Phoenix, Arizona; Los \u00c1ngeles (North Hollywood), San Diego y Santa Ana, California.<\/p>\n<p style=\"text-align: justify\">En 1983, el templo principal de La Luz del Mundo comenz\u00f3 a construirse y la obra estuvo a cargo del arquitecto Leopoldo Fern\u00e1ndez Font y oficialmente la majestuosa edificaci\u00f3n concluy\u00f3 en el a\u00f1o 1990.<\/p>\n<p style=\"text-align: justify\">La obra de Fern\u00e1ndez Font tiene una altura de 80 metros de altura y para tener una referencia, el Palacio de las Bellas Artes mide 44 metros, mientras que la Torre Latino tiene una altura de 180 metros.<\/p>\n<p style=\"text-align: justify\">Fern\u00e1ndez Font no contrat\u00f3 ning\u00fan alba\u00f1il o personal para la obra y de 1983-1990 participaron de manera voluntaria entre 40 mil a 50 mil personas, la mayor\u00eda de ellos fieles seguidores de La Luz del Mundo, quienes no cobraron ni un cinco.<\/p>\n<p style=\"text-align: justify\">Ese edificio tiene una capacidad para albergar a 12 mil personas, mientras que en su amplio s\u00f3tano caben tres mil y dicho templo, que fue inaugurado oficialmente en 1993, es desde ese momento un referente simb\u00f3lico de la ciudad de Guadalajara.<\/p>\n<p style=\"text-align: justify\">Un 14 de junio de 1992, Naas\u00f3n Joaqu\u00edn se cas\u00f3 con Alma Zamora, integrante de esa iglesia, y con quien procre\u00f3 tres hijos a quienes llam\u00f3 Adora\u00edm, Elda\u00ed, y Sibma.<\/p>\n<p style=\"text-align: justify\">En el a\u00f1o de 1994 fue designado di\u00e1cono de La Luz del Mundo y en el a\u00f1o 2000 fue designado como pastor. A\u00f1os m\u00e1s tarde se autoproclam\u00f3 como ap\u00f3stol de Jesucristo de esa agrupaci\u00f3n que aglutina a millones de fieles en el mundo.<\/p>\n<p style=\"text-align: justify\">El 8 de diciembre del a\u00f1o 2014, el l\u00edder jer\u00e1rquico de La Luz del Mundo, Samuel Joaqu\u00edn Flores, muri\u00f3 a los 77 a\u00f1os de edad y sobre \u00e9l pesaban acusaciones de violaciones contra menores de edad, pero ninguno de los se\u00f1alamientos prosper\u00f3 en los tribunales de justicia.<\/p>\n<p style=\"text-align: justify\">Incluso el exgobernador de Jalisco (2013-2018), Arist\u00f3teles Sandoval D\u00edaz, de extracci\u00f3n priista, lament\u00f3 la muerte del l\u00edder espiritual Samuel Joaqu\u00edn y, en su cuenta oficial de Twitter, lo llam\u00f3 doctor<\/p>\n<p style=\"text-align: justify\">Tan cercana eran sus relaciones con el gobierno que el municipio de Guadalajara, Jalisco, que el alcalde Ramiro Hern\u00e1ndez Garc\u00eda le entreg\u00f3 en la explanada del templo principal un reconocimiento por su \u201clabor a favor del desarrollo comunitario\u201d.<\/p>\n<p style=\"text-align: justify\">Pero La Luz del Mundo no s\u00f3lo creci\u00f3 en Jalisco, su poder\u00edo se expandi\u00f3 en todo M\u00e9xico y en otros pa\u00edses del mundo, por ejemplo, en Puebla en el a\u00f1o 2016 el propio Naas\u00f3n Joaqu\u00edn inaugur\u00f3 su propia colonia con alfombra roja y caravana.<\/p>\n<p style=\"text-align: justify\">La colonia ubicada en el municipio de Amozoc est\u00e1 construida en 14 hect\u00e1reas y rodeada con una barda perimetral de acero, en cuya entrada principal mide m\u00e1s de cuatro metros de altura y tiene las siglas del NJG (Naas\u00f3n Joaqu\u00edn Garc\u00eda).<\/p>\n<p style=\"text-align: justify\">El propio l\u00edder de La Luz del Mundo fue el encargado de inaugurar lo que el propio ap\u00f3stol de Jesucristo llama \u201cmegasantuario\u201d y en ella albergaron a m\u00e1s de 35 mil miembros de esa grey.<\/p>\n<p style=\"text-align: justify\">Cuenta con edificios departamentales y frente a la plaza central hay una enorme estatua con la figura de Naas\u00f3n en color blanco y de una altura de cuatro metros. En la colonia s\u00f3lo los seguidores de esa secta pueden andar libremente.<\/p>\n<p style=\"text-align: justify\">Pero la m\u00e1s impresionante de todas las edificaciones estar\u00e1 ubicada en El Salvador, ya que ah\u00ed pretenden construir un complejo que llamar\u00e1n La Ciudad Luz del Mundo.<\/p>\n<p style=\"text-align: justify\">Dicha colonia estar\u00e1 enclavada en 100 hect\u00e1reas, y ser\u00e1 toda una ciudad al servicio de La Luz del Mundo y sus feligreses que en Centroam\u00e9rica son millones.<\/p>\n<p style=\"text-align: justify\">Cabe destacar que dicho organizaci\u00f3n eclesi\u00e1stica tiene 5.5 millones de adeptos en todo el mundo y cuentan con presencia en el planeta en al menos 58 pa\u00edses.<\/p>\n<p style=\"text-align: justify\">Tras 90 a\u00f1os de historia, La Luz del Mundo tiene ubicados m\u00e1s de 15 mil templos.<\/p>\n<p style=\"text-align: justify\">Naas\u00f3n Joaqu\u00edn Garc\u00eda actualmente sigue preso en California y le esperan 26 cargos por diferentes delitos de abuso sexual, pornograf\u00eda infantil, violaci\u00f3n y otros relacionados con sexo con sus feligreses, muchos de ellos menores de edad.<\/p>\n<p style=\"text-align: justify\">Tambi\u00e9n est\u00e1n implicadas y detenidas como c\u00f3mplices de Naas\u00f3n Joaqu\u00edn Garc\u00eda: Susana Medina Oaxaca, Alondra Ocampo y Azalea Rangel Mel\u00e9ndez.<\/p>\n<p style=\"text-align: justify\">El juez general de California, Xavier Becerra, fij\u00f3 una fianza de 50 millones de d\u00f3lares contra el ap\u00f3stol de La Luz del Mundo, a quien calific\u00f3 de enfermo y demente.<\/p>\n<p style=\"text-align: justify\">La preocupaci\u00f3n radica en que Naas\u00f3n Joaqu\u00edn Garc\u00eda podr\u00eda liquidar dicha fianza con suma facilidad, pues con los ingresos que tiene la grey que encabeza tiene para pagar eso y m\u00e1s.<\/p>\n<p style=\"text-align: justify\">Aunque las v\u00edctimas est\u00e1n protegidas por las autoridades de Estados Unidos, existe la posibilidad de que el ap\u00f3stol salga tras pagar la jugosa fianza.<\/p>\n<p style=\"text-align: justify\">Otra de las preocupaciones es que Naas\u00f3n Joaqu\u00edn Garc\u00eda no tiene ninguna acusaci\u00f3n formal en M\u00e9xico y de ocurrir estos se pasear\u00eda por todo M\u00e9xico sin ser molestado por ninguna autoridad, adem\u00e1s de que mantiene estrecha relaci\u00f3n con los gobernantes de varios estados de la Rep\u00fablica, as\u00ed como con alcaldes.<\/p>\n<p style=\"text-align: justify\">Otra de las cosas que quedaron al descubierto es que Naas\u00f3n Joaqu\u00edn Garc\u00eda no est\u00e1 registrado como ministro ante la Secretar\u00eda de Gobernaci\u00f3n, y s\u00f3lo se sabe que al morir su padre, Samuel Joaqu\u00edn, recibi\u00f3 todo el poder de esa iglesia y para poder oficiar misas se autoproclam\u00f3 ap\u00f3stol de Jesucristo.<\/p>\n","protected":false},"excerpt":{"rendered":"<p>M\u00e9xico.- Lo que empez\u00f3 como una donaci\u00f3n o un simple regalo del exgobernador de Jalisco, Marcelino Garc\u00eda Barrag\u00e1n, termin\u00f3 en todo un emporio de poder para una congregaci\u00f3n llamada La Luz del Mundo. Fundada en el a\u00f1o de 1926 dicha secta, tuvo en Eusebio Joaqu\u00edn Gonz\u00e1lez, mejor conocido como Aar\u00f3n Joaqu\u00edn &#8211;por as\u00ed convenir a [&hellip;]<\/p>\n","protected":false},"author":2,"featured_media":9460,"comment_status":"open","ping_status":"closed","sticky":false,"template":"","format":"standard","meta":{"footnotes":""},"categories":[30],"tags":[],"class_list":["post-9459","post","type-post","status-publish","format-standard","has-post-thumbnail","hentry","category-nacional"],"yoast_head":"<!-- This site is optimized with the Yoast SEO plugin v27.5 - https:\/\/yoast.com\/product\/yoast-seo-wordpress\/ -->\n<title>Lo oscuro de la Luz del Mundo - Canal 7 SLP - 2019<\/title>\n<meta name=\"robots\" content=\"index, follow, max-snippet:-1, max-image-preview:large, max-video-preview:-1\" \/>\n<link rel=\"canonical\" href=\"https:\/\/canal7slp.tv\/2019\/lo-oscuro-de-la-luz-del-mundo\/\" \/>\n<meta property=\"og:locale\" content=\"es_ES\" \/>\n<meta property=\"og:type\" content=\"article\" \/>\n<meta property=\"og:title\" content=\"Lo oscuro de la Luz del Mundo - Canal 7 SLP - 2019\" \/>\n<meta property=\"og:description\" content=\"M\u00e9xico.- Lo que empez\u00f3 como una donaci\u00f3n o un simple regalo del exgobernador de Jalisco, Marcelino Garc\u00eda Barrag\u00e1n, termin\u00f3 en todo un emporio de poder para una congregaci\u00f3n llamada La Luz del Mundo. Fundada en el a\u00f1o de 1926 dicha secta, tuvo en Eusebio Joaqu\u00edn Gonz\u00e1lez, mejor conocido como Aar\u00f3n Joaqu\u00edn &#8211;por as\u00ed convenir a [&hellip;]\" \/>\n<meta property=\"og:url\" content=\"https:\/\/canal7slp.tv\/2019\/lo-oscuro-de-la-luz-del-mundo\/\" \/>\n<meta property=\"og:site_name\" content=\"Canal 7 SLP - 2019\" \/>\n<meta property=\"article:publisher\" content=\"https:\/\/www.facebook.com\/CANAL7SLP\/\" \/>\n<meta property=\"article:published_time\" content=\"2019-06-08T15:47:38+00:00\" \/>\n<meta property=\"og:image\" content=\"https:\/\/canal7slp.tv\/2019\/wp-content\/uploads\/2019\/06\/1210-6.jpg\" \/>\n\t<meta property=\"og:image:width\" content=\"948\" \/>\n\t<meta property=\"og:image:height\" content=\"500\" \/>\n\t<meta property=\"og:image:type\" content=\"image\/jpeg\" \/>\n<meta name=\"author\" content=\"edicionweb\" \/>\n<meta name=\"twitter:card\" content=\"summary_large_image\" \/>\n<meta name=\"twitter:creator\" content=\"@canal7_slp\" \/>\n<meta name=\"twitter:site\" content=\"@canal7_slp\" \/>\n<meta name=\"twitter:label1\" content=\"Escrito por\" \/>\n\t<meta name=\"twitter:data1\" content=\"edicionweb\" \/>\n\t<meta name=\"twitter:label2\" content=\"Tiempo de lectura\" \/>\n\t<meta name=\"twitter:data2\" content=\"7 minutos\" \/>\n<script type=\"application\/ld+json\" class=\"yoast-schema-graph\">{\"@context\":\"https:\\\/\\\/schema.org\",\"@graph\":[{\"@type\":\"Article\",\"@id\":\"https:\\\/\\\/canal7slp.tv\\\/2019\\\/lo-oscuro-de-la-luz-del-mundo\\\/#article\",\"isPartOf\":{\"@id\":\"https:\\\/\\\/canal7slp.tv\\\/2019\\\/lo-oscuro-de-la-luz-del-mundo\\\/\"},\"author\":{\"name\":\"edicionweb\",\"@id\":\"https:\\\/\\\/canal7slp.tv\\\/2019\\\/#\\\/schema\\\/person\\\/11d941c1c6ca30ac0a46b95fa37aa2e3\"},\"headline\":\"Lo oscuro de la Luz del Mundo\",\"datePublished\":\"2019-06-08T15:47:38+00:00\",\"mainEntityOfPage\":{\"@id\":\"https:\\\/\\\/canal7slp.tv\\\/2019\\\/lo-oscuro-de-la-luz-del-mundo\\\/\"},\"wordCount\":1313,\"commentCount\":0,\"publisher\":{\"@id\":\"https:\\\/\\\/canal7slp.tv\\\/2019\\\/#organization\"},\"image\":{\"@id\":\"https:\\\/\\\/canal7slp.tv\\\/2019\\\/lo-oscuro-de-la-luz-del-mundo\\\/#primaryimage\"},\"thumbnailUrl\":\"https:\\\/\\\/canal7slp.tv\\\/2019\\\/wp-content\\\/uploads\\\/2019\\\/06\\\/1210-6.jpg\",\"articleSection\":[\"NACIONAL\"],\"inLanguage\":\"es\",\"potentialAction\":[{\"@type\":\"CommentAction\",\"name\":\"Comment\",\"target\":[\"https:\\\/\\\/canal7slp.tv\\\/2019\\\/lo-oscuro-de-la-luz-del-mundo\\\/#respond\"]}]},{\"@type\":\"WebPage\",\"@id\":\"https:\\\/\\\/canal7slp.tv\\\/2019\\\/lo-oscuro-de-la-luz-del-mundo\\\/\",\"url\":\"https:\\\/\\\/canal7slp.tv\\\/2019\\\/lo-oscuro-de-la-luz-del-mundo\\\/\",\"name\":\"Lo oscuro de la Luz del Mundo - Canal 7 SLP - 2019\",\"isPartOf\":{\"@id\":\"https:\\\/\\\/canal7slp.tv\\\/2019\\\/#website\"},\"primaryImageOfPage\":{\"@id\":\"https:\\\/\\\/canal7slp.tv\\\/2019\\\/lo-oscuro-de-la-luz-del-mundo\\\/#primaryimage\"},\"image\":{\"@id\":\"https:\\\/\\\/canal7slp.tv\\\/2019\\\/lo-oscuro-de-la-luz-del-mundo\\\/#primaryimage\"},\"thumbnailUrl\":\"https:\\\/\\\/canal7slp.tv\\\/2019\\\/wp-content\\\/uploads\\\/2019\\\/06\\\/1210-6.jpg\",\"datePublished\":\"2019-06-08T15:47:38+00:00\",\"breadcrumb\":{\"@id\":\"https:\\\/\\\/canal7slp.tv\\\/2019\\\/lo-oscuro-de-la-luz-del-mundo\\\/#breadcrumb\"},\"inLanguage\":\"es\",\"potentialAction\":[{\"@type\":\"ReadAction\",\"target\":[\"https:\\\/\\\/canal7slp.tv\\\/2019\\\/lo-oscuro-de-la-luz-del-mundo\\\/\"]}]},{\"@type\":\"ImageObject\",\"inLanguage\":\"es\",\"@id\":\"https:\\\/\\\/canal7slp.tv\\\/2019\\\/lo-oscuro-de-la-luz-del-mundo\\\/#primaryimage\",\"url\":\"https:\\\/\\\/canal7slp.tv\\\/2019\\\/wp-content\\\/uploads\\\/2019\\\/06\\\/1210-6.jpg\",\"contentUrl\":\"https:\\\/\\\/canal7slp.tv\\\/2019\\\/wp-content\\\/uploads\\\/2019\\\/06\\\/1210-6.jpg\",\"width\":948,\"height\":500},{\"@type\":\"BreadcrumbList\",\"@id\":\"https:\\\/\\\/canal7slp.tv\\\/2019\\\/lo-oscuro-de-la-luz-del-mundo\\\/#breadcrumb\",\"itemListElement\":[{\"@type\":\"ListItem\",\"position\":1,\"name\":\"Home\",\"item\":\"https:\\\/\\\/canal7slp.tv\\\/2019\\\/\"},{\"@type\":\"ListItem\",\"position\":2,\"name\":\"Lo oscuro de la Luz del Mundo\"}]},{\"@type\":\"WebSite\",\"@id\":\"https:\\\/\\\/canal7slp.tv\\\/2019\\\/#website\",\"url\":\"https:\\\/\\\/canal7slp.tv\\\/2019\\\/\",\"name\":\"Canal 7 SLP - Somos TV\",\"description\":\"Somos un Canal de 10\",\"publisher\":{\"@id\":\"https:\\\/\\\/canal7slp.tv\\\/2019\\\/#organization\"},\"potentialAction\":[{\"@type\":\"SearchAction\",\"target\":{\"@type\":\"EntryPoint\",\"urlTemplate\":\"https:\\\/\\\/canal7slp.tv\\\/2019\\\/?s={search_term_string}\"},\"query-input\":{\"@type\":\"PropertyValueSpecification\",\"valueRequired\":true,\"valueName\":\"search_term_string\"}}],\"inLanguage\":\"es\"},{\"@type\":\"Organization\",\"@id\":\"https:\\\/\\\/canal7slp.tv\\\/2019\\\/#organization\",\"name\":\"Comunicaci\u00f3n 2000 S.A. de C.V.\",\"url\":\"https:\\\/\\\/canal7slp.tv\\\/2019\\\/\",\"logo\":{\"@type\":\"ImageObject\",\"inLanguage\":\"es\",\"@id\":\"https:\\\/\\\/canal7slp.tv\\\/2019\\\/#\\\/schema\\\/logo\\\/image\\\/\",\"url\":\"https:\\\/\\\/canal7slp.tv\\\/2019\\\/wp-content\\\/uploads\\\/2019\\\/07\\\/logo-c7.png\",\"contentUrl\":\"https:\\\/\\\/canal7slp.tv\\\/2019\\\/wp-content\\\/uploads\\\/2019\\\/07\\\/logo-c7.png\",\"width\":220,\"height\":60,\"caption\":\"Comunicaci\u00f3n 2000 S.A. de C.V.\"},\"image\":{\"@id\":\"https:\\\/\\\/canal7slp.tv\\\/2019\\\/#\\\/schema\\\/logo\\\/image\\\/\"},\"sameAs\":[\"https:\\\/\\\/www.facebook.com\\\/CANAL7SLP\\\/\",\"https:\\\/\\\/x.com\\\/canal7_slp\",\"https:\\\/\\\/www.instagram.com\\\/canal7_slp\",\"https:\\\/\\\/www.youtube.com\\\/user\\\/NOTICIEROSCANAL7SLP\\\/\"]},{\"@type\":\"Person\",\"@id\":\"https:\\\/\\\/canal7slp.tv\\\/2019\\\/#\\\/schema\\\/person\\\/11d941c1c6ca30ac0a46b95fa37aa2e3\",\"name\":\"edicionweb\",\"image\":{\"@type\":\"ImageObject\",\"inLanguage\":\"es\",\"@id\":\"https:\\\/\\\/secure.gravatar.com\\\/avatar\\\/eee448fc3f7164808013b816ba91ac7e43bbe82a70bebac296f8bc6f0addaa1a?s=96&d=mm&r=g\",\"url\":\"https:\\\/\\\/secure.gravatar.com\\\/avatar\\\/eee448fc3f7164808013b816ba91ac7e43bbe82a70bebac296f8bc6f0addaa1a?s=96&d=mm&r=g\",\"contentUrl\":\"https:\\\/\\\/secure.gravatar.com\\\/avatar\\\/eee448fc3f7164808013b816ba91ac7e43bbe82a70bebac296f8bc6f0addaa1a?s=96&d=mm&r=g\",\"caption\":\"edicionweb\"}}]}<\/script>\n<!-- \/ Yoast SEO plugin. -->","yoast_head_json":{"title":"Lo oscuro de la Luz del Mundo - Canal 7 SLP - 2019","robots":{"index":"index","follow":"follow","max-snippet":"max-snippet:-1","max-image-preview":"max-image-preview:large","max-video-preview":"max-video-preview:-1"},"canonical":"https:\/\/canal7slp.tv\/2019\/lo-oscuro-de-la-luz-del-mundo\/","og_locale":"es_ES","og_type":"article","og_title":"Lo oscuro de la Luz del Mundo - Canal 7 SLP - 2019","og_description":"M\u00e9xico.- Lo que empez\u00f3 como una donaci\u00f3n o un simple regalo del exgobernador de Jalisco, Marcelino Garc\u00eda Barrag\u00e1n, termin\u00f3 en todo un emporio de poder para una congregaci\u00f3n llamada La Luz del Mundo. Fundada en el a\u00f1o de 1926 dicha secta, tuvo en Eusebio Joaqu\u00edn Gonz\u00e1lez, mejor conocido como Aar\u00f3n Joaqu\u00edn &#8211;por as\u00ed convenir a [&hellip;]","og_url":"https:\/\/canal7slp.tv\/2019\/lo-oscuro-de-la-luz-del-mundo\/","og_site_name":"Canal 7 SLP - 2019","article_publisher":"https:\/\/www.facebook.com\/CANAL7SLP\/","article_published_time":"2019-06-08T15:47:38+00:00","og_image":[{"width":948,"height":500,"url":"https:\/\/canal7slp.tv\/2019\/wp-content\/uploads\/2019\/06\/1210-6.jpg","type":"image\/jpeg"}],"author":"edicionweb","twitter_card":"summary_large_image","twitter_creator":"@canal7_slp","twitter_site":"@canal7_slp","twitter_misc":{"Escrito por":"edicionweb","Tiempo de lectura":"7 minutos"},"schema":{"@context":"https:\/\/schema.org","@graph":[{"@type":"Article","@id":"https:\/\/canal7slp.tv\/2019\/lo-oscuro-de-la-luz-del-mundo\/#article","isPartOf":{"@id":"https:\/\/canal7slp.tv\/2019\/lo-oscuro-de-la-luz-del-mundo\/"},"author":{"name":"edicionweb","@id":"https:\/\/canal7slp.tv\/2019\/#\/schema\/person\/11d941c1c6ca30ac0a46b95fa37aa2e3"},"headline":"Lo oscuro de la Luz del Mundo","datePublished":"2019-06-08T15:47:38+00:00","mainEntityOfPage":{"@id":"https:\/\/canal7slp.tv\/2019\/lo-oscuro-de-la-luz-del-mundo\/"},"wordCount":1313,"commentCount":0,"publisher":{"@id":"https:\/\/canal7slp.tv\/2019\/#organization"},"image":{"@id":"https:\/\/canal7slp.tv\/2019\/lo-oscuro-de-la-luz-del-mundo\/#primaryimage"},"thumbnailUrl":"https:\/\/canal7slp.tv\/2019\/wp-content\/uploads\/2019\/06\/1210-6.jpg","articleSection":["NACIONAL"],"inLanguage":"es","potentialAction":[{"@type":"CommentAction","name":"Comment","target":["https:\/\/canal7slp.tv\/2019\/lo-oscuro-de-la-luz-del-mundo\/#respond"]}]},{"@type":"WebPage","@id":"https:\/\/canal7slp.tv\/2019\/lo-oscuro-de-la-luz-del-mundo\/","url":"https:\/\/canal7slp.tv\/2019\/lo-oscuro-de-la-luz-del-mundo\/","name":"Lo oscuro de la Luz del Mundo - Canal 7 SLP - 2019","isPartOf":{"@id":"https:\/\/canal7slp.tv\/2019\/#website"},"primaryImageOfPage":{"@id":"https:\/\/canal7slp.tv\/2019\/lo-oscuro-de-la-luz-del-mundo\/#primaryimage"},"image":{"@id":"https:\/\/canal7slp.tv\/2019\/lo-oscuro-de-la-luz-del-mundo\/#primaryimage"},"thumbnailUrl":"https:\/\/canal7slp.tv\/2019\/wp-content\/uploads\/2019\/06\/1210-6.jpg","datePublished":"2019-06-08T15:47:38+00:00","breadcrumb":{"@id":"https:\/\/canal7slp.tv\/2019\/lo-oscuro-de-la-luz-del-mundo\/#breadcrumb"},"inLanguage":"es","potentialAction":[{"@type":"ReadAction","target":["https:\/\/canal7slp.tv\/2019\/lo-oscuro-de-la-luz-del-mundo\/"]}]},{"@type":"ImageObject","inLanguage":"es","@id":"https:\/\/canal7slp.tv\/2019\/lo-oscuro-de-la-luz-del-mundo\/#primaryimage","url":"https:\/\/canal7slp.tv\/2019\/wp-content\/uploads\/2019\/06\/1210-6.jpg","contentUrl":"https:\/\/canal7slp.tv\/2019\/wp-content\/uploads\/2019\/06\/1210-6.jpg","width":948,"height":500},{"@type":"BreadcrumbList","@id":"https:\/\/canal7slp.tv\/2019\/lo-oscuro-de-la-luz-del-mundo\/#breadcrumb","itemListElement":[{"@type":"ListItem","position":1,"name":"Home","item":"https:\/\/canal7slp.tv\/2019\/"},{"@type":"ListItem","position":2,"name":"Lo oscuro de la Luz del Mundo"}]},{"@type":"WebSite","@id":"https:\/\/canal7slp.tv\/2019\/#website","url":"https:\/\/canal7slp.tv\/2019\/","name":"Canal 7 SLP - Somos TV","description":"Somos un Canal de 10","publisher":{"@id":"https:\/\/canal7slp.tv\/2019\/#organization"},"potentialAction":[{"@type":"SearchAction","target":{"@type":"EntryPoint","urlTemplate":"https:\/\/canal7slp.tv\/2019\/?s={search_term_string}"},"query-input":{"@type":"PropertyValueSpecification","valueRequired":true,"valueName":"search_term_string"}}],"inLanguage":"es"},{"@type":"Organization","@id":"https:\/\/canal7slp.tv\/2019\/#organization","name":"Comunicaci\u00f3n 2000 S.A. de C.V.","url":"https:\/\/canal7slp.tv\/2019\/","logo":{"@type":"ImageObject","inLanguage":"es","@id":"https:\/\/canal7slp.tv\/2019\/#\/schema\/logo\/image\/","url":"https:\/\/canal7slp.tv\/2019\/wp-content\/uploads\/2019\/07\/logo-c7.png","contentUrl":"https:\/\/canal7slp.tv\/2019\/wp-content\/uploads\/2019\/07\/logo-c7.png","width":220,"height":60,"caption":"Comunicaci\u00f3n 2000 S.A. de C.V."},"image":{"@id":"https:\/\/canal7slp.tv\/2019\/#\/schema\/logo\/image\/"},"sameAs":["https:\/\/www.facebook.com\/CANAL7SLP\/","https:\/\/x.com\/canal7_slp","https:\/\/www.instagram.com\/canal7_slp","https:\/\/www.youtube.com\/user\/NOTICIEROSCANAL7SLP\/"]},{"@type":"Person","@id":"https:\/\/canal7slp.tv\/2019\/#\/schema\/person\/11d941c1c6ca30ac0a46b95fa37aa2e3","name":"edicionweb","image":{"@type":"ImageObject","inLanguage":"es","@id":"https:\/\/secure.gravatar.com\/avatar\/eee448fc3f7164808013b816ba91ac7e43bbe82a70bebac296f8bc6f0addaa1a?s=96&d=mm&r=g","url":"https:\/\/secure.gravatar.com\/avatar\/eee448fc3f7164808013b816ba91ac7e43bbe82a70bebac296f8bc6f0addaa1a?s=96&d=mm&r=g","contentUrl":"https:\/\/secure.gravatar.com\/avatar\/eee448fc3f7164808013b816ba91ac7e43bbe82a70bebac296f8bc6f0addaa1a?s=96&d=mm&r=g","caption":"edicionweb"}}]}},"amp_enabled":true,"cmb2":{"video_ids_in_playlist":{"vid_p_videos":""},"video_ids_in_channel":{"vid_c_videos":""},"playlist_ids_in_channel":{"vid_c_playlists":""},"series_ids_in_channel":{"vid_c_series":""},"channel_images":{"vid_c_logo":"","vid_c_banner":""},"poster_feature_image":{"vid_m_poster_image":""},"gif_feature_image":{"vid_m_gif_image":""},"video_movie_settings":{"vid_m_director":"","vid_m_actor":"","vid_m_imdb_ratings":"","vid_m_amazon_associates":""},"vid_youtube_broadcasts_settings":{"vid_yb_broadcast_title":"","vid_yb_q":"","vid_yb_channelid":"","vid_yb_videocategoryid":"","vid_yb_maxresults":"","vid_yb_order":"","vid_yb_regioncode":"","vid_yb_videosyndicated":"","vid_yb_style":"","vid_yb_reload_first":""},"video_series_settings":{"vid_m_director":"","vid_m_actor":"","vid_m_imdb_ratings":"","video_series_group":""},"amazon_associates_settings":{"amazon_associates":"","amazon_native_ad":""},"vid_youtube_automatic_settings":{"vid_ya_youtube_source":"","vid_ya_update_every":"","vid_ya_update_unit":"","vid_ya_categories":"","vid_ya_published_after":"","vid_ya_published_before":"","vid_ya_playlists":"","vid_ya_channels":"","vid_ya_director":"","vid_ya_actor":"","vid_ya_author":"","vid_ya_import_post_date":"","vid_ya_status":"","vid_ya_sub_api_key":""},"vid_ads_m_videoads_settings_post":{"vid_ads_m_video_ads":"","vid_ads_m_video_ads_type":"","vid_ads_m_group_google_ima":"","vid_ads_m_group_image":"","vid_ads_m_group_html5_video":"","vid_ads_m_group_html":"","vid_ads_m_vast_preroll":"","vid_ads_m_vast_postroll":"","vid_ads_m_vast_pauseroll":"","vid_ads_m_vast_midroll":[{"vid_ads_m_vast_timer_seconds":"50"}],"vid_ads_m_time_to_show_ads":"","vid_ads_m_time_skip_ads":"","vid_ads_m_time_to_hide_ads":""},"page_slider_settings":{"display_slider_group":"","page_slider_group":""},"blog_page_settings":{"blog_page_title":"","blog_page_heading":"","blog_page_ic":"","blog_page_it":"","blog_page_ec":"","blog_page_ip":"","archive_loop_style":"","blog_image_ratio":"","blog_show_categories":"","blog_show_excerpt":"","blog_show_author":"","blog_show_date":"","blog_show_comment_count":"","blog_show_view_count":"","blog_show_like_count":"","blog_show_dislike_count":"","blog_items_per_page":"","blog_pag_type":""},"page_options":{"get_page_template":"","color_mode":"","main_layout":"","main_layout_full_with":"","main_logo":"","main_logo_retina":"","main_logo_mobile":"","main_logo_mobile_retina":"","sticky_logo":"","sticky_logo_retina":"","main_nav_layout":"","ajax_search":"","header_background":"","theme_sidebar":"","instagram_feed":"","instagram_feed_position":"","popular_videos":"","popular_videos_title_1":"","popular_videos_title_2":"","popular_videos_ic":"","popular_videos_it":"","theme_background":"","page_custom_css":""},"feature_image_settings":{"feature_image_position":""},"video_player_settings":{"single_video_style":"","video_player_position":"","vm_video_url":"","video_player_library":"","video_streaming":"","vm_media_sources":"","vid_auto_play":"","vm_video_shortcode":"","vid_p_sync_playlist":"","vid_c_sync_channel":"","get_post_format":"","multiple_links_structure":"default","multi_links_title":"","vm_video_multi_links":"","vm_duration":"","vid_social_locker":"off","vid_social_locker_id":"","vid_membership_action":"content-video","vm_video_trailer_url":"","vid_download_type":"free","vid_download_target":"download","vid_woo_product":"","vm_media_download":"","user_rating":"","user_rating_position":"","user_rating_mode":"","user_rating_multi_sets":""},"video_auto_fetch_settings":{"vm_video_fetch":"on"},"video_fake_views_likes":{"vm_fake_views":"","vm_fake_likes":"","vm_fake_dislikes":""},"gallery_settings":{"gallery_position":""},"quote_settings":{"quote_position":""},"post_options":{"main_layout":"","main_logo":"","main_logo_retina":"","main_logo_mobile":"","main_logo_mobile_retina":"","sticky_logo":"","sticky_logo_retina":"","main_nav_layout":"","header_background":"","theme_sidebar":"","single_post_comment_type":"","theme_background":""}},"_links":{"self":[{"href":"https:\/\/canal7slp.tv\/2019\/wp-json\/wp\/v2\/posts\/9459","targetHints":{"allow":["GET"]}}],"collection":[{"href":"https:\/\/canal7slp.tv\/2019\/wp-json\/wp\/v2\/posts"}],"about":[{"href":"https:\/\/canal7slp.tv\/2019\/wp-json\/wp\/v2\/types\/post"}],"author":[{"embeddable":true,"href":"https:\/\/canal7slp.tv\/2019\/wp-json\/wp\/v2\/users\/2"}],"replies":[{"embeddable":true,"href":"https:\/\/canal7slp.tv\/2019\/wp-json\/wp\/v2\/comments?post=9459"}],"version-history":[{"count":0,"href":"https:\/\/canal7slp.tv\/2019\/wp-json\/wp\/v2\/posts\/9459\/revisions"}],"wp:featuredmedia":[{"embeddable":true,"href":"https:\/\/canal7slp.tv\/2019\/wp-json\/wp\/v2\/media\/9460"}],"wp:attachment":[{"href":"https:\/\/canal7slp.tv\/2019\/wp-json\/wp\/v2\/media?parent=9459"}],"wp:term":[{"taxonomy":"category","embeddable":true,"href":"https:\/\/canal7slp.tv\/2019\/wp-json\/wp\/v2\/categories?post=9459"},{"taxonomy":"post_tag","embeddable":true,"href":"https:\/\/canal7slp.tv\/2019\/wp-json\/wp\/v2\/tags?post=9459"}],"curies":[{"name":"wp","href":"https:\/\/api.w.org\/{rel}","templated":true}]}}