{"id":9438,"date":"2019-06-08T10:22:01","date_gmt":"2019-06-08T15:22:01","guid":{"rendered":"https:\/\/canal7slp.tv\/2019\/?p=9438"},"modified":"2019-06-08T10:22:01","modified_gmt":"2019-06-08T15:22:01","slug":"piloto-diego-rodriguez-confia-que-eventos-nacionales-atraigan-como-la-f1","status":"publish","type":"post","link":"https:\/\/canal7slp.tv\/2019\/piloto-diego-rodriguez-confia-que-eventos-nacionales-atraigan-como-la-f1\/","title":{"rendered":"Piloto Diego Rodr\u00edguez conf\u00eda que eventos nacionales atraigan como la F1"},"content":{"rendered":"<p style=\"text-align: justify\">M\u00e9xico.- Aunque respeta las diferencias que existen entre categor\u00edas, el piloto mexicano Diego Rodr\u00edguez conf\u00eda que eventos nacionales de automovilismo atraigan o llamen la atenci\u00f3n de forma similar a lo que sucede con el Gran Premio de M\u00e9xico de F\u00f3rmula Uno.<\/p>\n<p style=\"text-align: justify\">Debido a que la continuidad de la F\u00f3rmula 1 en M\u00e9xico pr\u00e1cticamente est\u00e1 descartada para 2020, el conductor de la categor\u00eda TC2000 cree que la Copa Notiauto y el regreso de la S\u00faper Copa pueden ser llamativos para los amantes al deporte motor.<\/p>\n<p style=\"text-align: justify\">\u201cTodos a la salida de la F\u00f3rmula 1 en M\u00e9xico est\u00e1n tratando de llevar o tener eventos que den el peso, de alguna manera la gente que segu\u00eda esa afici\u00f3n, marcas, patrocinadores eran diversas, pues era un evento importante, ahora lo est\u00e1n tratando de llevar como ahora la S\u00faper Copa que regresa y creo que ser\u00e1 un evento que vamos a voltear a ver definitivamente\u201d, se\u00f1al\u00f3.<\/p>\n<p style=\"text-align: justify\">Sobre la Copa Notiauto destac\u00f3 que \u201cel cambio que est\u00e1 teniendo, que se haya hecho la apertura de asociarse y llevar la carrera hasta este punto, yo creo es un balazo, un balazo porque ya se agotaron las categor\u00edas.<\/p>\n<p style=\"text-align: justify\">&#8220;A nivel de pilotos y equipos le est\u00e1n metiendo mucho mayor presupuesto donde antes no hab\u00eda. Es una motivaci\u00f3n como el huevo y la gallina, uno no daba y el otro tampoco, pero ahorita ya se accion\u00f3\u201d.<\/p>\n<p style=\"text-align: justify\">Al lado de Allan Van Rankin, Diego Rodr\u00edguez compite en la TC2000 y est\u00e1n en el tercer lugar del Campeonato de Pilotos; sin embargo, eso no impide que todav\u00eda sue\u00f1e con conseguir el t\u00edtulo de esta categor\u00eda de la Copa Notiauto.<\/p>\n<p style=\"text-align: justify\">\u201cNuestro objetivo est\u00e1 enfocado junto con Van Rankin en ganar el campeonato de TC2000\u201d, declar\u00f3 el conductor del equipo Alessandros en entrevista para Notimex.<\/p>\n<p style=\"text-align: justify\">Record\u00f3 que tambi\u00e9n en este 2019 corre en la categor\u00eda Trucks de la NASCAR M\u00e9xico y dio a conocer que de igual forma ser\u00e1 parte de la \u201cS\u00faper Copa que nos abri\u00f3 la oportunidad y nos invitan, van a estar pilotos de NASCAR, pero en un formato diferente ser\u00e1 bueno por eso nos aventuramos a decir s\u00ed\u201d.<\/p>\n<p style=\"text-align: justify\">Este fin de semana en el Aut\u00f3dromo Hermanos Rodr\u00edguez, Diego tendr\u00e1 doble actividad, pues adem\u00e1s de correr en la TC2000, podr\u00e1 participar en la primera edici\u00f3n del Speed Fest, pues por invitaci\u00f3n de Michel Jourdain Jr. estar\u00e1 arriba de los tractocamiones.<\/p>\n<p style=\"text-align: justify\">Con apenas tres a\u00f1os como piloto profesional, Diego Rodr\u00edguez admiti\u00f3 que es complicado manejar, va m\u00e1s all\u00e1 de acelerar y frenar como se pudiera pensar.<\/p>\n<p style=\"text-align: justify\">\u201cLa verdad no es f\u00e1cil, cuando iba de espectador dec\u00eda nada m\u00e1s frenas y aceleras, pero no es como uno piensa, hay que ir al gimnasio porque si no tienes condici\u00f3n no acabas una carrera, s\u00ed te exige mucho el fondo f\u00edsico, te exige una preparaci\u00f3n previa a la carrera y hay que estar dedicado, sino est\u00e1s arriba de un coche, pues en un kart, pero tratar de estar vigente porque si no los tiempos van para atr\u00e1s\u201d, expres\u00f3.<\/p>\n<p style=\"text-align: justify\">Rememor\u00f3 que al inicio de su trayectoria \u201cun piloto me dijo \u2018mira van a pasar dos, tres carreras y vas a decir no sirvo para esto y b\u00e1jate, las cosas no ser\u00e1n como uno espera, pero despu\u00e9s llegar\u00e1n los tiempos con paciencia y toda la pr\u00e1ctica\u2019. Correr es una cosa de perseverancia, de dedicaci\u00f3n, estar encima de lo que uno quiere, del objetivo\u201d.<\/p>\n","protected":false},"excerpt":{"rendered":"<p>M\u00e9xico.- Aunque respeta las diferencias que existen entre categor\u00edas, el piloto mexicano Diego Rodr\u00edguez conf\u00eda que eventos nacionales de automovilismo atraigan o llamen la atenci\u00f3n de forma similar a lo que sucede con el Gran Premio de M\u00e9xico de F\u00f3rmula Uno. Debido a que la continuidad de la F\u00f3rmula 1 en M\u00e9xico pr\u00e1cticamente est\u00e1 descartada [&hellip;]<\/p>\n","protected":false},"author":2,"featured_media":9439,"comment_status":"open","ping_status":"closed","sticky":false,"template":"","format":"standard","meta":{"footnotes":""},"categories":[96],"tags":[],"class_list":["post-9438","post","type-post","status-publish","format-standard","has-post-thumbnail","hentry","category-deportes"],"yoast_head":"<!-- This site is optimized with the Yoast SEO plugin v27.5 - https:\/\/yoast.com\/product\/yoast-seo-wordpress\/ -->\n<title>Piloto Diego Rodr\u00edguez conf\u00eda que eventos nacionales atraigan como la F1 - Canal 7 SLP - 2019<\/title>\n<meta name=\"robots\" content=\"index, follow, max-snippet:-1, max-image-preview:large, max-video-preview:-1\" \/>\n<link rel=\"canonical\" href=\"https:\/\/canal7slp.tv\/2019\/piloto-diego-rodriguez-confia-que-eventos-nacionales-atraigan-como-la-f1\/\" \/>\n<meta property=\"og:locale\" content=\"es_ES\" \/>\n<meta property=\"og:type\" content=\"article\" \/>\n<meta property=\"og:title\" content=\"Piloto Diego Rodr\u00edguez conf\u00eda que eventos nacionales atraigan como la F1 - Canal 7 SLP - 2019\" \/>\n<meta property=\"og:description\" content=\"M\u00e9xico.- Aunque respeta las diferencias que existen entre categor\u00edas, el piloto mexicano Diego Rodr\u00edguez conf\u00eda que eventos nacionales de automovilismo atraigan o llamen la atenci\u00f3n de forma similar a lo que sucede con el Gran Premio de M\u00e9xico de F\u00f3rmula Uno. Debido a que la continuidad de la F\u00f3rmula 1 en M\u00e9xico pr\u00e1cticamente est\u00e1 descartada [&hellip;]\" \/>\n<meta property=\"og:url\" content=\"https:\/\/canal7slp.tv\/2019\/piloto-diego-rodriguez-confia-que-eventos-nacionales-atraigan-como-la-f1\/\" \/>\n<meta property=\"og:site_name\" content=\"Canal 7 SLP - 2019\" \/>\n<meta property=\"article:publisher\" content=\"https:\/\/www.facebook.com\/CANAL7SLP\/\" \/>\n<meta property=\"article:published_time\" content=\"2019-06-08T15:22:01+00:00\" \/>\n<meta property=\"og:image\" content=\"https:\/\/canal7slp.tv\/2019\/wp-content\/uploads\/2019\/06\/1100-5.jpg\" \/>\n\t<meta property=\"og:image:width\" content=\"669\" \/>\n\t<meta property=\"og:image:height\" content=\"410\" \/>\n\t<meta property=\"og:image:type\" content=\"image\/jpeg\" \/>\n<meta name=\"author\" content=\"edicionweb\" \/>\n<meta name=\"twitter:card\" content=\"summary_large_image\" \/>\n<meta name=\"twitter:creator\" content=\"@canal7_slp\" \/>\n<meta name=\"twitter:site\" content=\"@canal7_slp\" \/>\n<meta name=\"twitter:label1\" content=\"Escrito por\" \/>\n\t<meta name=\"twitter:data1\" content=\"edicionweb\" \/>\n\t<meta name=\"twitter:label2\" content=\"Tiempo de lectura\" \/>\n\t<meta name=\"twitter:data2\" content=\"3 minutos\" \/>\n<script type=\"application\/ld+json\" class=\"yoast-schema-graph\">{\"@context\":\"https:\\\/\\\/schema.org\",\"@graph\":[{\"@type\":\"Article\",\"@id\":\"https:\\\/\\\/canal7slp.tv\\\/2019\\\/piloto-diego-rodriguez-confia-que-eventos-nacionales-atraigan-como-la-f1\\\/#article\",\"isPartOf\":{\"@id\":\"https:\\\/\\\/canal7slp.tv\\\/2019\\\/piloto-diego-rodriguez-confia-que-eventos-nacionales-atraigan-como-la-f1\\\/\"},\"author\":{\"name\":\"edicionweb\",\"@id\":\"https:\\\/\\\/canal7slp.tv\\\/2019\\\/#\\\/schema\\\/person\\\/11d941c1c6ca30ac0a46b95fa37aa2e3\"},\"headline\":\"Piloto Diego Rodr\u00edguez conf\u00eda que eventos nacionales atraigan como la F1\",\"datePublished\":\"2019-06-08T15:22:01+00:00\",\"mainEntityOfPage\":{\"@id\":\"https:\\\/\\\/canal7slp.tv\\\/2019\\\/piloto-diego-rodriguez-confia-que-eventos-nacionales-atraigan-como-la-f1\\\/\"},\"wordCount\":622,\"commentCount\":0,\"publisher\":{\"@id\":\"https:\\\/\\\/canal7slp.tv\\\/2019\\\/#organization\"},\"image\":{\"@id\":\"https:\\\/\\\/canal7slp.tv\\\/2019\\\/piloto-diego-rodriguez-confia-que-eventos-nacionales-atraigan-como-la-f1\\\/#primaryimage\"},\"thumbnailUrl\":\"https:\\\/\\\/canal7slp.tv\\\/2019\\\/wp-content\\\/uploads\\\/2019\\\/06\\\/1100-5.jpg\",\"articleSection\":[\"DEPORTES\"],\"inLanguage\":\"es\",\"potentialAction\":[{\"@type\":\"CommentAction\",\"name\":\"Comment\",\"target\":[\"https:\\\/\\\/canal7slp.tv\\\/2019\\\/piloto-diego-rodriguez-confia-que-eventos-nacionales-atraigan-como-la-f1\\\/#respond\"]}]},{\"@type\":\"WebPage\",\"@id\":\"https:\\\/\\\/canal7slp.tv\\\/2019\\\/piloto-diego-rodriguez-confia-que-eventos-nacionales-atraigan-como-la-f1\\\/\",\"url\":\"https:\\\/\\\/canal7slp.tv\\\/2019\\\/piloto-diego-rodriguez-confia-que-eventos-nacionales-atraigan-como-la-f1\\\/\",\"name\":\"Piloto Diego Rodr\u00edguez conf\u00eda que eventos nacionales atraigan como la F1 - Canal 7 SLP - 2019\",\"isPartOf\":{\"@id\":\"https:\\\/\\\/canal7slp.tv\\\/2019\\\/#website\"},\"primaryImageOfPage\":{\"@id\":\"https:\\\/\\\/canal7slp.tv\\\/2019\\\/piloto-diego-rodriguez-confia-que-eventos-nacionales-atraigan-como-la-f1\\\/#primaryimage\"},\"image\":{\"@id\":\"https:\\\/\\\/canal7slp.tv\\\/2019\\\/piloto-diego-rodriguez-confia-que-eventos-nacionales-atraigan-como-la-f1\\\/#primaryimage\"},\"thumbnailUrl\":\"https:\\\/\\\/canal7slp.tv\\\/2019\\\/wp-content\\\/uploads\\\/2019\\\/06\\\/1100-5.jpg\",\"datePublished\":\"2019-06-08T15:22:01+00:00\",\"breadcrumb\":{\"@id\":\"https:\\\/\\\/canal7slp.tv\\\/2019\\\/piloto-diego-rodriguez-confia-que-eventos-nacionales-atraigan-como-la-f1\\\/#breadcrumb\"},\"inLanguage\":\"es\",\"potentialAction\":[{\"@type\":\"ReadAction\",\"target\":[\"https:\\\/\\\/canal7slp.tv\\\/2019\\\/piloto-diego-rodriguez-confia-que-eventos-nacionales-atraigan-como-la-f1\\\/\"]}]},{\"@type\":\"ImageObject\",\"inLanguage\":\"es\",\"@id\":\"https:\\\/\\\/canal7slp.tv\\\/2019\\\/piloto-diego-rodriguez-confia-que-eventos-nacionales-atraigan-como-la-f1\\\/#primaryimage\",\"url\":\"https:\\\/\\\/canal7slp.tv\\\/2019\\\/wp-content\\\/uploads\\\/2019\\\/06\\\/1100-5.jpg\",\"contentUrl\":\"https:\\\/\\\/canal7slp.tv\\\/2019\\\/wp-content\\\/uploads\\\/2019\\\/06\\\/1100-5.jpg\",\"width\":669,\"height\":410},{\"@type\":\"BreadcrumbList\",\"@id\":\"https:\\\/\\\/canal7slp.tv\\\/2019\\\/piloto-diego-rodriguez-confia-que-eventos-nacionales-atraigan-como-la-f1\\\/#breadcrumb\",\"itemListElement\":[{\"@type\":\"ListItem\",\"position\":1,\"name\":\"Home\",\"item\":\"https:\\\/\\\/canal7slp.tv\\\/2019\\\/\"},{\"@type\":\"ListItem\",\"position\":2,\"name\":\"Piloto Diego Rodr\u00edguez conf\u00eda que eventos nacionales atraigan como la F1\"}]},{\"@type\":\"WebSite\",\"@id\":\"https:\\\/\\\/canal7slp.tv\\\/2019\\\/#website\",\"url\":\"https:\\\/\\\/canal7slp.tv\\\/2019\\\/\",\"name\":\"Canal 7 SLP - Somos TV\",\"description\":\"Somos un Canal de 10\",\"publisher\":{\"@id\":\"https:\\\/\\\/canal7slp.tv\\\/2019\\\/#organization\"},\"potentialAction\":[{\"@type\":\"SearchAction\",\"target\":{\"@type\":\"EntryPoint\",\"urlTemplate\":\"https:\\\/\\\/canal7slp.tv\\\/2019\\\/?s={search_term_string}\"},\"query-input\":{\"@type\":\"PropertyValueSpecification\",\"valueRequired\":true,\"valueName\":\"search_term_string\"}}],\"inLanguage\":\"es\"},{\"@type\":\"Organization\",\"@id\":\"https:\\\/\\\/canal7slp.tv\\\/2019\\\/#organization\",\"name\":\"Comunicaci\u00f3n 2000 S.A. de C.V.\",\"url\":\"https:\\\/\\\/canal7slp.tv\\\/2019\\\/\",\"logo\":{\"@type\":\"ImageObject\",\"inLanguage\":\"es\",\"@id\":\"https:\\\/\\\/canal7slp.tv\\\/2019\\\/#\\\/schema\\\/logo\\\/image\\\/\",\"url\":\"https:\\\/\\\/canal7slp.tv\\\/2019\\\/wp-content\\\/uploads\\\/2019\\\/07\\\/logo-c7.png\",\"contentUrl\":\"https:\\\/\\\/canal7slp.tv\\\/2019\\\/wp-content\\\/uploads\\\/2019\\\/07\\\/logo-c7.png\",\"width\":220,\"height\":60,\"caption\":\"Comunicaci\u00f3n 2000 S.A. de C.V.\"},\"image\":{\"@id\":\"https:\\\/\\\/canal7slp.tv\\\/2019\\\/#\\\/schema\\\/logo\\\/image\\\/\"},\"sameAs\":[\"https:\\\/\\\/www.facebook.com\\\/CANAL7SLP\\\/\",\"https:\\\/\\\/x.com\\\/canal7_slp\",\"https:\\\/\\\/www.instagram.com\\\/canal7_slp\",\"https:\\\/\\\/www.youtube.com\\\/user\\\/NOTICIEROSCANAL7SLP\\\/\"]},{\"@type\":\"Person\",\"@id\":\"https:\\\/\\\/canal7slp.tv\\\/2019\\\/#\\\/schema\\\/person\\\/11d941c1c6ca30ac0a46b95fa37aa2e3\",\"name\":\"edicionweb\",\"image\":{\"@type\":\"ImageObject\",\"inLanguage\":\"es\",\"@id\":\"https:\\\/\\\/secure.gravatar.com\\\/avatar\\\/eee448fc3f7164808013b816ba91ac7e43bbe82a70bebac296f8bc6f0addaa1a?s=96&d=mm&r=g\",\"url\":\"https:\\\/\\\/secure.gravatar.com\\\/avatar\\\/eee448fc3f7164808013b816ba91ac7e43bbe82a70bebac296f8bc6f0addaa1a?s=96&d=mm&r=g\",\"contentUrl\":\"https:\\\/\\\/secure.gravatar.com\\\/avatar\\\/eee448fc3f7164808013b816ba91ac7e43bbe82a70bebac296f8bc6f0addaa1a?s=96&d=mm&r=g\",\"caption\":\"edicionweb\"}}]}<\/script>\n<!-- \/ Yoast SEO plugin. -->","yoast_head_json":{"title":"Piloto Diego Rodr\u00edguez conf\u00eda que eventos nacionales atraigan como la F1 - Canal 7 SLP - 2019","robots":{"index":"index","follow":"follow","max-snippet":"max-snippet:-1","max-image-preview":"max-image-preview:large","max-video-preview":"max-video-preview:-1"},"canonical":"https:\/\/canal7slp.tv\/2019\/piloto-diego-rodriguez-confia-que-eventos-nacionales-atraigan-como-la-f1\/","og_locale":"es_ES","og_type":"article","og_title":"Piloto Diego Rodr\u00edguez conf\u00eda que eventos nacionales atraigan como la F1 - Canal 7 SLP - 2019","og_description":"M\u00e9xico.- Aunque respeta las diferencias que existen entre categor\u00edas, el piloto mexicano Diego Rodr\u00edguez conf\u00eda que eventos nacionales de automovilismo atraigan o llamen la atenci\u00f3n de forma similar a lo que sucede con el Gran Premio de M\u00e9xico de F\u00f3rmula Uno. Debido a que la continuidad de la F\u00f3rmula 1 en M\u00e9xico pr\u00e1cticamente est\u00e1 descartada [&hellip;]","og_url":"https:\/\/canal7slp.tv\/2019\/piloto-diego-rodriguez-confia-que-eventos-nacionales-atraigan-como-la-f1\/","og_site_name":"Canal 7 SLP - 2019","article_publisher":"https:\/\/www.facebook.com\/CANAL7SLP\/","article_published_time":"2019-06-08T15:22:01+00:00","og_image":[{"width":669,"height":410,"url":"https:\/\/canal7slp.tv\/2019\/wp-content\/uploads\/2019\/06\/1100-5.jpg","type":"image\/jpeg"}],"author":"edicionweb","twitter_card":"summary_large_image","twitter_creator":"@canal7_slp","twitter_site":"@canal7_slp","twitter_misc":{"Escrito por":"edicionweb","Tiempo de lectura":"3 minutos"},"schema":{"@context":"https:\/\/schema.org","@graph":[{"@type":"Article","@id":"https:\/\/canal7slp.tv\/2019\/piloto-diego-rodriguez-confia-que-eventos-nacionales-atraigan-como-la-f1\/#article","isPartOf":{"@id":"https:\/\/canal7slp.tv\/2019\/piloto-diego-rodriguez-confia-que-eventos-nacionales-atraigan-como-la-f1\/"},"author":{"name":"edicionweb","@id":"https:\/\/canal7slp.tv\/2019\/#\/schema\/person\/11d941c1c6ca30ac0a46b95fa37aa2e3"},"headline":"Piloto Diego Rodr\u00edguez conf\u00eda que eventos nacionales atraigan como la F1","datePublished":"2019-06-08T15:22:01+00:00","mainEntityOfPage":{"@id":"https:\/\/canal7slp.tv\/2019\/piloto-diego-rodriguez-confia-que-eventos-nacionales-atraigan-como-la-f1\/"},"wordCount":622,"commentCount":0,"publisher":{"@id":"https:\/\/canal7slp.tv\/2019\/#organization"},"image":{"@id":"https:\/\/canal7slp.tv\/2019\/piloto-diego-rodriguez-confia-que-eventos-nacionales-atraigan-como-la-f1\/#primaryimage"},"thumbnailUrl":"https:\/\/canal7slp.tv\/2019\/wp-content\/uploads\/2019\/06\/1100-5.jpg","articleSection":["DEPORTES"],"inLanguage":"es","potentialAction":[{"@type":"CommentAction","name":"Comment","target":["https:\/\/canal7slp.tv\/2019\/piloto-diego-rodriguez-confia-que-eventos-nacionales-atraigan-como-la-f1\/#respond"]}]},{"@type":"WebPage","@id":"https:\/\/canal7slp.tv\/2019\/piloto-diego-rodriguez-confia-que-eventos-nacionales-atraigan-como-la-f1\/","url":"https:\/\/canal7slp.tv\/2019\/piloto-diego-rodriguez-confia-que-eventos-nacionales-atraigan-como-la-f1\/","name":"Piloto Diego Rodr\u00edguez conf\u00eda que eventos nacionales atraigan como la F1 - Canal 7 SLP - 2019","isPartOf":{"@id":"https:\/\/canal7slp.tv\/2019\/#website"},"primaryImageOfPage":{"@id":"https:\/\/canal7slp.tv\/2019\/piloto-diego-rodriguez-confia-que-eventos-nacionales-atraigan-como-la-f1\/#primaryimage"},"image":{"@id":"https:\/\/canal7slp.tv\/2019\/piloto-diego-rodriguez-confia-que-eventos-nacionales-atraigan-como-la-f1\/#primaryimage"},"thumbnailUrl":"https:\/\/canal7slp.tv\/2019\/wp-content\/uploads\/2019\/06\/1100-5.jpg","datePublished":"2019-06-08T15:22:01+00:00","breadcrumb":{"@id":"https:\/\/canal7slp.tv\/2019\/piloto-diego-rodriguez-confia-que-eventos-nacionales-atraigan-como-la-f1\/#breadcrumb"},"inLanguage":"es","potentialAction":[{"@type":"ReadAction","target":["https:\/\/canal7slp.tv\/2019\/piloto-diego-rodriguez-confia-que-eventos-nacionales-atraigan-como-la-f1\/"]}]},{"@type":"ImageObject","inLanguage":"es","@id":"https:\/\/canal7slp.tv\/2019\/piloto-diego-rodriguez-confia-que-eventos-nacionales-atraigan-como-la-f1\/#primaryimage","url":"https:\/\/canal7slp.tv\/2019\/wp-content\/uploads\/2019\/06\/1100-5.jpg","contentUrl":"https:\/\/canal7slp.tv\/2019\/wp-content\/uploads\/2019\/06\/1100-5.jpg","width":669,"height":410},{"@type":"BreadcrumbList","@id":"https:\/\/canal7slp.tv\/2019\/piloto-diego-rodriguez-confia-que-eventos-nacionales-atraigan-como-la-f1\/#breadcrumb","itemListElement":[{"@type":"ListItem","position":1,"name":"Home","item":"https:\/\/canal7slp.tv\/2019\/"},{"@type":"ListItem","position":2,"name":"Piloto Diego Rodr\u00edguez conf\u00eda que eventos nacionales atraigan como la F1"}]},{"@type":"WebSite","@id":"https:\/\/canal7slp.tv\/2019\/#website","url":"https:\/\/canal7slp.tv\/2019\/","name":"Canal 7 SLP - Somos TV","description":"Somos un Canal de 10","publisher":{"@id":"https:\/\/canal7slp.tv\/2019\/#organization"},"potentialAction":[{"@type":"SearchAction","target":{"@type":"EntryPoint","urlTemplate":"https:\/\/canal7slp.tv\/2019\/?s={search_term_string}"},"query-input":{"@type":"PropertyValueSpecification","valueRequired":true,"valueName":"search_term_string"}}],"inLanguage":"es"},{"@type":"Organization","@id":"https:\/\/canal7slp.tv\/2019\/#organization","name":"Comunicaci\u00f3n 2000 S.A. de C.V.","url":"https:\/\/canal7slp.tv\/2019\/","logo":{"@type":"ImageObject","inLanguage":"es","@id":"https:\/\/canal7slp.tv\/2019\/#\/schema\/logo\/image\/","url":"https:\/\/canal7slp.tv\/2019\/wp-content\/uploads\/2019\/07\/logo-c7.png","contentUrl":"https:\/\/canal7slp.tv\/2019\/wp-content\/uploads\/2019\/07\/logo-c7.png","width":220,"height":60,"caption":"Comunicaci\u00f3n 2000 S.A. de C.V."},"image":{"@id":"https:\/\/canal7slp.tv\/2019\/#\/schema\/logo\/image\/"},"sameAs":["https:\/\/www.facebook.com\/CANAL7SLP\/","https:\/\/x.com\/canal7_slp","https:\/\/www.instagram.com\/canal7_slp","https:\/\/www.youtube.com\/user\/NOTICIEROSCANAL7SLP\/"]},{"@type":"Person","@id":"https:\/\/canal7slp.tv\/2019\/#\/schema\/person\/11d941c1c6ca30ac0a46b95fa37aa2e3","name":"edicionweb","image":{"@type":"ImageObject","inLanguage":"es","@id":"https:\/\/secure.gravatar.com\/avatar\/eee448fc3f7164808013b816ba91ac7e43bbe82a70bebac296f8bc6f0addaa1a?s=96&d=mm&r=g","url":"https:\/\/secure.gravatar.com\/avatar\/eee448fc3f7164808013b816ba91ac7e43bbe82a70bebac296f8bc6f0addaa1a?s=96&d=mm&r=g","contentUrl":"https:\/\/secure.gravatar.com\/avatar\/eee448fc3f7164808013b816ba91ac7e43bbe82a70bebac296f8bc6f0addaa1a?s=96&d=mm&r=g","caption":"edicionweb"}}]}},"amp_enabled":true,"cmb2":{"video_ids_in_playlist":{"vid_p_videos":""},"video_ids_in_channel":{"vid_c_videos":""},"playlist_ids_in_channel":{"vid_c_playlists":""},"series_ids_in_channel":{"vid_c_series":""},"channel_images":{"vid_c_logo":"","vid_c_banner":""},"poster_feature_image":{"vid_m_poster_image":""},"gif_feature_image":{"vid_m_gif_image":""},"video_movie_settings":{"vid_m_director":"","vid_m_actor":"","vid_m_imdb_ratings":"","vid_m_amazon_associates":""},"vid_youtube_broadcasts_settings":{"vid_yb_broadcast_title":"","vid_yb_q":"","vid_yb_channelid":"","vid_yb_videocategoryid":"","vid_yb_maxresults":"","vid_yb_order":"","vid_yb_regioncode":"","vid_yb_videosyndicated":"","vid_yb_style":"","vid_yb_reload_first":""},"video_series_settings":{"vid_m_director":"","vid_m_actor":"","vid_m_imdb_ratings":"","video_series_group":""},"amazon_associates_settings":{"amazon_associates":"","amazon_native_ad":""},"vid_youtube_automatic_settings":{"vid_ya_youtube_source":"","vid_ya_update_every":"","vid_ya_update_unit":"","vid_ya_categories":"","vid_ya_published_after":"","vid_ya_published_before":"","vid_ya_playlists":"","vid_ya_channels":"","vid_ya_director":"","vid_ya_actor":"","vid_ya_author":"","vid_ya_import_post_date":"","vid_ya_status":"","vid_ya_sub_api_key":""},"vid_ads_m_videoads_settings_post":{"vid_ads_m_video_ads":"","vid_ads_m_video_ads_type":"","vid_ads_m_group_google_ima":"","vid_ads_m_group_image":"","vid_ads_m_group_html5_video":"","vid_ads_m_group_html":"","vid_ads_m_vast_preroll":"","vid_ads_m_vast_postroll":"","vid_ads_m_vast_pauseroll":"","vid_ads_m_vast_midroll":[{"vid_ads_m_vast_timer_seconds":"50"}],"vid_ads_m_time_to_show_ads":"","vid_ads_m_time_skip_ads":"","vid_ads_m_time_to_hide_ads":""},"page_slider_settings":{"display_slider_group":"","page_slider_group":""},"blog_page_settings":{"blog_page_title":"","blog_page_heading":"","blog_page_ic":"","blog_page_it":"","blog_page_ec":"","blog_page_ip":"","archive_loop_style":"","blog_image_ratio":"","blog_show_categories":"","blog_show_excerpt":"","blog_show_author":"","blog_show_date":"","blog_show_comment_count":"","blog_show_view_count":"","blog_show_like_count":"","blog_show_dislike_count":"","blog_items_per_page":"","blog_pag_type":""},"page_options":{"get_page_template":"","color_mode":"","main_layout":"","main_layout_full_with":"","main_logo":"","main_logo_retina":"","main_logo_mobile":"","main_logo_mobile_retina":"","sticky_logo":"","sticky_logo_retina":"","main_nav_layout":"","ajax_search":"","header_background":"","theme_sidebar":"","instagram_feed":"","instagram_feed_position":"","popular_videos":"","popular_videos_title_1":"","popular_videos_title_2":"","popular_videos_ic":"","popular_videos_it":"","theme_background":"","page_custom_css":""},"feature_image_settings":{"feature_image_position":""},"video_player_settings":{"single_video_style":"","video_player_position":"","vm_video_url":"","video_player_library":"","video_streaming":"","vm_media_sources":"","vid_auto_play":"","vm_video_shortcode":"","vid_p_sync_playlist":"","vid_c_sync_channel":"","get_post_format":"","multiple_links_structure":"default","multi_links_title":"","vm_video_multi_links":"","vm_duration":"","vid_social_locker":"off","vid_social_locker_id":"","vid_membership_action":"content-video","vm_video_trailer_url":"","vid_download_type":"free","vid_download_target":"download","vid_woo_product":"","vm_media_download":"","user_rating":"","user_rating_position":"","user_rating_mode":"","user_rating_multi_sets":""},"video_auto_fetch_settings":{"vm_video_fetch":"on"},"video_fake_views_likes":{"vm_fake_views":"","vm_fake_likes":"","vm_fake_dislikes":""},"gallery_settings":{"gallery_position":""},"quote_settings":{"quote_position":""},"post_options":{"main_layout":"","main_logo":"","main_logo_retina":"","main_logo_mobile":"","main_logo_mobile_retina":"","sticky_logo":"","sticky_logo_retina":"","main_nav_layout":"","header_background":"","theme_sidebar":"","single_post_comment_type":"","theme_background":""}},"_links":{"self":[{"href":"https:\/\/canal7slp.tv\/2019\/wp-json\/wp\/v2\/posts\/9438","targetHints":{"allow":["GET"]}}],"collection":[{"href":"https:\/\/canal7slp.tv\/2019\/wp-json\/wp\/v2\/posts"}],"about":[{"href":"https:\/\/canal7slp.tv\/2019\/wp-json\/wp\/v2\/types\/post"}],"author":[{"embeddable":true,"href":"https:\/\/canal7slp.tv\/2019\/wp-json\/wp\/v2\/users\/2"}],"replies":[{"embeddable":true,"href":"https:\/\/canal7slp.tv\/2019\/wp-json\/wp\/v2\/comments?post=9438"}],"version-history":[{"count":0,"href":"https:\/\/canal7slp.tv\/2019\/wp-json\/wp\/v2\/posts\/9438\/revisions"}],"wp:featuredmedia":[{"embeddable":true,"href":"https:\/\/canal7slp.tv\/2019\/wp-json\/wp\/v2\/media\/9439"}],"wp:attachment":[{"href":"https:\/\/canal7slp.tv\/2019\/wp-json\/wp\/v2\/media?parent=9438"}],"wp:term":[{"taxonomy":"category","embeddable":true,"href":"https:\/\/canal7slp.tv\/2019\/wp-json\/wp\/v2\/categories?post=9438"},{"taxonomy":"post_tag","embeddable":true,"href":"https:\/\/canal7slp.tv\/2019\/wp-json\/wp\/v2\/tags?post=9438"}],"curies":[{"name":"wp","href":"https:\/\/api.w.org\/{rel}","templated":true}]}}