{"id":9423,"date":"2019-06-08T10:04:04","date_gmt":"2019-06-08T15:04:04","guid":{"rendered":"https:\/\/canal7slp.tv\/2019\/?p=9423"},"modified":"2019-06-08T10:04:04","modified_gmt":"2019-06-08T15:04:04","slug":"alcaldes-de-norteamerica-rechazan-imposicion-unilateral-de-tarifas","status":"publish","type":"post","link":"https:\/\/canal7slp.tv\/2019\/alcaldes-de-norteamerica-rechazan-imposicion-unilateral-de-tarifas\/","title":{"rendered":"Alcaldes de Norteam\u00e9rica rechazan imposici\u00f3n unilateral de tarifas"},"content":{"rendered":"<p style=\"text-align: justify\">Los Cabos, BCS.- Alcaldes de Me?xico, Estados Unidos y Canada? reafirmaron su compromiso con el comercio libre y justo como propulsor del crecimiento econo?mico y del desarrollo en la regi\u00f3n, y manifestaron su rechazo a la imposicio?n unilateral de tarifas.<\/p>\n<p style=\"text-align: justify\">Al firmar el primer Manifiesto de Colaboraci\u00f3n Conjunta entre Alcaldes de Am\u00e9rica del Norte para el Desarrollo Sostenible de las Ciudades, reconocieron que el comercio es una piedra angular de la integracio?n de Ame?rica del Norte, fundamental para la competitividad futura de la regio?n.<\/p>\n<p style=\"text-align: justify\">\u201cPor ese motivo nos comprometemos a promover la ampliacio?n de conexiones entre nuestros presidentes y continuar trabajando juntos en una agenda comu?n de desarrollo local\u201d, asentaron en el texto firmado antes de que M\u00e9xico y EUA alcanzaran un acuerdo que suspende la amenaza de aranceles que hab\u00eda lanzado el presidente Donald Trump contra los productos mexicanos.<\/p>\n<p style=\"text-align: justify\">En el documento suscrito por alcaldes de las tres naciones, en el que el presidente Andr\u00e9s Manuel L\u00f3pez Obrador particip\u00f3 como testigo de honor, los alcaldes convinieron reunirse en forma peri\u00f3dica para avanzar en la integraci\u00f3n de una Red de Ciudades de Ame?rica del Norte.<\/p>\n<p style=\"text-align: justify\">Al destacar que la Segunda Cumbre de Alcaldes de Ame?rica del Norte se celebrara? en los Estados Unidos en 2020, coincidieron en que este primer encuentro les proporciono? una oportunidad sin precedentes para el dia?logo.<\/p>\n<p style=\"text-align: justify\">Adem\u00e1s permitio? identificar problemas comunes, soluciones, mejores pra?cticas y estrategias de cooperacio?n desde la perspectiva de las ciudades en temas que incluyen el desarrollo econo?mico transfronterizo, comercio, innovacio?n, migracio?n y derechos humanos, seguridad pu?blica, complementariedad e integracio?n econo?mica, movilidad y turismo.<\/p>\n<p style=\"text-align: justify\">En tal sentido se comprometieron a continuar promoviendo un vi?nculo entre la gente y las comunidades de las ciudades de los tres pai?ses y trabajar de cerca para apoyar el desarrollo de ciudades inteligentes, creativas y digitales que fomenten la innovacio?n ci?vica, generando asi? ma?s intercambios.<\/p>\n<p style=\"text-align: justify\">&#8220;Nos comprometemos a participar activamente, junto con la comunidad internacional, para brindar soluciones locales para los principales problemas globales de hoy\u201d, sostuvieron.<\/p>\n<p style=\"text-align: justify\">Lo anterior desde el cambio clima?tico, ciudades resilientes, desarrollo urbano, innovacio?n tecnolo?gica hasta la movilidad, los derechos humanos y el compromiso con las comunidades migrantes, hasta el liderazgo juvenil, el deporte y la cultura.<\/p>\n<p style=\"text-align: justify\">\u201cEstamos de acuerdo en que nuestras ciudades y nuestros pai?ses sera?n ma?s fuertes si enfrentamos juntos los grandes desafi?os econo?micos del siglo XXI.<\/p>\n<p style=\"text-align: justify\">&#8220;La integracio?n, la complementariedad econo?mica, el respeto mutuo, la responsabilidad compartida y el desarrollo de nuestras respectivas comunidades son valores fundamentales en los que se basa la cooperacio?n entre las ciudades de Ame?rica del Norte\u201d, anotaron.<\/p>\n<p style=\"text-align: justify\">El documento fue signado por el alcalde de Los Angeles, California, Eric Garcetti; la jefa de Gobierno de la Ciudad de M\u00e9xico, Claudia Sheinbaum; la alcaldesa de Leamington, Ontario, Canad\u00e1, Hilda MacDonald; as\u00ed como por el presidente de la conferencia de alcaldes de Estados Unidos, Stephen K. Benjamin.<\/p>\n","protected":false},"excerpt":{"rendered":"<p>Los Cabos, BCS.- Alcaldes de Me?xico, Estados Unidos y Canada? reafirmaron su compromiso con el comercio libre y justo como propulsor del crecimiento econo?mico y del desarrollo en la regi\u00f3n, y manifestaron su rechazo a la imposicio?n unilateral de tarifas. Al firmar el primer Manifiesto de Colaboraci\u00f3n Conjunta entre Alcaldes de Am\u00e9rica del Norte para [&hellip;]<\/p>\n","protected":false},"author":2,"featured_media":9424,"comment_status":"open","ping_status":"closed","sticky":false,"template":"","format":"standard","meta":{"footnotes":""},"categories":[30],"tags":[],"class_list":["post-9423","post","type-post","status-publish","format-standard","has-post-thumbnail","hentry","category-nacional"],"yoast_head":"<!-- This site is optimized with the Yoast SEO plugin v27.5 - https:\/\/yoast.com\/product\/yoast-seo-wordpress\/ -->\n<title>Alcaldes de Norteam\u00e9rica rechazan imposici\u00f3n unilateral de tarifas - Canal 7 SLP - 2019<\/title>\n<meta name=\"robots\" content=\"index, follow, max-snippet:-1, max-image-preview:large, max-video-preview:-1\" \/>\n<link rel=\"canonical\" href=\"https:\/\/canal7slp.tv\/2019\/alcaldes-de-norteamerica-rechazan-imposicion-unilateral-de-tarifas\/\" \/>\n<meta property=\"og:locale\" content=\"es_ES\" \/>\n<meta property=\"og:type\" content=\"article\" \/>\n<meta property=\"og:title\" content=\"Alcaldes de Norteam\u00e9rica rechazan imposici\u00f3n unilateral de tarifas - Canal 7 SLP - 2019\" \/>\n<meta property=\"og:description\" content=\"Los Cabos, BCS.- Alcaldes de Me?xico, Estados Unidos y Canada? reafirmaron su compromiso con el comercio libre y justo como propulsor del crecimiento econo?mico y del desarrollo en la regi\u00f3n, y manifestaron su rechazo a la imposicio?n unilateral de tarifas. Al firmar el primer Manifiesto de Colaboraci\u00f3n Conjunta entre Alcaldes de Am\u00e9rica del Norte para [&hellip;]\" \/>\n<meta property=\"og:url\" content=\"https:\/\/canal7slp.tv\/2019\/alcaldes-de-norteamerica-rechazan-imposicion-unilateral-de-tarifas\/\" \/>\n<meta property=\"og:site_name\" content=\"Canal 7 SLP - 2019\" \/>\n<meta property=\"article:publisher\" content=\"https:\/\/www.facebook.com\/CANAL7SLP\/\" \/>\n<meta property=\"article:published_time\" content=\"2019-06-08T15:04:04+00:00\" \/>\n<meta property=\"og:image\" content=\"https:\/\/canal7slp.tv\/2019\/wp-content\/uploads\/2019\/06\/1010.jpeg\" \/>\n\t<meta property=\"og:image:width\" content=\"900\" \/>\n\t<meta property=\"og:image:height\" content=\"600\" \/>\n\t<meta property=\"og:image:type\" content=\"image\/jpeg\" \/>\n<meta name=\"author\" content=\"edicionweb\" \/>\n<meta name=\"twitter:card\" content=\"summary_large_image\" \/>\n<meta name=\"twitter:creator\" content=\"@canal7_slp\" \/>\n<meta name=\"twitter:site\" content=\"@canal7_slp\" \/>\n<meta name=\"twitter:label1\" content=\"Escrito por\" \/>\n\t<meta name=\"twitter:data1\" content=\"edicionweb\" \/>\n\t<meta name=\"twitter:label2\" content=\"Tiempo de lectura\" \/>\n\t<meta name=\"twitter:data2\" content=\"3 minutos\" \/>\n<script type=\"application\/ld+json\" class=\"yoast-schema-graph\">{\"@context\":\"https:\\\/\\\/schema.org\",\"@graph\":[{\"@type\":\"Article\",\"@id\":\"https:\\\/\\\/canal7slp.tv\\\/2019\\\/alcaldes-de-norteamerica-rechazan-imposicion-unilateral-de-tarifas\\\/#article\",\"isPartOf\":{\"@id\":\"https:\\\/\\\/canal7slp.tv\\\/2019\\\/alcaldes-de-norteamerica-rechazan-imposicion-unilateral-de-tarifas\\\/\"},\"author\":{\"name\":\"edicionweb\",\"@id\":\"https:\\\/\\\/canal7slp.tv\\\/2019\\\/#\\\/schema\\\/person\\\/11d941c1c6ca30ac0a46b95fa37aa2e3\"},\"headline\":\"Alcaldes de Norteam\u00e9rica rechazan imposici\u00f3n unilateral de tarifas\",\"datePublished\":\"2019-06-08T15:04:04+00:00\",\"mainEntityOfPage\":{\"@id\":\"https:\\\/\\\/canal7slp.tv\\\/2019\\\/alcaldes-de-norteamerica-rechazan-imposicion-unilateral-de-tarifas\\\/\"},\"wordCount\":527,\"commentCount\":0,\"publisher\":{\"@id\":\"https:\\\/\\\/canal7slp.tv\\\/2019\\\/#organization\"},\"image\":{\"@id\":\"https:\\\/\\\/canal7slp.tv\\\/2019\\\/alcaldes-de-norteamerica-rechazan-imposicion-unilateral-de-tarifas\\\/#primaryimage\"},\"thumbnailUrl\":\"https:\\\/\\\/canal7slp.tv\\\/2019\\\/wp-content\\\/uploads\\\/2019\\\/06\\\/1010.jpeg\",\"articleSection\":[\"NACIONAL\"],\"inLanguage\":\"es\",\"potentialAction\":[{\"@type\":\"CommentAction\",\"name\":\"Comment\",\"target\":[\"https:\\\/\\\/canal7slp.tv\\\/2019\\\/alcaldes-de-norteamerica-rechazan-imposicion-unilateral-de-tarifas\\\/#respond\"]}]},{\"@type\":\"WebPage\",\"@id\":\"https:\\\/\\\/canal7slp.tv\\\/2019\\\/alcaldes-de-norteamerica-rechazan-imposicion-unilateral-de-tarifas\\\/\",\"url\":\"https:\\\/\\\/canal7slp.tv\\\/2019\\\/alcaldes-de-norteamerica-rechazan-imposicion-unilateral-de-tarifas\\\/\",\"name\":\"Alcaldes de Norteam\u00e9rica rechazan imposici\u00f3n unilateral de tarifas - Canal 7 SLP - 2019\",\"isPartOf\":{\"@id\":\"https:\\\/\\\/canal7slp.tv\\\/2019\\\/#website\"},\"primaryImageOfPage\":{\"@id\":\"https:\\\/\\\/canal7slp.tv\\\/2019\\\/alcaldes-de-norteamerica-rechazan-imposicion-unilateral-de-tarifas\\\/#primaryimage\"},\"image\":{\"@id\":\"https:\\\/\\\/canal7slp.tv\\\/2019\\\/alcaldes-de-norteamerica-rechazan-imposicion-unilateral-de-tarifas\\\/#primaryimage\"},\"thumbnailUrl\":\"https:\\\/\\\/canal7slp.tv\\\/2019\\\/wp-content\\\/uploads\\\/2019\\\/06\\\/1010.jpeg\",\"datePublished\":\"2019-06-08T15:04:04+00:00\",\"breadcrumb\":{\"@id\":\"https:\\\/\\\/canal7slp.tv\\\/2019\\\/alcaldes-de-norteamerica-rechazan-imposicion-unilateral-de-tarifas\\\/#breadcrumb\"},\"inLanguage\":\"es\",\"potentialAction\":[{\"@type\":\"ReadAction\",\"target\":[\"https:\\\/\\\/canal7slp.tv\\\/2019\\\/alcaldes-de-norteamerica-rechazan-imposicion-unilateral-de-tarifas\\\/\"]}]},{\"@type\":\"ImageObject\",\"inLanguage\":\"es\",\"@id\":\"https:\\\/\\\/canal7slp.tv\\\/2019\\\/alcaldes-de-norteamerica-rechazan-imposicion-unilateral-de-tarifas\\\/#primaryimage\",\"url\":\"https:\\\/\\\/canal7slp.tv\\\/2019\\\/wp-content\\\/uploads\\\/2019\\\/06\\\/1010.jpeg\",\"contentUrl\":\"https:\\\/\\\/canal7slp.tv\\\/2019\\\/wp-content\\\/uploads\\\/2019\\\/06\\\/1010.jpeg\",\"width\":900,\"height\":600},{\"@type\":\"BreadcrumbList\",\"@id\":\"https:\\\/\\\/canal7slp.tv\\\/2019\\\/alcaldes-de-norteamerica-rechazan-imposicion-unilateral-de-tarifas\\\/#breadcrumb\",\"itemListElement\":[{\"@type\":\"ListItem\",\"position\":1,\"name\":\"Home\",\"item\":\"https:\\\/\\\/canal7slp.tv\\\/2019\\\/\"},{\"@type\":\"ListItem\",\"position\":2,\"name\":\"Alcaldes de Norteam\u00e9rica rechazan imposici\u00f3n unilateral de tarifas\"}]},{\"@type\":\"WebSite\",\"@id\":\"https:\\\/\\\/canal7slp.tv\\\/2019\\\/#website\",\"url\":\"https:\\\/\\\/canal7slp.tv\\\/2019\\\/\",\"name\":\"Canal 7 SLP - Somos TV\",\"description\":\"Somos un Canal de 10\",\"publisher\":{\"@id\":\"https:\\\/\\\/canal7slp.tv\\\/2019\\\/#organization\"},\"potentialAction\":[{\"@type\":\"SearchAction\",\"target\":{\"@type\":\"EntryPoint\",\"urlTemplate\":\"https:\\\/\\\/canal7slp.tv\\\/2019\\\/?s={search_term_string}\"},\"query-input\":{\"@type\":\"PropertyValueSpecification\",\"valueRequired\":true,\"valueName\":\"search_term_string\"}}],\"inLanguage\":\"es\"},{\"@type\":\"Organization\",\"@id\":\"https:\\\/\\\/canal7slp.tv\\\/2019\\\/#organization\",\"name\":\"Comunicaci\u00f3n 2000 S.A. de C.V.\",\"url\":\"https:\\\/\\\/canal7slp.tv\\\/2019\\\/\",\"logo\":{\"@type\":\"ImageObject\",\"inLanguage\":\"es\",\"@id\":\"https:\\\/\\\/canal7slp.tv\\\/2019\\\/#\\\/schema\\\/logo\\\/image\\\/\",\"url\":\"https:\\\/\\\/canal7slp.tv\\\/2019\\\/wp-content\\\/uploads\\\/2019\\\/07\\\/logo-c7.png\",\"contentUrl\":\"https:\\\/\\\/canal7slp.tv\\\/2019\\\/wp-content\\\/uploads\\\/2019\\\/07\\\/logo-c7.png\",\"width\":220,\"height\":60,\"caption\":\"Comunicaci\u00f3n 2000 S.A. de C.V.\"},\"image\":{\"@id\":\"https:\\\/\\\/canal7slp.tv\\\/2019\\\/#\\\/schema\\\/logo\\\/image\\\/\"},\"sameAs\":[\"https:\\\/\\\/www.facebook.com\\\/CANAL7SLP\\\/\",\"https:\\\/\\\/x.com\\\/canal7_slp\",\"https:\\\/\\\/www.instagram.com\\\/canal7_slp\",\"https:\\\/\\\/www.youtube.com\\\/user\\\/NOTICIEROSCANAL7SLP\\\/\"]},{\"@type\":\"Person\",\"@id\":\"https:\\\/\\\/canal7slp.tv\\\/2019\\\/#\\\/schema\\\/person\\\/11d941c1c6ca30ac0a46b95fa37aa2e3\",\"name\":\"edicionweb\",\"image\":{\"@type\":\"ImageObject\",\"inLanguage\":\"es\",\"@id\":\"https:\\\/\\\/secure.gravatar.com\\\/avatar\\\/eee448fc3f7164808013b816ba91ac7e43bbe82a70bebac296f8bc6f0addaa1a?s=96&d=mm&r=g\",\"url\":\"https:\\\/\\\/secure.gravatar.com\\\/avatar\\\/eee448fc3f7164808013b816ba91ac7e43bbe82a70bebac296f8bc6f0addaa1a?s=96&d=mm&r=g\",\"contentUrl\":\"https:\\\/\\\/secure.gravatar.com\\\/avatar\\\/eee448fc3f7164808013b816ba91ac7e43bbe82a70bebac296f8bc6f0addaa1a?s=96&d=mm&r=g\",\"caption\":\"edicionweb\"}}]}<\/script>\n<!-- \/ Yoast SEO plugin. -->","yoast_head_json":{"title":"Alcaldes de Norteam\u00e9rica rechazan imposici\u00f3n unilateral de tarifas - Canal 7 SLP - 2019","robots":{"index":"index","follow":"follow","max-snippet":"max-snippet:-1","max-image-preview":"max-image-preview:large","max-video-preview":"max-video-preview:-1"},"canonical":"https:\/\/canal7slp.tv\/2019\/alcaldes-de-norteamerica-rechazan-imposicion-unilateral-de-tarifas\/","og_locale":"es_ES","og_type":"article","og_title":"Alcaldes de Norteam\u00e9rica rechazan imposici\u00f3n unilateral de tarifas - Canal 7 SLP - 2019","og_description":"Los Cabos, BCS.- Alcaldes de Me?xico, Estados Unidos y Canada? reafirmaron su compromiso con el comercio libre y justo como propulsor del crecimiento econo?mico y del desarrollo en la regi\u00f3n, y manifestaron su rechazo a la imposicio?n unilateral de tarifas. Al firmar el primer Manifiesto de Colaboraci\u00f3n Conjunta entre Alcaldes de Am\u00e9rica del Norte para [&hellip;]","og_url":"https:\/\/canal7slp.tv\/2019\/alcaldes-de-norteamerica-rechazan-imposicion-unilateral-de-tarifas\/","og_site_name":"Canal 7 SLP - 2019","article_publisher":"https:\/\/www.facebook.com\/CANAL7SLP\/","article_published_time":"2019-06-08T15:04:04+00:00","og_image":[{"width":900,"height":600,"url":"https:\/\/canal7slp.tv\/2019\/wp-content\/uploads\/2019\/06\/1010.jpeg","type":"image\/jpeg"}],"author":"edicionweb","twitter_card":"summary_large_image","twitter_creator":"@canal7_slp","twitter_site":"@canal7_slp","twitter_misc":{"Escrito por":"edicionweb","Tiempo de lectura":"3 minutos"},"schema":{"@context":"https:\/\/schema.org","@graph":[{"@type":"Article","@id":"https:\/\/canal7slp.tv\/2019\/alcaldes-de-norteamerica-rechazan-imposicion-unilateral-de-tarifas\/#article","isPartOf":{"@id":"https:\/\/canal7slp.tv\/2019\/alcaldes-de-norteamerica-rechazan-imposicion-unilateral-de-tarifas\/"},"author":{"name":"edicionweb","@id":"https:\/\/canal7slp.tv\/2019\/#\/schema\/person\/11d941c1c6ca30ac0a46b95fa37aa2e3"},"headline":"Alcaldes de Norteam\u00e9rica rechazan imposici\u00f3n unilateral de tarifas","datePublished":"2019-06-08T15:04:04+00:00","mainEntityOfPage":{"@id":"https:\/\/canal7slp.tv\/2019\/alcaldes-de-norteamerica-rechazan-imposicion-unilateral-de-tarifas\/"},"wordCount":527,"commentCount":0,"publisher":{"@id":"https:\/\/canal7slp.tv\/2019\/#organization"},"image":{"@id":"https:\/\/canal7slp.tv\/2019\/alcaldes-de-norteamerica-rechazan-imposicion-unilateral-de-tarifas\/#primaryimage"},"thumbnailUrl":"https:\/\/canal7slp.tv\/2019\/wp-content\/uploads\/2019\/06\/1010.jpeg","articleSection":["NACIONAL"],"inLanguage":"es","potentialAction":[{"@type":"CommentAction","name":"Comment","target":["https:\/\/canal7slp.tv\/2019\/alcaldes-de-norteamerica-rechazan-imposicion-unilateral-de-tarifas\/#respond"]}]},{"@type":"WebPage","@id":"https:\/\/canal7slp.tv\/2019\/alcaldes-de-norteamerica-rechazan-imposicion-unilateral-de-tarifas\/","url":"https:\/\/canal7slp.tv\/2019\/alcaldes-de-norteamerica-rechazan-imposicion-unilateral-de-tarifas\/","name":"Alcaldes de Norteam\u00e9rica rechazan imposici\u00f3n unilateral de tarifas - Canal 7 SLP - 2019","isPartOf":{"@id":"https:\/\/canal7slp.tv\/2019\/#website"},"primaryImageOfPage":{"@id":"https:\/\/canal7slp.tv\/2019\/alcaldes-de-norteamerica-rechazan-imposicion-unilateral-de-tarifas\/#primaryimage"},"image":{"@id":"https:\/\/canal7slp.tv\/2019\/alcaldes-de-norteamerica-rechazan-imposicion-unilateral-de-tarifas\/#primaryimage"},"thumbnailUrl":"https:\/\/canal7slp.tv\/2019\/wp-content\/uploads\/2019\/06\/1010.jpeg","datePublished":"2019-06-08T15:04:04+00:00","breadcrumb":{"@id":"https:\/\/canal7slp.tv\/2019\/alcaldes-de-norteamerica-rechazan-imposicion-unilateral-de-tarifas\/#breadcrumb"},"inLanguage":"es","potentialAction":[{"@type":"ReadAction","target":["https:\/\/canal7slp.tv\/2019\/alcaldes-de-norteamerica-rechazan-imposicion-unilateral-de-tarifas\/"]}]},{"@type":"ImageObject","inLanguage":"es","@id":"https:\/\/canal7slp.tv\/2019\/alcaldes-de-norteamerica-rechazan-imposicion-unilateral-de-tarifas\/#primaryimage","url":"https:\/\/canal7slp.tv\/2019\/wp-content\/uploads\/2019\/06\/1010.jpeg","contentUrl":"https:\/\/canal7slp.tv\/2019\/wp-content\/uploads\/2019\/06\/1010.jpeg","width":900,"height":600},{"@type":"BreadcrumbList","@id":"https:\/\/canal7slp.tv\/2019\/alcaldes-de-norteamerica-rechazan-imposicion-unilateral-de-tarifas\/#breadcrumb","itemListElement":[{"@type":"ListItem","position":1,"name":"Home","item":"https:\/\/canal7slp.tv\/2019\/"},{"@type":"ListItem","position":2,"name":"Alcaldes de Norteam\u00e9rica rechazan imposici\u00f3n unilateral de tarifas"}]},{"@type":"WebSite","@id":"https:\/\/canal7slp.tv\/2019\/#website","url":"https:\/\/canal7slp.tv\/2019\/","name":"Canal 7 SLP - Somos TV","description":"Somos un Canal de 10","publisher":{"@id":"https:\/\/canal7slp.tv\/2019\/#organization"},"potentialAction":[{"@type":"SearchAction","target":{"@type":"EntryPoint","urlTemplate":"https:\/\/canal7slp.tv\/2019\/?s={search_term_string}"},"query-input":{"@type":"PropertyValueSpecification","valueRequired":true,"valueName":"search_term_string"}}],"inLanguage":"es"},{"@type":"Organization","@id":"https:\/\/canal7slp.tv\/2019\/#organization","name":"Comunicaci\u00f3n 2000 S.A. de C.V.","url":"https:\/\/canal7slp.tv\/2019\/","logo":{"@type":"ImageObject","inLanguage":"es","@id":"https:\/\/canal7slp.tv\/2019\/#\/schema\/logo\/image\/","url":"https:\/\/canal7slp.tv\/2019\/wp-content\/uploads\/2019\/07\/logo-c7.png","contentUrl":"https:\/\/canal7slp.tv\/2019\/wp-content\/uploads\/2019\/07\/logo-c7.png","width":220,"height":60,"caption":"Comunicaci\u00f3n 2000 S.A. de C.V."},"image":{"@id":"https:\/\/canal7slp.tv\/2019\/#\/schema\/logo\/image\/"},"sameAs":["https:\/\/www.facebook.com\/CANAL7SLP\/","https:\/\/x.com\/canal7_slp","https:\/\/www.instagram.com\/canal7_slp","https:\/\/www.youtube.com\/user\/NOTICIEROSCANAL7SLP\/"]},{"@type":"Person","@id":"https:\/\/canal7slp.tv\/2019\/#\/schema\/person\/11d941c1c6ca30ac0a46b95fa37aa2e3","name":"edicionweb","image":{"@type":"ImageObject","inLanguage":"es","@id":"https:\/\/secure.gravatar.com\/avatar\/eee448fc3f7164808013b816ba91ac7e43bbe82a70bebac296f8bc6f0addaa1a?s=96&d=mm&r=g","url":"https:\/\/secure.gravatar.com\/avatar\/eee448fc3f7164808013b816ba91ac7e43bbe82a70bebac296f8bc6f0addaa1a?s=96&d=mm&r=g","contentUrl":"https:\/\/secure.gravatar.com\/avatar\/eee448fc3f7164808013b816ba91ac7e43bbe82a70bebac296f8bc6f0addaa1a?s=96&d=mm&r=g","caption":"edicionweb"}}]}},"amp_enabled":true,"cmb2":{"video_ids_in_playlist":{"vid_p_videos":""},"video_ids_in_channel":{"vid_c_videos":""},"playlist_ids_in_channel":{"vid_c_playlists":""},"series_ids_in_channel":{"vid_c_series":""},"channel_images":{"vid_c_logo":"","vid_c_banner":""},"poster_feature_image":{"vid_m_poster_image":""},"gif_feature_image":{"vid_m_gif_image":""},"video_movie_settings":{"vid_m_director":"","vid_m_actor":"","vid_m_imdb_ratings":"","vid_m_amazon_associates":""},"vid_youtube_broadcasts_settings":{"vid_yb_broadcast_title":"","vid_yb_q":"","vid_yb_channelid":"","vid_yb_videocategoryid":"","vid_yb_maxresults":"","vid_yb_order":"","vid_yb_regioncode":"","vid_yb_videosyndicated":"","vid_yb_style":"","vid_yb_reload_first":""},"video_series_settings":{"vid_m_director":"","vid_m_actor":"","vid_m_imdb_ratings":"","video_series_group":""},"amazon_associates_settings":{"amazon_associates":"","amazon_native_ad":""},"vid_youtube_automatic_settings":{"vid_ya_youtube_source":"","vid_ya_update_every":"","vid_ya_update_unit":"","vid_ya_categories":"","vid_ya_published_after":"","vid_ya_published_before":"","vid_ya_playlists":"","vid_ya_channels":"","vid_ya_director":"","vid_ya_actor":"","vid_ya_author":"","vid_ya_import_post_date":"","vid_ya_status":"","vid_ya_sub_api_key":""},"vid_ads_m_videoads_settings_post":{"vid_ads_m_video_ads":"","vid_ads_m_video_ads_type":"","vid_ads_m_group_google_ima":"","vid_ads_m_group_image":"","vid_ads_m_group_html5_video":"","vid_ads_m_group_html":"","vid_ads_m_vast_preroll":"","vid_ads_m_vast_postroll":"","vid_ads_m_vast_pauseroll":"","vid_ads_m_vast_midroll":[{"vid_ads_m_vast_timer_seconds":"50"}],"vid_ads_m_time_to_show_ads":"","vid_ads_m_time_skip_ads":"","vid_ads_m_time_to_hide_ads":""},"page_slider_settings":{"display_slider_group":"","page_slider_group":""},"blog_page_settings":{"blog_page_title":"","blog_page_heading":"","blog_page_ic":"","blog_page_it":"","blog_page_ec":"","blog_page_ip":"","archive_loop_style":"","blog_image_ratio":"","blog_show_categories":"","blog_show_excerpt":"","blog_show_author":"","blog_show_date":"","blog_show_comment_count":"","blog_show_view_count":"","blog_show_like_count":"","blog_show_dislike_count":"","blog_items_per_page":"","blog_pag_type":""},"page_options":{"get_page_template":"","color_mode":"","main_layout":"","main_layout_full_with":"","main_logo":"","main_logo_retina":"","main_logo_mobile":"","main_logo_mobile_retina":"","sticky_logo":"","sticky_logo_retina":"","main_nav_layout":"","ajax_search":"","header_background":"","theme_sidebar":"","instagram_feed":"","instagram_feed_position":"","popular_videos":"","popular_videos_title_1":"","popular_videos_title_2":"","popular_videos_ic":"","popular_videos_it":"","theme_background":"","page_custom_css":""},"feature_image_settings":{"feature_image_position":""},"video_player_settings":{"single_video_style":"","video_player_position":"","vm_video_url":"","video_player_library":"","video_streaming":"","vm_media_sources":"","vid_auto_play":"","vm_video_shortcode":"","vid_p_sync_playlist":"","vid_c_sync_channel":"","get_post_format":"","multiple_links_structure":"default","multi_links_title":"","vm_video_multi_links":"","vm_duration":"","vid_social_locker":"off","vid_social_locker_id":"","vid_membership_action":"content-video","vm_video_trailer_url":"","vid_download_type":"free","vid_download_target":"download","vid_woo_product":"","vm_media_download":"","user_rating":"","user_rating_position":"","user_rating_mode":"","user_rating_multi_sets":""},"video_auto_fetch_settings":{"vm_video_fetch":"on"},"video_fake_views_likes":{"vm_fake_views":"","vm_fake_likes":"","vm_fake_dislikes":""},"gallery_settings":{"gallery_position":""},"quote_settings":{"quote_position":""},"post_options":{"main_layout":"","main_logo":"","main_logo_retina":"","main_logo_mobile":"","main_logo_mobile_retina":"","sticky_logo":"","sticky_logo_retina":"","main_nav_layout":"","header_background":"","theme_sidebar":"","single_post_comment_type":"","theme_background":""}},"_links":{"self":[{"href":"https:\/\/canal7slp.tv\/2019\/wp-json\/wp\/v2\/posts\/9423","targetHints":{"allow":["GET"]}}],"collection":[{"href":"https:\/\/canal7slp.tv\/2019\/wp-json\/wp\/v2\/posts"}],"about":[{"href":"https:\/\/canal7slp.tv\/2019\/wp-json\/wp\/v2\/types\/post"}],"author":[{"embeddable":true,"href":"https:\/\/canal7slp.tv\/2019\/wp-json\/wp\/v2\/users\/2"}],"replies":[{"embeddable":true,"href":"https:\/\/canal7slp.tv\/2019\/wp-json\/wp\/v2\/comments?post=9423"}],"version-history":[{"count":0,"href":"https:\/\/canal7slp.tv\/2019\/wp-json\/wp\/v2\/posts\/9423\/revisions"}],"wp:featuredmedia":[{"embeddable":true,"href":"https:\/\/canal7slp.tv\/2019\/wp-json\/wp\/v2\/media\/9424"}],"wp:attachment":[{"href":"https:\/\/canal7slp.tv\/2019\/wp-json\/wp\/v2\/media?parent=9423"}],"wp:term":[{"taxonomy":"category","embeddable":true,"href":"https:\/\/canal7slp.tv\/2019\/wp-json\/wp\/v2\/categories?post=9423"},{"taxonomy":"post_tag","embeddable":true,"href":"https:\/\/canal7slp.tv\/2019\/wp-json\/wp\/v2\/tags?post=9423"}],"curies":[{"name":"wp","href":"https:\/\/api.w.org\/{rel}","templated":true}]}}