{"id":91266,"date":"2019-12-31T13:38:22","date_gmt":"2019-12-31T19:38:22","guid":{"rendered":"https:\/\/canal7slp.tv\/2019\/?p=91266"},"modified":"2019-12-31T13:38:22","modified_gmt":"2019-12-31T19:38:22","slug":"mexico-sostiene-comunicacion-necesaria-con-bolivia-pero-no-dialogo","status":"publish","type":"post","link":"https:\/\/canal7slp.tv\/2019\/mexico-sostiene-comunicacion-necesaria-con-bolivia-pero-no-dialogo\/","title":{"rendered":"M\u00e9xico sostiene &#8220;comunicaci\u00f3n necesaria&#8221; con Bolivia, pero no di\u00e1logo"},"content":{"rendered":"<ul>\n<li style=\"text-align: justify\">Subsecretario de Relaciones Exteriores dice que el pa\u00eds tiene &#8220;la mano tendida&#8221; al gobierno de Jeanine \u00c1\u00f1ez<\/li>\n<\/ul>\n<p style=\"text-align: justify\">M\u00e9xico.- El Gobierno de M\u00e9xico mantiene la &#8220;comunicaci\u00f3n necesaria&#8221; con el de Bolivia, pero no ha existido di\u00e1logo con ellos en medio de la crisis diplom\u00e1tica que viven los dos pa\u00edses, declar\u00f3 el subsecretario de Relaciones Exteriores para Am\u00e9rica Latina y el Caribe, Maximiliano Reyes Z\u00fa\u00f1iga.<\/p>\n<p style=\"text-align: justify\">&#8220;Hay comunicaci\u00f3n, pero el di\u00e1logo se dar\u00e1 el d\u00eda que nos sentemos a platicar. La comunicaci\u00f3n se mantendr\u00e1 e insisto en que vamos a evaluar los acontecimientos d\u00eda con d\u00eda&#8221;, declar\u00f3.<\/p>\n<p style=\"text-align: justify\">El funcionario federal detall\u00f3 que para lo estrictamente necesario s\u00ed existen las comunicaciones verbales o escritas. Hace unos d\u00edas, el subsecretario lanz\u00f3 una invitaci\u00f3n a la ministra de Relaciones Exteriores, Karen Longaric, para sentarse a conversar, incluso en un tercer pa\u00eds, y la canciller boliviana acept\u00f3, pero siempre y cuando el di\u00e1logo sucediera con Marcelo Ebrard.<\/p>\n<p style=\"text-align: justify\">&#8220;Nosotros tenemos la mano tendida (&#8230;) el problema es que en la respuesta a nuestra invitaci\u00f3n de di\u00e1logo corren los insultos al Presidente [Andr\u00e9s Manuel] L\u00f3pez Obrador. Luego fue lo de Espa\u00f1a y ahora esto&#8230; adem\u00e1s de lo del asedio que se mantiene, entonces dialogar as\u00ed est\u00e1 complicado&#8221;, expres\u00f3.<\/p>\n<p style=\"text-align: justify\">La mano sigue tendida, subray\u00f3, pero tambi\u00e9n debe existir voluntad de la otra parte, &#8220;porque lo que hemos recibido han sido m\u00e1s agresiones, y no s\u00f3lo hacia nosotros, sino tambi\u00e9n hacia otros pa\u00edses&#8221;.<\/p>\n<p style=\"text-align: justify\">El funcionario federal hizo el recuento de las consecuencias que conlleva tener detenidas las relaciones diplom\u00e1ticas entre las dos naciones, adem\u00e1s de no contar con un di\u00e1logo.<\/p>\n<p style=\"text-align: justify\">Record\u00f3 que el nivel de cooperaci\u00f3n que ha existido con Bolivia ha sido tan bueno que ya se trabajaba en eliminar la visa para los turistas bolivianos que desearan visitar M\u00e9xico. Asimismo, est\u00e1 detenida la implementaci\u00f3n de un vuelo directo entre ambas naciones.<\/p>\n<p style=\"text-align: justify\">&#8220;Al igual que todos los pa\u00edses latinoamericanos, tenemos un profundo inter\u00e9s de cooperaci\u00f3n, de apoyo, de buena voluntad, y as\u00ed hab\u00eda venido siendo, incluso est\u00e1bamos trabajando ya para eliminar la solicitud de visas, por parte de M\u00e9xico, a turistas bolivianos, proceso que ahora est\u00e1 detenido; hab\u00edamos contemplado tambi\u00e9n la posibilidad de tener un vuelo directo entre la Ciudad de M\u00e9xico y alguna ciudad de Bolivia, pero eso tambi\u00e9n est\u00e1 suspendido, porque en la agenda bilateral se han puesto estos temas de conflicto y no se avanza en los otros&#8221;, apunt\u00f3.<\/p>\n","protected":false},"excerpt":{"rendered":"<p>Subsecretario de Relaciones Exteriores dice que el pa\u00eds tiene &#8220;la mano tendida&#8221; al gobierno de Jeanine \u00c1\u00f1ez M\u00e9xico.- El Gobierno de M\u00e9xico mantiene la &#8220;comunicaci\u00f3n necesaria&#8221; con el de Bolivia, pero no ha existido di\u00e1logo con ellos en medio de la crisis diplom\u00e1tica que viven los dos pa\u00edses, declar\u00f3 el subsecretario de Relaciones Exteriores para [&hellip;]<\/p>\n","protected":false},"author":2,"featured_media":91267,"comment_status":"open","ping_status":"open","sticky":false,"template":"","format":"standard","meta":{"footnotes":""},"categories":[30],"tags":[],"class_list":["post-91266","post","type-post","status-publish","format-standard","has-post-thumbnail","hentry","category-nacional"],"yoast_head":"<!-- This site is optimized with the Yoast SEO plugin v27.4 - https:\/\/yoast.com\/product\/yoast-seo-wordpress\/ -->\n<title>M\u00e9xico sostiene &quot;comunicaci\u00f3n necesaria&quot; con Bolivia, pero no di\u00e1logo - Canal 7 SLP - 2019<\/title>\n<meta name=\"robots\" content=\"index, follow, max-snippet:-1, max-image-preview:large, max-video-preview:-1\" \/>\n<link rel=\"canonical\" href=\"https:\/\/canal7slp.tv\/2019\/mexico-sostiene-comunicacion-necesaria-con-bolivia-pero-no-dialogo\/\" \/>\n<meta property=\"og:locale\" content=\"es_ES\" \/>\n<meta property=\"og:type\" content=\"article\" \/>\n<meta property=\"og:title\" content=\"M\u00e9xico sostiene &quot;comunicaci\u00f3n necesaria&quot; con Bolivia, pero no di\u00e1logo - Canal 7 SLP - 2019\" \/>\n<meta property=\"og:description\" content=\"Subsecretario de Relaciones Exteriores dice que el pa\u00eds tiene &#8220;la mano tendida&#8221; al gobierno de Jeanine \u00c1\u00f1ez M\u00e9xico.- El Gobierno de M\u00e9xico mantiene la &#8220;comunicaci\u00f3n necesaria&#8221; con el de Bolivia, pero no ha existido di\u00e1logo con ellos en medio de la crisis diplom\u00e1tica que viven los dos pa\u00edses, declar\u00f3 el subsecretario de Relaciones Exteriores para [&hellip;]\" \/>\n<meta property=\"og:url\" content=\"https:\/\/canal7slp.tv\/2019\/mexico-sostiene-comunicacion-necesaria-con-bolivia-pero-no-dialogo\/\" \/>\n<meta property=\"og:site_name\" content=\"Canal 7 SLP - 2019\" \/>\n<meta property=\"article:publisher\" content=\"https:\/\/www.facebook.com\/CANAL7SLP\/\" \/>\n<meta property=\"article:published_time\" content=\"2019-12-31T19:38:22+00:00\" \/>\n<meta property=\"og:image\" content=\"https:\/\/canal7slp.tv\/2019\/wp-content\/uploads\/2019\/12\/1340.png\" \/>\n\t<meta property=\"og:image:width\" content=\"659\" \/>\n\t<meta property=\"og:image:height\" content=\"410\" \/>\n\t<meta property=\"og:image:type\" content=\"image\/png\" \/>\n<meta name=\"author\" content=\"edicionweb\" \/>\n<meta name=\"twitter:card\" content=\"summary_large_image\" \/>\n<meta name=\"twitter:creator\" content=\"@canal7_slp\" \/>\n<meta name=\"twitter:site\" content=\"@canal7_slp\" \/>\n<meta name=\"twitter:label1\" content=\"Escrito por\" \/>\n\t<meta name=\"twitter:data1\" content=\"edicionweb\" \/>\n\t<meta name=\"twitter:label2\" content=\"Tiempo de lectura\" \/>\n\t<meta name=\"twitter:data2\" content=\"2 minutos\" \/>\n<script type=\"application\/ld+json\" class=\"yoast-schema-graph\">{\"@context\":\"https:\\\/\\\/schema.org\",\"@graph\":[{\"@type\":\"Article\",\"@id\":\"https:\\\/\\\/canal7slp.tv\\\/2019\\\/mexico-sostiene-comunicacion-necesaria-con-bolivia-pero-no-dialogo\\\/#article\",\"isPartOf\":{\"@id\":\"https:\\\/\\\/canal7slp.tv\\\/2019\\\/mexico-sostiene-comunicacion-necesaria-con-bolivia-pero-no-dialogo\\\/\"},\"author\":{\"name\":\"edicionweb\",\"@id\":\"https:\\\/\\\/canal7slp.tv\\\/2019\\\/#\\\/schema\\\/person\\\/11d941c1c6ca30ac0a46b95fa37aa2e3\"},\"headline\":\"M\u00e9xico sostiene &#8220;comunicaci\u00f3n necesaria&#8221; con Bolivia, pero no di\u00e1logo\",\"datePublished\":\"2019-12-31T19:38:22+00:00\",\"mainEntityOfPage\":{\"@id\":\"https:\\\/\\\/canal7slp.tv\\\/2019\\\/mexico-sostiene-comunicacion-necesaria-con-bolivia-pero-no-dialogo\\\/\"},\"wordCount\":450,\"commentCount\":0,\"publisher\":{\"@id\":\"https:\\\/\\\/canal7slp.tv\\\/2019\\\/#organization\"},\"image\":{\"@id\":\"https:\\\/\\\/canal7slp.tv\\\/2019\\\/mexico-sostiene-comunicacion-necesaria-con-bolivia-pero-no-dialogo\\\/#primaryimage\"},\"thumbnailUrl\":\"https:\\\/\\\/canal7slp.tv\\\/2019\\\/wp-content\\\/uploads\\\/2019\\\/12\\\/1340.png\",\"articleSection\":[\"NACIONAL\"],\"inLanguage\":\"es\",\"potentialAction\":[{\"@type\":\"CommentAction\",\"name\":\"Comment\",\"target\":[\"https:\\\/\\\/canal7slp.tv\\\/2019\\\/mexico-sostiene-comunicacion-necesaria-con-bolivia-pero-no-dialogo\\\/#respond\"]}]},{\"@type\":\"WebPage\",\"@id\":\"https:\\\/\\\/canal7slp.tv\\\/2019\\\/mexico-sostiene-comunicacion-necesaria-con-bolivia-pero-no-dialogo\\\/\",\"url\":\"https:\\\/\\\/canal7slp.tv\\\/2019\\\/mexico-sostiene-comunicacion-necesaria-con-bolivia-pero-no-dialogo\\\/\",\"name\":\"M\u00e9xico sostiene \\\"comunicaci\u00f3n necesaria\\\" con Bolivia, pero no di\u00e1logo - Canal 7 SLP - 2019\",\"isPartOf\":{\"@id\":\"https:\\\/\\\/canal7slp.tv\\\/2019\\\/#website\"},\"primaryImageOfPage\":{\"@id\":\"https:\\\/\\\/canal7slp.tv\\\/2019\\\/mexico-sostiene-comunicacion-necesaria-con-bolivia-pero-no-dialogo\\\/#primaryimage\"},\"image\":{\"@id\":\"https:\\\/\\\/canal7slp.tv\\\/2019\\\/mexico-sostiene-comunicacion-necesaria-con-bolivia-pero-no-dialogo\\\/#primaryimage\"},\"thumbnailUrl\":\"https:\\\/\\\/canal7slp.tv\\\/2019\\\/wp-content\\\/uploads\\\/2019\\\/12\\\/1340.png\",\"datePublished\":\"2019-12-31T19:38:22+00:00\",\"breadcrumb\":{\"@id\":\"https:\\\/\\\/canal7slp.tv\\\/2019\\\/mexico-sostiene-comunicacion-necesaria-con-bolivia-pero-no-dialogo\\\/#breadcrumb\"},\"inLanguage\":\"es\",\"potentialAction\":[{\"@type\":\"ReadAction\",\"target\":[\"https:\\\/\\\/canal7slp.tv\\\/2019\\\/mexico-sostiene-comunicacion-necesaria-con-bolivia-pero-no-dialogo\\\/\"]}]},{\"@type\":\"ImageObject\",\"inLanguage\":\"es\",\"@id\":\"https:\\\/\\\/canal7slp.tv\\\/2019\\\/mexico-sostiene-comunicacion-necesaria-con-bolivia-pero-no-dialogo\\\/#primaryimage\",\"url\":\"https:\\\/\\\/canal7slp.tv\\\/2019\\\/wp-content\\\/uploads\\\/2019\\\/12\\\/1340.png\",\"contentUrl\":\"https:\\\/\\\/canal7slp.tv\\\/2019\\\/wp-content\\\/uploads\\\/2019\\\/12\\\/1340.png\",\"width\":659,\"height\":410},{\"@type\":\"BreadcrumbList\",\"@id\":\"https:\\\/\\\/canal7slp.tv\\\/2019\\\/mexico-sostiene-comunicacion-necesaria-con-bolivia-pero-no-dialogo\\\/#breadcrumb\",\"itemListElement\":[{\"@type\":\"ListItem\",\"position\":1,\"name\":\"Home\",\"item\":\"https:\\\/\\\/canal7slp.tv\\\/2019\\\/\"},{\"@type\":\"ListItem\",\"position\":2,\"name\":\"M\u00e9xico sostiene &#8220;comunicaci\u00f3n necesaria&#8221; con Bolivia, pero no di\u00e1logo\"}]},{\"@type\":\"WebSite\",\"@id\":\"https:\\\/\\\/canal7slp.tv\\\/2019\\\/#website\",\"url\":\"https:\\\/\\\/canal7slp.tv\\\/2019\\\/\",\"name\":\"Canal 7 SLP - Somos TV\",\"description\":\"Somos un Canal de 10\",\"publisher\":{\"@id\":\"https:\\\/\\\/canal7slp.tv\\\/2019\\\/#organization\"},\"potentialAction\":[{\"@type\":\"SearchAction\",\"target\":{\"@type\":\"EntryPoint\",\"urlTemplate\":\"https:\\\/\\\/canal7slp.tv\\\/2019\\\/?s={search_term_string}\"},\"query-input\":{\"@type\":\"PropertyValueSpecification\",\"valueRequired\":true,\"valueName\":\"search_term_string\"}}],\"inLanguage\":\"es\"},{\"@type\":\"Organization\",\"@id\":\"https:\\\/\\\/canal7slp.tv\\\/2019\\\/#organization\",\"name\":\"Comunicaci\u00f3n 2000 S.A. de C.V.\",\"url\":\"https:\\\/\\\/canal7slp.tv\\\/2019\\\/\",\"logo\":{\"@type\":\"ImageObject\",\"inLanguage\":\"es\",\"@id\":\"https:\\\/\\\/canal7slp.tv\\\/2019\\\/#\\\/schema\\\/logo\\\/image\\\/\",\"url\":\"https:\\\/\\\/canal7slp.tv\\\/2019\\\/wp-content\\\/uploads\\\/2019\\\/07\\\/logo-c7.png\",\"contentUrl\":\"https:\\\/\\\/canal7slp.tv\\\/2019\\\/wp-content\\\/uploads\\\/2019\\\/07\\\/logo-c7.png\",\"width\":220,\"height\":60,\"caption\":\"Comunicaci\u00f3n 2000 S.A. de C.V.\"},\"image\":{\"@id\":\"https:\\\/\\\/canal7slp.tv\\\/2019\\\/#\\\/schema\\\/logo\\\/image\\\/\"},\"sameAs\":[\"https:\\\/\\\/www.facebook.com\\\/CANAL7SLP\\\/\",\"https:\\\/\\\/x.com\\\/canal7_slp\",\"https:\\\/\\\/www.instagram.com\\\/canal7_slp\",\"https:\\\/\\\/www.youtube.com\\\/user\\\/NOTICIEROSCANAL7SLP\\\/\"]},{\"@type\":\"Person\",\"@id\":\"https:\\\/\\\/canal7slp.tv\\\/2019\\\/#\\\/schema\\\/person\\\/11d941c1c6ca30ac0a46b95fa37aa2e3\",\"name\":\"edicionweb\",\"image\":{\"@type\":\"ImageObject\",\"inLanguage\":\"es\",\"@id\":\"https:\\\/\\\/secure.gravatar.com\\\/avatar\\\/eee448fc3f7164808013b816ba91ac7e43bbe82a70bebac296f8bc6f0addaa1a?s=96&d=mm&r=g\",\"url\":\"https:\\\/\\\/secure.gravatar.com\\\/avatar\\\/eee448fc3f7164808013b816ba91ac7e43bbe82a70bebac296f8bc6f0addaa1a?s=96&d=mm&r=g\",\"contentUrl\":\"https:\\\/\\\/secure.gravatar.com\\\/avatar\\\/eee448fc3f7164808013b816ba91ac7e43bbe82a70bebac296f8bc6f0addaa1a?s=96&d=mm&r=g\",\"caption\":\"edicionweb\"}}]}<\/script>\n<!-- \/ Yoast SEO plugin. -->","yoast_head_json":{"title":"M\u00e9xico sostiene \"comunicaci\u00f3n necesaria\" con Bolivia, pero no di\u00e1logo - Canal 7 SLP - 2019","robots":{"index":"index","follow":"follow","max-snippet":"max-snippet:-1","max-image-preview":"max-image-preview:large","max-video-preview":"max-video-preview:-1"},"canonical":"https:\/\/canal7slp.tv\/2019\/mexico-sostiene-comunicacion-necesaria-con-bolivia-pero-no-dialogo\/","og_locale":"es_ES","og_type":"article","og_title":"M\u00e9xico sostiene \"comunicaci\u00f3n necesaria\" con Bolivia, pero no di\u00e1logo - Canal 7 SLP - 2019","og_description":"Subsecretario de Relaciones Exteriores dice que el pa\u00eds tiene &#8220;la mano tendida&#8221; al gobierno de Jeanine \u00c1\u00f1ez M\u00e9xico.- El Gobierno de M\u00e9xico mantiene la &#8220;comunicaci\u00f3n necesaria&#8221; con el de Bolivia, pero no ha existido di\u00e1logo con ellos en medio de la crisis diplom\u00e1tica que viven los dos pa\u00edses, declar\u00f3 el subsecretario de Relaciones Exteriores para [&hellip;]","og_url":"https:\/\/canal7slp.tv\/2019\/mexico-sostiene-comunicacion-necesaria-con-bolivia-pero-no-dialogo\/","og_site_name":"Canal 7 SLP - 2019","article_publisher":"https:\/\/www.facebook.com\/CANAL7SLP\/","article_published_time":"2019-12-31T19:38:22+00:00","og_image":[{"width":659,"height":410,"url":"https:\/\/canal7slp.tv\/2019\/wp-content\/uploads\/2019\/12\/1340.png","type":"image\/png"}],"author":"edicionweb","twitter_card":"summary_large_image","twitter_creator":"@canal7_slp","twitter_site":"@canal7_slp","twitter_misc":{"Escrito por":"edicionweb","Tiempo de lectura":"2 minutos"},"schema":{"@context":"https:\/\/schema.org","@graph":[{"@type":"Article","@id":"https:\/\/canal7slp.tv\/2019\/mexico-sostiene-comunicacion-necesaria-con-bolivia-pero-no-dialogo\/#article","isPartOf":{"@id":"https:\/\/canal7slp.tv\/2019\/mexico-sostiene-comunicacion-necesaria-con-bolivia-pero-no-dialogo\/"},"author":{"name":"edicionweb","@id":"https:\/\/canal7slp.tv\/2019\/#\/schema\/person\/11d941c1c6ca30ac0a46b95fa37aa2e3"},"headline":"M\u00e9xico sostiene &#8220;comunicaci\u00f3n necesaria&#8221; con Bolivia, pero no di\u00e1logo","datePublished":"2019-12-31T19:38:22+00:00","mainEntityOfPage":{"@id":"https:\/\/canal7slp.tv\/2019\/mexico-sostiene-comunicacion-necesaria-con-bolivia-pero-no-dialogo\/"},"wordCount":450,"commentCount":0,"publisher":{"@id":"https:\/\/canal7slp.tv\/2019\/#organization"},"image":{"@id":"https:\/\/canal7slp.tv\/2019\/mexico-sostiene-comunicacion-necesaria-con-bolivia-pero-no-dialogo\/#primaryimage"},"thumbnailUrl":"https:\/\/canal7slp.tv\/2019\/wp-content\/uploads\/2019\/12\/1340.png","articleSection":["NACIONAL"],"inLanguage":"es","potentialAction":[{"@type":"CommentAction","name":"Comment","target":["https:\/\/canal7slp.tv\/2019\/mexico-sostiene-comunicacion-necesaria-con-bolivia-pero-no-dialogo\/#respond"]}]},{"@type":"WebPage","@id":"https:\/\/canal7slp.tv\/2019\/mexico-sostiene-comunicacion-necesaria-con-bolivia-pero-no-dialogo\/","url":"https:\/\/canal7slp.tv\/2019\/mexico-sostiene-comunicacion-necesaria-con-bolivia-pero-no-dialogo\/","name":"M\u00e9xico sostiene \"comunicaci\u00f3n necesaria\" con Bolivia, pero no di\u00e1logo - Canal 7 SLP - 2019","isPartOf":{"@id":"https:\/\/canal7slp.tv\/2019\/#website"},"primaryImageOfPage":{"@id":"https:\/\/canal7slp.tv\/2019\/mexico-sostiene-comunicacion-necesaria-con-bolivia-pero-no-dialogo\/#primaryimage"},"image":{"@id":"https:\/\/canal7slp.tv\/2019\/mexico-sostiene-comunicacion-necesaria-con-bolivia-pero-no-dialogo\/#primaryimage"},"thumbnailUrl":"https:\/\/canal7slp.tv\/2019\/wp-content\/uploads\/2019\/12\/1340.png","datePublished":"2019-12-31T19:38:22+00:00","breadcrumb":{"@id":"https:\/\/canal7slp.tv\/2019\/mexico-sostiene-comunicacion-necesaria-con-bolivia-pero-no-dialogo\/#breadcrumb"},"inLanguage":"es","potentialAction":[{"@type":"ReadAction","target":["https:\/\/canal7slp.tv\/2019\/mexico-sostiene-comunicacion-necesaria-con-bolivia-pero-no-dialogo\/"]}]},{"@type":"ImageObject","inLanguage":"es","@id":"https:\/\/canal7slp.tv\/2019\/mexico-sostiene-comunicacion-necesaria-con-bolivia-pero-no-dialogo\/#primaryimage","url":"https:\/\/canal7slp.tv\/2019\/wp-content\/uploads\/2019\/12\/1340.png","contentUrl":"https:\/\/canal7slp.tv\/2019\/wp-content\/uploads\/2019\/12\/1340.png","width":659,"height":410},{"@type":"BreadcrumbList","@id":"https:\/\/canal7slp.tv\/2019\/mexico-sostiene-comunicacion-necesaria-con-bolivia-pero-no-dialogo\/#breadcrumb","itemListElement":[{"@type":"ListItem","position":1,"name":"Home","item":"https:\/\/canal7slp.tv\/2019\/"},{"@type":"ListItem","position":2,"name":"M\u00e9xico sostiene &#8220;comunicaci\u00f3n necesaria&#8221; con Bolivia, pero no di\u00e1logo"}]},{"@type":"WebSite","@id":"https:\/\/canal7slp.tv\/2019\/#website","url":"https:\/\/canal7slp.tv\/2019\/","name":"Canal 7 SLP - Somos TV","description":"Somos un Canal de 10","publisher":{"@id":"https:\/\/canal7slp.tv\/2019\/#organization"},"potentialAction":[{"@type":"SearchAction","target":{"@type":"EntryPoint","urlTemplate":"https:\/\/canal7slp.tv\/2019\/?s={search_term_string}"},"query-input":{"@type":"PropertyValueSpecification","valueRequired":true,"valueName":"search_term_string"}}],"inLanguage":"es"},{"@type":"Organization","@id":"https:\/\/canal7slp.tv\/2019\/#organization","name":"Comunicaci\u00f3n 2000 S.A. de C.V.","url":"https:\/\/canal7slp.tv\/2019\/","logo":{"@type":"ImageObject","inLanguage":"es","@id":"https:\/\/canal7slp.tv\/2019\/#\/schema\/logo\/image\/","url":"https:\/\/canal7slp.tv\/2019\/wp-content\/uploads\/2019\/07\/logo-c7.png","contentUrl":"https:\/\/canal7slp.tv\/2019\/wp-content\/uploads\/2019\/07\/logo-c7.png","width":220,"height":60,"caption":"Comunicaci\u00f3n 2000 S.A. de C.V."},"image":{"@id":"https:\/\/canal7slp.tv\/2019\/#\/schema\/logo\/image\/"},"sameAs":["https:\/\/www.facebook.com\/CANAL7SLP\/","https:\/\/x.com\/canal7_slp","https:\/\/www.instagram.com\/canal7_slp","https:\/\/www.youtube.com\/user\/NOTICIEROSCANAL7SLP\/"]},{"@type":"Person","@id":"https:\/\/canal7slp.tv\/2019\/#\/schema\/person\/11d941c1c6ca30ac0a46b95fa37aa2e3","name":"edicionweb","image":{"@type":"ImageObject","inLanguage":"es","@id":"https:\/\/secure.gravatar.com\/avatar\/eee448fc3f7164808013b816ba91ac7e43bbe82a70bebac296f8bc6f0addaa1a?s=96&d=mm&r=g","url":"https:\/\/secure.gravatar.com\/avatar\/eee448fc3f7164808013b816ba91ac7e43bbe82a70bebac296f8bc6f0addaa1a?s=96&d=mm&r=g","contentUrl":"https:\/\/secure.gravatar.com\/avatar\/eee448fc3f7164808013b816ba91ac7e43bbe82a70bebac296f8bc6f0addaa1a?s=96&d=mm&r=g","caption":"edicionweb"}}]}},"amp_enabled":true,"cmb2":{"video_ids_in_playlist":{"vid_p_videos":""},"video_ids_in_channel":{"vid_c_videos":""},"playlist_ids_in_channel":{"vid_c_playlists":""},"series_ids_in_channel":{"vid_c_series":""},"channel_images":{"vid_c_logo":"","vid_c_banner":""},"poster_feature_image":{"vid_m_poster_image":""},"gif_feature_image":{"vid_m_gif_image":""},"video_movie_settings":{"vid_m_director":"","vid_m_actor":"","vid_m_imdb_ratings":"","vid_m_amazon_associates":""},"vid_youtube_broadcasts_settings":{"vid_yb_broadcast_title":"","vid_yb_q":"","vid_yb_channelid":"","vid_yb_videocategoryid":"","vid_yb_maxresults":"","vid_yb_order":"","vid_yb_regioncode":"","vid_yb_videosyndicated":"","vid_yb_style":"","vid_yb_reload_first":""},"video_series_settings":{"vid_m_director":"","vid_m_actor":"","vid_m_imdb_ratings":"","video_series_group":""},"amazon_associates_settings":{"amazon_associates":"","amazon_native_ad":""},"vid_youtube_automatic_settings":{"vid_ya_youtube_source":"","vid_ya_update_every":"","vid_ya_update_unit":"","vid_ya_categories":"","vid_ya_published_after":"","vid_ya_published_before":"","vid_ya_playlists":"","vid_ya_channels":"","vid_ya_director":"","vid_ya_actor":"","vid_ya_author":"","vid_ya_import_post_date":"","vid_ya_status":"","vid_ya_sub_api_key":""},"vid_ads_m_videoads_settings_post":{"vid_ads_m_video_ads":"","vid_ads_m_video_ads_type":"","vid_ads_m_group_google_ima":"","vid_ads_m_group_image":"","vid_ads_m_group_html5_video":"","vid_ads_m_group_html":"","vid_ads_m_vast_preroll":"","vid_ads_m_vast_postroll":"","vid_ads_m_vast_pauseroll":"","vid_ads_m_vast_midroll":[{"vid_ads_m_vast_timer_seconds":"50"}],"vid_ads_m_time_to_show_ads":"","vid_ads_m_time_skip_ads":"","vid_ads_m_time_to_hide_ads":""},"page_slider_settings":{"display_slider_group":"","page_slider_group":""},"blog_page_settings":{"blog_page_title":"","blog_page_heading":"","blog_page_ic":"","blog_page_it":"","blog_page_ec":"","blog_page_ip":"","archive_loop_style":"","blog_image_ratio":"","blog_show_categories":"","blog_show_excerpt":"","blog_show_author":"","blog_show_date":"","blog_show_comment_count":"","blog_show_view_count":"","blog_show_like_count":"","blog_show_dislike_count":"","blog_items_per_page":"","blog_pag_type":""},"page_options":{"get_page_template":"","color_mode":"","main_layout":"","main_layout_full_with":"","main_logo":"","main_logo_retina":"","main_logo_mobile":"","main_logo_mobile_retina":"","sticky_logo":"","sticky_logo_retina":"","main_nav_layout":"","ajax_search":"","header_background":"","theme_sidebar":"","instagram_feed":"","instagram_feed_position":"","popular_videos":"","popular_videos_title_1":"","popular_videos_title_2":"","popular_videos_ic":"","popular_videos_it":"","theme_background":"","page_custom_css":""},"feature_image_settings":{"feature_image_position":""},"video_player_settings":{"single_video_style":"","video_player_position":"","vm_video_url":"","video_player_library":"","video_streaming":"","vm_media_sources":"","vid_auto_play":"","vm_video_shortcode":"","vid_p_sync_playlist":"","vid_c_sync_channel":"","get_post_format":"","multiple_links_structure":"default","multi_links_title":"","vm_video_multi_links":"","vm_duration":"","vid_social_locker":"off","vid_social_locker_id":"","vid_membership_action":"content-video","vm_video_trailer_url":"","vid_download_type":"free","vid_download_target":"download","vid_woo_product":"","vm_media_download":"","user_rating":"","user_rating_position":"","user_rating_mode":"","user_rating_multi_sets":""},"video_auto_fetch_settings":{"vm_video_fetch":"on"},"video_fake_views_likes":{"vm_fake_views":"","vm_fake_likes":"","vm_fake_dislikes":""},"gallery_settings":{"gallery_position":""},"quote_settings":{"quote_position":""},"post_options":{"main_layout":"","main_logo":"","main_logo_retina":"","main_logo_mobile":"","main_logo_mobile_retina":"","sticky_logo":"","sticky_logo_retina":"","main_nav_layout":"","header_background":"","theme_sidebar":"","single_post_comment_type":"","theme_background":""}},"_links":{"self":[{"href":"https:\/\/canal7slp.tv\/2019\/wp-json\/wp\/v2\/posts\/91266","targetHints":{"allow":["GET"]}}],"collection":[{"href":"https:\/\/canal7slp.tv\/2019\/wp-json\/wp\/v2\/posts"}],"about":[{"href":"https:\/\/canal7slp.tv\/2019\/wp-json\/wp\/v2\/types\/post"}],"author":[{"embeddable":true,"href":"https:\/\/canal7slp.tv\/2019\/wp-json\/wp\/v2\/users\/2"}],"replies":[{"embeddable":true,"href":"https:\/\/canal7slp.tv\/2019\/wp-json\/wp\/v2\/comments?post=91266"}],"version-history":[{"count":0,"href":"https:\/\/canal7slp.tv\/2019\/wp-json\/wp\/v2\/posts\/91266\/revisions"}],"wp:featuredmedia":[{"embeddable":true,"href":"https:\/\/canal7slp.tv\/2019\/wp-json\/wp\/v2\/media\/91267"}],"wp:attachment":[{"href":"https:\/\/canal7slp.tv\/2019\/wp-json\/wp\/v2\/media?parent=91266"}],"wp:term":[{"taxonomy":"category","embeddable":true,"href":"https:\/\/canal7slp.tv\/2019\/wp-json\/wp\/v2\/categories?post=91266"},{"taxonomy":"post_tag","embeddable":true,"href":"https:\/\/canal7slp.tv\/2019\/wp-json\/wp\/v2\/tags?post=91266"}],"curies":[{"name":"wp","href":"https:\/\/api.w.org\/{rel}","templated":true}]}}