{"id":90400,"date":"2019-12-26T08:54:52","date_gmt":"2019-12-26T14:54:52","guid":{"rendered":"https:\/\/canal7slp.tv\/2019\/?p=90400"},"modified":"2019-12-26T08:54:52","modified_gmt":"2019-12-26T14:54:52","slug":"cerca-de-200-viviendas-con-danos-por-incendio-forestal-en-chile","status":"publish","type":"post","link":"https:\/\/canal7slp.tv\/2019\/cerca-de-200-viviendas-con-danos-por-incendio-forestal-en-chile\/","title":{"rendered":"Cerca de 200 viviendas, con da\u00f1os por incendio forestal en Chile"},"content":{"rendered":"<ul>\n<li style=\"text-align: justify\">El siniestro afect\u00f3 los cerros Rocuant y San Roque, en la parte alta de Valpara\u00edso; decenas de familias se quedaron sin hogar en medio de las festividades por Navidad<\/li>\n<\/ul>\n<p style=\"text-align: justify\">Chile.- Unas 200 casas quedaron afectadas por un incendio forestal que se desat\u00f3 el martes en el tur\u00edstico puerto de Valpara\u00edso, en el litoral central de Chile, que dej\u00f3 a decenas de familias sin hogar en medio de las fiestas navide\u00f1as.<\/p>\n<p style=\"text-align: justify\">El siniestro afect\u00f3 los cerros Rocuant y San Roque en la parte alta de la comuna de Valpara\u00edso (unos 120 km al oeste de Santiago), y este mi\u00e9rcoles se mantiene activo pero con menor intensidad, mientras el n\u00famero de casas &#8220;afectadas por el fuego&#8221; subi\u00f3 de 150 a 200 en cuesti\u00f3n de horas, declar\u00f3 Gonzalo Blumel, ministro del Interior, en el \u00faltimo informe de la Oficina Nacional de Emergencia (Onemi) en Santiago.<\/p>\n<p style=\"text-align: justify\">Los da\u00f1os ocurridos en las viviendas se &#8220;est\u00e1n a\u00fan por evaluar&#8221;, ya que entre las viviendas existen muchas destruidas y otras con parte de su estructura con da\u00f1os de diferente magnitud, indic\u00f3 la Onemi.<\/p>\n<p style=\"text-align: justify\">&#8220;A\u00fan no tenemos un catastro para tener claridad del da\u00f1o que se caus\u00f3&#8221;, explic\u00f3 Blumel.<\/p>\n<p style=\"text-align: justify\">En total, unas 150 hect\u00e1reas (ha) han sido devastadas por este incendio, bautizado &#8220;Fundo La Plantaci\u00f3n 2&#8221;, iniciado hace un d\u00eda y que deja un panorama desolador en los barrios de los cerros afectados con decenas de casas -en su mayor\u00eda de construcci\u00f3n ligera de madera y lata- reducidas a escombros de los que emanaban peque\u00f1as columnas de humo, y en muchas de las cuales vive m\u00e1s de una familia en precarias condiciones.<\/p>\n<p style=\"text-align: justify\">Blumel hab\u00eda manifestado m\u00e1s temprano que si bien &#8220;se ha avanzando bastante en el control (del fuego)&#8221;, el incendio &#8220;no est\u00e1 controlado&#8221;.<\/p>\n<p style=\"text-align: justify\">&#8220;El incendio est\u00e1 con baja intensidad y sin propagaci\u00f3n, s\u00f3lo algunos puntos calientes en el borde e interior del incendio&#8221;, explic\u00f3 un comunicado la Corporaci\u00f3n Nacional Forestal (Conaf).<\/p>\n<p style=\"text-align: justify\">La emergencia dej\u00f3 &#8220;12 voluntarios de Bomberos lesionados que han tenido que enfrentar la dif\u00edcil geograf\u00eda donde se produjo la emergencia, entre quebradas y cerros. De igual forma, se mantienen mil 715 clientes sin servicio de suministro el\u00e9ctrico en la regi\u00f3n&#8221;, dijo la Onemi.<\/p>\n<p style=\"text-align: justify\">Otro incendio forestal, el &#8220;Antena Microondas&#8221;, &#8220;tambi\u00e9n se mantiene activo&#8221; y &#8220;consume una superficie aproximada de 9 ha de vegetaci\u00f3n&#8221;, inform\u00f3 Onemi.<\/p>\n<p style=\"text-align: justify\">Los dos siniestros son combatidos por 25 brigadas forestales civiles y militares, 12 unidades de bomberos, siete aviones cisterna y de observaci\u00f3n y 11 helic\u00f3pteros, indic\u00f3 el organismo.<\/p>\n","protected":false},"excerpt":{"rendered":"<p>El siniestro afect\u00f3 los cerros Rocuant y San Roque, en la parte alta de Valpara\u00edso; decenas de familias se quedaron sin hogar en medio de las festividades por Navidad Chile.- Unas 200 casas quedaron afectadas por un incendio forestal que se desat\u00f3 el martes en el tur\u00edstico puerto de Valpara\u00edso, en el litoral central de [&hellip;]<\/p>\n","protected":false},"author":2,"featured_media":90401,"comment_status":"open","ping_status":"open","sticky":false,"template":"","format":"standard","meta":{"footnotes":""},"categories":[18],"tags":[],"class_list":["post-90400","post","type-post","status-publish","format-standard","has-post-thumbnail","hentry","category-internacional"],"yoast_head":"<!-- This site is optimized with the Yoast SEO plugin v27.5 - https:\/\/yoast.com\/product\/yoast-seo-wordpress\/ -->\n<title>Cerca de 200 viviendas, con da\u00f1os por incendio forestal en Chile - Canal 7 SLP - 2019<\/title>\n<meta name=\"robots\" content=\"index, follow, max-snippet:-1, max-image-preview:large, max-video-preview:-1\" \/>\n<link rel=\"canonical\" href=\"https:\/\/canal7slp.tv\/2019\/cerca-de-200-viviendas-con-danos-por-incendio-forestal-en-chile\/\" \/>\n<meta property=\"og:locale\" content=\"es_ES\" \/>\n<meta property=\"og:type\" content=\"article\" \/>\n<meta property=\"og:title\" content=\"Cerca de 200 viviendas, con da\u00f1os por incendio forestal en Chile - Canal 7 SLP - 2019\" \/>\n<meta property=\"og:description\" content=\"El siniestro afect\u00f3 los cerros Rocuant y San Roque, en la parte alta de Valpara\u00edso; decenas de familias se quedaron sin hogar en medio de las festividades por Navidad Chile.- Unas 200 casas quedaron afectadas por un incendio forestal que se desat\u00f3 el martes en el tur\u00edstico puerto de Valpara\u00edso, en el litoral central de [&hellip;]\" \/>\n<meta property=\"og:url\" content=\"https:\/\/canal7slp.tv\/2019\/cerca-de-200-viviendas-con-danos-por-incendio-forestal-en-chile\/\" \/>\n<meta property=\"og:site_name\" content=\"Canal 7 SLP - 2019\" \/>\n<meta property=\"article:publisher\" content=\"https:\/\/www.facebook.com\/CANAL7SLP\/\" \/>\n<meta property=\"article:published_time\" content=\"2019-12-26T14:54:52+00:00\" \/>\n<meta property=\"og:image\" content=\"https:\/\/canal7slp.tv\/2019\/wp-content\/uploads\/2019\/12\/1015-21.jpg\" \/>\n\t<meta property=\"og:image:width\" content=\"728\" \/>\n\t<meta property=\"og:image:height\" content=\"410\" \/>\n\t<meta property=\"og:image:type\" content=\"image\/jpeg\" \/>\n<meta name=\"author\" content=\"edicionweb\" \/>\n<meta name=\"twitter:card\" content=\"summary_large_image\" \/>\n<meta name=\"twitter:creator\" content=\"@canal7_slp\" \/>\n<meta name=\"twitter:site\" content=\"@canal7_slp\" \/>\n<meta name=\"twitter:label1\" content=\"Escrito por\" \/>\n\t<meta name=\"twitter:data1\" content=\"edicionweb\" \/>\n\t<meta name=\"twitter:label2\" content=\"Tiempo de lectura\" \/>\n\t<meta name=\"twitter:data2\" content=\"2 minutos\" \/>\n<script type=\"application\/ld+json\" class=\"yoast-schema-graph\">{\"@context\":\"https:\\\/\\\/schema.org\",\"@graph\":[{\"@type\":\"Article\",\"@id\":\"https:\\\/\\\/canal7slp.tv\\\/2019\\\/cerca-de-200-viviendas-con-danos-por-incendio-forestal-en-chile\\\/#article\",\"isPartOf\":{\"@id\":\"https:\\\/\\\/canal7slp.tv\\\/2019\\\/cerca-de-200-viviendas-con-danos-por-incendio-forestal-en-chile\\\/\"},\"author\":{\"name\":\"edicionweb\",\"@id\":\"https:\\\/\\\/canal7slp.tv\\\/2019\\\/#\\\/schema\\\/person\\\/11d941c1c6ca30ac0a46b95fa37aa2e3\"},\"headline\":\"Cerca de 200 viviendas, con da\u00f1os por incendio forestal en Chile\",\"datePublished\":\"2019-12-26T14:54:52+00:00\",\"mainEntityOfPage\":{\"@id\":\"https:\\\/\\\/canal7slp.tv\\\/2019\\\/cerca-de-200-viviendas-con-danos-por-incendio-forestal-en-chile\\\/\"},\"wordCount\":442,\"commentCount\":0,\"publisher\":{\"@id\":\"https:\\\/\\\/canal7slp.tv\\\/2019\\\/#organization\"},\"image\":{\"@id\":\"https:\\\/\\\/canal7slp.tv\\\/2019\\\/cerca-de-200-viviendas-con-danos-por-incendio-forestal-en-chile\\\/#primaryimage\"},\"thumbnailUrl\":\"https:\\\/\\\/canal7slp.tv\\\/2019\\\/wp-content\\\/uploads\\\/2019\\\/12\\\/1015-21.jpg\",\"articleSection\":[\"INTERNACIONAL\"],\"inLanguage\":\"es\",\"potentialAction\":[{\"@type\":\"CommentAction\",\"name\":\"Comment\",\"target\":[\"https:\\\/\\\/canal7slp.tv\\\/2019\\\/cerca-de-200-viviendas-con-danos-por-incendio-forestal-en-chile\\\/#respond\"]}]},{\"@type\":\"WebPage\",\"@id\":\"https:\\\/\\\/canal7slp.tv\\\/2019\\\/cerca-de-200-viviendas-con-danos-por-incendio-forestal-en-chile\\\/\",\"url\":\"https:\\\/\\\/canal7slp.tv\\\/2019\\\/cerca-de-200-viviendas-con-danos-por-incendio-forestal-en-chile\\\/\",\"name\":\"Cerca de 200 viviendas, con da\u00f1os por incendio forestal en Chile - Canal 7 SLP - 2019\",\"isPartOf\":{\"@id\":\"https:\\\/\\\/canal7slp.tv\\\/2019\\\/#website\"},\"primaryImageOfPage\":{\"@id\":\"https:\\\/\\\/canal7slp.tv\\\/2019\\\/cerca-de-200-viviendas-con-danos-por-incendio-forestal-en-chile\\\/#primaryimage\"},\"image\":{\"@id\":\"https:\\\/\\\/canal7slp.tv\\\/2019\\\/cerca-de-200-viviendas-con-danos-por-incendio-forestal-en-chile\\\/#primaryimage\"},\"thumbnailUrl\":\"https:\\\/\\\/canal7slp.tv\\\/2019\\\/wp-content\\\/uploads\\\/2019\\\/12\\\/1015-21.jpg\",\"datePublished\":\"2019-12-26T14:54:52+00:00\",\"breadcrumb\":{\"@id\":\"https:\\\/\\\/canal7slp.tv\\\/2019\\\/cerca-de-200-viviendas-con-danos-por-incendio-forestal-en-chile\\\/#breadcrumb\"},\"inLanguage\":\"es\",\"potentialAction\":[{\"@type\":\"ReadAction\",\"target\":[\"https:\\\/\\\/canal7slp.tv\\\/2019\\\/cerca-de-200-viviendas-con-danos-por-incendio-forestal-en-chile\\\/\"]}]},{\"@type\":\"ImageObject\",\"inLanguage\":\"es\",\"@id\":\"https:\\\/\\\/canal7slp.tv\\\/2019\\\/cerca-de-200-viviendas-con-danos-por-incendio-forestal-en-chile\\\/#primaryimage\",\"url\":\"https:\\\/\\\/canal7slp.tv\\\/2019\\\/wp-content\\\/uploads\\\/2019\\\/12\\\/1015-21.jpg\",\"contentUrl\":\"https:\\\/\\\/canal7slp.tv\\\/2019\\\/wp-content\\\/uploads\\\/2019\\\/12\\\/1015-21.jpg\",\"width\":728,\"height\":410},{\"@type\":\"BreadcrumbList\",\"@id\":\"https:\\\/\\\/canal7slp.tv\\\/2019\\\/cerca-de-200-viviendas-con-danos-por-incendio-forestal-en-chile\\\/#breadcrumb\",\"itemListElement\":[{\"@type\":\"ListItem\",\"position\":1,\"name\":\"Home\",\"item\":\"https:\\\/\\\/canal7slp.tv\\\/2019\\\/\"},{\"@type\":\"ListItem\",\"position\":2,\"name\":\"Cerca de 200 viviendas, con da\u00f1os por incendio forestal en Chile\"}]},{\"@type\":\"WebSite\",\"@id\":\"https:\\\/\\\/canal7slp.tv\\\/2019\\\/#website\",\"url\":\"https:\\\/\\\/canal7slp.tv\\\/2019\\\/\",\"name\":\"Canal 7 SLP - Somos TV\",\"description\":\"Somos un Canal de 10\",\"publisher\":{\"@id\":\"https:\\\/\\\/canal7slp.tv\\\/2019\\\/#organization\"},\"potentialAction\":[{\"@type\":\"SearchAction\",\"target\":{\"@type\":\"EntryPoint\",\"urlTemplate\":\"https:\\\/\\\/canal7slp.tv\\\/2019\\\/?s={search_term_string}\"},\"query-input\":{\"@type\":\"PropertyValueSpecification\",\"valueRequired\":true,\"valueName\":\"search_term_string\"}}],\"inLanguage\":\"es\"},{\"@type\":\"Organization\",\"@id\":\"https:\\\/\\\/canal7slp.tv\\\/2019\\\/#organization\",\"name\":\"Comunicaci\u00f3n 2000 S.A. de C.V.\",\"url\":\"https:\\\/\\\/canal7slp.tv\\\/2019\\\/\",\"logo\":{\"@type\":\"ImageObject\",\"inLanguage\":\"es\",\"@id\":\"https:\\\/\\\/canal7slp.tv\\\/2019\\\/#\\\/schema\\\/logo\\\/image\\\/\",\"url\":\"https:\\\/\\\/canal7slp.tv\\\/2019\\\/wp-content\\\/uploads\\\/2019\\\/07\\\/logo-c7.png\",\"contentUrl\":\"https:\\\/\\\/canal7slp.tv\\\/2019\\\/wp-content\\\/uploads\\\/2019\\\/07\\\/logo-c7.png\",\"width\":220,\"height\":60,\"caption\":\"Comunicaci\u00f3n 2000 S.A. de C.V.\"},\"image\":{\"@id\":\"https:\\\/\\\/canal7slp.tv\\\/2019\\\/#\\\/schema\\\/logo\\\/image\\\/\"},\"sameAs\":[\"https:\\\/\\\/www.facebook.com\\\/CANAL7SLP\\\/\",\"https:\\\/\\\/x.com\\\/canal7_slp\",\"https:\\\/\\\/www.instagram.com\\\/canal7_slp\",\"https:\\\/\\\/www.youtube.com\\\/user\\\/NOTICIEROSCANAL7SLP\\\/\"]},{\"@type\":\"Person\",\"@id\":\"https:\\\/\\\/canal7slp.tv\\\/2019\\\/#\\\/schema\\\/person\\\/11d941c1c6ca30ac0a46b95fa37aa2e3\",\"name\":\"edicionweb\",\"image\":{\"@type\":\"ImageObject\",\"inLanguage\":\"es\",\"@id\":\"https:\\\/\\\/secure.gravatar.com\\\/avatar\\\/eee448fc3f7164808013b816ba91ac7e43bbe82a70bebac296f8bc6f0addaa1a?s=96&d=mm&r=g\",\"url\":\"https:\\\/\\\/secure.gravatar.com\\\/avatar\\\/eee448fc3f7164808013b816ba91ac7e43bbe82a70bebac296f8bc6f0addaa1a?s=96&d=mm&r=g\",\"contentUrl\":\"https:\\\/\\\/secure.gravatar.com\\\/avatar\\\/eee448fc3f7164808013b816ba91ac7e43bbe82a70bebac296f8bc6f0addaa1a?s=96&d=mm&r=g\",\"caption\":\"edicionweb\"}}]}<\/script>\n<!-- \/ Yoast SEO plugin. -->","yoast_head_json":{"title":"Cerca de 200 viviendas, con da\u00f1os por incendio forestal en Chile - Canal 7 SLP - 2019","robots":{"index":"index","follow":"follow","max-snippet":"max-snippet:-1","max-image-preview":"max-image-preview:large","max-video-preview":"max-video-preview:-1"},"canonical":"https:\/\/canal7slp.tv\/2019\/cerca-de-200-viviendas-con-danos-por-incendio-forestal-en-chile\/","og_locale":"es_ES","og_type":"article","og_title":"Cerca de 200 viviendas, con da\u00f1os por incendio forestal en Chile - Canal 7 SLP - 2019","og_description":"El siniestro afect\u00f3 los cerros Rocuant y San Roque, en la parte alta de Valpara\u00edso; decenas de familias se quedaron sin hogar en medio de las festividades por Navidad Chile.- Unas 200 casas quedaron afectadas por un incendio forestal que se desat\u00f3 el martes en el tur\u00edstico puerto de Valpara\u00edso, en el litoral central de [&hellip;]","og_url":"https:\/\/canal7slp.tv\/2019\/cerca-de-200-viviendas-con-danos-por-incendio-forestal-en-chile\/","og_site_name":"Canal 7 SLP - 2019","article_publisher":"https:\/\/www.facebook.com\/CANAL7SLP\/","article_published_time":"2019-12-26T14:54:52+00:00","og_image":[{"width":728,"height":410,"url":"https:\/\/canal7slp.tv\/2019\/wp-content\/uploads\/2019\/12\/1015-21.jpg","type":"image\/jpeg"}],"author":"edicionweb","twitter_card":"summary_large_image","twitter_creator":"@canal7_slp","twitter_site":"@canal7_slp","twitter_misc":{"Escrito por":"edicionweb","Tiempo de lectura":"2 minutos"},"schema":{"@context":"https:\/\/schema.org","@graph":[{"@type":"Article","@id":"https:\/\/canal7slp.tv\/2019\/cerca-de-200-viviendas-con-danos-por-incendio-forestal-en-chile\/#article","isPartOf":{"@id":"https:\/\/canal7slp.tv\/2019\/cerca-de-200-viviendas-con-danos-por-incendio-forestal-en-chile\/"},"author":{"name":"edicionweb","@id":"https:\/\/canal7slp.tv\/2019\/#\/schema\/person\/11d941c1c6ca30ac0a46b95fa37aa2e3"},"headline":"Cerca de 200 viviendas, con da\u00f1os por incendio forestal en Chile","datePublished":"2019-12-26T14:54:52+00:00","mainEntityOfPage":{"@id":"https:\/\/canal7slp.tv\/2019\/cerca-de-200-viviendas-con-danos-por-incendio-forestal-en-chile\/"},"wordCount":442,"commentCount":0,"publisher":{"@id":"https:\/\/canal7slp.tv\/2019\/#organization"},"image":{"@id":"https:\/\/canal7slp.tv\/2019\/cerca-de-200-viviendas-con-danos-por-incendio-forestal-en-chile\/#primaryimage"},"thumbnailUrl":"https:\/\/canal7slp.tv\/2019\/wp-content\/uploads\/2019\/12\/1015-21.jpg","articleSection":["INTERNACIONAL"],"inLanguage":"es","potentialAction":[{"@type":"CommentAction","name":"Comment","target":["https:\/\/canal7slp.tv\/2019\/cerca-de-200-viviendas-con-danos-por-incendio-forestal-en-chile\/#respond"]}]},{"@type":"WebPage","@id":"https:\/\/canal7slp.tv\/2019\/cerca-de-200-viviendas-con-danos-por-incendio-forestal-en-chile\/","url":"https:\/\/canal7slp.tv\/2019\/cerca-de-200-viviendas-con-danos-por-incendio-forestal-en-chile\/","name":"Cerca de 200 viviendas, con da\u00f1os por incendio forestal en Chile - Canal 7 SLP - 2019","isPartOf":{"@id":"https:\/\/canal7slp.tv\/2019\/#website"},"primaryImageOfPage":{"@id":"https:\/\/canal7slp.tv\/2019\/cerca-de-200-viviendas-con-danos-por-incendio-forestal-en-chile\/#primaryimage"},"image":{"@id":"https:\/\/canal7slp.tv\/2019\/cerca-de-200-viviendas-con-danos-por-incendio-forestal-en-chile\/#primaryimage"},"thumbnailUrl":"https:\/\/canal7slp.tv\/2019\/wp-content\/uploads\/2019\/12\/1015-21.jpg","datePublished":"2019-12-26T14:54:52+00:00","breadcrumb":{"@id":"https:\/\/canal7slp.tv\/2019\/cerca-de-200-viviendas-con-danos-por-incendio-forestal-en-chile\/#breadcrumb"},"inLanguage":"es","potentialAction":[{"@type":"ReadAction","target":["https:\/\/canal7slp.tv\/2019\/cerca-de-200-viviendas-con-danos-por-incendio-forestal-en-chile\/"]}]},{"@type":"ImageObject","inLanguage":"es","@id":"https:\/\/canal7slp.tv\/2019\/cerca-de-200-viviendas-con-danos-por-incendio-forestal-en-chile\/#primaryimage","url":"https:\/\/canal7slp.tv\/2019\/wp-content\/uploads\/2019\/12\/1015-21.jpg","contentUrl":"https:\/\/canal7slp.tv\/2019\/wp-content\/uploads\/2019\/12\/1015-21.jpg","width":728,"height":410},{"@type":"BreadcrumbList","@id":"https:\/\/canal7slp.tv\/2019\/cerca-de-200-viviendas-con-danos-por-incendio-forestal-en-chile\/#breadcrumb","itemListElement":[{"@type":"ListItem","position":1,"name":"Home","item":"https:\/\/canal7slp.tv\/2019\/"},{"@type":"ListItem","position":2,"name":"Cerca de 200 viviendas, con da\u00f1os por incendio forestal en Chile"}]},{"@type":"WebSite","@id":"https:\/\/canal7slp.tv\/2019\/#website","url":"https:\/\/canal7slp.tv\/2019\/","name":"Canal 7 SLP - Somos TV","description":"Somos un Canal de 10","publisher":{"@id":"https:\/\/canal7slp.tv\/2019\/#organization"},"potentialAction":[{"@type":"SearchAction","target":{"@type":"EntryPoint","urlTemplate":"https:\/\/canal7slp.tv\/2019\/?s={search_term_string}"},"query-input":{"@type":"PropertyValueSpecification","valueRequired":true,"valueName":"search_term_string"}}],"inLanguage":"es"},{"@type":"Organization","@id":"https:\/\/canal7slp.tv\/2019\/#organization","name":"Comunicaci\u00f3n 2000 S.A. de C.V.","url":"https:\/\/canal7slp.tv\/2019\/","logo":{"@type":"ImageObject","inLanguage":"es","@id":"https:\/\/canal7slp.tv\/2019\/#\/schema\/logo\/image\/","url":"https:\/\/canal7slp.tv\/2019\/wp-content\/uploads\/2019\/07\/logo-c7.png","contentUrl":"https:\/\/canal7slp.tv\/2019\/wp-content\/uploads\/2019\/07\/logo-c7.png","width":220,"height":60,"caption":"Comunicaci\u00f3n 2000 S.A. de C.V."},"image":{"@id":"https:\/\/canal7slp.tv\/2019\/#\/schema\/logo\/image\/"},"sameAs":["https:\/\/www.facebook.com\/CANAL7SLP\/","https:\/\/x.com\/canal7_slp","https:\/\/www.instagram.com\/canal7_slp","https:\/\/www.youtube.com\/user\/NOTICIEROSCANAL7SLP\/"]},{"@type":"Person","@id":"https:\/\/canal7slp.tv\/2019\/#\/schema\/person\/11d941c1c6ca30ac0a46b95fa37aa2e3","name":"edicionweb","image":{"@type":"ImageObject","inLanguage":"es","@id":"https:\/\/secure.gravatar.com\/avatar\/eee448fc3f7164808013b816ba91ac7e43bbe82a70bebac296f8bc6f0addaa1a?s=96&d=mm&r=g","url":"https:\/\/secure.gravatar.com\/avatar\/eee448fc3f7164808013b816ba91ac7e43bbe82a70bebac296f8bc6f0addaa1a?s=96&d=mm&r=g","contentUrl":"https:\/\/secure.gravatar.com\/avatar\/eee448fc3f7164808013b816ba91ac7e43bbe82a70bebac296f8bc6f0addaa1a?s=96&d=mm&r=g","caption":"edicionweb"}}]}},"amp_enabled":true,"cmb2":{"video_ids_in_playlist":{"vid_p_videos":""},"video_ids_in_channel":{"vid_c_videos":""},"playlist_ids_in_channel":{"vid_c_playlists":""},"series_ids_in_channel":{"vid_c_series":""},"channel_images":{"vid_c_logo":"","vid_c_banner":""},"poster_feature_image":{"vid_m_poster_image":""},"gif_feature_image":{"vid_m_gif_image":""},"video_movie_settings":{"vid_m_director":"","vid_m_actor":"","vid_m_imdb_ratings":"","vid_m_amazon_associates":""},"vid_youtube_broadcasts_settings":{"vid_yb_broadcast_title":"","vid_yb_q":"","vid_yb_channelid":"","vid_yb_videocategoryid":"","vid_yb_maxresults":"","vid_yb_order":"","vid_yb_regioncode":"","vid_yb_videosyndicated":"","vid_yb_style":"","vid_yb_reload_first":""},"video_series_settings":{"vid_m_director":"","vid_m_actor":"","vid_m_imdb_ratings":"","video_series_group":""},"amazon_associates_settings":{"amazon_associates":"","amazon_native_ad":""},"vid_youtube_automatic_settings":{"vid_ya_youtube_source":"","vid_ya_update_every":"","vid_ya_update_unit":"","vid_ya_categories":"","vid_ya_published_after":"","vid_ya_published_before":"","vid_ya_playlists":"","vid_ya_channels":"","vid_ya_director":"","vid_ya_actor":"","vid_ya_author":"","vid_ya_import_post_date":"","vid_ya_status":"","vid_ya_sub_api_key":""},"vid_ads_m_videoads_settings_post":{"vid_ads_m_video_ads":"","vid_ads_m_video_ads_type":"","vid_ads_m_group_google_ima":"","vid_ads_m_group_image":"","vid_ads_m_group_html5_video":"","vid_ads_m_group_html":"","vid_ads_m_vast_preroll":"","vid_ads_m_vast_postroll":"","vid_ads_m_vast_pauseroll":"","vid_ads_m_vast_midroll":[{"vid_ads_m_vast_timer_seconds":"50"}],"vid_ads_m_time_to_show_ads":"","vid_ads_m_time_skip_ads":"","vid_ads_m_time_to_hide_ads":""},"page_slider_settings":{"display_slider_group":"","page_slider_group":""},"blog_page_settings":{"blog_page_title":"","blog_page_heading":"","blog_page_ic":"","blog_page_it":"","blog_page_ec":"","blog_page_ip":"","archive_loop_style":"","blog_image_ratio":"","blog_show_categories":"","blog_show_excerpt":"","blog_show_author":"","blog_show_date":"","blog_show_comment_count":"","blog_show_view_count":"","blog_show_like_count":"","blog_show_dislike_count":"","blog_items_per_page":"","blog_pag_type":""},"page_options":{"get_page_template":"","color_mode":"","main_layout":"","main_layout_full_with":"","main_logo":"","main_logo_retina":"","main_logo_mobile":"","main_logo_mobile_retina":"","sticky_logo":"","sticky_logo_retina":"","main_nav_layout":"","ajax_search":"","header_background":"","theme_sidebar":"","instagram_feed":"","instagram_feed_position":"","popular_videos":"","popular_videos_title_1":"","popular_videos_title_2":"","popular_videos_ic":"","popular_videos_it":"","theme_background":"","page_custom_css":""},"feature_image_settings":{"feature_image_position":""},"video_player_settings":{"single_video_style":"","video_player_position":"","vm_video_url":"","video_player_library":"","video_streaming":"","vm_media_sources":"","vid_auto_play":"","vm_video_shortcode":"","vid_p_sync_playlist":"","vid_c_sync_channel":"","get_post_format":"","multiple_links_structure":"default","multi_links_title":"","vm_video_multi_links":"","vm_duration":"","vid_social_locker":"off","vid_social_locker_id":"","vid_membership_action":"content-video","vm_video_trailer_url":"","vid_download_type":"free","vid_download_target":"download","vid_woo_product":"","vm_media_download":"","user_rating":"","user_rating_position":"","user_rating_mode":"","user_rating_multi_sets":""},"video_auto_fetch_settings":{"vm_video_fetch":"on"},"video_fake_views_likes":{"vm_fake_views":"","vm_fake_likes":"","vm_fake_dislikes":""},"gallery_settings":{"gallery_position":""},"quote_settings":{"quote_position":""},"post_options":{"main_layout":"","main_logo":"","main_logo_retina":"","main_logo_mobile":"","main_logo_mobile_retina":"","sticky_logo":"","sticky_logo_retina":"","main_nav_layout":"","header_background":"","theme_sidebar":"","single_post_comment_type":"","theme_background":""}},"_links":{"self":[{"href":"https:\/\/canal7slp.tv\/2019\/wp-json\/wp\/v2\/posts\/90400","targetHints":{"allow":["GET"]}}],"collection":[{"href":"https:\/\/canal7slp.tv\/2019\/wp-json\/wp\/v2\/posts"}],"about":[{"href":"https:\/\/canal7slp.tv\/2019\/wp-json\/wp\/v2\/types\/post"}],"author":[{"embeddable":true,"href":"https:\/\/canal7slp.tv\/2019\/wp-json\/wp\/v2\/users\/2"}],"replies":[{"embeddable":true,"href":"https:\/\/canal7slp.tv\/2019\/wp-json\/wp\/v2\/comments?post=90400"}],"version-history":[{"count":0,"href":"https:\/\/canal7slp.tv\/2019\/wp-json\/wp\/v2\/posts\/90400\/revisions"}],"wp:featuredmedia":[{"embeddable":true,"href":"https:\/\/canal7slp.tv\/2019\/wp-json\/wp\/v2\/media\/90401"}],"wp:attachment":[{"href":"https:\/\/canal7slp.tv\/2019\/wp-json\/wp\/v2\/media?parent=90400"}],"wp:term":[{"taxonomy":"category","embeddable":true,"href":"https:\/\/canal7slp.tv\/2019\/wp-json\/wp\/v2\/categories?post=90400"},{"taxonomy":"post_tag","embeddable":true,"href":"https:\/\/canal7slp.tv\/2019\/wp-json\/wp\/v2\/tags?post=90400"}],"curies":[{"name":"wp","href":"https:\/\/api.w.org\/{rel}","templated":true}]}}