{"id":90297,"date":"2019-12-24T15:51:22","date_gmt":"2019-12-24T21:51:22","guid":{"rendered":"https:\/\/canal7slp.tv\/2019\/?p=90297"},"modified":"2019-12-24T15:51:22","modified_gmt":"2019-12-24T21:51:22","slug":"en-mexquitic-fge-logro-que-se-vinculara-a-proceso-a-un-hombre-por-presuntas-lesiones-calificadas","status":"publish","type":"post","link":"https:\/\/canal7slp.tv\/2019\/en-mexquitic-fge-logro-que-se-vinculara-a-proceso-a-un-hombre-por-presuntas-lesiones-calificadas\/","title":{"rendered":"En Mexquitic FGE logr\u00f3 que se vinculara a proceso a un hombre por presuntas lesiones calificadas"},"content":{"rendered":"<ul>\n<li style=\"text-align: justify\">El detenido presuntamente lesion\u00f3 a su v\u00edctima con un arma blanca<\/li>\n<\/ul>\n<p style=\"text-align: justify\">Mexquitic.- Litigadores de la Delegaci\u00f3n Primera de la Fiscal\u00eda General del Estado de San Luis Potos\u00ed (FGESLP), lograron la vinculaci\u00f3n a proceso de un hombre de 26 a\u00f1os de edad, luego que se presentaron algunas pruebas de su probable intervenci\u00f3n en el delito de lesiones calificadas en Mexquitic de Carmona.<\/p>\n<p style=\"text-align: justify\">En continuaci\u00f3n de la audiencia inicial celebrada por el Juez de Control, posterior a que se le vincul\u00f3 a proceso a Rudy Raciel \u201cN\u201d, la defensa legal del imputado solicit\u00f3 la suspensi\u00f3n condicional del proceso, misma que se le fue otorgada.<\/p>\n<p style=\"text-align: justify\">Sin embargo, el sujeto se\u00f1alado deber\u00e1 cumplir con un pago en efectivo que ayude para la reparaci\u00f3n del da\u00f1o; adem\u00e1s, estar\u00e1 bajo supervisi\u00f3n de la autoridad judicial, como medida cautelar.<\/p>\n<p style=\"text-align: justify\">Esto, por lo ocurrido el 8 de septiembre de 2019, en un domicilio de la avenida Derramaderos en la localidad El Llanito en el municipio se\u00f1alado. En ese sitio, se encontraba el afectado conviviendo con m\u00e1s personas luego de concluir con la primera parte de unas labores de construcci\u00f3n que estaban ejecutando.<\/p>\n<p style=\"text-align: justify\">Tiempos despu\u00e9s, comenzaron a descansar y beber bebidas et\u00edlicas con los dem\u00e1s integrantes del equipo, sin embargo, abusaron del consumo del producto, lo que provoc\u00f3 que algunos comenzaran a discutir al grado de iniciar una ri\u00f1a.<\/p>\n<p style=\"text-align: justify\">Momento en el que Rudy Raciel \u201cN\u201d, al verse superado por su rival, sac\u00f3 de entre sus ropas una navaja con la que presuntamente lanz\u00f3 varios golpes a su contrincante y lo logr\u00f3 lesionar en diferentes partes del cuerpo, al detener el pleito, el individuo huy\u00f3 de la vivienda.<\/p>\n<p style=\"text-align: justify\">Mientras que el hombre herido fue llevado a un hospital cercano a la zona de los hechos, de esta forma qued\u00f3 internado por algunos d\u00edas; asimismo, cuando recuper\u00f3 la salud acudi\u00f3 a las instalaciones de la Fiscal\u00eda y dio aviso de lo sucedido.<\/p>\n<p style=\"text-align: justify\">Por su parte, la instituci\u00f3n inici\u00f3 con las acciones inherentes para el esclarecimiento del hecho, y a trav\u00e9s de polic\u00edas investigadores de la entidad obtuvieron pruebas iniciales de la presunta culpabilidad del sujeto antes citado, por lo que las hicieron llegar al Juez de Control, mismo que tras analizarlas libr\u00f3 la orden de aprehensi\u00f3n correspondiente.<\/p>\n<p style=\"text-align: justify\">Luego de la liberaci\u00f3n del mandato judicial, agentes de la Direcci\u00f3n General de M\u00e9todos de Investigaci\u00f3n de esa regi\u00f3n fueron por el individuo y lo detuvieron mientas caminaba sobre la intersecci\u00f3n que forman las calles de Aldama y Dami\u00e1n Carmona en la Zona Centro de Mexquitic de Carmona.<\/p>\n<p style=\"text-align: justify\">Posteriormente, fue recluido en el centro de reinserci\u00f3n social de La Pila, lugar en el que estuvo a disposici\u00f3n de la autoridad judicial respectiva e inici\u00f3 con su proceso legal en donde result\u00f3 vinculado y con las medidas cautelares ya mencionadas que deber\u00e1 acatar.<\/p>\n","protected":false},"excerpt":{"rendered":"<p>El detenido presuntamente lesion\u00f3 a su v\u00edctima con un arma blanca Mexquitic.- Litigadores de la Delegaci\u00f3n Primera de la Fiscal\u00eda General del Estado de San Luis Potos\u00ed (FGESLP), lograron la vinculaci\u00f3n a proceso de un hombre de 26 a\u00f1os de edad, luego que se presentaron algunas pruebas de su probable intervenci\u00f3n en el delito de [&hellip;]<\/p>\n","protected":false},"author":2,"featured_media":90298,"comment_status":"open","ping_status":"open","sticky":false,"template":"","format":"standard","meta":{"footnotes":""},"categories":[29],"tags":[],"class_list":["post-90297","post","type-post","status-publish","format-standard","has-post-thumbnail","hentry","category-reporte7"],"yoast_head":"<!-- This site is optimized with the Yoast SEO plugin v27.4 - https:\/\/yoast.com\/product\/yoast-seo-wordpress\/ -->\n<title>En Mexquitic FGE logr\u00f3 que se vinculara a proceso a un hombre por presuntas lesiones calificadas - Canal 7 SLP - 2019<\/title>\n<meta name=\"robots\" content=\"index, follow, max-snippet:-1, max-image-preview:large, max-video-preview:-1\" \/>\n<link rel=\"canonical\" href=\"https:\/\/canal7slp.tv\/2019\/en-mexquitic-fge-logro-que-se-vinculara-a-proceso-a-un-hombre-por-presuntas-lesiones-calificadas\/\" \/>\n<meta property=\"og:locale\" content=\"es_ES\" \/>\n<meta property=\"og:type\" content=\"article\" \/>\n<meta property=\"og:title\" content=\"En Mexquitic FGE logr\u00f3 que se vinculara a proceso a un hombre por presuntas lesiones calificadas - Canal 7 SLP - 2019\" \/>\n<meta property=\"og:description\" content=\"El detenido presuntamente lesion\u00f3 a su v\u00edctima con un arma blanca Mexquitic.- Litigadores de la Delegaci\u00f3n Primera de la Fiscal\u00eda General del Estado de San Luis Potos\u00ed (FGESLP), lograron la vinculaci\u00f3n a proceso de un hombre de 26 a\u00f1os de edad, luego que se presentaron algunas pruebas de su probable intervenci\u00f3n en el delito de [&hellip;]\" \/>\n<meta property=\"og:url\" content=\"https:\/\/canal7slp.tv\/2019\/en-mexquitic-fge-logro-que-se-vinculara-a-proceso-a-un-hombre-por-presuntas-lesiones-calificadas\/\" \/>\n<meta property=\"og:site_name\" content=\"Canal 7 SLP - 2019\" \/>\n<meta property=\"article:publisher\" content=\"https:\/\/www.facebook.com\/CANAL7SLP\/\" \/>\n<meta property=\"article:published_time\" content=\"2019-12-24T21:51:22+00:00\" \/>\n<meta property=\"og:image\" content=\"https:\/\/canal7slp.tv\/2019\/wp-content\/uploads\/2019\/12\/1710b-1.png\" \/>\n\t<meta property=\"og:image:width\" content=\"656\" \/>\n\t<meta property=\"og:image:height\" content=\"410\" \/>\n\t<meta property=\"og:image:type\" content=\"image\/png\" \/>\n<meta name=\"author\" content=\"edicionweb\" \/>\n<meta name=\"twitter:card\" content=\"summary_large_image\" \/>\n<meta name=\"twitter:creator\" content=\"@canal7_slp\" \/>\n<meta name=\"twitter:site\" content=\"@canal7_slp\" \/>\n<meta name=\"twitter:label1\" content=\"Escrito por\" \/>\n\t<meta name=\"twitter:data1\" content=\"edicionweb\" \/>\n\t<meta name=\"twitter:label2\" content=\"Tiempo de lectura\" \/>\n\t<meta name=\"twitter:data2\" content=\"2 minutos\" \/>\n<script type=\"application\/ld+json\" class=\"yoast-schema-graph\">{\"@context\":\"https:\\\/\\\/schema.org\",\"@graph\":[{\"@type\":\"Article\",\"@id\":\"https:\\\/\\\/canal7slp.tv\\\/2019\\\/en-mexquitic-fge-logro-que-se-vinculara-a-proceso-a-un-hombre-por-presuntas-lesiones-calificadas\\\/#article\",\"isPartOf\":{\"@id\":\"https:\\\/\\\/canal7slp.tv\\\/2019\\\/en-mexquitic-fge-logro-que-se-vinculara-a-proceso-a-un-hombre-por-presuntas-lesiones-calificadas\\\/\"},\"author\":{\"name\":\"edicionweb\",\"@id\":\"https:\\\/\\\/canal7slp.tv\\\/2019\\\/#\\\/schema\\\/person\\\/11d941c1c6ca30ac0a46b95fa37aa2e3\"},\"headline\":\"En Mexquitic FGE logr\u00f3 que se vinculara a proceso a un hombre por presuntas lesiones calificadas\",\"datePublished\":\"2019-12-24T21:51:22+00:00\",\"mainEntityOfPage\":{\"@id\":\"https:\\\/\\\/canal7slp.tv\\\/2019\\\/en-mexquitic-fge-logro-que-se-vinculara-a-proceso-a-un-hombre-por-presuntas-lesiones-calificadas\\\/\"},\"wordCount\":508,\"commentCount\":0,\"publisher\":{\"@id\":\"https:\\\/\\\/canal7slp.tv\\\/2019\\\/#organization\"},\"image\":{\"@id\":\"https:\\\/\\\/canal7slp.tv\\\/2019\\\/en-mexquitic-fge-logro-que-se-vinculara-a-proceso-a-un-hombre-por-presuntas-lesiones-calificadas\\\/#primaryimage\"},\"thumbnailUrl\":\"https:\\\/\\\/canal7slp.tv\\\/2019\\\/wp-content\\\/uploads\\\/2019\\\/12\\\/1710b-1.png\",\"articleSection\":[\"REPORTE 7\"],\"inLanguage\":\"es\",\"potentialAction\":[{\"@type\":\"CommentAction\",\"name\":\"Comment\",\"target\":[\"https:\\\/\\\/canal7slp.tv\\\/2019\\\/en-mexquitic-fge-logro-que-se-vinculara-a-proceso-a-un-hombre-por-presuntas-lesiones-calificadas\\\/#respond\"]}]},{\"@type\":\"WebPage\",\"@id\":\"https:\\\/\\\/canal7slp.tv\\\/2019\\\/en-mexquitic-fge-logro-que-se-vinculara-a-proceso-a-un-hombre-por-presuntas-lesiones-calificadas\\\/\",\"url\":\"https:\\\/\\\/canal7slp.tv\\\/2019\\\/en-mexquitic-fge-logro-que-se-vinculara-a-proceso-a-un-hombre-por-presuntas-lesiones-calificadas\\\/\",\"name\":\"En Mexquitic FGE logr\u00f3 que se vinculara a proceso a un hombre por presuntas lesiones calificadas - Canal 7 SLP - 2019\",\"isPartOf\":{\"@id\":\"https:\\\/\\\/canal7slp.tv\\\/2019\\\/#website\"},\"primaryImageOfPage\":{\"@id\":\"https:\\\/\\\/canal7slp.tv\\\/2019\\\/en-mexquitic-fge-logro-que-se-vinculara-a-proceso-a-un-hombre-por-presuntas-lesiones-calificadas\\\/#primaryimage\"},\"image\":{\"@id\":\"https:\\\/\\\/canal7slp.tv\\\/2019\\\/en-mexquitic-fge-logro-que-se-vinculara-a-proceso-a-un-hombre-por-presuntas-lesiones-calificadas\\\/#primaryimage\"},\"thumbnailUrl\":\"https:\\\/\\\/canal7slp.tv\\\/2019\\\/wp-content\\\/uploads\\\/2019\\\/12\\\/1710b-1.png\",\"datePublished\":\"2019-12-24T21:51:22+00:00\",\"breadcrumb\":{\"@id\":\"https:\\\/\\\/canal7slp.tv\\\/2019\\\/en-mexquitic-fge-logro-que-se-vinculara-a-proceso-a-un-hombre-por-presuntas-lesiones-calificadas\\\/#breadcrumb\"},\"inLanguage\":\"es\",\"potentialAction\":[{\"@type\":\"ReadAction\",\"target\":[\"https:\\\/\\\/canal7slp.tv\\\/2019\\\/en-mexquitic-fge-logro-que-se-vinculara-a-proceso-a-un-hombre-por-presuntas-lesiones-calificadas\\\/\"]}]},{\"@type\":\"ImageObject\",\"inLanguage\":\"es\",\"@id\":\"https:\\\/\\\/canal7slp.tv\\\/2019\\\/en-mexquitic-fge-logro-que-se-vinculara-a-proceso-a-un-hombre-por-presuntas-lesiones-calificadas\\\/#primaryimage\",\"url\":\"https:\\\/\\\/canal7slp.tv\\\/2019\\\/wp-content\\\/uploads\\\/2019\\\/12\\\/1710b-1.png\",\"contentUrl\":\"https:\\\/\\\/canal7slp.tv\\\/2019\\\/wp-content\\\/uploads\\\/2019\\\/12\\\/1710b-1.png\",\"width\":656,\"height\":410},{\"@type\":\"BreadcrumbList\",\"@id\":\"https:\\\/\\\/canal7slp.tv\\\/2019\\\/en-mexquitic-fge-logro-que-se-vinculara-a-proceso-a-un-hombre-por-presuntas-lesiones-calificadas\\\/#breadcrumb\",\"itemListElement\":[{\"@type\":\"ListItem\",\"position\":1,\"name\":\"Home\",\"item\":\"https:\\\/\\\/canal7slp.tv\\\/2019\\\/\"},{\"@type\":\"ListItem\",\"position\":2,\"name\":\"En Mexquitic FGE logr\u00f3 que se vinculara a proceso a un hombre por presuntas lesiones calificadas\"}]},{\"@type\":\"WebSite\",\"@id\":\"https:\\\/\\\/canal7slp.tv\\\/2019\\\/#website\",\"url\":\"https:\\\/\\\/canal7slp.tv\\\/2019\\\/\",\"name\":\"Canal 7 SLP - Somos TV\",\"description\":\"Somos un Canal de 10\",\"publisher\":{\"@id\":\"https:\\\/\\\/canal7slp.tv\\\/2019\\\/#organization\"},\"potentialAction\":[{\"@type\":\"SearchAction\",\"target\":{\"@type\":\"EntryPoint\",\"urlTemplate\":\"https:\\\/\\\/canal7slp.tv\\\/2019\\\/?s={search_term_string}\"},\"query-input\":{\"@type\":\"PropertyValueSpecification\",\"valueRequired\":true,\"valueName\":\"search_term_string\"}}],\"inLanguage\":\"es\"},{\"@type\":\"Organization\",\"@id\":\"https:\\\/\\\/canal7slp.tv\\\/2019\\\/#organization\",\"name\":\"Comunicaci\u00f3n 2000 S.A. de C.V.\",\"url\":\"https:\\\/\\\/canal7slp.tv\\\/2019\\\/\",\"logo\":{\"@type\":\"ImageObject\",\"inLanguage\":\"es\",\"@id\":\"https:\\\/\\\/canal7slp.tv\\\/2019\\\/#\\\/schema\\\/logo\\\/image\\\/\",\"url\":\"https:\\\/\\\/canal7slp.tv\\\/2019\\\/wp-content\\\/uploads\\\/2019\\\/07\\\/logo-c7.png\",\"contentUrl\":\"https:\\\/\\\/canal7slp.tv\\\/2019\\\/wp-content\\\/uploads\\\/2019\\\/07\\\/logo-c7.png\",\"width\":220,\"height\":60,\"caption\":\"Comunicaci\u00f3n 2000 S.A. de C.V.\"},\"image\":{\"@id\":\"https:\\\/\\\/canal7slp.tv\\\/2019\\\/#\\\/schema\\\/logo\\\/image\\\/\"},\"sameAs\":[\"https:\\\/\\\/www.facebook.com\\\/CANAL7SLP\\\/\",\"https:\\\/\\\/x.com\\\/canal7_slp\",\"https:\\\/\\\/www.instagram.com\\\/canal7_slp\",\"https:\\\/\\\/www.youtube.com\\\/user\\\/NOTICIEROSCANAL7SLP\\\/\"]},{\"@type\":\"Person\",\"@id\":\"https:\\\/\\\/canal7slp.tv\\\/2019\\\/#\\\/schema\\\/person\\\/11d941c1c6ca30ac0a46b95fa37aa2e3\",\"name\":\"edicionweb\",\"image\":{\"@type\":\"ImageObject\",\"inLanguage\":\"es\",\"@id\":\"https:\\\/\\\/secure.gravatar.com\\\/avatar\\\/eee448fc3f7164808013b816ba91ac7e43bbe82a70bebac296f8bc6f0addaa1a?s=96&d=mm&r=g\",\"url\":\"https:\\\/\\\/secure.gravatar.com\\\/avatar\\\/eee448fc3f7164808013b816ba91ac7e43bbe82a70bebac296f8bc6f0addaa1a?s=96&d=mm&r=g\",\"contentUrl\":\"https:\\\/\\\/secure.gravatar.com\\\/avatar\\\/eee448fc3f7164808013b816ba91ac7e43bbe82a70bebac296f8bc6f0addaa1a?s=96&d=mm&r=g\",\"caption\":\"edicionweb\"}}]}<\/script>\n<!-- \/ Yoast SEO plugin. -->","yoast_head_json":{"title":"En Mexquitic FGE logr\u00f3 que se vinculara a proceso a un hombre por presuntas lesiones calificadas - Canal 7 SLP - 2019","robots":{"index":"index","follow":"follow","max-snippet":"max-snippet:-1","max-image-preview":"max-image-preview:large","max-video-preview":"max-video-preview:-1"},"canonical":"https:\/\/canal7slp.tv\/2019\/en-mexquitic-fge-logro-que-se-vinculara-a-proceso-a-un-hombre-por-presuntas-lesiones-calificadas\/","og_locale":"es_ES","og_type":"article","og_title":"En Mexquitic FGE logr\u00f3 que se vinculara a proceso a un hombre por presuntas lesiones calificadas - Canal 7 SLP - 2019","og_description":"El detenido presuntamente lesion\u00f3 a su v\u00edctima con un arma blanca Mexquitic.- Litigadores de la Delegaci\u00f3n Primera de la Fiscal\u00eda General del Estado de San Luis Potos\u00ed (FGESLP), lograron la vinculaci\u00f3n a proceso de un hombre de 26 a\u00f1os de edad, luego que se presentaron algunas pruebas de su probable intervenci\u00f3n en el delito de [&hellip;]","og_url":"https:\/\/canal7slp.tv\/2019\/en-mexquitic-fge-logro-que-se-vinculara-a-proceso-a-un-hombre-por-presuntas-lesiones-calificadas\/","og_site_name":"Canal 7 SLP - 2019","article_publisher":"https:\/\/www.facebook.com\/CANAL7SLP\/","article_published_time":"2019-12-24T21:51:22+00:00","og_image":[{"width":656,"height":410,"url":"https:\/\/canal7slp.tv\/2019\/wp-content\/uploads\/2019\/12\/1710b-1.png","type":"image\/png"}],"author":"edicionweb","twitter_card":"summary_large_image","twitter_creator":"@canal7_slp","twitter_site":"@canal7_slp","twitter_misc":{"Escrito por":"edicionweb","Tiempo de lectura":"2 minutos"},"schema":{"@context":"https:\/\/schema.org","@graph":[{"@type":"Article","@id":"https:\/\/canal7slp.tv\/2019\/en-mexquitic-fge-logro-que-se-vinculara-a-proceso-a-un-hombre-por-presuntas-lesiones-calificadas\/#article","isPartOf":{"@id":"https:\/\/canal7slp.tv\/2019\/en-mexquitic-fge-logro-que-se-vinculara-a-proceso-a-un-hombre-por-presuntas-lesiones-calificadas\/"},"author":{"name":"edicionweb","@id":"https:\/\/canal7slp.tv\/2019\/#\/schema\/person\/11d941c1c6ca30ac0a46b95fa37aa2e3"},"headline":"En Mexquitic FGE logr\u00f3 que se vinculara a proceso a un hombre por presuntas lesiones calificadas","datePublished":"2019-12-24T21:51:22+00:00","mainEntityOfPage":{"@id":"https:\/\/canal7slp.tv\/2019\/en-mexquitic-fge-logro-que-se-vinculara-a-proceso-a-un-hombre-por-presuntas-lesiones-calificadas\/"},"wordCount":508,"commentCount":0,"publisher":{"@id":"https:\/\/canal7slp.tv\/2019\/#organization"},"image":{"@id":"https:\/\/canal7slp.tv\/2019\/en-mexquitic-fge-logro-que-se-vinculara-a-proceso-a-un-hombre-por-presuntas-lesiones-calificadas\/#primaryimage"},"thumbnailUrl":"https:\/\/canal7slp.tv\/2019\/wp-content\/uploads\/2019\/12\/1710b-1.png","articleSection":["REPORTE 7"],"inLanguage":"es","potentialAction":[{"@type":"CommentAction","name":"Comment","target":["https:\/\/canal7slp.tv\/2019\/en-mexquitic-fge-logro-que-se-vinculara-a-proceso-a-un-hombre-por-presuntas-lesiones-calificadas\/#respond"]}]},{"@type":"WebPage","@id":"https:\/\/canal7slp.tv\/2019\/en-mexquitic-fge-logro-que-se-vinculara-a-proceso-a-un-hombre-por-presuntas-lesiones-calificadas\/","url":"https:\/\/canal7slp.tv\/2019\/en-mexquitic-fge-logro-que-se-vinculara-a-proceso-a-un-hombre-por-presuntas-lesiones-calificadas\/","name":"En Mexquitic FGE logr\u00f3 que se vinculara a proceso a un hombre por presuntas lesiones calificadas - Canal 7 SLP - 2019","isPartOf":{"@id":"https:\/\/canal7slp.tv\/2019\/#website"},"primaryImageOfPage":{"@id":"https:\/\/canal7slp.tv\/2019\/en-mexquitic-fge-logro-que-se-vinculara-a-proceso-a-un-hombre-por-presuntas-lesiones-calificadas\/#primaryimage"},"image":{"@id":"https:\/\/canal7slp.tv\/2019\/en-mexquitic-fge-logro-que-se-vinculara-a-proceso-a-un-hombre-por-presuntas-lesiones-calificadas\/#primaryimage"},"thumbnailUrl":"https:\/\/canal7slp.tv\/2019\/wp-content\/uploads\/2019\/12\/1710b-1.png","datePublished":"2019-12-24T21:51:22+00:00","breadcrumb":{"@id":"https:\/\/canal7slp.tv\/2019\/en-mexquitic-fge-logro-que-se-vinculara-a-proceso-a-un-hombre-por-presuntas-lesiones-calificadas\/#breadcrumb"},"inLanguage":"es","potentialAction":[{"@type":"ReadAction","target":["https:\/\/canal7slp.tv\/2019\/en-mexquitic-fge-logro-que-se-vinculara-a-proceso-a-un-hombre-por-presuntas-lesiones-calificadas\/"]}]},{"@type":"ImageObject","inLanguage":"es","@id":"https:\/\/canal7slp.tv\/2019\/en-mexquitic-fge-logro-que-se-vinculara-a-proceso-a-un-hombre-por-presuntas-lesiones-calificadas\/#primaryimage","url":"https:\/\/canal7slp.tv\/2019\/wp-content\/uploads\/2019\/12\/1710b-1.png","contentUrl":"https:\/\/canal7slp.tv\/2019\/wp-content\/uploads\/2019\/12\/1710b-1.png","width":656,"height":410},{"@type":"BreadcrumbList","@id":"https:\/\/canal7slp.tv\/2019\/en-mexquitic-fge-logro-que-se-vinculara-a-proceso-a-un-hombre-por-presuntas-lesiones-calificadas\/#breadcrumb","itemListElement":[{"@type":"ListItem","position":1,"name":"Home","item":"https:\/\/canal7slp.tv\/2019\/"},{"@type":"ListItem","position":2,"name":"En Mexquitic FGE logr\u00f3 que se vinculara a proceso a un hombre por presuntas lesiones calificadas"}]},{"@type":"WebSite","@id":"https:\/\/canal7slp.tv\/2019\/#website","url":"https:\/\/canal7slp.tv\/2019\/","name":"Canal 7 SLP - Somos TV","description":"Somos un Canal de 10","publisher":{"@id":"https:\/\/canal7slp.tv\/2019\/#organization"},"potentialAction":[{"@type":"SearchAction","target":{"@type":"EntryPoint","urlTemplate":"https:\/\/canal7slp.tv\/2019\/?s={search_term_string}"},"query-input":{"@type":"PropertyValueSpecification","valueRequired":true,"valueName":"search_term_string"}}],"inLanguage":"es"},{"@type":"Organization","@id":"https:\/\/canal7slp.tv\/2019\/#organization","name":"Comunicaci\u00f3n 2000 S.A. de C.V.","url":"https:\/\/canal7slp.tv\/2019\/","logo":{"@type":"ImageObject","inLanguage":"es","@id":"https:\/\/canal7slp.tv\/2019\/#\/schema\/logo\/image\/","url":"https:\/\/canal7slp.tv\/2019\/wp-content\/uploads\/2019\/07\/logo-c7.png","contentUrl":"https:\/\/canal7slp.tv\/2019\/wp-content\/uploads\/2019\/07\/logo-c7.png","width":220,"height":60,"caption":"Comunicaci\u00f3n 2000 S.A. de C.V."},"image":{"@id":"https:\/\/canal7slp.tv\/2019\/#\/schema\/logo\/image\/"},"sameAs":["https:\/\/www.facebook.com\/CANAL7SLP\/","https:\/\/x.com\/canal7_slp","https:\/\/www.instagram.com\/canal7_slp","https:\/\/www.youtube.com\/user\/NOTICIEROSCANAL7SLP\/"]},{"@type":"Person","@id":"https:\/\/canal7slp.tv\/2019\/#\/schema\/person\/11d941c1c6ca30ac0a46b95fa37aa2e3","name":"edicionweb","image":{"@type":"ImageObject","inLanguage":"es","@id":"https:\/\/secure.gravatar.com\/avatar\/eee448fc3f7164808013b816ba91ac7e43bbe82a70bebac296f8bc6f0addaa1a?s=96&d=mm&r=g","url":"https:\/\/secure.gravatar.com\/avatar\/eee448fc3f7164808013b816ba91ac7e43bbe82a70bebac296f8bc6f0addaa1a?s=96&d=mm&r=g","contentUrl":"https:\/\/secure.gravatar.com\/avatar\/eee448fc3f7164808013b816ba91ac7e43bbe82a70bebac296f8bc6f0addaa1a?s=96&d=mm&r=g","caption":"edicionweb"}}]}},"amp_enabled":true,"cmb2":{"video_ids_in_playlist":{"vid_p_videos":""},"video_ids_in_channel":{"vid_c_videos":""},"playlist_ids_in_channel":{"vid_c_playlists":""},"series_ids_in_channel":{"vid_c_series":""},"channel_images":{"vid_c_logo":"","vid_c_banner":""},"poster_feature_image":{"vid_m_poster_image":""},"gif_feature_image":{"vid_m_gif_image":""},"video_movie_settings":{"vid_m_director":"","vid_m_actor":"","vid_m_imdb_ratings":"","vid_m_amazon_associates":""},"vid_youtube_broadcasts_settings":{"vid_yb_broadcast_title":"","vid_yb_q":"","vid_yb_channelid":"","vid_yb_videocategoryid":"","vid_yb_maxresults":"","vid_yb_order":"","vid_yb_regioncode":"","vid_yb_videosyndicated":"","vid_yb_style":"","vid_yb_reload_first":""},"video_series_settings":{"vid_m_director":"","vid_m_actor":"","vid_m_imdb_ratings":"","video_series_group":""},"amazon_associates_settings":{"amazon_associates":"","amazon_native_ad":""},"vid_youtube_automatic_settings":{"vid_ya_youtube_source":"","vid_ya_update_every":"","vid_ya_update_unit":"","vid_ya_categories":"","vid_ya_published_after":"","vid_ya_published_before":"","vid_ya_playlists":"","vid_ya_channels":"","vid_ya_director":"","vid_ya_actor":"","vid_ya_author":"","vid_ya_import_post_date":"","vid_ya_status":"","vid_ya_sub_api_key":""},"vid_ads_m_videoads_settings_post":{"vid_ads_m_video_ads":"","vid_ads_m_video_ads_type":"","vid_ads_m_group_google_ima":"","vid_ads_m_group_image":"","vid_ads_m_group_html5_video":"","vid_ads_m_group_html":"","vid_ads_m_vast_preroll":"","vid_ads_m_vast_postroll":"","vid_ads_m_vast_pauseroll":"","vid_ads_m_vast_midroll":[{"vid_ads_m_vast_timer_seconds":"50"}],"vid_ads_m_time_to_show_ads":"","vid_ads_m_time_skip_ads":"","vid_ads_m_time_to_hide_ads":""},"page_slider_settings":{"display_slider_group":"","page_slider_group":""},"blog_page_settings":{"blog_page_title":"","blog_page_heading":"","blog_page_ic":"","blog_page_it":"","blog_page_ec":"","blog_page_ip":"","archive_loop_style":"","blog_image_ratio":"","blog_show_categories":"","blog_show_excerpt":"","blog_show_author":"","blog_show_date":"","blog_show_comment_count":"","blog_show_view_count":"","blog_show_like_count":"","blog_show_dislike_count":"","blog_items_per_page":"","blog_pag_type":""},"page_options":{"get_page_template":"","color_mode":"","main_layout":"","main_layout_full_with":"","main_logo":"","main_logo_retina":"","main_logo_mobile":"","main_logo_mobile_retina":"","sticky_logo":"","sticky_logo_retina":"","main_nav_layout":"","ajax_search":"","header_background":"","theme_sidebar":"","instagram_feed":"","instagram_feed_position":"","popular_videos":"","popular_videos_title_1":"","popular_videos_title_2":"","popular_videos_ic":"","popular_videos_it":"","theme_background":"","page_custom_css":""},"feature_image_settings":{"feature_image_position":""},"video_player_settings":{"single_video_style":"","video_player_position":"","vm_video_url":"","video_player_library":"","video_streaming":"","vm_media_sources":"","vid_auto_play":"","vm_video_shortcode":"","vid_p_sync_playlist":"","vid_c_sync_channel":"","get_post_format":"","multiple_links_structure":"default","multi_links_title":"","vm_video_multi_links":"","vm_duration":"","vid_social_locker":"off","vid_social_locker_id":"","vid_membership_action":"content-video","vm_video_trailer_url":"","vid_download_type":"free","vid_download_target":"download","vid_woo_product":"","vm_media_download":"","user_rating":"","user_rating_position":"","user_rating_mode":"","user_rating_multi_sets":""},"video_auto_fetch_settings":{"vm_video_fetch":"on"},"video_fake_views_likes":{"vm_fake_views":"","vm_fake_likes":"","vm_fake_dislikes":""},"gallery_settings":{"gallery_position":""},"quote_settings":{"quote_position":""},"post_options":{"main_layout":"","main_logo":"","main_logo_retina":"","main_logo_mobile":"","main_logo_mobile_retina":"","sticky_logo":"","sticky_logo_retina":"","main_nav_layout":"","header_background":"","theme_sidebar":"","single_post_comment_type":"","theme_background":""}},"_links":{"self":[{"href":"https:\/\/canal7slp.tv\/2019\/wp-json\/wp\/v2\/posts\/90297","targetHints":{"allow":["GET"]}}],"collection":[{"href":"https:\/\/canal7slp.tv\/2019\/wp-json\/wp\/v2\/posts"}],"about":[{"href":"https:\/\/canal7slp.tv\/2019\/wp-json\/wp\/v2\/types\/post"}],"author":[{"embeddable":true,"href":"https:\/\/canal7slp.tv\/2019\/wp-json\/wp\/v2\/users\/2"}],"replies":[{"embeddable":true,"href":"https:\/\/canal7slp.tv\/2019\/wp-json\/wp\/v2\/comments?post=90297"}],"version-history":[{"count":0,"href":"https:\/\/canal7slp.tv\/2019\/wp-json\/wp\/v2\/posts\/90297\/revisions"}],"wp:featuredmedia":[{"embeddable":true,"href":"https:\/\/canal7slp.tv\/2019\/wp-json\/wp\/v2\/media\/90298"}],"wp:attachment":[{"href":"https:\/\/canal7slp.tv\/2019\/wp-json\/wp\/v2\/media?parent=90297"}],"wp:term":[{"taxonomy":"category","embeddable":true,"href":"https:\/\/canal7slp.tv\/2019\/wp-json\/wp\/v2\/categories?post=90297"},{"taxonomy":"post_tag","embeddable":true,"href":"https:\/\/canal7slp.tv\/2019\/wp-json\/wp\/v2\/tags?post=90297"}],"curies":[{"name":"wp","href":"https:\/\/api.w.org\/{rel}","templated":true}]}}