{"id":89573,"date":"2019-12-20T13:56:58","date_gmt":"2019-12-20T19:56:58","guid":{"rendered":"https:\/\/canal7slp.tv\/2019\/?p=89573"},"modified":"2019-12-20T13:56:58","modified_gmt":"2019-12-20T19:56:58","slug":"sarita-sosa-se-estrena-como-cantante-y-manda-mensaje-a-sus-hermanos","status":"publish","type":"post","link":"https:\/\/canal7slp.tv\/2019\/sarita-sosa-se-estrena-como-cantante-y-manda-mensaje-a-sus-hermanos\/","title":{"rendered":"Sarita Sosa se estrena como cantante y manda mensaje a sus hermanos"},"content":{"rendered":"<ul>\n<li style=\"text-align: justify\">La hija menor de Jos\u00e9 Jos\u00e9 se presenta en la televisi\u00f3n de Estados Unidos para cumplir lo que, dijo, fue la \u00faltima voluntad de su pap\u00e1<\/li>\n<\/ul>\n<p style=\"text-align: justify\">EUA.- Sarita Sosa, la hija menor de Jos\u00e9 Jos\u00e9, se present\u00f3 este jueves en una transmisi\u00f3n especial en la televisi\u00f3n de Estados Unidos, en la que se estren\u00f3 como cantante y de paso mand\u00f3 un mensaje a sus hermanos mayores, Jos\u00e9 Joel y Marysol Sosa, y al pueblo de M\u00e9xico.<\/p>\n<p style=\"text-align: justify\">&#8220;Los amo, ellos saben eso. Yo siempre estoy aqu\u00ed&#8221;, dijo Sarita, de 24 a\u00f1os, durante una entrevista de casi una hora para el programa &#8220;Al rojo vivo&#8221;, de la cadena estadounidense hispana Telemundo.<\/p>\n<p style=\"text-align: justify\">Los tres hermanos vivieron momentos de tensi\u00f3n tras la muerte Jos\u00e9 Jos\u00e9, una de las grandes estrellas de la canci\u00f3n rom\u00e1ntica en espa\u00f1ol, acaecida en Miami el pasado 28 de septiembre a consecuencia de un c\u00e1ncer de p\u00e1ncreas.<\/p>\n<p style=\"text-align: justify\">Una vez llegados a Miami, los hermanos mayores acusaron a Sarita, fruto de la uni\u00f3n del llamado &#8220;Pr\u00edncipe de la canci\u00f3n&#8221; con Sara Salazar, de no permitirles ver el cuerpo.<\/p>\n<p style=\"text-align: justify\">&#8220;Obviamente hay situaciones, pero siempre voy a desearles lo mejor&#8221;, se\u00f1al\u00f3 Sarita, quien posteriormente hizo su debut como cantante al interpretar en el programa el popular villancico &#8220;Have Yourself A Merry Little Christmas&#8221;.<\/p>\n<p style=\"text-align: justify\">Sarita, que estuvo al lado de Jos\u00e9 Jos\u00e9 en sus \u00faltimos meses, empieza as\u00ed a cumplir lo que, dijo, fue la \u00faltima voluntad de su pap\u00e1: Que desarrollara una carrera como cantante.<\/p>\n<p style=\"text-align: justify\">Acompa\u00f1ada por su esposo Yimmy Ort\u00edz y por su madre, habl\u00f3 sobre los comentarios que se han hecho contra ella y su madre: &#8220;Todo es muy reciente. Ellos sufrieron con nosotros. Tenemos que tranquilizarnos, calmarnos&#8221;, pidi\u00f3.<\/p>\n<p style=\"text-align: justify\">En tono conciliador, agradeci\u00f3 al pueblo mexicano por el amor que le expresaron al Pr\u00edncipe de la canci\u00f3n durante los multitudinarios actos funerarios que se realizaron en Ciudad de M\u00e9xico.<\/p>\n<p style=\"text-align: justify\">En ese pa\u00eds, muchos consideran a &#8220;Las Saras&#8221;, como llaman a Sarita y a su madre, responsables de la separaci\u00f3n entre Jos\u00e9 Jos\u00e9 y sus hijos mayores, adem\u00e1s de las dificultades para organizar ah\u00ed los respectivos funerales.<\/p>\n<p style=\"text-align: justify\">&#8220;Yo les pido que respeten a su familia y que respeten a la m\u00eda&#8221;, dijo a su turno Salazar. &#8220;Yo tengo sangre mexicana igual que ustedes&#8221;, revel\u00f3, en alusi\u00f3n a su padre nacido en ese pa\u00eds.<\/p>\n<p style=\"text-align: justify\">Madre e hija alegaron que fueron &#8220;razones personales&#8221; del cantante las que lo llevaron a tomar distancia de sus hijos mayores, a quienes, seg\u00fan dijeron, no quiso recibir en el a\u00f1o y medio previo a su muerte, durante el que estuvo en Miami.<\/p>\n<p style=\"text-align: justify\">Aseguraron que la salud de Jos\u00e9 Jos\u00e9 se hab\u00eda recuperado mucho tras la operaci\u00f3n a la que se someti\u00f3 en enero de 2018, en la que le extirparon el p\u00e1ncreas como \u00faltimo paso de un intenso tratamiento contra el c\u00e1ncer en ese \u00f3rgano.<\/p>\n<p style=\"text-align: justify\">Sarita Sosa declin\u00f3 dar detalles sobre sus planes futuros en el mundo art\u00edstico, as\u00ed como de una posible visita a M\u00e9xico. &#8220;Todo tiene que ir en el tiempo de Dios&#8221;, afirm\u00f3.<\/p>\n","protected":false},"excerpt":{"rendered":"<p>La hija menor de Jos\u00e9 Jos\u00e9 se presenta en la televisi\u00f3n de Estados Unidos para cumplir lo que, dijo, fue la \u00faltima voluntad de su pap\u00e1 EUA.- Sarita Sosa, la hija menor de Jos\u00e9 Jos\u00e9, se present\u00f3 este jueves en una transmisi\u00f3n especial en la televisi\u00f3n de Estados Unidos, en la que se estren\u00f3 como [&hellip;]<\/p>\n","protected":false},"author":2,"featured_media":89583,"comment_status":"open","ping_status":"open","sticky":false,"template":"","format":"standard","meta":{"footnotes":""},"categories":[24],"tags":[],"class_list":["post-89573","post","type-post","status-publish","format-standard","has-post-thumbnail","hentry","category-espectaculos"],"yoast_head":"<!-- This site is optimized with the Yoast SEO plugin v27.4 - https:\/\/yoast.com\/product\/yoast-seo-wordpress\/ -->\n<title>Sarita Sosa se estrena como cantante y manda mensaje a sus hermanos - Canal 7 SLP - 2019<\/title>\n<meta name=\"robots\" content=\"index, follow, max-snippet:-1, max-image-preview:large, max-video-preview:-1\" \/>\n<link rel=\"canonical\" href=\"https:\/\/canal7slp.tv\/2019\/sarita-sosa-se-estrena-como-cantante-y-manda-mensaje-a-sus-hermanos\/\" \/>\n<meta property=\"og:locale\" content=\"es_ES\" \/>\n<meta property=\"og:type\" content=\"article\" \/>\n<meta property=\"og:title\" content=\"Sarita Sosa se estrena como cantante y manda mensaje a sus hermanos - Canal 7 SLP - 2019\" \/>\n<meta property=\"og:description\" content=\"La hija menor de Jos\u00e9 Jos\u00e9 se presenta en la televisi\u00f3n de Estados Unidos para cumplir lo que, dijo, fue la \u00faltima voluntad de su pap\u00e1 EUA.- Sarita Sosa, la hija menor de Jos\u00e9 Jos\u00e9, se present\u00f3 este jueves en una transmisi\u00f3n especial en la televisi\u00f3n de Estados Unidos, en la que se estren\u00f3 como [&hellip;]\" \/>\n<meta property=\"og:url\" content=\"https:\/\/canal7slp.tv\/2019\/sarita-sosa-se-estrena-como-cantante-y-manda-mensaje-a-sus-hermanos\/\" \/>\n<meta property=\"og:site_name\" content=\"Canal 7 SLP - 2019\" \/>\n<meta property=\"article:publisher\" content=\"https:\/\/www.facebook.com\/CANAL7SLP\/\" \/>\n<meta property=\"article:published_time\" content=\"2019-12-20T19:56:58+00:00\" \/>\n<meta property=\"og:image\" content=\"https:\/\/canal7slp.tv\/2019\/wp-content\/uploads\/2019\/12\/1440.png\" \/>\n\t<meta property=\"og:image:width\" content=\"857\" \/>\n\t<meta property=\"og:image:height\" content=\"410\" \/>\n\t<meta property=\"og:image:type\" content=\"image\/png\" \/>\n<meta name=\"author\" content=\"edicionweb\" \/>\n<meta name=\"twitter:card\" content=\"summary_large_image\" \/>\n<meta name=\"twitter:creator\" content=\"@canal7_slp\" \/>\n<meta name=\"twitter:site\" content=\"@canal7_slp\" \/>\n<meta name=\"twitter:label1\" content=\"Escrito por\" \/>\n\t<meta name=\"twitter:data1\" content=\"edicionweb\" \/>\n\t<meta name=\"twitter:label2\" content=\"Tiempo de lectura\" \/>\n\t<meta name=\"twitter:data2\" content=\"3 minutos\" \/>\n<script type=\"application\/ld+json\" class=\"yoast-schema-graph\">{\"@context\":\"https:\\\/\\\/schema.org\",\"@graph\":[{\"@type\":\"Article\",\"@id\":\"https:\\\/\\\/canal7slp.tv\\\/2019\\\/sarita-sosa-se-estrena-como-cantante-y-manda-mensaje-a-sus-hermanos\\\/#article\",\"isPartOf\":{\"@id\":\"https:\\\/\\\/canal7slp.tv\\\/2019\\\/sarita-sosa-se-estrena-como-cantante-y-manda-mensaje-a-sus-hermanos\\\/\"},\"author\":{\"name\":\"edicionweb\",\"@id\":\"https:\\\/\\\/canal7slp.tv\\\/2019\\\/#\\\/schema\\\/person\\\/11d941c1c6ca30ac0a46b95fa37aa2e3\"},\"headline\":\"Sarita Sosa se estrena como cantante y manda mensaje a sus hermanos\",\"datePublished\":\"2019-12-20T19:56:58+00:00\",\"mainEntityOfPage\":{\"@id\":\"https:\\\/\\\/canal7slp.tv\\\/2019\\\/sarita-sosa-se-estrena-como-cantante-y-manda-mensaje-a-sus-hermanos\\\/\"},\"wordCount\":542,\"commentCount\":0,\"publisher\":{\"@id\":\"https:\\\/\\\/canal7slp.tv\\\/2019\\\/#organization\"},\"image\":{\"@id\":\"https:\\\/\\\/canal7slp.tv\\\/2019\\\/sarita-sosa-se-estrena-como-cantante-y-manda-mensaje-a-sus-hermanos\\\/#primaryimage\"},\"thumbnailUrl\":\"https:\\\/\\\/canal7slp.tv\\\/2019\\\/wp-content\\\/uploads\\\/2019\\\/12\\\/1440.png\",\"articleSection\":[\"ESPECTACULOS\"],\"inLanguage\":\"es\",\"potentialAction\":[{\"@type\":\"CommentAction\",\"name\":\"Comment\",\"target\":[\"https:\\\/\\\/canal7slp.tv\\\/2019\\\/sarita-sosa-se-estrena-como-cantante-y-manda-mensaje-a-sus-hermanos\\\/#respond\"]}]},{\"@type\":\"WebPage\",\"@id\":\"https:\\\/\\\/canal7slp.tv\\\/2019\\\/sarita-sosa-se-estrena-como-cantante-y-manda-mensaje-a-sus-hermanos\\\/\",\"url\":\"https:\\\/\\\/canal7slp.tv\\\/2019\\\/sarita-sosa-se-estrena-como-cantante-y-manda-mensaje-a-sus-hermanos\\\/\",\"name\":\"Sarita Sosa se estrena como cantante y manda mensaje a sus hermanos - Canal 7 SLP - 2019\",\"isPartOf\":{\"@id\":\"https:\\\/\\\/canal7slp.tv\\\/2019\\\/#website\"},\"primaryImageOfPage\":{\"@id\":\"https:\\\/\\\/canal7slp.tv\\\/2019\\\/sarita-sosa-se-estrena-como-cantante-y-manda-mensaje-a-sus-hermanos\\\/#primaryimage\"},\"image\":{\"@id\":\"https:\\\/\\\/canal7slp.tv\\\/2019\\\/sarita-sosa-se-estrena-como-cantante-y-manda-mensaje-a-sus-hermanos\\\/#primaryimage\"},\"thumbnailUrl\":\"https:\\\/\\\/canal7slp.tv\\\/2019\\\/wp-content\\\/uploads\\\/2019\\\/12\\\/1440.png\",\"datePublished\":\"2019-12-20T19:56:58+00:00\",\"breadcrumb\":{\"@id\":\"https:\\\/\\\/canal7slp.tv\\\/2019\\\/sarita-sosa-se-estrena-como-cantante-y-manda-mensaje-a-sus-hermanos\\\/#breadcrumb\"},\"inLanguage\":\"es\",\"potentialAction\":[{\"@type\":\"ReadAction\",\"target\":[\"https:\\\/\\\/canal7slp.tv\\\/2019\\\/sarita-sosa-se-estrena-como-cantante-y-manda-mensaje-a-sus-hermanos\\\/\"]}]},{\"@type\":\"ImageObject\",\"inLanguage\":\"es\",\"@id\":\"https:\\\/\\\/canal7slp.tv\\\/2019\\\/sarita-sosa-se-estrena-como-cantante-y-manda-mensaje-a-sus-hermanos\\\/#primaryimage\",\"url\":\"https:\\\/\\\/canal7slp.tv\\\/2019\\\/wp-content\\\/uploads\\\/2019\\\/12\\\/1440.png\",\"contentUrl\":\"https:\\\/\\\/canal7slp.tv\\\/2019\\\/wp-content\\\/uploads\\\/2019\\\/12\\\/1440.png\",\"width\":857,\"height\":410},{\"@type\":\"BreadcrumbList\",\"@id\":\"https:\\\/\\\/canal7slp.tv\\\/2019\\\/sarita-sosa-se-estrena-como-cantante-y-manda-mensaje-a-sus-hermanos\\\/#breadcrumb\",\"itemListElement\":[{\"@type\":\"ListItem\",\"position\":1,\"name\":\"Home\",\"item\":\"https:\\\/\\\/canal7slp.tv\\\/2019\\\/\"},{\"@type\":\"ListItem\",\"position\":2,\"name\":\"Sarita Sosa se estrena como cantante y manda mensaje a sus hermanos\"}]},{\"@type\":\"WebSite\",\"@id\":\"https:\\\/\\\/canal7slp.tv\\\/2019\\\/#website\",\"url\":\"https:\\\/\\\/canal7slp.tv\\\/2019\\\/\",\"name\":\"Canal 7 SLP - Somos TV\",\"description\":\"Somos un Canal de 10\",\"publisher\":{\"@id\":\"https:\\\/\\\/canal7slp.tv\\\/2019\\\/#organization\"},\"potentialAction\":[{\"@type\":\"SearchAction\",\"target\":{\"@type\":\"EntryPoint\",\"urlTemplate\":\"https:\\\/\\\/canal7slp.tv\\\/2019\\\/?s={search_term_string}\"},\"query-input\":{\"@type\":\"PropertyValueSpecification\",\"valueRequired\":true,\"valueName\":\"search_term_string\"}}],\"inLanguage\":\"es\"},{\"@type\":\"Organization\",\"@id\":\"https:\\\/\\\/canal7slp.tv\\\/2019\\\/#organization\",\"name\":\"Comunicaci\u00f3n 2000 S.A. de C.V.\",\"url\":\"https:\\\/\\\/canal7slp.tv\\\/2019\\\/\",\"logo\":{\"@type\":\"ImageObject\",\"inLanguage\":\"es\",\"@id\":\"https:\\\/\\\/canal7slp.tv\\\/2019\\\/#\\\/schema\\\/logo\\\/image\\\/\",\"url\":\"https:\\\/\\\/canal7slp.tv\\\/2019\\\/wp-content\\\/uploads\\\/2019\\\/07\\\/logo-c7.png\",\"contentUrl\":\"https:\\\/\\\/canal7slp.tv\\\/2019\\\/wp-content\\\/uploads\\\/2019\\\/07\\\/logo-c7.png\",\"width\":220,\"height\":60,\"caption\":\"Comunicaci\u00f3n 2000 S.A. de C.V.\"},\"image\":{\"@id\":\"https:\\\/\\\/canal7slp.tv\\\/2019\\\/#\\\/schema\\\/logo\\\/image\\\/\"},\"sameAs\":[\"https:\\\/\\\/www.facebook.com\\\/CANAL7SLP\\\/\",\"https:\\\/\\\/x.com\\\/canal7_slp\",\"https:\\\/\\\/www.instagram.com\\\/canal7_slp\",\"https:\\\/\\\/www.youtube.com\\\/user\\\/NOTICIEROSCANAL7SLP\\\/\"]},{\"@type\":\"Person\",\"@id\":\"https:\\\/\\\/canal7slp.tv\\\/2019\\\/#\\\/schema\\\/person\\\/11d941c1c6ca30ac0a46b95fa37aa2e3\",\"name\":\"edicionweb\",\"image\":{\"@type\":\"ImageObject\",\"inLanguage\":\"es\",\"@id\":\"https:\\\/\\\/secure.gravatar.com\\\/avatar\\\/eee448fc3f7164808013b816ba91ac7e43bbe82a70bebac296f8bc6f0addaa1a?s=96&d=mm&r=g\",\"url\":\"https:\\\/\\\/secure.gravatar.com\\\/avatar\\\/eee448fc3f7164808013b816ba91ac7e43bbe82a70bebac296f8bc6f0addaa1a?s=96&d=mm&r=g\",\"contentUrl\":\"https:\\\/\\\/secure.gravatar.com\\\/avatar\\\/eee448fc3f7164808013b816ba91ac7e43bbe82a70bebac296f8bc6f0addaa1a?s=96&d=mm&r=g\",\"caption\":\"edicionweb\"}}]}<\/script>\n<!-- \/ Yoast SEO plugin. -->","yoast_head_json":{"title":"Sarita Sosa se estrena como cantante y manda mensaje a sus hermanos - Canal 7 SLP - 2019","robots":{"index":"index","follow":"follow","max-snippet":"max-snippet:-1","max-image-preview":"max-image-preview:large","max-video-preview":"max-video-preview:-1"},"canonical":"https:\/\/canal7slp.tv\/2019\/sarita-sosa-se-estrena-como-cantante-y-manda-mensaje-a-sus-hermanos\/","og_locale":"es_ES","og_type":"article","og_title":"Sarita Sosa se estrena como cantante y manda mensaje a sus hermanos - Canal 7 SLP - 2019","og_description":"La hija menor de Jos\u00e9 Jos\u00e9 se presenta en la televisi\u00f3n de Estados Unidos para cumplir lo que, dijo, fue la \u00faltima voluntad de su pap\u00e1 EUA.- Sarita Sosa, la hija menor de Jos\u00e9 Jos\u00e9, se present\u00f3 este jueves en una transmisi\u00f3n especial en la televisi\u00f3n de Estados Unidos, en la que se estren\u00f3 como [&hellip;]","og_url":"https:\/\/canal7slp.tv\/2019\/sarita-sosa-se-estrena-como-cantante-y-manda-mensaje-a-sus-hermanos\/","og_site_name":"Canal 7 SLP - 2019","article_publisher":"https:\/\/www.facebook.com\/CANAL7SLP\/","article_published_time":"2019-12-20T19:56:58+00:00","og_image":[{"width":857,"height":410,"url":"https:\/\/canal7slp.tv\/2019\/wp-content\/uploads\/2019\/12\/1440.png","type":"image\/png"}],"author":"edicionweb","twitter_card":"summary_large_image","twitter_creator":"@canal7_slp","twitter_site":"@canal7_slp","twitter_misc":{"Escrito por":"edicionweb","Tiempo de lectura":"3 minutos"},"schema":{"@context":"https:\/\/schema.org","@graph":[{"@type":"Article","@id":"https:\/\/canal7slp.tv\/2019\/sarita-sosa-se-estrena-como-cantante-y-manda-mensaje-a-sus-hermanos\/#article","isPartOf":{"@id":"https:\/\/canal7slp.tv\/2019\/sarita-sosa-se-estrena-como-cantante-y-manda-mensaje-a-sus-hermanos\/"},"author":{"name":"edicionweb","@id":"https:\/\/canal7slp.tv\/2019\/#\/schema\/person\/11d941c1c6ca30ac0a46b95fa37aa2e3"},"headline":"Sarita Sosa se estrena como cantante y manda mensaje a sus hermanos","datePublished":"2019-12-20T19:56:58+00:00","mainEntityOfPage":{"@id":"https:\/\/canal7slp.tv\/2019\/sarita-sosa-se-estrena-como-cantante-y-manda-mensaje-a-sus-hermanos\/"},"wordCount":542,"commentCount":0,"publisher":{"@id":"https:\/\/canal7slp.tv\/2019\/#organization"},"image":{"@id":"https:\/\/canal7slp.tv\/2019\/sarita-sosa-se-estrena-como-cantante-y-manda-mensaje-a-sus-hermanos\/#primaryimage"},"thumbnailUrl":"https:\/\/canal7slp.tv\/2019\/wp-content\/uploads\/2019\/12\/1440.png","articleSection":["ESPECTACULOS"],"inLanguage":"es","potentialAction":[{"@type":"CommentAction","name":"Comment","target":["https:\/\/canal7slp.tv\/2019\/sarita-sosa-se-estrena-como-cantante-y-manda-mensaje-a-sus-hermanos\/#respond"]}]},{"@type":"WebPage","@id":"https:\/\/canal7slp.tv\/2019\/sarita-sosa-se-estrena-como-cantante-y-manda-mensaje-a-sus-hermanos\/","url":"https:\/\/canal7slp.tv\/2019\/sarita-sosa-se-estrena-como-cantante-y-manda-mensaje-a-sus-hermanos\/","name":"Sarita Sosa se estrena como cantante y manda mensaje a sus hermanos - Canal 7 SLP - 2019","isPartOf":{"@id":"https:\/\/canal7slp.tv\/2019\/#website"},"primaryImageOfPage":{"@id":"https:\/\/canal7slp.tv\/2019\/sarita-sosa-se-estrena-como-cantante-y-manda-mensaje-a-sus-hermanos\/#primaryimage"},"image":{"@id":"https:\/\/canal7slp.tv\/2019\/sarita-sosa-se-estrena-como-cantante-y-manda-mensaje-a-sus-hermanos\/#primaryimage"},"thumbnailUrl":"https:\/\/canal7slp.tv\/2019\/wp-content\/uploads\/2019\/12\/1440.png","datePublished":"2019-12-20T19:56:58+00:00","breadcrumb":{"@id":"https:\/\/canal7slp.tv\/2019\/sarita-sosa-se-estrena-como-cantante-y-manda-mensaje-a-sus-hermanos\/#breadcrumb"},"inLanguage":"es","potentialAction":[{"@type":"ReadAction","target":["https:\/\/canal7slp.tv\/2019\/sarita-sosa-se-estrena-como-cantante-y-manda-mensaje-a-sus-hermanos\/"]}]},{"@type":"ImageObject","inLanguage":"es","@id":"https:\/\/canal7slp.tv\/2019\/sarita-sosa-se-estrena-como-cantante-y-manda-mensaje-a-sus-hermanos\/#primaryimage","url":"https:\/\/canal7slp.tv\/2019\/wp-content\/uploads\/2019\/12\/1440.png","contentUrl":"https:\/\/canal7slp.tv\/2019\/wp-content\/uploads\/2019\/12\/1440.png","width":857,"height":410},{"@type":"BreadcrumbList","@id":"https:\/\/canal7slp.tv\/2019\/sarita-sosa-se-estrena-como-cantante-y-manda-mensaje-a-sus-hermanos\/#breadcrumb","itemListElement":[{"@type":"ListItem","position":1,"name":"Home","item":"https:\/\/canal7slp.tv\/2019\/"},{"@type":"ListItem","position":2,"name":"Sarita Sosa se estrena como cantante y manda mensaje a sus hermanos"}]},{"@type":"WebSite","@id":"https:\/\/canal7slp.tv\/2019\/#website","url":"https:\/\/canal7slp.tv\/2019\/","name":"Canal 7 SLP - Somos TV","description":"Somos un Canal de 10","publisher":{"@id":"https:\/\/canal7slp.tv\/2019\/#organization"},"potentialAction":[{"@type":"SearchAction","target":{"@type":"EntryPoint","urlTemplate":"https:\/\/canal7slp.tv\/2019\/?s={search_term_string}"},"query-input":{"@type":"PropertyValueSpecification","valueRequired":true,"valueName":"search_term_string"}}],"inLanguage":"es"},{"@type":"Organization","@id":"https:\/\/canal7slp.tv\/2019\/#organization","name":"Comunicaci\u00f3n 2000 S.A. de C.V.","url":"https:\/\/canal7slp.tv\/2019\/","logo":{"@type":"ImageObject","inLanguage":"es","@id":"https:\/\/canal7slp.tv\/2019\/#\/schema\/logo\/image\/","url":"https:\/\/canal7slp.tv\/2019\/wp-content\/uploads\/2019\/07\/logo-c7.png","contentUrl":"https:\/\/canal7slp.tv\/2019\/wp-content\/uploads\/2019\/07\/logo-c7.png","width":220,"height":60,"caption":"Comunicaci\u00f3n 2000 S.A. de C.V."},"image":{"@id":"https:\/\/canal7slp.tv\/2019\/#\/schema\/logo\/image\/"},"sameAs":["https:\/\/www.facebook.com\/CANAL7SLP\/","https:\/\/x.com\/canal7_slp","https:\/\/www.instagram.com\/canal7_slp","https:\/\/www.youtube.com\/user\/NOTICIEROSCANAL7SLP\/"]},{"@type":"Person","@id":"https:\/\/canal7slp.tv\/2019\/#\/schema\/person\/11d941c1c6ca30ac0a46b95fa37aa2e3","name":"edicionweb","image":{"@type":"ImageObject","inLanguage":"es","@id":"https:\/\/secure.gravatar.com\/avatar\/eee448fc3f7164808013b816ba91ac7e43bbe82a70bebac296f8bc6f0addaa1a?s=96&d=mm&r=g","url":"https:\/\/secure.gravatar.com\/avatar\/eee448fc3f7164808013b816ba91ac7e43bbe82a70bebac296f8bc6f0addaa1a?s=96&d=mm&r=g","contentUrl":"https:\/\/secure.gravatar.com\/avatar\/eee448fc3f7164808013b816ba91ac7e43bbe82a70bebac296f8bc6f0addaa1a?s=96&d=mm&r=g","caption":"edicionweb"}}]}},"amp_enabled":true,"cmb2":{"video_ids_in_playlist":{"vid_p_videos":""},"video_ids_in_channel":{"vid_c_videos":""},"playlist_ids_in_channel":{"vid_c_playlists":""},"series_ids_in_channel":{"vid_c_series":""},"channel_images":{"vid_c_logo":"","vid_c_banner":""},"poster_feature_image":{"vid_m_poster_image":""},"gif_feature_image":{"vid_m_gif_image":""},"video_movie_settings":{"vid_m_director":"","vid_m_actor":"","vid_m_imdb_ratings":"","vid_m_amazon_associates":""},"vid_youtube_broadcasts_settings":{"vid_yb_broadcast_title":"","vid_yb_q":"","vid_yb_channelid":"","vid_yb_videocategoryid":"","vid_yb_maxresults":"","vid_yb_order":"","vid_yb_regioncode":"","vid_yb_videosyndicated":"","vid_yb_style":"","vid_yb_reload_first":""},"video_series_settings":{"vid_m_director":"","vid_m_actor":"","vid_m_imdb_ratings":"","video_series_group":""},"amazon_associates_settings":{"amazon_associates":"","amazon_native_ad":""},"vid_youtube_automatic_settings":{"vid_ya_youtube_source":"","vid_ya_update_every":"","vid_ya_update_unit":"","vid_ya_categories":"","vid_ya_published_after":"","vid_ya_published_before":"","vid_ya_playlists":"","vid_ya_channels":"","vid_ya_director":"","vid_ya_actor":"","vid_ya_author":"","vid_ya_import_post_date":"","vid_ya_status":"","vid_ya_sub_api_key":""},"vid_ads_m_videoads_settings_post":{"vid_ads_m_video_ads":"","vid_ads_m_video_ads_type":"","vid_ads_m_group_google_ima":"","vid_ads_m_group_image":"","vid_ads_m_group_html5_video":"","vid_ads_m_group_html":"","vid_ads_m_vast_preroll":"","vid_ads_m_vast_postroll":"","vid_ads_m_vast_pauseroll":"","vid_ads_m_vast_midroll":[{"vid_ads_m_vast_timer_seconds":"50"}],"vid_ads_m_time_to_show_ads":"","vid_ads_m_time_skip_ads":"","vid_ads_m_time_to_hide_ads":""},"page_slider_settings":{"display_slider_group":"","page_slider_group":""},"blog_page_settings":{"blog_page_title":"","blog_page_heading":"","blog_page_ic":"","blog_page_it":"","blog_page_ec":"","blog_page_ip":"","archive_loop_style":"","blog_image_ratio":"","blog_show_categories":"","blog_show_excerpt":"","blog_show_author":"","blog_show_date":"","blog_show_comment_count":"","blog_show_view_count":"","blog_show_like_count":"","blog_show_dislike_count":"","blog_items_per_page":"","blog_pag_type":""},"page_options":{"get_page_template":"","color_mode":"","main_layout":"","main_layout_full_with":"","main_logo":"","main_logo_retina":"","main_logo_mobile":"","main_logo_mobile_retina":"","sticky_logo":"","sticky_logo_retina":"","main_nav_layout":"","ajax_search":"","header_background":"","theme_sidebar":"","instagram_feed":"","instagram_feed_position":"","popular_videos":"","popular_videos_title_1":"","popular_videos_title_2":"","popular_videos_ic":"","popular_videos_it":"","theme_background":"","page_custom_css":""},"feature_image_settings":{"feature_image_position":""},"video_player_settings":{"single_video_style":"","video_player_position":"","vm_video_url":"","video_player_library":"","video_streaming":"","vm_media_sources":"","vid_auto_play":"","vm_video_shortcode":"","vid_p_sync_playlist":"","vid_c_sync_channel":"","get_post_format":"","multiple_links_structure":"default","multi_links_title":"","vm_video_multi_links":"","vm_duration":"","vid_social_locker":"off","vid_social_locker_id":"","vid_membership_action":"content-video","vm_video_trailer_url":"","vid_download_type":"free","vid_download_target":"download","vid_woo_product":"","vm_media_download":"","user_rating":"","user_rating_position":"","user_rating_mode":"","user_rating_multi_sets":""},"video_auto_fetch_settings":{"vm_video_fetch":"on"},"video_fake_views_likes":{"vm_fake_views":"","vm_fake_likes":"","vm_fake_dislikes":""},"gallery_settings":{"gallery_position":""},"quote_settings":{"quote_position":""},"post_options":{"main_layout":"","main_logo":"","main_logo_retina":"","main_logo_mobile":"","main_logo_mobile_retina":"","sticky_logo":"","sticky_logo_retina":"","main_nav_layout":"","header_background":"","theme_sidebar":"","single_post_comment_type":"","theme_background":""}},"_links":{"self":[{"href":"https:\/\/canal7slp.tv\/2019\/wp-json\/wp\/v2\/posts\/89573","targetHints":{"allow":["GET"]}}],"collection":[{"href":"https:\/\/canal7slp.tv\/2019\/wp-json\/wp\/v2\/posts"}],"about":[{"href":"https:\/\/canal7slp.tv\/2019\/wp-json\/wp\/v2\/types\/post"}],"author":[{"embeddable":true,"href":"https:\/\/canal7slp.tv\/2019\/wp-json\/wp\/v2\/users\/2"}],"replies":[{"embeddable":true,"href":"https:\/\/canal7slp.tv\/2019\/wp-json\/wp\/v2\/comments?post=89573"}],"version-history":[{"count":0,"href":"https:\/\/canal7slp.tv\/2019\/wp-json\/wp\/v2\/posts\/89573\/revisions"}],"wp:featuredmedia":[{"embeddable":true,"href":"https:\/\/canal7slp.tv\/2019\/wp-json\/wp\/v2\/media\/89583"}],"wp:attachment":[{"href":"https:\/\/canal7slp.tv\/2019\/wp-json\/wp\/v2\/media?parent=89573"}],"wp:term":[{"taxonomy":"category","embeddable":true,"href":"https:\/\/canal7slp.tv\/2019\/wp-json\/wp\/v2\/categories?post=89573"},{"taxonomy":"post_tag","embeddable":true,"href":"https:\/\/canal7slp.tv\/2019\/wp-json\/wp\/v2\/tags?post=89573"}],"curies":[{"name":"wp","href":"https:\/\/api.w.org\/{rel}","templated":true}]}}