{"id":8957,"date":"2019-06-07T17:12:30","date_gmt":"2019-06-07T22:12:30","guid":{"rendered":"https:\/\/canal7slp.tv\/2019\/?p=8957"},"modified":"2019-06-07T17:27:52","modified_gmt":"2019-06-07T22:27:52","slug":"lluvias-torrenciales-dejaron-saldo-de-120-viviendas-inundadas","status":"publish","type":"post","link":"https:\/\/canal7slp.tv\/2019\/lluvias-torrenciales-dejaron-saldo-de-120-viviendas-inundadas\/","title":{"rendered":"Lluvias torrenciales dejaron saldo de 120 viviendas inundadas."},"content":{"rendered":"<p style=\"text-align: justify\">SLP.- Derivado de un corte del operativo desplegado con motivo de las precipitaciones registradas la ma\u00f1ana del jueves, el Ayuntamiento de la Capital inform\u00f3 que la acumulaci\u00f3n alcanz\u00f3 50.6 mil\u00edmetros.<\/p>\n<p style=\"text-align: justify\">Los Silos, Las Mercedes, Cielo Claro y Villa Molinos fueron las zonas con m\u00e1s reportes y la afectaci\u00f3n global se aproxima a 120 viviendas; aunado al caso de un socav\u00f3n en una escuela primaria.<\/p>\n<p style=\"text-align: justify\">En tanto, en el fraccionamiento Esperanza fue necesario evacuar a cinco personas.<\/p>\n<p style=\"text-align: justify\">El mismo d\u00eda, autoridades reportaron como dato preliminar que el nivel era de 46.3 mil\u00edmetros. No obstante, en rueda de prensa realizada este viernes, el alcalde, Xavier Nava Palacios dio la nueva cifra.<\/p>\n<p style=\"text-align: justify\">Reconoci\u00f3 que hubo casos en los que algunas bombas dejaron de funcionar y se solicit\u00f3 apoyo tanto a particulares, como a la Comisi\u00f3n Nacional del Agua (CONAGUA).<\/p>\n<p style=\"text-align: justify\">La Direcci\u00f3n de Polic\u00eda Vial atendi\u00f3 44 llamados, la Direcci\u00f3n de Fuerzas Municipales a 126, Protecci\u00f3n Civil a 38 y C3 hizo 65 canalizaciones.<\/p>\n<p style=\"text-align: justify\">La Direcci\u00f3n de Protecci\u00f3n Civil ayud\u00f3 a 18 automovilistas, cuyas unidades quedaron varadas. El personal se hizo cargo del traslado de 64 personas en cruces inundados y brind\u00f3 m\u00e1s de 520 auxilios.<\/p>\n<p style=\"text-align: justify\">Las colonias perjudicadas fueron Villa Molinos, con problemas en 40 casas, 60 en Los Silos y 20 en Cielo Claro.<\/p>\n<p style=\"text-align: justify\">En el fraccionamiento La Esperanza, cinco personas fueron evacuadas debido a la inundaci\u00f3n de las viviendas \u2013dos son menores-.<\/p>\n<p style=\"text-align: justify\">De igual forma, afirm\u00f3 que contin\u00faa el monitoreo de fallas geol\u00f3gicas en Milpillas, Pe\u00f1asco y San Juanico El Grande \u2013donde dos casas tienen grietas-.<\/p>\n<p style=\"text-align: justify\">El Encargado de Despacho de la dependencia, Adri\u00e1n \u00c1lvarez Botello precis\u00f3 que se procedi\u00f3 a la revisi\u00f3n de un socav\u00f3n, en un plantel educativo.<\/p>\n<p style=\"text-align: justify\">Se atendi\u00f3 el reporte de deslizamiento de piedra en Tierra Blanca y otros de la ca\u00edda de un anuncio espectacular en la avenida Urbano Villal\u00f3n \u2013mismo que se asegur\u00f3-.<\/p>\n<p style=\"text-align: justify\">La directora del Sistema Municipal para el Desarrollo Integral de la Familia (DIF) Adriana Urbina Aguilar inform\u00f3 que se efectuaron recorridos por 15 puntos de la ciudad para la identificaci\u00f3n de personas en situaci\u00f3n de calle.<\/p>\n<p style=\"text-align: justify\">El Director General de Seguridad P\u00fablica Municipal (DGSPM) Edgar Jim\u00e9nez Arcadia enfatiz\u00f3 que adem\u00e1s de la flotilla vehicular, se emplearon algunas unidades que no estaban balizadas para ayudar a la gente.<\/p>\n<p style=\"text-align: justify\">Miembros de la corporaci\u00f3n intervinieron ante la detecci\u00f3n de 32 autom\u00f3viles varados.<\/p>\n<p style=\"text-align: justify\">En cuanto a la capacidad de las presas, fue se\u00f1alado que de aproximadamente 40 por ciento que se registraba en \u201cSan Jos\u00e9\u201d, ahora se encuentra en 62.5 por ciento.<\/p>\n<p style=\"text-align: justify\">Las cifras observadas por Interapas, denotan que se cuenta con reserva de agua suficiente para el resto del a\u00f1o.<\/p>\n<p style=\"text-align: justify\">El Subdirector de Planeaci\u00f3n y Construcci\u00f3n del Organismo Operador, Jos\u00e9 Manuel Mart\u00ednez Guiza sugiri\u00f3 que a futuro se establezca un \u00e1rea de riesgos en la zona metropolitana.<\/p>\n<p style=\"text-align: justify\">A\u00f1adi\u00f3 que la limpieza y desazolve del drenaje es responsabilidad de todos.<\/p>\n<p>Por: Paulina Rodr\u00edguez<\/p>\n","protected":false},"excerpt":{"rendered":"<p>SLP.- Derivado de un corte del operativo desplegado con motivo de las precipitaciones registradas la ma\u00f1ana del jueves, el Ayuntamiento de la Capital inform\u00f3 que la acumulaci\u00f3n alcanz\u00f3 50.6 mil\u00edmetros. Los Silos, Las Mercedes, Cielo Claro y Villa Molinos fueron las zonas con m\u00e1s reportes y la afectaci\u00f3n global se aproxima a 120 viviendas; aunado [&hellip;]<\/p>\n","protected":false},"author":2,"featured_media":8958,"comment_status":"open","ping_status":"closed","sticky":false,"template":"","format":"video","meta":{"footnotes":""},"categories":[17],"tags":[],"class_list":["post-8957","post","type-post","status-publish","format-video","has-post-thumbnail","hentry","category-localesyregionales","post_format-post-format-video"],"yoast_head":"<!-- This site is optimized with the Yoast SEO plugin v27.4 - https:\/\/yoast.com\/product\/yoast-seo-wordpress\/ -->\n<title>Lluvias torrenciales dejaron saldo de 120 viviendas inundadas. - Canal 7 SLP - 2019<\/title>\n<meta name=\"robots\" content=\"index, follow, max-snippet:-1, max-image-preview:large, max-video-preview:-1\" \/>\n<link rel=\"canonical\" href=\"https:\/\/canal7slp.tv\/2019\/lluvias-torrenciales-dejaron-saldo-de-120-viviendas-inundadas\/\" \/>\n<meta property=\"og:locale\" content=\"es_ES\" \/>\n<meta property=\"og:type\" content=\"article\" \/>\n<meta property=\"og:title\" content=\"Lluvias torrenciales dejaron saldo de 120 viviendas inundadas. - Canal 7 SLP - 2019\" \/>\n<meta property=\"og:description\" content=\"SLP.- Derivado de un corte del operativo desplegado con motivo de las precipitaciones registradas la ma\u00f1ana del jueves, el Ayuntamiento de la Capital inform\u00f3 que la acumulaci\u00f3n alcanz\u00f3 50.6 mil\u00edmetros. Los Silos, Las Mercedes, Cielo Claro y Villa Molinos fueron las zonas con m\u00e1s reportes y la afectaci\u00f3n global se aproxima a 120 viviendas; aunado [&hellip;]\" \/>\n<meta property=\"og:url\" content=\"https:\/\/canal7slp.tv\/2019\/lluvias-torrenciales-dejaron-saldo-de-120-viviendas-inundadas\/\" \/>\n<meta property=\"og:site_name\" content=\"Canal 7 SLP - 2019\" \/>\n<meta property=\"article:publisher\" content=\"https:\/\/www.facebook.com\/CANAL7SLP\/\" \/>\n<meta property=\"article:published_time\" content=\"2019-06-07T22:12:30+00:00\" \/>\n<meta property=\"article:modified_time\" content=\"2019-06-07T22:27:52+00:00\" \/>\n<meta property=\"og:image\" content=\"https:\/\/canal7slp.tv\/2019\/wp-content\/uploads\/2019\/06\/capitalsaldo.jpg\" \/>\n\t<meta property=\"og:image:width\" content=\"800\" \/>\n\t<meta property=\"og:image:height\" content=\"449\" \/>\n\t<meta property=\"og:image:type\" content=\"image\/jpeg\" \/>\n<meta name=\"author\" content=\"edicionweb\" \/>\n<meta name=\"twitter:card\" content=\"summary_large_image\" \/>\n<meta name=\"twitter:creator\" content=\"@canal7_slp\" \/>\n<meta name=\"twitter:site\" content=\"@canal7_slp\" \/>\n<meta name=\"twitter:label1\" content=\"Escrito por\" \/>\n\t<meta name=\"twitter:data1\" content=\"edicionweb\" \/>\n\t<meta name=\"twitter:label2\" content=\"Tiempo de lectura\" \/>\n\t<meta name=\"twitter:data2\" content=\"3 minutos\" \/>\n<script type=\"application\/ld+json\" class=\"yoast-schema-graph\">{\"@context\":\"https:\\\/\\\/schema.org\",\"@graph\":[{\"@type\":\"Article\",\"@id\":\"https:\\\/\\\/canal7slp.tv\\\/2019\\\/lluvias-torrenciales-dejaron-saldo-de-120-viviendas-inundadas\\\/#article\",\"isPartOf\":{\"@id\":\"https:\\\/\\\/canal7slp.tv\\\/2019\\\/lluvias-torrenciales-dejaron-saldo-de-120-viviendas-inundadas\\\/\"},\"author\":{\"name\":\"edicionweb\",\"@id\":\"https:\\\/\\\/canal7slp.tv\\\/2019\\\/#\\\/schema\\\/person\\\/11d941c1c6ca30ac0a46b95fa37aa2e3\"},\"headline\":\"Lluvias torrenciales dejaron saldo de 120 viviendas inundadas.\",\"datePublished\":\"2019-06-07T22:12:30+00:00\",\"dateModified\":\"2019-06-07T22:27:52+00:00\",\"mainEntityOfPage\":{\"@id\":\"https:\\\/\\\/canal7slp.tv\\\/2019\\\/lluvias-torrenciales-dejaron-saldo-de-120-viviendas-inundadas\\\/\"},\"wordCount\":509,\"commentCount\":0,\"publisher\":{\"@id\":\"https:\\\/\\\/canal7slp.tv\\\/2019\\\/#organization\"},\"image\":{\"@id\":\"https:\\\/\\\/canal7slp.tv\\\/2019\\\/lluvias-torrenciales-dejaron-saldo-de-120-viviendas-inundadas\\\/#primaryimage\"},\"thumbnailUrl\":\"https:\\\/\\\/canal7slp.tv\\\/2019\\\/wp-content\\\/uploads\\\/2019\\\/06\\\/capitalsaldo.jpg\",\"articleSection\":[\"LOCALES Y REGIONALES\"],\"inLanguage\":\"es\",\"potentialAction\":[{\"@type\":\"CommentAction\",\"name\":\"Comment\",\"target\":[\"https:\\\/\\\/canal7slp.tv\\\/2019\\\/lluvias-torrenciales-dejaron-saldo-de-120-viviendas-inundadas\\\/#respond\"]}]},{\"@type\":\"WebPage\",\"@id\":\"https:\\\/\\\/canal7slp.tv\\\/2019\\\/lluvias-torrenciales-dejaron-saldo-de-120-viviendas-inundadas\\\/\",\"url\":\"https:\\\/\\\/canal7slp.tv\\\/2019\\\/lluvias-torrenciales-dejaron-saldo-de-120-viviendas-inundadas\\\/\",\"name\":\"Lluvias torrenciales dejaron saldo de 120 viviendas inundadas. - Canal 7 SLP - 2019\",\"isPartOf\":{\"@id\":\"https:\\\/\\\/canal7slp.tv\\\/2019\\\/#website\"},\"primaryImageOfPage\":{\"@id\":\"https:\\\/\\\/canal7slp.tv\\\/2019\\\/lluvias-torrenciales-dejaron-saldo-de-120-viviendas-inundadas\\\/#primaryimage\"},\"image\":{\"@id\":\"https:\\\/\\\/canal7slp.tv\\\/2019\\\/lluvias-torrenciales-dejaron-saldo-de-120-viviendas-inundadas\\\/#primaryimage\"},\"thumbnailUrl\":\"https:\\\/\\\/canal7slp.tv\\\/2019\\\/wp-content\\\/uploads\\\/2019\\\/06\\\/capitalsaldo.jpg\",\"datePublished\":\"2019-06-07T22:12:30+00:00\",\"dateModified\":\"2019-06-07T22:27:52+00:00\",\"breadcrumb\":{\"@id\":\"https:\\\/\\\/canal7slp.tv\\\/2019\\\/lluvias-torrenciales-dejaron-saldo-de-120-viviendas-inundadas\\\/#breadcrumb\"},\"inLanguage\":\"es\",\"potentialAction\":[{\"@type\":\"ReadAction\",\"target\":[\"https:\\\/\\\/canal7slp.tv\\\/2019\\\/lluvias-torrenciales-dejaron-saldo-de-120-viviendas-inundadas\\\/\"]}]},{\"@type\":\"ImageObject\",\"inLanguage\":\"es\",\"@id\":\"https:\\\/\\\/canal7slp.tv\\\/2019\\\/lluvias-torrenciales-dejaron-saldo-de-120-viviendas-inundadas\\\/#primaryimage\",\"url\":\"https:\\\/\\\/canal7slp.tv\\\/2019\\\/wp-content\\\/uploads\\\/2019\\\/06\\\/capitalsaldo.jpg\",\"contentUrl\":\"https:\\\/\\\/canal7slp.tv\\\/2019\\\/wp-content\\\/uploads\\\/2019\\\/06\\\/capitalsaldo.jpg\",\"width\":800,\"height\":449},{\"@type\":\"BreadcrumbList\",\"@id\":\"https:\\\/\\\/canal7slp.tv\\\/2019\\\/lluvias-torrenciales-dejaron-saldo-de-120-viviendas-inundadas\\\/#breadcrumb\",\"itemListElement\":[{\"@type\":\"ListItem\",\"position\":1,\"name\":\"Home\",\"item\":\"https:\\\/\\\/canal7slp.tv\\\/2019\\\/\"},{\"@type\":\"ListItem\",\"position\":2,\"name\":\"Lluvias torrenciales dejaron saldo de 120 viviendas inundadas.\"}]},{\"@type\":\"WebSite\",\"@id\":\"https:\\\/\\\/canal7slp.tv\\\/2019\\\/#website\",\"url\":\"https:\\\/\\\/canal7slp.tv\\\/2019\\\/\",\"name\":\"Canal 7 SLP - Somos TV\",\"description\":\"Somos un Canal de 10\",\"publisher\":{\"@id\":\"https:\\\/\\\/canal7slp.tv\\\/2019\\\/#organization\"},\"potentialAction\":[{\"@type\":\"SearchAction\",\"target\":{\"@type\":\"EntryPoint\",\"urlTemplate\":\"https:\\\/\\\/canal7slp.tv\\\/2019\\\/?s={search_term_string}\"},\"query-input\":{\"@type\":\"PropertyValueSpecification\",\"valueRequired\":true,\"valueName\":\"search_term_string\"}}],\"inLanguage\":\"es\"},{\"@type\":\"Organization\",\"@id\":\"https:\\\/\\\/canal7slp.tv\\\/2019\\\/#organization\",\"name\":\"Comunicaci\u00f3n 2000 S.A. de C.V.\",\"url\":\"https:\\\/\\\/canal7slp.tv\\\/2019\\\/\",\"logo\":{\"@type\":\"ImageObject\",\"inLanguage\":\"es\",\"@id\":\"https:\\\/\\\/canal7slp.tv\\\/2019\\\/#\\\/schema\\\/logo\\\/image\\\/\",\"url\":\"https:\\\/\\\/canal7slp.tv\\\/2019\\\/wp-content\\\/uploads\\\/2019\\\/07\\\/logo-c7.png\",\"contentUrl\":\"https:\\\/\\\/canal7slp.tv\\\/2019\\\/wp-content\\\/uploads\\\/2019\\\/07\\\/logo-c7.png\",\"width\":220,\"height\":60,\"caption\":\"Comunicaci\u00f3n 2000 S.A. de C.V.\"},\"image\":{\"@id\":\"https:\\\/\\\/canal7slp.tv\\\/2019\\\/#\\\/schema\\\/logo\\\/image\\\/\"},\"sameAs\":[\"https:\\\/\\\/www.facebook.com\\\/CANAL7SLP\\\/\",\"https:\\\/\\\/x.com\\\/canal7_slp\",\"https:\\\/\\\/www.instagram.com\\\/canal7_slp\",\"https:\\\/\\\/www.youtube.com\\\/user\\\/NOTICIEROSCANAL7SLP\\\/\"]},{\"@type\":\"Person\",\"@id\":\"https:\\\/\\\/canal7slp.tv\\\/2019\\\/#\\\/schema\\\/person\\\/11d941c1c6ca30ac0a46b95fa37aa2e3\",\"name\":\"edicionweb\",\"image\":{\"@type\":\"ImageObject\",\"inLanguage\":\"es\",\"@id\":\"https:\\\/\\\/secure.gravatar.com\\\/avatar\\\/eee448fc3f7164808013b816ba91ac7e43bbe82a70bebac296f8bc6f0addaa1a?s=96&d=mm&r=g\",\"url\":\"https:\\\/\\\/secure.gravatar.com\\\/avatar\\\/eee448fc3f7164808013b816ba91ac7e43bbe82a70bebac296f8bc6f0addaa1a?s=96&d=mm&r=g\",\"contentUrl\":\"https:\\\/\\\/secure.gravatar.com\\\/avatar\\\/eee448fc3f7164808013b816ba91ac7e43bbe82a70bebac296f8bc6f0addaa1a?s=96&d=mm&r=g\",\"caption\":\"edicionweb\"}}]}<\/script>\n<!-- \/ Yoast SEO plugin. -->","yoast_head_json":{"title":"Lluvias torrenciales dejaron saldo de 120 viviendas inundadas. - Canal 7 SLP - 2019","robots":{"index":"index","follow":"follow","max-snippet":"max-snippet:-1","max-image-preview":"max-image-preview:large","max-video-preview":"max-video-preview:-1"},"canonical":"https:\/\/canal7slp.tv\/2019\/lluvias-torrenciales-dejaron-saldo-de-120-viviendas-inundadas\/","og_locale":"es_ES","og_type":"article","og_title":"Lluvias torrenciales dejaron saldo de 120 viviendas inundadas. - Canal 7 SLP - 2019","og_description":"SLP.- Derivado de un corte del operativo desplegado con motivo de las precipitaciones registradas la ma\u00f1ana del jueves, el Ayuntamiento de la Capital inform\u00f3 que la acumulaci\u00f3n alcanz\u00f3 50.6 mil\u00edmetros. Los Silos, Las Mercedes, Cielo Claro y Villa Molinos fueron las zonas con m\u00e1s reportes y la afectaci\u00f3n global se aproxima a 120 viviendas; aunado [&hellip;]","og_url":"https:\/\/canal7slp.tv\/2019\/lluvias-torrenciales-dejaron-saldo-de-120-viviendas-inundadas\/","og_site_name":"Canal 7 SLP - 2019","article_publisher":"https:\/\/www.facebook.com\/CANAL7SLP\/","article_published_time":"2019-06-07T22:12:30+00:00","article_modified_time":"2019-06-07T22:27:52+00:00","og_image":[{"width":800,"height":449,"url":"https:\/\/canal7slp.tv\/2019\/wp-content\/uploads\/2019\/06\/capitalsaldo.jpg","type":"image\/jpeg"}],"author":"edicionweb","twitter_card":"summary_large_image","twitter_creator":"@canal7_slp","twitter_site":"@canal7_slp","twitter_misc":{"Escrito por":"edicionweb","Tiempo de lectura":"3 minutos"},"schema":{"@context":"https:\/\/schema.org","@graph":[{"@type":"Article","@id":"https:\/\/canal7slp.tv\/2019\/lluvias-torrenciales-dejaron-saldo-de-120-viviendas-inundadas\/#article","isPartOf":{"@id":"https:\/\/canal7slp.tv\/2019\/lluvias-torrenciales-dejaron-saldo-de-120-viviendas-inundadas\/"},"author":{"name":"edicionweb","@id":"https:\/\/canal7slp.tv\/2019\/#\/schema\/person\/11d941c1c6ca30ac0a46b95fa37aa2e3"},"headline":"Lluvias torrenciales dejaron saldo de 120 viviendas inundadas.","datePublished":"2019-06-07T22:12:30+00:00","dateModified":"2019-06-07T22:27:52+00:00","mainEntityOfPage":{"@id":"https:\/\/canal7slp.tv\/2019\/lluvias-torrenciales-dejaron-saldo-de-120-viviendas-inundadas\/"},"wordCount":509,"commentCount":0,"publisher":{"@id":"https:\/\/canal7slp.tv\/2019\/#organization"},"image":{"@id":"https:\/\/canal7slp.tv\/2019\/lluvias-torrenciales-dejaron-saldo-de-120-viviendas-inundadas\/#primaryimage"},"thumbnailUrl":"https:\/\/canal7slp.tv\/2019\/wp-content\/uploads\/2019\/06\/capitalsaldo.jpg","articleSection":["LOCALES Y REGIONALES"],"inLanguage":"es","potentialAction":[{"@type":"CommentAction","name":"Comment","target":["https:\/\/canal7slp.tv\/2019\/lluvias-torrenciales-dejaron-saldo-de-120-viviendas-inundadas\/#respond"]}]},{"@type":"WebPage","@id":"https:\/\/canal7slp.tv\/2019\/lluvias-torrenciales-dejaron-saldo-de-120-viviendas-inundadas\/","url":"https:\/\/canal7slp.tv\/2019\/lluvias-torrenciales-dejaron-saldo-de-120-viviendas-inundadas\/","name":"Lluvias torrenciales dejaron saldo de 120 viviendas inundadas. - Canal 7 SLP - 2019","isPartOf":{"@id":"https:\/\/canal7slp.tv\/2019\/#website"},"primaryImageOfPage":{"@id":"https:\/\/canal7slp.tv\/2019\/lluvias-torrenciales-dejaron-saldo-de-120-viviendas-inundadas\/#primaryimage"},"image":{"@id":"https:\/\/canal7slp.tv\/2019\/lluvias-torrenciales-dejaron-saldo-de-120-viviendas-inundadas\/#primaryimage"},"thumbnailUrl":"https:\/\/canal7slp.tv\/2019\/wp-content\/uploads\/2019\/06\/capitalsaldo.jpg","datePublished":"2019-06-07T22:12:30+00:00","dateModified":"2019-06-07T22:27:52+00:00","breadcrumb":{"@id":"https:\/\/canal7slp.tv\/2019\/lluvias-torrenciales-dejaron-saldo-de-120-viviendas-inundadas\/#breadcrumb"},"inLanguage":"es","potentialAction":[{"@type":"ReadAction","target":["https:\/\/canal7slp.tv\/2019\/lluvias-torrenciales-dejaron-saldo-de-120-viviendas-inundadas\/"]}]},{"@type":"ImageObject","inLanguage":"es","@id":"https:\/\/canal7slp.tv\/2019\/lluvias-torrenciales-dejaron-saldo-de-120-viviendas-inundadas\/#primaryimage","url":"https:\/\/canal7slp.tv\/2019\/wp-content\/uploads\/2019\/06\/capitalsaldo.jpg","contentUrl":"https:\/\/canal7slp.tv\/2019\/wp-content\/uploads\/2019\/06\/capitalsaldo.jpg","width":800,"height":449},{"@type":"BreadcrumbList","@id":"https:\/\/canal7slp.tv\/2019\/lluvias-torrenciales-dejaron-saldo-de-120-viviendas-inundadas\/#breadcrumb","itemListElement":[{"@type":"ListItem","position":1,"name":"Home","item":"https:\/\/canal7slp.tv\/2019\/"},{"@type":"ListItem","position":2,"name":"Lluvias torrenciales dejaron saldo de 120 viviendas inundadas."}]},{"@type":"WebSite","@id":"https:\/\/canal7slp.tv\/2019\/#website","url":"https:\/\/canal7slp.tv\/2019\/","name":"Canal 7 SLP - Somos TV","description":"Somos un Canal de 10","publisher":{"@id":"https:\/\/canal7slp.tv\/2019\/#organization"},"potentialAction":[{"@type":"SearchAction","target":{"@type":"EntryPoint","urlTemplate":"https:\/\/canal7slp.tv\/2019\/?s={search_term_string}"},"query-input":{"@type":"PropertyValueSpecification","valueRequired":true,"valueName":"search_term_string"}}],"inLanguage":"es"},{"@type":"Organization","@id":"https:\/\/canal7slp.tv\/2019\/#organization","name":"Comunicaci\u00f3n 2000 S.A. de C.V.","url":"https:\/\/canal7slp.tv\/2019\/","logo":{"@type":"ImageObject","inLanguage":"es","@id":"https:\/\/canal7slp.tv\/2019\/#\/schema\/logo\/image\/","url":"https:\/\/canal7slp.tv\/2019\/wp-content\/uploads\/2019\/07\/logo-c7.png","contentUrl":"https:\/\/canal7slp.tv\/2019\/wp-content\/uploads\/2019\/07\/logo-c7.png","width":220,"height":60,"caption":"Comunicaci\u00f3n 2000 S.A. de C.V."},"image":{"@id":"https:\/\/canal7slp.tv\/2019\/#\/schema\/logo\/image\/"},"sameAs":["https:\/\/www.facebook.com\/CANAL7SLP\/","https:\/\/x.com\/canal7_slp","https:\/\/www.instagram.com\/canal7_slp","https:\/\/www.youtube.com\/user\/NOTICIEROSCANAL7SLP\/"]},{"@type":"Person","@id":"https:\/\/canal7slp.tv\/2019\/#\/schema\/person\/11d941c1c6ca30ac0a46b95fa37aa2e3","name":"edicionweb","image":{"@type":"ImageObject","inLanguage":"es","@id":"https:\/\/secure.gravatar.com\/avatar\/eee448fc3f7164808013b816ba91ac7e43bbe82a70bebac296f8bc6f0addaa1a?s=96&d=mm&r=g","url":"https:\/\/secure.gravatar.com\/avatar\/eee448fc3f7164808013b816ba91ac7e43bbe82a70bebac296f8bc6f0addaa1a?s=96&d=mm&r=g","contentUrl":"https:\/\/secure.gravatar.com\/avatar\/eee448fc3f7164808013b816ba91ac7e43bbe82a70bebac296f8bc6f0addaa1a?s=96&d=mm&r=g","caption":"edicionweb"}}]}},"amp_enabled":true,"cmb2":{"video_ids_in_playlist":{"vid_p_videos":""},"video_ids_in_channel":{"vid_c_videos":""},"playlist_ids_in_channel":{"vid_c_playlists":""},"series_ids_in_channel":{"vid_c_series":""},"channel_images":{"vid_c_logo":"","vid_c_banner":""},"poster_feature_image":{"vid_m_poster_image":""},"gif_feature_image":{"vid_m_gif_image":""},"video_movie_settings":{"vid_m_director":"","vid_m_actor":"","vid_m_imdb_ratings":"","vid_m_amazon_associates":""},"vid_youtube_broadcasts_settings":{"vid_yb_broadcast_title":"","vid_yb_q":"","vid_yb_channelid":"","vid_yb_videocategoryid":"","vid_yb_maxresults":"","vid_yb_order":"","vid_yb_regioncode":"","vid_yb_videosyndicated":"","vid_yb_style":"","vid_yb_reload_first":""},"video_series_settings":{"vid_m_director":"","vid_m_actor":"","vid_m_imdb_ratings":"","video_series_group":""},"amazon_associates_settings":{"amazon_associates":"","amazon_native_ad":""},"vid_youtube_automatic_settings":{"vid_ya_youtube_source":"","vid_ya_update_every":"","vid_ya_update_unit":"","vid_ya_categories":"","vid_ya_published_after":"","vid_ya_published_before":"","vid_ya_playlists":"","vid_ya_channels":"","vid_ya_director":"","vid_ya_actor":"","vid_ya_author":"","vid_ya_import_post_date":"","vid_ya_status":"","vid_ya_sub_api_key":""},"vid_ads_m_videoads_settings_post":{"vid_ads_m_video_ads":"","vid_ads_m_video_ads_type":"","vid_ads_m_group_google_ima":"","vid_ads_m_group_image":"","vid_ads_m_group_html5_video":"","vid_ads_m_group_html":"","vid_ads_m_vast_preroll":"","vid_ads_m_vast_postroll":"","vid_ads_m_vast_pauseroll":"","vid_ads_m_vast_midroll":[{"vid_ads_m_vast_timer_seconds":"50"}],"vid_ads_m_time_to_show_ads":"","vid_ads_m_time_skip_ads":"","vid_ads_m_time_to_hide_ads":""},"page_slider_settings":{"display_slider_group":"","page_slider_group":""},"blog_page_settings":{"blog_page_title":"","blog_page_heading":"","blog_page_ic":"","blog_page_it":"","blog_page_ec":"","blog_page_ip":"","archive_loop_style":"","blog_image_ratio":"","blog_show_categories":"","blog_show_excerpt":"","blog_show_author":"","blog_show_date":"","blog_show_comment_count":"","blog_show_view_count":"","blog_show_like_count":"","blog_show_dislike_count":"","blog_items_per_page":"","blog_pag_type":""},"page_options":{"get_page_template":"","color_mode":"","main_layout":"","main_layout_full_with":"","main_logo":"","main_logo_retina":"","main_logo_mobile":"","main_logo_mobile_retina":"","sticky_logo":"","sticky_logo_retina":"","main_nav_layout":"","ajax_search":"","header_background":"","theme_sidebar":"","instagram_feed":"","instagram_feed_position":"","popular_videos":"","popular_videos_title_1":"","popular_videos_title_2":"","popular_videos_ic":"","popular_videos_it":"","theme_background":"","page_custom_css":""},"feature_image_settings":{"feature_image_position":""},"video_player_settings":{"single_video_style":"","video_player_position":"special","vm_video_url":"https:\/\/youtu.be\/ZzefNhmqriE","video_player_library":"","video_streaming":"","vm_media_sources":"","vid_auto_play":"","vm_video_shortcode":"","vid_p_sync_playlist":"","vid_c_sync_channel":"","get_post_format":"","multiple_links_structure":"default","multi_links_title":"","vm_video_multi_links":"","vm_duration":"","vid_social_locker":"off","vid_social_locker_id":"","vid_membership_action":"content-video","vm_video_trailer_url":"","vid_download_type":"free","vid_download_target":"download","vid_woo_product":"","vm_media_download":"","user_rating":"","user_rating_position":"","user_rating_mode":"","user_rating_multi_sets":""},"video_auto_fetch_settings":{"vm_video_fetch":"on"},"video_fake_views_likes":{"vm_fake_views":"","vm_fake_likes":"","vm_fake_dislikes":""},"gallery_settings":{"gallery_position":""},"quote_settings":{"quote_position":""},"post_options":{"main_layout":"","main_logo":"","main_logo_retina":"","main_logo_mobile":"","main_logo_mobile_retina":"","sticky_logo":"","sticky_logo_retina":"","main_nav_layout":"","header_background":"","theme_sidebar":"","single_post_comment_type":"","theme_background":""}},"_links":{"self":[{"href":"https:\/\/canal7slp.tv\/2019\/wp-json\/wp\/v2\/posts\/8957","targetHints":{"allow":["GET"]}}],"collection":[{"href":"https:\/\/canal7slp.tv\/2019\/wp-json\/wp\/v2\/posts"}],"about":[{"href":"https:\/\/canal7slp.tv\/2019\/wp-json\/wp\/v2\/types\/post"}],"author":[{"embeddable":true,"href":"https:\/\/canal7slp.tv\/2019\/wp-json\/wp\/v2\/users\/2"}],"replies":[{"embeddable":true,"href":"https:\/\/canal7slp.tv\/2019\/wp-json\/wp\/v2\/comments?post=8957"}],"version-history":[{"count":0,"href":"https:\/\/canal7slp.tv\/2019\/wp-json\/wp\/v2\/posts\/8957\/revisions"}],"wp:featuredmedia":[{"embeddable":true,"href":"https:\/\/canal7slp.tv\/2019\/wp-json\/wp\/v2\/media\/8958"}],"wp:attachment":[{"href":"https:\/\/canal7slp.tv\/2019\/wp-json\/wp\/v2\/media?parent=8957"}],"wp:term":[{"taxonomy":"category","embeddable":true,"href":"https:\/\/canal7slp.tv\/2019\/wp-json\/wp\/v2\/categories?post=8957"},{"taxonomy":"post_tag","embeddable":true,"href":"https:\/\/canal7slp.tv\/2019\/wp-json\/wp\/v2\/tags?post=8957"}],"curies":[{"name":"wp","href":"https:\/\/api.w.org\/{rel}","templated":true}]}}