{"id":89263,"date":"2019-12-19T11:47:52","date_gmt":"2019-12-19T17:47:52","guid":{"rendered":"https:\/\/canal7slp.tv\/2019\/?p=89263"},"modified":"2019-12-19T11:47:52","modified_gmt":"2019-12-19T17:47:52","slug":"familia-zapata-califica-como-inadecuada-obra-de-fabian-chairez","status":"publish","type":"post","link":"https:\/\/canal7slp.tv\/2019\/familia-zapata-califica-como-inadecuada-obra-de-fabian-chairez\/","title":{"rendered":"Familia Zapata califica como &#8220;inadecuada&#8221; obra de Fabi\u00e1n Ch\u00e1irez"},"content":{"rendered":"<ul>\n<li style=\"text-align: justify\">Se ha colocado una c\u00e9dula informativa junto a la obra \u201cLa Revoluci\u00f3n\u201d en Bellas Artes<\/li>\n<\/ul>\n<p style=\"text-align: justify\">M\u00e9xico.- La familia Zapata consigui\u00f3 expresar en la sala de Bellas Artes su desacuerdo con \u201cLa Revoluci\u00f3n\u201d, de Fabi\u00e1n Ch\u00e1irez, que forma parte de la exposici\u00f3n Emiliano. \u201cZapata despu\u00e9s de Zapata\u201d, a trav\u00e9s de una c\u00e9dula informativa que fue colocada ayer junto a la pieza.<\/p>\n<p style=\"text-align: justify\">A partir de este martes la exhibici\u00f3n ya no ser\u00e1 igual. Ahora tendr\u00e1 un texto que califica como &#8220;inadecuada&#8221; la representaci\u00f3n que el artista hizo en 2014 y que fue mostrada en la Galer\u00eda Jos\u00e9 Mar\u00eda Velasco en 2015.<\/p>\n<p style=\"text-align: justify\">&#8220;Descendientes de Emiliano Zapata expresaron su desacuerdo con esta imagen por considerar inadecuada la representaci\u00f3n de Zapata&#8221;, se lee en la c\u00e9dula informativa.<\/p>\n<p style=\"text-align: justify\">\u00c9sta es uno de los acuerdos a los que llegaron 11 integrantes de la familia Zapata tras un di\u00e1logo con la Secretar\u00eda de Cultura y el Instituto Nacional de Bellas Artes y Literatura que se realiz\u00f3 el pasado mi\u00e9rcoles tras un recorrido por la muestra.<\/p>\n<p style=\"text-align: justify\">A trav\u00e9s de un comunicado, la Secretar\u00eda de Cultura inform\u00f3 que otros de los acuerdos son el compromiso por difundir &#8220;por todos los medios a su disposici\u00f3n, la dignidad y el homenaje&#8221; a Emiliano Zapata, as\u00ed como retirar de la publicidad oficial la obra de Ch\u00e1irez. Adem\u00e1s, la dependencia se &#8220;comprometi\u00f3 a que la publicidad de la exposici\u00f3n refleje la diversidad de las obras que la compone&#8221;.<\/p>\n<p style=\"text-align: justify\">El contenido que ya estaba junto a la pieza se mantiene arriba de la aclaraci\u00f3n de los Zapata. En \u00e9l se lee: &#8220;Para algunos artistas contempor\u00e1neos, Zapata no es s\u00f3lo s\u00edmbolo de resistencia sino tambi\u00e9n un referente desde el cual cuestionar las masculinidades hegem\u00f3nicas. En este \u00f3leo, Fabi\u00e1n Ch\u00e1irez resignifica un \u00edcono del machismo mexicano para visibilizar la diversidad sexual, particularmente cuerpos homosexuales, morenos, afeminados y de clase popular que no encajan dentro de la norma. La Revoluci\u00f3n, de Ch\u00e1irez vincula el legado zapatista con las luchas de la poblaci\u00f3n LGBT+, reivindicando la feminidad como una actitud revolucionaria en medio de una sociedad homof\u00f3bica y mis\u00f3gina en pleno siglo XXI&#8221;.<\/p>\n<p style=\"text-align: justify\">En el comunicado, la dependencia se\u00f1al\u00f3 que el artista y Luis Vargas Santiago, curador de la muestra, respetan la opini\u00f3n de la familia, aunque no la suscriben.<\/p>\n","protected":false},"excerpt":{"rendered":"<p>Se ha colocado una c\u00e9dula informativa junto a la obra \u201cLa Revoluci\u00f3n\u201d en Bellas Artes M\u00e9xico.- La familia Zapata consigui\u00f3 expresar en la sala de Bellas Artes su desacuerdo con \u201cLa Revoluci\u00f3n\u201d, de Fabi\u00e1n Ch\u00e1irez, que forma parte de la exposici\u00f3n Emiliano. \u201cZapata despu\u00e9s de Zapata\u201d, a trav\u00e9s de una c\u00e9dula informativa que fue colocada [&hellip;]<\/p>\n","protected":false},"author":2,"featured_media":89264,"comment_status":"open","ping_status":"open","sticky":false,"template":"","format":"standard","meta":{"footnotes":""},"categories":[25],"tags":[],"class_list":["post-89263","post","type-post","status-publish","format-standard","has-post-thumbnail","hentry","category-cultura"],"yoast_head":"<!-- This site is optimized with the Yoast SEO plugin v27.5 - https:\/\/yoast.com\/product\/yoast-seo-wordpress\/ -->\n<title>Familia Zapata califica como &quot;inadecuada&quot; obra de Fabi\u00e1n Ch\u00e1irez - Canal 7 SLP - 2019<\/title>\n<meta name=\"robots\" content=\"index, follow, max-snippet:-1, max-image-preview:large, max-video-preview:-1\" \/>\n<link rel=\"canonical\" href=\"https:\/\/canal7slp.tv\/2019\/familia-zapata-califica-como-inadecuada-obra-de-fabian-chairez\/\" \/>\n<meta property=\"og:locale\" content=\"es_ES\" \/>\n<meta property=\"og:type\" content=\"article\" \/>\n<meta property=\"og:title\" content=\"Familia Zapata califica como &quot;inadecuada&quot; obra de Fabi\u00e1n Ch\u00e1irez - Canal 7 SLP - 2019\" \/>\n<meta property=\"og:description\" content=\"Se ha colocado una c\u00e9dula informativa junto a la obra \u201cLa Revoluci\u00f3n\u201d en Bellas Artes M\u00e9xico.- La familia Zapata consigui\u00f3 expresar en la sala de Bellas Artes su desacuerdo con \u201cLa Revoluci\u00f3n\u201d, de Fabi\u00e1n Ch\u00e1irez, que forma parte de la exposici\u00f3n Emiliano. \u201cZapata despu\u00e9s de Zapata\u201d, a trav\u00e9s de una c\u00e9dula informativa que fue colocada [&hellip;]\" \/>\n<meta property=\"og:url\" content=\"https:\/\/canal7slp.tv\/2019\/familia-zapata-califica-como-inadecuada-obra-de-fabian-chairez\/\" \/>\n<meta property=\"og:site_name\" content=\"Canal 7 SLP - 2019\" \/>\n<meta property=\"article:publisher\" content=\"https:\/\/www.facebook.com\/CANAL7SLP\/\" \/>\n<meta property=\"article:published_time\" content=\"2019-12-19T17:47:52+00:00\" \/>\n<meta property=\"og:image\" content=\"https:\/\/canal7slp.tv\/2019\/wp-content\/uploads\/2019\/12\/1130-14.jpg\" \/>\n\t<meta property=\"og:image:width\" content=\"659\" \/>\n\t<meta property=\"og:image:height\" content=\"410\" \/>\n\t<meta property=\"og:image:type\" content=\"image\/jpeg\" \/>\n<meta name=\"author\" content=\"edicionweb\" \/>\n<meta name=\"twitter:card\" content=\"summary_large_image\" \/>\n<meta name=\"twitter:creator\" content=\"@canal7_slp\" \/>\n<meta name=\"twitter:site\" content=\"@canal7_slp\" \/>\n<meta name=\"twitter:label1\" content=\"Escrito por\" \/>\n\t<meta name=\"twitter:data1\" content=\"edicionweb\" \/>\n\t<meta name=\"twitter:label2\" content=\"Tiempo de lectura\" \/>\n\t<meta name=\"twitter:data2\" content=\"2 minutos\" \/>\n<script type=\"application\/ld+json\" class=\"yoast-schema-graph\">{\"@context\":\"https:\\\/\\\/schema.org\",\"@graph\":[{\"@type\":\"Article\",\"@id\":\"https:\\\/\\\/canal7slp.tv\\\/2019\\\/familia-zapata-califica-como-inadecuada-obra-de-fabian-chairez\\\/#article\",\"isPartOf\":{\"@id\":\"https:\\\/\\\/canal7slp.tv\\\/2019\\\/familia-zapata-califica-como-inadecuada-obra-de-fabian-chairez\\\/\"},\"author\":{\"name\":\"edicionweb\",\"@id\":\"https:\\\/\\\/canal7slp.tv\\\/2019\\\/#\\\/schema\\\/person\\\/11d941c1c6ca30ac0a46b95fa37aa2e3\"},\"headline\":\"Familia Zapata califica como &#8220;inadecuada&#8221; obra de Fabi\u00e1n Ch\u00e1irez\",\"datePublished\":\"2019-12-19T17:47:52+00:00\",\"mainEntityOfPage\":{\"@id\":\"https:\\\/\\\/canal7slp.tv\\\/2019\\\/familia-zapata-califica-como-inadecuada-obra-de-fabian-chairez\\\/\"},\"wordCount\":420,\"commentCount\":0,\"publisher\":{\"@id\":\"https:\\\/\\\/canal7slp.tv\\\/2019\\\/#organization\"},\"image\":{\"@id\":\"https:\\\/\\\/canal7slp.tv\\\/2019\\\/familia-zapata-califica-como-inadecuada-obra-de-fabian-chairez\\\/#primaryimage\"},\"thumbnailUrl\":\"https:\\\/\\\/canal7slp.tv\\\/2019\\\/wp-content\\\/uploads\\\/2019\\\/12\\\/1130-14.jpg\",\"articleSection\":[\"CULTURA\"],\"inLanguage\":\"es\",\"potentialAction\":[{\"@type\":\"CommentAction\",\"name\":\"Comment\",\"target\":[\"https:\\\/\\\/canal7slp.tv\\\/2019\\\/familia-zapata-califica-como-inadecuada-obra-de-fabian-chairez\\\/#respond\"]}]},{\"@type\":\"WebPage\",\"@id\":\"https:\\\/\\\/canal7slp.tv\\\/2019\\\/familia-zapata-califica-como-inadecuada-obra-de-fabian-chairez\\\/\",\"url\":\"https:\\\/\\\/canal7slp.tv\\\/2019\\\/familia-zapata-califica-como-inadecuada-obra-de-fabian-chairez\\\/\",\"name\":\"Familia Zapata califica como \\\"inadecuada\\\" obra de Fabi\u00e1n Ch\u00e1irez - Canal 7 SLP - 2019\",\"isPartOf\":{\"@id\":\"https:\\\/\\\/canal7slp.tv\\\/2019\\\/#website\"},\"primaryImageOfPage\":{\"@id\":\"https:\\\/\\\/canal7slp.tv\\\/2019\\\/familia-zapata-califica-como-inadecuada-obra-de-fabian-chairez\\\/#primaryimage\"},\"image\":{\"@id\":\"https:\\\/\\\/canal7slp.tv\\\/2019\\\/familia-zapata-califica-como-inadecuada-obra-de-fabian-chairez\\\/#primaryimage\"},\"thumbnailUrl\":\"https:\\\/\\\/canal7slp.tv\\\/2019\\\/wp-content\\\/uploads\\\/2019\\\/12\\\/1130-14.jpg\",\"datePublished\":\"2019-12-19T17:47:52+00:00\",\"breadcrumb\":{\"@id\":\"https:\\\/\\\/canal7slp.tv\\\/2019\\\/familia-zapata-califica-como-inadecuada-obra-de-fabian-chairez\\\/#breadcrumb\"},\"inLanguage\":\"es\",\"potentialAction\":[{\"@type\":\"ReadAction\",\"target\":[\"https:\\\/\\\/canal7slp.tv\\\/2019\\\/familia-zapata-califica-como-inadecuada-obra-de-fabian-chairez\\\/\"]}]},{\"@type\":\"ImageObject\",\"inLanguage\":\"es\",\"@id\":\"https:\\\/\\\/canal7slp.tv\\\/2019\\\/familia-zapata-califica-como-inadecuada-obra-de-fabian-chairez\\\/#primaryimage\",\"url\":\"https:\\\/\\\/canal7slp.tv\\\/2019\\\/wp-content\\\/uploads\\\/2019\\\/12\\\/1130-14.jpg\",\"contentUrl\":\"https:\\\/\\\/canal7slp.tv\\\/2019\\\/wp-content\\\/uploads\\\/2019\\\/12\\\/1130-14.jpg\",\"width\":659,\"height\":410},{\"@type\":\"BreadcrumbList\",\"@id\":\"https:\\\/\\\/canal7slp.tv\\\/2019\\\/familia-zapata-califica-como-inadecuada-obra-de-fabian-chairez\\\/#breadcrumb\",\"itemListElement\":[{\"@type\":\"ListItem\",\"position\":1,\"name\":\"Home\",\"item\":\"https:\\\/\\\/canal7slp.tv\\\/2019\\\/\"},{\"@type\":\"ListItem\",\"position\":2,\"name\":\"Familia Zapata califica como &#8220;inadecuada&#8221; obra de Fabi\u00e1n Ch\u00e1irez\"}]},{\"@type\":\"WebSite\",\"@id\":\"https:\\\/\\\/canal7slp.tv\\\/2019\\\/#website\",\"url\":\"https:\\\/\\\/canal7slp.tv\\\/2019\\\/\",\"name\":\"Canal 7 SLP - Somos TV\",\"description\":\"Somos un Canal de 10\",\"publisher\":{\"@id\":\"https:\\\/\\\/canal7slp.tv\\\/2019\\\/#organization\"},\"potentialAction\":[{\"@type\":\"SearchAction\",\"target\":{\"@type\":\"EntryPoint\",\"urlTemplate\":\"https:\\\/\\\/canal7slp.tv\\\/2019\\\/?s={search_term_string}\"},\"query-input\":{\"@type\":\"PropertyValueSpecification\",\"valueRequired\":true,\"valueName\":\"search_term_string\"}}],\"inLanguage\":\"es\"},{\"@type\":\"Organization\",\"@id\":\"https:\\\/\\\/canal7slp.tv\\\/2019\\\/#organization\",\"name\":\"Comunicaci\u00f3n 2000 S.A. de C.V.\",\"url\":\"https:\\\/\\\/canal7slp.tv\\\/2019\\\/\",\"logo\":{\"@type\":\"ImageObject\",\"inLanguage\":\"es\",\"@id\":\"https:\\\/\\\/canal7slp.tv\\\/2019\\\/#\\\/schema\\\/logo\\\/image\\\/\",\"url\":\"https:\\\/\\\/canal7slp.tv\\\/2019\\\/wp-content\\\/uploads\\\/2019\\\/07\\\/logo-c7.png\",\"contentUrl\":\"https:\\\/\\\/canal7slp.tv\\\/2019\\\/wp-content\\\/uploads\\\/2019\\\/07\\\/logo-c7.png\",\"width\":220,\"height\":60,\"caption\":\"Comunicaci\u00f3n 2000 S.A. de C.V.\"},\"image\":{\"@id\":\"https:\\\/\\\/canal7slp.tv\\\/2019\\\/#\\\/schema\\\/logo\\\/image\\\/\"},\"sameAs\":[\"https:\\\/\\\/www.facebook.com\\\/CANAL7SLP\\\/\",\"https:\\\/\\\/x.com\\\/canal7_slp\",\"https:\\\/\\\/www.instagram.com\\\/canal7_slp\",\"https:\\\/\\\/www.youtube.com\\\/user\\\/NOTICIEROSCANAL7SLP\\\/\"]},{\"@type\":\"Person\",\"@id\":\"https:\\\/\\\/canal7slp.tv\\\/2019\\\/#\\\/schema\\\/person\\\/11d941c1c6ca30ac0a46b95fa37aa2e3\",\"name\":\"edicionweb\",\"image\":{\"@type\":\"ImageObject\",\"inLanguage\":\"es\",\"@id\":\"https:\\\/\\\/secure.gravatar.com\\\/avatar\\\/eee448fc3f7164808013b816ba91ac7e43bbe82a70bebac296f8bc6f0addaa1a?s=96&d=mm&r=g\",\"url\":\"https:\\\/\\\/secure.gravatar.com\\\/avatar\\\/eee448fc3f7164808013b816ba91ac7e43bbe82a70bebac296f8bc6f0addaa1a?s=96&d=mm&r=g\",\"contentUrl\":\"https:\\\/\\\/secure.gravatar.com\\\/avatar\\\/eee448fc3f7164808013b816ba91ac7e43bbe82a70bebac296f8bc6f0addaa1a?s=96&d=mm&r=g\",\"caption\":\"edicionweb\"}}]}<\/script>\n<!-- \/ Yoast SEO plugin. -->","yoast_head_json":{"title":"Familia Zapata califica como \"inadecuada\" obra de Fabi\u00e1n Ch\u00e1irez - Canal 7 SLP - 2019","robots":{"index":"index","follow":"follow","max-snippet":"max-snippet:-1","max-image-preview":"max-image-preview:large","max-video-preview":"max-video-preview:-1"},"canonical":"https:\/\/canal7slp.tv\/2019\/familia-zapata-califica-como-inadecuada-obra-de-fabian-chairez\/","og_locale":"es_ES","og_type":"article","og_title":"Familia Zapata califica como \"inadecuada\" obra de Fabi\u00e1n Ch\u00e1irez - Canal 7 SLP - 2019","og_description":"Se ha colocado una c\u00e9dula informativa junto a la obra \u201cLa Revoluci\u00f3n\u201d en Bellas Artes M\u00e9xico.- La familia Zapata consigui\u00f3 expresar en la sala de Bellas Artes su desacuerdo con \u201cLa Revoluci\u00f3n\u201d, de Fabi\u00e1n Ch\u00e1irez, que forma parte de la exposici\u00f3n Emiliano. \u201cZapata despu\u00e9s de Zapata\u201d, a trav\u00e9s de una c\u00e9dula informativa que fue colocada [&hellip;]","og_url":"https:\/\/canal7slp.tv\/2019\/familia-zapata-califica-como-inadecuada-obra-de-fabian-chairez\/","og_site_name":"Canal 7 SLP - 2019","article_publisher":"https:\/\/www.facebook.com\/CANAL7SLP\/","article_published_time":"2019-12-19T17:47:52+00:00","og_image":[{"width":659,"height":410,"url":"https:\/\/canal7slp.tv\/2019\/wp-content\/uploads\/2019\/12\/1130-14.jpg","type":"image\/jpeg"}],"author":"edicionweb","twitter_card":"summary_large_image","twitter_creator":"@canal7_slp","twitter_site":"@canal7_slp","twitter_misc":{"Escrito por":"edicionweb","Tiempo de lectura":"2 minutos"},"schema":{"@context":"https:\/\/schema.org","@graph":[{"@type":"Article","@id":"https:\/\/canal7slp.tv\/2019\/familia-zapata-califica-como-inadecuada-obra-de-fabian-chairez\/#article","isPartOf":{"@id":"https:\/\/canal7slp.tv\/2019\/familia-zapata-califica-como-inadecuada-obra-de-fabian-chairez\/"},"author":{"name":"edicionweb","@id":"https:\/\/canal7slp.tv\/2019\/#\/schema\/person\/11d941c1c6ca30ac0a46b95fa37aa2e3"},"headline":"Familia Zapata califica como &#8220;inadecuada&#8221; obra de Fabi\u00e1n Ch\u00e1irez","datePublished":"2019-12-19T17:47:52+00:00","mainEntityOfPage":{"@id":"https:\/\/canal7slp.tv\/2019\/familia-zapata-califica-como-inadecuada-obra-de-fabian-chairez\/"},"wordCount":420,"commentCount":0,"publisher":{"@id":"https:\/\/canal7slp.tv\/2019\/#organization"},"image":{"@id":"https:\/\/canal7slp.tv\/2019\/familia-zapata-califica-como-inadecuada-obra-de-fabian-chairez\/#primaryimage"},"thumbnailUrl":"https:\/\/canal7slp.tv\/2019\/wp-content\/uploads\/2019\/12\/1130-14.jpg","articleSection":["CULTURA"],"inLanguage":"es","potentialAction":[{"@type":"CommentAction","name":"Comment","target":["https:\/\/canal7slp.tv\/2019\/familia-zapata-califica-como-inadecuada-obra-de-fabian-chairez\/#respond"]}]},{"@type":"WebPage","@id":"https:\/\/canal7slp.tv\/2019\/familia-zapata-califica-como-inadecuada-obra-de-fabian-chairez\/","url":"https:\/\/canal7slp.tv\/2019\/familia-zapata-califica-como-inadecuada-obra-de-fabian-chairez\/","name":"Familia Zapata califica como \"inadecuada\" obra de Fabi\u00e1n Ch\u00e1irez - Canal 7 SLP - 2019","isPartOf":{"@id":"https:\/\/canal7slp.tv\/2019\/#website"},"primaryImageOfPage":{"@id":"https:\/\/canal7slp.tv\/2019\/familia-zapata-califica-como-inadecuada-obra-de-fabian-chairez\/#primaryimage"},"image":{"@id":"https:\/\/canal7slp.tv\/2019\/familia-zapata-califica-como-inadecuada-obra-de-fabian-chairez\/#primaryimage"},"thumbnailUrl":"https:\/\/canal7slp.tv\/2019\/wp-content\/uploads\/2019\/12\/1130-14.jpg","datePublished":"2019-12-19T17:47:52+00:00","breadcrumb":{"@id":"https:\/\/canal7slp.tv\/2019\/familia-zapata-califica-como-inadecuada-obra-de-fabian-chairez\/#breadcrumb"},"inLanguage":"es","potentialAction":[{"@type":"ReadAction","target":["https:\/\/canal7slp.tv\/2019\/familia-zapata-califica-como-inadecuada-obra-de-fabian-chairez\/"]}]},{"@type":"ImageObject","inLanguage":"es","@id":"https:\/\/canal7slp.tv\/2019\/familia-zapata-califica-como-inadecuada-obra-de-fabian-chairez\/#primaryimage","url":"https:\/\/canal7slp.tv\/2019\/wp-content\/uploads\/2019\/12\/1130-14.jpg","contentUrl":"https:\/\/canal7slp.tv\/2019\/wp-content\/uploads\/2019\/12\/1130-14.jpg","width":659,"height":410},{"@type":"BreadcrumbList","@id":"https:\/\/canal7slp.tv\/2019\/familia-zapata-califica-como-inadecuada-obra-de-fabian-chairez\/#breadcrumb","itemListElement":[{"@type":"ListItem","position":1,"name":"Home","item":"https:\/\/canal7slp.tv\/2019\/"},{"@type":"ListItem","position":2,"name":"Familia Zapata califica como &#8220;inadecuada&#8221; obra de Fabi\u00e1n Ch\u00e1irez"}]},{"@type":"WebSite","@id":"https:\/\/canal7slp.tv\/2019\/#website","url":"https:\/\/canal7slp.tv\/2019\/","name":"Canal 7 SLP - Somos TV","description":"Somos un Canal de 10","publisher":{"@id":"https:\/\/canal7slp.tv\/2019\/#organization"},"potentialAction":[{"@type":"SearchAction","target":{"@type":"EntryPoint","urlTemplate":"https:\/\/canal7slp.tv\/2019\/?s={search_term_string}"},"query-input":{"@type":"PropertyValueSpecification","valueRequired":true,"valueName":"search_term_string"}}],"inLanguage":"es"},{"@type":"Organization","@id":"https:\/\/canal7slp.tv\/2019\/#organization","name":"Comunicaci\u00f3n 2000 S.A. de C.V.","url":"https:\/\/canal7slp.tv\/2019\/","logo":{"@type":"ImageObject","inLanguage":"es","@id":"https:\/\/canal7slp.tv\/2019\/#\/schema\/logo\/image\/","url":"https:\/\/canal7slp.tv\/2019\/wp-content\/uploads\/2019\/07\/logo-c7.png","contentUrl":"https:\/\/canal7slp.tv\/2019\/wp-content\/uploads\/2019\/07\/logo-c7.png","width":220,"height":60,"caption":"Comunicaci\u00f3n 2000 S.A. de C.V."},"image":{"@id":"https:\/\/canal7slp.tv\/2019\/#\/schema\/logo\/image\/"},"sameAs":["https:\/\/www.facebook.com\/CANAL7SLP\/","https:\/\/x.com\/canal7_slp","https:\/\/www.instagram.com\/canal7_slp","https:\/\/www.youtube.com\/user\/NOTICIEROSCANAL7SLP\/"]},{"@type":"Person","@id":"https:\/\/canal7slp.tv\/2019\/#\/schema\/person\/11d941c1c6ca30ac0a46b95fa37aa2e3","name":"edicionweb","image":{"@type":"ImageObject","inLanguage":"es","@id":"https:\/\/secure.gravatar.com\/avatar\/eee448fc3f7164808013b816ba91ac7e43bbe82a70bebac296f8bc6f0addaa1a?s=96&d=mm&r=g","url":"https:\/\/secure.gravatar.com\/avatar\/eee448fc3f7164808013b816ba91ac7e43bbe82a70bebac296f8bc6f0addaa1a?s=96&d=mm&r=g","contentUrl":"https:\/\/secure.gravatar.com\/avatar\/eee448fc3f7164808013b816ba91ac7e43bbe82a70bebac296f8bc6f0addaa1a?s=96&d=mm&r=g","caption":"edicionweb"}}]}},"amp_enabled":true,"cmb2":{"video_ids_in_playlist":{"vid_p_videos":""},"video_ids_in_channel":{"vid_c_videos":""},"playlist_ids_in_channel":{"vid_c_playlists":""},"series_ids_in_channel":{"vid_c_series":""},"channel_images":{"vid_c_logo":"","vid_c_banner":""},"poster_feature_image":{"vid_m_poster_image":""},"gif_feature_image":{"vid_m_gif_image":""},"video_movie_settings":{"vid_m_director":"","vid_m_actor":"","vid_m_imdb_ratings":"","vid_m_amazon_associates":""},"vid_youtube_broadcasts_settings":{"vid_yb_broadcast_title":"","vid_yb_q":"","vid_yb_channelid":"","vid_yb_videocategoryid":"","vid_yb_maxresults":"","vid_yb_order":"","vid_yb_regioncode":"","vid_yb_videosyndicated":"","vid_yb_style":"","vid_yb_reload_first":""},"video_series_settings":{"vid_m_director":"","vid_m_actor":"","vid_m_imdb_ratings":"","video_series_group":""},"amazon_associates_settings":{"amazon_associates":"","amazon_native_ad":""},"vid_youtube_automatic_settings":{"vid_ya_youtube_source":"","vid_ya_update_every":"","vid_ya_update_unit":"","vid_ya_categories":"","vid_ya_published_after":"","vid_ya_published_before":"","vid_ya_playlists":"","vid_ya_channels":"","vid_ya_director":"","vid_ya_actor":"","vid_ya_author":"","vid_ya_import_post_date":"","vid_ya_status":"","vid_ya_sub_api_key":""},"vid_ads_m_videoads_settings_post":{"vid_ads_m_video_ads":"","vid_ads_m_video_ads_type":"","vid_ads_m_group_google_ima":"","vid_ads_m_group_image":"","vid_ads_m_group_html5_video":"","vid_ads_m_group_html":"","vid_ads_m_vast_preroll":"","vid_ads_m_vast_postroll":"","vid_ads_m_vast_pauseroll":"","vid_ads_m_vast_midroll":[{"vid_ads_m_vast_timer_seconds":"50"}],"vid_ads_m_time_to_show_ads":"","vid_ads_m_time_skip_ads":"","vid_ads_m_time_to_hide_ads":""},"page_slider_settings":{"display_slider_group":"","page_slider_group":""},"blog_page_settings":{"blog_page_title":"","blog_page_heading":"","blog_page_ic":"","blog_page_it":"","blog_page_ec":"","blog_page_ip":"","archive_loop_style":"","blog_image_ratio":"","blog_show_categories":"","blog_show_excerpt":"","blog_show_author":"","blog_show_date":"","blog_show_comment_count":"","blog_show_view_count":"","blog_show_like_count":"","blog_show_dislike_count":"","blog_items_per_page":"","blog_pag_type":""},"page_options":{"get_page_template":"","color_mode":"","main_layout":"","main_layout_full_with":"","main_logo":"","main_logo_retina":"","main_logo_mobile":"","main_logo_mobile_retina":"","sticky_logo":"","sticky_logo_retina":"","main_nav_layout":"","ajax_search":"","header_background":"","theme_sidebar":"","instagram_feed":"","instagram_feed_position":"","popular_videos":"","popular_videos_title_1":"","popular_videos_title_2":"","popular_videos_ic":"","popular_videos_it":"","theme_background":"","page_custom_css":""},"feature_image_settings":{"feature_image_position":""},"video_player_settings":{"single_video_style":"","video_player_position":"","vm_video_url":"","video_player_library":"","video_streaming":"","vm_media_sources":"","vid_auto_play":"","vm_video_shortcode":"","vid_p_sync_playlist":"","vid_c_sync_channel":"","get_post_format":"","multiple_links_structure":"default","multi_links_title":"","vm_video_multi_links":"","vm_duration":"","vid_social_locker":"off","vid_social_locker_id":"","vid_membership_action":"content-video","vm_video_trailer_url":"","vid_download_type":"free","vid_download_target":"download","vid_woo_product":"","vm_media_download":"","user_rating":"","user_rating_position":"","user_rating_mode":"","user_rating_multi_sets":""},"video_auto_fetch_settings":{"vm_video_fetch":"on"},"video_fake_views_likes":{"vm_fake_views":"","vm_fake_likes":"","vm_fake_dislikes":""},"gallery_settings":{"gallery_position":""},"quote_settings":{"quote_position":""},"post_options":{"main_layout":"","main_logo":"","main_logo_retina":"","main_logo_mobile":"","main_logo_mobile_retina":"","sticky_logo":"","sticky_logo_retina":"","main_nav_layout":"","header_background":"","theme_sidebar":"","single_post_comment_type":"","theme_background":""}},"_links":{"self":[{"href":"https:\/\/canal7slp.tv\/2019\/wp-json\/wp\/v2\/posts\/89263","targetHints":{"allow":["GET"]}}],"collection":[{"href":"https:\/\/canal7slp.tv\/2019\/wp-json\/wp\/v2\/posts"}],"about":[{"href":"https:\/\/canal7slp.tv\/2019\/wp-json\/wp\/v2\/types\/post"}],"author":[{"embeddable":true,"href":"https:\/\/canal7slp.tv\/2019\/wp-json\/wp\/v2\/users\/2"}],"replies":[{"embeddable":true,"href":"https:\/\/canal7slp.tv\/2019\/wp-json\/wp\/v2\/comments?post=89263"}],"version-history":[{"count":0,"href":"https:\/\/canal7slp.tv\/2019\/wp-json\/wp\/v2\/posts\/89263\/revisions"}],"wp:featuredmedia":[{"embeddable":true,"href":"https:\/\/canal7slp.tv\/2019\/wp-json\/wp\/v2\/media\/89264"}],"wp:attachment":[{"href":"https:\/\/canal7slp.tv\/2019\/wp-json\/wp\/v2\/media?parent=89263"}],"wp:term":[{"taxonomy":"category","embeddable":true,"href":"https:\/\/canal7slp.tv\/2019\/wp-json\/wp\/v2\/categories?post=89263"},{"taxonomy":"post_tag","embeddable":true,"href":"https:\/\/canal7slp.tv\/2019\/wp-json\/wp\/v2\/tags?post=89263"}],"curies":[{"name":"wp","href":"https:\/\/api.w.org\/{rel}","templated":true}]}}