{"id":89007,"date":"2019-12-18T09:11:55","date_gmt":"2019-12-18T15:11:55","guid":{"rendered":"https:\/\/canal7slp.tv\/2019\/?p=89007"},"modified":"2019-12-18T09:11:55","modified_gmt":"2019-12-18T15:11:55","slug":"calderon-era-del-grupo-delictivo-que-protegia-criminales-delgado","status":"publish","type":"post","link":"https:\/\/canal7slp.tv\/2019\/calderon-era-del-grupo-delictivo-que-protegia-criminales-delgado\/","title":{"rendered":"Calder\u00f3n era del grupo delictivo que proteg\u00eda criminales: Delgado"},"content":{"rendered":"<ul>\n<li style=\"text-align: justify\">El diputado morenista acus\u00f3 que desde la administraci\u00f3n del ex presidente se promovi\u00f3 la protecci\u00f3n de un grupo delincuencial, lo que gener\u00f3 la espiral de violencia en el pa\u00eds<\/li>\n<\/ul>\n<p style=\"text-align: justify\">M\u00e9xico.- El coordinador de la bancada de Morena en la C\u00e1mara de Diputados, Mario Delgado, acus\u00f3 que el tama\u00f1o de la espiral de violencia y criminalidad que desat\u00f3 el presidente, Felipe Calder\u00f3n, era porque \u00e9l era parte de un grupo delictivo y lo hac\u00eda a trav\u00e9s de su secretario de Seguridad P\u00fablica, Genaro Garc\u00eda Luna, y en consecuencia el ex panista michoacano era parte de esa banda.<\/p>\n<p style=\"text-align: justify\">En conferencia de prensa, Mario Delgado acus\u00f3 que desde la administraci\u00f3n de Felipe Calder\u00f3n se promovi\u00f3 la protecci\u00f3n de un grupo criminal, y el resultado fue que estallara la violencia, problema que no se ha podido revertir.<\/p>\n<p style=\"text-align: justify\">&#8220;El tama\u00f1o de la inercia de esta espiral de violencia y criminalidad que desat\u00f3 el presidente Calder\u00f3n, que dura hasta nuestros d\u00edas, y lo hizo porque \u00e9l era parte de un grupo delictivo, o sea finalmente si \u00e9l brindaba protecci\u00f3n a trav\u00e9s de Garc\u00eda Luna a un grupo delictivo, pues \u00e9l era parte de esa banda. Entonces, obviamente que si desde la Presidencia se promueve la protecci\u00f3n de un grupo criminal, pues el resultado es que el pa\u00eds estalle en violencia, y eso es lo que no se ha podido revertir y la misma estrategia la sigui\u00f3 el presidente Pe\u00f1a&#8221;, asegur\u00f3 Mario Delgado.<\/p>\n<p style=\"text-align: justify\">Explic\u00f3 que lo que est\u00e1 haciendo el Presidente Andr\u00e9s Manuel L\u00f3pez Obrador es completamente distinto, es cambiar la estrategia, &#8220;para eso modificamos la Constituci\u00f3n para crear la Guardia Nacional, para eso hay una estrategia de inversi\u00f3n social muy agresiva destinada a los j\u00f3venes, el campo, para generar oportunidades. Entonces, esa estrategia va a dar resultados positivos, lo que estamos viendo pues son los \u00faltimos coletazos de un sistema donde hab\u00eda la complicidad del Gobierno con algunos grupos delictivos&#8221;, dijo.<\/p>\n<p style=\"text-align: justify\">Agreg\u00f3 que Calder\u00f3n inici\u00f3 esta guerra contra el crimen para distraer la atenci\u00f3n de un &#8220;enorme&#8221; fraude electoral. &#8220;Utiliz\u00f3 la guerra como distractor para que al pa\u00eds se le olvidar\u00e1 que se hab\u00eda robado la elecci\u00f3n del 2006, y eso, bueno, nos sali\u00f3 car\u00edsimo y m\u00e1s ahora el conocer que se dedicaban a proteger al C\u00e1rtel de Sinaloa&#8221;.<\/p>\n<p style=\"text-align: justify\">Agreg\u00f3 que las noticias que hoy se tienen de la detenci\u00f3n en Estados Unidos de Garc\u00eda Luna, no deber\u00eda extra\u00f1arles que en este primer a\u00f1o de gobierno haya habido m\u00e1s violencia, \u00bfpor qu\u00e9? &#8220;Porque la revelaci\u00f3n de que en el sexenio de Calder\u00f3n se dedicaron a proteger a un grupo criminal, pues a lo mejor esa protecci\u00f3n daba ciertos equilibrios, pero finalmente complicidad con la delincuencia y al pa\u00eds le sali\u00f3 car\u00edsimo, hubo miles de muertos y desaparecidos, violencia y sangre en los \u00faltimos 12 a\u00f1os, todo para favorecer a un grupo criminal&#8221;.<\/p>\n<p style=\"text-align: justify\">&#8220;Entonces el que tengas ahora un gobierno que no pacta con la delincuencia, pues seguramente genera m\u00e1s enfrentamientos, pero lo que hay que hacer, desde mi punto de vista, dejar que la estrategia del gobierno federal, madure empezando por la Guardia Nacional, que est\u00e1 en plena formaci\u00f3n, la guardia tiene menos de un a\u00f1o y ya tiene 60 mil elementos y el despliegue para el 2020, ser\u00e1 de 120 mil elementos, es decir, se est\u00e1 recuperando la capacidad del Estado mexicano de poder estar en los territorios en donde la delincuencia ha ganado mucho terreno&#8221;, explic\u00f3 Mario Delgado.<\/p>\n","protected":false},"excerpt":{"rendered":"<p>El diputado morenista acus\u00f3 que desde la administraci\u00f3n del ex presidente se promovi\u00f3 la protecci\u00f3n de un grupo delincuencial, lo que gener\u00f3 la espiral de violencia en el pa\u00eds M\u00e9xico.- El coordinador de la bancada de Morena en la C\u00e1mara de Diputados, Mario Delgado, acus\u00f3 que el tama\u00f1o de la espiral de violencia y criminalidad [&hellip;]<\/p>\n","protected":false},"author":2,"featured_media":89008,"comment_status":"open","ping_status":"open","sticky":false,"template":"","format":"standard","meta":{"footnotes":""},"categories":[30],"tags":[],"class_list":["post-89007","post","type-post","status-publish","format-standard","has-post-thumbnail","hentry","category-nacional"],"yoast_head":"<!-- This site is optimized with the Yoast SEO plugin v27.5 - https:\/\/yoast.com\/product\/yoast-seo-wordpress\/ -->\n<title>Calder\u00f3n era del grupo delictivo que proteg\u00eda criminales: Delgado - Canal 7 SLP - 2019<\/title>\n<meta name=\"robots\" content=\"index, follow, max-snippet:-1, max-image-preview:large, max-video-preview:-1\" \/>\n<link rel=\"canonical\" href=\"https:\/\/canal7slp.tv\/2019\/calderon-era-del-grupo-delictivo-que-protegia-criminales-delgado\/\" \/>\n<meta property=\"og:locale\" content=\"es_ES\" \/>\n<meta property=\"og:type\" content=\"article\" \/>\n<meta property=\"og:title\" content=\"Calder\u00f3n era del grupo delictivo que proteg\u00eda criminales: Delgado - Canal 7 SLP - 2019\" \/>\n<meta property=\"og:description\" content=\"El diputado morenista acus\u00f3 que desde la administraci\u00f3n del ex presidente se promovi\u00f3 la protecci\u00f3n de un grupo delincuencial, lo que gener\u00f3 la espiral de violencia en el pa\u00eds M\u00e9xico.- El coordinador de la bancada de Morena en la C\u00e1mara de Diputados, Mario Delgado, acus\u00f3 que el tama\u00f1o de la espiral de violencia y criminalidad [&hellip;]\" \/>\n<meta property=\"og:url\" content=\"https:\/\/canal7slp.tv\/2019\/calderon-era-del-grupo-delictivo-que-protegia-criminales-delgado\/\" \/>\n<meta property=\"og:site_name\" content=\"Canal 7 SLP - 2019\" \/>\n<meta property=\"article:publisher\" content=\"https:\/\/www.facebook.com\/CANAL7SLP\/\" \/>\n<meta property=\"article:published_time\" content=\"2019-12-18T15:11:55+00:00\" \/>\n<meta property=\"og:image\" content=\"https:\/\/canal7slp.tv\/2019\/wp-content\/uploads\/2019\/12\/1000-1.jpeg\" \/>\n\t<meta property=\"og:image:width\" content=\"614\" \/>\n\t<meta property=\"og:image:height\" content=\"410\" \/>\n\t<meta property=\"og:image:type\" content=\"image\/jpeg\" \/>\n<meta name=\"author\" content=\"edicionweb\" \/>\n<meta name=\"twitter:card\" content=\"summary_large_image\" \/>\n<meta name=\"twitter:creator\" content=\"@canal7_slp\" \/>\n<meta name=\"twitter:site\" content=\"@canal7_slp\" \/>\n<meta name=\"twitter:label1\" content=\"Escrito por\" \/>\n\t<meta name=\"twitter:data1\" content=\"edicionweb\" \/>\n\t<meta name=\"twitter:label2\" content=\"Tiempo de lectura\" \/>\n\t<meta name=\"twitter:data2\" content=\"3 minutos\" \/>\n<script type=\"application\/ld+json\" class=\"yoast-schema-graph\">{\"@context\":\"https:\\\/\\\/schema.org\",\"@graph\":[{\"@type\":\"Article\",\"@id\":\"https:\\\/\\\/canal7slp.tv\\\/2019\\\/calderon-era-del-grupo-delictivo-que-protegia-criminales-delgado\\\/#article\",\"isPartOf\":{\"@id\":\"https:\\\/\\\/canal7slp.tv\\\/2019\\\/calderon-era-del-grupo-delictivo-que-protegia-criminales-delgado\\\/\"},\"author\":{\"name\":\"edicionweb\",\"@id\":\"https:\\\/\\\/canal7slp.tv\\\/2019\\\/#\\\/schema\\\/person\\\/11d941c1c6ca30ac0a46b95fa37aa2e3\"},\"headline\":\"Calder\u00f3n era del grupo delictivo que proteg\u00eda criminales: Delgado\",\"datePublished\":\"2019-12-18T15:11:55+00:00\",\"mainEntityOfPage\":{\"@id\":\"https:\\\/\\\/canal7slp.tv\\\/2019\\\/calderon-era-del-grupo-delictivo-que-protegia-criminales-delgado\\\/\"},\"wordCount\":623,\"commentCount\":0,\"publisher\":{\"@id\":\"https:\\\/\\\/canal7slp.tv\\\/2019\\\/#organization\"},\"image\":{\"@id\":\"https:\\\/\\\/canal7slp.tv\\\/2019\\\/calderon-era-del-grupo-delictivo-que-protegia-criminales-delgado\\\/#primaryimage\"},\"thumbnailUrl\":\"https:\\\/\\\/canal7slp.tv\\\/2019\\\/wp-content\\\/uploads\\\/2019\\\/12\\\/1000-1.jpeg\",\"articleSection\":[\"NACIONAL\"],\"inLanguage\":\"es\",\"potentialAction\":[{\"@type\":\"CommentAction\",\"name\":\"Comment\",\"target\":[\"https:\\\/\\\/canal7slp.tv\\\/2019\\\/calderon-era-del-grupo-delictivo-que-protegia-criminales-delgado\\\/#respond\"]}]},{\"@type\":\"WebPage\",\"@id\":\"https:\\\/\\\/canal7slp.tv\\\/2019\\\/calderon-era-del-grupo-delictivo-que-protegia-criminales-delgado\\\/\",\"url\":\"https:\\\/\\\/canal7slp.tv\\\/2019\\\/calderon-era-del-grupo-delictivo-que-protegia-criminales-delgado\\\/\",\"name\":\"Calder\u00f3n era del grupo delictivo que proteg\u00eda criminales: Delgado - Canal 7 SLP - 2019\",\"isPartOf\":{\"@id\":\"https:\\\/\\\/canal7slp.tv\\\/2019\\\/#website\"},\"primaryImageOfPage\":{\"@id\":\"https:\\\/\\\/canal7slp.tv\\\/2019\\\/calderon-era-del-grupo-delictivo-que-protegia-criminales-delgado\\\/#primaryimage\"},\"image\":{\"@id\":\"https:\\\/\\\/canal7slp.tv\\\/2019\\\/calderon-era-del-grupo-delictivo-que-protegia-criminales-delgado\\\/#primaryimage\"},\"thumbnailUrl\":\"https:\\\/\\\/canal7slp.tv\\\/2019\\\/wp-content\\\/uploads\\\/2019\\\/12\\\/1000-1.jpeg\",\"datePublished\":\"2019-12-18T15:11:55+00:00\",\"breadcrumb\":{\"@id\":\"https:\\\/\\\/canal7slp.tv\\\/2019\\\/calderon-era-del-grupo-delictivo-que-protegia-criminales-delgado\\\/#breadcrumb\"},\"inLanguage\":\"es\",\"potentialAction\":[{\"@type\":\"ReadAction\",\"target\":[\"https:\\\/\\\/canal7slp.tv\\\/2019\\\/calderon-era-del-grupo-delictivo-que-protegia-criminales-delgado\\\/\"]}]},{\"@type\":\"ImageObject\",\"inLanguage\":\"es\",\"@id\":\"https:\\\/\\\/canal7slp.tv\\\/2019\\\/calderon-era-del-grupo-delictivo-que-protegia-criminales-delgado\\\/#primaryimage\",\"url\":\"https:\\\/\\\/canal7slp.tv\\\/2019\\\/wp-content\\\/uploads\\\/2019\\\/12\\\/1000-1.jpeg\",\"contentUrl\":\"https:\\\/\\\/canal7slp.tv\\\/2019\\\/wp-content\\\/uploads\\\/2019\\\/12\\\/1000-1.jpeg\",\"width\":614,\"height\":410},{\"@type\":\"BreadcrumbList\",\"@id\":\"https:\\\/\\\/canal7slp.tv\\\/2019\\\/calderon-era-del-grupo-delictivo-que-protegia-criminales-delgado\\\/#breadcrumb\",\"itemListElement\":[{\"@type\":\"ListItem\",\"position\":1,\"name\":\"Home\",\"item\":\"https:\\\/\\\/canal7slp.tv\\\/2019\\\/\"},{\"@type\":\"ListItem\",\"position\":2,\"name\":\"Calder\u00f3n era del grupo delictivo que proteg\u00eda criminales: Delgado\"}]},{\"@type\":\"WebSite\",\"@id\":\"https:\\\/\\\/canal7slp.tv\\\/2019\\\/#website\",\"url\":\"https:\\\/\\\/canal7slp.tv\\\/2019\\\/\",\"name\":\"Canal 7 SLP - Somos TV\",\"description\":\"Somos un Canal de 10\",\"publisher\":{\"@id\":\"https:\\\/\\\/canal7slp.tv\\\/2019\\\/#organization\"},\"potentialAction\":[{\"@type\":\"SearchAction\",\"target\":{\"@type\":\"EntryPoint\",\"urlTemplate\":\"https:\\\/\\\/canal7slp.tv\\\/2019\\\/?s={search_term_string}\"},\"query-input\":{\"@type\":\"PropertyValueSpecification\",\"valueRequired\":true,\"valueName\":\"search_term_string\"}}],\"inLanguage\":\"es\"},{\"@type\":\"Organization\",\"@id\":\"https:\\\/\\\/canal7slp.tv\\\/2019\\\/#organization\",\"name\":\"Comunicaci\u00f3n 2000 S.A. de C.V.\",\"url\":\"https:\\\/\\\/canal7slp.tv\\\/2019\\\/\",\"logo\":{\"@type\":\"ImageObject\",\"inLanguage\":\"es\",\"@id\":\"https:\\\/\\\/canal7slp.tv\\\/2019\\\/#\\\/schema\\\/logo\\\/image\\\/\",\"url\":\"https:\\\/\\\/canal7slp.tv\\\/2019\\\/wp-content\\\/uploads\\\/2019\\\/07\\\/logo-c7.png\",\"contentUrl\":\"https:\\\/\\\/canal7slp.tv\\\/2019\\\/wp-content\\\/uploads\\\/2019\\\/07\\\/logo-c7.png\",\"width\":220,\"height\":60,\"caption\":\"Comunicaci\u00f3n 2000 S.A. de C.V.\"},\"image\":{\"@id\":\"https:\\\/\\\/canal7slp.tv\\\/2019\\\/#\\\/schema\\\/logo\\\/image\\\/\"},\"sameAs\":[\"https:\\\/\\\/www.facebook.com\\\/CANAL7SLP\\\/\",\"https:\\\/\\\/x.com\\\/canal7_slp\",\"https:\\\/\\\/www.instagram.com\\\/canal7_slp\",\"https:\\\/\\\/www.youtube.com\\\/user\\\/NOTICIEROSCANAL7SLP\\\/\"]},{\"@type\":\"Person\",\"@id\":\"https:\\\/\\\/canal7slp.tv\\\/2019\\\/#\\\/schema\\\/person\\\/11d941c1c6ca30ac0a46b95fa37aa2e3\",\"name\":\"edicionweb\",\"image\":{\"@type\":\"ImageObject\",\"inLanguage\":\"es\",\"@id\":\"https:\\\/\\\/secure.gravatar.com\\\/avatar\\\/eee448fc3f7164808013b816ba91ac7e43bbe82a70bebac296f8bc6f0addaa1a?s=96&d=mm&r=g\",\"url\":\"https:\\\/\\\/secure.gravatar.com\\\/avatar\\\/eee448fc3f7164808013b816ba91ac7e43bbe82a70bebac296f8bc6f0addaa1a?s=96&d=mm&r=g\",\"contentUrl\":\"https:\\\/\\\/secure.gravatar.com\\\/avatar\\\/eee448fc3f7164808013b816ba91ac7e43bbe82a70bebac296f8bc6f0addaa1a?s=96&d=mm&r=g\",\"caption\":\"edicionweb\"}}]}<\/script>\n<!-- \/ Yoast SEO plugin. -->","yoast_head_json":{"title":"Calder\u00f3n era del grupo delictivo que proteg\u00eda criminales: Delgado - Canal 7 SLP - 2019","robots":{"index":"index","follow":"follow","max-snippet":"max-snippet:-1","max-image-preview":"max-image-preview:large","max-video-preview":"max-video-preview:-1"},"canonical":"https:\/\/canal7slp.tv\/2019\/calderon-era-del-grupo-delictivo-que-protegia-criminales-delgado\/","og_locale":"es_ES","og_type":"article","og_title":"Calder\u00f3n era del grupo delictivo que proteg\u00eda criminales: Delgado - Canal 7 SLP - 2019","og_description":"El diputado morenista acus\u00f3 que desde la administraci\u00f3n del ex presidente se promovi\u00f3 la protecci\u00f3n de un grupo delincuencial, lo que gener\u00f3 la espiral de violencia en el pa\u00eds M\u00e9xico.- El coordinador de la bancada de Morena en la C\u00e1mara de Diputados, Mario Delgado, acus\u00f3 que el tama\u00f1o de la espiral de violencia y criminalidad [&hellip;]","og_url":"https:\/\/canal7slp.tv\/2019\/calderon-era-del-grupo-delictivo-que-protegia-criminales-delgado\/","og_site_name":"Canal 7 SLP - 2019","article_publisher":"https:\/\/www.facebook.com\/CANAL7SLP\/","article_published_time":"2019-12-18T15:11:55+00:00","og_image":[{"width":614,"height":410,"url":"https:\/\/canal7slp.tv\/2019\/wp-content\/uploads\/2019\/12\/1000-1.jpeg","type":"image\/jpeg"}],"author":"edicionweb","twitter_card":"summary_large_image","twitter_creator":"@canal7_slp","twitter_site":"@canal7_slp","twitter_misc":{"Escrito por":"edicionweb","Tiempo de lectura":"3 minutos"},"schema":{"@context":"https:\/\/schema.org","@graph":[{"@type":"Article","@id":"https:\/\/canal7slp.tv\/2019\/calderon-era-del-grupo-delictivo-que-protegia-criminales-delgado\/#article","isPartOf":{"@id":"https:\/\/canal7slp.tv\/2019\/calderon-era-del-grupo-delictivo-que-protegia-criminales-delgado\/"},"author":{"name":"edicionweb","@id":"https:\/\/canal7slp.tv\/2019\/#\/schema\/person\/11d941c1c6ca30ac0a46b95fa37aa2e3"},"headline":"Calder\u00f3n era del grupo delictivo que proteg\u00eda criminales: Delgado","datePublished":"2019-12-18T15:11:55+00:00","mainEntityOfPage":{"@id":"https:\/\/canal7slp.tv\/2019\/calderon-era-del-grupo-delictivo-que-protegia-criminales-delgado\/"},"wordCount":623,"commentCount":0,"publisher":{"@id":"https:\/\/canal7slp.tv\/2019\/#organization"},"image":{"@id":"https:\/\/canal7slp.tv\/2019\/calderon-era-del-grupo-delictivo-que-protegia-criminales-delgado\/#primaryimage"},"thumbnailUrl":"https:\/\/canal7slp.tv\/2019\/wp-content\/uploads\/2019\/12\/1000-1.jpeg","articleSection":["NACIONAL"],"inLanguage":"es","potentialAction":[{"@type":"CommentAction","name":"Comment","target":["https:\/\/canal7slp.tv\/2019\/calderon-era-del-grupo-delictivo-que-protegia-criminales-delgado\/#respond"]}]},{"@type":"WebPage","@id":"https:\/\/canal7slp.tv\/2019\/calderon-era-del-grupo-delictivo-que-protegia-criminales-delgado\/","url":"https:\/\/canal7slp.tv\/2019\/calderon-era-del-grupo-delictivo-que-protegia-criminales-delgado\/","name":"Calder\u00f3n era del grupo delictivo que proteg\u00eda criminales: Delgado - Canal 7 SLP - 2019","isPartOf":{"@id":"https:\/\/canal7slp.tv\/2019\/#website"},"primaryImageOfPage":{"@id":"https:\/\/canal7slp.tv\/2019\/calderon-era-del-grupo-delictivo-que-protegia-criminales-delgado\/#primaryimage"},"image":{"@id":"https:\/\/canal7slp.tv\/2019\/calderon-era-del-grupo-delictivo-que-protegia-criminales-delgado\/#primaryimage"},"thumbnailUrl":"https:\/\/canal7slp.tv\/2019\/wp-content\/uploads\/2019\/12\/1000-1.jpeg","datePublished":"2019-12-18T15:11:55+00:00","breadcrumb":{"@id":"https:\/\/canal7slp.tv\/2019\/calderon-era-del-grupo-delictivo-que-protegia-criminales-delgado\/#breadcrumb"},"inLanguage":"es","potentialAction":[{"@type":"ReadAction","target":["https:\/\/canal7slp.tv\/2019\/calderon-era-del-grupo-delictivo-que-protegia-criminales-delgado\/"]}]},{"@type":"ImageObject","inLanguage":"es","@id":"https:\/\/canal7slp.tv\/2019\/calderon-era-del-grupo-delictivo-que-protegia-criminales-delgado\/#primaryimage","url":"https:\/\/canal7slp.tv\/2019\/wp-content\/uploads\/2019\/12\/1000-1.jpeg","contentUrl":"https:\/\/canal7slp.tv\/2019\/wp-content\/uploads\/2019\/12\/1000-1.jpeg","width":614,"height":410},{"@type":"BreadcrumbList","@id":"https:\/\/canal7slp.tv\/2019\/calderon-era-del-grupo-delictivo-que-protegia-criminales-delgado\/#breadcrumb","itemListElement":[{"@type":"ListItem","position":1,"name":"Home","item":"https:\/\/canal7slp.tv\/2019\/"},{"@type":"ListItem","position":2,"name":"Calder\u00f3n era del grupo delictivo que proteg\u00eda criminales: Delgado"}]},{"@type":"WebSite","@id":"https:\/\/canal7slp.tv\/2019\/#website","url":"https:\/\/canal7slp.tv\/2019\/","name":"Canal 7 SLP - Somos TV","description":"Somos un Canal de 10","publisher":{"@id":"https:\/\/canal7slp.tv\/2019\/#organization"},"potentialAction":[{"@type":"SearchAction","target":{"@type":"EntryPoint","urlTemplate":"https:\/\/canal7slp.tv\/2019\/?s={search_term_string}"},"query-input":{"@type":"PropertyValueSpecification","valueRequired":true,"valueName":"search_term_string"}}],"inLanguage":"es"},{"@type":"Organization","@id":"https:\/\/canal7slp.tv\/2019\/#organization","name":"Comunicaci\u00f3n 2000 S.A. de C.V.","url":"https:\/\/canal7slp.tv\/2019\/","logo":{"@type":"ImageObject","inLanguage":"es","@id":"https:\/\/canal7slp.tv\/2019\/#\/schema\/logo\/image\/","url":"https:\/\/canal7slp.tv\/2019\/wp-content\/uploads\/2019\/07\/logo-c7.png","contentUrl":"https:\/\/canal7slp.tv\/2019\/wp-content\/uploads\/2019\/07\/logo-c7.png","width":220,"height":60,"caption":"Comunicaci\u00f3n 2000 S.A. de C.V."},"image":{"@id":"https:\/\/canal7slp.tv\/2019\/#\/schema\/logo\/image\/"},"sameAs":["https:\/\/www.facebook.com\/CANAL7SLP\/","https:\/\/x.com\/canal7_slp","https:\/\/www.instagram.com\/canal7_slp","https:\/\/www.youtube.com\/user\/NOTICIEROSCANAL7SLP\/"]},{"@type":"Person","@id":"https:\/\/canal7slp.tv\/2019\/#\/schema\/person\/11d941c1c6ca30ac0a46b95fa37aa2e3","name":"edicionweb","image":{"@type":"ImageObject","inLanguage":"es","@id":"https:\/\/secure.gravatar.com\/avatar\/eee448fc3f7164808013b816ba91ac7e43bbe82a70bebac296f8bc6f0addaa1a?s=96&d=mm&r=g","url":"https:\/\/secure.gravatar.com\/avatar\/eee448fc3f7164808013b816ba91ac7e43bbe82a70bebac296f8bc6f0addaa1a?s=96&d=mm&r=g","contentUrl":"https:\/\/secure.gravatar.com\/avatar\/eee448fc3f7164808013b816ba91ac7e43bbe82a70bebac296f8bc6f0addaa1a?s=96&d=mm&r=g","caption":"edicionweb"}}]}},"amp_enabled":true,"cmb2":{"video_ids_in_playlist":{"vid_p_videos":""},"video_ids_in_channel":{"vid_c_videos":""},"playlist_ids_in_channel":{"vid_c_playlists":""},"series_ids_in_channel":{"vid_c_series":""},"channel_images":{"vid_c_logo":"","vid_c_banner":""},"poster_feature_image":{"vid_m_poster_image":""},"gif_feature_image":{"vid_m_gif_image":""},"video_movie_settings":{"vid_m_director":"","vid_m_actor":"","vid_m_imdb_ratings":"","vid_m_amazon_associates":""},"vid_youtube_broadcasts_settings":{"vid_yb_broadcast_title":"","vid_yb_q":"","vid_yb_channelid":"","vid_yb_videocategoryid":"","vid_yb_maxresults":"","vid_yb_order":"","vid_yb_regioncode":"","vid_yb_videosyndicated":"","vid_yb_style":"","vid_yb_reload_first":""},"video_series_settings":{"vid_m_director":"","vid_m_actor":"","vid_m_imdb_ratings":"","video_series_group":""},"amazon_associates_settings":{"amazon_associates":"","amazon_native_ad":""},"vid_youtube_automatic_settings":{"vid_ya_youtube_source":"","vid_ya_update_every":"","vid_ya_update_unit":"","vid_ya_categories":"","vid_ya_published_after":"","vid_ya_published_before":"","vid_ya_playlists":"","vid_ya_channels":"","vid_ya_director":"","vid_ya_actor":"","vid_ya_author":"","vid_ya_import_post_date":"","vid_ya_status":"","vid_ya_sub_api_key":""},"vid_ads_m_videoads_settings_post":{"vid_ads_m_video_ads":"","vid_ads_m_video_ads_type":"","vid_ads_m_group_google_ima":"","vid_ads_m_group_image":"","vid_ads_m_group_html5_video":"","vid_ads_m_group_html":"","vid_ads_m_vast_preroll":"","vid_ads_m_vast_postroll":"","vid_ads_m_vast_pauseroll":"","vid_ads_m_vast_midroll":[{"vid_ads_m_vast_timer_seconds":"50"}],"vid_ads_m_time_to_show_ads":"","vid_ads_m_time_skip_ads":"","vid_ads_m_time_to_hide_ads":""},"page_slider_settings":{"display_slider_group":"","page_slider_group":""},"blog_page_settings":{"blog_page_title":"","blog_page_heading":"","blog_page_ic":"","blog_page_it":"","blog_page_ec":"","blog_page_ip":"","archive_loop_style":"","blog_image_ratio":"","blog_show_categories":"","blog_show_excerpt":"","blog_show_author":"","blog_show_date":"","blog_show_comment_count":"","blog_show_view_count":"","blog_show_like_count":"","blog_show_dislike_count":"","blog_items_per_page":"","blog_pag_type":""},"page_options":{"get_page_template":"","color_mode":"","main_layout":"","main_layout_full_with":"","main_logo":"","main_logo_retina":"","main_logo_mobile":"","main_logo_mobile_retina":"","sticky_logo":"","sticky_logo_retina":"","main_nav_layout":"","ajax_search":"","header_background":"","theme_sidebar":"","instagram_feed":"","instagram_feed_position":"","popular_videos":"","popular_videos_title_1":"","popular_videos_title_2":"","popular_videos_ic":"","popular_videos_it":"","theme_background":"","page_custom_css":""},"feature_image_settings":{"feature_image_position":""},"video_player_settings":{"single_video_style":"","video_player_position":"","vm_video_url":"","video_player_library":"","video_streaming":"","vm_media_sources":"","vid_auto_play":"","vm_video_shortcode":"","vid_p_sync_playlist":"","vid_c_sync_channel":"","get_post_format":"","multiple_links_structure":"default","multi_links_title":"","vm_video_multi_links":"","vm_duration":"","vid_social_locker":"off","vid_social_locker_id":"","vid_membership_action":"content-video","vm_video_trailer_url":"","vid_download_type":"free","vid_download_target":"download","vid_woo_product":"","vm_media_download":"","user_rating":"","user_rating_position":"","user_rating_mode":"","user_rating_multi_sets":""},"video_auto_fetch_settings":{"vm_video_fetch":"on"},"video_fake_views_likes":{"vm_fake_views":"","vm_fake_likes":"","vm_fake_dislikes":""},"gallery_settings":{"gallery_position":""},"quote_settings":{"quote_position":""},"post_options":{"main_layout":"","main_logo":"","main_logo_retina":"","main_logo_mobile":"","main_logo_mobile_retina":"","sticky_logo":"","sticky_logo_retina":"","main_nav_layout":"","header_background":"","theme_sidebar":"","single_post_comment_type":"","theme_background":""}},"_links":{"self":[{"href":"https:\/\/canal7slp.tv\/2019\/wp-json\/wp\/v2\/posts\/89007","targetHints":{"allow":["GET"]}}],"collection":[{"href":"https:\/\/canal7slp.tv\/2019\/wp-json\/wp\/v2\/posts"}],"about":[{"href":"https:\/\/canal7slp.tv\/2019\/wp-json\/wp\/v2\/types\/post"}],"author":[{"embeddable":true,"href":"https:\/\/canal7slp.tv\/2019\/wp-json\/wp\/v2\/users\/2"}],"replies":[{"embeddable":true,"href":"https:\/\/canal7slp.tv\/2019\/wp-json\/wp\/v2\/comments?post=89007"}],"version-history":[{"count":0,"href":"https:\/\/canal7slp.tv\/2019\/wp-json\/wp\/v2\/posts\/89007\/revisions"}],"wp:featuredmedia":[{"embeddable":true,"href":"https:\/\/canal7slp.tv\/2019\/wp-json\/wp\/v2\/media\/89008"}],"wp:attachment":[{"href":"https:\/\/canal7slp.tv\/2019\/wp-json\/wp\/v2\/media?parent=89007"}],"wp:term":[{"taxonomy":"category","embeddable":true,"href":"https:\/\/canal7slp.tv\/2019\/wp-json\/wp\/v2\/categories?post=89007"},{"taxonomy":"post_tag","embeddable":true,"href":"https:\/\/canal7slp.tv\/2019\/wp-json\/wp\/v2\/tags?post=89007"}],"curies":[{"name":"wp","href":"https:\/\/api.w.org\/{rel}","templated":true}]}}