{"id":88668,"date":"2019-12-16T16:45:25","date_gmt":"2019-12-16T22:45:25","guid":{"rendered":"https:\/\/canal7slp.tv\/2019\/?p=88668"},"modified":"2019-12-16T18:59:54","modified_gmt":"2019-12-17T00:59:54","slug":"presentan-a-memo-vazquez-como-nuevo-director-tecnico-del-atletico-de-san-luis","status":"publish","type":"post","link":"https:\/\/canal7slp.tv\/2019\/presentan-a-memo-vazquez-como-nuevo-director-tecnico-del-atletico-de-san-luis\/","title":{"rendered":"Presentan a Memo V\u00e1zquez como nuevo director t\u00e9cnico del Atl\u00e9tico de San Luis."},"content":{"rendered":"<p style=\"text-align: justify\">SLP.- El presidente del Atl\u00e9tico San Luis, Juan Alberto Marrero D\u00edaz, present\u00f3 a Guillermo V\u00e1zquez como el nuevo director t\u00e9cnico del equipo tras su salida de la escuadra del Necaxa hace unos d\u00edas.<\/p>\n<p style=\"text-align: justify\">En rueda de prensa, Marrero D\u00edaz detall\u00f3 que adem\u00e1s de contar con Guillermo V\u00e1zquez como cabeza del cuerpo t\u00e9cnico, el mismo estar\u00e1 compuesto por Jos\u00e9 Luis Salgado como auxiliar t\u00e9cnico; Ricardo G\u00f3mez como preparador f\u00edsico y Luis Vicente Miguel como entrenador de porteros.<\/p>\n<p style=\"text-align: justify\">Dijo que estos perfiles ayudar\u00e1n a recuperar la estabilidad que necesita el Club despu\u00e9s de los esc\u00e1ndalos en los que se vieron involucrados en los \u00faltimos meses.<\/p>\n<p style=\"text-align: justify\">\u201cAgradecer a Memo, a Jos\u00e9 Luis y a todo a su entorno por hoy en d\u00eda poder estar presentando nuestro cuerpo t\u00e9cnico y sin duda ellos son los que nos va ayudar a devolver la estabilidad al Club y de los problemas deportivos que llevaba el equipo\u201d, se\u00f1al\u00f3.<\/p>\n<p style=\"text-align: justify\">Adem\u00e1s, coment\u00f3 que desde un principio se tuvo clara la incorporaci\u00f3n de Memo V\u00e1zquez al equipo, quien actualmente ya firm\u00f3 un contrato de dos a\u00f1os con miras a m\u00e1s.<\/p>\n<p style=\"text-align: justify\">\u201cTen\u00edamos claro que ten\u00eda que ser un t\u00e9cnico del medio que conociera bien el medio, siempre nos ha ido bien por contar con un cuerpo t\u00e9cnico del medio\u2026 Memo tra\u00eda un equipo importante durante su \u00faltimo paso en el Necaxa, ten\u00edamos claro qui\u00e9n era nuestra primera opci\u00f3n y tenemos que esperar a que terminara con el Necaxa; termin\u00f3, empezamos hablar y se puede decir que est\u00e1 con nosotros\u201d, agreg\u00f3.<\/p>\n<p style=\"text-align: justify\">Por su parte, el nuevo director t\u00e9cnico indic\u00f3 que su objetivo ser\u00e1 hacer del Atl\u00e9tico San Luis un equipo competitivo y equilibrado donde se aproveche el m\u00e1ximo de cada uno de los jugadores.<\/p>\n<p style=\"text-align: justify\">\u201cLa idea ser hacer un equipo competitivo que le d\u00e9 pelea a todos, ser\u00e1 un equipo equilibrado que se defienda bien y que est\u00e9 qu\u00e9 bien aprovechando las cualidades que tenga el grupo, iremos conoci\u00e9ndolos m\u00e1s de cerca y d\u00eda a d\u00eda para sacar el m\u00e1ximo provecho a cada uno\u201d, asegur\u00f3.<\/p>\n<p style=\"text-align: justify\">Finalmente, anunciaron que en los pr\u00f3ximos d\u00edas llevar\u00e1n a cabo reuniones y pl\u00e1ticas para establecer posibles nuevas integraciones a la escuadra potosina.<\/p>\n<p>Por: Jos\u00e9 Luis V\u00e1zquez<\/p>\n","protected":false},"excerpt":{"rendered":"<p>SLP.- El presidente del Atl\u00e9tico San Luis, Juan Alberto Marrero D\u00edaz, present\u00f3 a Guillermo V\u00e1zquez como el nuevo director t\u00e9cnico del equipo tras su salida de la escuadra del Necaxa hace unos d\u00edas. En rueda de prensa, Marrero D\u00edaz detall\u00f3 que adem\u00e1s de contar con Guillermo V\u00e1zquez como cabeza del cuerpo t\u00e9cnico, el mismo estar\u00e1 [&hellip;]<\/p>\n","protected":false},"author":2,"featured_media":88671,"comment_status":"open","ping_status":"open","sticky":false,"template":"","format":"video","meta":{"footnotes":""},"categories":[108,17],"tags":[],"class_list":["post-88668","post","type-post","status-publish","format-video","has-post-thumbnail","hentry","category-destacadas","category-localesyregionales","post_format-post-format-video"],"yoast_head":"<!-- This site is optimized with the Yoast SEO plugin v27.5 - https:\/\/yoast.com\/product\/yoast-seo-wordpress\/ -->\n<title>Presentan a Memo V\u00e1zquez como nuevo director t\u00e9cnico del Atl\u00e9tico de San Luis. - Canal 7 SLP - 2019<\/title>\n<meta name=\"robots\" content=\"index, follow, max-snippet:-1, max-image-preview:large, max-video-preview:-1\" \/>\n<link rel=\"canonical\" href=\"https:\/\/canal7slp.tv\/2019\/presentan-a-memo-vazquez-como-nuevo-director-tecnico-del-atletico-de-san-luis\/\" \/>\n<meta property=\"og:locale\" content=\"es_ES\" \/>\n<meta property=\"og:type\" content=\"article\" \/>\n<meta property=\"og:title\" content=\"Presentan a Memo V\u00e1zquez como nuevo director t\u00e9cnico del Atl\u00e9tico de San Luis. - Canal 7 SLP - 2019\" \/>\n<meta property=\"og:description\" content=\"SLP.- El presidente del Atl\u00e9tico San Luis, Juan Alberto Marrero D\u00edaz, present\u00f3 a Guillermo V\u00e1zquez como el nuevo director t\u00e9cnico del equipo tras su salida de la escuadra del Necaxa hace unos d\u00edas. En rueda de prensa, Marrero D\u00edaz detall\u00f3 que adem\u00e1s de contar con Guillermo V\u00e1zquez como cabeza del cuerpo t\u00e9cnico, el mismo estar\u00e1 [&hellip;]\" \/>\n<meta property=\"og:url\" content=\"https:\/\/canal7slp.tv\/2019\/presentan-a-memo-vazquez-como-nuevo-director-tecnico-del-atletico-de-san-luis\/\" \/>\n<meta property=\"og:site_name\" content=\"Canal 7 SLP - 2019\" \/>\n<meta property=\"article:publisher\" content=\"https:\/\/www.facebook.com\/CANAL7SLP\/\" \/>\n<meta property=\"article:published_time\" content=\"2019-12-16T22:45:25+00:00\" \/>\n<meta property=\"article:modified_time\" content=\"2019-12-17T00:59:54+00:00\" \/>\n<meta property=\"og:image\" content=\"https:\/\/canal7slp.tv\/2019\/wp-content\/uploads\/2019\/12\/memovazquez.png\" \/>\n\t<meta property=\"og:image:width\" content=\"728\" \/>\n\t<meta property=\"og:image:height\" content=\"410\" \/>\n\t<meta property=\"og:image:type\" content=\"image\/png\" \/>\n<meta name=\"author\" content=\"edicionweb\" \/>\n<meta name=\"twitter:card\" content=\"summary_large_image\" \/>\n<meta name=\"twitter:creator\" content=\"@canal7_slp\" \/>\n<meta name=\"twitter:site\" content=\"@canal7_slp\" \/>\n<meta name=\"twitter:label1\" content=\"Escrito por\" \/>\n\t<meta name=\"twitter:data1\" content=\"edicionweb\" \/>\n\t<meta name=\"twitter:label2\" content=\"Tiempo de lectura\" \/>\n\t<meta name=\"twitter:data2\" content=\"2 minutos\" \/>\n<script type=\"application\/ld+json\" class=\"yoast-schema-graph\">{\"@context\":\"https:\\\/\\\/schema.org\",\"@graph\":[{\"@type\":\"Article\",\"@id\":\"https:\\\/\\\/canal7slp.tv\\\/2019\\\/presentan-a-memo-vazquez-como-nuevo-director-tecnico-del-atletico-de-san-luis\\\/#article\",\"isPartOf\":{\"@id\":\"https:\\\/\\\/canal7slp.tv\\\/2019\\\/presentan-a-memo-vazquez-como-nuevo-director-tecnico-del-atletico-de-san-luis\\\/\"},\"author\":{\"name\":\"edicionweb\",\"@id\":\"https:\\\/\\\/canal7slp.tv\\\/2019\\\/#\\\/schema\\\/person\\\/11d941c1c6ca30ac0a46b95fa37aa2e3\"},\"headline\":\"Presentan a Memo V\u00e1zquez como nuevo director t\u00e9cnico del Atl\u00e9tico de San Luis.\",\"datePublished\":\"2019-12-16T22:45:25+00:00\",\"dateModified\":\"2019-12-17T00:59:54+00:00\",\"mainEntityOfPage\":{\"@id\":\"https:\\\/\\\/canal7slp.tv\\\/2019\\\/presentan-a-memo-vazquez-como-nuevo-director-tecnico-del-atletico-de-san-luis\\\/\"},\"wordCount\":420,\"commentCount\":0,\"publisher\":{\"@id\":\"https:\\\/\\\/canal7slp.tv\\\/2019\\\/#organization\"},\"image\":{\"@id\":\"https:\\\/\\\/canal7slp.tv\\\/2019\\\/presentan-a-memo-vazquez-como-nuevo-director-tecnico-del-atletico-de-san-luis\\\/#primaryimage\"},\"thumbnailUrl\":\"https:\\\/\\\/canal7slp.tv\\\/2019\\\/wp-content\\\/uploads\\\/2019\\\/12\\\/memovazquez.png\",\"articleSection\":[\"DESTACADAS\",\"LOCALES Y REGIONALES\"],\"inLanguage\":\"es\",\"potentialAction\":[{\"@type\":\"CommentAction\",\"name\":\"Comment\",\"target\":[\"https:\\\/\\\/canal7slp.tv\\\/2019\\\/presentan-a-memo-vazquez-como-nuevo-director-tecnico-del-atletico-de-san-luis\\\/#respond\"]}]},{\"@type\":\"WebPage\",\"@id\":\"https:\\\/\\\/canal7slp.tv\\\/2019\\\/presentan-a-memo-vazquez-como-nuevo-director-tecnico-del-atletico-de-san-luis\\\/\",\"url\":\"https:\\\/\\\/canal7slp.tv\\\/2019\\\/presentan-a-memo-vazquez-como-nuevo-director-tecnico-del-atletico-de-san-luis\\\/\",\"name\":\"Presentan a Memo V\u00e1zquez como nuevo director t\u00e9cnico del Atl\u00e9tico de San Luis. - Canal 7 SLP - 2019\",\"isPartOf\":{\"@id\":\"https:\\\/\\\/canal7slp.tv\\\/2019\\\/#website\"},\"primaryImageOfPage\":{\"@id\":\"https:\\\/\\\/canal7slp.tv\\\/2019\\\/presentan-a-memo-vazquez-como-nuevo-director-tecnico-del-atletico-de-san-luis\\\/#primaryimage\"},\"image\":{\"@id\":\"https:\\\/\\\/canal7slp.tv\\\/2019\\\/presentan-a-memo-vazquez-como-nuevo-director-tecnico-del-atletico-de-san-luis\\\/#primaryimage\"},\"thumbnailUrl\":\"https:\\\/\\\/canal7slp.tv\\\/2019\\\/wp-content\\\/uploads\\\/2019\\\/12\\\/memovazquez.png\",\"datePublished\":\"2019-12-16T22:45:25+00:00\",\"dateModified\":\"2019-12-17T00:59:54+00:00\",\"breadcrumb\":{\"@id\":\"https:\\\/\\\/canal7slp.tv\\\/2019\\\/presentan-a-memo-vazquez-como-nuevo-director-tecnico-del-atletico-de-san-luis\\\/#breadcrumb\"},\"inLanguage\":\"es\",\"potentialAction\":[{\"@type\":\"ReadAction\",\"target\":[\"https:\\\/\\\/canal7slp.tv\\\/2019\\\/presentan-a-memo-vazquez-como-nuevo-director-tecnico-del-atletico-de-san-luis\\\/\"]}]},{\"@type\":\"ImageObject\",\"inLanguage\":\"es\",\"@id\":\"https:\\\/\\\/canal7slp.tv\\\/2019\\\/presentan-a-memo-vazquez-como-nuevo-director-tecnico-del-atletico-de-san-luis\\\/#primaryimage\",\"url\":\"https:\\\/\\\/canal7slp.tv\\\/2019\\\/wp-content\\\/uploads\\\/2019\\\/12\\\/memovazquez.png\",\"contentUrl\":\"https:\\\/\\\/canal7slp.tv\\\/2019\\\/wp-content\\\/uploads\\\/2019\\\/12\\\/memovazquez.png\",\"width\":728,\"height\":410},{\"@type\":\"BreadcrumbList\",\"@id\":\"https:\\\/\\\/canal7slp.tv\\\/2019\\\/presentan-a-memo-vazquez-como-nuevo-director-tecnico-del-atletico-de-san-luis\\\/#breadcrumb\",\"itemListElement\":[{\"@type\":\"ListItem\",\"position\":1,\"name\":\"Home\",\"item\":\"https:\\\/\\\/canal7slp.tv\\\/2019\\\/\"},{\"@type\":\"ListItem\",\"position\":2,\"name\":\"Presentan a Memo V\u00e1zquez como nuevo director t\u00e9cnico del Atl\u00e9tico de San Luis.\"}]},{\"@type\":\"WebSite\",\"@id\":\"https:\\\/\\\/canal7slp.tv\\\/2019\\\/#website\",\"url\":\"https:\\\/\\\/canal7slp.tv\\\/2019\\\/\",\"name\":\"Canal 7 SLP - Somos TV\",\"description\":\"Somos un Canal de 10\",\"publisher\":{\"@id\":\"https:\\\/\\\/canal7slp.tv\\\/2019\\\/#organization\"},\"potentialAction\":[{\"@type\":\"SearchAction\",\"target\":{\"@type\":\"EntryPoint\",\"urlTemplate\":\"https:\\\/\\\/canal7slp.tv\\\/2019\\\/?s={search_term_string}\"},\"query-input\":{\"@type\":\"PropertyValueSpecification\",\"valueRequired\":true,\"valueName\":\"search_term_string\"}}],\"inLanguage\":\"es\"},{\"@type\":\"Organization\",\"@id\":\"https:\\\/\\\/canal7slp.tv\\\/2019\\\/#organization\",\"name\":\"Comunicaci\u00f3n 2000 S.A. de C.V.\",\"url\":\"https:\\\/\\\/canal7slp.tv\\\/2019\\\/\",\"logo\":{\"@type\":\"ImageObject\",\"inLanguage\":\"es\",\"@id\":\"https:\\\/\\\/canal7slp.tv\\\/2019\\\/#\\\/schema\\\/logo\\\/image\\\/\",\"url\":\"https:\\\/\\\/canal7slp.tv\\\/2019\\\/wp-content\\\/uploads\\\/2019\\\/07\\\/logo-c7.png\",\"contentUrl\":\"https:\\\/\\\/canal7slp.tv\\\/2019\\\/wp-content\\\/uploads\\\/2019\\\/07\\\/logo-c7.png\",\"width\":220,\"height\":60,\"caption\":\"Comunicaci\u00f3n 2000 S.A. de C.V.\"},\"image\":{\"@id\":\"https:\\\/\\\/canal7slp.tv\\\/2019\\\/#\\\/schema\\\/logo\\\/image\\\/\"},\"sameAs\":[\"https:\\\/\\\/www.facebook.com\\\/CANAL7SLP\\\/\",\"https:\\\/\\\/x.com\\\/canal7_slp\",\"https:\\\/\\\/www.instagram.com\\\/canal7_slp\",\"https:\\\/\\\/www.youtube.com\\\/user\\\/NOTICIEROSCANAL7SLP\\\/\"]},{\"@type\":\"Person\",\"@id\":\"https:\\\/\\\/canal7slp.tv\\\/2019\\\/#\\\/schema\\\/person\\\/11d941c1c6ca30ac0a46b95fa37aa2e3\",\"name\":\"edicionweb\",\"image\":{\"@type\":\"ImageObject\",\"inLanguage\":\"es\",\"@id\":\"https:\\\/\\\/secure.gravatar.com\\\/avatar\\\/eee448fc3f7164808013b816ba91ac7e43bbe82a70bebac296f8bc6f0addaa1a?s=96&d=mm&r=g\",\"url\":\"https:\\\/\\\/secure.gravatar.com\\\/avatar\\\/eee448fc3f7164808013b816ba91ac7e43bbe82a70bebac296f8bc6f0addaa1a?s=96&d=mm&r=g\",\"contentUrl\":\"https:\\\/\\\/secure.gravatar.com\\\/avatar\\\/eee448fc3f7164808013b816ba91ac7e43bbe82a70bebac296f8bc6f0addaa1a?s=96&d=mm&r=g\",\"caption\":\"edicionweb\"}}]}<\/script>\n<!-- \/ Yoast SEO plugin. -->","yoast_head_json":{"title":"Presentan a Memo V\u00e1zquez como nuevo director t\u00e9cnico del Atl\u00e9tico de San Luis. - Canal 7 SLP - 2019","robots":{"index":"index","follow":"follow","max-snippet":"max-snippet:-1","max-image-preview":"max-image-preview:large","max-video-preview":"max-video-preview:-1"},"canonical":"https:\/\/canal7slp.tv\/2019\/presentan-a-memo-vazquez-como-nuevo-director-tecnico-del-atletico-de-san-luis\/","og_locale":"es_ES","og_type":"article","og_title":"Presentan a Memo V\u00e1zquez como nuevo director t\u00e9cnico del Atl\u00e9tico de San Luis. - Canal 7 SLP - 2019","og_description":"SLP.- El presidente del Atl\u00e9tico San Luis, Juan Alberto Marrero D\u00edaz, present\u00f3 a Guillermo V\u00e1zquez como el nuevo director t\u00e9cnico del equipo tras su salida de la escuadra del Necaxa hace unos d\u00edas. En rueda de prensa, Marrero D\u00edaz detall\u00f3 que adem\u00e1s de contar con Guillermo V\u00e1zquez como cabeza del cuerpo t\u00e9cnico, el mismo estar\u00e1 [&hellip;]","og_url":"https:\/\/canal7slp.tv\/2019\/presentan-a-memo-vazquez-como-nuevo-director-tecnico-del-atletico-de-san-luis\/","og_site_name":"Canal 7 SLP - 2019","article_publisher":"https:\/\/www.facebook.com\/CANAL7SLP\/","article_published_time":"2019-12-16T22:45:25+00:00","article_modified_time":"2019-12-17T00:59:54+00:00","og_image":[{"width":728,"height":410,"url":"https:\/\/canal7slp.tv\/2019\/wp-content\/uploads\/2019\/12\/memovazquez.png","type":"image\/png"}],"author":"edicionweb","twitter_card":"summary_large_image","twitter_creator":"@canal7_slp","twitter_site":"@canal7_slp","twitter_misc":{"Escrito por":"edicionweb","Tiempo de lectura":"2 minutos"},"schema":{"@context":"https:\/\/schema.org","@graph":[{"@type":"Article","@id":"https:\/\/canal7slp.tv\/2019\/presentan-a-memo-vazquez-como-nuevo-director-tecnico-del-atletico-de-san-luis\/#article","isPartOf":{"@id":"https:\/\/canal7slp.tv\/2019\/presentan-a-memo-vazquez-como-nuevo-director-tecnico-del-atletico-de-san-luis\/"},"author":{"name":"edicionweb","@id":"https:\/\/canal7slp.tv\/2019\/#\/schema\/person\/11d941c1c6ca30ac0a46b95fa37aa2e3"},"headline":"Presentan a Memo V\u00e1zquez como nuevo director t\u00e9cnico del Atl\u00e9tico de San Luis.","datePublished":"2019-12-16T22:45:25+00:00","dateModified":"2019-12-17T00:59:54+00:00","mainEntityOfPage":{"@id":"https:\/\/canal7slp.tv\/2019\/presentan-a-memo-vazquez-como-nuevo-director-tecnico-del-atletico-de-san-luis\/"},"wordCount":420,"commentCount":0,"publisher":{"@id":"https:\/\/canal7slp.tv\/2019\/#organization"},"image":{"@id":"https:\/\/canal7slp.tv\/2019\/presentan-a-memo-vazquez-como-nuevo-director-tecnico-del-atletico-de-san-luis\/#primaryimage"},"thumbnailUrl":"https:\/\/canal7slp.tv\/2019\/wp-content\/uploads\/2019\/12\/memovazquez.png","articleSection":["DESTACADAS","LOCALES Y REGIONALES"],"inLanguage":"es","potentialAction":[{"@type":"CommentAction","name":"Comment","target":["https:\/\/canal7slp.tv\/2019\/presentan-a-memo-vazquez-como-nuevo-director-tecnico-del-atletico-de-san-luis\/#respond"]}]},{"@type":"WebPage","@id":"https:\/\/canal7slp.tv\/2019\/presentan-a-memo-vazquez-como-nuevo-director-tecnico-del-atletico-de-san-luis\/","url":"https:\/\/canal7slp.tv\/2019\/presentan-a-memo-vazquez-como-nuevo-director-tecnico-del-atletico-de-san-luis\/","name":"Presentan a Memo V\u00e1zquez como nuevo director t\u00e9cnico del Atl\u00e9tico de San Luis. - Canal 7 SLP - 2019","isPartOf":{"@id":"https:\/\/canal7slp.tv\/2019\/#website"},"primaryImageOfPage":{"@id":"https:\/\/canal7slp.tv\/2019\/presentan-a-memo-vazquez-como-nuevo-director-tecnico-del-atletico-de-san-luis\/#primaryimage"},"image":{"@id":"https:\/\/canal7slp.tv\/2019\/presentan-a-memo-vazquez-como-nuevo-director-tecnico-del-atletico-de-san-luis\/#primaryimage"},"thumbnailUrl":"https:\/\/canal7slp.tv\/2019\/wp-content\/uploads\/2019\/12\/memovazquez.png","datePublished":"2019-12-16T22:45:25+00:00","dateModified":"2019-12-17T00:59:54+00:00","breadcrumb":{"@id":"https:\/\/canal7slp.tv\/2019\/presentan-a-memo-vazquez-como-nuevo-director-tecnico-del-atletico-de-san-luis\/#breadcrumb"},"inLanguage":"es","potentialAction":[{"@type":"ReadAction","target":["https:\/\/canal7slp.tv\/2019\/presentan-a-memo-vazquez-como-nuevo-director-tecnico-del-atletico-de-san-luis\/"]}]},{"@type":"ImageObject","inLanguage":"es","@id":"https:\/\/canal7slp.tv\/2019\/presentan-a-memo-vazquez-como-nuevo-director-tecnico-del-atletico-de-san-luis\/#primaryimage","url":"https:\/\/canal7slp.tv\/2019\/wp-content\/uploads\/2019\/12\/memovazquez.png","contentUrl":"https:\/\/canal7slp.tv\/2019\/wp-content\/uploads\/2019\/12\/memovazquez.png","width":728,"height":410},{"@type":"BreadcrumbList","@id":"https:\/\/canal7slp.tv\/2019\/presentan-a-memo-vazquez-como-nuevo-director-tecnico-del-atletico-de-san-luis\/#breadcrumb","itemListElement":[{"@type":"ListItem","position":1,"name":"Home","item":"https:\/\/canal7slp.tv\/2019\/"},{"@type":"ListItem","position":2,"name":"Presentan a Memo V\u00e1zquez como nuevo director t\u00e9cnico del Atl\u00e9tico de San Luis."}]},{"@type":"WebSite","@id":"https:\/\/canal7slp.tv\/2019\/#website","url":"https:\/\/canal7slp.tv\/2019\/","name":"Canal 7 SLP - Somos TV","description":"Somos un Canal de 10","publisher":{"@id":"https:\/\/canal7slp.tv\/2019\/#organization"},"potentialAction":[{"@type":"SearchAction","target":{"@type":"EntryPoint","urlTemplate":"https:\/\/canal7slp.tv\/2019\/?s={search_term_string}"},"query-input":{"@type":"PropertyValueSpecification","valueRequired":true,"valueName":"search_term_string"}}],"inLanguage":"es"},{"@type":"Organization","@id":"https:\/\/canal7slp.tv\/2019\/#organization","name":"Comunicaci\u00f3n 2000 S.A. de C.V.","url":"https:\/\/canal7slp.tv\/2019\/","logo":{"@type":"ImageObject","inLanguage":"es","@id":"https:\/\/canal7slp.tv\/2019\/#\/schema\/logo\/image\/","url":"https:\/\/canal7slp.tv\/2019\/wp-content\/uploads\/2019\/07\/logo-c7.png","contentUrl":"https:\/\/canal7slp.tv\/2019\/wp-content\/uploads\/2019\/07\/logo-c7.png","width":220,"height":60,"caption":"Comunicaci\u00f3n 2000 S.A. de C.V."},"image":{"@id":"https:\/\/canal7slp.tv\/2019\/#\/schema\/logo\/image\/"},"sameAs":["https:\/\/www.facebook.com\/CANAL7SLP\/","https:\/\/x.com\/canal7_slp","https:\/\/www.instagram.com\/canal7_slp","https:\/\/www.youtube.com\/user\/NOTICIEROSCANAL7SLP\/"]},{"@type":"Person","@id":"https:\/\/canal7slp.tv\/2019\/#\/schema\/person\/11d941c1c6ca30ac0a46b95fa37aa2e3","name":"edicionweb","image":{"@type":"ImageObject","inLanguage":"es","@id":"https:\/\/secure.gravatar.com\/avatar\/eee448fc3f7164808013b816ba91ac7e43bbe82a70bebac296f8bc6f0addaa1a?s=96&d=mm&r=g","url":"https:\/\/secure.gravatar.com\/avatar\/eee448fc3f7164808013b816ba91ac7e43bbe82a70bebac296f8bc6f0addaa1a?s=96&d=mm&r=g","contentUrl":"https:\/\/secure.gravatar.com\/avatar\/eee448fc3f7164808013b816ba91ac7e43bbe82a70bebac296f8bc6f0addaa1a?s=96&d=mm&r=g","caption":"edicionweb"}}]}},"amp_enabled":true,"cmb2":{"video_ids_in_playlist":{"vid_p_videos":""},"video_ids_in_channel":{"vid_c_videos":""},"playlist_ids_in_channel":{"vid_c_playlists":""},"series_ids_in_channel":{"vid_c_series":""},"channel_images":{"vid_c_logo":"","vid_c_banner":""},"poster_feature_image":{"vid_m_poster_image":""},"gif_feature_image":{"vid_m_gif_image":""},"video_movie_settings":{"vid_m_director":"","vid_m_actor":"","vid_m_imdb_ratings":"","vid_m_amazon_associates":""},"vid_youtube_broadcasts_settings":{"vid_yb_broadcast_title":"","vid_yb_q":"","vid_yb_channelid":"","vid_yb_videocategoryid":"","vid_yb_maxresults":"","vid_yb_order":"","vid_yb_regioncode":"","vid_yb_videosyndicated":"","vid_yb_style":"","vid_yb_reload_first":""},"video_series_settings":{"vid_m_director":"","vid_m_actor":"","vid_m_imdb_ratings":"","video_series_group":""},"amazon_associates_settings":{"amazon_associates":"","amazon_native_ad":""},"vid_youtube_automatic_settings":{"vid_ya_youtube_source":"","vid_ya_update_every":"","vid_ya_update_unit":"","vid_ya_categories":"","vid_ya_published_after":"","vid_ya_published_before":"","vid_ya_playlists":"","vid_ya_channels":"","vid_ya_director":"","vid_ya_actor":"","vid_ya_author":"","vid_ya_import_post_date":"","vid_ya_status":"","vid_ya_sub_api_key":""},"vid_ads_m_videoads_settings_post":{"vid_ads_m_video_ads":"","vid_ads_m_video_ads_type":"","vid_ads_m_group_google_ima":"","vid_ads_m_group_image":"","vid_ads_m_group_html5_video":"","vid_ads_m_group_html":"","vid_ads_m_vast_preroll":"","vid_ads_m_vast_postroll":"","vid_ads_m_vast_pauseroll":"","vid_ads_m_vast_midroll":[{"vid_ads_m_vast_timer_seconds":"50"}],"vid_ads_m_time_to_show_ads":"","vid_ads_m_time_skip_ads":"","vid_ads_m_time_to_hide_ads":""},"page_slider_settings":{"display_slider_group":"","page_slider_group":""},"blog_page_settings":{"blog_page_title":"","blog_page_heading":"","blog_page_ic":"","blog_page_it":"","blog_page_ec":"","blog_page_ip":"","archive_loop_style":"","blog_image_ratio":"","blog_show_categories":"","blog_show_excerpt":"","blog_show_author":"","blog_show_date":"","blog_show_comment_count":"","blog_show_view_count":"","blog_show_like_count":"","blog_show_dislike_count":"","blog_items_per_page":"","blog_pag_type":""},"page_options":{"get_page_template":"","color_mode":"","main_layout":"","main_layout_full_with":"","main_logo":"","main_logo_retina":"","main_logo_mobile":"","main_logo_mobile_retina":"","sticky_logo":"","sticky_logo_retina":"","main_nav_layout":"","ajax_search":"","header_background":"","theme_sidebar":"","instagram_feed":"","instagram_feed_position":"","popular_videos":"","popular_videos_title_1":"","popular_videos_title_2":"","popular_videos_ic":"","popular_videos_it":"","theme_background":"","page_custom_css":""},"feature_image_settings":{"feature_image_position":""},"video_player_settings":{"single_video_style":"","video_player_position":"","vm_video_url":"https:\/\/youtu.be\/tp7XGs-MFys","video_player_library":"","video_streaming":"","vm_media_sources":"","vid_auto_play":"","vm_video_shortcode":"","vid_p_sync_playlist":"","vid_c_sync_channel":"","get_post_format":"","multiple_links_structure":"default","multi_links_title":"","vm_video_multi_links":"","vm_duration":"","vid_social_locker":"off","vid_social_locker_id":"","vid_membership_action":"content-video","vm_video_trailer_url":"","vid_download_type":"free","vid_download_target":"download","vid_woo_product":"","vm_media_download":"","user_rating":"","user_rating_position":"","user_rating_mode":"","user_rating_multi_sets":""},"video_auto_fetch_settings":{"vm_video_fetch":"off"},"video_fake_views_likes":{"vm_fake_views":"","vm_fake_likes":"","vm_fake_dislikes":""},"gallery_settings":{"gallery_position":""},"quote_settings":{"quote_position":""},"post_options":{"main_layout":"","main_logo":"","main_logo_retina":"","main_logo_mobile":"","main_logo_mobile_retina":"","sticky_logo":"","sticky_logo_retina":"","main_nav_layout":"","header_background":"","theme_sidebar":"","single_post_comment_type":"","theme_background":""}},"_links":{"self":[{"href":"https:\/\/canal7slp.tv\/2019\/wp-json\/wp\/v2\/posts\/88668","targetHints":{"allow":["GET"]}}],"collection":[{"href":"https:\/\/canal7slp.tv\/2019\/wp-json\/wp\/v2\/posts"}],"about":[{"href":"https:\/\/canal7slp.tv\/2019\/wp-json\/wp\/v2\/types\/post"}],"author":[{"embeddable":true,"href":"https:\/\/canal7slp.tv\/2019\/wp-json\/wp\/v2\/users\/2"}],"replies":[{"embeddable":true,"href":"https:\/\/canal7slp.tv\/2019\/wp-json\/wp\/v2\/comments?post=88668"}],"version-history":[{"count":0,"href":"https:\/\/canal7slp.tv\/2019\/wp-json\/wp\/v2\/posts\/88668\/revisions"}],"wp:featuredmedia":[{"embeddable":true,"href":"https:\/\/canal7slp.tv\/2019\/wp-json\/wp\/v2\/media\/88671"}],"wp:attachment":[{"href":"https:\/\/canal7slp.tv\/2019\/wp-json\/wp\/v2\/media?parent=88668"}],"wp:term":[{"taxonomy":"category","embeddable":true,"href":"https:\/\/canal7slp.tv\/2019\/wp-json\/wp\/v2\/categories?post=88668"},{"taxonomy":"post_tag","embeddable":true,"href":"https:\/\/canal7slp.tv\/2019\/wp-json\/wp\/v2\/tags?post=88668"}],"curies":[{"name":"wp","href":"https:\/\/api.w.org\/{rel}","templated":true}]}}