{"id":88393,"date":"2019-12-14T13:10:22","date_gmt":"2019-12-14T19:10:22","guid":{"rendered":"https:\/\/canal7slp.tv\/2019\/?p=88393"},"modified":"2019-12-14T13:10:22","modified_gmt":"2019-12-14T19:10:22","slug":"trump-dispuesto-a-someterse-a-un-juicio-politico-corto-o-largo","status":"publish","type":"post","link":"https:\/\/canal7slp.tv\/2019\/trump-dispuesto-a-someterse-a-un-juicio-politico-corto-o-largo\/","title":{"rendered":"Trump, dispuesto a someterse a un juicio pol\u00edtico corto o largo"},"content":{"rendered":"<ul>\n<li style=\"text-align: justify\">El mandatario insiste en tachar de fraude al proceso que podr\u00eda llevar a su destituci\u00f3n<\/li>\n<\/ul>\n<p style=\"text-align: justify\">EUA.- El presidente de Estados Unidos, Donald Trump, expres\u00f3 este viernes su disposici\u00f3n a someterse a un posible juicio pol\u00edtico contra \u00e9l en el Senado tanto si es largo como corto, despu\u00e9s de que un comit\u00e9 de la C\u00e1mara Baja, de mayor\u00eda dem\u00f3crata, aprobara los cargos de abuso de poder y de obstrucci\u00f3n al Congreso contra el mandatario.<\/p>\n<p style=\"text-align: justify\">&#8220;Har\u00e9 lo que quiera. Miren, no hice nada malo, as\u00ed que lo har\u00e9 largo o corto&#8221;, dijo el presidente estadounidense en respuesta a una pregunta de los periodistas sobre si prefer\u00eda un juicio pol\u00edtico de mayor o menor extensi\u00f3n en el tiempo en la C\u00e1mara Alta, controlada por los republicanos.<\/p>\n<p style=\"text-align: justify\">De esta manera el mandatario reaccionaba directamente a la aprobaci\u00f3n este viernes en el Comit\u00e9 Judicial de la C\u00e1mara Baja de los cargos de abuso de poder y obstrucci\u00f3n al Congreso contra \u00e9l, con vistas a abrir un proceso de destituci\u00f3n, y que ahora se someter\u00e1n a votaci\u00f3n en el pleno de esa misma c\u00e1mara, donde es previsible que se d\u00e9 luz vez a un juicio pol\u00edtico, que finalmente se celebrar\u00eda en el Senado.<\/p>\n<p style=\"text-align: justify\">Trump asegur\u00f3 que los dem\u00f3cratas est\u00e1n haciendo el rid\u00edculo y calific\u00f3 los procedimientos para abrir un juicio pol\u00edtico contra \u00e9l de &#8220;farsa&#8221; y &#8220;fraude&#8221;.<\/p>\n<p style=\"text-align: justify\">&#8220;Toda la cosa del &#8216;impeachment&#8217; es una farsa, es un fraude. Estos dem\u00f3cratas est\u00e1n haciendo el rid\u00edculo&#8221;, dijo Trump a la prensa en la Casa Blanca al inicio de una reuni\u00f3n con su hom\u00f3logo de Paraguay, Mario Abdo Ben\u00edtez.<\/p>\n<p style=\"text-align: justify\">Consider\u00f3 que &#8220;es horrible usar la herramienta del juicio pol\u00edtico&#8221; y acus\u00f3 a la oposici\u00f3n de frivolizar la figura del &#8220;impeachment&#8221;, como se denomina en ingl\u00e9s el proceso de destituci\u00f3n de un presidente.<\/p>\n<p style=\"text-align: justify\">&#8220;Es un enga\u00f1o usar esto (el &#8220;impeachment&#8221;) por una llamada telef\u00f3nica perfecta, es un timo, est\u00e1n trivializando el juicio pol\u00edtico&#8221;, sentenci\u00f3.<\/p>\n<p style=\"text-align: justify\">En septiembre los dem\u00f3cratas anunciaron el inicio de una investigaci\u00f3n de juicio pol\u00edtico contra Trump, despu\u00e9s de que un informante revelara a los servicios de Inteligencia el contenido de una conversaci\u00f3n telef\u00f3nica en julio entre el presidente y su hom\u00f3logo de Ucrania, Volod\u00edmir Zelenski, en que el estadounidense presion\u00f3 al ucraniano para que abriera pesquisas contra su rival pol\u00edtico y ex vicepresidente, el dem\u00f3crata Joe Biden, y su hijo Hunter por supuesta corrupci\u00f3n en ese pa\u00eds.<\/p>\n<p style=\"text-align: justify\">Trump calific\u00f3 este proceso de &#8220;muy triste&#8221; para el pa\u00eds, pero consider\u00f3 que est\u00e1 siendo &#8220;muy bueno&#8221; para \u00e9l, ya que asegur\u00f3 que las encuestas se han disparado a su favor de cara a los comicios presidenciales de noviembre de 2020, en los que se presenta a la reelecci\u00f3n.<\/p>\n<p style=\"text-align: justify\">Anteriormente, la portavoz de la Casa Blanca, Stephanie Grisham, hab\u00eda apuntado en un comunicado que el presidente &#8220;desea recibir un trato justo en el Senado y un debido proceso que desgraciadamente se le siguen negando en la C\u00e1mara de Representantes&#8221;.<\/p>\n","protected":false},"excerpt":{"rendered":"<p>El mandatario insiste en tachar de fraude al proceso que podr\u00eda llevar a su destituci\u00f3n EUA.- El presidente de Estados Unidos, Donald Trump, expres\u00f3 este viernes su disposici\u00f3n a someterse a un posible juicio pol\u00edtico contra \u00e9l en el Senado tanto si es largo como corto, despu\u00e9s de que un comit\u00e9 de la C\u00e1mara Baja, [&hellip;]<\/p>\n","protected":false},"author":2,"featured_media":88394,"comment_status":"open","ping_status":"open","sticky":false,"template":"","format":"standard","meta":{"footnotes":""},"categories":[18],"tags":[],"class_list":["post-88393","post","type-post","status-publish","format-standard","has-post-thumbnail","hentry","category-internacional"],"yoast_head":"<!-- This site is optimized with the Yoast SEO plugin v27.5 - https:\/\/yoast.com\/product\/yoast-seo-wordpress\/ -->\n<title>Trump, dispuesto a someterse a un juicio pol\u00edtico corto o largo - Canal 7 SLP - 2019<\/title>\n<meta name=\"robots\" content=\"index, follow, max-snippet:-1, max-image-preview:large, max-video-preview:-1\" \/>\n<link rel=\"canonical\" href=\"https:\/\/canal7slp.tv\/2019\/trump-dispuesto-a-someterse-a-un-juicio-politico-corto-o-largo\/\" \/>\n<meta property=\"og:locale\" content=\"es_ES\" \/>\n<meta property=\"og:type\" content=\"article\" \/>\n<meta property=\"og:title\" content=\"Trump, dispuesto a someterse a un juicio pol\u00edtico corto o largo - Canal 7 SLP - 2019\" \/>\n<meta property=\"og:description\" content=\"El mandatario insiste en tachar de fraude al proceso que podr\u00eda llevar a su destituci\u00f3n EUA.- El presidente de Estados Unidos, Donald Trump, expres\u00f3 este viernes su disposici\u00f3n a someterse a un posible juicio pol\u00edtico contra \u00e9l en el Senado tanto si es largo como corto, despu\u00e9s de que un comit\u00e9 de la C\u00e1mara Baja, [&hellip;]\" \/>\n<meta property=\"og:url\" content=\"https:\/\/canal7slp.tv\/2019\/trump-dispuesto-a-someterse-a-un-juicio-politico-corto-o-largo\/\" \/>\n<meta property=\"og:site_name\" content=\"Canal 7 SLP - 2019\" \/>\n<meta property=\"article:publisher\" content=\"https:\/\/www.facebook.com\/CANAL7SLP\/\" \/>\n<meta property=\"article:published_time\" content=\"2019-12-14T19:10:22+00:00\" \/>\n<meta property=\"og:image\" content=\"https:\/\/canal7slp.tv\/2019\/wp-content\/uploads\/2019\/12\/1415-1.jpg\" \/>\n\t<meta property=\"og:image:width\" content=\"980\" \/>\n\t<meta property=\"og:image:height\" content=\"528\" \/>\n\t<meta property=\"og:image:type\" content=\"image\/jpeg\" \/>\n<meta name=\"author\" content=\"edicionweb\" \/>\n<meta name=\"twitter:card\" content=\"summary_large_image\" \/>\n<meta name=\"twitter:creator\" content=\"@canal7_slp\" \/>\n<meta name=\"twitter:site\" content=\"@canal7_slp\" \/>\n<meta name=\"twitter:label1\" content=\"Escrito por\" \/>\n\t<meta name=\"twitter:data1\" content=\"edicionweb\" \/>\n\t<meta name=\"twitter:label2\" content=\"Tiempo de lectura\" \/>\n\t<meta name=\"twitter:data2\" content=\"3 minutos\" \/>\n<script type=\"application\/ld+json\" class=\"yoast-schema-graph\">{\"@context\":\"https:\\\/\\\/schema.org\",\"@graph\":[{\"@type\":\"Article\",\"@id\":\"https:\\\/\\\/canal7slp.tv\\\/2019\\\/trump-dispuesto-a-someterse-a-un-juicio-politico-corto-o-largo\\\/#article\",\"isPartOf\":{\"@id\":\"https:\\\/\\\/canal7slp.tv\\\/2019\\\/trump-dispuesto-a-someterse-a-un-juicio-politico-corto-o-largo\\\/\"},\"author\":{\"name\":\"edicionweb\",\"@id\":\"https:\\\/\\\/canal7slp.tv\\\/2019\\\/#\\\/schema\\\/person\\\/11d941c1c6ca30ac0a46b95fa37aa2e3\"},\"headline\":\"Trump, dispuesto a someterse a un juicio pol\u00edtico corto o largo\",\"datePublished\":\"2019-12-14T19:10:22+00:00\",\"mainEntityOfPage\":{\"@id\":\"https:\\\/\\\/canal7slp.tv\\\/2019\\\/trump-dispuesto-a-someterse-a-un-juicio-politico-corto-o-largo\\\/\"},\"wordCount\":547,\"commentCount\":0,\"publisher\":{\"@id\":\"https:\\\/\\\/canal7slp.tv\\\/2019\\\/#organization\"},\"image\":{\"@id\":\"https:\\\/\\\/canal7slp.tv\\\/2019\\\/trump-dispuesto-a-someterse-a-un-juicio-politico-corto-o-largo\\\/#primaryimage\"},\"thumbnailUrl\":\"https:\\\/\\\/canal7slp.tv\\\/2019\\\/wp-content\\\/uploads\\\/2019\\\/12\\\/1415-1.jpg\",\"articleSection\":[\"INTERNACIONAL\"],\"inLanguage\":\"es\",\"potentialAction\":[{\"@type\":\"CommentAction\",\"name\":\"Comment\",\"target\":[\"https:\\\/\\\/canal7slp.tv\\\/2019\\\/trump-dispuesto-a-someterse-a-un-juicio-politico-corto-o-largo\\\/#respond\"]}]},{\"@type\":\"WebPage\",\"@id\":\"https:\\\/\\\/canal7slp.tv\\\/2019\\\/trump-dispuesto-a-someterse-a-un-juicio-politico-corto-o-largo\\\/\",\"url\":\"https:\\\/\\\/canal7slp.tv\\\/2019\\\/trump-dispuesto-a-someterse-a-un-juicio-politico-corto-o-largo\\\/\",\"name\":\"Trump, dispuesto a someterse a un juicio pol\u00edtico corto o largo - Canal 7 SLP - 2019\",\"isPartOf\":{\"@id\":\"https:\\\/\\\/canal7slp.tv\\\/2019\\\/#website\"},\"primaryImageOfPage\":{\"@id\":\"https:\\\/\\\/canal7slp.tv\\\/2019\\\/trump-dispuesto-a-someterse-a-un-juicio-politico-corto-o-largo\\\/#primaryimage\"},\"image\":{\"@id\":\"https:\\\/\\\/canal7slp.tv\\\/2019\\\/trump-dispuesto-a-someterse-a-un-juicio-politico-corto-o-largo\\\/#primaryimage\"},\"thumbnailUrl\":\"https:\\\/\\\/canal7slp.tv\\\/2019\\\/wp-content\\\/uploads\\\/2019\\\/12\\\/1415-1.jpg\",\"datePublished\":\"2019-12-14T19:10:22+00:00\",\"breadcrumb\":{\"@id\":\"https:\\\/\\\/canal7slp.tv\\\/2019\\\/trump-dispuesto-a-someterse-a-un-juicio-politico-corto-o-largo\\\/#breadcrumb\"},\"inLanguage\":\"es\",\"potentialAction\":[{\"@type\":\"ReadAction\",\"target\":[\"https:\\\/\\\/canal7slp.tv\\\/2019\\\/trump-dispuesto-a-someterse-a-un-juicio-politico-corto-o-largo\\\/\"]}]},{\"@type\":\"ImageObject\",\"inLanguage\":\"es\",\"@id\":\"https:\\\/\\\/canal7slp.tv\\\/2019\\\/trump-dispuesto-a-someterse-a-un-juicio-politico-corto-o-largo\\\/#primaryimage\",\"url\":\"https:\\\/\\\/canal7slp.tv\\\/2019\\\/wp-content\\\/uploads\\\/2019\\\/12\\\/1415-1.jpg\",\"contentUrl\":\"https:\\\/\\\/canal7slp.tv\\\/2019\\\/wp-content\\\/uploads\\\/2019\\\/12\\\/1415-1.jpg\",\"width\":980,\"height\":528},{\"@type\":\"BreadcrumbList\",\"@id\":\"https:\\\/\\\/canal7slp.tv\\\/2019\\\/trump-dispuesto-a-someterse-a-un-juicio-politico-corto-o-largo\\\/#breadcrumb\",\"itemListElement\":[{\"@type\":\"ListItem\",\"position\":1,\"name\":\"Home\",\"item\":\"https:\\\/\\\/canal7slp.tv\\\/2019\\\/\"},{\"@type\":\"ListItem\",\"position\":2,\"name\":\"Trump, dispuesto a someterse a un juicio pol\u00edtico corto o largo\"}]},{\"@type\":\"WebSite\",\"@id\":\"https:\\\/\\\/canal7slp.tv\\\/2019\\\/#website\",\"url\":\"https:\\\/\\\/canal7slp.tv\\\/2019\\\/\",\"name\":\"Canal 7 SLP - Somos TV\",\"description\":\"Somos un Canal de 10\",\"publisher\":{\"@id\":\"https:\\\/\\\/canal7slp.tv\\\/2019\\\/#organization\"},\"potentialAction\":[{\"@type\":\"SearchAction\",\"target\":{\"@type\":\"EntryPoint\",\"urlTemplate\":\"https:\\\/\\\/canal7slp.tv\\\/2019\\\/?s={search_term_string}\"},\"query-input\":{\"@type\":\"PropertyValueSpecification\",\"valueRequired\":true,\"valueName\":\"search_term_string\"}}],\"inLanguage\":\"es\"},{\"@type\":\"Organization\",\"@id\":\"https:\\\/\\\/canal7slp.tv\\\/2019\\\/#organization\",\"name\":\"Comunicaci\u00f3n 2000 S.A. de C.V.\",\"url\":\"https:\\\/\\\/canal7slp.tv\\\/2019\\\/\",\"logo\":{\"@type\":\"ImageObject\",\"inLanguage\":\"es\",\"@id\":\"https:\\\/\\\/canal7slp.tv\\\/2019\\\/#\\\/schema\\\/logo\\\/image\\\/\",\"url\":\"https:\\\/\\\/canal7slp.tv\\\/2019\\\/wp-content\\\/uploads\\\/2019\\\/07\\\/logo-c7.png\",\"contentUrl\":\"https:\\\/\\\/canal7slp.tv\\\/2019\\\/wp-content\\\/uploads\\\/2019\\\/07\\\/logo-c7.png\",\"width\":220,\"height\":60,\"caption\":\"Comunicaci\u00f3n 2000 S.A. de C.V.\"},\"image\":{\"@id\":\"https:\\\/\\\/canal7slp.tv\\\/2019\\\/#\\\/schema\\\/logo\\\/image\\\/\"},\"sameAs\":[\"https:\\\/\\\/www.facebook.com\\\/CANAL7SLP\\\/\",\"https:\\\/\\\/x.com\\\/canal7_slp\",\"https:\\\/\\\/www.instagram.com\\\/canal7_slp\",\"https:\\\/\\\/www.youtube.com\\\/user\\\/NOTICIEROSCANAL7SLP\\\/\"]},{\"@type\":\"Person\",\"@id\":\"https:\\\/\\\/canal7slp.tv\\\/2019\\\/#\\\/schema\\\/person\\\/11d941c1c6ca30ac0a46b95fa37aa2e3\",\"name\":\"edicionweb\",\"image\":{\"@type\":\"ImageObject\",\"inLanguage\":\"es\",\"@id\":\"https:\\\/\\\/secure.gravatar.com\\\/avatar\\\/eee448fc3f7164808013b816ba91ac7e43bbe82a70bebac296f8bc6f0addaa1a?s=96&d=mm&r=g\",\"url\":\"https:\\\/\\\/secure.gravatar.com\\\/avatar\\\/eee448fc3f7164808013b816ba91ac7e43bbe82a70bebac296f8bc6f0addaa1a?s=96&d=mm&r=g\",\"contentUrl\":\"https:\\\/\\\/secure.gravatar.com\\\/avatar\\\/eee448fc3f7164808013b816ba91ac7e43bbe82a70bebac296f8bc6f0addaa1a?s=96&d=mm&r=g\",\"caption\":\"edicionweb\"}}]}<\/script>\n<!-- \/ Yoast SEO plugin. -->","yoast_head_json":{"title":"Trump, dispuesto a someterse a un juicio pol\u00edtico corto o largo - Canal 7 SLP - 2019","robots":{"index":"index","follow":"follow","max-snippet":"max-snippet:-1","max-image-preview":"max-image-preview:large","max-video-preview":"max-video-preview:-1"},"canonical":"https:\/\/canal7slp.tv\/2019\/trump-dispuesto-a-someterse-a-un-juicio-politico-corto-o-largo\/","og_locale":"es_ES","og_type":"article","og_title":"Trump, dispuesto a someterse a un juicio pol\u00edtico corto o largo - Canal 7 SLP - 2019","og_description":"El mandatario insiste en tachar de fraude al proceso que podr\u00eda llevar a su destituci\u00f3n EUA.- El presidente de Estados Unidos, Donald Trump, expres\u00f3 este viernes su disposici\u00f3n a someterse a un posible juicio pol\u00edtico contra \u00e9l en el Senado tanto si es largo como corto, despu\u00e9s de que un comit\u00e9 de la C\u00e1mara Baja, [&hellip;]","og_url":"https:\/\/canal7slp.tv\/2019\/trump-dispuesto-a-someterse-a-un-juicio-politico-corto-o-largo\/","og_site_name":"Canal 7 SLP - 2019","article_publisher":"https:\/\/www.facebook.com\/CANAL7SLP\/","article_published_time":"2019-12-14T19:10:22+00:00","og_image":[{"width":980,"height":528,"url":"https:\/\/canal7slp.tv\/2019\/wp-content\/uploads\/2019\/12\/1415-1.jpg","type":"image\/jpeg"}],"author":"edicionweb","twitter_card":"summary_large_image","twitter_creator":"@canal7_slp","twitter_site":"@canal7_slp","twitter_misc":{"Escrito por":"edicionweb","Tiempo de lectura":"3 minutos"},"schema":{"@context":"https:\/\/schema.org","@graph":[{"@type":"Article","@id":"https:\/\/canal7slp.tv\/2019\/trump-dispuesto-a-someterse-a-un-juicio-politico-corto-o-largo\/#article","isPartOf":{"@id":"https:\/\/canal7slp.tv\/2019\/trump-dispuesto-a-someterse-a-un-juicio-politico-corto-o-largo\/"},"author":{"name":"edicionweb","@id":"https:\/\/canal7slp.tv\/2019\/#\/schema\/person\/11d941c1c6ca30ac0a46b95fa37aa2e3"},"headline":"Trump, dispuesto a someterse a un juicio pol\u00edtico corto o largo","datePublished":"2019-12-14T19:10:22+00:00","mainEntityOfPage":{"@id":"https:\/\/canal7slp.tv\/2019\/trump-dispuesto-a-someterse-a-un-juicio-politico-corto-o-largo\/"},"wordCount":547,"commentCount":0,"publisher":{"@id":"https:\/\/canal7slp.tv\/2019\/#organization"},"image":{"@id":"https:\/\/canal7slp.tv\/2019\/trump-dispuesto-a-someterse-a-un-juicio-politico-corto-o-largo\/#primaryimage"},"thumbnailUrl":"https:\/\/canal7slp.tv\/2019\/wp-content\/uploads\/2019\/12\/1415-1.jpg","articleSection":["INTERNACIONAL"],"inLanguage":"es","potentialAction":[{"@type":"CommentAction","name":"Comment","target":["https:\/\/canal7slp.tv\/2019\/trump-dispuesto-a-someterse-a-un-juicio-politico-corto-o-largo\/#respond"]}]},{"@type":"WebPage","@id":"https:\/\/canal7slp.tv\/2019\/trump-dispuesto-a-someterse-a-un-juicio-politico-corto-o-largo\/","url":"https:\/\/canal7slp.tv\/2019\/trump-dispuesto-a-someterse-a-un-juicio-politico-corto-o-largo\/","name":"Trump, dispuesto a someterse a un juicio pol\u00edtico corto o largo - Canal 7 SLP - 2019","isPartOf":{"@id":"https:\/\/canal7slp.tv\/2019\/#website"},"primaryImageOfPage":{"@id":"https:\/\/canal7slp.tv\/2019\/trump-dispuesto-a-someterse-a-un-juicio-politico-corto-o-largo\/#primaryimage"},"image":{"@id":"https:\/\/canal7slp.tv\/2019\/trump-dispuesto-a-someterse-a-un-juicio-politico-corto-o-largo\/#primaryimage"},"thumbnailUrl":"https:\/\/canal7slp.tv\/2019\/wp-content\/uploads\/2019\/12\/1415-1.jpg","datePublished":"2019-12-14T19:10:22+00:00","breadcrumb":{"@id":"https:\/\/canal7slp.tv\/2019\/trump-dispuesto-a-someterse-a-un-juicio-politico-corto-o-largo\/#breadcrumb"},"inLanguage":"es","potentialAction":[{"@type":"ReadAction","target":["https:\/\/canal7slp.tv\/2019\/trump-dispuesto-a-someterse-a-un-juicio-politico-corto-o-largo\/"]}]},{"@type":"ImageObject","inLanguage":"es","@id":"https:\/\/canal7slp.tv\/2019\/trump-dispuesto-a-someterse-a-un-juicio-politico-corto-o-largo\/#primaryimage","url":"https:\/\/canal7slp.tv\/2019\/wp-content\/uploads\/2019\/12\/1415-1.jpg","contentUrl":"https:\/\/canal7slp.tv\/2019\/wp-content\/uploads\/2019\/12\/1415-1.jpg","width":980,"height":528},{"@type":"BreadcrumbList","@id":"https:\/\/canal7slp.tv\/2019\/trump-dispuesto-a-someterse-a-un-juicio-politico-corto-o-largo\/#breadcrumb","itemListElement":[{"@type":"ListItem","position":1,"name":"Home","item":"https:\/\/canal7slp.tv\/2019\/"},{"@type":"ListItem","position":2,"name":"Trump, dispuesto a someterse a un juicio pol\u00edtico corto o largo"}]},{"@type":"WebSite","@id":"https:\/\/canal7slp.tv\/2019\/#website","url":"https:\/\/canal7slp.tv\/2019\/","name":"Canal 7 SLP - Somos TV","description":"Somos un Canal de 10","publisher":{"@id":"https:\/\/canal7slp.tv\/2019\/#organization"},"potentialAction":[{"@type":"SearchAction","target":{"@type":"EntryPoint","urlTemplate":"https:\/\/canal7slp.tv\/2019\/?s={search_term_string}"},"query-input":{"@type":"PropertyValueSpecification","valueRequired":true,"valueName":"search_term_string"}}],"inLanguage":"es"},{"@type":"Organization","@id":"https:\/\/canal7slp.tv\/2019\/#organization","name":"Comunicaci\u00f3n 2000 S.A. de C.V.","url":"https:\/\/canal7slp.tv\/2019\/","logo":{"@type":"ImageObject","inLanguage":"es","@id":"https:\/\/canal7slp.tv\/2019\/#\/schema\/logo\/image\/","url":"https:\/\/canal7slp.tv\/2019\/wp-content\/uploads\/2019\/07\/logo-c7.png","contentUrl":"https:\/\/canal7slp.tv\/2019\/wp-content\/uploads\/2019\/07\/logo-c7.png","width":220,"height":60,"caption":"Comunicaci\u00f3n 2000 S.A. de C.V."},"image":{"@id":"https:\/\/canal7slp.tv\/2019\/#\/schema\/logo\/image\/"},"sameAs":["https:\/\/www.facebook.com\/CANAL7SLP\/","https:\/\/x.com\/canal7_slp","https:\/\/www.instagram.com\/canal7_slp","https:\/\/www.youtube.com\/user\/NOTICIEROSCANAL7SLP\/"]},{"@type":"Person","@id":"https:\/\/canal7slp.tv\/2019\/#\/schema\/person\/11d941c1c6ca30ac0a46b95fa37aa2e3","name":"edicionweb","image":{"@type":"ImageObject","inLanguage":"es","@id":"https:\/\/secure.gravatar.com\/avatar\/eee448fc3f7164808013b816ba91ac7e43bbe82a70bebac296f8bc6f0addaa1a?s=96&d=mm&r=g","url":"https:\/\/secure.gravatar.com\/avatar\/eee448fc3f7164808013b816ba91ac7e43bbe82a70bebac296f8bc6f0addaa1a?s=96&d=mm&r=g","contentUrl":"https:\/\/secure.gravatar.com\/avatar\/eee448fc3f7164808013b816ba91ac7e43bbe82a70bebac296f8bc6f0addaa1a?s=96&d=mm&r=g","caption":"edicionweb"}}]}},"amp_enabled":true,"cmb2":{"video_ids_in_playlist":{"vid_p_videos":""},"video_ids_in_channel":{"vid_c_videos":""},"playlist_ids_in_channel":{"vid_c_playlists":""},"series_ids_in_channel":{"vid_c_series":""},"channel_images":{"vid_c_logo":"","vid_c_banner":""},"poster_feature_image":{"vid_m_poster_image":""},"gif_feature_image":{"vid_m_gif_image":""},"video_movie_settings":{"vid_m_director":"","vid_m_actor":"","vid_m_imdb_ratings":"","vid_m_amazon_associates":""},"vid_youtube_broadcasts_settings":{"vid_yb_broadcast_title":"","vid_yb_q":"","vid_yb_channelid":"","vid_yb_videocategoryid":"","vid_yb_maxresults":"","vid_yb_order":"","vid_yb_regioncode":"","vid_yb_videosyndicated":"","vid_yb_style":"","vid_yb_reload_first":""},"video_series_settings":{"vid_m_director":"","vid_m_actor":"","vid_m_imdb_ratings":"","video_series_group":""},"amazon_associates_settings":{"amazon_associates":"","amazon_native_ad":""},"vid_youtube_automatic_settings":{"vid_ya_youtube_source":"","vid_ya_update_every":"","vid_ya_update_unit":"","vid_ya_categories":"","vid_ya_published_after":"","vid_ya_published_before":"","vid_ya_playlists":"","vid_ya_channels":"","vid_ya_director":"","vid_ya_actor":"","vid_ya_author":"","vid_ya_import_post_date":"","vid_ya_status":"","vid_ya_sub_api_key":""},"vid_ads_m_videoads_settings_post":{"vid_ads_m_video_ads":"","vid_ads_m_video_ads_type":"","vid_ads_m_group_google_ima":"","vid_ads_m_group_image":"","vid_ads_m_group_html5_video":"","vid_ads_m_group_html":"","vid_ads_m_vast_preroll":"","vid_ads_m_vast_postroll":"","vid_ads_m_vast_pauseroll":"","vid_ads_m_vast_midroll":[{"vid_ads_m_vast_timer_seconds":"50"}],"vid_ads_m_time_to_show_ads":"","vid_ads_m_time_skip_ads":"","vid_ads_m_time_to_hide_ads":""},"page_slider_settings":{"display_slider_group":"","page_slider_group":""},"blog_page_settings":{"blog_page_title":"","blog_page_heading":"","blog_page_ic":"","blog_page_it":"","blog_page_ec":"","blog_page_ip":"","archive_loop_style":"","blog_image_ratio":"","blog_show_categories":"","blog_show_excerpt":"","blog_show_author":"","blog_show_date":"","blog_show_comment_count":"","blog_show_view_count":"","blog_show_like_count":"","blog_show_dislike_count":"","blog_items_per_page":"","blog_pag_type":""},"page_options":{"get_page_template":"","color_mode":"","main_layout":"","main_layout_full_with":"","main_logo":"","main_logo_retina":"","main_logo_mobile":"","main_logo_mobile_retina":"","sticky_logo":"","sticky_logo_retina":"","main_nav_layout":"","ajax_search":"","header_background":"","theme_sidebar":"","instagram_feed":"","instagram_feed_position":"","popular_videos":"","popular_videos_title_1":"","popular_videos_title_2":"","popular_videos_ic":"","popular_videos_it":"","theme_background":"","page_custom_css":""},"feature_image_settings":{"feature_image_position":""},"video_player_settings":{"single_video_style":"","video_player_position":"","vm_video_url":"","video_player_library":"","video_streaming":"","vm_media_sources":"","vid_auto_play":"","vm_video_shortcode":"","vid_p_sync_playlist":"","vid_c_sync_channel":"","get_post_format":"","multiple_links_structure":"default","multi_links_title":"","vm_video_multi_links":"","vm_duration":"","vid_social_locker":"off","vid_social_locker_id":"","vid_membership_action":"content-video","vm_video_trailer_url":"","vid_download_type":"free","vid_download_target":"download","vid_woo_product":"","vm_media_download":"","user_rating":"","user_rating_position":"","user_rating_mode":"","user_rating_multi_sets":""},"video_auto_fetch_settings":{"vm_video_fetch":"on"},"video_fake_views_likes":{"vm_fake_views":"","vm_fake_likes":"","vm_fake_dislikes":""},"gallery_settings":{"gallery_position":""},"quote_settings":{"quote_position":""},"post_options":{"main_layout":"","main_logo":"","main_logo_retina":"","main_logo_mobile":"","main_logo_mobile_retina":"","sticky_logo":"","sticky_logo_retina":"","main_nav_layout":"","header_background":"","theme_sidebar":"","single_post_comment_type":"","theme_background":""}},"_links":{"self":[{"href":"https:\/\/canal7slp.tv\/2019\/wp-json\/wp\/v2\/posts\/88393","targetHints":{"allow":["GET"]}}],"collection":[{"href":"https:\/\/canal7slp.tv\/2019\/wp-json\/wp\/v2\/posts"}],"about":[{"href":"https:\/\/canal7slp.tv\/2019\/wp-json\/wp\/v2\/types\/post"}],"author":[{"embeddable":true,"href":"https:\/\/canal7slp.tv\/2019\/wp-json\/wp\/v2\/users\/2"}],"replies":[{"embeddable":true,"href":"https:\/\/canal7slp.tv\/2019\/wp-json\/wp\/v2\/comments?post=88393"}],"version-history":[{"count":0,"href":"https:\/\/canal7slp.tv\/2019\/wp-json\/wp\/v2\/posts\/88393\/revisions"}],"wp:featuredmedia":[{"embeddable":true,"href":"https:\/\/canal7slp.tv\/2019\/wp-json\/wp\/v2\/media\/88394"}],"wp:attachment":[{"href":"https:\/\/canal7slp.tv\/2019\/wp-json\/wp\/v2\/media?parent=88393"}],"wp:term":[{"taxonomy":"category","embeddable":true,"href":"https:\/\/canal7slp.tv\/2019\/wp-json\/wp\/v2\/categories?post=88393"},{"taxonomy":"post_tag","embeddable":true,"href":"https:\/\/canal7slp.tv\/2019\/wp-json\/wp\/v2\/tags?post=88393"}],"curies":[{"name":"wp","href":"https:\/\/api.w.org\/{rel}","templated":true}]}}