{"id":88387,"date":"2019-12-14T12:31:53","date_gmt":"2019-12-14T18:31:53","guid":{"rendered":"https:\/\/canal7slp.tv\/2019\/?p=88387"},"modified":"2019-12-14T12:31:53","modified_gmt":"2019-12-14T18:31:53","slug":"gobierno-argentino-sube-impuestos-a-exportaciones-agropecuarias","status":"publish","type":"post","link":"https:\/\/canal7slp.tv\/2019\/gobierno-argentino-sube-impuestos-a-exportaciones-agropecuarias\/","title":{"rendered":"Gobierno argentino sube impuestos a exportaciones agropecuarias"},"content":{"rendered":"<ul>\n<li style=\"text-align: justify\">Una medida adoptada en medio de la crisis econ\u00f3mica que atraviesa el pa\u00eds, uno de los mayores productores y exportadores de granos y derivados del mundo<\/li>\n<\/ul>\n<p style=\"text-align: justify\">Argentina.- El nuevo gobierno de Argentina resolvi\u00f3 este s\u00e1bado aumentar los impuestos a las exportaciones agropecuarias, una medida adoptada en medio de la crisis econ\u00f3mica que atraviesa el pa\u00eds sudamericano, uno de los mayores productores y exportadores de granos y derivados del mundo.<\/p>\n<p style=\"text-align: justify\">Mediante un decreto y una resoluci\u00f3n publicadas este d\u00eda en el Bolet\u00edn Oficial, el ejecutivo de Alberto Fern\u00e1ndez modific\u00f3 el sistema de derechos de exportaci\u00f3n que hab\u00eda puesto en marcha en septiembre de 2018 el Gobierno de Mauricio Macri (2015-2019).<\/p>\n<p style=\"text-align: justify\">En el decreto, se alega que la aplicaci\u00f3n de derechos de exportaci\u00f3n constituye &#8220;un instrumento esencial de la pol\u00edtica econ\u00f3mica nacional&#8221; y que &#8220;teniendo en cuenta la grave situaci\u00f3n por la que atraviesan las finanzas p\u00fablicas, resulta necesaria la adopci\u00f3n de urgentes medidas de car\u00e1cter fiscal que permitan atender, al menos parcialmente, las erogaciones presupuestarias con recursos genuinos&#8221;.<\/p>\n<p style=\"text-align: justify\">Hasta ahora, las exportaciones agropecuarias estaban gravadas por una tasa de cuatro pesos (seis centavos de d\u00f3lar) por cada d\u00f3lar exportado.<\/p>\n<p style=\"text-align: justify\">Pero el ejecutivo aleg\u00f3 que desde que se implement\u00f3 ese esquema, &#8220;se produjo un deterioro del valor del pesos con respecto al d\u00f3lar&#8221;, &#8220;lo que ha representado, al 10 de diciembre de 2019, una devaluaci\u00f3n mayor al 60%&#8221;.<\/p>\n<p style=\"text-align: justify\">Con el nuevo esquema, se elimina el pago de esa tasa y se la sustituye por una al\u00edcuota del 9% para todos los productos en general.<\/p>\n<p style=\"text-align: justify\">Pero para algunos productos, como la soja, el principal producto de exportaci\u00f3n de Argentina y sobre la que hasta ahora pesaba ya una al\u00edcuota del 18%, pasar\u00eda a tener una del 27%.<\/p>\n<p style=\"text-align: justify\">El gobierno ha cerrado hasta el pr\u00f3ximo lunes del registro de exportaciones para hacer las modificaciones en el sistema, incorporando los nuevos derechos de exportaci\u00f3n, conocidos tambi\u00e9n como &#8220;retenciones&#8221;.<\/p>\n<p style=\"text-align: justify\">Alberto Fern\u00e1ndez, que asumi\u00f3 la Presidencia argentina el martes pasado, hab\u00eda dejado ver durante la campa\u00f1a la posibilidad de un aumento de las retenciones ante la necesidad de ingresos para hacer frente a las dificultades fiscales de Argentina, en recesi\u00f3n desde abril de 2018.<\/p>\n<p style=\"text-align: justify\">Los impuestos a las exportaciones fueron eje de un severo conflicto entre el sector rural y el gobierno argentino en 2008, cuando Fern\u00e1ndez era jefe de Gabinete del Ejecutivo de Cristina Fern\u00e1ndez (2007-2015).<\/p>\n<p style=\"text-align: justify\">Aquel conflicto incluy\u00f3 prolongadas protestas por parte de las patronales rurales, con bloqueos de carreteras y huelgas de comercializaci\u00f3n de productos agropecuarios, lo que en aquel a\u00f1o impact\u00f3 de lleno en la actividad econ\u00f3mica del pa\u00eds.<\/p>\n<p style=\"text-align: justify\">Alberto Fern\u00e1ndez dej\u00f3 la jefatura de gabinete a mediados de 2008, en medio del conflicto.<\/p>\n","protected":false},"excerpt":{"rendered":"<p>Una medida adoptada en medio de la crisis econ\u00f3mica que atraviesa el pa\u00eds, uno de los mayores productores y exportadores de granos y derivados del mundo Argentina.- El nuevo gobierno de Argentina resolvi\u00f3 este s\u00e1bado aumentar los impuestos a las exportaciones agropecuarias, una medida adoptada en medio de la crisis econ\u00f3mica que atraviesa el pa\u00eds [&hellip;]<\/p>\n","protected":false},"author":2,"featured_media":88388,"comment_status":"open","ping_status":"open","sticky":false,"template":"","format":"standard","meta":{"footnotes":""},"categories":[18],"tags":[],"class_list":["post-88387","post","type-post","status-publish","format-standard","has-post-thumbnail","hentry","category-internacional"],"yoast_head":"<!-- This site is optimized with the Yoast SEO plugin v27.5 - https:\/\/yoast.com\/product\/yoast-seo-wordpress\/ -->\n<title>Gobierno argentino sube impuestos a exportaciones agropecuarias - Canal 7 SLP - 2019<\/title>\n<meta name=\"robots\" content=\"index, follow, max-snippet:-1, max-image-preview:large, max-video-preview:-1\" \/>\n<link rel=\"canonical\" href=\"https:\/\/canal7slp.tv\/2019\/gobierno-argentino-sube-impuestos-a-exportaciones-agropecuarias\/\" \/>\n<meta property=\"og:locale\" content=\"es_ES\" \/>\n<meta property=\"og:type\" content=\"article\" \/>\n<meta property=\"og:title\" content=\"Gobierno argentino sube impuestos a exportaciones agropecuarias - Canal 7 SLP - 2019\" \/>\n<meta property=\"og:description\" content=\"Una medida adoptada en medio de la crisis econ\u00f3mica que atraviesa el pa\u00eds, uno de los mayores productores y exportadores de granos y derivados del mundo Argentina.- El nuevo gobierno de Argentina resolvi\u00f3 este s\u00e1bado aumentar los impuestos a las exportaciones agropecuarias, una medida adoptada en medio de la crisis econ\u00f3mica que atraviesa el pa\u00eds [&hellip;]\" \/>\n<meta property=\"og:url\" content=\"https:\/\/canal7slp.tv\/2019\/gobierno-argentino-sube-impuestos-a-exportaciones-agropecuarias\/\" \/>\n<meta property=\"og:site_name\" content=\"Canal 7 SLP - 2019\" \/>\n<meta property=\"article:publisher\" content=\"https:\/\/www.facebook.com\/CANAL7SLP\/\" \/>\n<meta property=\"article:published_time\" content=\"2019-12-14T18:31:53+00:00\" \/>\n<meta property=\"og:image\" content=\"https:\/\/canal7slp.tv\/2019\/wp-content\/uploads\/2019\/12\/1345-3.jpg\" \/>\n\t<meta property=\"og:image:width\" content=\"728\" \/>\n\t<meta property=\"og:image:height\" content=\"410\" \/>\n\t<meta property=\"og:image:type\" content=\"image\/jpeg\" \/>\n<meta name=\"author\" content=\"edicionweb\" \/>\n<meta name=\"twitter:card\" content=\"summary_large_image\" \/>\n<meta name=\"twitter:creator\" content=\"@canal7_slp\" \/>\n<meta name=\"twitter:site\" content=\"@canal7_slp\" \/>\n<meta name=\"twitter:label1\" content=\"Escrito por\" \/>\n\t<meta name=\"twitter:data1\" content=\"edicionweb\" \/>\n\t<meta name=\"twitter:label2\" content=\"Tiempo de lectura\" \/>\n\t<meta name=\"twitter:data2\" content=\"2 minutos\" \/>\n<script type=\"application\/ld+json\" class=\"yoast-schema-graph\">{\"@context\":\"https:\\\/\\\/schema.org\",\"@graph\":[{\"@type\":\"Article\",\"@id\":\"https:\\\/\\\/canal7slp.tv\\\/2019\\\/gobierno-argentino-sube-impuestos-a-exportaciones-agropecuarias\\\/#article\",\"isPartOf\":{\"@id\":\"https:\\\/\\\/canal7slp.tv\\\/2019\\\/gobierno-argentino-sube-impuestos-a-exportaciones-agropecuarias\\\/\"},\"author\":{\"name\":\"edicionweb\",\"@id\":\"https:\\\/\\\/canal7slp.tv\\\/2019\\\/#\\\/schema\\\/person\\\/11d941c1c6ca30ac0a46b95fa37aa2e3\"},\"headline\":\"Gobierno argentino sube impuestos a exportaciones agropecuarias\",\"datePublished\":\"2019-12-14T18:31:53+00:00\",\"mainEntityOfPage\":{\"@id\":\"https:\\\/\\\/canal7slp.tv\\\/2019\\\/gobierno-argentino-sube-impuestos-a-exportaciones-agropecuarias\\\/\"},\"wordCount\":480,\"commentCount\":0,\"publisher\":{\"@id\":\"https:\\\/\\\/canal7slp.tv\\\/2019\\\/#organization\"},\"image\":{\"@id\":\"https:\\\/\\\/canal7slp.tv\\\/2019\\\/gobierno-argentino-sube-impuestos-a-exportaciones-agropecuarias\\\/#primaryimage\"},\"thumbnailUrl\":\"https:\\\/\\\/canal7slp.tv\\\/2019\\\/wp-content\\\/uploads\\\/2019\\\/12\\\/1345-3.jpg\",\"articleSection\":[\"INTERNACIONAL\"],\"inLanguage\":\"es\",\"potentialAction\":[{\"@type\":\"CommentAction\",\"name\":\"Comment\",\"target\":[\"https:\\\/\\\/canal7slp.tv\\\/2019\\\/gobierno-argentino-sube-impuestos-a-exportaciones-agropecuarias\\\/#respond\"]}]},{\"@type\":\"WebPage\",\"@id\":\"https:\\\/\\\/canal7slp.tv\\\/2019\\\/gobierno-argentino-sube-impuestos-a-exportaciones-agropecuarias\\\/\",\"url\":\"https:\\\/\\\/canal7slp.tv\\\/2019\\\/gobierno-argentino-sube-impuestos-a-exportaciones-agropecuarias\\\/\",\"name\":\"Gobierno argentino sube impuestos a exportaciones agropecuarias - Canal 7 SLP - 2019\",\"isPartOf\":{\"@id\":\"https:\\\/\\\/canal7slp.tv\\\/2019\\\/#website\"},\"primaryImageOfPage\":{\"@id\":\"https:\\\/\\\/canal7slp.tv\\\/2019\\\/gobierno-argentino-sube-impuestos-a-exportaciones-agropecuarias\\\/#primaryimage\"},\"image\":{\"@id\":\"https:\\\/\\\/canal7slp.tv\\\/2019\\\/gobierno-argentino-sube-impuestos-a-exportaciones-agropecuarias\\\/#primaryimage\"},\"thumbnailUrl\":\"https:\\\/\\\/canal7slp.tv\\\/2019\\\/wp-content\\\/uploads\\\/2019\\\/12\\\/1345-3.jpg\",\"datePublished\":\"2019-12-14T18:31:53+00:00\",\"breadcrumb\":{\"@id\":\"https:\\\/\\\/canal7slp.tv\\\/2019\\\/gobierno-argentino-sube-impuestos-a-exportaciones-agropecuarias\\\/#breadcrumb\"},\"inLanguage\":\"es\",\"potentialAction\":[{\"@type\":\"ReadAction\",\"target\":[\"https:\\\/\\\/canal7slp.tv\\\/2019\\\/gobierno-argentino-sube-impuestos-a-exportaciones-agropecuarias\\\/\"]}]},{\"@type\":\"ImageObject\",\"inLanguage\":\"es\",\"@id\":\"https:\\\/\\\/canal7slp.tv\\\/2019\\\/gobierno-argentino-sube-impuestos-a-exportaciones-agropecuarias\\\/#primaryimage\",\"url\":\"https:\\\/\\\/canal7slp.tv\\\/2019\\\/wp-content\\\/uploads\\\/2019\\\/12\\\/1345-3.jpg\",\"contentUrl\":\"https:\\\/\\\/canal7slp.tv\\\/2019\\\/wp-content\\\/uploads\\\/2019\\\/12\\\/1345-3.jpg\",\"width\":728,\"height\":410},{\"@type\":\"BreadcrumbList\",\"@id\":\"https:\\\/\\\/canal7slp.tv\\\/2019\\\/gobierno-argentino-sube-impuestos-a-exportaciones-agropecuarias\\\/#breadcrumb\",\"itemListElement\":[{\"@type\":\"ListItem\",\"position\":1,\"name\":\"Home\",\"item\":\"https:\\\/\\\/canal7slp.tv\\\/2019\\\/\"},{\"@type\":\"ListItem\",\"position\":2,\"name\":\"Gobierno argentino sube impuestos a exportaciones agropecuarias\"}]},{\"@type\":\"WebSite\",\"@id\":\"https:\\\/\\\/canal7slp.tv\\\/2019\\\/#website\",\"url\":\"https:\\\/\\\/canal7slp.tv\\\/2019\\\/\",\"name\":\"Canal 7 SLP - Somos TV\",\"description\":\"Somos un Canal de 10\",\"publisher\":{\"@id\":\"https:\\\/\\\/canal7slp.tv\\\/2019\\\/#organization\"},\"potentialAction\":[{\"@type\":\"SearchAction\",\"target\":{\"@type\":\"EntryPoint\",\"urlTemplate\":\"https:\\\/\\\/canal7slp.tv\\\/2019\\\/?s={search_term_string}\"},\"query-input\":{\"@type\":\"PropertyValueSpecification\",\"valueRequired\":true,\"valueName\":\"search_term_string\"}}],\"inLanguage\":\"es\"},{\"@type\":\"Organization\",\"@id\":\"https:\\\/\\\/canal7slp.tv\\\/2019\\\/#organization\",\"name\":\"Comunicaci\u00f3n 2000 S.A. de C.V.\",\"url\":\"https:\\\/\\\/canal7slp.tv\\\/2019\\\/\",\"logo\":{\"@type\":\"ImageObject\",\"inLanguage\":\"es\",\"@id\":\"https:\\\/\\\/canal7slp.tv\\\/2019\\\/#\\\/schema\\\/logo\\\/image\\\/\",\"url\":\"https:\\\/\\\/canal7slp.tv\\\/2019\\\/wp-content\\\/uploads\\\/2019\\\/07\\\/logo-c7.png\",\"contentUrl\":\"https:\\\/\\\/canal7slp.tv\\\/2019\\\/wp-content\\\/uploads\\\/2019\\\/07\\\/logo-c7.png\",\"width\":220,\"height\":60,\"caption\":\"Comunicaci\u00f3n 2000 S.A. de C.V.\"},\"image\":{\"@id\":\"https:\\\/\\\/canal7slp.tv\\\/2019\\\/#\\\/schema\\\/logo\\\/image\\\/\"},\"sameAs\":[\"https:\\\/\\\/www.facebook.com\\\/CANAL7SLP\\\/\",\"https:\\\/\\\/x.com\\\/canal7_slp\",\"https:\\\/\\\/www.instagram.com\\\/canal7_slp\",\"https:\\\/\\\/www.youtube.com\\\/user\\\/NOTICIEROSCANAL7SLP\\\/\"]},{\"@type\":\"Person\",\"@id\":\"https:\\\/\\\/canal7slp.tv\\\/2019\\\/#\\\/schema\\\/person\\\/11d941c1c6ca30ac0a46b95fa37aa2e3\",\"name\":\"edicionweb\",\"image\":{\"@type\":\"ImageObject\",\"inLanguage\":\"es\",\"@id\":\"https:\\\/\\\/secure.gravatar.com\\\/avatar\\\/eee448fc3f7164808013b816ba91ac7e43bbe82a70bebac296f8bc6f0addaa1a?s=96&d=mm&r=g\",\"url\":\"https:\\\/\\\/secure.gravatar.com\\\/avatar\\\/eee448fc3f7164808013b816ba91ac7e43bbe82a70bebac296f8bc6f0addaa1a?s=96&d=mm&r=g\",\"contentUrl\":\"https:\\\/\\\/secure.gravatar.com\\\/avatar\\\/eee448fc3f7164808013b816ba91ac7e43bbe82a70bebac296f8bc6f0addaa1a?s=96&d=mm&r=g\",\"caption\":\"edicionweb\"}}]}<\/script>\n<!-- \/ Yoast SEO plugin. -->","yoast_head_json":{"title":"Gobierno argentino sube impuestos a exportaciones agropecuarias - Canal 7 SLP - 2019","robots":{"index":"index","follow":"follow","max-snippet":"max-snippet:-1","max-image-preview":"max-image-preview:large","max-video-preview":"max-video-preview:-1"},"canonical":"https:\/\/canal7slp.tv\/2019\/gobierno-argentino-sube-impuestos-a-exportaciones-agropecuarias\/","og_locale":"es_ES","og_type":"article","og_title":"Gobierno argentino sube impuestos a exportaciones agropecuarias - Canal 7 SLP - 2019","og_description":"Una medida adoptada en medio de la crisis econ\u00f3mica que atraviesa el pa\u00eds, uno de los mayores productores y exportadores de granos y derivados del mundo Argentina.- El nuevo gobierno de Argentina resolvi\u00f3 este s\u00e1bado aumentar los impuestos a las exportaciones agropecuarias, una medida adoptada en medio de la crisis econ\u00f3mica que atraviesa el pa\u00eds [&hellip;]","og_url":"https:\/\/canal7slp.tv\/2019\/gobierno-argentino-sube-impuestos-a-exportaciones-agropecuarias\/","og_site_name":"Canal 7 SLP - 2019","article_publisher":"https:\/\/www.facebook.com\/CANAL7SLP\/","article_published_time":"2019-12-14T18:31:53+00:00","og_image":[{"width":728,"height":410,"url":"https:\/\/canal7slp.tv\/2019\/wp-content\/uploads\/2019\/12\/1345-3.jpg","type":"image\/jpeg"}],"author":"edicionweb","twitter_card":"summary_large_image","twitter_creator":"@canal7_slp","twitter_site":"@canal7_slp","twitter_misc":{"Escrito por":"edicionweb","Tiempo de lectura":"2 minutos"},"schema":{"@context":"https:\/\/schema.org","@graph":[{"@type":"Article","@id":"https:\/\/canal7slp.tv\/2019\/gobierno-argentino-sube-impuestos-a-exportaciones-agropecuarias\/#article","isPartOf":{"@id":"https:\/\/canal7slp.tv\/2019\/gobierno-argentino-sube-impuestos-a-exportaciones-agropecuarias\/"},"author":{"name":"edicionweb","@id":"https:\/\/canal7slp.tv\/2019\/#\/schema\/person\/11d941c1c6ca30ac0a46b95fa37aa2e3"},"headline":"Gobierno argentino sube impuestos a exportaciones agropecuarias","datePublished":"2019-12-14T18:31:53+00:00","mainEntityOfPage":{"@id":"https:\/\/canal7slp.tv\/2019\/gobierno-argentino-sube-impuestos-a-exportaciones-agropecuarias\/"},"wordCount":480,"commentCount":0,"publisher":{"@id":"https:\/\/canal7slp.tv\/2019\/#organization"},"image":{"@id":"https:\/\/canal7slp.tv\/2019\/gobierno-argentino-sube-impuestos-a-exportaciones-agropecuarias\/#primaryimage"},"thumbnailUrl":"https:\/\/canal7slp.tv\/2019\/wp-content\/uploads\/2019\/12\/1345-3.jpg","articleSection":["INTERNACIONAL"],"inLanguage":"es","potentialAction":[{"@type":"CommentAction","name":"Comment","target":["https:\/\/canal7slp.tv\/2019\/gobierno-argentino-sube-impuestos-a-exportaciones-agropecuarias\/#respond"]}]},{"@type":"WebPage","@id":"https:\/\/canal7slp.tv\/2019\/gobierno-argentino-sube-impuestos-a-exportaciones-agropecuarias\/","url":"https:\/\/canal7slp.tv\/2019\/gobierno-argentino-sube-impuestos-a-exportaciones-agropecuarias\/","name":"Gobierno argentino sube impuestos a exportaciones agropecuarias - Canal 7 SLP - 2019","isPartOf":{"@id":"https:\/\/canal7slp.tv\/2019\/#website"},"primaryImageOfPage":{"@id":"https:\/\/canal7slp.tv\/2019\/gobierno-argentino-sube-impuestos-a-exportaciones-agropecuarias\/#primaryimage"},"image":{"@id":"https:\/\/canal7slp.tv\/2019\/gobierno-argentino-sube-impuestos-a-exportaciones-agropecuarias\/#primaryimage"},"thumbnailUrl":"https:\/\/canal7slp.tv\/2019\/wp-content\/uploads\/2019\/12\/1345-3.jpg","datePublished":"2019-12-14T18:31:53+00:00","breadcrumb":{"@id":"https:\/\/canal7slp.tv\/2019\/gobierno-argentino-sube-impuestos-a-exportaciones-agropecuarias\/#breadcrumb"},"inLanguage":"es","potentialAction":[{"@type":"ReadAction","target":["https:\/\/canal7slp.tv\/2019\/gobierno-argentino-sube-impuestos-a-exportaciones-agropecuarias\/"]}]},{"@type":"ImageObject","inLanguage":"es","@id":"https:\/\/canal7slp.tv\/2019\/gobierno-argentino-sube-impuestos-a-exportaciones-agropecuarias\/#primaryimage","url":"https:\/\/canal7slp.tv\/2019\/wp-content\/uploads\/2019\/12\/1345-3.jpg","contentUrl":"https:\/\/canal7slp.tv\/2019\/wp-content\/uploads\/2019\/12\/1345-3.jpg","width":728,"height":410},{"@type":"BreadcrumbList","@id":"https:\/\/canal7slp.tv\/2019\/gobierno-argentino-sube-impuestos-a-exportaciones-agropecuarias\/#breadcrumb","itemListElement":[{"@type":"ListItem","position":1,"name":"Home","item":"https:\/\/canal7slp.tv\/2019\/"},{"@type":"ListItem","position":2,"name":"Gobierno argentino sube impuestos a exportaciones agropecuarias"}]},{"@type":"WebSite","@id":"https:\/\/canal7slp.tv\/2019\/#website","url":"https:\/\/canal7slp.tv\/2019\/","name":"Canal 7 SLP - Somos TV","description":"Somos un Canal de 10","publisher":{"@id":"https:\/\/canal7slp.tv\/2019\/#organization"},"potentialAction":[{"@type":"SearchAction","target":{"@type":"EntryPoint","urlTemplate":"https:\/\/canal7slp.tv\/2019\/?s={search_term_string}"},"query-input":{"@type":"PropertyValueSpecification","valueRequired":true,"valueName":"search_term_string"}}],"inLanguage":"es"},{"@type":"Organization","@id":"https:\/\/canal7slp.tv\/2019\/#organization","name":"Comunicaci\u00f3n 2000 S.A. de C.V.","url":"https:\/\/canal7slp.tv\/2019\/","logo":{"@type":"ImageObject","inLanguage":"es","@id":"https:\/\/canal7slp.tv\/2019\/#\/schema\/logo\/image\/","url":"https:\/\/canal7slp.tv\/2019\/wp-content\/uploads\/2019\/07\/logo-c7.png","contentUrl":"https:\/\/canal7slp.tv\/2019\/wp-content\/uploads\/2019\/07\/logo-c7.png","width":220,"height":60,"caption":"Comunicaci\u00f3n 2000 S.A. de C.V."},"image":{"@id":"https:\/\/canal7slp.tv\/2019\/#\/schema\/logo\/image\/"},"sameAs":["https:\/\/www.facebook.com\/CANAL7SLP\/","https:\/\/x.com\/canal7_slp","https:\/\/www.instagram.com\/canal7_slp","https:\/\/www.youtube.com\/user\/NOTICIEROSCANAL7SLP\/"]},{"@type":"Person","@id":"https:\/\/canal7slp.tv\/2019\/#\/schema\/person\/11d941c1c6ca30ac0a46b95fa37aa2e3","name":"edicionweb","image":{"@type":"ImageObject","inLanguage":"es","@id":"https:\/\/secure.gravatar.com\/avatar\/eee448fc3f7164808013b816ba91ac7e43bbe82a70bebac296f8bc6f0addaa1a?s=96&d=mm&r=g","url":"https:\/\/secure.gravatar.com\/avatar\/eee448fc3f7164808013b816ba91ac7e43bbe82a70bebac296f8bc6f0addaa1a?s=96&d=mm&r=g","contentUrl":"https:\/\/secure.gravatar.com\/avatar\/eee448fc3f7164808013b816ba91ac7e43bbe82a70bebac296f8bc6f0addaa1a?s=96&d=mm&r=g","caption":"edicionweb"}}]}},"amp_enabled":true,"cmb2":{"video_ids_in_playlist":{"vid_p_videos":""},"video_ids_in_channel":{"vid_c_videos":""},"playlist_ids_in_channel":{"vid_c_playlists":""},"series_ids_in_channel":{"vid_c_series":""},"channel_images":{"vid_c_logo":"","vid_c_banner":""},"poster_feature_image":{"vid_m_poster_image":""},"gif_feature_image":{"vid_m_gif_image":""},"video_movie_settings":{"vid_m_director":"","vid_m_actor":"","vid_m_imdb_ratings":"","vid_m_amazon_associates":""},"vid_youtube_broadcasts_settings":{"vid_yb_broadcast_title":"","vid_yb_q":"","vid_yb_channelid":"","vid_yb_videocategoryid":"","vid_yb_maxresults":"","vid_yb_order":"","vid_yb_regioncode":"","vid_yb_videosyndicated":"","vid_yb_style":"","vid_yb_reload_first":""},"video_series_settings":{"vid_m_director":"","vid_m_actor":"","vid_m_imdb_ratings":"","video_series_group":""},"amazon_associates_settings":{"amazon_associates":"","amazon_native_ad":""},"vid_youtube_automatic_settings":{"vid_ya_youtube_source":"","vid_ya_update_every":"","vid_ya_update_unit":"","vid_ya_categories":"","vid_ya_published_after":"","vid_ya_published_before":"","vid_ya_playlists":"","vid_ya_channels":"","vid_ya_director":"","vid_ya_actor":"","vid_ya_author":"","vid_ya_import_post_date":"","vid_ya_status":"","vid_ya_sub_api_key":""},"vid_ads_m_videoads_settings_post":{"vid_ads_m_video_ads":"","vid_ads_m_video_ads_type":"","vid_ads_m_group_google_ima":"","vid_ads_m_group_image":"","vid_ads_m_group_html5_video":"","vid_ads_m_group_html":"","vid_ads_m_vast_preroll":"","vid_ads_m_vast_postroll":"","vid_ads_m_vast_pauseroll":"","vid_ads_m_vast_midroll":[{"vid_ads_m_vast_timer_seconds":"50"}],"vid_ads_m_time_to_show_ads":"","vid_ads_m_time_skip_ads":"","vid_ads_m_time_to_hide_ads":""},"page_slider_settings":{"display_slider_group":"","page_slider_group":""},"blog_page_settings":{"blog_page_title":"","blog_page_heading":"","blog_page_ic":"","blog_page_it":"","blog_page_ec":"","blog_page_ip":"","archive_loop_style":"","blog_image_ratio":"","blog_show_categories":"","blog_show_excerpt":"","blog_show_author":"","blog_show_date":"","blog_show_comment_count":"","blog_show_view_count":"","blog_show_like_count":"","blog_show_dislike_count":"","blog_items_per_page":"","blog_pag_type":""},"page_options":{"get_page_template":"","color_mode":"","main_layout":"","main_layout_full_with":"","main_logo":"","main_logo_retina":"","main_logo_mobile":"","main_logo_mobile_retina":"","sticky_logo":"","sticky_logo_retina":"","main_nav_layout":"","ajax_search":"","header_background":"","theme_sidebar":"","instagram_feed":"","instagram_feed_position":"","popular_videos":"","popular_videos_title_1":"","popular_videos_title_2":"","popular_videos_ic":"","popular_videos_it":"","theme_background":"","page_custom_css":""},"feature_image_settings":{"feature_image_position":""},"video_player_settings":{"single_video_style":"","video_player_position":"","vm_video_url":"","video_player_library":"","video_streaming":"","vm_media_sources":"","vid_auto_play":"","vm_video_shortcode":"","vid_p_sync_playlist":"","vid_c_sync_channel":"","get_post_format":"","multiple_links_structure":"default","multi_links_title":"","vm_video_multi_links":"","vm_duration":"","vid_social_locker":"off","vid_social_locker_id":"","vid_membership_action":"content-video","vm_video_trailer_url":"","vid_download_type":"free","vid_download_target":"download","vid_woo_product":"","vm_media_download":"","user_rating":"","user_rating_position":"","user_rating_mode":"","user_rating_multi_sets":""},"video_auto_fetch_settings":{"vm_video_fetch":"on"},"video_fake_views_likes":{"vm_fake_views":"","vm_fake_likes":"","vm_fake_dislikes":""},"gallery_settings":{"gallery_position":""},"quote_settings":{"quote_position":""},"post_options":{"main_layout":"","main_logo":"","main_logo_retina":"","main_logo_mobile":"","main_logo_mobile_retina":"","sticky_logo":"","sticky_logo_retina":"","main_nav_layout":"","header_background":"","theme_sidebar":"","single_post_comment_type":"","theme_background":""}},"_links":{"self":[{"href":"https:\/\/canal7slp.tv\/2019\/wp-json\/wp\/v2\/posts\/88387","targetHints":{"allow":["GET"]}}],"collection":[{"href":"https:\/\/canal7slp.tv\/2019\/wp-json\/wp\/v2\/posts"}],"about":[{"href":"https:\/\/canal7slp.tv\/2019\/wp-json\/wp\/v2\/types\/post"}],"author":[{"embeddable":true,"href":"https:\/\/canal7slp.tv\/2019\/wp-json\/wp\/v2\/users\/2"}],"replies":[{"embeddable":true,"href":"https:\/\/canal7slp.tv\/2019\/wp-json\/wp\/v2\/comments?post=88387"}],"version-history":[{"count":0,"href":"https:\/\/canal7slp.tv\/2019\/wp-json\/wp\/v2\/posts\/88387\/revisions"}],"wp:featuredmedia":[{"embeddable":true,"href":"https:\/\/canal7slp.tv\/2019\/wp-json\/wp\/v2\/media\/88388"}],"wp:attachment":[{"href":"https:\/\/canal7slp.tv\/2019\/wp-json\/wp\/v2\/media?parent=88387"}],"wp:term":[{"taxonomy":"category","embeddable":true,"href":"https:\/\/canal7slp.tv\/2019\/wp-json\/wp\/v2\/categories?post=88387"},{"taxonomy":"post_tag","embeddable":true,"href":"https:\/\/canal7slp.tv\/2019\/wp-json\/wp\/v2\/tags?post=88387"}],"curies":[{"name":"wp","href":"https:\/\/api.w.org\/{rel}","templated":true}]}}