{"id":88351,"date":"2019-12-14T10:06:47","date_gmt":"2019-12-14T16:06:47","guid":{"rendered":"https:\/\/canal7slp.tv\/2019\/?p=88351"},"modified":"2019-12-14T10:06:47","modified_gmt":"2019-12-14T16:06:47","slug":"confirman-la-muerte-de-siete-policias-en-villagran","status":"publish","type":"post","link":"https:\/\/canal7slp.tv\/2019\/confirman-la-muerte-de-siete-policias-en-villagran\/","title":{"rendered":"Confirman la muerte de siete polic\u00edas en Villagr\u00e1n"},"content":{"rendered":"<ul>\n<li style=\"text-align: justify\">Los restos de los uniformados estaban en cuatro bolsas negras abandonadas la ma\u00f1ana de este viernes en la orilla de la carretera Panamericana<\/li>\n<\/ul>\n<p style=\"text-align: justify\">M\u00e9xico.- Tras el hallazgo de cuerpos desmembrados, la Presidencia Municipal de Villagr\u00e1n, Guanajuato, confirm\u00f3 la muerte de siete polic\u00edas, cuatro de ellos que fueron plagiados por un grupo de encapuchados durante el atentado a las instalaciones de Seguridad P\u00fablica registrado el mi\u00e9rcoles pasado, en donde fallecieron tres oficiales m\u00e1s.<\/p>\n<p style=\"text-align: justify\">Los restos de los polic\u00edas estaban en cuatro bolsas negras abandonadas la ma\u00f1ana de este viernes en la orilla de la carretera Panamericana, tramo Salamanca-Celaya.<\/p>\n<p style=\"text-align: justify\">En sus redes sociales, el gobierno municipal de Villagr\u00e1n coloc\u00f3 un mo\u00f1o negro por el luto en que se encuentra y dos esquelas con los nombres de los oficiales ca\u00eddos, cinco hombres y dos mujeres, con expresiones solidarias para los familiares de las v\u00edctimas.<\/p>\n<p style=\"text-align: justify\">&#8220;La administraci\u00f3n municipal se une a la pena que embarga a las familias de nuestros compa\u00f1eros de Seguridad P\u00fablica Jos\u00e9 Trejo Tierrafr\u00eda, Enrique Alfaro P\u00e9rez, Erendexy de la Fuente V\u00e1zquez, Pedro Antonio Neri Morales, Roberto L\u00f3pez Lozano, Mar\u00eda Guadalupe L\u00f3pez Patillo, Jos\u00e9 Juan de la Fuente Villareal&#8221;, se lee en las esquelas.<\/p>\n<p style=\"text-align: justify\">El juez c\u00edvico secuestrado por el comando que se llev\u00f3 a cuatro de los oficiales y los asesin\u00f3, fue liberado a salvo.<\/p>\n<p style=\"text-align: justify\">Como consecuencia de los hechos violentos, el Gobierno Municipal suspendi\u00f3 el desfile navide\u00f1o que estaba programado para este viernes en la cabecera municipal.<\/p>\n<p style=\"text-align: justify\">Este viernes se difundi\u00f3 un nuevo mensaje en las redes sociales, con un audio que se ilustra con la imagen presuntamente de los cuatro polic\u00edas &#8220;levantados&#8221;, quienes se encuentran rodeados de hombres armados.<\/p>\n<p style=\"text-align: justify\">El gobernador de Guanajuato, Diego Sinhue Rodr\u00edguez Vallejo, se\u00f1al\u00f3 que esos videos corresponden a una estrategia de grupos delincuenciales para causar p\u00e1nico y terror.<\/p>\n<p style=\"text-align: justify\">El mandatario anunci\u00f3 el arribo de m\u00e1s elementos de la Guardia Nacional para reforzar la vigilancia en Villagr\u00e1n, &#8220;y ah\u00ed habr\u00e1 mucha presencia de las Fuerzas de Seguridad del Estado&#8221;.<\/p>\n<p style=\"text-align: justify\">Este viernes estuvo en Irapuato el titular de la Guardia Nacional, Luis Rodr\u00edguez Bucio, por instrucciones del Presidente Andr\u00e9s Manuel L\u00f3pez Obrador, para supervisar acciones de seguridad y anunciar en env\u00edo de m\u00e1s elementos de la corporaci\u00f3n federal a Guanajuato.<\/p>\n<p style=\"text-align: justify\">La fuerza extraordinaria de la GN ser\u00e1 desplegada en los municipios en los que se tienen m\u00e1s problemas de Seguridad, como son Irapuato, Salamanca, Villagr\u00e1n, Celaya, Cortazar, Juventino Rosas y los Apaseos.<\/p>\n<p style=\"text-align: justify\">&#8220;Es un buen mensaje que venga el general Bucio que es el mero mero de la Guardia Nacional y esto de verdad (es) un encargo del presidente, me lo dijo as\u00ed: &#8216;el presidente me ha encargado que venga personalmente a supervisar y que podamos ver c\u00f3mo va el despliegue y sobre todo a Guanajuato&#8217; y eso se lo agradecemos mucho&#8221;.<\/p>\n<p style=\"text-align: justify\">Coment\u00f3 que Rodr\u00edguez Bucio tambi\u00e9n lleg\u00f3 a supervisar el avance en la construcci\u00f3n de los cuarteles, porque Guanajuato ser\u00e1 la primera entidad en tener bases de la Guardia Nacional.<\/p>\n","protected":false},"excerpt":{"rendered":"<p>Los restos de los uniformados estaban en cuatro bolsas negras abandonadas la ma\u00f1ana de este viernes en la orilla de la carretera Panamericana M\u00e9xico.- Tras el hallazgo de cuerpos desmembrados, la Presidencia Municipal de Villagr\u00e1n, Guanajuato, confirm\u00f3 la muerte de siete polic\u00edas, cuatro de ellos que fueron plagiados por un grupo de encapuchados durante el [&hellip;]<\/p>\n","protected":false},"author":2,"featured_media":88352,"comment_status":"open","ping_status":"open","sticky":false,"template":"","format":"standard","meta":{"footnotes":""},"categories":[30],"tags":[],"class_list":["post-88351","post","type-post","status-publish","format-standard","has-post-thumbnail","hentry","category-nacional"],"yoast_head":"<!-- This site is optimized with the Yoast SEO plugin v27.5 - https:\/\/yoast.com\/product\/yoast-seo-wordpress\/ -->\n<title>Confirman la muerte de siete polic\u00edas en Villagr\u00e1n - Canal 7 SLP - 2019<\/title>\n<meta name=\"robots\" content=\"index, follow, max-snippet:-1, max-image-preview:large, max-video-preview:-1\" \/>\n<link rel=\"canonical\" href=\"https:\/\/canal7slp.tv\/2019\/confirman-la-muerte-de-siete-policias-en-villagran\/\" \/>\n<meta property=\"og:locale\" content=\"es_ES\" \/>\n<meta property=\"og:type\" content=\"article\" \/>\n<meta property=\"og:title\" content=\"Confirman la muerte de siete polic\u00edas en Villagr\u00e1n - Canal 7 SLP - 2019\" \/>\n<meta property=\"og:description\" content=\"Los restos de los uniformados estaban en cuatro bolsas negras abandonadas la ma\u00f1ana de este viernes en la orilla de la carretera Panamericana M\u00e9xico.- Tras el hallazgo de cuerpos desmembrados, la Presidencia Municipal de Villagr\u00e1n, Guanajuato, confirm\u00f3 la muerte de siete polic\u00edas, cuatro de ellos que fueron plagiados por un grupo de encapuchados durante el [&hellip;]\" \/>\n<meta property=\"og:url\" content=\"https:\/\/canal7slp.tv\/2019\/confirman-la-muerte-de-siete-policias-en-villagran\/\" \/>\n<meta property=\"og:site_name\" content=\"Canal 7 SLP - 2019\" \/>\n<meta property=\"article:publisher\" content=\"https:\/\/www.facebook.com\/CANAL7SLP\/\" \/>\n<meta property=\"article:published_time\" content=\"2019-12-14T16:06:47+00:00\" \/>\n<meta property=\"og:image\" content=\"https:\/\/canal7slp.tv\/2019\/wp-content\/uploads\/2019\/12\/1015-13.jpg\" \/>\n\t<meta property=\"og:image:width\" content=\"667\" \/>\n\t<meta property=\"og:image:height\" content=\"410\" \/>\n\t<meta property=\"og:image:type\" content=\"image\/jpeg\" \/>\n<meta name=\"author\" content=\"edicionweb\" \/>\n<meta name=\"twitter:card\" content=\"summary_large_image\" \/>\n<meta name=\"twitter:creator\" content=\"@canal7_slp\" \/>\n<meta name=\"twitter:site\" content=\"@canal7_slp\" \/>\n<meta name=\"twitter:label1\" content=\"Escrito por\" \/>\n\t<meta name=\"twitter:data1\" content=\"edicionweb\" \/>\n\t<meta name=\"twitter:label2\" content=\"Tiempo de lectura\" \/>\n\t<meta name=\"twitter:data2\" content=\"3 minutos\" \/>\n<script type=\"application\/ld+json\" class=\"yoast-schema-graph\">{\"@context\":\"https:\\\/\\\/schema.org\",\"@graph\":[{\"@type\":\"Article\",\"@id\":\"https:\\\/\\\/canal7slp.tv\\\/2019\\\/confirman-la-muerte-de-siete-policias-en-villagran\\\/#article\",\"isPartOf\":{\"@id\":\"https:\\\/\\\/canal7slp.tv\\\/2019\\\/confirman-la-muerte-de-siete-policias-en-villagran\\\/\"},\"author\":{\"name\":\"edicionweb\",\"@id\":\"https:\\\/\\\/canal7slp.tv\\\/2019\\\/#\\\/schema\\\/person\\\/11d941c1c6ca30ac0a46b95fa37aa2e3\"},\"headline\":\"Confirman la muerte de siete polic\u00edas en Villagr\u00e1n\",\"datePublished\":\"2019-12-14T16:06:47+00:00\",\"mainEntityOfPage\":{\"@id\":\"https:\\\/\\\/canal7slp.tv\\\/2019\\\/confirman-la-muerte-de-siete-policias-en-villagran\\\/\"},\"wordCount\":539,\"commentCount\":0,\"publisher\":{\"@id\":\"https:\\\/\\\/canal7slp.tv\\\/2019\\\/#organization\"},\"image\":{\"@id\":\"https:\\\/\\\/canal7slp.tv\\\/2019\\\/confirman-la-muerte-de-siete-policias-en-villagran\\\/#primaryimage\"},\"thumbnailUrl\":\"https:\\\/\\\/canal7slp.tv\\\/2019\\\/wp-content\\\/uploads\\\/2019\\\/12\\\/1015-13.jpg\",\"articleSection\":[\"NACIONAL\"],\"inLanguage\":\"es\",\"potentialAction\":[{\"@type\":\"CommentAction\",\"name\":\"Comment\",\"target\":[\"https:\\\/\\\/canal7slp.tv\\\/2019\\\/confirman-la-muerte-de-siete-policias-en-villagran\\\/#respond\"]}]},{\"@type\":\"WebPage\",\"@id\":\"https:\\\/\\\/canal7slp.tv\\\/2019\\\/confirman-la-muerte-de-siete-policias-en-villagran\\\/\",\"url\":\"https:\\\/\\\/canal7slp.tv\\\/2019\\\/confirman-la-muerte-de-siete-policias-en-villagran\\\/\",\"name\":\"Confirman la muerte de siete polic\u00edas en Villagr\u00e1n - Canal 7 SLP - 2019\",\"isPartOf\":{\"@id\":\"https:\\\/\\\/canal7slp.tv\\\/2019\\\/#website\"},\"primaryImageOfPage\":{\"@id\":\"https:\\\/\\\/canal7slp.tv\\\/2019\\\/confirman-la-muerte-de-siete-policias-en-villagran\\\/#primaryimage\"},\"image\":{\"@id\":\"https:\\\/\\\/canal7slp.tv\\\/2019\\\/confirman-la-muerte-de-siete-policias-en-villagran\\\/#primaryimage\"},\"thumbnailUrl\":\"https:\\\/\\\/canal7slp.tv\\\/2019\\\/wp-content\\\/uploads\\\/2019\\\/12\\\/1015-13.jpg\",\"datePublished\":\"2019-12-14T16:06:47+00:00\",\"breadcrumb\":{\"@id\":\"https:\\\/\\\/canal7slp.tv\\\/2019\\\/confirman-la-muerte-de-siete-policias-en-villagran\\\/#breadcrumb\"},\"inLanguage\":\"es\",\"potentialAction\":[{\"@type\":\"ReadAction\",\"target\":[\"https:\\\/\\\/canal7slp.tv\\\/2019\\\/confirman-la-muerte-de-siete-policias-en-villagran\\\/\"]}]},{\"@type\":\"ImageObject\",\"inLanguage\":\"es\",\"@id\":\"https:\\\/\\\/canal7slp.tv\\\/2019\\\/confirman-la-muerte-de-siete-policias-en-villagran\\\/#primaryimage\",\"url\":\"https:\\\/\\\/canal7slp.tv\\\/2019\\\/wp-content\\\/uploads\\\/2019\\\/12\\\/1015-13.jpg\",\"contentUrl\":\"https:\\\/\\\/canal7slp.tv\\\/2019\\\/wp-content\\\/uploads\\\/2019\\\/12\\\/1015-13.jpg\",\"width\":667,\"height\":410},{\"@type\":\"BreadcrumbList\",\"@id\":\"https:\\\/\\\/canal7slp.tv\\\/2019\\\/confirman-la-muerte-de-siete-policias-en-villagran\\\/#breadcrumb\",\"itemListElement\":[{\"@type\":\"ListItem\",\"position\":1,\"name\":\"Home\",\"item\":\"https:\\\/\\\/canal7slp.tv\\\/2019\\\/\"},{\"@type\":\"ListItem\",\"position\":2,\"name\":\"Confirman la muerte de siete polic\u00edas en Villagr\u00e1n\"}]},{\"@type\":\"WebSite\",\"@id\":\"https:\\\/\\\/canal7slp.tv\\\/2019\\\/#website\",\"url\":\"https:\\\/\\\/canal7slp.tv\\\/2019\\\/\",\"name\":\"Canal 7 SLP - Somos TV\",\"description\":\"Somos un Canal de 10\",\"publisher\":{\"@id\":\"https:\\\/\\\/canal7slp.tv\\\/2019\\\/#organization\"},\"potentialAction\":[{\"@type\":\"SearchAction\",\"target\":{\"@type\":\"EntryPoint\",\"urlTemplate\":\"https:\\\/\\\/canal7slp.tv\\\/2019\\\/?s={search_term_string}\"},\"query-input\":{\"@type\":\"PropertyValueSpecification\",\"valueRequired\":true,\"valueName\":\"search_term_string\"}}],\"inLanguage\":\"es\"},{\"@type\":\"Organization\",\"@id\":\"https:\\\/\\\/canal7slp.tv\\\/2019\\\/#organization\",\"name\":\"Comunicaci\u00f3n 2000 S.A. de C.V.\",\"url\":\"https:\\\/\\\/canal7slp.tv\\\/2019\\\/\",\"logo\":{\"@type\":\"ImageObject\",\"inLanguage\":\"es\",\"@id\":\"https:\\\/\\\/canal7slp.tv\\\/2019\\\/#\\\/schema\\\/logo\\\/image\\\/\",\"url\":\"https:\\\/\\\/canal7slp.tv\\\/2019\\\/wp-content\\\/uploads\\\/2019\\\/07\\\/logo-c7.png\",\"contentUrl\":\"https:\\\/\\\/canal7slp.tv\\\/2019\\\/wp-content\\\/uploads\\\/2019\\\/07\\\/logo-c7.png\",\"width\":220,\"height\":60,\"caption\":\"Comunicaci\u00f3n 2000 S.A. de C.V.\"},\"image\":{\"@id\":\"https:\\\/\\\/canal7slp.tv\\\/2019\\\/#\\\/schema\\\/logo\\\/image\\\/\"},\"sameAs\":[\"https:\\\/\\\/www.facebook.com\\\/CANAL7SLP\\\/\",\"https:\\\/\\\/x.com\\\/canal7_slp\",\"https:\\\/\\\/www.instagram.com\\\/canal7_slp\",\"https:\\\/\\\/www.youtube.com\\\/user\\\/NOTICIEROSCANAL7SLP\\\/\"]},{\"@type\":\"Person\",\"@id\":\"https:\\\/\\\/canal7slp.tv\\\/2019\\\/#\\\/schema\\\/person\\\/11d941c1c6ca30ac0a46b95fa37aa2e3\",\"name\":\"edicionweb\",\"image\":{\"@type\":\"ImageObject\",\"inLanguage\":\"es\",\"@id\":\"https:\\\/\\\/secure.gravatar.com\\\/avatar\\\/eee448fc3f7164808013b816ba91ac7e43bbe82a70bebac296f8bc6f0addaa1a?s=96&d=mm&r=g\",\"url\":\"https:\\\/\\\/secure.gravatar.com\\\/avatar\\\/eee448fc3f7164808013b816ba91ac7e43bbe82a70bebac296f8bc6f0addaa1a?s=96&d=mm&r=g\",\"contentUrl\":\"https:\\\/\\\/secure.gravatar.com\\\/avatar\\\/eee448fc3f7164808013b816ba91ac7e43bbe82a70bebac296f8bc6f0addaa1a?s=96&d=mm&r=g\",\"caption\":\"edicionweb\"}}]}<\/script>\n<!-- \/ Yoast SEO plugin. -->","yoast_head_json":{"title":"Confirman la muerte de siete polic\u00edas en Villagr\u00e1n - Canal 7 SLP - 2019","robots":{"index":"index","follow":"follow","max-snippet":"max-snippet:-1","max-image-preview":"max-image-preview:large","max-video-preview":"max-video-preview:-1"},"canonical":"https:\/\/canal7slp.tv\/2019\/confirman-la-muerte-de-siete-policias-en-villagran\/","og_locale":"es_ES","og_type":"article","og_title":"Confirman la muerte de siete polic\u00edas en Villagr\u00e1n - Canal 7 SLP - 2019","og_description":"Los restos de los uniformados estaban en cuatro bolsas negras abandonadas la ma\u00f1ana de este viernes en la orilla de la carretera Panamericana M\u00e9xico.- Tras el hallazgo de cuerpos desmembrados, la Presidencia Municipal de Villagr\u00e1n, Guanajuato, confirm\u00f3 la muerte de siete polic\u00edas, cuatro de ellos que fueron plagiados por un grupo de encapuchados durante el [&hellip;]","og_url":"https:\/\/canal7slp.tv\/2019\/confirman-la-muerte-de-siete-policias-en-villagran\/","og_site_name":"Canal 7 SLP - 2019","article_publisher":"https:\/\/www.facebook.com\/CANAL7SLP\/","article_published_time":"2019-12-14T16:06:47+00:00","og_image":[{"width":667,"height":410,"url":"https:\/\/canal7slp.tv\/2019\/wp-content\/uploads\/2019\/12\/1015-13.jpg","type":"image\/jpeg"}],"author":"edicionweb","twitter_card":"summary_large_image","twitter_creator":"@canal7_slp","twitter_site":"@canal7_slp","twitter_misc":{"Escrito por":"edicionweb","Tiempo de lectura":"3 minutos"},"schema":{"@context":"https:\/\/schema.org","@graph":[{"@type":"Article","@id":"https:\/\/canal7slp.tv\/2019\/confirman-la-muerte-de-siete-policias-en-villagran\/#article","isPartOf":{"@id":"https:\/\/canal7slp.tv\/2019\/confirman-la-muerte-de-siete-policias-en-villagran\/"},"author":{"name":"edicionweb","@id":"https:\/\/canal7slp.tv\/2019\/#\/schema\/person\/11d941c1c6ca30ac0a46b95fa37aa2e3"},"headline":"Confirman la muerte de siete polic\u00edas en Villagr\u00e1n","datePublished":"2019-12-14T16:06:47+00:00","mainEntityOfPage":{"@id":"https:\/\/canal7slp.tv\/2019\/confirman-la-muerte-de-siete-policias-en-villagran\/"},"wordCount":539,"commentCount":0,"publisher":{"@id":"https:\/\/canal7slp.tv\/2019\/#organization"},"image":{"@id":"https:\/\/canal7slp.tv\/2019\/confirman-la-muerte-de-siete-policias-en-villagran\/#primaryimage"},"thumbnailUrl":"https:\/\/canal7slp.tv\/2019\/wp-content\/uploads\/2019\/12\/1015-13.jpg","articleSection":["NACIONAL"],"inLanguage":"es","potentialAction":[{"@type":"CommentAction","name":"Comment","target":["https:\/\/canal7slp.tv\/2019\/confirman-la-muerte-de-siete-policias-en-villagran\/#respond"]}]},{"@type":"WebPage","@id":"https:\/\/canal7slp.tv\/2019\/confirman-la-muerte-de-siete-policias-en-villagran\/","url":"https:\/\/canal7slp.tv\/2019\/confirman-la-muerte-de-siete-policias-en-villagran\/","name":"Confirman la muerte de siete polic\u00edas en Villagr\u00e1n - Canal 7 SLP - 2019","isPartOf":{"@id":"https:\/\/canal7slp.tv\/2019\/#website"},"primaryImageOfPage":{"@id":"https:\/\/canal7slp.tv\/2019\/confirman-la-muerte-de-siete-policias-en-villagran\/#primaryimage"},"image":{"@id":"https:\/\/canal7slp.tv\/2019\/confirman-la-muerte-de-siete-policias-en-villagran\/#primaryimage"},"thumbnailUrl":"https:\/\/canal7slp.tv\/2019\/wp-content\/uploads\/2019\/12\/1015-13.jpg","datePublished":"2019-12-14T16:06:47+00:00","breadcrumb":{"@id":"https:\/\/canal7slp.tv\/2019\/confirman-la-muerte-de-siete-policias-en-villagran\/#breadcrumb"},"inLanguage":"es","potentialAction":[{"@type":"ReadAction","target":["https:\/\/canal7slp.tv\/2019\/confirman-la-muerte-de-siete-policias-en-villagran\/"]}]},{"@type":"ImageObject","inLanguage":"es","@id":"https:\/\/canal7slp.tv\/2019\/confirman-la-muerte-de-siete-policias-en-villagran\/#primaryimage","url":"https:\/\/canal7slp.tv\/2019\/wp-content\/uploads\/2019\/12\/1015-13.jpg","contentUrl":"https:\/\/canal7slp.tv\/2019\/wp-content\/uploads\/2019\/12\/1015-13.jpg","width":667,"height":410},{"@type":"BreadcrumbList","@id":"https:\/\/canal7slp.tv\/2019\/confirman-la-muerte-de-siete-policias-en-villagran\/#breadcrumb","itemListElement":[{"@type":"ListItem","position":1,"name":"Home","item":"https:\/\/canal7slp.tv\/2019\/"},{"@type":"ListItem","position":2,"name":"Confirman la muerte de siete polic\u00edas en Villagr\u00e1n"}]},{"@type":"WebSite","@id":"https:\/\/canal7slp.tv\/2019\/#website","url":"https:\/\/canal7slp.tv\/2019\/","name":"Canal 7 SLP - Somos TV","description":"Somos un Canal de 10","publisher":{"@id":"https:\/\/canal7slp.tv\/2019\/#organization"},"potentialAction":[{"@type":"SearchAction","target":{"@type":"EntryPoint","urlTemplate":"https:\/\/canal7slp.tv\/2019\/?s={search_term_string}"},"query-input":{"@type":"PropertyValueSpecification","valueRequired":true,"valueName":"search_term_string"}}],"inLanguage":"es"},{"@type":"Organization","@id":"https:\/\/canal7slp.tv\/2019\/#organization","name":"Comunicaci\u00f3n 2000 S.A. de C.V.","url":"https:\/\/canal7slp.tv\/2019\/","logo":{"@type":"ImageObject","inLanguage":"es","@id":"https:\/\/canal7slp.tv\/2019\/#\/schema\/logo\/image\/","url":"https:\/\/canal7slp.tv\/2019\/wp-content\/uploads\/2019\/07\/logo-c7.png","contentUrl":"https:\/\/canal7slp.tv\/2019\/wp-content\/uploads\/2019\/07\/logo-c7.png","width":220,"height":60,"caption":"Comunicaci\u00f3n 2000 S.A. de C.V."},"image":{"@id":"https:\/\/canal7slp.tv\/2019\/#\/schema\/logo\/image\/"},"sameAs":["https:\/\/www.facebook.com\/CANAL7SLP\/","https:\/\/x.com\/canal7_slp","https:\/\/www.instagram.com\/canal7_slp","https:\/\/www.youtube.com\/user\/NOTICIEROSCANAL7SLP\/"]},{"@type":"Person","@id":"https:\/\/canal7slp.tv\/2019\/#\/schema\/person\/11d941c1c6ca30ac0a46b95fa37aa2e3","name":"edicionweb","image":{"@type":"ImageObject","inLanguage":"es","@id":"https:\/\/secure.gravatar.com\/avatar\/eee448fc3f7164808013b816ba91ac7e43bbe82a70bebac296f8bc6f0addaa1a?s=96&d=mm&r=g","url":"https:\/\/secure.gravatar.com\/avatar\/eee448fc3f7164808013b816ba91ac7e43bbe82a70bebac296f8bc6f0addaa1a?s=96&d=mm&r=g","contentUrl":"https:\/\/secure.gravatar.com\/avatar\/eee448fc3f7164808013b816ba91ac7e43bbe82a70bebac296f8bc6f0addaa1a?s=96&d=mm&r=g","caption":"edicionweb"}}]}},"amp_enabled":true,"cmb2":{"video_ids_in_playlist":{"vid_p_videos":""},"video_ids_in_channel":{"vid_c_videos":""},"playlist_ids_in_channel":{"vid_c_playlists":""},"series_ids_in_channel":{"vid_c_series":""},"channel_images":{"vid_c_logo":"","vid_c_banner":""},"poster_feature_image":{"vid_m_poster_image":""},"gif_feature_image":{"vid_m_gif_image":""},"video_movie_settings":{"vid_m_director":"","vid_m_actor":"","vid_m_imdb_ratings":"","vid_m_amazon_associates":""},"vid_youtube_broadcasts_settings":{"vid_yb_broadcast_title":"","vid_yb_q":"","vid_yb_channelid":"","vid_yb_videocategoryid":"","vid_yb_maxresults":"","vid_yb_order":"","vid_yb_regioncode":"","vid_yb_videosyndicated":"","vid_yb_style":"","vid_yb_reload_first":""},"video_series_settings":{"vid_m_director":"","vid_m_actor":"","vid_m_imdb_ratings":"","video_series_group":""},"amazon_associates_settings":{"amazon_associates":"","amazon_native_ad":""},"vid_youtube_automatic_settings":{"vid_ya_youtube_source":"","vid_ya_update_every":"","vid_ya_update_unit":"","vid_ya_categories":"","vid_ya_published_after":"","vid_ya_published_before":"","vid_ya_playlists":"","vid_ya_channels":"","vid_ya_director":"","vid_ya_actor":"","vid_ya_author":"","vid_ya_import_post_date":"","vid_ya_status":"","vid_ya_sub_api_key":""},"vid_ads_m_videoads_settings_post":{"vid_ads_m_video_ads":"","vid_ads_m_video_ads_type":"","vid_ads_m_group_google_ima":"","vid_ads_m_group_image":"","vid_ads_m_group_html5_video":"","vid_ads_m_group_html":"","vid_ads_m_vast_preroll":"","vid_ads_m_vast_postroll":"","vid_ads_m_vast_pauseroll":"","vid_ads_m_vast_midroll":[{"vid_ads_m_vast_timer_seconds":"50"}],"vid_ads_m_time_to_show_ads":"","vid_ads_m_time_skip_ads":"","vid_ads_m_time_to_hide_ads":""},"page_slider_settings":{"display_slider_group":"","page_slider_group":""},"blog_page_settings":{"blog_page_title":"","blog_page_heading":"","blog_page_ic":"","blog_page_it":"","blog_page_ec":"","blog_page_ip":"","archive_loop_style":"","blog_image_ratio":"","blog_show_categories":"","blog_show_excerpt":"","blog_show_author":"","blog_show_date":"","blog_show_comment_count":"","blog_show_view_count":"","blog_show_like_count":"","blog_show_dislike_count":"","blog_items_per_page":"","blog_pag_type":""},"page_options":{"get_page_template":"","color_mode":"","main_layout":"","main_layout_full_with":"","main_logo":"","main_logo_retina":"","main_logo_mobile":"","main_logo_mobile_retina":"","sticky_logo":"","sticky_logo_retina":"","main_nav_layout":"","ajax_search":"","header_background":"","theme_sidebar":"","instagram_feed":"","instagram_feed_position":"","popular_videos":"","popular_videos_title_1":"","popular_videos_title_2":"","popular_videos_ic":"","popular_videos_it":"","theme_background":"","page_custom_css":""},"feature_image_settings":{"feature_image_position":""},"video_player_settings":{"single_video_style":"","video_player_position":"","vm_video_url":"","video_player_library":"","video_streaming":"","vm_media_sources":"","vid_auto_play":"","vm_video_shortcode":"","vid_p_sync_playlist":"","vid_c_sync_channel":"","get_post_format":"","multiple_links_structure":"default","multi_links_title":"","vm_video_multi_links":"","vm_duration":"","vid_social_locker":"off","vid_social_locker_id":"","vid_membership_action":"content-video","vm_video_trailer_url":"","vid_download_type":"free","vid_download_target":"download","vid_woo_product":"","vm_media_download":"","user_rating":"","user_rating_position":"","user_rating_mode":"","user_rating_multi_sets":""},"video_auto_fetch_settings":{"vm_video_fetch":"on"},"video_fake_views_likes":{"vm_fake_views":"","vm_fake_likes":"","vm_fake_dislikes":""},"gallery_settings":{"gallery_position":""},"quote_settings":{"quote_position":""},"post_options":{"main_layout":"","main_logo":"","main_logo_retina":"","main_logo_mobile":"","main_logo_mobile_retina":"","sticky_logo":"","sticky_logo_retina":"","main_nav_layout":"","header_background":"","theme_sidebar":"","single_post_comment_type":"","theme_background":""}},"_links":{"self":[{"href":"https:\/\/canal7slp.tv\/2019\/wp-json\/wp\/v2\/posts\/88351","targetHints":{"allow":["GET"]}}],"collection":[{"href":"https:\/\/canal7slp.tv\/2019\/wp-json\/wp\/v2\/posts"}],"about":[{"href":"https:\/\/canal7slp.tv\/2019\/wp-json\/wp\/v2\/types\/post"}],"author":[{"embeddable":true,"href":"https:\/\/canal7slp.tv\/2019\/wp-json\/wp\/v2\/users\/2"}],"replies":[{"embeddable":true,"href":"https:\/\/canal7slp.tv\/2019\/wp-json\/wp\/v2\/comments?post=88351"}],"version-history":[{"count":0,"href":"https:\/\/canal7slp.tv\/2019\/wp-json\/wp\/v2\/posts\/88351\/revisions"}],"wp:featuredmedia":[{"embeddable":true,"href":"https:\/\/canal7slp.tv\/2019\/wp-json\/wp\/v2\/media\/88352"}],"wp:attachment":[{"href":"https:\/\/canal7slp.tv\/2019\/wp-json\/wp\/v2\/media?parent=88351"}],"wp:term":[{"taxonomy":"category","embeddable":true,"href":"https:\/\/canal7slp.tv\/2019\/wp-json\/wp\/v2\/categories?post=88351"},{"taxonomy":"post_tag","embeddable":true,"href":"https:\/\/canal7slp.tv\/2019\/wp-json\/wp\/v2\/tags?post=88351"}],"curies":[{"name":"wp","href":"https:\/\/api.w.org\/{rel}","templated":true}]}}