{"id":88078,"date":"2019-12-12T19:32:23","date_gmt":"2019-12-13T01:32:23","guid":{"rendered":"https:\/\/canal7slp.tv\/2019\/?p=88078"},"modified":"2019-12-12T19:32:23","modified_gmt":"2019-12-13T01:32:23","slug":"orhan-salliel-y-la-osslp-estrenan-zeybek-harmandali-variations","status":"publish","type":"post","link":"https:\/\/canal7slp.tv\/2019\/orhan-salliel-y-la-osslp-estrenan-zeybek-harmandali-variations\/","title":{"rendered":"Orhan Salliel y la OSSLP estrenan \u201cZeybek Harmandali Variations\u201d"},"content":{"rendered":"<p style=\"text-align: justify\">SLP.- Con un arreglo especial para la Orquesta Sinf\u00f3nica de San Luis Potos\u00ed hecho por el autor y director invitado de este fin de semana, Mtro. Orhan Salliel, este viernes 13 a las 9 de la noche y domingo 15, a las 12:30 horas en el Teatro de la Paz se escuchar\u00e1 por primera vez en nuestro continente la danza turca \u201cZeybek Harmandali Variations&#8221; como parte del programa de Conciertos Oto\u00f1o-Invierno 2019 que presenta la Secretar\u00eda de Cultura.<\/p>\n<p style=\"text-align: justify\">En estos conciertos de fin de semana \u2013que marcan adem\u00e1s el cierre de temporada de la OSSLP en el Teatro de la Paz- el maestro Orhan Salliel iniciar\u00e1 interpretando con la OSSLP esta composici\u00f3n propia inspirada en la poblaci\u00f3n zeybek, que habit\u00f3 Aegean, en la regi\u00f3n oeste de Anatolia, quienes eran guerreros de la monta\u00f1a y protectores de los aldeanos desde el siglo XIII al XIX, por lo que en ella el s\u00edmbolo del coraje y honorabilidad son elementos recurrentes durante toda la danza.<\/p>\n<p style=\"text-align: justify\">Seg\u00fan relata el maestro Salliel, entre los zeybek prevalec\u00eda la democracia tribal, aunque contaban con un l\u00edder llamado \u201cEfe&#8221;, quien ten\u00eda la \u00faltima palabra. Otra de las inspiraciones capturadas musicalmente en la obra de Orhan Salliel es la danza donde los zeybeks simulaban el vuelo del \u00e1guila, as\u00ed como tonadas de la m\u00fasica folcl\u00f3rica turca, tanto rom\u00e1nticas sobre su bravura, como referentes a la espada yatag\u00e1n, el arma principal de la tribu.<\/p>\n<p style=\"text-align: justify\">La Danza Harmandali Zeybek (inspiraci\u00f3n principal de las variaciones que escucharemos este fin de semana) fue a favorita del fundador de la Rep\u00fablica de Turqu\u00eda, Mustaf\u00e1 Kernal Ataturk, quien la bail\u00f3 incluso seis meses antes de morir para probar su buen estado de salud, lo que le permiti\u00f3 recuperar la ciudad de Antakya, entonces en manos del gobierno franc\u00e9s.<\/p>\n<p style=\"text-align: justify\">Tras este estreno, escucharemos al potosino Johan Cancino Mitre interpretando las partes solistas del Concierto para oboe y orquesta, de Richard Strauss. Escrito en 1945, se cuenta que este concierto se realiz\u00f3 a sugerencia del joven oficial estadounidense John Lancie, quien a finales de la Segunda Guerra Mundial mantuvo largas conversaciones durante sus numerosas visitas al compositor, pues como civil era el obo\u00edsta principal de la Orquesta Sinf\u00f3nica de Pittsburg, y aunque Lancie obtuvo un tajante \u201c\u00a1No!&#8221; del compositor cuando le sugiri\u00f3 escribir un concierto para oboe y orquesta, a su regreso a Estados Unidos supo que Strauss hab\u00eda publicado su Concierto para Oboe; incluso, en el manuscrito original escribi\u00f3: \u201cConcierto para Oboe -1945- sugerido para un soldado americano&#8221;.<\/p>\n<p style=\"text-align: justify\">Johan Cancino es integrante fundador y solista de la OSSLP en varias ocasiones y actualmente combina su quehacer musical desempe\u00f1\u00e1ndose adem\u00e1s como maestro del instrumento en la Escuela Estatal de Iniciaci\u00f3n Musical \u201cJuli\u00e1n Carrillo&#8221;, en la Escuela Municipal y como parte del Sistema Nacional de Fomento Musical.<\/p>\n<p style=\"text-align: justify\">Los boletos para estos \u00faltimos conciertos del a\u00f1o en el Teatro de la Paz ya est\u00e1n a la venta en la taquilla del Teatro de la Paz y a trav\u00e9s de www.ticketmania.mx\u200b<\/p>\n","protected":false},"excerpt":{"rendered":"<p>SLP.- Con un arreglo especial para la Orquesta Sinf\u00f3nica de San Luis Potos\u00ed hecho por el autor y director invitado de este fin de semana, Mtro. Orhan Salliel, este viernes 13 a las 9 de la noche y domingo 15, a las 12:30 horas en el Teatro de la Paz se escuchar\u00e1 por primera vez [&hellip;]<\/p>\n","protected":false},"author":2,"featured_media":88084,"comment_status":"open","ping_status":"open","sticky":false,"template":"","format":"standard","meta":{"footnotes":""},"categories":[17],"tags":[],"class_list":["post-88078","post","type-post","status-publish","format-standard","has-post-thumbnail","hentry","category-localesyregionales"],"yoast_head":"<!-- This site is optimized with the Yoast SEO plugin v27.5 - https:\/\/yoast.com\/product\/yoast-seo-wordpress\/ -->\n<title>Orhan Salliel y la OSSLP estrenan \u201cZeybek Harmandali Variations\u201d - Canal 7 SLP - 2019<\/title>\n<meta name=\"robots\" content=\"index, follow, max-snippet:-1, max-image-preview:large, max-video-preview:-1\" \/>\n<link rel=\"canonical\" href=\"https:\/\/canal7slp.tv\/2019\/orhan-salliel-y-la-osslp-estrenan-zeybek-harmandali-variations\/\" \/>\n<meta property=\"og:locale\" content=\"es_ES\" \/>\n<meta property=\"og:type\" content=\"article\" \/>\n<meta property=\"og:title\" content=\"Orhan Salliel y la OSSLP estrenan \u201cZeybek Harmandali Variations\u201d - Canal 7 SLP - 2019\" \/>\n<meta property=\"og:description\" content=\"SLP.- Con un arreglo especial para la Orquesta Sinf\u00f3nica de San Luis Potos\u00ed hecho por el autor y director invitado de este fin de semana, Mtro. Orhan Salliel, este viernes 13 a las 9 de la noche y domingo 15, a las 12:30 horas en el Teatro de la Paz se escuchar\u00e1 por primera vez [&hellip;]\" \/>\n<meta property=\"og:url\" content=\"https:\/\/canal7slp.tv\/2019\/orhan-salliel-y-la-osslp-estrenan-zeybek-harmandali-variations\/\" \/>\n<meta property=\"og:site_name\" content=\"Canal 7 SLP - 2019\" \/>\n<meta property=\"article:publisher\" content=\"https:\/\/www.facebook.com\/CANAL7SLP\/\" \/>\n<meta property=\"article:published_time\" content=\"2019-12-13T01:32:23+00:00\" \/>\n<meta property=\"og:image\" content=\"https:\/\/canal7slp.tv\/2019\/wp-content\/uploads\/2019\/12\/2050.jpeg\" \/>\n\t<meta property=\"og:image:width\" content=\"795\" \/>\n\t<meta property=\"og:image:height\" content=\"410\" \/>\n\t<meta property=\"og:image:type\" content=\"image\/jpeg\" \/>\n<meta name=\"author\" content=\"edicionweb\" \/>\n<meta name=\"twitter:card\" content=\"summary_large_image\" \/>\n<meta name=\"twitter:creator\" content=\"@canal7_slp\" \/>\n<meta name=\"twitter:site\" content=\"@canal7_slp\" \/>\n<meta name=\"twitter:label1\" content=\"Escrito por\" \/>\n\t<meta name=\"twitter:data1\" content=\"edicionweb\" \/>\n\t<meta name=\"twitter:label2\" content=\"Tiempo de lectura\" \/>\n\t<meta name=\"twitter:data2\" content=\"3 minutos\" \/>\n<script type=\"application\/ld+json\" class=\"yoast-schema-graph\">{\"@context\":\"https:\\\/\\\/schema.org\",\"@graph\":[{\"@type\":\"Article\",\"@id\":\"https:\\\/\\\/canal7slp.tv\\\/2019\\\/orhan-salliel-y-la-osslp-estrenan-zeybek-harmandali-variations\\\/#article\",\"isPartOf\":{\"@id\":\"https:\\\/\\\/canal7slp.tv\\\/2019\\\/orhan-salliel-y-la-osslp-estrenan-zeybek-harmandali-variations\\\/\"},\"author\":{\"name\":\"edicionweb\",\"@id\":\"https:\\\/\\\/canal7slp.tv\\\/2019\\\/#\\\/schema\\\/person\\\/11d941c1c6ca30ac0a46b95fa37aa2e3\"},\"headline\":\"Orhan Salliel y la OSSLP estrenan \u201cZeybek Harmandali Variations\u201d\",\"datePublished\":\"2019-12-13T01:32:23+00:00\",\"mainEntityOfPage\":{\"@id\":\"https:\\\/\\\/canal7slp.tv\\\/2019\\\/orhan-salliel-y-la-osslp-estrenan-zeybek-harmandali-variations\\\/\"},\"wordCount\":529,\"commentCount\":0,\"publisher\":{\"@id\":\"https:\\\/\\\/canal7slp.tv\\\/2019\\\/#organization\"},\"image\":{\"@id\":\"https:\\\/\\\/canal7slp.tv\\\/2019\\\/orhan-salliel-y-la-osslp-estrenan-zeybek-harmandali-variations\\\/#primaryimage\"},\"thumbnailUrl\":\"https:\\\/\\\/canal7slp.tv\\\/2019\\\/wp-content\\\/uploads\\\/2019\\\/12\\\/2050.jpeg\",\"articleSection\":[\"LOCALES Y REGIONALES\"],\"inLanguage\":\"es\",\"potentialAction\":[{\"@type\":\"CommentAction\",\"name\":\"Comment\",\"target\":[\"https:\\\/\\\/canal7slp.tv\\\/2019\\\/orhan-salliel-y-la-osslp-estrenan-zeybek-harmandali-variations\\\/#respond\"]}]},{\"@type\":\"WebPage\",\"@id\":\"https:\\\/\\\/canal7slp.tv\\\/2019\\\/orhan-salliel-y-la-osslp-estrenan-zeybek-harmandali-variations\\\/\",\"url\":\"https:\\\/\\\/canal7slp.tv\\\/2019\\\/orhan-salliel-y-la-osslp-estrenan-zeybek-harmandali-variations\\\/\",\"name\":\"Orhan Salliel y la OSSLP estrenan \u201cZeybek Harmandali Variations\u201d - Canal 7 SLP - 2019\",\"isPartOf\":{\"@id\":\"https:\\\/\\\/canal7slp.tv\\\/2019\\\/#website\"},\"primaryImageOfPage\":{\"@id\":\"https:\\\/\\\/canal7slp.tv\\\/2019\\\/orhan-salliel-y-la-osslp-estrenan-zeybek-harmandali-variations\\\/#primaryimage\"},\"image\":{\"@id\":\"https:\\\/\\\/canal7slp.tv\\\/2019\\\/orhan-salliel-y-la-osslp-estrenan-zeybek-harmandali-variations\\\/#primaryimage\"},\"thumbnailUrl\":\"https:\\\/\\\/canal7slp.tv\\\/2019\\\/wp-content\\\/uploads\\\/2019\\\/12\\\/2050.jpeg\",\"datePublished\":\"2019-12-13T01:32:23+00:00\",\"breadcrumb\":{\"@id\":\"https:\\\/\\\/canal7slp.tv\\\/2019\\\/orhan-salliel-y-la-osslp-estrenan-zeybek-harmandali-variations\\\/#breadcrumb\"},\"inLanguage\":\"es\",\"potentialAction\":[{\"@type\":\"ReadAction\",\"target\":[\"https:\\\/\\\/canal7slp.tv\\\/2019\\\/orhan-salliel-y-la-osslp-estrenan-zeybek-harmandali-variations\\\/\"]}]},{\"@type\":\"ImageObject\",\"inLanguage\":\"es\",\"@id\":\"https:\\\/\\\/canal7slp.tv\\\/2019\\\/orhan-salliel-y-la-osslp-estrenan-zeybek-harmandali-variations\\\/#primaryimage\",\"url\":\"https:\\\/\\\/canal7slp.tv\\\/2019\\\/wp-content\\\/uploads\\\/2019\\\/12\\\/2050.jpeg\",\"contentUrl\":\"https:\\\/\\\/canal7slp.tv\\\/2019\\\/wp-content\\\/uploads\\\/2019\\\/12\\\/2050.jpeg\",\"width\":795,\"height\":410},{\"@type\":\"BreadcrumbList\",\"@id\":\"https:\\\/\\\/canal7slp.tv\\\/2019\\\/orhan-salliel-y-la-osslp-estrenan-zeybek-harmandali-variations\\\/#breadcrumb\",\"itemListElement\":[{\"@type\":\"ListItem\",\"position\":1,\"name\":\"Home\",\"item\":\"https:\\\/\\\/canal7slp.tv\\\/2019\\\/\"},{\"@type\":\"ListItem\",\"position\":2,\"name\":\"Orhan Salliel y la OSSLP estrenan \u201cZeybek Harmandali Variations\u201d\"}]},{\"@type\":\"WebSite\",\"@id\":\"https:\\\/\\\/canal7slp.tv\\\/2019\\\/#website\",\"url\":\"https:\\\/\\\/canal7slp.tv\\\/2019\\\/\",\"name\":\"Canal 7 SLP - Somos TV\",\"description\":\"Somos un Canal de 10\",\"publisher\":{\"@id\":\"https:\\\/\\\/canal7slp.tv\\\/2019\\\/#organization\"},\"potentialAction\":[{\"@type\":\"SearchAction\",\"target\":{\"@type\":\"EntryPoint\",\"urlTemplate\":\"https:\\\/\\\/canal7slp.tv\\\/2019\\\/?s={search_term_string}\"},\"query-input\":{\"@type\":\"PropertyValueSpecification\",\"valueRequired\":true,\"valueName\":\"search_term_string\"}}],\"inLanguage\":\"es\"},{\"@type\":\"Organization\",\"@id\":\"https:\\\/\\\/canal7slp.tv\\\/2019\\\/#organization\",\"name\":\"Comunicaci\u00f3n 2000 S.A. de C.V.\",\"url\":\"https:\\\/\\\/canal7slp.tv\\\/2019\\\/\",\"logo\":{\"@type\":\"ImageObject\",\"inLanguage\":\"es\",\"@id\":\"https:\\\/\\\/canal7slp.tv\\\/2019\\\/#\\\/schema\\\/logo\\\/image\\\/\",\"url\":\"https:\\\/\\\/canal7slp.tv\\\/2019\\\/wp-content\\\/uploads\\\/2019\\\/07\\\/logo-c7.png\",\"contentUrl\":\"https:\\\/\\\/canal7slp.tv\\\/2019\\\/wp-content\\\/uploads\\\/2019\\\/07\\\/logo-c7.png\",\"width\":220,\"height\":60,\"caption\":\"Comunicaci\u00f3n 2000 S.A. de C.V.\"},\"image\":{\"@id\":\"https:\\\/\\\/canal7slp.tv\\\/2019\\\/#\\\/schema\\\/logo\\\/image\\\/\"},\"sameAs\":[\"https:\\\/\\\/www.facebook.com\\\/CANAL7SLP\\\/\",\"https:\\\/\\\/x.com\\\/canal7_slp\",\"https:\\\/\\\/www.instagram.com\\\/canal7_slp\",\"https:\\\/\\\/www.youtube.com\\\/user\\\/NOTICIEROSCANAL7SLP\\\/\"]},{\"@type\":\"Person\",\"@id\":\"https:\\\/\\\/canal7slp.tv\\\/2019\\\/#\\\/schema\\\/person\\\/11d941c1c6ca30ac0a46b95fa37aa2e3\",\"name\":\"edicionweb\",\"image\":{\"@type\":\"ImageObject\",\"inLanguage\":\"es\",\"@id\":\"https:\\\/\\\/secure.gravatar.com\\\/avatar\\\/eee448fc3f7164808013b816ba91ac7e43bbe82a70bebac296f8bc6f0addaa1a?s=96&d=mm&r=g\",\"url\":\"https:\\\/\\\/secure.gravatar.com\\\/avatar\\\/eee448fc3f7164808013b816ba91ac7e43bbe82a70bebac296f8bc6f0addaa1a?s=96&d=mm&r=g\",\"contentUrl\":\"https:\\\/\\\/secure.gravatar.com\\\/avatar\\\/eee448fc3f7164808013b816ba91ac7e43bbe82a70bebac296f8bc6f0addaa1a?s=96&d=mm&r=g\",\"caption\":\"edicionweb\"}}]}<\/script>\n<!-- \/ Yoast SEO plugin. -->","yoast_head_json":{"title":"Orhan Salliel y la OSSLP estrenan \u201cZeybek Harmandali Variations\u201d - Canal 7 SLP - 2019","robots":{"index":"index","follow":"follow","max-snippet":"max-snippet:-1","max-image-preview":"max-image-preview:large","max-video-preview":"max-video-preview:-1"},"canonical":"https:\/\/canal7slp.tv\/2019\/orhan-salliel-y-la-osslp-estrenan-zeybek-harmandali-variations\/","og_locale":"es_ES","og_type":"article","og_title":"Orhan Salliel y la OSSLP estrenan \u201cZeybek Harmandali Variations\u201d - Canal 7 SLP - 2019","og_description":"SLP.- Con un arreglo especial para la Orquesta Sinf\u00f3nica de San Luis Potos\u00ed hecho por el autor y director invitado de este fin de semana, Mtro. Orhan Salliel, este viernes 13 a las 9 de la noche y domingo 15, a las 12:30 horas en el Teatro de la Paz se escuchar\u00e1 por primera vez [&hellip;]","og_url":"https:\/\/canal7slp.tv\/2019\/orhan-salliel-y-la-osslp-estrenan-zeybek-harmandali-variations\/","og_site_name":"Canal 7 SLP - 2019","article_publisher":"https:\/\/www.facebook.com\/CANAL7SLP\/","article_published_time":"2019-12-13T01:32:23+00:00","og_image":[{"width":795,"height":410,"url":"https:\/\/canal7slp.tv\/2019\/wp-content\/uploads\/2019\/12\/2050.jpeg","type":"image\/jpeg"}],"author":"edicionweb","twitter_card":"summary_large_image","twitter_creator":"@canal7_slp","twitter_site":"@canal7_slp","twitter_misc":{"Escrito por":"edicionweb","Tiempo de lectura":"3 minutos"},"schema":{"@context":"https:\/\/schema.org","@graph":[{"@type":"Article","@id":"https:\/\/canal7slp.tv\/2019\/orhan-salliel-y-la-osslp-estrenan-zeybek-harmandali-variations\/#article","isPartOf":{"@id":"https:\/\/canal7slp.tv\/2019\/orhan-salliel-y-la-osslp-estrenan-zeybek-harmandali-variations\/"},"author":{"name":"edicionweb","@id":"https:\/\/canal7slp.tv\/2019\/#\/schema\/person\/11d941c1c6ca30ac0a46b95fa37aa2e3"},"headline":"Orhan Salliel y la OSSLP estrenan \u201cZeybek Harmandali Variations\u201d","datePublished":"2019-12-13T01:32:23+00:00","mainEntityOfPage":{"@id":"https:\/\/canal7slp.tv\/2019\/orhan-salliel-y-la-osslp-estrenan-zeybek-harmandali-variations\/"},"wordCount":529,"commentCount":0,"publisher":{"@id":"https:\/\/canal7slp.tv\/2019\/#organization"},"image":{"@id":"https:\/\/canal7slp.tv\/2019\/orhan-salliel-y-la-osslp-estrenan-zeybek-harmandali-variations\/#primaryimage"},"thumbnailUrl":"https:\/\/canal7slp.tv\/2019\/wp-content\/uploads\/2019\/12\/2050.jpeg","articleSection":["LOCALES Y REGIONALES"],"inLanguage":"es","potentialAction":[{"@type":"CommentAction","name":"Comment","target":["https:\/\/canal7slp.tv\/2019\/orhan-salliel-y-la-osslp-estrenan-zeybek-harmandali-variations\/#respond"]}]},{"@type":"WebPage","@id":"https:\/\/canal7slp.tv\/2019\/orhan-salliel-y-la-osslp-estrenan-zeybek-harmandali-variations\/","url":"https:\/\/canal7slp.tv\/2019\/orhan-salliel-y-la-osslp-estrenan-zeybek-harmandali-variations\/","name":"Orhan Salliel y la OSSLP estrenan \u201cZeybek Harmandali Variations\u201d - Canal 7 SLP - 2019","isPartOf":{"@id":"https:\/\/canal7slp.tv\/2019\/#website"},"primaryImageOfPage":{"@id":"https:\/\/canal7slp.tv\/2019\/orhan-salliel-y-la-osslp-estrenan-zeybek-harmandali-variations\/#primaryimage"},"image":{"@id":"https:\/\/canal7slp.tv\/2019\/orhan-salliel-y-la-osslp-estrenan-zeybek-harmandali-variations\/#primaryimage"},"thumbnailUrl":"https:\/\/canal7slp.tv\/2019\/wp-content\/uploads\/2019\/12\/2050.jpeg","datePublished":"2019-12-13T01:32:23+00:00","breadcrumb":{"@id":"https:\/\/canal7slp.tv\/2019\/orhan-salliel-y-la-osslp-estrenan-zeybek-harmandali-variations\/#breadcrumb"},"inLanguage":"es","potentialAction":[{"@type":"ReadAction","target":["https:\/\/canal7slp.tv\/2019\/orhan-salliel-y-la-osslp-estrenan-zeybek-harmandali-variations\/"]}]},{"@type":"ImageObject","inLanguage":"es","@id":"https:\/\/canal7slp.tv\/2019\/orhan-salliel-y-la-osslp-estrenan-zeybek-harmandali-variations\/#primaryimage","url":"https:\/\/canal7slp.tv\/2019\/wp-content\/uploads\/2019\/12\/2050.jpeg","contentUrl":"https:\/\/canal7slp.tv\/2019\/wp-content\/uploads\/2019\/12\/2050.jpeg","width":795,"height":410},{"@type":"BreadcrumbList","@id":"https:\/\/canal7slp.tv\/2019\/orhan-salliel-y-la-osslp-estrenan-zeybek-harmandali-variations\/#breadcrumb","itemListElement":[{"@type":"ListItem","position":1,"name":"Home","item":"https:\/\/canal7slp.tv\/2019\/"},{"@type":"ListItem","position":2,"name":"Orhan Salliel y la OSSLP estrenan \u201cZeybek Harmandali Variations\u201d"}]},{"@type":"WebSite","@id":"https:\/\/canal7slp.tv\/2019\/#website","url":"https:\/\/canal7slp.tv\/2019\/","name":"Canal 7 SLP - Somos TV","description":"Somos un Canal de 10","publisher":{"@id":"https:\/\/canal7slp.tv\/2019\/#organization"},"potentialAction":[{"@type":"SearchAction","target":{"@type":"EntryPoint","urlTemplate":"https:\/\/canal7slp.tv\/2019\/?s={search_term_string}"},"query-input":{"@type":"PropertyValueSpecification","valueRequired":true,"valueName":"search_term_string"}}],"inLanguage":"es"},{"@type":"Organization","@id":"https:\/\/canal7slp.tv\/2019\/#organization","name":"Comunicaci\u00f3n 2000 S.A. de C.V.","url":"https:\/\/canal7slp.tv\/2019\/","logo":{"@type":"ImageObject","inLanguage":"es","@id":"https:\/\/canal7slp.tv\/2019\/#\/schema\/logo\/image\/","url":"https:\/\/canal7slp.tv\/2019\/wp-content\/uploads\/2019\/07\/logo-c7.png","contentUrl":"https:\/\/canal7slp.tv\/2019\/wp-content\/uploads\/2019\/07\/logo-c7.png","width":220,"height":60,"caption":"Comunicaci\u00f3n 2000 S.A. de C.V."},"image":{"@id":"https:\/\/canal7slp.tv\/2019\/#\/schema\/logo\/image\/"},"sameAs":["https:\/\/www.facebook.com\/CANAL7SLP\/","https:\/\/x.com\/canal7_slp","https:\/\/www.instagram.com\/canal7_slp","https:\/\/www.youtube.com\/user\/NOTICIEROSCANAL7SLP\/"]},{"@type":"Person","@id":"https:\/\/canal7slp.tv\/2019\/#\/schema\/person\/11d941c1c6ca30ac0a46b95fa37aa2e3","name":"edicionweb","image":{"@type":"ImageObject","inLanguage":"es","@id":"https:\/\/secure.gravatar.com\/avatar\/eee448fc3f7164808013b816ba91ac7e43bbe82a70bebac296f8bc6f0addaa1a?s=96&d=mm&r=g","url":"https:\/\/secure.gravatar.com\/avatar\/eee448fc3f7164808013b816ba91ac7e43bbe82a70bebac296f8bc6f0addaa1a?s=96&d=mm&r=g","contentUrl":"https:\/\/secure.gravatar.com\/avatar\/eee448fc3f7164808013b816ba91ac7e43bbe82a70bebac296f8bc6f0addaa1a?s=96&d=mm&r=g","caption":"edicionweb"}}]}},"amp_enabled":true,"cmb2":{"video_ids_in_playlist":{"vid_p_videos":""},"video_ids_in_channel":{"vid_c_videos":""},"playlist_ids_in_channel":{"vid_c_playlists":""},"series_ids_in_channel":{"vid_c_series":""},"channel_images":{"vid_c_logo":"","vid_c_banner":""},"poster_feature_image":{"vid_m_poster_image":""},"gif_feature_image":{"vid_m_gif_image":""},"video_movie_settings":{"vid_m_director":"","vid_m_actor":"","vid_m_imdb_ratings":"","vid_m_amazon_associates":""},"vid_youtube_broadcasts_settings":{"vid_yb_broadcast_title":"","vid_yb_q":"","vid_yb_channelid":"","vid_yb_videocategoryid":"","vid_yb_maxresults":"","vid_yb_order":"","vid_yb_regioncode":"","vid_yb_videosyndicated":"","vid_yb_style":"","vid_yb_reload_first":""},"video_series_settings":{"vid_m_director":"","vid_m_actor":"","vid_m_imdb_ratings":"","video_series_group":""},"amazon_associates_settings":{"amazon_associates":"","amazon_native_ad":""},"vid_youtube_automatic_settings":{"vid_ya_youtube_source":"","vid_ya_update_every":"","vid_ya_update_unit":"","vid_ya_categories":"","vid_ya_published_after":"","vid_ya_published_before":"","vid_ya_playlists":"","vid_ya_channels":"","vid_ya_director":"","vid_ya_actor":"","vid_ya_author":"","vid_ya_import_post_date":"","vid_ya_status":"","vid_ya_sub_api_key":""},"vid_ads_m_videoads_settings_post":{"vid_ads_m_video_ads":"","vid_ads_m_video_ads_type":"","vid_ads_m_group_google_ima":"","vid_ads_m_group_image":"","vid_ads_m_group_html5_video":"","vid_ads_m_group_html":"","vid_ads_m_vast_preroll":"","vid_ads_m_vast_postroll":"","vid_ads_m_vast_pauseroll":"","vid_ads_m_vast_midroll":[{"vid_ads_m_vast_timer_seconds":"50"}],"vid_ads_m_time_to_show_ads":"","vid_ads_m_time_skip_ads":"","vid_ads_m_time_to_hide_ads":""},"page_slider_settings":{"display_slider_group":"","page_slider_group":""},"blog_page_settings":{"blog_page_title":"","blog_page_heading":"","blog_page_ic":"","blog_page_it":"","blog_page_ec":"","blog_page_ip":"","archive_loop_style":"","blog_image_ratio":"","blog_show_categories":"","blog_show_excerpt":"","blog_show_author":"","blog_show_date":"","blog_show_comment_count":"","blog_show_view_count":"","blog_show_like_count":"","blog_show_dislike_count":"","blog_items_per_page":"","blog_pag_type":""},"page_options":{"get_page_template":"","color_mode":"","main_layout":"","main_layout_full_with":"","main_logo":"","main_logo_retina":"","main_logo_mobile":"","main_logo_mobile_retina":"","sticky_logo":"","sticky_logo_retina":"","main_nav_layout":"","ajax_search":"","header_background":"","theme_sidebar":"","instagram_feed":"","instagram_feed_position":"","popular_videos":"","popular_videos_title_1":"","popular_videos_title_2":"","popular_videos_ic":"","popular_videos_it":"","theme_background":"","page_custom_css":""},"feature_image_settings":{"feature_image_position":""},"video_player_settings":{"single_video_style":"","video_player_position":"","vm_video_url":"","video_player_library":"","video_streaming":"","vm_media_sources":"","vid_auto_play":"","vm_video_shortcode":"","vid_p_sync_playlist":"","vid_c_sync_channel":"","get_post_format":"","multiple_links_structure":"default","multi_links_title":"","vm_video_multi_links":"","vm_duration":"","vid_social_locker":"off","vid_social_locker_id":"","vid_membership_action":"content-video","vm_video_trailer_url":"","vid_download_type":"free","vid_download_target":"download","vid_woo_product":"","vm_media_download":"","user_rating":"","user_rating_position":"","user_rating_mode":"","user_rating_multi_sets":""},"video_auto_fetch_settings":{"vm_video_fetch":"on"},"video_fake_views_likes":{"vm_fake_views":"","vm_fake_likes":"","vm_fake_dislikes":""},"gallery_settings":{"gallery_position":""},"quote_settings":{"quote_position":""},"post_options":{"main_layout":"","main_logo":"","main_logo_retina":"","main_logo_mobile":"","main_logo_mobile_retina":"","sticky_logo":"","sticky_logo_retina":"","main_nav_layout":"","header_background":"","theme_sidebar":"","single_post_comment_type":"","theme_background":""}},"_links":{"self":[{"href":"https:\/\/canal7slp.tv\/2019\/wp-json\/wp\/v2\/posts\/88078","targetHints":{"allow":["GET"]}}],"collection":[{"href":"https:\/\/canal7slp.tv\/2019\/wp-json\/wp\/v2\/posts"}],"about":[{"href":"https:\/\/canal7slp.tv\/2019\/wp-json\/wp\/v2\/types\/post"}],"author":[{"embeddable":true,"href":"https:\/\/canal7slp.tv\/2019\/wp-json\/wp\/v2\/users\/2"}],"replies":[{"embeddable":true,"href":"https:\/\/canal7slp.tv\/2019\/wp-json\/wp\/v2\/comments?post=88078"}],"version-history":[{"count":0,"href":"https:\/\/canal7slp.tv\/2019\/wp-json\/wp\/v2\/posts\/88078\/revisions"}],"wp:featuredmedia":[{"embeddable":true,"href":"https:\/\/canal7slp.tv\/2019\/wp-json\/wp\/v2\/media\/88084"}],"wp:attachment":[{"href":"https:\/\/canal7slp.tv\/2019\/wp-json\/wp\/v2\/media?parent=88078"}],"wp:term":[{"taxonomy":"category","embeddable":true,"href":"https:\/\/canal7slp.tv\/2019\/wp-json\/wp\/v2\/categories?post=88078"},{"taxonomy":"post_tag","embeddable":true,"href":"https:\/\/canal7slp.tv\/2019\/wp-json\/wp\/v2\/tags?post=88078"}],"curies":[{"name":"wp","href":"https:\/\/api.w.org\/{rel}","templated":true}]}}