{"id":88014,"date":"2019-12-12T17:18:51","date_gmt":"2019-12-12T23:18:51","guid":{"rendered":"https:\/\/canal7slp.tv\/2019\/?p=88014"},"modified":"2019-12-12T19:13:53","modified_gmt":"2019-12-13T01:13:53","slug":"residencia-superior-a-los-15-mdp-entre-las-propiedades-de-garcia-luna","status":"publish","type":"post","link":"https:\/\/canal7slp.tv\/2019\/residencia-superior-a-los-15-mdp-entre-las-propiedades-de-garcia-luna\/","title":{"rendered":"Residencia superior a los 15 MDP entre las propiedades de Garc\u00eda Luna."},"content":{"rendered":"<p style=\"text-align: justify\">SLP.- Genaro Garc\u00eda Luna, el superpolic\u00eda de la administraci\u00f3n de Felipe Calder\u00f3n, Vicente Fox y Ernesto Zedillo fue detenido el lunes en Texas, acusado de conspirar para traficar coca\u00edna a Estados Unidos.<\/p>\n<p style=\"text-align: justify\">En un comunicado, el fiscal de Nueva York Richard P. Donogue donde se lleva el caso, detall\u00f3 la acusaci\u00f3n: Garc\u00eda Luna est\u00e1 acusado de recibir millones de d\u00f3lares por sobornos del C\u00e1rtel de Sinaloa liderado por Joaqu\u00edn Loera, \u201cEl Chapo Guzm\u00e1n\u201d, mientras controlaba la Polic\u00eda Federal Mexicana y era responsable de garantizar la seguridad p\u00fablica en M\u00e9xico, se\u00f1ala el comunicado.<\/p>\n<p style=\"text-align: justify\">Estas acusaciones refuerzan las versiones sobre el enriquecimiento inexplicable que Garc\u00eda Luna registr\u00f3 durante su paso por la administraci\u00f3n p\u00fablica en M\u00e9xico.<\/p>\n<p style=\"text-align: justify\">De agosto de 1990 a marzo de 1999, Garc\u00eda Luna trabaj\u00f3 en el Centro de Inteligencia y Seguridad Nacional, CISEN, en el tiempo de Ernesto Zedillo, despu\u00e9s estuvo ocho meses como Coordinador General de la desaparecida Polic\u00eda Federal Preventiva; en noviembre del 2001 fue nombrado en el gobierno de Vicente Fox Coordinador General de la Agencia Federal de Investigaciones.<\/p>\n<p style=\"text-align: justify\">En su declaraci\u00f3n patrimonial revel\u00f3 que percib\u00eda un mill\u00f3n 731 mil 903 pesos anuales y no ten\u00eda otros ingresos; ten\u00eda tres propiedades, una casa de 450 mil pesos, otra casa de 522 mil pesos y un local de 213 mil 546 pesos.<\/p>\n<p style=\"text-align: justify\">Seis a\u00f1os despu\u00e9s en 2007, cuando estuvo al frente de la Agencia Federal de Investigaciones con Felipe Calder\u00f3n declar\u00f3 ingresos por dos millones de pesos al a\u00f1o, luego en 2008, declar\u00f3 ingresos por 3 millones 821 mil 226 pesos, aqu\u00ed se observa un incremento del 91 por ciento con respecto al a\u00f1o anterior.<\/p>\n<p style=\"text-align: justify\">Del 2009 al 2012, Garc\u00eda Luna no hizo p\u00fablica su declaraci\u00f3n patrimonial, sin embargo en 2009 compr\u00f3 un terreno y construy\u00f3 una residencia en Jardines de la Monta\u00f1a, al sur de la ciudad de M\u00e9xico, seg\u00fan el dicho de Garc\u00eda Luna, la residencia cost\u00f3 15 millones 800 mil pesos.<\/p>\n<p style=\"text-align: justify\">El titular de la Unidad de Inteligencia Financiera Santiago Nieto Castillo inform\u00f3 que en esta semana fueron congeladas las cuentas bancarias de Genaro Garc\u00eda Luna.<\/p>\n<p style=\"text-align: justify\">Por: Jos\u00e9 Luis Juarez<\/p>\n","protected":false},"excerpt":{"rendered":"<p>SLP.- Genaro Garc\u00eda Luna, el superpolic\u00eda de la administraci\u00f3n de Felipe Calder\u00f3n, Vicente Fox y Ernesto Zedillo fue detenido el lunes en Texas, acusado de conspirar para traficar coca\u00edna a Estados Unidos. En un comunicado, el fiscal de Nueva York Richard P. Donogue donde se lleva el caso, detall\u00f3 la acusaci\u00f3n: Garc\u00eda Luna est\u00e1 acusado [&hellip;]<\/p>\n","protected":false},"author":2,"featured_media":88049,"comment_status":"open","ping_status":"open","sticky":false,"template":"","format":"video","meta":{"footnotes":""},"categories":[108,17],"tags":[],"class_list":["post-88014","post","type-post","status-publish","format-video","has-post-thumbnail","hentry","category-destacadas","category-localesyregionales","post_format-post-format-video"],"yoast_head":"<!-- This site is optimized with the Yoast SEO plugin v27.5 - https:\/\/yoast.com\/product\/yoast-seo-wordpress\/ -->\n<title>Residencia superior a los 15 MDP entre las propiedades de Garc\u00eda Luna. - Canal 7 SLP - 2019<\/title>\n<meta name=\"robots\" content=\"index, follow, max-snippet:-1, max-image-preview:large, max-video-preview:-1\" \/>\n<link rel=\"canonical\" href=\"https:\/\/canal7slp.tv\/2019\/residencia-superior-a-los-15-mdp-entre-las-propiedades-de-garcia-luna\/\" \/>\n<meta property=\"og:locale\" content=\"es_ES\" \/>\n<meta property=\"og:type\" content=\"article\" \/>\n<meta property=\"og:title\" content=\"Residencia superior a los 15 MDP entre las propiedades de Garc\u00eda Luna. - Canal 7 SLP - 2019\" \/>\n<meta property=\"og:description\" content=\"SLP.- Genaro Garc\u00eda Luna, el superpolic\u00eda de la administraci\u00f3n de Felipe Calder\u00f3n, Vicente Fox y Ernesto Zedillo fue detenido el lunes en Texas, acusado de conspirar para traficar coca\u00edna a Estados Unidos. En un comunicado, el fiscal de Nueva York Richard P. Donogue donde se lleva el caso, detall\u00f3 la acusaci\u00f3n: Garc\u00eda Luna est\u00e1 acusado [&hellip;]\" \/>\n<meta property=\"og:url\" content=\"https:\/\/canal7slp.tv\/2019\/residencia-superior-a-los-15-mdp-entre-las-propiedades-de-garcia-luna\/\" \/>\n<meta property=\"og:site_name\" content=\"Canal 7 SLP - 2019\" \/>\n<meta property=\"article:publisher\" content=\"https:\/\/www.facebook.com\/CANAL7SLP\/\" \/>\n<meta property=\"article:published_time\" content=\"2019-12-12T23:18:51+00:00\" \/>\n<meta property=\"article:modified_time\" content=\"2019-12-13T01:13:53+00:00\" \/>\n<meta property=\"og:image\" content=\"https:\/\/canal7slp.tv\/2019\/wp-content\/uploads\/2019\/12\/genarogarcialuna.png\" \/>\n\t<meta property=\"og:image:width\" content=\"728\" \/>\n\t<meta property=\"og:image:height\" content=\"410\" \/>\n\t<meta property=\"og:image:type\" content=\"image\/png\" \/>\n<meta name=\"author\" content=\"edicionweb\" \/>\n<meta name=\"twitter:card\" content=\"summary_large_image\" \/>\n<meta name=\"twitter:creator\" content=\"@canal7_slp\" \/>\n<meta name=\"twitter:site\" content=\"@canal7_slp\" \/>\n<meta name=\"twitter:label1\" content=\"Escrito por\" \/>\n\t<meta name=\"twitter:data1\" content=\"edicionweb\" \/>\n\t<meta name=\"twitter:label2\" content=\"Tiempo de lectura\" \/>\n\t<meta name=\"twitter:data2\" content=\"2 minutos\" \/>\n<script type=\"application\/ld+json\" class=\"yoast-schema-graph\">{\"@context\":\"https:\\\/\\\/schema.org\",\"@graph\":[{\"@type\":\"Article\",\"@id\":\"https:\\\/\\\/canal7slp.tv\\\/2019\\\/residencia-superior-a-los-15-mdp-entre-las-propiedades-de-garcia-luna\\\/#article\",\"isPartOf\":{\"@id\":\"https:\\\/\\\/canal7slp.tv\\\/2019\\\/residencia-superior-a-los-15-mdp-entre-las-propiedades-de-garcia-luna\\\/\"},\"author\":{\"name\":\"edicionweb\",\"@id\":\"https:\\\/\\\/canal7slp.tv\\\/2019\\\/#\\\/schema\\\/person\\\/11d941c1c6ca30ac0a46b95fa37aa2e3\"},\"headline\":\"Residencia superior a los 15 MDP entre las propiedades de Garc\u00eda Luna.\",\"datePublished\":\"2019-12-12T23:18:51+00:00\",\"dateModified\":\"2019-12-13T01:13:53+00:00\",\"mainEntityOfPage\":{\"@id\":\"https:\\\/\\\/canal7slp.tv\\\/2019\\\/residencia-superior-a-los-15-mdp-entre-las-propiedades-de-garcia-luna\\\/\"},\"wordCount\":379,\"commentCount\":0,\"publisher\":{\"@id\":\"https:\\\/\\\/canal7slp.tv\\\/2019\\\/#organization\"},\"image\":{\"@id\":\"https:\\\/\\\/canal7slp.tv\\\/2019\\\/residencia-superior-a-los-15-mdp-entre-las-propiedades-de-garcia-luna\\\/#primaryimage\"},\"thumbnailUrl\":\"https:\\\/\\\/canal7slp.tv\\\/2019\\\/wp-content\\\/uploads\\\/2019\\\/12\\\/genarogarcialuna.png\",\"articleSection\":[\"DESTACADAS\",\"LOCALES Y REGIONALES\"],\"inLanguage\":\"es\",\"potentialAction\":[{\"@type\":\"CommentAction\",\"name\":\"Comment\",\"target\":[\"https:\\\/\\\/canal7slp.tv\\\/2019\\\/residencia-superior-a-los-15-mdp-entre-las-propiedades-de-garcia-luna\\\/#respond\"]}]},{\"@type\":\"WebPage\",\"@id\":\"https:\\\/\\\/canal7slp.tv\\\/2019\\\/residencia-superior-a-los-15-mdp-entre-las-propiedades-de-garcia-luna\\\/\",\"url\":\"https:\\\/\\\/canal7slp.tv\\\/2019\\\/residencia-superior-a-los-15-mdp-entre-las-propiedades-de-garcia-luna\\\/\",\"name\":\"Residencia superior a los 15 MDP entre las propiedades de Garc\u00eda Luna. - Canal 7 SLP - 2019\",\"isPartOf\":{\"@id\":\"https:\\\/\\\/canal7slp.tv\\\/2019\\\/#website\"},\"primaryImageOfPage\":{\"@id\":\"https:\\\/\\\/canal7slp.tv\\\/2019\\\/residencia-superior-a-los-15-mdp-entre-las-propiedades-de-garcia-luna\\\/#primaryimage\"},\"image\":{\"@id\":\"https:\\\/\\\/canal7slp.tv\\\/2019\\\/residencia-superior-a-los-15-mdp-entre-las-propiedades-de-garcia-luna\\\/#primaryimage\"},\"thumbnailUrl\":\"https:\\\/\\\/canal7slp.tv\\\/2019\\\/wp-content\\\/uploads\\\/2019\\\/12\\\/genarogarcialuna.png\",\"datePublished\":\"2019-12-12T23:18:51+00:00\",\"dateModified\":\"2019-12-13T01:13:53+00:00\",\"breadcrumb\":{\"@id\":\"https:\\\/\\\/canal7slp.tv\\\/2019\\\/residencia-superior-a-los-15-mdp-entre-las-propiedades-de-garcia-luna\\\/#breadcrumb\"},\"inLanguage\":\"es\",\"potentialAction\":[{\"@type\":\"ReadAction\",\"target\":[\"https:\\\/\\\/canal7slp.tv\\\/2019\\\/residencia-superior-a-los-15-mdp-entre-las-propiedades-de-garcia-luna\\\/\"]}]},{\"@type\":\"ImageObject\",\"inLanguage\":\"es\",\"@id\":\"https:\\\/\\\/canal7slp.tv\\\/2019\\\/residencia-superior-a-los-15-mdp-entre-las-propiedades-de-garcia-luna\\\/#primaryimage\",\"url\":\"https:\\\/\\\/canal7slp.tv\\\/2019\\\/wp-content\\\/uploads\\\/2019\\\/12\\\/genarogarcialuna.png\",\"contentUrl\":\"https:\\\/\\\/canal7slp.tv\\\/2019\\\/wp-content\\\/uploads\\\/2019\\\/12\\\/genarogarcialuna.png\",\"width\":728,\"height\":410},{\"@type\":\"BreadcrumbList\",\"@id\":\"https:\\\/\\\/canal7slp.tv\\\/2019\\\/residencia-superior-a-los-15-mdp-entre-las-propiedades-de-garcia-luna\\\/#breadcrumb\",\"itemListElement\":[{\"@type\":\"ListItem\",\"position\":1,\"name\":\"Home\",\"item\":\"https:\\\/\\\/canal7slp.tv\\\/2019\\\/\"},{\"@type\":\"ListItem\",\"position\":2,\"name\":\"Residencia superior a los 15 MDP entre las propiedades de Garc\u00eda Luna.\"}]},{\"@type\":\"WebSite\",\"@id\":\"https:\\\/\\\/canal7slp.tv\\\/2019\\\/#website\",\"url\":\"https:\\\/\\\/canal7slp.tv\\\/2019\\\/\",\"name\":\"Canal 7 SLP - Somos TV\",\"description\":\"Somos un Canal de 10\",\"publisher\":{\"@id\":\"https:\\\/\\\/canal7slp.tv\\\/2019\\\/#organization\"},\"potentialAction\":[{\"@type\":\"SearchAction\",\"target\":{\"@type\":\"EntryPoint\",\"urlTemplate\":\"https:\\\/\\\/canal7slp.tv\\\/2019\\\/?s={search_term_string}\"},\"query-input\":{\"@type\":\"PropertyValueSpecification\",\"valueRequired\":true,\"valueName\":\"search_term_string\"}}],\"inLanguage\":\"es\"},{\"@type\":\"Organization\",\"@id\":\"https:\\\/\\\/canal7slp.tv\\\/2019\\\/#organization\",\"name\":\"Comunicaci\u00f3n 2000 S.A. de C.V.\",\"url\":\"https:\\\/\\\/canal7slp.tv\\\/2019\\\/\",\"logo\":{\"@type\":\"ImageObject\",\"inLanguage\":\"es\",\"@id\":\"https:\\\/\\\/canal7slp.tv\\\/2019\\\/#\\\/schema\\\/logo\\\/image\\\/\",\"url\":\"https:\\\/\\\/canal7slp.tv\\\/2019\\\/wp-content\\\/uploads\\\/2019\\\/07\\\/logo-c7.png\",\"contentUrl\":\"https:\\\/\\\/canal7slp.tv\\\/2019\\\/wp-content\\\/uploads\\\/2019\\\/07\\\/logo-c7.png\",\"width\":220,\"height\":60,\"caption\":\"Comunicaci\u00f3n 2000 S.A. de C.V.\"},\"image\":{\"@id\":\"https:\\\/\\\/canal7slp.tv\\\/2019\\\/#\\\/schema\\\/logo\\\/image\\\/\"},\"sameAs\":[\"https:\\\/\\\/www.facebook.com\\\/CANAL7SLP\\\/\",\"https:\\\/\\\/x.com\\\/canal7_slp\",\"https:\\\/\\\/www.instagram.com\\\/canal7_slp\",\"https:\\\/\\\/www.youtube.com\\\/user\\\/NOTICIEROSCANAL7SLP\\\/\"]},{\"@type\":\"Person\",\"@id\":\"https:\\\/\\\/canal7slp.tv\\\/2019\\\/#\\\/schema\\\/person\\\/11d941c1c6ca30ac0a46b95fa37aa2e3\",\"name\":\"edicionweb\",\"image\":{\"@type\":\"ImageObject\",\"inLanguage\":\"es\",\"@id\":\"https:\\\/\\\/secure.gravatar.com\\\/avatar\\\/eee448fc3f7164808013b816ba91ac7e43bbe82a70bebac296f8bc6f0addaa1a?s=96&d=mm&r=g\",\"url\":\"https:\\\/\\\/secure.gravatar.com\\\/avatar\\\/eee448fc3f7164808013b816ba91ac7e43bbe82a70bebac296f8bc6f0addaa1a?s=96&d=mm&r=g\",\"contentUrl\":\"https:\\\/\\\/secure.gravatar.com\\\/avatar\\\/eee448fc3f7164808013b816ba91ac7e43bbe82a70bebac296f8bc6f0addaa1a?s=96&d=mm&r=g\",\"caption\":\"edicionweb\"}}]}<\/script>\n<!-- \/ Yoast SEO plugin. -->","yoast_head_json":{"title":"Residencia superior a los 15 MDP entre las propiedades de Garc\u00eda Luna. - Canal 7 SLP - 2019","robots":{"index":"index","follow":"follow","max-snippet":"max-snippet:-1","max-image-preview":"max-image-preview:large","max-video-preview":"max-video-preview:-1"},"canonical":"https:\/\/canal7slp.tv\/2019\/residencia-superior-a-los-15-mdp-entre-las-propiedades-de-garcia-luna\/","og_locale":"es_ES","og_type":"article","og_title":"Residencia superior a los 15 MDP entre las propiedades de Garc\u00eda Luna. - Canal 7 SLP - 2019","og_description":"SLP.- Genaro Garc\u00eda Luna, el superpolic\u00eda de la administraci\u00f3n de Felipe Calder\u00f3n, Vicente Fox y Ernesto Zedillo fue detenido el lunes en Texas, acusado de conspirar para traficar coca\u00edna a Estados Unidos. En un comunicado, el fiscal de Nueva York Richard P. Donogue donde se lleva el caso, detall\u00f3 la acusaci\u00f3n: Garc\u00eda Luna est\u00e1 acusado [&hellip;]","og_url":"https:\/\/canal7slp.tv\/2019\/residencia-superior-a-los-15-mdp-entre-las-propiedades-de-garcia-luna\/","og_site_name":"Canal 7 SLP - 2019","article_publisher":"https:\/\/www.facebook.com\/CANAL7SLP\/","article_published_time":"2019-12-12T23:18:51+00:00","article_modified_time":"2019-12-13T01:13:53+00:00","og_image":[{"width":728,"height":410,"url":"https:\/\/canal7slp.tv\/2019\/wp-content\/uploads\/2019\/12\/genarogarcialuna.png","type":"image\/png"}],"author":"edicionweb","twitter_card":"summary_large_image","twitter_creator":"@canal7_slp","twitter_site":"@canal7_slp","twitter_misc":{"Escrito por":"edicionweb","Tiempo de lectura":"2 minutos"},"schema":{"@context":"https:\/\/schema.org","@graph":[{"@type":"Article","@id":"https:\/\/canal7slp.tv\/2019\/residencia-superior-a-los-15-mdp-entre-las-propiedades-de-garcia-luna\/#article","isPartOf":{"@id":"https:\/\/canal7slp.tv\/2019\/residencia-superior-a-los-15-mdp-entre-las-propiedades-de-garcia-luna\/"},"author":{"name":"edicionweb","@id":"https:\/\/canal7slp.tv\/2019\/#\/schema\/person\/11d941c1c6ca30ac0a46b95fa37aa2e3"},"headline":"Residencia superior a los 15 MDP entre las propiedades de Garc\u00eda Luna.","datePublished":"2019-12-12T23:18:51+00:00","dateModified":"2019-12-13T01:13:53+00:00","mainEntityOfPage":{"@id":"https:\/\/canal7slp.tv\/2019\/residencia-superior-a-los-15-mdp-entre-las-propiedades-de-garcia-luna\/"},"wordCount":379,"commentCount":0,"publisher":{"@id":"https:\/\/canal7slp.tv\/2019\/#organization"},"image":{"@id":"https:\/\/canal7slp.tv\/2019\/residencia-superior-a-los-15-mdp-entre-las-propiedades-de-garcia-luna\/#primaryimage"},"thumbnailUrl":"https:\/\/canal7slp.tv\/2019\/wp-content\/uploads\/2019\/12\/genarogarcialuna.png","articleSection":["DESTACADAS","LOCALES Y REGIONALES"],"inLanguage":"es","potentialAction":[{"@type":"CommentAction","name":"Comment","target":["https:\/\/canal7slp.tv\/2019\/residencia-superior-a-los-15-mdp-entre-las-propiedades-de-garcia-luna\/#respond"]}]},{"@type":"WebPage","@id":"https:\/\/canal7slp.tv\/2019\/residencia-superior-a-los-15-mdp-entre-las-propiedades-de-garcia-luna\/","url":"https:\/\/canal7slp.tv\/2019\/residencia-superior-a-los-15-mdp-entre-las-propiedades-de-garcia-luna\/","name":"Residencia superior a los 15 MDP entre las propiedades de Garc\u00eda Luna. - Canal 7 SLP - 2019","isPartOf":{"@id":"https:\/\/canal7slp.tv\/2019\/#website"},"primaryImageOfPage":{"@id":"https:\/\/canal7slp.tv\/2019\/residencia-superior-a-los-15-mdp-entre-las-propiedades-de-garcia-luna\/#primaryimage"},"image":{"@id":"https:\/\/canal7slp.tv\/2019\/residencia-superior-a-los-15-mdp-entre-las-propiedades-de-garcia-luna\/#primaryimage"},"thumbnailUrl":"https:\/\/canal7slp.tv\/2019\/wp-content\/uploads\/2019\/12\/genarogarcialuna.png","datePublished":"2019-12-12T23:18:51+00:00","dateModified":"2019-12-13T01:13:53+00:00","breadcrumb":{"@id":"https:\/\/canal7slp.tv\/2019\/residencia-superior-a-los-15-mdp-entre-las-propiedades-de-garcia-luna\/#breadcrumb"},"inLanguage":"es","potentialAction":[{"@type":"ReadAction","target":["https:\/\/canal7slp.tv\/2019\/residencia-superior-a-los-15-mdp-entre-las-propiedades-de-garcia-luna\/"]}]},{"@type":"ImageObject","inLanguage":"es","@id":"https:\/\/canal7slp.tv\/2019\/residencia-superior-a-los-15-mdp-entre-las-propiedades-de-garcia-luna\/#primaryimage","url":"https:\/\/canal7slp.tv\/2019\/wp-content\/uploads\/2019\/12\/genarogarcialuna.png","contentUrl":"https:\/\/canal7slp.tv\/2019\/wp-content\/uploads\/2019\/12\/genarogarcialuna.png","width":728,"height":410},{"@type":"BreadcrumbList","@id":"https:\/\/canal7slp.tv\/2019\/residencia-superior-a-los-15-mdp-entre-las-propiedades-de-garcia-luna\/#breadcrumb","itemListElement":[{"@type":"ListItem","position":1,"name":"Home","item":"https:\/\/canal7slp.tv\/2019\/"},{"@type":"ListItem","position":2,"name":"Residencia superior a los 15 MDP entre las propiedades de Garc\u00eda Luna."}]},{"@type":"WebSite","@id":"https:\/\/canal7slp.tv\/2019\/#website","url":"https:\/\/canal7slp.tv\/2019\/","name":"Canal 7 SLP - Somos TV","description":"Somos un Canal de 10","publisher":{"@id":"https:\/\/canal7slp.tv\/2019\/#organization"},"potentialAction":[{"@type":"SearchAction","target":{"@type":"EntryPoint","urlTemplate":"https:\/\/canal7slp.tv\/2019\/?s={search_term_string}"},"query-input":{"@type":"PropertyValueSpecification","valueRequired":true,"valueName":"search_term_string"}}],"inLanguage":"es"},{"@type":"Organization","@id":"https:\/\/canal7slp.tv\/2019\/#organization","name":"Comunicaci\u00f3n 2000 S.A. de C.V.","url":"https:\/\/canal7slp.tv\/2019\/","logo":{"@type":"ImageObject","inLanguage":"es","@id":"https:\/\/canal7slp.tv\/2019\/#\/schema\/logo\/image\/","url":"https:\/\/canal7slp.tv\/2019\/wp-content\/uploads\/2019\/07\/logo-c7.png","contentUrl":"https:\/\/canal7slp.tv\/2019\/wp-content\/uploads\/2019\/07\/logo-c7.png","width":220,"height":60,"caption":"Comunicaci\u00f3n 2000 S.A. de C.V."},"image":{"@id":"https:\/\/canal7slp.tv\/2019\/#\/schema\/logo\/image\/"},"sameAs":["https:\/\/www.facebook.com\/CANAL7SLP\/","https:\/\/x.com\/canal7_slp","https:\/\/www.instagram.com\/canal7_slp","https:\/\/www.youtube.com\/user\/NOTICIEROSCANAL7SLP\/"]},{"@type":"Person","@id":"https:\/\/canal7slp.tv\/2019\/#\/schema\/person\/11d941c1c6ca30ac0a46b95fa37aa2e3","name":"edicionweb","image":{"@type":"ImageObject","inLanguage":"es","@id":"https:\/\/secure.gravatar.com\/avatar\/eee448fc3f7164808013b816ba91ac7e43bbe82a70bebac296f8bc6f0addaa1a?s=96&d=mm&r=g","url":"https:\/\/secure.gravatar.com\/avatar\/eee448fc3f7164808013b816ba91ac7e43bbe82a70bebac296f8bc6f0addaa1a?s=96&d=mm&r=g","contentUrl":"https:\/\/secure.gravatar.com\/avatar\/eee448fc3f7164808013b816ba91ac7e43bbe82a70bebac296f8bc6f0addaa1a?s=96&d=mm&r=g","caption":"edicionweb"}}]}},"amp_enabled":true,"cmb2":{"video_ids_in_playlist":{"vid_p_videos":""},"video_ids_in_channel":{"vid_c_videos":""},"playlist_ids_in_channel":{"vid_c_playlists":""},"series_ids_in_channel":{"vid_c_series":""},"channel_images":{"vid_c_logo":"","vid_c_banner":""},"poster_feature_image":{"vid_m_poster_image":""},"gif_feature_image":{"vid_m_gif_image":""},"video_movie_settings":{"vid_m_director":"","vid_m_actor":"","vid_m_imdb_ratings":"","vid_m_amazon_associates":""},"vid_youtube_broadcasts_settings":{"vid_yb_broadcast_title":"","vid_yb_q":"","vid_yb_channelid":"","vid_yb_videocategoryid":"","vid_yb_maxresults":"","vid_yb_order":"","vid_yb_regioncode":"","vid_yb_videosyndicated":"","vid_yb_style":"","vid_yb_reload_first":""},"video_series_settings":{"vid_m_director":"","vid_m_actor":"","vid_m_imdb_ratings":"","video_series_group":""},"amazon_associates_settings":{"amazon_associates":"","amazon_native_ad":""},"vid_youtube_automatic_settings":{"vid_ya_youtube_source":"","vid_ya_update_every":"","vid_ya_update_unit":"","vid_ya_categories":"","vid_ya_published_after":"","vid_ya_published_before":"","vid_ya_playlists":"","vid_ya_channels":"","vid_ya_director":"","vid_ya_actor":"","vid_ya_author":"","vid_ya_import_post_date":"","vid_ya_status":"","vid_ya_sub_api_key":""},"vid_ads_m_videoads_settings_post":{"vid_ads_m_video_ads":"","vid_ads_m_video_ads_type":"","vid_ads_m_group_google_ima":"","vid_ads_m_group_image":"","vid_ads_m_group_html5_video":"","vid_ads_m_group_html":"","vid_ads_m_vast_preroll":"","vid_ads_m_vast_postroll":"","vid_ads_m_vast_pauseroll":"","vid_ads_m_vast_midroll":[{"vid_ads_m_vast_timer_seconds":"50"}],"vid_ads_m_time_to_show_ads":"","vid_ads_m_time_skip_ads":"","vid_ads_m_time_to_hide_ads":""},"page_slider_settings":{"display_slider_group":"","page_slider_group":""},"blog_page_settings":{"blog_page_title":"","blog_page_heading":"","blog_page_ic":"","blog_page_it":"","blog_page_ec":"","blog_page_ip":"","archive_loop_style":"","blog_image_ratio":"","blog_show_categories":"","blog_show_excerpt":"","blog_show_author":"","blog_show_date":"","blog_show_comment_count":"","blog_show_view_count":"","blog_show_like_count":"","blog_show_dislike_count":"","blog_items_per_page":"","blog_pag_type":""},"page_options":{"get_page_template":"","color_mode":"","main_layout":"","main_layout_full_with":"","main_logo":"","main_logo_retina":"","main_logo_mobile":"","main_logo_mobile_retina":"","sticky_logo":"","sticky_logo_retina":"","main_nav_layout":"","ajax_search":"","header_background":"","theme_sidebar":"","instagram_feed":"","instagram_feed_position":"","popular_videos":"","popular_videos_title_1":"","popular_videos_title_2":"","popular_videos_ic":"","popular_videos_it":"","theme_background":"","page_custom_css":""},"feature_image_settings":{"feature_image_position":""},"video_player_settings":{"single_video_style":"","video_player_position":"","vm_video_url":"https:\/\/youtu.be\/u9CV6I8q-0I","video_player_library":"","video_streaming":"","vm_media_sources":"","vid_auto_play":"","vm_video_shortcode":"","vid_p_sync_playlist":"","vid_c_sync_channel":"","get_post_format":"","multiple_links_structure":"default","multi_links_title":"","vm_video_multi_links":"","vm_duration":"","vid_social_locker":"off","vid_social_locker_id":"","vid_membership_action":"content-video","vm_video_trailer_url":"","vid_download_type":"free","vid_download_target":"download","vid_woo_product":"","vm_media_download":"","user_rating":"","user_rating_position":"","user_rating_mode":"","user_rating_multi_sets":""},"video_auto_fetch_settings":{"vm_video_fetch":"off"},"video_fake_views_likes":{"vm_fake_views":"","vm_fake_likes":"","vm_fake_dislikes":""},"gallery_settings":{"gallery_position":""},"quote_settings":{"quote_position":""},"post_options":{"main_layout":"","main_logo":"","main_logo_retina":"","main_logo_mobile":"","main_logo_mobile_retina":"","sticky_logo":"","sticky_logo_retina":"","main_nav_layout":"","header_background":"","theme_sidebar":"","single_post_comment_type":"","theme_background":""}},"_links":{"self":[{"href":"https:\/\/canal7slp.tv\/2019\/wp-json\/wp\/v2\/posts\/88014","targetHints":{"allow":["GET"]}}],"collection":[{"href":"https:\/\/canal7slp.tv\/2019\/wp-json\/wp\/v2\/posts"}],"about":[{"href":"https:\/\/canal7slp.tv\/2019\/wp-json\/wp\/v2\/types\/post"}],"author":[{"embeddable":true,"href":"https:\/\/canal7slp.tv\/2019\/wp-json\/wp\/v2\/users\/2"}],"replies":[{"embeddable":true,"href":"https:\/\/canal7slp.tv\/2019\/wp-json\/wp\/v2\/comments?post=88014"}],"version-history":[{"count":0,"href":"https:\/\/canal7slp.tv\/2019\/wp-json\/wp\/v2\/posts\/88014\/revisions"}],"wp:featuredmedia":[{"embeddable":true,"href":"https:\/\/canal7slp.tv\/2019\/wp-json\/wp\/v2\/media\/88049"}],"wp:attachment":[{"href":"https:\/\/canal7slp.tv\/2019\/wp-json\/wp\/v2\/media?parent=88014"}],"wp:term":[{"taxonomy":"category","embeddable":true,"href":"https:\/\/canal7slp.tv\/2019\/wp-json\/wp\/v2\/categories?post=88014"},{"taxonomy":"post_tag","embeddable":true,"href":"https:\/\/canal7slp.tv\/2019\/wp-json\/wp\/v2\/tags?post=88014"}],"curies":[{"name":"wp","href":"https:\/\/api.w.org\/{rel}","templated":true}]}}