{"id":8750,"date":"2019-06-07T13:44:42","date_gmt":"2019-06-07T18:44:42","guid":{"rendered":"https:\/\/canal7slp.tv\/2019\/?p=8750"},"modified":"2019-06-07T14:42:33","modified_gmt":"2019-06-07T19:42:33","slug":"juez-federal-suspende-de-manera-definitiva-la-construccion-del-aeropuerto-de-santa-lucia","status":"publish","type":"post","link":"https:\/\/canal7slp.tv\/2019\/juez-federal-suspende-de-manera-definitiva-la-construccion-del-aeropuerto-de-santa-lucia\/","title":{"rendered":"Juez Federal suspende de manera definitiva la construcci\u00f3n del Aeropuerto de Santa Luc\u00eda"},"content":{"rendered":"<p style=\"text-align: justify\">M\u00e9xico.- Hoy por la ma\u00f1ana un Juez Federal concedi\u00f3 la suspensi\u00f3n definitiva de la construcci\u00f3n del aeropuerto de Santa Luc\u00eda en favor de residentes del Municipio de Zumpango que, a trav\u00e9s del colectivo #NoM\u00e1sDerroches, promovieron una demanda de amparo en contra de la construcci\u00f3n de dicho aeropuerto.<\/p>\n<p style=\"text-align: justify\">La suspensi\u00f3n definitiva concedida por el Juez Decimotercero de Distrito en el Estado de M\u00e9xico, obliga a las autoridades a abstenerse de continuar con la construcci\u00f3n del Aeropuerto de Santa Luc\u00eda hasta que existan las autorizaciones necesarias que aseguren que dicho proyecto no perjudicar\u00e1 al medio ambiente ni atentar\u00e1 contra la integridad del patrimonio cultural en el predio donde se pretende construir.<\/p>\n<p style=\"text-align: justify\">La medida cautelar concedida por el Juez Federal busca proteger el medio ambiente y los bienes que sean considerados patrimonio arqueol\u00f3gico, hist\u00f3rico y\/o paleontol\u00f3gico ubicados en la zona.<\/p>\n<p style=\"text-align: justify\">Esta determinaci\u00f3n puede ser impugnada por las autoridades demandadas ante un Tribunal Colegiado a trav\u00e9s de un recurso de revisi\u00f3n.<\/p>\n<p style=\"text-align: justify\">Esta es la segunda resoluci\u00f3n judicial que ordena la suspensi\u00f3n de la construcci\u00f3n del Aeropuerto de Santa Luc\u00eda. La primera fue dictada la semana pasada por el Primer Tribunal Colegiado en Materia Administrativa del Segundo Circuito. Ese juicio tambi\u00e9n fue impulsado por el colectivo #NoM\u00e1sDerroches.<\/p>\n<p style=\"text-align: justify\">Con esta decisi\u00f3n el Poder Judicial de la Federaci\u00f3n, una vez m\u00e1s, demuestra a los ciudadanos que es un contrapeso real a decisiones apresuradas e injustificadas del Poder Ejecutivo y genera un nuevo precedente importante.<\/p>\n<p style=\"text-align: justify\">#NoM\u00e1sDerroches est\u00e1 conformado por varias organizaciones de la sociedad civil*, despachos de abogados y m\u00e1s de un centenar de ciudadanos que son usuarios del aeropuerto, pilotos aviadores y pobladores de Texcoco y Santa Luc\u00eda. Juntos presentamos 147 juicios de amparo individuales con el fin de que el Poder Judicial de la Federaci\u00f3n revise la legalidad de la cancelaci\u00f3n del Aeropuerto de Texcoco (NAIM) y asegure que el proyecto de Aeropuerto Internacional de Santa Luc\u00eda cuente con todos los dict\u00e1menes y permisos ambientales y culturales requeridos.<\/p>\n<p style=\"text-align: justify\">#NoM\u00e1sDerroches seguir\u00e1 recurriendo a la v\u00eda legal en contra de cualquier otro proyecto de infraestructura que conlleve el desperdicio de recursos p\u00fablicos, da\u00f1os al medio ambiente y violaci\u00f3n de los derechos sociales de los mexicanos.<\/p>\n<p style=\"text-align: justify\">*El colectivo #NoM\u00e1sDerroches est\u00e1 integrado por Causa en Com\u00fan, Comisi\u00f3n Mexicana de Derechos Humanos, A.C. (COMEXDH), Confederaci\u00f3n Patronal de la Rep\u00fablica Mexicana (COPARMEX), Consejo General de la Abogac\u00eda Mexicana, Mexicanos Contra la Corrupci\u00f3n y la Impunidad (MCCI) y M\u00e9xico Unido Contra la Delincuencia (MUCD), entre otras organizaciones, y diversos despachos de abogados y cientos de ciudadanos.<\/p>\n","protected":false},"excerpt":{"rendered":"<p>M\u00e9xico.- Hoy por la ma\u00f1ana un Juez Federal concedi\u00f3 la suspensi\u00f3n definitiva de la construcci\u00f3n del aeropuerto de Santa Luc\u00eda en favor de residentes del Municipio de Zumpango que, a trav\u00e9s del colectivo #NoM\u00e1sDerroches, promovieron una demanda de amparo en contra de la construcci\u00f3n de dicho aeropuerto. La suspensi\u00f3n definitiva concedida por el Juez Decimotercero [&hellip;]<\/p>\n","protected":false},"author":2,"featured_media":8751,"comment_status":"open","ping_status":"closed","sticky":false,"template":"","format":"standard","meta":{"footnotes":""},"categories":[108,30],"tags":[],"class_list":["post-8750","post","type-post","status-publish","format-standard","has-post-thumbnail","hentry","category-destacadas","category-nacional"],"yoast_head":"<!-- This site is optimized with the Yoast SEO plugin v27.5 - https:\/\/yoast.com\/product\/yoast-seo-wordpress\/ -->\n<title>Juez Federal suspende de manera definitiva la construcci\u00f3n del Aeropuerto de Santa Luc\u00eda - Canal 7 SLP - 2019<\/title>\n<meta name=\"robots\" content=\"index, follow, max-snippet:-1, max-image-preview:large, max-video-preview:-1\" \/>\n<link rel=\"canonical\" href=\"https:\/\/canal7slp.tv\/2019\/juez-federal-suspende-de-manera-definitiva-la-construccion-del-aeropuerto-de-santa-lucia\/\" \/>\n<meta property=\"og:locale\" content=\"es_ES\" \/>\n<meta property=\"og:type\" content=\"article\" \/>\n<meta property=\"og:title\" content=\"Juez Federal suspende de manera definitiva la construcci\u00f3n del Aeropuerto de Santa Luc\u00eda - Canal 7 SLP - 2019\" \/>\n<meta property=\"og:description\" content=\"M\u00e9xico.- Hoy por la ma\u00f1ana un Juez Federal concedi\u00f3 la suspensi\u00f3n definitiva de la construcci\u00f3n del aeropuerto de Santa Luc\u00eda en favor de residentes del Municipio de Zumpango que, a trav\u00e9s del colectivo #NoM\u00e1sDerroches, promovieron una demanda de amparo en contra de la construcci\u00f3n de dicho aeropuerto. La suspensi\u00f3n definitiva concedida por el Juez Decimotercero [&hellip;]\" \/>\n<meta property=\"og:url\" content=\"https:\/\/canal7slp.tv\/2019\/juez-federal-suspende-de-manera-definitiva-la-construccion-del-aeropuerto-de-santa-lucia\/\" \/>\n<meta property=\"og:site_name\" content=\"Canal 7 SLP - 2019\" \/>\n<meta property=\"article:publisher\" content=\"https:\/\/www.facebook.com\/CANAL7SLP\/\" \/>\n<meta property=\"article:published_time\" content=\"2019-06-07T18:44:42+00:00\" \/>\n<meta property=\"article:modified_time\" content=\"2019-06-07T19:42:33+00:00\" \/>\n<meta property=\"og:image\" content=\"https:\/\/canal7slp.tv\/2019\/wp-content\/uploads\/2019\/06\/santalucia.jpg\" \/>\n\t<meta property=\"og:image:width\" content=\"1024\" \/>\n\t<meta property=\"og:image:height\" content=\"673\" \/>\n\t<meta property=\"og:image:type\" content=\"image\/jpeg\" \/>\n<meta name=\"author\" content=\"edicionweb\" \/>\n<meta name=\"twitter:card\" content=\"summary_large_image\" \/>\n<meta name=\"twitter:creator\" content=\"@canal7_slp\" \/>\n<meta name=\"twitter:site\" content=\"@canal7_slp\" \/>\n<meta name=\"twitter:label1\" content=\"Escrito por\" \/>\n\t<meta name=\"twitter:data1\" content=\"edicionweb\" \/>\n\t<meta name=\"twitter:label2\" content=\"Tiempo de lectura\" \/>\n\t<meta name=\"twitter:data2\" content=\"2 minutos\" \/>\n<script type=\"application\/ld+json\" class=\"yoast-schema-graph\">{\"@context\":\"https:\\\/\\\/schema.org\",\"@graph\":[{\"@type\":\"Article\",\"@id\":\"https:\\\/\\\/canal7slp.tv\\\/2019\\\/juez-federal-suspende-de-manera-definitiva-la-construccion-del-aeropuerto-de-santa-lucia\\\/#article\",\"isPartOf\":{\"@id\":\"https:\\\/\\\/canal7slp.tv\\\/2019\\\/juez-federal-suspende-de-manera-definitiva-la-construccion-del-aeropuerto-de-santa-lucia\\\/\"},\"author\":{\"name\":\"edicionweb\",\"@id\":\"https:\\\/\\\/canal7slp.tv\\\/2019\\\/#\\\/schema\\\/person\\\/11d941c1c6ca30ac0a46b95fa37aa2e3\"},\"headline\":\"Juez Federal suspende de manera definitiva la construcci\u00f3n del Aeropuerto de Santa Luc\u00eda\",\"datePublished\":\"2019-06-07T18:44:42+00:00\",\"dateModified\":\"2019-06-07T19:42:33+00:00\",\"mainEntityOfPage\":{\"@id\":\"https:\\\/\\\/canal7slp.tv\\\/2019\\\/juez-federal-suspende-de-manera-definitiva-la-construccion-del-aeropuerto-de-santa-lucia\\\/\"},\"wordCount\":477,\"commentCount\":0,\"publisher\":{\"@id\":\"https:\\\/\\\/canal7slp.tv\\\/2019\\\/#organization\"},\"image\":{\"@id\":\"https:\\\/\\\/canal7slp.tv\\\/2019\\\/juez-federal-suspende-de-manera-definitiva-la-construccion-del-aeropuerto-de-santa-lucia\\\/#primaryimage\"},\"thumbnailUrl\":\"https:\\\/\\\/canal7slp.tv\\\/2019\\\/wp-content\\\/uploads\\\/2019\\\/06\\\/santalucia.jpg\",\"articleSection\":[\"DESTACADAS\",\"NACIONAL\"],\"inLanguage\":\"es\",\"potentialAction\":[{\"@type\":\"CommentAction\",\"name\":\"Comment\",\"target\":[\"https:\\\/\\\/canal7slp.tv\\\/2019\\\/juez-federal-suspende-de-manera-definitiva-la-construccion-del-aeropuerto-de-santa-lucia\\\/#respond\"]}]},{\"@type\":\"WebPage\",\"@id\":\"https:\\\/\\\/canal7slp.tv\\\/2019\\\/juez-federal-suspende-de-manera-definitiva-la-construccion-del-aeropuerto-de-santa-lucia\\\/\",\"url\":\"https:\\\/\\\/canal7slp.tv\\\/2019\\\/juez-federal-suspende-de-manera-definitiva-la-construccion-del-aeropuerto-de-santa-lucia\\\/\",\"name\":\"Juez Federal suspende de manera definitiva la construcci\u00f3n del Aeropuerto de Santa Luc\u00eda - Canal 7 SLP - 2019\",\"isPartOf\":{\"@id\":\"https:\\\/\\\/canal7slp.tv\\\/2019\\\/#website\"},\"primaryImageOfPage\":{\"@id\":\"https:\\\/\\\/canal7slp.tv\\\/2019\\\/juez-federal-suspende-de-manera-definitiva-la-construccion-del-aeropuerto-de-santa-lucia\\\/#primaryimage\"},\"image\":{\"@id\":\"https:\\\/\\\/canal7slp.tv\\\/2019\\\/juez-federal-suspende-de-manera-definitiva-la-construccion-del-aeropuerto-de-santa-lucia\\\/#primaryimage\"},\"thumbnailUrl\":\"https:\\\/\\\/canal7slp.tv\\\/2019\\\/wp-content\\\/uploads\\\/2019\\\/06\\\/santalucia.jpg\",\"datePublished\":\"2019-06-07T18:44:42+00:00\",\"dateModified\":\"2019-06-07T19:42:33+00:00\",\"breadcrumb\":{\"@id\":\"https:\\\/\\\/canal7slp.tv\\\/2019\\\/juez-federal-suspende-de-manera-definitiva-la-construccion-del-aeropuerto-de-santa-lucia\\\/#breadcrumb\"},\"inLanguage\":\"es\",\"potentialAction\":[{\"@type\":\"ReadAction\",\"target\":[\"https:\\\/\\\/canal7slp.tv\\\/2019\\\/juez-federal-suspende-de-manera-definitiva-la-construccion-del-aeropuerto-de-santa-lucia\\\/\"]}]},{\"@type\":\"ImageObject\",\"inLanguage\":\"es\",\"@id\":\"https:\\\/\\\/canal7slp.tv\\\/2019\\\/juez-federal-suspende-de-manera-definitiva-la-construccion-del-aeropuerto-de-santa-lucia\\\/#primaryimage\",\"url\":\"https:\\\/\\\/canal7slp.tv\\\/2019\\\/wp-content\\\/uploads\\\/2019\\\/06\\\/santalucia.jpg\",\"contentUrl\":\"https:\\\/\\\/canal7slp.tv\\\/2019\\\/wp-content\\\/uploads\\\/2019\\\/06\\\/santalucia.jpg\",\"width\":1024,\"height\":673},{\"@type\":\"BreadcrumbList\",\"@id\":\"https:\\\/\\\/canal7slp.tv\\\/2019\\\/juez-federal-suspende-de-manera-definitiva-la-construccion-del-aeropuerto-de-santa-lucia\\\/#breadcrumb\",\"itemListElement\":[{\"@type\":\"ListItem\",\"position\":1,\"name\":\"Home\",\"item\":\"https:\\\/\\\/canal7slp.tv\\\/2019\\\/\"},{\"@type\":\"ListItem\",\"position\":2,\"name\":\"Juez Federal suspende de manera definitiva la construcci\u00f3n del Aeropuerto de Santa Luc\u00eda\"}]},{\"@type\":\"WebSite\",\"@id\":\"https:\\\/\\\/canal7slp.tv\\\/2019\\\/#website\",\"url\":\"https:\\\/\\\/canal7slp.tv\\\/2019\\\/\",\"name\":\"Canal 7 SLP - Somos TV\",\"description\":\"Somos un Canal de 10\",\"publisher\":{\"@id\":\"https:\\\/\\\/canal7slp.tv\\\/2019\\\/#organization\"},\"potentialAction\":[{\"@type\":\"SearchAction\",\"target\":{\"@type\":\"EntryPoint\",\"urlTemplate\":\"https:\\\/\\\/canal7slp.tv\\\/2019\\\/?s={search_term_string}\"},\"query-input\":{\"@type\":\"PropertyValueSpecification\",\"valueRequired\":true,\"valueName\":\"search_term_string\"}}],\"inLanguage\":\"es\"},{\"@type\":\"Organization\",\"@id\":\"https:\\\/\\\/canal7slp.tv\\\/2019\\\/#organization\",\"name\":\"Comunicaci\u00f3n 2000 S.A. de C.V.\",\"url\":\"https:\\\/\\\/canal7slp.tv\\\/2019\\\/\",\"logo\":{\"@type\":\"ImageObject\",\"inLanguage\":\"es\",\"@id\":\"https:\\\/\\\/canal7slp.tv\\\/2019\\\/#\\\/schema\\\/logo\\\/image\\\/\",\"url\":\"https:\\\/\\\/canal7slp.tv\\\/2019\\\/wp-content\\\/uploads\\\/2019\\\/07\\\/logo-c7.png\",\"contentUrl\":\"https:\\\/\\\/canal7slp.tv\\\/2019\\\/wp-content\\\/uploads\\\/2019\\\/07\\\/logo-c7.png\",\"width\":220,\"height\":60,\"caption\":\"Comunicaci\u00f3n 2000 S.A. de C.V.\"},\"image\":{\"@id\":\"https:\\\/\\\/canal7slp.tv\\\/2019\\\/#\\\/schema\\\/logo\\\/image\\\/\"},\"sameAs\":[\"https:\\\/\\\/www.facebook.com\\\/CANAL7SLP\\\/\",\"https:\\\/\\\/x.com\\\/canal7_slp\",\"https:\\\/\\\/www.instagram.com\\\/canal7_slp\",\"https:\\\/\\\/www.youtube.com\\\/user\\\/NOTICIEROSCANAL7SLP\\\/\"]},{\"@type\":\"Person\",\"@id\":\"https:\\\/\\\/canal7slp.tv\\\/2019\\\/#\\\/schema\\\/person\\\/11d941c1c6ca30ac0a46b95fa37aa2e3\",\"name\":\"edicionweb\",\"image\":{\"@type\":\"ImageObject\",\"inLanguage\":\"es\",\"@id\":\"https:\\\/\\\/secure.gravatar.com\\\/avatar\\\/eee448fc3f7164808013b816ba91ac7e43bbe82a70bebac296f8bc6f0addaa1a?s=96&d=mm&r=g\",\"url\":\"https:\\\/\\\/secure.gravatar.com\\\/avatar\\\/eee448fc3f7164808013b816ba91ac7e43bbe82a70bebac296f8bc6f0addaa1a?s=96&d=mm&r=g\",\"contentUrl\":\"https:\\\/\\\/secure.gravatar.com\\\/avatar\\\/eee448fc3f7164808013b816ba91ac7e43bbe82a70bebac296f8bc6f0addaa1a?s=96&d=mm&r=g\",\"caption\":\"edicionweb\"}}]}<\/script>\n<!-- \/ Yoast SEO plugin. -->","yoast_head_json":{"title":"Juez Federal suspende de manera definitiva la construcci\u00f3n del Aeropuerto de Santa Luc\u00eda - Canal 7 SLP - 2019","robots":{"index":"index","follow":"follow","max-snippet":"max-snippet:-1","max-image-preview":"max-image-preview:large","max-video-preview":"max-video-preview:-1"},"canonical":"https:\/\/canal7slp.tv\/2019\/juez-federal-suspende-de-manera-definitiva-la-construccion-del-aeropuerto-de-santa-lucia\/","og_locale":"es_ES","og_type":"article","og_title":"Juez Federal suspende de manera definitiva la construcci\u00f3n del Aeropuerto de Santa Luc\u00eda - Canal 7 SLP - 2019","og_description":"M\u00e9xico.- Hoy por la ma\u00f1ana un Juez Federal concedi\u00f3 la suspensi\u00f3n definitiva de la construcci\u00f3n del aeropuerto de Santa Luc\u00eda en favor de residentes del Municipio de Zumpango que, a trav\u00e9s del colectivo #NoM\u00e1sDerroches, promovieron una demanda de amparo en contra de la construcci\u00f3n de dicho aeropuerto. La suspensi\u00f3n definitiva concedida por el Juez Decimotercero [&hellip;]","og_url":"https:\/\/canal7slp.tv\/2019\/juez-federal-suspende-de-manera-definitiva-la-construccion-del-aeropuerto-de-santa-lucia\/","og_site_name":"Canal 7 SLP - 2019","article_publisher":"https:\/\/www.facebook.com\/CANAL7SLP\/","article_published_time":"2019-06-07T18:44:42+00:00","article_modified_time":"2019-06-07T19:42:33+00:00","og_image":[{"width":1024,"height":673,"url":"https:\/\/canal7slp.tv\/2019\/wp-content\/uploads\/2019\/06\/santalucia.jpg","type":"image\/jpeg"}],"author":"edicionweb","twitter_card":"summary_large_image","twitter_creator":"@canal7_slp","twitter_site":"@canal7_slp","twitter_misc":{"Escrito por":"edicionweb","Tiempo de lectura":"2 minutos"},"schema":{"@context":"https:\/\/schema.org","@graph":[{"@type":"Article","@id":"https:\/\/canal7slp.tv\/2019\/juez-federal-suspende-de-manera-definitiva-la-construccion-del-aeropuerto-de-santa-lucia\/#article","isPartOf":{"@id":"https:\/\/canal7slp.tv\/2019\/juez-federal-suspende-de-manera-definitiva-la-construccion-del-aeropuerto-de-santa-lucia\/"},"author":{"name":"edicionweb","@id":"https:\/\/canal7slp.tv\/2019\/#\/schema\/person\/11d941c1c6ca30ac0a46b95fa37aa2e3"},"headline":"Juez Federal suspende de manera definitiva la construcci\u00f3n del Aeropuerto de Santa Luc\u00eda","datePublished":"2019-06-07T18:44:42+00:00","dateModified":"2019-06-07T19:42:33+00:00","mainEntityOfPage":{"@id":"https:\/\/canal7slp.tv\/2019\/juez-federal-suspende-de-manera-definitiva-la-construccion-del-aeropuerto-de-santa-lucia\/"},"wordCount":477,"commentCount":0,"publisher":{"@id":"https:\/\/canal7slp.tv\/2019\/#organization"},"image":{"@id":"https:\/\/canal7slp.tv\/2019\/juez-federal-suspende-de-manera-definitiva-la-construccion-del-aeropuerto-de-santa-lucia\/#primaryimage"},"thumbnailUrl":"https:\/\/canal7slp.tv\/2019\/wp-content\/uploads\/2019\/06\/santalucia.jpg","articleSection":["DESTACADAS","NACIONAL"],"inLanguage":"es","potentialAction":[{"@type":"CommentAction","name":"Comment","target":["https:\/\/canal7slp.tv\/2019\/juez-federal-suspende-de-manera-definitiva-la-construccion-del-aeropuerto-de-santa-lucia\/#respond"]}]},{"@type":"WebPage","@id":"https:\/\/canal7slp.tv\/2019\/juez-federal-suspende-de-manera-definitiva-la-construccion-del-aeropuerto-de-santa-lucia\/","url":"https:\/\/canal7slp.tv\/2019\/juez-federal-suspende-de-manera-definitiva-la-construccion-del-aeropuerto-de-santa-lucia\/","name":"Juez Federal suspende de manera definitiva la construcci\u00f3n del Aeropuerto de Santa Luc\u00eda - Canal 7 SLP - 2019","isPartOf":{"@id":"https:\/\/canal7slp.tv\/2019\/#website"},"primaryImageOfPage":{"@id":"https:\/\/canal7slp.tv\/2019\/juez-federal-suspende-de-manera-definitiva-la-construccion-del-aeropuerto-de-santa-lucia\/#primaryimage"},"image":{"@id":"https:\/\/canal7slp.tv\/2019\/juez-federal-suspende-de-manera-definitiva-la-construccion-del-aeropuerto-de-santa-lucia\/#primaryimage"},"thumbnailUrl":"https:\/\/canal7slp.tv\/2019\/wp-content\/uploads\/2019\/06\/santalucia.jpg","datePublished":"2019-06-07T18:44:42+00:00","dateModified":"2019-06-07T19:42:33+00:00","breadcrumb":{"@id":"https:\/\/canal7slp.tv\/2019\/juez-federal-suspende-de-manera-definitiva-la-construccion-del-aeropuerto-de-santa-lucia\/#breadcrumb"},"inLanguage":"es","potentialAction":[{"@type":"ReadAction","target":["https:\/\/canal7slp.tv\/2019\/juez-federal-suspende-de-manera-definitiva-la-construccion-del-aeropuerto-de-santa-lucia\/"]}]},{"@type":"ImageObject","inLanguage":"es","@id":"https:\/\/canal7slp.tv\/2019\/juez-federal-suspende-de-manera-definitiva-la-construccion-del-aeropuerto-de-santa-lucia\/#primaryimage","url":"https:\/\/canal7slp.tv\/2019\/wp-content\/uploads\/2019\/06\/santalucia.jpg","contentUrl":"https:\/\/canal7slp.tv\/2019\/wp-content\/uploads\/2019\/06\/santalucia.jpg","width":1024,"height":673},{"@type":"BreadcrumbList","@id":"https:\/\/canal7slp.tv\/2019\/juez-federal-suspende-de-manera-definitiva-la-construccion-del-aeropuerto-de-santa-lucia\/#breadcrumb","itemListElement":[{"@type":"ListItem","position":1,"name":"Home","item":"https:\/\/canal7slp.tv\/2019\/"},{"@type":"ListItem","position":2,"name":"Juez Federal suspende de manera definitiva la construcci\u00f3n del Aeropuerto de Santa Luc\u00eda"}]},{"@type":"WebSite","@id":"https:\/\/canal7slp.tv\/2019\/#website","url":"https:\/\/canal7slp.tv\/2019\/","name":"Canal 7 SLP - Somos TV","description":"Somos un Canal de 10","publisher":{"@id":"https:\/\/canal7slp.tv\/2019\/#organization"},"potentialAction":[{"@type":"SearchAction","target":{"@type":"EntryPoint","urlTemplate":"https:\/\/canal7slp.tv\/2019\/?s={search_term_string}"},"query-input":{"@type":"PropertyValueSpecification","valueRequired":true,"valueName":"search_term_string"}}],"inLanguage":"es"},{"@type":"Organization","@id":"https:\/\/canal7slp.tv\/2019\/#organization","name":"Comunicaci\u00f3n 2000 S.A. de C.V.","url":"https:\/\/canal7slp.tv\/2019\/","logo":{"@type":"ImageObject","inLanguage":"es","@id":"https:\/\/canal7slp.tv\/2019\/#\/schema\/logo\/image\/","url":"https:\/\/canal7slp.tv\/2019\/wp-content\/uploads\/2019\/07\/logo-c7.png","contentUrl":"https:\/\/canal7slp.tv\/2019\/wp-content\/uploads\/2019\/07\/logo-c7.png","width":220,"height":60,"caption":"Comunicaci\u00f3n 2000 S.A. de C.V."},"image":{"@id":"https:\/\/canal7slp.tv\/2019\/#\/schema\/logo\/image\/"},"sameAs":["https:\/\/www.facebook.com\/CANAL7SLP\/","https:\/\/x.com\/canal7_slp","https:\/\/www.instagram.com\/canal7_slp","https:\/\/www.youtube.com\/user\/NOTICIEROSCANAL7SLP\/"]},{"@type":"Person","@id":"https:\/\/canal7slp.tv\/2019\/#\/schema\/person\/11d941c1c6ca30ac0a46b95fa37aa2e3","name":"edicionweb","image":{"@type":"ImageObject","inLanguage":"es","@id":"https:\/\/secure.gravatar.com\/avatar\/eee448fc3f7164808013b816ba91ac7e43bbe82a70bebac296f8bc6f0addaa1a?s=96&d=mm&r=g","url":"https:\/\/secure.gravatar.com\/avatar\/eee448fc3f7164808013b816ba91ac7e43bbe82a70bebac296f8bc6f0addaa1a?s=96&d=mm&r=g","contentUrl":"https:\/\/secure.gravatar.com\/avatar\/eee448fc3f7164808013b816ba91ac7e43bbe82a70bebac296f8bc6f0addaa1a?s=96&d=mm&r=g","caption":"edicionweb"}}]}},"amp_enabled":true,"cmb2":{"video_ids_in_playlist":{"vid_p_videos":""},"video_ids_in_channel":{"vid_c_videos":""},"playlist_ids_in_channel":{"vid_c_playlists":""},"series_ids_in_channel":{"vid_c_series":""},"channel_images":{"vid_c_logo":"","vid_c_banner":""},"poster_feature_image":{"vid_m_poster_image":""},"gif_feature_image":{"vid_m_gif_image":""},"video_movie_settings":{"vid_m_director":"","vid_m_actor":"","vid_m_imdb_ratings":"","vid_m_amazon_associates":""},"vid_youtube_broadcasts_settings":{"vid_yb_broadcast_title":"","vid_yb_q":"","vid_yb_channelid":"","vid_yb_videocategoryid":"","vid_yb_maxresults":"","vid_yb_order":"","vid_yb_regioncode":"","vid_yb_videosyndicated":"","vid_yb_style":"","vid_yb_reload_first":""},"video_series_settings":{"vid_m_director":"","vid_m_actor":"","vid_m_imdb_ratings":"","video_series_group":""},"amazon_associates_settings":{"amazon_associates":"","amazon_native_ad":""},"vid_youtube_automatic_settings":{"vid_ya_youtube_source":"","vid_ya_update_every":"","vid_ya_update_unit":"","vid_ya_categories":"","vid_ya_published_after":"","vid_ya_published_before":"","vid_ya_playlists":"","vid_ya_channels":"","vid_ya_director":"","vid_ya_actor":"","vid_ya_author":"","vid_ya_import_post_date":"","vid_ya_status":"","vid_ya_sub_api_key":""},"vid_ads_m_videoads_settings_post":{"vid_ads_m_video_ads":"","vid_ads_m_video_ads_type":"","vid_ads_m_group_google_ima":"","vid_ads_m_group_image":"","vid_ads_m_group_html5_video":"","vid_ads_m_group_html":"","vid_ads_m_vast_preroll":"","vid_ads_m_vast_postroll":"","vid_ads_m_vast_pauseroll":"","vid_ads_m_vast_midroll":[{"vid_ads_m_vast_timer_seconds":"50"}],"vid_ads_m_time_to_show_ads":"","vid_ads_m_time_skip_ads":"","vid_ads_m_time_to_hide_ads":""},"page_slider_settings":{"display_slider_group":"","page_slider_group":""},"blog_page_settings":{"blog_page_title":"","blog_page_heading":"","blog_page_ic":"","blog_page_it":"","blog_page_ec":"","blog_page_ip":"","archive_loop_style":"","blog_image_ratio":"","blog_show_categories":"","blog_show_excerpt":"","blog_show_author":"","blog_show_date":"","blog_show_comment_count":"","blog_show_view_count":"","blog_show_like_count":"","blog_show_dislike_count":"","blog_items_per_page":"","blog_pag_type":""},"page_options":{"get_page_template":"","color_mode":"","main_layout":"","main_layout_full_with":"","main_logo":"","main_logo_retina":"","main_logo_mobile":"","main_logo_mobile_retina":"","sticky_logo":"","sticky_logo_retina":"","main_nav_layout":"","ajax_search":"","header_background":"","theme_sidebar":"","instagram_feed":"","instagram_feed_position":"","popular_videos":"","popular_videos_title_1":"","popular_videos_title_2":"","popular_videos_ic":"","popular_videos_it":"","theme_background":"","page_custom_css":""},"feature_image_settings":{"feature_image_position":""},"video_player_settings":{"single_video_style":"","video_player_position":"","vm_video_url":"","video_player_library":"","video_streaming":"","vm_media_sources":"","vid_auto_play":"","vm_video_shortcode":"","vid_p_sync_playlist":"","vid_c_sync_channel":"","get_post_format":"","multiple_links_structure":"default","multi_links_title":"","vm_video_multi_links":"","vm_duration":"","vid_social_locker":"off","vid_social_locker_id":"","vid_membership_action":"content-video","vm_video_trailer_url":"","vid_download_type":"free","vid_download_target":"download","vid_woo_product":"","vm_media_download":"","user_rating":"","user_rating_position":"","user_rating_mode":"","user_rating_multi_sets":""},"video_auto_fetch_settings":{"vm_video_fetch":"on"},"video_fake_views_likes":{"vm_fake_views":"","vm_fake_likes":"","vm_fake_dislikes":""},"gallery_settings":{"gallery_position":""},"quote_settings":{"quote_position":""},"post_options":{"main_layout":"","main_logo":"","main_logo_retina":"","main_logo_mobile":"","main_logo_mobile_retina":"","sticky_logo":"","sticky_logo_retina":"","main_nav_layout":"","header_background":"","theme_sidebar":"","single_post_comment_type":"","theme_background":""}},"_links":{"self":[{"href":"https:\/\/canal7slp.tv\/2019\/wp-json\/wp\/v2\/posts\/8750","targetHints":{"allow":["GET"]}}],"collection":[{"href":"https:\/\/canal7slp.tv\/2019\/wp-json\/wp\/v2\/posts"}],"about":[{"href":"https:\/\/canal7slp.tv\/2019\/wp-json\/wp\/v2\/types\/post"}],"author":[{"embeddable":true,"href":"https:\/\/canal7slp.tv\/2019\/wp-json\/wp\/v2\/users\/2"}],"replies":[{"embeddable":true,"href":"https:\/\/canal7slp.tv\/2019\/wp-json\/wp\/v2\/comments?post=8750"}],"version-history":[{"count":0,"href":"https:\/\/canal7slp.tv\/2019\/wp-json\/wp\/v2\/posts\/8750\/revisions"}],"wp:featuredmedia":[{"embeddable":true,"href":"https:\/\/canal7slp.tv\/2019\/wp-json\/wp\/v2\/media\/8751"}],"wp:attachment":[{"href":"https:\/\/canal7slp.tv\/2019\/wp-json\/wp\/v2\/media?parent=8750"}],"wp:term":[{"taxonomy":"category","embeddable":true,"href":"https:\/\/canal7slp.tv\/2019\/wp-json\/wp\/v2\/categories?post=8750"},{"taxonomy":"post_tag","embeddable":true,"href":"https:\/\/canal7slp.tv\/2019\/wp-json\/wp\/v2\/tags?post=8750"}],"curies":[{"name":"wp","href":"https:\/\/api.w.org\/{rel}","templated":true}]}}