{"id":8742,"date":"2019-06-07T13:23:06","date_gmt":"2019-06-07T18:23:06","guid":{"rendered":"https:\/\/canal7slp.tv\/2019\/?p=8742"},"modified":"2019-06-07T13:23:06","modified_gmt":"2019-06-07T18:23:06","slug":"mexico-el-pais-de-latinoamerica-con-mas-asesinatos-a-periodistas","status":"publish","type":"post","link":"https:\/\/canal7slp.tv\/2019\/mexico-el-pais-de-latinoamerica-con-mas-asesinatos-a-periodistas\/","title":{"rendered":"M\u00e9xico, el pa\u00eds de Latinoam\u00e9rica con m\u00e1s asesinatos a periodistas"},"content":{"rendered":"<p style=\"text-align: justify\">M\u00e9xico.- Desde el a\u00f1o 2000 a la fecha, en M\u00e9xico han asesinado a 148 periodistas, de los cuales siete han sido victimados en los primeros meses de 2019, lo que ha colocado al pa\u00eds como el primero de Latinoam\u00e9rica en homicidios a este gremio.<\/p>\n<p style=\"text-align: justify\">Como si fuera poco, en cerca del 90 por ciento de los casos de asesinatos a periodistas existe impunidad, cifra que se eleva a 100 por ciento en los 21 casos de comunicadores desaparecidos y de los 52 atentados a instalaciones de medios de comunicaci\u00f3n que se han presentado desde el 2005 y 2006, respectivamente, de acuerdo con un an\u00e1lisis reciente de la Comisi\u00f3n Nacional de los Derechos Humanos (CNDH).<\/p>\n<p style=\"text-align: justify\">Estas cifras, destac\u00f3 el presidente de la CNDH, Luis Ra\u00fal Gonz\u00e1lez P\u00e9rez, sustentan y justifican que se considere el ejercicio de la actividad period\u00edstica como de alto riesgo en todo M\u00e9xico, donde las entidades con mayor n\u00famero de homicidios de periodistas son Veracruz (22 casos), Tamaulipas (16), Guerrero (16), Oaxaca (16) y Chihuahua (14).<\/p>\n<p style=\"text-align: justify\">Ante este panorama y en el marco del D\u00eda de la Libertad de Expresi\u00f3n, que se conmemora el 7 de junio, destac\u00f3 que la libertad de expresi\u00f3n es un derecho esencial de cualquier r\u00e9gimen democr\u00e1tico, por lo que su ejercicio pleno y libre demanda generar las condiciones adecuadas para que periodistas y medios de comunicaci\u00f3n puedan hacer uso de la misma con seguridad.<\/p>\n<p style=\"text-align: justify\">Adem\u00e1s, record\u00f3 que los est\u00e1ndares internacionales sobre libertad de expresi\u00f3n ponen \u00e9nfasis en la creaci\u00f3n de un entorno adecuado para que periodistas y medios de comunicaci\u00f3n realicen sus actividades con plena libertad.<\/p>\n<p style=\"text-align: justify\">Para ello, es preciso que las autoridades ratifiquen su compromiso con estas libertades b\u00e1sicas al promover el debate p\u00fablico,\u00a0con el respeto al disenso y tom\u00e1ndolo como base para la construcci\u00f3n de consensos.<\/p>\n<p style=\"text-align: justify\">Como parte de su aportaci\u00f3n para crear un entorno adecuado para los comunicadores mexicanos, la CNDH dio a conocer la campa\u00f1a \u201cCon violencia no hay libertad de expresi\u00f3n\u201d en Chiapas, estado que se suma a la Ciudad de M\u00e9xico, Tijuana, Veracruz, Zacatecas, Saltillo y Reynosa, donde por televisi\u00f3n, radio, medios impresos y redes sociales, se busca llamar la atenci\u00f3n sobre la importancia que tiene la libertad de expresi\u00f3n para la democracia.<\/p>\n<p style=\"text-align: justify\">De acuerdo con la CNDH, la difusi\u00f3n de estos materiales, junto con la tramitaci\u00f3n de quejas y emisi\u00f3n de recomendaciones generales y espec\u00edficas sobre casos de violaciones a los derechos humanos de quienes integran este gremio, as\u00ed como la capacitaci\u00f3n permanente, constituyen parte de su esfuerzo en favor de periodistas, medios de comunicaci\u00f3n y, en general, de la libertad de expresi\u00f3n en M\u00e9xico.<\/p>\n<p style=\"text-align: justify\">Adem\u00e1s, el director General del Programa de Agravios a Periodistas y Defensores Civiles de Derechos Humanos de este organismo, Rodrigo Santiago Ju\u00e1rez, sostuvo un encuentro con integrantes del Grupo Aut\u00f3nomo de Trabajo sobre Defensores y Periodistas del Estado de Coahuila, a fin de intercambiar puntos de vista sobre el contexto que enfrentan comunicadores y personas defensoras al realizar sus actividades.<\/p>\n<p style=\"text-align: justify\">A su vez, en las instalaciones de la Academia Interamericana de Derechos Humanos en Saltillo, imparti\u00f3 un seminario sobre est\u00e1ndares internacionales en materia de protecci\u00f3n a periodistas y conjuntamente con organizaciones de la sociedad civil, impulsar\u00e1 acciones de pol\u00edtica p\u00fablica para prevenir e investigar las agresiones contra quienes ejercen la labor period\u00edstica en esa entidad federativa.<\/p>\n<p style=\"text-align: justify\">Cabe recordar que el 30 de abril pasado, la Alta Comisionada de Naciones Unidas para los Derechos Humanos, Michelle Bachelet, dirigi\u00f3 una carta al secretario de Relaciones Exteriores, la\u00a0 cual contiene diversas propuestas sobre las tem\u00e1ticas que en materia de derechos humanos resultan m\u00e1s urgentes de atender en el pa\u00eds, a fin de contar con un plan de acci\u00f3n integral en las mismas.<\/p>\n<p style=\"text-align: justify\">Entre ellas, la necesidad de proteger a quienes ejercer el periodismo contra la violencia de cualquier tipo, especialmente a las mujeres periodistas, y demostrar mayor compromiso con quienes integran este gremio para asegurar que puedan desarrollar su labor libre de intimidaci\u00f3n, hostigamiento y ataques.<\/p>\n","protected":false},"excerpt":{"rendered":"<p>M\u00e9xico.- Desde el a\u00f1o 2000 a la fecha, en M\u00e9xico han asesinado a 148 periodistas, de los cuales siete han sido victimados en los primeros meses de 2019, lo que ha colocado al pa\u00eds como el primero de Latinoam\u00e9rica en homicidios a este gremio. Como si fuera poco, en cerca del 90 por ciento de [&hellip;]<\/p>\n","protected":false},"author":2,"featured_media":8744,"comment_status":"open","ping_status":"closed","sticky":false,"template":"","format":"standard","meta":{"footnotes":""},"categories":[30],"tags":[],"class_list":["post-8742","post","type-post","status-publish","format-standard","has-post-thumbnail","hentry","category-nacional"],"yoast_head":"<!-- This site is optimized with the Yoast SEO plugin v27.5 - https:\/\/yoast.com\/product\/yoast-seo-wordpress\/ -->\n<title>M\u00e9xico, el pa\u00eds de Latinoam\u00e9rica con m\u00e1s asesinatos a periodistas - Canal 7 SLP - 2019<\/title>\n<meta name=\"robots\" content=\"index, follow, max-snippet:-1, max-image-preview:large, max-video-preview:-1\" \/>\n<link rel=\"canonical\" href=\"https:\/\/canal7slp.tv\/2019\/mexico-el-pais-de-latinoamerica-con-mas-asesinatos-a-periodistas\/\" \/>\n<meta property=\"og:locale\" content=\"es_ES\" \/>\n<meta property=\"og:type\" content=\"article\" \/>\n<meta property=\"og:title\" content=\"M\u00e9xico, el pa\u00eds de Latinoam\u00e9rica con m\u00e1s asesinatos a periodistas - Canal 7 SLP - 2019\" \/>\n<meta property=\"og:description\" content=\"M\u00e9xico.- Desde el a\u00f1o 2000 a la fecha, en M\u00e9xico han asesinado a 148 periodistas, de los cuales siete han sido victimados en los primeros meses de 2019, lo que ha colocado al pa\u00eds como el primero de Latinoam\u00e9rica en homicidios a este gremio. Como si fuera poco, en cerca del 90 por ciento de [&hellip;]\" \/>\n<meta property=\"og:url\" content=\"https:\/\/canal7slp.tv\/2019\/mexico-el-pais-de-latinoamerica-con-mas-asesinatos-a-periodistas\/\" \/>\n<meta property=\"og:site_name\" content=\"Canal 7 SLP - 2019\" \/>\n<meta property=\"article:publisher\" content=\"https:\/\/www.facebook.com\/CANAL7SLP\/\" \/>\n<meta property=\"article:published_time\" content=\"2019-06-07T18:23:06+00:00\" \/>\n<meta property=\"og:image\" content=\"https:\/\/canal7slp.tv\/2019\/wp-content\/uploads\/2019\/06\/10-5.jpg\" \/>\n\t<meta property=\"og:image:width\" content=\"727\" \/>\n\t<meta property=\"og:image:height\" content=\"410\" \/>\n\t<meta property=\"og:image:type\" content=\"image\/jpeg\" \/>\n<meta name=\"author\" content=\"edicionweb\" \/>\n<meta name=\"twitter:card\" content=\"summary_large_image\" \/>\n<meta name=\"twitter:creator\" content=\"@canal7_slp\" \/>\n<meta name=\"twitter:site\" content=\"@canal7_slp\" \/>\n<meta name=\"twitter:label1\" content=\"Escrito por\" \/>\n\t<meta name=\"twitter:data1\" content=\"edicionweb\" \/>\n\t<meta name=\"twitter:label2\" content=\"Tiempo de lectura\" \/>\n\t<meta name=\"twitter:data2\" content=\"3 minutos\" \/>\n<script type=\"application\/ld+json\" class=\"yoast-schema-graph\">{\"@context\":\"https:\\\/\\\/schema.org\",\"@graph\":[{\"@type\":\"Article\",\"@id\":\"https:\\\/\\\/canal7slp.tv\\\/2019\\\/mexico-el-pais-de-latinoamerica-con-mas-asesinatos-a-periodistas\\\/#article\",\"isPartOf\":{\"@id\":\"https:\\\/\\\/canal7slp.tv\\\/2019\\\/mexico-el-pais-de-latinoamerica-con-mas-asesinatos-a-periodistas\\\/\"},\"author\":{\"name\":\"edicionweb\",\"@id\":\"https:\\\/\\\/canal7slp.tv\\\/2019\\\/#\\\/schema\\\/person\\\/11d941c1c6ca30ac0a46b95fa37aa2e3\"},\"headline\":\"M\u00e9xico, el pa\u00eds de Latinoam\u00e9rica con m\u00e1s asesinatos a periodistas\",\"datePublished\":\"2019-06-07T18:23:06+00:00\",\"mainEntityOfPage\":{\"@id\":\"https:\\\/\\\/canal7slp.tv\\\/2019\\\/mexico-el-pais-de-latinoamerica-con-mas-asesinatos-a-periodistas\\\/\"},\"wordCount\":709,\"commentCount\":0,\"publisher\":{\"@id\":\"https:\\\/\\\/canal7slp.tv\\\/2019\\\/#organization\"},\"image\":{\"@id\":\"https:\\\/\\\/canal7slp.tv\\\/2019\\\/mexico-el-pais-de-latinoamerica-con-mas-asesinatos-a-periodistas\\\/#primaryimage\"},\"thumbnailUrl\":\"https:\\\/\\\/canal7slp.tv\\\/2019\\\/wp-content\\\/uploads\\\/2019\\\/06\\\/10-5.jpg\",\"articleSection\":[\"NACIONAL\"],\"inLanguage\":\"es\",\"potentialAction\":[{\"@type\":\"CommentAction\",\"name\":\"Comment\",\"target\":[\"https:\\\/\\\/canal7slp.tv\\\/2019\\\/mexico-el-pais-de-latinoamerica-con-mas-asesinatos-a-periodistas\\\/#respond\"]}]},{\"@type\":\"WebPage\",\"@id\":\"https:\\\/\\\/canal7slp.tv\\\/2019\\\/mexico-el-pais-de-latinoamerica-con-mas-asesinatos-a-periodistas\\\/\",\"url\":\"https:\\\/\\\/canal7slp.tv\\\/2019\\\/mexico-el-pais-de-latinoamerica-con-mas-asesinatos-a-periodistas\\\/\",\"name\":\"M\u00e9xico, el pa\u00eds de Latinoam\u00e9rica con m\u00e1s asesinatos a periodistas - Canal 7 SLP - 2019\",\"isPartOf\":{\"@id\":\"https:\\\/\\\/canal7slp.tv\\\/2019\\\/#website\"},\"primaryImageOfPage\":{\"@id\":\"https:\\\/\\\/canal7slp.tv\\\/2019\\\/mexico-el-pais-de-latinoamerica-con-mas-asesinatos-a-periodistas\\\/#primaryimage\"},\"image\":{\"@id\":\"https:\\\/\\\/canal7slp.tv\\\/2019\\\/mexico-el-pais-de-latinoamerica-con-mas-asesinatos-a-periodistas\\\/#primaryimage\"},\"thumbnailUrl\":\"https:\\\/\\\/canal7slp.tv\\\/2019\\\/wp-content\\\/uploads\\\/2019\\\/06\\\/10-5.jpg\",\"datePublished\":\"2019-06-07T18:23:06+00:00\",\"breadcrumb\":{\"@id\":\"https:\\\/\\\/canal7slp.tv\\\/2019\\\/mexico-el-pais-de-latinoamerica-con-mas-asesinatos-a-periodistas\\\/#breadcrumb\"},\"inLanguage\":\"es\",\"potentialAction\":[{\"@type\":\"ReadAction\",\"target\":[\"https:\\\/\\\/canal7slp.tv\\\/2019\\\/mexico-el-pais-de-latinoamerica-con-mas-asesinatos-a-periodistas\\\/\"]}]},{\"@type\":\"ImageObject\",\"inLanguage\":\"es\",\"@id\":\"https:\\\/\\\/canal7slp.tv\\\/2019\\\/mexico-el-pais-de-latinoamerica-con-mas-asesinatos-a-periodistas\\\/#primaryimage\",\"url\":\"https:\\\/\\\/canal7slp.tv\\\/2019\\\/wp-content\\\/uploads\\\/2019\\\/06\\\/10-5.jpg\",\"contentUrl\":\"https:\\\/\\\/canal7slp.tv\\\/2019\\\/wp-content\\\/uploads\\\/2019\\\/06\\\/10-5.jpg\",\"width\":727,\"height\":410},{\"@type\":\"BreadcrumbList\",\"@id\":\"https:\\\/\\\/canal7slp.tv\\\/2019\\\/mexico-el-pais-de-latinoamerica-con-mas-asesinatos-a-periodistas\\\/#breadcrumb\",\"itemListElement\":[{\"@type\":\"ListItem\",\"position\":1,\"name\":\"Home\",\"item\":\"https:\\\/\\\/canal7slp.tv\\\/2019\\\/\"},{\"@type\":\"ListItem\",\"position\":2,\"name\":\"M\u00e9xico, el pa\u00eds de Latinoam\u00e9rica con m\u00e1s asesinatos a periodistas\"}]},{\"@type\":\"WebSite\",\"@id\":\"https:\\\/\\\/canal7slp.tv\\\/2019\\\/#website\",\"url\":\"https:\\\/\\\/canal7slp.tv\\\/2019\\\/\",\"name\":\"Canal 7 SLP - Somos TV\",\"description\":\"Somos un Canal de 10\",\"publisher\":{\"@id\":\"https:\\\/\\\/canal7slp.tv\\\/2019\\\/#organization\"},\"potentialAction\":[{\"@type\":\"SearchAction\",\"target\":{\"@type\":\"EntryPoint\",\"urlTemplate\":\"https:\\\/\\\/canal7slp.tv\\\/2019\\\/?s={search_term_string}\"},\"query-input\":{\"@type\":\"PropertyValueSpecification\",\"valueRequired\":true,\"valueName\":\"search_term_string\"}}],\"inLanguage\":\"es\"},{\"@type\":\"Organization\",\"@id\":\"https:\\\/\\\/canal7slp.tv\\\/2019\\\/#organization\",\"name\":\"Comunicaci\u00f3n 2000 S.A. de C.V.\",\"url\":\"https:\\\/\\\/canal7slp.tv\\\/2019\\\/\",\"logo\":{\"@type\":\"ImageObject\",\"inLanguage\":\"es\",\"@id\":\"https:\\\/\\\/canal7slp.tv\\\/2019\\\/#\\\/schema\\\/logo\\\/image\\\/\",\"url\":\"https:\\\/\\\/canal7slp.tv\\\/2019\\\/wp-content\\\/uploads\\\/2019\\\/07\\\/logo-c7.png\",\"contentUrl\":\"https:\\\/\\\/canal7slp.tv\\\/2019\\\/wp-content\\\/uploads\\\/2019\\\/07\\\/logo-c7.png\",\"width\":220,\"height\":60,\"caption\":\"Comunicaci\u00f3n 2000 S.A. de C.V.\"},\"image\":{\"@id\":\"https:\\\/\\\/canal7slp.tv\\\/2019\\\/#\\\/schema\\\/logo\\\/image\\\/\"},\"sameAs\":[\"https:\\\/\\\/www.facebook.com\\\/CANAL7SLP\\\/\",\"https:\\\/\\\/x.com\\\/canal7_slp\",\"https:\\\/\\\/www.instagram.com\\\/canal7_slp\",\"https:\\\/\\\/www.youtube.com\\\/user\\\/NOTICIEROSCANAL7SLP\\\/\"]},{\"@type\":\"Person\",\"@id\":\"https:\\\/\\\/canal7slp.tv\\\/2019\\\/#\\\/schema\\\/person\\\/11d941c1c6ca30ac0a46b95fa37aa2e3\",\"name\":\"edicionweb\",\"image\":{\"@type\":\"ImageObject\",\"inLanguage\":\"es\",\"@id\":\"https:\\\/\\\/secure.gravatar.com\\\/avatar\\\/eee448fc3f7164808013b816ba91ac7e43bbe82a70bebac296f8bc6f0addaa1a?s=96&d=mm&r=g\",\"url\":\"https:\\\/\\\/secure.gravatar.com\\\/avatar\\\/eee448fc3f7164808013b816ba91ac7e43bbe82a70bebac296f8bc6f0addaa1a?s=96&d=mm&r=g\",\"contentUrl\":\"https:\\\/\\\/secure.gravatar.com\\\/avatar\\\/eee448fc3f7164808013b816ba91ac7e43bbe82a70bebac296f8bc6f0addaa1a?s=96&d=mm&r=g\",\"caption\":\"edicionweb\"}}]}<\/script>\n<!-- \/ Yoast SEO plugin. -->","yoast_head_json":{"title":"M\u00e9xico, el pa\u00eds de Latinoam\u00e9rica con m\u00e1s asesinatos a periodistas - Canal 7 SLP - 2019","robots":{"index":"index","follow":"follow","max-snippet":"max-snippet:-1","max-image-preview":"max-image-preview:large","max-video-preview":"max-video-preview:-1"},"canonical":"https:\/\/canal7slp.tv\/2019\/mexico-el-pais-de-latinoamerica-con-mas-asesinatos-a-periodistas\/","og_locale":"es_ES","og_type":"article","og_title":"M\u00e9xico, el pa\u00eds de Latinoam\u00e9rica con m\u00e1s asesinatos a periodistas - Canal 7 SLP - 2019","og_description":"M\u00e9xico.- Desde el a\u00f1o 2000 a la fecha, en M\u00e9xico han asesinado a 148 periodistas, de los cuales siete han sido victimados en los primeros meses de 2019, lo que ha colocado al pa\u00eds como el primero de Latinoam\u00e9rica en homicidios a este gremio. Como si fuera poco, en cerca del 90 por ciento de [&hellip;]","og_url":"https:\/\/canal7slp.tv\/2019\/mexico-el-pais-de-latinoamerica-con-mas-asesinatos-a-periodistas\/","og_site_name":"Canal 7 SLP - 2019","article_publisher":"https:\/\/www.facebook.com\/CANAL7SLP\/","article_published_time":"2019-06-07T18:23:06+00:00","og_image":[{"width":727,"height":410,"url":"https:\/\/canal7slp.tv\/2019\/wp-content\/uploads\/2019\/06\/10-5.jpg","type":"image\/jpeg"}],"author":"edicionweb","twitter_card":"summary_large_image","twitter_creator":"@canal7_slp","twitter_site":"@canal7_slp","twitter_misc":{"Escrito por":"edicionweb","Tiempo de lectura":"3 minutos"},"schema":{"@context":"https:\/\/schema.org","@graph":[{"@type":"Article","@id":"https:\/\/canal7slp.tv\/2019\/mexico-el-pais-de-latinoamerica-con-mas-asesinatos-a-periodistas\/#article","isPartOf":{"@id":"https:\/\/canal7slp.tv\/2019\/mexico-el-pais-de-latinoamerica-con-mas-asesinatos-a-periodistas\/"},"author":{"name":"edicionweb","@id":"https:\/\/canal7slp.tv\/2019\/#\/schema\/person\/11d941c1c6ca30ac0a46b95fa37aa2e3"},"headline":"M\u00e9xico, el pa\u00eds de Latinoam\u00e9rica con m\u00e1s asesinatos a periodistas","datePublished":"2019-06-07T18:23:06+00:00","mainEntityOfPage":{"@id":"https:\/\/canal7slp.tv\/2019\/mexico-el-pais-de-latinoamerica-con-mas-asesinatos-a-periodistas\/"},"wordCount":709,"commentCount":0,"publisher":{"@id":"https:\/\/canal7slp.tv\/2019\/#organization"},"image":{"@id":"https:\/\/canal7slp.tv\/2019\/mexico-el-pais-de-latinoamerica-con-mas-asesinatos-a-periodistas\/#primaryimage"},"thumbnailUrl":"https:\/\/canal7slp.tv\/2019\/wp-content\/uploads\/2019\/06\/10-5.jpg","articleSection":["NACIONAL"],"inLanguage":"es","potentialAction":[{"@type":"CommentAction","name":"Comment","target":["https:\/\/canal7slp.tv\/2019\/mexico-el-pais-de-latinoamerica-con-mas-asesinatos-a-periodistas\/#respond"]}]},{"@type":"WebPage","@id":"https:\/\/canal7slp.tv\/2019\/mexico-el-pais-de-latinoamerica-con-mas-asesinatos-a-periodistas\/","url":"https:\/\/canal7slp.tv\/2019\/mexico-el-pais-de-latinoamerica-con-mas-asesinatos-a-periodistas\/","name":"M\u00e9xico, el pa\u00eds de Latinoam\u00e9rica con m\u00e1s asesinatos a periodistas - Canal 7 SLP - 2019","isPartOf":{"@id":"https:\/\/canal7slp.tv\/2019\/#website"},"primaryImageOfPage":{"@id":"https:\/\/canal7slp.tv\/2019\/mexico-el-pais-de-latinoamerica-con-mas-asesinatos-a-periodistas\/#primaryimage"},"image":{"@id":"https:\/\/canal7slp.tv\/2019\/mexico-el-pais-de-latinoamerica-con-mas-asesinatos-a-periodistas\/#primaryimage"},"thumbnailUrl":"https:\/\/canal7slp.tv\/2019\/wp-content\/uploads\/2019\/06\/10-5.jpg","datePublished":"2019-06-07T18:23:06+00:00","breadcrumb":{"@id":"https:\/\/canal7slp.tv\/2019\/mexico-el-pais-de-latinoamerica-con-mas-asesinatos-a-periodistas\/#breadcrumb"},"inLanguage":"es","potentialAction":[{"@type":"ReadAction","target":["https:\/\/canal7slp.tv\/2019\/mexico-el-pais-de-latinoamerica-con-mas-asesinatos-a-periodistas\/"]}]},{"@type":"ImageObject","inLanguage":"es","@id":"https:\/\/canal7slp.tv\/2019\/mexico-el-pais-de-latinoamerica-con-mas-asesinatos-a-periodistas\/#primaryimage","url":"https:\/\/canal7slp.tv\/2019\/wp-content\/uploads\/2019\/06\/10-5.jpg","contentUrl":"https:\/\/canal7slp.tv\/2019\/wp-content\/uploads\/2019\/06\/10-5.jpg","width":727,"height":410},{"@type":"BreadcrumbList","@id":"https:\/\/canal7slp.tv\/2019\/mexico-el-pais-de-latinoamerica-con-mas-asesinatos-a-periodistas\/#breadcrumb","itemListElement":[{"@type":"ListItem","position":1,"name":"Home","item":"https:\/\/canal7slp.tv\/2019\/"},{"@type":"ListItem","position":2,"name":"M\u00e9xico, el pa\u00eds de Latinoam\u00e9rica con m\u00e1s asesinatos a periodistas"}]},{"@type":"WebSite","@id":"https:\/\/canal7slp.tv\/2019\/#website","url":"https:\/\/canal7slp.tv\/2019\/","name":"Canal 7 SLP - Somos TV","description":"Somos un Canal de 10","publisher":{"@id":"https:\/\/canal7slp.tv\/2019\/#organization"},"potentialAction":[{"@type":"SearchAction","target":{"@type":"EntryPoint","urlTemplate":"https:\/\/canal7slp.tv\/2019\/?s={search_term_string}"},"query-input":{"@type":"PropertyValueSpecification","valueRequired":true,"valueName":"search_term_string"}}],"inLanguage":"es"},{"@type":"Organization","@id":"https:\/\/canal7slp.tv\/2019\/#organization","name":"Comunicaci\u00f3n 2000 S.A. de C.V.","url":"https:\/\/canal7slp.tv\/2019\/","logo":{"@type":"ImageObject","inLanguage":"es","@id":"https:\/\/canal7slp.tv\/2019\/#\/schema\/logo\/image\/","url":"https:\/\/canal7slp.tv\/2019\/wp-content\/uploads\/2019\/07\/logo-c7.png","contentUrl":"https:\/\/canal7slp.tv\/2019\/wp-content\/uploads\/2019\/07\/logo-c7.png","width":220,"height":60,"caption":"Comunicaci\u00f3n 2000 S.A. de C.V."},"image":{"@id":"https:\/\/canal7slp.tv\/2019\/#\/schema\/logo\/image\/"},"sameAs":["https:\/\/www.facebook.com\/CANAL7SLP\/","https:\/\/x.com\/canal7_slp","https:\/\/www.instagram.com\/canal7_slp","https:\/\/www.youtube.com\/user\/NOTICIEROSCANAL7SLP\/"]},{"@type":"Person","@id":"https:\/\/canal7slp.tv\/2019\/#\/schema\/person\/11d941c1c6ca30ac0a46b95fa37aa2e3","name":"edicionweb","image":{"@type":"ImageObject","inLanguage":"es","@id":"https:\/\/secure.gravatar.com\/avatar\/eee448fc3f7164808013b816ba91ac7e43bbe82a70bebac296f8bc6f0addaa1a?s=96&d=mm&r=g","url":"https:\/\/secure.gravatar.com\/avatar\/eee448fc3f7164808013b816ba91ac7e43bbe82a70bebac296f8bc6f0addaa1a?s=96&d=mm&r=g","contentUrl":"https:\/\/secure.gravatar.com\/avatar\/eee448fc3f7164808013b816ba91ac7e43bbe82a70bebac296f8bc6f0addaa1a?s=96&d=mm&r=g","caption":"edicionweb"}}]}},"amp_enabled":true,"cmb2":{"video_ids_in_playlist":{"vid_p_videos":""},"video_ids_in_channel":{"vid_c_videos":""},"playlist_ids_in_channel":{"vid_c_playlists":""},"series_ids_in_channel":{"vid_c_series":""},"channel_images":{"vid_c_logo":"","vid_c_banner":""},"poster_feature_image":{"vid_m_poster_image":""},"gif_feature_image":{"vid_m_gif_image":""},"video_movie_settings":{"vid_m_director":"","vid_m_actor":"","vid_m_imdb_ratings":"","vid_m_amazon_associates":""},"vid_youtube_broadcasts_settings":{"vid_yb_broadcast_title":"","vid_yb_q":"","vid_yb_channelid":"","vid_yb_videocategoryid":"","vid_yb_maxresults":"","vid_yb_order":"","vid_yb_regioncode":"","vid_yb_videosyndicated":"","vid_yb_style":"","vid_yb_reload_first":""},"video_series_settings":{"vid_m_director":"","vid_m_actor":"","vid_m_imdb_ratings":"","video_series_group":""},"amazon_associates_settings":{"amazon_associates":"","amazon_native_ad":""},"vid_youtube_automatic_settings":{"vid_ya_youtube_source":"","vid_ya_update_every":"","vid_ya_update_unit":"","vid_ya_categories":"","vid_ya_published_after":"","vid_ya_published_before":"","vid_ya_playlists":"","vid_ya_channels":"","vid_ya_director":"","vid_ya_actor":"","vid_ya_author":"","vid_ya_import_post_date":"","vid_ya_status":"","vid_ya_sub_api_key":""},"vid_ads_m_videoads_settings_post":{"vid_ads_m_video_ads":"","vid_ads_m_video_ads_type":"","vid_ads_m_group_google_ima":"","vid_ads_m_group_image":"","vid_ads_m_group_html5_video":"","vid_ads_m_group_html":"","vid_ads_m_vast_preroll":"","vid_ads_m_vast_postroll":"","vid_ads_m_vast_pauseroll":"","vid_ads_m_vast_midroll":[{"vid_ads_m_vast_timer_seconds":"50"}],"vid_ads_m_time_to_show_ads":"","vid_ads_m_time_skip_ads":"","vid_ads_m_time_to_hide_ads":""},"page_slider_settings":{"display_slider_group":"","page_slider_group":""},"blog_page_settings":{"blog_page_title":"","blog_page_heading":"","blog_page_ic":"","blog_page_it":"","blog_page_ec":"","blog_page_ip":"","archive_loop_style":"","blog_image_ratio":"","blog_show_categories":"","blog_show_excerpt":"","blog_show_author":"","blog_show_date":"","blog_show_comment_count":"","blog_show_view_count":"","blog_show_like_count":"","blog_show_dislike_count":"","blog_items_per_page":"","blog_pag_type":""},"page_options":{"get_page_template":"","color_mode":"","main_layout":"","main_layout_full_with":"","main_logo":"","main_logo_retina":"","main_logo_mobile":"","main_logo_mobile_retina":"","sticky_logo":"","sticky_logo_retina":"","main_nav_layout":"","ajax_search":"","header_background":"","theme_sidebar":"","instagram_feed":"","instagram_feed_position":"","popular_videos":"","popular_videos_title_1":"","popular_videos_title_2":"","popular_videos_ic":"","popular_videos_it":"","theme_background":"","page_custom_css":""},"feature_image_settings":{"feature_image_position":""},"video_player_settings":{"single_video_style":"","video_player_position":"","vm_video_url":"","video_player_library":"","video_streaming":"","vm_media_sources":"","vid_auto_play":"","vm_video_shortcode":"","vid_p_sync_playlist":"","vid_c_sync_channel":"","get_post_format":"","multiple_links_structure":"default","multi_links_title":"","vm_video_multi_links":"","vm_duration":"","vid_social_locker":"off","vid_social_locker_id":"","vid_membership_action":"content-video","vm_video_trailer_url":"","vid_download_type":"free","vid_download_target":"download","vid_woo_product":"","vm_media_download":"","user_rating":"","user_rating_position":"","user_rating_mode":"","user_rating_multi_sets":""},"video_auto_fetch_settings":{"vm_video_fetch":"on"},"video_fake_views_likes":{"vm_fake_views":"","vm_fake_likes":"","vm_fake_dislikes":""},"gallery_settings":{"gallery_position":""},"quote_settings":{"quote_position":""},"post_options":{"main_layout":"","main_logo":"","main_logo_retina":"","main_logo_mobile":"","main_logo_mobile_retina":"","sticky_logo":"","sticky_logo_retina":"","main_nav_layout":"","header_background":"","theme_sidebar":"","single_post_comment_type":"","theme_background":""}},"_links":{"self":[{"href":"https:\/\/canal7slp.tv\/2019\/wp-json\/wp\/v2\/posts\/8742","targetHints":{"allow":["GET"]}}],"collection":[{"href":"https:\/\/canal7slp.tv\/2019\/wp-json\/wp\/v2\/posts"}],"about":[{"href":"https:\/\/canal7slp.tv\/2019\/wp-json\/wp\/v2\/types\/post"}],"author":[{"embeddable":true,"href":"https:\/\/canal7slp.tv\/2019\/wp-json\/wp\/v2\/users\/2"}],"replies":[{"embeddable":true,"href":"https:\/\/canal7slp.tv\/2019\/wp-json\/wp\/v2\/comments?post=8742"}],"version-history":[{"count":0,"href":"https:\/\/canal7slp.tv\/2019\/wp-json\/wp\/v2\/posts\/8742\/revisions"}],"wp:featuredmedia":[{"embeddable":true,"href":"https:\/\/canal7slp.tv\/2019\/wp-json\/wp\/v2\/media\/8744"}],"wp:attachment":[{"href":"https:\/\/canal7slp.tv\/2019\/wp-json\/wp\/v2\/media?parent=8742"}],"wp:term":[{"taxonomy":"category","embeddable":true,"href":"https:\/\/canal7slp.tv\/2019\/wp-json\/wp\/v2\/categories?post=8742"},{"taxonomy":"post_tag","embeddable":true,"href":"https:\/\/canal7slp.tv\/2019\/wp-json\/wp\/v2\/tags?post=8742"}],"curies":[{"name":"wp","href":"https:\/\/api.w.org\/{rel}","templated":true}]}}