{"id":87375,"date":"2019-12-10T08:53:38","date_gmt":"2019-12-10T14:53:38","guid":{"rendered":"https:\/\/canal7slp.tv\/2019\/?p=87375"},"modified":"2019-12-10T08:53:38","modified_gmt":"2019-12-10T14:53:38","slug":"industria-automotriz-hila-30-meses-a-la-baja-urge-plan-de-reactivacion","status":"publish","type":"post","link":"https:\/\/canal7slp.tv\/2019\/industria-automotriz-hila-30-meses-a-la-baja-urge-plan-de-reactivacion\/","title":{"rendered":"Industria automotriz hila 30 meses a la baja; urge plan de reactivaci\u00f3n"},"content":{"rendered":"<ul>\n<li style=\"text-align: justify\">Estiman que este 2020 continuar\u00e1n las cifras poco alentadoras para el sector debido a factores econ\u00f3micos tanto internos como externos<\/li>\n<\/ul>\n<p style=\"text-align: justify\">M\u00e9xico.- La industria automotriz se encuentra en &#8220;crisis&#8221;, con 30 meses consecutivos a la baja en ventas en el mercado interno, siete meses de ca\u00edda en la producci\u00f3n y cuatro meses seguidos en descenso en exprtaci\u00f3n.<\/p>\n<p style=\"text-align: justify\">As\u00ed lo manifest\u00f3 el director general adjunto de la Asociaci\u00f3n Mexicana de Distribuidores de Automotores (AMDA), Guillermo Rosales, quien explic\u00f3 que en noviembre de este a\u00f1o se vendieron 124 mil 797 veh\u00edculos ligeros nuevos.<\/p>\n<p style=\"text-align: justify\">Dicha cifra, represent\u00f3 7.0 por ciento menos frente al mes anterior, pero &#8220;con una mejora por las ventas del Buen Fin&#8221;, con lo que suman m\u00e1s de un mill\u00f3n 187 mil unidades vendidas, afirm\u00f3 en conferencia de prensa.<\/p>\n<p style=\"text-align: justify\">Sin embargo, dijo, en el acumulado de enero a noviembre de 2019 la ca\u00edda fue mayor, 7.6 por ciento por debajo de lo registrado en 2018.<\/p>\n<p style=\"text-align: justify\">Para el cierre de este a\u00f1o, indic\u00f3, se mantiene la preocupaci\u00f3n, pues &#8220;seguimos viendo un mercado en retroceso con una expectativa de cierre de ventas de entre un mill\u00f3n 300 mil a un mill\u00f3n 310 mil unidades vendidas&#8221;.<\/p>\n<p style=\"text-align: justify\">La expectativa para 2020 no cambia, pues se estima que el mercado interno seguir\u00e1 a la baja y proyecta que de un mill\u00f3n 310 mil bajar\u00e1 a un rango de entre un mill\u00f3n 250 mil a un mill\u00f3n 271 unidades en venta.<\/p>\n<p style=\"text-align: justify\">Al respecto, el presidente de la Asociaci\u00f3n Mexicana de la Industria Automotriz (AMIA), Eduardo Sol\u00eds, asegur\u00f3 que &#8220;la industria presenta un freno que resulta principalmente por lo que est\u00e1 ocurriendo en los mercado mundiales, seguido de la ca\u00edda en exportaci\u00f3n. Son cuatro meses de ca\u00edda en exportaci\u00f3n y con esto vemos dif\u00edcil alcanzar las cifras en nuestras producciones&#8221;.<\/p>\n<p style=\"text-align: justify\">Respecto a la producci\u00f3n nacional, subray\u00f3 que en noviembre se fabricaron poco m\u00e1s de 300 mil autos, mostrando una ca\u00edda de 13 por ciento en comparaci\u00f3n con igual mes de 2018.<\/p>\n<p style=\"text-align: justify\">En tanto, en el acumulado enero-noviembre, la producci\u00f3n total fue tres millones 542 mil 767 unidades, lo que significa una ca\u00edda de 3.5 por debajo de lo fabricado en 2018.<\/p>\n<p style=\"text-align: justify\">En lo que se refiere a la exportaci\u00f3n, el panorama no es positivo, en noviembre se vendieron 268 mil 296 veh\u00edculos ligeros, lo que signific\u00f3 una disminuci\u00f3n de 7.5 por ciento respecto a un a\u00f1o antes.<\/p>\n<p style=\"text-align: justify\">Asimismo, en el acumulado de enero a noviembre, la ca\u00edda fue de 2.2 por ciento y suman tres millones 104 mil 359 unidades exportadas, con lo cual quedar\u00e1n lejos de la meta proyectada de 3.9 millones de autos exportados.<\/p>\n<p style=\"text-align: justify\">De acuerdo con Rosales, las causas de la crisis en el mercado automotriz se deben a una ca\u00edda persistente en la inversi\u00f3n fija bruta, desde 2014 y 2016, lo que muestra una desaceleraci\u00f3n de la econom\u00eda, el estancamiento del empleo formal y el consumo, as\u00ed como factores externos como el conducto comercial Estados Unidos-China y la posible ratificaci\u00f3n del tratado comercial entre M\u00e9xico, Estados Unidos y Canad\u00e1 (T-MEC), lo que causa incertidumbre en los inversionistas.<\/p>\n<p style=\"text-align: justify\">Por \u00faltimo, Guillermo Rosales insisti\u00f3 en que para superar la crisis del mercado automotriz es necesario un programa de reactivaci\u00f3n.<\/p>\n","protected":false},"excerpt":{"rendered":"<p>Estiman que este 2020 continuar\u00e1n las cifras poco alentadoras para el sector debido a factores econ\u00f3micos tanto internos como externos M\u00e9xico.- La industria automotriz se encuentra en &#8220;crisis&#8221;, con 30 meses consecutivos a la baja en ventas en el mercado interno, siete meses de ca\u00edda en la producci\u00f3n y cuatro meses seguidos en descenso en [&hellip;]<\/p>\n","protected":false},"author":2,"featured_media":87376,"comment_status":"open","ping_status":"open","sticky":false,"template":"","format":"standard","meta":{"footnotes":""},"categories":[18],"tags":[],"class_list":["post-87375","post","type-post","status-publish","format-standard","has-post-thumbnail","hentry","category-internacional"],"yoast_head":"<!-- This site is optimized with the Yoast SEO plugin v27.5 - https:\/\/yoast.com\/product\/yoast-seo-wordpress\/ -->\n<title>Industria automotriz hila 30 meses a la baja; urge plan de reactivaci\u00f3n - Canal 7 SLP - 2019<\/title>\n<meta name=\"robots\" content=\"index, follow, max-snippet:-1, max-image-preview:large, max-video-preview:-1\" \/>\n<link rel=\"canonical\" href=\"https:\/\/canal7slp.tv\/2019\/industria-automotriz-hila-30-meses-a-la-baja-urge-plan-de-reactivacion\/\" \/>\n<meta property=\"og:locale\" content=\"es_ES\" \/>\n<meta property=\"og:type\" content=\"article\" \/>\n<meta property=\"og:title\" content=\"Industria automotriz hila 30 meses a la baja; urge plan de reactivaci\u00f3n - Canal 7 SLP - 2019\" \/>\n<meta property=\"og:description\" content=\"Estiman que este 2020 continuar\u00e1n las cifras poco alentadoras para el sector debido a factores econ\u00f3micos tanto internos como externos M\u00e9xico.- La industria automotriz se encuentra en &#8220;crisis&#8221;, con 30 meses consecutivos a la baja en ventas en el mercado interno, siete meses de ca\u00edda en la producci\u00f3n y cuatro meses seguidos en descenso en [&hellip;]\" \/>\n<meta property=\"og:url\" content=\"https:\/\/canal7slp.tv\/2019\/industria-automotriz-hila-30-meses-a-la-baja-urge-plan-de-reactivacion\/\" \/>\n<meta property=\"og:site_name\" content=\"Canal 7 SLP - 2019\" \/>\n<meta property=\"article:publisher\" content=\"https:\/\/www.facebook.com\/CANAL7SLP\/\" \/>\n<meta property=\"article:published_time\" content=\"2019-12-10T14:53:38+00:00\" \/>\n<meta property=\"og:image\" content=\"https:\/\/canal7slp.tv\/2019\/wp-content\/uploads\/2019\/12\/1030-8.jpg\" \/>\n\t<meta property=\"og:image:width\" content=\"656\" \/>\n\t<meta property=\"og:image:height\" content=\"410\" \/>\n\t<meta property=\"og:image:type\" content=\"image\/jpeg\" \/>\n<meta name=\"author\" content=\"edicionweb\" \/>\n<meta name=\"twitter:card\" content=\"summary_large_image\" \/>\n<meta name=\"twitter:creator\" content=\"@canal7_slp\" \/>\n<meta name=\"twitter:site\" content=\"@canal7_slp\" \/>\n<meta name=\"twitter:label1\" content=\"Escrito por\" \/>\n\t<meta name=\"twitter:data1\" content=\"edicionweb\" \/>\n\t<meta name=\"twitter:label2\" content=\"Tiempo de lectura\" \/>\n\t<meta name=\"twitter:data2\" content=\"3 minutos\" \/>\n<script type=\"application\/ld+json\" class=\"yoast-schema-graph\">{\"@context\":\"https:\\\/\\\/schema.org\",\"@graph\":[{\"@type\":\"Article\",\"@id\":\"https:\\\/\\\/canal7slp.tv\\\/2019\\\/industria-automotriz-hila-30-meses-a-la-baja-urge-plan-de-reactivacion\\\/#article\",\"isPartOf\":{\"@id\":\"https:\\\/\\\/canal7slp.tv\\\/2019\\\/industria-automotriz-hila-30-meses-a-la-baja-urge-plan-de-reactivacion\\\/\"},\"author\":{\"name\":\"edicionweb\",\"@id\":\"https:\\\/\\\/canal7slp.tv\\\/2019\\\/#\\\/schema\\\/person\\\/11d941c1c6ca30ac0a46b95fa37aa2e3\"},\"headline\":\"Industria automotriz hila 30 meses a la baja; urge plan de reactivaci\u00f3n\",\"datePublished\":\"2019-12-10T14:53:38+00:00\",\"mainEntityOfPage\":{\"@id\":\"https:\\\/\\\/canal7slp.tv\\\/2019\\\/industria-automotriz-hila-30-meses-a-la-baja-urge-plan-de-reactivacion\\\/\"},\"wordCount\":550,\"commentCount\":0,\"publisher\":{\"@id\":\"https:\\\/\\\/canal7slp.tv\\\/2019\\\/#organization\"},\"image\":{\"@id\":\"https:\\\/\\\/canal7slp.tv\\\/2019\\\/industria-automotriz-hila-30-meses-a-la-baja-urge-plan-de-reactivacion\\\/#primaryimage\"},\"thumbnailUrl\":\"https:\\\/\\\/canal7slp.tv\\\/2019\\\/wp-content\\\/uploads\\\/2019\\\/12\\\/1030-8.jpg\",\"articleSection\":[\"INTERNACIONAL\"],\"inLanguage\":\"es\",\"potentialAction\":[{\"@type\":\"CommentAction\",\"name\":\"Comment\",\"target\":[\"https:\\\/\\\/canal7slp.tv\\\/2019\\\/industria-automotriz-hila-30-meses-a-la-baja-urge-plan-de-reactivacion\\\/#respond\"]}]},{\"@type\":\"WebPage\",\"@id\":\"https:\\\/\\\/canal7slp.tv\\\/2019\\\/industria-automotriz-hila-30-meses-a-la-baja-urge-plan-de-reactivacion\\\/\",\"url\":\"https:\\\/\\\/canal7slp.tv\\\/2019\\\/industria-automotriz-hila-30-meses-a-la-baja-urge-plan-de-reactivacion\\\/\",\"name\":\"Industria automotriz hila 30 meses a la baja; urge plan de reactivaci\u00f3n - Canal 7 SLP - 2019\",\"isPartOf\":{\"@id\":\"https:\\\/\\\/canal7slp.tv\\\/2019\\\/#website\"},\"primaryImageOfPage\":{\"@id\":\"https:\\\/\\\/canal7slp.tv\\\/2019\\\/industria-automotriz-hila-30-meses-a-la-baja-urge-plan-de-reactivacion\\\/#primaryimage\"},\"image\":{\"@id\":\"https:\\\/\\\/canal7slp.tv\\\/2019\\\/industria-automotriz-hila-30-meses-a-la-baja-urge-plan-de-reactivacion\\\/#primaryimage\"},\"thumbnailUrl\":\"https:\\\/\\\/canal7slp.tv\\\/2019\\\/wp-content\\\/uploads\\\/2019\\\/12\\\/1030-8.jpg\",\"datePublished\":\"2019-12-10T14:53:38+00:00\",\"breadcrumb\":{\"@id\":\"https:\\\/\\\/canal7slp.tv\\\/2019\\\/industria-automotriz-hila-30-meses-a-la-baja-urge-plan-de-reactivacion\\\/#breadcrumb\"},\"inLanguage\":\"es\",\"potentialAction\":[{\"@type\":\"ReadAction\",\"target\":[\"https:\\\/\\\/canal7slp.tv\\\/2019\\\/industria-automotriz-hila-30-meses-a-la-baja-urge-plan-de-reactivacion\\\/\"]}]},{\"@type\":\"ImageObject\",\"inLanguage\":\"es\",\"@id\":\"https:\\\/\\\/canal7slp.tv\\\/2019\\\/industria-automotriz-hila-30-meses-a-la-baja-urge-plan-de-reactivacion\\\/#primaryimage\",\"url\":\"https:\\\/\\\/canal7slp.tv\\\/2019\\\/wp-content\\\/uploads\\\/2019\\\/12\\\/1030-8.jpg\",\"contentUrl\":\"https:\\\/\\\/canal7slp.tv\\\/2019\\\/wp-content\\\/uploads\\\/2019\\\/12\\\/1030-8.jpg\",\"width\":656,\"height\":410},{\"@type\":\"BreadcrumbList\",\"@id\":\"https:\\\/\\\/canal7slp.tv\\\/2019\\\/industria-automotriz-hila-30-meses-a-la-baja-urge-plan-de-reactivacion\\\/#breadcrumb\",\"itemListElement\":[{\"@type\":\"ListItem\",\"position\":1,\"name\":\"Home\",\"item\":\"https:\\\/\\\/canal7slp.tv\\\/2019\\\/\"},{\"@type\":\"ListItem\",\"position\":2,\"name\":\"Industria automotriz hila 30 meses a la baja; urge plan de reactivaci\u00f3n\"}]},{\"@type\":\"WebSite\",\"@id\":\"https:\\\/\\\/canal7slp.tv\\\/2019\\\/#website\",\"url\":\"https:\\\/\\\/canal7slp.tv\\\/2019\\\/\",\"name\":\"Canal 7 SLP - Somos TV\",\"description\":\"Somos un Canal de 10\",\"publisher\":{\"@id\":\"https:\\\/\\\/canal7slp.tv\\\/2019\\\/#organization\"},\"potentialAction\":[{\"@type\":\"SearchAction\",\"target\":{\"@type\":\"EntryPoint\",\"urlTemplate\":\"https:\\\/\\\/canal7slp.tv\\\/2019\\\/?s={search_term_string}\"},\"query-input\":{\"@type\":\"PropertyValueSpecification\",\"valueRequired\":true,\"valueName\":\"search_term_string\"}}],\"inLanguage\":\"es\"},{\"@type\":\"Organization\",\"@id\":\"https:\\\/\\\/canal7slp.tv\\\/2019\\\/#organization\",\"name\":\"Comunicaci\u00f3n 2000 S.A. de C.V.\",\"url\":\"https:\\\/\\\/canal7slp.tv\\\/2019\\\/\",\"logo\":{\"@type\":\"ImageObject\",\"inLanguage\":\"es\",\"@id\":\"https:\\\/\\\/canal7slp.tv\\\/2019\\\/#\\\/schema\\\/logo\\\/image\\\/\",\"url\":\"https:\\\/\\\/canal7slp.tv\\\/2019\\\/wp-content\\\/uploads\\\/2019\\\/07\\\/logo-c7.png\",\"contentUrl\":\"https:\\\/\\\/canal7slp.tv\\\/2019\\\/wp-content\\\/uploads\\\/2019\\\/07\\\/logo-c7.png\",\"width\":220,\"height\":60,\"caption\":\"Comunicaci\u00f3n 2000 S.A. de C.V.\"},\"image\":{\"@id\":\"https:\\\/\\\/canal7slp.tv\\\/2019\\\/#\\\/schema\\\/logo\\\/image\\\/\"},\"sameAs\":[\"https:\\\/\\\/www.facebook.com\\\/CANAL7SLP\\\/\",\"https:\\\/\\\/x.com\\\/canal7_slp\",\"https:\\\/\\\/www.instagram.com\\\/canal7_slp\",\"https:\\\/\\\/www.youtube.com\\\/user\\\/NOTICIEROSCANAL7SLP\\\/\"]},{\"@type\":\"Person\",\"@id\":\"https:\\\/\\\/canal7slp.tv\\\/2019\\\/#\\\/schema\\\/person\\\/11d941c1c6ca30ac0a46b95fa37aa2e3\",\"name\":\"edicionweb\",\"image\":{\"@type\":\"ImageObject\",\"inLanguage\":\"es\",\"@id\":\"https:\\\/\\\/secure.gravatar.com\\\/avatar\\\/eee448fc3f7164808013b816ba91ac7e43bbe82a70bebac296f8bc6f0addaa1a?s=96&d=mm&r=g\",\"url\":\"https:\\\/\\\/secure.gravatar.com\\\/avatar\\\/eee448fc3f7164808013b816ba91ac7e43bbe82a70bebac296f8bc6f0addaa1a?s=96&d=mm&r=g\",\"contentUrl\":\"https:\\\/\\\/secure.gravatar.com\\\/avatar\\\/eee448fc3f7164808013b816ba91ac7e43bbe82a70bebac296f8bc6f0addaa1a?s=96&d=mm&r=g\",\"caption\":\"edicionweb\"}}]}<\/script>\n<!-- \/ Yoast SEO plugin. -->","yoast_head_json":{"title":"Industria automotriz hila 30 meses a la baja; urge plan de reactivaci\u00f3n - Canal 7 SLP - 2019","robots":{"index":"index","follow":"follow","max-snippet":"max-snippet:-1","max-image-preview":"max-image-preview:large","max-video-preview":"max-video-preview:-1"},"canonical":"https:\/\/canal7slp.tv\/2019\/industria-automotriz-hila-30-meses-a-la-baja-urge-plan-de-reactivacion\/","og_locale":"es_ES","og_type":"article","og_title":"Industria automotriz hila 30 meses a la baja; urge plan de reactivaci\u00f3n - Canal 7 SLP - 2019","og_description":"Estiman que este 2020 continuar\u00e1n las cifras poco alentadoras para el sector debido a factores econ\u00f3micos tanto internos como externos M\u00e9xico.- La industria automotriz se encuentra en &#8220;crisis&#8221;, con 30 meses consecutivos a la baja en ventas en el mercado interno, siete meses de ca\u00edda en la producci\u00f3n y cuatro meses seguidos en descenso en [&hellip;]","og_url":"https:\/\/canal7slp.tv\/2019\/industria-automotriz-hila-30-meses-a-la-baja-urge-plan-de-reactivacion\/","og_site_name":"Canal 7 SLP - 2019","article_publisher":"https:\/\/www.facebook.com\/CANAL7SLP\/","article_published_time":"2019-12-10T14:53:38+00:00","og_image":[{"width":656,"height":410,"url":"https:\/\/canal7slp.tv\/2019\/wp-content\/uploads\/2019\/12\/1030-8.jpg","type":"image\/jpeg"}],"author":"edicionweb","twitter_card":"summary_large_image","twitter_creator":"@canal7_slp","twitter_site":"@canal7_slp","twitter_misc":{"Escrito por":"edicionweb","Tiempo de lectura":"3 minutos"},"schema":{"@context":"https:\/\/schema.org","@graph":[{"@type":"Article","@id":"https:\/\/canal7slp.tv\/2019\/industria-automotriz-hila-30-meses-a-la-baja-urge-plan-de-reactivacion\/#article","isPartOf":{"@id":"https:\/\/canal7slp.tv\/2019\/industria-automotriz-hila-30-meses-a-la-baja-urge-plan-de-reactivacion\/"},"author":{"name":"edicionweb","@id":"https:\/\/canal7slp.tv\/2019\/#\/schema\/person\/11d941c1c6ca30ac0a46b95fa37aa2e3"},"headline":"Industria automotriz hila 30 meses a la baja; urge plan de reactivaci\u00f3n","datePublished":"2019-12-10T14:53:38+00:00","mainEntityOfPage":{"@id":"https:\/\/canal7slp.tv\/2019\/industria-automotriz-hila-30-meses-a-la-baja-urge-plan-de-reactivacion\/"},"wordCount":550,"commentCount":0,"publisher":{"@id":"https:\/\/canal7slp.tv\/2019\/#organization"},"image":{"@id":"https:\/\/canal7slp.tv\/2019\/industria-automotriz-hila-30-meses-a-la-baja-urge-plan-de-reactivacion\/#primaryimage"},"thumbnailUrl":"https:\/\/canal7slp.tv\/2019\/wp-content\/uploads\/2019\/12\/1030-8.jpg","articleSection":["INTERNACIONAL"],"inLanguage":"es","potentialAction":[{"@type":"CommentAction","name":"Comment","target":["https:\/\/canal7slp.tv\/2019\/industria-automotriz-hila-30-meses-a-la-baja-urge-plan-de-reactivacion\/#respond"]}]},{"@type":"WebPage","@id":"https:\/\/canal7slp.tv\/2019\/industria-automotriz-hila-30-meses-a-la-baja-urge-plan-de-reactivacion\/","url":"https:\/\/canal7slp.tv\/2019\/industria-automotriz-hila-30-meses-a-la-baja-urge-plan-de-reactivacion\/","name":"Industria automotriz hila 30 meses a la baja; urge plan de reactivaci\u00f3n - Canal 7 SLP - 2019","isPartOf":{"@id":"https:\/\/canal7slp.tv\/2019\/#website"},"primaryImageOfPage":{"@id":"https:\/\/canal7slp.tv\/2019\/industria-automotriz-hila-30-meses-a-la-baja-urge-plan-de-reactivacion\/#primaryimage"},"image":{"@id":"https:\/\/canal7slp.tv\/2019\/industria-automotriz-hila-30-meses-a-la-baja-urge-plan-de-reactivacion\/#primaryimage"},"thumbnailUrl":"https:\/\/canal7slp.tv\/2019\/wp-content\/uploads\/2019\/12\/1030-8.jpg","datePublished":"2019-12-10T14:53:38+00:00","breadcrumb":{"@id":"https:\/\/canal7slp.tv\/2019\/industria-automotriz-hila-30-meses-a-la-baja-urge-plan-de-reactivacion\/#breadcrumb"},"inLanguage":"es","potentialAction":[{"@type":"ReadAction","target":["https:\/\/canal7slp.tv\/2019\/industria-automotriz-hila-30-meses-a-la-baja-urge-plan-de-reactivacion\/"]}]},{"@type":"ImageObject","inLanguage":"es","@id":"https:\/\/canal7slp.tv\/2019\/industria-automotriz-hila-30-meses-a-la-baja-urge-plan-de-reactivacion\/#primaryimage","url":"https:\/\/canal7slp.tv\/2019\/wp-content\/uploads\/2019\/12\/1030-8.jpg","contentUrl":"https:\/\/canal7slp.tv\/2019\/wp-content\/uploads\/2019\/12\/1030-8.jpg","width":656,"height":410},{"@type":"BreadcrumbList","@id":"https:\/\/canal7slp.tv\/2019\/industria-automotriz-hila-30-meses-a-la-baja-urge-plan-de-reactivacion\/#breadcrumb","itemListElement":[{"@type":"ListItem","position":1,"name":"Home","item":"https:\/\/canal7slp.tv\/2019\/"},{"@type":"ListItem","position":2,"name":"Industria automotriz hila 30 meses a la baja; urge plan de reactivaci\u00f3n"}]},{"@type":"WebSite","@id":"https:\/\/canal7slp.tv\/2019\/#website","url":"https:\/\/canal7slp.tv\/2019\/","name":"Canal 7 SLP - Somos TV","description":"Somos un Canal de 10","publisher":{"@id":"https:\/\/canal7slp.tv\/2019\/#organization"},"potentialAction":[{"@type":"SearchAction","target":{"@type":"EntryPoint","urlTemplate":"https:\/\/canal7slp.tv\/2019\/?s={search_term_string}"},"query-input":{"@type":"PropertyValueSpecification","valueRequired":true,"valueName":"search_term_string"}}],"inLanguage":"es"},{"@type":"Organization","@id":"https:\/\/canal7slp.tv\/2019\/#organization","name":"Comunicaci\u00f3n 2000 S.A. de C.V.","url":"https:\/\/canal7slp.tv\/2019\/","logo":{"@type":"ImageObject","inLanguage":"es","@id":"https:\/\/canal7slp.tv\/2019\/#\/schema\/logo\/image\/","url":"https:\/\/canal7slp.tv\/2019\/wp-content\/uploads\/2019\/07\/logo-c7.png","contentUrl":"https:\/\/canal7slp.tv\/2019\/wp-content\/uploads\/2019\/07\/logo-c7.png","width":220,"height":60,"caption":"Comunicaci\u00f3n 2000 S.A. de C.V."},"image":{"@id":"https:\/\/canal7slp.tv\/2019\/#\/schema\/logo\/image\/"},"sameAs":["https:\/\/www.facebook.com\/CANAL7SLP\/","https:\/\/x.com\/canal7_slp","https:\/\/www.instagram.com\/canal7_slp","https:\/\/www.youtube.com\/user\/NOTICIEROSCANAL7SLP\/"]},{"@type":"Person","@id":"https:\/\/canal7slp.tv\/2019\/#\/schema\/person\/11d941c1c6ca30ac0a46b95fa37aa2e3","name":"edicionweb","image":{"@type":"ImageObject","inLanguage":"es","@id":"https:\/\/secure.gravatar.com\/avatar\/eee448fc3f7164808013b816ba91ac7e43bbe82a70bebac296f8bc6f0addaa1a?s=96&d=mm&r=g","url":"https:\/\/secure.gravatar.com\/avatar\/eee448fc3f7164808013b816ba91ac7e43bbe82a70bebac296f8bc6f0addaa1a?s=96&d=mm&r=g","contentUrl":"https:\/\/secure.gravatar.com\/avatar\/eee448fc3f7164808013b816ba91ac7e43bbe82a70bebac296f8bc6f0addaa1a?s=96&d=mm&r=g","caption":"edicionweb"}}]}},"amp_enabled":true,"cmb2":{"video_ids_in_playlist":{"vid_p_videos":""},"video_ids_in_channel":{"vid_c_videos":""},"playlist_ids_in_channel":{"vid_c_playlists":""},"series_ids_in_channel":{"vid_c_series":""},"channel_images":{"vid_c_logo":"","vid_c_banner":""},"poster_feature_image":{"vid_m_poster_image":""},"gif_feature_image":{"vid_m_gif_image":""},"video_movie_settings":{"vid_m_director":"","vid_m_actor":"","vid_m_imdb_ratings":"","vid_m_amazon_associates":""},"vid_youtube_broadcasts_settings":{"vid_yb_broadcast_title":"","vid_yb_q":"","vid_yb_channelid":"","vid_yb_videocategoryid":"","vid_yb_maxresults":"","vid_yb_order":"","vid_yb_regioncode":"","vid_yb_videosyndicated":"","vid_yb_style":"","vid_yb_reload_first":""},"video_series_settings":{"vid_m_director":"","vid_m_actor":"","vid_m_imdb_ratings":"","video_series_group":""},"amazon_associates_settings":{"amazon_associates":"","amazon_native_ad":""},"vid_youtube_automatic_settings":{"vid_ya_youtube_source":"","vid_ya_update_every":"","vid_ya_update_unit":"","vid_ya_categories":"","vid_ya_published_after":"","vid_ya_published_before":"","vid_ya_playlists":"","vid_ya_channels":"","vid_ya_director":"","vid_ya_actor":"","vid_ya_author":"","vid_ya_import_post_date":"","vid_ya_status":"","vid_ya_sub_api_key":""},"vid_ads_m_videoads_settings_post":{"vid_ads_m_video_ads":"","vid_ads_m_video_ads_type":"","vid_ads_m_group_google_ima":"","vid_ads_m_group_image":"","vid_ads_m_group_html5_video":"","vid_ads_m_group_html":"","vid_ads_m_vast_preroll":"","vid_ads_m_vast_postroll":"","vid_ads_m_vast_pauseroll":"","vid_ads_m_vast_midroll":[{"vid_ads_m_vast_timer_seconds":"50"}],"vid_ads_m_time_to_show_ads":"","vid_ads_m_time_skip_ads":"","vid_ads_m_time_to_hide_ads":""},"page_slider_settings":{"display_slider_group":"","page_slider_group":""},"blog_page_settings":{"blog_page_title":"","blog_page_heading":"","blog_page_ic":"","blog_page_it":"","blog_page_ec":"","blog_page_ip":"","archive_loop_style":"","blog_image_ratio":"","blog_show_categories":"","blog_show_excerpt":"","blog_show_author":"","blog_show_date":"","blog_show_comment_count":"","blog_show_view_count":"","blog_show_like_count":"","blog_show_dislike_count":"","blog_items_per_page":"","blog_pag_type":""},"page_options":{"get_page_template":"","color_mode":"","main_layout":"","main_layout_full_with":"","main_logo":"","main_logo_retina":"","main_logo_mobile":"","main_logo_mobile_retina":"","sticky_logo":"","sticky_logo_retina":"","main_nav_layout":"","ajax_search":"","header_background":"","theme_sidebar":"","instagram_feed":"","instagram_feed_position":"","popular_videos":"","popular_videos_title_1":"","popular_videos_title_2":"","popular_videos_ic":"","popular_videos_it":"","theme_background":"","page_custom_css":""},"feature_image_settings":{"feature_image_position":""},"video_player_settings":{"single_video_style":"","video_player_position":"","vm_video_url":"","video_player_library":"","video_streaming":"","vm_media_sources":"","vid_auto_play":"","vm_video_shortcode":"","vid_p_sync_playlist":"","vid_c_sync_channel":"","get_post_format":"","multiple_links_structure":"default","multi_links_title":"","vm_video_multi_links":"","vm_duration":"","vid_social_locker":"off","vid_social_locker_id":"","vid_membership_action":"content-video","vm_video_trailer_url":"","vid_download_type":"free","vid_download_target":"download","vid_woo_product":"","vm_media_download":"","user_rating":"","user_rating_position":"","user_rating_mode":"","user_rating_multi_sets":""},"video_auto_fetch_settings":{"vm_video_fetch":"on"},"video_fake_views_likes":{"vm_fake_views":"","vm_fake_likes":"","vm_fake_dislikes":""},"gallery_settings":{"gallery_position":""},"quote_settings":{"quote_position":""},"post_options":{"main_layout":"","main_logo":"","main_logo_retina":"","main_logo_mobile":"","main_logo_mobile_retina":"","sticky_logo":"","sticky_logo_retina":"","main_nav_layout":"","header_background":"","theme_sidebar":"","single_post_comment_type":"","theme_background":""}},"_links":{"self":[{"href":"https:\/\/canal7slp.tv\/2019\/wp-json\/wp\/v2\/posts\/87375","targetHints":{"allow":["GET"]}}],"collection":[{"href":"https:\/\/canal7slp.tv\/2019\/wp-json\/wp\/v2\/posts"}],"about":[{"href":"https:\/\/canal7slp.tv\/2019\/wp-json\/wp\/v2\/types\/post"}],"author":[{"embeddable":true,"href":"https:\/\/canal7slp.tv\/2019\/wp-json\/wp\/v2\/users\/2"}],"replies":[{"embeddable":true,"href":"https:\/\/canal7slp.tv\/2019\/wp-json\/wp\/v2\/comments?post=87375"}],"version-history":[{"count":0,"href":"https:\/\/canal7slp.tv\/2019\/wp-json\/wp\/v2\/posts\/87375\/revisions"}],"wp:featuredmedia":[{"embeddable":true,"href":"https:\/\/canal7slp.tv\/2019\/wp-json\/wp\/v2\/media\/87376"}],"wp:attachment":[{"href":"https:\/\/canal7slp.tv\/2019\/wp-json\/wp\/v2\/media?parent=87375"}],"wp:term":[{"taxonomy":"category","embeddable":true,"href":"https:\/\/canal7slp.tv\/2019\/wp-json\/wp\/v2\/categories?post=87375"},{"taxonomy":"post_tag","embeddable":true,"href":"https:\/\/canal7slp.tv\/2019\/wp-json\/wp\/v2\/tags?post=87375"}],"curies":[{"name":"wp","href":"https:\/\/api.w.org\/{rel}","templated":true}]}}