{"id":8736,"date":"2019-06-07T13:16:58","date_gmt":"2019-06-07T18:16:58","guid":{"rendered":"https:\/\/canal7slp.tv\/2019\/?p=8736"},"modified":"2019-06-07T13:16:58","modified_gmt":"2019-06-07T18:16:58","slug":"tema-de-huawei-es-la-primera-guerra-tecnologica-de-la-era-digital-putin","status":"publish","type":"post","link":"https:\/\/canal7slp.tv\/2019\/tema-de-huawei-es-la-primera-guerra-tecnologica-de-la-era-digital-putin\/","title":{"rendered":"Tema de Huawei es la primera guerra tecnol\u00f3gica de la era digital: Putin"},"content":{"rendered":"<p style=\"text-align: justify\">San Petersburgo.- El presidente ruso Vladimir Putin advirti\u00f3 este viernes sobre la crisis en el modelo de las relaciones econ\u00f3micas mundiales, llam\u00f3 a revisar el papel del d\u00f3lar y destac\u00f3 que el tema Huawei es la primera guerra tecnol\u00f3gica de la era digital.<\/p>\n<p style=\"text-align: justify\">El mandatario ruso particip\u00f3 en la sesi\u00f3n plenaria del Foro Econ\u00f3mico Internacional de San Petersburgo, que se realiza en esa noroccidental ciudad rusa, este a\u00f1o con el tema principal de &#8220;Estableciendo la agenda de desarrollo sostenible&#8221;.<\/p>\n<p style=\"text-align: justify\">Explic\u00f3 a la audiencia que si bien de 2011 a 2018 el promedio de crecimiento global fue de 2.8 por ciento y en los a\u00f1os recientes super\u00f3 3.0 por ciento, se requiere admitir con franqueza que el modelo de las relaciones econ\u00f3micas globales est\u00e1 en crisis.<\/p>\n<p style=\"text-align: justify\">Tras la II Guerra Mundial entraron nuevos mercados a la globalizaci\u00f3n, lo que cambi\u00f3 la arquitectura de la econom\u00eda mundial de manera &#8220;dram\u00e1tica&#8221;, se\u00f1al\u00f3 de acuerdo a un despacho de la agencia Itar Tass.<\/p>\n<p style=\"text-align: justify\">De 1991 a 2007 el comercio mundial gui\u00f3 el actual modelo de globalizaci\u00f3n, con la tasa de crecimiento bajo la influencia positiva de los nuevos mercados creados por la desaparici\u00f3n de la Uni\u00f3n Sovi\u00e9tica, pero se trat\u00f3 de un periodo corto, al que sigui\u00f3 la crisis de 2008-2009.<\/p>\n<p style=\"text-align: justify\">Esa crisis revel\u00f3 y agrav\u00f3 los desbalances que exist\u00edan, mostr\u00f3 que el mecanismo de crecimiento global comenzaba a fallar, y si bien hubo correcciones, fueron insuficientes pues falt\u00f3 coraje para llegar a las conclusiones apropiadas, continu\u00f3.<\/p>\n<p style=\"text-align: justify\">Prevaleci\u00f3 una visi\u00f3n simplificada: el modelo del desarrollo global es viable, nada esencial debe de ser cambiado, pues es suficiente para eliminar los s\u00edntomas y coordinar las reglas e instituciones de la econom\u00eda y las finanzas. Todo estar\u00e1 bien, describi\u00f3 esa visi\u00f3n el mandatario.<\/p>\n<p style=\"text-align: justify\">Tras la crisis de ese periodo, hubo esperanzas y expectativas que se desvanecieron con rapidez, pues medidas como la baja de tasas no resolvieron la esencia del problema, agreg\u00f3.<\/p>\n<p style=\"text-align: justify\">En este marco agreg\u00f3 que el d\u00f3lar se ha convertido en una arma pol\u00edtica de Washington, por lo que su papel como divisa debe de ser reconsiderado.<\/p>\n<p style=\"text-align: justify\">La confianza en el d\u00f3lar est\u00e1 cayendo, pues acciones pol\u00edticas como la imposici\u00f3n de sanciones minan las ventajas que se hab\u00edan creado en 1944 en Bretton Woods, tras la II Guerra Mundial, precis\u00f3 Putin.<\/p>\n<p style=\"text-align: justify\">El mandatario ruso se refer\u00eda no solo a las sanciones econ\u00f3micas y financieras impuestas a su propio pa\u00eds por Washington, sino tambi\u00e9n a Ir\u00e1n, Cuba, Venezuela y China, estas \u00faltimas, inclusive, a pesar de amenazar el crecimiento global.<\/p>\n<p style=\"text-align: justify\">En Brentton Woods, una localidad estadunidense, surgieron el Banco Mundial, el Fondo Monetario Internacional, el acuerdo general de Aranceles y Comercio que a\u00f1os despu\u00e9s originar\u00eda a la Organizaci\u00f3n Mundial de Comercio y se sustituy\u00f3 el patr\u00f3n oro por el d\u00f3lar, con lo que la moneda estadunidense se convirti\u00f3 en la divisa de referencia.<\/p>\n<p style=\"text-align: justify\">Ahora, el d\u00f3lar no resuelve problemas como lograr una relaci\u00f3n balanceada en el intercambio de mercanc\u00edas, dijo en el mismo foro citado por la rusa RT.<\/p>\n<p style=\"text-align: justify\">Respecto al gigante tecnol\u00f3gico chino Huawei, que enfrenta sanciones de parte del gobierno estadunidense, afirm\u00f3 que se le quiere sacar del mercado global y en ciertos c\u00edrculos, ya se le ve como la primera guerra tecnol\u00f3gica de la era digital en ciernes.<\/p>\n<p style=\"text-align: justify\">Putin se refer\u00eda a que con el argumento de que Huawei es usada por el gobierno chino para labores de espionaje, Washington la ha excluido del mercado estadunidense, se le coarta la expansi\u00f3n de su modalidad de la tecnolog\u00eda 5G -que permite el internet de las cosas- y se le proh\u00edbe el uso de populares aplicaciones.<\/p>\n<p style=\"text-align: justify\">La digitalizaci\u00f3n persigue la ampliaci\u00f3n de los horizontes de todos aquellos que est\u00e1n abiertos a los cambios, pero aqu\u00ed tambi\u00e9n se establecen barreras, a\u00f1adi\u00f3.<\/p>\n<p style=\"text-align: justify\">Adem\u00e1s, se aplicando prohibiciones espec\u00edficas sobre compras de activos de empresas tecnol\u00f3gicas de punta, y hasta a admisiones de estudiantes extranjeros se restringen en ciertas \u00e1reas, concluy\u00f3 el mandatario ruso.<\/p>\n","protected":false},"excerpt":{"rendered":"<p>San Petersburgo.- El presidente ruso Vladimir Putin advirti\u00f3 este viernes sobre la crisis en el modelo de las relaciones econ\u00f3micas mundiales, llam\u00f3 a revisar el papel del d\u00f3lar y destac\u00f3 que el tema Huawei es la primera guerra tecnol\u00f3gica de la era digital. El mandatario ruso particip\u00f3 en la sesi\u00f3n plenaria del Foro Econ\u00f3mico Internacional [&hellip;]<\/p>\n","protected":false},"author":2,"featured_media":8738,"comment_status":"open","ping_status":"closed","sticky":false,"template":"","format":"standard","meta":{"footnotes":""},"categories":[18],"tags":[],"class_list":["post-8736","post","type-post","status-publish","format-standard","has-post-thumbnail","hentry","category-internacional"],"yoast_head":"<!-- This site is optimized with the Yoast SEO plugin v27.5 - https:\/\/yoast.com\/product\/yoast-seo-wordpress\/ -->\n<title>Tema de Huawei es la primera guerra tecnol\u00f3gica de la era digital: Putin - Canal 7 SLP - 2019<\/title>\n<meta name=\"robots\" content=\"index, follow, max-snippet:-1, max-image-preview:large, max-video-preview:-1\" \/>\n<link rel=\"canonical\" href=\"https:\/\/canal7slp.tv\/2019\/tema-de-huawei-es-la-primera-guerra-tecnologica-de-la-era-digital-putin\/\" \/>\n<meta property=\"og:locale\" content=\"es_ES\" \/>\n<meta property=\"og:type\" content=\"article\" \/>\n<meta property=\"og:title\" content=\"Tema de Huawei es la primera guerra tecnol\u00f3gica de la era digital: Putin - Canal 7 SLP - 2019\" \/>\n<meta property=\"og:description\" content=\"San Petersburgo.- El presidente ruso Vladimir Putin advirti\u00f3 este viernes sobre la crisis en el modelo de las relaciones econ\u00f3micas mundiales, llam\u00f3 a revisar el papel del d\u00f3lar y destac\u00f3 que el tema Huawei es la primera guerra tecnol\u00f3gica de la era digital. El mandatario ruso particip\u00f3 en la sesi\u00f3n plenaria del Foro Econ\u00f3mico Internacional [&hellip;]\" \/>\n<meta property=\"og:url\" content=\"https:\/\/canal7slp.tv\/2019\/tema-de-huawei-es-la-primera-guerra-tecnologica-de-la-era-digital-putin\/\" \/>\n<meta property=\"og:site_name\" content=\"Canal 7 SLP - 2019\" \/>\n<meta property=\"article:publisher\" content=\"https:\/\/www.facebook.com\/CANAL7SLP\/\" \/>\n<meta property=\"article:published_time\" content=\"2019-06-07T18:16:58+00:00\" \/>\n<meta property=\"og:image\" content=\"https:\/\/canal7slp.tv\/2019\/wp-content\/uploads\/2019\/06\/08-6.jpg\" \/>\n\t<meta property=\"og:image:width\" content=\"800\" \/>\n\t<meta property=\"og:image:height\" content=\"450\" \/>\n\t<meta property=\"og:image:type\" content=\"image\/jpeg\" \/>\n<meta name=\"author\" content=\"edicionweb\" \/>\n<meta name=\"twitter:card\" content=\"summary_large_image\" \/>\n<meta name=\"twitter:creator\" content=\"@canal7_slp\" \/>\n<meta name=\"twitter:site\" content=\"@canal7_slp\" \/>\n<meta name=\"twitter:label1\" content=\"Escrito por\" \/>\n\t<meta name=\"twitter:data1\" content=\"edicionweb\" \/>\n\t<meta name=\"twitter:label2\" content=\"Tiempo de lectura\" \/>\n\t<meta name=\"twitter:data2\" content=\"3 minutos\" \/>\n<script type=\"application\/ld+json\" class=\"yoast-schema-graph\">{\"@context\":\"https:\\\/\\\/schema.org\",\"@graph\":[{\"@type\":\"Article\",\"@id\":\"https:\\\/\\\/canal7slp.tv\\\/2019\\\/tema-de-huawei-es-la-primera-guerra-tecnologica-de-la-era-digital-putin\\\/#article\",\"isPartOf\":{\"@id\":\"https:\\\/\\\/canal7slp.tv\\\/2019\\\/tema-de-huawei-es-la-primera-guerra-tecnologica-de-la-era-digital-putin\\\/\"},\"author\":{\"name\":\"edicionweb\",\"@id\":\"https:\\\/\\\/canal7slp.tv\\\/2019\\\/#\\\/schema\\\/person\\\/11d941c1c6ca30ac0a46b95fa37aa2e3\"},\"headline\":\"Tema de Huawei es la primera guerra tecnol\u00f3gica de la era digital: Putin\",\"datePublished\":\"2019-06-07T18:16:58+00:00\",\"mainEntityOfPage\":{\"@id\":\"https:\\\/\\\/canal7slp.tv\\\/2019\\\/tema-de-huawei-es-la-primera-guerra-tecnologica-de-la-era-digital-putin\\\/\"},\"wordCount\":710,\"commentCount\":0,\"publisher\":{\"@id\":\"https:\\\/\\\/canal7slp.tv\\\/2019\\\/#organization\"},\"image\":{\"@id\":\"https:\\\/\\\/canal7slp.tv\\\/2019\\\/tema-de-huawei-es-la-primera-guerra-tecnologica-de-la-era-digital-putin\\\/#primaryimage\"},\"thumbnailUrl\":\"https:\\\/\\\/canal7slp.tv\\\/2019\\\/wp-content\\\/uploads\\\/2019\\\/06\\\/08-6.jpg\",\"articleSection\":[\"INTERNACIONAL\"],\"inLanguage\":\"es\",\"potentialAction\":[{\"@type\":\"CommentAction\",\"name\":\"Comment\",\"target\":[\"https:\\\/\\\/canal7slp.tv\\\/2019\\\/tema-de-huawei-es-la-primera-guerra-tecnologica-de-la-era-digital-putin\\\/#respond\"]}]},{\"@type\":\"WebPage\",\"@id\":\"https:\\\/\\\/canal7slp.tv\\\/2019\\\/tema-de-huawei-es-la-primera-guerra-tecnologica-de-la-era-digital-putin\\\/\",\"url\":\"https:\\\/\\\/canal7slp.tv\\\/2019\\\/tema-de-huawei-es-la-primera-guerra-tecnologica-de-la-era-digital-putin\\\/\",\"name\":\"Tema de Huawei es la primera guerra tecnol\u00f3gica de la era digital: Putin - Canal 7 SLP - 2019\",\"isPartOf\":{\"@id\":\"https:\\\/\\\/canal7slp.tv\\\/2019\\\/#website\"},\"primaryImageOfPage\":{\"@id\":\"https:\\\/\\\/canal7slp.tv\\\/2019\\\/tema-de-huawei-es-la-primera-guerra-tecnologica-de-la-era-digital-putin\\\/#primaryimage\"},\"image\":{\"@id\":\"https:\\\/\\\/canal7slp.tv\\\/2019\\\/tema-de-huawei-es-la-primera-guerra-tecnologica-de-la-era-digital-putin\\\/#primaryimage\"},\"thumbnailUrl\":\"https:\\\/\\\/canal7slp.tv\\\/2019\\\/wp-content\\\/uploads\\\/2019\\\/06\\\/08-6.jpg\",\"datePublished\":\"2019-06-07T18:16:58+00:00\",\"breadcrumb\":{\"@id\":\"https:\\\/\\\/canal7slp.tv\\\/2019\\\/tema-de-huawei-es-la-primera-guerra-tecnologica-de-la-era-digital-putin\\\/#breadcrumb\"},\"inLanguage\":\"es\",\"potentialAction\":[{\"@type\":\"ReadAction\",\"target\":[\"https:\\\/\\\/canal7slp.tv\\\/2019\\\/tema-de-huawei-es-la-primera-guerra-tecnologica-de-la-era-digital-putin\\\/\"]}]},{\"@type\":\"ImageObject\",\"inLanguage\":\"es\",\"@id\":\"https:\\\/\\\/canal7slp.tv\\\/2019\\\/tema-de-huawei-es-la-primera-guerra-tecnologica-de-la-era-digital-putin\\\/#primaryimage\",\"url\":\"https:\\\/\\\/canal7slp.tv\\\/2019\\\/wp-content\\\/uploads\\\/2019\\\/06\\\/08-6.jpg\",\"contentUrl\":\"https:\\\/\\\/canal7slp.tv\\\/2019\\\/wp-content\\\/uploads\\\/2019\\\/06\\\/08-6.jpg\",\"width\":800,\"height\":450},{\"@type\":\"BreadcrumbList\",\"@id\":\"https:\\\/\\\/canal7slp.tv\\\/2019\\\/tema-de-huawei-es-la-primera-guerra-tecnologica-de-la-era-digital-putin\\\/#breadcrumb\",\"itemListElement\":[{\"@type\":\"ListItem\",\"position\":1,\"name\":\"Home\",\"item\":\"https:\\\/\\\/canal7slp.tv\\\/2019\\\/\"},{\"@type\":\"ListItem\",\"position\":2,\"name\":\"Tema de Huawei es la primera guerra tecnol\u00f3gica de la era digital: Putin\"}]},{\"@type\":\"WebSite\",\"@id\":\"https:\\\/\\\/canal7slp.tv\\\/2019\\\/#website\",\"url\":\"https:\\\/\\\/canal7slp.tv\\\/2019\\\/\",\"name\":\"Canal 7 SLP - Somos TV\",\"description\":\"Somos un Canal de 10\",\"publisher\":{\"@id\":\"https:\\\/\\\/canal7slp.tv\\\/2019\\\/#organization\"},\"potentialAction\":[{\"@type\":\"SearchAction\",\"target\":{\"@type\":\"EntryPoint\",\"urlTemplate\":\"https:\\\/\\\/canal7slp.tv\\\/2019\\\/?s={search_term_string}\"},\"query-input\":{\"@type\":\"PropertyValueSpecification\",\"valueRequired\":true,\"valueName\":\"search_term_string\"}}],\"inLanguage\":\"es\"},{\"@type\":\"Organization\",\"@id\":\"https:\\\/\\\/canal7slp.tv\\\/2019\\\/#organization\",\"name\":\"Comunicaci\u00f3n 2000 S.A. de C.V.\",\"url\":\"https:\\\/\\\/canal7slp.tv\\\/2019\\\/\",\"logo\":{\"@type\":\"ImageObject\",\"inLanguage\":\"es\",\"@id\":\"https:\\\/\\\/canal7slp.tv\\\/2019\\\/#\\\/schema\\\/logo\\\/image\\\/\",\"url\":\"https:\\\/\\\/canal7slp.tv\\\/2019\\\/wp-content\\\/uploads\\\/2019\\\/07\\\/logo-c7.png\",\"contentUrl\":\"https:\\\/\\\/canal7slp.tv\\\/2019\\\/wp-content\\\/uploads\\\/2019\\\/07\\\/logo-c7.png\",\"width\":220,\"height\":60,\"caption\":\"Comunicaci\u00f3n 2000 S.A. de C.V.\"},\"image\":{\"@id\":\"https:\\\/\\\/canal7slp.tv\\\/2019\\\/#\\\/schema\\\/logo\\\/image\\\/\"},\"sameAs\":[\"https:\\\/\\\/www.facebook.com\\\/CANAL7SLP\\\/\",\"https:\\\/\\\/x.com\\\/canal7_slp\",\"https:\\\/\\\/www.instagram.com\\\/canal7_slp\",\"https:\\\/\\\/www.youtube.com\\\/user\\\/NOTICIEROSCANAL7SLP\\\/\"]},{\"@type\":\"Person\",\"@id\":\"https:\\\/\\\/canal7slp.tv\\\/2019\\\/#\\\/schema\\\/person\\\/11d941c1c6ca30ac0a46b95fa37aa2e3\",\"name\":\"edicionweb\",\"image\":{\"@type\":\"ImageObject\",\"inLanguage\":\"es\",\"@id\":\"https:\\\/\\\/secure.gravatar.com\\\/avatar\\\/eee448fc3f7164808013b816ba91ac7e43bbe82a70bebac296f8bc6f0addaa1a?s=96&d=mm&r=g\",\"url\":\"https:\\\/\\\/secure.gravatar.com\\\/avatar\\\/eee448fc3f7164808013b816ba91ac7e43bbe82a70bebac296f8bc6f0addaa1a?s=96&d=mm&r=g\",\"contentUrl\":\"https:\\\/\\\/secure.gravatar.com\\\/avatar\\\/eee448fc3f7164808013b816ba91ac7e43bbe82a70bebac296f8bc6f0addaa1a?s=96&d=mm&r=g\",\"caption\":\"edicionweb\"}}]}<\/script>\n<!-- \/ Yoast SEO plugin. -->","yoast_head_json":{"title":"Tema de Huawei es la primera guerra tecnol\u00f3gica de la era digital: Putin - Canal 7 SLP - 2019","robots":{"index":"index","follow":"follow","max-snippet":"max-snippet:-1","max-image-preview":"max-image-preview:large","max-video-preview":"max-video-preview:-1"},"canonical":"https:\/\/canal7slp.tv\/2019\/tema-de-huawei-es-la-primera-guerra-tecnologica-de-la-era-digital-putin\/","og_locale":"es_ES","og_type":"article","og_title":"Tema de Huawei es la primera guerra tecnol\u00f3gica de la era digital: Putin - Canal 7 SLP - 2019","og_description":"San Petersburgo.- El presidente ruso Vladimir Putin advirti\u00f3 este viernes sobre la crisis en el modelo de las relaciones econ\u00f3micas mundiales, llam\u00f3 a revisar el papel del d\u00f3lar y destac\u00f3 que el tema Huawei es la primera guerra tecnol\u00f3gica de la era digital. El mandatario ruso particip\u00f3 en la sesi\u00f3n plenaria del Foro Econ\u00f3mico Internacional [&hellip;]","og_url":"https:\/\/canal7slp.tv\/2019\/tema-de-huawei-es-la-primera-guerra-tecnologica-de-la-era-digital-putin\/","og_site_name":"Canal 7 SLP - 2019","article_publisher":"https:\/\/www.facebook.com\/CANAL7SLP\/","article_published_time":"2019-06-07T18:16:58+00:00","og_image":[{"width":800,"height":450,"url":"https:\/\/canal7slp.tv\/2019\/wp-content\/uploads\/2019\/06\/08-6.jpg","type":"image\/jpeg"}],"author":"edicionweb","twitter_card":"summary_large_image","twitter_creator":"@canal7_slp","twitter_site":"@canal7_slp","twitter_misc":{"Escrito por":"edicionweb","Tiempo de lectura":"3 minutos"},"schema":{"@context":"https:\/\/schema.org","@graph":[{"@type":"Article","@id":"https:\/\/canal7slp.tv\/2019\/tema-de-huawei-es-la-primera-guerra-tecnologica-de-la-era-digital-putin\/#article","isPartOf":{"@id":"https:\/\/canal7slp.tv\/2019\/tema-de-huawei-es-la-primera-guerra-tecnologica-de-la-era-digital-putin\/"},"author":{"name":"edicionweb","@id":"https:\/\/canal7slp.tv\/2019\/#\/schema\/person\/11d941c1c6ca30ac0a46b95fa37aa2e3"},"headline":"Tema de Huawei es la primera guerra tecnol\u00f3gica de la era digital: Putin","datePublished":"2019-06-07T18:16:58+00:00","mainEntityOfPage":{"@id":"https:\/\/canal7slp.tv\/2019\/tema-de-huawei-es-la-primera-guerra-tecnologica-de-la-era-digital-putin\/"},"wordCount":710,"commentCount":0,"publisher":{"@id":"https:\/\/canal7slp.tv\/2019\/#organization"},"image":{"@id":"https:\/\/canal7slp.tv\/2019\/tema-de-huawei-es-la-primera-guerra-tecnologica-de-la-era-digital-putin\/#primaryimage"},"thumbnailUrl":"https:\/\/canal7slp.tv\/2019\/wp-content\/uploads\/2019\/06\/08-6.jpg","articleSection":["INTERNACIONAL"],"inLanguage":"es","potentialAction":[{"@type":"CommentAction","name":"Comment","target":["https:\/\/canal7slp.tv\/2019\/tema-de-huawei-es-la-primera-guerra-tecnologica-de-la-era-digital-putin\/#respond"]}]},{"@type":"WebPage","@id":"https:\/\/canal7slp.tv\/2019\/tema-de-huawei-es-la-primera-guerra-tecnologica-de-la-era-digital-putin\/","url":"https:\/\/canal7slp.tv\/2019\/tema-de-huawei-es-la-primera-guerra-tecnologica-de-la-era-digital-putin\/","name":"Tema de Huawei es la primera guerra tecnol\u00f3gica de la era digital: Putin - Canal 7 SLP - 2019","isPartOf":{"@id":"https:\/\/canal7slp.tv\/2019\/#website"},"primaryImageOfPage":{"@id":"https:\/\/canal7slp.tv\/2019\/tema-de-huawei-es-la-primera-guerra-tecnologica-de-la-era-digital-putin\/#primaryimage"},"image":{"@id":"https:\/\/canal7slp.tv\/2019\/tema-de-huawei-es-la-primera-guerra-tecnologica-de-la-era-digital-putin\/#primaryimage"},"thumbnailUrl":"https:\/\/canal7slp.tv\/2019\/wp-content\/uploads\/2019\/06\/08-6.jpg","datePublished":"2019-06-07T18:16:58+00:00","breadcrumb":{"@id":"https:\/\/canal7slp.tv\/2019\/tema-de-huawei-es-la-primera-guerra-tecnologica-de-la-era-digital-putin\/#breadcrumb"},"inLanguage":"es","potentialAction":[{"@type":"ReadAction","target":["https:\/\/canal7slp.tv\/2019\/tema-de-huawei-es-la-primera-guerra-tecnologica-de-la-era-digital-putin\/"]}]},{"@type":"ImageObject","inLanguage":"es","@id":"https:\/\/canal7slp.tv\/2019\/tema-de-huawei-es-la-primera-guerra-tecnologica-de-la-era-digital-putin\/#primaryimage","url":"https:\/\/canal7slp.tv\/2019\/wp-content\/uploads\/2019\/06\/08-6.jpg","contentUrl":"https:\/\/canal7slp.tv\/2019\/wp-content\/uploads\/2019\/06\/08-6.jpg","width":800,"height":450},{"@type":"BreadcrumbList","@id":"https:\/\/canal7slp.tv\/2019\/tema-de-huawei-es-la-primera-guerra-tecnologica-de-la-era-digital-putin\/#breadcrumb","itemListElement":[{"@type":"ListItem","position":1,"name":"Home","item":"https:\/\/canal7slp.tv\/2019\/"},{"@type":"ListItem","position":2,"name":"Tema de Huawei es la primera guerra tecnol\u00f3gica de la era digital: Putin"}]},{"@type":"WebSite","@id":"https:\/\/canal7slp.tv\/2019\/#website","url":"https:\/\/canal7slp.tv\/2019\/","name":"Canal 7 SLP - Somos TV","description":"Somos un Canal de 10","publisher":{"@id":"https:\/\/canal7slp.tv\/2019\/#organization"},"potentialAction":[{"@type":"SearchAction","target":{"@type":"EntryPoint","urlTemplate":"https:\/\/canal7slp.tv\/2019\/?s={search_term_string}"},"query-input":{"@type":"PropertyValueSpecification","valueRequired":true,"valueName":"search_term_string"}}],"inLanguage":"es"},{"@type":"Organization","@id":"https:\/\/canal7slp.tv\/2019\/#organization","name":"Comunicaci\u00f3n 2000 S.A. de C.V.","url":"https:\/\/canal7slp.tv\/2019\/","logo":{"@type":"ImageObject","inLanguage":"es","@id":"https:\/\/canal7slp.tv\/2019\/#\/schema\/logo\/image\/","url":"https:\/\/canal7slp.tv\/2019\/wp-content\/uploads\/2019\/07\/logo-c7.png","contentUrl":"https:\/\/canal7slp.tv\/2019\/wp-content\/uploads\/2019\/07\/logo-c7.png","width":220,"height":60,"caption":"Comunicaci\u00f3n 2000 S.A. de C.V."},"image":{"@id":"https:\/\/canal7slp.tv\/2019\/#\/schema\/logo\/image\/"},"sameAs":["https:\/\/www.facebook.com\/CANAL7SLP\/","https:\/\/x.com\/canal7_slp","https:\/\/www.instagram.com\/canal7_slp","https:\/\/www.youtube.com\/user\/NOTICIEROSCANAL7SLP\/"]},{"@type":"Person","@id":"https:\/\/canal7slp.tv\/2019\/#\/schema\/person\/11d941c1c6ca30ac0a46b95fa37aa2e3","name":"edicionweb","image":{"@type":"ImageObject","inLanguage":"es","@id":"https:\/\/secure.gravatar.com\/avatar\/eee448fc3f7164808013b816ba91ac7e43bbe82a70bebac296f8bc6f0addaa1a?s=96&d=mm&r=g","url":"https:\/\/secure.gravatar.com\/avatar\/eee448fc3f7164808013b816ba91ac7e43bbe82a70bebac296f8bc6f0addaa1a?s=96&d=mm&r=g","contentUrl":"https:\/\/secure.gravatar.com\/avatar\/eee448fc3f7164808013b816ba91ac7e43bbe82a70bebac296f8bc6f0addaa1a?s=96&d=mm&r=g","caption":"edicionweb"}}]}},"amp_enabled":true,"cmb2":{"video_ids_in_playlist":{"vid_p_videos":""},"video_ids_in_channel":{"vid_c_videos":""},"playlist_ids_in_channel":{"vid_c_playlists":""},"series_ids_in_channel":{"vid_c_series":""},"channel_images":{"vid_c_logo":"","vid_c_banner":""},"poster_feature_image":{"vid_m_poster_image":""},"gif_feature_image":{"vid_m_gif_image":""},"video_movie_settings":{"vid_m_director":"","vid_m_actor":"","vid_m_imdb_ratings":"","vid_m_amazon_associates":""},"vid_youtube_broadcasts_settings":{"vid_yb_broadcast_title":"","vid_yb_q":"","vid_yb_channelid":"","vid_yb_videocategoryid":"","vid_yb_maxresults":"","vid_yb_order":"","vid_yb_regioncode":"","vid_yb_videosyndicated":"","vid_yb_style":"","vid_yb_reload_first":""},"video_series_settings":{"vid_m_director":"","vid_m_actor":"","vid_m_imdb_ratings":"","video_series_group":""},"amazon_associates_settings":{"amazon_associates":"","amazon_native_ad":""},"vid_youtube_automatic_settings":{"vid_ya_youtube_source":"","vid_ya_update_every":"","vid_ya_update_unit":"","vid_ya_categories":"","vid_ya_published_after":"","vid_ya_published_before":"","vid_ya_playlists":"","vid_ya_channels":"","vid_ya_director":"","vid_ya_actor":"","vid_ya_author":"","vid_ya_import_post_date":"","vid_ya_status":"","vid_ya_sub_api_key":""},"vid_ads_m_videoads_settings_post":{"vid_ads_m_video_ads":"","vid_ads_m_video_ads_type":"","vid_ads_m_group_google_ima":"","vid_ads_m_group_image":"","vid_ads_m_group_html5_video":"","vid_ads_m_group_html":"","vid_ads_m_vast_preroll":"","vid_ads_m_vast_postroll":"","vid_ads_m_vast_pauseroll":"","vid_ads_m_vast_midroll":[{"vid_ads_m_vast_timer_seconds":"50"}],"vid_ads_m_time_to_show_ads":"","vid_ads_m_time_skip_ads":"","vid_ads_m_time_to_hide_ads":""},"page_slider_settings":{"display_slider_group":"","page_slider_group":""},"blog_page_settings":{"blog_page_title":"","blog_page_heading":"","blog_page_ic":"","blog_page_it":"","blog_page_ec":"","blog_page_ip":"","archive_loop_style":"","blog_image_ratio":"","blog_show_categories":"","blog_show_excerpt":"","blog_show_author":"","blog_show_date":"","blog_show_comment_count":"","blog_show_view_count":"","blog_show_like_count":"","blog_show_dislike_count":"","blog_items_per_page":"","blog_pag_type":""},"page_options":{"get_page_template":"","color_mode":"","main_layout":"","main_layout_full_with":"","main_logo":"","main_logo_retina":"","main_logo_mobile":"","main_logo_mobile_retina":"","sticky_logo":"","sticky_logo_retina":"","main_nav_layout":"","ajax_search":"","header_background":"","theme_sidebar":"","instagram_feed":"","instagram_feed_position":"","popular_videos":"","popular_videos_title_1":"","popular_videos_title_2":"","popular_videos_ic":"","popular_videos_it":"","theme_background":"","page_custom_css":""},"feature_image_settings":{"feature_image_position":""},"video_player_settings":{"single_video_style":"","video_player_position":"","vm_video_url":"","video_player_library":"","video_streaming":"","vm_media_sources":"","vid_auto_play":"","vm_video_shortcode":"","vid_p_sync_playlist":"","vid_c_sync_channel":"","get_post_format":"","multiple_links_structure":"default","multi_links_title":"","vm_video_multi_links":"","vm_duration":"","vid_social_locker":"off","vid_social_locker_id":"","vid_membership_action":"content-video","vm_video_trailer_url":"","vid_download_type":"free","vid_download_target":"download","vid_woo_product":"","vm_media_download":"","user_rating":"","user_rating_position":"","user_rating_mode":"","user_rating_multi_sets":""},"video_auto_fetch_settings":{"vm_video_fetch":"on"},"video_fake_views_likes":{"vm_fake_views":"","vm_fake_likes":"","vm_fake_dislikes":""},"gallery_settings":{"gallery_position":""},"quote_settings":{"quote_position":""},"post_options":{"main_layout":"","main_logo":"","main_logo_retina":"","main_logo_mobile":"","main_logo_mobile_retina":"","sticky_logo":"","sticky_logo_retina":"","main_nav_layout":"","header_background":"","theme_sidebar":"","single_post_comment_type":"","theme_background":""}},"_links":{"self":[{"href":"https:\/\/canal7slp.tv\/2019\/wp-json\/wp\/v2\/posts\/8736","targetHints":{"allow":["GET"]}}],"collection":[{"href":"https:\/\/canal7slp.tv\/2019\/wp-json\/wp\/v2\/posts"}],"about":[{"href":"https:\/\/canal7slp.tv\/2019\/wp-json\/wp\/v2\/types\/post"}],"author":[{"embeddable":true,"href":"https:\/\/canal7slp.tv\/2019\/wp-json\/wp\/v2\/users\/2"}],"replies":[{"embeddable":true,"href":"https:\/\/canal7slp.tv\/2019\/wp-json\/wp\/v2\/comments?post=8736"}],"version-history":[{"count":0,"href":"https:\/\/canal7slp.tv\/2019\/wp-json\/wp\/v2\/posts\/8736\/revisions"}],"wp:featuredmedia":[{"embeddable":true,"href":"https:\/\/canal7slp.tv\/2019\/wp-json\/wp\/v2\/media\/8738"}],"wp:attachment":[{"href":"https:\/\/canal7slp.tv\/2019\/wp-json\/wp\/v2\/media?parent=8736"}],"wp:term":[{"taxonomy":"category","embeddable":true,"href":"https:\/\/canal7slp.tv\/2019\/wp-json\/wp\/v2\/categories?post=8736"},{"taxonomy":"post_tag","embeddable":true,"href":"https:\/\/canal7slp.tv\/2019\/wp-json\/wp\/v2\/tags?post=8736"}],"curies":[{"name":"wp","href":"https:\/\/api.w.org\/{rel}","templated":true}]}}