{"id":87297,"date":"2019-12-09T19:49:14","date_gmt":"2019-12-10T01:49:14","guid":{"rendered":"https:\/\/canal7slp.tv\/2019\/?p=87297"},"modified":"2019-12-09T19:49:14","modified_gmt":"2019-12-10T01:49:14","slug":"realizan-foro-estatal-de-consulta-sobre-ley-general-de-educacion-superior","status":"publish","type":"post","link":"https:\/\/canal7slp.tv\/2019\/realizan-foro-estatal-de-consulta-sobre-ley-general-de-educacion-superior\/","title":{"rendered":"Realizan Foro Estatal de Consulta sobre Ley General de Educaci\u00f3n Superior"},"content":{"rendered":"<p style=\"text-align: justify\">SLP.- Con el prop\u00f3sito de contar con los comentarios, an\u00e1lisis y propuestas de modificaci\u00f3n o adici\u00f3n por parte de la comunidad que integra la Educaci\u00f3n Superior potosina, la Secretaria de Educaci\u00f3n P\u00fablica y la Secretar\u00eda de Educaci\u00f3n de Gobierno del Estado llevaron a cabo en San Luis Potos\u00ed la consulta Estatal del Anteproyecto de la Ley General de Educaci\u00f3n Superior.<\/p>\n<p style=\"text-align: justify\">El Secretario de Educaci\u00f3n, Joel Ram\u00edrez D\u00edaz, reconoci\u00f3 la atenci\u00f3n de Herminio Baltazar Cisneros, Coordinador General de la Coordinaci\u00f3n General de Universidades Tecnol\u00f3gicas y Polit\u00e9cnicas y a Luciano Concheiro B\u00f3rquez, Subsecretario de Educaci\u00f3n Superior por realizar esta consulta en el Estado y dijo que este anteproyecto constituye un documento fundamental para la Educaci\u00f3n Superior.<\/p>\n<p style=\"text-align: justify\">En su intervenci\u00f3n, Herminio Baltazar Cisneros, Coordinador General de la Coordinaci\u00f3n General de Universidades Tecnol\u00f3gicas y Polit\u00e9cnicas de la SEP, mencion\u00f3 que existe una excelente coordinaci\u00f3n entre las autoridades educativas y directores de instituciones p\u00fablicas y privadas de la entidad potosina, y expres\u00f3 que: \u201ces muy atinado que se hayan reunido previamente porque creo que el documento re\u00fane el conocimiento y la buena voluntad de todos en educaci\u00f3n superior en San Luis Potos\u00ed\u201d.<\/p>\n<p style=\"text-align: justify\">Durante el desarrollo de esta consulta estatal, Manuel Ferm\u00edn Villar Rubio, Rector de la Universidad Aut\u00f3noma de San Luis Potos\u00ed y representante en este evento de la ANUIES, indic\u00f3 que le parecen positivos los cambios en la ley y que ahora se har\u00e1 de manera gradual la desaparici\u00f3n de cuotas estudiantiles.<\/p>\n<p style=\"text-align: justify\">El Rector de la Universidad Potosina, Jos\u00e9 Arturo Segoviano Garc\u00eda, en su participaci\u00f3n dijo que: \u201cme parece importante que se tome en cuenta m\u00e1s la opini\u00f3n de las universidades privadas, est\u00e1 ley debe salvaguardar el inter\u00e9s principal que son los j\u00f3venes universitarios, que se haga de acuerdo a la absorci\u00f3n, que puedan tener la participaci\u00f3n, en San Luis Potos\u00ed\u201d.<\/p>\n<p style=\"text-align: justify\">Al hacer uso de la palabra, Aurora Ordu\u00f1a Correa, Rectora de la Universidad Intercultural, destac\u00f3 que hay que pensar en la cobertura, crecimiento matricular y mejora continua, que se agregue la solvencia moral y acad\u00e9mica para la contrataci\u00f3n de personal acad\u00e9mico y que las evaluaciones se hagan en funci\u00f3n del contexto.<\/p>\n<p style=\"text-align: justify\">El Rector de la Universidad Polit\u00e9cnica de San Luis Potos\u00ed, Francisco Javier Delgado Rojas, expuso ante las autoridades que se pudiera tomar en cuenta aspectos como la inflaci\u00f3n, para las ampliaciones de presupuestos, adem\u00e1s de que se tome en cuenta la matr\u00edcula que se atiende cada ciclo escolar.<\/p>\n<p style=\"text-align: justify\">En su intervenci\u00f3n Arturo Morones Zavala, Rector de la Universidad Marista de San Luis Potos\u00ed, mencion\u00f3 que representa un reto que demanda la coparticipaci\u00f3n de universidades p\u00fablicas y privadas, la expansi\u00f3n de universidades privadas merece atenci\u00f3n en cuanto a la calidad y seriedad de dichas instituciones. \u201cSe requieren cambios para que en lugar de que la Secretar\u00eda autorice a trav\u00e9s de un RVOE por cada carrera, se haga un RVOE por cada universidad con los requerimientos que se indiquen, que se integre un consejo con la participaci\u00f3n de la EMS y que sean ellos quienes otorguen estos certificados de calidad\u201d. expres\u00f3.<\/p>\n<p style=\"text-align: justify\">Francisco Mart\u00ednez Becker, Rector de la Universidad Cuauht\u00e9moc, indic\u00f3 que en la Ley no se menciona el servicio social, pero consider\u00f3 que debe incluirse por ser una parte de la formaci\u00f3n de los j\u00f3venes, se deben buscar que agregue y se homogenice y se haga de forma obligatoria.<\/p>\n<p style=\"text-align: justify\">Los temas que se analizaron en esta reuni\u00f3n estatal y que son aspectos distintivos del anteproyecto de Ley General de Educaci\u00f3n Superior son: establecer pol\u00edticas prioritarias para impulsar el desarrollo de la educaci\u00f3n superior con una visi\u00f3n de Estado; sentar las bases de una coordinaci\u00f3n m\u200b\u200b\u200b\u00e1s arm\u00f3nica entre las IES y otros actores relevantes de este tipo educativo, a trav\u00e9s de instancias colegiadas.<\/p>\n<p style=\"text-align: justify\">Adem\u00e1s, disponer mecanismos de participaci\u00f3n y responsabilidad de las IES con la sociedad; establecer mecanismos para garantizar el cumplimiento de las disposiciones de obligatoriedad y gratuidad de la educaci\u00f3n superior que manda la Constituci\u00f3n; crear figuras y mecanismos de coordinaci\u00f3n entre los distintos subsistemas de educaci\u00f3n superior para lograr sus fines y determinar las bases de un Sistema Nacional de Evaluaci\u00f3n de la Educaci\u00f3n Superior.<\/p>\n<p style=\"text-align: justify\">Finalmente, el titular de SEGE agradeci\u00f3 la asistencia de los Directores y Rectores de las instituciones presentes: Universidad del Valle de M\u00e9xico, Universidad Cuauht\u00e9moc, Universidad Potosina, Benem\u00e9rita y Centenaria Escuela Normal del Estado, Universidad Aut\u00f3noma de San Luis Potos\u00ed, Universidad Tecnol\u00f3gica de SLP, Universidad Tecnol\u00f3gica Metropolitana de SLP, Universidad Intercultural de SLP, Universidad Marista de San Luis Potos\u00ed, Universidad Tangamanga, Instituto Tecnol\u00f3gico de SLP.<\/p>\n","protected":false},"excerpt":{"rendered":"<p>SLP.- Con el prop\u00f3sito de contar con los comentarios, an\u00e1lisis y propuestas de modificaci\u00f3n o adici\u00f3n por parte de la comunidad que integra la Educaci\u00f3n Superior potosina, la Secretaria de Educaci\u00f3n P\u00fablica y la Secretar\u00eda de Educaci\u00f3n de Gobierno del Estado llevaron a cabo en San Luis Potos\u00ed la consulta Estatal del Anteproyecto de la [&hellip;]<\/p>\n","protected":false},"author":2,"featured_media":87308,"comment_status":"open","ping_status":"open","sticky":false,"template":"","format":"standard","meta":{"footnotes":""},"categories":[17],"tags":[],"class_list":["post-87297","post","type-post","status-publish","format-standard","has-post-thumbnail","hentry","category-localesyregionales"],"yoast_head":"<!-- This site is optimized with the Yoast SEO plugin v27.5 - https:\/\/yoast.com\/product\/yoast-seo-wordpress\/ -->\n<title>Realizan Foro Estatal de Consulta sobre Ley General de Educaci\u00f3n Superior - Canal 7 SLP - 2019<\/title>\n<meta name=\"robots\" content=\"index, follow, max-snippet:-1, max-image-preview:large, max-video-preview:-1\" \/>\n<link rel=\"canonical\" href=\"https:\/\/canal7slp.tv\/2019\/realizan-foro-estatal-de-consulta-sobre-ley-general-de-educacion-superior\/\" \/>\n<meta property=\"og:locale\" content=\"es_ES\" \/>\n<meta property=\"og:type\" content=\"article\" \/>\n<meta property=\"og:title\" content=\"Realizan Foro Estatal de Consulta sobre Ley General de Educaci\u00f3n Superior - Canal 7 SLP - 2019\" \/>\n<meta property=\"og:description\" content=\"SLP.- Con el prop\u00f3sito de contar con los comentarios, an\u00e1lisis y propuestas de modificaci\u00f3n o adici\u00f3n por parte de la comunidad que integra la Educaci\u00f3n Superior potosina, la Secretaria de Educaci\u00f3n P\u00fablica y la Secretar\u00eda de Educaci\u00f3n de Gobierno del Estado llevaron a cabo en San Luis Potos\u00ed la consulta Estatal del Anteproyecto de la [&hellip;]\" \/>\n<meta property=\"og:url\" content=\"https:\/\/canal7slp.tv\/2019\/realizan-foro-estatal-de-consulta-sobre-ley-general-de-educacion-superior\/\" \/>\n<meta property=\"og:site_name\" content=\"Canal 7 SLP - 2019\" \/>\n<meta property=\"article:publisher\" content=\"https:\/\/www.facebook.com\/CANAL7SLP\/\" \/>\n<meta property=\"article:published_time\" content=\"2019-12-10T01:49:14+00:00\" \/>\n<meta property=\"og:image\" content=\"https:\/\/canal7slp.tv\/2019\/wp-content\/uploads\/2019\/12\/2052.jpg\" \/>\n\t<meta property=\"og:image:width\" content=\"615\" \/>\n\t<meta property=\"og:image:height\" content=\"410\" \/>\n\t<meta property=\"og:image:type\" content=\"image\/jpeg\" \/>\n<meta name=\"author\" content=\"edicionweb\" \/>\n<meta name=\"twitter:card\" content=\"summary_large_image\" \/>\n<meta name=\"twitter:creator\" content=\"@canal7_slp\" \/>\n<meta name=\"twitter:site\" content=\"@canal7_slp\" \/>\n<meta name=\"twitter:label1\" content=\"Escrito por\" \/>\n\t<meta name=\"twitter:data1\" content=\"edicionweb\" \/>\n\t<meta name=\"twitter:label2\" content=\"Tiempo de lectura\" \/>\n\t<meta name=\"twitter:data2\" content=\"4 minutos\" \/>\n<script type=\"application\/ld+json\" class=\"yoast-schema-graph\">{\"@context\":\"https:\\\/\\\/schema.org\",\"@graph\":[{\"@type\":\"Article\",\"@id\":\"https:\\\/\\\/canal7slp.tv\\\/2019\\\/realizan-foro-estatal-de-consulta-sobre-ley-general-de-educacion-superior\\\/#article\",\"isPartOf\":{\"@id\":\"https:\\\/\\\/canal7slp.tv\\\/2019\\\/realizan-foro-estatal-de-consulta-sobre-ley-general-de-educacion-superior\\\/\"},\"author\":{\"name\":\"edicionweb\",\"@id\":\"https:\\\/\\\/canal7slp.tv\\\/2019\\\/#\\\/schema\\\/person\\\/11d941c1c6ca30ac0a46b95fa37aa2e3\"},\"headline\":\"Realizan Foro Estatal de Consulta sobre Ley General de Educaci\u00f3n Superior\",\"datePublished\":\"2019-12-10T01:49:14+00:00\",\"mainEntityOfPage\":{\"@id\":\"https:\\\/\\\/canal7slp.tv\\\/2019\\\/realizan-foro-estatal-de-consulta-sobre-ley-general-de-educacion-superior\\\/\"},\"wordCount\":834,\"commentCount\":0,\"publisher\":{\"@id\":\"https:\\\/\\\/canal7slp.tv\\\/2019\\\/#organization\"},\"image\":{\"@id\":\"https:\\\/\\\/canal7slp.tv\\\/2019\\\/realizan-foro-estatal-de-consulta-sobre-ley-general-de-educacion-superior\\\/#primaryimage\"},\"thumbnailUrl\":\"https:\\\/\\\/canal7slp.tv\\\/2019\\\/wp-content\\\/uploads\\\/2019\\\/12\\\/2052.jpg\",\"articleSection\":[\"LOCALES Y REGIONALES\"],\"inLanguage\":\"es\",\"potentialAction\":[{\"@type\":\"CommentAction\",\"name\":\"Comment\",\"target\":[\"https:\\\/\\\/canal7slp.tv\\\/2019\\\/realizan-foro-estatal-de-consulta-sobre-ley-general-de-educacion-superior\\\/#respond\"]}]},{\"@type\":\"WebPage\",\"@id\":\"https:\\\/\\\/canal7slp.tv\\\/2019\\\/realizan-foro-estatal-de-consulta-sobre-ley-general-de-educacion-superior\\\/\",\"url\":\"https:\\\/\\\/canal7slp.tv\\\/2019\\\/realizan-foro-estatal-de-consulta-sobre-ley-general-de-educacion-superior\\\/\",\"name\":\"Realizan Foro Estatal de Consulta sobre Ley General de Educaci\u00f3n Superior - Canal 7 SLP - 2019\",\"isPartOf\":{\"@id\":\"https:\\\/\\\/canal7slp.tv\\\/2019\\\/#website\"},\"primaryImageOfPage\":{\"@id\":\"https:\\\/\\\/canal7slp.tv\\\/2019\\\/realizan-foro-estatal-de-consulta-sobre-ley-general-de-educacion-superior\\\/#primaryimage\"},\"image\":{\"@id\":\"https:\\\/\\\/canal7slp.tv\\\/2019\\\/realizan-foro-estatal-de-consulta-sobre-ley-general-de-educacion-superior\\\/#primaryimage\"},\"thumbnailUrl\":\"https:\\\/\\\/canal7slp.tv\\\/2019\\\/wp-content\\\/uploads\\\/2019\\\/12\\\/2052.jpg\",\"datePublished\":\"2019-12-10T01:49:14+00:00\",\"breadcrumb\":{\"@id\":\"https:\\\/\\\/canal7slp.tv\\\/2019\\\/realizan-foro-estatal-de-consulta-sobre-ley-general-de-educacion-superior\\\/#breadcrumb\"},\"inLanguage\":\"es\",\"potentialAction\":[{\"@type\":\"ReadAction\",\"target\":[\"https:\\\/\\\/canal7slp.tv\\\/2019\\\/realizan-foro-estatal-de-consulta-sobre-ley-general-de-educacion-superior\\\/\"]}]},{\"@type\":\"ImageObject\",\"inLanguage\":\"es\",\"@id\":\"https:\\\/\\\/canal7slp.tv\\\/2019\\\/realizan-foro-estatal-de-consulta-sobre-ley-general-de-educacion-superior\\\/#primaryimage\",\"url\":\"https:\\\/\\\/canal7slp.tv\\\/2019\\\/wp-content\\\/uploads\\\/2019\\\/12\\\/2052.jpg\",\"contentUrl\":\"https:\\\/\\\/canal7slp.tv\\\/2019\\\/wp-content\\\/uploads\\\/2019\\\/12\\\/2052.jpg\",\"width\":615,\"height\":410},{\"@type\":\"BreadcrumbList\",\"@id\":\"https:\\\/\\\/canal7slp.tv\\\/2019\\\/realizan-foro-estatal-de-consulta-sobre-ley-general-de-educacion-superior\\\/#breadcrumb\",\"itemListElement\":[{\"@type\":\"ListItem\",\"position\":1,\"name\":\"Home\",\"item\":\"https:\\\/\\\/canal7slp.tv\\\/2019\\\/\"},{\"@type\":\"ListItem\",\"position\":2,\"name\":\"Realizan Foro Estatal de Consulta sobre Ley General de Educaci\u00f3n Superior\"}]},{\"@type\":\"WebSite\",\"@id\":\"https:\\\/\\\/canal7slp.tv\\\/2019\\\/#website\",\"url\":\"https:\\\/\\\/canal7slp.tv\\\/2019\\\/\",\"name\":\"Canal 7 SLP - Somos TV\",\"description\":\"Somos un Canal de 10\",\"publisher\":{\"@id\":\"https:\\\/\\\/canal7slp.tv\\\/2019\\\/#organization\"},\"potentialAction\":[{\"@type\":\"SearchAction\",\"target\":{\"@type\":\"EntryPoint\",\"urlTemplate\":\"https:\\\/\\\/canal7slp.tv\\\/2019\\\/?s={search_term_string}\"},\"query-input\":{\"@type\":\"PropertyValueSpecification\",\"valueRequired\":true,\"valueName\":\"search_term_string\"}}],\"inLanguage\":\"es\"},{\"@type\":\"Organization\",\"@id\":\"https:\\\/\\\/canal7slp.tv\\\/2019\\\/#organization\",\"name\":\"Comunicaci\u00f3n 2000 S.A. de C.V.\",\"url\":\"https:\\\/\\\/canal7slp.tv\\\/2019\\\/\",\"logo\":{\"@type\":\"ImageObject\",\"inLanguage\":\"es\",\"@id\":\"https:\\\/\\\/canal7slp.tv\\\/2019\\\/#\\\/schema\\\/logo\\\/image\\\/\",\"url\":\"https:\\\/\\\/canal7slp.tv\\\/2019\\\/wp-content\\\/uploads\\\/2019\\\/07\\\/logo-c7.png\",\"contentUrl\":\"https:\\\/\\\/canal7slp.tv\\\/2019\\\/wp-content\\\/uploads\\\/2019\\\/07\\\/logo-c7.png\",\"width\":220,\"height\":60,\"caption\":\"Comunicaci\u00f3n 2000 S.A. de C.V.\"},\"image\":{\"@id\":\"https:\\\/\\\/canal7slp.tv\\\/2019\\\/#\\\/schema\\\/logo\\\/image\\\/\"},\"sameAs\":[\"https:\\\/\\\/www.facebook.com\\\/CANAL7SLP\\\/\",\"https:\\\/\\\/x.com\\\/canal7_slp\",\"https:\\\/\\\/www.instagram.com\\\/canal7_slp\",\"https:\\\/\\\/www.youtube.com\\\/user\\\/NOTICIEROSCANAL7SLP\\\/\"]},{\"@type\":\"Person\",\"@id\":\"https:\\\/\\\/canal7slp.tv\\\/2019\\\/#\\\/schema\\\/person\\\/11d941c1c6ca30ac0a46b95fa37aa2e3\",\"name\":\"edicionweb\",\"image\":{\"@type\":\"ImageObject\",\"inLanguage\":\"es\",\"@id\":\"https:\\\/\\\/secure.gravatar.com\\\/avatar\\\/eee448fc3f7164808013b816ba91ac7e43bbe82a70bebac296f8bc6f0addaa1a?s=96&d=mm&r=g\",\"url\":\"https:\\\/\\\/secure.gravatar.com\\\/avatar\\\/eee448fc3f7164808013b816ba91ac7e43bbe82a70bebac296f8bc6f0addaa1a?s=96&d=mm&r=g\",\"contentUrl\":\"https:\\\/\\\/secure.gravatar.com\\\/avatar\\\/eee448fc3f7164808013b816ba91ac7e43bbe82a70bebac296f8bc6f0addaa1a?s=96&d=mm&r=g\",\"caption\":\"edicionweb\"}}]}<\/script>\n<!-- \/ Yoast SEO plugin. -->","yoast_head_json":{"title":"Realizan Foro Estatal de Consulta sobre Ley General de Educaci\u00f3n Superior - Canal 7 SLP - 2019","robots":{"index":"index","follow":"follow","max-snippet":"max-snippet:-1","max-image-preview":"max-image-preview:large","max-video-preview":"max-video-preview:-1"},"canonical":"https:\/\/canal7slp.tv\/2019\/realizan-foro-estatal-de-consulta-sobre-ley-general-de-educacion-superior\/","og_locale":"es_ES","og_type":"article","og_title":"Realizan Foro Estatal de Consulta sobre Ley General de Educaci\u00f3n Superior - Canal 7 SLP - 2019","og_description":"SLP.- Con el prop\u00f3sito de contar con los comentarios, an\u00e1lisis y propuestas de modificaci\u00f3n o adici\u00f3n por parte de la comunidad que integra la Educaci\u00f3n Superior potosina, la Secretaria de Educaci\u00f3n P\u00fablica y la Secretar\u00eda de Educaci\u00f3n de Gobierno del Estado llevaron a cabo en San Luis Potos\u00ed la consulta Estatal del Anteproyecto de la [&hellip;]","og_url":"https:\/\/canal7slp.tv\/2019\/realizan-foro-estatal-de-consulta-sobre-ley-general-de-educacion-superior\/","og_site_name":"Canal 7 SLP - 2019","article_publisher":"https:\/\/www.facebook.com\/CANAL7SLP\/","article_published_time":"2019-12-10T01:49:14+00:00","og_image":[{"width":615,"height":410,"url":"https:\/\/canal7slp.tv\/2019\/wp-content\/uploads\/2019\/12\/2052.jpg","type":"image\/jpeg"}],"author":"edicionweb","twitter_card":"summary_large_image","twitter_creator":"@canal7_slp","twitter_site":"@canal7_slp","twitter_misc":{"Escrito por":"edicionweb","Tiempo de lectura":"4 minutos"},"schema":{"@context":"https:\/\/schema.org","@graph":[{"@type":"Article","@id":"https:\/\/canal7slp.tv\/2019\/realizan-foro-estatal-de-consulta-sobre-ley-general-de-educacion-superior\/#article","isPartOf":{"@id":"https:\/\/canal7slp.tv\/2019\/realizan-foro-estatal-de-consulta-sobre-ley-general-de-educacion-superior\/"},"author":{"name":"edicionweb","@id":"https:\/\/canal7slp.tv\/2019\/#\/schema\/person\/11d941c1c6ca30ac0a46b95fa37aa2e3"},"headline":"Realizan Foro Estatal de Consulta sobre Ley General de Educaci\u00f3n Superior","datePublished":"2019-12-10T01:49:14+00:00","mainEntityOfPage":{"@id":"https:\/\/canal7slp.tv\/2019\/realizan-foro-estatal-de-consulta-sobre-ley-general-de-educacion-superior\/"},"wordCount":834,"commentCount":0,"publisher":{"@id":"https:\/\/canal7slp.tv\/2019\/#organization"},"image":{"@id":"https:\/\/canal7slp.tv\/2019\/realizan-foro-estatal-de-consulta-sobre-ley-general-de-educacion-superior\/#primaryimage"},"thumbnailUrl":"https:\/\/canal7slp.tv\/2019\/wp-content\/uploads\/2019\/12\/2052.jpg","articleSection":["LOCALES Y REGIONALES"],"inLanguage":"es","potentialAction":[{"@type":"CommentAction","name":"Comment","target":["https:\/\/canal7slp.tv\/2019\/realizan-foro-estatal-de-consulta-sobre-ley-general-de-educacion-superior\/#respond"]}]},{"@type":"WebPage","@id":"https:\/\/canal7slp.tv\/2019\/realizan-foro-estatal-de-consulta-sobre-ley-general-de-educacion-superior\/","url":"https:\/\/canal7slp.tv\/2019\/realizan-foro-estatal-de-consulta-sobre-ley-general-de-educacion-superior\/","name":"Realizan Foro Estatal de Consulta sobre Ley General de Educaci\u00f3n Superior - Canal 7 SLP - 2019","isPartOf":{"@id":"https:\/\/canal7slp.tv\/2019\/#website"},"primaryImageOfPage":{"@id":"https:\/\/canal7slp.tv\/2019\/realizan-foro-estatal-de-consulta-sobre-ley-general-de-educacion-superior\/#primaryimage"},"image":{"@id":"https:\/\/canal7slp.tv\/2019\/realizan-foro-estatal-de-consulta-sobre-ley-general-de-educacion-superior\/#primaryimage"},"thumbnailUrl":"https:\/\/canal7slp.tv\/2019\/wp-content\/uploads\/2019\/12\/2052.jpg","datePublished":"2019-12-10T01:49:14+00:00","breadcrumb":{"@id":"https:\/\/canal7slp.tv\/2019\/realizan-foro-estatal-de-consulta-sobre-ley-general-de-educacion-superior\/#breadcrumb"},"inLanguage":"es","potentialAction":[{"@type":"ReadAction","target":["https:\/\/canal7slp.tv\/2019\/realizan-foro-estatal-de-consulta-sobre-ley-general-de-educacion-superior\/"]}]},{"@type":"ImageObject","inLanguage":"es","@id":"https:\/\/canal7slp.tv\/2019\/realizan-foro-estatal-de-consulta-sobre-ley-general-de-educacion-superior\/#primaryimage","url":"https:\/\/canal7slp.tv\/2019\/wp-content\/uploads\/2019\/12\/2052.jpg","contentUrl":"https:\/\/canal7slp.tv\/2019\/wp-content\/uploads\/2019\/12\/2052.jpg","width":615,"height":410},{"@type":"BreadcrumbList","@id":"https:\/\/canal7slp.tv\/2019\/realizan-foro-estatal-de-consulta-sobre-ley-general-de-educacion-superior\/#breadcrumb","itemListElement":[{"@type":"ListItem","position":1,"name":"Home","item":"https:\/\/canal7slp.tv\/2019\/"},{"@type":"ListItem","position":2,"name":"Realizan Foro Estatal de Consulta sobre Ley General de Educaci\u00f3n Superior"}]},{"@type":"WebSite","@id":"https:\/\/canal7slp.tv\/2019\/#website","url":"https:\/\/canal7slp.tv\/2019\/","name":"Canal 7 SLP - Somos TV","description":"Somos un Canal de 10","publisher":{"@id":"https:\/\/canal7slp.tv\/2019\/#organization"},"potentialAction":[{"@type":"SearchAction","target":{"@type":"EntryPoint","urlTemplate":"https:\/\/canal7slp.tv\/2019\/?s={search_term_string}"},"query-input":{"@type":"PropertyValueSpecification","valueRequired":true,"valueName":"search_term_string"}}],"inLanguage":"es"},{"@type":"Organization","@id":"https:\/\/canal7slp.tv\/2019\/#organization","name":"Comunicaci\u00f3n 2000 S.A. de C.V.","url":"https:\/\/canal7slp.tv\/2019\/","logo":{"@type":"ImageObject","inLanguage":"es","@id":"https:\/\/canal7slp.tv\/2019\/#\/schema\/logo\/image\/","url":"https:\/\/canal7slp.tv\/2019\/wp-content\/uploads\/2019\/07\/logo-c7.png","contentUrl":"https:\/\/canal7slp.tv\/2019\/wp-content\/uploads\/2019\/07\/logo-c7.png","width":220,"height":60,"caption":"Comunicaci\u00f3n 2000 S.A. de C.V."},"image":{"@id":"https:\/\/canal7slp.tv\/2019\/#\/schema\/logo\/image\/"},"sameAs":["https:\/\/www.facebook.com\/CANAL7SLP\/","https:\/\/x.com\/canal7_slp","https:\/\/www.instagram.com\/canal7_slp","https:\/\/www.youtube.com\/user\/NOTICIEROSCANAL7SLP\/"]},{"@type":"Person","@id":"https:\/\/canal7slp.tv\/2019\/#\/schema\/person\/11d941c1c6ca30ac0a46b95fa37aa2e3","name":"edicionweb","image":{"@type":"ImageObject","inLanguage":"es","@id":"https:\/\/secure.gravatar.com\/avatar\/eee448fc3f7164808013b816ba91ac7e43bbe82a70bebac296f8bc6f0addaa1a?s=96&d=mm&r=g","url":"https:\/\/secure.gravatar.com\/avatar\/eee448fc3f7164808013b816ba91ac7e43bbe82a70bebac296f8bc6f0addaa1a?s=96&d=mm&r=g","contentUrl":"https:\/\/secure.gravatar.com\/avatar\/eee448fc3f7164808013b816ba91ac7e43bbe82a70bebac296f8bc6f0addaa1a?s=96&d=mm&r=g","caption":"edicionweb"}}]}},"amp_enabled":true,"cmb2":{"video_ids_in_playlist":{"vid_p_videos":""},"video_ids_in_channel":{"vid_c_videos":""},"playlist_ids_in_channel":{"vid_c_playlists":""},"series_ids_in_channel":{"vid_c_series":""},"channel_images":{"vid_c_logo":"","vid_c_banner":""},"poster_feature_image":{"vid_m_poster_image":""},"gif_feature_image":{"vid_m_gif_image":""},"video_movie_settings":{"vid_m_director":"","vid_m_actor":"","vid_m_imdb_ratings":"","vid_m_amazon_associates":""},"vid_youtube_broadcasts_settings":{"vid_yb_broadcast_title":"","vid_yb_q":"","vid_yb_channelid":"","vid_yb_videocategoryid":"","vid_yb_maxresults":"","vid_yb_order":"","vid_yb_regioncode":"","vid_yb_videosyndicated":"","vid_yb_style":"","vid_yb_reload_first":""},"video_series_settings":{"vid_m_director":"","vid_m_actor":"","vid_m_imdb_ratings":"","video_series_group":""},"amazon_associates_settings":{"amazon_associates":"","amazon_native_ad":""},"vid_youtube_automatic_settings":{"vid_ya_youtube_source":"","vid_ya_update_every":"","vid_ya_update_unit":"","vid_ya_categories":"","vid_ya_published_after":"","vid_ya_published_before":"","vid_ya_playlists":"","vid_ya_channels":"","vid_ya_director":"","vid_ya_actor":"","vid_ya_author":"","vid_ya_import_post_date":"","vid_ya_status":"","vid_ya_sub_api_key":""},"vid_ads_m_videoads_settings_post":{"vid_ads_m_video_ads":"","vid_ads_m_video_ads_type":"","vid_ads_m_group_google_ima":"","vid_ads_m_group_image":"","vid_ads_m_group_html5_video":"","vid_ads_m_group_html":"","vid_ads_m_vast_preroll":"","vid_ads_m_vast_postroll":"","vid_ads_m_vast_pauseroll":"","vid_ads_m_vast_midroll":[{"vid_ads_m_vast_timer_seconds":"50"}],"vid_ads_m_time_to_show_ads":"","vid_ads_m_time_skip_ads":"","vid_ads_m_time_to_hide_ads":""},"page_slider_settings":{"display_slider_group":"","page_slider_group":""},"blog_page_settings":{"blog_page_title":"","blog_page_heading":"","blog_page_ic":"","blog_page_it":"","blog_page_ec":"","blog_page_ip":"","archive_loop_style":"","blog_image_ratio":"","blog_show_categories":"","blog_show_excerpt":"","blog_show_author":"","blog_show_date":"","blog_show_comment_count":"","blog_show_view_count":"","blog_show_like_count":"","blog_show_dislike_count":"","blog_items_per_page":"","blog_pag_type":""},"page_options":{"get_page_template":"","color_mode":"","main_layout":"","main_layout_full_with":"","main_logo":"","main_logo_retina":"","main_logo_mobile":"","main_logo_mobile_retina":"","sticky_logo":"","sticky_logo_retina":"","main_nav_layout":"","ajax_search":"","header_background":"","theme_sidebar":"","instagram_feed":"","instagram_feed_position":"","popular_videos":"","popular_videos_title_1":"","popular_videos_title_2":"","popular_videos_ic":"","popular_videos_it":"","theme_background":"","page_custom_css":""},"feature_image_settings":{"feature_image_position":""},"video_player_settings":{"single_video_style":"","video_player_position":"","vm_video_url":"","video_player_library":"","video_streaming":"","vm_media_sources":"","vid_auto_play":"","vm_video_shortcode":"","vid_p_sync_playlist":"","vid_c_sync_channel":"","get_post_format":"","multiple_links_structure":"default","multi_links_title":"","vm_video_multi_links":"","vm_duration":"","vid_social_locker":"off","vid_social_locker_id":"","vid_membership_action":"content-video","vm_video_trailer_url":"","vid_download_type":"free","vid_download_target":"download","vid_woo_product":"","vm_media_download":"","user_rating":"","user_rating_position":"","user_rating_mode":"","user_rating_multi_sets":""},"video_auto_fetch_settings":{"vm_video_fetch":"on"},"video_fake_views_likes":{"vm_fake_views":"","vm_fake_likes":"","vm_fake_dislikes":""},"gallery_settings":{"gallery_position":""},"quote_settings":{"quote_position":""},"post_options":{"main_layout":"","main_logo":"","main_logo_retina":"","main_logo_mobile":"","main_logo_mobile_retina":"","sticky_logo":"","sticky_logo_retina":"","main_nav_layout":"","header_background":"","theme_sidebar":"","single_post_comment_type":"","theme_background":""}},"_links":{"self":[{"href":"https:\/\/canal7slp.tv\/2019\/wp-json\/wp\/v2\/posts\/87297","targetHints":{"allow":["GET"]}}],"collection":[{"href":"https:\/\/canal7slp.tv\/2019\/wp-json\/wp\/v2\/posts"}],"about":[{"href":"https:\/\/canal7slp.tv\/2019\/wp-json\/wp\/v2\/types\/post"}],"author":[{"embeddable":true,"href":"https:\/\/canal7slp.tv\/2019\/wp-json\/wp\/v2\/users\/2"}],"replies":[{"embeddable":true,"href":"https:\/\/canal7slp.tv\/2019\/wp-json\/wp\/v2\/comments?post=87297"}],"version-history":[{"count":0,"href":"https:\/\/canal7slp.tv\/2019\/wp-json\/wp\/v2\/posts\/87297\/revisions"}],"wp:featuredmedia":[{"embeddable":true,"href":"https:\/\/canal7slp.tv\/2019\/wp-json\/wp\/v2\/media\/87308"}],"wp:attachment":[{"href":"https:\/\/canal7slp.tv\/2019\/wp-json\/wp\/v2\/media?parent=87297"}],"wp:term":[{"taxonomy":"category","embeddable":true,"href":"https:\/\/canal7slp.tv\/2019\/wp-json\/wp\/v2\/categories?post=87297"},{"taxonomy":"post_tag","embeddable":true,"href":"https:\/\/canal7slp.tv\/2019\/wp-json\/wp\/v2\/tags?post=87297"}],"curies":[{"name":"wp","href":"https:\/\/api.w.org\/{rel}","templated":true}]}}