{"id":8722,"date":"2019-06-07T13:02:22","date_gmt":"2019-06-07T18:02:22","guid":{"rendered":"https:\/\/canal7slp.tv\/2019\/?p=8722"},"modified":"2019-06-07T13:02:22","modified_gmt":"2019-06-07T18:02:22","slug":"sin-f1-mexico-es-capaz-de-albergar-grandes-eventos-de-automovilismo","status":"publish","type":"post","link":"https:\/\/canal7slp.tv\/2019\/sin-f1-mexico-es-capaz-de-albergar-grandes-eventos-de-automovilismo\/","title":{"rendered":"Sin F1, M\u00e9xico es capaz de albergar grandes eventos de automovilismo"},"content":{"rendered":"<p style=\"text-align: justify\">M\u00e9xico.- Pese a que la continuidad de la F\u00f3rmula 1 en M\u00e9xico se prev\u00e9 complicada, la cuarta fecha de la temporada 2019 de la NASCAR PEAK M\u00e9xico Series, tendr\u00e1 lugar durante este fin de semana en el estado de Aguascalientes, con lo cual se destaca que M\u00e9xico tiene la capacidad de albergar eventos importantes.<\/p>\n<p style=\"text-align: justify\">En entrevista con, el secretario de Turismo de Aguascalientes, Jorge L\u00f3pez Mart\u00edn, destac\u00f3 que la entidad cuenta con el mejor \u00f3valo\u00a0automovil\u00edstico del pa\u00eds, donde este s\u00e1bado 8 y domingo 9 de junio recibir\u00e1n una fecha m\u00e1s de NASCAR.<\/p>\n<p style=\"text-align: justify\">El \u00d3valo Aguascalientes M\u00e9xico (OAM),\u00a0inaugurado en 2009 y con una capacidad para recibir a 25 mil amantes al deporte motor, adem\u00e1s de recibir a la NASCAR\u00a0M\u00e9xico Series,\u00a0tambi\u00e9n ha sido testigo de competencias de la FIA F\u00f3rmula 4, NACAM\u00a0RallyChampionship y La Carrera Panamericana, por mencionar algunas.<\/p>\n<p style=\"text-align: justify\">En la pista de carreras, ubicada en la Carretera a Aeropuerto\u2013Tanque de Los Jim\u00e9nez kilometro dos, Ejido Buenavista de Pe\u00f1uelas, se espera la arrancada de 74 autos en total, divididos en 22 stocks para la categor\u00eda estelar NASCAR PEAK M\u00e9xico.<\/p>\n<p style=\"text-align: justify\">Cabe mencionar que el trazado de asfalto del \u00d3valo cuenta con una pista de 14 metros de ancho y de 1800 metros de longitud.<\/p>\n<p style=\"text-align: justify\">Mientras que en la Challenge se apreciar\u00e1n 21 veh\u00edculos, en las Mikel\u00b4s Trucks correr\u00e1n 16 camionetas, esto sumado a los 15 monoplazas que abrir\u00e1n las hostilidades del domingo, d\u00eda de las carreras.<\/p>\n<p style=\"text-align: justify\">L\u00f3pez Mart\u00edn consider\u00f3 que el impulso de los eventos deportivos es importante a nivel local y nacional,\u00a0\u201cal automovilismo hay que verlo como una gran oportunidad para seguir fortaleciendo el turismo en nuestro pa\u00eds&#8230; Hay que ver todo el desdoble, la enorme inversi\u00f3n de los patrocinadores, medios de comunicaci\u00f3n, que generan derrama econ\u00f3mica, pero sobre todo proyectan la imagen de M\u00e9xico y ahora de Aguascalientes en el mundo\u201d.<\/p>\n<p style=\"text-align: justify\">Detall\u00f3 que este tipo de eventos internacionales ponen a M\u00e9xico, en el caso espec\u00edfico de NASCAR, en trasmisiones televisivas en m\u00e1s de 19 pa\u00edses, donde se puede evidenciar&#8221; la capacidad y hospitalidad profesional de la sociedad aguascalentense.<\/p>\n<p style=\"text-align: justify\">Agreg\u00f3 que, como parte de esta carrera, est\u00e1 la tarea de que \u201cen zonas marginadas se pondr\u00e1 transporte gratuito hacia el \u00f3valo los d\u00edas que se llevar\u00e1n a cabo las carreras y con eso generar una inercia de amplia difusi\u00f3n a trav\u00e9s de la asistencia\u201d.<\/p>\n<p style=\"text-align: justify\">Abund\u00f3 \u201cdebemos activar todas las herramientas a las que tengamos alcance, para que eventos como esta competencia de NASCAR puedan seguir teniendo \u00e9xito en Aguascalientes, que exista un intercambio con otros estados a cambio de que se difunda la carrera NASCAR en estados vecinos\u201d.<\/p>\n","protected":false},"excerpt":{"rendered":"<p>M\u00e9xico.- Pese a que la continuidad de la F\u00f3rmula 1 en M\u00e9xico se prev\u00e9 complicada, la cuarta fecha de la temporada 2019 de la NASCAR PEAK M\u00e9xico Series, tendr\u00e1 lugar durante este fin de semana en el estado de Aguascalientes, con lo cual se destaca que M\u00e9xico tiene la capacidad de albergar eventos importantes. En [&hellip;]<\/p>\n","protected":false},"author":2,"featured_media":8724,"comment_status":"open","ping_status":"closed","sticky":false,"template":"","format":"standard","meta":{"footnotes":""},"categories":[96],"tags":[],"class_list":["post-8722","post","type-post","status-publish","format-standard","has-post-thumbnail","hentry","category-deportes"],"yoast_head":"<!-- This site is optimized with the Yoast SEO plugin v27.5 - https:\/\/yoast.com\/product\/yoast-seo-wordpress\/ -->\n<title>Sin F1, M\u00e9xico es capaz de albergar grandes eventos de automovilismo - Canal 7 SLP - 2019<\/title>\n<meta name=\"robots\" content=\"index, follow, max-snippet:-1, max-image-preview:large, max-video-preview:-1\" \/>\n<link rel=\"canonical\" href=\"https:\/\/canal7slp.tv\/2019\/sin-f1-mexico-es-capaz-de-albergar-grandes-eventos-de-automovilismo\/\" \/>\n<meta property=\"og:locale\" content=\"es_ES\" \/>\n<meta property=\"og:type\" content=\"article\" \/>\n<meta property=\"og:title\" content=\"Sin F1, M\u00e9xico es capaz de albergar grandes eventos de automovilismo - Canal 7 SLP - 2019\" \/>\n<meta property=\"og:description\" content=\"M\u00e9xico.- Pese a que la continuidad de la F\u00f3rmula 1 en M\u00e9xico se prev\u00e9 complicada, la cuarta fecha de la temporada 2019 de la NASCAR PEAK M\u00e9xico Series, tendr\u00e1 lugar durante este fin de semana en el estado de Aguascalientes, con lo cual se destaca que M\u00e9xico tiene la capacidad de albergar eventos importantes. En [&hellip;]\" \/>\n<meta property=\"og:url\" content=\"https:\/\/canal7slp.tv\/2019\/sin-f1-mexico-es-capaz-de-albergar-grandes-eventos-de-automovilismo\/\" \/>\n<meta property=\"og:site_name\" content=\"Canal 7 SLP - 2019\" \/>\n<meta property=\"article:publisher\" content=\"https:\/\/www.facebook.com\/CANAL7SLP\/\" \/>\n<meta property=\"article:published_time\" content=\"2019-06-07T18:02:22+00:00\" \/>\n<meta property=\"og:image\" content=\"https:\/\/canal7slp.tv\/2019\/wp-content\/uploads\/2019\/06\/03-6.jpg\" \/>\n\t<meta property=\"og:image:width\" content=\"800\" \/>\n\t<meta property=\"og:image:height\" content=\"469\" \/>\n\t<meta property=\"og:image:type\" content=\"image\/jpeg\" \/>\n<meta name=\"author\" content=\"edicionweb\" \/>\n<meta name=\"twitter:card\" content=\"summary_large_image\" \/>\n<meta name=\"twitter:creator\" content=\"@canal7_slp\" \/>\n<meta name=\"twitter:site\" content=\"@canal7_slp\" \/>\n<meta name=\"twitter:label1\" content=\"Escrito por\" \/>\n\t<meta name=\"twitter:data1\" content=\"edicionweb\" \/>\n\t<meta name=\"twitter:label2\" content=\"Tiempo de lectura\" \/>\n\t<meta name=\"twitter:data2\" content=\"2 minutos\" \/>\n<script type=\"application\/ld+json\" class=\"yoast-schema-graph\">{\"@context\":\"https:\\\/\\\/schema.org\",\"@graph\":[{\"@type\":\"Article\",\"@id\":\"https:\\\/\\\/canal7slp.tv\\\/2019\\\/sin-f1-mexico-es-capaz-de-albergar-grandes-eventos-de-automovilismo\\\/#article\",\"isPartOf\":{\"@id\":\"https:\\\/\\\/canal7slp.tv\\\/2019\\\/sin-f1-mexico-es-capaz-de-albergar-grandes-eventos-de-automovilismo\\\/\"},\"author\":{\"name\":\"edicionweb\",\"@id\":\"https:\\\/\\\/canal7slp.tv\\\/2019\\\/#\\\/schema\\\/person\\\/11d941c1c6ca30ac0a46b95fa37aa2e3\"},\"headline\":\"Sin F1, M\u00e9xico es capaz de albergar grandes eventos de automovilismo\",\"datePublished\":\"2019-06-07T18:02:22+00:00\",\"mainEntityOfPage\":{\"@id\":\"https:\\\/\\\/canal7slp.tv\\\/2019\\\/sin-f1-mexico-es-capaz-de-albergar-grandes-eventos-de-automovilismo\\\/\"},\"wordCount\":473,\"commentCount\":0,\"publisher\":{\"@id\":\"https:\\\/\\\/canal7slp.tv\\\/2019\\\/#organization\"},\"image\":{\"@id\":\"https:\\\/\\\/canal7slp.tv\\\/2019\\\/sin-f1-mexico-es-capaz-de-albergar-grandes-eventos-de-automovilismo\\\/#primaryimage\"},\"thumbnailUrl\":\"https:\\\/\\\/canal7slp.tv\\\/2019\\\/wp-content\\\/uploads\\\/2019\\\/06\\\/03-6.jpg\",\"articleSection\":[\"DEPORTES\"],\"inLanguage\":\"es\",\"potentialAction\":[{\"@type\":\"CommentAction\",\"name\":\"Comment\",\"target\":[\"https:\\\/\\\/canal7slp.tv\\\/2019\\\/sin-f1-mexico-es-capaz-de-albergar-grandes-eventos-de-automovilismo\\\/#respond\"]}]},{\"@type\":\"WebPage\",\"@id\":\"https:\\\/\\\/canal7slp.tv\\\/2019\\\/sin-f1-mexico-es-capaz-de-albergar-grandes-eventos-de-automovilismo\\\/\",\"url\":\"https:\\\/\\\/canal7slp.tv\\\/2019\\\/sin-f1-mexico-es-capaz-de-albergar-grandes-eventos-de-automovilismo\\\/\",\"name\":\"Sin F1, M\u00e9xico es capaz de albergar grandes eventos de automovilismo - Canal 7 SLP - 2019\",\"isPartOf\":{\"@id\":\"https:\\\/\\\/canal7slp.tv\\\/2019\\\/#website\"},\"primaryImageOfPage\":{\"@id\":\"https:\\\/\\\/canal7slp.tv\\\/2019\\\/sin-f1-mexico-es-capaz-de-albergar-grandes-eventos-de-automovilismo\\\/#primaryimage\"},\"image\":{\"@id\":\"https:\\\/\\\/canal7slp.tv\\\/2019\\\/sin-f1-mexico-es-capaz-de-albergar-grandes-eventos-de-automovilismo\\\/#primaryimage\"},\"thumbnailUrl\":\"https:\\\/\\\/canal7slp.tv\\\/2019\\\/wp-content\\\/uploads\\\/2019\\\/06\\\/03-6.jpg\",\"datePublished\":\"2019-06-07T18:02:22+00:00\",\"breadcrumb\":{\"@id\":\"https:\\\/\\\/canal7slp.tv\\\/2019\\\/sin-f1-mexico-es-capaz-de-albergar-grandes-eventos-de-automovilismo\\\/#breadcrumb\"},\"inLanguage\":\"es\",\"potentialAction\":[{\"@type\":\"ReadAction\",\"target\":[\"https:\\\/\\\/canal7slp.tv\\\/2019\\\/sin-f1-mexico-es-capaz-de-albergar-grandes-eventos-de-automovilismo\\\/\"]}]},{\"@type\":\"ImageObject\",\"inLanguage\":\"es\",\"@id\":\"https:\\\/\\\/canal7slp.tv\\\/2019\\\/sin-f1-mexico-es-capaz-de-albergar-grandes-eventos-de-automovilismo\\\/#primaryimage\",\"url\":\"https:\\\/\\\/canal7slp.tv\\\/2019\\\/wp-content\\\/uploads\\\/2019\\\/06\\\/03-6.jpg\",\"contentUrl\":\"https:\\\/\\\/canal7slp.tv\\\/2019\\\/wp-content\\\/uploads\\\/2019\\\/06\\\/03-6.jpg\",\"width\":800,\"height\":469},{\"@type\":\"BreadcrumbList\",\"@id\":\"https:\\\/\\\/canal7slp.tv\\\/2019\\\/sin-f1-mexico-es-capaz-de-albergar-grandes-eventos-de-automovilismo\\\/#breadcrumb\",\"itemListElement\":[{\"@type\":\"ListItem\",\"position\":1,\"name\":\"Home\",\"item\":\"https:\\\/\\\/canal7slp.tv\\\/2019\\\/\"},{\"@type\":\"ListItem\",\"position\":2,\"name\":\"Sin F1, M\u00e9xico es capaz de albergar grandes eventos de automovilismo\"}]},{\"@type\":\"WebSite\",\"@id\":\"https:\\\/\\\/canal7slp.tv\\\/2019\\\/#website\",\"url\":\"https:\\\/\\\/canal7slp.tv\\\/2019\\\/\",\"name\":\"Canal 7 SLP - Somos TV\",\"description\":\"Somos un Canal de 10\",\"publisher\":{\"@id\":\"https:\\\/\\\/canal7slp.tv\\\/2019\\\/#organization\"},\"potentialAction\":[{\"@type\":\"SearchAction\",\"target\":{\"@type\":\"EntryPoint\",\"urlTemplate\":\"https:\\\/\\\/canal7slp.tv\\\/2019\\\/?s={search_term_string}\"},\"query-input\":{\"@type\":\"PropertyValueSpecification\",\"valueRequired\":true,\"valueName\":\"search_term_string\"}}],\"inLanguage\":\"es\"},{\"@type\":\"Organization\",\"@id\":\"https:\\\/\\\/canal7slp.tv\\\/2019\\\/#organization\",\"name\":\"Comunicaci\u00f3n 2000 S.A. de C.V.\",\"url\":\"https:\\\/\\\/canal7slp.tv\\\/2019\\\/\",\"logo\":{\"@type\":\"ImageObject\",\"inLanguage\":\"es\",\"@id\":\"https:\\\/\\\/canal7slp.tv\\\/2019\\\/#\\\/schema\\\/logo\\\/image\\\/\",\"url\":\"https:\\\/\\\/canal7slp.tv\\\/2019\\\/wp-content\\\/uploads\\\/2019\\\/07\\\/logo-c7.png\",\"contentUrl\":\"https:\\\/\\\/canal7slp.tv\\\/2019\\\/wp-content\\\/uploads\\\/2019\\\/07\\\/logo-c7.png\",\"width\":220,\"height\":60,\"caption\":\"Comunicaci\u00f3n 2000 S.A. de C.V.\"},\"image\":{\"@id\":\"https:\\\/\\\/canal7slp.tv\\\/2019\\\/#\\\/schema\\\/logo\\\/image\\\/\"},\"sameAs\":[\"https:\\\/\\\/www.facebook.com\\\/CANAL7SLP\\\/\",\"https:\\\/\\\/x.com\\\/canal7_slp\",\"https:\\\/\\\/www.instagram.com\\\/canal7_slp\",\"https:\\\/\\\/www.youtube.com\\\/user\\\/NOTICIEROSCANAL7SLP\\\/\"]},{\"@type\":\"Person\",\"@id\":\"https:\\\/\\\/canal7slp.tv\\\/2019\\\/#\\\/schema\\\/person\\\/11d941c1c6ca30ac0a46b95fa37aa2e3\",\"name\":\"edicionweb\",\"image\":{\"@type\":\"ImageObject\",\"inLanguage\":\"es\",\"@id\":\"https:\\\/\\\/secure.gravatar.com\\\/avatar\\\/eee448fc3f7164808013b816ba91ac7e43bbe82a70bebac296f8bc6f0addaa1a?s=96&d=mm&r=g\",\"url\":\"https:\\\/\\\/secure.gravatar.com\\\/avatar\\\/eee448fc3f7164808013b816ba91ac7e43bbe82a70bebac296f8bc6f0addaa1a?s=96&d=mm&r=g\",\"contentUrl\":\"https:\\\/\\\/secure.gravatar.com\\\/avatar\\\/eee448fc3f7164808013b816ba91ac7e43bbe82a70bebac296f8bc6f0addaa1a?s=96&d=mm&r=g\",\"caption\":\"edicionweb\"}}]}<\/script>\n<!-- \/ Yoast SEO plugin. -->","yoast_head_json":{"title":"Sin F1, M\u00e9xico es capaz de albergar grandes eventos de automovilismo - Canal 7 SLP - 2019","robots":{"index":"index","follow":"follow","max-snippet":"max-snippet:-1","max-image-preview":"max-image-preview:large","max-video-preview":"max-video-preview:-1"},"canonical":"https:\/\/canal7slp.tv\/2019\/sin-f1-mexico-es-capaz-de-albergar-grandes-eventos-de-automovilismo\/","og_locale":"es_ES","og_type":"article","og_title":"Sin F1, M\u00e9xico es capaz de albergar grandes eventos de automovilismo - Canal 7 SLP - 2019","og_description":"M\u00e9xico.- Pese a que la continuidad de la F\u00f3rmula 1 en M\u00e9xico se prev\u00e9 complicada, la cuarta fecha de la temporada 2019 de la NASCAR PEAK M\u00e9xico Series, tendr\u00e1 lugar durante este fin de semana en el estado de Aguascalientes, con lo cual se destaca que M\u00e9xico tiene la capacidad de albergar eventos importantes. En [&hellip;]","og_url":"https:\/\/canal7slp.tv\/2019\/sin-f1-mexico-es-capaz-de-albergar-grandes-eventos-de-automovilismo\/","og_site_name":"Canal 7 SLP - 2019","article_publisher":"https:\/\/www.facebook.com\/CANAL7SLP\/","article_published_time":"2019-06-07T18:02:22+00:00","og_image":[{"width":800,"height":469,"url":"https:\/\/canal7slp.tv\/2019\/wp-content\/uploads\/2019\/06\/03-6.jpg","type":"image\/jpeg"}],"author":"edicionweb","twitter_card":"summary_large_image","twitter_creator":"@canal7_slp","twitter_site":"@canal7_slp","twitter_misc":{"Escrito por":"edicionweb","Tiempo de lectura":"2 minutos"},"schema":{"@context":"https:\/\/schema.org","@graph":[{"@type":"Article","@id":"https:\/\/canal7slp.tv\/2019\/sin-f1-mexico-es-capaz-de-albergar-grandes-eventos-de-automovilismo\/#article","isPartOf":{"@id":"https:\/\/canal7slp.tv\/2019\/sin-f1-mexico-es-capaz-de-albergar-grandes-eventos-de-automovilismo\/"},"author":{"name":"edicionweb","@id":"https:\/\/canal7slp.tv\/2019\/#\/schema\/person\/11d941c1c6ca30ac0a46b95fa37aa2e3"},"headline":"Sin F1, M\u00e9xico es capaz de albergar grandes eventos de automovilismo","datePublished":"2019-06-07T18:02:22+00:00","mainEntityOfPage":{"@id":"https:\/\/canal7slp.tv\/2019\/sin-f1-mexico-es-capaz-de-albergar-grandes-eventos-de-automovilismo\/"},"wordCount":473,"commentCount":0,"publisher":{"@id":"https:\/\/canal7slp.tv\/2019\/#organization"},"image":{"@id":"https:\/\/canal7slp.tv\/2019\/sin-f1-mexico-es-capaz-de-albergar-grandes-eventos-de-automovilismo\/#primaryimage"},"thumbnailUrl":"https:\/\/canal7slp.tv\/2019\/wp-content\/uploads\/2019\/06\/03-6.jpg","articleSection":["DEPORTES"],"inLanguage":"es","potentialAction":[{"@type":"CommentAction","name":"Comment","target":["https:\/\/canal7slp.tv\/2019\/sin-f1-mexico-es-capaz-de-albergar-grandes-eventos-de-automovilismo\/#respond"]}]},{"@type":"WebPage","@id":"https:\/\/canal7slp.tv\/2019\/sin-f1-mexico-es-capaz-de-albergar-grandes-eventos-de-automovilismo\/","url":"https:\/\/canal7slp.tv\/2019\/sin-f1-mexico-es-capaz-de-albergar-grandes-eventos-de-automovilismo\/","name":"Sin F1, M\u00e9xico es capaz de albergar grandes eventos de automovilismo - Canal 7 SLP - 2019","isPartOf":{"@id":"https:\/\/canal7slp.tv\/2019\/#website"},"primaryImageOfPage":{"@id":"https:\/\/canal7slp.tv\/2019\/sin-f1-mexico-es-capaz-de-albergar-grandes-eventos-de-automovilismo\/#primaryimage"},"image":{"@id":"https:\/\/canal7slp.tv\/2019\/sin-f1-mexico-es-capaz-de-albergar-grandes-eventos-de-automovilismo\/#primaryimage"},"thumbnailUrl":"https:\/\/canal7slp.tv\/2019\/wp-content\/uploads\/2019\/06\/03-6.jpg","datePublished":"2019-06-07T18:02:22+00:00","breadcrumb":{"@id":"https:\/\/canal7slp.tv\/2019\/sin-f1-mexico-es-capaz-de-albergar-grandes-eventos-de-automovilismo\/#breadcrumb"},"inLanguage":"es","potentialAction":[{"@type":"ReadAction","target":["https:\/\/canal7slp.tv\/2019\/sin-f1-mexico-es-capaz-de-albergar-grandes-eventos-de-automovilismo\/"]}]},{"@type":"ImageObject","inLanguage":"es","@id":"https:\/\/canal7slp.tv\/2019\/sin-f1-mexico-es-capaz-de-albergar-grandes-eventos-de-automovilismo\/#primaryimage","url":"https:\/\/canal7slp.tv\/2019\/wp-content\/uploads\/2019\/06\/03-6.jpg","contentUrl":"https:\/\/canal7slp.tv\/2019\/wp-content\/uploads\/2019\/06\/03-6.jpg","width":800,"height":469},{"@type":"BreadcrumbList","@id":"https:\/\/canal7slp.tv\/2019\/sin-f1-mexico-es-capaz-de-albergar-grandes-eventos-de-automovilismo\/#breadcrumb","itemListElement":[{"@type":"ListItem","position":1,"name":"Home","item":"https:\/\/canal7slp.tv\/2019\/"},{"@type":"ListItem","position":2,"name":"Sin F1, M\u00e9xico es capaz de albergar grandes eventos de automovilismo"}]},{"@type":"WebSite","@id":"https:\/\/canal7slp.tv\/2019\/#website","url":"https:\/\/canal7slp.tv\/2019\/","name":"Canal 7 SLP - Somos TV","description":"Somos un Canal de 10","publisher":{"@id":"https:\/\/canal7slp.tv\/2019\/#organization"},"potentialAction":[{"@type":"SearchAction","target":{"@type":"EntryPoint","urlTemplate":"https:\/\/canal7slp.tv\/2019\/?s={search_term_string}"},"query-input":{"@type":"PropertyValueSpecification","valueRequired":true,"valueName":"search_term_string"}}],"inLanguage":"es"},{"@type":"Organization","@id":"https:\/\/canal7slp.tv\/2019\/#organization","name":"Comunicaci\u00f3n 2000 S.A. de C.V.","url":"https:\/\/canal7slp.tv\/2019\/","logo":{"@type":"ImageObject","inLanguage":"es","@id":"https:\/\/canal7slp.tv\/2019\/#\/schema\/logo\/image\/","url":"https:\/\/canal7slp.tv\/2019\/wp-content\/uploads\/2019\/07\/logo-c7.png","contentUrl":"https:\/\/canal7slp.tv\/2019\/wp-content\/uploads\/2019\/07\/logo-c7.png","width":220,"height":60,"caption":"Comunicaci\u00f3n 2000 S.A. de C.V."},"image":{"@id":"https:\/\/canal7slp.tv\/2019\/#\/schema\/logo\/image\/"},"sameAs":["https:\/\/www.facebook.com\/CANAL7SLP\/","https:\/\/x.com\/canal7_slp","https:\/\/www.instagram.com\/canal7_slp","https:\/\/www.youtube.com\/user\/NOTICIEROSCANAL7SLP\/"]},{"@type":"Person","@id":"https:\/\/canal7slp.tv\/2019\/#\/schema\/person\/11d941c1c6ca30ac0a46b95fa37aa2e3","name":"edicionweb","image":{"@type":"ImageObject","inLanguage":"es","@id":"https:\/\/secure.gravatar.com\/avatar\/eee448fc3f7164808013b816ba91ac7e43bbe82a70bebac296f8bc6f0addaa1a?s=96&d=mm&r=g","url":"https:\/\/secure.gravatar.com\/avatar\/eee448fc3f7164808013b816ba91ac7e43bbe82a70bebac296f8bc6f0addaa1a?s=96&d=mm&r=g","contentUrl":"https:\/\/secure.gravatar.com\/avatar\/eee448fc3f7164808013b816ba91ac7e43bbe82a70bebac296f8bc6f0addaa1a?s=96&d=mm&r=g","caption":"edicionweb"}}]}},"amp_enabled":true,"cmb2":{"video_ids_in_playlist":{"vid_p_videos":""},"video_ids_in_channel":{"vid_c_videos":""},"playlist_ids_in_channel":{"vid_c_playlists":""},"series_ids_in_channel":{"vid_c_series":""},"channel_images":{"vid_c_logo":"","vid_c_banner":""},"poster_feature_image":{"vid_m_poster_image":""},"gif_feature_image":{"vid_m_gif_image":""},"video_movie_settings":{"vid_m_director":"","vid_m_actor":"","vid_m_imdb_ratings":"","vid_m_amazon_associates":""},"vid_youtube_broadcasts_settings":{"vid_yb_broadcast_title":"","vid_yb_q":"","vid_yb_channelid":"","vid_yb_videocategoryid":"","vid_yb_maxresults":"","vid_yb_order":"","vid_yb_regioncode":"","vid_yb_videosyndicated":"","vid_yb_style":"","vid_yb_reload_first":""},"video_series_settings":{"vid_m_director":"","vid_m_actor":"","vid_m_imdb_ratings":"","video_series_group":""},"amazon_associates_settings":{"amazon_associates":"","amazon_native_ad":""},"vid_youtube_automatic_settings":{"vid_ya_youtube_source":"","vid_ya_update_every":"","vid_ya_update_unit":"","vid_ya_categories":"","vid_ya_published_after":"","vid_ya_published_before":"","vid_ya_playlists":"","vid_ya_channels":"","vid_ya_director":"","vid_ya_actor":"","vid_ya_author":"","vid_ya_import_post_date":"","vid_ya_status":"","vid_ya_sub_api_key":""},"vid_ads_m_videoads_settings_post":{"vid_ads_m_video_ads":"","vid_ads_m_video_ads_type":"","vid_ads_m_group_google_ima":"","vid_ads_m_group_image":"","vid_ads_m_group_html5_video":"","vid_ads_m_group_html":"","vid_ads_m_vast_preroll":"","vid_ads_m_vast_postroll":"","vid_ads_m_vast_pauseroll":"","vid_ads_m_vast_midroll":[{"vid_ads_m_vast_timer_seconds":"50"}],"vid_ads_m_time_to_show_ads":"","vid_ads_m_time_skip_ads":"","vid_ads_m_time_to_hide_ads":""},"page_slider_settings":{"display_slider_group":"","page_slider_group":""},"blog_page_settings":{"blog_page_title":"","blog_page_heading":"","blog_page_ic":"","blog_page_it":"","blog_page_ec":"","blog_page_ip":"","archive_loop_style":"","blog_image_ratio":"","blog_show_categories":"","blog_show_excerpt":"","blog_show_author":"","blog_show_date":"","blog_show_comment_count":"","blog_show_view_count":"","blog_show_like_count":"","blog_show_dislike_count":"","blog_items_per_page":"","blog_pag_type":""},"page_options":{"get_page_template":"","color_mode":"","main_layout":"","main_layout_full_with":"","main_logo":"","main_logo_retina":"","main_logo_mobile":"","main_logo_mobile_retina":"","sticky_logo":"","sticky_logo_retina":"","main_nav_layout":"","ajax_search":"","header_background":"","theme_sidebar":"","instagram_feed":"","instagram_feed_position":"","popular_videos":"","popular_videos_title_1":"","popular_videos_title_2":"","popular_videos_ic":"","popular_videos_it":"","theme_background":"","page_custom_css":""},"feature_image_settings":{"feature_image_position":""},"video_player_settings":{"single_video_style":"","video_player_position":"","vm_video_url":"","video_player_library":"","video_streaming":"","vm_media_sources":"","vid_auto_play":"","vm_video_shortcode":"","vid_p_sync_playlist":"","vid_c_sync_channel":"","get_post_format":"","multiple_links_structure":"default","multi_links_title":"","vm_video_multi_links":"","vm_duration":"","vid_social_locker":"off","vid_social_locker_id":"","vid_membership_action":"content-video","vm_video_trailer_url":"","vid_download_type":"free","vid_download_target":"download","vid_woo_product":"","vm_media_download":"","user_rating":"","user_rating_position":"","user_rating_mode":"","user_rating_multi_sets":""},"video_auto_fetch_settings":{"vm_video_fetch":"on"},"video_fake_views_likes":{"vm_fake_views":"","vm_fake_likes":"","vm_fake_dislikes":""},"gallery_settings":{"gallery_position":""},"quote_settings":{"quote_position":""},"post_options":{"main_layout":"","main_logo":"","main_logo_retina":"","main_logo_mobile":"","main_logo_mobile_retina":"","sticky_logo":"","sticky_logo_retina":"","main_nav_layout":"","header_background":"","theme_sidebar":"","single_post_comment_type":"","theme_background":""}},"_links":{"self":[{"href":"https:\/\/canal7slp.tv\/2019\/wp-json\/wp\/v2\/posts\/8722","targetHints":{"allow":["GET"]}}],"collection":[{"href":"https:\/\/canal7slp.tv\/2019\/wp-json\/wp\/v2\/posts"}],"about":[{"href":"https:\/\/canal7slp.tv\/2019\/wp-json\/wp\/v2\/types\/post"}],"author":[{"embeddable":true,"href":"https:\/\/canal7slp.tv\/2019\/wp-json\/wp\/v2\/users\/2"}],"replies":[{"embeddable":true,"href":"https:\/\/canal7slp.tv\/2019\/wp-json\/wp\/v2\/comments?post=8722"}],"version-history":[{"count":0,"href":"https:\/\/canal7slp.tv\/2019\/wp-json\/wp\/v2\/posts\/8722\/revisions"}],"wp:featuredmedia":[{"embeddable":true,"href":"https:\/\/canal7slp.tv\/2019\/wp-json\/wp\/v2\/media\/8724"}],"wp:attachment":[{"href":"https:\/\/canal7slp.tv\/2019\/wp-json\/wp\/v2\/media?parent=8722"}],"wp:term":[{"taxonomy":"category","embeddable":true,"href":"https:\/\/canal7slp.tv\/2019\/wp-json\/wp\/v2\/categories?post=8722"},{"taxonomy":"post_tag","embeddable":true,"href":"https:\/\/canal7slp.tv\/2019\/wp-json\/wp\/v2\/tags?post=8722"}],"curies":[{"name":"wp","href":"https:\/\/api.w.org\/{rel}","templated":true}]}}