{"id":8704,"date":"2019-06-07T11:56:48","date_gmt":"2019-06-07T16:56:48","guid":{"rendered":"https:\/\/canal7slp.tv\/2019\/?p=8704"},"modified":"2019-06-07T11:56:48","modified_gmt":"2019-06-07T16:56:48","slug":"etiopia-inicia-mediacion-entre-militares-y-oposicion-en-sudan","status":"publish","type":"post","link":"https:\/\/canal7slp.tv\/2019\/etiopia-inicia-mediacion-entre-militares-y-oposicion-en-sudan\/","title":{"rendered":"Etiopia inicia mediaci\u00f3n entre militares y oposici\u00f3n en Sud\u00e1n"},"content":{"rendered":"<p style=\"text-align: justify\">Jartum.- El primer ministro de Etiop\u00eda, Abiy Ahmed, lleg\u00f3 hoy a Sud\u00e1n para mediar en la crisis pol\u00edtica entre los militares que ejercen el poder y la oposici\u00f3n, en medio de un llamado de la ONU para el env\u00edo inmediato de expertos para investigar las violaciones a los derechos humanos en el pa\u00eds africano.<\/p>\n<p style=\"text-align: justify\">La prensa local inform\u00f3 que Ahmed aterriz\u00f3 en el aeropuerto de Jartum y fue recibido por el general Shamsald\u00edn Kabashi, l\u00edder del comit\u00e9 pol\u00edtico de la junta militar.<\/p>\n<p style=\"text-align: justify\">Se prev\u00e9 que este mismo viernes el primer ministro et\u00edope comience sus conversaciones con la junta militar que dirige el pa\u00eds y la oposici\u00f3n civil, luego que la violencia desatada el lunes provoc\u00f3 una ruptura del di\u00e1logo entre ambas partes.<\/p>\n<p style=\"text-align: justify\">La mediaci\u00f3n de Ahmed se da un d\u00eda despu\u00e9s que la Uni\u00f3n Africana anunci\u00f3 la suspensi\u00f3n de Sud\u00e1n de todas las actividades de esta organizaci\u00f3n, hasta que se establezca una autoridad de transici\u00f3n a cargo de civiles y se resuelva la crisis pol\u00edtica que vive el pa\u00eds.<\/p>\n<p style=\"text-align: justify\">Sud\u00e1n report\u00f3 nuevos enfrentamientos esta semana en los campamentos de manifestantes, asentados desde hace unos meses en la ciudad capital, Jartum, donde cifras preliminares reportan entre 61 y 100 personas fallecidas.<\/p>\n<p style=\"text-align: justify\">Ante estos disturbios, la Oficina del Alto Comisionado para los Derechos Humanos (ACNUDH) propuso el despliegue inmediato de un equipo de monitoreo de derechos humanos de la Organizaci\u00f3n de las Naciones Unidas (ONU) para examinar las denuncias de violaciones de derechos humanos cometidas desde el 3 de junio pasado.<\/p>\n<p style=\"text-align: justify\">\u201cEstamos buscando la cooperaci\u00f3n del Gobierno de Sud\u00e1n para poder desplegar una misi\u00f3n de este tipo, que buscar\u00e1 involucrarse con las autoridades relevantes de Sud\u00e1n, las organizaciones de la sociedad civil y otros, lo antes posible\u201d, indic\u00f3 este viernes el ACNUDH en un comunicado.<\/p>\n<p style=\"text-align: justify\">El organismo de la ONU solicit\u00f3 a las autoridades sudanesas aseguren una investigaci\u00f3n inmediata e independiente sobre el uso excesivo de la fuerza contra los campamentos donde se concentraban los manifestantes.<\/p>\n<p style=\"text-align: justify\">Esa investigaci\u00f3n abarcar\u00e1 la \u201cpresunta participaci\u00f3n de las Fuerzas de Apoyo R\u00e1pido, que incluye entre sus tropas a miembros de las antiguas milicias Janjaweed vinculadas a abusos sistem\u00e1ticos a los derechos humanos en la regi\u00f3n de Darfur entre 2003 y 2008 en particular\u201d, agreg\u00f3 el ACNUDH.<\/p>\n<p style=\"text-align: justify\">Llam\u00f3 a las partes a evitar \u201cmayor derramamiento de sangre\u201d y se\u00f1al\u00f3 la \u201cnecesidad de una transici\u00f3n r\u00e1pida a una administraci\u00f3n civil\u201d.<\/p>\n","protected":false},"excerpt":{"rendered":"<p>Jartum.- El primer ministro de Etiop\u00eda, Abiy Ahmed, lleg\u00f3 hoy a Sud\u00e1n para mediar en la crisis pol\u00edtica entre los militares que ejercen el poder y la oposici\u00f3n, en medio de un llamado de la ONU para el env\u00edo inmediato de expertos para investigar las violaciones a los derechos humanos en el pa\u00eds africano. La [&hellip;]<\/p>\n","protected":false},"author":2,"featured_media":8705,"comment_status":"open","ping_status":"closed","sticky":false,"template":"","format":"standard","meta":{"footnotes":""},"categories":[18],"tags":[],"class_list":["post-8704","post","type-post","status-publish","format-standard","has-post-thumbnail","hentry","category-internacional"],"yoast_head":"<!-- This site is optimized with the Yoast SEO plugin v27.5 - https:\/\/yoast.com\/product\/yoast-seo-wordpress\/ -->\n<title>Etiopia inicia mediaci\u00f3n entre militares y oposici\u00f3n en Sud\u00e1n - Canal 7 SLP - 2019<\/title>\n<meta name=\"robots\" content=\"index, follow, max-snippet:-1, max-image-preview:large, max-video-preview:-1\" \/>\n<link rel=\"canonical\" href=\"https:\/\/canal7slp.tv\/2019\/etiopia-inicia-mediacion-entre-militares-y-oposicion-en-sudan\/\" \/>\n<meta property=\"og:locale\" content=\"es_ES\" \/>\n<meta property=\"og:type\" content=\"article\" \/>\n<meta property=\"og:title\" content=\"Etiopia inicia mediaci\u00f3n entre militares y oposici\u00f3n en Sud\u00e1n - Canal 7 SLP - 2019\" \/>\n<meta property=\"og:description\" content=\"Jartum.- El primer ministro de Etiop\u00eda, Abiy Ahmed, lleg\u00f3 hoy a Sud\u00e1n para mediar en la crisis pol\u00edtica entre los militares que ejercen el poder y la oposici\u00f3n, en medio de un llamado de la ONU para el env\u00edo inmediato de expertos para investigar las violaciones a los derechos humanos en el pa\u00eds africano. La [&hellip;]\" \/>\n<meta property=\"og:url\" content=\"https:\/\/canal7slp.tv\/2019\/etiopia-inicia-mediacion-entre-militares-y-oposicion-en-sudan\/\" \/>\n<meta property=\"og:site_name\" content=\"Canal 7 SLP - 2019\" \/>\n<meta property=\"article:publisher\" content=\"https:\/\/www.facebook.com\/CANAL7SLP\/\" \/>\n<meta property=\"article:published_time\" content=\"2019-06-07T16:56:48+00:00\" \/>\n<meta property=\"og:image\" content=\"https:\/\/canal7slp.tv\/2019\/wp-content\/uploads\/2019\/06\/1240-6.jpg\" \/>\n\t<meta property=\"og:image:width\" content=\"900\" \/>\n\t<meta property=\"og:image:height\" content=\"600\" \/>\n\t<meta property=\"og:image:type\" content=\"image\/jpeg\" \/>\n<meta name=\"author\" content=\"edicionweb\" \/>\n<meta name=\"twitter:card\" content=\"summary_large_image\" \/>\n<meta name=\"twitter:creator\" content=\"@canal7_slp\" \/>\n<meta name=\"twitter:site\" content=\"@canal7_slp\" \/>\n<meta name=\"twitter:label1\" content=\"Escrito por\" \/>\n\t<meta name=\"twitter:data1\" content=\"edicionweb\" \/>\n\t<meta name=\"twitter:label2\" content=\"Tiempo de lectura\" \/>\n\t<meta name=\"twitter:data2\" content=\"2 minutos\" \/>\n<script type=\"application\/ld+json\" class=\"yoast-schema-graph\">{\"@context\":\"https:\\\/\\\/schema.org\",\"@graph\":[{\"@type\":\"Article\",\"@id\":\"https:\\\/\\\/canal7slp.tv\\\/2019\\\/etiopia-inicia-mediacion-entre-militares-y-oposicion-en-sudan\\\/#article\",\"isPartOf\":{\"@id\":\"https:\\\/\\\/canal7slp.tv\\\/2019\\\/etiopia-inicia-mediacion-entre-militares-y-oposicion-en-sudan\\\/\"},\"author\":{\"name\":\"edicionweb\",\"@id\":\"https:\\\/\\\/canal7slp.tv\\\/2019\\\/#\\\/schema\\\/person\\\/11d941c1c6ca30ac0a46b95fa37aa2e3\"},\"headline\":\"Etiopia inicia mediaci\u00f3n entre militares y oposici\u00f3n en Sud\u00e1n\",\"datePublished\":\"2019-06-07T16:56:48+00:00\",\"mainEntityOfPage\":{\"@id\":\"https:\\\/\\\/canal7slp.tv\\\/2019\\\/etiopia-inicia-mediacion-entre-militares-y-oposicion-en-sudan\\\/\"},\"wordCount\":439,\"commentCount\":0,\"publisher\":{\"@id\":\"https:\\\/\\\/canal7slp.tv\\\/2019\\\/#organization\"},\"image\":{\"@id\":\"https:\\\/\\\/canal7slp.tv\\\/2019\\\/etiopia-inicia-mediacion-entre-militares-y-oposicion-en-sudan\\\/#primaryimage\"},\"thumbnailUrl\":\"https:\\\/\\\/canal7slp.tv\\\/2019\\\/wp-content\\\/uploads\\\/2019\\\/06\\\/1240-6.jpg\",\"articleSection\":[\"INTERNACIONAL\"],\"inLanguage\":\"es\",\"potentialAction\":[{\"@type\":\"CommentAction\",\"name\":\"Comment\",\"target\":[\"https:\\\/\\\/canal7slp.tv\\\/2019\\\/etiopia-inicia-mediacion-entre-militares-y-oposicion-en-sudan\\\/#respond\"]}]},{\"@type\":\"WebPage\",\"@id\":\"https:\\\/\\\/canal7slp.tv\\\/2019\\\/etiopia-inicia-mediacion-entre-militares-y-oposicion-en-sudan\\\/\",\"url\":\"https:\\\/\\\/canal7slp.tv\\\/2019\\\/etiopia-inicia-mediacion-entre-militares-y-oposicion-en-sudan\\\/\",\"name\":\"Etiopia inicia mediaci\u00f3n entre militares y oposici\u00f3n en Sud\u00e1n - Canal 7 SLP - 2019\",\"isPartOf\":{\"@id\":\"https:\\\/\\\/canal7slp.tv\\\/2019\\\/#website\"},\"primaryImageOfPage\":{\"@id\":\"https:\\\/\\\/canal7slp.tv\\\/2019\\\/etiopia-inicia-mediacion-entre-militares-y-oposicion-en-sudan\\\/#primaryimage\"},\"image\":{\"@id\":\"https:\\\/\\\/canal7slp.tv\\\/2019\\\/etiopia-inicia-mediacion-entre-militares-y-oposicion-en-sudan\\\/#primaryimage\"},\"thumbnailUrl\":\"https:\\\/\\\/canal7slp.tv\\\/2019\\\/wp-content\\\/uploads\\\/2019\\\/06\\\/1240-6.jpg\",\"datePublished\":\"2019-06-07T16:56:48+00:00\",\"breadcrumb\":{\"@id\":\"https:\\\/\\\/canal7slp.tv\\\/2019\\\/etiopia-inicia-mediacion-entre-militares-y-oposicion-en-sudan\\\/#breadcrumb\"},\"inLanguage\":\"es\",\"potentialAction\":[{\"@type\":\"ReadAction\",\"target\":[\"https:\\\/\\\/canal7slp.tv\\\/2019\\\/etiopia-inicia-mediacion-entre-militares-y-oposicion-en-sudan\\\/\"]}]},{\"@type\":\"ImageObject\",\"inLanguage\":\"es\",\"@id\":\"https:\\\/\\\/canal7slp.tv\\\/2019\\\/etiopia-inicia-mediacion-entre-militares-y-oposicion-en-sudan\\\/#primaryimage\",\"url\":\"https:\\\/\\\/canal7slp.tv\\\/2019\\\/wp-content\\\/uploads\\\/2019\\\/06\\\/1240-6.jpg\",\"contentUrl\":\"https:\\\/\\\/canal7slp.tv\\\/2019\\\/wp-content\\\/uploads\\\/2019\\\/06\\\/1240-6.jpg\",\"width\":900,\"height\":600,\"caption\":\"07\\\/06\\\/2019 Abuiy Ahmed llega a Sud\u00e1n POLITICA AFRICA AFRICA INTERNACIONAL SUD\u00c1N ETIOP\u00cdA TWITTER\\\/@PMETHIOPIA\"},{\"@type\":\"BreadcrumbList\",\"@id\":\"https:\\\/\\\/canal7slp.tv\\\/2019\\\/etiopia-inicia-mediacion-entre-militares-y-oposicion-en-sudan\\\/#breadcrumb\",\"itemListElement\":[{\"@type\":\"ListItem\",\"position\":1,\"name\":\"Home\",\"item\":\"https:\\\/\\\/canal7slp.tv\\\/2019\\\/\"},{\"@type\":\"ListItem\",\"position\":2,\"name\":\"Etiopia inicia mediaci\u00f3n entre militares y oposici\u00f3n en Sud\u00e1n\"}]},{\"@type\":\"WebSite\",\"@id\":\"https:\\\/\\\/canal7slp.tv\\\/2019\\\/#website\",\"url\":\"https:\\\/\\\/canal7slp.tv\\\/2019\\\/\",\"name\":\"Canal 7 SLP - Somos TV\",\"description\":\"Somos un Canal de 10\",\"publisher\":{\"@id\":\"https:\\\/\\\/canal7slp.tv\\\/2019\\\/#organization\"},\"potentialAction\":[{\"@type\":\"SearchAction\",\"target\":{\"@type\":\"EntryPoint\",\"urlTemplate\":\"https:\\\/\\\/canal7slp.tv\\\/2019\\\/?s={search_term_string}\"},\"query-input\":{\"@type\":\"PropertyValueSpecification\",\"valueRequired\":true,\"valueName\":\"search_term_string\"}}],\"inLanguage\":\"es\"},{\"@type\":\"Organization\",\"@id\":\"https:\\\/\\\/canal7slp.tv\\\/2019\\\/#organization\",\"name\":\"Comunicaci\u00f3n 2000 S.A. de C.V.\",\"url\":\"https:\\\/\\\/canal7slp.tv\\\/2019\\\/\",\"logo\":{\"@type\":\"ImageObject\",\"inLanguage\":\"es\",\"@id\":\"https:\\\/\\\/canal7slp.tv\\\/2019\\\/#\\\/schema\\\/logo\\\/image\\\/\",\"url\":\"https:\\\/\\\/canal7slp.tv\\\/2019\\\/wp-content\\\/uploads\\\/2019\\\/07\\\/logo-c7.png\",\"contentUrl\":\"https:\\\/\\\/canal7slp.tv\\\/2019\\\/wp-content\\\/uploads\\\/2019\\\/07\\\/logo-c7.png\",\"width\":220,\"height\":60,\"caption\":\"Comunicaci\u00f3n 2000 S.A. de C.V.\"},\"image\":{\"@id\":\"https:\\\/\\\/canal7slp.tv\\\/2019\\\/#\\\/schema\\\/logo\\\/image\\\/\"},\"sameAs\":[\"https:\\\/\\\/www.facebook.com\\\/CANAL7SLP\\\/\",\"https:\\\/\\\/x.com\\\/canal7_slp\",\"https:\\\/\\\/www.instagram.com\\\/canal7_slp\",\"https:\\\/\\\/www.youtube.com\\\/user\\\/NOTICIEROSCANAL7SLP\\\/\"]},{\"@type\":\"Person\",\"@id\":\"https:\\\/\\\/canal7slp.tv\\\/2019\\\/#\\\/schema\\\/person\\\/11d941c1c6ca30ac0a46b95fa37aa2e3\",\"name\":\"edicionweb\",\"image\":{\"@type\":\"ImageObject\",\"inLanguage\":\"es\",\"@id\":\"https:\\\/\\\/secure.gravatar.com\\\/avatar\\\/eee448fc3f7164808013b816ba91ac7e43bbe82a70bebac296f8bc6f0addaa1a?s=96&d=mm&r=g\",\"url\":\"https:\\\/\\\/secure.gravatar.com\\\/avatar\\\/eee448fc3f7164808013b816ba91ac7e43bbe82a70bebac296f8bc6f0addaa1a?s=96&d=mm&r=g\",\"contentUrl\":\"https:\\\/\\\/secure.gravatar.com\\\/avatar\\\/eee448fc3f7164808013b816ba91ac7e43bbe82a70bebac296f8bc6f0addaa1a?s=96&d=mm&r=g\",\"caption\":\"edicionweb\"}}]}<\/script>\n<!-- \/ Yoast SEO plugin. -->","yoast_head_json":{"title":"Etiopia inicia mediaci\u00f3n entre militares y oposici\u00f3n en Sud\u00e1n - Canal 7 SLP - 2019","robots":{"index":"index","follow":"follow","max-snippet":"max-snippet:-1","max-image-preview":"max-image-preview:large","max-video-preview":"max-video-preview:-1"},"canonical":"https:\/\/canal7slp.tv\/2019\/etiopia-inicia-mediacion-entre-militares-y-oposicion-en-sudan\/","og_locale":"es_ES","og_type":"article","og_title":"Etiopia inicia mediaci\u00f3n entre militares y oposici\u00f3n en Sud\u00e1n - Canal 7 SLP - 2019","og_description":"Jartum.- El primer ministro de Etiop\u00eda, Abiy Ahmed, lleg\u00f3 hoy a Sud\u00e1n para mediar en la crisis pol\u00edtica entre los militares que ejercen el poder y la oposici\u00f3n, en medio de un llamado de la ONU para el env\u00edo inmediato de expertos para investigar las violaciones a los derechos humanos en el pa\u00eds africano. La [&hellip;]","og_url":"https:\/\/canal7slp.tv\/2019\/etiopia-inicia-mediacion-entre-militares-y-oposicion-en-sudan\/","og_site_name":"Canal 7 SLP - 2019","article_publisher":"https:\/\/www.facebook.com\/CANAL7SLP\/","article_published_time":"2019-06-07T16:56:48+00:00","og_image":[{"width":900,"height":600,"url":"https:\/\/canal7slp.tv\/2019\/wp-content\/uploads\/2019\/06\/1240-6.jpg","type":"image\/jpeg"}],"author":"edicionweb","twitter_card":"summary_large_image","twitter_creator":"@canal7_slp","twitter_site":"@canal7_slp","twitter_misc":{"Escrito por":"edicionweb","Tiempo de lectura":"2 minutos"},"schema":{"@context":"https:\/\/schema.org","@graph":[{"@type":"Article","@id":"https:\/\/canal7slp.tv\/2019\/etiopia-inicia-mediacion-entre-militares-y-oposicion-en-sudan\/#article","isPartOf":{"@id":"https:\/\/canal7slp.tv\/2019\/etiopia-inicia-mediacion-entre-militares-y-oposicion-en-sudan\/"},"author":{"name":"edicionweb","@id":"https:\/\/canal7slp.tv\/2019\/#\/schema\/person\/11d941c1c6ca30ac0a46b95fa37aa2e3"},"headline":"Etiopia inicia mediaci\u00f3n entre militares y oposici\u00f3n en Sud\u00e1n","datePublished":"2019-06-07T16:56:48+00:00","mainEntityOfPage":{"@id":"https:\/\/canal7slp.tv\/2019\/etiopia-inicia-mediacion-entre-militares-y-oposicion-en-sudan\/"},"wordCount":439,"commentCount":0,"publisher":{"@id":"https:\/\/canal7slp.tv\/2019\/#organization"},"image":{"@id":"https:\/\/canal7slp.tv\/2019\/etiopia-inicia-mediacion-entre-militares-y-oposicion-en-sudan\/#primaryimage"},"thumbnailUrl":"https:\/\/canal7slp.tv\/2019\/wp-content\/uploads\/2019\/06\/1240-6.jpg","articleSection":["INTERNACIONAL"],"inLanguage":"es","potentialAction":[{"@type":"CommentAction","name":"Comment","target":["https:\/\/canal7slp.tv\/2019\/etiopia-inicia-mediacion-entre-militares-y-oposicion-en-sudan\/#respond"]}]},{"@type":"WebPage","@id":"https:\/\/canal7slp.tv\/2019\/etiopia-inicia-mediacion-entre-militares-y-oposicion-en-sudan\/","url":"https:\/\/canal7slp.tv\/2019\/etiopia-inicia-mediacion-entre-militares-y-oposicion-en-sudan\/","name":"Etiopia inicia mediaci\u00f3n entre militares y oposici\u00f3n en Sud\u00e1n - Canal 7 SLP - 2019","isPartOf":{"@id":"https:\/\/canal7slp.tv\/2019\/#website"},"primaryImageOfPage":{"@id":"https:\/\/canal7slp.tv\/2019\/etiopia-inicia-mediacion-entre-militares-y-oposicion-en-sudan\/#primaryimage"},"image":{"@id":"https:\/\/canal7slp.tv\/2019\/etiopia-inicia-mediacion-entre-militares-y-oposicion-en-sudan\/#primaryimage"},"thumbnailUrl":"https:\/\/canal7slp.tv\/2019\/wp-content\/uploads\/2019\/06\/1240-6.jpg","datePublished":"2019-06-07T16:56:48+00:00","breadcrumb":{"@id":"https:\/\/canal7slp.tv\/2019\/etiopia-inicia-mediacion-entre-militares-y-oposicion-en-sudan\/#breadcrumb"},"inLanguage":"es","potentialAction":[{"@type":"ReadAction","target":["https:\/\/canal7slp.tv\/2019\/etiopia-inicia-mediacion-entre-militares-y-oposicion-en-sudan\/"]}]},{"@type":"ImageObject","inLanguage":"es","@id":"https:\/\/canal7slp.tv\/2019\/etiopia-inicia-mediacion-entre-militares-y-oposicion-en-sudan\/#primaryimage","url":"https:\/\/canal7slp.tv\/2019\/wp-content\/uploads\/2019\/06\/1240-6.jpg","contentUrl":"https:\/\/canal7slp.tv\/2019\/wp-content\/uploads\/2019\/06\/1240-6.jpg","width":900,"height":600,"caption":"07\/06\/2019 Abuiy Ahmed llega a Sud\u00e1n POLITICA AFRICA AFRICA INTERNACIONAL SUD\u00c1N ETIOP\u00cdA TWITTER\/@PMETHIOPIA"},{"@type":"BreadcrumbList","@id":"https:\/\/canal7slp.tv\/2019\/etiopia-inicia-mediacion-entre-militares-y-oposicion-en-sudan\/#breadcrumb","itemListElement":[{"@type":"ListItem","position":1,"name":"Home","item":"https:\/\/canal7slp.tv\/2019\/"},{"@type":"ListItem","position":2,"name":"Etiopia inicia mediaci\u00f3n entre militares y oposici\u00f3n en Sud\u00e1n"}]},{"@type":"WebSite","@id":"https:\/\/canal7slp.tv\/2019\/#website","url":"https:\/\/canal7slp.tv\/2019\/","name":"Canal 7 SLP - Somos TV","description":"Somos un Canal de 10","publisher":{"@id":"https:\/\/canal7slp.tv\/2019\/#organization"},"potentialAction":[{"@type":"SearchAction","target":{"@type":"EntryPoint","urlTemplate":"https:\/\/canal7slp.tv\/2019\/?s={search_term_string}"},"query-input":{"@type":"PropertyValueSpecification","valueRequired":true,"valueName":"search_term_string"}}],"inLanguage":"es"},{"@type":"Organization","@id":"https:\/\/canal7slp.tv\/2019\/#organization","name":"Comunicaci\u00f3n 2000 S.A. de C.V.","url":"https:\/\/canal7slp.tv\/2019\/","logo":{"@type":"ImageObject","inLanguage":"es","@id":"https:\/\/canal7slp.tv\/2019\/#\/schema\/logo\/image\/","url":"https:\/\/canal7slp.tv\/2019\/wp-content\/uploads\/2019\/07\/logo-c7.png","contentUrl":"https:\/\/canal7slp.tv\/2019\/wp-content\/uploads\/2019\/07\/logo-c7.png","width":220,"height":60,"caption":"Comunicaci\u00f3n 2000 S.A. de C.V."},"image":{"@id":"https:\/\/canal7slp.tv\/2019\/#\/schema\/logo\/image\/"},"sameAs":["https:\/\/www.facebook.com\/CANAL7SLP\/","https:\/\/x.com\/canal7_slp","https:\/\/www.instagram.com\/canal7_slp","https:\/\/www.youtube.com\/user\/NOTICIEROSCANAL7SLP\/"]},{"@type":"Person","@id":"https:\/\/canal7slp.tv\/2019\/#\/schema\/person\/11d941c1c6ca30ac0a46b95fa37aa2e3","name":"edicionweb","image":{"@type":"ImageObject","inLanguage":"es","@id":"https:\/\/secure.gravatar.com\/avatar\/eee448fc3f7164808013b816ba91ac7e43bbe82a70bebac296f8bc6f0addaa1a?s=96&d=mm&r=g","url":"https:\/\/secure.gravatar.com\/avatar\/eee448fc3f7164808013b816ba91ac7e43bbe82a70bebac296f8bc6f0addaa1a?s=96&d=mm&r=g","contentUrl":"https:\/\/secure.gravatar.com\/avatar\/eee448fc3f7164808013b816ba91ac7e43bbe82a70bebac296f8bc6f0addaa1a?s=96&d=mm&r=g","caption":"edicionweb"}}]}},"amp_enabled":true,"cmb2":{"video_ids_in_playlist":{"vid_p_videos":""},"video_ids_in_channel":{"vid_c_videos":""},"playlist_ids_in_channel":{"vid_c_playlists":""},"series_ids_in_channel":{"vid_c_series":""},"channel_images":{"vid_c_logo":"","vid_c_banner":""},"poster_feature_image":{"vid_m_poster_image":""},"gif_feature_image":{"vid_m_gif_image":""},"video_movie_settings":{"vid_m_director":"","vid_m_actor":"","vid_m_imdb_ratings":"","vid_m_amazon_associates":""},"vid_youtube_broadcasts_settings":{"vid_yb_broadcast_title":"","vid_yb_q":"","vid_yb_channelid":"","vid_yb_videocategoryid":"","vid_yb_maxresults":"","vid_yb_order":"","vid_yb_regioncode":"","vid_yb_videosyndicated":"","vid_yb_style":"","vid_yb_reload_first":""},"video_series_settings":{"vid_m_director":"","vid_m_actor":"","vid_m_imdb_ratings":"","video_series_group":""},"amazon_associates_settings":{"amazon_associates":"","amazon_native_ad":""},"vid_youtube_automatic_settings":{"vid_ya_youtube_source":"","vid_ya_update_every":"","vid_ya_update_unit":"","vid_ya_categories":"","vid_ya_published_after":"","vid_ya_published_before":"","vid_ya_playlists":"","vid_ya_channels":"","vid_ya_director":"","vid_ya_actor":"","vid_ya_author":"","vid_ya_import_post_date":"","vid_ya_status":"","vid_ya_sub_api_key":""},"vid_ads_m_videoads_settings_post":{"vid_ads_m_video_ads":"","vid_ads_m_video_ads_type":"","vid_ads_m_group_google_ima":"","vid_ads_m_group_image":"","vid_ads_m_group_html5_video":"","vid_ads_m_group_html":"","vid_ads_m_vast_preroll":"","vid_ads_m_vast_postroll":"","vid_ads_m_vast_pauseroll":"","vid_ads_m_vast_midroll":[{"vid_ads_m_vast_timer_seconds":"50"}],"vid_ads_m_time_to_show_ads":"","vid_ads_m_time_skip_ads":"","vid_ads_m_time_to_hide_ads":""},"page_slider_settings":{"display_slider_group":"","page_slider_group":""},"blog_page_settings":{"blog_page_title":"","blog_page_heading":"","blog_page_ic":"","blog_page_it":"","blog_page_ec":"","blog_page_ip":"","archive_loop_style":"","blog_image_ratio":"","blog_show_categories":"","blog_show_excerpt":"","blog_show_author":"","blog_show_date":"","blog_show_comment_count":"","blog_show_view_count":"","blog_show_like_count":"","blog_show_dislike_count":"","blog_items_per_page":"","blog_pag_type":""},"page_options":{"get_page_template":"","color_mode":"","main_layout":"","main_layout_full_with":"","main_logo":"","main_logo_retina":"","main_logo_mobile":"","main_logo_mobile_retina":"","sticky_logo":"","sticky_logo_retina":"","main_nav_layout":"","ajax_search":"","header_background":"","theme_sidebar":"","instagram_feed":"","instagram_feed_position":"","popular_videos":"","popular_videos_title_1":"","popular_videos_title_2":"","popular_videos_ic":"","popular_videos_it":"","theme_background":"","page_custom_css":""},"feature_image_settings":{"feature_image_position":""},"video_player_settings":{"single_video_style":"","video_player_position":"","vm_video_url":"","video_player_library":"","video_streaming":"","vm_media_sources":"","vid_auto_play":"","vm_video_shortcode":"","vid_p_sync_playlist":"","vid_c_sync_channel":"","get_post_format":"","multiple_links_structure":"default","multi_links_title":"","vm_video_multi_links":"","vm_duration":"","vid_social_locker":"off","vid_social_locker_id":"","vid_membership_action":"content-video","vm_video_trailer_url":"","vid_download_type":"free","vid_download_target":"download","vid_woo_product":"","vm_media_download":"","user_rating":"","user_rating_position":"","user_rating_mode":"","user_rating_multi_sets":""},"video_auto_fetch_settings":{"vm_video_fetch":"on"},"video_fake_views_likes":{"vm_fake_views":"","vm_fake_likes":"","vm_fake_dislikes":""},"gallery_settings":{"gallery_position":""},"quote_settings":{"quote_position":""},"post_options":{"main_layout":"","main_logo":"","main_logo_retina":"","main_logo_mobile":"","main_logo_mobile_retina":"","sticky_logo":"","sticky_logo_retina":"","main_nav_layout":"","header_background":"","theme_sidebar":"","single_post_comment_type":"","theme_background":""}},"_links":{"self":[{"href":"https:\/\/canal7slp.tv\/2019\/wp-json\/wp\/v2\/posts\/8704","targetHints":{"allow":["GET"]}}],"collection":[{"href":"https:\/\/canal7slp.tv\/2019\/wp-json\/wp\/v2\/posts"}],"about":[{"href":"https:\/\/canal7slp.tv\/2019\/wp-json\/wp\/v2\/types\/post"}],"author":[{"embeddable":true,"href":"https:\/\/canal7slp.tv\/2019\/wp-json\/wp\/v2\/users\/2"}],"replies":[{"embeddable":true,"href":"https:\/\/canal7slp.tv\/2019\/wp-json\/wp\/v2\/comments?post=8704"}],"version-history":[{"count":0,"href":"https:\/\/canal7slp.tv\/2019\/wp-json\/wp\/v2\/posts\/8704\/revisions"}],"wp:featuredmedia":[{"embeddable":true,"href":"https:\/\/canal7slp.tv\/2019\/wp-json\/wp\/v2\/media\/8705"}],"wp:attachment":[{"href":"https:\/\/canal7slp.tv\/2019\/wp-json\/wp\/v2\/media?parent=8704"}],"wp:term":[{"taxonomy":"category","embeddable":true,"href":"https:\/\/canal7slp.tv\/2019\/wp-json\/wp\/v2\/categories?post=8704"},{"taxonomy":"post_tag","embeddable":true,"href":"https:\/\/canal7slp.tv\/2019\/wp-json\/wp\/v2\/tags?post=8704"}],"curies":[{"name":"wp","href":"https:\/\/api.w.org\/{rel}","templated":true}]}}