{"id":86893,"date":"2019-12-07T12:06:12","date_gmt":"2019-12-07T18:06:12","guid":{"rendered":"https:\/\/canal7slp.tv\/2019\/?p=86893"},"modified":"2019-12-07T12:06:12","modified_gmt":"2019-12-07T18:06:12","slug":"rosario-robles-pasara-festividades-decembrinas-en-penal-de-santa-martha","status":"publish","type":"post","link":"https:\/\/canal7slp.tv\/2019\/rosario-robles-pasara-festividades-decembrinas-en-penal-de-santa-martha\/","title":{"rendered":"Rosario Robles pasar\u00e1 festividades decembrinas en penal de Santa Martha"},"content":{"rendered":"<ul>\n<li style=\"text-align: justify\">Ser\u00e1 hasta a finales de enero de 2020 cuando se realice la audiencia intermedia, pues los juzgados tomar\u00e1n su periodo vacacional<\/li>\n<\/ul>\n<p style=\"text-align: justify\">M\u00e9xico.- La ex secretaria de Desarrollo Social, Rosario Robles Berlanga, pasar\u00e1 Navidad y A\u00f1o Nuevo recluida en el penal femenil de Santa Martha Acatitla, pues ser\u00e1 hasta a finales de enero de 2020 cuando se realice la audiencia intermedia.<\/p>\n<p style=\"text-align: justify\">El abogado de la ex funcionaria, Julio Hern\u00e1ndez Barros, se\u00f1al\u00f3 que el plazo otorgado por el juez, Felipe de Jes\u00fas Delgadillo Padierna, a la Fiscal\u00eda General de la Rep\u00fablica (FGR) para concluir la investigaci\u00f3n complementaria vence el pr\u00f3ximo 13 de diciembre, pero &#8220;no creo que haya una audiencia este a\u00f1o&#8221;, debido a que los juzgados se van de vacaciones.<\/p>\n<p style=\"text-align: justify\">&#8220;No va haber audiencia el 13 (de diciembre) porque se van de vacaciones, la audiencia se va a celebrar, si bien nos va, a finales de enero&#8221;, dijo en entrevista.<\/p>\n<p style=\"text-align: justify\">&#8211; \u00bfEs decir que Rosario Robles pasar\u00e1 estas fiestas navide\u00f1as en prisi\u00f3n?<br \/>\n&#8211; S\u00ed, caray, parece que todo indica que as\u00ed va a ser.<\/p>\n<p style=\"text-align: justify\">&#8220;Injustamente, la medida cautelar de prisi\u00f3n preventiva es una excepci\u00f3n, as\u00ed lo ha dicho la Corte Interamericana, la Comisi\u00f3n Interamericana de Derechos Humanos y una serie de tratados que tiene celebrados M\u00e9xico&#8221;.<\/p>\n<p style=\"text-align: justify\">Sobre el juicio pol\u00edtico que la C\u00e1mara de Diputados inici\u00f3 contra Rosario Robles, Hern\u00e1ndez Barros afirm\u00f3 que se trata de &#8220;violencia de g\u00e9nero y violencia feminicida pol\u00edtica&#8221; la que est\u00e1 sufriendo su clienta, quien, dijo, en la c\u00e1rcel padece de presi\u00f3n arterial y ha bajado de peso.<\/p>\n<p style=\"text-align: justify\">&#8220;Discursos cargados tambi\u00e9n de odio machista hacia la mujer, de una violencia feminicida pol\u00edtica que est\u00e1 sufriendo Rosario Robles. Hay una terrible persecuci\u00f3n, una atroz persecuci\u00f3n pol\u00edtica en contra de ella&#8221;.<\/p>\n<p style=\"text-align: justify\">&#8220;Realmente creo yo que tiene que ver con cuestiones de g\u00e9nero, vi y le\u00ed con detenimiento la solicitud de juicio pol\u00edtico que recientemente se le hizo y lo que deja entender. Ah\u00ed es que se trata de un tema de g\u00e9nero porque las \u00fanicas pruebas que presentan son el libro de &#8216;La Estafa Maestra&#8217; y el reportaje de &#8216;La Estafa Maestra&#8217; &#8220;.<\/p>\n<p style=\"text-align: justify\">&#8220;En ese libro y en ese reportaje a ella se le menciona, pero no es la principal actora de ese reportaje y ese libro. Hay otras 30 personas que se mencionan ah\u00ed tanto del gobierno federal como de instituciones p\u00fablicas y para ninguna de ellas se solicit\u00f3 juicio pol\u00edtico&#8221;, sostuvo.<\/p>\n","protected":false},"excerpt":{"rendered":"<p>Ser\u00e1 hasta a finales de enero de 2020 cuando se realice la audiencia intermedia, pues los juzgados tomar\u00e1n su periodo vacacional M\u00e9xico.- La ex secretaria de Desarrollo Social, Rosario Robles Berlanga, pasar\u00e1 Navidad y A\u00f1o Nuevo recluida en el penal femenil de Santa Martha Acatitla, pues ser\u00e1 hasta a finales de enero de 2020 cuando [&hellip;]<\/p>\n","protected":false},"author":2,"featured_media":86894,"comment_status":"open","ping_status":"open","sticky":false,"template":"","format":"standard","meta":{"footnotes":""},"categories":[30],"tags":[],"class_list":["post-86893","post","type-post","status-publish","format-standard","has-post-thumbnail","hentry","category-nacional"],"yoast_head":"<!-- This site is optimized with the Yoast SEO plugin v27.5 - https:\/\/yoast.com\/product\/yoast-seo-wordpress\/ -->\n<title>Rosario Robles pasar\u00e1 festividades decembrinas en penal de Santa Martha - Canal 7 SLP - 2019<\/title>\n<meta name=\"robots\" content=\"index, follow, max-snippet:-1, max-image-preview:large, max-video-preview:-1\" \/>\n<link rel=\"canonical\" href=\"https:\/\/canal7slp.tv\/2019\/rosario-robles-pasara-festividades-decembrinas-en-penal-de-santa-martha\/\" \/>\n<meta property=\"og:locale\" content=\"es_ES\" \/>\n<meta property=\"og:type\" content=\"article\" \/>\n<meta property=\"og:title\" content=\"Rosario Robles pasar\u00e1 festividades decembrinas en penal de Santa Martha - Canal 7 SLP - 2019\" \/>\n<meta property=\"og:description\" content=\"Ser\u00e1 hasta a finales de enero de 2020 cuando se realice la audiencia intermedia, pues los juzgados tomar\u00e1n su periodo vacacional M\u00e9xico.- La ex secretaria de Desarrollo Social, Rosario Robles Berlanga, pasar\u00e1 Navidad y A\u00f1o Nuevo recluida en el penal femenil de Santa Martha Acatitla, pues ser\u00e1 hasta a finales de enero de 2020 cuando [&hellip;]\" \/>\n<meta property=\"og:url\" content=\"https:\/\/canal7slp.tv\/2019\/rosario-robles-pasara-festividades-decembrinas-en-penal-de-santa-martha\/\" \/>\n<meta property=\"og:site_name\" content=\"Canal 7 SLP - 2019\" \/>\n<meta property=\"article:publisher\" content=\"https:\/\/www.facebook.com\/CANAL7SLP\/\" \/>\n<meta property=\"article:published_time\" content=\"2019-12-07T18:06:12+00:00\" \/>\n<meta property=\"og:image\" content=\"https:\/\/canal7slp.tv\/2019\/wp-content\/uploads\/2019\/12\/1315.jpg\" \/>\n\t<meta property=\"og:image:width\" content=\"674\" \/>\n\t<meta property=\"og:image:height\" content=\"410\" \/>\n\t<meta property=\"og:image:type\" content=\"image\/jpeg\" \/>\n<meta name=\"author\" content=\"edicionweb\" \/>\n<meta name=\"twitter:card\" content=\"summary_large_image\" \/>\n<meta name=\"twitter:creator\" content=\"@canal7_slp\" \/>\n<meta name=\"twitter:site\" content=\"@canal7_slp\" \/>\n<meta name=\"twitter:label1\" content=\"Escrito por\" \/>\n\t<meta name=\"twitter:data1\" content=\"edicionweb\" \/>\n\t<meta name=\"twitter:label2\" content=\"Tiempo de lectura\" \/>\n\t<meta name=\"twitter:data2\" content=\"2 minutos\" \/>\n<script type=\"application\/ld+json\" class=\"yoast-schema-graph\">{\"@context\":\"https:\\\/\\\/schema.org\",\"@graph\":[{\"@type\":\"Article\",\"@id\":\"https:\\\/\\\/canal7slp.tv\\\/2019\\\/rosario-robles-pasara-festividades-decembrinas-en-penal-de-santa-martha\\\/#article\",\"isPartOf\":{\"@id\":\"https:\\\/\\\/canal7slp.tv\\\/2019\\\/rosario-robles-pasara-festividades-decembrinas-en-penal-de-santa-martha\\\/\"},\"author\":{\"name\":\"edicionweb\",\"@id\":\"https:\\\/\\\/canal7slp.tv\\\/2019\\\/#\\\/schema\\\/person\\\/11d941c1c6ca30ac0a46b95fa37aa2e3\"},\"headline\":\"Rosario Robles pasar\u00e1 festividades decembrinas en penal de Santa Martha\",\"datePublished\":\"2019-12-07T18:06:12+00:00\",\"mainEntityOfPage\":{\"@id\":\"https:\\\/\\\/canal7slp.tv\\\/2019\\\/rosario-robles-pasara-festividades-decembrinas-en-penal-de-santa-martha\\\/\"},\"wordCount\":434,\"commentCount\":0,\"publisher\":{\"@id\":\"https:\\\/\\\/canal7slp.tv\\\/2019\\\/#organization\"},\"image\":{\"@id\":\"https:\\\/\\\/canal7slp.tv\\\/2019\\\/rosario-robles-pasara-festividades-decembrinas-en-penal-de-santa-martha\\\/#primaryimage\"},\"thumbnailUrl\":\"https:\\\/\\\/canal7slp.tv\\\/2019\\\/wp-content\\\/uploads\\\/2019\\\/12\\\/1315.jpg\",\"articleSection\":[\"NACIONAL\"],\"inLanguage\":\"es\",\"potentialAction\":[{\"@type\":\"CommentAction\",\"name\":\"Comment\",\"target\":[\"https:\\\/\\\/canal7slp.tv\\\/2019\\\/rosario-robles-pasara-festividades-decembrinas-en-penal-de-santa-martha\\\/#respond\"]}]},{\"@type\":\"WebPage\",\"@id\":\"https:\\\/\\\/canal7slp.tv\\\/2019\\\/rosario-robles-pasara-festividades-decembrinas-en-penal-de-santa-martha\\\/\",\"url\":\"https:\\\/\\\/canal7slp.tv\\\/2019\\\/rosario-robles-pasara-festividades-decembrinas-en-penal-de-santa-martha\\\/\",\"name\":\"Rosario Robles pasar\u00e1 festividades decembrinas en penal de Santa Martha - Canal 7 SLP - 2019\",\"isPartOf\":{\"@id\":\"https:\\\/\\\/canal7slp.tv\\\/2019\\\/#website\"},\"primaryImageOfPage\":{\"@id\":\"https:\\\/\\\/canal7slp.tv\\\/2019\\\/rosario-robles-pasara-festividades-decembrinas-en-penal-de-santa-martha\\\/#primaryimage\"},\"image\":{\"@id\":\"https:\\\/\\\/canal7slp.tv\\\/2019\\\/rosario-robles-pasara-festividades-decembrinas-en-penal-de-santa-martha\\\/#primaryimage\"},\"thumbnailUrl\":\"https:\\\/\\\/canal7slp.tv\\\/2019\\\/wp-content\\\/uploads\\\/2019\\\/12\\\/1315.jpg\",\"datePublished\":\"2019-12-07T18:06:12+00:00\",\"breadcrumb\":{\"@id\":\"https:\\\/\\\/canal7slp.tv\\\/2019\\\/rosario-robles-pasara-festividades-decembrinas-en-penal-de-santa-martha\\\/#breadcrumb\"},\"inLanguage\":\"es\",\"potentialAction\":[{\"@type\":\"ReadAction\",\"target\":[\"https:\\\/\\\/canal7slp.tv\\\/2019\\\/rosario-robles-pasara-festividades-decembrinas-en-penal-de-santa-martha\\\/\"]}]},{\"@type\":\"ImageObject\",\"inLanguage\":\"es\",\"@id\":\"https:\\\/\\\/canal7slp.tv\\\/2019\\\/rosario-robles-pasara-festividades-decembrinas-en-penal-de-santa-martha\\\/#primaryimage\",\"url\":\"https:\\\/\\\/canal7slp.tv\\\/2019\\\/wp-content\\\/uploads\\\/2019\\\/12\\\/1315.jpg\",\"contentUrl\":\"https:\\\/\\\/canal7slp.tv\\\/2019\\\/wp-content\\\/uploads\\\/2019\\\/12\\\/1315.jpg\",\"width\":674,\"height\":410},{\"@type\":\"BreadcrumbList\",\"@id\":\"https:\\\/\\\/canal7slp.tv\\\/2019\\\/rosario-robles-pasara-festividades-decembrinas-en-penal-de-santa-martha\\\/#breadcrumb\",\"itemListElement\":[{\"@type\":\"ListItem\",\"position\":1,\"name\":\"Home\",\"item\":\"https:\\\/\\\/canal7slp.tv\\\/2019\\\/\"},{\"@type\":\"ListItem\",\"position\":2,\"name\":\"Rosario Robles pasar\u00e1 festividades decembrinas en penal de Santa Martha\"}]},{\"@type\":\"WebSite\",\"@id\":\"https:\\\/\\\/canal7slp.tv\\\/2019\\\/#website\",\"url\":\"https:\\\/\\\/canal7slp.tv\\\/2019\\\/\",\"name\":\"Canal 7 SLP - Somos TV\",\"description\":\"Somos un Canal de 10\",\"publisher\":{\"@id\":\"https:\\\/\\\/canal7slp.tv\\\/2019\\\/#organization\"},\"potentialAction\":[{\"@type\":\"SearchAction\",\"target\":{\"@type\":\"EntryPoint\",\"urlTemplate\":\"https:\\\/\\\/canal7slp.tv\\\/2019\\\/?s={search_term_string}\"},\"query-input\":{\"@type\":\"PropertyValueSpecification\",\"valueRequired\":true,\"valueName\":\"search_term_string\"}}],\"inLanguage\":\"es\"},{\"@type\":\"Organization\",\"@id\":\"https:\\\/\\\/canal7slp.tv\\\/2019\\\/#organization\",\"name\":\"Comunicaci\u00f3n 2000 S.A. de C.V.\",\"url\":\"https:\\\/\\\/canal7slp.tv\\\/2019\\\/\",\"logo\":{\"@type\":\"ImageObject\",\"inLanguage\":\"es\",\"@id\":\"https:\\\/\\\/canal7slp.tv\\\/2019\\\/#\\\/schema\\\/logo\\\/image\\\/\",\"url\":\"https:\\\/\\\/canal7slp.tv\\\/2019\\\/wp-content\\\/uploads\\\/2019\\\/07\\\/logo-c7.png\",\"contentUrl\":\"https:\\\/\\\/canal7slp.tv\\\/2019\\\/wp-content\\\/uploads\\\/2019\\\/07\\\/logo-c7.png\",\"width\":220,\"height\":60,\"caption\":\"Comunicaci\u00f3n 2000 S.A. de C.V.\"},\"image\":{\"@id\":\"https:\\\/\\\/canal7slp.tv\\\/2019\\\/#\\\/schema\\\/logo\\\/image\\\/\"},\"sameAs\":[\"https:\\\/\\\/www.facebook.com\\\/CANAL7SLP\\\/\",\"https:\\\/\\\/x.com\\\/canal7_slp\",\"https:\\\/\\\/www.instagram.com\\\/canal7_slp\",\"https:\\\/\\\/www.youtube.com\\\/user\\\/NOTICIEROSCANAL7SLP\\\/\"]},{\"@type\":\"Person\",\"@id\":\"https:\\\/\\\/canal7slp.tv\\\/2019\\\/#\\\/schema\\\/person\\\/11d941c1c6ca30ac0a46b95fa37aa2e3\",\"name\":\"edicionweb\",\"image\":{\"@type\":\"ImageObject\",\"inLanguage\":\"es\",\"@id\":\"https:\\\/\\\/secure.gravatar.com\\\/avatar\\\/eee448fc3f7164808013b816ba91ac7e43bbe82a70bebac296f8bc6f0addaa1a?s=96&d=mm&r=g\",\"url\":\"https:\\\/\\\/secure.gravatar.com\\\/avatar\\\/eee448fc3f7164808013b816ba91ac7e43bbe82a70bebac296f8bc6f0addaa1a?s=96&d=mm&r=g\",\"contentUrl\":\"https:\\\/\\\/secure.gravatar.com\\\/avatar\\\/eee448fc3f7164808013b816ba91ac7e43bbe82a70bebac296f8bc6f0addaa1a?s=96&d=mm&r=g\",\"caption\":\"edicionweb\"}}]}<\/script>\n<!-- \/ Yoast SEO plugin. -->","yoast_head_json":{"title":"Rosario Robles pasar\u00e1 festividades decembrinas en penal de Santa Martha - Canal 7 SLP - 2019","robots":{"index":"index","follow":"follow","max-snippet":"max-snippet:-1","max-image-preview":"max-image-preview:large","max-video-preview":"max-video-preview:-1"},"canonical":"https:\/\/canal7slp.tv\/2019\/rosario-robles-pasara-festividades-decembrinas-en-penal-de-santa-martha\/","og_locale":"es_ES","og_type":"article","og_title":"Rosario Robles pasar\u00e1 festividades decembrinas en penal de Santa Martha - Canal 7 SLP - 2019","og_description":"Ser\u00e1 hasta a finales de enero de 2020 cuando se realice la audiencia intermedia, pues los juzgados tomar\u00e1n su periodo vacacional M\u00e9xico.- La ex secretaria de Desarrollo Social, Rosario Robles Berlanga, pasar\u00e1 Navidad y A\u00f1o Nuevo recluida en el penal femenil de Santa Martha Acatitla, pues ser\u00e1 hasta a finales de enero de 2020 cuando [&hellip;]","og_url":"https:\/\/canal7slp.tv\/2019\/rosario-robles-pasara-festividades-decembrinas-en-penal-de-santa-martha\/","og_site_name":"Canal 7 SLP - 2019","article_publisher":"https:\/\/www.facebook.com\/CANAL7SLP\/","article_published_time":"2019-12-07T18:06:12+00:00","og_image":[{"width":674,"height":410,"url":"https:\/\/canal7slp.tv\/2019\/wp-content\/uploads\/2019\/12\/1315.jpg","type":"image\/jpeg"}],"author":"edicionweb","twitter_card":"summary_large_image","twitter_creator":"@canal7_slp","twitter_site":"@canal7_slp","twitter_misc":{"Escrito por":"edicionweb","Tiempo de lectura":"2 minutos"},"schema":{"@context":"https:\/\/schema.org","@graph":[{"@type":"Article","@id":"https:\/\/canal7slp.tv\/2019\/rosario-robles-pasara-festividades-decembrinas-en-penal-de-santa-martha\/#article","isPartOf":{"@id":"https:\/\/canal7slp.tv\/2019\/rosario-robles-pasara-festividades-decembrinas-en-penal-de-santa-martha\/"},"author":{"name":"edicionweb","@id":"https:\/\/canal7slp.tv\/2019\/#\/schema\/person\/11d941c1c6ca30ac0a46b95fa37aa2e3"},"headline":"Rosario Robles pasar\u00e1 festividades decembrinas en penal de Santa Martha","datePublished":"2019-12-07T18:06:12+00:00","mainEntityOfPage":{"@id":"https:\/\/canal7slp.tv\/2019\/rosario-robles-pasara-festividades-decembrinas-en-penal-de-santa-martha\/"},"wordCount":434,"commentCount":0,"publisher":{"@id":"https:\/\/canal7slp.tv\/2019\/#organization"},"image":{"@id":"https:\/\/canal7slp.tv\/2019\/rosario-robles-pasara-festividades-decembrinas-en-penal-de-santa-martha\/#primaryimage"},"thumbnailUrl":"https:\/\/canal7slp.tv\/2019\/wp-content\/uploads\/2019\/12\/1315.jpg","articleSection":["NACIONAL"],"inLanguage":"es","potentialAction":[{"@type":"CommentAction","name":"Comment","target":["https:\/\/canal7slp.tv\/2019\/rosario-robles-pasara-festividades-decembrinas-en-penal-de-santa-martha\/#respond"]}]},{"@type":"WebPage","@id":"https:\/\/canal7slp.tv\/2019\/rosario-robles-pasara-festividades-decembrinas-en-penal-de-santa-martha\/","url":"https:\/\/canal7slp.tv\/2019\/rosario-robles-pasara-festividades-decembrinas-en-penal-de-santa-martha\/","name":"Rosario Robles pasar\u00e1 festividades decembrinas en penal de Santa Martha - Canal 7 SLP - 2019","isPartOf":{"@id":"https:\/\/canal7slp.tv\/2019\/#website"},"primaryImageOfPage":{"@id":"https:\/\/canal7slp.tv\/2019\/rosario-robles-pasara-festividades-decembrinas-en-penal-de-santa-martha\/#primaryimage"},"image":{"@id":"https:\/\/canal7slp.tv\/2019\/rosario-robles-pasara-festividades-decembrinas-en-penal-de-santa-martha\/#primaryimage"},"thumbnailUrl":"https:\/\/canal7slp.tv\/2019\/wp-content\/uploads\/2019\/12\/1315.jpg","datePublished":"2019-12-07T18:06:12+00:00","breadcrumb":{"@id":"https:\/\/canal7slp.tv\/2019\/rosario-robles-pasara-festividades-decembrinas-en-penal-de-santa-martha\/#breadcrumb"},"inLanguage":"es","potentialAction":[{"@type":"ReadAction","target":["https:\/\/canal7slp.tv\/2019\/rosario-robles-pasara-festividades-decembrinas-en-penal-de-santa-martha\/"]}]},{"@type":"ImageObject","inLanguage":"es","@id":"https:\/\/canal7slp.tv\/2019\/rosario-robles-pasara-festividades-decembrinas-en-penal-de-santa-martha\/#primaryimage","url":"https:\/\/canal7slp.tv\/2019\/wp-content\/uploads\/2019\/12\/1315.jpg","contentUrl":"https:\/\/canal7slp.tv\/2019\/wp-content\/uploads\/2019\/12\/1315.jpg","width":674,"height":410},{"@type":"BreadcrumbList","@id":"https:\/\/canal7slp.tv\/2019\/rosario-robles-pasara-festividades-decembrinas-en-penal-de-santa-martha\/#breadcrumb","itemListElement":[{"@type":"ListItem","position":1,"name":"Home","item":"https:\/\/canal7slp.tv\/2019\/"},{"@type":"ListItem","position":2,"name":"Rosario Robles pasar\u00e1 festividades decembrinas en penal de Santa Martha"}]},{"@type":"WebSite","@id":"https:\/\/canal7slp.tv\/2019\/#website","url":"https:\/\/canal7slp.tv\/2019\/","name":"Canal 7 SLP - Somos TV","description":"Somos un Canal de 10","publisher":{"@id":"https:\/\/canal7slp.tv\/2019\/#organization"},"potentialAction":[{"@type":"SearchAction","target":{"@type":"EntryPoint","urlTemplate":"https:\/\/canal7slp.tv\/2019\/?s={search_term_string}"},"query-input":{"@type":"PropertyValueSpecification","valueRequired":true,"valueName":"search_term_string"}}],"inLanguage":"es"},{"@type":"Organization","@id":"https:\/\/canal7slp.tv\/2019\/#organization","name":"Comunicaci\u00f3n 2000 S.A. de C.V.","url":"https:\/\/canal7slp.tv\/2019\/","logo":{"@type":"ImageObject","inLanguage":"es","@id":"https:\/\/canal7slp.tv\/2019\/#\/schema\/logo\/image\/","url":"https:\/\/canal7slp.tv\/2019\/wp-content\/uploads\/2019\/07\/logo-c7.png","contentUrl":"https:\/\/canal7slp.tv\/2019\/wp-content\/uploads\/2019\/07\/logo-c7.png","width":220,"height":60,"caption":"Comunicaci\u00f3n 2000 S.A. de C.V."},"image":{"@id":"https:\/\/canal7slp.tv\/2019\/#\/schema\/logo\/image\/"},"sameAs":["https:\/\/www.facebook.com\/CANAL7SLP\/","https:\/\/x.com\/canal7_slp","https:\/\/www.instagram.com\/canal7_slp","https:\/\/www.youtube.com\/user\/NOTICIEROSCANAL7SLP\/"]},{"@type":"Person","@id":"https:\/\/canal7slp.tv\/2019\/#\/schema\/person\/11d941c1c6ca30ac0a46b95fa37aa2e3","name":"edicionweb","image":{"@type":"ImageObject","inLanguage":"es","@id":"https:\/\/secure.gravatar.com\/avatar\/eee448fc3f7164808013b816ba91ac7e43bbe82a70bebac296f8bc6f0addaa1a?s=96&d=mm&r=g","url":"https:\/\/secure.gravatar.com\/avatar\/eee448fc3f7164808013b816ba91ac7e43bbe82a70bebac296f8bc6f0addaa1a?s=96&d=mm&r=g","contentUrl":"https:\/\/secure.gravatar.com\/avatar\/eee448fc3f7164808013b816ba91ac7e43bbe82a70bebac296f8bc6f0addaa1a?s=96&d=mm&r=g","caption":"edicionweb"}}]}},"amp_enabled":true,"cmb2":{"video_ids_in_playlist":{"vid_p_videos":""},"video_ids_in_channel":{"vid_c_videos":""},"playlist_ids_in_channel":{"vid_c_playlists":""},"series_ids_in_channel":{"vid_c_series":""},"channel_images":{"vid_c_logo":"","vid_c_banner":""},"poster_feature_image":{"vid_m_poster_image":""},"gif_feature_image":{"vid_m_gif_image":""},"video_movie_settings":{"vid_m_director":"","vid_m_actor":"","vid_m_imdb_ratings":"","vid_m_amazon_associates":""},"vid_youtube_broadcasts_settings":{"vid_yb_broadcast_title":"","vid_yb_q":"","vid_yb_channelid":"","vid_yb_videocategoryid":"","vid_yb_maxresults":"","vid_yb_order":"","vid_yb_regioncode":"","vid_yb_videosyndicated":"","vid_yb_style":"","vid_yb_reload_first":""},"video_series_settings":{"vid_m_director":"","vid_m_actor":"","vid_m_imdb_ratings":"","video_series_group":""},"amazon_associates_settings":{"amazon_associates":"","amazon_native_ad":""},"vid_youtube_automatic_settings":{"vid_ya_youtube_source":"","vid_ya_update_every":"","vid_ya_update_unit":"","vid_ya_categories":"","vid_ya_published_after":"","vid_ya_published_before":"","vid_ya_playlists":"","vid_ya_channels":"","vid_ya_director":"","vid_ya_actor":"","vid_ya_author":"","vid_ya_import_post_date":"","vid_ya_status":"","vid_ya_sub_api_key":""},"vid_ads_m_videoads_settings_post":{"vid_ads_m_video_ads":"","vid_ads_m_video_ads_type":"","vid_ads_m_group_google_ima":"","vid_ads_m_group_image":"","vid_ads_m_group_html5_video":"","vid_ads_m_group_html":"","vid_ads_m_vast_preroll":"","vid_ads_m_vast_postroll":"","vid_ads_m_vast_pauseroll":"","vid_ads_m_vast_midroll":[{"vid_ads_m_vast_timer_seconds":"50"}],"vid_ads_m_time_to_show_ads":"","vid_ads_m_time_skip_ads":"","vid_ads_m_time_to_hide_ads":""},"page_slider_settings":{"display_slider_group":"","page_slider_group":""},"blog_page_settings":{"blog_page_title":"","blog_page_heading":"","blog_page_ic":"","blog_page_it":"","blog_page_ec":"","blog_page_ip":"","archive_loop_style":"","blog_image_ratio":"","blog_show_categories":"","blog_show_excerpt":"","blog_show_author":"","blog_show_date":"","blog_show_comment_count":"","blog_show_view_count":"","blog_show_like_count":"","blog_show_dislike_count":"","blog_items_per_page":"","blog_pag_type":""},"page_options":{"get_page_template":"","color_mode":"","main_layout":"","main_layout_full_with":"","main_logo":"","main_logo_retina":"","main_logo_mobile":"","main_logo_mobile_retina":"","sticky_logo":"","sticky_logo_retina":"","main_nav_layout":"","ajax_search":"","header_background":"","theme_sidebar":"","instagram_feed":"","instagram_feed_position":"","popular_videos":"","popular_videos_title_1":"","popular_videos_title_2":"","popular_videos_ic":"","popular_videos_it":"","theme_background":"","page_custom_css":""},"feature_image_settings":{"feature_image_position":""},"video_player_settings":{"single_video_style":"","video_player_position":"","vm_video_url":"","video_player_library":"","video_streaming":"","vm_media_sources":"","vid_auto_play":"","vm_video_shortcode":"","vid_p_sync_playlist":"","vid_c_sync_channel":"","get_post_format":"","multiple_links_structure":"default","multi_links_title":"","vm_video_multi_links":"","vm_duration":"","vid_social_locker":"off","vid_social_locker_id":"","vid_membership_action":"content-video","vm_video_trailer_url":"","vid_download_type":"free","vid_download_target":"download","vid_woo_product":"","vm_media_download":"","user_rating":"","user_rating_position":"","user_rating_mode":"","user_rating_multi_sets":""},"video_auto_fetch_settings":{"vm_video_fetch":"on"},"video_fake_views_likes":{"vm_fake_views":"","vm_fake_likes":"","vm_fake_dislikes":""},"gallery_settings":{"gallery_position":""},"quote_settings":{"quote_position":""},"post_options":{"main_layout":"","main_logo":"","main_logo_retina":"","main_logo_mobile":"","main_logo_mobile_retina":"","sticky_logo":"","sticky_logo_retina":"","main_nav_layout":"","header_background":"","theme_sidebar":"","single_post_comment_type":"","theme_background":""}},"_links":{"self":[{"href":"https:\/\/canal7slp.tv\/2019\/wp-json\/wp\/v2\/posts\/86893","targetHints":{"allow":["GET"]}}],"collection":[{"href":"https:\/\/canal7slp.tv\/2019\/wp-json\/wp\/v2\/posts"}],"about":[{"href":"https:\/\/canal7slp.tv\/2019\/wp-json\/wp\/v2\/types\/post"}],"author":[{"embeddable":true,"href":"https:\/\/canal7slp.tv\/2019\/wp-json\/wp\/v2\/users\/2"}],"replies":[{"embeddable":true,"href":"https:\/\/canal7slp.tv\/2019\/wp-json\/wp\/v2\/comments?post=86893"}],"version-history":[{"count":0,"href":"https:\/\/canal7slp.tv\/2019\/wp-json\/wp\/v2\/posts\/86893\/revisions"}],"wp:featuredmedia":[{"embeddable":true,"href":"https:\/\/canal7slp.tv\/2019\/wp-json\/wp\/v2\/media\/86894"}],"wp:attachment":[{"href":"https:\/\/canal7slp.tv\/2019\/wp-json\/wp\/v2\/media?parent=86893"}],"wp:term":[{"taxonomy":"category","embeddable":true,"href":"https:\/\/canal7slp.tv\/2019\/wp-json\/wp\/v2\/categories?post=86893"},{"taxonomy":"post_tag","embeddable":true,"href":"https:\/\/canal7slp.tv\/2019\/wp-json\/wp\/v2\/tags?post=86893"}],"curies":[{"name":"wp","href":"https:\/\/api.w.org\/{rel}","templated":true}]}}