{"id":8668,"date":"2019-06-07T09:49:06","date_gmt":"2019-06-07T14:49:06","guid":{"rendered":"https:\/\/canal7slp.tv\/2019\/?p=8668"},"modified":"2019-06-07T09:49:06","modified_gmt":"2019-06-07T14:49:06","slug":"nadal-elimina-a-federer-y-estara-en-su-final-numero-12-en-roland-garros","status":"publish","type":"post","link":"https:\/\/canal7slp.tv\/2019\/nadal-elimina-a-federer-y-estara-en-su-final-numero-12-en-roland-garros\/","title":{"rendered":"Nadal elimina a Federer y estar\u00e1 en su final n\u00famero 12 en Roland Garros"},"content":{"rendered":"<p style=\"text-align: justify\">Par\u00eds.- El espa\u00f1ol Rafael Nadal lleg\u00f3 a su final n\u00famero 12 en el torneo de Roland Garros, tras vencer en tres sets al suizo Roger Federer, quien nada pudo hacer ante el poder\u00edo de su oponente en la arcilla parisina.<\/p>\n<p style=\"text-align: justify\">La cancha Philippe Chatrier vio un cap\u00edtulo m\u00e1s de esta hist\u00f3rica rivalidad, con el viento como protagonista contra ambos, el cual se decant\u00f3 nuevamente para el mallorqu\u00edn, quien se impuso por parciales de 6-3, 6-4 y 6-2 luego de dos horas y 25 minutos de acci\u00f3n.<\/p>\n<p style=\"text-align: justify\">En el partido n\u00famero 39 entre ambos, Nadal volvi\u00f3 a demostrar por qu\u00e9 es considerado uno de los mejores arcillistas de toda la historia, intratable desde el inicio del partido y respondi\u00f3 de la mejor manera cuando el suizo tuvo sus mejores momentos.<\/p>\n<p style=\"text-align: justify\">Fue el subl\u00edder de la clasificaci\u00f3n de la Asociaci\u00f3n de Tenistas Profesionales (ATP) quien supo adaptarse mejor a las condiciones adversas para jugar, debido al fuerte viento y al incontrolable movimiento de la pelota, hasta quedarse con el triunfo y el boleto a la final.<\/p>\n<p style=\"text-align: justify\">Las cosas comenzaron de la mejor manera para Nadal, quien rompi\u00f3 el servicio de su rival y lo aprovech\u00f3 para adelantarse 3-0, y aunque el oriundo de Basilea respondi\u00f3 con un \u201cbreak\u201d, el espa\u00f1ol le volvi\u00f3 a romper para el 4-2, que lo llev\u00f3 a tomar ventaja en el primer set en poco m\u00e1s de 50 minutos.<\/p>\n<p style=\"text-align: justify\">R\u00e1pidos rompimientos, uno de cada lado, se vivieron en un segundo set que inici\u00f3 igualado hasta el 4-4, pero \u201cSu Majestad\u201d desaprovech\u00f3 un 40-0 en el noveno \u201cgame\u201d para sufrir una rotura que lo ten\u00eda nuevamente en desventaja.<\/p>\n<p style=\"text-align: justify\">Instantes despu\u00e9s, un Nadal en modo \u201cbestia\u201d se adelant\u00f3 40-0 y sin ninguna contemplaci\u00f3n logr\u00f3 el punto necesario que le permiti\u00f3 ganar el segundo set, lo que desde ese momento parec\u00eda una misi\u00f3n complicada para Federer.<\/p>\n<p style=\"text-align: justify\">Lo cual se volvi\u00f3 pr\u00e1cticamente imposible, pues Nadal logr\u00f3 cinco puntos consecutivos en el tercer parcial para adelantarse 5-1, aunque Federer, con algunas jugadas espectaculares que provocaron ovaciones y no dej\u00f3 de luchar.<\/p>\n<p style=\"text-align: justify\">Pero Nadal no permitir\u00eda ning\u00fan tipo de reacci\u00f3n y en el octavo \u201cgame\u201d firm\u00f3 su pasaje para la duod\u00e9cima final de su carrera aqu\u00ed. Tuvo un primer \u201cmatch point\u201d que desaprovech\u00f3, pero el segundo no y ah\u00ed defini\u00f3 todo.<\/p>\n<p style=\"text-align: justify\">En busca del t\u00edtulo 12 de su carrera en el segundo Grand Slam de la temporada, Nadal espera oponente que saldr\u00e1 del duelo entre el serbio Novak Djokovic y el austriaco Dominic Thiem, primero y cuarto de la siembra, respectivamente.<\/p>\n<p style=\"text-align: justify\">El juego de este viernes fue el n\u00famero 39 en la historia entre Nadal y Federer, el espa\u00f1ol quien suma 24 triunfos, por 15 derrotas, y quien confirm\u00f3 su hegemon\u00eda en la arcilla y sobre el considerado mejor tenista de la historia.<\/p>\n","protected":false},"excerpt":{"rendered":"<p>Par\u00eds.- El espa\u00f1ol Rafael Nadal lleg\u00f3 a su final n\u00famero 12 en el torneo de Roland Garros, tras vencer en tres sets al suizo Roger Federer, quien nada pudo hacer ante el poder\u00edo de su oponente en la arcilla parisina. La cancha Philippe Chatrier vio un cap\u00edtulo m\u00e1s de esta hist\u00f3rica rivalidad, con el viento [&hellip;]<\/p>\n","protected":false},"author":2,"featured_media":8669,"comment_status":"open","ping_status":"closed","sticky":false,"template":"","format":"standard","meta":{"footnotes":""},"categories":[96],"tags":[],"class_list":["post-8668","post","type-post","status-publish","format-standard","has-post-thumbnail","hentry","category-deportes"],"yoast_head":"<!-- This site is optimized with the Yoast SEO plugin v27.4 - https:\/\/yoast.com\/product\/yoast-seo-wordpress\/ -->\n<title>Nadal elimina a Federer y estar\u00e1 en su final n\u00famero 12 en Roland Garros - Canal 7 SLP - 2019<\/title>\n<meta name=\"robots\" content=\"index, follow, max-snippet:-1, max-image-preview:large, max-video-preview:-1\" \/>\n<link rel=\"canonical\" href=\"https:\/\/canal7slp.tv\/2019\/nadal-elimina-a-federer-y-estara-en-su-final-numero-12-en-roland-garros\/\" \/>\n<meta property=\"og:locale\" content=\"es_ES\" \/>\n<meta property=\"og:type\" content=\"article\" \/>\n<meta property=\"og:title\" content=\"Nadal elimina a Federer y estar\u00e1 en su final n\u00famero 12 en Roland Garros - Canal 7 SLP - 2019\" \/>\n<meta property=\"og:description\" content=\"Par\u00eds.- El espa\u00f1ol Rafael Nadal lleg\u00f3 a su final n\u00famero 12 en el torneo de Roland Garros, tras vencer en tres sets al suizo Roger Federer, quien nada pudo hacer ante el poder\u00edo de su oponente en la arcilla parisina. La cancha Philippe Chatrier vio un cap\u00edtulo m\u00e1s de esta hist\u00f3rica rivalidad, con el viento [&hellip;]\" \/>\n<meta property=\"og:url\" content=\"https:\/\/canal7slp.tv\/2019\/nadal-elimina-a-federer-y-estara-en-su-final-numero-12-en-roland-garros\/\" \/>\n<meta property=\"og:site_name\" content=\"Canal 7 SLP - 2019\" \/>\n<meta property=\"article:publisher\" content=\"https:\/\/www.facebook.com\/CANAL7SLP\/\" \/>\n<meta property=\"article:published_time\" content=\"2019-06-07T14:49:06+00:00\" \/>\n<meta property=\"og:image\" content=\"https:\/\/canal7slp.tv\/2019\/wp-content\/uploads\/2019\/06\/1110-6.jpg\" \/>\n\t<meta property=\"og:image:width\" content=\"820\" \/>\n\t<meta property=\"og:image:height\" content=\"410\" \/>\n\t<meta property=\"og:image:type\" content=\"image\/jpeg\" \/>\n<meta name=\"author\" content=\"edicionweb\" \/>\n<meta name=\"twitter:card\" content=\"summary_large_image\" \/>\n<meta name=\"twitter:creator\" content=\"@canal7_slp\" \/>\n<meta name=\"twitter:site\" content=\"@canal7_slp\" \/>\n<meta name=\"twitter:label1\" content=\"Escrito por\" \/>\n\t<meta name=\"twitter:data1\" content=\"edicionweb\" \/>\n\t<meta name=\"twitter:label2\" content=\"Tiempo de lectura\" \/>\n\t<meta name=\"twitter:data2\" content=\"2 minutos\" \/>\n<script type=\"application\/ld+json\" class=\"yoast-schema-graph\">{\"@context\":\"https:\\\/\\\/schema.org\",\"@graph\":[{\"@type\":\"Article\",\"@id\":\"https:\\\/\\\/canal7slp.tv\\\/2019\\\/nadal-elimina-a-federer-y-estara-en-su-final-numero-12-en-roland-garros\\\/#article\",\"isPartOf\":{\"@id\":\"https:\\\/\\\/canal7slp.tv\\\/2019\\\/nadal-elimina-a-federer-y-estara-en-su-final-numero-12-en-roland-garros\\\/\"},\"author\":{\"name\":\"edicionweb\",\"@id\":\"https:\\\/\\\/canal7slp.tv\\\/2019\\\/#\\\/schema\\\/person\\\/11d941c1c6ca30ac0a46b95fa37aa2e3\"},\"headline\":\"Nadal elimina a Federer y estar\u00e1 en su final n\u00famero 12 en Roland Garros\",\"datePublished\":\"2019-06-07T14:49:06+00:00\",\"mainEntityOfPage\":{\"@id\":\"https:\\\/\\\/canal7slp.tv\\\/2019\\\/nadal-elimina-a-federer-y-estara-en-su-final-numero-12-en-roland-garros\\\/\"},\"wordCount\":496,\"commentCount\":0,\"publisher\":{\"@id\":\"https:\\\/\\\/canal7slp.tv\\\/2019\\\/#organization\"},\"image\":{\"@id\":\"https:\\\/\\\/canal7slp.tv\\\/2019\\\/nadal-elimina-a-federer-y-estara-en-su-final-numero-12-en-roland-garros\\\/#primaryimage\"},\"thumbnailUrl\":\"https:\\\/\\\/canal7slp.tv\\\/2019\\\/wp-content\\\/uploads\\\/2019\\\/06\\\/1110-6.jpg\",\"articleSection\":[\"DEPORTES\"],\"inLanguage\":\"es\",\"potentialAction\":[{\"@type\":\"CommentAction\",\"name\":\"Comment\",\"target\":[\"https:\\\/\\\/canal7slp.tv\\\/2019\\\/nadal-elimina-a-federer-y-estara-en-su-final-numero-12-en-roland-garros\\\/#respond\"]}]},{\"@type\":\"WebPage\",\"@id\":\"https:\\\/\\\/canal7slp.tv\\\/2019\\\/nadal-elimina-a-federer-y-estara-en-su-final-numero-12-en-roland-garros\\\/\",\"url\":\"https:\\\/\\\/canal7slp.tv\\\/2019\\\/nadal-elimina-a-federer-y-estara-en-su-final-numero-12-en-roland-garros\\\/\",\"name\":\"Nadal elimina a Federer y estar\u00e1 en su final n\u00famero 12 en Roland Garros - Canal 7 SLP - 2019\",\"isPartOf\":{\"@id\":\"https:\\\/\\\/canal7slp.tv\\\/2019\\\/#website\"},\"primaryImageOfPage\":{\"@id\":\"https:\\\/\\\/canal7slp.tv\\\/2019\\\/nadal-elimina-a-federer-y-estara-en-su-final-numero-12-en-roland-garros\\\/#primaryimage\"},\"image\":{\"@id\":\"https:\\\/\\\/canal7slp.tv\\\/2019\\\/nadal-elimina-a-federer-y-estara-en-su-final-numero-12-en-roland-garros\\\/#primaryimage\"},\"thumbnailUrl\":\"https:\\\/\\\/canal7slp.tv\\\/2019\\\/wp-content\\\/uploads\\\/2019\\\/06\\\/1110-6.jpg\",\"datePublished\":\"2019-06-07T14:49:06+00:00\",\"breadcrumb\":{\"@id\":\"https:\\\/\\\/canal7slp.tv\\\/2019\\\/nadal-elimina-a-federer-y-estara-en-su-final-numero-12-en-roland-garros\\\/#breadcrumb\"},\"inLanguage\":\"es\",\"potentialAction\":[{\"@type\":\"ReadAction\",\"target\":[\"https:\\\/\\\/canal7slp.tv\\\/2019\\\/nadal-elimina-a-federer-y-estara-en-su-final-numero-12-en-roland-garros\\\/\"]}]},{\"@type\":\"ImageObject\",\"inLanguage\":\"es\",\"@id\":\"https:\\\/\\\/canal7slp.tv\\\/2019\\\/nadal-elimina-a-federer-y-estara-en-su-final-numero-12-en-roland-garros\\\/#primaryimage\",\"url\":\"https:\\\/\\\/canal7slp.tv\\\/2019\\\/wp-content\\\/uploads\\\/2019\\\/06\\\/1110-6.jpg\",\"contentUrl\":\"https:\\\/\\\/canal7slp.tv\\\/2019\\\/wp-content\\\/uploads\\\/2019\\\/06\\\/1110-6.jpg\",\"width\":820,\"height\":410},{\"@type\":\"BreadcrumbList\",\"@id\":\"https:\\\/\\\/canal7slp.tv\\\/2019\\\/nadal-elimina-a-federer-y-estara-en-su-final-numero-12-en-roland-garros\\\/#breadcrumb\",\"itemListElement\":[{\"@type\":\"ListItem\",\"position\":1,\"name\":\"Home\",\"item\":\"https:\\\/\\\/canal7slp.tv\\\/2019\\\/\"},{\"@type\":\"ListItem\",\"position\":2,\"name\":\"Nadal elimina a Federer y estar\u00e1 en su final n\u00famero 12 en Roland Garros\"}]},{\"@type\":\"WebSite\",\"@id\":\"https:\\\/\\\/canal7slp.tv\\\/2019\\\/#website\",\"url\":\"https:\\\/\\\/canal7slp.tv\\\/2019\\\/\",\"name\":\"Canal 7 SLP - Somos TV\",\"description\":\"Somos un Canal de 10\",\"publisher\":{\"@id\":\"https:\\\/\\\/canal7slp.tv\\\/2019\\\/#organization\"},\"potentialAction\":[{\"@type\":\"SearchAction\",\"target\":{\"@type\":\"EntryPoint\",\"urlTemplate\":\"https:\\\/\\\/canal7slp.tv\\\/2019\\\/?s={search_term_string}\"},\"query-input\":{\"@type\":\"PropertyValueSpecification\",\"valueRequired\":true,\"valueName\":\"search_term_string\"}}],\"inLanguage\":\"es\"},{\"@type\":\"Organization\",\"@id\":\"https:\\\/\\\/canal7slp.tv\\\/2019\\\/#organization\",\"name\":\"Comunicaci\u00f3n 2000 S.A. de C.V.\",\"url\":\"https:\\\/\\\/canal7slp.tv\\\/2019\\\/\",\"logo\":{\"@type\":\"ImageObject\",\"inLanguage\":\"es\",\"@id\":\"https:\\\/\\\/canal7slp.tv\\\/2019\\\/#\\\/schema\\\/logo\\\/image\\\/\",\"url\":\"https:\\\/\\\/canal7slp.tv\\\/2019\\\/wp-content\\\/uploads\\\/2019\\\/07\\\/logo-c7.png\",\"contentUrl\":\"https:\\\/\\\/canal7slp.tv\\\/2019\\\/wp-content\\\/uploads\\\/2019\\\/07\\\/logo-c7.png\",\"width\":220,\"height\":60,\"caption\":\"Comunicaci\u00f3n 2000 S.A. de C.V.\"},\"image\":{\"@id\":\"https:\\\/\\\/canal7slp.tv\\\/2019\\\/#\\\/schema\\\/logo\\\/image\\\/\"},\"sameAs\":[\"https:\\\/\\\/www.facebook.com\\\/CANAL7SLP\\\/\",\"https:\\\/\\\/x.com\\\/canal7_slp\",\"https:\\\/\\\/www.instagram.com\\\/canal7_slp\",\"https:\\\/\\\/www.youtube.com\\\/user\\\/NOTICIEROSCANAL7SLP\\\/\"]},{\"@type\":\"Person\",\"@id\":\"https:\\\/\\\/canal7slp.tv\\\/2019\\\/#\\\/schema\\\/person\\\/11d941c1c6ca30ac0a46b95fa37aa2e3\",\"name\":\"edicionweb\",\"image\":{\"@type\":\"ImageObject\",\"inLanguage\":\"es\",\"@id\":\"https:\\\/\\\/secure.gravatar.com\\\/avatar\\\/eee448fc3f7164808013b816ba91ac7e43bbe82a70bebac296f8bc6f0addaa1a?s=96&d=mm&r=g\",\"url\":\"https:\\\/\\\/secure.gravatar.com\\\/avatar\\\/eee448fc3f7164808013b816ba91ac7e43bbe82a70bebac296f8bc6f0addaa1a?s=96&d=mm&r=g\",\"contentUrl\":\"https:\\\/\\\/secure.gravatar.com\\\/avatar\\\/eee448fc3f7164808013b816ba91ac7e43bbe82a70bebac296f8bc6f0addaa1a?s=96&d=mm&r=g\",\"caption\":\"edicionweb\"}}]}<\/script>\n<!-- \/ Yoast SEO plugin. -->","yoast_head_json":{"title":"Nadal elimina a Federer y estar\u00e1 en su final n\u00famero 12 en Roland Garros - Canal 7 SLP - 2019","robots":{"index":"index","follow":"follow","max-snippet":"max-snippet:-1","max-image-preview":"max-image-preview:large","max-video-preview":"max-video-preview:-1"},"canonical":"https:\/\/canal7slp.tv\/2019\/nadal-elimina-a-federer-y-estara-en-su-final-numero-12-en-roland-garros\/","og_locale":"es_ES","og_type":"article","og_title":"Nadal elimina a Federer y estar\u00e1 en su final n\u00famero 12 en Roland Garros - Canal 7 SLP - 2019","og_description":"Par\u00eds.- El espa\u00f1ol Rafael Nadal lleg\u00f3 a su final n\u00famero 12 en el torneo de Roland Garros, tras vencer en tres sets al suizo Roger Federer, quien nada pudo hacer ante el poder\u00edo de su oponente en la arcilla parisina. La cancha Philippe Chatrier vio un cap\u00edtulo m\u00e1s de esta hist\u00f3rica rivalidad, con el viento [&hellip;]","og_url":"https:\/\/canal7slp.tv\/2019\/nadal-elimina-a-federer-y-estara-en-su-final-numero-12-en-roland-garros\/","og_site_name":"Canal 7 SLP - 2019","article_publisher":"https:\/\/www.facebook.com\/CANAL7SLP\/","article_published_time":"2019-06-07T14:49:06+00:00","og_image":[{"width":820,"height":410,"url":"https:\/\/canal7slp.tv\/2019\/wp-content\/uploads\/2019\/06\/1110-6.jpg","type":"image\/jpeg"}],"author":"edicionweb","twitter_card":"summary_large_image","twitter_creator":"@canal7_slp","twitter_site":"@canal7_slp","twitter_misc":{"Escrito por":"edicionweb","Tiempo de lectura":"2 minutos"},"schema":{"@context":"https:\/\/schema.org","@graph":[{"@type":"Article","@id":"https:\/\/canal7slp.tv\/2019\/nadal-elimina-a-federer-y-estara-en-su-final-numero-12-en-roland-garros\/#article","isPartOf":{"@id":"https:\/\/canal7slp.tv\/2019\/nadal-elimina-a-federer-y-estara-en-su-final-numero-12-en-roland-garros\/"},"author":{"name":"edicionweb","@id":"https:\/\/canal7slp.tv\/2019\/#\/schema\/person\/11d941c1c6ca30ac0a46b95fa37aa2e3"},"headline":"Nadal elimina a Federer y estar\u00e1 en su final n\u00famero 12 en Roland Garros","datePublished":"2019-06-07T14:49:06+00:00","mainEntityOfPage":{"@id":"https:\/\/canal7slp.tv\/2019\/nadal-elimina-a-federer-y-estara-en-su-final-numero-12-en-roland-garros\/"},"wordCount":496,"commentCount":0,"publisher":{"@id":"https:\/\/canal7slp.tv\/2019\/#organization"},"image":{"@id":"https:\/\/canal7slp.tv\/2019\/nadal-elimina-a-federer-y-estara-en-su-final-numero-12-en-roland-garros\/#primaryimage"},"thumbnailUrl":"https:\/\/canal7slp.tv\/2019\/wp-content\/uploads\/2019\/06\/1110-6.jpg","articleSection":["DEPORTES"],"inLanguage":"es","potentialAction":[{"@type":"CommentAction","name":"Comment","target":["https:\/\/canal7slp.tv\/2019\/nadal-elimina-a-federer-y-estara-en-su-final-numero-12-en-roland-garros\/#respond"]}]},{"@type":"WebPage","@id":"https:\/\/canal7slp.tv\/2019\/nadal-elimina-a-federer-y-estara-en-su-final-numero-12-en-roland-garros\/","url":"https:\/\/canal7slp.tv\/2019\/nadal-elimina-a-federer-y-estara-en-su-final-numero-12-en-roland-garros\/","name":"Nadal elimina a Federer y estar\u00e1 en su final n\u00famero 12 en Roland Garros - Canal 7 SLP - 2019","isPartOf":{"@id":"https:\/\/canal7slp.tv\/2019\/#website"},"primaryImageOfPage":{"@id":"https:\/\/canal7slp.tv\/2019\/nadal-elimina-a-federer-y-estara-en-su-final-numero-12-en-roland-garros\/#primaryimage"},"image":{"@id":"https:\/\/canal7slp.tv\/2019\/nadal-elimina-a-federer-y-estara-en-su-final-numero-12-en-roland-garros\/#primaryimage"},"thumbnailUrl":"https:\/\/canal7slp.tv\/2019\/wp-content\/uploads\/2019\/06\/1110-6.jpg","datePublished":"2019-06-07T14:49:06+00:00","breadcrumb":{"@id":"https:\/\/canal7slp.tv\/2019\/nadal-elimina-a-federer-y-estara-en-su-final-numero-12-en-roland-garros\/#breadcrumb"},"inLanguage":"es","potentialAction":[{"@type":"ReadAction","target":["https:\/\/canal7slp.tv\/2019\/nadal-elimina-a-federer-y-estara-en-su-final-numero-12-en-roland-garros\/"]}]},{"@type":"ImageObject","inLanguage":"es","@id":"https:\/\/canal7slp.tv\/2019\/nadal-elimina-a-federer-y-estara-en-su-final-numero-12-en-roland-garros\/#primaryimage","url":"https:\/\/canal7slp.tv\/2019\/wp-content\/uploads\/2019\/06\/1110-6.jpg","contentUrl":"https:\/\/canal7slp.tv\/2019\/wp-content\/uploads\/2019\/06\/1110-6.jpg","width":820,"height":410},{"@type":"BreadcrumbList","@id":"https:\/\/canal7slp.tv\/2019\/nadal-elimina-a-federer-y-estara-en-su-final-numero-12-en-roland-garros\/#breadcrumb","itemListElement":[{"@type":"ListItem","position":1,"name":"Home","item":"https:\/\/canal7slp.tv\/2019\/"},{"@type":"ListItem","position":2,"name":"Nadal elimina a Federer y estar\u00e1 en su final n\u00famero 12 en Roland Garros"}]},{"@type":"WebSite","@id":"https:\/\/canal7slp.tv\/2019\/#website","url":"https:\/\/canal7slp.tv\/2019\/","name":"Canal 7 SLP - Somos TV","description":"Somos un Canal de 10","publisher":{"@id":"https:\/\/canal7slp.tv\/2019\/#organization"},"potentialAction":[{"@type":"SearchAction","target":{"@type":"EntryPoint","urlTemplate":"https:\/\/canal7slp.tv\/2019\/?s={search_term_string}"},"query-input":{"@type":"PropertyValueSpecification","valueRequired":true,"valueName":"search_term_string"}}],"inLanguage":"es"},{"@type":"Organization","@id":"https:\/\/canal7slp.tv\/2019\/#organization","name":"Comunicaci\u00f3n 2000 S.A. de C.V.","url":"https:\/\/canal7slp.tv\/2019\/","logo":{"@type":"ImageObject","inLanguage":"es","@id":"https:\/\/canal7slp.tv\/2019\/#\/schema\/logo\/image\/","url":"https:\/\/canal7slp.tv\/2019\/wp-content\/uploads\/2019\/07\/logo-c7.png","contentUrl":"https:\/\/canal7slp.tv\/2019\/wp-content\/uploads\/2019\/07\/logo-c7.png","width":220,"height":60,"caption":"Comunicaci\u00f3n 2000 S.A. de C.V."},"image":{"@id":"https:\/\/canal7slp.tv\/2019\/#\/schema\/logo\/image\/"},"sameAs":["https:\/\/www.facebook.com\/CANAL7SLP\/","https:\/\/x.com\/canal7_slp","https:\/\/www.instagram.com\/canal7_slp","https:\/\/www.youtube.com\/user\/NOTICIEROSCANAL7SLP\/"]},{"@type":"Person","@id":"https:\/\/canal7slp.tv\/2019\/#\/schema\/person\/11d941c1c6ca30ac0a46b95fa37aa2e3","name":"edicionweb","image":{"@type":"ImageObject","inLanguage":"es","@id":"https:\/\/secure.gravatar.com\/avatar\/eee448fc3f7164808013b816ba91ac7e43bbe82a70bebac296f8bc6f0addaa1a?s=96&d=mm&r=g","url":"https:\/\/secure.gravatar.com\/avatar\/eee448fc3f7164808013b816ba91ac7e43bbe82a70bebac296f8bc6f0addaa1a?s=96&d=mm&r=g","contentUrl":"https:\/\/secure.gravatar.com\/avatar\/eee448fc3f7164808013b816ba91ac7e43bbe82a70bebac296f8bc6f0addaa1a?s=96&d=mm&r=g","caption":"edicionweb"}}]}},"amp_enabled":true,"cmb2":{"video_ids_in_playlist":{"vid_p_videos":""},"video_ids_in_channel":{"vid_c_videos":""},"playlist_ids_in_channel":{"vid_c_playlists":""},"series_ids_in_channel":{"vid_c_series":""},"channel_images":{"vid_c_logo":"","vid_c_banner":""},"poster_feature_image":{"vid_m_poster_image":""},"gif_feature_image":{"vid_m_gif_image":""},"video_movie_settings":{"vid_m_director":"","vid_m_actor":"","vid_m_imdb_ratings":"","vid_m_amazon_associates":""},"vid_youtube_broadcasts_settings":{"vid_yb_broadcast_title":"","vid_yb_q":"","vid_yb_channelid":"","vid_yb_videocategoryid":"","vid_yb_maxresults":"","vid_yb_order":"","vid_yb_regioncode":"","vid_yb_videosyndicated":"","vid_yb_style":"","vid_yb_reload_first":""},"video_series_settings":{"vid_m_director":"","vid_m_actor":"","vid_m_imdb_ratings":"","video_series_group":""},"amazon_associates_settings":{"amazon_associates":"","amazon_native_ad":""},"vid_youtube_automatic_settings":{"vid_ya_youtube_source":"","vid_ya_update_every":"","vid_ya_update_unit":"","vid_ya_categories":"","vid_ya_published_after":"","vid_ya_published_before":"","vid_ya_playlists":"","vid_ya_channels":"","vid_ya_director":"","vid_ya_actor":"","vid_ya_author":"","vid_ya_import_post_date":"","vid_ya_status":"","vid_ya_sub_api_key":""},"vid_ads_m_videoads_settings_post":{"vid_ads_m_video_ads":"","vid_ads_m_video_ads_type":"","vid_ads_m_group_google_ima":"","vid_ads_m_group_image":"","vid_ads_m_group_html5_video":"","vid_ads_m_group_html":"","vid_ads_m_vast_preroll":"","vid_ads_m_vast_postroll":"","vid_ads_m_vast_pauseroll":"","vid_ads_m_vast_midroll":[{"vid_ads_m_vast_timer_seconds":"50"}],"vid_ads_m_time_to_show_ads":"","vid_ads_m_time_skip_ads":"","vid_ads_m_time_to_hide_ads":""},"page_slider_settings":{"display_slider_group":"","page_slider_group":""},"blog_page_settings":{"blog_page_title":"","blog_page_heading":"","blog_page_ic":"","blog_page_it":"","blog_page_ec":"","blog_page_ip":"","archive_loop_style":"","blog_image_ratio":"","blog_show_categories":"","blog_show_excerpt":"","blog_show_author":"","blog_show_date":"","blog_show_comment_count":"","blog_show_view_count":"","blog_show_like_count":"","blog_show_dislike_count":"","blog_items_per_page":"","blog_pag_type":""},"page_options":{"get_page_template":"","color_mode":"","main_layout":"","main_layout_full_with":"","main_logo":"","main_logo_retina":"","main_logo_mobile":"","main_logo_mobile_retina":"","sticky_logo":"","sticky_logo_retina":"","main_nav_layout":"","ajax_search":"","header_background":"","theme_sidebar":"","instagram_feed":"","instagram_feed_position":"","popular_videos":"","popular_videos_title_1":"","popular_videos_title_2":"","popular_videos_ic":"","popular_videos_it":"","theme_background":"","page_custom_css":""},"feature_image_settings":{"feature_image_position":""},"video_player_settings":{"single_video_style":"","video_player_position":"","vm_video_url":"","video_player_library":"","video_streaming":"","vm_media_sources":"","vid_auto_play":"","vm_video_shortcode":"","vid_p_sync_playlist":"","vid_c_sync_channel":"","get_post_format":"","multiple_links_structure":"default","multi_links_title":"","vm_video_multi_links":"","vm_duration":"","vid_social_locker":"off","vid_social_locker_id":"","vid_membership_action":"content-video","vm_video_trailer_url":"","vid_download_type":"free","vid_download_target":"download","vid_woo_product":"","vm_media_download":"","user_rating":"","user_rating_position":"","user_rating_mode":"","user_rating_multi_sets":""},"video_auto_fetch_settings":{"vm_video_fetch":"on"},"video_fake_views_likes":{"vm_fake_views":"","vm_fake_likes":"","vm_fake_dislikes":""},"gallery_settings":{"gallery_position":""},"quote_settings":{"quote_position":""},"post_options":{"main_layout":"","main_logo":"","main_logo_retina":"","main_logo_mobile":"","main_logo_mobile_retina":"","sticky_logo":"","sticky_logo_retina":"","main_nav_layout":"","header_background":"","theme_sidebar":"","single_post_comment_type":"","theme_background":""}},"_links":{"self":[{"href":"https:\/\/canal7slp.tv\/2019\/wp-json\/wp\/v2\/posts\/8668","targetHints":{"allow":["GET"]}}],"collection":[{"href":"https:\/\/canal7slp.tv\/2019\/wp-json\/wp\/v2\/posts"}],"about":[{"href":"https:\/\/canal7slp.tv\/2019\/wp-json\/wp\/v2\/types\/post"}],"author":[{"embeddable":true,"href":"https:\/\/canal7slp.tv\/2019\/wp-json\/wp\/v2\/users\/2"}],"replies":[{"embeddable":true,"href":"https:\/\/canal7slp.tv\/2019\/wp-json\/wp\/v2\/comments?post=8668"}],"version-history":[{"count":0,"href":"https:\/\/canal7slp.tv\/2019\/wp-json\/wp\/v2\/posts\/8668\/revisions"}],"wp:featuredmedia":[{"embeddable":true,"href":"https:\/\/canal7slp.tv\/2019\/wp-json\/wp\/v2\/media\/8669"}],"wp:attachment":[{"href":"https:\/\/canal7slp.tv\/2019\/wp-json\/wp\/v2\/media?parent=8668"}],"wp:term":[{"taxonomy":"category","embeddable":true,"href":"https:\/\/canal7slp.tv\/2019\/wp-json\/wp\/v2\/categories?post=8668"},{"taxonomy":"post_tag","embeddable":true,"href":"https:\/\/canal7slp.tv\/2019\/wp-json\/wp\/v2\/tags?post=8668"}],"curies":[{"name":"wp","href":"https:\/\/api.w.org\/{rel}","templated":true}]}}