{"id":86613,"date":"2019-12-06T08:54:56","date_gmt":"2019-12-06T14:54:56","guid":{"rendered":"https:\/\/canal7slp.tv\/2019\/?p=86613"},"modified":"2019-12-06T08:54:56","modified_gmt":"2019-12-06T14:54:56","slug":"huelga-masiva-en-francia-deja-87-manifestantes-arrestados","status":"publish","type":"post","link":"https:\/\/canal7slp.tv\/2019\/huelga-masiva-en-francia-deja-87-manifestantes-arrestados\/","title":{"rendered":"Huelga masiva en Francia deja 87 manifestantes arrestados"},"content":{"rendered":"<ul>\n<li style=\"text-align: justify\">Los parisinos se levantaron en huelga contra el plan del gobierno para reformar el sistema de jubilaci\u00f3n<\/li>\n<\/ul>\n<p style=\"text-align: justify\">Francia.- La polic\u00eda de Par\u00eds dispar\u00f3 gases lacrim\u00f3genos contra manifestantes el jueves a la vez que la Torre Eiffel cerr\u00f3, los trenes de alta velocidad de Francia pararon y decenas de miles de personas marcharon en todo el pa\u00eds durante una huelga contra el plan del gobierno para reformar el sistema de jubilaci\u00f3n.<\/p>\n<p style=\"text-align: justify\">Al menos 87 manifestantes fueron arrestados en la capital francesa por la noche, mientras las manifestaciones menguaban.<\/p>\n<p style=\"text-align: justify\">Los gremios lanzaron la huelga nacional por tiempo indefinido contra la reforma central del presidente Emmanuel Macron. Es el mayor desaf\u00edo que enfrenta el l\u00edder centrista desde hace un a\u00f1o, cuando surgi\u00f3 el movimiento de los chalecos amarillos en contra de la desigualdad econ\u00f3mica.<\/p>\n<p style=\"text-align: justify\">Los adversarios de la reforma temen que los cambios sobre c\u00f3mo y cu\u00e1ndo podr\u00e1n retirarse los trabajadores ponen en peligro el estilo de vida franc\u00e9s que se ha logrado con tanto esfuerzo. Macron estuvo calmado y decidido para llevarlo a cabo, de acuerdo con un alto funcionario presidencial.<\/p>\n<p style=\"text-align: justify\">Peque\u00f1os grupos de activistas enmascarados rompieron escaparates de tiendas, prendieron fuego a llantas y lanzaron art\u00edculos en llamas en el \u00e1rea de la marcha en Par\u00eds que aparte de eso fue pac\u00edfica. Los manifestantes tambi\u00e9n lanzaron petardos a polic\u00edas antimotines.<\/p>\n<p style=\"text-align: justify\">El Museo del Louvre advirti\u00f3 sobre las alteraciones causadas por las huelgas, y los trenes subterr\u00e1neos en todo Par\u00eds cerraron sus entradas. Muchos turistas, incluyendo el secretario de Energ\u00eda de Estados Unidos, cancelaron sus planes para viajar a una de las m\u00e1s grandes atracciones tur\u00edsticas del mundo.<\/p>\n<p style=\"text-align: justify\">Cuando llegaron a las estaciones de trenes hist\u00f3ricos, los turistas vieron que estaban vac\u00edas. Uno de m\u00e1s o menos nueve trenes TGV de alta velocidad fueron cancelados. En el Aeropuerto Orly de Par\u00eds hab\u00eda carteles que dec\u00edan cancelado, y las autoridades dijeron que el 20% de los vuelos estaba varado.<\/p>\n<p style=\"text-align: justify\">Algunos viajeros mostraron su apoyo a los trabajadores en huelga, pero otros se quejaron por verse inmersos en una lucha que les era ajena.<\/p>\n<p style=\"text-align: justify\">&#8220;Llegu\u00e9 al aeropuerto esta ma\u00f1ana y no ten\u00eda ni idea de la huelga. Estuve esperando dos horas en el aeropuerto a que llegara un tren, pero no lleg\u00f3, se\u00f1al\u00f3 Ian Crossen, un turista de Nueva York. &#8220;Me siento un poco frustrado. Y he gastado mucho dinero. Aparentemente, gast\u00e9 m\u00e1s dinero del necesario.<\/p>\n<p style=\"text-align: justify\">Vladimir Madeira, un chileno que hab\u00eda viajado a Par\u00eds de vacaciones, calific\u00f3 la huelga como una pesadilla. Desconoc\u00eda la existencia de la protesta hasta su arribo a la cuidad, y los problemas en el transporte frustraron su plan de viajar directamente a Z\u00farich el jueves.<\/p>\n","protected":false},"excerpt":{"rendered":"<p>Los parisinos se levantaron en huelga contra el plan del gobierno para reformar el sistema de jubilaci\u00f3n Francia.- La polic\u00eda de Par\u00eds dispar\u00f3 gases lacrim\u00f3genos contra manifestantes el jueves a la vez que la Torre Eiffel cerr\u00f3, los trenes de alta velocidad de Francia pararon y decenas de miles de personas marcharon en todo el [&hellip;]<\/p>\n","protected":false},"author":2,"featured_media":86614,"comment_status":"open","ping_status":"open","sticky":false,"template":"","format":"standard","meta":{"footnotes":""},"categories":[18],"tags":[],"class_list":["post-86613","post","type-post","status-publish","format-standard","has-post-thumbnail","hentry","category-internacional"],"yoast_head":"<!-- This site is optimized with the Yoast SEO plugin v27.4 - https:\/\/yoast.com\/product\/yoast-seo-wordpress\/ -->\n<title>Huelga masiva en Francia deja 87 manifestantes arrestados - Canal 7 SLP - 2019<\/title>\n<meta name=\"robots\" content=\"index, follow, max-snippet:-1, max-image-preview:large, max-video-preview:-1\" \/>\n<link rel=\"canonical\" href=\"https:\/\/canal7slp.tv\/2019\/huelga-masiva-en-francia-deja-87-manifestantes-arrestados\/\" \/>\n<meta property=\"og:locale\" content=\"es_ES\" \/>\n<meta property=\"og:type\" content=\"article\" \/>\n<meta property=\"og:title\" content=\"Huelga masiva en Francia deja 87 manifestantes arrestados - Canal 7 SLP - 2019\" \/>\n<meta property=\"og:description\" content=\"Los parisinos se levantaron en huelga contra el plan del gobierno para reformar el sistema de jubilaci\u00f3n Francia.- La polic\u00eda de Par\u00eds dispar\u00f3 gases lacrim\u00f3genos contra manifestantes el jueves a la vez que la Torre Eiffel cerr\u00f3, los trenes de alta velocidad de Francia pararon y decenas de miles de personas marcharon en todo el [&hellip;]\" \/>\n<meta property=\"og:url\" content=\"https:\/\/canal7slp.tv\/2019\/huelga-masiva-en-francia-deja-87-manifestantes-arrestados\/\" \/>\n<meta property=\"og:site_name\" content=\"Canal 7 SLP - 2019\" \/>\n<meta property=\"article:publisher\" content=\"https:\/\/www.facebook.com\/CANAL7SLP\/\" \/>\n<meta property=\"article:published_time\" content=\"2019-12-06T14:54:56+00:00\" \/>\n<meta property=\"og:image\" content=\"https:\/\/canal7slp.tv\/2019\/wp-content\/uploads\/2019\/12\/945-4.jpg\" \/>\n\t<meta property=\"og:image:width\" content=\"614\" \/>\n\t<meta property=\"og:image:height\" content=\"410\" \/>\n\t<meta property=\"og:image:type\" content=\"image\/jpeg\" \/>\n<meta name=\"author\" content=\"edicionweb\" \/>\n<meta name=\"twitter:card\" content=\"summary_large_image\" \/>\n<meta name=\"twitter:creator\" content=\"@canal7_slp\" \/>\n<meta name=\"twitter:site\" content=\"@canal7_slp\" \/>\n<meta name=\"twitter:label1\" content=\"Escrito por\" \/>\n\t<meta name=\"twitter:data1\" content=\"edicionweb\" \/>\n\t<meta name=\"twitter:label2\" content=\"Tiempo de lectura\" \/>\n\t<meta name=\"twitter:data2\" content=\"2 minutos\" \/>\n<script type=\"application\/ld+json\" class=\"yoast-schema-graph\">{\"@context\":\"https:\\\/\\\/schema.org\",\"@graph\":[{\"@type\":\"Article\",\"@id\":\"https:\\\/\\\/canal7slp.tv\\\/2019\\\/huelga-masiva-en-francia-deja-87-manifestantes-arrestados\\\/#article\",\"isPartOf\":{\"@id\":\"https:\\\/\\\/canal7slp.tv\\\/2019\\\/huelga-masiva-en-francia-deja-87-manifestantes-arrestados\\\/\"},\"author\":{\"name\":\"edicionweb\",\"@id\":\"https:\\\/\\\/canal7slp.tv\\\/2019\\\/#\\\/schema\\\/person\\\/11d941c1c6ca30ac0a46b95fa37aa2e3\"},\"headline\":\"Huelga masiva en Francia deja 87 manifestantes arrestados\",\"datePublished\":\"2019-12-06T14:54:56+00:00\",\"mainEntityOfPage\":{\"@id\":\"https:\\\/\\\/canal7slp.tv\\\/2019\\\/huelga-masiva-en-francia-deja-87-manifestantes-arrestados\\\/\"},\"wordCount\":482,\"commentCount\":0,\"publisher\":{\"@id\":\"https:\\\/\\\/canal7slp.tv\\\/2019\\\/#organization\"},\"image\":{\"@id\":\"https:\\\/\\\/canal7slp.tv\\\/2019\\\/huelga-masiva-en-francia-deja-87-manifestantes-arrestados\\\/#primaryimage\"},\"thumbnailUrl\":\"https:\\\/\\\/canal7slp.tv\\\/2019\\\/wp-content\\\/uploads\\\/2019\\\/12\\\/945-4.jpg\",\"articleSection\":[\"INTERNACIONAL\"],\"inLanguage\":\"es\",\"potentialAction\":[{\"@type\":\"CommentAction\",\"name\":\"Comment\",\"target\":[\"https:\\\/\\\/canal7slp.tv\\\/2019\\\/huelga-masiva-en-francia-deja-87-manifestantes-arrestados\\\/#respond\"]}]},{\"@type\":\"WebPage\",\"@id\":\"https:\\\/\\\/canal7slp.tv\\\/2019\\\/huelga-masiva-en-francia-deja-87-manifestantes-arrestados\\\/\",\"url\":\"https:\\\/\\\/canal7slp.tv\\\/2019\\\/huelga-masiva-en-francia-deja-87-manifestantes-arrestados\\\/\",\"name\":\"Huelga masiva en Francia deja 87 manifestantes arrestados - Canal 7 SLP - 2019\",\"isPartOf\":{\"@id\":\"https:\\\/\\\/canal7slp.tv\\\/2019\\\/#website\"},\"primaryImageOfPage\":{\"@id\":\"https:\\\/\\\/canal7slp.tv\\\/2019\\\/huelga-masiva-en-francia-deja-87-manifestantes-arrestados\\\/#primaryimage\"},\"image\":{\"@id\":\"https:\\\/\\\/canal7slp.tv\\\/2019\\\/huelga-masiva-en-francia-deja-87-manifestantes-arrestados\\\/#primaryimage\"},\"thumbnailUrl\":\"https:\\\/\\\/canal7slp.tv\\\/2019\\\/wp-content\\\/uploads\\\/2019\\\/12\\\/945-4.jpg\",\"datePublished\":\"2019-12-06T14:54:56+00:00\",\"breadcrumb\":{\"@id\":\"https:\\\/\\\/canal7slp.tv\\\/2019\\\/huelga-masiva-en-francia-deja-87-manifestantes-arrestados\\\/#breadcrumb\"},\"inLanguage\":\"es\",\"potentialAction\":[{\"@type\":\"ReadAction\",\"target\":[\"https:\\\/\\\/canal7slp.tv\\\/2019\\\/huelga-masiva-en-francia-deja-87-manifestantes-arrestados\\\/\"]}]},{\"@type\":\"ImageObject\",\"inLanguage\":\"es\",\"@id\":\"https:\\\/\\\/canal7slp.tv\\\/2019\\\/huelga-masiva-en-francia-deja-87-manifestantes-arrestados\\\/#primaryimage\",\"url\":\"https:\\\/\\\/canal7slp.tv\\\/2019\\\/wp-content\\\/uploads\\\/2019\\\/12\\\/945-4.jpg\",\"contentUrl\":\"https:\\\/\\\/canal7slp.tv\\\/2019\\\/wp-content\\\/uploads\\\/2019\\\/12\\\/945-4.jpg\",\"width\":614,\"height\":410},{\"@type\":\"BreadcrumbList\",\"@id\":\"https:\\\/\\\/canal7slp.tv\\\/2019\\\/huelga-masiva-en-francia-deja-87-manifestantes-arrestados\\\/#breadcrumb\",\"itemListElement\":[{\"@type\":\"ListItem\",\"position\":1,\"name\":\"Home\",\"item\":\"https:\\\/\\\/canal7slp.tv\\\/2019\\\/\"},{\"@type\":\"ListItem\",\"position\":2,\"name\":\"Huelga masiva en Francia deja 87 manifestantes arrestados\"}]},{\"@type\":\"WebSite\",\"@id\":\"https:\\\/\\\/canal7slp.tv\\\/2019\\\/#website\",\"url\":\"https:\\\/\\\/canal7slp.tv\\\/2019\\\/\",\"name\":\"Canal 7 SLP - Somos TV\",\"description\":\"Somos un Canal de 10\",\"publisher\":{\"@id\":\"https:\\\/\\\/canal7slp.tv\\\/2019\\\/#organization\"},\"potentialAction\":[{\"@type\":\"SearchAction\",\"target\":{\"@type\":\"EntryPoint\",\"urlTemplate\":\"https:\\\/\\\/canal7slp.tv\\\/2019\\\/?s={search_term_string}\"},\"query-input\":{\"@type\":\"PropertyValueSpecification\",\"valueRequired\":true,\"valueName\":\"search_term_string\"}}],\"inLanguage\":\"es\"},{\"@type\":\"Organization\",\"@id\":\"https:\\\/\\\/canal7slp.tv\\\/2019\\\/#organization\",\"name\":\"Comunicaci\u00f3n 2000 S.A. de C.V.\",\"url\":\"https:\\\/\\\/canal7slp.tv\\\/2019\\\/\",\"logo\":{\"@type\":\"ImageObject\",\"inLanguage\":\"es\",\"@id\":\"https:\\\/\\\/canal7slp.tv\\\/2019\\\/#\\\/schema\\\/logo\\\/image\\\/\",\"url\":\"https:\\\/\\\/canal7slp.tv\\\/2019\\\/wp-content\\\/uploads\\\/2019\\\/07\\\/logo-c7.png\",\"contentUrl\":\"https:\\\/\\\/canal7slp.tv\\\/2019\\\/wp-content\\\/uploads\\\/2019\\\/07\\\/logo-c7.png\",\"width\":220,\"height\":60,\"caption\":\"Comunicaci\u00f3n 2000 S.A. de C.V.\"},\"image\":{\"@id\":\"https:\\\/\\\/canal7slp.tv\\\/2019\\\/#\\\/schema\\\/logo\\\/image\\\/\"},\"sameAs\":[\"https:\\\/\\\/www.facebook.com\\\/CANAL7SLP\\\/\",\"https:\\\/\\\/x.com\\\/canal7_slp\",\"https:\\\/\\\/www.instagram.com\\\/canal7_slp\",\"https:\\\/\\\/www.youtube.com\\\/user\\\/NOTICIEROSCANAL7SLP\\\/\"]},{\"@type\":\"Person\",\"@id\":\"https:\\\/\\\/canal7slp.tv\\\/2019\\\/#\\\/schema\\\/person\\\/11d941c1c6ca30ac0a46b95fa37aa2e3\",\"name\":\"edicionweb\",\"image\":{\"@type\":\"ImageObject\",\"inLanguage\":\"es\",\"@id\":\"https:\\\/\\\/secure.gravatar.com\\\/avatar\\\/eee448fc3f7164808013b816ba91ac7e43bbe82a70bebac296f8bc6f0addaa1a?s=96&d=mm&r=g\",\"url\":\"https:\\\/\\\/secure.gravatar.com\\\/avatar\\\/eee448fc3f7164808013b816ba91ac7e43bbe82a70bebac296f8bc6f0addaa1a?s=96&d=mm&r=g\",\"contentUrl\":\"https:\\\/\\\/secure.gravatar.com\\\/avatar\\\/eee448fc3f7164808013b816ba91ac7e43bbe82a70bebac296f8bc6f0addaa1a?s=96&d=mm&r=g\",\"caption\":\"edicionweb\"}}]}<\/script>\n<!-- \/ Yoast SEO plugin. -->","yoast_head_json":{"title":"Huelga masiva en Francia deja 87 manifestantes arrestados - Canal 7 SLP - 2019","robots":{"index":"index","follow":"follow","max-snippet":"max-snippet:-1","max-image-preview":"max-image-preview:large","max-video-preview":"max-video-preview:-1"},"canonical":"https:\/\/canal7slp.tv\/2019\/huelga-masiva-en-francia-deja-87-manifestantes-arrestados\/","og_locale":"es_ES","og_type":"article","og_title":"Huelga masiva en Francia deja 87 manifestantes arrestados - Canal 7 SLP - 2019","og_description":"Los parisinos se levantaron en huelga contra el plan del gobierno para reformar el sistema de jubilaci\u00f3n Francia.- La polic\u00eda de Par\u00eds dispar\u00f3 gases lacrim\u00f3genos contra manifestantes el jueves a la vez que la Torre Eiffel cerr\u00f3, los trenes de alta velocidad de Francia pararon y decenas de miles de personas marcharon en todo el [&hellip;]","og_url":"https:\/\/canal7slp.tv\/2019\/huelga-masiva-en-francia-deja-87-manifestantes-arrestados\/","og_site_name":"Canal 7 SLP - 2019","article_publisher":"https:\/\/www.facebook.com\/CANAL7SLP\/","article_published_time":"2019-12-06T14:54:56+00:00","og_image":[{"width":614,"height":410,"url":"https:\/\/canal7slp.tv\/2019\/wp-content\/uploads\/2019\/12\/945-4.jpg","type":"image\/jpeg"}],"author":"edicionweb","twitter_card":"summary_large_image","twitter_creator":"@canal7_slp","twitter_site":"@canal7_slp","twitter_misc":{"Escrito por":"edicionweb","Tiempo de lectura":"2 minutos"},"schema":{"@context":"https:\/\/schema.org","@graph":[{"@type":"Article","@id":"https:\/\/canal7slp.tv\/2019\/huelga-masiva-en-francia-deja-87-manifestantes-arrestados\/#article","isPartOf":{"@id":"https:\/\/canal7slp.tv\/2019\/huelga-masiva-en-francia-deja-87-manifestantes-arrestados\/"},"author":{"name":"edicionweb","@id":"https:\/\/canal7slp.tv\/2019\/#\/schema\/person\/11d941c1c6ca30ac0a46b95fa37aa2e3"},"headline":"Huelga masiva en Francia deja 87 manifestantes arrestados","datePublished":"2019-12-06T14:54:56+00:00","mainEntityOfPage":{"@id":"https:\/\/canal7slp.tv\/2019\/huelga-masiva-en-francia-deja-87-manifestantes-arrestados\/"},"wordCount":482,"commentCount":0,"publisher":{"@id":"https:\/\/canal7slp.tv\/2019\/#organization"},"image":{"@id":"https:\/\/canal7slp.tv\/2019\/huelga-masiva-en-francia-deja-87-manifestantes-arrestados\/#primaryimage"},"thumbnailUrl":"https:\/\/canal7slp.tv\/2019\/wp-content\/uploads\/2019\/12\/945-4.jpg","articleSection":["INTERNACIONAL"],"inLanguage":"es","potentialAction":[{"@type":"CommentAction","name":"Comment","target":["https:\/\/canal7slp.tv\/2019\/huelga-masiva-en-francia-deja-87-manifestantes-arrestados\/#respond"]}]},{"@type":"WebPage","@id":"https:\/\/canal7slp.tv\/2019\/huelga-masiva-en-francia-deja-87-manifestantes-arrestados\/","url":"https:\/\/canal7slp.tv\/2019\/huelga-masiva-en-francia-deja-87-manifestantes-arrestados\/","name":"Huelga masiva en Francia deja 87 manifestantes arrestados - Canal 7 SLP - 2019","isPartOf":{"@id":"https:\/\/canal7slp.tv\/2019\/#website"},"primaryImageOfPage":{"@id":"https:\/\/canal7slp.tv\/2019\/huelga-masiva-en-francia-deja-87-manifestantes-arrestados\/#primaryimage"},"image":{"@id":"https:\/\/canal7slp.tv\/2019\/huelga-masiva-en-francia-deja-87-manifestantes-arrestados\/#primaryimage"},"thumbnailUrl":"https:\/\/canal7slp.tv\/2019\/wp-content\/uploads\/2019\/12\/945-4.jpg","datePublished":"2019-12-06T14:54:56+00:00","breadcrumb":{"@id":"https:\/\/canal7slp.tv\/2019\/huelga-masiva-en-francia-deja-87-manifestantes-arrestados\/#breadcrumb"},"inLanguage":"es","potentialAction":[{"@type":"ReadAction","target":["https:\/\/canal7slp.tv\/2019\/huelga-masiva-en-francia-deja-87-manifestantes-arrestados\/"]}]},{"@type":"ImageObject","inLanguage":"es","@id":"https:\/\/canal7slp.tv\/2019\/huelga-masiva-en-francia-deja-87-manifestantes-arrestados\/#primaryimage","url":"https:\/\/canal7slp.tv\/2019\/wp-content\/uploads\/2019\/12\/945-4.jpg","contentUrl":"https:\/\/canal7slp.tv\/2019\/wp-content\/uploads\/2019\/12\/945-4.jpg","width":614,"height":410},{"@type":"BreadcrumbList","@id":"https:\/\/canal7slp.tv\/2019\/huelga-masiva-en-francia-deja-87-manifestantes-arrestados\/#breadcrumb","itemListElement":[{"@type":"ListItem","position":1,"name":"Home","item":"https:\/\/canal7slp.tv\/2019\/"},{"@type":"ListItem","position":2,"name":"Huelga masiva en Francia deja 87 manifestantes arrestados"}]},{"@type":"WebSite","@id":"https:\/\/canal7slp.tv\/2019\/#website","url":"https:\/\/canal7slp.tv\/2019\/","name":"Canal 7 SLP - Somos TV","description":"Somos un Canal de 10","publisher":{"@id":"https:\/\/canal7slp.tv\/2019\/#organization"},"potentialAction":[{"@type":"SearchAction","target":{"@type":"EntryPoint","urlTemplate":"https:\/\/canal7slp.tv\/2019\/?s={search_term_string}"},"query-input":{"@type":"PropertyValueSpecification","valueRequired":true,"valueName":"search_term_string"}}],"inLanguage":"es"},{"@type":"Organization","@id":"https:\/\/canal7slp.tv\/2019\/#organization","name":"Comunicaci\u00f3n 2000 S.A. de C.V.","url":"https:\/\/canal7slp.tv\/2019\/","logo":{"@type":"ImageObject","inLanguage":"es","@id":"https:\/\/canal7slp.tv\/2019\/#\/schema\/logo\/image\/","url":"https:\/\/canal7slp.tv\/2019\/wp-content\/uploads\/2019\/07\/logo-c7.png","contentUrl":"https:\/\/canal7slp.tv\/2019\/wp-content\/uploads\/2019\/07\/logo-c7.png","width":220,"height":60,"caption":"Comunicaci\u00f3n 2000 S.A. de C.V."},"image":{"@id":"https:\/\/canal7slp.tv\/2019\/#\/schema\/logo\/image\/"},"sameAs":["https:\/\/www.facebook.com\/CANAL7SLP\/","https:\/\/x.com\/canal7_slp","https:\/\/www.instagram.com\/canal7_slp","https:\/\/www.youtube.com\/user\/NOTICIEROSCANAL7SLP\/"]},{"@type":"Person","@id":"https:\/\/canal7slp.tv\/2019\/#\/schema\/person\/11d941c1c6ca30ac0a46b95fa37aa2e3","name":"edicionweb","image":{"@type":"ImageObject","inLanguage":"es","@id":"https:\/\/secure.gravatar.com\/avatar\/eee448fc3f7164808013b816ba91ac7e43bbe82a70bebac296f8bc6f0addaa1a?s=96&d=mm&r=g","url":"https:\/\/secure.gravatar.com\/avatar\/eee448fc3f7164808013b816ba91ac7e43bbe82a70bebac296f8bc6f0addaa1a?s=96&d=mm&r=g","contentUrl":"https:\/\/secure.gravatar.com\/avatar\/eee448fc3f7164808013b816ba91ac7e43bbe82a70bebac296f8bc6f0addaa1a?s=96&d=mm&r=g","caption":"edicionweb"}}]}},"amp_enabled":true,"cmb2":{"video_ids_in_playlist":{"vid_p_videos":""},"video_ids_in_channel":{"vid_c_videos":""},"playlist_ids_in_channel":{"vid_c_playlists":""},"series_ids_in_channel":{"vid_c_series":""},"channel_images":{"vid_c_logo":"","vid_c_banner":""},"poster_feature_image":{"vid_m_poster_image":""},"gif_feature_image":{"vid_m_gif_image":""},"video_movie_settings":{"vid_m_director":"","vid_m_actor":"","vid_m_imdb_ratings":"","vid_m_amazon_associates":""},"vid_youtube_broadcasts_settings":{"vid_yb_broadcast_title":"","vid_yb_q":"","vid_yb_channelid":"","vid_yb_videocategoryid":"","vid_yb_maxresults":"","vid_yb_order":"","vid_yb_regioncode":"","vid_yb_videosyndicated":"","vid_yb_style":"","vid_yb_reload_first":""},"video_series_settings":{"vid_m_director":"","vid_m_actor":"","vid_m_imdb_ratings":"","video_series_group":""},"amazon_associates_settings":{"amazon_associates":"","amazon_native_ad":""},"vid_youtube_automatic_settings":{"vid_ya_youtube_source":"","vid_ya_update_every":"","vid_ya_update_unit":"","vid_ya_categories":"","vid_ya_published_after":"","vid_ya_published_before":"","vid_ya_playlists":"","vid_ya_channels":"","vid_ya_director":"","vid_ya_actor":"","vid_ya_author":"","vid_ya_import_post_date":"","vid_ya_status":"","vid_ya_sub_api_key":""},"vid_ads_m_videoads_settings_post":{"vid_ads_m_video_ads":"","vid_ads_m_video_ads_type":"","vid_ads_m_group_google_ima":"","vid_ads_m_group_image":"","vid_ads_m_group_html5_video":"","vid_ads_m_group_html":"","vid_ads_m_vast_preroll":"","vid_ads_m_vast_postroll":"","vid_ads_m_vast_pauseroll":"","vid_ads_m_vast_midroll":[{"vid_ads_m_vast_timer_seconds":"50"}],"vid_ads_m_time_to_show_ads":"","vid_ads_m_time_skip_ads":"","vid_ads_m_time_to_hide_ads":""},"page_slider_settings":{"display_slider_group":"","page_slider_group":""},"blog_page_settings":{"blog_page_title":"","blog_page_heading":"","blog_page_ic":"","blog_page_it":"","blog_page_ec":"","blog_page_ip":"","archive_loop_style":"","blog_image_ratio":"","blog_show_categories":"","blog_show_excerpt":"","blog_show_author":"","blog_show_date":"","blog_show_comment_count":"","blog_show_view_count":"","blog_show_like_count":"","blog_show_dislike_count":"","blog_items_per_page":"","blog_pag_type":""},"page_options":{"get_page_template":"","color_mode":"","main_layout":"","main_layout_full_with":"","main_logo":"","main_logo_retina":"","main_logo_mobile":"","main_logo_mobile_retina":"","sticky_logo":"","sticky_logo_retina":"","main_nav_layout":"","ajax_search":"","header_background":"","theme_sidebar":"","instagram_feed":"","instagram_feed_position":"","popular_videos":"","popular_videos_title_1":"","popular_videos_title_2":"","popular_videos_ic":"","popular_videos_it":"","theme_background":"","page_custom_css":""},"feature_image_settings":{"feature_image_position":""},"video_player_settings":{"single_video_style":"","video_player_position":"","vm_video_url":"","video_player_library":"","video_streaming":"","vm_media_sources":"","vid_auto_play":"","vm_video_shortcode":"","vid_p_sync_playlist":"","vid_c_sync_channel":"","get_post_format":"","multiple_links_structure":"default","multi_links_title":"","vm_video_multi_links":"","vm_duration":"","vid_social_locker":"off","vid_social_locker_id":"","vid_membership_action":"content-video","vm_video_trailer_url":"","vid_download_type":"free","vid_download_target":"download","vid_woo_product":"","vm_media_download":"","user_rating":"","user_rating_position":"","user_rating_mode":"","user_rating_multi_sets":""},"video_auto_fetch_settings":{"vm_video_fetch":"on"},"video_fake_views_likes":{"vm_fake_views":"","vm_fake_likes":"","vm_fake_dislikes":""},"gallery_settings":{"gallery_position":""},"quote_settings":{"quote_position":""},"post_options":{"main_layout":"","main_logo":"","main_logo_retina":"","main_logo_mobile":"","main_logo_mobile_retina":"","sticky_logo":"","sticky_logo_retina":"","main_nav_layout":"","header_background":"","theme_sidebar":"","single_post_comment_type":"","theme_background":""}},"_links":{"self":[{"href":"https:\/\/canal7slp.tv\/2019\/wp-json\/wp\/v2\/posts\/86613","targetHints":{"allow":["GET"]}}],"collection":[{"href":"https:\/\/canal7slp.tv\/2019\/wp-json\/wp\/v2\/posts"}],"about":[{"href":"https:\/\/canal7slp.tv\/2019\/wp-json\/wp\/v2\/types\/post"}],"author":[{"embeddable":true,"href":"https:\/\/canal7slp.tv\/2019\/wp-json\/wp\/v2\/users\/2"}],"replies":[{"embeddable":true,"href":"https:\/\/canal7slp.tv\/2019\/wp-json\/wp\/v2\/comments?post=86613"}],"version-history":[{"count":0,"href":"https:\/\/canal7slp.tv\/2019\/wp-json\/wp\/v2\/posts\/86613\/revisions"}],"wp:featuredmedia":[{"embeddable":true,"href":"https:\/\/canal7slp.tv\/2019\/wp-json\/wp\/v2\/media\/86614"}],"wp:attachment":[{"href":"https:\/\/canal7slp.tv\/2019\/wp-json\/wp\/v2\/media?parent=86613"}],"wp:term":[{"taxonomy":"category","embeddable":true,"href":"https:\/\/canal7slp.tv\/2019\/wp-json\/wp\/v2\/categories?post=86613"},{"taxonomy":"post_tag","embeddable":true,"href":"https:\/\/canal7slp.tv\/2019\/wp-json\/wp\/v2\/tags?post=86613"}],"curies":[{"name":"wp","href":"https:\/\/api.w.org\/{rel}","templated":true}]}}