{"id":8627,"date":"2019-06-07T07:35:25","date_gmt":"2019-06-07T12:35:25","guid":{"rendered":"https:\/\/canal7slp.tv\/2019\/?p=8627"},"modified":"2019-06-07T07:35:25","modified_gmt":"2019-06-07T12:35:25","slug":"enrique-alfaro-se-deslinda-del-lider-de-la-luz-del-mundo","status":"publish","type":"post","link":"https:\/\/canal7slp.tv\/2019\/enrique-alfaro-se-deslinda-del-lider-de-la-luz-del-mundo\/","title":{"rendered":"Enrique Alfaro se deslinda del l\u00edder de la Luz del Mundo"},"content":{"rendered":"<p style=\"text-align: justify\">Guadalajara.- El gobernador de Jalisco, Enrique Alfaro Ram\u00edrez, expres\u00f3 este jueves que espera se llegue a fondo en la investigaci\u00f3n del l\u00edder de la Iglesia de la Luz del Mundo, Naas\u00f3n Joaqu\u00edn Garc\u00eda, y si se cometieron los\u00a0 delitos imputados asuma las consecuencias de sus actos.<\/p>\n<p style=\"text-align: justify\">En rueda de prensa, se\u00f1al\u00f3 que realiz\u00f3 una consulta con el fiscal del estado, \u201cy no ten\u00edamos ning\u00fan antecedente en la Fiscal\u00eda de Jalisco cuando menos registrado en contra de Naas\u00f3n\u201d.<\/p>\n<p style=\"text-align: justify\">Dijo que en momentos dif\u00edciles como estos \u201ces muy f\u00e1cil simplemente deslindarse, a final de cuentas lo que yo puedo decir es que el se\u00f1or Naas\u00f3n encabezaba una iglesia que se fund\u00f3 en Guadalajara, que tiene a una gran cantidad de personas que profesan esa fe\u201d.<\/p>\n<p style=\"text-align: justify\">Manifest\u00f3 que tiene su respeto y solidaridad \u201ccomo siempre lo he dicho, como cabeza de esta iglesia, y lo expres\u00e9 en muchos momentos como con todas las iglesias de Jalisco\u201d<\/p>\n<p style=\"text-align: justify\">A\u00f1adi\u00f3 que es lamentable \u201cy es verdaderamente doloroso ver el efecto que esta noticia gener\u00f3 en la comunidad de la Hermosa Provincia particularmente y en la Iglesia de La Luz del Mundo\u201d.<\/p>\n<p style=\"text-align: justify\">\u201cLo conozco bien y compart\u00ed actos de la iglesia junto con \u00e9l, en mi representaci\u00f3n como presidente municipal de Guadalajara, y claro que ten\u00eda comunicaci\u00f3n con \u00e9l, es un actor importante de nuestra entidad, nunca me hubiera imaginado una noticia como esta\u201d, dijo.<\/p>\n<p style=\"text-align: justify\">Alfaro Ram\u00edrez puntualiz\u00f3 que \u201ces un golpe duro para la iglesia como cualquier acto de abuso de un l\u00edder de alguna iglesia, lastima a quienes comparten esa fe\u201d.<\/p>\n<p style=\"text-align: justify\">Coment\u00f3 que \u201ccreo que hay un enorme dolor en esta comunidad, lo entendemos y esperamos que se esclarezcan las cosas e insisto, si se cometi\u00f3 un delito se aplique todo el peso de la ley\u201d.<\/p>\n<p style=\"text-align: justify\">\u201cNo ha habido ni comunicaci\u00f3n ni con \u00e9l ni comunicaci\u00f3n con la instituci\u00f3n, tampoco los representantes de la iglesia La Luz del Mundo nos han buscado para nada hasta el momento\u201d, abund\u00f3.<\/p>\n<p style=\"text-align: justify\">Se\u00f1al\u00f3 que desde el d\u00eda que vio la noticia en los medios, \u201cas\u00ed nos enteramos a trav\u00e9s de las redes, solicit\u00e9 al fiscal checar si hab\u00eda alguna denuncia o alguna carpeta al respecto y no hay hacia Naas\u00f3n ninguna carpeta de investigaci\u00f3n en la Fiscal\u00eda del estado por el momento\u201d.<\/p>\n<p style=\"text-align: justify\">Sobre la rueda de prensa en California donde hacen calificativos duros en contra del l\u00edder, dijo que \u201cno vi la rueda de prensa, pero la verdad es que los delitos que se se\u00f1alan son delitos que generan indignaci\u00f3n\u201d.<\/p>\n<p style=\"text-align: justify\">\u201cLo que hay que hacer es esperar a que concluya la investigaci\u00f3n, hasta que se desahogue el proceso judicial, pero no deja de ser un hecho lamentable\u201d, sostuvo.<\/p>\n<p style=\"text-align: justify\">Subray\u00f3 que cualquier informaci\u00f3n que \u201cnos sea requerida y si se nos solicita alg\u00fan apoyo institucional por supuesto que estamos dispuestos a hacerlo en los t\u00e9rminos que establezca la ley\u201d.<\/p>\n<p style=\"text-align: justify\">Afirm\u00f3 que para este y para cualquier caso \u201ctenemos toda la disposici\u00f3n y todas las facilidades para poder denunciar la comisi\u00f3n de alg\u00fan delito a trav\u00e9s de la Fiscal\u00eda del estado\u201d.<\/p>\n<p style=\"text-align: justify\">\u201cPor supuesto que lo que ofrezco por ser un tema tan complejo, tan delicado, tan sensible, pues tener un esquema de informaci\u00f3n permanente a trav\u00e9s de los medios de comunicaci\u00f3n sobre cualquier asunto que pudiera surgir\u201d, mencion\u00f3.<\/p>\n<p style=\"text-align: justify\">Alfaro Ram\u00edrez dijo que si existiera la necesidad de alguna medida ante una agresi\u00f3n, \u201cante alg\u00fan tipo de acto que pudiera poner en riesgo la integridad f\u00edsica de quienes son parte de la Luz del Mundo, nosotros estar\u00edamos dispuestos a platicar con la instituci\u00f3n y si se necesita alg\u00fan apoyo en materia de seguridad para la comunidad por supuesto lo har\u00edamos\u201d.<\/p>\n<p style=\"text-align: justify\">Exhort\u00f3 al pueblo de Jalisco, \u201cque es un pueblo que cree en la libertad, que cree en el respeto, que cree en la tolerancia, a que no actuemos de esa manera, porque no se puede condenar a una comunidad por los actos de una persona, ser\u00eda tanto como condenar a la comunidad cat\u00f3lica por los actos de algunos padres o curas que han cometido actos terribles\u201d.<\/p>\n<p style=\"text-align: justify\">Puntualiz\u00f3 que se debe entender que \u201cel respeto es uno de los valores que compartimos en esta ciudad y yo espero que siempre haya respeto por quienes profesan esta fe\u201d.<\/p>\n<p style=\"text-align: justify\">\u201cHasta ahora no ha habido comunicaci\u00f3n con ellos, pero siempre con esta iglesia y con todas las iglesias de nuestro estado habr\u00e1 de mi parte siempre disposici\u00f3n a dialogar y a colaborar en lo que podamos\u201d, se\u00f1al\u00f3.<\/p>\n","protected":false},"excerpt":{"rendered":"<p>Guadalajara.- El gobernador de Jalisco, Enrique Alfaro Ram\u00edrez, expres\u00f3 este jueves que espera se llegue a fondo en la investigaci\u00f3n del l\u00edder de la Iglesia de la Luz del Mundo, Naas\u00f3n Joaqu\u00edn Garc\u00eda, y si se cometieron los\u00a0 delitos imputados asuma las consecuencias de sus actos. En rueda de prensa, se\u00f1al\u00f3 que realiz\u00f3 una consulta [&hellip;]<\/p>\n","protected":false},"author":2,"featured_media":8628,"comment_status":"open","ping_status":"closed","sticky":false,"template":"","format":"standard","meta":{"footnotes":""},"categories":[30],"tags":[],"class_list":["post-8627","post","type-post","status-publish","format-standard","has-post-thumbnail","hentry","category-nacional"],"yoast_head":"<!-- This site is optimized with the Yoast SEO plugin v27.4 - https:\/\/yoast.com\/product\/yoast-seo-wordpress\/ -->\n<title>Enrique Alfaro se deslinda del l\u00edder de la Luz del Mundo - Canal 7 SLP - 2019<\/title>\n<meta name=\"robots\" content=\"index, follow, max-snippet:-1, max-image-preview:large, max-video-preview:-1\" \/>\n<link rel=\"canonical\" href=\"https:\/\/canal7slp.tv\/2019\/enrique-alfaro-se-deslinda-del-lider-de-la-luz-del-mundo\/\" \/>\n<meta property=\"og:locale\" content=\"es_ES\" \/>\n<meta property=\"og:type\" content=\"article\" \/>\n<meta property=\"og:title\" content=\"Enrique Alfaro se deslinda del l\u00edder de la Luz del Mundo - Canal 7 SLP - 2019\" \/>\n<meta property=\"og:description\" content=\"Guadalajara.- El gobernador de Jalisco, Enrique Alfaro Ram\u00edrez, expres\u00f3 este jueves que espera se llegue a fondo en la investigaci\u00f3n del l\u00edder de la Iglesia de la Luz del Mundo, Naas\u00f3n Joaqu\u00edn Garc\u00eda, y si se cometieron los\u00a0 delitos imputados asuma las consecuencias de sus actos. En rueda de prensa, se\u00f1al\u00f3 que realiz\u00f3 una consulta [&hellip;]\" \/>\n<meta property=\"og:url\" content=\"https:\/\/canal7slp.tv\/2019\/enrique-alfaro-se-deslinda-del-lider-de-la-luz-del-mundo\/\" \/>\n<meta property=\"og:site_name\" content=\"Canal 7 SLP - 2019\" \/>\n<meta property=\"article:publisher\" content=\"https:\/\/www.facebook.com\/CANAL7SLP\/\" \/>\n<meta property=\"article:published_time\" content=\"2019-06-07T12:35:25+00:00\" \/>\n<meta property=\"og:image\" content=\"https:\/\/canal7slp.tv\/2019\/wp-content\/uploads\/2019\/06\/910-4.jpg\" \/>\n\t<meta property=\"og:image:width\" content=\"800\" \/>\n\t<meta property=\"og:image:height\" content=\"600\" \/>\n\t<meta property=\"og:image:type\" content=\"image\/jpeg\" \/>\n<meta name=\"author\" content=\"edicionweb\" \/>\n<meta name=\"twitter:card\" content=\"summary_large_image\" \/>\n<meta name=\"twitter:creator\" content=\"@canal7_slp\" \/>\n<meta name=\"twitter:site\" content=\"@canal7_slp\" \/>\n<meta name=\"twitter:label1\" content=\"Escrito por\" \/>\n\t<meta name=\"twitter:data1\" content=\"edicionweb\" \/>\n\t<meta name=\"twitter:label2\" content=\"Tiempo de lectura\" \/>\n\t<meta name=\"twitter:data2\" content=\"4 minutos\" \/>\n<script type=\"application\/ld+json\" class=\"yoast-schema-graph\">{\"@context\":\"https:\\\/\\\/schema.org\",\"@graph\":[{\"@type\":\"Article\",\"@id\":\"https:\\\/\\\/canal7slp.tv\\\/2019\\\/enrique-alfaro-se-deslinda-del-lider-de-la-luz-del-mundo\\\/#article\",\"isPartOf\":{\"@id\":\"https:\\\/\\\/canal7slp.tv\\\/2019\\\/enrique-alfaro-se-deslinda-del-lider-de-la-luz-del-mundo\\\/\"},\"author\":{\"name\":\"edicionweb\",\"@id\":\"https:\\\/\\\/canal7slp.tv\\\/2019\\\/#\\\/schema\\\/person\\\/11d941c1c6ca30ac0a46b95fa37aa2e3\"},\"headline\":\"Enrique Alfaro se deslinda del l\u00edder de la Luz del Mundo\",\"datePublished\":\"2019-06-07T12:35:25+00:00\",\"mainEntityOfPage\":{\"@id\":\"https:\\\/\\\/canal7slp.tv\\\/2019\\\/enrique-alfaro-se-deslinda-del-lider-de-la-luz-del-mundo\\\/\"},\"wordCount\":803,\"commentCount\":0,\"publisher\":{\"@id\":\"https:\\\/\\\/canal7slp.tv\\\/2019\\\/#organization\"},\"image\":{\"@id\":\"https:\\\/\\\/canal7slp.tv\\\/2019\\\/enrique-alfaro-se-deslinda-del-lider-de-la-luz-del-mundo\\\/#primaryimage\"},\"thumbnailUrl\":\"https:\\\/\\\/canal7slp.tv\\\/2019\\\/wp-content\\\/uploads\\\/2019\\\/06\\\/910-4.jpg\",\"articleSection\":[\"NACIONAL\"],\"inLanguage\":\"es\",\"potentialAction\":[{\"@type\":\"CommentAction\",\"name\":\"Comment\",\"target\":[\"https:\\\/\\\/canal7slp.tv\\\/2019\\\/enrique-alfaro-se-deslinda-del-lider-de-la-luz-del-mundo\\\/#respond\"]}]},{\"@type\":\"WebPage\",\"@id\":\"https:\\\/\\\/canal7slp.tv\\\/2019\\\/enrique-alfaro-se-deslinda-del-lider-de-la-luz-del-mundo\\\/\",\"url\":\"https:\\\/\\\/canal7slp.tv\\\/2019\\\/enrique-alfaro-se-deslinda-del-lider-de-la-luz-del-mundo\\\/\",\"name\":\"Enrique Alfaro se deslinda del l\u00edder de la Luz del Mundo - Canal 7 SLP - 2019\",\"isPartOf\":{\"@id\":\"https:\\\/\\\/canal7slp.tv\\\/2019\\\/#website\"},\"primaryImageOfPage\":{\"@id\":\"https:\\\/\\\/canal7slp.tv\\\/2019\\\/enrique-alfaro-se-deslinda-del-lider-de-la-luz-del-mundo\\\/#primaryimage\"},\"image\":{\"@id\":\"https:\\\/\\\/canal7slp.tv\\\/2019\\\/enrique-alfaro-se-deslinda-del-lider-de-la-luz-del-mundo\\\/#primaryimage\"},\"thumbnailUrl\":\"https:\\\/\\\/canal7slp.tv\\\/2019\\\/wp-content\\\/uploads\\\/2019\\\/06\\\/910-4.jpg\",\"datePublished\":\"2019-06-07T12:35:25+00:00\",\"breadcrumb\":{\"@id\":\"https:\\\/\\\/canal7slp.tv\\\/2019\\\/enrique-alfaro-se-deslinda-del-lider-de-la-luz-del-mundo\\\/#breadcrumb\"},\"inLanguage\":\"es\",\"potentialAction\":[{\"@type\":\"ReadAction\",\"target\":[\"https:\\\/\\\/canal7slp.tv\\\/2019\\\/enrique-alfaro-se-deslinda-del-lider-de-la-luz-del-mundo\\\/\"]}]},{\"@type\":\"ImageObject\",\"inLanguage\":\"es\",\"@id\":\"https:\\\/\\\/canal7slp.tv\\\/2019\\\/enrique-alfaro-se-deslinda-del-lider-de-la-luz-del-mundo\\\/#primaryimage\",\"url\":\"https:\\\/\\\/canal7slp.tv\\\/2019\\\/wp-content\\\/uploads\\\/2019\\\/06\\\/910-4.jpg\",\"contentUrl\":\"https:\\\/\\\/canal7slp.tv\\\/2019\\\/wp-content\\\/uploads\\\/2019\\\/06\\\/910-4.jpg\",\"width\":800,\"height\":600},{\"@type\":\"BreadcrumbList\",\"@id\":\"https:\\\/\\\/canal7slp.tv\\\/2019\\\/enrique-alfaro-se-deslinda-del-lider-de-la-luz-del-mundo\\\/#breadcrumb\",\"itemListElement\":[{\"@type\":\"ListItem\",\"position\":1,\"name\":\"Home\",\"item\":\"https:\\\/\\\/canal7slp.tv\\\/2019\\\/\"},{\"@type\":\"ListItem\",\"position\":2,\"name\":\"Enrique Alfaro se deslinda del l\u00edder de la Luz del Mundo\"}]},{\"@type\":\"WebSite\",\"@id\":\"https:\\\/\\\/canal7slp.tv\\\/2019\\\/#website\",\"url\":\"https:\\\/\\\/canal7slp.tv\\\/2019\\\/\",\"name\":\"Canal 7 SLP - Somos TV\",\"description\":\"Somos un Canal de 10\",\"publisher\":{\"@id\":\"https:\\\/\\\/canal7slp.tv\\\/2019\\\/#organization\"},\"potentialAction\":[{\"@type\":\"SearchAction\",\"target\":{\"@type\":\"EntryPoint\",\"urlTemplate\":\"https:\\\/\\\/canal7slp.tv\\\/2019\\\/?s={search_term_string}\"},\"query-input\":{\"@type\":\"PropertyValueSpecification\",\"valueRequired\":true,\"valueName\":\"search_term_string\"}}],\"inLanguage\":\"es\"},{\"@type\":\"Organization\",\"@id\":\"https:\\\/\\\/canal7slp.tv\\\/2019\\\/#organization\",\"name\":\"Comunicaci\u00f3n 2000 S.A. de C.V.\",\"url\":\"https:\\\/\\\/canal7slp.tv\\\/2019\\\/\",\"logo\":{\"@type\":\"ImageObject\",\"inLanguage\":\"es\",\"@id\":\"https:\\\/\\\/canal7slp.tv\\\/2019\\\/#\\\/schema\\\/logo\\\/image\\\/\",\"url\":\"https:\\\/\\\/canal7slp.tv\\\/2019\\\/wp-content\\\/uploads\\\/2019\\\/07\\\/logo-c7.png\",\"contentUrl\":\"https:\\\/\\\/canal7slp.tv\\\/2019\\\/wp-content\\\/uploads\\\/2019\\\/07\\\/logo-c7.png\",\"width\":220,\"height\":60,\"caption\":\"Comunicaci\u00f3n 2000 S.A. de C.V.\"},\"image\":{\"@id\":\"https:\\\/\\\/canal7slp.tv\\\/2019\\\/#\\\/schema\\\/logo\\\/image\\\/\"},\"sameAs\":[\"https:\\\/\\\/www.facebook.com\\\/CANAL7SLP\\\/\",\"https:\\\/\\\/x.com\\\/canal7_slp\",\"https:\\\/\\\/www.instagram.com\\\/canal7_slp\",\"https:\\\/\\\/www.youtube.com\\\/user\\\/NOTICIEROSCANAL7SLP\\\/\"]},{\"@type\":\"Person\",\"@id\":\"https:\\\/\\\/canal7slp.tv\\\/2019\\\/#\\\/schema\\\/person\\\/11d941c1c6ca30ac0a46b95fa37aa2e3\",\"name\":\"edicionweb\",\"image\":{\"@type\":\"ImageObject\",\"inLanguage\":\"es\",\"@id\":\"https:\\\/\\\/secure.gravatar.com\\\/avatar\\\/eee448fc3f7164808013b816ba91ac7e43bbe82a70bebac296f8bc6f0addaa1a?s=96&d=mm&r=g\",\"url\":\"https:\\\/\\\/secure.gravatar.com\\\/avatar\\\/eee448fc3f7164808013b816ba91ac7e43bbe82a70bebac296f8bc6f0addaa1a?s=96&d=mm&r=g\",\"contentUrl\":\"https:\\\/\\\/secure.gravatar.com\\\/avatar\\\/eee448fc3f7164808013b816ba91ac7e43bbe82a70bebac296f8bc6f0addaa1a?s=96&d=mm&r=g\",\"caption\":\"edicionweb\"}}]}<\/script>\n<!-- \/ Yoast SEO plugin. -->","yoast_head_json":{"title":"Enrique Alfaro se deslinda del l\u00edder de la Luz del Mundo - Canal 7 SLP - 2019","robots":{"index":"index","follow":"follow","max-snippet":"max-snippet:-1","max-image-preview":"max-image-preview:large","max-video-preview":"max-video-preview:-1"},"canonical":"https:\/\/canal7slp.tv\/2019\/enrique-alfaro-se-deslinda-del-lider-de-la-luz-del-mundo\/","og_locale":"es_ES","og_type":"article","og_title":"Enrique Alfaro se deslinda del l\u00edder de la Luz del Mundo - Canal 7 SLP - 2019","og_description":"Guadalajara.- El gobernador de Jalisco, Enrique Alfaro Ram\u00edrez, expres\u00f3 este jueves que espera se llegue a fondo en la investigaci\u00f3n del l\u00edder de la Iglesia de la Luz del Mundo, Naas\u00f3n Joaqu\u00edn Garc\u00eda, y si se cometieron los\u00a0 delitos imputados asuma las consecuencias de sus actos. En rueda de prensa, se\u00f1al\u00f3 que realiz\u00f3 una consulta [&hellip;]","og_url":"https:\/\/canal7slp.tv\/2019\/enrique-alfaro-se-deslinda-del-lider-de-la-luz-del-mundo\/","og_site_name":"Canal 7 SLP - 2019","article_publisher":"https:\/\/www.facebook.com\/CANAL7SLP\/","article_published_time":"2019-06-07T12:35:25+00:00","og_image":[{"width":800,"height":600,"url":"https:\/\/canal7slp.tv\/2019\/wp-content\/uploads\/2019\/06\/910-4.jpg","type":"image\/jpeg"}],"author":"edicionweb","twitter_card":"summary_large_image","twitter_creator":"@canal7_slp","twitter_site":"@canal7_slp","twitter_misc":{"Escrito por":"edicionweb","Tiempo de lectura":"4 minutos"},"schema":{"@context":"https:\/\/schema.org","@graph":[{"@type":"Article","@id":"https:\/\/canal7slp.tv\/2019\/enrique-alfaro-se-deslinda-del-lider-de-la-luz-del-mundo\/#article","isPartOf":{"@id":"https:\/\/canal7slp.tv\/2019\/enrique-alfaro-se-deslinda-del-lider-de-la-luz-del-mundo\/"},"author":{"name":"edicionweb","@id":"https:\/\/canal7slp.tv\/2019\/#\/schema\/person\/11d941c1c6ca30ac0a46b95fa37aa2e3"},"headline":"Enrique Alfaro se deslinda del l\u00edder de la Luz del Mundo","datePublished":"2019-06-07T12:35:25+00:00","mainEntityOfPage":{"@id":"https:\/\/canal7slp.tv\/2019\/enrique-alfaro-se-deslinda-del-lider-de-la-luz-del-mundo\/"},"wordCount":803,"commentCount":0,"publisher":{"@id":"https:\/\/canal7slp.tv\/2019\/#organization"},"image":{"@id":"https:\/\/canal7slp.tv\/2019\/enrique-alfaro-se-deslinda-del-lider-de-la-luz-del-mundo\/#primaryimage"},"thumbnailUrl":"https:\/\/canal7slp.tv\/2019\/wp-content\/uploads\/2019\/06\/910-4.jpg","articleSection":["NACIONAL"],"inLanguage":"es","potentialAction":[{"@type":"CommentAction","name":"Comment","target":["https:\/\/canal7slp.tv\/2019\/enrique-alfaro-se-deslinda-del-lider-de-la-luz-del-mundo\/#respond"]}]},{"@type":"WebPage","@id":"https:\/\/canal7slp.tv\/2019\/enrique-alfaro-se-deslinda-del-lider-de-la-luz-del-mundo\/","url":"https:\/\/canal7slp.tv\/2019\/enrique-alfaro-se-deslinda-del-lider-de-la-luz-del-mundo\/","name":"Enrique Alfaro se deslinda del l\u00edder de la Luz del Mundo - Canal 7 SLP - 2019","isPartOf":{"@id":"https:\/\/canal7slp.tv\/2019\/#website"},"primaryImageOfPage":{"@id":"https:\/\/canal7slp.tv\/2019\/enrique-alfaro-se-deslinda-del-lider-de-la-luz-del-mundo\/#primaryimage"},"image":{"@id":"https:\/\/canal7slp.tv\/2019\/enrique-alfaro-se-deslinda-del-lider-de-la-luz-del-mundo\/#primaryimage"},"thumbnailUrl":"https:\/\/canal7slp.tv\/2019\/wp-content\/uploads\/2019\/06\/910-4.jpg","datePublished":"2019-06-07T12:35:25+00:00","breadcrumb":{"@id":"https:\/\/canal7slp.tv\/2019\/enrique-alfaro-se-deslinda-del-lider-de-la-luz-del-mundo\/#breadcrumb"},"inLanguage":"es","potentialAction":[{"@type":"ReadAction","target":["https:\/\/canal7slp.tv\/2019\/enrique-alfaro-se-deslinda-del-lider-de-la-luz-del-mundo\/"]}]},{"@type":"ImageObject","inLanguage":"es","@id":"https:\/\/canal7slp.tv\/2019\/enrique-alfaro-se-deslinda-del-lider-de-la-luz-del-mundo\/#primaryimage","url":"https:\/\/canal7slp.tv\/2019\/wp-content\/uploads\/2019\/06\/910-4.jpg","contentUrl":"https:\/\/canal7slp.tv\/2019\/wp-content\/uploads\/2019\/06\/910-4.jpg","width":800,"height":600},{"@type":"BreadcrumbList","@id":"https:\/\/canal7slp.tv\/2019\/enrique-alfaro-se-deslinda-del-lider-de-la-luz-del-mundo\/#breadcrumb","itemListElement":[{"@type":"ListItem","position":1,"name":"Home","item":"https:\/\/canal7slp.tv\/2019\/"},{"@type":"ListItem","position":2,"name":"Enrique Alfaro se deslinda del l\u00edder de la Luz del Mundo"}]},{"@type":"WebSite","@id":"https:\/\/canal7slp.tv\/2019\/#website","url":"https:\/\/canal7slp.tv\/2019\/","name":"Canal 7 SLP - Somos TV","description":"Somos un Canal de 10","publisher":{"@id":"https:\/\/canal7slp.tv\/2019\/#organization"},"potentialAction":[{"@type":"SearchAction","target":{"@type":"EntryPoint","urlTemplate":"https:\/\/canal7slp.tv\/2019\/?s={search_term_string}"},"query-input":{"@type":"PropertyValueSpecification","valueRequired":true,"valueName":"search_term_string"}}],"inLanguage":"es"},{"@type":"Organization","@id":"https:\/\/canal7slp.tv\/2019\/#organization","name":"Comunicaci\u00f3n 2000 S.A. de C.V.","url":"https:\/\/canal7slp.tv\/2019\/","logo":{"@type":"ImageObject","inLanguage":"es","@id":"https:\/\/canal7slp.tv\/2019\/#\/schema\/logo\/image\/","url":"https:\/\/canal7slp.tv\/2019\/wp-content\/uploads\/2019\/07\/logo-c7.png","contentUrl":"https:\/\/canal7slp.tv\/2019\/wp-content\/uploads\/2019\/07\/logo-c7.png","width":220,"height":60,"caption":"Comunicaci\u00f3n 2000 S.A. de C.V."},"image":{"@id":"https:\/\/canal7slp.tv\/2019\/#\/schema\/logo\/image\/"},"sameAs":["https:\/\/www.facebook.com\/CANAL7SLP\/","https:\/\/x.com\/canal7_slp","https:\/\/www.instagram.com\/canal7_slp","https:\/\/www.youtube.com\/user\/NOTICIEROSCANAL7SLP\/"]},{"@type":"Person","@id":"https:\/\/canal7slp.tv\/2019\/#\/schema\/person\/11d941c1c6ca30ac0a46b95fa37aa2e3","name":"edicionweb","image":{"@type":"ImageObject","inLanguage":"es","@id":"https:\/\/secure.gravatar.com\/avatar\/eee448fc3f7164808013b816ba91ac7e43bbe82a70bebac296f8bc6f0addaa1a?s=96&d=mm&r=g","url":"https:\/\/secure.gravatar.com\/avatar\/eee448fc3f7164808013b816ba91ac7e43bbe82a70bebac296f8bc6f0addaa1a?s=96&d=mm&r=g","contentUrl":"https:\/\/secure.gravatar.com\/avatar\/eee448fc3f7164808013b816ba91ac7e43bbe82a70bebac296f8bc6f0addaa1a?s=96&d=mm&r=g","caption":"edicionweb"}}]}},"amp_enabled":true,"cmb2":{"video_ids_in_playlist":{"vid_p_videos":""},"video_ids_in_channel":{"vid_c_videos":""},"playlist_ids_in_channel":{"vid_c_playlists":""},"series_ids_in_channel":{"vid_c_series":""},"channel_images":{"vid_c_logo":"","vid_c_banner":""},"poster_feature_image":{"vid_m_poster_image":""},"gif_feature_image":{"vid_m_gif_image":""},"video_movie_settings":{"vid_m_director":"","vid_m_actor":"","vid_m_imdb_ratings":"","vid_m_amazon_associates":""},"vid_youtube_broadcasts_settings":{"vid_yb_broadcast_title":"","vid_yb_q":"","vid_yb_channelid":"","vid_yb_videocategoryid":"","vid_yb_maxresults":"","vid_yb_order":"","vid_yb_regioncode":"","vid_yb_videosyndicated":"","vid_yb_style":"","vid_yb_reload_first":""},"video_series_settings":{"vid_m_director":"","vid_m_actor":"","vid_m_imdb_ratings":"","video_series_group":""},"amazon_associates_settings":{"amazon_associates":"","amazon_native_ad":""},"vid_youtube_automatic_settings":{"vid_ya_youtube_source":"","vid_ya_update_every":"","vid_ya_update_unit":"","vid_ya_categories":"","vid_ya_published_after":"","vid_ya_published_before":"","vid_ya_playlists":"","vid_ya_channels":"","vid_ya_director":"","vid_ya_actor":"","vid_ya_author":"","vid_ya_import_post_date":"","vid_ya_status":"","vid_ya_sub_api_key":""},"vid_ads_m_videoads_settings_post":{"vid_ads_m_video_ads":"","vid_ads_m_video_ads_type":"","vid_ads_m_group_google_ima":"","vid_ads_m_group_image":"","vid_ads_m_group_html5_video":"","vid_ads_m_group_html":"","vid_ads_m_vast_preroll":"","vid_ads_m_vast_postroll":"","vid_ads_m_vast_pauseroll":"","vid_ads_m_vast_midroll":[{"vid_ads_m_vast_timer_seconds":"50"}],"vid_ads_m_time_to_show_ads":"","vid_ads_m_time_skip_ads":"","vid_ads_m_time_to_hide_ads":""},"page_slider_settings":{"display_slider_group":"","page_slider_group":""},"blog_page_settings":{"blog_page_title":"","blog_page_heading":"","blog_page_ic":"","blog_page_it":"","blog_page_ec":"","blog_page_ip":"","archive_loop_style":"","blog_image_ratio":"","blog_show_categories":"","blog_show_excerpt":"","blog_show_author":"","blog_show_date":"","blog_show_comment_count":"","blog_show_view_count":"","blog_show_like_count":"","blog_show_dislike_count":"","blog_items_per_page":"","blog_pag_type":""},"page_options":{"get_page_template":"","color_mode":"","main_layout":"","main_layout_full_with":"","main_logo":"","main_logo_retina":"","main_logo_mobile":"","main_logo_mobile_retina":"","sticky_logo":"","sticky_logo_retina":"","main_nav_layout":"","ajax_search":"","header_background":"","theme_sidebar":"","instagram_feed":"","instagram_feed_position":"","popular_videos":"","popular_videos_title_1":"","popular_videos_title_2":"","popular_videos_ic":"","popular_videos_it":"","theme_background":"","page_custom_css":""},"feature_image_settings":{"feature_image_position":""},"video_player_settings":{"single_video_style":"","video_player_position":"","vm_video_url":"","video_player_library":"","video_streaming":"","vm_media_sources":"","vid_auto_play":"","vm_video_shortcode":"","vid_p_sync_playlist":"","vid_c_sync_channel":"","get_post_format":"","multiple_links_structure":"default","multi_links_title":"","vm_video_multi_links":"","vm_duration":"","vid_social_locker":"off","vid_social_locker_id":"","vid_membership_action":"content-video","vm_video_trailer_url":"","vid_download_type":"free","vid_download_target":"download","vid_woo_product":"","vm_media_download":"","user_rating":"","user_rating_position":"","user_rating_mode":"","user_rating_multi_sets":""},"video_auto_fetch_settings":{"vm_video_fetch":"on"},"video_fake_views_likes":{"vm_fake_views":"","vm_fake_likes":"","vm_fake_dislikes":""},"gallery_settings":{"gallery_position":""},"quote_settings":{"quote_position":""},"post_options":{"main_layout":"","main_logo":"","main_logo_retina":"","main_logo_mobile":"","main_logo_mobile_retina":"","sticky_logo":"","sticky_logo_retina":"","main_nav_layout":"","header_background":"","theme_sidebar":"","single_post_comment_type":"","theme_background":""}},"_links":{"self":[{"href":"https:\/\/canal7slp.tv\/2019\/wp-json\/wp\/v2\/posts\/8627","targetHints":{"allow":["GET"]}}],"collection":[{"href":"https:\/\/canal7slp.tv\/2019\/wp-json\/wp\/v2\/posts"}],"about":[{"href":"https:\/\/canal7slp.tv\/2019\/wp-json\/wp\/v2\/types\/post"}],"author":[{"embeddable":true,"href":"https:\/\/canal7slp.tv\/2019\/wp-json\/wp\/v2\/users\/2"}],"replies":[{"embeddable":true,"href":"https:\/\/canal7slp.tv\/2019\/wp-json\/wp\/v2\/comments?post=8627"}],"version-history":[{"count":0,"href":"https:\/\/canal7slp.tv\/2019\/wp-json\/wp\/v2\/posts\/8627\/revisions"}],"wp:featuredmedia":[{"embeddable":true,"href":"https:\/\/canal7slp.tv\/2019\/wp-json\/wp\/v2\/media\/8628"}],"wp:attachment":[{"href":"https:\/\/canal7slp.tv\/2019\/wp-json\/wp\/v2\/media?parent=8627"}],"wp:term":[{"taxonomy":"category","embeddable":true,"href":"https:\/\/canal7slp.tv\/2019\/wp-json\/wp\/v2\/categories?post=8627"},{"taxonomy":"post_tag","embeddable":true,"href":"https:\/\/canal7slp.tv\/2019\/wp-json\/wp\/v2\/tags?post=8627"}],"curies":[{"name":"wp","href":"https:\/\/api.w.org\/{rel}","templated":true}]}}