{"id":86094,"date":"2019-12-04T10:17:11","date_gmt":"2019-12-04T16:17:11","guid":{"rendered":"https:\/\/canal7slp.tv\/2019\/?p=86094"},"modified":"2019-12-04T10:17:11","modified_gmt":"2019-12-04T16:17:11","slug":"solo-uno-de-cada-siete-discapacitados-con-pension-federal-en-el-2020","status":"publish","type":"post","link":"https:\/\/canal7slp.tv\/2019\/solo-uno-de-cada-siete-discapacitados-con-pension-federal-en-el-2020\/","title":{"rendered":"S\u00f3lo uno de cada siete discapacitados, con pensi\u00f3n federal en el 2020"},"content":{"rendered":"<ul>\n<li style=\"text-align: justify\">Un mill\u00f3n de mexicanos recibir\u00e1 este subsidio el pr\u00f3ximo a\u00f1o, pero este sector es integrado por 7.1 millones<\/li>\n<\/ul>\n<p style=\"text-align: justify\">M\u00e9xico.- El Gobierno de la Rep\u00fablica prev\u00e9 que el siguiente a\u00f1o un mill\u00f3n de mexicanos recibir\u00e1 la Pensi\u00f3n para el Bienestar de las Personas con Discapacidad, que otorga un monto econ\u00f3mico de dos mil 550 pesos al bimestre. Sin embargo, en M\u00e9xico 7.1 millones de ciudadanos viven con discapacidad, por lo que el apoyo solamente beneficia a uno de cada siete.<\/p>\n<p style=\"text-align: justify\">El Presidente Andr\u00e9s Manuel L\u00f3pez Obrador subray\u00f3 que este 2019 se lleva ejercido un presupuesto de 9.1 mil millones de pesos en este programa. Y adelant\u00f3 que, para el siguiente a\u00f1o, aumentar\u00e1 a 14.2 mil millones de pesos, con lo que se busca alcanzar el objetivo.<\/p>\n<p style=\"text-align: justify\">\u201cEn el programa de becas para ni\u00f1as y ni\u00f1os con discapacidad se contempla una ampliaci\u00f3n presupuestal y se considera aumentar la pensi\u00f3n o mantenerla porque ya se est\u00e1 incluyendo el porcentaje de la inflaci\u00f3n (un incremento de m\u00e1s de 3%)\u201d, remarc\u00f3 el Presidente en la conferencia ma\u00f1anera.<\/p>\n<p style=\"text-align: justify\">De la meta planteada, al mes de diciembre se tiene un avance de 815 mil 883 beneficiados (81%), de los cuales 507 mil 950 son ni\u00f1as, ni\u00f1os, adolescentes y j\u00f3venes, inform\u00f3 la subsecretaria de Bienestar, Ariadna Montiel Reyes.<\/p>\n<p style=\"text-align: justify\">Otro grupo prioritario del programa es el de los pueblos originarios o ind\u00edgenas, por lo que se incorpor\u00f3 a 77 mil adultos de entre 30 y 64 a\u00f1os de edad, as\u00ed como a m\u00e1s de 230 mil personas del mismo rango que viven en las zonas urbanas con alto grado de marginaci\u00f3n o pobreza.<\/p>\n<p style=\"text-align: justify\">Ante las fallas registradas en los primeros meses, principalmente por el retraso en la entrega de la pensi\u00f3n federal, Montiel Reyes explic\u00f3 que 38% recibe el subsidio a trav\u00e9s de la tarjeta del Bienestar; el resto, mediante el despliegue de un operativo de pago, pues en las comunidades se carece de infraestructura bancaria.<\/p>\n<p style=\"text-align: justify\">De acuerdo con la Encuesta Nacional de la Din\u00e1mica Demogr\u00e1fica realizada el a\u00f1o pasado, 545 mil 679 habitantes de Jalisco tienen alguna discapacidad, lo que representa 6.6% de la poblaci\u00f3n, porcentaje ligeramente superior a la media nacional, que registra 6.3 por ciento.<\/p>\n<p style=\"text-align: justify\">Sobre la anterior encuesta, Zacatecas encabeza el listado, con 9.6% de su poblaci\u00f3n, seguido de Tabasco, con 9.4%, y Guerrero, con 8.7 por ciento.<\/p>\n<p style=\"text-align: justify\">A nivel nacional, Jalisco registra el porcentaje m\u00e1s alto de personas con discapacidad para caminar, subir o bajar usando sus piernas.<\/p>\n<p><strong>Centros Integradores del Bienestar:<\/strong><\/p>\n<ul>\n<li>Guadalajara<\/li>\n<\/ul>\n<p>Domicilio: Lerdo de Tejada n\u00famero 2466, en la Colonia Obrera.<\/p>\n<ul>\n<li>Tlaquepaque<\/li>\n<\/ul>\n<p>Domicilio: Pila Seca, local 16.<\/p>\n<ul>\n<li>Tlajomulco<\/li>\n<\/ul>\n<p>Domicilio: Degollado Poniente n\u00famero 21, en la Colonia Centro.<\/p>\n<ul>\n<li>Zapopan<\/li>\n<\/ul>\n<p>Domicilio: Perif\u00e9rico Norte n\u00famero 3101, en la Colonia Tabachines.<\/p>\n<p>&nbsp;<\/p>\n","protected":false},"excerpt":{"rendered":"<p>Un mill\u00f3n de mexicanos recibir\u00e1 este subsidio el pr\u00f3ximo a\u00f1o, pero este sector es integrado por 7.1 millones M\u00e9xico.- El Gobierno de la Rep\u00fablica prev\u00e9 que el siguiente a\u00f1o un mill\u00f3n de mexicanos recibir\u00e1 la Pensi\u00f3n para el Bienestar de las Personas con Discapacidad, que otorga un monto econ\u00f3mico de dos mil 550 pesos al [&hellip;]<\/p>\n","protected":false},"author":2,"featured_media":86095,"comment_status":"open","ping_status":"open","sticky":false,"template":"","format":"standard","meta":{"footnotes":""},"categories":[30],"tags":[],"class_list":["post-86094","post","type-post","status-publish","format-standard","has-post-thumbnail","hentry","category-nacional"],"yoast_head":"<!-- This site is optimized with the Yoast SEO plugin v27.5 - https:\/\/yoast.com\/product\/yoast-seo-wordpress\/ -->\n<title>S\u00f3lo uno de cada siete discapacitados, con pensi\u00f3n federal en el 2020 - Canal 7 SLP - 2019<\/title>\n<meta name=\"robots\" content=\"index, follow, max-snippet:-1, max-image-preview:large, max-video-preview:-1\" \/>\n<link rel=\"canonical\" href=\"https:\/\/canal7slp.tv\/2019\/solo-uno-de-cada-siete-discapacitados-con-pension-federal-en-el-2020\/\" \/>\n<meta property=\"og:locale\" content=\"es_ES\" \/>\n<meta property=\"og:type\" content=\"article\" \/>\n<meta property=\"og:title\" content=\"S\u00f3lo uno de cada siete discapacitados, con pensi\u00f3n federal en el 2020 - Canal 7 SLP - 2019\" \/>\n<meta property=\"og:description\" content=\"Un mill\u00f3n de mexicanos recibir\u00e1 este subsidio el pr\u00f3ximo a\u00f1o, pero este sector es integrado por 7.1 millones M\u00e9xico.- El Gobierno de la Rep\u00fablica prev\u00e9 que el siguiente a\u00f1o un mill\u00f3n de mexicanos recibir\u00e1 la Pensi\u00f3n para el Bienestar de las Personas con Discapacidad, que otorga un monto econ\u00f3mico de dos mil 550 pesos al [&hellip;]\" \/>\n<meta property=\"og:url\" content=\"https:\/\/canal7slp.tv\/2019\/solo-uno-de-cada-siete-discapacitados-con-pension-federal-en-el-2020\/\" \/>\n<meta property=\"og:site_name\" content=\"Canal 7 SLP - 2019\" \/>\n<meta property=\"article:publisher\" content=\"https:\/\/www.facebook.com\/CANAL7SLP\/\" \/>\n<meta property=\"article:published_time\" content=\"2019-12-04T16:17:11+00:00\" \/>\n<meta property=\"og:image\" content=\"https:\/\/canal7slp.tv\/2019\/wp-content\/uploads\/2019\/12\/1115-2.jpg\" \/>\n\t<meta property=\"og:image:width\" content=\"659\" \/>\n\t<meta property=\"og:image:height\" content=\"410\" \/>\n\t<meta property=\"og:image:type\" content=\"image\/jpeg\" \/>\n<meta name=\"author\" content=\"edicionweb\" \/>\n<meta name=\"twitter:card\" content=\"summary_large_image\" \/>\n<meta name=\"twitter:creator\" content=\"@canal7_slp\" \/>\n<meta name=\"twitter:site\" content=\"@canal7_slp\" \/>\n<meta name=\"twitter:label1\" content=\"Escrito por\" \/>\n\t<meta name=\"twitter:data1\" content=\"edicionweb\" \/>\n\t<meta name=\"twitter:label2\" content=\"Tiempo de lectura\" \/>\n\t<meta name=\"twitter:data2\" content=\"2 minutos\" \/>\n<script type=\"application\/ld+json\" class=\"yoast-schema-graph\">{\"@context\":\"https:\\\/\\\/schema.org\",\"@graph\":[{\"@type\":\"Article\",\"@id\":\"https:\\\/\\\/canal7slp.tv\\\/2019\\\/solo-uno-de-cada-siete-discapacitados-con-pension-federal-en-el-2020\\\/#article\",\"isPartOf\":{\"@id\":\"https:\\\/\\\/canal7slp.tv\\\/2019\\\/solo-uno-de-cada-siete-discapacitados-con-pension-federal-en-el-2020\\\/\"},\"author\":{\"name\":\"edicionweb\",\"@id\":\"https:\\\/\\\/canal7slp.tv\\\/2019\\\/#\\\/schema\\\/person\\\/11d941c1c6ca30ac0a46b95fa37aa2e3\"},\"headline\":\"S\u00f3lo uno de cada siete discapacitados, con pensi\u00f3n federal en el 2020\",\"datePublished\":\"2019-12-04T16:17:11+00:00\",\"mainEntityOfPage\":{\"@id\":\"https:\\\/\\\/canal7slp.tv\\\/2019\\\/solo-uno-de-cada-siete-discapacitados-con-pension-federal-en-el-2020\\\/\"},\"wordCount\":471,\"commentCount\":0,\"publisher\":{\"@id\":\"https:\\\/\\\/canal7slp.tv\\\/2019\\\/#organization\"},\"image\":{\"@id\":\"https:\\\/\\\/canal7slp.tv\\\/2019\\\/solo-uno-de-cada-siete-discapacitados-con-pension-federal-en-el-2020\\\/#primaryimage\"},\"thumbnailUrl\":\"https:\\\/\\\/canal7slp.tv\\\/2019\\\/wp-content\\\/uploads\\\/2019\\\/12\\\/1115-2.jpg\",\"articleSection\":[\"NACIONAL\"],\"inLanguage\":\"es\",\"potentialAction\":[{\"@type\":\"CommentAction\",\"name\":\"Comment\",\"target\":[\"https:\\\/\\\/canal7slp.tv\\\/2019\\\/solo-uno-de-cada-siete-discapacitados-con-pension-federal-en-el-2020\\\/#respond\"]}]},{\"@type\":\"WebPage\",\"@id\":\"https:\\\/\\\/canal7slp.tv\\\/2019\\\/solo-uno-de-cada-siete-discapacitados-con-pension-federal-en-el-2020\\\/\",\"url\":\"https:\\\/\\\/canal7slp.tv\\\/2019\\\/solo-uno-de-cada-siete-discapacitados-con-pension-federal-en-el-2020\\\/\",\"name\":\"S\u00f3lo uno de cada siete discapacitados, con pensi\u00f3n federal en el 2020 - Canal 7 SLP - 2019\",\"isPartOf\":{\"@id\":\"https:\\\/\\\/canal7slp.tv\\\/2019\\\/#website\"},\"primaryImageOfPage\":{\"@id\":\"https:\\\/\\\/canal7slp.tv\\\/2019\\\/solo-uno-de-cada-siete-discapacitados-con-pension-federal-en-el-2020\\\/#primaryimage\"},\"image\":{\"@id\":\"https:\\\/\\\/canal7slp.tv\\\/2019\\\/solo-uno-de-cada-siete-discapacitados-con-pension-federal-en-el-2020\\\/#primaryimage\"},\"thumbnailUrl\":\"https:\\\/\\\/canal7slp.tv\\\/2019\\\/wp-content\\\/uploads\\\/2019\\\/12\\\/1115-2.jpg\",\"datePublished\":\"2019-12-04T16:17:11+00:00\",\"breadcrumb\":{\"@id\":\"https:\\\/\\\/canal7slp.tv\\\/2019\\\/solo-uno-de-cada-siete-discapacitados-con-pension-federal-en-el-2020\\\/#breadcrumb\"},\"inLanguage\":\"es\",\"potentialAction\":[{\"@type\":\"ReadAction\",\"target\":[\"https:\\\/\\\/canal7slp.tv\\\/2019\\\/solo-uno-de-cada-siete-discapacitados-con-pension-federal-en-el-2020\\\/\"]}]},{\"@type\":\"ImageObject\",\"inLanguage\":\"es\",\"@id\":\"https:\\\/\\\/canal7slp.tv\\\/2019\\\/solo-uno-de-cada-siete-discapacitados-con-pension-federal-en-el-2020\\\/#primaryimage\",\"url\":\"https:\\\/\\\/canal7slp.tv\\\/2019\\\/wp-content\\\/uploads\\\/2019\\\/12\\\/1115-2.jpg\",\"contentUrl\":\"https:\\\/\\\/canal7slp.tv\\\/2019\\\/wp-content\\\/uploads\\\/2019\\\/12\\\/1115-2.jpg\",\"width\":659,\"height\":410},{\"@type\":\"BreadcrumbList\",\"@id\":\"https:\\\/\\\/canal7slp.tv\\\/2019\\\/solo-uno-de-cada-siete-discapacitados-con-pension-federal-en-el-2020\\\/#breadcrumb\",\"itemListElement\":[{\"@type\":\"ListItem\",\"position\":1,\"name\":\"Home\",\"item\":\"https:\\\/\\\/canal7slp.tv\\\/2019\\\/\"},{\"@type\":\"ListItem\",\"position\":2,\"name\":\"S\u00f3lo uno de cada siete discapacitados, con pensi\u00f3n federal en el 2020\"}]},{\"@type\":\"WebSite\",\"@id\":\"https:\\\/\\\/canal7slp.tv\\\/2019\\\/#website\",\"url\":\"https:\\\/\\\/canal7slp.tv\\\/2019\\\/\",\"name\":\"Canal 7 SLP - Somos TV\",\"description\":\"Somos un Canal de 10\",\"publisher\":{\"@id\":\"https:\\\/\\\/canal7slp.tv\\\/2019\\\/#organization\"},\"potentialAction\":[{\"@type\":\"SearchAction\",\"target\":{\"@type\":\"EntryPoint\",\"urlTemplate\":\"https:\\\/\\\/canal7slp.tv\\\/2019\\\/?s={search_term_string}\"},\"query-input\":{\"@type\":\"PropertyValueSpecification\",\"valueRequired\":true,\"valueName\":\"search_term_string\"}}],\"inLanguage\":\"es\"},{\"@type\":\"Organization\",\"@id\":\"https:\\\/\\\/canal7slp.tv\\\/2019\\\/#organization\",\"name\":\"Comunicaci\u00f3n 2000 S.A. de C.V.\",\"url\":\"https:\\\/\\\/canal7slp.tv\\\/2019\\\/\",\"logo\":{\"@type\":\"ImageObject\",\"inLanguage\":\"es\",\"@id\":\"https:\\\/\\\/canal7slp.tv\\\/2019\\\/#\\\/schema\\\/logo\\\/image\\\/\",\"url\":\"https:\\\/\\\/canal7slp.tv\\\/2019\\\/wp-content\\\/uploads\\\/2019\\\/07\\\/logo-c7.png\",\"contentUrl\":\"https:\\\/\\\/canal7slp.tv\\\/2019\\\/wp-content\\\/uploads\\\/2019\\\/07\\\/logo-c7.png\",\"width\":220,\"height\":60,\"caption\":\"Comunicaci\u00f3n 2000 S.A. de C.V.\"},\"image\":{\"@id\":\"https:\\\/\\\/canal7slp.tv\\\/2019\\\/#\\\/schema\\\/logo\\\/image\\\/\"},\"sameAs\":[\"https:\\\/\\\/www.facebook.com\\\/CANAL7SLP\\\/\",\"https:\\\/\\\/x.com\\\/canal7_slp\",\"https:\\\/\\\/www.instagram.com\\\/canal7_slp\",\"https:\\\/\\\/www.youtube.com\\\/user\\\/NOTICIEROSCANAL7SLP\\\/\"]},{\"@type\":\"Person\",\"@id\":\"https:\\\/\\\/canal7slp.tv\\\/2019\\\/#\\\/schema\\\/person\\\/11d941c1c6ca30ac0a46b95fa37aa2e3\",\"name\":\"edicionweb\",\"image\":{\"@type\":\"ImageObject\",\"inLanguage\":\"es\",\"@id\":\"https:\\\/\\\/secure.gravatar.com\\\/avatar\\\/eee448fc3f7164808013b816ba91ac7e43bbe82a70bebac296f8bc6f0addaa1a?s=96&d=mm&r=g\",\"url\":\"https:\\\/\\\/secure.gravatar.com\\\/avatar\\\/eee448fc3f7164808013b816ba91ac7e43bbe82a70bebac296f8bc6f0addaa1a?s=96&d=mm&r=g\",\"contentUrl\":\"https:\\\/\\\/secure.gravatar.com\\\/avatar\\\/eee448fc3f7164808013b816ba91ac7e43bbe82a70bebac296f8bc6f0addaa1a?s=96&d=mm&r=g\",\"caption\":\"edicionweb\"}}]}<\/script>\n<!-- \/ Yoast SEO plugin. -->","yoast_head_json":{"title":"S\u00f3lo uno de cada siete discapacitados, con pensi\u00f3n federal en el 2020 - Canal 7 SLP - 2019","robots":{"index":"index","follow":"follow","max-snippet":"max-snippet:-1","max-image-preview":"max-image-preview:large","max-video-preview":"max-video-preview:-1"},"canonical":"https:\/\/canal7slp.tv\/2019\/solo-uno-de-cada-siete-discapacitados-con-pension-federal-en-el-2020\/","og_locale":"es_ES","og_type":"article","og_title":"S\u00f3lo uno de cada siete discapacitados, con pensi\u00f3n federal en el 2020 - Canal 7 SLP - 2019","og_description":"Un mill\u00f3n de mexicanos recibir\u00e1 este subsidio el pr\u00f3ximo a\u00f1o, pero este sector es integrado por 7.1 millones M\u00e9xico.- El Gobierno de la Rep\u00fablica prev\u00e9 que el siguiente a\u00f1o un mill\u00f3n de mexicanos recibir\u00e1 la Pensi\u00f3n para el Bienestar de las Personas con Discapacidad, que otorga un monto econ\u00f3mico de dos mil 550 pesos al [&hellip;]","og_url":"https:\/\/canal7slp.tv\/2019\/solo-uno-de-cada-siete-discapacitados-con-pension-federal-en-el-2020\/","og_site_name":"Canal 7 SLP - 2019","article_publisher":"https:\/\/www.facebook.com\/CANAL7SLP\/","article_published_time":"2019-12-04T16:17:11+00:00","og_image":[{"width":659,"height":410,"url":"https:\/\/canal7slp.tv\/2019\/wp-content\/uploads\/2019\/12\/1115-2.jpg","type":"image\/jpeg"}],"author":"edicionweb","twitter_card":"summary_large_image","twitter_creator":"@canal7_slp","twitter_site":"@canal7_slp","twitter_misc":{"Escrito por":"edicionweb","Tiempo de lectura":"2 minutos"},"schema":{"@context":"https:\/\/schema.org","@graph":[{"@type":"Article","@id":"https:\/\/canal7slp.tv\/2019\/solo-uno-de-cada-siete-discapacitados-con-pension-federal-en-el-2020\/#article","isPartOf":{"@id":"https:\/\/canal7slp.tv\/2019\/solo-uno-de-cada-siete-discapacitados-con-pension-federal-en-el-2020\/"},"author":{"name":"edicionweb","@id":"https:\/\/canal7slp.tv\/2019\/#\/schema\/person\/11d941c1c6ca30ac0a46b95fa37aa2e3"},"headline":"S\u00f3lo uno de cada siete discapacitados, con pensi\u00f3n federal en el 2020","datePublished":"2019-12-04T16:17:11+00:00","mainEntityOfPage":{"@id":"https:\/\/canal7slp.tv\/2019\/solo-uno-de-cada-siete-discapacitados-con-pension-federal-en-el-2020\/"},"wordCount":471,"commentCount":0,"publisher":{"@id":"https:\/\/canal7slp.tv\/2019\/#organization"},"image":{"@id":"https:\/\/canal7slp.tv\/2019\/solo-uno-de-cada-siete-discapacitados-con-pension-federal-en-el-2020\/#primaryimage"},"thumbnailUrl":"https:\/\/canal7slp.tv\/2019\/wp-content\/uploads\/2019\/12\/1115-2.jpg","articleSection":["NACIONAL"],"inLanguage":"es","potentialAction":[{"@type":"CommentAction","name":"Comment","target":["https:\/\/canal7slp.tv\/2019\/solo-uno-de-cada-siete-discapacitados-con-pension-federal-en-el-2020\/#respond"]}]},{"@type":"WebPage","@id":"https:\/\/canal7slp.tv\/2019\/solo-uno-de-cada-siete-discapacitados-con-pension-federal-en-el-2020\/","url":"https:\/\/canal7slp.tv\/2019\/solo-uno-de-cada-siete-discapacitados-con-pension-federal-en-el-2020\/","name":"S\u00f3lo uno de cada siete discapacitados, con pensi\u00f3n federal en el 2020 - Canal 7 SLP - 2019","isPartOf":{"@id":"https:\/\/canal7slp.tv\/2019\/#website"},"primaryImageOfPage":{"@id":"https:\/\/canal7slp.tv\/2019\/solo-uno-de-cada-siete-discapacitados-con-pension-federal-en-el-2020\/#primaryimage"},"image":{"@id":"https:\/\/canal7slp.tv\/2019\/solo-uno-de-cada-siete-discapacitados-con-pension-federal-en-el-2020\/#primaryimage"},"thumbnailUrl":"https:\/\/canal7slp.tv\/2019\/wp-content\/uploads\/2019\/12\/1115-2.jpg","datePublished":"2019-12-04T16:17:11+00:00","breadcrumb":{"@id":"https:\/\/canal7slp.tv\/2019\/solo-uno-de-cada-siete-discapacitados-con-pension-federal-en-el-2020\/#breadcrumb"},"inLanguage":"es","potentialAction":[{"@type":"ReadAction","target":["https:\/\/canal7slp.tv\/2019\/solo-uno-de-cada-siete-discapacitados-con-pension-federal-en-el-2020\/"]}]},{"@type":"ImageObject","inLanguage":"es","@id":"https:\/\/canal7slp.tv\/2019\/solo-uno-de-cada-siete-discapacitados-con-pension-federal-en-el-2020\/#primaryimage","url":"https:\/\/canal7slp.tv\/2019\/wp-content\/uploads\/2019\/12\/1115-2.jpg","contentUrl":"https:\/\/canal7slp.tv\/2019\/wp-content\/uploads\/2019\/12\/1115-2.jpg","width":659,"height":410},{"@type":"BreadcrumbList","@id":"https:\/\/canal7slp.tv\/2019\/solo-uno-de-cada-siete-discapacitados-con-pension-federal-en-el-2020\/#breadcrumb","itemListElement":[{"@type":"ListItem","position":1,"name":"Home","item":"https:\/\/canal7slp.tv\/2019\/"},{"@type":"ListItem","position":2,"name":"S\u00f3lo uno de cada siete discapacitados, con pensi\u00f3n federal en el 2020"}]},{"@type":"WebSite","@id":"https:\/\/canal7slp.tv\/2019\/#website","url":"https:\/\/canal7slp.tv\/2019\/","name":"Canal 7 SLP - Somos TV","description":"Somos un Canal de 10","publisher":{"@id":"https:\/\/canal7slp.tv\/2019\/#organization"},"potentialAction":[{"@type":"SearchAction","target":{"@type":"EntryPoint","urlTemplate":"https:\/\/canal7slp.tv\/2019\/?s={search_term_string}"},"query-input":{"@type":"PropertyValueSpecification","valueRequired":true,"valueName":"search_term_string"}}],"inLanguage":"es"},{"@type":"Organization","@id":"https:\/\/canal7slp.tv\/2019\/#organization","name":"Comunicaci\u00f3n 2000 S.A. de C.V.","url":"https:\/\/canal7slp.tv\/2019\/","logo":{"@type":"ImageObject","inLanguage":"es","@id":"https:\/\/canal7slp.tv\/2019\/#\/schema\/logo\/image\/","url":"https:\/\/canal7slp.tv\/2019\/wp-content\/uploads\/2019\/07\/logo-c7.png","contentUrl":"https:\/\/canal7slp.tv\/2019\/wp-content\/uploads\/2019\/07\/logo-c7.png","width":220,"height":60,"caption":"Comunicaci\u00f3n 2000 S.A. de C.V."},"image":{"@id":"https:\/\/canal7slp.tv\/2019\/#\/schema\/logo\/image\/"},"sameAs":["https:\/\/www.facebook.com\/CANAL7SLP\/","https:\/\/x.com\/canal7_slp","https:\/\/www.instagram.com\/canal7_slp","https:\/\/www.youtube.com\/user\/NOTICIEROSCANAL7SLP\/"]},{"@type":"Person","@id":"https:\/\/canal7slp.tv\/2019\/#\/schema\/person\/11d941c1c6ca30ac0a46b95fa37aa2e3","name":"edicionweb","image":{"@type":"ImageObject","inLanguage":"es","@id":"https:\/\/secure.gravatar.com\/avatar\/eee448fc3f7164808013b816ba91ac7e43bbe82a70bebac296f8bc6f0addaa1a?s=96&d=mm&r=g","url":"https:\/\/secure.gravatar.com\/avatar\/eee448fc3f7164808013b816ba91ac7e43bbe82a70bebac296f8bc6f0addaa1a?s=96&d=mm&r=g","contentUrl":"https:\/\/secure.gravatar.com\/avatar\/eee448fc3f7164808013b816ba91ac7e43bbe82a70bebac296f8bc6f0addaa1a?s=96&d=mm&r=g","caption":"edicionweb"}}]}},"amp_enabled":true,"cmb2":{"video_ids_in_playlist":{"vid_p_videos":""},"video_ids_in_channel":{"vid_c_videos":""},"playlist_ids_in_channel":{"vid_c_playlists":""},"series_ids_in_channel":{"vid_c_series":""},"channel_images":{"vid_c_logo":"","vid_c_banner":""},"poster_feature_image":{"vid_m_poster_image":""},"gif_feature_image":{"vid_m_gif_image":""},"video_movie_settings":{"vid_m_director":"","vid_m_actor":"","vid_m_imdb_ratings":"","vid_m_amazon_associates":""},"vid_youtube_broadcasts_settings":{"vid_yb_broadcast_title":"","vid_yb_q":"","vid_yb_channelid":"","vid_yb_videocategoryid":"","vid_yb_maxresults":"","vid_yb_order":"","vid_yb_regioncode":"","vid_yb_videosyndicated":"","vid_yb_style":"","vid_yb_reload_first":""},"video_series_settings":{"vid_m_director":"","vid_m_actor":"","vid_m_imdb_ratings":"","video_series_group":""},"amazon_associates_settings":{"amazon_associates":"","amazon_native_ad":""},"vid_youtube_automatic_settings":{"vid_ya_youtube_source":"","vid_ya_update_every":"","vid_ya_update_unit":"","vid_ya_categories":"","vid_ya_published_after":"","vid_ya_published_before":"","vid_ya_playlists":"","vid_ya_channels":"","vid_ya_director":"","vid_ya_actor":"","vid_ya_author":"","vid_ya_import_post_date":"","vid_ya_status":"","vid_ya_sub_api_key":""},"vid_ads_m_videoads_settings_post":{"vid_ads_m_video_ads":"","vid_ads_m_video_ads_type":"","vid_ads_m_group_google_ima":"","vid_ads_m_group_image":"","vid_ads_m_group_html5_video":"","vid_ads_m_group_html":"","vid_ads_m_vast_preroll":"","vid_ads_m_vast_postroll":"","vid_ads_m_vast_pauseroll":"","vid_ads_m_vast_midroll":[{"vid_ads_m_vast_timer_seconds":"50"}],"vid_ads_m_time_to_show_ads":"","vid_ads_m_time_skip_ads":"","vid_ads_m_time_to_hide_ads":""},"page_slider_settings":{"display_slider_group":"","page_slider_group":""},"blog_page_settings":{"blog_page_title":"","blog_page_heading":"","blog_page_ic":"","blog_page_it":"","blog_page_ec":"","blog_page_ip":"","archive_loop_style":"","blog_image_ratio":"","blog_show_categories":"","blog_show_excerpt":"","blog_show_author":"","blog_show_date":"","blog_show_comment_count":"","blog_show_view_count":"","blog_show_like_count":"","blog_show_dislike_count":"","blog_items_per_page":"","blog_pag_type":""},"page_options":{"get_page_template":"","color_mode":"","main_layout":"","main_layout_full_with":"","main_logo":"","main_logo_retina":"","main_logo_mobile":"","main_logo_mobile_retina":"","sticky_logo":"","sticky_logo_retina":"","main_nav_layout":"","ajax_search":"","header_background":"","theme_sidebar":"","instagram_feed":"","instagram_feed_position":"","popular_videos":"","popular_videos_title_1":"","popular_videos_title_2":"","popular_videos_ic":"","popular_videos_it":"","theme_background":"","page_custom_css":""},"feature_image_settings":{"feature_image_position":""},"video_player_settings":{"single_video_style":"","video_player_position":"","vm_video_url":"","video_player_library":"","video_streaming":"","vm_media_sources":"","vid_auto_play":"","vm_video_shortcode":"","vid_p_sync_playlist":"","vid_c_sync_channel":"","get_post_format":"","multiple_links_structure":"default","multi_links_title":"","vm_video_multi_links":"","vm_duration":"","vid_social_locker":"off","vid_social_locker_id":"","vid_membership_action":"content-video","vm_video_trailer_url":"","vid_download_type":"free","vid_download_target":"download","vid_woo_product":"","vm_media_download":"","user_rating":"","user_rating_position":"","user_rating_mode":"","user_rating_multi_sets":""},"video_auto_fetch_settings":{"vm_video_fetch":"on"},"video_fake_views_likes":{"vm_fake_views":"","vm_fake_likes":"","vm_fake_dislikes":""},"gallery_settings":{"gallery_position":""},"quote_settings":{"quote_position":""},"post_options":{"main_layout":"","main_logo":"","main_logo_retina":"","main_logo_mobile":"","main_logo_mobile_retina":"","sticky_logo":"","sticky_logo_retina":"","main_nav_layout":"","header_background":"","theme_sidebar":"","single_post_comment_type":"","theme_background":""}},"_links":{"self":[{"href":"https:\/\/canal7slp.tv\/2019\/wp-json\/wp\/v2\/posts\/86094","targetHints":{"allow":["GET"]}}],"collection":[{"href":"https:\/\/canal7slp.tv\/2019\/wp-json\/wp\/v2\/posts"}],"about":[{"href":"https:\/\/canal7slp.tv\/2019\/wp-json\/wp\/v2\/types\/post"}],"author":[{"embeddable":true,"href":"https:\/\/canal7slp.tv\/2019\/wp-json\/wp\/v2\/users\/2"}],"replies":[{"embeddable":true,"href":"https:\/\/canal7slp.tv\/2019\/wp-json\/wp\/v2\/comments?post=86094"}],"version-history":[{"count":0,"href":"https:\/\/canal7slp.tv\/2019\/wp-json\/wp\/v2\/posts\/86094\/revisions"}],"wp:featuredmedia":[{"embeddable":true,"href":"https:\/\/canal7slp.tv\/2019\/wp-json\/wp\/v2\/media\/86095"}],"wp:attachment":[{"href":"https:\/\/canal7slp.tv\/2019\/wp-json\/wp\/v2\/media?parent=86094"}],"wp:term":[{"taxonomy":"category","embeddable":true,"href":"https:\/\/canal7slp.tv\/2019\/wp-json\/wp\/v2\/categories?post=86094"},{"taxonomy":"post_tag","embeddable":true,"href":"https:\/\/canal7slp.tv\/2019\/wp-json\/wp\/v2\/tags?post=86094"}],"curies":[{"name":"wp","href":"https:\/\/api.w.org\/{rel}","templated":true}]}}