{"id":85836,"date":"2019-12-03T08:08:19","date_gmt":"2019-12-03T14:08:19","guid":{"rendered":"https:\/\/canal7slp.tv\/2019\/?p=85836"},"modified":"2019-12-03T08:08:19","modified_gmt":"2019-12-03T14:08:19","slug":"gobierno-de-colombia-acepta-dialogo-directo-con-lideres-de-protestas","status":"publish","type":"post","link":"https:\/\/canal7slp.tv\/2019\/gobierno-de-colombia-acepta-dialogo-directo-con-lideres-de-protestas\/","title":{"rendered":"Gobierno de Colombia acepta di\u00e1logo directo con l\u00edderes de protestas"},"content":{"rendered":"<ul>\n<li style=\"text-align: justify\">Gobierno de Colombia acepta di\u00e1logo directo con l\u00edderes de protestas<\/li>\n<\/ul>\n<p style=\"text-align: justify\">Colombia.- El gobierno de Iv\u00e1n Duque acept\u00f3 este lunes dialogar directamente con los l\u00edderes de las protestas en Colombia, que desde hace doce d\u00edas colman las calles en rechazo a sus pol\u00edticas, y pidi\u00f3 suspender una manifestaci\u00f3n prevista para el mi\u00e9rcoles.<\/p>\n<p style=\"text-align: justify\">&#8220;Estamos hoy dispuestos y listos a sentarnos con ellos esta tarde o ma\u00f1ana para discutir sobre&#8221; su agenda de reclamos, dijo a medios Diego Molano, coordinador de los di\u00e1logos adelantados por Duque en un intento por aliviar el descontento social.<\/p>\n<p style=\"text-align: justify\">Adem\u00e1s, el alto funcionario pidi\u00f3 suspender una marcha convocada para el 4 de diciembre, porque seg\u00fan \u00e9l, deben mitigarse &#8220;los efectos econ\u00f3micos que est\u00e1 teniendo&#8221; la huelga sobre el comercio en \u00e9pocas navide\u00f1as.<\/p>\n<p style=\"text-align: justify\">&#8220;Le planteamos al Comit\u00e9 Nacional del Paro que el gobierno y el presidente Duque tiene toda la disposici\u00f3n de di\u00e1logo sin ultim\u00e1tum, sin presiones y por el bien de Colombia&#8221;, agreg\u00f3.<\/p>\n<p style=\"text-align: justify\">Por su parte, los l\u00edderes de la protesta respondieron con la voluntad de abrir una negociaci\u00f3n sin condiciones que permita llegar a acuerdos sobre los reclamos de los manifestantes.<\/p>\n<p style=\"text-align: justify\">&#8220;El Comit\u00e9 Nacional de Paro tiene toda la voluntad, pero con una metodolog\u00eda clara, garant\u00edas y la agenda tem\u00e1tica que motiv\u00f3 el Paro del 21N&#8221;, escribi\u00f3 en Twitter Di\u00f3genes Orjuela, presidente de la Central Unitaria de Trabajadores, uno de los sindicatos m\u00e1s poderosos.<\/p>\n<p style=\"text-align: justify\">El dirigente encabez\u00f3 la primera reuni\u00f3n entre el gobierno conservador y algunos sectores de la protesta en la sede presidencial, que concluy\u00f3 sin acuerdos.<\/p>\n<p style=\"text-align: justify\">&#8220;Le decimos al gobierno, no nos ponga condicionamientos. Est\u00e1 poniendo el condicionamiento que no realicemos el paro del 4 (de diciembre), nosotros ese punto tampoco lo podemos aceptar&#8221;, asegur\u00f3.<\/p>\n<p style=\"text-align: justify\">Desde el 21 de noviembre r\u00edos de personas se movilizan a diario en diferentes ciudades de Colombia en el mayor desaf\u00edo popular que haya encarado un gobierno desde los a\u00f1os setenta.<\/p>\n<p style=\"text-align: justify\">En un primer encuentro infructuoso el 26 de noviembre, los representantes de los manifestantes presentaron al gobierno 13 pedidos que incluyen desde el retiro de una reforma tributaria en tr\u00e1mite parlamentario hasta el cumplimiento cabal del acuerdo de paz firmado con rebeldes de las FARC en 2016.<\/p>\n<p style=\"text-align: justify\">En respuesta a las protestas, Duque inici\u00f3 un ciclo de di\u00e1logos con sectores que incluso no estaban reclamando en las calles y hasta ahora se hab\u00eda se hab\u00eda mostrado reticente a reunirse exclusivamente con los l\u00edderes del paro.<\/p>\n<p style=\"text-align: justify\">Sin embargo, la presi\u00f3n en las calles se mantuvo y este lunes el mandatario cedi\u00f3 a la organizaci\u00f3n de una &#8220;mesa paralela a la Conversaci\u00f3n Nacional&#8221; a trav\u00e9s de Molano.<\/p>\n<p style=\"text-align: justify\">El Comit\u00e9 Nacional del Paro ha llamado a marchar tres veces desde el 21 de noviembre, pero se ha deslindado de las manifestaciones espont\u00e1neas que se viven a diario desde entonces.<\/p>\n<p style=\"text-align: justify\">Aunque el gobierno prev\u00e9 un PIB del 3.6% en 2019, un b\u00e1lsamo frente al flojo desempe\u00f1o esperado para Sudam\u00e9rica, la cuarta econom\u00eda latinoamericana registra uno de los \u00edndices m\u00e1s altos de desigualdad y desempleo de la regi\u00f3n.<\/p>\n","protected":false},"excerpt":{"rendered":"<p>Gobierno de Colombia acepta di\u00e1logo directo con l\u00edderes de protestas Colombia.- El gobierno de Iv\u00e1n Duque acept\u00f3 este lunes dialogar directamente con los l\u00edderes de las protestas en Colombia, que desde hace doce d\u00edas colman las calles en rechazo a sus pol\u00edticas, y pidi\u00f3 suspender una manifestaci\u00f3n prevista para el mi\u00e9rcoles. &#8220;Estamos hoy dispuestos y [&hellip;]<\/p>\n","protected":false},"author":2,"featured_media":85837,"comment_status":"open","ping_status":"open","sticky":false,"template":"","format":"standard","meta":{"footnotes":""},"categories":[18],"tags":[],"class_list":["post-85836","post","type-post","status-publish","format-standard","has-post-thumbnail","hentry","category-internacional"],"yoast_head":"<!-- This site is optimized with the Yoast SEO plugin v27.5 - https:\/\/yoast.com\/product\/yoast-seo-wordpress\/ -->\n<title>Gobierno de Colombia acepta di\u00e1logo directo con l\u00edderes de protestas - Canal 7 SLP - 2019<\/title>\n<meta name=\"robots\" content=\"index, follow, max-snippet:-1, max-image-preview:large, max-video-preview:-1\" \/>\n<link rel=\"canonical\" href=\"https:\/\/canal7slp.tv\/2019\/gobierno-de-colombia-acepta-dialogo-directo-con-lideres-de-protestas\/\" \/>\n<meta property=\"og:locale\" content=\"es_ES\" \/>\n<meta property=\"og:type\" content=\"article\" \/>\n<meta property=\"og:title\" content=\"Gobierno de Colombia acepta di\u00e1logo directo con l\u00edderes de protestas - Canal 7 SLP - 2019\" \/>\n<meta property=\"og:description\" content=\"Gobierno de Colombia acepta di\u00e1logo directo con l\u00edderes de protestas Colombia.- El gobierno de Iv\u00e1n Duque acept\u00f3 este lunes dialogar directamente con los l\u00edderes de las protestas en Colombia, que desde hace doce d\u00edas colman las calles en rechazo a sus pol\u00edticas, y pidi\u00f3 suspender una manifestaci\u00f3n prevista para el mi\u00e9rcoles. &#8220;Estamos hoy dispuestos y [&hellip;]\" \/>\n<meta property=\"og:url\" content=\"https:\/\/canal7slp.tv\/2019\/gobierno-de-colombia-acepta-dialogo-directo-con-lideres-de-protestas\/\" \/>\n<meta property=\"og:site_name\" content=\"Canal 7 SLP - 2019\" \/>\n<meta property=\"article:publisher\" content=\"https:\/\/www.facebook.com\/CANAL7SLP\/\" \/>\n<meta property=\"article:published_time\" content=\"2019-12-03T14:08:19+00:00\" \/>\n<meta property=\"og:image\" content=\"https:\/\/canal7slp.tv\/2019\/wp-content\/uploads\/2019\/12\/915-1.jpg\" \/>\n\t<meta property=\"og:image:width\" content=\"729\" \/>\n\t<meta property=\"og:image:height\" content=\"410\" \/>\n\t<meta property=\"og:image:type\" content=\"image\/jpeg\" \/>\n<meta name=\"author\" content=\"edicionweb\" \/>\n<meta name=\"twitter:card\" content=\"summary_large_image\" \/>\n<meta name=\"twitter:creator\" content=\"@canal7_slp\" \/>\n<meta name=\"twitter:site\" content=\"@canal7_slp\" \/>\n<meta name=\"twitter:label1\" content=\"Escrito por\" \/>\n\t<meta name=\"twitter:data1\" content=\"edicionweb\" \/>\n\t<meta name=\"twitter:label2\" content=\"Tiempo de lectura\" \/>\n\t<meta name=\"twitter:data2\" content=\"3 minutos\" \/>\n<script type=\"application\/ld+json\" class=\"yoast-schema-graph\">{\"@context\":\"https:\\\/\\\/schema.org\",\"@graph\":[{\"@type\":\"Article\",\"@id\":\"https:\\\/\\\/canal7slp.tv\\\/2019\\\/gobierno-de-colombia-acepta-dialogo-directo-con-lideres-de-protestas\\\/#article\",\"isPartOf\":{\"@id\":\"https:\\\/\\\/canal7slp.tv\\\/2019\\\/gobierno-de-colombia-acepta-dialogo-directo-con-lideres-de-protestas\\\/\"},\"author\":{\"name\":\"edicionweb\",\"@id\":\"https:\\\/\\\/canal7slp.tv\\\/2019\\\/#\\\/schema\\\/person\\\/11d941c1c6ca30ac0a46b95fa37aa2e3\"},\"headline\":\"Gobierno de Colombia acepta di\u00e1logo directo con l\u00edderes de protestas\",\"datePublished\":\"2019-12-03T14:08:19+00:00\",\"mainEntityOfPage\":{\"@id\":\"https:\\\/\\\/canal7slp.tv\\\/2019\\\/gobierno-de-colombia-acepta-dialogo-directo-con-lideres-de-protestas\\\/\"},\"wordCount\":542,\"commentCount\":0,\"publisher\":{\"@id\":\"https:\\\/\\\/canal7slp.tv\\\/2019\\\/#organization\"},\"image\":{\"@id\":\"https:\\\/\\\/canal7slp.tv\\\/2019\\\/gobierno-de-colombia-acepta-dialogo-directo-con-lideres-de-protestas\\\/#primaryimage\"},\"thumbnailUrl\":\"https:\\\/\\\/canal7slp.tv\\\/2019\\\/wp-content\\\/uploads\\\/2019\\\/12\\\/915-1.jpg\",\"articleSection\":[\"INTERNACIONAL\"],\"inLanguage\":\"es\",\"potentialAction\":[{\"@type\":\"CommentAction\",\"name\":\"Comment\",\"target\":[\"https:\\\/\\\/canal7slp.tv\\\/2019\\\/gobierno-de-colombia-acepta-dialogo-directo-con-lideres-de-protestas\\\/#respond\"]}]},{\"@type\":\"WebPage\",\"@id\":\"https:\\\/\\\/canal7slp.tv\\\/2019\\\/gobierno-de-colombia-acepta-dialogo-directo-con-lideres-de-protestas\\\/\",\"url\":\"https:\\\/\\\/canal7slp.tv\\\/2019\\\/gobierno-de-colombia-acepta-dialogo-directo-con-lideres-de-protestas\\\/\",\"name\":\"Gobierno de Colombia acepta di\u00e1logo directo con l\u00edderes de protestas - Canal 7 SLP - 2019\",\"isPartOf\":{\"@id\":\"https:\\\/\\\/canal7slp.tv\\\/2019\\\/#website\"},\"primaryImageOfPage\":{\"@id\":\"https:\\\/\\\/canal7slp.tv\\\/2019\\\/gobierno-de-colombia-acepta-dialogo-directo-con-lideres-de-protestas\\\/#primaryimage\"},\"image\":{\"@id\":\"https:\\\/\\\/canal7slp.tv\\\/2019\\\/gobierno-de-colombia-acepta-dialogo-directo-con-lideres-de-protestas\\\/#primaryimage\"},\"thumbnailUrl\":\"https:\\\/\\\/canal7slp.tv\\\/2019\\\/wp-content\\\/uploads\\\/2019\\\/12\\\/915-1.jpg\",\"datePublished\":\"2019-12-03T14:08:19+00:00\",\"breadcrumb\":{\"@id\":\"https:\\\/\\\/canal7slp.tv\\\/2019\\\/gobierno-de-colombia-acepta-dialogo-directo-con-lideres-de-protestas\\\/#breadcrumb\"},\"inLanguage\":\"es\",\"potentialAction\":[{\"@type\":\"ReadAction\",\"target\":[\"https:\\\/\\\/canal7slp.tv\\\/2019\\\/gobierno-de-colombia-acepta-dialogo-directo-con-lideres-de-protestas\\\/\"]}]},{\"@type\":\"ImageObject\",\"inLanguage\":\"es\",\"@id\":\"https:\\\/\\\/canal7slp.tv\\\/2019\\\/gobierno-de-colombia-acepta-dialogo-directo-con-lideres-de-protestas\\\/#primaryimage\",\"url\":\"https:\\\/\\\/canal7slp.tv\\\/2019\\\/wp-content\\\/uploads\\\/2019\\\/12\\\/915-1.jpg\",\"contentUrl\":\"https:\\\/\\\/canal7slp.tv\\\/2019\\\/wp-content\\\/uploads\\\/2019\\\/12\\\/915-1.jpg\",\"width\":729,\"height\":410},{\"@type\":\"BreadcrumbList\",\"@id\":\"https:\\\/\\\/canal7slp.tv\\\/2019\\\/gobierno-de-colombia-acepta-dialogo-directo-con-lideres-de-protestas\\\/#breadcrumb\",\"itemListElement\":[{\"@type\":\"ListItem\",\"position\":1,\"name\":\"Home\",\"item\":\"https:\\\/\\\/canal7slp.tv\\\/2019\\\/\"},{\"@type\":\"ListItem\",\"position\":2,\"name\":\"Gobierno de Colombia acepta di\u00e1logo directo con l\u00edderes de protestas\"}]},{\"@type\":\"WebSite\",\"@id\":\"https:\\\/\\\/canal7slp.tv\\\/2019\\\/#website\",\"url\":\"https:\\\/\\\/canal7slp.tv\\\/2019\\\/\",\"name\":\"Canal 7 SLP - Somos TV\",\"description\":\"Somos un Canal de 10\",\"publisher\":{\"@id\":\"https:\\\/\\\/canal7slp.tv\\\/2019\\\/#organization\"},\"potentialAction\":[{\"@type\":\"SearchAction\",\"target\":{\"@type\":\"EntryPoint\",\"urlTemplate\":\"https:\\\/\\\/canal7slp.tv\\\/2019\\\/?s={search_term_string}\"},\"query-input\":{\"@type\":\"PropertyValueSpecification\",\"valueRequired\":true,\"valueName\":\"search_term_string\"}}],\"inLanguage\":\"es\"},{\"@type\":\"Organization\",\"@id\":\"https:\\\/\\\/canal7slp.tv\\\/2019\\\/#organization\",\"name\":\"Comunicaci\u00f3n 2000 S.A. de C.V.\",\"url\":\"https:\\\/\\\/canal7slp.tv\\\/2019\\\/\",\"logo\":{\"@type\":\"ImageObject\",\"inLanguage\":\"es\",\"@id\":\"https:\\\/\\\/canal7slp.tv\\\/2019\\\/#\\\/schema\\\/logo\\\/image\\\/\",\"url\":\"https:\\\/\\\/canal7slp.tv\\\/2019\\\/wp-content\\\/uploads\\\/2019\\\/07\\\/logo-c7.png\",\"contentUrl\":\"https:\\\/\\\/canal7slp.tv\\\/2019\\\/wp-content\\\/uploads\\\/2019\\\/07\\\/logo-c7.png\",\"width\":220,\"height\":60,\"caption\":\"Comunicaci\u00f3n 2000 S.A. de C.V.\"},\"image\":{\"@id\":\"https:\\\/\\\/canal7slp.tv\\\/2019\\\/#\\\/schema\\\/logo\\\/image\\\/\"},\"sameAs\":[\"https:\\\/\\\/www.facebook.com\\\/CANAL7SLP\\\/\",\"https:\\\/\\\/x.com\\\/canal7_slp\",\"https:\\\/\\\/www.instagram.com\\\/canal7_slp\",\"https:\\\/\\\/www.youtube.com\\\/user\\\/NOTICIEROSCANAL7SLP\\\/\"]},{\"@type\":\"Person\",\"@id\":\"https:\\\/\\\/canal7slp.tv\\\/2019\\\/#\\\/schema\\\/person\\\/11d941c1c6ca30ac0a46b95fa37aa2e3\",\"name\":\"edicionweb\",\"image\":{\"@type\":\"ImageObject\",\"inLanguage\":\"es\",\"@id\":\"https:\\\/\\\/secure.gravatar.com\\\/avatar\\\/eee448fc3f7164808013b816ba91ac7e43bbe82a70bebac296f8bc6f0addaa1a?s=96&d=mm&r=g\",\"url\":\"https:\\\/\\\/secure.gravatar.com\\\/avatar\\\/eee448fc3f7164808013b816ba91ac7e43bbe82a70bebac296f8bc6f0addaa1a?s=96&d=mm&r=g\",\"contentUrl\":\"https:\\\/\\\/secure.gravatar.com\\\/avatar\\\/eee448fc3f7164808013b816ba91ac7e43bbe82a70bebac296f8bc6f0addaa1a?s=96&d=mm&r=g\",\"caption\":\"edicionweb\"}}]}<\/script>\n<!-- \/ Yoast SEO plugin. -->","yoast_head_json":{"title":"Gobierno de Colombia acepta di\u00e1logo directo con l\u00edderes de protestas - Canal 7 SLP - 2019","robots":{"index":"index","follow":"follow","max-snippet":"max-snippet:-1","max-image-preview":"max-image-preview:large","max-video-preview":"max-video-preview:-1"},"canonical":"https:\/\/canal7slp.tv\/2019\/gobierno-de-colombia-acepta-dialogo-directo-con-lideres-de-protestas\/","og_locale":"es_ES","og_type":"article","og_title":"Gobierno de Colombia acepta di\u00e1logo directo con l\u00edderes de protestas - Canal 7 SLP - 2019","og_description":"Gobierno de Colombia acepta di\u00e1logo directo con l\u00edderes de protestas Colombia.- El gobierno de Iv\u00e1n Duque acept\u00f3 este lunes dialogar directamente con los l\u00edderes de las protestas en Colombia, que desde hace doce d\u00edas colman las calles en rechazo a sus pol\u00edticas, y pidi\u00f3 suspender una manifestaci\u00f3n prevista para el mi\u00e9rcoles. &#8220;Estamos hoy dispuestos y [&hellip;]","og_url":"https:\/\/canal7slp.tv\/2019\/gobierno-de-colombia-acepta-dialogo-directo-con-lideres-de-protestas\/","og_site_name":"Canal 7 SLP - 2019","article_publisher":"https:\/\/www.facebook.com\/CANAL7SLP\/","article_published_time":"2019-12-03T14:08:19+00:00","og_image":[{"width":729,"height":410,"url":"https:\/\/canal7slp.tv\/2019\/wp-content\/uploads\/2019\/12\/915-1.jpg","type":"image\/jpeg"}],"author":"edicionweb","twitter_card":"summary_large_image","twitter_creator":"@canal7_slp","twitter_site":"@canal7_slp","twitter_misc":{"Escrito por":"edicionweb","Tiempo de lectura":"3 minutos"},"schema":{"@context":"https:\/\/schema.org","@graph":[{"@type":"Article","@id":"https:\/\/canal7slp.tv\/2019\/gobierno-de-colombia-acepta-dialogo-directo-con-lideres-de-protestas\/#article","isPartOf":{"@id":"https:\/\/canal7slp.tv\/2019\/gobierno-de-colombia-acepta-dialogo-directo-con-lideres-de-protestas\/"},"author":{"name":"edicionweb","@id":"https:\/\/canal7slp.tv\/2019\/#\/schema\/person\/11d941c1c6ca30ac0a46b95fa37aa2e3"},"headline":"Gobierno de Colombia acepta di\u00e1logo directo con l\u00edderes de protestas","datePublished":"2019-12-03T14:08:19+00:00","mainEntityOfPage":{"@id":"https:\/\/canal7slp.tv\/2019\/gobierno-de-colombia-acepta-dialogo-directo-con-lideres-de-protestas\/"},"wordCount":542,"commentCount":0,"publisher":{"@id":"https:\/\/canal7slp.tv\/2019\/#organization"},"image":{"@id":"https:\/\/canal7slp.tv\/2019\/gobierno-de-colombia-acepta-dialogo-directo-con-lideres-de-protestas\/#primaryimage"},"thumbnailUrl":"https:\/\/canal7slp.tv\/2019\/wp-content\/uploads\/2019\/12\/915-1.jpg","articleSection":["INTERNACIONAL"],"inLanguage":"es","potentialAction":[{"@type":"CommentAction","name":"Comment","target":["https:\/\/canal7slp.tv\/2019\/gobierno-de-colombia-acepta-dialogo-directo-con-lideres-de-protestas\/#respond"]}]},{"@type":"WebPage","@id":"https:\/\/canal7slp.tv\/2019\/gobierno-de-colombia-acepta-dialogo-directo-con-lideres-de-protestas\/","url":"https:\/\/canal7slp.tv\/2019\/gobierno-de-colombia-acepta-dialogo-directo-con-lideres-de-protestas\/","name":"Gobierno de Colombia acepta di\u00e1logo directo con l\u00edderes de protestas - Canal 7 SLP - 2019","isPartOf":{"@id":"https:\/\/canal7slp.tv\/2019\/#website"},"primaryImageOfPage":{"@id":"https:\/\/canal7slp.tv\/2019\/gobierno-de-colombia-acepta-dialogo-directo-con-lideres-de-protestas\/#primaryimage"},"image":{"@id":"https:\/\/canal7slp.tv\/2019\/gobierno-de-colombia-acepta-dialogo-directo-con-lideres-de-protestas\/#primaryimage"},"thumbnailUrl":"https:\/\/canal7slp.tv\/2019\/wp-content\/uploads\/2019\/12\/915-1.jpg","datePublished":"2019-12-03T14:08:19+00:00","breadcrumb":{"@id":"https:\/\/canal7slp.tv\/2019\/gobierno-de-colombia-acepta-dialogo-directo-con-lideres-de-protestas\/#breadcrumb"},"inLanguage":"es","potentialAction":[{"@type":"ReadAction","target":["https:\/\/canal7slp.tv\/2019\/gobierno-de-colombia-acepta-dialogo-directo-con-lideres-de-protestas\/"]}]},{"@type":"ImageObject","inLanguage":"es","@id":"https:\/\/canal7slp.tv\/2019\/gobierno-de-colombia-acepta-dialogo-directo-con-lideres-de-protestas\/#primaryimage","url":"https:\/\/canal7slp.tv\/2019\/wp-content\/uploads\/2019\/12\/915-1.jpg","contentUrl":"https:\/\/canal7slp.tv\/2019\/wp-content\/uploads\/2019\/12\/915-1.jpg","width":729,"height":410},{"@type":"BreadcrumbList","@id":"https:\/\/canal7slp.tv\/2019\/gobierno-de-colombia-acepta-dialogo-directo-con-lideres-de-protestas\/#breadcrumb","itemListElement":[{"@type":"ListItem","position":1,"name":"Home","item":"https:\/\/canal7slp.tv\/2019\/"},{"@type":"ListItem","position":2,"name":"Gobierno de Colombia acepta di\u00e1logo directo con l\u00edderes de protestas"}]},{"@type":"WebSite","@id":"https:\/\/canal7slp.tv\/2019\/#website","url":"https:\/\/canal7slp.tv\/2019\/","name":"Canal 7 SLP - Somos TV","description":"Somos un Canal de 10","publisher":{"@id":"https:\/\/canal7slp.tv\/2019\/#organization"},"potentialAction":[{"@type":"SearchAction","target":{"@type":"EntryPoint","urlTemplate":"https:\/\/canal7slp.tv\/2019\/?s={search_term_string}"},"query-input":{"@type":"PropertyValueSpecification","valueRequired":true,"valueName":"search_term_string"}}],"inLanguage":"es"},{"@type":"Organization","@id":"https:\/\/canal7slp.tv\/2019\/#organization","name":"Comunicaci\u00f3n 2000 S.A. de C.V.","url":"https:\/\/canal7slp.tv\/2019\/","logo":{"@type":"ImageObject","inLanguage":"es","@id":"https:\/\/canal7slp.tv\/2019\/#\/schema\/logo\/image\/","url":"https:\/\/canal7slp.tv\/2019\/wp-content\/uploads\/2019\/07\/logo-c7.png","contentUrl":"https:\/\/canal7slp.tv\/2019\/wp-content\/uploads\/2019\/07\/logo-c7.png","width":220,"height":60,"caption":"Comunicaci\u00f3n 2000 S.A. de C.V."},"image":{"@id":"https:\/\/canal7slp.tv\/2019\/#\/schema\/logo\/image\/"},"sameAs":["https:\/\/www.facebook.com\/CANAL7SLP\/","https:\/\/x.com\/canal7_slp","https:\/\/www.instagram.com\/canal7_slp","https:\/\/www.youtube.com\/user\/NOTICIEROSCANAL7SLP\/"]},{"@type":"Person","@id":"https:\/\/canal7slp.tv\/2019\/#\/schema\/person\/11d941c1c6ca30ac0a46b95fa37aa2e3","name":"edicionweb","image":{"@type":"ImageObject","inLanguage":"es","@id":"https:\/\/secure.gravatar.com\/avatar\/eee448fc3f7164808013b816ba91ac7e43bbe82a70bebac296f8bc6f0addaa1a?s=96&d=mm&r=g","url":"https:\/\/secure.gravatar.com\/avatar\/eee448fc3f7164808013b816ba91ac7e43bbe82a70bebac296f8bc6f0addaa1a?s=96&d=mm&r=g","contentUrl":"https:\/\/secure.gravatar.com\/avatar\/eee448fc3f7164808013b816ba91ac7e43bbe82a70bebac296f8bc6f0addaa1a?s=96&d=mm&r=g","caption":"edicionweb"}}]}},"amp_enabled":true,"cmb2":{"video_ids_in_playlist":{"vid_p_videos":""},"video_ids_in_channel":{"vid_c_videos":""},"playlist_ids_in_channel":{"vid_c_playlists":""},"series_ids_in_channel":{"vid_c_series":""},"channel_images":{"vid_c_logo":"","vid_c_banner":""},"poster_feature_image":{"vid_m_poster_image":""},"gif_feature_image":{"vid_m_gif_image":""},"video_movie_settings":{"vid_m_director":"","vid_m_actor":"","vid_m_imdb_ratings":"","vid_m_amazon_associates":""},"vid_youtube_broadcasts_settings":{"vid_yb_broadcast_title":"","vid_yb_q":"","vid_yb_channelid":"","vid_yb_videocategoryid":"","vid_yb_maxresults":"","vid_yb_order":"","vid_yb_regioncode":"","vid_yb_videosyndicated":"","vid_yb_style":"","vid_yb_reload_first":""},"video_series_settings":{"vid_m_director":"","vid_m_actor":"","vid_m_imdb_ratings":"","video_series_group":""},"amazon_associates_settings":{"amazon_associates":"","amazon_native_ad":""},"vid_youtube_automatic_settings":{"vid_ya_youtube_source":"","vid_ya_update_every":"","vid_ya_update_unit":"","vid_ya_categories":"","vid_ya_published_after":"","vid_ya_published_before":"","vid_ya_playlists":"","vid_ya_channels":"","vid_ya_director":"","vid_ya_actor":"","vid_ya_author":"","vid_ya_import_post_date":"","vid_ya_status":"","vid_ya_sub_api_key":""},"vid_ads_m_videoads_settings_post":{"vid_ads_m_video_ads":"","vid_ads_m_video_ads_type":"","vid_ads_m_group_google_ima":"","vid_ads_m_group_image":"","vid_ads_m_group_html5_video":"","vid_ads_m_group_html":"","vid_ads_m_vast_preroll":"","vid_ads_m_vast_postroll":"","vid_ads_m_vast_pauseroll":"","vid_ads_m_vast_midroll":[{"vid_ads_m_vast_timer_seconds":"50"}],"vid_ads_m_time_to_show_ads":"","vid_ads_m_time_skip_ads":"","vid_ads_m_time_to_hide_ads":""},"page_slider_settings":{"display_slider_group":"","page_slider_group":""},"blog_page_settings":{"blog_page_title":"","blog_page_heading":"","blog_page_ic":"","blog_page_it":"","blog_page_ec":"","blog_page_ip":"","archive_loop_style":"","blog_image_ratio":"","blog_show_categories":"","blog_show_excerpt":"","blog_show_author":"","blog_show_date":"","blog_show_comment_count":"","blog_show_view_count":"","blog_show_like_count":"","blog_show_dislike_count":"","blog_items_per_page":"","blog_pag_type":""},"page_options":{"get_page_template":"","color_mode":"","main_layout":"","main_layout_full_with":"","main_logo":"","main_logo_retina":"","main_logo_mobile":"","main_logo_mobile_retina":"","sticky_logo":"","sticky_logo_retina":"","main_nav_layout":"","ajax_search":"","header_background":"","theme_sidebar":"","instagram_feed":"","instagram_feed_position":"","popular_videos":"","popular_videos_title_1":"","popular_videos_title_2":"","popular_videos_ic":"","popular_videos_it":"","theme_background":"","page_custom_css":""},"feature_image_settings":{"feature_image_position":""},"video_player_settings":{"single_video_style":"","video_player_position":"","vm_video_url":"","video_player_library":"","video_streaming":"","vm_media_sources":"","vid_auto_play":"","vm_video_shortcode":"","vid_p_sync_playlist":"","vid_c_sync_channel":"","get_post_format":"","multiple_links_structure":"default","multi_links_title":"","vm_video_multi_links":"","vm_duration":"","vid_social_locker":"off","vid_social_locker_id":"","vid_membership_action":"content-video","vm_video_trailer_url":"","vid_download_type":"free","vid_download_target":"download","vid_woo_product":"","vm_media_download":"","user_rating":"","user_rating_position":"","user_rating_mode":"","user_rating_multi_sets":""},"video_auto_fetch_settings":{"vm_video_fetch":"on"},"video_fake_views_likes":{"vm_fake_views":"","vm_fake_likes":"","vm_fake_dislikes":""},"gallery_settings":{"gallery_position":""},"quote_settings":{"quote_position":""},"post_options":{"main_layout":"","main_logo":"","main_logo_retina":"","main_logo_mobile":"","main_logo_mobile_retina":"","sticky_logo":"","sticky_logo_retina":"","main_nav_layout":"","header_background":"","theme_sidebar":"","single_post_comment_type":"","theme_background":""}},"_links":{"self":[{"href":"https:\/\/canal7slp.tv\/2019\/wp-json\/wp\/v2\/posts\/85836","targetHints":{"allow":["GET"]}}],"collection":[{"href":"https:\/\/canal7slp.tv\/2019\/wp-json\/wp\/v2\/posts"}],"about":[{"href":"https:\/\/canal7slp.tv\/2019\/wp-json\/wp\/v2\/types\/post"}],"author":[{"embeddable":true,"href":"https:\/\/canal7slp.tv\/2019\/wp-json\/wp\/v2\/users\/2"}],"replies":[{"embeddable":true,"href":"https:\/\/canal7slp.tv\/2019\/wp-json\/wp\/v2\/comments?post=85836"}],"version-history":[{"count":0,"href":"https:\/\/canal7slp.tv\/2019\/wp-json\/wp\/v2\/posts\/85836\/revisions"}],"wp:featuredmedia":[{"embeddable":true,"href":"https:\/\/canal7slp.tv\/2019\/wp-json\/wp\/v2\/media\/85837"}],"wp:attachment":[{"href":"https:\/\/canal7slp.tv\/2019\/wp-json\/wp\/v2\/media?parent=85836"}],"wp:term":[{"taxonomy":"category","embeddable":true,"href":"https:\/\/canal7slp.tv\/2019\/wp-json\/wp\/v2\/categories?post=85836"},{"taxonomy":"post_tag","embeddable":true,"href":"https:\/\/canal7slp.tv\/2019\/wp-json\/wp\/v2\/tags?post=85836"}],"curies":[{"name":"wp","href":"https:\/\/api.w.org\/{rel}","templated":true}]}}