{"id":8582,"date":"2019-06-06T19:39:24","date_gmt":"2019-06-07T00:39:24","guid":{"rendered":"https:\/\/canal7slp.tv\/2019\/?p=8582"},"modified":"2019-06-06T19:39:24","modified_gmt":"2019-06-07T00:39:24","slug":"en-slp-jm-carreras-y-directivos-mundiales-inauguran-la-mas-moderna-planta-de-bmw","status":"publish","type":"post","link":"https:\/\/canal7slp.tv\/2019\/en-slp-jm-carreras-y-directivos-mundiales-inauguran-la-mas-moderna-planta-de-bmw\/","title":{"rendered":"En SLP, JM Carreras y directivos mundiales, inauguran la m\u00e1s moderna planta de BMW"},"content":{"rendered":"<p style=\"text-align: justify\">SLP.- Al inaugurar el proyecto de BMW Group San Luis Potos\u00ed, la planta m\u00e1s moderna de la firma en todo el mundo, con una inversi\u00f3n de m\u00e1s 1 mil millones de d\u00f3lares y que genera 2 mil 500 empleos directos, el Gobernador del Estado, Juan Manuel Carreras L\u00f3pez, acompa\u00f1ado por altos directivos de la empresa alemana, destac\u00f3 que se continuar\u00e1 trabajando para ser siempre un lugar amigable para la inversi\u00f3n extranjera y un lugar hospitalario que abraza a las familias alemanas que hoy forman parte de nuestra comunidad, como es el hermanamiento con esta empresa l\u00edder alemana.<\/p>\n<p style=\"text-align: justify\">\n<p style=\"text-align: justify\">La planta armadora se construy\u00f3 en una superficie de 300 hect\u00e1reas en el Parque Industrial Logistik II, perteneciente al municipio de Villa de Reyes y es el proyecto m\u00e1s ambicioso de la armadora alemana en la d\u00e9cada, que producir\u00e1 175 mil unidades anuales, con una proyecci\u00f3n de 250 mil veh\u00edculos ligeros para 2020 de la Serie 3 BMW, modelo m\u00e1s vendido de la marca, y representa la planta m\u00e1s moderna de la marca en el mundo, que se caracteriza por un sistema de producci\u00f3n innovador y tendr\u00e1 los est\u00e1ndares m\u00e1s altos en materia de sustentabilidad.<\/p>\n<p style=\"text-align: justify\">\n<p style=\"text-align: justify\">En su mensaje, el jefe del Ejecutivo potosino indic\u00f3 que hoy, San Luis Potos\u00ed es la casa en M\u00e9xico y Latinoam\u00e9rica de BMW, esta nueva planta escribir\u00e1 grandes historias de \u00e9xito para esta compa\u00f1\u00eda y que caminar\u00e1n como socios y amigos, con el \u00e1nimo de construir un mejor porvenir para todas y todos.<\/p>\n<p style=\"text-align: justify\">\n<p style=\"text-align: justify\">\u201cLas y los potosinos tenemos la fortuna de coincidir, dentro de un tiempo y un espacio, con una de las empresas que representan en el mundo lo mejor de la creatividad e innovaci\u00f3n alemanas y que contribuir\u00e1 a proyectar a San Luis Potos\u00ed como uno de los referentes m\u00e1s importantes de la industria de M\u00e9xico y Am\u00e9rica Latina\u201d, se\u00f1al\u00f3 Carreras L\u00f3pez.<\/p>\n<p style=\"text-align: justify\">\n<p style=\"text-align: justify\">Oliver Zipse, Integrante del Consejo de Administraci\u00f3n de BMW AG, responsable de Producci\u00f3n y representante de Harald Kr\u00fcger, Presidente del Consejo de Administraci\u00f3n de BMW AG, agradeci\u00f3 el compromiso del Gobernador Juan Manuel Carreras y de su equipo de trabajo, ya que celebran la inauguraci\u00f3n de la planta en San Luis Potos\u00ed, \u201cestamos seguros de que no s\u00f3lo tomamos una buena decisi\u00f3n, tomamos una excelente decisi\u00f3n en llegar a San Luis Potos\u00ed\u201d, destac\u00f3.<\/p>\n<p style=\"text-align: justify\">\n<p style=\"text-align: justify\">En representaci\u00f3n del Presidente de M\u00e9xico, Andr\u00e9s Manuel L\u00f3pez Obrador, el Jefe de la Oficina de la Presidencia de la Rep\u00fablica, Alfonso Romo Garza, destac\u00f3 que este proyecto conjuga la pasi\u00f3n y la perfecci\u00f3n caracter\u00edstica de la ingenier\u00eda alemana, con el compromiso y coraz\u00f3n del talento de las y los potosinos para desarrollar los veh\u00edculos m\u00e1s emblem\u00e1ticos de la firma alemana.<\/p>\n<p style=\"text-align: justify\">\n<p style=\"text-align: justify\">Para Milagros Ca\u00ed\u00f1a Carreiro-Andree, Integrante del Consejo de Administraci\u00f3n de BMW AG y responsable de Recursos Humanos, la integraci\u00f3n de las universidades potosinas y centros de capacitaci\u00f3n en ciencia y tecnolog\u00eda, han sido fundamentales para la integraci\u00f3n de las y los j\u00f3venes potosinos con el proyecto de BMW, que tomo como base la alta calificaci\u00f3n del talento para alcanzar los objetivos de esta importante planta.<\/p>\n<p style=\"text-align: justify\">\n<p style=\"text-align: justify\">Puntualiz\u00f3 que el mayor activo de la empresa es el talento humano, las y los j\u00f3venes que provienen de universidades son integrados en la educaci\u00f3n dual, que les permite contar con los altos est\u00e1ndares de capacitaci\u00f3n y liderazgo, con la m\u00e1s alta tecnolog\u00eda en rob\u00f3tica.<\/p>\n<p style=\"text-align: justify\">\n<p style=\"text-align: justify\">Hermann Bohrer, Presidente y CEO de BMW-Group Planta San Luis Potos\u00ed, reconoci\u00f3 las facilidades del gobierno estatal por medio de la Secretar\u00eda de Desarrollo Econ\u00f3mico, para iniciar las operaciones de la planta.<\/p>\n<p style=\"text-align: justify\">\n<p style=\"text-align: justify\">Agreg\u00f3 que entre los principales objetivos est\u00e1 el compartir el legado de experiencia en la b\u00fasqueda de la perfecci\u00f3n y calidad, con el compromiso para impactar positivamente el entorno con procesos sustentables.<\/p>\n<p style=\"text-align: justify\">\n<p style=\"text-align: justify\">Estuvieron presentes Peter Tempel, Embajador de la Rep\u00fablica Federal de Alemania en M\u00e9xico; Sonia Mendoza D\u00edaz, Presidenta del Honorable Congreso del Estado; Juan Paulo Almaz\u00e1n Cue, Presidente del Honorable Supremo Tribunal de Justicia y del Consejo de la Judicatura del Estado, Erika Briones P\u00e9rez, Presidenta Municipal de Villa de Reyes y Xavier Nava Palacios, Presidente Municipal de San Luis Potos\u00ed y Gustavo Puente Orozco, Secretario de Desarrollo Econ\u00f3mico, el Secretario de Finanzas, Daniel Pedroza Gait\u00e1n y el titular de la Secretaria de Trabajo y Previsi\u00f3n Social, Manuel Lozano Nieto.<\/p>\n<p style=\"text-align: justify\">\n<p style=\"text-align: justify\">As\u00ed como integrantes del consejo directivo de BMW, prensa especializada internacional, nacional y medios locales; al final del evento se present\u00f3 oficialmente el Serie 3 de la marca, que ser\u00e1 fabricado en su totalidad en San Luis Potos\u00ed para el mundo.<\/p>\n","protected":false},"excerpt":{"rendered":"<p>SLP.- Al inaugurar el proyecto de BMW Group San Luis Potos\u00ed, la planta m\u00e1s moderna de la firma en todo el mundo, con una inversi\u00f3n de m\u00e1s 1 mil millones de d\u00f3lares y que genera 2 mil 500 empleos directos, el Gobernador del Estado, Juan Manuel Carreras L\u00f3pez, acompa\u00f1ado por altos directivos de la empresa [&hellip;]<\/p>\n","protected":false},"author":2,"featured_media":8583,"comment_status":"open","ping_status":"closed","sticky":false,"template":"","format":"standard","meta":{"footnotes":""},"categories":[17],"tags":[],"class_list":["post-8582","post","type-post","status-publish","format-standard","has-post-thumbnail","hentry","category-localesyregionales"],"yoast_head":"<!-- This site is optimized with the Yoast SEO plugin v27.4 - https:\/\/yoast.com\/product\/yoast-seo-wordpress\/ -->\n<title>En SLP, JM Carreras y directivos mundiales, inauguran la m\u00e1s moderna planta de BMW - Canal 7 SLP - 2019<\/title>\n<meta name=\"robots\" content=\"index, follow, max-snippet:-1, max-image-preview:large, max-video-preview:-1\" \/>\n<link rel=\"canonical\" href=\"https:\/\/canal7slp.tv\/2019\/en-slp-jm-carreras-y-directivos-mundiales-inauguran-la-mas-moderna-planta-de-bmw\/\" \/>\n<meta property=\"og:locale\" content=\"es_ES\" \/>\n<meta property=\"og:type\" content=\"article\" \/>\n<meta property=\"og:title\" content=\"En SLP, JM Carreras y directivos mundiales, inauguran la m\u00e1s moderna planta de BMW - Canal 7 SLP - 2019\" \/>\n<meta property=\"og:description\" content=\"SLP.- Al inaugurar el proyecto de BMW Group San Luis Potos\u00ed, la planta m\u00e1s moderna de la firma en todo el mundo, con una inversi\u00f3n de m\u00e1s 1 mil millones de d\u00f3lares y que genera 2 mil 500 empleos directos, el Gobernador del Estado, Juan Manuel Carreras L\u00f3pez, acompa\u00f1ado por altos directivos de la empresa [&hellip;]\" \/>\n<meta property=\"og:url\" content=\"https:\/\/canal7slp.tv\/2019\/en-slp-jm-carreras-y-directivos-mundiales-inauguran-la-mas-moderna-planta-de-bmw\/\" \/>\n<meta property=\"og:site_name\" content=\"Canal 7 SLP - 2019\" \/>\n<meta property=\"article:publisher\" content=\"https:\/\/www.facebook.com\/CANAL7SLP\/\" \/>\n<meta property=\"article:published_time\" content=\"2019-06-07T00:39:24+00:00\" \/>\n<meta property=\"og:image\" content=\"https:\/\/canal7slp.tv\/2019\/wp-content\/uploads\/2019\/06\/BMWSLP.jpg\" \/>\n\t<meta property=\"og:image:width\" content=\"900\" \/>\n\t<meta property=\"og:image:height\" content=\"599\" \/>\n\t<meta property=\"og:image:type\" content=\"image\/jpeg\" \/>\n<meta name=\"author\" content=\"edicionweb\" \/>\n<meta name=\"twitter:card\" content=\"summary_large_image\" \/>\n<meta name=\"twitter:creator\" content=\"@canal7_slp\" \/>\n<meta name=\"twitter:site\" content=\"@canal7_slp\" \/>\n<meta name=\"twitter:label1\" content=\"Escrito por\" \/>\n\t<meta name=\"twitter:data1\" content=\"edicionweb\" \/>\n\t<meta name=\"twitter:label2\" content=\"Tiempo de lectura\" \/>\n\t<meta name=\"twitter:data2\" content=\"4 minutos\" \/>\n<script type=\"application\/ld+json\" class=\"yoast-schema-graph\">{\"@context\":\"https:\\\/\\\/schema.org\",\"@graph\":[{\"@type\":\"Article\",\"@id\":\"https:\\\/\\\/canal7slp.tv\\\/2019\\\/en-slp-jm-carreras-y-directivos-mundiales-inauguran-la-mas-moderna-planta-de-bmw\\\/#article\",\"isPartOf\":{\"@id\":\"https:\\\/\\\/canal7slp.tv\\\/2019\\\/en-slp-jm-carreras-y-directivos-mundiales-inauguran-la-mas-moderna-planta-de-bmw\\\/\"},\"author\":{\"name\":\"edicionweb\",\"@id\":\"https:\\\/\\\/canal7slp.tv\\\/2019\\\/#\\\/schema\\\/person\\\/11d941c1c6ca30ac0a46b95fa37aa2e3\"},\"headline\":\"En SLP, JM Carreras y directivos mundiales, inauguran la m\u00e1s moderna planta de BMW\",\"datePublished\":\"2019-06-07T00:39:24+00:00\",\"mainEntityOfPage\":{\"@id\":\"https:\\\/\\\/canal7slp.tv\\\/2019\\\/en-slp-jm-carreras-y-directivos-mundiales-inauguran-la-mas-moderna-planta-de-bmw\\\/\"},\"wordCount\":827,\"commentCount\":0,\"publisher\":{\"@id\":\"https:\\\/\\\/canal7slp.tv\\\/2019\\\/#organization\"},\"image\":{\"@id\":\"https:\\\/\\\/canal7slp.tv\\\/2019\\\/en-slp-jm-carreras-y-directivos-mundiales-inauguran-la-mas-moderna-planta-de-bmw\\\/#primaryimage\"},\"thumbnailUrl\":\"https:\\\/\\\/canal7slp.tv\\\/2019\\\/wp-content\\\/uploads\\\/2019\\\/06\\\/BMWSLP.jpg\",\"articleSection\":[\"LOCALES Y REGIONALES\"],\"inLanguage\":\"es\",\"potentialAction\":[{\"@type\":\"CommentAction\",\"name\":\"Comment\",\"target\":[\"https:\\\/\\\/canal7slp.tv\\\/2019\\\/en-slp-jm-carreras-y-directivos-mundiales-inauguran-la-mas-moderna-planta-de-bmw\\\/#respond\"]}]},{\"@type\":\"WebPage\",\"@id\":\"https:\\\/\\\/canal7slp.tv\\\/2019\\\/en-slp-jm-carreras-y-directivos-mundiales-inauguran-la-mas-moderna-planta-de-bmw\\\/\",\"url\":\"https:\\\/\\\/canal7slp.tv\\\/2019\\\/en-slp-jm-carreras-y-directivos-mundiales-inauguran-la-mas-moderna-planta-de-bmw\\\/\",\"name\":\"En SLP, JM Carreras y directivos mundiales, inauguran la m\u00e1s moderna planta de BMW - Canal 7 SLP - 2019\",\"isPartOf\":{\"@id\":\"https:\\\/\\\/canal7slp.tv\\\/2019\\\/#website\"},\"primaryImageOfPage\":{\"@id\":\"https:\\\/\\\/canal7slp.tv\\\/2019\\\/en-slp-jm-carreras-y-directivos-mundiales-inauguran-la-mas-moderna-planta-de-bmw\\\/#primaryimage\"},\"image\":{\"@id\":\"https:\\\/\\\/canal7slp.tv\\\/2019\\\/en-slp-jm-carreras-y-directivos-mundiales-inauguran-la-mas-moderna-planta-de-bmw\\\/#primaryimage\"},\"thumbnailUrl\":\"https:\\\/\\\/canal7slp.tv\\\/2019\\\/wp-content\\\/uploads\\\/2019\\\/06\\\/BMWSLP.jpg\",\"datePublished\":\"2019-06-07T00:39:24+00:00\",\"breadcrumb\":{\"@id\":\"https:\\\/\\\/canal7slp.tv\\\/2019\\\/en-slp-jm-carreras-y-directivos-mundiales-inauguran-la-mas-moderna-planta-de-bmw\\\/#breadcrumb\"},\"inLanguage\":\"es\",\"potentialAction\":[{\"@type\":\"ReadAction\",\"target\":[\"https:\\\/\\\/canal7slp.tv\\\/2019\\\/en-slp-jm-carreras-y-directivos-mundiales-inauguran-la-mas-moderna-planta-de-bmw\\\/\"]}]},{\"@type\":\"ImageObject\",\"inLanguage\":\"es\",\"@id\":\"https:\\\/\\\/canal7slp.tv\\\/2019\\\/en-slp-jm-carreras-y-directivos-mundiales-inauguran-la-mas-moderna-planta-de-bmw\\\/#primaryimage\",\"url\":\"https:\\\/\\\/canal7slp.tv\\\/2019\\\/wp-content\\\/uploads\\\/2019\\\/06\\\/BMWSLP.jpg\",\"contentUrl\":\"https:\\\/\\\/canal7slp.tv\\\/2019\\\/wp-content\\\/uploads\\\/2019\\\/06\\\/BMWSLP.jpg\",\"width\":900,\"height\":599},{\"@type\":\"BreadcrumbList\",\"@id\":\"https:\\\/\\\/canal7slp.tv\\\/2019\\\/en-slp-jm-carreras-y-directivos-mundiales-inauguran-la-mas-moderna-planta-de-bmw\\\/#breadcrumb\",\"itemListElement\":[{\"@type\":\"ListItem\",\"position\":1,\"name\":\"Home\",\"item\":\"https:\\\/\\\/canal7slp.tv\\\/2019\\\/\"},{\"@type\":\"ListItem\",\"position\":2,\"name\":\"En SLP, JM Carreras y directivos mundiales, inauguran la m\u00e1s moderna planta de BMW\"}]},{\"@type\":\"WebSite\",\"@id\":\"https:\\\/\\\/canal7slp.tv\\\/2019\\\/#website\",\"url\":\"https:\\\/\\\/canal7slp.tv\\\/2019\\\/\",\"name\":\"Canal 7 SLP - Somos TV\",\"description\":\"Somos un Canal de 10\",\"publisher\":{\"@id\":\"https:\\\/\\\/canal7slp.tv\\\/2019\\\/#organization\"},\"potentialAction\":[{\"@type\":\"SearchAction\",\"target\":{\"@type\":\"EntryPoint\",\"urlTemplate\":\"https:\\\/\\\/canal7slp.tv\\\/2019\\\/?s={search_term_string}\"},\"query-input\":{\"@type\":\"PropertyValueSpecification\",\"valueRequired\":true,\"valueName\":\"search_term_string\"}}],\"inLanguage\":\"es\"},{\"@type\":\"Organization\",\"@id\":\"https:\\\/\\\/canal7slp.tv\\\/2019\\\/#organization\",\"name\":\"Comunicaci\u00f3n 2000 S.A. de C.V.\",\"url\":\"https:\\\/\\\/canal7slp.tv\\\/2019\\\/\",\"logo\":{\"@type\":\"ImageObject\",\"inLanguage\":\"es\",\"@id\":\"https:\\\/\\\/canal7slp.tv\\\/2019\\\/#\\\/schema\\\/logo\\\/image\\\/\",\"url\":\"https:\\\/\\\/canal7slp.tv\\\/2019\\\/wp-content\\\/uploads\\\/2019\\\/07\\\/logo-c7.png\",\"contentUrl\":\"https:\\\/\\\/canal7slp.tv\\\/2019\\\/wp-content\\\/uploads\\\/2019\\\/07\\\/logo-c7.png\",\"width\":220,\"height\":60,\"caption\":\"Comunicaci\u00f3n 2000 S.A. de C.V.\"},\"image\":{\"@id\":\"https:\\\/\\\/canal7slp.tv\\\/2019\\\/#\\\/schema\\\/logo\\\/image\\\/\"},\"sameAs\":[\"https:\\\/\\\/www.facebook.com\\\/CANAL7SLP\\\/\",\"https:\\\/\\\/x.com\\\/canal7_slp\",\"https:\\\/\\\/www.instagram.com\\\/canal7_slp\",\"https:\\\/\\\/www.youtube.com\\\/user\\\/NOTICIEROSCANAL7SLP\\\/\"]},{\"@type\":\"Person\",\"@id\":\"https:\\\/\\\/canal7slp.tv\\\/2019\\\/#\\\/schema\\\/person\\\/11d941c1c6ca30ac0a46b95fa37aa2e3\",\"name\":\"edicionweb\",\"image\":{\"@type\":\"ImageObject\",\"inLanguage\":\"es\",\"@id\":\"https:\\\/\\\/secure.gravatar.com\\\/avatar\\\/eee448fc3f7164808013b816ba91ac7e43bbe82a70bebac296f8bc6f0addaa1a?s=96&d=mm&r=g\",\"url\":\"https:\\\/\\\/secure.gravatar.com\\\/avatar\\\/eee448fc3f7164808013b816ba91ac7e43bbe82a70bebac296f8bc6f0addaa1a?s=96&d=mm&r=g\",\"contentUrl\":\"https:\\\/\\\/secure.gravatar.com\\\/avatar\\\/eee448fc3f7164808013b816ba91ac7e43bbe82a70bebac296f8bc6f0addaa1a?s=96&d=mm&r=g\",\"caption\":\"edicionweb\"}}]}<\/script>\n<!-- \/ Yoast SEO plugin. -->","yoast_head_json":{"title":"En SLP, JM Carreras y directivos mundiales, inauguran la m\u00e1s moderna planta de BMW - Canal 7 SLP - 2019","robots":{"index":"index","follow":"follow","max-snippet":"max-snippet:-1","max-image-preview":"max-image-preview:large","max-video-preview":"max-video-preview:-1"},"canonical":"https:\/\/canal7slp.tv\/2019\/en-slp-jm-carreras-y-directivos-mundiales-inauguran-la-mas-moderna-planta-de-bmw\/","og_locale":"es_ES","og_type":"article","og_title":"En SLP, JM Carreras y directivos mundiales, inauguran la m\u00e1s moderna planta de BMW - Canal 7 SLP - 2019","og_description":"SLP.- Al inaugurar el proyecto de BMW Group San Luis Potos\u00ed, la planta m\u00e1s moderna de la firma en todo el mundo, con una inversi\u00f3n de m\u00e1s 1 mil millones de d\u00f3lares y que genera 2 mil 500 empleos directos, el Gobernador del Estado, Juan Manuel Carreras L\u00f3pez, acompa\u00f1ado por altos directivos de la empresa [&hellip;]","og_url":"https:\/\/canal7slp.tv\/2019\/en-slp-jm-carreras-y-directivos-mundiales-inauguran-la-mas-moderna-planta-de-bmw\/","og_site_name":"Canal 7 SLP - 2019","article_publisher":"https:\/\/www.facebook.com\/CANAL7SLP\/","article_published_time":"2019-06-07T00:39:24+00:00","og_image":[{"width":900,"height":599,"url":"https:\/\/canal7slp.tv\/2019\/wp-content\/uploads\/2019\/06\/BMWSLP.jpg","type":"image\/jpeg"}],"author":"edicionweb","twitter_card":"summary_large_image","twitter_creator":"@canal7_slp","twitter_site":"@canal7_slp","twitter_misc":{"Escrito por":"edicionweb","Tiempo de lectura":"4 minutos"},"schema":{"@context":"https:\/\/schema.org","@graph":[{"@type":"Article","@id":"https:\/\/canal7slp.tv\/2019\/en-slp-jm-carreras-y-directivos-mundiales-inauguran-la-mas-moderna-planta-de-bmw\/#article","isPartOf":{"@id":"https:\/\/canal7slp.tv\/2019\/en-slp-jm-carreras-y-directivos-mundiales-inauguran-la-mas-moderna-planta-de-bmw\/"},"author":{"name":"edicionweb","@id":"https:\/\/canal7slp.tv\/2019\/#\/schema\/person\/11d941c1c6ca30ac0a46b95fa37aa2e3"},"headline":"En SLP, JM Carreras y directivos mundiales, inauguran la m\u00e1s moderna planta de BMW","datePublished":"2019-06-07T00:39:24+00:00","mainEntityOfPage":{"@id":"https:\/\/canal7slp.tv\/2019\/en-slp-jm-carreras-y-directivos-mundiales-inauguran-la-mas-moderna-planta-de-bmw\/"},"wordCount":827,"commentCount":0,"publisher":{"@id":"https:\/\/canal7slp.tv\/2019\/#organization"},"image":{"@id":"https:\/\/canal7slp.tv\/2019\/en-slp-jm-carreras-y-directivos-mundiales-inauguran-la-mas-moderna-planta-de-bmw\/#primaryimage"},"thumbnailUrl":"https:\/\/canal7slp.tv\/2019\/wp-content\/uploads\/2019\/06\/BMWSLP.jpg","articleSection":["LOCALES Y REGIONALES"],"inLanguage":"es","potentialAction":[{"@type":"CommentAction","name":"Comment","target":["https:\/\/canal7slp.tv\/2019\/en-slp-jm-carreras-y-directivos-mundiales-inauguran-la-mas-moderna-planta-de-bmw\/#respond"]}]},{"@type":"WebPage","@id":"https:\/\/canal7slp.tv\/2019\/en-slp-jm-carreras-y-directivos-mundiales-inauguran-la-mas-moderna-planta-de-bmw\/","url":"https:\/\/canal7slp.tv\/2019\/en-slp-jm-carreras-y-directivos-mundiales-inauguran-la-mas-moderna-planta-de-bmw\/","name":"En SLP, JM Carreras y directivos mundiales, inauguran la m\u00e1s moderna planta de BMW - Canal 7 SLP - 2019","isPartOf":{"@id":"https:\/\/canal7slp.tv\/2019\/#website"},"primaryImageOfPage":{"@id":"https:\/\/canal7slp.tv\/2019\/en-slp-jm-carreras-y-directivos-mundiales-inauguran-la-mas-moderna-planta-de-bmw\/#primaryimage"},"image":{"@id":"https:\/\/canal7slp.tv\/2019\/en-slp-jm-carreras-y-directivos-mundiales-inauguran-la-mas-moderna-planta-de-bmw\/#primaryimage"},"thumbnailUrl":"https:\/\/canal7slp.tv\/2019\/wp-content\/uploads\/2019\/06\/BMWSLP.jpg","datePublished":"2019-06-07T00:39:24+00:00","breadcrumb":{"@id":"https:\/\/canal7slp.tv\/2019\/en-slp-jm-carreras-y-directivos-mundiales-inauguran-la-mas-moderna-planta-de-bmw\/#breadcrumb"},"inLanguage":"es","potentialAction":[{"@type":"ReadAction","target":["https:\/\/canal7slp.tv\/2019\/en-slp-jm-carreras-y-directivos-mundiales-inauguran-la-mas-moderna-planta-de-bmw\/"]}]},{"@type":"ImageObject","inLanguage":"es","@id":"https:\/\/canal7slp.tv\/2019\/en-slp-jm-carreras-y-directivos-mundiales-inauguran-la-mas-moderna-planta-de-bmw\/#primaryimage","url":"https:\/\/canal7slp.tv\/2019\/wp-content\/uploads\/2019\/06\/BMWSLP.jpg","contentUrl":"https:\/\/canal7slp.tv\/2019\/wp-content\/uploads\/2019\/06\/BMWSLP.jpg","width":900,"height":599},{"@type":"BreadcrumbList","@id":"https:\/\/canal7slp.tv\/2019\/en-slp-jm-carreras-y-directivos-mundiales-inauguran-la-mas-moderna-planta-de-bmw\/#breadcrumb","itemListElement":[{"@type":"ListItem","position":1,"name":"Home","item":"https:\/\/canal7slp.tv\/2019\/"},{"@type":"ListItem","position":2,"name":"En SLP, JM Carreras y directivos mundiales, inauguran la m\u00e1s moderna planta de BMW"}]},{"@type":"WebSite","@id":"https:\/\/canal7slp.tv\/2019\/#website","url":"https:\/\/canal7slp.tv\/2019\/","name":"Canal 7 SLP - Somos TV","description":"Somos un Canal de 10","publisher":{"@id":"https:\/\/canal7slp.tv\/2019\/#organization"},"potentialAction":[{"@type":"SearchAction","target":{"@type":"EntryPoint","urlTemplate":"https:\/\/canal7slp.tv\/2019\/?s={search_term_string}"},"query-input":{"@type":"PropertyValueSpecification","valueRequired":true,"valueName":"search_term_string"}}],"inLanguage":"es"},{"@type":"Organization","@id":"https:\/\/canal7slp.tv\/2019\/#organization","name":"Comunicaci\u00f3n 2000 S.A. de C.V.","url":"https:\/\/canal7slp.tv\/2019\/","logo":{"@type":"ImageObject","inLanguage":"es","@id":"https:\/\/canal7slp.tv\/2019\/#\/schema\/logo\/image\/","url":"https:\/\/canal7slp.tv\/2019\/wp-content\/uploads\/2019\/07\/logo-c7.png","contentUrl":"https:\/\/canal7slp.tv\/2019\/wp-content\/uploads\/2019\/07\/logo-c7.png","width":220,"height":60,"caption":"Comunicaci\u00f3n 2000 S.A. de C.V."},"image":{"@id":"https:\/\/canal7slp.tv\/2019\/#\/schema\/logo\/image\/"},"sameAs":["https:\/\/www.facebook.com\/CANAL7SLP\/","https:\/\/x.com\/canal7_slp","https:\/\/www.instagram.com\/canal7_slp","https:\/\/www.youtube.com\/user\/NOTICIEROSCANAL7SLP\/"]},{"@type":"Person","@id":"https:\/\/canal7slp.tv\/2019\/#\/schema\/person\/11d941c1c6ca30ac0a46b95fa37aa2e3","name":"edicionweb","image":{"@type":"ImageObject","inLanguage":"es","@id":"https:\/\/secure.gravatar.com\/avatar\/eee448fc3f7164808013b816ba91ac7e43bbe82a70bebac296f8bc6f0addaa1a?s=96&d=mm&r=g","url":"https:\/\/secure.gravatar.com\/avatar\/eee448fc3f7164808013b816ba91ac7e43bbe82a70bebac296f8bc6f0addaa1a?s=96&d=mm&r=g","contentUrl":"https:\/\/secure.gravatar.com\/avatar\/eee448fc3f7164808013b816ba91ac7e43bbe82a70bebac296f8bc6f0addaa1a?s=96&d=mm&r=g","caption":"edicionweb"}}]}},"amp_enabled":true,"cmb2":{"video_ids_in_playlist":{"vid_p_videos":""},"video_ids_in_channel":{"vid_c_videos":""},"playlist_ids_in_channel":{"vid_c_playlists":""},"series_ids_in_channel":{"vid_c_series":""},"channel_images":{"vid_c_logo":"","vid_c_banner":""},"poster_feature_image":{"vid_m_poster_image":""},"gif_feature_image":{"vid_m_gif_image":""},"video_movie_settings":{"vid_m_director":"","vid_m_actor":"","vid_m_imdb_ratings":"","vid_m_amazon_associates":""},"vid_youtube_broadcasts_settings":{"vid_yb_broadcast_title":"","vid_yb_q":"","vid_yb_channelid":"","vid_yb_videocategoryid":"","vid_yb_maxresults":"","vid_yb_order":"","vid_yb_regioncode":"","vid_yb_videosyndicated":"","vid_yb_style":"","vid_yb_reload_first":""},"video_series_settings":{"vid_m_director":"","vid_m_actor":"","vid_m_imdb_ratings":"","video_series_group":""},"amazon_associates_settings":{"amazon_associates":"","amazon_native_ad":""},"vid_youtube_automatic_settings":{"vid_ya_youtube_source":"","vid_ya_update_every":"","vid_ya_update_unit":"","vid_ya_categories":"","vid_ya_published_after":"","vid_ya_published_before":"","vid_ya_playlists":"","vid_ya_channels":"","vid_ya_director":"","vid_ya_actor":"","vid_ya_author":"","vid_ya_import_post_date":"","vid_ya_status":"","vid_ya_sub_api_key":""},"vid_ads_m_videoads_settings_post":{"vid_ads_m_video_ads":"","vid_ads_m_video_ads_type":"","vid_ads_m_group_google_ima":"","vid_ads_m_group_image":"","vid_ads_m_group_html5_video":"","vid_ads_m_group_html":"","vid_ads_m_vast_preroll":"","vid_ads_m_vast_postroll":"","vid_ads_m_vast_pauseroll":"","vid_ads_m_vast_midroll":[{"vid_ads_m_vast_timer_seconds":"50"}],"vid_ads_m_time_to_show_ads":"","vid_ads_m_time_skip_ads":"","vid_ads_m_time_to_hide_ads":""},"page_slider_settings":{"display_slider_group":"","page_slider_group":""},"blog_page_settings":{"blog_page_title":"","blog_page_heading":"","blog_page_ic":"","blog_page_it":"","blog_page_ec":"","blog_page_ip":"","archive_loop_style":"","blog_image_ratio":"","blog_show_categories":"","blog_show_excerpt":"","blog_show_author":"","blog_show_date":"","blog_show_comment_count":"","blog_show_view_count":"","blog_show_like_count":"","blog_show_dislike_count":"","blog_items_per_page":"","blog_pag_type":""},"page_options":{"get_page_template":"","color_mode":"","main_layout":"","main_layout_full_with":"","main_logo":"","main_logo_retina":"","main_logo_mobile":"","main_logo_mobile_retina":"","sticky_logo":"","sticky_logo_retina":"","main_nav_layout":"","ajax_search":"","header_background":"","theme_sidebar":"","instagram_feed":"","instagram_feed_position":"","popular_videos":"","popular_videos_title_1":"","popular_videos_title_2":"","popular_videos_ic":"","popular_videos_it":"","theme_background":"","page_custom_css":""},"feature_image_settings":{"feature_image_position":""},"video_player_settings":{"single_video_style":"","video_player_position":"","vm_video_url":"","video_player_library":"","video_streaming":"","vm_media_sources":"","vid_auto_play":"","vm_video_shortcode":"","vid_p_sync_playlist":"","vid_c_sync_channel":"","get_post_format":"","multiple_links_structure":"default","multi_links_title":"","vm_video_multi_links":"","vm_duration":"","vid_social_locker":"off","vid_social_locker_id":"","vid_membership_action":"content-video","vm_video_trailer_url":"","vid_download_type":"free","vid_download_target":"download","vid_woo_product":"","vm_media_download":"","user_rating":"","user_rating_position":"","user_rating_mode":"","user_rating_multi_sets":""},"video_auto_fetch_settings":{"vm_video_fetch":"on"},"video_fake_views_likes":{"vm_fake_views":"","vm_fake_likes":"","vm_fake_dislikes":""},"gallery_settings":{"gallery_position":""},"quote_settings":{"quote_position":""},"post_options":{"main_layout":"","main_logo":"","main_logo_retina":"","main_logo_mobile":"","main_logo_mobile_retina":"","sticky_logo":"","sticky_logo_retina":"","main_nav_layout":"","header_background":"","theme_sidebar":"","single_post_comment_type":"","theme_background":""}},"_links":{"self":[{"href":"https:\/\/canal7slp.tv\/2019\/wp-json\/wp\/v2\/posts\/8582","targetHints":{"allow":["GET"]}}],"collection":[{"href":"https:\/\/canal7slp.tv\/2019\/wp-json\/wp\/v2\/posts"}],"about":[{"href":"https:\/\/canal7slp.tv\/2019\/wp-json\/wp\/v2\/types\/post"}],"author":[{"embeddable":true,"href":"https:\/\/canal7slp.tv\/2019\/wp-json\/wp\/v2\/users\/2"}],"replies":[{"embeddable":true,"href":"https:\/\/canal7slp.tv\/2019\/wp-json\/wp\/v2\/comments?post=8582"}],"version-history":[{"count":0,"href":"https:\/\/canal7slp.tv\/2019\/wp-json\/wp\/v2\/posts\/8582\/revisions"}],"wp:featuredmedia":[{"embeddable":true,"href":"https:\/\/canal7slp.tv\/2019\/wp-json\/wp\/v2\/media\/8583"}],"wp:attachment":[{"href":"https:\/\/canal7slp.tv\/2019\/wp-json\/wp\/v2\/media?parent=8582"}],"wp:term":[{"taxonomy":"category","embeddable":true,"href":"https:\/\/canal7slp.tv\/2019\/wp-json\/wp\/v2\/categories?post=8582"},{"taxonomy":"post_tag","embeddable":true,"href":"https:\/\/canal7slp.tv\/2019\/wp-json\/wp\/v2\/tags?post=8582"}],"curies":[{"name":"wp","href":"https:\/\/api.w.org\/{rel}","templated":true}]}}