{"id":85790,"date":"2019-12-02T19:22:57","date_gmt":"2019-12-03T01:22:57","guid":{"rendered":"https:\/\/canal7slp.tv\/2019\/?p=85790"},"modified":"2019-12-02T19:26:44","modified_gmt":"2019-12-03T01:26:44","slug":"se-suma-ayuntamiento-a-ongs-en-eventos-con-causa-social","status":"publish","type":"post","link":"https:\/\/canal7slp.tv\/2019\/se-suma-ayuntamiento-a-ongs-en-eventos-con-causa-social\/","title":{"rendered":"Se suma Ayuntamiento a Ong&#8217;s en eventos con causa social"},"content":{"rendered":"<ul>\n<li style=\"text-align: justify\">El domingo 8 de diciembre se realizar\u00e1 la carrera atl\u00e9tica \u201cEmprende El Vuelo\u201d<\/li>\n<\/ul>\n<p style=\"text-align: justify\">SLP.- Con el prop\u00f3sito de recaudar fondos para aplicarlos a programas asistenciales de la asociaci\u00f3n \u201cEmprende el Vuelo\u201d \u2013 ASEMVU-, el Gobierno de esta capital se sum\u00f3 a la carrera atl\u00e9tica que se llevar\u00e1 a cabo el domingo 8 de diciembre, a fin de apoyar a ni\u00f1os, j\u00f3venes y adultos con alguna discapacidad de bajos recursos que son atendidos por la referida agrupaci\u00f3n, en diferentes comunidades de nuestro estado.<\/p>\n<p style=\"text-align: justify\">El Direcci\u00f3n de Deporte Municipal, Ricardo Garc\u00eda Rojas Flores precis\u00f3 que la carrera atl\u00e9tica \u201cEmprende El Vuelo\u201d, es una competencia con causa, de ah\u00ed la indicaci\u00f3n precisa del Alcalde, Xavier Nava Palacios, de impulsar toda aquella actividad que busque no s\u00f3lo activar f\u00edsicamente a la ciudadan\u00eda, sino tambi\u00e9n que contribuya al mejoramiento de la calidad de vida de sectores vulnerables, tal como lo lleva a cabo ASEMVU.<\/p>\n<p style=\"text-align: justify\">Record\u00f3 que la justa tendr\u00e1 recorridos de 10 kil\u00f3metros, adem\u00e1s de una convivencia de 4k y una lid de 4 mil metros para atletas en silla de ruedas.<\/p>\n<p style=\"text-align: justify\">Por su parte, Raquel Ni\u00f1o, presidenta de \u201cEmprende el Vuelo\u201d; Juan Armando Quintanilla Loredo, Presidente de la Asociaci\u00f3n Estatal de Atletismo y la Gerente de Marketing de Plaza Citadella, Lilia Vel\u00e1squez, reconocieron el apoyo del Gobierno de esta capital para llevar a cabo esta carrera, puesto que otorg\u00f3 todas las facilidades para concretar esta primera edici\u00f3n.<\/p>\n<p style=\"text-align: justify\">En cuanto al registro ser\u00e1 para 600 corredores y recibir\u00e1n kit con playera, chip y medalla al concluir el evento; la premiaci\u00f3n es para los primeros lugares de cada categor\u00eda. Se competir\u00e1 en ambas ramas y en el caso de la prueba estelar de 10 kil\u00f3metros, se contar\u00e1 con categor\u00eda libre 18-39; veteranos 40-49 y 50-59; y master, 60 a\u00f1os en adelante. En silla de ruedas se tendr\u00e1 categor\u00eda \u00fanica al igual que en la convivencia familiar, pero en \u00e9sta \u00faltima no habr\u00e1 premiaci\u00f3n, s\u00f3lo entrega de medallas.<\/p>\n<p style=\"text-align: justify\">La justa arranca a las 8 de la ma\u00f1ana, pero 10 minutos antes se inicia con la prueba en silla de ruedas. Gran parte del recorrido se desarrollar\u00e1 al interior del parque Tangamanga I, para salir por avenida Chapultepec, tomar lateral de Salvador Nava Mart\u00ednez y arribar frente a Plaza Citadella donde se ubicar\u00e1 la salida y la meta.<\/p>\n<p style=\"text-align: justify\">Las inscripciones son en el Centro de Desarrollo de Talentos y Alto Rendimiento Plan de San Luis, as\u00ed como en Gimnasios Le Parc en Plaza Citadella, Carretera 57 y la Zona Universitaria. El costo es de 250 pesos y la entrega de paquetes se realizar\u00e1 el s\u00e1bado 7 de diciembre en Gimnasios Le Parc de Plaza Citadella de 8 a 15 horas presentando comprobante f\u00edsico de registro e identificaci\u00f3n oficial.<\/p>\n","protected":false},"excerpt":{"rendered":"<p>El domingo 8 de diciembre se realizar\u00e1 la carrera atl\u00e9tica \u201cEmprende El Vuelo\u201d SLP.- Con el prop\u00f3sito de recaudar fondos para aplicarlos a programas asistenciales de la asociaci\u00f3n \u201cEmprende el Vuelo\u201d \u2013 ASEMVU-, el Gobierno de esta capital se sum\u00f3 a la carrera atl\u00e9tica que se llevar\u00e1 a cabo el domingo 8 de diciembre, a [&hellip;]<\/p>\n","protected":false},"author":2,"featured_media":85794,"comment_status":"open","ping_status":"open","sticky":false,"template":"","format":"standard","meta":{"footnotes":""},"categories":[17],"tags":[114],"class_list":["post-85790","post","type-post","status-publish","format-standard","has-post-thumbnail","hentry","category-localesyregionales","tag-ayuntamiento-slp"],"yoast_head":"<!-- This site is optimized with the Yoast SEO plugin v27.4 - https:\/\/yoast.com\/product\/yoast-seo-wordpress\/ -->\n<title>Se suma Ayuntamiento a Ong&#039;s en eventos con causa social - Canal 7 SLP - 2019<\/title>\n<meta name=\"robots\" content=\"index, follow, max-snippet:-1, max-image-preview:large, max-video-preview:-1\" \/>\n<link rel=\"canonical\" href=\"https:\/\/canal7slp.tv\/2019\/se-suma-ayuntamiento-a-ongs-en-eventos-con-causa-social\/\" \/>\n<meta property=\"og:locale\" content=\"es_ES\" \/>\n<meta property=\"og:type\" content=\"article\" \/>\n<meta property=\"og:title\" content=\"Se suma Ayuntamiento a Ong&#039;s en eventos con causa social - Canal 7 SLP - 2019\" \/>\n<meta property=\"og:description\" content=\"El domingo 8 de diciembre se realizar\u00e1 la carrera atl\u00e9tica \u201cEmprende El Vuelo\u201d SLP.- Con el prop\u00f3sito de recaudar fondos para aplicarlos a programas asistenciales de la asociaci\u00f3n \u201cEmprende el Vuelo\u201d \u2013 ASEMVU-, el Gobierno de esta capital se sum\u00f3 a la carrera atl\u00e9tica que se llevar\u00e1 a cabo el domingo 8 de diciembre, a [&hellip;]\" \/>\n<meta property=\"og:url\" content=\"https:\/\/canal7slp.tv\/2019\/se-suma-ayuntamiento-a-ongs-en-eventos-con-causa-social\/\" \/>\n<meta property=\"og:site_name\" content=\"Canal 7 SLP - 2019\" \/>\n<meta property=\"article:publisher\" content=\"https:\/\/www.facebook.com\/CANAL7SLP\/\" \/>\n<meta property=\"article:published_time\" content=\"2019-12-03T01:22:57+00:00\" \/>\n<meta property=\"article:modified_time\" content=\"2019-12-03T01:26:44+00:00\" \/>\n<meta property=\"og:image\" content=\"https:\/\/canal7slp.tv\/2019\/wp-content\/uploads\/2019\/12\/1932.jpg\" \/>\n\t<meta property=\"og:image:width\" content=\"614\" \/>\n\t<meta property=\"og:image:height\" content=\"410\" \/>\n\t<meta property=\"og:image:type\" content=\"image\/jpeg\" \/>\n<meta name=\"author\" content=\"edicionweb\" \/>\n<meta name=\"twitter:card\" content=\"summary_large_image\" \/>\n<meta name=\"twitter:creator\" content=\"@canal7_slp\" \/>\n<meta name=\"twitter:site\" content=\"@canal7_slp\" \/>\n<meta name=\"twitter:label1\" content=\"Escrito por\" \/>\n\t<meta name=\"twitter:data1\" content=\"edicionweb\" \/>\n\t<meta name=\"twitter:label2\" content=\"Tiempo de lectura\" \/>\n\t<meta name=\"twitter:data2\" content=\"2 minutos\" \/>\n<script type=\"application\/ld+json\" class=\"yoast-schema-graph\">{\"@context\":\"https:\\\/\\\/schema.org\",\"@graph\":[{\"@type\":\"Article\",\"@id\":\"https:\\\/\\\/canal7slp.tv\\\/2019\\\/se-suma-ayuntamiento-a-ongs-en-eventos-con-causa-social\\\/#article\",\"isPartOf\":{\"@id\":\"https:\\\/\\\/canal7slp.tv\\\/2019\\\/se-suma-ayuntamiento-a-ongs-en-eventos-con-causa-social\\\/\"},\"author\":{\"name\":\"edicionweb\",\"@id\":\"https:\\\/\\\/canal7slp.tv\\\/2019\\\/#\\\/schema\\\/person\\\/11d941c1c6ca30ac0a46b95fa37aa2e3\"},\"headline\":\"Se suma Ayuntamiento a Ong&#8217;s en eventos con causa social\",\"datePublished\":\"2019-12-03T01:22:57+00:00\",\"dateModified\":\"2019-12-03T01:26:44+00:00\",\"mainEntityOfPage\":{\"@id\":\"https:\\\/\\\/canal7slp.tv\\\/2019\\\/se-suma-ayuntamiento-a-ongs-en-eventos-con-causa-social\\\/\"},\"wordCount\":482,\"commentCount\":0,\"publisher\":{\"@id\":\"https:\\\/\\\/canal7slp.tv\\\/2019\\\/#organization\"},\"image\":{\"@id\":\"https:\\\/\\\/canal7slp.tv\\\/2019\\\/se-suma-ayuntamiento-a-ongs-en-eventos-con-causa-social\\\/#primaryimage\"},\"thumbnailUrl\":\"https:\\\/\\\/canal7slp.tv\\\/2019\\\/wp-content\\\/uploads\\\/2019\\\/12\\\/1932.jpg\",\"keywords\":[\"Ayuntamiento SLP\"],\"articleSection\":[\"LOCALES Y REGIONALES\"],\"inLanguage\":\"es\",\"potentialAction\":[{\"@type\":\"CommentAction\",\"name\":\"Comment\",\"target\":[\"https:\\\/\\\/canal7slp.tv\\\/2019\\\/se-suma-ayuntamiento-a-ongs-en-eventos-con-causa-social\\\/#respond\"]}]},{\"@type\":\"WebPage\",\"@id\":\"https:\\\/\\\/canal7slp.tv\\\/2019\\\/se-suma-ayuntamiento-a-ongs-en-eventos-con-causa-social\\\/\",\"url\":\"https:\\\/\\\/canal7slp.tv\\\/2019\\\/se-suma-ayuntamiento-a-ongs-en-eventos-con-causa-social\\\/\",\"name\":\"Se suma Ayuntamiento a Ong's en eventos con causa social - Canal 7 SLP - 2019\",\"isPartOf\":{\"@id\":\"https:\\\/\\\/canal7slp.tv\\\/2019\\\/#website\"},\"primaryImageOfPage\":{\"@id\":\"https:\\\/\\\/canal7slp.tv\\\/2019\\\/se-suma-ayuntamiento-a-ongs-en-eventos-con-causa-social\\\/#primaryimage\"},\"image\":{\"@id\":\"https:\\\/\\\/canal7slp.tv\\\/2019\\\/se-suma-ayuntamiento-a-ongs-en-eventos-con-causa-social\\\/#primaryimage\"},\"thumbnailUrl\":\"https:\\\/\\\/canal7slp.tv\\\/2019\\\/wp-content\\\/uploads\\\/2019\\\/12\\\/1932.jpg\",\"datePublished\":\"2019-12-03T01:22:57+00:00\",\"dateModified\":\"2019-12-03T01:26:44+00:00\",\"breadcrumb\":{\"@id\":\"https:\\\/\\\/canal7slp.tv\\\/2019\\\/se-suma-ayuntamiento-a-ongs-en-eventos-con-causa-social\\\/#breadcrumb\"},\"inLanguage\":\"es\",\"potentialAction\":[{\"@type\":\"ReadAction\",\"target\":[\"https:\\\/\\\/canal7slp.tv\\\/2019\\\/se-suma-ayuntamiento-a-ongs-en-eventos-con-causa-social\\\/\"]}]},{\"@type\":\"ImageObject\",\"inLanguage\":\"es\",\"@id\":\"https:\\\/\\\/canal7slp.tv\\\/2019\\\/se-suma-ayuntamiento-a-ongs-en-eventos-con-causa-social\\\/#primaryimage\",\"url\":\"https:\\\/\\\/canal7slp.tv\\\/2019\\\/wp-content\\\/uploads\\\/2019\\\/12\\\/1932.jpg\",\"contentUrl\":\"https:\\\/\\\/canal7slp.tv\\\/2019\\\/wp-content\\\/uploads\\\/2019\\\/12\\\/1932.jpg\",\"width\":614,\"height\":410},{\"@type\":\"BreadcrumbList\",\"@id\":\"https:\\\/\\\/canal7slp.tv\\\/2019\\\/se-suma-ayuntamiento-a-ongs-en-eventos-con-causa-social\\\/#breadcrumb\",\"itemListElement\":[{\"@type\":\"ListItem\",\"position\":1,\"name\":\"Home\",\"item\":\"https:\\\/\\\/canal7slp.tv\\\/2019\\\/\"},{\"@type\":\"ListItem\",\"position\":2,\"name\":\"Se suma Ayuntamiento a Ong&#8217;s en eventos con causa social\"}]},{\"@type\":\"WebSite\",\"@id\":\"https:\\\/\\\/canal7slp.tv\\\/2019\\\/#website\",\"url\":\"https:\\\/\\\/canal7slp.tv\\\/2019\\\/\",\"name\":\"Canal 7 SLP - Somos TV\",\"description\":\"Somos un Canal de 10\",\"publisher\":{\"@id\":\"https:\\\/\\\/canal7slp.tv\\\/2019\\\/#organization\"},\"potentialAction\":[{\"@type\":\"SearchAction\",\"target\":{\"@type\":\"EntryPoint\",\"urlTemplate\":\"https:\\\/\\\/canal7slp.tv\\\/2019\\\/?s={search_term_string}\"},\"query-input\":{\"@type\":\"PropertyValueSpecification\",\"valueRequired\":true,\"valueName\":\"search_term_string\"}}],\"inLanguage\":\"es\"},{\"@type\":\"Organization\",\"@id\":\"https:\\\/\\\/canal7slp.tv\\\/2019\\\/#organization\",\"name\":\"Comunicaci\u00f3n 2000 S.A. de C.V.\",\"url\":\"https:\\\/\\\/canal7slp.tv\\\/2019\\\/\",\"logo\":{\"@type\":\"ImageObject\",\"inLanguage\":\"es\",\"@id\":\"https:\\\/\\\/canal7slp.tv\\\/2019\\\/#\\\/schema\\\/logo\\\/image\\\/\",\"url\":\"https:\\\/\\\/canal7slp.tv\\\/2019\\\/wp-content\\\/uploads\\\/2019\\\/07\\\/logo-c7.png\",\"contentUrl\":\"https:\\\/\\\/canal7slp.tv\\\/2019\\\/wp-content\\\/uploads\\\/2019\\\/07\\\/logo-c7.png\",\"width\":220,\"height\":60,\"caption\":\"Comunicaci\u00f3n 2000 S.A. de C.V.\"},\"image\":{\"@id\":\"https:\\\/\\\/canal7slp.tv\\\/2019\\\/#\\\/schema\\\/logo\\\/image\\\/\"},\"sameAs\":[\"https:\\\/\\\/www.facebook.com\\\/CANAL7SLP\\\/\",\"https:\\\/\\\/x.com\\\/canal7_slp\",\"https:\\\/\\\/www.instagram.com\\\/canal7_slp\",\"https:\\\/\\\/www.youtube.com\\\/user\\\/NOTICIEROSCANAL7SLP\\\/\"]},{\"@type\":\"Person\",\"@id\":\"https:\\\/\\\/canal7slp.tv\\\/2019\\\/#\\\/schema\\\/person\\\/11d941c1c6ca30ac0a46b95fa37aa2e3\",\"name\":\"edicionweb\",\"image\":{\"@type\":\"ImageObject\",\"inLanguage\":\"es\",\"@id\":\"https:\\\/\\\/secure.gravatar.com\\\/avatar\\\/eee448fc3f7164808013b816ba91ac7e43bbe82a70bebac296f8bc6f0addaa1a?s=96&d=mm&r=g\",\"url\":\"https:\\\/\\\/secure.gravatar.com\\\/avatar\\\/eee448fc3f7164808013b816ba91ac7e43bbe82a70bebac296f8bc6f0addaa1a?s=96&d=mm&r=g\",\"contentUrl\":\"https:\\\/\\\/secure.gravatar.com\\\/avatar\\\/eee448fc3f7164808013b816ba91ac7e43bbe82a70bebac296f8bc6f0addaa1a?s=96&d=mm&r=g\",\"caption\":\"edicionweb\"}}]}<\/script>\n<!-- \/ Yoast SEO plugin. -->","yoast_head_json":{"title":"Se suma Ayuntamiento a Ong's en eventos con causa social - Canal 7 SLP - 2019","robots":{"index":"index","follow":"follow","max-snippet":"max-snippet:-1","max-image-preview":"max-image-preview:large","max-video-preview":"max-video-preview:-1"},"canonical":"https:\/\/canal7slp.tv\/2019\/se-suma-ayuntamiento-a-ongs-en-eventos-con-causa-social\/","og_locale":"es_ES","og_type":"article","og_title":"Se suma Ayuntamiento a Ong's en eventos con causa social - Canal 7 SLP - 2019","og_description":"El domingo 8 de diciembre se realizar\u00e1 la carrera atl\u00e9tica \u201cEmprende El Vuelo\u201d SLP.- Con el prop\u00f3sito de recaudar fondos para aplicarlos a programas asistenciales de la asociaci\u00f3n \u201cEmprende el Vuelo\u201d \u2013 ASEMVU-, el Gobierno de esta capital se sum\u00f3 a la carrera atl\u00e9tica que se llevar\u00e1 a cabo el domingo 8 de diciembre, a [&hellip;]","og_url":"https:\/\/canal7slp.tv\/2019\/se-suma-ayuntamiento-a-ongs-en-eventos-con-causa-social\/","og_site_name":"Canal 7 SLP - 2019","article_publisher":"https:\/\/www.facebook.com\/CANAL7SLP\/","article_published_time":"2019-12-03T01:22:57+00:00","article_modified_time":"2019-12-03T01:26:44+00:00","og_image":[{"width":614,"height":410,"url":"https:\/\/canal7slp.tv\/2019\/wp-content\/uploads\/2019\/12\/1932.jpg","type":"image\/jpeg"}],"author":"edicionweb","twitter_card":"summary_large_image","twitter_creator":"@canal7_slp","twitter_site":"@canal7_slp","twitter_misc":{"Escrito por":"edicionweb","Tiempo de lectura":"2 minutos"},"schema":{"@context":"https:\/\/schema.org","@graph":[{"@type":"Article","@id":"https:\/\/canal7slp.tv\/2019\/se-suma-ayuntamiento-a-ongs-en-eventos-con-causa-social\/#article","isPartOf":{"@id":"https:\/\/canal7slp.tv\/2019\/se-suma-ayuntamiento-a-ongs-en-eventos-con-causa-social\/"},"author":{"name":"edicionweb","@id":"https:\/\/canal7slp.tv\/2019\/#\/schema\/person\/11d941c1c6ca30ac0a46b95fa37aa2e3"},"headline":"Se suma Ayuntamiento a Ong&#8217;s en eventos con causa social","datePublished":"2019-12-03T01:22:57+00:00","dateModified":"2019-12-03T01:26:44+00:00","mainEntityOfPage":{"@id":"https:\/\/canal7slp.tv\/2019\/se-suma-ayuntamiento-a-ongs-en-eventos-con-causa-social\/"},"wordCount":482,"commentCount":0,"publisher":{"@id":"https:\/\/canal7slp.tv\/2019\/#organization"},"image":{"@id":"https:\/\/canal7slp.tv\/2019\/se-suma-ayuntamiento-a-ongs-en-eventos-con-causa-social\/#primaryimage"},"thumbnailUrl":"https:\/\/canal7slp.tv\/2019\/wp-content\/uploads\/2019\/12\/1932.jpg","keywords":["Ayuntamiento SLP"],"articleSection":["LOCALES Y REGIONALES"],"inLanguage":"es","potentialAction":[{"@type":"CommentAction","name":"Comment","target":["https:\/\/canal7slp.tv\/2019\/se-suma-ayuntamiento-a-ongs-en-eventos-con-causa-social\/#respond"]}]},{"@type":"WebPage","@id":"https:\/\/canal7slp.tv\/2019\/se-suma-ayuntamiento-a-ongs-en-eventos-con-causa-social\/","url":"https:\/\/canal7slp.tv\/2019\/se-suma-ayuntamiento-a-ongs-en-eventos-con-causa-social\/","name":"Se suma Ayuntamiento a Ong's en eventos con causa social - Canal 7 SLP - 2019","isPartOf":{"@id":"https:\/\/canal7slp.tv\/2019\/#website"},"primaryImageOfPage":{"@id":"https:\/\/canal7slp.tv\/2019\/se-suma-ayuntamiento-a-ongs-en-eventos-con-causa-social\/#primaryimage"},"image":{"@id":"https:\/\/canal7slp.tv\/2019\/se-suma-ayuntamiento-a-ongs-en-eventos-con-causa-social\/#primaryimage"},"thumbnailUrl":"https:\/\/canal7slp.tv\/2019\/wp-content\/uploads\/2019\/12\/1932.jpg","datePublished":"2019-12-03T01:22:57+00:00","dateModified":"2019-12-03T01:26:44+00:00","breadcrumb":{"@id":"https:\/\/canal7slp.tv\/2019\/se-suma-ayuntamiento-a-ongs-en-eventos-con-causa-social\/#breadcrumb"},"inLanguage":"es","potentialAction":[{"@type":"ReadAction","target":["https:\/\/canal7slp.tv\/2019\/se-suma-ayuntamiento-a-ongs-en-eventos-con-causa-social\/"]}]},{"@type":"ImageObject","inLanguage":"es","@id":"https:\/\/canal7slp.tv\/2019\/se-suma-ayuntamiento-a-ongs-en-eventos-con-causa-social\/#primaryimage","url":"https:\/\/canal7slp.tv\/2019\/wp-content\/uploads\/2019\/12\/1932.jpg","contentUrl":"https:\/\/canal7slp.tv\/2019\/wp-content\/uploads\/2019\/12\/1932.jpg","width":614,"height":410},{"@type":"BreadcrumbList","@id":"https:\/\/canal7slp.tv\/2019\/se-suma-ayuntamiento-a-ongs-en-eventos-con-causa-social\/#breadcrumb","itemListElement":[{"@type":"ListItem","position":1,"name":"Home","item":"https:\/\/canal7slp.tv\/2019\/"},{"@type":"ListItem","position":2,"name":"Se suma Ayuntamiento a Ong&#8217;s en eventos con causa social"}]},{"@type":"WebSite","@id":"https:\/\/canal7slp.tv\/2019\/#website","url":"https:\/\/canal7slp.tv\/2019\/","name":"Canal 7 SLP - Somos TV","description":"Somos un Canal de 10","publisher":{"@id":"https:\/\/canal7slp.tv\/2019\/#organization"},"potentialAction":[{"@type":"SearchAction","target":{"@type":"EntryPoint","urlTemplate":"https:\/\/canal7slp.tv\/2019\/?s={search_term_string}"},"query-input":{"@type":"PropertyValueSpecification","valueRequired":true,"valueName":"search_term_string"}}],"inLanguage":"es"},{"@type":"Organization","@id":"https:\/\/canal7slp.tv\/2019\/#organization","name":"Comunicaci\u00f3n 2000 S.A. de C.V.","url":"https:\/\/canal7slp.tv\/2019\/","logo":{"@type":"ImageObject","inLanguage":"es","@id":"https:\/\/canal7slp.tv\/2019\/#\/schema\/logo\/image\/","url":"https:\/\/canal7slp.tv\/2019\/wp-content\/uploads\/2019\/07\/logo-c7.png","contentUrl":"https:\/\/canal7slp.tv\/2019\/wp-content\/uploads\/2019\/07\/logo-c7.png","width":220,"height":60,"caption":"Comunicaci\u00f3n 2000 S.A. de C.V."},"image":{"@id":"https:\/\/canal7slp.tv\/2019\/#\/schema\/logo\/image\/"},"sameAs":["https:\/\/www.facebook.com\/CANAL7SLP\/","https:\/\/x.com\/canal7_slp","https:\/\/www.instagram.com\/canal7_slp","https:\/\/www.youtube.com\/user\/NOTICIEROSCANAL7SLP\/"]},{"@type":"Person","@id":"https:\/\/canal7slp.tv\/2019\/#\/schema\/person\/11d941c1c6ca30ac0a46b95fa37aa2e3","name":"edicionweb","image":{"@type":"ImageObject","inLanguage":"es","@id":"https:\/\/secure.gravatar.com\/avatar\/eee448fc3f7164808013b816ba91ac7e43bbe82a70bebac296f8bc6f0addaa1a?s=96&d=mm&r=g","url":"https:\/\/secure.gravatar.com\/avatar\/eee448fc3f7164808013b816ba91ac7e43bbe82a70bebac296f8bc6f0addaa1a?s=96&d=mm&r=g","contentUrl":"https:\/\/secure.gravatar.com\/avatar\/eee448fc3f7164808013b816ba91ac7e43bbe82a70bebac296f8bc6f0addaa1a?s=96&d=mm&r=g","caption":"edicionweb"}}]}},"amp_enabled":true,"cmb2":{"video_ids_in_playlist":{"vid_p_videos":""},"video_ids_in_channel":{"vid_c_videos":""},"playlist_ids_in_channel":{"vid_c_playlists":""},"series_ids_in_channel":{"vid_c_series":""},"channel_images":{"vid_c_logo":"","vid_c_banner":""},"poster_feature_image":{"vid_m_poster_image":""},"gif_feature_image":{"vid_m_gif_image":""},"video_movie_settings":{"vid_m_director":"","vid_m_actor":"","vid_m_imdb_ratings":"","vid_m_amazon_associates":""},"vid_youtube_broadcasts_settings":{"vid_yb_broadcast_title":"","vid_yb_q":"","vid_yb_channelid":"","vid_yb_videocategoryid":"","vid_yb_maxresults":"","vid_yb_order":"","vid_yb_regioncode":"","vid_yb_videosyndicated":"","vid_yb_style":"","vid_yb_reload_first":""},"video_series_settings":{"vid_m_director":"","vid_m_actor":"","vid_m_imdb_ratings":"","video_series_group":""},"amazon_associates_settings":{"amazon_associates":"","amazon_native_ad":""},"vid_youtube_automatic_settings":{"vid_ya_youtube_source":"","vid_ya_update_every":"","vid_ya_update_unit":"","vid_ya_categories":"","vid_ya_published_after":"","vid_ya_published_before":"","vid_ya_playlists":"","vid_ya_channels":"","vid_ya_director":"","vid_ya_actor":"","vid_ya_author":"","vid_ya_import_post_date":"","vid_ya_status":"","vid_ya_sub_api_key":""},"vid_ads_m_videoads_settings_post":{"vid_ads_m_video_ads":"","vid_ads_m_video_ads_type":"","vid_ads_m_group_google_ima":"","vid_ads_m_group_image":"","vid_ads_m_group_html5_video":"","vid_ads_m_group_html":"","vid_ads_m_vast_preroll":"","vid_ads_m_vast_postroll":"","vid_ads_m_vast_pauseroll":"","vid_ads_m_vast_midroll":[{"vid_ads_m_vast_timer_seconds":"50"}],"vid_ads_m_time_to_show_ads":"","vid_ads_m_time_skip_ads":"","vid_ads_m_time_to_hide_ads":""},"page_slider_settings":{"display_slider_group":"","page_slider_group":""},"blog_page_settings":{"blog_page_title":"","blog_page_heading":"","blog_page_ic":"","blog_page_it":"","blog_page_ec":"","blog_page_ip":"","archive_loop_style":"","blog_image_ratio":"","blog_show_categories":"","blog_show_excerpt":"","blog_show_author":"","blog_show_date":"","blog_show_comment_count":"","blog_show_view_count":"","blog_show_like_count":"","blog_show_dislike_count":"","blog_items_per_page":"","blog_pag_type":""},"page_options":{"get_page_template":"","color_mode":"","main_layout":"","main_layout_full_with":"","main_logo":"","main_logo_retina":"","main_logo_mobile":"","main_logo_mobile_retina":"","sticky_logo":"","sticky_logo_retina":"","main_nav_layout":"","ajax_search":"","header_background":"","theme_sidebar":"","instagram_feed":"","instagram_feed_position":"","popular_videos":"","popular_videos_title_1":"","popular_videos_title_2":"","popular_videos_ic":"","popular_videos_it":"","theme_background":"","page_custom_css":""},"feature_image_settings":{"feature_image_position":""},"video_player_settings":{"single_video_style":"","video_player_position":"","vm_video_url":"","video_player_library":"","video_streaming":"","vm_media_sources":"","vid_auto_play":"","vm_video_shortcode":"","vid_p_sync_playlist":"","vid_c_sync_channel":"","get_post_format":"","multiple_links_structure":"default","multi_links_title":"","vm_video_multi_links":"","vm_duration":"","vid_social_locker":"off","vid_social_locker_id":"","vid_membership_action":"content-video","vm_video_trailer_url":"","vid_download_type":"free","vid_download_target":"download","vid_woo_product":"","vm_media_download":"","user_rating":"","user_rating_position":"","user_rating_mode":"","user_rating_multi_sets":""},"video_auto_fetch_settings":{"vm_video_fetch":"on"},"video_fake_views_likes":{"vm_fake_views":"","vm_fake_likes":"","vm_fake_dislikes":""},"gallery_settings":{"gallery_position":""},"quote_settings":{"quote_position":""},"post_options":{"main_layout":"","main_logo":"","main_logo_retina":"","main_logo_mobile":"","main_logo_mobile_retina":"","sticky_logo":"","sticky_logo_retina":"","main_nav_layout":"","header_background":"","theme_sidebar":"","single_post_comment_type":"","theme_background":""}},"_links":{"self":[{"href":"https:\/\/canal7slp.tv\/2019\/wp-json\/wp\/v2\/posts\/85790","targetHints":{"allow":["GET"]}}],"collection":[{"href":"https:\/\/canal7slp.tv\/2019\/wp-json\/wp\/v2\/posts"}],"about":[{"href":"https:\/\/canal7slp.tv\/2019\/wp-json\/wp\/v2\/types\/post"}],"author":[{"embeddable":true,"href":"https:\/\/canal7slp.tv\/2019\/wp-json\/wp\/v2\/users\/2"}],"replies":[{"embeddable":true,"href":"https:\/\/canal7slp.tv\/2019\/wp-json\/wp\/v2\/comments?post=85790"}],"version-history":[{"count":0,"href":"https:\/\/canal7slp.tv\/2019\/wp-json\/wp\/v2\/posts\/85790\/revisions"}],"wp:featuredmedia":[{"embeddable":true,"href":"https:\/\/canal7slp.tv\/2019\/wp-json\/wp\/v2\/media\/85794"}],"wp:attachment":[{"href":"https:\/\/canal7slp.tv\/2019\/wp-json\/wp\/v2\/media?parent=85790"}],"wp:term":[{"taxonomy":"category","embeddable":true,"href":"https:\/\/canal7slp.tv\/2019\/wp-json\/wp\/v2\/categories?post=85790"},{"taxonomy":"post_tag","embeddable":true,"href":"https:\/\/canal7slp.tv\/2019\/wp-json\/wp\/v2\/tags?post=85790"}],"curies":[{"name":"wp","href":"https:\/\/api.w.org\/{rel}","templated":true}]}}