{"id":8545,"date":"2019-06-06T19:16:38","date_gmt":"2019-06-07T00:16:38","guid":{"rendered":"https:\/\/canal7slp.tv\/2019\/?p=8545"},"modified":"2019-06-06T19:16:38","modified_gmt":"2019-06-07T00:16:38","slug":"dif-municipal-abre-albergue-de-24-hrs-y-refuerza-recorridos-nocturnos","status":"publish","type":"post","link":"https:\/\/canal7slp.tv\/2019\/dif-municipal-abre-albergue-de-24-hrs-y-refuerza-recorridos-nocturnos\/","title":{"rendered":"DIF Municipal abre albergue de 24 hrs y refuerza recorridos nocturnos"},"content":{"rendered":"<p style=\"text-align: justify\">SLP.- Como parte del \u201cOperativo temporada de lluvias 2019\u201d implementado por el Ayuntamiento capitalino, el albergue \u201cNuestra Casa\u201d ubicado en la Calle Porfirio D\u00edaz No. 610 en la Delegaci\u00f3n Villa de Pozos, permanecer\u00e1 abierto las 24 horas del d\u00eda con el fin de atender a las personas m\u00e1s vulnerables que se vean afectadas, as\u00ed lo inform\u00f3 la directora del DIF capitalino Adriana Urbina Aguilar.<\/p>\n<p style=\"text-align: justify\">\u201cEl refugio tiene una capacidad para atender hasta 50 personas, se les proporciona alimentaci\u00f3n, dormitorio, regaderas, ropa limpia y medicamentos\u201d, precis\u00f3 la funcionaria.<\/p>\n<p style=\"text-align: justify\">Urbina Aguilar dijo adem\u00e1s, que el mi\u00e9rcoles 5 y la madrugada del jueves 6, un equipo multidisciplinario conformado por m\u00e9dicos, enfermeras, psic\u00f3logos, trabajadores sociales y abogados, realizaron diversas actividades de auxilio a la poblaci\u00f3n.<\/p>\n<p style=\"text-align: justify\">Report\u00f3 que la tarde del mi\u00e9rcoles se realiz\u00f3 un mapeo e identificaci\u00f3n de posibles casos de personas en situaci\u00f3n de calle; inici\u00f3 la primera ruta nocturna que detect\u00f3 a personas en situaci\u00f3n de riesgo, por lo que de forma voluntaria fueron trasladadas al albergue, en donde m\u00e1s tarde, llegaron dos adultos m\u00e1s a solicitar el servicio.<\/p>\n<p style=\"text-align: justify\">A las 23:00 horas, se realiz\u00f3 el segundo recorrido en la Carretera 57, en la que se identific\u00f3 a 2 personas del sexo masculino con datos cl\u00ednicos de intoxicaci\u00f3n por el consumo de sustancias. Se procedi\u00f3 a realizar la movilizaci\u00f3n de las personas para salvaguardar su integridad f\u00edsica, con apoyo de la direcci\u00f3n de Seguridad p\u00fablica municipal, que los traslad\u00f3 al Centro de Desintoxicaci\u00f3n y Rehabilitaci\u00f3n \u201cResponsable para Ser Libre\u201d. Ambas personas se encuentran en buen estado.<\/p>\n<p style=\"text-align: justify\">A las 00:00 horas, se hizo el recorrido por la zona centro incluyendo la Plaza del Carmen, Plaza de Los Fundadores, en las calles Dami\u00e1n Carmona, Santiago, Saucito, Jard\u00edn Col\u00f3n, Alameda, Avenida Universidad, Ricardo B. Anaya, Perif\u00e9rico y Villa de Pozos, en donde se detect\u00f3 a personas indigentes que tambi\u00e9n fueron trasladadas al refugio. Los recorridos concluyeron a las 3 horas del jueves.<\/p>\n<p style=\"text-align: justify\">Adriana Urbina exhorta a la ciudadan\u00eda a reportar a las personas en condici\u00f3n de vulnerabilidad a los tel\u00e9fonos 815-51-18 y 815-13-07.<\/p>\n","protected":false},"excerpt":{"rendered":"<p>SLP.- Como parte del \u201cOperativo temporada de lluvias 2019\u201d implementado por el Ayuntamiento capitalino, el albergue \u201cNuestra Casa\u201d ubicado en la Calle Porfirio D\u00edaz No. 610 en la Delegaci\u00f3n Villa de Pozos, permanecer\u00e1 abierto las 24 horas del d\u00eda con el fin de atender a las personas m\u00e1s vulnerables que se vean afectadas, as\u00ed lo [&hellip;]<\/p>\n","protected":false},"author":2,"featured_media":8546,"comment_status":"open","ping_status":"closed","sticky":false,"template":"","format":"standard","meta":{"footnotes":""},"categories":[17],"tags":[],"class_list":["post-8545","post","type-post","status-publish","format-standard","has-post-thumbnail","hentry","category-localesyregionales"],"yoast_head":"<!-- This site is optimized with the Yoast SEO plugin v27.4 - https:\/\/yoast.com\/product\/yoast-seo-wordpress\/ -->\n<title>DIF Municipal abre albergue de 24 hrs y refuerza recorridos nocturnos - Canal 7 SLP - 2019<\/title>\n<meta name=\"robots\" content=\"index, follow, max-snippet:-1, max-image-preview:large, max-video-preview:-1\" \/>\n<link rel=\"canonical\" href=\"https:\/\/canal7slp.tv\/2019\/dif-municipal-abre-albergue-de-24-hrs-y-refuerza-recorridos-nocturnos\/\" \/>\n<meta property=\"og:locale\" content=\"es_ES\" \/>\n<meta property=\"og:type\" content=\"article\" \/>\n<meta property=\"og:title\" content=\"DIF Municipal abre albergue de 24 hrs y refuerza recorridos nocturnos - Canal 7 SLP - 2019\" \/>\n<meta property=\"og:description\" content=\"SLP.- Como parte del \u201cOperativo temporada de lluvias 2019\u201d implementado por el Ayuntamiento capitalino, el albergue \u201cNuestra Casa\u201d ubicado en la Calle Porfirio D\u00edaz No. 610 en la Delegaci\u00f3n Villa de Pozos, permanecer\u00e1 abierto las 24 horas del d\u00eda con el fin de atender a las personas m\u00e1s vulnerables que se vean afectadas, as\u00ed lo [&hellip;]\" \/>\n<meta property=\"og:url\" content=\"https:\/\/canal7slp.tv\/2019\/dif-municipal-abre-albergue-de-24-hrs-y-refuerza-recorridos-nocturnos\/\" \/>\n<meta property=\"og:site_name\" content=\"Canal 7 SLP - 2019\" \/>\n<meta property=\"article:publisher\" content=\"https:\/\/www.facebook.com\/CANAL7SLP\/\" \/>\n<meta property=\"article:published_time\" content=\"2019-06-07T00:16:38+00:00\" \/>\n<meta property=\"og:image\" content=\"https:\/\/canal7slp.tv\/2019\/wp-content\/uploads\/2019\/06\/ayu6.png\" \/>\n\t<meta property=\"og:image:width\" content=\"800\" \/>\n\t<meta property=\"og:image:height\" content=\"440\" \/>\n\t<meta property=\"og:image:type\" content=\"image\/png\" \/>\n<meta name=\"author\" content=\"edicionweb\" \/>\n<meta name=\"twitter:card\" content=\"summary_large_image\" \/>\n<meta name=\"twitter:creator\" content=\"@canal7_slp\" \/>\n<meta name=\"twitter:site\" content=\"@canal7_slp\" \/>\n<meta name=\"twitter:label1\" content=\"Escrito por\" \/>\n\t<meta name=\"twitter:data1\" content=\"edicionweb\" \/>\n\t<meta name=\"twitter:label2\" content=\"Tiempo de lectura\" \/>\n\t<meta name=\"twitter:data2\" content=\"2 minutos\" \/>\n<script type=\"application\/ld+json\" class=\"yoast-schema-graph\">{\"@context\":\"https:\\\/\\\/schema.org\",\"@graph\":[{\"@type\":\"Article\",\"@id\":\"https:\\\/\\\/canal7slp.tv\\\/2019\\\/dif-municipal-abre-albergue-de-24-hrs-y-refuerza-recorridos-nocturnos\\\/#article\",\"isPartOf\":{\"@id\":\"https:\\\/\\\/canal7slp.tv\\\/2019\\\/dif-municipal-abre-albergue-de-24-hrs-y-refuerza-recorridos-nocturnos\\\/\"},\"author\":{\"name\":\"edicionweb\",\"@id\":\"https:\\\/\\\/canal7slp.tv\\\/2019\\\/#\\\/schema\\\/person\\\/11d941c1c6ca30ac0a46b95fa37aa2e3\"},\"headline\":\"DIF Municipal abre albergue de 24 hrs y refuerza recorridos nocturnos\",\"datePublished\":\"2019-06-07T00:16:38+00:00\",\"mainEntityOfPage\":{\"@id\":\"https:\\\/\\\/canal7slp.tv\\\/2019\\\/dif-municipal-abre-albergue-de-24-hrs-y-refuerza-recorridos-nocturnos\\\/\"},\"wordCount\":372,\"commentCount\":0,\"publisher\":{\"@id\":\"https:\\\/\\\/canal7slp.tv\\\/2019\\\/#organization\"},\"image\":{\"@id\":\"https:\\\/\\\/canal7slp.tv\\\/2019\\\/dif-municipal-abre-albergue-de-24-hrs-y-refuerza-recorridos-nocturnos\\\/#primaryimage\"},\"thumbnailUrl\":\"https:\\\/\\\/canal7slp.tv\\\/2019\\\/wp-content\\\/uploads\\\/2019\\\/06\\\/ayu6.png\",\"articleSection\":[\"LOCALES Y REGIONALES\"],\"inLanguage\":\"es\",\"potentialAction\":[{\"@type\":\"CommentAction\",\"name\":\"Comment\",\"target\":[\"https:\\\/\\\/canal7slp.tv\\\/2019\\\/dif-municipal-abre-albergue-de-24-hrs-y-refuerza-recorridos-nocturnos\\\/#respond\"]}]},{\"@type\":\"WebPage\",\"@id\":\"https:\\\/\\\/canal7slp.tv\\\/2019\\\/dif-municipal-abre-albergue-de-24-hrs-y-refuerza-recorridos-nocturnos\\\/\",\"url\":\"https:\\\/\\\/canal7slp.tv\\\/2019\\\/dif-municipal-abre-albergue-de-24-hrs-y-refuerza-recorridos-nocturnos\\\/\",\"name\":\"DIF Municipal abre albergue de 24 hrs y refuerza recorridos nocturnos - Canal 7 SLP - 2019\",\"isPartOf\":{\"@id\":\"https:\\\/\\\/canal7slp.tv\\\/2019\\\/#website\"},\"primaryImageOfPage\":{\"@id\":\"https:\\\/\\\/canal7slp.tv\\\/2019\\\/dif-municipal-abre-albergue-de-24-hrs-y-refuerza-recorridos-nocturnos\\\/#primaryimage\"},\"image\":{\"@id\":\"https:\\\/\\\/canal7slp.tv\\\/2019\\\/dif-municipal-abre-albergue-de-24-hrs-y-refuerza-recorridos-nocturnos\\\/#primaryimage\"},\"thumbnailUrl\":\"https:\\\/\\\/canal7slp.tv\\\/2019\\\/wp-content\\\/uploads\\\/2019\\\/06\\\/ayu6.png\",\"datePublished\":\"2019-06-07T00:16:38+00:00\",\"breadcrumb\":{\"@id\":\"https:\\\/\\\/canal7slp.tv\\\/2019\\\/dif-municipal-abre-albergue-de-24-hrs-y-refuerza-recorridos-nocturnos\\\/#breadcrumb\"},\"inLanguage\":\"es\",\"potentialAction\":[{\"@type\":\"ReadAction\",\"target\":[\"https:\\\/\\\/canal7slp.tv\\\/2019\\\/dif-municipal-abre-albergue-de-24-hrs-y-refuerza-recorridos-nocturnos\\\/\"]}]},{\"@type\":\"ImageObject\",\"inLanguage\":\"es\",\"@id\":\"https:\\\/\\\/canal7slp.tv\\\/2019\\\/dif-municipal-abre-albergue-de-24-hrs-y-refuerza-recorridos-nocturnos\\\/#primaryimage\",\"url\":\"https:\\\/\\\/canal7slp.tv\\\/2019\\\/wp-content\\\/uploads\\\/2019\\\/06\\\/ayu6.png\",\"contentUrl\":\"https:\\\/\\\/canal7slp.tv\\\/2019\\\/wp-content\\\/uploads\\\/2019\\\/06\\\/ayu6.png\",\"width\":800,\"height\":440},{\"@type\":\"BreadcrumbList\",\"@id\":\"https:\\\/\\\/canal7slp.tv\\\/2019\\\/dif-municipal-abre-albergue-de-24-hrs-y-refuerza-recorridos-nocturnos\\\/#breadcrumb\",\"itemListElement\":[{\"@type\":\"ListItem\",\"position\":1,\"name\":\"Home\",\"item\":\"https:\\\/\\\/canal7slp.tv\\\/2019\\\/\"},{\"@type\":\"ListItem\",\"position\":2,\"name\":\"DIF Municipal abre albergue de 24 hrs y refuerza recorridos nocturnos\"}]},{\"@type\":\"WebSite\",\"@id\":\"https:\\\/\\\/canal7slp.tv\\\/2019\\\/#website\",\"url\":\"https:\\\/\\\/canal7slp.tv\\\/2019\\\/\",\"name\":\"Canal 7 SLP - Somos TV\",\"description\":\"Somos un Canal de 10\",\"publisher\":{\"@id\":\"https:\\\/\\\/canal7slp.tv\\\/2019\\\/#organization\"},\"potentialAction\":[{\"@type\":\"SearchAction\",\"target\":{\"@type\":\"EntryPoint\",\"urlTemplate\":\"https:\\\/\\\/canal7slp.tv\\\/2019\\\/?s={search_term_string}\"},\"query-input\":{\"@type\":\"PropertyValueSpecification\",\"valueRequired\":true,\"valueName\":\"search_term_string\"}}],\"inLanguage\":\"es\"},{\"@type\":\"Organization\",\"@id\":\"https:\\\/\\\/canal7slp.tv\\\/2019\\\/#organization\",\"name\":\"Comunicaci\u00f3n 2000 S.A. de C.V.\",\"url\":\"https:\\\/\\\/canal7slp.tv\\\/2019\\\/\",\"logo\":{\"@type\":\"ImageObject\",\"inLanguage\":\"es\",\"@id\":\"https:\\\/\\\/canal7slp.tv\\\/2019\\\/#\\\/schema\\\/logo\\\/image\\\/\",\"url\":\"https:\\\/\\\/canal7slp.tv\\\/2019\\\/wp-content\\\/uploads\\\/2019\\\/07\\\/logo-c7.png\",\"contentUrl\":\"https:\\\/\\\/canal7slp.tv\\\/2019\\\/wp-content\\\/uploads\\\/2019\\\/07\\\/logo-c7.png\",\"width\":220,\"height\":60,\"caption\":\"Comunicaci\u00f3n 2000 S.A. de C.V.\"},\"image\":{\"@id\":\"https:\\\/\\\/canal7slp.tv\\\/2019\\\/#\\\/schema\\\/logo\\\/image\\\/\"},\"sameAs\":[\"https:\\\/\\\/www.facebook.com\\\/CANAL7SLP\\\/\",\"https:\\\/\\\/x.com\\\/canal7_slp\",\"https:\\\/\\\/www.instagram.com\\\/canal7_slp\",\"https:\\\/\\\/www.youtube.com\\\/user\\\/NOTICIEROSCANAL7SLP\\\/\"]},{\"@type\":\"Person\",\"@id\":\"https:\\\/\\\/canal7slp.tv\\\/2019\\\/#\\\/schema\\\/person\\\/11d941c1c6ca30ac0a46b95fa37aa2e3\",\"name\":\"edicionweb\",\"image\":{\"@type\":\"ImageObject\",\"inLanguage\":\"es\",\"@id\":\"https:\\\/\\\/secure.gravatar.com\\\/avatar\\\/eee448fc3f7164808013b816ba91ac7e43bbe82a70bebac296f8bc6f0addaa1a?s=96&d=mm&r=g\",\"url\":\"https:\\\/\\\/secure.gravatar.com\\\/avatar\\\/eee448fc3f7164808013b816ba91ac7e43bbe82a70bebac296f8bc6f0addaa1a?s=96&d=mm&r=g\",\"contentUrl\":\"https:\\\/\\\/secure.gravatar.com\\\/avatar\\\/eee448fc3f7164808013b816ba91ac7e43bbe82a70bebac296f8bc6f0addaa1a?s=96&d=mm&r=g\",\"caption\":\"edicionweb\"}}]}<\/script>\n<!-- \/ Yoast SEO plugin. -->","yoast_head_json":{"title":"DIF Municipal abre albergue de 24 hrs y refuerza recorridos nocturnos - Canal 7 SLP - 2019","robots":{"index":"index","follow":"follow","max-snippet":"max-snippet:-1","max-image-preview":"max-image-preview:large","max-video-preview":"max-video-preview:-1"},"canonical":"https:\/\/canal7slp.tv\/2019\/dif-municipal-abre-albergue-de-24-hrs-y-refuerza-recorridos-nocturnos\/","og_locale":"es_ES","og_type":"article","og_title":"DIF Municipal abre albergue de 24 hrs y refuerza recorridos nocturnos - Canal 7 SLP - 2019","og_description":"SLP.- Como parte del \u201cOperativo temporada de lluvias 2019\u201d implementado por el Ayuntamiento capitalino, el albergue \u201cNuestra Casa\u201d ubicado en la Calle Porfirio D\u00edaz No. 610 en la Delegaci\u00f3n Villa de Pozos, permanecer\u00e1 abierto las 24 horas del d\u00eda con el fin de atender a las personas m\u00e1s vulnerables que se vean afectadas, as\u00ed lo [&hellip;]","og_url":"https:\/\/canal7slp.tv\/2019\/dif-municipal-abre-albergue-de-24-hrs-y-refuerza-recorridos-nocturnos\/","og_site_name":"Canal 7 SLP - 2019","article_publisher":"https:\/\/www.facebook.com\/CANAL7SLP\/","article_published_time":"2019-06-07T00:16:38+00:00","og_image":[{"width":800,"height":440,"url":"https:\/\/canal7slp.tv\/2019\/wp-content\/uploads\/2019\/06\/ayu6.png","type":"image\/png"}],"author":"edicionweb","twitter_card":"summary_large_image","twitter_creator":"@canal7_slp","twitter_site":"@canal7_slp","twitter_misc":{"Escrito por":"edicionweb","Tiempo de lectura":"2 minutos"},"schema":{"@context":"https:\/\/schema.org","@graph":[{"@type":"Article","@id":"https:\/\/canal7slp.tv\/2019\/dif-municipal-abre-albergue-de-24-hrs-y-refuerza-recorridos-nocturnos\/#article","isPartOf":{"@id":"https:\/\/canal7slp.tv\/2019\/dif-municipal-abre-albergue-de-24-hrs-y-refuerza-recorridos-nocturnos\/"},"author":{"name":"edicionweb","@id":"https:\/\/canal7slp.tv\/2019\/#\/schema\/person\/11d941c1c6ca30ac0a46b95fa37aa2e3"},"headline":"DIF Municipal abre albergue de 24 hrs y refuerza recorridos nocturnos","datePublished":"2019-06-07T00:16:38+00:00","mainEntityOfPage":{"@id":"https:\/\/canal7slp.tv\/2019\/dif-municipal-abre-albergue-de-24-hrs-y-refuerza-recorridos-nocturnos\/"},"wordCount":372,"commentCount":0,"publisher":{"@id":"https:\/\/canal7slp.tv\/2019\/#organization"},"image":{"@id":"https:\/\/canal7slp.tv\/2019\/dif-municipal-abre-albergue-de-24-hrs-y-refuerza-recorridos-nocturnos\/#primaryimage"},"thumbnailUrl":"https:\/\/canal7slp.tv\/2019\/wp-content\/uploads\/2019\/06\/ayu6.png","articleSection":["LOCALES Y REGIONALES"],"inLanguage":"es","potentialAction":[{"@type":"CommentAction","name":"Comment","target":["https:\/\/canal7slp.tv\/2019\/dif-municipal-abre-albergue-de-24-hrs-y-refuerza-recorridos-nocturnos\/#respond"]}]},{"@type":"WebPage","@id":"https:\/\/canal7slp.tv\/2019\/dif-municipal-abre-albergue-de-24-hrs-y-refuerza-recorridos-nocturnos\/","url":"https:\/\/canal7slp.tv\/2019\/dif-municipal-abre-albergue-de-24-hrs-y-refuerza-recorridos-nocturnos\/","name":"DIF Municipal abre albergue de 24 hrs y refuerza recorridos nocturnos - Canal 7 SLP - 2019","isPartOf":{"@id":"https:\/\/canal7slp.tv\/2019\/#website"},"primaryImageOfPage":{"@id":"https:\/\/canal7slp.tv\/2019\/dif-municipal-abre-albergue-de-24-hrs-y-refuerza-recorridos-nocturnos\/#primaryimage"},"image":{"@id":"https:\/\/canal7slp.tv\/2019\/dif-municipal-abre-albergue-de-24-hrs-y-refuerza-recorridos-nocturnos\/#primaryimage"},"thumbnailUrl":"https:\/\/canal7slp.tv\/2019\/wp-content\/uploads\/2019\/06\/ayu6.png","datePublished":"2019-06-07T00:16:38+00:00","breadcrumb":{"@id":"https:\/\/canal7slp.tv\/2019\/dif-municipal-abre-albergue-de-24-hrs-y-refuerza-recorridos-nocturnos\/#breadcrumb"},"inLanguage":"es","potentialAction":[{"@type":"ReadAction","target":["https:\/\/canal7slp.tv\/2019\/dif-municipal-abre-albergue-de-24-hrs-y-refuerza-recorridos-nocturnos\/"]}]},{"@type":"ImageObject","inLanguage":"es","@id":"https:\/\/canal7slp.tv\/2019\/dif-municipal-abre-albergue-de-24-hrs-y-refuerza-recorridos-nocturnos\/#primaryimage","url":"https:\/\/canal7slp.tv\/2019\/wp-content\/uploads\/2019\/06\/ayu6.png","contentUrl":"https:\/\/canal7slp.tv\/2019\/wp-content\/uploads\/2019\/06\/ayu6.png","width":800,"height":440},{"@type":"BreadcrumbList","@id":"https:\/\/canal7slp.tv\/2019\/dif-municipal-abre-albergue-de-24-hrs-y-refuerza-recorridos-nocturnos\/#breadcrumb","itemListElement":[{"@type":"ListItem","position":1,"name":"Home","item":"https:\/\/canal7slp.tv\/2019\/"},{"@type":"ListItem","position":2,"name":"DIF Municipal abre albergue de 24 hrs y refuerza recorridos nocturnos"}]},{"@type":"WebSite","@id":"https:\/\/canal7slp.tv\/2019\/#website","url":"https:\/\/canal7slp.tv\/2019\/","name":"Canal 7 SLP - Somos TV","description":"Somos un Canal de 10","publisher":{"@id":"https:\/\/canal7slp.tv\/2019\/#organization"},"potentialAction":[{"@type":"SearchAction","target":{"@type":"EntryPoint","urlTemplate":"https:\/\/canal7slp.tv\/2019\/?s={search_term_string}"},"query-input":{"@type":"PropertyValueSpecification","valueRequired":true,"valueName":"search_term_string"}}],"inLanguage":"es"},{"@type":"Organization","@id":"https:\/\/canal7slp.tv\/2019\/#organization","name":"Comunicaci\u00f3n 2000 S.A. de C.V.","url":"https:\/\/canal7slp.tv\/2019\/","logo":{"@type":"ImageObject","inLanguage":"es","@id":"https:\/\/canal7slp.tv\/2019\/#\/schema\/logo\/image\/","url":"https:\/\/canal7slp.tv\/2019\/wp-content\/uploads\/2019\/07\/logo-c7.png","contentUrl":"https:\/\/canal7slp.tv\/2019\/wp-content\/uploads\/2019\/07\/logo-c7.png","width":220,"height":60,"caption":"Comunicaci\u00f3n 2000 S.A. de C.V."},"image":{"@id":"https:\/\/canal7slp.tv\/2019\/#\/schema\/logo\/image\/"},"sameAs":["https:\/\/www.facebook.com\/CANAL7SLP\/","https:\/\/x.com\/canal7_slp","https:\/\/www.instagram.com\/canal7_slp","https:\/\/www.youtube.com\/user\/NOTICIEROSCANAL7SLP\/"]},{"@type":"Person","@id":"https:\/\/canal7slp.tv\/2019\/#\/schema\/person\/11d941c1c6ca30ac0a46b95fa37aa2e3","name":"edicionweb","image":{"@type":"ImageObject","inLanguage":"es","@id":"https:\/\/secure.gravatar.com\/avatar\/eee448fc3f7164808013b816ba91ac7e43bbe82a70bebac296f8bc6f0addaa1a?s=96&d=mm&r=g","url":"https:\/\/secure.gravatar.com\/avatar\/eee448fc3f7164808013b816ba91ac7e43bbe82a70bebac296f8bc6f0addaa1a?s=96&d=mm&r=g","contentUrl":"https:\/\/secure.gravatar.com\/avatar\/eee448fc3f7164808013b816ba91ac7e43bbe82a70bebac296f8bc6f0addaa1a?s=96&d=mm&r=g","caption":"edicionweb"}}]}},"amp_enabled":true,"cmb2":{"video_ids_in_playlist":{"vid_p_videos":""},"video_ids_in_channel":{"vid_c_videos":""},"playlist_ids_in_channel":{"vid_c_playlists":""},"series_ids_in_channel":{"vid_c_series":""},"channel_images":{"vid_c_logo":"","vid_c_banner":""},"poster_feature_image":{"vid_m_poster_image":""},"gif_feature_image":{"vid_m_gif_image":""},"video_movie_settings":{"vid_m_director":"","vid_m_actor":"","vid_m_imdb_ratings":"","vid_m_amazon_associates":""},"vid_youtube_broadcasts_settings":{"vid_yb_broadcast_title":"","vid_yb_q":"","vid_yb_channelid":"","vid_yb_videocategoryid":"","vid_yb_maxresults":"","vid_yb_order":"","vid_yb_regioncode":"","vid_yb_videosyndicated":"","vid_yb_style":"","vid_yb_reload_first":""},"video_series_settings":{"vid_m_director":"","vid_m_actor":"","vid_m_imdb_ratings":"","video_series_group":""},"amazon_associates_settings":{"amazon_associates":"","amazon_native_ad":""},"vid_youtube_automatic_settings":{"vid_ya_youtube_source":"","vid_ya_update_every":"","vid_ya_update_unit":"","vid_ya_categories":"","vid_ya_published_after":"","vid_ya_published_before":"","vid_ya_playlists":"","vid_ya_channels":"","vid_ya_director":"","vid_ya_actor":"","vid_ya_author":"","vid_ya_import_post_date":"","vid_ya_status":"","vid_ya_sub_api_key":""},"vid_ads_m_videoads_settings_post":{"vid_ads_m_video_ads":"","vid_ads_m_video_ads_type":"","vid_ads_m_group_google_ima":"","vid_ads_m_group_image":"","vid_ads_m_group_html5_video":"","vid_ads_m_group_html":"","vid_ads_m_vast_preroll":"","vid_ads_m_vast_postroll":"","vid_ads_m_vast_pauseroll":"","vid_ads_m_vast_midroll":[{"vid_ads_m_vast_timer_seconds":"50"}],"vid_ads_m_time_to_show_ads":"","vid_ads_m_time_skip_ads":"","vid_ads_m_time_to_hide_ads":""},"page_slider_settings":{"display_slider_group":"","page_slider_group":""},"blog_page_settings":{"blog_page_title":"","blog_page_heading":"","blog_page_ic":"","blog_page_it":"","blog_page_ec":"","blog_page_ip":"","archive_loop_style":"","blog_image_ratio":"","blog_show_categories":"","blog_show_excerpt":"","blog_show_author":"","blog_show_date":"","blog_show_comment_count":"","blog_show_view_count":"","blog_show_like_count":"","blog_show_dislike_count":"","blog_items_per_page":"","blog_pag_type":""},"page_options":{"get_page_template":"","color_mode":"","main_layout":"","main_layout_full_with":"","main_logo":"","main_logo_retina":"","main_logo_mobile":"","main_logo_mobile_retina":"","sticky_logo":"","sticky_logo_retina":"","main_nav_layout":"","ajax_search":"","header_background":"","theme_sidebar":"","instagram_feed":"","instagram_feed_position":"","popular_videos":"","popular_videos_title_1":"","popular_videos_title_2":"","popular_videos_ic":"","popular_videos_it":"","theme_background":"","page_custom_css":""},"feature_image_settings":{"feature_image_position":""},"video_player_settings":{"single_video_style":"","video_player_position":"","vm_video_url":"","video_player_library":"","video_streaming":"","vm_media_sources":"","vid_auto_play":"","vm_video_shortcode":"","vid_p_sync_playlist":"","vid_c_sync_channel":"","get_post_format":"","multiple_links_structure":"default","multi_links_title":"","vm_video_multi_links":"","vm_duration":"","vid_social_locker":"off","vid_social_locker_id":"","vid_membership_action":"content-video","vm_video_trailer_url":"","vid_download_type":"free","vid_download_target":"download","vid_woo_product":"","vm_media_download":"","user_rating":"","user_rating_position":"","user_rating_mode":"","user_rating_multi_sets":""},"video_auto_fetch_settings":{"vm_video_fetch":"on"},"video_fake_views_likes":{"vm_fake_views":"","vm_fake_likes":"","vm_fake_dislikes":""},"gallery_settings":{"gallery_position":""},"quote_settings":{"quote_position":""},"post_options":{"main_layout":"","main_logo":"","main_logo_retina":"","main_logo_mobile":"","main_logo_mobile_retina":"","sticky_logo":"","sticky_logo_retina":"","main_nav_layout":"","header_background":"","theme_sidebar":"","single_post_comment_type":"","theme_background":""}},"_links":{"self":[{"href":"https:\/\/canal7slp.tv\/2019\/wp-json\/wp\/v2\/posts\/8545","targetHints":{"allow":["GET"]}}],"collection":[{"href":"https:\/\/canal7slp.tv\/2019\/wp-json\/wp\/v2\/posts"}],"about":[{"href":"https:\/\/canal7slp.tv\/2019\/wp-json\/wp\/v2\/types\/post"}],"author":[{"embeddable":true,"href":"https:\/\/canal7slp.tv\/2019\/wp-json\/wp\/v2\/users\/2"}],"replies":[{"embeddable":true,"href":"https:\/\/canal7slp.tv\/2019\/wp-json\/wp\/v2\/comments?post=8545"}],"version-history":[{"count":0,"href":"https:\/\/canal7slp.tv\/2019\/wp-json\/wp\/v2\/posts\/8545\/revisions"}],"wp:featuredmedia":[{"embeddable":true,"href":"https:\/\/canal7slp.tv\/2019\/wp-json\/wp\/v2\/media\/8546"}],"wp:attachment":[{"href":"https:\/\/canal7slp.tv\/2019\/wp-json\/wp\/v2\/media?parent=8545"}],"wp:term":[{"taxonomy":"category","embeddable":true,"href":"https:\/\/canal7slp.tv\/2019\/wp-json\/wp\/v2\/categories?post=8545"},{"taxonomy":"post_tag","embeddable":true,"href":"https:\/\/canal7slp.tv\/2019\/wp-json\/wp\/v2\/tags?post=8545"}],"curies":[{"name":"wp","href":"https:\/\/api.w.org\/{rel}","templated":true}]}}