{"id":85381,"date":"2019-11-30T13:58:31","date_gmt":"2019-11-30T19:58:31","guid":{"rendered":"https:\/\/canal7slp.tv\/2019\/?p=85381"},"modified":"2019-11-30T13:58:31","modified_gmt":"2019-11-30T19:58:31","slug":"nuevas-elecciones-en-bolivia-tendran-lugar-en-marzo-de-2020","status":"publish","type":"post","link":"https:\/\/canal7slp.tv\/2019\/nuevas-elecciones-en-bolivia-tendran-lugar-en-marzo-de-2020\/","title":{"rendered":"Nuevas elecciones en Bolivia tendr\u00e1n lugar en marzo de 2020"},"content":{"rendered":"<ul>\n<li style=\"text-align: justify\">Luego de que se haya establecido el plazo para la elecci\u00f3n de las personas que integrar\u00e1n el Tribunal Supremo Electoral<\/li>\n<\/ul>\n<p style=\"text-align: justify\">Bolivia.- La primera vuelta de las nuevas elecciones generales en Bolivia se celebrar\u00e1n a mediados de marzo de 2020, luego de que se haya establecido el plazo para la elecci\u00f3n de las personas que integrar\u00e1n el Tribunal Supremo Electoral (TSE), estim\u00f3 el ministro de Presidencia, Jerjes Justiniano.<\/p>\n<p style=\"text-align: justify\">&#8220;Vamos a contar m\u00e1s o menos desde el 23 de diciembre, a partir de ah\u00ed tenemos cuatro meses, hasta el 23 de abril, para concluir con el proceso electoral&#8221;, dijo la v\u00edspera Justiniano, citado por el diario local &#8220;El Deber&#8221;.<\/p>\n<p style=\"text-align: justify\">Explic\u00f3 que &#8220;dentro de esos 120 d\u00edas debe realizarse la primera vuelta, la segunda, si hubiera, el c\u00f3mputo final y pr\u00e1cticamente la emisi\u00f3n de las credenciales a los diputados y senadores electos, lo que significa que m\u00e1s o menos, en mi c\u00e1lculo, a mediados de marzo ser\u00e1n las elecciones en primera vuelta&#8221;.<\/p>\n<p style=\"text-align: justify\">Record\u00f3 que actualmente corre el plazo de 20 d\u00edas para elegir a las nuevas autoridades del Tribunal Supremo Electoral y de las instancias departamentales. Dos d\u00edas despu\u00e9s de tomar su posesi\u00f3n debe ser lanzada la convocatoria a los nuevos comicios.<\/p>\n<p style=\"text-align: justify\">&#8220;El pa\u00eds quiere emitir de una vez por todas su opini\u00f3n, decidir qui\u00e9n va a ser el pr\u00f3ximo presidente de los bolivianos&#8221;, indic\u00f3 Justiniano.<\/p>\n<p style=\"text-align: justify\">La presidenta interina de Bolivia, Jeanine \u00c1\u00f1ez, promulg\u00f3 el domingo pasado la Ley de R\u00e9gimen Excepcional y Transitorio para la Realizaci\u00f3n de Elecciones Generales, que deja sin efecto los comicios del pasado 20 de octubre y establece un plazo de 120 d\u00edas para unas nuevas votaciones, una vez que sea aprobado el calendario por parte del TSE.<\/p>\n<p style=\"text-align: justify\">En las elecciones generales 2020 podr\u00e1n participar todos los partidos registrados legalmente, con los candidatos que deseen, sin embargo, ni Morales ni su ex vicepresidente, \u00c1lvaro Garc\u00eda Linera, podr\u00e1n ser aspirantes, ni tampoco los ciudadanos reelectos durante los dos periodos constitucionales anteriores.<\/p>\n<p style=\"text-align: justify\">Bolivia es escenario de una crisis pol\u00edtica y social que empeor\u00f3 tras las elecciones presidenciales del pasado 20 de octubre, despu\u00e9s que Morales fue reelecto para un cuarto mandato, sin embargo, la oposici\u00f3n denunci\u00f3 un fraude electoral y exigi\u00f3 la renuncia del mandatario, quien finalmente dimiti\u00f3 tras varios d\u00edas de violencia.<\/p>\n","protected":false},"excerpt":{"rendered":"<p>Luego de que se haya establecido el plazo para la elecci\u00f3n de las personas que integrar\u00e1n el Tribunal Supremo Electoral Bolivia.- La primera vuelta de las nuevas elecciones generales en Bolivia se celebrar\u00e1n a mediados de marzo de 2020, luego de que se haya establecido el plazo para la elecci\u00f3n de las personas que integrar\u00e1n [&hellip;]<\/p>\n","protected":false},"author":2,"featured_media":85382,"comment_status":"open","ping_status":"open","sticky":false,"template":"","format":"standard","meta":{"footnotes":""},"categories":[18],"tags":[],"class_list":["post-85381","post","type-post","status-publish","format-standard","has-post-thumbnail","hentry","category-internacional"],"yoast_head":"<!-- This site is optimized with the Yoast SEO plugin v27.4 - https:\/\/yoast.com\/product\/yoast-seo-wordpress\/ -->\n<title>Nuevas elecciones en Bolivia tendr\u00e1n lugar en marzo de 2020 - Canal 7 SLP - 2019<\/title>\n<meta name=\"robots\" content=\"index, follow, max-snippet:-1, max-image-preview:large, max-video-preview:-1\" \/>\n<link rel=\"canonical\" href=\"https:\/\/canal7slp.tv\/2019\/nuevas-elecciones-en-bolivia-tendran-lugar-en-marzo-de-2020\/\" \/>\n<meta property=\"og:locale\" content=\"es_ES\" \/>\n<meta property=\"og:type\" content=\"article\" \/>\n<meta property=\"og:title\" content=\"Nuevas elecciones en Bolivia tendr\u00e1n lugar en marzo de 2020 - Canal 7 SLP - 2019\" \/>\n<meta property=\"og:description\" content=\"Luego de que se haya establecido el plazo para la elecci\u00f3n de las personas que integrar\u00e1n el Tribunal Supremo Electoral Bolivia.- La primera vuelta de las nuevas elecciones generales en Bolivia se celebrar\u00e1n a mediados de marzo de 2020, luego de que se haya establecido el plazo para la elecci\u00f3n de las personas que integrar\u00e1n [&hellip;]\" \/>\n<meta property=\"og:url\" content=\"https:\/\/canal7slp.tv\/2019\/nuevas-elecciones-en-bolivia-tendran-lugar-en-marzo-de-2020\/\" \/>\n<meta property=\"og:site_name\" content=\"Canal 7 SLP - 2019\" \/>\n<meta property=\"article:publisher\" content=\"https:\/\/www.facebook.com\/CANAL7SLP\/\" \/>\n<meta property=\"article:published_time\" content=\"2019-11-30T19:58:31+00:00\" \/>\n<meta property=\"og:image\" content=\"https:\/\/canal7slp.tv\/2019\/wp-content\/uploads\/2019\/11\/1445-6.jpg\" \/>\n\t<meta property=\"og:image:width\" content=\"770\" \/>\n\t<meta property=\"og:image:height\" content=\"485\" \/>\n\t<meta property=\"og:image:type\" content=\"image\/jpeg\" \/>\n<meta name=\"author\" content=\"edicionweb\" \/>\n<meta name=\"twitter:card\" content=\"summary_large_image\" \/>\n<meta name=\"twitter:creator\" content=\"@canal7_slp\" \/>\n<meta name=\"twitter:site\" content=\"@canal7_slp\" \/>\n<meta name=\"twitter:label1\" content=\"Escrito por\" \/>\n\t<meta name=\"twitter:data1\" content=\"edicionweb\" \/>\n\t<meta name=\"twitter:label2\" content=\"Tiempo de lectura\" \/>\n\t<meta name=\"twitter:data2\" content=\"2 minutos\" \/>\n<script type=\"application\/ld+json\" class=\"yoast-schema-graph\">{\"@context\":\"https:\\\/\\\/schema.org\",\"@graph\":[{\"@type\":\"Article\",\"@id\":\"https:\\\/\\\/canal7slp.tv\\\/2019\\\/nuevas-elecciones-en-bolivia-tendran-lugar-en-marzo-de-2020\\\/#article\",\"isPartOf\":{\"@id\":\"https:\\\/\\\/canal7slp.tv\\\/2019\\\/nuevas-elecciones-en-bolivia-tendran-lugar-en-marzo-de-2020\\\/\"},\"author\":{\"name\":\"edicionweb\",\"@id\":\"https:\\\/\\\/canal7slp.tv\\\/2019\\\/#\\\/schema\\\/person\\\/11d941c1c6ca30ac0a46b95fa37aa2e3\"},\"headline\":\"Nuevas elecciones en Bolivia tendr\u00e1n lugar en marzo de 2020\",\"datePublished\":\"2019-11-30T19:58:31+00:00\",\"mainEntityOfPage\":{\"@id\":\"https:\\\/\\\/canal7slp.tv\\\/2019\\\/nuevas-elecciones-en-bolivia-tendran-lugar-en-marzo-de-2020\\\/\"},\"wordCount\":407,\"commentCount\":0,\"publisher\":{\"@id\":\"https:\\\/\\\/canal7slp.tv\\\/2019\\\/#organization\"},\"image\":{\"@id\":\"https:\\\/\\\/canal7slp.tv\\\/2019\\\/nuevas-elecciones-en-bolivia-tendran-lugar-en-marzo-de-2020\\\/#primaryimage\"},\"thumbnailUrl\":\"https:\\\/\\\/canal7slp.tv\\\/2019\\\/wp-content\\\/uploads\\\/2019\\\/11\\\/1445-6.jpg\",\"articleSection\":[\"INTERNACIONAL\"],\"inLanguage\":\"es\",\"potentialAction\":[{\"@type\":\"CommentAction\",\"name\":\"Comment\",\"target\":[\"https:\\\/\\\/canal7slp.tv\\\/2019\\\/nuevas-elecciones-en-bolivia-tendran-lugar-en-marzo-de-2020\\\/#respond\"]}]},{\"@type\":\"WebPage\",\"@id\":\"https:\\\/\\\/canal7slp.tv\\\/2019\\\/nuevas-elecciones-en-bolivia-tendran-lugar-en-marzo-de-2020\\\/\",\"url\":\"https:\\\/\\\/canal7slp.tv\\\/2019\\\/nuevas-elecciones-en-bolivia-tendran-lugar-en-marzo-de-2020\\\/\",\"name\":\"Nuevas elecciones en Bolivia tendr\u00e1n lugar en marzo de 2020 - Canal 7 SLP - 2019\",\"isPartOf\":{\"@id\":\"https:\\\/\\\/canal7slp.tv\\\/2019\\\/#website\"},\"primaryImageOfPage\":{\"@id\":\"https:\\\/\\\/canal7slp.tv\\\/2019\\\/nuevas-elecciones-en-bolivia-tendran-lugar-en-marzo-de-2020\\\/#primaryimage\"},\"image\":{\"@id\":\"https:\\\/\\\/canal7slp.tv\\\/2019\\\/nuevas-elecciones-en-bolivia-tendran-lugar-en-marzo-de-2020\\\/#primaryimage\"},\"thumbnailUrl\":\"https:\\\/\\\/canal7slp.tv\\\/2019\\\/wp-content\\\/uploads\\\/2019\\\/11\\\/1445-6.jpg\",\"datePublished\":\"2019-11-30T19:58:31+00:00\",\"breadcrumb\":{\"@id\":\"https:\\\/\\\/canal7slp.tv\\\/2019\\\/nuevas-elecciones-en-bolivia-tendran-lugar-en-marzo-de-2020\\\/#breadcrumb\"},\"inLanguage\":\"es\",\"potentialAction\":[{\"@type\":\"ReadAction\",\"target\":[\"https:\\\/\\\/canal7slp.tv\\\/2019\\\/nuevas-elecciones-en-bolivia-tendran-lugar-en-marzo-de-2020\\\/\"]}]},{\"@type\":\"ImageObject\",\"inLanguage\":\"es\",\"@id\":\"https:\\\/\\\/canal7slp.tv\\\/2019\\\/nuevas-elecciones-en-bolivia-tendran-lugar-en-marzo-de-2020\\\/#primaryimage\",\"url\":\"https:\\\/\\\/canal7slp.tv\\\/2019\\\/wp-content\\\/uploads\\\/2019\\\/11\\\/1445-6.jpg\",\"contentUrl\":\"https:\\\/\\\/canal7slp.tv\\\/2019\\\/wp-content\\\/uploads\\\/2019\\\/11\\\/1445-6.jpg\",\"width\":770,\"height\":485},{\"@type\":\"BreadcrumbList\",\"@id\":\"https:\\\/\\\/canal7slp.tv\\\/2019\\\/nuevas-elecciones-en-bolivia-tendran-lugar-en-marzo-de-2020\\\/#breadcrumb\",\"itemListElement\":[{\"@type\":\"ListItem\",\"position\":1,\"name\":\"Home\",\"item\":\"https:\\\/\\\/canal7slp.tv\\\/2019\\\/\"},{\"@type\":\"ListItem\",\"position\":2,\"name\":\"Nuevas elecciones en Bolivia tendr\u00e1n lugar en marzo de 2020\"}]},{\"@type\":\"WebSite\",\"@id\":\"https:\\\/\\\/canal7slp.tv\\\/2019\\\/#website\",\"url\":\"https:\\\/\\\/canal7slp.tv\\\/2019\\\/\",\"name\":\"Canal 7 SLP - Somos TV\",\"description\":\"Somos un Canal de 10\",\"publisher\":{\"@id\":\"https:\\\/\\\/canal7slp.tv\\\/2019\\\/#organization\"},\"potentialAction\":[{\"@type\":\"SearchAction\",\"target\":{\"@type\":\"EntryPoint\",\"urlTemplate\":\"https:\\\/\\\/canal7slp.tv\\\/2019\\\/?s={search_term_string}\"},\"query-input\":{\"@type\":\"PropertyValueSpecification\",\"valueRequired\":true,\"valueName\":\"search_term_string\"}}],\"inLanguage\":\"es\"},{\"@type\":\"Organization\",\"@id\":\"https:\\\/\\\/canal7slp.tv\\\/2019\\\/#organization\",\"name\":\"Comunicaci\u00f3n 2000 S.A. de C.V.\",\"url\":\"https:\\\/\\\/canal7slp.tv\\\/2019\\\/\",\"logo\":{\"@type\":\"ImageObject\",\"inLanguage\":\"es\",\"@id\":\"https:\\\/\\\/canal7slp.tv\\\/2019\\\/#\\\/schema\\\/logo\\\/image\\\/\",\"url\":\"https:\\\/\\\/canal7slp.tv\\\/2019\\\/wp-content\\\/uploads\\\/2019\\\/07\\\/logo-c7.png\",\"contentUrl\":\"https:\\\/\\\/canal7slp.tv\\\/2019\\\/wp-content\\\/uploads\\\/2019\\\/07\\\/logo-c7.png\",\"width\":220,\"height\":60,\"caption\":\"Comunicaci\u00f3n 2000 S.A. de C.V.\"},\"image\":{\"@id\":\"https:\\\/\\\/canal7slp.tv\\\/2019\\\/#\\\/schema\\\/logo\\\/image\\\/\"},\"sameAs\":[\"https:\\\/\\\/www.facebook.com\\\/CANAL7SLP\\\/\",\"https:\\\/\\\/x.com\\\/canal7_slp\",\"https:\\\/\\\/www.instagram.com\\\/canal7_slp\",\"https:\\\/\\\/www.youtube.com\\\/user\\\/NOTICIEROSCANAL7SLP\\\/\"]},{\"@type\":\"Person\",\"@id\":\"https:\\\/\\\/canal7slp.tv\\\/2019\\\/#\\\/schema\\\/person\\\/11d941c1c6ca30ac0a46b95fa37aa2e3\",\"name\":\"edicionweb\",\"image\":{\"@type\":\"ImageObject\",\"inLanguage\":\"es\",\"@id\":\"https:\\\/\\\/secure.gravatar.com\\\/avatar\\\/eee448fc3f7164808013b816ba91ac7e43bbe82a70bebac296f8bc6f0addaa1a?s=96&d=mm&r=g\",\"url\":\"https:\\\/\\\/secure.gravatar.com\\\/avatar\\\/eee448fc3f7164808013b816ba91ac7e43bbe82a70bebac296f8bc6f0addaa1a?s=96&d=mm&r=g\",\"contentUrl\":\"https:\\\/\\\/secure.gravatar.com\\\/avatar\\\/eee448fc3f7164808013b816ba91ac7e43bbe82a70bebac296f8bc6f0addaa1a?s=96&d=mm&r=g\",\"caption\":\"edicionweb\"}}]}<\/script>\n<!-- \/ Yoast SEO plugin. -->","yoast_head_json":{"title":"Nuevas elecciones en Bolivia tendr\u00e1n lugar en marzo de 2020 - Canal 7 SLP - 2019","robots":{"index":"index","follow":"follow","max-snippet":"max-snippet:-1","max-image-preview":"max-image-preview:large","max-video-preview":"max-video-preview:-1"},"canonical":"https:\/\/canal7slp.tv\/2019\/nuevas-elecciones-en-bolivia-tendran-lugar-en-marzo-de-2020\/","og_locale":"es_ES","og_type":"article","og_title":"Nuevas elecciones en Bolivia tendr\u00e1n lugar en marzo de 2020 - Canal 7 SLP - 2019","og_description":"Luego de que se haya establecido el plazo para la elecci\u00f3n de las personas que integrar\u00e1n el Tribunal Supremo Electoral Bolivia.- La primera vuelta de las nuevas elecciones generales en Bolivia se celebrar\u00e1n a mediados de marzo de 2020, luego de que se haya establecido el plazo para la elecci\u00f3n de las personas que integrar\u00e1n [&hellip;]","og_url":"https:\/\/canal7slp.tv\/2019\/nuevas-elecciones-en-bolivia-tendran-lugar-en-marzo-de-2020\/","og_site_name":"Canal 7 SLP - 2019","article_publisher":"https:\/\/www.facebook.com\/CANAL7SLP\/","article_published_time":"2019-11-30T19:58:31+00:00","og_image":[{"width":770,"height":485,"url":"https:\/\/canal7slp.tv\/2019\/wp-content\/uploads\/2019\/11\/1445-6.jpg","type":"image\/jpeg"}],"author":"edicionweb","twitter_card":"summary_large_image","twitter_creator":"@canal7_slp","twitter_site":"@canal7_slp","twitter_misc":{"Escrito por":"edicionweb","Tiempo de lectura":"2 minutos"},"schema":{"@context":"https:\/\/schema.org","@graph":[{"@type":"Article","@id":"https:\/\/canal7slp.tv\/2019\/nuevas-elecciones-en-bolivia-tendran-lugar-en-marzo-de-2020\/#article","isPartOf":{"@id":"https:\/\/canal7slp.tv\/2019\/nuevas-elecciones-en-bolivia-tendran-lugar-en-marzo-de-2020\/"},"author":{"name":"edicionweb","@id":"https:\/\/canal7slp.tv\/2019\/#\/schema\/person\/11d941c1c6ca30ac0a46b95fa37aa2e3"},"headline":"Nuevas elecciones en Bolivia tendr\u00e1n lugar en marzo de 2020","datePublished":"2019-11-30T19:58:31+00:00","mainEntityOfPage":{"@id":"https:\/\/canal7slp.tv\/2019\/nuevas-elecciones-en-bolivia-tendran-lugar-en-marzo-de-2020\/"},"wordCount":407,"commentCount":0,"publisher":{"@id":"https:\/\/canal7slp.tv\/2019\/#organization"},"image":{"@id":"https:\/\/canal7slp.tv\/2019\/nuevas-elecciones-en-bolivia-tendran-lugar-en-marzo-de-2020\/#primaryimage"},"thumbnailUrl":"https:\/\/canal7slp.tv\/2019\/wp-content\/uploads\/2019\/11\/1445-6.jpg","articleSection":["INTERNACIONAL"],"inLanguage":"es","potentialAction":[{"@type":"CommentAction","name":"Comment","target":["https:\/\/canal7slp.tv\/2019\/nuevas-elecciones-en-bolivia-tendran-lugar-en-marzo-de-2020\/#respond"]}]},{"@type":"WebPage","@id":"https:\/\/canal7slp.tv\/2019\/nuevas-elecciones-en-bolivia-tendran-lugar-en-marzo-de-2020\/","url":"https:\/\/canal7slp.tv\/2019\/nuevas-elecciones-en-bolivia-tendran-lugar-en-marzo-de-2020\/","name":"Nuevas elecciones en Bolivia tendr\u00e1n lugar en marzo de 2020 - Canal 7 SLP - 2019","isPartOf":{"@id":"https:\/\/canal7slp.tv\/2019\/#website"},"primaryImageOfPage":{"@id":"https:\/\/canal7slp.tv\/2019\/nuevas-elecciones-en-bolivia-tendran-lugar-en-marzo-de-2020\/#primaryimage"},"image":{"@id":"https:\/\/canal7slp.tv\/2019\/nuevas-elecciones-en-bolivia-tendran-lugar-en-marzo-de-2020\/#primaryimage"},"thumbnailUrl":"https:\/\/canal7slp.tv\/2019\/wp-content\/uploads\/2019\/11\/1445-6.jpg","datePublished":"2019-11-30T19:58:31+00:00","breadcrumb":{"@id":"https:\/\/canal7slp.tv\/2019\/nuevas-elecciones-en-bolivia-tendran-lugar-en-marzo-de-2020\/#breadcrumb"},"inLanguage":"es","potentialAction":[{"@type":"ReadAction","target":["https:\/\/canal7slp.tv\/2019\/nuevas-elecciones-en-bolivia-tendran-lugar-en-marzo-de-2020\/"]}]},{"@type":"ImageObject","inLanguage":"es","@id":"https:\/\/canal7slp.tv\/2019\/nuevas-elecciones-en-bolivia-tendran-lugar-en-marzo-de-2020\/#primaryimage","url":"https:\/\/canal7slp.tv\/2019\/wp-content\/uploads\/2019\/11\/1445-6.jpg","contentUrl":"https:\/\/canal7slp.tv\/2019\/wp-content\/uploads\/2019\/11\/1445-6.jpg","width":770,"height":485},{"@type":"BreadcrumbList","@id":"https:\/\/canal7slp.tv\/2019\/nuevas-elecciones-en-bolivia-tendran-lugar-en-marzo-de-2020\/#breadcrumb","itemListElement":[{"@type":"ListItem","position":1,"name":"Home","item":"https:\/\/canal7slp.tv\/2019\/"},{"@type":"ListItem","position":2,"name":"Nuevas elecciones en Bolivia tendr\u00e1n lugar en marzo de 2020"}]},{"@type":"WebSite","@id":"https:\/\/canal7slp.tv\/2019\/#website","url":"https:\/\/canal7slp.tv\/2019\/","name":"Canal 7 SLP - Somos TV","description":"Somos un Canal de 10","publisher":{"@id":"https:\/\/canal7slp.tv\/2019\/#organization"},"potentialAction":[{"@type":"SearchAction","target":{"@type":"EntryPoint","urlTemplate":"https:\/\/canal7slp.tv\/2019\/?s={search_term_string}"},"query-input":{"@type":"PropertyValueSpecification","valueRequired":true,"valueName":"search_term_string"}}],"inLanguage":"es"},{"@type":"Organization","@id":"https:\/\/canal7slp.tv\/2019\/#organization","name":"Comunicaci\u00f3n 2000 S.A. de C.V.","url":"https:\/\/canal7slp.tv\/2019\/","logo":{"@type":"ImageObject","inLanguage":"es","@id":"https:\/\/canal7slp.tv\/2019\/#\/schema\/logo\/image\/","url":"https:\/\/canal7slp.tv\/2019\/wp-content\/uploads\/2019\/07\/logo-c7.png","contentUrl":"https:\/\/canal7slp.tv\/2019\/wp-content\/uploads\/2019\/07\/logo-c7.png","width":220,"height":60,"caption":"Comunicaci\u00f3n 2000 S.A. de C.V."},"image":{"@id":"https:\/\/canal7slp.tv\/2019\/#\/schema\/logo\/image\/"},"sameAs":["https:\/\/www.facebook.com\/CANAL7SLP\/","https:\/\/x.com\/canal7_slp","https:\/\/www.instagram.com\/canal7_slp","https:\/\/www.youtube.com\/user\/NOTICIEROSCANAL7SLP\/"]},{"@type":"Person","@id":"https:\/\/canal7slp.tv\/2019\/#\/schema\/person\/11d941c1c6ca30ac0a46b95fa37aa2e3","name":"edicionweb","image":{"@type":"ImageObject","inLanguage":"es","@id":"https:\/\/secure.gravatar.com\/avatar\/eee448fc3f7164808013b816ba91ac7e43bbe82a70bebac296f8bc6f0addaa1a?s=96&d=mm&r=g","url":"https:\/\/secure.gravatar.com\/avatar\/eee448fc3f7164808013b816ba91ac7e43bbe82a70bebac296f8bc6f0addaa1a?s=96&d=mm&r=g","contentUrl":"https:\/\/secure.gravatar.com\/avatar\/eee448fc3f7164808013b816ba91ac7e43bbe82a70bebac296f8bc6f0addaa1a?s=96&d=mm&r=g","caption":"edicionweb"}}]}},"amp_enabled":true,"cmb2":{"video_ids_in_playlist":{"vid_p_videos":""},"video_ids_in_channel":{"vid_c_videos":""},"playlist_ids_in_channel":{"vid_c_playlists":""},"series_ids_in_channel":{"vid_c_series":""},"channel_images":{"vid_c_logo":"","vid_c_banner":""},"poster_feature_image":{"vid_m_poster_image":""},"gif_feature_image":{"vid_m_gif_image":""},"video_movie_settings":{"vid_m_director":"","vid_m_actor":"","vid_m_imdb_ratings":"","vid_m_amazon_associates":""},"vid_youtube_broadcasts_settings":{"vid_yb_broadcast_title":"","vid_yb_q":"","vid_yb_channelid":"","vid_yb_videocategoryid":"","vid_yb_maxresults":"","vid_yb_order":"","vid_yb_regioncode":"","vid_yb_videosyndicated":"","vid_yb_style":"","vid_yb_reload_first":""},"video_series_settings":{"vid_m_director":"","vid_m_actor":"","vid_m_imdb_ratings":"","video_series_group":""},"amazon_associates_settings":{"amazon_associates":"","amazon_native_ad":""},"vid_youtube_automatic_settings":{"vid_ya_youtube_source":"","vid_ya_update_every":"","vid_ya_update_unit":"","vid_ya_categories":"","vid_ya_published_after":"","vid_ya_published_before":"","vid_ya_playlists":"","vid_ya_channels":"","vid_ya_director":"","vid_ya_actor":"","vid_ya_author":"","vid_ya_import_post_date":"","vid_ya_status":"","vid_ya_sub_api_key":""},"vid_ads_m_videoads_settings_post":{"vid_ads_m_video_ads":"","vid_ads_m_video_ads_type":"","vid_ads_m_group_google_ima":"","vid_ads_m_group_image":"","vid_ads_m_group_html5_video":"","vid_ads_m_group_html":"","vid_ads_m_vast_preroll":"","vid_ads_m_vast_postroll":"","vid_ads_m_vast_pauseroll":"","vid_ads_m_vast_midroll":[{"vid_ads_m_vast_timer_seconds":"50"}],"vid_ads_m_time_to_show_ads":"","vid_ads_m_time_skip_ads":"","vid_ads_m_time_to_hide_ads":""},"page_slider_settings":{"display_slider_group":"","page_slider_group":""},"blog_page_settings":{"blog_page_title":"","blog_page_heading":"","blog_page_ic":"","blog_page_it":"","blog_page_ec":"","blog_page_ip":"","archive_loop_style":"","blog_image_ratio":"","blog_show_categories":"","blog_show_excerpt":"","blog_show_author":"","blog_show_date":"","blog_show_comment_count":"","blog_show_view_count":"","blog_show_like_count":"","blog_show_dislike_count":"","blog_items_per_page":"","blog_pag_type":""},"page_options":{"get_page_template":"","color_mode":"","main_layout":"","main_layout_full_with":"","main_logo":"","main_logo_retina":"","main_logo_mobile":"","main_logo_mobile_retina":"","sticky_logo":"","sticky_logo_retina":"","main_nav_layout":"","ajax_search":"","header_background":"","theme_sidebar":"","instagram_feed":"","instagram_feed_position":"","popular_videos":"","popular_videos_title_1":"","popular_videos_title_2":"","popular_videos_ic":"","popular_videos_it":"","theme_background":"","page_custom_css":""},"feature_image_settings":{"feature_image_position":""},"video_player_settings":{"single_video_style":"","video_player_position":"","vm_video_url":"","video_player_library":"","video_streaming":"","vm_media_sources":"","vid_auto_play":"","vm_video_shortcode":"","vid_p_sync_playlist":"","vid_c_sync_channel":"","get_post_format":"","multiple_links_structure":"default","multi_links_title":"","vm_video_multi_links":"","vm_duration":"","vid_social_locker":"off","vid_social_locker_id":"","vid_membership_action":"content-video","vm_video_trailer_url":"","vid_download_type":"free","vid_download_target":"download","vid_woo_product":"","vm_media_download":"","user_rating":"","user_rating_position":"","user_rating_mode":"","user_rating_multi_sets":""},"video_auto_fetch_settings":{"vm_video_fetch":"on"},"video_fake_views_likes":{"vm_fake_views":"","vm_fake_likes":"","vm_fake_dislikes":""},"gallery_settings":{"gallery_position":""},"quote_settings":{"quote_position":""},"post_options":{"main_layout":"","main_logo":"","main_logo_retina":"","main_logo_mobile":"","main_logo_mobile_retina":"","sticky_logo":"","sticky_logo_retina":"","main_nav_layout":"","header_background":"","theme_sidebar":"","single_post_comment_type":"","theme_background":""}},"_links":{"self":[{"href":"https:\/\/canal7slp.tv\/2019\/wp-json\/wp\/v2\/posts\/85381","targetHints":{"allow":["GET"]}}],"collection":[{"href":"https:\/\/canal7slp.tv\/2019\/wp-json\/wp\/v2\/posts"}],"about":[{"href":"https:\/\/canal7slp.tv\/2019\/wp-json\/wp\/v2\/types\/post"}],"author":[{"embeddable":true,"href":"https:\/\/canal7slp.tv\/2019\/wp-json\/wp\/v2\/users\/2"}],"replies":[{"embeddable":true,"href":"https:\/\/canal7slp.tv\/2019\/wp-json\/wp\/v2\/comments?post=85381"}],"version-history":[{"count":0,"href":"https:\/\/canal7slp.tv\/2019\/wp-json\/wp\/v2\/posts\/85381\/revisions"}],"wp:featuredmedia":[{"embeddable":true,"href":"https:\/\/canal7slp.tv\/2019\/wp-json\/wp\/v2\/media\/85382"}],"wp:attachment":[{"href":"https:\/\/canal7slp.tv\/2019\/wp-json\/wp\/v2\/media?parent=85381"}],"wp:term":[{"taxonomy":"category","embeddable":true,"href":"https:\/\/canal7slp.tv\/2019\/wp-json\/wp\/v2\/categories?post=85381"},{"taxonomy":"post_tag","embeddable":true,"href":"https:\/\/canal7slp.tv\/2019\/wp-json\/wp\/v2\/tags?post=85381"}],"curies":[{"name":"wp","href":"https:\/\/api.w.org\/{rel}","templated":true}]}}