{"id":85347,"date":"2019-11-30T09:43:53","date_gmt":"2019-11-30T15:43:53","guid":{"rendered":"https:\/\/canal7slp.tv\/2019\/?p=85347"},"modified":"2019-11-30T09:43:53","modified_gmt":"2019-11-30T15:43:53","slug":"recomiendan-a-empresas-prepararse-para-cumplir-con-reforma-penal-fiscal","status":"publish","type":"post","link":"https:\/\/canal7slp.tv\/2019\/recomiendan-a-empresas-prepararse-para-cumplir-con-reforma-penal-fiscal\/","title":{"rendered":"Recomiendan a empresas prepararse para cumplir con reforma penal fiscal"},"content":{"rendered":"<ul>\n<li style=\"text-align: justify\">Las empresas deber\u00e1n identificara sus proveedores y llevar una bit\u00e1cora de cada una de las operaciones que realicen para su tranquilidad<\/li>\n<\/ul>\n<p style=\"text-align: justify\">M\u00e9xico.- Con la reforma penal fiscal aprobada recientemente y que entrar\u00e1 en vigor el pr\u00f3ximo 1 de enero, las empresas deber\u00e1n identificara sus proveedores y llevar una bit\u00e1cora de cada una de las operaciones que realicen para su tranquilidad.<\/p>\n<p style=\"text-align: justify\">\u201cLas empresas lo que deben tener muy claro es hacer una revisi\u00f3n de sus proveedores, generar auditor\u00edas internas, m\u00e1s que enfocadas a la parte financiera, enfocadas a determinar con qui\u00e9n han tenido operaciones para identificar si esas empresas se encuentran en los supuestos del Art\u00edculo 69B del C\u00f3digo Fiscal de la Federaci\u00f3n, es decir que son empresas que no tienen la capacidad, personal, infraestructura para generar el producto o servicio que en teor\u00eda facturan\u201d, dijo Ulises G\u00f3mez, exsubprocurador Fiscal Federal, explic\u00f3.<\/p>\n<p style=\"text-align: justify\">Durante su participaci\u00f3n en el Foro Tributario Empresarial Reflexiones Sobre Riesgos y Medidas Preventivas el especialista dijo que llevar una bit\u00e1cora sobre las operaciones que se realizan con sus proveedores puede quitarles muchos problemas a las empresas.<\/p>\n<p style=\"text-align: justify\">\u201cEso le va a permitir blindarse para que el momento que la autoridad lo requiera y les diga: oye no tuvo materialidad la operaci\u00f3n ellos puedan tener la bit\u00e1cora o la evidencia de que efectivamente la operaci\u00f3n que se ampara con esa factura si tuvo un intercambio de prestaci\u00f3n de servicios o la entrega de un bien\u201d, agreg\u00f3.<\/p>\n<p style=\"text-align: justify\">Coment\u00f3 que las empresas o personas morales que act\u00faan honestamente y que no se dedican de tiempo completo a cometer delitos fiscales pueden estar tranquilas, mientras que los delincuentes organizados que se dedican al negocio de vender facturas, al negocio de enga\u00f1ar a la autoridad deber\u00e1n preocuparse.<\/p>\n<p style=\"text-align: justify\">\u201cPara alguien que est\u00e1 en orden tendr\u00e1n que pasar muchos pasos de la autoridad para poder imputar penalmente una conducta delictiva\u201d, aclar\u00f3 en el evento realizado por la empresa Impultek en el Hotel Hard Rock de Guadalajara,<\/p>\n<p style=\"text-align: justify\">La reforma penal fiscal contempla modificaciones a La Ley de Seguridad Nacional, La Ley Federal Contra la Delincuencia Organizada, C\u00f3digo Fiscal de la Federaci\u00f3n, C\u00f3digo Penal Federal y C\u00f3digo Nacional de Procedimientos Penales.<\/p>\n<p style=\"text-align: justify\">Durante su conferencia Ricardo Cacho, director general de Control Procedimental en la Subprocuradur\u00eda Fiscal Federal de Investigaciones de la Procuradur\u00eda Fiscal de la Federaci\u00f3n, afirm\u00f3 que ahora todos los delitos fiscales ser\u00e1n investigados.<\/p>\n","protected":false},"excerpt":{"rendered":"<p>Las empresas deber\u00e1n identificara sus proveedores y llevar una bit\u00e1cora de cada una de las operaciones que realicen para su tranquilidad M\u00e9xico.- Con la reforma penal fiscal aprobada recientemente y que entrar\u00e1 en vigor el pr\u00f3ximo 1 de enero, las empresas deber\u00e1n identificara sus proveedores y llevar una bit\u00e1cora de cada una de las operaciones [&hellip;]<\/p>\n","protected":false},"author":2,"featured_media":85348,"comment_status":"open","ping_status":"open","sticky":false,"template":"","format":"standard","meta":{"footnotes":""},"categories":[98],"tags":[],"class_list":["post-85347","post","type-post","status-publish","format-standard","has-post-thumbnail","hentry","category-finanzas"],"yoast_head":"<!-- This site is optimized with the Yoast SEO plugin v27.5 - https:\/\/yoast.com\/product\/yoast-seo-wordpress\/ -->\n<title>Recomiendan a empresas prepararse para cumplir con reforma penal fiscal - Canal 7 SLP - 2019<\/title>\n<meta name=\"robots\" content=\"index, follow, max-snippet:-1, max-image-preview:large, max-video-preview:-1\" \/>\n<link rel=\"canonical\" href=\"https:\/\/canal7slp.tv\/2019\/recomiendan-a-empresas-prepararse-para-cumplir-con-reforma-penal-fiscal\/\" \/>\n<meta property=\"og:locale\" content=\"es_ES\" \/>\n<meta property=\"og:type\" content=\"article\" \/>\n<meta property=\"og:title\" content=\"Recomiendan a empresas prepararse para cumplir con reforma penal fiscal - Canal 7 SLP - 2019\" \/>\n<meta property=\"og:description\" content=\"Las empresas deber\u00e1n identificara sus proveedores y llevar una bit\u00e1cora de cada una de las operaciones que realicen para su tranquilidad M\u00e9xico.- Con la reforma penal fiscal aprobada recientemente y que entrar\u00e1 en vigor el pr\u00f3ximo 1 de enero, las empresas deber\u00e1n identificara sus proveedores y llevar una bit\u00e1cora de cada una de las operaciones [&hellip;]\" \/>\n<meta property=\"og:url\" content=\"https:\/\/canal7slp.tv\/2019\/recomiendan-a-empresas-prepararse-para-cumplir-con-reforma-penal-fiscal\/\" \/>\n<meta property=\"og:site_name\" content=\"Canal 7 SLP - 2019\" \/>\n<meta property=\"article:publisher\" content=\"https:\/\/www.facebook.com\/CANAL7SLP\/\" \/>\n<meta property=\"article:published_time\" content=\"2019-11-30T15:43:53+00:00\" \/>\n<meta property=\"og:image\" content=\"https:\/\/canal7slp.tv\/2019\/wp-content\/uploads\/2019\/11\/1100-30.jpg\" \/>\n\t<meta property=\"og:image:width\" content=\"770\" \/>\n\t<meta property=\"og:image:height\" content=\"485\" \/>\n\t<meta property=\"og:image:type\" content=\"image\/jpeg\" \/>\n<meta name=\"author\" content=\"edicionweb\" \/>\n<meta name=\"twitter:card\" content=\"summary_large_image\" \/>\n<meta name=\"twitter:creator\" content=\"@canal7_slp\" \/>\n<meta name=\"twitter:site\" content=\"@canal7_slp\" \/>\n<meta name=\"twitter:label1\" content=\"Escrito por\" \/>\n\t<meta name=\"twitter:data1\" content=\"edicionweb\" \/>\n\t<meta name=\"twitter:label2\" content=\"Tiempo de lectura\" \/>\n\t<meta name=\"twitter:data2\" content=\"2 minutos\" \/>\n<script type=\"application\/ld+json\" class=\"yoast-schema-graph\">{\"@context\":\"https:\\\/\\\/schema.org\",\"@graph\":[{\"@type\":\"Article\",\"@id\":\"https:\\\/\\\/canal7slp.tv\\\/2019\\\/recomiendan-a-empresas-prepararse-para-cumplir-con-reforma-penal-fiscal\\\/#article\",\"isPartOf\":{\"@id\":\"https:\\\/\\\/canal7slp.tv\\\/2019\\\/recomiendan-a-empresas-prepararse-para-cumplir-con-reforma-penal-fiscal\\\/\"},\"author\":{\"name\":\"edicionweb\",\"@id\":\"https:\\\/\\\/canal7slp.tv\\\/2019\\\/#\\\/schema\\\/person\\\/11d941c1c6ca30ac0a46b95fa37aa2e3\"},\"headline\":\"Recomiendan a empresas prepararse para cumplir con reforma penal fiscal\",\"datePublished\":\"2019-11-30T15:43:53+00:00\",\"mainEntityOfPage\":{\"@id\":\"https:\\\/\\\/canal7slp.tv\\\/2019\\\/recomiendan-a-empresas-prepararse-para-cumplir-con-reforma-penal-fiscal\\\/\"},\"wordCount\":429,\"commentCount\":0,\"publisher\":{\"@id\":\"https:\\\/\\\/canal7slp.tv\\\/2019\\\/#organization\"},\"image\":{\"@id\":\"https:\\\/\\\/canal7slp.tv\\\/2019\\\/recomiendan-a-empresas-prepararse-para-cumplir-con-reforma-penal-fiscal\\\/#primaryimage\"},\"thumbnailUrl\":\"https:\\\/\\\/canal7slp.tv\\\/2019\\\/wp-content\\\/uploads\\\/2019\\\/11\\\/1100-30.jpg\",\"articleSection\":[\"FINANZAS\"],\"inLanguage\":\"es\",\"potentialAction\":[{\"@type\":\"CommentAction\",\"name\":\"Comment\",\"target\":[\"https:\\\/\\\/canal7slp.tv\\\/2019\\\/recomiendan-a-empresas-prepararse-para-cumplir-con-reforma-penal-fiscal\\\/#respond\"]}]},{\"@type\":\"WebPage\",\"@id\":\"https:\\\/\\\/canal7slp.tv\\\/2019\\\/recomiendan-a-empresas-prepararse-para-cumplir-con-reforma-penal-fiscal\\\/\",\"url\":\"https:\\\/\\\/canal7slp.tv\\\/2019\\\/recomiendan-a-empresas-prepararse-para-cumplir-con-reforma-penal-fiscal\\\/\",\"name\":\"Recomiendan a empresas prepararse para cumplir con reforma penal fiscal - Canal 7 SLP - 2019\",\"isPartOf\":{\"@id\":\"https:\\\/\\\/canal7slp.tv\\\/2019\\\/#website\"},\"primaryImageOfPage\":{\"@id\":\"https:\\\/\\\/canal7slp.tv\\\/2019\\\/recomiendan-a-empresas-prepararse-para-cumplir-con-reforma-penal-fiscal\\\/#primaryimage\"},\"image\":{\"@id\":\"https:\\\/\\\/canal7slp.tv\\\/2019\\\/recomiendan-a-empresas-prepararse-para-cumplir-con-reforma-penal-fiscal\\\/#primaryimage\"},\"thumbnailUrl\":\"https:\\\/\\\/canal7slp.tv\\\/2019\\\/wp-content\\\/uploads\\\/2019\\\/11\\\/1100-30.jpg\",\"datePublished\":\"2019-11-30T15:43:53+00:00\",\"breadcrumb\":{\"@id\":\"https:\\\/\\\/canal7slp.tv\\\/2019\\\/recomiendan-a-empresas-prepararse-para-cumplir-con-reforma-penal-fiscal\\\/#breadcrumb\"},\"inLanguage\":\"es\",\"potentialAction\":[{\"@type\":\"ReadAction\",\"target\":[\"https:\\\/\\\/canal7slp.tv\\\/2019\\\/recomiendan-a-empresas-prepararse-para-cumplir-con-reforma-penal-fiscal\\\/\"]}]},{\"@type\":\"ImageObject\",\"inLanguage\":\"es\",\"@id\":\"https:\\\/\\\/canal7slp.tv\\\/2019\\\/recomiendan-a-empresas-prepararse-para-cumplir-con-reforma-penal-fiscal\\\/#primaryimage\",\"url\":\"https:\\\/\\\/canal7slp.tv\\\/2019\\\/wp-content\\\/uploads\\\/2019\\\/11\\\/1100-30.jpg\",\"contentUrl\":\"https:\\\/\\\/canal7slp.tv\\\/2019\\\/wp-content\\\/uploads\\\/2019\\\/11\\\/1100-30.jpg\",\"width\":770,\"height\":485},{\"@type\":\"BreadcrumbList\",\"@id\":\"https:\\\/\\\/canal7slp.tv\\\/2019\\\/recomiendan-a-empresas-prepararse-para-cumplir-con-reforma-penal-fiscal\\\/#breadcrumb\",\"itemListElement\":[{\"@type\":\"ListItem\",\"position\":1,\"name\":\"Home\",\"item\":\"https:\\\/\\\/canal7slp.tv\\\/2019\\\/\"},{\"@type\":\"ListItem\",\"position\":2,\"name\":\"Recomiendan a empresas prepararse para cumplir con reforma penal fiscal\"}]},{\"@type\":\"WebSite\",\"@id\":\"https:\\\/\\\/canal7slp.tv\\\/2019\\\/#website\",\"url\":\"https:\\\/\\\/canal7slp.tv\\\/2019\\\/\",\"name\":\"Canal 7 SLP - Somos TV\",\"description\":\"Somos un Canal de 10\",\"publisher\":{\"@id\":\"https:\\\/\\\/canal7slp.tv\\\/2019\\\/#organization\"},\"potentialAction\":[{\"@type\":\"SearchAction\",\"target\":{\"@type\":\"EntryPoint\",\"urlTemplate\":\"https:\\\/\\\/canal7slp.tv\\\/2019\\\/?s={search_term_string}\"},\"query-input\":{\"@type\":\"PropertyValueSpecification\",\"valueRequired\":true,\"valueName\":\"search_term_string\"}}],\"inLanguage\":\"es\"},{\"@type\":\"Organization\",\"@id\":\"https:\\\/\\\/canal7slp.tv\\\/2019\\\/#organization\",\"name\":\"Comunicaci\u00f3n 2000 S.A. de C.V.\",\"url\":\"https:\\\/\\\/canal7slp.tv\\\/2019\\\/\",\"logo\":{\"@type\":\"ImageObject\",\"inLanguage\":\"es\",\"@id\":\"https:\\\/\\\/canal7slp.tv\\\/2019\\\/#\\\/schema\\\/logo\\\/image\\\/\",\"url\":\"https:\\\/\\\/canal7slp.tv\\\/2019\\\/wp-content\\\/uploads\\\/2019\\\/07\\\/logo-c7.png\",\"contentUrl\":\"https:\\\/\\\/canal7slp.tv\\\/2019\\\/wp-content\\\/uploads\\\/2019\\\/07\\\/logo-c7.png\",\"width\":220,\"height\":60,\"caption\":\"Comunicaci\u00f3n 2000 S.A. de C.V.\"},\"image\":{\"@id\":\"https:\\\/\\\/canal7slp.tv\\\/2019\\\/#\\\/schema\\\/logo\\\/image\\\/\"},\"sameAs\":[\"https:\\\/\\\/www.facebook.com\\\/CANAL7SLP\\\/\",\"https:\\\/\\\/x.com\\\/canal7_slp\",\"https:\\\/\\\/www.instagram.com\\\/canal7_slp\",\"https:\\\/\\\/www.youtube.com\\\/user\\\/NOTICIEROSCANAL7SLP\\\/\"]},{\"@type\":\"Person\",\"@id\":\"https:\\\/\\\/canal7slp.tv\\\/2019\\\/#\\\/schema\\\/person\\\/11d941c1c6ca30ac0a46b95fa37aa2e3\",\"name\":\"edicionweb\",\"image\":{\"@type\":\"ImageObject\",\"inLanguage\":\"es\",\"@id\":\"https:\\\/\\\/secure.gravatar.com\\\/avatar\\\/eee448fc3f7164808013b816ba91ac7e43bbe82a70bebac296f8bc6f0addaa1a?s=96&d=mm&r=g\",\"url\":\"https:\\\/\\\/secure.gravatar.com\\\/avatar\\\/eee448fc3f7164808013b816ba91ac7e43bbe82a70bebac296f8bc6f0addaa1a?s=96&d=mm&r=g\",\"contentUrl\":\"https:\\\/\\\/secure.gravatar.com\\\/avatar\\\/eee448fc3f7164808013b816ba91ac7e43bbe82a70bebac296f8bc6f0addaa1a?s=96&d=mm&r=g\",\"caption\":\"edicionweb\"}}]}<\/script>\n<!-- \/ Yoast SEO plugin. -->","yoast_head_json":{"title":"Recomiendan a empresas prepararse para cumplir con reforma penal fiscal - Canal 7 SLP - 2019","robots":{"index":"index","follow":"follow","max-snippet":"max-snippet:-1","max-image-preview":"max-image-preview:large","max-video-preview":"max-video-preview:-1"},"canonical":"https:\/\/canal7slp.tv\/2019\/recomiendan-a-empresas-prepararse-para-cumplir-con-reforma-penal-fiscal\/","og_locale":"es_ES","og_type":"article","og_title":"Recomiendan a empresas prepararse para cumplir con reforma penal fiscal - Canal 7 SLP - 2019","og_description":"Las empresas deber\u00e1n identificara sus proveedores y llevar una bit\u00e1cora de cada una de las operaciones que realicen para su tranquilidad M\u00e9xico.- Con la reforma penal fiscal aprobada recientemente y que entrar\u00e1 en vigor el pr\u00f3ximo 1 de enero, las empresas deber\u00e1n identificara sus proveedores y llevar una bit\u00e1cora de cada una de las operaciones [&hellip;]","og_url":"https:\/\/canal7slp.tv\/2019\/recomiendan-a-empresas-prepararse-para-cumplir-con-reforma-penal-fiscal\/","og_site_name":"Canal 7 SLP - 2019","article_publisher":"https:\/\/www.facebook.com\/CANAL7SLP\/","article_published_time":"2019-11-30T15:43:53+00:00","og_image":[{"width":770,"height":485,"url":"https:\/\/canal7slp.tv\/2019\/wp-content\/uploads\/2019\/11\/1100-30.jpg","type":"image\/jpeg"}],"author":"edicionweb","twitter_card":"summary_large_image","twitter_creator":"@canal7_slp","twitter_site":"@canal7_slp","twitter_misc":{"Escrito por":"edicionweb","Tiempo de lectura":"2 minutos"},"schema":{"@context":"https:\/\/schema.org","@graph":[{"@type":"Article","@id":"https:\/\/canal7slp.tv\/2019\/recomiendan-a-empresas-prepararse-para-cumplir-con-reforma-penal-fiscal\/#article","isPartOf":{"@id":"https:\/\/canal7slp.tv\/2019\/recomiendan-a-empresas-prepararse-para-cumplir-con-reforma-penal-fiscal\/"},"author":{"name":"edicionweb","@id":"https:\/\/canal7slp.tv\/2019\/#\/schema\/person\/11d941c1c6ca30ac0a46b95fa37aa2e3"},"headline":"Recomiendan a empresas prepararse para cumplir con reforma penal fiscal","datePublished":"2019-11-30T15:43:53+00:00","mainEntityOfPage":{"@id":"https:\/\/canal7slp.tv\/2019\/recomiendan-a-empresas-prepararse-para-cumplir-con-reforma-penal-fiscal\/"},"wordCount":429,"commentCount":0,"publisher":{"@id":"https:\/\/canal7slp.tv\/2019\/#organization"},"image":{"@id":"https:\/\/canal7slp.tv\/2019\/recomiendan-a-empresas-prepararse-para-cumplir-con-reforma-penal-fiscal\/#primaryimage"},"thumbnailUrl":"https:\/\/canal7slp.tv\/2019\/wp-content\/uploads\/2019\/11\/1100-30.jpg","articleSection":["FINANZAS"],"inLanguage":"es","potentialAction":[{"@type":"CommentAction","name":"Comment","target":["https:\/\/canal7slp.tv\/2019\/recomiendan-a-empresas-prepararse-para-cumplir-con-reforma-penal-fiscal\/#respond"]}]},{"@type":"WebPage","@id":"https:\/\/canal7slp.tv\/2019\/recomiendan-a-empresas-prepararse-para-cumplir-con-reforma-penal-fiscal\/","url":"https:\/\/canal7slp.tv\/2019\/recomiendan-a-empresas-prepararse-para-cumplir-con-reforma-penal-fiscal\/","name":"Recomiendan a empresas prepararse para cumplir con reforma penal fiscal - Canal 7 SLP - 2019","isPartOf":{"@id":"https:\/\/canal7slp.tv\/2019\/#website"},"primaryImageOfPage":{"@id":"https:\/\/canal7slp.tv\/2019\/recomiendan-a-empresas-prepararse-para-cumplir-con-reforma-penal-fiscal\/#primaryimage"},"image":{"@id":"https:\/\/canal7slp.tv\/2019\/recomiendan-a-empresas-prepararse-para-cumplir-con-reforma-penal-fiscal\/#primaryimage"},"thumbnailUrl":"https:\/\/canal7slp.tv\/2019\/wp-content\/uploads\/2019\/11\/1100-30.jpg","datePublished":"2019-11-30T15:43:53+00:00","breadcrumb":{"@id":"https:\/\/canal7slp.tv\/2019\/recomiendan-a-empresas-prepararse-para-cumplir-con-reforma-penal-fiscal\/#breadcrumb"},"inLanguage":"es","potentialAction":[{"@type":"ReadAction","target":["https:\/\/canal7slp.tv\/2019\/recomiendan-a-empresas-prepararse-para-cumplir-con-reforma-penal-fiscal\/"]}]},{"@type":"ImageObject","inLanguage":"es","@id":"https:\/\/canal7slp.tv\/2019\/recomiendan-a-empresas-prepararse-para-cumplir-con-reforma-penal-fiscal\/#primaryimage","url":"https:\/\/canal7slp.tv\/2019\/wp-content\/uploads\/2019\/11\/1100-30.jpg","contentUrl":"https:\/\/canal7slp.tv\/2019\/wp-content\/uploads\/2019\/11\/1100-30.jpg","width":770,"height":485},{"@type":"BreadcrumbList","@id":"https:\/\/canal7slp.tv\/2019\/recomiendan-a-empresas-prepararse-para-cumplir-con-reforma-penal-fiscal\/#breadcrumb","itemListElement":[{"@type":"ListItem","position":1,"name":"Home","item":"https:\/\/canal7slp.tv\/2019\/"},{"@type":"ListItem","position":2,"name":"Recomiendan a empresas prepararse para cumplir con reforma penal fiscal"}]},{"@type":"WebSite","@id":"https:\/\/canal7slp.tv\/2019\/#website","url":"https:\/\/canal7slp.tv\/2019\/","name":"Canal 7 SLP - Somos TV","description":"Somos un Canal de 10","publisher":{"@id":"https:\/\/canal7slp.tv\/2019\/#organization"},"potentialAction":[{"@type":"SearchAction","target":{"@type":"EntryPoint","urlTemplate":"https:\/\/canal7slp.tv\/2019\/?s={search_term_string}"},"query-input":{"@type":"PropertyValueSpecification","valueRequired":true,"valueName":"search_term_string"}}],"inLanguage":"es"},{"@type":"Organization","@id":"https:\/\/canal7slp.tv\/2019\/#organization","name":"Comunicaci\u00f3n 2000 S.A. de C.V.","url":"https:\/\/canal7slp.tv\/2019\/","logo":{"@type":"ImageObject","inLanguage":"es","@id":"https:\/\/canal7slp.tv\/2019\/#\/schema\/logo\/image\/","url":"https:\/\/canal7slp.tv\/2019\/wp-content\/uploads\/2019\/07\/logo-c7.png","contentUrl":"https:\/\/canal7slp.tv\/2019\/wp-content\/uploads\/2019\/07\/logo-c7.png","width":220,"height":60,"caption":"Comunicaci\u00f3n 2000 S.A. de C.V."},"image":{"@id":"https:\/\/canal7slp.tv\/2019\/#\/schema\/logo\/image\/"},"sameAs":["https:\/\/www.facebook.com\/CANAL7SLP\/","https:\/\/x.com\/canal7_slp","https:\/\/www.instagram.com\/canal7_slp","https:\/\/www.youtube.com\/user\/NOTICIEROSCANAL7SLP\/"]},{"@type":"Person","@id":"https:\/\/canal7slp.tv\/2019\/#\/schema\/person\/11d941c1c6ca30ac0a46b95fa37aa2e3","name":"edicionweb","image":{"@type":"ImageObject","inLanguage":"es","@id":"https:\/\/secure.gravatar.com\/avatar\/eee448fc3f7164808013b816ba91ac7e43bbe82a70bebac296f8bc6f0addaa1a?s=96&d=mm&r=g","url":"https:\/\/secure.gravatar.com\/avatar\/eee448fc3f7164808013b816ba91ac7e43bbe82a70bebac296f8bc6f0addaa1a?s=96&d=mm&r=g","contentUrl":"https:\/\/secure.gravatar.com\/avatar\/eee448fc3f7164808013b816ba91ac7e43bbe82a70bebac296f8bc6f0addaa1a?s=96&d=mm&r=g","caption":"edicionweb"}}]}},"amp_enabled":true,"cmb2":{"video_ids_in_playlist":{"vid_p_videos":""},"video_ids_in_channel":{"vid_c_videos":""},"playlist_ids_in_channel":{"vid_c_playlists":""},"series_ids_in_channel":{"vid_c_series":""},"channel_images":{"vid_c_logo":"","vid_c_banner":""},"poster_feature_image":{"vid_m_poster_image":""},"gif_feature_image":{"vid_m_gif_image":""},"video_movie_settings":{"vid_m_director":"","vid_m_actor":"","vid_m_imdb_ratings":"","vid_m_amazon_associates":""},"vid_youtube_broadcasts_settings":{"vid_yb_broadcast_title":"","vid_yb_q":"","vid_yb_channelid":"","vid_yb_videocategoryid":"","vid_yb_maxresults":"","vid_yb_order":"","vid_yb_regioncode":"","vid_yb_videosyndicated":"","vid_yb_style":"","vid_yb_reload_first":""},"video_series_settings":{"vid_m_director":"","vid_m_actor":"","vid_m_imdb_ratings":"","video_series_group":""},"amazon_associates_settings":{"amazon_associates":"","amazon_native_ad":""},"vid_youtube_automatic_settings":{"vid_ya_youtube_source":"","vid_ya_update_every":"","vid_ya_update_unit":"","vid_ya_categories":"","vid_ya_published_after":"","vid_ya_published_before":"","vid_ya_playlists":"","vid_ya_channels":"","vid_ya_director":"","vid_ya_actor":"","vid_ya_author":"","vid_ya_import_post_date":"","vid_ya_status":"","vid_ya_sub_api_key":""},"vid_ads_m_videoads_settings_post":{"vid_ads_m_video_ads":"","vid_ads_m_video_ads_type":"","vid_ads_m_group_google_ima":"","vid_ads_m_group_image":"","vid_ads_m_group_html5_video":"","vid_ads_m_group_html":"","vid_ads_m_vast_preroll":"","vid_ads_m_vast_postroll":"","vid_ads_m_vast_pauseroll":"","vid_ads_m_vast_midroll":[{"vid_ads_m_vast_timer_seconds":"50"}],"vid_ads_m_time_to_show_ads":"","vid_ads_m_time_skip_ads":"","vid_ads_m_time_to_hide_ads":""},"page_slider_settings":{"display_slider_group":"","page_slider_group":""},"blog_page_settings":{"blog_page_title":"","blog_page_heading":"","blog_page_ic":"","blog_page_it":"","blog_page_ec":"","blog_page_ip":"","archive_loop_style":"","blog_image_ratio":"","blog_show_categories":"","blog_show_excerpt":"","blog_show_author":"","blog_show_date":"","blog_show_comment_count":"","blog_show_view_count":"","blog_show_like_count":"","blog_show_dislike_count":"","blog_items_per_page":"","blog_pag_type":""},"page_options":{"get_page_template":"","color_mode":"","main_layout":"","main_layout_full_with":"","main_logo":"","main_logo_retina":"","main_logo_mobile":"","main_logo_mobile_retina":"","sticky_logo":"","sticky_logo_retina":"","main_nav_layout":"","ajax_search":"","header_background":"","theme_sidebar":"","instagram_feed":"","instagram_feed_position":"","popular_videos":"","popular_videos_title_1":"","popular_videos_title_2":"","popular_videos_ic":"","popular_videos_it":"","theme_background":"","page_custom_css":""},"feature_image_settings":{"feature_image_position":""},"video_player_settings":{"single_video_style":"","video_player_position":"","vm_video_url":"","video_player_library":"","video_streaming":"","vm_media_sources":"","vid_auto_play":"","vm_video_shortcode":"","vid_p_sync_playlist":"","vid_c_sync_channel":"","get_post_format":"","multiple_links_structure":"default","multi_links_title":"","vm_video_multi_links":"","vm_duration":"","vid_social_locker":"off","vid_social_locker_id":"","vid_membership_action":"content-video","vm_video_trailer_url":"","vid_download_type":"free","vid_download_target":"download","vid_woo_product":"","vm_media_download":"","user_rating":"","user_rating_position":"","user_rating_mode":"","user_rating_multi_sets":""},"video_auto_fetch_settings":{"vm_video_fetch":"on"},"video_fake_views_likes":{"vm_fake_views":"","vm_fake_likes":"","vm_fake_dislikes":""},"gallery_settings":{"gallery_position":""},"quote_settings":{"quote_position":""},"post_options":{"main_layout":"","main_logo":"","main_logo_retina":"","main_logo_mobile":"","main_logo_mobile_retina":"","sticky_logo":"","sticky_logo_retina":"","main_nav_layout":"","header_background":"","theme_sidebar":"","single_post_comment_type":"","theme_background":""}},"_links":{"self":[{"href":"https:\/\/canal7slp.tv\/2019\/wp-json\/wp\/v2\/posts\/85347","targetHints":{"allow":["GET"]}}],"collection":[{"href":"https:\/\/canal7slp.tv\/2019\/wp-json\/wp\/v2\/posts"}],"about":[{"href":"https:\/\/canal7slp.tv\/2019\/wp-json\/wp\/v2\/types\/post"}],"author":[{"embeddable":true,"href":"https:\/\/canal7slp.tv\/2019\/wp-json\/wp\/v2\/users\/2"}],"replies":[{"embeddable":true,"href":"https:\/\/canal7slp.tv\/2019\/wp-json\/wp\/v2\/comments?post=85347"}],"version-history":[{"count":0,"href":"https:\/\/canal7slp.tv\/2019\/wp-json\/wp\/v2\/posts\/85347\/revisions"}],"wp:featuredmedia":[{"embeddable":true,"href":"https:\/\/canal7slp.tv\/2019\/wp-json\/wp\/v2\/media\/85348"}],"wp:attachment":[{"href":"https:\/\/canal7slp.tv\/2019\/wp-json\/wp\/v2\/media?parent=85347"}],"wp:term":[{"taxonomy":"category","embeddable":true,"href":"https:\/\/canal7slp.tv\/2019\/wp-json\/wp\/v2\/categories?post=85347"},{"taxonomy":"post_tag","embeddable":true,"href":"https:\/\/canal7slp.tv\/2019\/wp-json\/wp\/v2\/tags?post=85347"}],"curies":[{"name":"wp","href":"https:\/\/api.w.org\/{rel}","templated":true}]}}