{"id":85304,"date":"2019-11-29T19:43:22","date_gmt":"2019-11-30T01:43:22","guid":{"rendered":"https:\/\/canal7slp.tv\/2019\/?p=85304"},"modified":"2019-11-29T19:53:46","modified_gmt":"2019-11-30T01:53:46","slug":"inaugura-jm-carreras-rehabilitacion-de-la-alcaldia-y-plaza-principal-de-tampacan","status":"publish","type":"post","link":"https:\/\/canal7slp.tv\/2019\/inaugura-jm-carreras-rehabilitacion-de-la-alcaldia-y-plaza-principal-de-tampacan\/","title":{"rendered":"Inaugura JM Carreras rehabilitaci\u00f3n de la alcald\u00eda y plaza principal de Tampac\u00e1n"},"content":{"rendered":"<ul>\n<li style=\"text-align: justify\">Mandatario supervisa avances de la rehabilitaci\u00f3n del mercado municipal al que se destinan 4 MDP.<\/li>\n<li style=\"text-align: justify\">Arranca la cuarta etapa del drenaje sanitario de Miraflores.<\/li>\n<\/ul>\n<p style=\"text-align: justify\">Tampac\u00e1n.- Resultado del proyecto de mejoramiento de la imagen urbana del primer cuadro de este ayuntamiento, el Gobernador del Estado, Juan Manuel Carreras L\u00f3pez y la Presidenta Municipal, Brisseire S\u00e1nchez L\u00f3pez, inauguraron la rehabilitaci\u00f3n de la alcald\u00eda y plaza principal, que son un referente hist\u00f3rico de este pueblo huasteco, obras a las que se destinaron casi 4 millones de pesos.<\/p>\n<p style=\"text-align: justify\">El mandatario estatal, destac\u00f3 que la Huasteca potosina cada a\u00f1o atrae a miles de turistas, por lo que es fundamental el embellecimiento de espacios p\u00fablicos de los municipios para que la regi\u00f3n sea cada vez m\u00e1s atractiva para las y los visitantes, cuya presencia aumentar\u00e1 con proyectos espec\u00edficos, como la ampliaci\u00f3n del Aeropuerto Nacional de Tamu\u00edn y la modernizaci\u00f3n de la carretera federal Ciudad Valles a Tamazunchale.<\/p>\n<p style=\"text-align: justify\">Como parte de una gira de trabajo por Tampac\u00e1n, Carreras L\u00f3pez, arranc\u00f3 los trabajos de la cuarta etapa del drenaje sanitario de la localidad de Miraflores, que evitar\u00e1 la creaci\u00f3n de focos de infecci\u00f3n, a beneficio de 500 habitantes.<\/p>\n<p style=\"text-align: justify\">El Secretario de Desarrollo Social y Regional (SEDESORE), Alberto El\u00edas S\u00e1nchez, dio a conocer que todas las etapas del drenaje esta localidad, se han realizado durante la Administraci\u00f3n del Gobernador Juan Manuel Carreras, con una inversi\u00f3n total de 9.5 millones de pesos en las cuatro fases del proyecto sanitario.<\/p>\n<p style=\"text-align: justify\">La alcaldesa Brisseire S\u00e1nchez L\u00f3pez, reconoci\u00f3 el respaldo del Gobierno del Estado, en el mejoramiento de la calidad de vida de las y los habitantes de Tampac\u00e1n, con infraestructura y servicios b\u00e1sicos en las localidades.<\/p>\n<p style=\"text-align: justify\">Finalmente, Carreras L\u00f3pez, supervis\u00f3 las obras de rehabilitaci\u00f3n del mercado municipal que tiene una inversi\u00f3n de 4 millones de pesos, que tendr\u00e1 locales dignos para las y los comerciantes, principalmente de comunidades ind\u00edgenas, donde ofertar\u00e1n productos agr\u00edcolas, artesan\u00edas, comida, entre otros, una obra necesaria cuya solicitud ten\u00eda a\u00f1os y que hasta ahora se materializ\u00f3 como un compromiso del Gobernador con el municipio.<\/p>\n<p style=\"text-align: justify\">\u200b<\/p>\n<p style=\"text-align: justify\">A esta gira de trabajo asisti\u00f3 Ra\u00fal de Jes\u00fas Gonz\u00e1lez Vega, Director del Instituto de Desarrollo Humano y Social de los Pueblos y Comunidades Ind\u00edgenas.<\/p>\n","protected":false},"excerpt":{"rendered":"<p>Mandatario supervisa avances de la rehabilitaci\u00f3n del mercado municipal al que se destinan 4 MDP. Arranca la cuarta etapa del drenaje sanitario de Miraflores. Tampac\u00e1n.- Resultado del proyecto de mejoramiento de la imagen urbana del primer cuadro de este ayuntamiento, el Gobernador del Estado, Juan Manuel Carreras L\u00f3pez y la Presidenta Municipal, Brisseire S\u00e1nchez L\u00f3pez, [&hellip;]<\/p>\n","protected":false},"author":2,"featured_media":85311,"comment_status":"open","ping_status":"open","sticky":false,"template":"","format":"standard","meta":{"footnotes":""},"categories":[17],"tags":[111],"class_list":["post-85304","post","type-post","status-publish","format-standard","has-post-thumbnail","hentry","category-localesyregionales","tag-gobierno-slp"],"yoast_head":"<!-- This site is optimized with the Yoast SEO plugin v27.5 - https:\/\/yoast.com\/product\/yoast-seo-wordpress\/ -->\n<title>Inaugura JM Carreras rehabilitaci\u00f3n de la alcald\u00eda y plaza principal de Tampac\u00e1n - Canal 7 SLP - 2019<\/title>\n<meta name=\"robots\" content=\"index, follow, max-snippet:-1, max-image-preview:large, max-video-preview:-1\" \/>\n<link rel=\"canonical\" href=\"https:\/\/canal7slp.tv\/2019\/inaugura-jm-carreras-rehabilitacion-de-la-alcaldia-y-plaza-principal-de-tampacan\/\" \/>\n<meta property=\"og:locale\" content=\"es_ES\" \/>\n<meta property=\"og:type\" content=\"article\" \/>\n<meta property=\"og:title\" content=\"Inaugura JM Carreras rehabilitaci\u00f3n de la alcald\u00eda y plaza principal de Tampac\u00e1n - Canal 7 SLP - 2019\" \/>\n<meta property=\"og:description\" content=\"Mandatario supervisa avances de la rehabilitaci\u00f3n del mercado municipal al que se destinan 4 MDP. Arranca la cuarta etapa del drenaje sanitario de Miraflores. Tampac\u00e1n.- Resultado del proyecto de mejoramiento de la imagen urbana del primer cuadro de este ayuntamiento, el Gobernador del Estado, Juan Manuel Carreras L\u00f3pez y la Presidenta Municipal, Brisseire S\u00e1nchez L\u00f3pez, [&hellip;]\" \/>\n<meta property=\"og:url\" content=\"https:\/\/canal7slp.tv\/2019\/inaugura-jm-carreras-rehabilitacion-de-la-alcaldia-y-plaza-principal-de-tampacan\/\" \/>\n<meta property=\"og:site_name\" content=\"Canal 7 SLP - 2019\" \/>\n<meta property=\"article:publisher\" content=\"https:\/\/www.facebook.com\/CANAL7SLP\/\" \/>\n<meta property=\"article:published_time\" content=\"2019-11-30T01:43:22+00:00\" \/>\n<meta property=\"article:modified_time\" content=\"2019-11-30T01:53:46+00:00\" \/>\n<meta property=\"og:image\" content=\"https:\/\/canal7slp.tv\/2019\/wp-content\/uploads\/2019\/11\/2110-1.jpeg\" \/>\n\t<meta property=\"og:image:width\" content=\"614\" \/>\n\t<meta property=\"og:image:height\" content=\"410\" \/>\n\t<meta property=\"og:image:type\" content=\"image\/jpeg\" \/>\n<meta name=\"author\" content=\"edicionweb\" \/>\n<meta name=\"twitter:card\" content=\"summary_large_image\" \/>\n<meta name=\"twitter:creator\" content=\"@canal7_slp\" \/>\n<meta name=\"twitter:site\" content=\"@canal7_slp\" \/>\n<meta name=\"twitter:label1\" content=\"Escrito por\" \/>\n\t<meta name=\"twitter:data1\" content=\"edicionweb\" \/>\n\t<meta name=\"twitter:label2\" content=\"Tiempo de lectura\" \/>\n\t<meta name=\"twitter:data2\" content=\"2 minutos\" \/>\n<script type=\"application\/ld+json\" class=\"yoast-schema-graph\">{\"@context\":\"https:\\\/\\\/schema.org\",\"@graph\":[{\"@type\":\"Article\",\"@id\":\"https:\\\/\\\/canal7slp.tv\\\/2019\\\/inaugura-jm-carreras-rehabilitacion-de-la-alcaldia-y-plaza-principal-de-tampacan\\\/#article\",\"isPartOf\":{\"@id\":\"https:\\\/\\\/canal7slp.tv\\\/2019\\\/inaugura-jm-carreras-rehabilitacion-de-la-alcaldia-y-plaza-principal-de-tampacan\\\/\"},\"author\":{\"name\":\"edicionweb\",\"@id\":\"https:\\\/\\\/canal7slp.tv\\\/2019\\\/#\\\/schema\\\/person\\\/11d941c1c6ca30ac0a46b95fa37aa2e3\"},\"headline\":\"Inaugura JM Carreras rehabilitaci\u00f3n de la alcald\u00eda y plaza principal de Tampac\u00e1n\",\"datePublished\":\"2019-11-30T01:43:22+00:00\",\"dateModified\":\"2019-11-30T01:53:46+00:00\",\"mainEntityOfPage\":{\"@id\":\"https:\\\/\\\/canal7slp.tv\\\/2019\\\/inaugura-jm-carreras-rehabilitacion-de-la-alcaldia-y-plaza-principal-de-tampacan\\\/\"},\"wordCount\":413,\"commentCount\":0,\"publisher\":{\"@id\":\"https:\\\/\\\/canal7slp.tv\\\/2019\\\/#organization\"},\"image\":{\"@id\":\"https:\\\/\\\/canal7slp.tv\\\/2019\\\/inaugura-jm-carreras-rehabilitacion-de-la-alcaldia-y-plaza-principal-de-tampacan\\\/#primaryimage\"},\"thumbnailUrl\":\"https:\\\/\\\/canal7slp.tv\\\/2019\\\/wp-content\\\/uploads\\\/2019\\\/11\\\/2110-1.jpeg\",\"keywords\":[\"Gobierno SLP\"],\"articleSection\":[\"LOCALES Y REGIONALES\"],\"inLanguage\":\"es\",\"potentialAction\":[{\"@type\":\"CommentAction\",\"name\":\"Comment\",\"target\":[\"https:\\\/\\\/canal7slp.tv\\\/2019\\\/inaugura-jm-carreras-rehabilitacion-de-la-alcaldia-y-plaza-principal-de-tampacan\\\/#respond\"]}]},{\"@type\":\"WebPage\",\"@id\":\"https:\\\/\\\/canal7slp.tv\\\/2019\\\/inaugura-jm-carreras-rehabilitacion-de-la-alcaldia-y-plaza-principal-de-tampacan\\\/\",\"url\":\"https:\\\/\\\/canal7slp.tv\\\/2019\\\/inaugura-jm-carreras-rehabilitacion-de-la-alcaldia-y-plaza-principal-de-tampacan\\\/\",\"name\":\"Inaugura JM Carreras rehabilitaci\u00f3n de la alcald\u00eda y plaza principal de Tampac\u00e1n - Canal 7 SLP - 2019\",\"isPartOf\":{\"@id\":\"https:\\\/\\\/canal7slp.tv\\\/2019\\\/#website\"},\"primaryImageOfPage\":{\"@id\":\"https:\\\/\\\/canal7slp.tv\\\/2019\\\/inaugura-jm-carreras-rehabilitacion-de-la-alcaldia-y-plaza-principal-de-tampacan\\\/#primaryimage\"},\"image\":{\"@id\":\"https:\\\/\\\/canal7slp.tv\\\/2019\\\/inaugura-jm-carreras-rehabilitacion-de-la-alcaldia-y-plaza-principal-de-tampacan\\\/#primaryimage\"},\"thumbnailUrl\":\"https:\\\/\\\/canal7slp.tv\\\/2019\\\/wp-content\\\/uploads\\\/2019\\\/11\\\/2110-1.jpeg\",\"datePublished\":\"2019-11-30T01:43:22+00:00\",\"dateModified\":\"2019-11-30T01:53:46+00:00\",\"breadcrumb\":{\"@id\":\"https:\\\/\\\/canal7slp.tv\\\/2019\\\/inaugura-jm-carreras-rehabilitacion-de-la-alcaldia-y-plaza-principal-de-tampacan\\\/#breadcrumb\"},\"inLanguage\":\"es\",\"potentialAction\":[{\"@type\":\"ReadAction\",\"target\":[\"https:\\\/\\\/canal7slp.tv\\\/2019\\\/inaugura-jm-carreras-rehabilitacion-de-la-alcaldia-y-plaza-principal-de-tampacan\\\/\"]}]},{\"@type\":\"ImageObject\",\"inLanguage\":\"es\",\"@id\":\"https:\\\/\\\/canal7slp.tv\\\/2019\\\/inaugura-jm-carreras-rehabilitacion-de-la-alcaldia-y-plaza-principal-de-tampacan\\\/#primaryimage\",\"url\":\"https:\\\/\\\/canal7slp.tv\\\/2019\\\/wp-content\\\/uploads\\\/2019\\\/11\\\/2110-1.jpeg\",\"contentUrl\":\"https:\\\/\\\/canal7slp.tv\\\/2019\\\/wp-content\\\/uploads\\\/2019\\\/11\\\/2110-1.jpeg\",\"width\":614,\"height\":410},{\"@type\":\"BreadcrumbList\",\"@id\":\"https:\\\/\\\/canal7slp.tv\\\/2019\\\/inaugura-jm-carreras-rehabilitacion-de-la-alcaldia-y-plaza-principal-de-tampacan\\\/#breadcrumb\",\"itemListElement\":[{\"@type\":\"ListItem\",\"position\":1,\"name\":\"Home\",\"item\":\"https:\\\/\\\/canal7slp.tv\\\/2019\\\/\"},{\"@type\":\"ListItem\",\"position\":2,\"name\":\"Inaugura JM Carreras rehabilitaci\u00f3n de la alcald\u00eda y plaza principal de Tampac\u00e1n\"}]},{\"@type\":\"WebSite\",\"@id\":\"https:\\\/\\\/canal7slp.tv\\\/2019\\\/#website\",\"url\":\"https:\\\/\\\/canal7slp.tv\\\/2019\\\/\",\"name\":\"Canal 7 SLP - Somos TV\",\"description\":\"Somos un Canal de 10\",\"publisher\":{\"@id\":\"https:\\\/\\\/canal7slp.tv\\\/2019\\\/#organization\"},\"potentialAction\":[{\"@type\":\"SearchAction\",\"target\":{\"@type\":\"EntryPoint\",\"urlTemplate\":\"https:\\\/\\\/canal7slp.tv\\\/2019\\\/?s={search_term_string}\"},\"query-input\":{\"@type\":\"PropertyValueSpecification\",\"valueRequired\":true,\"valueName\":\"search_term_string\"}}],\"inLanguage\":\"es\"},{\"@type\":\"Organization\",\"@id\":\"https:\\\/\\\/canal7slp.tv\\\/2019\\\/#organization\",\"name\":\"Comunicaci\u00f3n 2000 S.A. de C.V.\",\"url\":\"https:\\\/\\\/canal7slp.tv\\\/2019\\\/\",\"logo\":{\"@type\":\"ImageObject\",\"inLanguage\":\"es\",\"@id\":\"https:\\\/\\\/canal7slp.tv\\\/2019\\\/#\\\/schema\\\/logo\\\/image\\\/\",\"url\":\"https:\\\/\\\/canal7slp.tv\\\/2019\\\/wp-content\\\/uploads\\\/2019\\\/07\\\/logo-c7.png\",\"contentUrl\":\"https:\\\/\\\/canal7slp.tv\\\/2019\\\/wp-content\\\/uploads\\\/2019\\\/07\\\/logo-c7.png\",\"width\":220,\"height\":60,\"caption\":\"Comunicaci\u00f3n 2000 S.A. de C.V.\"},\"image\":{\"@id\":\"https:\\\/\\\/canal7slp.tv\\\/2019\\\/#\\\/schema\\\/logo\\\/image\\\/\"},\"sameAs\":[\"https:\\\/\\\/www.facebook.com\\\/CANAL7SLP\\\/\",\"https:\\\/\\\/x.com\\\/canal7_slp\",\"https:\\\/\\\/www.instagram.com\\\/canal7_slp\",\"https:\\\/\\\/www.youtube.com\\\/user\\\/NOTICIEROSCANAL7SLP\\\/\"]},{\"@type\":\"Person\",\"@id\":\"https:\\\/\\\/canal7slp.tv\\\/2019\\\/#\\\/schema\\\/person\\\/11d941c1c6ca30ac0a46b95fa37aa2e3\",\"name\":\"edicionweb\",\"image\":{\"@type\":\"ImageObject\",\"inLanguage\":\"es\",\"@id\":\"https:\\\/\\\/secure.gravatar.com\\\/avatar\\\/eee448fc3f7164808013b816ba91ac7e43bbe82a70bebac296f8bc6f0addaa1a?s=96&d=mm&r=g\",\"url\":\"https:\\\/\\\/secure.gravatar.com\\\/avatar\\\/eee448fc3f7164808013b816ba91ac7e43bbe82a70bebac296f8bc6f0addaa1a?s=96&d=mm&r=g\",\"contentUrl\":\"https:\\\/\\\/secure.gravatar.com\\\/avatar\\\/eee448fc3f7164808013b816ba91ac7e43bbe82a70bebac296f8bc6f0addaa1a?s=96&d=mm&r=g\",\"caption\":\"edicionweb\"}}]}<\/script>\n<!-- \/ Yoast SEO plugin. -->","yoast_head_json":{"title":"Inaugura JM Carreras rehabilitaci\u00f3n de la alcald\u00eda y plaza principal de Tampac\u00e1n - Canal 7 SLP - 2019","robots":{"index":"index","follow":"follow","max-snippet":"max-snippet:-1","max-image-preview":"max-image-preview:large","max-video-preview":"max-video-preview:-1"},"canonical":"https:\/\/canal7slp.tv\/2019\/inaugura-jm-carreras-rehabilitacion-de-la-alcaldia-y-plaza-principal-de-tampacan\/","og_locale":"es_ES","og_type":"article","og_title":"Inaugura JM Carreras rehabilitaci\u00f3n de la alcald\u00eda y plaza principal de Tampac\u00e1n - Canal 7 SLP - 2019","og_description":"Mandatario supervisa avances de la rehabilitaci\u00f3n del mercado municipal al que se destinan 4 MDP. Arranca la cuarta etapa del drenaje sanitario de Miraflores. Tampac\u00e1n.- Resultado del proyecto de mejoramiento de la imagen urbana del primer cuadro de este ayuntamiento, el Gobernador del Estado, Juan Manuel Carreras L\u00f3pez y la Presidenta Municipal, Brisseire S\u00e1nchez L\u00f3pez, [&hellip;]","og_url":"https:\/\/canal7slp.tv\/2019\/inaugura-jm-carreras-rehabilitacion-de-la-alcaldia-y-plaza-principal-de-tampacan\/","og_site_name":"Canal 7 SLP - 2019","article_publisher":"https:\/\/www.facebook.com\/CANAL7SLP\/","article_published_time":"2019-11-30T01:43:22+00:00","article_modified_time":"2019-11-30T01:53:46+00:00","og_image":[{"width":614,"height":410,"url":"https:\/\/canal7slp.tv\/2019\/wp-content\/uploads\/2019\/11\/2110-1.jpeg","type":"image\/jpeg"}],"author":"edicionweb","twitter_card":"summary_large_image","twitter_creator":"@canal7_slp","twitter_site":"@canal7_slp","twitter_misc":{"Escrito por":"edicionweb","Tiempo de lectura":"2 minutos"},"schema":{"@context":"https:\/\/schema.org","@graph":[{"@type":"Article","@id":"https:\/\/canal7slp.tv\/2019\/inaugura-jm-carreras-rehabilitacion-de-la-alcaldia-y-plaza-principal-de-tampacan\/#article","isPartOf":{"@id":"https:\/\/canal7slp.tv\/2019\/inaugura-jm-carreras-rehabilitacion-de-la-alcaldia-y-plaza-principal-de-tampacan\/"},"author":{"name":"edicionweb","@id":"https:\/\/canal7slp.tv\/2019\/#\/schema\/person\/11d941c1c6ca30ac0a46b95fa37aa2e3"},"headline":"Inaugura JM Carreras rehabilitaci\u00f3n de la alcald\u00eda y plaza principal de Tampac\u00e1n","datePublished":"2019-11-30T01:43:22+00:00","dateModified":"2019-11-30T01:53:46+00:00","mainEntityOfPage":{"@id":"https:\/\/canal7slp.tv\/2019\/inaugura-jm-carreras-rehabilitacion-de-la-alcaldia-y-plaza-principal-de-tampacan\/"},"wordCount":413,"commentCount":0,"publisher":{"@id":"https:\/\/canal7slp.tv\/2019\/#organization"},"image":{"@id":"https:\/\/canal7slp.tv\/2019\/inaugura-jm-carreras-rehabilitacion-de-la-alcaldia-y-plaza-principal-de-tampacan\/#primaryimage"},"thumbnailUrl":"https:\/\/canal7slp.tv\/2019\/wp-content\/uploads\/2019\/11\/2110-1.jpeg","keywords":["Gobierno SLP"],"articleSection":["LOCALES Y REGIONALES"],"inLanguage":"es","potentialAction":[{"@type":"CommentAction","name":"Comment","target":["https:\/\/canal7slp.tv\/2019\/inaugura-jm-carreras-rehabilitacion-de-la-alcaldia-y-plaza-principal-de-tampacan\/#respond"]}]},{"@type":"WebPage","@id":"https:\/\/canal7slp.tv\/2019\/inaugura-jm-carreras-rehabilitacion-de-la-alcaldia-y-plaza-principal-de-tampacan\/","url":"https:\/\/canal7slp.tv\/2019\/inaugura-jm-carreras-rehabilitacion-de-la-alcaldia-y-plaza-principal-de-tampacan\/","name":"Inaugura JM Carreras rehabilitaci\u00f3n de la alcald\u00eda y plaza principal de Tampac\u00e1n - Canal 7 SLP - 2019","isPartOf":{"@id":"https:\/\/canal7slp.tv\/2019\/#website"},"primaryImageOfPage":{"@id":"https:\/\/canal7slp.tv\/2019\/inaugura-jm-carreras-rehabilitacion-de-la-alcaldia-y-plaza-principal-de-tampacan\/#primaryimage"},"image":{"@id":"https:\/\/canal7slp.tv\/2019\/inaugura-jm-carreras-rehabilitacion-de-la-alcaldia-y-plaza-principal-de-tampacan\/#primaryimage"},"thumbnailUrl":"https:\/\/canal7slp.tv\/2019\/wp-content\/uploads\/2019\/11\/2110-1.jpeg","datePublished":"2019-11-30T01:43:22+00:00","dateModified":"2019-11-30T01:53:46+00:00","breadcrumb":{"@id":"https:\/\/canal7slp.tv\/2019\/inaugura-jm-carreras-rehabilitacion-de-la-alcaldia-y-plaza-principal-de-tampacan\/#breadcrumb"},"inLanguage":"es","potentialAction":[{"@type":"ReadAction","target":["https:\/\/canal7slp.tv\/2019\/inaugura-jm-carreras-rehabilitacion-de-la-alcaldia-y-plaza-principal-de-tampacan\/"]}]},{"@type":"ImageObject","inLanguage":"es","@id":"https:\/\/canal7slp.tv\/2019\/inaugura-jm-carreras-rehabilitacion-de-la-alcaldia-y-plaza-principal-de-tampacan\/#primaryimage","url":"https:\/\/canal7slp.tv\/2019\/wp-content\/uploads\/2019\/11\/2110-1.jpeg","contentUrl":"https:\/\/canal7slp.tv\/2019\/wp-content\/uploads\/2019\/11\/2110-1.jpeg","width":614,"height":410},{"@type":"BreadcrumbList","@id":"https:\/\/canal7slp.tv\/2019\/inaugura-jm-carreras-rehabilitacion-de-la-alcaldia-y-plaza-principal-de-tampacan\/#breadcrumb","itemListElement":[{"@type":"ListItem","position":1,"name":"Home","item":"https:\/\/canal7slp.tv\/2019\/"},{"@type":"ListItem","position":2,"name":"Inaugura JM Carreras rehabilitaci\u00f3n de la alcald\u00eda y plaza principal de Tampac\u00e1n"}]},{"@type":"WebSite","@id":"https:\/\/canal7slp.tv\/2019\/#website","url":"https:\/\/canal7slp.tv\/2019\/","name":"Canal 7 SLP - Somos TV","description":"Somos un Canal de 10","publisher":{"@id":"https:\/\/canal7slp.tv\/2019\/#organization"},"potentialAction":[{"@type":"SearchAction","target":{"@type":"EntryPoint","urlTemplate":"https:\/\/canal7slp.tv\/2019\/?s={search_term_string}"},"query-input":{"@type":"PropertyValueSpecification","valueRequired":true,"valueName":"search_term_string"}}],"inLanguage":"es"},{"@type":"Organization","@id":"https:\/\/canal7slp.tv\/2019\/#organization","name":"Comunicaci\u00f3n 2000 S.A. de C.V.","url":"https:\/\/canal7slp.tv\/2019\/","logo":{"@type":"ImageObject","inLanguage":"es","@id":"https:\/\/canal7slp.tv\/2019\/#\/schema\/logo\/image\/","url":"https:\/\/canal7slp.tv\/2019\/wp-content\/uploads\/2019\/07\/logo-c7.png","contentUrl":"https:\/\/canal7slp.tv\/2019\/wp-content\/uploads\/2019\/07\/logo-c7.png","width":220,"height":60,"caption":"Comunicaci\u00f3n 2000 S.A. de C.V."},"image":{"@id":"https:\/\/canal7slp.tv\/2019\/#\/schema\/logo\/image\/"},"sameAs":["https:\/\/www.facebook.com\/CANAL7SLP\/","https:\/\/x.com\/canal7_slp","https:\/\/www.instagram.com\/canal7_slp","https:\/\/www.youtube.com\/user\/NOTICIEROSCANAL7SLP\/"]},{"@type":"Person","@id":"https:\/\/canal7slp.tv\/2019\/#\/schema\/person\/11d941c1c6ca30ac0a46b95fa37aa2e3","name":"edicionweb","image":{"@type":"ImageObject","inLanguage":"es","@id":"https:\/\/secure.gravatar.com\/avatar\/eee448fc3f7164808013b816ba91ac7e43bbe82a70bebac296f8bc6f0addaa1a?s=96&d=mm&r=g","url":"https:\/\/secure.gravatar.com\/avatar\/eee448fc3f7164808013b816ba91ac7e43bbe82a70bebac296f8bc6f0addaa1a?s=96&d=mm&r=g","contentUrl":"https:\/\/secure.gravatar.com\/avatar\/eee448fc3f7164808013b816ba91ac7e43bbe82a70bebac296f8bc6f0addaa1a?s=96&d=mm&r=g","caption":"edicionweb"}}]}},"amp_enabled":true,"cmb2":{"video_ids_in_playlist":{"vid_p_videos":""},"video_ids_in_channel":{"vid_c_videos":""},"playlist_ids_in_channel":{"vid_c_playlists":""},"series_ids_in_channel":{"vid_c_series":""},"channel_images":{"vid_c_logo":"","vid_c_banner":""},"poster_feature_image":{"vid_m_poster_image":""},"gif_feature_image":{"vid_m_gif_image":""},"video_movie_settings":{"vid_m_director":"","vid_m_actor":"","vid_m_imdb_ratings":"","vid_m_amazon_associates":""},"vid_youtube_broadcasts_settings":{"vid_yb_broadcast_title":"","vid_yb_q":"","vid_yb_channelid":"","vid_yb_videocategoryid":"","vid_yb_maxresults":"","vid_yb_order":"","vid_yb_regioncode":"","vid_yb_videosyndicated":"","vid_yb_style":"","vid_yb_reload_first":""},"video_series_settings":{"vid_m_director":"","vid_m_actor":"","vid_m_imdb_ratings":"","video_series_group":""},"amazon_associates_settings":{"amazon_associates":"","amazon_native_ad":""},"vid_youtube_automatic_settings":{"vid_ya_youtube_source":"","vid_ya_update_every":"","vid_ya_update_unit":"","vid_ya_categories":"","vid_ya_published_after":"","vid_ya_published_before":"","vid_ya_playlists":"","vid_ya_channels":"","vid_ya_director":"","vid_ya_actor":"","vid_ya_author":"","vid_ya_import_post_date":"","vid_ya_status":"","vid_ya_sub_api_key":""},"vid_ads_m_videoads_settings_post":{"vid_ads_m_video_ads":"","vid_ads_m_video_ads_type":"","vid_ads_m_group_google_ima":"","vid_ads_m_group_image":"","vid_ads_m_group_html5_video":"","vid_ads_m_group_html":"","vid_ads_m_vast_preroll":"","vid_ads_m_vast_postroll":"","vid_ads_m_vast_pauseroll":"","vid_ads_m_vast_midroll":[{"vid_ads_m_vast_timer_seconds":"50"}],"vid_ads_m_time_to_show_ads":"","vid_ads_m_time_skip_ads":"","vid_ads_m_time_to_hide_ads":""},"page_slider_settings":{"display_slider_group":"","page_slider_group":""},"blog_page_settings":{"blog_page_title":"","blog_page_heading":"","blog_page_ic":"","blog_page_it":"","blog_page_ec":"","blog_page_ip":"","archive_loop_style":"","blog_image_ratio":"","blog_show_categories":"","blog_show_excerpt":"","blog_show_author":"","blog_show_date":"","blog_show_comment_count":"","blog_show_view_count":"","blog_show_like_count":"","blog_show_dislike_count":"","blog_items_per_page":"","blog_pag_type":""},"page_options":{"get_page_template":"","color_mode":"","main_layout":"","main_layout_full_with":"","main_logo":"","main_logo_retina":"","main_logo_mobile":"","main_logo_mobile_retina":"","sticky_logo":"","sticky_logo_retina":"","main_nav_layout":"","ajax_search":"","header_background":"","theme_sidebar":"","instagram_feed":"","instagram_feed_position":"","popular_videos":"","popular_videos_title_1":"","popular_videos_title_2":"","popular_videos_ic":"","popular_videos_it":"","theme_background":"","page_custom_css":""},"feature_image_settings":{"feature_image_position":""},"video_player_settings":{"single_video_style":"","video_player_position":"","vm_video_url":"","video_player_library":"","video_streaming":"","vm_media_sources":"","vid_auto_play":"","vm_video_shortcode":"","vid_p_sync_playlist":"","vid_c_sync_channel":"","get_post_format":"","multiple_links_structure":"default","multi_links_title":"","vm_video_multi_links":"","vm_duration":"","vid_social_locker":"off","vid_social_locker_id":"","vid_membership_action":"content-video","vm_video_trailer_url":"","vid_download_type":"free","vid_download_target":"download","vid_woo_product":"","vm_media_download":"","user_rating":"","user_rating_position":"","user_rating_mode":"","user_rating_multi_sets":""},"video_auto_fetch_settings":{"vm_video_fetch":"on"},"video_fake_views_likes":{"vm_fake_views":"","vm_fake_likes":"","vm_fake_dislikes":""},"gallery_settings":{"gallery_position":""},"quote_settings":{"quote_position":""},"post_options":{"main_layout":"","main_logo":"","main_logo_retina":"","main_logo_mobile":"","main_logo_mobile_retina":"","sticky_logo":"","sticky_logo_retina":"","main_nav_layout":"","header_background":"","theme_sidebar":"","single_post_comment_type":"","theme_background":""}},"_links":{"self":[{"href":"https:\/\/canal7slp.tv\/2019\/wp-json\/wp\/v2\/posts\/85304","targetHints":{"allow":["GET"]}}],"collection":[{"href":"https:\/\/canal7slp.tv\/2019\/wp-json\/wp\/v2\/posts"}],"about":[{"href":"https:\/\/canal7slp.tv\/2019\/wp-json\/wp\/v2\/types\/post"}],"author":[{"embeddable":true,"href":"https:\/\/canal7slp.tv\/2019\/wp-json\/wp\/v2\/users\/2"}],"replies":[{"embeddable":true,"href":"https:\/\/canal7slp.tv\/2019\/wp-json\/wp\/v2\/comments?post=85304"}],"version-history":[{"count":0,"href":"https:\/\/canal7slp.tv\/2019\/wp-json\/wp\/v2\/posts\/85304\/revisions"}],"wp:featuredmedia":[{"embeddable":true,"href":"https:\/\/canal7slp.tv\/2019\/wp-json\/wp\/v2\/media\/85311"}],"wp:attachment":[{"href":"https:\/\/canal7slp.tv\/2019\/wp-json\/wp\/v2\/media?parent=85304"}],"wp:term":[{"taxonomy":"category","embeddable":true,"href":"https:\/\/canal7slp.tv\/2019\/wp-json\/wp\/v2\/categories?post=85304"},{"taxonomy":"post_tag","embeddable":true,"href":"https:\/\/canal7slp.tv\/2019\/wp-json\/wp\/v2\/tags?post=85304"}],"curies":[{"name":"wp","href":"https:\/\/api.w.org\/{rel}","templated":true}]}}