{"id":84983,"date":"2019-11-28T17:26:38","date_gmt":"2019-11-28T23:26:38","guid":{"rendered":"https:\/\/canal7slp.tv\/2019\/?p=84983"},"modified":"2019-11-28T17:26:38","modified_gmt":"2019-11-28T23:26:38","slug":"proyecto-de-la-presa-la-maroma-en-el-altiplano-no-sera-cancelado-diputado","status":"publish","type":"post","link":"https:\/\/canal7slp.tv\/2019\/proyecto-de-la-presa-la-maroma-en-el-altiplano-no-sera-cancelado-diputado\/","title":{"rendered":"Proyecto de la presa La Maroma en el Altiplano no ser\u00e1 cancelado: Diputado."},"content":{"rendered":"<p style=\"text-align: justify\">SLP.- La cancelaci\u00f3n de la construcci\u00f3n de la presa \u201cLa Maroma\u201d en el Altiplano Potosino iba a representar una grave p\u00e9rdida para los habitantes de Matehuala, Real de Catorce y Villa de Guadalupe que se ver\u00edan afectados con la decisi\u00f3n de suspender la obra, denunci\u00f3 el diputado Mario Larraga Delgado.<\/p>\n<p style=\"text-align: justify\">Al mediod\u00eda de este jueves, el presidente de la Comisi\u00f3n del Agua del Congreso del Estado, dijo que la Comisi\u00f3n Nacional del Agua inform\u00f3 sobre la suspensi\u00f3n moment\u00e1nea de la obra que podr\u00e1 ser reactivada luego de ser emitidos los resultados de la investigaci\u00f3n sobre supuestas irregularidades.<\/p>\n<p>El legislador dijo desconocer los motivos exactos por los cuales la Comisi\u00f3n Nacional del Agua (CONAGUA), llevaron a tomar la dr\u00e1stica decisi\u00f3n de suspender el proyecto.<\/p>\n<p style=\"text-align: justify\">L\u00e1rraga se\u00f1al\u00f3 que pedir\u00edan alternativas para que la gente tenga agua ya que advirti\u00f3, no se podr\u00eda permitir que la infraestructura ya construida se perdiera, \u201cno debe tirar el dinero, a\u00fan m\u00e1s, cuando es escaso\u201d.<\/p>\n<p style=\"text-align: justify\">Tambi\u00e9n habl\u00f3 de los riesgos de enfrentar una sequ\u00eda m\u00e1s acentuada, dijo que la gente no tendr\u00eda cultivos, ni ganado, ni agua para sus necesidades m\u00e1s b\u00e1sicas, por eso consideraron que hubiera sido una verdadera l\u00e1stima la cancelaci\u00f3n de una obra hidr\u00e1ulica tan importante.<\/p>\n<p style=\"text-align: justify\">Por su parte la diputada Mar\u00eda del Consuelo Carmona Salas, promotora de la obra, habl\u00f3 de los avances que hasta hoy representa.<\/p>\n<p style=\"text-align: justify\">Inform\u00f3 que la obra de 425 millones de pesos tiene cuatro etapas; el acueducto de 123 millones de pesos, se encuentra al 98 por ciento de su construcci\u00f3n, la planta potabilizadora cost\u00f3 42.5 millones de pesos y ya est\u00e1 construida, lo mismo que el camino Chilares \u2013 la Maroma de 45 millones; la presa donde se aplic\u00f3 una inversi\u00f3n de 214 millones registra un 20 por ciento de avance.<\/p>\n<p style=\"text-align: justify\">Destac\u00f3 que la Presa La Maroma representa para esta gente del altiplano potosino, una respuesta a sus viejos problemas de abasto de agua.<\/p>\n<p style=\"text-align: justify\">Por: Jos\u00e9 Luis Juarez<\/p>\n","protected":false},"excerpt":{"rendered":"<p>SLP.- La cancelaci\u00f3n de la construcci\u00f3n de la presa \u201cLa Maroma\u201d en el Altiplano Potosino iba a representar una grave p\u00e9rdida para los habitantes de Matehuala, Real de Catorce y Villa de Guadalupe que se ver\u00edan afectados con la decisi\u00f3n de suspender la obra, denunci\u00f3 el diputado Mario Larraga Delgado. Al mediod\u00eda de este jueves, [&hellip;]<\/p>\n","protected":false},"author":2,"featured_media":84984,"comment_status":"open","ping_status":"open","sticky":false,"template":"","format":"video","meta":{"footnotes":""},"categories":[108,17],"tags":[],"class_list":["post-84983","post","type-post","status-publish","format-video","has-post-thumbnail","hentry","category-destacadas","category-localesyregionales","post_format-post-format-video"],"yoast_head":"<!-- This site is optimized with the Yoast SEO plugin v27.5 - https:\/\/yoast.com\/product\/yoast-seo-wordpress\/ -->\n<title>Proyecto de la presa La Maroma en el Altiplano no ser\u00e1 cancelado: Diputado. - Canal 7 SLP - 2019<\/title>\n<meta name=\"robots\" content=\"index, follow, max-snippet:-1, max-image-preview:large, max-video-preview:-1\" \/>\n<link rel=\"canonical\" href=\"https:\/\/canal7slp.tv\/2019\/proyecto-de-la-presa-la-maroma-en-el-altiplano-no-sera-cancelado-diputado\/\" \/>\n<meta property=\"og:locale\" content=\"es_ES\" \/>\n<meta property=\"og:type\" content=\"article\" \/>\n<meta property=\"og:title\" content=\"Proyecto de la presa La Maroma en el Altiplano no ser\u00e1 cancelado: Diputado. - Canal 7 SLP - 2019\" \/>\n<meta property=\"og:description\" content=\"SLP.- La cancelaci\u00f3n de la construcci\u00f3n de la presa \u201cLa Maroma\u201d en el Altiplano Potosino iba a representar una grave p\u00e9rdida para los habitantes de Matehuala, Real de Catorce y Villa de Guadalupe que se ver\u00edan afectados con la decisi\u00f3n de suspender la obra, denunci\u00f3 el diputado Mario Larraga Delgado. Al mediod\u00eda de este jueves, [&hellip;]\" \/>\n<meta property=\"og:url\" content=\"https:\/\/canal7slp.tv\/2019\/proyecto-de-la-presa-la-maroma-en-el-altiplano-no-sera-cancelado-diputado\/\" \/>\n<meta property=\"og:site_name\" content=\"Canal 7 SLP - 2019\" \/>\n<meta property=\"article:publisher\" content=\"https:\/\/www.facebook.com\/CANAL7SLP\/\" \/>\n<meta property=\"article:published_time\" content=\"2019-11-28T23:26:38+00:00\" \/>\n<meta property=\"og:image\" content=\"https:\/\/canal7slp.tv\/2019\/wp-content\/uploads\/2019\/11\/presalamaroma.png\" \/>\n\t<meta property=\"og:image:width\" content=\"728\" \/>\n\t<meta property=\"og:image:height\" content=\"410\" \/>\n\t<meta property=\"og:image:type\" content=\"image\/png\" \/>\n<meta name=\"author\" content=\"edicionweb\" \/>\n<meta name=\"twitter:card\" content=\"summary_large_image\" \/>\n<meta name=\"twitter:creator\" content=\"@canal7_slp\" \/>\n<meta name=\"twitter:site\" content=\"@canal7_slp\" \/>\n<meta name=\"twitter:label1\" content=\"Escrito por\" \/>\n\t<meta name=\"twitter:data1\" content=\"edicionweb\" \/>\n\t<meta name=\"twitter:label2\" content=\"Tiempo de lectura\" \/>\n\t<meta name=\"twitter:data2\" content=\"2 minutos\" \/>\n<script type=\"application\/ld+json\" class=\"yoast-schema-graph\">{\"@context\":\"https:\\\/\\\/schema.org\",\"@graph\":[{\"@type\":\"Article\",\"@id\":\"https:\\\/\\\/canal7slp.tv\\\/2019\\\/proyecto-de-la-presa-la-maroma-en-el-altiplano-no-sera-cancelado-diputado\\\/#article\",\"isPartOf\":{\"@id\":\"https:\\\/\\\/canal7slp.tv\\\/2019\\\/proyecto-de-la-presa-la-maroma-en-el-altiplano-no-sera-cancelado-diputado\\\/\"},\"author\":{\"name\":\"edicionweb\",\"@id\":\"https:\\\/\\\/canal7slp.tv\\\/2019\\\/#\\\/schema\\\/person\\\/11d941c1c6ca30ac0a46b95fa37aa2e3\"},\"headline\":\"Proyecto de la presa La Maroma en el Altiplano no ser\u00e1 cancelado: Diputado.\",\"datePublished\":\"2019-11-28T23:26:38+00:00\",\"mainEntityOfPage\":{\"@id\":\"https:\\\/\\\/canal7slp.tv\\\/2019\\\/proyecto-de-la-presa-la-maroma-en-el-altiplano-no-sera-cancelado-diputado\\\/\"},\"wordCount\":358,\"commentCount\":0,\"publisher\":{\"@id\":\"https:\\\/\\\/canal7slp.tv\\\/2019\\\/#organization\"},\"image\":{\"@id\":\"https:\\\/\\\/canal7slp.tv\\\/2019\\\/proyecto-de-la-presa-la-maroma-en-el-altiplano-no-sera-cancelado-diputado\\\/#primaryimage\"},\"thumbnailUrl\":\"https:\\\/\\\/canal7slp.tv\\\/2019\\\/wp-content\\\/uploads\\\/2019\\\/11\\\/presalamaroma.png\",\"articleSection\":[\"DESTACADAS\",\"LOCALES Y REGIONALES\"],\"inLanguage\":\"es\",\"potentialAction\":[{\"@type\":\"CommentAction\",\"name\":\"Comment\",\"target\":[\"https:\\\/\\\/canal7slp.tv\\\/2019\\\/proyecto-de-la-presa-la-maroma-en-el-altiplano-no-sera-cancelado-diputado\\\/#respond\"]}]},{\"@type\":\"WebPage\",\"@id\":\"https:\\\/\\\/canal7slp.tv\\\/2019\\\/proyecto-de-la-presa-la-maroma-en-el-altiplano-no-sera-cancelado-diputado\\\/\",\"url\":\"https:\\\/\\\/canal7slp.tv\\\/2019\\\/proyecto-de-la-presa-la-maroma-en-el-altiplano-no-sera-cancelado-diputado\\\/\",\"name\":\"Proyecto de la presa La Maroma en el Altiplano no ser\u00e1 cancelado: Diputado. - Canal 7 SLP - 2019\",\"isPartOf\":{\"@id\":\"https:\\\/\\\/canal7slp.tv\\\/2019\\\/#website\"},\"primaryImageOfPage\":{\"@id\":\"https:\\\/\\\/canal7slp.tv\\\/2019\\\/proyecto-de-la-presa-la-maroma-en-el-altiplano-no-sera-cancelado-diputado\\\/#primaryimage\"},\"image\":{\"@id\":\"https:\\\/\\\/canal7slp.tv\\\/2019\\\/proyecto-de-la-presa-la-maroma-en-el-altiplano-no-sera-cancelado-diputado\\\/#primaryimage\"},\"thumbnailUrl\":\"https:\\\/\\\/canal7slp.tv\\\/2019\\\/wp-content\\\/uploads\\\/2019\\\/11\\\/presalamaroma.png\",\"datePublished\":\"2019-11-28T23:26:38+00:00\",\"breadcrumb\":{\"@id\":\"https:\\\/\\\/canal7slp.tv\\\/2019\\\/proyecto-de-la-presa-la-maroma-en-el-altiplano-no-sera-cancelado-diputado\\\/#breadcrumb\"},\"inLanguage\":\"es\",\"potentialAction\":[{\"@type\":\"ReadAction\",\"target\":[\"https:\\\/\\\/canal7slp.tv\\\/2019\\\/proyecto-de-la-presa-la-maroma-en-el-altiplano-no-sera-cancelado-diputado\\\/\"]}]},{\"@type\":\"ImageObject\",\"inLanguage\":\"es\",\"@id\":\"https:\\\/\\\/canal7slp.tv\\\/2019\\\/proyecto-de-la-presa-la-maroma-en-el-altiplano-no-sera-cancelado-diputado\\\/#primaryimage\",\"url\":\"https:\\\/\\\/canal7slp.tv\\\/2019\\\/wp-content\\\/uploads\\\/2019\\\/11\\\/presalamaroma.png\",\"contentUrl\":\"https:\\\/\\\/canal7slp.tv\\\/2019\\\/wp-content\\\/uploads\\\/2019\\\/11\\\/presalamaroma.png\",\"width\":728,\"height\":410},{\"@type\":\"BreadcrumbList\",\"@id\":\"https:\\\/\\\/canal7slp.tv\\\/2019\\\/proyecto-de-la-presa-la-maroma-en-el-altiplano-no-sera-cancelado-diputado\\\/#breadcrumb\",\"itemListElement\":[{\"@type\":\"ListItem\",\"position\":1,\"name\":\"Home\",\"item\":\"https:\\\/\\\/canal7slp.tv\\\/2019\\\/\"},{\"@type\":\"ListItem\",\"position\":2,\"name\":\"Proyecto de la presa La Maroma en el Altiplano no ser\u00e1 cancelado: Diputado.\"}]},{\"@type\":\"WebSite\",\"@id\":\"https:\\\/\\\/canal7slp.tv\\\/2019\\\/#website\",\"url\":\"https:\\\/\\\/canal7slp.tv\\\/2019\\\/\",\"name\":\"Canal 7 SLP - Somos TV\",\"description\":\"Somos un Canal de 10\",\"publisher\":{\"@id\":\"https:\\\/\\\/canal7slp.tv\\\/2019\\\/#organization\"},\"potentialAction\":[{\"@type\":\"SearchAction\",\"target\":{\"@type\":\"EntryPoint\",\"urlTemplate\":\"https:\\\/\\\/canal7slp.tv\\\/2019\\\/?s={search_term_string}\"},\"query-input\":{\"@type\":\"PropertyValueSpecification\",\"valueRequired\":true,\"valueName\":\"search_term_string\"}}],\"inLanguage\":\"es\"},{\"@type\":\"Organization\",\"@id\":\"https:\\\/\\\/canal7slp.tv\\\/2019\\\/#organization\",\"name\":\"Comunicaci\u00f3n 2000 S.A. de C.V.\",\"url\":\"https:\\\/\\\/canal7slp.tv\\\/2019\\\/\",\"logo\":{\"@type\":\"ImageObject\",\"inLanguage\":\"es\",\"@id\":\"https:\\\/\\\/canal7slp.tv\\\/2019\\\/#\\\/schema\\\/logo\\\/image\\\/\",\"url\":\"https:\\\/\\\/canal7slp.tv\\\/2019\\\/wp-content\\\/uploads\\\/2019\\\/07\\\/logo-c7.png\",\"contentUrl\":\"https:\\\/\\\/canal7slp.tv\\\/2019\\\/wp-content\\\/uploads\\\/2019\\\/07\\\/logo-c7.png\",\"width\":220,\"height\":60,\"caption\":\"Comunicaci\u00f3n 2000 S.A. de C.V.\"},\"image\":{\"@id\":\"https:\\\/\\\/canal7slp.tv\\\/2019\\\/#\\\/schema\\\/logo\\\/image\\\/\"},\"sameAs\":[\"https:\\\/\\\/www.facebook.com\\\/CANAL7SLP\\\/\",\"https:\\\/\\\/x.com\\\/canal7_slp\",\"https:\\\/\\\/www.instagram.com\\\/canal7_slp\",\"https:\\\/\\\/www.youtube.com\\\/user\\\/NOTICIEROSCANAL7SLP\\\/\"]},{\"@type\":\"Person\",\"@id\":\"https:\\\/\\\/canal7slp.tv\\\/2019\\\/#\\\/schema\\\/person\\\/11d941c1c6ca30ac0a46b95fa37aa2e3\",\"name\":\"edicionweb\",\"image\":{\"@type\":\"ImageObject\",\"inLanguage\":\"es\",\"@id\":\"https:\\\/\\\/secure.gravatar.com\\\/avatar\\\/eee448fc3f7164808013b816ba91ac7e43bbe82a70bebac296f8bc6f0addaa1a?s=96&d=mm&r=g\",\"url\":\"https:\\\/\\\/secure.gravatar.com\\\/avatar\\\/eee448fc3f7164808013b816ba91ac7e43bbe82a70bebac296f8bc6f0addaa1a?s=96&d=mm&r=g\",\"contentUrl\":\"https:\\\/\\\/secure.gravatar.com\\\/avatar\\\/eee448fc3f7164808013b816ba91ac7e43bbe82a70bebac296f8bc6f0addaa1a?s=96&d=mm&r=g\",\"caption\":\"edicionweb\"}}]}<\/script>\n<!-- \/ Yoast SEO plugin. -->","yoast_head_json":{"title":"Proyecto de la presa La Maroma en el Altiplano no ser\u00e1 cancelado: Diputado. - Canal 7 SLP - 2019","robots":{"index":"index","follow":"follow","max-snippet":"max-snippet:-1","max-image-preview":"max-image-preview:large","max-video-preview":"max-video-preview:-1"},"canonical":"https:\/\/canal7slp.tv\/2019\/proyecto-de-la-presa-la-maroma-en-el-altiplano-no-sera-cancelado-diputado\/","og_locale":"es_ES","og_type":"article","og_title":"Proyecto de la presa La Maroma en el Altiplano no ser\u00e1 cancelado: Diputado. - Canal 7 SLP - 2019","og_description":"SLP.- La cancelaci\u00f3n de la construcci\u00f3n de la presa \u201cLa Maroma\u201d en el Altiplano Potosino iba a representar una grave p\u00e9rdida para los habitantes de Matehuala, Real de Catorce y Villa de Guadalupe que se ver\u00edan afectados con la decisi\u00f3n de suspender la obra, denunci\u00f3 el diputado Mario Larraga Delgado. Al mediod\u00eda de este jueves, [&hellip;]","og_url":"https:\/\/canal7slp.tv\/2019\/proyecto-de-la-presa-la-maroma-en-el-altiplano-no-sera-cancelado-diputado\/","og_site_name":"Canal 7 SLP - 2019","article_publisher":"https:\/\/www.facebook.com\/CANAL7SLP\/","article_published_time":"2019-11-28T23:26:38+00:00","og_image":[{"width":728,"height":410,"url":"https:\/\/canal7slp.tv\/2019\/wp-content\/uploads\/2019\/11\/presalamaroma.png","type":"image\/png"}],"author":"edicionweb","twitter_card":"summary_large_image","twitter_creator":"@canal7_slp","twitter_site":"@canal7_slp","twitter_misc":{"Escrito por":"edicionweb","Tiempo de lectura":"2 minutos"},"schema":{"@context":"https:\/\/schema.org","@graph":[{"@type":"Article","@id":"https:\/\/canal7slp.tv\/2019\/proyecto-de-la-presa-la-maroma-en-el-altiplano-no-sera-cancelado-diputado\/#article","isPartOf":{"@id":"https:\/\/canal7slp.tv\/2019\/proyecto-de-la-presa-la-maroma-en-el-altiplano-no-sera-cancelado-diputado\/"},"author":{"name":"edicionweb","@id":"https:\/\/canal7slp.tv\/2019\/#\/schema\/person\/11d941c1c6ca30ac0a46b95fa37aa2e3"},"headline":"Proyecto de la presa La Maroma en el Altiplano no ser\u00e1 cancelado: Diputado.","datePublished":"2019-11-28T23:26:38+00:00","mainEntityOfPage":{"@id":"https:\/\/canal7slp.tv\/2019\/proyecto-de-la-presa-la-maroma-en-el-altiplano-no-sera-cancelado-diputado\/"},"wordCount":358,"commentCount":0,"publisher":{"@id":"https:\/\/canal7slp.tv\/2019\/#organization"},"image":{"@id":"https:\/\/canal7slp.tv\/2019\/proyecto-de-la-presa-la-maroma-en-el-altiplano-no-sera-cancelado-diputado\/#primaryimage"},"thumbnailUrl":"https:\/\/canal7slp.tv\/2019\/wp-content\/uploads\/2019\/11\/presalamaroma.png","articleSection":["DESTACADAS","LOCALES Y REGIONALES"],"inLanguage":"es","potentialAction":[{"@type":"CommentAction","name":"Comment","target":["https:\/\/canal7slp.tv\/2019\/proyecto-de-la-presa-la-maroma-en-el-altiplano-no-sera-cancelado-diputado\/#respond"]}]},{"@type":"WebPage","@id":"https:\/\/canal7slp.tv\/2019\/proyecto-de-la-presa-la-maroma-en-el-altiplano-no-sera-cancelado-diputado\/","url":"https:\/\/canal7slp.tv\/2019\/proyecto-de-la-presa-la-maroma-en-el-altiplano-no-sera-cancelado-diputado\/","name":"Proyecto de la presa La Maroma en el Altiplano no ser\u00e1 cancelado: Diputado. - Canal 7 SLP - 2019","isPartOf":{"@id":"https:\/\/canal7slp.tv\/2019\/#website"},"primaryImageOfPage":{"@id":"https:\/\/canal7slp.tv\/2019\/proyecto-de-la-presa-la-maroma-en-el-altiplano-no-sera-cancelado-diputado\/#primaryimage"},"image":{"@id":"https:\/\/canal7slp.tv\/2019\/proyecto-de-la-presa-la-maroma-en-el-altiplano-no-sera-cancelado-diputado\/#primaryimage"},"thumbnailUrl":"https:\/\/canal7slp.tv\/2019\/wp-content\/uploads\/2019\/11\/presalamaroma.png","datePublished":"2019-11-28T23:26:38+00:00","breadcrumb":{"@id":"https:\/\/canal7slp.tv\/2019\/proyecto-de-la-presa-la-maroma-en-el-altiplano-no-sera-cancelado-diputado\/#breadcrumb"},"inLanguage":"es","potentialAction":[{"@type":"ReadAction","target":["https:\/\/canal7slp.tv\/2019\/proyecto-de-la-presa-la-maroma-en-el-altiplano-no-sera-cancelado-diputado\/"]}]},{"@type":"ImageObject","inLanguage":"es","@id":"https:\/\/canal7slp.tv\/2019\/proyecto-de-la-presa-la-maroma-en-el-altiplano-no-sera-cancelado-diputado\/#primaryimage","url":"https:\/\/canal7slp.tv\/2019\/wp-content\/uploads\/2019\/11\/presalamaroma.png","contentUrl":"https:\/\/canal7slp.tv\/2019\/wp-content\/uploads\/2019\/11\/presalamaroma.png","width":728,"height":410},{"@type":"BreadcrumbList","@id":"https:\/\/canal7slp.tv\/2019\/proyecto-de-la-presa-la-maroma-en-el-altiplano-no-sera-cancelado-diputado\/#breadcrumb","itemListElement":[{"@type":"ListItem","position":1,"name":"Home","item":"https:\/\/canal7slp.tv\/2019\/"},{"@type":"ListItem","position":2,"name":"Proyecto de la presa La Maroma en el Altiplano no ser\u00e1 cancelado: Diputado."}]},{"@type":"WebSite","@id":"https:\/\/canal7slp.tv\/2019\/#website","url":"https:\/\/canal7slp.tv\/2019\/","name":"Canal 7 SLP - Somos TV","description":"Somos un Canal de 10","publisher":{"@id":"https:\/\/canal7slp.tv\/2019\/#organization"},"potentialAction":[{"@type":"SearchAction","target":{"@type":"EntryPoint","urlTemplate":"https:\/\/canal7slp.tv\/2019\/?s={search_term_string}"},"query-input":{"@type":"PropertyValueSpecification","valueRequired":true,"valueName":"search_term_string"}}],"inLanguage":"es"},{"@type":"Organization","@id":"https:\/\/canal7slp.tv\/2019\/#organization","name":"Comunicaci\u00f3n 2000 S.A. de C.V.","url":"https:\/\/canal7slp.tv\/2019\/","logo":{"@type":"ImageObject","inLanguage":"es","@id":"https:\/\/canal7slp.tv\/2019\/#\/schema\/logo\/image\/","url":"https:\/\/canal7slp.tv\/2019\/wp-content\/uploads\/2019\/07\/logo-c7.png","contentUrl":"https:\/\/canal7slp.tv\/2019\/wp-content\/uploads\/2019\/07\/logo-c7.png","width":220,"height":60,"caption":"Comunicaci\u00f3n 2000 S.A. de C.V."},"image":{"@id":"https:\/\/canal7slp.tv\/2019\/#\/schema\/logo\/image\/"},"sameAs":["https:\/\/www.facebook.com\/CANAL7SLP\/","https:\/\/x.com\/canal7_slp","https:\/\/www.instagram.com\/canal7_slp","https:\/\/www.youtube.com\/user\/NOTICIEROSCANAL7SLP\/"]},{"@type":"Person","@id":"https:\/\/canal7slp.tv\/2019\/#\/schema\/person\/11d941c1c6ca30ac0a46b95fa37aa2e3","name":"edicionweb","image":{"@type":"ImageObject","inLanguage":"es","@id":"https:\/\/secure.gravatar.com\/avatar\/eee448fc3f7164808013b816ba91ac7e43bbe82a70bebac296f8bc6f0addaa1a?s=96&d=mm&r=g","url":"https:\/\/secure.gravatar.com\/avatar\/eee448fc3f7164808013b816ba91ac7e43bbe82a70bebac296f8bc6f0addaa1a?s=96&d=mm&r=g","contentUrl":"https:\/\/secure.gravatar.com\/avatar\/eee448fc3f7164808013b816ba91ac7e43bbe82a70bebac296f8bc6f0addaa1a?s=96&d=mm&r=g","caption":"edicionweb"}}]}},"amp_enabled":true,"cmb2":{"video_ids_in_playlist":{"vid_p_videos":""},"video_ids_in_channel":{"vid_c_videos":""},"playlist_ids_in_channel":{"vid_c_playlists":""},"series_ids_in_channel":{"vid_c_series":""},"channel_images":{"vid_c_logo":"","vid_c_banner":""},"poster_feature_image":{"vid_m_poster_image":""},"gif_feature_image":{"vid_m_gif_image":""},"video_movie_settings":{"vid_m_director":"","vid_m_actor":"","vid_m_imdb_ratings":"","vid_m_amazon_associates":""},"vid_youtube_broadcasts_settings":{"vid_yb_broadcast_title":"","vid_yb_q":"","vid_yb_channelid":"","vid_yb_videocategoryid":"","vid_yb_maxresults":"","vid_yb_order":"","vid_yb_regioncode":"","vid_yb_videosyndicated":"","vid_yb_style":"","vid_yb_reload_first":""},"video_series_settings":{"vid_m_director":"","vid_m_actor":"","vid_m_imdb_ratings":"","video_series_group":""},"amazon_associates_settings":{"amazon_associates":"","amazon_native_ad":""},"vid_youtube_automatic_settings":{"vid_ya_youtube_source":"","vid_ya_update_every":"","vid_ya_update_unit":"","vid_ya_categories":"","vid_ya_published_after":"","vid_ya_published_before":"","vid_ya_playlists":"","vid_ya_channels":"","vid_ya_director":"","vid_ya_actor":"","vid_ya_author":"","vid_ya_import_post_date":"","vid_ya_status":"","vid_ya_sub_api_key":""},"vid_ads_m_videoads_settings_post":{"vid_ads_m_video_ads":"","vid_ads_m_video_ads_type":"","vid_ads_m_group_google_ima":"","vid_ads_m_group_image":"","vid_ads_m_group_html5_video":"","vid_ads_m_group_html":"","vid_ads_m_vast_preroll":"","vid_ads_m_vast_postroll":"","vid_ads_m_vast_pauseroll":"","vid_ads_m_vast_midroll":[{"vid_ads_m_vast_timer_seconds":"50"}],"vid_ads_m_time_to_show_ads":"","vid_ads_m_time_skip_ads":"","vid_ads_m_time_to_hide_ads":""},"page_slider_settings":{"display_slider_group":"","page_slider_group":""},"blog_page_settings":{"blog_page_title":"","blog_page_heading":"","blog_page_ic":"","blog_page_it":"","blog_page_ec":"","blog_page_ip":"","archive_loop_style":"","blog_image_ratio":"","blog_show_categories":"","blog_show_excerpt":"","blog_show_author":"","blog_show_date":"","blog_show_comment_count":"","blog_show_view_count":"","blog_show_like_count":"","blog_show_dislike_count":"","blog_items_per_page":"","blog_pag_type":""},"page_options":{"get_page_template":"","color_mode":"","main_layout":"","main_layout_full_with":"","main_logo":"","main_logo_retina":"","main_logo_mobile":"","main_logo_mobile_retina":"","sticky_logo":"","sticky_logo_retina":"","main_nav_layout":"","ajax_search":"","header_background":"","theme_sidebar":"","instagram_feed":"","instagram_feed_position":"","popular_videos":"","popular_videos_title_1":"","popular_videos_title_2":"","popular_videos_ic":"","popular_videos_it":"","theme_background":"","page_custom_css":""},"feature_image_settings":{"feature_image_position":""},"video_player_settings":{"single_video_style":"","video_player_position":"","vm_video_url":"https:\/\/youtu.be\/PNk3GPEnzhI","video_player_library":"","video_streaming":"","vm_media_sources":"","vid_auto_play":"","vm_video_shortcode":"","vid_p_sync_playlist":"","vid_c_sync_channel":"","get_post_format":"","multiple_links_structure":"default","multi_links_title":"","vm_video_multi_links":"","vm_duration":"","vid_social_locker":"off","vid_social_locker_id":"","vid_membership_action":"content-video","vm_video_trailer_url":"","vid_download_type":"free","vid_download_target":"download","vid_woo_product":"","vm_media_download":"","user_rating":"","user_rating_position":"","user_rating_mode":"","user_rating_multi_sets":""},"video_auto_fetch_settings":{"vm_video_fetch":"off"},"video_fake_views_likes":{"vm_fake_views":"","vm_fake_likes":"","vm_fake_dislikes":""},"gallery_settings":{"gallery_position":""},"quote_settings":{"quote_position":""},"post_options":{"main_layout":"","main_logo":"","main_logo_retina":"","main_logo_mobile":"","main_logo_mobile_retina":"","sticky_logo":"","sticky_logo_retina":"","main_nav_layout":"","header_background":"","theme_sidebar":"","single_post_comment_type":"","theme_background":""}},"_links":{"self":[{"href":"https:\/\/canal7slp.tv\/2019\/wp-json\/wp\/v2\/posts\/84983","targetHints":{"allow":["GET"]}}],"collection":[{"href":"https:\/\/canal7slp.tv\/2019\/wp-json\/wp\/v2\/posts"}],"about":[{"href":"https:\/\/canal7slp.tv\/2019\/wp-json\/wp\/v2\/types\/post"}],"author":[{"embeddable":true,"href":"https:\/\/canal7slp.tv\/2019\/wp-json\/wp\/v2\/users\/2"}],"replies":[{"embeddable":true,"href":"https:\/\/canal7slp.tv\/2019\/wp-json\/wp\/v2\/comments?post=84983"}],"version-history":[{"count":0,"href":"https:\/\/canal7slp.tv\/2019\/wp-json\/wp\/v2\/posts\/84983\/revisions"}],"wp:featuredmedia":[{"embeddable":true,"href":"https:\/\/canal7slp.tv\/2019\/wp-json\/wp\/v2\/media\/84984"}],"wp:attachment":[{"href":"https:\/\/canal7slp.tv\/2019\/wp-json\/wp\/v2\/media?parent=84983"}],"wp:term":[{"taxonomy":"category","embeddable":true,"href":"https:\/\/canal7slp.tv\/2019\/wp-json\/wp\/v2\/categories?post=84983"},{"taxonomy":"post_tag","embeddable":true,"href":"https:\/\/canal7slp.tv\/2019\/wp-json\/wp\/v2\/tags?post=84983"}],"curies":[{"name":"wp","href":"https:\/\/api.w.org\/{rel}","templated":true}]}}