{"id":84972,"date":"2019-11-28T16:48:05","date_gmt":"2019-11-28T22:48:05","guid":{"rendered":"https:\/\/canal7slp.tv\/2019\/?p=84972"},"modified":"2019-11-28T16:48:05","modified_gmt":"2019-11-28T22:48:05","slug":"potosinos-a-favor-del-operativo-radar-para-reducir-accidentes-viales","status":"publish","type":"post","link":"https:\/\/canal7slp.tv\/2019\/potosinos-a-favor-del-operativo-radar-para-reducir-accidentes-viales\/","title":{"rendered":"Potosinos a favor del Operativo Radar para reducir accidentes viales."},"content":{"rendered":"<p style=\"text-align: justify\">SLP.- En d\u00edas pasados, la direcci\u00f3n de la Polic\u00eda Vial de la capital potosina inform\u00f3 que mantendr\u00e1 activo el Operativo Radar con fines meramente preventivos y no recaudatorios.<\/p>\n<p style=\"text-align: justify\">Dicha medida tiene como objetivo el concientizar a la poblaci\u00f3n en general que manejar a altas velocidades por las calles de San Luis Potos\u00ed conlleva un riesgo que podr\u00eda resultar de manera fatal.<\/p>\n<p style=\"text-align: justify\">De acuerdo con el director de la polic\u00eda vial, Filomeno Ju\u00e1rez Santana, diariamente se detectan hasta 15 conductores que exceden los l\u00edmites de velocidad en distintas avenidas de la ciudad como la Salvador Nava, Chapultepec o el Rio Espa\u00f1ita.<\/p>\n<p style=\"text-align: justify\">Enmarcado en el tema, se entrevist\u00f3 a un grupo de potosinos quienes se mostraron a favor del mencionado operativo para que se reduzca el n\u00famero de accidentes que se registra en el municipio.<\/p>\n<p style=\"text-align: justify\">\u201cEntrevista 1: Creo que toda medida que implemente el gobierno para efectos de que pueda salvar una vida yo creo que nunca va a estar por dem\u00e1s\u2026 A m\u00ed me parece extraordinaria, habr\u00e1 que ver quiz\u00e1 en otros estados las pol\u00edticas que han empleado como \u00e9stas y si es que efectivamente han dado resultados y yo te garantizo que s\u00ed, s\u00ed los hay\u201d, dijo uno de ellos.<\/p>\n<p style=\"text-align: justify\">Una m\u00e1s se\u00f1al\u00f3: \u201cEntrevista 2: yo creo que est\u00e1 bien que lo implementen porque realmente hay conductores que no tiene ninguna responsabilidad y pueden provocar un accidente por su imprudencia\u201d.<\/p>\n<p style=\"text-align: justify\">Tambi\u00e9n esperan que los polic\u00edas viales se dediquen a prevenir a la ciudadan\u00eda y que estos no incurran en actos de corrupci\u00f3n al momento de realizar una detenci\u00f3n.<\/p>\n<p style=\"text-align: justify\">\u201c Entrevista 1: De los elementos de la polic\u00eda que te puedo decir no tiene una aureola de santidad pero en la medida en que todos somos responsables, no hay elementos corruptos si no hay ciudadanos corruptos, desgraciadamente nosotros le damos cuerda ese tipo de temas\u201d<\/p>\n<p style=\"text-align: justify\">\u201cEntrevista 2: \u201cNo deber\u00eda&#8230; pero puede suceder&#8230; si son responsables y la persona que est\u00e1 al frente de ellos y tiene una buena estrategia, pues no deber\u00eda\u201d)<\/p>\n<p style=\"text-align: justify\">\u201cEntrevista 3: M\u00e1s bien deber\u00edan de inculcar que en el reglamento se debe de respetar el l\u00edmite de velocidad y no sobrepasarse\u201d).<\/p>\n<p style=\"text-align: justify\">Y aunque mencionaron que el tema se podr\u00eda relacionar a una medida recaudatoria, los entrevistados concordaron en que vale m\u00e1s una vida humana que el dinero que se pueda obtener por infracciones.<\/p>\n<p style=\"text-align: justify\">Por: Jos\u00e9 Luis Juarez<\/p>\n","protected":false},"excerpt":{"rendered":"<p>SLP.- En d\u00edas pasados, la direcci\u00f3n de la Polic\u00eda Vial de la capital potosina inform\u00f3 que mantendr\u00e1 activo el Operativo Radar con fines meramente preventivos y no recaudatorios. Dicha medida tiene como objetivo el concientizar a la poblaci\u00f3n en general que manejar a altas velocidades por las calles de San Luis Potos\u00ed conlleva un riesgo [&hellip;]<\/p>\n","protected":false},"author":2,"featured_media":84973,"comment_status":"open","ping_status":"open","sticky":false,"template":"","format":"video","meta":{"footnotes":""},"categories":[108,17],"tags":[],"class_list":["post-84972","post","type-post","status-publish","format-video","has-post-thumbnail","hentry","category-destacadas","category-localesyregionales","post_format-post-format-video"],"yoast_head":"<!-- This site is optimized with the Yoast SEO plugin v27.5 - https:\/\/yoast.com\/product\/yoast-seo-wordpress\/ -->\n<title>Potosinos a favor del Operativo Radar para reducir accidentes viales. - Canal 7 SLP - 2019<\/title>\n<meta name=\"robots\" content=\"index, follow, max-snippet:-1, max-image-preview:large, max-video-preview:-1\" \/>\n<link rel=\"canonical\" href=\"https:\/\/canal7slp.tv\/2019\/potosinos-a-favor-del-operativo-radar-para-reducir-accidentes-viales\/\" \/>\n<meta property=\"og:locale\" content=\"es_ES\" \/>\n<meta property=\"og:type\" content=\"article\" \/>\n<meta property=\"og:title\" content=\"Potosinos a favor del Operativo Radar para reducir accidentes viales. - Canal 7 SLP - 2019\" \/>\n<meta property=\"og:description\" content=\"SLP.- En d\u00edas pasados, la direcci\u00f3n de la Polic\u00eda Vial de la capital potosina inform\u00f3 que mantendr\u00e1 activo el Operativo Radar con fines meramente preventivos y no recaudatorios. Dicha medida tiene como objetivo el concientizar a la poblaci\u00f3n en general que manejar a altas velocidades por las calles de San Luis Potos\u00ed conlleva un riesgo [&hellip;]\" \/>\n<meta property=\"og:url\" content=\"https:\/\/canal7slp.tv\/2019\/potosinos-a-favor-del-operativo-radar-para-reducir-accidentes-viales\/\" \/>\n<meta property=\"og:site_name\" content=\"Canal 7 SLP - 2019\" \/>\n<meta property=\"article:publisher\" content=\"https:\/\/www.facebook.com\/CANAL7SLP\/\" \/>\n<meta property=\"article:published_time\" content=\"2019-11-28T22:48:05+00:00\" \/>\n<meta property=\"og:image\" content=\"https:\/\/canal7slp.tv\/2019\/wp-content\/uploads\/2019\/11\/sondeoradar.png\" \/>\n\t<meta property=\"og:image:width\" content=\"728\" \/>\n\t<meta property=\"og:image:height\" content=\"410\" \/>\n\t<meta property=\"og:image:type\" content=\"image\/png\" \/>\n<meta name=\"author\" content=\"edicionweb\" \/>\n<meta name=\"twitter:card\" content=\"summary_large_image\" \/>\n<meta name=\"twitter:creator\" content=\"@canal7_slp\" \/>\n<meta name=\"twitter:site\" content=\"@canal7_slp\" \/>\n<meta name=\"twitter:label1\" content=\"Escrito por\" \/>\n\t<meta name=\"twitter:data1\" content=\"edicionweb\" \/>\n\t<meta name=\"twitter:label2\" content=\"Tiempo de lectura\" \/>\n\t<meta name=\"twitter:data2\" content=\"2 minutos\" \/>\n<script type=\"application\/ld+json\" class=\"yoast-schema-graph\">{\"@context\":\"https:\\\/\\\/schema.org\",\"@graph\":[{\"@type\":\"Article\",\"@id\":\"https:\\\/\\\/canal7slp.tv\\\/2019\\\/potosinos-a-favor-del-operativo-radar-para-reducir-accidentes-viales\\\/#article\",\"isPartOf\":{\"@id\":\"https:\\\/\\\/canal7slp.tv\\\/2019\\\/potosinos-a-favor-del-operativo-radar-para-reducir-accidentes-viales\\\/\"},\"author\":{\"name\":\"edicionweb\",\"@id\":\"https:\\\/\\\/canal7slp.tv\\\/2019\\\/#\\\/schema\\\/person\\\/11d941c1c6ca30ac0a46b95fa37aa2e3\"},\"headline\":\"Potosinos a favor del Operativo Radar para reducir accidentes viales.\",\"datePublished\":\"2019-11-28T22:48:05+00:00\",\"mainEntityOfPage\":{\"@id\":\"https:\\\/\\\/canal7slp.tv\\\/2019\\\/potosinos-a-favor-del-operativo-radar-para-reducir-accidentes-viales\\\/\"},\"wordCount\":420,\"commentCount\":0,\"publisher\":{\"@id\":\"https:\\\/\\\/canal7slp.tv\\\/2019\\\/#organization\"},\"image\":{\"@id\":\"https:\\\/\\\/canal7slp.tv\\\/2019\\\/potosinos-a-favor-del-operativo-radar-para-reducir-accidentes-viales\\\/#primaryimage\"},\"thumbnailUrl\":\"https:\\\/\\\/canal7slp.tv\\\/2019\\\/wp-content\\\/uploads\\\/2019\\\/11\\\/sondeoradar.png\",\"articleSection\":[\"DESTACADAS\",\"LOCALES Y REGIONALES\"],\"inLanguage\":\"es\",\"potentialAction\":[{\"@type\":\"CommentAction\",\"name\":\"Comment\",\"target\":[\"https:\\\/\\\/canal7slp.tv\\\/2019\\\/potosinos-a-favor-del-operativo-radar-para-reducir-accidentes-viales\\\/#respond\"]}]},{\"@type\":\"WebPage\",\"@id\":\"https:\\\/\\\/canal7slp.tv\\\/2019\\\/potosinos-a-favor-del-operativo-radar-para-reducir-accidentes-viales\\\/\",\"url\":\"https:\\\/\\\/canal7slp.tv\\\/2019\\\/potosinos-a-favor-del-operativo-radar-para-reducir-accidentes-viales\\\/\",\"name\":\"Potosinos a favor del Operativo Radar para reducir accidentes viales. - Canal 7 SLP - 2019\",\"isPartOf\":{\"@id\":\"https:\\\/\\\/canal7slp.tv\\\/2019\\\/#website\"},\"primaryImageOfPage\":{\"@id\":\"https:\\\/\\\/canal7slp.tv\\\/2019\\\/potosinos-a-favor-del-operativo-radar-para-reducir-accidentes-viales\\\/#primaryimage\"},\"image\":{\"@id\":\"https:\\\/\\\/canal7slp.tv\\\/2019\\\/potosinos-a-favor-del-operativo-radar-para-reducir-accidentes-viales\\\/#primaryimage\"},\"thumbnailUrl\":\"https:\\\/\\\/canal7slp.tv\\\/2019\\\/wp-content\\\/uploads\\\/2019\\\/11\\\/sondeoradar.png\",\"datePublished\":\"2019-11-28T22:48:05+00:00\",\"breadcrumb\":{\"@id\":\"https:\\\/\\\/canal7slp.tv\\\/2019\\\/potosinos-a-favor-del-operativo-radar-para-reducir-accidentes-viales\\\/#breadcrumb\"},\"inLanguage\":\"es\",\"potentialAction\":[{\"@type\":\"ReadAction\",\"target\":[\"https:\\\/\\\/canal7slp.tv\\\/2019\\\/potosinos-a-favor-del-operativo-radar-para-reducir-accidentes-viales\\\/\"]}]},{\"@type\":\"ImageObject\",\"inLanguage\":\"es\",\"@id\":\"https:\\\/\\\/canal7slp.tv\\\/2019\\\/potosinos-a-favor-del-operativo-radar-para-reducir-accidentes-viales\\\/#primaryimage\",\"url\":\"https:\\\/\\\/canal7slp.tv\\\/2019\\\/wp-content\\\/uploads\\\/2019\\\/11\\\/sondeoradar.png\",\"contentUrl\":\"https:\\\/\\\/canal7slp.tv\\\/2019\\\/wp-content\\\/uploads\\\/2019\\\/11\\\/sondeoradar.png\",\"width\":728,\"height\":410},{\"@type\":\"BreadcrumbList\",\"@id\":\"https:\\\/\\\/canal7slp.tv\\\/2019\\\/potosinos-a-favor-del-operativo-radar-para-reducir-accidentes-viales\\\/#breadcrumb\",\"itemListElement\":[{\"@type\":\"ListItem\",\"position\":1,\"name\":\"Home\",\"item\":\"https:\\\/\\\/canal7slp.tv\\\/2019\\\/\"},{\"@type\":\"ListItem\",\"position\":2,\"name\":\"Potosinos a favor del Operativo Radar para reducir accidentes viales.\"}]},{\"@type\":\"WebSite\",\"@id\":\"https:\\\/\\\/canal7slp.tv\\\/2019\\\/#website\",\"url\":\"https:\\\/\\\/canal7slp.tv\\\/2019\\\/\",\"name\":\"Canal 7 SLP - Somos TV\",\"description\":\"Somos un Canal de 10\",\"publisher\":{\"@id\":\"https:\\\/\\\/canal7slp.tv\\\/2019\\\/#organization\"},\"potentialAction\":[{\"@type\":\"SearchAction\",\"target\":{\"@type\":\"EntryPoint\",\"urlTemplate\":\"https:\\\/\\\/canal7slp.tv\\\/2019\\\/?s={search_term_string}\"},\"query-input\":{\"@type\":\"PropertyValueSpecification\",\"valueRequired\":true,\"valueName\":\"search_term_string\"}}],\"inLanguage\":\"es\"},{\"@type\":\"Organization\",\"@id\":\"https:\\\/\\\/canal7slp.tv\\\/2019\\\/#organization\",\"name\":\"Comunicaci\u00f3n 2000 S.A. de C.V.\",\"url\":\"https:\\\/\\\/canal7slp.tv\\\/2019\\\/\",\"logo\":{\"@type\":\"ImageObject\",\"inLanguage\":\"es\",\"@id\":\"https:\\\/\\\/canal7slp.tv\\\/2019\\\/#\\\/schema\\\/logo\\\/image\\\/\",\"url\":\"https:\\\/\\\/canal7slp.tv\\\/2019\\\/wp-content\\\/uploads\\\/2019\\\/07\\\/logo-c7.png\",\"contentUrl\":\"https:\\\/\\\/canal7slp.tv\\\/2019\\\/wp-content\\\/uploads\\\/2019\\\/07\\\/logo-c7.png\",\"width\":220,\"height\":60,\"caption\":\"Comunicaci\u00f3n 2000 S.A. de C.V.\"},\"image\":{\"@id\":\"https:\\\/\\\/canal7slp.tv\\\/2019\\\/#\\\/schema\\\/logo\\\/image\\\/\"},\"sameAs\":[\"https:\\\/\\\/www.facebook.com\\\/CANAL7SLP\\\/\",\"https:\\\/\\\/x.com\\\/canal7_slp\",\"https:\\\/\\\/www.instagram.com\\\/canal7_slp\",\"https:\\\/\\\/www.youtube.com\\\/user\\\/NOTICIEROSCANAL7SLP\\\/\"]},{\"@type\":\"Person\",\"@id\":\"https:\\\/\\\/canal7slp.tv\\\/2019\\\/#\\\/schema\\\/person\\\/11d941c1c6ca30ac0a46b95fa37aa2e3\",\"name\":\"edicionweb\",\"image\":{\"@type\":\"ImageObject\",\"inLanguage\":\"es\",\"@id\":\"https:\\\/\\\/secure.gravatar.com\\\/avatar\\\/eee448fc3f7164808013b816ba91ac7e43bbe82a70bebac296f8bc6f0addaa1a?s=96&d=mm&r=g\",\"url\":\"https:\\\/\\\/secure.gravatar.com\\\/avatar\\\/eee448fc3f7164808013b816ba91ac7e43bbe82a70bebac296f8bc6f0addaa1a?s=96&d=mm&r=g\",\"contentUrl\":\"https:\\\/\\\/secure.gravatar.com\\\/avatar\\\/eee448fc3f7164808013b816ba91ac7e43bbe82a70bebac296f8bc6f0addaa1a?s=96&d=mm&r=g\",\"caption\":\"edicionweb\"}}]}<\/script>\n<!-- \/ Yoast SEO plugin. -->","yoast_head_json":{"title":"Potosinos a favor del Operativo Radar para reducir accidentes viales. - Canal 7 SLP - 2019","robots":{"index":"index","follow":"follow","max-snippet":"max-snippet:-1","max-image-preview":"max-image-preview:large","max-video-preview":"max-video-preview:-1"},"canonical":"https:\/\/canal7slp.tv\/2019\/potosinos-a-favor-del-operativo-radar-para-reducir-accidentes-viales\/","og_locale":"es_ES","og_type":"article","og_title":"Potosinos a favor del Operativo Radar para reducir accidentes viales. - Canal 7 SLP - 2019","og_description":"SLP.- En d\u00edas pasados, la direcci\u00f3n de la Polic\u00eda Vial de la capital potosina inform\u00f3 que mantendr\u00e1 activo el Operativo Radar con fines meramente preventivos y no recaudatorios. Dicha medida tiene como objetivo el concientizar a la poblaci\u00f3n en general que manejar a altas velocidades por las calles de San Luis Potos\u00ed conlleva un riesgo [&hellip;]","og_url":"https:\/\/canal7slp.tv\/2019\/potosinos-a-favor-del-operativo-radar-para-reducir-accidentes-viales\/","og_site_name":"Canal 7 SLP - 2019","article_publisher":"https:\/\/www.facebook.com\/CANAL7SLP\/","article_published_time":"2019-11-28T22:48:05+00:00","og_image":[{"width":728,"height":410,"url":"https:\/\/canal7slp.tv\/2019\/wp-content\/uploads\/2019\/11\/sondeoradar.png","type":"image\/png"}],"author":"edicionweb","twitter_card":"summary_large_image","twitter_creator":"@canal7_slp","twitter_site":"@canal7_slp","twitter_misc":{"Escrito por":"edicionweb","Tiempo de lectura":"2 minutos"},"schema":{"@context":"https:\/\/schema.org","@graph":[{"@type":"Article","@id":"https:\/\/canal7slp.tv\/2019\/potosinos-a-favor-del-operativo-radar-para-reducir-accidentes-viales\/#article","isPartOf":{"@id":"https:\/\/canal7slp.tv\/2019\/potosinos-a-favor-del-operativo-radar-para-reducir-accidentes-viales\/"},"author":{"name":"edicionweb","@id":"https:\/\/canal7slp.tv\/2019\/#\/schema\/person\/11d941c1c6ca30ac0a46b95fa37aa2e3"},"headline":"Potosinos a favor del Operativo Radar para reducir accidentes viales.","datePublished":"2019-11-28T22:48:05+00:00","mainEntityOfPage":{"@id":"https:\/\/canal7slp.tv\/2019\/potosinos-a-favor-del-operativo-radar-para-reducir-accidentes-viales\/"},"wordCount":420,"commentCount":0,"publisher":{"@id":"https:\/\/canal7slp.tv\/2019\/#organization"},"image":{"@id":"https:\/\/canal7slp.tv\/2019\/potosinos-a-favor-del-operativo-radar-para-reducir-accidentes-viales\/#primaryimage"},"thumbnailUrl":"https:\/\/canal7slp.tv\/2019\/wp-content\/uploads\/2019\/11\/sondeoradar.png","articleSection":["DESTACADAS","LOCALES Y REGIONALES"],"inLanguage":"es","potentialAction":[{"@type":"CommentAction","name":"Comment","target":["https:\/\/canal7slp.tv\/2019\/potosinos-a-favor-del-operativo-radar-para-reducir-accidentes-viales\/#respond"]}]},{"@type":"WebPage","@id":"https:\/\/canal7slp.tv\/2019\/potosinos-a-favor-del-operativo-radar-para-reducir-accidentes-viales\/","url":"https:\/\/canal7slp.tv\/2019\/potosinos-a-favor-del-operativo-radar-para-reducir-accidentes-viales\/","name":"Potosinos a favor del Operativo Radar para reducir accidentes viales. - Canal 7 SLP - 2019","isPartOf":{"@id":"https:\/\/canal7slp.tv\/2019\/#website"},"primaryImageOfPage":{"@id":"https:\/\/canal7slp.tv\/2019\/potosinos-a-favor-del-operativo-radar-para-reducir-accidentes-viales\/#primaryimage"},"image":{"@id":"https:\/\/canal7slp.tv\/2019\/potosinos-a-favor-del-operativo-radar-para-reducir-accidentes-viales\/#primaryimage"},"thumbnailUrl":"https:\/\/canal7slp.tv\/2019\/wp-content\/uploads\/2019\/11\/sondeoradar.png","datePublished":"2019-11-28T22:48:05+00:00","breadcrumb":{"@id":"https:\/\/canal7slp.tv\/2019\/potosinos-a-favor-del-operativo-radar-para-reducir-accidentes-viales\/#breadcrumb"},"inLanguage":"es","potentialAction":[{"@type":"ReadAction","target":["https:\/\/canal7slp.tv\/2019\/potosinos-a-favor-del-operativo-radar-para-reducir-accidentes-viales\/"]}]},{"@type":"ImageObject","inLanguage":"es","@id":"https:\/\/canal7slp.tv\/2019\/potosinos-a-favor-del-operativo-radar-para-reducir-accidentes-viales\/#primaryimage","url":"https:\/\/canal7slp.tv\/2019\/wp-content\/uploads\/2019\/11\/sondeoradar.png","contentUrl":"https:\/\/canal7slp.tv\/2019\/wp-content\/uploads\/2019\/11\/sondeoradar.png","width":728,"height":410},{"@type":"BreadcrumbList","@id":"https:\/\/canal7slp.tv\/2019\/potosinos-a-favor-del-operativo-radar-para-reducir-accidentes-viales\/#breadcrumb","itemListElement":[{"@type":"ListItem","position":1,"name":"Home","item":"https:\/\/canal7slp.tv\/2019\/"},{"@type":"ListItem","position":2,"name":"Potosinos a favor del Operativo Radar para reducir accidentes viales."}]},{"@type":"WebSite","@id":"https:\/\/canal7slp.tv\/2019\/#website","url":"https:\/\/canal7slp.tv\/2019\/","name":"Canal 7 SLP - Somos TV","description":"Somos un Canal de 10","publisher":{"@id":"https:\/\/canal7slp.tv\/2019\/#organization"},"potentialAction":[{"@type":"SearchAction","target":{"@type":"EntryPoint","urlTemplate":"https:\/\/canal7slp.tv\/2019\/?s={search_term_string}"},"query-input":{"@type":"PropertyValueSpecification","valueRequired":true,"valueName":"search_term_string"}}],"inLanguage":"es"},{"@type":"Organization","@id":"https:\/\/canal7slp.tv\/2019\/#organization","name":"Comunicaci\u00f3n 2000 S.A. de C.V.","url":"https:\/\/canal7slp.tv\/2019\/","logo":{"@type":"ImageObject","inLanguage":"es","@id":"https:\/\/canal7slp.tv\/2019\/#\/schema\/logo\/image\/","url":"https:\/\/canal7slp.tv\/2019\/wp-content\/uploads\/2019\/07\/logo-c7.png","contentUrl":"https:\/\/canal7slp.tv\/2019\/wp-content\/uploads\/2019\/07\/logo-c7.png","width":220,"height":60,"caption":"Comunicaci\u00f3n 2000 S.A. de C.V."},"image":{"@id":"https:\/\/canal7slp.tv\/2019\/#\/schema\/logo\/image\/"},"sameAs":["https:\/\/www.facebook.com\/CANAL7SLP\/","https:\/\/x.com\/canal7_slp","https:\/\/www.instagram.com\/canal7_slp","https:\/\/www.youtube.com\/user\/NOTICIEROSCANAL7SLP\/"]},{"@type":"Person","@id":"https:\/\/canal7slp.tv\/2019\/#\/schema\/person\/11d941c1c6ca30ac0a46b95fa37aa2e3","name":"edicionweb","image":{"@type":"ImageObject","inLanguage":"es","@id":"https:\/\/secure.gravatar.com\/avatar\/eee448fc3f7164808013b816ba91ac7e43bbe82a70bebac296f8bc6f0addaa1a?s=96&d=mm&r=g","url":"https:\/\/secure.gravatar.com\/avatar\/eee448fc3f7164808013b816ba91ac7e43bbe82a70bebac296f8bc6f0addaa1a?s=96&d=mm&r=g","contentUrl":"https:\/\/secure.gravatar.com\/avatar\/eee448fc3f7164808013b816ba91ac7e43bbe82a70bebac296f8bc6f0addaa1a?s=96&d=mm&r=g","caption":"edicionweb"}}]}},"amp_enabled":true,"cmb2":{"video_ids_in_playlist":{"vid_p_videos":""},"video_ids_in_channel":{"vid_c_videos":""},"playlist_ids_in_channel":{"vid_c_playlists":""},"series_ids_in_channel":{"vid_c_series":""},"channel_images":{"vid_c_logo":"","vid_c_banner":""},"poster_feature_image":{"vid_m_poster_image":""},"gif_feature_image":{"vid_m_gif_image":""},"video_movie_settings":{"vid_m_director":"","vid_m_actor":"","vid_m_imdb_ratings":"","vid_m_amazon_associates":""},"vid_youtube_broadcasts_settings":{"vid_yb_broadcast_title":"","vid_yb_q":"","vid_yb_channelid":"","vid_yb_videocategoryid":"","vid_yb_maxresults":"","vid_yb_order":"","vid_yb_regioncode":"","vid_yb_videosyndicated":"","vid_yb_style":"","vid_yb_reload_first":""},"video_series_settings":{"vid_m_director":"","vid_m_actor":"","vid_m_imdb_ratings":"","video_series_group":""},"amazon_associates_settings":{"amazon_associates":"","amazon_native_ad":""},"vid_youtube_automatic_settings":{"vid_ya_youtube_source":"","vid_ya_update_every":"","vid_ya_update_unit":"","vid_ya_categories":"","vid_ya_published_after":"","vid_ya_published_before":"","vid_ya_playlists":"","vid_ya_channels":"","vid_ya_director":"","vid_ya_actor":"","vid_ya_author":"","vid_ya_import_post_date":"","vid_ya_status":"","vid_ya_sub_api_key":""},"vid_ads_m_videoads_settings_post":{"vid_ads_m_video_ads":"","vid_ads_m_video_ads_type":"","vid_ads_m_group_google_ima":"","vid_ads_m_group_image":"","vid_ads_m_group_html5_video":"","vid_ads_m_group_html":"","vid_ads_m_vast_preroll":"","vid_ads_m_vast_postroll":"","vid_ads_m_vast_pauseroll":"","vid_ads_m_vast_midroll":[{"vid_ads_m_vast_timer_seconds":"50"}],"vid_ads_m_time_to_show_ads":"","vid_ads_m_time_skip_ads":"","vid_ads_m_time_to_hide_ads":""},"page_slider_settings":{"display_slider_group":"","page_slider_group":""},"blog_page_settings":{"blog_page_title":"","blog_page_heading":"","blog_page_ic":"","blog_page_it":"","blog_page_ec":"","blog_page_ip":"","archive_loop_style":"","blog_image_ratio":"","blog_show_categories":"","blog_show_excerpt":"","blog_show_author":"","blog_show_date":"","blog_show_comment_count":"","blog_show_view_count":"","blog_show_like_count":"","blog_show_dislike_count":"","blog_items_per_page":"","blog_pag_type":""},"page_options":{"get_page_template":"","color_mode":"","main_layout":"","main_layout_full_with":"","main_logo":"","main_logo_retina":"","main_logo_mobile":"","main_logo_mobile_retina":"","sticky_logo":"","sticky_logo_retina":"","main_nav_layout":"","ajax_search":"","header_background":"","theme_sidebar":"","instagram_feed":"","instagram_feed_position":"","popular_videos":"","popular_videos_title_1":"","popular_videos_title_2":"","popular_videos_ic":"","popular_videos_it":"","theme_background":"","page_custom_css":""},"feature_image_settings":{"feature_image_position":""},"video_player_settings":{"single_video_style":"","video_player_position":"","vm_video_url":"https:\/\/youtu.be\/VMFqYnr1jy8","video_player_library":"","video_streaming":"","vm_media_sources":"","vid_auto_play":"","vm_video_shortcode":"","vid_p_sync_playlist":"","vid_c_sync_channel":"","get_post_format":"","multiple_links_structure":"default","multi_links_title":"","vm_video_multi_links":"","vm_duration":"","vid_social_locker":"off","vid_social_locker_id":"","vid_membership_action":"content-video","vm_video_trailer_url":"","vid_download_type":"free","vid_download_target":"download","vid_woo_product":"","vm_media_download":"","user_rating":"","user_rating_position":"","user_rating_mode":"","user_rating_multi_sets":""},"video_auto_fetch_settings":{"vm_video_fetch":"off"},"video_fake_views_likes":{"vm_fake_views":"","vm_fake_likes":"","vm_fake_dislikes":""},"gallery_settings":{"gallery_position":""},"quote_settings":{"quote_position":""},"post_options":{"main_layout":"","main_logo":"","main_logo_retina":"","main_logo_mobile":"","main_logo_mobile_retina":"","sticky_logo":"","sticky_logo_retina":"","main_nav_layout":"","header_background":"","theme_sidebar":"","single_post_comment_type":"","theme_background":""}},"_links":{"self":[{"href":"https:\/\/canal7slp.tv\/2019\/wp-json\/wp\/v2\/posts\/84972","targetHints":{"allow":["GET"]}}],"collection":[{"href":"https:\/\/canal7slp.tv\/2019\/wp-json\/wp\/v2\/posts"}],"about":[{"href":"https:\/\/canal7slp.tv\/2019\/wp-json\/wp\/v2\/types\/post"}],"author":[{"embeddable":true,"href":"https:\/\/canal7slp.tv\/2019\/wp-json\/wp\/v2\/users\/2"}],"replies":[{"embeddable":true,"href":"https:\/\/canal7slp.tv\/2019\/wp-json\/wp\/v2\/comments?post=84972"}],"version-history":[{"count":0,"href":"https:\/\/canal7slp.tv\/2019\/wp-json\/wp\/v2\/posts\/84972\/revisions"}],"wp:featuredmedia":[{"embeddable":true,"href":"https:\/\/canal7slp.tv\/2019\/wp-json\/wp\/v2\/media\/84973"}],"wp:attachment":[{"href":"https:\/\/canal7slp.tv\/2019\/wp-json\/wp\/v2\/media?parent=84972"}],"wp:term":[{"taxonomy":"category","embeddable":true,"href":"https:\/\/canal7slp.tv\/2019\/wp-json\/wp\/v2\/categories?post=84972"},{"taxonomy":"post_tag","embeddable":true,"href":"https:\/\/canal7slp.tv\/2019\/wp-json\/wp\/v2\/tags?post=84972"}],"curies":[{"name":"wp","href":"https:\/\/api.w.org\/{rel}","templated":true}]}}