{"id":8472,"date":"2019-06-06T18:40:31","date_gmt":"2019-06-06T23:40:31","guid":{"rendered":"https:\/\/canal7slp.tv\/2019\/?p=8472"},"modified":"2019-06-06T18:40:31","modified_gmt":"2019-06-06T23:40:31","slug":"la-semar-en-dos-acciones-distintas-libera-a-una-persona-que-se-encontraba-privada-de-su-libertad-y-detiene-a-tres-presuntos-infractores-de-la-ley-en-coatzacoalcos-veracruz","status":"publish","type":"post","link":"https:\/\/canal7slp.tv\/2019\/la-semar-en-dos-acciones-distintas-libera-a-una-persona-que-se-encontraba-privada-de-su-libertad-y-detiene-a-tres-presuntos-infractores-de-la-ley-en-coatzacoalcos-veracruz\/","title":{"rendered":"La SEMAR en dos acciones distintas libera a una persona que se encontraba privada de su libertad y detiene a tres presuntos infractores de la ley, en Coatzacoalcos, Veracruz"},"content":{"rendered":"<p style=\"text-align: justify\">Coatzacoalcos, Veracruz. &#8211; La Secretar\u00eda de Marina-Armada de M\u00e9xico, a trav\u00e9s de la Tercera Zona Naval con sede en Coatzacoalcos, Veracruz, informa que hoy en dos acciones diferentes Personal Naval en funciones de Polic\u00eda Naval y de apoyo a la Seguridad P\u00fablica, se logr\u00f3 la liberaci\u00f3n de una persona y se detuvo a tres presuntos infractores de la ley, asimismo asegur\u00f3 un arma corta y un veh\u00edculo.<\/p>\n<p style=\"text-align: justify\">La primera acci\u00f3n se efectu\u00f3 tras recibir una denuncia ciudadana e implementar un operativo de persuasi\u00f3n y disuasi\u00f3n del delito, donde elementos de la polic\u00eda naval durante un recorrido en las calles de la ciudad, avistaron un veh\u00edculo en movimiento, el cual era tripulado por tres sujetos.<\/p>\n<p style=\"text-align: justify\">Por lo anterior, el personal naval procedi\u00f3 a indicarles detuvieran la marcha y descendieran de la unidad, al efectuar una inspecci\u00f3n menor de car\u00e1cter preventivo, se encontr\u00f3 en su interior un arma corta, por lo que se les ley\u00f3 la cartilla de derechos que asisten a las personas en detenci\u00f3n por actos presumiblemente contrarios a derecho. Resultado de esta acci\u00f3n se detuvo a tres presuntos infractores de la ley.<\/p>\n<p>&nbsp;<\/p>\n<p><img fetchpriority=\"high\" decoding=\"async\" class=\"alignnone size-medium wp-image-8473\" src=\"https:\/\/canal7slp.tv\/2019\/wp-content\/uploads\/2019\/06\/detenido1-225x300.jpg\" alt=\"\" width=\"225\" height=\"300\" srcset=\"https:\/\/canal7slp.tv\/2019\/wp-content\/uploads\/2019\/06\/detenido1-225x300.jpg 225w, https:\/\/canal7slp.tv\/2019\/wp-content\/uploads\/2019\/06\/detenido1.jpg 675w\" sizes=\"(max-width: 225px) 100vw, 225px\" \/><img decoding=\"async\" class=\"alignnone size-medium wp-image-8474\" src=\"https:\/\/canal7slp.tv\/2019\/wp-content\/uploads\/2019\/06\/detenido2-225x300.jpg\" alt=\"\" width=\"225\" height=\"300\" srcset=\"https:\/\/canal7slp.tv\/2019\/wp-content\/uploads\/2019\/06\/detenido2-225x300.jpg 225w, https:\/\/canal7slp.tv\/2019\/wp-content\/uploads\/2019\/06\/detenido2.jpg 675w\" sizes=\"(max-width: 225px) 100vw, 225px\" \/><img decoding=\"async\" class=\"alignnone size-medium wp-image-8475\" src=\"https:\/\/canal7slp.tv\/2019\/wp-content\/uploads\/2019\/06\/detenido3-225x300.jpg\" alt=\"\" width=\"225\" height=\"300\" srcset=\"https:\/\/canal7slp.tv\/2019\/wp-content\/uploads\/2019\/06\/detenido3-225x300.jpg 225w, https:\/\/canal7slp.tv\/2019\/wp-content\/uploads\/2019\/06\/detenido3.jpg 675w\" sizes=\"(max-width: 225px) 100vw, 225px\" \/><\/p>\n<p>&nbsp;<\/p>\n<p style=\"text-align: justify\">En una segunda acci\u00f3n de apoyo a la Seguridad P\u00fablica y derivado de trabajos de inteligencia y una denuncia ciudadana se logr\u00f3 la ubicaci\u00f3n y liberaci\u00f3n de una persona, quien fue v\u00edctima de un secuestro virtual en este municipio.<\/p>\n<p style=\"text-align: justify\">Para la ubicaci\u00f3n de la v\u00edctima se efectuaron recorridos de persuasi\u00f3n y disuasi\u00f3n urbana en inmediaciones de la colonia Nacozari, donde se localiz\u00f3 en el interior de un inmueble a una persona del sexo masculino privado de su libertad, siendo liberado y posteriormente trasladado a instalaciones de la Polic\u00eda Naval para hacer los tr\u00e1mites correspondientes.<\/p>\n<p>&nbsp;<\/p>\n<p><img loading=\"lazy\" decoding=\"async\" class=\"alignnone size-medium wp-image-8476\" src=\"https:\/\/canal7slp.tv\/2019\/wp-content\/uploads\/2019\/06\/rescate1-300x175.jpg\" alt=\"\" width=\"300\" height=\"175\" srcset=\"https:\/\/canal7slp.tv\/2019\/wp-content\/uploads\/2019\/06\/rescate1-300x175.jpg 300w, https:\/\/canal7slp.tv\/2019\/wp-content\/uploads\/2019\/06\/rescate1-768x449.jpg 768w, https:\/\/canal7slp.tv\/2019\/wp-content\/uploads\/2019\/06\/rescate1.jpg 792w\" sizes=\"(max-width: 300px) 100vw, 300px\" \/><\/p>\n<p>&nbsp;<\/p>\n<p style=\"text-align: justify\">Los detenidos, armamento y veh\u00edculo asegurados fueron puestos a disposici\u00f3n de las autoridades competentes, para la integraci\u00f3n de la carpeta de investigaci\u00f3n correspondiente, a efecto de que se determine su situaci\u00f3n jur\u00eddica.<\/p>\n<p style=\"text-align: justify\">Con estas acciones, la Secretar\u00eda de Marina-Armada de M\u00e9xico coadyuva con la paz de la ciudadan\u00eda y refrenda su compromiso de combatir a la delincuencia con los recursos que le provee la Ley, siempre en estricto apego a los Derechos Humanos, as\u00ed como para garantizar un M\u00e9xico seguro.<\/p>\n","protected":false},"excerpt":{"rendered":"<p>Coatzacoalcos, Veracruz. &#8211; La Secretar\u00eda de Marina-Armada de M\u00e9xico, a trav\u00e9s de la Tercera Zona Naval con sede en Coatzacoalcos, Veracruz, informa que hoy en dos acciones diferentes Personal Naval en funciones de Polic\u00eda Naval y de apoyo a la Seguridad P\u00fablica, se logr\u00f3 la liberaci\u00f3n de una persona y se detuvo a tres presuntos [&hellip;]<\/p>\n","protected":false},"author":2,"featured_media":8477,"comment_status":"open","ping_status":"closed","sticky":false,"template":"","format":"standard","meta":{"footnotes":""},"categories":[29],"tags":[],"class_list":["post-8472","post","type-post","status-publish","format-standard","has-post-thumbnail","hentry","category-reporte7"],"yoast_head":"<!-- This site is optimized with the Yoast SEO plugin v27.4 - https:\/\/yoast.com\/product\/yoast-seo-wordpress\/ -->\n<title>La SEMAR en dos acciones distintas libera a una persona que se encontraba privada de su libertad y detiene a tres presuntos infractores de la ley, en Coatzacoalcos, Veracruz - Canal 7 SLP - 2019<\/title>\n<meta name=\"robots\" content=\"index, follow, max-snippet:-1, max-image-preview:large, max-video-preview:-1\" \/>\n<link rel=\"canonical\" href=\"https:\/\/canal7slp.tv\/2019\/la-semar-en-dos-acciones-distintas-libera-a-una-persona-que-se-encontraba-privada-de-su-libertad-y-detiene-a-tres-presuntos-infractores-de-la-ley-en-coatzacoalcos-veracruz\/\" \/>\n<meta property=\"og:locale\" content=\"es_ES\" \/>\n<meta property=\"og:type\" content=\"article\" \/>\n<meta property=\"og:title\" content=\"La SEMAR en dos acciones distintas libera a una persona que se encontraba privada de su libertad y detiene a tres presuntos infractores de la ley, en Coatzacoalcos, Veracruz - Canal 7 SLP - 2019\" \/>\n<meta property=\"og:description\" content=\"Coatzacoalcos, Veracruz. &#8211; La Secretar\u00eda de Marina-Armada de M\u00e9xico, a trav\u00e9s de la Tercera Zona Naval con sede en Coatzacoalcos, Veracruz, informa que hoy en dos acciones diferentes Personal Naval en funciones de Polic\u00eda Naval y de apoyo a la Seguridad P\u00fablica, se logr\u00f3 la liberaci\u00f3n de una persona y se detuvo a tres presuntos [&hellip;]\" \/>\n<meta property=\"og:url\" content=\"https:\/\/canal7slp.tv\/2019\/la-semar-en-dos-acciones-distintas-libera-a-una-persona-que-se-encontraba-privada-de-su-libertad-y-detiene-a-tres-presuntos-infractores-de-la-ley-en-coatzacoalcos-veracruz\/\" \/>\n<meta property=\"og:site_name\" content=\"Canal 7 SLP - 2019\" \/>\n<meta property=\"article:publisher\" content=\"https:\/\/www.facebook.com\/CANAL7SLP\/\" \/>\n<meta property=\"article:published_time\" content=\"2019-06-06T23:40:31+00:00\" \/>\n<meta property=\"og:image\" content=\"https:\/\/canal7slp.tv\/2019\/wp-content\/uploads\/2019\/06\/semar.jpg\" \/>\n\t<meta property=\"og:image:width\" content=\"900\" \/>\n\t<meta property=\"og:image:height\" content=\"450\" \/>\n\t<meta property=\"og:image:type\" content=\"image\/jpeg\" \/>\n<meta name=\"author\" content=\"edicionweb\" \/>\n<meta name=\"twitter:card\" content=\"summary_large_image\" \/>\n<meta name=\"twitter:creator\" content=\"@canal7_slp\" \/>\n<meta name=\"twitter:site\" content=\"@canal7_slp\" \/>\n<meta name=\"twitter:label1\" content=\"Escrito por\" \/>\n\t<meta name=\"twitter:data1\" content=\"edicionweb\" \/>\n\t<meta name=\"twitter:label2\" content=\"Tiempo de lectura\" \/>\n\t<meta name=\"twitter:data2\" content=\"2 minutos\" \/>\n<script type=\"application\/ld+json\" class=\"yoast-schema-graph\">{\"@context\":\"https:\\\/\\\/schema.org\",\"@graph\":[{\"@type\":\"Article\",\"@id\":\"https:\\\/\\\/canal7slp.tv\\\/2019\\\/la-semar-en-dos-acciones-distintas-libera-a-una-persona-que-se-encontraba-privada-de-su-libertad-y-detiene-a-tres-presuntos-infractores-de-la-ley-en-coatzacoalcos-veracruz\\\/#article\",\"isPartOf\":{\"@id\":\"https:\\\/\\\/canal7slp.tv\\\/2019\\\/la-semar-en-dos-acciones-distintas-libera-a-una-persona-que-se-encontraba-privada-de-su-libertad-y-detiene-a-tres-presuntos-infractores-de-la-ley-en-coatzacoalcos-veracruz\\\/\"},\"author\":{\"name\":\"edicionweb\",\"@id\":\"https:\\\/\\\/canal7slp.tv\\\/2019\\\/#\\\/schema\\\/person\\\/11d941c1c6ca30ac0a46b95fa37aa2e3\"},\"headline\":\"La SEMAR en dos acciones distintas libera a una persona que se encontraba privada de su libertad y detiene a tres presuntos infractores de la ley, en Coatzacoalcos, Veracruz\",\"datePublished\":\"2019-06-06T23:40:31+00:00\",\"mainEntityOfPage\":{\"@id\":\"https:\\\/\\\/canal7slp.tv\\\/2019\\\/la-semar-en-dos-acciones-distintas-libera-a-una-persona-que-se-encontraba-privada-de-su-libertad-y-detiene-a-tres-presuntos-infractores-de-la-ley-en-coatzacoalcos-veracruz\\\/\"},\"wordCount\":427,\"commentCount\":0,\"publisher\":{\"@id\":\"https:\\\/\\\/canal7slp.tv\\\/2019\\\/#organization\"},\"image\":{\"@id\":\"https:\\\/\\\/canal7slp.tv\\\/2019\\\/la-semar-en-dos-acciones-distintas-libera-a-una-persona-que-se-encontraba-privada-de-su-libertad-y-detiene-a-tres-presuntos-infractores-de-la-ley-en-coatzacoalcos-veracruz\\\/#primaryimage\"},\"thumbnailUrl\":\"https:\\\/\\\/canal7slp.tv\\\/2019\\\/wp-content\\\/uploads\\\/2019\\\/06\\\/semar.jpg\",\"articleSection\":[\"REPORTE 7\"],\"inLanguage\":\"es\",\"potentialAction\":[{\"@type\":\"CommentAction\",\"name\":\"Comment\",\"target\":[\"https:\\\/\\\/canal7slp.tv\\\/2019\\\/la-semar-en-dos-acciones-distintas-libera-a-una-persona-que-se-encontraba-privada-de-su-libertad-y-detiene-a-tres-presuntos-infractores-de-la-ley-en-coatzacoalcos-veracruz\\\/#respond\"]}]},{\"@type\":\"WebPage\",\"@id\":\"https:\\\/\\\/canal7slp.tv\\\/2019\\\/la-semar-en-dos-acciones-distintas-libera-a-una-persona-que-se-encontraba-privada-de-su-libertad-y-detiene-a-tres-presuntos-infractores-de-la-ley-en-coatzacoalcos-veracruz\\\/\",\"url\":\"https:\\\/\\\/canal7slp.tv\\\/2019\\\/la-semar-en-dos-acciones-distintas-libera-a-una-persona-que-se-encontraba-privada-de-su-libertad-y-detiene-a-tres-presuntos-infractores-de-la-ley-en-coatzacoalcos-veracruz\\\/\",\"name\":\"La SEMAR en dos acciones distintas libera a una persona que se encontraba privada de su libertad y detiene a tres presuntos infractores de la ley, en Coatzacoalcos, Veracruz - Canal 7 SLP - 2019\",\"isPartOf\":{\"@id\":\"https:\\\/\\\/canal7slp.tv\\\/2019\\\/#website\"},\"primaryImageOfPage\":{\"@id\":\"https:\\\/\\\/canal7slp.tv\\\/2019\\\/la-semar-en-dos-acciones-distintas-libera-a-una-persona-que-se-encontraba-privada-de-su-libertad-y-detiene-a-tres-presuntos-infractores-de-la-ley-en-coatzacoalcos-veracruz\\\/#primaryimage\"},\"image\":{\"@id\":\"https:\\\/\\\/canal7slp.tv\\\/2019\\\/la-semar-en-dos-acciones-distintas-libera-a-una-persona-que-se-encontraba-privada-de-su-libertad-y-detiene-a-tres-presuntos-infractores-de-la-ley-en-coatzacoalcos-veracruz\\\/#primaryimage\"},\"thumbnailUrl\":\"https:\\\/\\\/canal7slp.tv\\\/2019\\\/wp-content\\\/uploads\\\/2019\\\/06\\\/semar.jpg\",\"datePublished\":\"2019-06-06T23:40:31+00:00\",\"breadcrumb\":{\"@id\":\"https:\\\/\\\/canal7slp.tv\\\/2019\\\/la-semar-en-dos-acciones-distintas-libera-a-una-persona-que-se-encontraba-privada-de-su-libertad-y-detiene-a-tres-presuntos-infractores-de-la-ley-en-coatzacoalcos-veracruz\\\/#breadcrumb\"},\"inLanguage\":\"es\",\"potentialAction\":[{\"@type\":\"ReadAction\",\"target\":[\"https:\\\/\\\/canal7slp.tv\\\/2019\\\/la-semar-en-dos-acciones-distintas-libera-a-una-persona-que-se-encontraba-privada-de-su-libertad-y-detiene-a-tres-presuntos-infractores-de-la-ley-en-coatzacoalcos-veracruz\\\/\"]}]},{\"@type\":\"ImageObject\",\"inLanguage\":\"es\",\"@id\":\"https:\\\/\\\/canal7slp.tv\\\/2019\\\/la-semar-en-dos-acciones-distintas-libera-a-una-persona-que-se-encontraba-privada-de-su-libertad-y-detiene-a-tres-presuntos-infractores-de-la-ley-en-coatzacoalcos-veracruz\\\/#primaryimage\",\"url\":\"https:\\\/\\\/canal7slp.tv\\\/2019\\\/wp-content\\\/uploads\\\/2019\\\/06\\\/semar.jpg\",\"contentUrl\":\"https:\\\/\\\/canal7slp.tv\\\/2019\\\/wp-content\\\/uploads\\\/2019\\\/06\\\/semar.jpg\",\"width\":900,\"height\":450},{\"@type\":\"BreadcrumbList\",\"@id\":\"https:\\\/\\\/canal7slp.tv\\\/2019\\\/la-semar-en-dos-acciones-distintas-libera-a-una-persona-que-se-encontraba-privada-de-su-libertad-y-detiene-a-tres-presuntos-infractores-de-la-ley-en-coatzacoalcos-veracruz\\\/#breadcrumb\",\"itemListElement\":[{\"@type\":\"ListItem\",\"position\":1,\"name\":\"Home\",\"item\":\"https:\\\/\\\/canal7slp.tv\\\/2019\\\/\"},{\"@type\":\"ListItem\",\"position\":2,\"name\":\"La SEMAR en dos acciones distintas libera a una persona que se encontraba privada de su libertad y detiene a tres presuntos infractores de la ley, en Coatzacoalcos, Veracruz\"}]},{\"@type\":\"WebSite\",\"@id\":\"https:\\\/\\\/canal7slp.tv\\\/2019\\\/#website\",\"url\":\"https:\\\/\\\/canal7slp.tv\\\/2019\\\/\",\"name\":\"Canal 7 SLP - Somos TV\",\"description\":\"Somos un Canal de 10\",\"publisher\":{\"@id\":\"https:\\\/\\\/canal7slp.tv\\\/2019\\\/#organization\"},\"potentialAction\":[{\"@type\":\"SearchAction\",\"target\":{\"@type\":\"EntryPoint\",\"urlTemplate\":\"https:\\\/\\\/canal7slp.tv\\\/2019\\\/?s={search_term_string}\"},\"query-input\":{\"@type\":\"PropertyValueSpecification\",\"valueRequired\":true,\"valueName\":\"search_term_string\"}}],\"inLanguage\":\"es\"},{\"@type\":\"Organization\",\"@id\":\"https:\\\/\\\/canal7slp.tv\\\/2019\\\/#organization\",\"name\":\"Comunicaci\u00f3n 2000 S.A. de C.V.\",\"url\":\"https:\\\/\\\/canal7slp.tv\\\/2019\\\/\",\"logo\":{\"@type\":\"ImageObject\",\"inLanguage\":\"es\",\"@id\":\"https:\\\/\\\/canal7slp.tv\\\/2019\\\/#\\\/schema\\\/logo\\\/image\\\/\",\"url\":\"https:\\\/\\\/canal7slp.tv\\\/2019\\\/wp-content\\\/uploads\\\/2019\\\/07\\\/logo-c7.png\",\"contentUrl\":\"https:\\\/\\\/canal7slp.tv\\\/2019\\\/wp-content\\\/uploads\\\/2019\\\/07\\\/logo-c7.png\",\"width\":220,\"height\":60,\"caption\":\"Comunicaci\u00f3n 2000 S.A. de C.V.\"},\"image\":{\"@id\":\"https:\\\/\\\/canal7slp.tv\\\/2019\\\/#\\\/schema\\\/logo\\\/image\\\/\"},\"sameAs\":[\"https:\\\/\\\/www.facebook.com\\\/CANAL7SLP\\\/\",\"https:\\\/\\\/x.com\\\/canal7_slp\",\"https:\\\/\\\/www.instagram.com\\\/canal7_slp\",\"https:\\\/\\\/www.youtube.com\\\/user\\\/NOTICIEROSCANAL7SLP\\\/\"]},{\"@type\":\"Person\",\"@id\":\"https:\\\/\\\/canal7slp.tv\\\/2019\\\/#\\\/schema\\\/person\\\/11d941c1c6ca30ac0a46b95fa37aa2e3\",\"name\":\"edicionweb\",\"image\":{\"@type\":\"ImageObject\",\"inLanguage\":\"es\",\"@id\":\"https:\\\/\\\/secure.gravatar.com\\\/avatar\\\/eee448fc3f7164808013b816ba91ac7e43bbe82a70bebac296f8bc6f0addaa1a?s=96&d=mm&r=g\",\"url\":\"https:\\\/\\\/secure.gravatar.com\\\/avatar\\\/eee448fc3f7164808013b816ba91ac7e43bbe82a70bebac296f8bc6f0addaa1a?s=96&d=mm&r=g\",\"contentUrl\":\"https:\\\/\\\/secure.gravatar.com\\\/avatar\\\/eee448fc3f7164808013b816ba91ac7e43bbe82a70bebac296f8bc6f0addaa1a?s=96&d=mm&r=g\",\"caption\":\"edicionweb\"}}]}<\/script>\n<!-- \/ Yoast SEO plugin. -->","yoast_head_json":{"title":"La SEMAR en dos acciones distintas libera a una persona que se encontraba privada de su libertad y detiene a tres presuntos infractores de la ley, en Coatzacoalcos, Veracruz - Canal 7 SLP - 2019","robots":{"index":"index","follow":"follow","max-snippet":"max-snippet:-1","max-image-preview":"max-image-preview:large","max-video-preview":"max-video-preview:-1"},"canonical":"https:\/\/canal7slp.tv\/2019\/la-semar-en-dos-acciones-distintas-libera-a-una-persona-que-se-encontraba-privada-de-su-libertad-y-detiene-a-tres-presuntos-infractores-de-la-ley-en-coatzacoalcos-veracruz\/","og_locale":"es_ES","og_type":"article","og_title":"La SEMAR en dos acciones distintas libera a una persona que se encontraba privada de su libertad y detiene a tres presuntos infractores de la ley, en Coatzacoalcos, Veracruz - Canal 7 SLP - 2019","og_description":"Coatzacoalcos, Veracruz. &#8211; La Secretar\u00eda de Marina-Armada de M\u00e9xico, a trav\u00e9s de la Tercera Zona Naval con sede en Coatzacoalcos, Veracruz, informa que hoy en dos acciones diferentes Personal Naval en funciones de Polic\u00eda Naval y de apoyo a la Seguridad P\u00fablica, se logr\u00f3 la liberaci\u00f3n de una persona y se detuvo a tres presuntos [&hellip;]","og_url":"https:\/\/canal7slp.tv\/2019\/la-semar-en-dos-acciones-distintas-libera-a-una-persona-que-se-encontraba-privada-de-su-libertad-y-detiene-a-tres-presuntos-infractores-de-la-ley-en-coatzacoalcos-veracruz\/","og_site_name":"Canal 7 SLP - 2019","article_publisher":"https:\/\/www.facebook.com\/CANAL7SLP\/","article_published_time":"2019-06-06T23:40:31+00:00","og_image":[{"width":900,"height":450,"url":"https:\/\/canal7slp.tv\/2019\/wp-content\/uploads\/2019\/06\/semar.jpg","type":"image\/jpeg"}],"author":"edicionweb","twitter_card":"summary_large_image","twitter_creator":"@canal7_slp","twitter_site":"@canal7_slp","twitter_misc":{"Escrito por":"edicionweb","Tiempo de lectura":"2 minutos"},"schema":{"@context":"https:\/\/schema.org","@graph":[{"@type":"Article","@id":"https:\/\/canal7slp.tv\/2019\/la-semar-en-dos-acciones-distintas-libera-a-una-persona-que-se-encontraba-privada-de-su-libertad-y-detiene-a-tres-presuntos-infractores-de-la-ley-en-coatzacoalcos-veracruz\/#article","isPartOf":{"@id":"https:\/\/canal7slp.tv\/2019\/la-semar-en-dos-acciones-distintas-libera-a-una-persona-que-se-encontraba-privada-de-su-libertad-y-detiene-a-tres-presuntos-infractores-de-la-ley-en-coatzacoalcos-veracruz\/"},"author":{"name":"edicionweb","@id":"https:\/\/canal7slp.tv\/2019\/#\/schema\/person\/11d941c1c6ca30ac0a46b95fa37aa2e3"},"headline":"La SEMAR en dos acciones distintas libera a una persona que se encontraba privada de su libertad y detiene a tres presuntos infractores de la ley, en Coatzacoalcos, Veracruz","datePublished":"2019-06-06T23:40:31+00:00","mainEntityOfPage":{"@id":"https:\/\/canal7slp.tv\/2019\/la-semar-en-dos-acciones-distintas-libera-a-una-persona-que-se-encontraba-privada-de-su-libertad-y-detiene-a-tres-presuntos-infractores-de-la-ley-en-coatzacoalcos-veracruz\/"},"wordCount":427,"commentCount":0,"publisher":{"@id":"https:\/\/canal7slp.tv\/2019\/#organization"},"image":{"@id":"https:\/\/canal7slp.tv\/2019\/la-semar-en-dos-acciones-distintas-libera-a-una-persona-que-se-encontraba-privada-de-su-libertad-y-detiene-a-tres-presuntos-infractores-de-la-ley-en-coatzacoalcos-veracruz\/#primaryimage"},"thumbnailUrl":"https:\/\/canal7slp.tv\/2019\/wp-content\/uploads\/2019\/06\/semar.jpg","articleSection":["REPORTE 7"],"inLanguage":"es","potentialAction":[{"@type":"CommentAction","name":"Comment","target":["https:\/\/canal7slp.tv\/2019\/la-semar-en-dos-acciones-distintas-libera-a-una-persona-que-se-encontraba-privada-de-su-libertad-y-detiene-a-tres-presuntos-infractores-de-la-ley-en-coatzacoalcos-veracruz\/#respond"]}]},{"@type":"WebPage","@id":"https:\/\/canal7slp.tv\/2019\/la-semar-en-dos-acciones-distintas-libera-a-una-persona-que-se-encontraba-privada-de-su-libertad-y-detiene-a-tres-presuntos-infractores-de-la-ley-en-coatzacoalcos-veracruz\/","url":"https:\/\/canal7slp.tv\/2019\/la-semar-en-dos-acciones-distintas-libera-a-una-persona-que-se-encontraba-privada-de-su-libertad-y-detiene-a-tres-presuntos-infractores-de-la-ley-en-coatzacoalcos-veracruz\/","name":"La SEMAR en dos acciones distintas libera a una persona que se encontraba privada de su libertad y detiene a tres presuntos infractores de la ley, en Coatzacoalcos, Veracruz - Canal 7 SLP - 2019","isPartOf":{"@id":"https:\/\/canal7slp.tv\/2019\/#website"},"primaryImageOfPage":{"@id":"https:\/\/canal7slp.tv\/2019\/la-semar-en-dos-acciones-distintas-libera-a-una-persona-que-se-encontraba-privada-de-su-libertad-y-detiene-a-tres-presuntos-infractores-de-la-ley-en-coatzacoalcos-veracruz\/#primaryimage"},"image":{"@id":"https:\/\/canal7slp.tv\/2019\/la-semar-en-dos-acciones-distintas-libera-a-una-persona-que-se-encontraba-privada-de-su-libertad-y-detiene-a-tres-presuntos-infractores-de-la-ley-en-coatzacoalcos-veracruz\/#primaryimage"},"thumbnailUrl":"https:\/\/canal7slp.tv\/2019\/wp-content\/uploads\/2019\/06\/semar.jpg","datePublished":"2019-06-06T23:40:31+00:00","breadcrumb":{"@id":"https:\/\/canal7slp.tv\/2019\/la-semar-en-dos-acciones-distintas-libera-a-una-persona-que-se-encontraba-privada-de-su-libertad-y-detiene-a-tres-presuntos-infractores-de-la-ley-en-coatzacoalcos-veracruz\/#breadcrumb"},"inLanguage":"es","potentialAction":[{"@type":"ReadAction","target":["https:\/\/canal7slp.tv\/2019\/la-semar-en-dos-acciones-distintas-libera-a-una-persona-que-se-encontraba-privada-de-su-libertad-y-detiene-a-tres-presuntos-infractores-de-la-ley-en-coatzacoalcos-veracruz\/"]}]},{"@type":"ImageObject","inLanguage":"es","@id":"https:\/\/canal7slp.tv\/2019\/la-semar-en-dos-acciones-distintas-libera-a-una-persona-que-se-encontraba-privada-de-su-libertad-y-detiene-a-tres-presuntos-infractores-de-la-ley-en-coatzacoalcos-veracruz\/#primaryimage","url":"https:\/\/canal7slp.tv\/2019\/wp-content\/uploads\/2019\/06\/semar.jpg","contentUrl":"https:\/\/canal7slp.tv\/2019\/wp-content\/uploads\/2019\/06\/semar.jpg","width":900,"height":450},{"@type":"BreadcrumbList","@id":"https:\/\/canal7slp.tv\/2019\/la-semar-en-dos-acciones-distintas-libera-a-una-persona-que-se-encontraba-privada-de-su-libertad-y-detiene-a-tres-presuntos-infractores-de-la-ley-en-coatzacoalcos-veracruz\/#breadcrumb","itemListElement":[{"@type":"ListItem","position":1,"name":"Home","item":"https:\/\/canal7slp.tv\/2019\/"},{"@type":"ListItem","position":2,"name":"La SEMAR en dos acciones distintas libera a una persona que se encontraba privada de su libertad y detiene a tres presuntos infractores de la ley, en Coatzacoalcos, Veracruz"}]},{"@type":"WebSite","@id":"https:\/\/canal7slp.tv\/2019\/#website","url":"https:\/\/canal7slp.tv\/2019\/","name":"Canal 7 SLP - Somos TV","description":"Somos un Canal de 10","publisher":{"@id":"https:\/\/canal7slp.tv\/2019\/#organization"},"potentialAction":[{"@type":"SearchAction","target":{"@type":"EntryPoint","urlTemplate":"https:\/\/canal7slp.tv\/2019\/?s={search_term_string}"},"query-input":{"@type":"PropertyValueSpecification","valueRequired":true,"valueName":"search_term_string"}}],"inLanguage":"es"},{"@type":"Organization","@id":"https:\/\/canal7slp.tv\/2019\/#organization","name":"Comunicaci\u00f3n 2000 S.A. de C.V.","url":"https:\/\/canal7slp.tv\/2019\/","logo":{"@type":"ImageObject","inLanguage":"es","@id":"https:\/\/canal7slp.tv\/2019\/#\/schema\/logo\/image\/","url":"https:\/\/canal7slp.tv\/2019\/wp-content\/uploads\/2019\/07\/logo-c7.png","contentUrl":"https:\/\/canal7slp.tv\/2019\/wp-content\/uploads\/2019\/07\/logo-c7.png","width":220,"height":60,"caption":"Comunicaci\u00f3n 2000 S.A. de C.V."},"image":{"@id":"https:\/\/canal7slp.tv\/2019\/#\/schema\/logo\/image\/"},"sameAs":["https:\/\/www.facebook.com\/CANAL7SLP\/","https:\/\/x.com\/canal7_slp","https:\/\/www.instagram.com\/canal7_slp","https:\/\/www.youtube.com\/user\/NOTICIEROSCANAL7SLP\/"]},{"@type":"Person","@id":"https:\/\/canal7slp.tv\/2019\/#\/schema\/person\/11d941c1c6ca30ac0a46b95fa37aa2e3","name":"edicionweb","image":{"@type":"ImageObject","inLanguage":"es","@id":"https:\/\/secure.gravatar.com\/avatar\/eee448fc3f7164808013b816ba91ac7e43bbe82a70bebac296f8bc6f0addaa1a?s=96&d=mm&r=g","url":"https:\/\/secure.gravatar.com\/avatar\/eee448fc3f7164808013b816ba91ac7e43bbe82a70bebac296f8bc6f0addaa1a?s=96&d=mm&r=g","contentUrl":"https:\/\/secure.gravatar.com\/avatar\/eee448fc3f7164808013b816ba91ac7e43bbe82a70bebac296f8bc6f0addaa1a?s=96&d=mm&r=g","caption":"edicionweb"}}]}},"amp_enabled":true,"cmb2":{"video_ids_in_playlist":{"vid_p_videos":""},"video_ids_in_channel":{"vid_c_videos":""},"playlist_ids_in_channel":{"vid_c_playlists":""},"series_ids_in_channel":{"vid_c_series":""},"channel_images":{"vid_c_logo":"","vid_c_banner":""},"poster_feature_image":{"vid_m_poster_image":""},"gif_feature_image":{"vid_m_gif_image":""},"video_movie_settings":{"vid_m_director":"","vid_m_actor":"","vid_m_imdb_ratings":"","vid_m_amazon_associates":""},"vid_youtube_broadcasts_settings":{"vid_yb_broadcast_title":"","vid_yb_q":"","vid_yb_channelid":"","vid_yb_videocategoryid":"","vid_yb_maxresults":"","vid_yb_order":"","vid_yb_regioncode":"","vid_yb_videosyndicated":"","vid_yb_style":"","vid_yb_reload_first":""},"video_series_settings":{"vid_m_director":"","vid_m_actor":"","vid_m_imdb_ratings":"","video_series_group":""},"amazon_associates_settings":{"amazon_associates":"","amazon_native_ad":""},"vid_youtube_automatic_settings":{"vid_ya_youtube_source":"","vid_ya_update_every":"","vid_ya_update_unit":"","vid_ya_categories":"","vid_ya_published_after":"","vid_ya_published_before":"","vid_ya_playlists":"","vid_ya_channels":"","vid_ya_director":"","vid_ya_actor":"","vid_ya_author":"","vid_ya_import_post_date":"","vid_ya_status":"","vid_ya_sub_api_key":""},"vid_ads_m_videoads_settings_post":{"vid_ads_m_video_ads":"","vid_ads_m_video_ads_type":"","vid_ads_m_group_google_ima":"","vid_ads_m_group_image":"","vid_ads_m_group_html5_video":"","vid_ads_m_group_html":"","vid_ads_m_vast_preroll":"","vid_ads_m_vast_postroll":"","vid_ads_m_vast_pauseroll":"","vid_ads_m_vast_midroll":[{"vid_ads_m_vast_timer_seconds":"50"}],"vid_ads_m_time_to_show_ads":"","vid_ads_m_time_skip_ads":"","vid_ads_m_time_to_hide_ads":""},"page_slider_settings":{"display_slider_group":"","page_slider_group":""},"blog_page_settings":{"blog_page_title":"","blog_page_heading":"","blog_page_ic":"","blog_page_it":"","blog_page_ec":"","blog_page_ip":"","archive_loop_style":"","blog_image_ratio":"","blog_show_categories":"","blog_show_excerpt":"","blog_show_author":"","blog_show_date":"","blog_show_comment_count":"","blog_show_view_count":"","blog_show_like_count":"","blog_show_dislike_count":"","blog_items_per_page":"","blog_pag_type":""},"page_options":{"get_page_template":"","color_mode":"","main_layout":"","main_layout_full_with":"","main_logo":"","main_logo_retina":"","main_logo_mobile":"","main_logo_mobile_retina":"","sticky_logo":"","sticky_logo_retina":"","main_nav_layout":"","ajax_search":"","header_background":"","theme_sidebar":"","instagram_feed":"","instagram_feed_position":"","popular_videos":"","popular_videos_title_1":"","popular_videos_title_2":"","popular_videos_ic":"","popular_videos_it":"","theme_background":"","page_custom_css":""},"feature_image_settings":{"feature_image_position":""},"video_player_settings":{"single_video_style":"","video_player_position":"","vm_video_url":"","video_player_library":"","video_streaming":"","vm_media_sources":"","vid_auto_play":"","vm_video_shortcode":"","vid_p_sync_playlist":"","vid_c_sync_channel":"","get_post_format":"","multiple_links_structure":"default","multi_links_title":"","vm_video_multi_links":"","vm_duration":"","vid_social_locker":"off","vid_social_locker_id":"","vid_membership_action":"content-video","vm_video_trailer_url":"","vid_download_type":"free","vid_download_target":"download","vid_woo_product":"","vm_media_download":"","user_rating":"","user_rating_position":"","user_rating_mode":"","user_rating_multi_sets":""},"video_auto_fetch_settings":{"vm_video_fetch":"on"},"video_fake_views_likes":{"vm_fake_views":"","vm_fake_likes":"","vm_fake_dislikes":""},"gallery_settings":{"gallery_position":""},"quote_settings":{"quote_position":""},"post_options":{"main_layout":"","main_logo":"","main_logo_retina":"","main_logo_mobile":"","main_logo_mobile_retina":"","sticky_logo":"","sticky_logo_retina":"","main_nav_layout":"","header_background":"","theme_sidebar":"","single_post_comment_type":"","theme_background":""}},"_links":{"self":[{"href":"https:\/\/canal7slp.tv\/2019\/wp-json\/wp\/v2\/posts\/8472","targetHints":{"allow":["GET"]}}],"collection":[{"href":"https:\/\/canal7slp.tv\/2019\/wp-json\/wp\/v2\/posts"}],"about":[{"href":"https:\/\/canal7slp.tv\/2019\/wp-json\/wp\/v2\/types\/post"}],"author":[{"embeddable":true,"href":"https:\/\/canal7slp.tv\/2019\/wp-json\/wp\/v2\/users\/2"}],"replies":[{"embeddable":true,"href":"https:\/\/canal7slp.tv\/2019\/wp-json\/wp\/v2\/comments?post=8472"}],"version-history":[{"count":0,"href":"https:\/\/canal7slp.tv\/2019\/wp-json\/wp\/v2\/posts\/8472\/revisions"}],"wp:featuredmedia":[{"embeddable":true,"href":"https:\/\/canal7slp.tv\/2019\/wp-json\/wp\/v2\/media\/8477"}],"wp:attachment":[{"href":"https:\/\/canal7slp.tv\/2019\/wp-json\/wp\/v2\/media?parent=8472"}],"wp:term":[{"taxonomy":"category","embeddable":true,"href":"https:\/\/canal7slp.tv\/2019\/wp-json\/wp\/v2\/categories?post=8472"},{"taxonomy":"post_tag","embeddable":true,"href":"https:\/\/canal7slp.tv\/2019\/wp-json\/wp\/v2\/tags?post=8472"}],"curies":[{"name":"wp","href":"https:\/\/api.w.org\/{rel}","templated":true}]}}