{"id":8449,"date":"2019-06-06T18:44:33","date_gmt":"2019-06-06T23:44:33","guid":{"rendered":"https:\/\/canal7slp.tv\/2019\/?p=8449"},"modified":"2019-06-06T18:44:33","modified_gmt":"2019-06-06T23:44:33","slug":"resultados-del-operativo-temporada-de-lluvias-2019-jueves-6-de-junio","status":"publish","type":"post","link":"https:\/\/canal7slp.tv\/2019\/resultados-del-operativo-temporada-de-lluvias-2019-jueves-6-de-junio\/","title":{"rendered":"Resultados del operativo \u201cTemporada de Lluvias 2019\u201d, jueves 6 de junio"},"content":{"rendered":"<p style=\"text-align: justify\">SLP.- Al presentar un balance de la atenci\u00f3n extraordinaria que inici\u00f3 desde las 18 horas del mi\u00e9rcoles 5 de junio como parte del Operativo \u201cTemporada de Lluvias 2019\u201d, el Director de Protecci\u00f3n Civil Municipal, Adri\u00e1n \u00c1lvarez Botello dio a conocer que debido a la lluvia torrencial que se registr\u00f3 la ma\u00f1ana\u00a0 de este jueves en la ciudad, se dieron m\u00e1s de una treintena de servicios, se auxiliaron a cinco veh\u00edculos varados, se identificaron viviendas afectadas y se monitorea la falla geol\u00f3gica reportada en la comunidad de San Juanico.<\/p>\n<p style=\"text-align: justify\">Asimismo, se procedi\u00f3 a la revisi\u00f3n en m\u00e1s de 40 diferentes colonias que tuvieron mayor n\u00famero de complicaciones por las lluvias, donde ingres\u00f3 el agua a las casas, entre las que sobresalen: Tierra Blanca, Jacarandas, Pedroza, Juli\u00e1n Carrillo, Valle Dorado, Balcones del Valle, San Luis I, Los Silos, Las Mercedes, Los Molinos, Rancho Viejo, Progreso, Aguaje, Misi\u00f3n del Palmar y Prados de San Vicente.<\/p>\n<p style=\"text-align: justify\">Tambi\u00e9n se dieron atenciones en Milpillas, Torremolino, Manuel Jos\u00e9 Oth\u00f3n, Pedroza, El Cielo, Moderna, Insurgentes -zona de Escalerillas-, Fraccionamiento Del Real, Tangamanga, Las Julias, Terremoto, Valle del Tecnol\u00f3gico, Himno Nacional 1\u00aa y 2\u00aa secci\u00f3n, Graciano S\u00e1nchez, Paseo, Nuevo Paseo, Alamitos, Ricardo B. Anaya, Nuevo Progreso, Jaime Torres Bodet, San Miguelito, San Sebasti\u00e1n, Flores del Aguaje, la calle X\u00f3chitl, zona centro, as\u00ed como en los fraccionamientos Esperanza, El Marqu\u00e9s y San Miguel.<\/p>\n<p style=\"text-align: justify\">Igualmente, se comenzaron con trabajos con maquinaria en el R\u00edo Paisanos, en la colindancia con la colonia Molinos del Rey, para reencauzar las aguas; se atendi\u00f3 inundaci\u00f3n al interior de la Cl\u00ednica 2 del IMSS; se movilizaron a puntos estrat\u00e9gicos bombas para desfogue de agua en Puente PEMEX; en la delegaci\u00f3n Villa de Pozos, en Los Silos se tuvo un desperfecto el\u00e9ctrico que se subsan\u00f3 a la brevedad por personal de la Direcci\u00f3n y se recibi\u00f3 el apoyo de CFE, para evitar una falla similar en el corto plazo.<\/p>\n<p style=\"text-align: justify\">Tambi\u00e9n, se desazolvaron en diversos puntos de la ciudad colectores pluviales y alcantarillado, con el apoyo del INTERAPAS y de CONAGUA, en los puntos del Puente Manuel Jos\u00e9 Oth\u00f3n; los c\u00e1rcamos de\u00a0 Los Silos; en la colonia San Luis, calles 9\u00aa y 10\u00aa, as\u00ed como en las calles Guillermo Prieto y Las Recuas, y Cielo Claro.<\/p>\n<p style=\"text-align: justify\">\u00c1lvarez Botello tambi\u00e9n adelant\u00f3 que entre las acciones a implementar en las siguientes horas sobresalen, el monitoreo de las condiciones climatol\u00f3gicas, pero principalmente, de las zonas de riesgo, adem\u00e1s de redoblar las acciones preventivas y de limpieza por parte de la diversas dependencias municipales, y la coordinaci\u00f3n con el INTERAPAS y el Gobierno del Estado.<\/p>\n<p style=\"text-align: justify\">Finalmente, dio a conocer que se alcanz\u00f3 un acumulado de 43.6 mil\u00edmetros de agua, de acuerdo con el reporte del meteorol\u00f3gico de CONAGUA, de ah\u00ed que emiti\u00f3 las siguientes recomendaciones debido a que continuar\u00e1n las precipitaciones: Seguir las instrucciones de las autoridades a trav\u00e9s de sus sitios oficiales; alejarse de zonas de riesgo; respetar la se\u00f1al\u00e9tica de cierres viales y reportar a los n\u00fameros de emergencia de manera inmediata auxilios.<\/p>\n","protected":false},"excerpt":{"rendered":"<p>SLP.- Al presentar un balance de la atenci\u00f3n extraordinaria que inici\u00f3 desde las 18 horas del mi\u00e9rcoles 5 de junio como parte del Operativo \u201cTemporada de Lluvias 2019\u201d, el Director de Protecci\u00f3n Civil Municipal, Adri\u00e1n \u00c1lvarez Botello dio a conocer que debido a la lluvia torrencial que se registr\u00f3 la ma\u00f1ana\u00a0 de este jueves en [&hellip;]<\/p>\n","protected":false},"author":2,"featured_media":8480,"comment_status":"open","ping_status":"closed","sticky":false,"template":"","format":"standard","meta":{"footnotes":""},"categories":[17],"tags":[114],"class_list":["post-8449","post","type-post","status-publish","format-standard","has-post-thumbnail","hentry","category-localesyregionales","tag-ayuntamiento-slp"],"yoast_head":"<!-- This site is optimized with the Yoast SEO plugin v27.4 - https:\/\/yoast.com\/product\/yoast-seo-wordpress\/ -->\n<title>Resultados del operativo \u201cTemporada de Lluvias 2019\u201d, jueves 6 de junio - Canal 7 SLP - 2019<\/title>\n<meta name=\"robots\" content=\"index, follow, max-snippet:-1, max-image-preview:large, max-video-preview:-1\" \/>\n<link rel=\"canonical\" href=\"https:\/\/canal7slp.tv\/2019\/resultados-del-operativo-temporada-de-lluvias-2019-jueves-6-de-junio\/\" \/>\n<meta property=\"og:locale\" content=\"es_ES\" \/>\n<meta property=\"og:type\" content=\"article\" \/>\n<meta property=\"og:title\" content=\"Resultados del operativo \u201cTemporada de Lluvias 2019\u201d, jueves 6 de junio - Canal 7 SLP - 2019\" \/>\n<meta property=\"og:description\" content=\"SLP.- Al presentar un balance de la atenci\u00f3n extraordinaria que inici\u00f3 desde las 18 horas del mi\u00e9rcoles 5 de junio como parte del Operativo \u201cTemporada de Lluvias 2019\u201d, el Director de Protecci\u00f3n Civil Municipal, Adri\u00e1n \u00c1lvarez Botello dio a conocer que debido a la lluvia torrencial que se registr\u00f3 la ma\u00f1ana\u00a0 de este jueves en [&hellip;]\" \/>\n<meta property=\"og:url\" content=\"https:\/\/canal7slp.tv\/2019\/resultados-del-operativo-temporada-de-lluvias-2019-jueves-6-de-junio\/\" \/>\n<meta property=\"og:site_name\" content=\"Canal 7 SLP - 2019\" \/>\n<meta property=\"article:publisher\" content=\"https:\/\/www.facebook.com\/CANAL7SLP\/\" \/>\n<meta property=\"article:published_time\" content=\"2019-06-06T23:44:33+00:00\" \/>\n<meta property=\"og:image\" content=\"https:\/\/canal7slp.tv\/2019\/wp-content\/uploads\/2019\/06\/ayu1.jpg\" \/>\n\t<meta property=\"og:image:width\" content=\"768\" \/>\n\t<meta property=\"og:image:height\" content=\"479\" \/>\n\t<meta property=\"og:image:type\" content=\"image\/jpeg\" \/>\n<meta name=\"author\" content=\"edicionweb\" \/>\n<meta name=\"twitter:card\" content=\"summary_large_image\" \/>\n<meta name=\"twitter:creator\" content=\"@canal7_slp\" \/>\n<meta name=\"twitter:site\" content=\"@canal7_slp\" \/>\n<meta name=\"twitter:label1\" content=\"Escrito por\" \/>\n\t<meta name=\"twitter:data1\" content=\"edicionweb\" \/>\n\t<meta name=\"twitter:label2\" content=\"Tiempo de lectura\" \/>\n\t<meta name=\"twitter:data2\" content=\"3 minutos\" \/>\n<script type=\"application\/ld+json\" class=\"yoast-schema-graph\">{\"@context\":\"https:\\\/\\\/schema.org\",\"@graph\":[{\"@type\":\"Article\",\"@id\":\"https:\\\/\\\/canal7slp.tv\\\/2019\\\/resultados-del-operativo-temporada-de-lluvias-2019-jueves-6-de-junio\\\/#article\",\"isPartOf\":{\"@id\":\"https:\\\/\\\/canal7slp.tv\\\/2019\\\/resultados-del-operativo-temporada-de-lluvias-2019-jueves-6-de-junio\\\/\"},\"author\":{\"name\":\"edicionweb\",\"@id\":\"https:\\\/\\\/canal7slp.tv\\\/2019\\\/#\\\/schema\\\/person\\\/11d941c1c6ca30ac0a46b95fa37aa2e3\"},\"headline\":\"Resultados del operativo \u201cTemporada de Lluvias 2019\u201d, jueves 6 de junio\",\"datePublished\":\"2019-06-06T23:44:33+00:00\",\"mainEntityOfPage\":{\"@id\":\"https:\\\/\\\/canal7slp.tv\\\/2019\\\/resultados-del-operativo-temporada-de-lluvias-2019-jueves-6-de-junio\\\/\"},\"wordCount\":535,\"commentCount\":0,\"publisher\":{\"@id\":\"https:\\\/\\\/canal7slp.tv\\\/2019\\\/#organization\"},\"image\":{\"@id\":\"https:\\\/\\\/canal7slp.tv\\\/2019\\\/resultados-del-operativo-temporada-de-lluvias-2019-jueves-6-de-junio\\\/#primaryimage\"},\"thumbnailUrl\":\"https:\\\/\\\/canal7slp.tv\\\/2019\\\/wp-content\\\/uploads\\\/2019\\\/06\\\/ayu1.jpg\",\"keywords\":[\"Ayuntamiento SLP\"],\"articleSection\":[\"LOCALES Y REGIONALES\"],\"inLanguage\":\"es\",\"potentialAction\":[{\"@type\":\"CommentAction\",\"name\":\"Comment\",\"target\":[\"https:\\\/\\\/canal7slp.tv\\\/2019\\\/resultados-del-operativo-temporada-de-lluvias-2019-jueves-6-de-junio\\\/#respond\"]}]},{\"@type\":\"WebPage\",\"@id\":\"https:\\\/\\\/canal7slp.tv\\\/2019\\\/resultados-del-operativo-temporada-de-lluvias-2019-jueves-6-de-junio\\\/\",\"url\":\"https:\\\/\\\/canal7slp.tv\\\/2019\\\/resultados-del-operativo-temporada-de-lluvias-2019-jueves-6-de-junio\\\/\",\"name\":\"Resultados del operativo \u201cTemporada de Lluvias 2019\u201d, jueves 6 de junio - Canal 7 SLP - 2019\",\"isPartOf\":{\"@id\":\"https:\\\/\\\/canal7slp.tv\\\/2019\\\/#website\"},\"primaryImageOfPage\":{\"@id\":\"https:\\\/\\\/canal7slp.tv\\\/2019\\\/resultados-del-operativo-temporada-de-lluvias-2019-jueves-6-de-junio\\\/#primaryimage\"},\"image\":{\"@id\":\"https:\\\/\\\/canal7slp.tv\\\/2019\\\/resultados-del-operativo-temporada-de-lluvias-2019-jueves-6-de-junio\\\/#primaryimage\"},\"thumbnailUrl\":\"https:\\\/\\\/canal7slp.tv\\\/2019\\\/wp-content\\\/uploads\\\/2019\\\/06\\\/ayu1.jpg\",\"datePublished\":\"2019-06-06T23:44:33+00:00\",\"breadcrumb\":{\"@id\":\"https:\\\/\\\/canal7slp.tv\\\/2019\\\/resultados-del-operativo-temporada-de-lluvias-2019-jueves-6-de-junio\\\/#breadcrumb\"},\"inLanguage\":\"es\",\"potentialAction\":[{\"@type\":\"ReadAction\",\"target\":[\"https:\\\/\\\/canal7slp.tv\\\/2019\\\/resultados-del-operativo-temporada-de-lluvias-2019-jueves-6-de-junio\\\/\"]}]},{\"@type\":\"ImageObject\",\"inLanguage\":\"es\",\"@id\":\"https:\\\/\\\/canal7slp.tv\\\/2019\\\/resultados-del-operativo-temporada-de-lluvias-2019-jueves-6-de-junio\\\/#primaryimage\",\"url\":\"https:\\\/\\\/canal7slp.tv\\\/2019\\\/wp-content\\\/uploads\\\/2019\\\/06\\\/ayu1.jpg\",\"contentUrl\":\"https:\\\/\\\/canal7slp.tv\\\/2019\\\/wp-content\\\/uploads\\\/2019\\\/06\\\/ayu1.jpg\",\"width\":768,\"height\":479},{\"@type\":\"BreadcrumbList\",\"@id\":\"https:\\\/\\\/canal7slp.tv\\\/2019\\\/resultados-del-operativo-temporada-de-lluvias-2019-jueves-6-de-junio\\\/#breadcrumb\",\"itemListElement\":[{\"@type\":\"ListItem\",\"position\":1,\"name\":\"Home\",\"item\":\"https:\\\/\\\/canal7slp.tv\\\/2019\\\/\"},{\"@type\":\"ListItem\",\"position\":2,\"name\":\"Resultados del operativo \u201cTemporada de Lluvias 2019\u201d, jueves 6 de junio\"}]},{\"@type\":\"WebSite\",\"@id\":\"https:\\\/\\\/canal7slp.tv\\\/2019\\\/#website\",\"url\":\"https:\\\/\\\/canal7slp.tv\\\/2019\\\/\",\"name\":\"Canal 7 SLP - Somos TV\",\"description\":\"Somos un Canal de 10\",\"publisher\":{\"@id\":\"https:\\\/\\\/canal7slp.tv\\\/2019\\\/#organization\"},\"potentialAction\":[{\"@type\":\"SearchAction\",\"target\":{\"@type\":\"EntryPoint\",\"urlTemplate\":\"https:\\\/\\\/canal7slp.tv\\\/2019\\\/?s={search_term_string}\"},\"query-input\":{\"@type\":\"PropertyValueSpecification\",\"valueRequired\":true,\"valueName\":\"search_term_string\"}}],\"inLanguage\":\"es\"},{\"@type\":\"Organization\",\"@id\":\"https:\\\/\\\/canal7slp.tv\\\/2019\\\/#organization\",\"name\":\"Comunicaci\u00f3n 2000 S.A. de C.V.\",\"url\":\"https:\\\/\\\/canal7slp.tv\\\/2019\\\/\",\"logo\":{\"@type\":\"ImageObject\",\"inLanguage\":\"es\",\"@id\":\"https:\\\/\\\/canal7slp.tv\\\/2019\\\/#\\\/schema\\\/logo\\\/image\\\/\",\"url\":\"https:\\\/\\\/canal7slp.tv\\\/2019\\\/wp-content\\\/uploads\\\/2019\\\/07\\\/logo-c7.png\",\"contentUrl\":\"https:\\\/\\\/canal7slp.tv\\\/2019\\\/wp-content\\\/uploads\\\/2019\\\/07\\\/logo-c7.png\",\"width\":220,\"height\":60,\"caption\":\"Comunicaci\u00f3n 2000 S.A. de C.V.\"},\"image\":{\"@id\":\"https:\\\/\\\/canal7slp.tv\\\/2019\\\/#\\\/schema\\\/logo\\\/image\\\/\"},\"sameAs\":[\"https:\\\/\\\/www.facebook.com\\\/CANAL7SLP\\\/\",\"https:\\\/\\\/x.com\\\/canal7_slp\",\"https:\\\/\\\/www.instagram.com\\\/canal7_slp\",\"https:\\\/\\\/www.youtube.com\\\/user\\\/NOTICIEROSCANAL7SLP\\\/\"]},{\"@type\":\"Person\",\"@id\":\"https:\\\/\\\/canal7slp.tv\\\/2019\\\/#\\\/schema\\\/person\\\/11d941c1c6ca30ac0a46b95fa37aa2e3\",\"name\":\"edicionweb\",\"image\":{\"@type\":\"ImageObject\",\"inLanguage\":\"es\",\"@id\":\"https:\\\/\\\/secure.gravatar.com\\\/avatar\\\/eee448fc3f7164808013b816ba91ac7e43bbe82a70bebac296f8bc6f0addaa1a?s=96&d=mm&r=g\",\"url\":\"https:\\\/\\\/secure.gravatar.com\\\/avatar\\\/eee448fc3f7164808013b816ba91ac7e43bbe82a70bebac296f8bc6f0addaa1a?s=96&d=mm&r=g\",\"contentUrl\":\"https:\\\/\\\/secure.gravatar.com\\\/avatar\\\/eee448fc3f7164808013b816ba91ac7e43bbe82a70bebac296f8bc6f0addaa1a?s=96&d=mm&r=g\",\"caption\":\"edicionweb\"}}]}<\/script>\n<!-- \/ Yoast SEO plugin. -->","yoast_head_json":{"title":"Resultados del operativo \u201cTemporada de Lluvias 2019\u201d, jueves 6 de junio - Canal 7 SLP - 2019","robots":{"index":"index","follow":"follow","max-snippet":"max-snippet:-1","max-image-preview":"max-image-preview:large","max-video-preview":"max-video-preview:-1"},"canonical":"https:\/\/canal7slp.tv\/2019\/resultados-del-operativo-temporada-de-lluvias-2019-jueves-6-de-junio\/","og_locale":"es_ES","og_type":"article","og_title":"Resultados del operativo \u201cTemporada de Lluvias 2019\u201d, jueves 6 de junio - Canal 7 SLP - 2019","og_description":"SLP.- Al presentar un balance de la atenci\u00f3n extraordinaria que inici\u00f3 desde las 18 horas del mi\u00e9rcoles 5 de junio como parte del Operativo \u201cTemporada de Lluvias 2019\u201d, el Director de Protecci\u00f3n Civil Municipal, Adri\u00e1n \u00c1lvarez Botello dio a conocer que debido a la lluvia torrencial que se registr\u00f3 la ma\u00f1ana\u00a0 de este jueves en [&hellip;]","og_url":"https:\/\/canal7slp.tv\/2019\/resultados-del-operativo-temporada-de-lluvias-2019-jueves-6-de-junio\/","og_site_name":"Canal 7 SLP - 2019","article_publisher":"https:\/\/www.facebook.com\/CANAL7SLP\/","article_published_time":"2019-06-06T23:44:33+00:00","og_image":[{"width":768,"height":479,"url":"https:\/\/canal7slp.tv\/2019\/wp-content\/uploads\/2019\/06\/ayu1.jpg","type":"image\/jpeg"}],"author":"edicionweb","twitter_card":"summary_large_image","twitter_creator":"@canal7_slp","twitter_site":"@canal7_slp","twitter_misc":{"Escrito por":"edicionweb","Tiempo de lectura":"3 minutos"},"schema":{"@context":"https:\/\/schema.org","@graph":[{"@type":"Article","@id":"https:\/\/canal7slp.tv\/2019\/resultados-del-operativo-temporada-de-lluvias-2019-jueves-6-de-junio\/#article","isPartOf":{"@id":"https:\/\/canal7slp.tv\/2019\/resultados-del-operativo-temporada-de-lluvias-2019-jueves-6-de-junio\/"},"author":{"name":"edicionweb","@id":"https:\/\/canal7slp.tv\/2019\/#\/schema\/person\/11d941c1c6ca30ac0a46b95fa37aa2e3"},"headline":"Resultados del operativo \u201cTemporada de Lluvias 2019\u201d, jueves 6 de junio","datePublished":"2019-06-06T23:44:33+00:00","mainEntityOfPage":{"@id":"https:\/\/canal7slp.tv\/2019\/resultados-del-operativo-temporada-de-lluvias-2019-jueves-6-de-junio\/"},"wordCount":535,"commentCount":0,"publisher":{"@id":"https:\/\/canal7slp.tv\/2019\/#organization"},"image":{"@id":"https:\/\/canal7slp.tv\/2019\/resultados-del-operativo-temporada-de-lluvias-2019-jueves-6-de-junio\/#primaryimage"},"thumbnailUrl":"https:\/\/canal7slp.tv\/2019\/wp-content\/uploads\/2019\/06\/ayu1.jpg","keywords":["Ayuntamiento SLP"],"articleSection":["LOCALES Y REGIONALES"],"inLanguage":"es","potentialAction":[{"@type":"CommentAction","name":"Comment","target":["https:\/\/canal7slp.tv\/2019\/resultados-del-operativo-temporada-de-lluvias-2019-jueves-6-de-junio\/#respond"]}]},{"@type":"WebPage","@id":"https:\/\/canal7slp.tv\/2019\/resultados-del-operativo-temporada-de-lluvias-2019-jueves-6-de-junio\/","url":"https:\/\/canal7slp.tv\/2019\/resultados-del-operativo-temporada-de-lluvias-2019-jueves-6-de-junio\/","name":"Resultados del operativo \u201cTemporada de Lluvias 2019\u201d, jueves 6 de junio - Canal 7 SLP - 2019","isPartOf":{"@id":"https:\/\/canal7slp.tv\/2019\/#website"},"primaryImageOfPage":{"@id":"https:\/\/canal7slp.tv\/2019\/resultados-del-operativo-temporada-de-lluvias-2019-jueves-6-de-junio\/#primaryimage"},"image":{"@id":"https:\/\/canal7slp.tv\/2019\/resultados-del-operativo-temporada-de-lluvias-2019-jueves-6-de-junio\/#primaryimage"},"thumbnailUrl":"https:\/\/canal7slp.tv\/2019\/wp-content\/uploads\/2019\/06\/ayu1.jpg","datePublished":"2019-06-06T23:44:33+00:00","breadcrumb":{"@id":"https:\/\/canal7slp.tv\/2019\/resultados-del-operativo-temporada-de-lluvias-2019-jueves-6-de-junio\/#breadcrumb"},"inLanguage":"es","potentialAction":[{"@type":"ReadAction","target":["https:\/\/canal7slp.tv\/2019\/resultados-del-operativo-temporada-de-lluvias-2019-jueves-6-de-junio\/"]}]},{"@type":"ImageObject","inLanguage":"es","@id":"https:\/\/canal7slp.tv\/2019\/resultados-del-operativo-temporada-de-lluvias-2019-jueves-6-de-junio\/#primaryimage","url":"https:\/\/canal7slp.tv\/2019\/wp-content\/uploads\/2019\/06\/ayu1.jpg","contentUrl":"https:\/\/canal7slp.tv\/2019\/wp-content\/uploads\/2019\/06\/ayu1.jpg","width":768,"height":479},{"@type":"BreadcrumbList","@id":"https:\/\/canal7slp.tv\/2019\/resultados-del-operativo-temporada-de-lluvias-2019-jueves-6-de-junio\/#breadcrumb","itemListElement":[{"@type":"ListItem","position":1,"name":"Home","item":"https:\/\/canal7slp.tv\/2019\/"},{"@type":"ListItem","position":2,"name":"Resultados del operativo \u201cTemporada de Lluvias 2019\u201d, jueves 6 de junio"}]},{"@type":"WebSite","@id":"https:\/\/canal7slp.tv\/2019\/#website","url":"https:\/\/canal7slp.tv\/2019\/","name":"Canal 7 SLP - Somos TV","description":"Somos un Canal de 10","publisher":{"@id":"https:\/\/canal7slp.tv\/2019\/#organization"},"potentialAction":[{"@type":"SearchAction","target":{"@type":"EntryPoint","urlTemplate":"https:\/\/canal7slp.tv\/2019\/?s={search_term_string}"},"query-input":{"@type":"PropertyValueSpecification","valueRequired":true,"valueName":"search_term_string"}}],"inLanguage":"es"},{"@type":"Organization","@id":"https:\/\/canal7slp.tv\/2019\/#organization","name":"Comunicaci\u00f3n 2000 S.A. de C.V.","url":"https:\/\/canal7slp.tv\/2019\/","logo":{"@type":"ImageObject","inLanguage":"es","@id":"https:\/\/canal7slp.tv\/2019\/#\/schema\/logo\/image\/","url":"https:\/\/canal7slp.tv\/2019\/wp-content\/uploads\/2019\/07\/logo-c7.png","contentUrl":"https:\/\/canal7slp.tv\/2019\/wp-content\/uploads\/2019\/07\/logo-c7.png","width":220,"height":60,"caption":"Comunicaci\u00f3n 2000 S.A. de C.V."},"image":{"@id":"https:\/\/canal7slp.tv\/2019\/#\/schema\/logo\/image\/"},"sameAs":["https:\/\/www.facebook.com\/CANAL7SLP\/","https:\/\/x.com\/canal7_slp","https:\/\/www.instagram.com\/canal7_slp","https:\/\/www.youtube.com\/user\/NOTICIEROSCANAL7SLP\/"]},{"@type":"Person","@id":"https:\/\/canal7slp.tv\/2019\/#\/schema\/person\/11d941c1c6ca30ac0a46b95fa37aa2e3","name":"edicionweb","image":{"@type":"ImageObject","inLanguage":"es","@id":"https:\/\/secure.gravatar.com\/avatar\/eee448fc3f7164808013b816ba91ac7e43bbe82a70bebac296f8bc6f0addaa1a?s=96&d=mm&r=g","url":"https:\/\/secure.gravatar.com\/avatar\/eee448fc3f7164808013b816ba91ac7e43bbe82a70bebac296f8bc6f0addaa1a?s=96&d=mm&r=g","contentUrl":"https:\/\/secure.gravatar.com\/avatar\/eee448fc3f7164808013b816ba91ac7e43bbe82a70bebac296f8bc6f0addaa1a?s=96&d=mm&r=g","caption":"edicionweb"}}]}},"amp_enabled":true,"cmb2":{"video_ids_in_playlist":{"vid_p_videos":""},"video_ids_in_channel":{"vid_c_videos":""},"playlist_ids_in_channel":{"vid_c_playlists":""},"series_ids_in_channel":{"vid_c_series":""},"channel_images":{"vid_c_logo":"","vid_c_banner":""},"poster_feature_image":{"vid_m_poster_image":""},"gif_feature_image":{"vid_m_gif_image":""},"video_movie_settings":{"vid_m_director":"","vid_m_actor":"","vid_m_imdb_ratings":"","vid_m_amazon_associates":""},"vid_youtube_broadcasts_settings":{"vid_yb_broadcast_title":"","vid_yb_q":"","vid_yb_channelid":"","vid_yb_videocategoryid":"","vid_yb_maxresults":"","vid_yb_order":"","vid_yb_regioncode":"","vid_yb_videosyndicated":"","vid_yb_style":"","vid_yb_reload_first":""},"video_series_settings":{"vid_m_director":"","vid_m_actor":"","vid_m_imdb_ratings":"","video_series_group":""},"amazon_associates_settings":{"amazon_associates":"","amazon_native_ad":""},"vid_youtube_automatic_settings":{"vid_ya_youtube_source":"","vid_ya_update_every":"","vid_ya_update_unit":"","vid_ya_categories":"","vid_ya_published_after":"","vid_ya_published_before":"","vid_ya_playlists":"","vid_ya_channels":"","vid_ya_director":"","vid_ya_actor":"","vid_ya_author":"","vid_ya_import_post_date":"","vid_ya_status":"","vid_ya_sub_api_key":""},"vid_ads_m_videoads_settings_post":{"vid_ads_m_video_ads":"","vid_ads_m_video_ads_type":"","vid_ads_m_group_google_ima":"","vid_ads_m_group_image":"","vid_ads_m_group_html5_video":"","vid_ads_m_group_html":"","vid_ads_m_vast_preroll":"","vid_ads_m_vast_postroll":"","vid_ads_m_vast_pauseroll":"","vid_ads_m_vast_midroll":[{"vid_ads_m_vast_timer_seconds":"50"}],"vid_ads_m_time_to_show_ads":"","vid_ads_m_time_skip_ads":"","vid_ads_m_time_to_hide_ads":""},"page_slider_settings":{"display_slider_group":"","page_slider_group":""},"blog_page_settings":{"blog_page_title":"","blog_page_heading":"","blog_page_ic":"","blog_page_it":"","blog_page_ec":"","blog_page_ip":"","archive_loop_style":"","blog_image_ratio":"","blog_show_categories":"","blog_show_excerpt":"","blog_show_author":"","blog_show_date":"","blog_show_comment_count":"","blog_show_view_count":"","blog_show_like_count":"","blog_show_dislike_count":"","blog_items_per_page":"","blog_pag_type":""},"page_options":{"get_page_template":"","color_mode":"","main_layout":"","main_layout_full_with":"","main_logo":"","main_logo_retina":"","main_logo_mobile":"","main_logo_mobile_retina":"","sticky_logo":"","sticky_logo_retina":"","main_nav_layout":"","ajax_search":"","header_background":"","theme_sidebar":"","instagram_feed":"","instagram_feed_position":"","popular_videos":"","popular_videos_title_1":"","popular_videos_title_2":"","popular_videos_ic":"","popular_videos_it":"","theme_background":"","page_custom_css":""},"feature_image_settings":{"feature_image_position":""},"video_player_settings":{"single_video_style":"","video_player_position":"","vm_video_url":"","video_player_library":"","video_streaming":"","vm_media_sources":"","vid_auto_play":"","vm_video_shortcode":"","vid_p_sync_playlist":"","vid_c_sync_channel":"","get_post_format":"","multiple_links_structure":"default","multi_links_title":"","vm_video_multi_links":"","vm_duration":"","vid_social_locker":"off","vid_social_locker_id":"","vid_membership_action":"content-video","vm_video_trailer_url":"","vid_download_type":"free","vid_download_target":"download","vid_woo_product":"","vm_media_download":"","user_rating":"","user_rating_position":"","user_rating_mode":"","user_rating_multi_sets":""},"video_auto_fetch_settings":{"vm_video_fetch":"on"},"video_fake_views_likes":{"vm_fake_views":"","vm_fake_likes":"","vm_fake_dislikes":""},"gallery_settings":{"gallery_position":""},"quote_settings":{"quote_position":""},"post_options":{"main_layout":"","main_logo":"","main_logo_retina":"","main_logo_mobile":"","main_logo_mobile_retina":"","sticky_logo":"","sticky_logo_retina":"","main_nav_layout":"","header_background":"","theme_sidebar":"","single_post_comment_type":"","theme_background":""}},"_links":{"self":[{"href":"https:\/\/canal7slp.tv\/2019\/wp-json\/wp\/v2\/posts\/8449","targetHints":{"allow":["GET"]}}],"collection":[{"href":"https:\/\/canal7slp.tv\/2019\/wp-json\/wp\/v2\/posts"}],"about":[{"href":"https:\/\/canal7slp.tv\/2019\/wp-json\/wp\/v2\/types\/post"}],"author":[{"embeddable":true,"href":"https:\/\/canal7slp.tv\/2019\/wp-json\/wp\/v2\/users\/2"}],"replies":[{"embeddable":true,"href":"https:\/\/canal7slp.tv\/2019\/wp-json\/wp\/v2\/comments?post=8449"}],"version-history":[{"count":0,"href":"https:\/\/canal7slp.tv\/2019\/wp-json\/wp\/v2\/posts\/8449\/revisions"}],"wp:featuredmedia":[{"embeddable":true,"href":"https:\/\/canal7slp.tv\/2019\/wp-json\/wp\/v2\/media\/8480"}],"wp:attachment":[{"href":"https:\/\/canal7slp.tv\/2019\/wp-json\/wp\/v2\/media?parent=8449"}],"wp:term":[{"taxonomy":"category","embeddable":true,"href":"https:\/\/canal7slp.tv\/2019\/wp-json\/wp\/v2\/categories?post=8449"},{"taxonomy":"post_tag","embeddable":true,"href":"https:\/\/canal7slp.tv\/2019\/wp-json\/wp\/v2\/tags?post=8449"}],"curies":[{"name":"wp","href":"https:\/\/api.w.org\/{rel}","templated":true}]}}