{"id":84393,"date":"2019-11-26T13:37:19","date_gmt":"2019-11-26T19:37:19","guid":{"rendered":"https:\/\/canal7slp.tv\/2019\/?p=84393"},"modified":"2019-11-26T13:37:19","modified_gmt":"2019-11-26T19:37:19","slug":"mexico-entre-los-paises-menos-competitivos-y-mas-desiguales-segun-informe","status":"publish","type":"post","link":"https:\/\/canal7slp.tv\/2019\/mexico-entre-los-paises-menos-competitivos-y-mas-desiguales-segun-informe\/","title":{"rendered":"M\u00e9xico, entre los pa\u00edses menos competitivos y m\u00e1s desiguales, seg\u00fan informe"},"content":{"rendered":"<ul>\n<li style=\"text-align: justify\">Sus principales debilidades est\u00e1n en los indicadores relacionados con el bienestar de la gente<\/li>\n<\/ul>\n<p style=\"text-align: justify\">M\u00e9xico.- M\u00e9xico se situ\u00f3 en la posici\u00f3n 34 de 43 pa\u00edses analizados en el \u00cdndice de Competitividad Internacional 2019 y adem\u00e1s tiene grandes desigualdades, alert\u00f3 este martes un informe del Instituto Mexicano para la Competitividad (IMCO).<\/p>\n<p style=\"text-align: justify\">&#8220;M\u00e9xico se posicion\u00f3 en el lugar 34 de 43 pa\u00edses en el \u00cdndice de Competitividad Internacional 2019. Sus principales debilidades est\u00e1n en los indicadores relacionados con el bienestar de la gente&#8221;, destac\u00f3 la asociaci\u00f3n civil en un bolet\u00edn.<\/p>\n<p style=\"text-align: justify\">El informe dado a conocer este martes indica que M\u00e9xico se ubic\u00f3 en 2001 -cuando arranc\u00f3 la serie- en la posici\u00f3n 32 de todos los pa\u00edses analizados. Y durante este tiempo ha oscilado entre la posici\u00f3n 31 y la 34.<\/p>\n<p style=\"text-align: justify\">El ICI 2019 mide la capacidad de las econom\u00edas m\u00e1s importantes del mundo para generar, atraer y retener talento e inversi\u00f3n. Para medir la competitividad, el \u00edndice evalu\u00f3 43 pa\u00edses a trav\u00e9s de 126 indicadores, con cifras del 2017.<\/p>\n<p style=\"text-align: justify\">&#8220;Nuestro pa\u00eds lleva 20 a\u00f1os con un desempe\u00f1o deficiente en t\u00e9rminos de competitividad&#8221;, asegur\u00f3 el IMCO, un centro de investigaci\u00f3n en pol\u00edtica p\u00fablica y acci\u00f3n ciudadana.<\/p>\n<p style=\"text-align: justify\">Seg\u00fan este informe, Noruega, Suiza y Dinamarca ocupan las primeras tres plazas del \u00edndice, mientras que las tres \u00faltimas posiciones son para la India, Guatemala y Nigeria, siendo el pa\u00eds africano el menos competitivo de todos.<\/p>\n<p style=\"text-align: justify\">En M\u00e9xico, todos estos factores redundan en un pa\u00eds m\u00e1s desigual y carente de posibilidades para millones de personas.<\/p>\n<p style=\"text-align: justify\">&#8220;Desigualdad es tener menos oportunidades, sin importar el esfuerzo. La disparidad de ingresos es la primera barrera a vencer, mas no la \u00fanica. En M\u00e9xico, el origen secuestra al destino: no toda la poblaci\u00f3n tiene acceso a servicios p\u00fablicos de calidad que son b\u00e1sicos para su desarrollo&#8221;, indic\u00f3 el organismo.<\/p>\n<p style=\"text-align: justify\">Por ejemplo, en salud, el lugar de nacimiento determina los a\u00f1os que vive la poblaci\u00f3n. En Chiapas (sureste), la esperanza de vida es cuatro a\u00f1os menor que en Nuevo Le\u00f3n (noreste), pues en el norte hay m\u00e1s acceso a la salud.<\/p>\n<p style=\"text-align: justify\">&#8220;En los \u00faltimos 14 a\u00f1os, el n\u00famero de personas con acceso a la salud ha crecido m\u00e1s r\u00e1pido que el presupuesto: la poblaci\u00f3n con acceso aument\u00f3 un 42 %, mientras que el presupuesto solo increment\u00f3 19 %, en t\u00e9rminos reales&#8221;, alert\u00f3.<\/p>\n<p style=\"text-align: justify\">En materia educativa, la brecha comienza desde la primera infancia y hay mayores deficiencias educativas en el sur del pa\u00eds, dijo el IMCO, que critic\u00f3 la desaparici\u00f3n de las estancias infantiles.<\/p>\n<p style=\"text-align: justify\">El sistema de la justicia es tambi\u00e9n precario y ello, seg\u00fan el informe, se ejemplifica en que 78 % de la poblaci\u00f3n vive &#8220;con miedo&#8221;.<\/p>\n<p style=\"text-align: justify\">&#8220;Todos enfrentamos un sistema de justicia injusto, pero las personas en pobreza deben superar muchas m\u00e1s barreras, como diferencias en el idioma o la falta de un buen abogado&#8221;, alert\u00f3.<\/p>\n<p style=\"text-align: justify\">Asimismo, 70 % de los reclusos son j\u00f3venes con bajo nivel educativo que cometieron delitos en su mayor\u00eda menores.<\/p>\n<p style=\"text-align: justify\">&#8220;Para disminuir la desigualdad, el Gobierno actual privilegia las transferencias monetarias. Si bien este instrumento compensa el ingreso, no resuelve el problema, por lo que es necesario priorizar la inversi\u00f3n en infraestructura social&#8221;, consider\u00f3 este organismo.<\/p>\n<p style=\"text-align: justify\">Con todo, M\u00e9xico se posicion\u00f3 en el lugar 34 del \u00edndice. &#8220;Su lugar es consistente con los hallazgos que se\u00f1alan que en nuestro pa\u00eds hay brechas en el acceso a los servicios b\u00e1sicos&#8221;, dijo.<\/p>\n<p style=\"text-align: justify\">M\u00e9xico perdi\u00f3 tres posiciones en el sub\u00edndice de Derecho, debido principalmente al deterioro del Estado de derecho, la confianza en la Polic\u00eda y una tasa alta de homicidios.<\/p>\n<p style=\"text-align: justify\">&#8220;Esto afecta en mayor proporci\u00f3n a la poblaci\u00f3n con menores ingresos y podr\u00eda alejar inversiones&#8221;, remarc\u00f3.<\/p>\n<p style=\"text-align: justify\">Se necesitan pol\u00edticas p\u00fablicas efectivas, concluy\u00f3 el IMCO, y por ello propuso avanzar hacia una seguridad social universal, con m\u00e1s inversi\u00f3n en educaci\u00f3n, un sistema de justicia mejor y unas polic\u00edas locales m\u00e1s fortalecidas, entre otros puntos.<\/p>\n","protected":false},"excerpt":{"rendered":"<p>Sus principales debilidades est\u00e1n en los indicadores relacionados con el bienestar de la gente M\u00e9xico.- M\u00e9xico se situ\u00f3 en la posici\u00f3n 34 de 43 pa\u00edses analizados en el \u00cdndice de Competitividad Internacional 2019 y adem\u00e1s tiene grandes desigualdades, alert\u00f3 este martes un informe del Instituto Mexicano para la Competitividad (IMCO). &#8220;M\u00e9xico se posicion\u00f3 en el [&hellip;]<\/p>\n","protected":false},"author":2,"featured_media":84394,"comment_status":"open","ping_status":"open","sticky":false,"template":"","format":"standard","meta":{"footnotes":""},"categories":[98],"tags":[],"class_list":["post-84393","post","type-post","status-publish","format-standard","has-post-thumbnail","hentry","category-finanzas"],"yoast_head":"<!-- This site is optimized with the Yoast SEO plugin v27.4 - https:\/\/yoast.com\/product\/yoast-seo-wordpress\/ -->\n<title>M\u00e9xico, entre los pa\u00edses menos competitivos y m\u00e1s desiguales, seg\u00fan informe - Canal 7 SLP - 2019<\/title>\n<meta name=\"robots\" content=\"index, follow, max-snippet:-1, max-image-preview:large, max-video-preview:-1\" \/>\n<link rel=\"canonical\" href=\"https:\/\/canal7slp.tv\/2019\/mexico-entre-los-paises-menos-competitivos-y-mas-desiguales-segun-informe\/\" \/>\n<meta property=\"og:locale\" content=\"es_ES\" \/>\n<meta property=\"og:type\" content=\"article\" \/>\n<meta property=\"og:title\" content=\"M\u00e9xico, entre los pa\u00edses menos competitivos y m\u00e1s desiguales, seg\u00fan informe - Canal 7 SLP - 2019\" \/>\n<meta property=\"og:description\" content=\"Sus principales debilidades est\u00e1n en los indicadores relacionados con el bienestar de la gente M\u00e9xico.- M\u00e9xico se situ\u00f3 en la posici\u00f3n 34 de 43 pa\u00edses analizados en el \u00cdndice de Competitividad Internacional 2019 y adem\u00e1s tiene grandes desigualdades, alert\u00f3 este martes un informe del Instituto Mexicano para la Competitividad (IMCO). &#8220;M\u00e9xico se posicion\u00f3 en el [&hellip;]\" \/>\n<meta property=\"og:url\" content=\"https:\/\/canal7slp.tv\/2019\/mexico-entre-los-paises-menos-competitivos-y-mas-desiguales-segun-informe\/\" \/>\n<meta property=\"og:site_name\" content=\"Canal 7 SLP - 2019\" \/>\n<meta property=\"article:publisher\" content=\"https:\/\/www.facebook.com\/CANAL7SLP\/\" \/>\n<meta property=\"article:published_time\" content=\"2019-11-26T19:37:19+00:00\" \/>\n<meta property=\"og:image\" content=\"https:\/\/canal7slp.tv\/2019\/wp-content\/uploads\/2019\/11\/1510-17.jpg\" \/>\n\t<meta property=\"og:image:width\" content=\"770\" \/>\n\t<meta property=\"og:image:height\" content=\"485\" \/>\n\t<meta property=\"og:image:type\" content=\"image\/jpeg\" \/>\n<meta name=\"author\" content=\"edicionweb\" \/>\n<meta name=\"twitter:card\" content=\"summary_large_image\" \/>\n<meta name=\"twitter:creator\" content=\"@canal7_slp\" \/>\n<meta name=\"twitter:site\" content=\"@canal7_slp\" \/>\n<meta name=\"twitter:label1\" content=\"Escrito por\" \/>\n\t<meta name=\"twitter:data1\" content=\"edicionweb\" \/>\n\t<meta name=\"twitter:label2\" content=\"Tiempo de lectura\" \/>\n\t<meta name=\"twitter:data2\" content=\"3 minutos\" \/>\n<script type=\"application\/ld+json\" class=\"yoast-schema-graph\">{\"@context\":\"https:\\\/\\\/schema.org\",\"@graph\":[{\"@type\":\"Article\",\"@id\":\"https:\\\/\\\/canal7slp.tv\\\/2019\\\/mexico-entre-los-paises-menos-competitivos-y-mas-desiguales-segun-informe\\\/#article\",\"isPartOf\":{\"@id\":\"https:\\\/\\\/canal7slp.tv\\\/2019\\\/mexico-entre-los-paises-menos-competitivos-y-mas-desiguales-segun-informe\\\/\"},\"author\":{\"name\":\"edicionweb\",\"@id\":\"https:\\\/\\\/canal7slp.tv\\\/2019\\\/#\\\/schema\\\/person\\\/11d941c1c6ca30ac0a46b95fa37aa2e3\"},\"headline\":\"M\u00e9xico, entre los pa\u00edses menos competitivos y m\u00e1s desiguales, seg\u00fan informe\",\"datePublished\":\"2019-11-26T19:37:19+00:00\",\"mainEntityOfPage\":{\"@id\":\"https:\\\/\\\/canal7slp.tv\\\/2019\\\/mexico-entre-los-paises-menos-competitivos-y-mas-desiguales-segun-informe\\\/\"},\"wordCount\":701,\"commentCount\":0,\"publisher\":{\"@id\":\"https:\\\/\\\/canal7slp.tv\\\/2019\\\/#organization\"},\"image\":{\"@id\":\"https:\\\/\\\/canal7slp.tv\\\/2019\\\/mexico-entre-los-paises-menos-competitivos-y-mas-desiguales-segun-informe\\\/#primaryimage\"},\"thumbnailUrl\":\"https:\\\/\\\/canal7slp.tv\\\/2019\\\/wp-content\\\/uploads\\\/2019\\\/11\\\/1510-17.jpg\",\"articleSection\":[\"FINANZAS\"],\"inLanguage\":\"es\",\"potentialAction\":[{\"@type\":\"CommentAction\",\"name\":\"Comment\",\"target\":[\"https:\\\/\\\/canal7slp.tv\\\/2019\\\/mexico-entre-los-paises-menos-competitivos-y-mas-desiguales-segun-informe\\\/#respond\"]}]},{\"@type\":\"WebPage\",\"@id\":\"https:\\\/\\\/canal7slp.tv\\\/2019\\\/mexico-entre-los-paises-menos-competitivos-y-mas-desiguales-segun-informe\\\/\",\"url\":\"https:\\\/\\\/canal7slp.tv\\\/2019\\\/mexico-entre-los-paises-menos-competitivos-y-mas-desiguales-segun-informe\\\/\",\"name\":\"M\u00e9xico, entre los pa\u00edses menos competitivos y m\u00e1s desiguales, seg\u00fan informe - Canal 7 SLP - 2019\",\"isPartOf\":{\"@id\":\"https:\\\/\\\/canal7slp.tv\\\/2019\\\/#website\"},\"primaryImageOfPage\":{\"@id\":\"https:\\\/\\\/canal7slp.tv\\\/2019\\\/mexico-entre-los-paises-menos-competitivos-y-mas-desiguales-segun-informe\\\/#primaryimage\"},\"image\":{\"@id\":\"https:\\\/\\\/canal7slp.tv\\\/2019\\\/mexico-entre-los-paises-menos-competitivos-y-mas-desiguales-segun-informe\\\/#primaryimage\"},\"thumbnailUrl\":\"https:\\\/\\\/canal7slp.tv\\\/2019\\\/wp-content\\\/uploads\\\/2019\\\/11\\\/1510-17.jpg\",\"datePublished\":\"2019-11-26T19:37:19+00:00\",\"breadcrumb\":{\"@id\":\"https:\\\/\\\/canal7slp.tv\\\/2019\\\/mexico-entre-los-paises-menos-competitivos-y-mas-desiguales-segun-informe\\\/#breadcrumb\"},\"inLanguage\":\"es\",\"potentialAction\":[{\"@type\":\"ReadAction\",\"target\":[\"https:\\\/\\\/canal7slp.tv\\\/2019\\\/mexico-entre-los-paises-menos-competitivos-y-mas-desiguales-segun-informe\\\/\"]}]},{\"@type\":\"ImageObject\",\"inLanguage\":\"es\",\"@id\":\"https:\\\/\\\/canal7slp.tv\\\/2019\\\/mexico-entre-los-paises-menos-competitivos-y-mas-desiguales-segun-informe\\\/#primaryimage\",\"url\":\"https:\\\/\\\/canal7slp.tv\\\/2019\\\/wp-content\\\/uploads\\\/2019\\\/11\\\/1510-17.jpg\",\"contentUrl\":\"https:\\\/\\\/canal7slp.tv\\\/2019\\\/wp-content\\\/uploads\\\/2019\\\/11\\\/1510-17.jpg\",\"width\":770,\"height\":485},{\"@type\":\"BreadcrumbList\",\"@id\":\"https:\\\/\\\/canal7slp.tv\\\/2019\\\/mexico-entre-los-paises-menos-competitivos-y-mas-desiguales-segun-informe\\\/#breadcrumb\",\"itemListElement\":[{\"@type\":\"ListItem\",\"position\":1,\"name\":\"Home\",\"item\":\"https:\\\/\\\/canal7slp.tv\\\/2019\\\/\"},{\"@type\":\"ListItem\",\"position\":2,\"name\":\"M\u00e9xico, entre los pa\u00edses menos competitivos y m\u00e1s desiguales, seg\u00fan informe\"}]},{\"@type\":\"WebSite\",\"@id\":\"https:\\\/\\\/canal7slp.tv\\\/2019\\\/#website\",\"url\":\"https:\\\/\\\/canal7slp.tv\\\/2019\\\/\",\"name\":\"Canal 7 SLP - Somos TV\",\"description\":\"Somos un Canal de 10\",\"publisher\":{\"@id\":\"https:\\\/\\\/canal7slp.tv\\\/2019\\\/#organization\"},\"potentialAction\":[{\"@type\":\"SearchAction\",\"target\":{\"@type\":\"EntryPoint\",\"urlTemplate\":\"https:\\\/\\\/canal7slp.tv\\\/2019\\\/?s={search_term_string}\"},\"query-input\":{\"@type\":\"PropertyValueSpecification\",\"valueRequired\":true,\"valueName\":\"search_term_string\"}}],\"inLanguage\":\"es\"},{\"@type\":\"Organization\",\"@id\":\"https:\\\/\\\/canal7slp.tv\\\/2019\\\/#organization\",\"name\":\"Comunicaci\u00f3n 2000 S.A. de C.V.\",\"url\":\"https:\\\/\\\/canal7slp.tv\\\/2019\\\/\",\"logo\":{\"@type\":\"ImageObject\",\"inLanguage\":\"es\",\"@id\":\"https:\\\/\\\/canal7slp.tv\\\/2019\\\/#\\\/schema\\\/logo\\\/image\\\/\",\"url\":\"https:\\\/\\\/canal7slp.tv\\\/2019\\\/wp-content\\\/uploads\\\/2019\\\/07\\\/logo-c7.png\",\"contentUrl\":\"https:\\\/\\\/canal7slp.tv\\\/2019\\\/wp-content\\\/uploads\\\/2019\\\/07\\\/logo-c7.png\",\"width\":220,\"height\":60,\"caption\":\"Comunicaci\u00f3n 2000 S.A. de C.V.\"},\"image\":{\"@id\":\"https:\\\/\\\/canal7slp.tv\\\/2019\\\/#\\\/schema\\\/logo\\\/image\\\/\"},\"sameAs\":[\"https:\\\/\\\/www.facebook.com\\\/CANAL7SLP\\\/\",\"https:\\\/\\\/x.com\\\/canal7_slp\",\"https:\\\/\\\/www.instagram.com\\\/canal7_slp\",\"https:\\\/\\\/www.youtube.com\\\/user\\\/NOTICIEROSCANAL7SLP\\\/\"]},{\"@type\":\"Person\",\"@id\":\"https:\\\/\\\/canal7slp.tv\\\/2019\\\/#\\\/schema\\\/person\\\/11d941c1c6ca30ac0a46b95fa37aa2e3\",\"name\":\"edicionweb\",\"image\":{\"@type\":\"ImageObject\",\"inLanguage\":\"es\",\"@id\":\"https:\\\/\\\/secure.gravatar.com\\\/avatar\\\/eee448fc3f7164808013b816ba91ac7e43bbe82a70bebac296f8bc6f0addaa1a?s=96&d=mm&r=g\",\"url\":\"https:\\\/\\\/secure.gravatar.com\\\/avatar\\\/eee448fc3f7164808013b816ba91ac7e43bbe82a70bebac296f8bc6f0addaa1a?s=96&d=mm&r=g\",\"contentUrl\":\"https:\\\/\\\/secure.gravatar.com\\\/avatar\\\/eee448fc3f7164808013b816ba91ac7e43bbe82a70bebac296f8bc6f0addaa1a?s=96&d=mm&r=g\",\"caption\":\"edicionweb\"}}]}<\/script>\n<!-- \/ Yoast SEO plugin. -->","yoast_head_json":{"title":"M\u00e9xico, entre los pa\u00edses menos competitivos y m\u00e1s desiguales, seg\u00fan informe - Canal 7 SLP - 2019","robots":{"index":"index","follow":"follow","max-snippet":"max-snippet:-1","max-image-preview":"max-image-preview:large","max-video-preview":"max-video-preview:-1"},"canonical":"https:\/\/canal7slp.tv\/2019\/mexico-entre-los-paises-menos-competitivos-y-mas-desiguales-segun-informe\/","og_locale":"es_ES","og_type":"article","og_title":"M\u00e9xico, entre los pa\u00edses menos competitivos y m\u00e1s desiguales, seg\u00fan informe - Canal 7 SLP - 2019","og_description":"Sus principales debilidades est\u00e1n en los indicadores relacionados con el bienestar de la gente M\u00e9xico.- M\u00e9xico se situ\u00f3 en la posici\u00f3n 34 de 43 pa\u00edses analizados en el \u00cdndice de Competitividad Internacional 2019 y adem\u00e1s tiene grandes desigualdades, alert\u00f3 este martes un informe del Instituto Mexicano para la Competitividad (IMCO). &#8220;M\u00e9xico se posicion\u00f3 en el [&hellip;]","og_url":"https:\/\/canal7slp.tv\/2019\/mexico-entre-los-paises-menos-competitivos-y-mas-desiguales-segun-informe\/","og_site_name":"Canal 7 SLP - 2019","article_publisher":"https:\/\/www.facebook.com\/CANAL7SLP\/","article_published_time":"2019-11-26T19:37:19+00:00","og_image":[{"width":770,"height":485,"url":"https:\/\/canal7slp.tv\/2019\/wp-content\/uploads\/2019\/11\/1510-17.jpg","type":"image\/jpeg"}],"author":"edicionweb","twitter_card":"summary_large_image","twitter_creator":"@canal7_slp","twitter_site":"@canal7_slp","twitter_misc":{"Escrito por":"edicionweb","Tiempo de lectura":"3 minutos"},"schema":{"@context":"https:\/\/schema.org","@graph":[{"@type":"Article","@id":"https:\/\/canal7slp.tv\/2019\/mexico-entre-los-paises-menos-competitivos-y-mas-desiguales-segun-informe\/#article","isPartOf":{"@id":"https:\/\/canal7slp.tv\/2019\/mexico-entre-los-paises-menos-competitivos-y-mas-desiguales-segun-informe\/"},"author":{"name":"edicionweb","@id":"https:\/\/canal7slp.tv\/2019\/#\/schema\/person\/11d941c1c6ca30ac0a46b95fa37aa2e3"},"headline":"M\u00e9xico, entre los pa\u00edses menos competitivos y m\u00e1s desiguales, seg\u00fan informe","datePublished":"2019-11-26T19:37:19+00:00","mainEntityOfPage":{"@id":"https:\/\/canal7slp.tv\/2019\/mexico-entre-los-paises-menos-competitivos-y-mas-desiguales-segun-informe\/"},"wordCount":701,"commentCount":0,"publisher":{"@id":"https:\/\/canal7slp.tv\/2019\/#organization"},"image":{"@id":"https:\/\/canal7slp.tv\/2019\/mexico-entre-los-paises-menos-competitivos-y-mas-desiguales-segun-informe\/#primaryimage"},"thumbnailUrl":"https:\/\/canal7slp.tv\/2019\/wp-content\/uploads\/2019\/11\/1510-17.jpg","articleSection":["FINANZAS"],"inLanguage":"es","potentialAction":[{"@type":"CommentAction","name":"Comment","target":["https:\/\/canal7slp.tv\/2019\/mexico-entre-los-paises-menos-competitivos-y-mas-desiguales-segun-informe\/#respond"]}]},{"@type":"WebPage","@id":"https:\/\/canal7slp.tv\/2019\/mexico-entre-los-paises-menos-competitivos-y-mas-desiguales-segun-informe\/","url":"https:\/\/canal7slp.tv\/2019\/mexico-entre-los-paises-menos-competitivos-y-mas-desiguales-segun-informe\/","name":"M\u00e9xico, entre los pa\u00edses menos competitivos y m\u00e1s desiguales, seg\u00fan informe - Canal 7 SLP - 2019","isPartOf":{"@id":"https:\/\/canal7slp.tv\/2019\/#website"},"primaryImageOfPage":{"@id":"https:\/\/canal7slp.tv\/2019\/mexico-entre-los-paises-menos-competitivos-y-mas-desiguales-segun-informe\/#primaryimage"},"image":{"@id":"https:\/\/canal7slp.tv\/2019\/mexico-entre-los-paises-menos-competitivos-y-mas-desiguales-segun-informe\/#primaryimage"},"thumbnailUrl":"https:\/\/canal7slp.tv\/2019\/wp-content\/uploads\/2019\/11\/1510-17.jpg","datePublished":"2019-11-26T19:37:19+00:00","breadcrumb":{"@id":"https:\/\/canal7slp.tv\/2019\/mexico-entre-los-paises-menos-competitivos-y-mas-desiguales-segun-informe\/#breadcrumb"},"inLanguage":"es","potentialAction":[{"@type":"ReadAction","target":["https:\/\/canal7slp.tv\/2019\/mexico-entre-los-paises-menos-competitivos-y-mas-desiguales-segun-informe\/"]}]},{"@type":"ImageObject","inLanguage":"es","@id":"https:\/\/canal7slp.tv\/2019\/mexico-entre-los-paises-menos-competitivos-y-mas-desiguales-segun-informe\/#primaryimage","url":"https:\/\/canal7slp.tv\/2019\/wp-content\/uploads\/2019\/11\/1510-17.jpg","contentUrl":"https:\/\/canal7slp.tv\/2019\/wp-content\/uploads\/2019\/11\/1510-17.jpg","width":770,"height":485},{"@type":"BreadcrumbList","@id":"https:\/\/canal7slp.tv\/2019\/mexico-entre-los-paises-menos-competitivos-y-mas-desiguales-segun-informe\/#breadcrumb","itemListElement":[{"@type":"ListItem","position":1,"name":"Home","item":"https:\/\/canal7slp.tv\/2019\/"},{"@type":"ListItem","position":2,"name":"M\u00e9xico, entre los pa\u00edses menos competitivos y m\u00e1s desiguales, seg\u00fan informe"}]},{"@type":"WebSite","@id":"https:\/\/canal7slp.tv\/2019\/#website","url":"https:\/\/canal7slp.tv\/2019\/","name":"Canal 7 SLP - Somos TV","description":"Somos un Canal de 10","publisher":{"@id":"https:\/\/canal7slp.tv\/2019\/#organization"},"potentialAction":[{"@type":"SearchAction","target":{"@type":"EntryPoint","urlTemplate":"https:\/\/canal7slp.tv\/2019\/?s={search_term_string}"},"query-input":{"@type":"PropertyValueSpecification","valueRequired":true,"valueName":"search_term_string"}}],"inLanguage":"es"},{"@type":"Organization","@id":"https:\/\/canal7slp.tv\/2019\/#organization","name":"Comunicaci\u00f3n 2000 S.A. de C.V.","url":"https:\/\/canal7slp.tv\/2019\/","logo":{"@type":"ImageObject","inLanguage":"es","@id":"https:\/\/canal7slp.tv\/2019\/#\/schema\/logo\/image\/","url":"https:\/\/canal7slp.tv\/2019\/wp-content\/uploads\/2019\/07\/logo-c7.png","contentUrl":"https:\/\/canal7slp.tv\/2019\/wp-content\/uploads\/2019\/07\/logo-c7.png","width":220,"height":60,"caption":"Comunicaci\u00f3n 2000 S.A. de C.V."},"image":{"@id":"https:\/\/canal7slp.tv\/2019\/#\/schema\/logo\/image\/"},"sameAs":["https:\/\/www.facebook.com\/CANAL7SLP\/","https:\/\/x.com\/canal7_slp","https:\/\/www.instagram.com\/canal7_slp","https:\/\/www.youtube.com\/user\/NOTICIEROSCANAL7SLP\/"]},{"@type":"Person","@id":"https:\/\/canal7slp.tv\/2019\/#\/schema\/person\/11d941c1c6ca30ac0a46b95fa37aa2e3","name":"edicionweb","image":{"@type":"ImageObject","inLanguage":"es","@id":"https:\/\/secure.gravatar.com\/avatar\/eee448fc3f7164808013b816ba91ac7e43bbe82a70bebac296f8bc6f0addaa1a?s=96&d=mm&r=g","url":"https:\/\/secure.gravatar.com\/avatar\/eee448fc3f7164808013b816ba91ac7e43bbe82a70bebac296f8bc6f0addaa1a?s=96&d=mm&r=g","contentUrl":"https:\/\/secure.gravatar.com\/avatar\/eee448fc3f7164808013b816ba91ac7e43bbe82a70bebac296f8bc6f0addaa1a?s=96&d=mm&r=g","caption":"edicionweb"}}]}},"amp_enabled":true,"cmb2":{"video_ids_in_playlist":{"vid_p_videos":""},"video_ids_in_channel":{"vid_c_videos":""},"playlist_ids_in_channel":{"vid_c_playlists":""},"series_ids_in_channel":{"vid_c_series":""},"channel_images":{"vid_c_logo":"","vid_c_banner":""},"poster_feature_image":{"vid_m_poster_image":""},"gif_feature_image":{"vid_m_gif_image":""},"video_movie_settings":{"vid_m_director":"","vid_m_actor":"","vid_m_imdb_ratings":"","vid_m_amazon_associates":""},"vid_youtube_broadcasts_settings":{"vid_yb_broadcast_title":"","vid_yb_q":"","vid_yb_channelid":"","vid_yb_videocategoryid":"","vid_yb_maxresults":"","vid_yb_order":"","vid_yb_regioncode":"","vid_yb_videosyndicated":"","vid_yb_style":"","vid_yb_reload_first":""},"video_series_settings":{"vid_m_director":"","vid_m_actor":"","vid_m_imdb_ratings":"","video_series_group":""},"amazon_associates_settings":{"amazon_associates":"","amazon_native_ad":""},"vid_youtube_automatic_settings":{"vid_ya_youtube_source":"","vid_ya_update_every":"","vid_ya_update_unit":"","vid_ya_categories":"","vid_ya_published_after":"","vid_ya_published_before":"","vid_ya_playlists":"","vid_ya_channels":"","vid_ya_director":"","vid_ya_actor":"","vid_ya_author":"","vid_ya_import_post_date":"","vid_ya_status":"","vid_ya_sub_api_key":""},"vid_ads_m_videoads_settings_post":{"vid_ads_m_video_ads":"","vid_ads_m_video_ads_type":"","vid_ads_m_group_google_ima":"","vid_ads_m_group_image":"","vid_ads_m_group_html5_video":"","vid_ads_m_group_html":"","vid_ads_m_vast_preroll":"","vid_ads_m_vast_postroll":"","vid_ads_m_vast_pauseroll":"","vid_ads_m_vast_midroll":[{"vid_ads_m_vast_timer_seconds":"50"}],"vid_ads_m_time_to_show_ads":"","vid_ads_m_time_skip_ads":"","vid_ads_m_time_to_hide_ads":""},"page_slider_settings":{"display_slider_group":"","page_slider_group":""},"blog_page_settings":{"blog_page_title":"","blog_page_heading":"","blog_page_ic":"","blog_page_it":"","blog_page_ec":"","blog_page_ip":"","archive_loop_style":"","blog_image_ratio":"","blog_show_categories":"","blog_show_excerpt":"","blog_show_author":"","blog_show_date":"","blog_show_comment_count":"","blog_show_view_count":"","blog_show_like_count":"","blog_show_dislike_count":"","blog_items_per_page":"","blog_pag_type":""},"page_options":{"get_page_template":"","color_mode":"","main_layout":"","main_layout_full_with":"","main_logo":"","main_logo_retina":"","main_logo_mobile":"","main_logo_mobile_retina":"","sticky_logo":"","sticky_logo_retina":"","main_nav_layout":"","ajax_search":"","header_background":"","theme_sidebar":"","instagram_feed":"","instagram_feed_position":"","popular_videos":"","popular_videos_title_1":"","popular_videos_title_2":"","popular_videos_ic":"","popular_videos_it":"","theme_background":"","page_custom_css":""},"feature_image_settings":{"feature_image_position":""},"video_player_settings":{"single_video_style":"","video_player_position":"","vm_video_url":"","video_player_library":"","video_streaming":"","vm_media_sources":"","vid_auto_play":"","vm_video_shortcode":"","vid_p_sync_playlist":"","vid_c_sync_channel":"","get_post_format":"","multiple_links_structure":"default","multi_links_title":"","vm_video_multi_links":"","vm_duration":"","vid_social_locker":"off","vid_social_locker_id":"","vid_membership_action":"content-video","vm_video_trailer_url":"","vid_download_type":"free","vid_download_target":"download","vid_woo_product":"","vm_media_download":"","user_rating":"","user_rating_position":"","user_rating_mode":"","user_rating_multi_sets":""},"video_auto_fetch_settings":{"vm_video_fetch":"on"},"video_fake_views_likes":{"vm_fake_views":"","vm_fake_likes":"","vm_fake_dislikes":""},"gallery_settings":{"gallery_position":""},"quote_settings":{"quote_position":""},"post_options":{"main_layout":"","main_logo":"","main_logo_retina":"","main_logo_mobile":"","main_logo_mobile_retina":"","sticky_logo":"","sticky_logo_retina":"","main_nav_layout":"","header_background":"","theme_sidebar":"","single_post_comment_type":"","theme_background":""}},"_links":{"self":[{"href":"https:\/\/canal7slp.tv\/2019\/wp-json\/wp\/v2\/posts\/84393","targetHints":{"allow":["GET"]}}],"collection":[{"href":"https:\/\/canal7slp.tv\/2019\/wp-json\/wp\/v2\/posts"}],"about":[{"href":"https:\/\/canal7slp.tv\/2019\/wp-json\/wp\/v2\/types\/post"}],"author":[{"embeddable":true,"href":"https:\/\/canal7slp.tv\/2019\/wp-json\/wp\/v2\/users\/2"}],"replies":[{"embeddable":true,"href":"https:\/\/canal7slp.tv\/2019\/wp-json\/wp\/v2\/comments?post=84393"}],"version-history":[{"count":0,"href":"https:\/\/canal7slp.tv\/2019\/wp-json\/wp\/v2\/posts\/84393\/revisions"}],"wp:featuredmedia":[{"embeddable":true,"href":"https:\/\/canal7slp.tv\/2019\/wp-json\/wp\/v2\/media\/84394"}],"wp:attachment":[{"href":"https:\/\/canal7slp.tv\/2019\/wp-json\/wp\/v2\/media?parent=84393"}],"wp:term":[{"taxonomy":"category","embeddable":true,"href":"https:\/\/canal7slp.tv\/2019\/wp-json\/wp\/v2\/categories?post=84393"},{"taxonomy":"post_tag","embeddable":true,"href":"https:\/\/canal7slp.tv\/2019\/wp-json\/wp\/v2\/tags?post=84393"}],"curies":[{"name":"wp","href":"https:\/\/api.w.org\/{rel}","templated":true}]}}