{"id":8407,"date":"2019-06-06T18:13:08","date_gmt":"2019-06-06T23:13:08","guid":{"rendered":"https:\/\/canal7slp.tv\/2019\/?p=8407"},"modified":"2019-06-06T18:13:08","modified_gmt":"2019-06-06T23:13:08","slug":"presidente-convoca-al-acto-de-unidad-en-defensa-de-la-dignidad-de-mexico-y-en-favor-de-la-amistad-con-estados-unidos-este-sabado-en-tijuana","status":"publish","type":"post","link":"https:\/\/canal7slp.tv\/2019\/presidente-convoca-al-acto-de-unidad-en-defensa-de-la-dignidad-de-mexico-y-en-favor-de-la-amistad-con-estados-unidos-este-sabado-en-tijuana\/","title":{"rendered":"Presidente convoca al acto de unidad en defensa de la dignidad de M\u00e9xico y en favor de la amistad con Estados Unidos, este s\u00e1bado en Tijuana"},"content":{"rendered":"<ul>\n<li style=\"text-align: justify\">Estamos atentos a resultados de las pl\u00e1ticas, estoy optimista; autoridades de EEUU se han portado muy bien<\/li>\n<li style=\"text-align: justify\">Brindamos acompa\u00f1amiento a inmigrantes para dar opciones de trabajo aqu\u00ed, y acompa\u00f1amiento de regreso a sus pa\u00edses de origen; trato humano con apego a la ley<\/li>\n<li style=\"text-align: justify\">Defenderemos a M\u00e9xico y al mismo tiempo nuestra amistad con el pueblo de Estados Unidos<\/li>\n<\/ul>\n<p style=\"text-align: justify\">Ciudad de M\u00e9xico.- Habitantes de todo el territorio nacional, sin distingo de clases sociales o preferencias pol\u00edticas, autoridades estatales e integrantes de los tres Poderes de la Uni\u00f3n, as\u00ed como dirigentes de los sectores econ\u00f3micos y sociales del pa\u00eds son convocados por el presidente Andr\u00e9s Manuel L\u00f3pez Obrador al acto de unidad en defensa de la dignidad de M\u00e9xico y en favor de la amistad con el pueblo de Estados Unidos.<\/p>\n<p style=\"text-align: justify\">En di\u00e1logo con medios de comunicaci\u00f3n, el mandatario reconoci\u00f3 la apertura de su hom\u00f3logo, el presidente Donald Trump, por el di\u00e1logo que contin\u00faa en Washington:<\/p>\n<p style=\"text-align: justify\">\u201cSe han portado muy bien las autoridades de Estados Unidos, el presidente Trump, porque no se han cerrado al di\u00e1logo, y esperemos que el d\u00eda de hoy se logre un acuerdo.\u201d<\/p>\n<p style=\"text-align: justify\">Inform\u00f3 que durante esta ma\u00f1ana se reanudar\u00e1n las conversaciones que, por parte de M\u00e9xico, encabeza el secretario de Relaciones Exteriores, quien informar\u00e1 constantemente sobre los avances.<\/p>\n<p style=\"text-align: justify\">Agreg\u00f3 que se realizan todos los esfuerzos por parte de la misi\u00f3n mexicana \u201cpara llegar a un acuerdo y que no se apliquen las medidas que se han definido de manera unilateral, medidas arancelarias, impuestos, tarifas que afectan a quienes producen en M\u00e9xico y venden sus mercanc\u00edas en Estados Unidos\u201d.<\/p>\n<p style=\"text-align: justify\">Adem\u00e1s de manifestar su confianza en que se llegar\u00e1 a una soluci\u00f3n positiva para ambas partes, el jefe del Ejecutivo federal anunci\u00f3:<\/p>\n<p style=\"text-align: justify\">\u201cQueremos tener una relaci\u00f3n, lo reitero, de amistad con el pueblo y con el gobierno de Estados Unidos. Esa es nuestra postura. Y para fijar con mucha claridad esa postura estoy convocando al pueblo de M\u00e9xico, a todos los sectores de todas las clases sociales, de todas las culturas, para un acto de unidad en defensa de la dignidad de M\u00e9xico y en favor de la amistad con el pueblo de Estados Unidos.\u201d<\/p>\n<p style=\"text-align: justify\">El acto p\u00fablico de unidad se llevar\u00e1 a cabo a las cinco de la tarde en Tijuana, Baja California, el lugar \u201cdonde comienza nuestra patria\u201d, y convoc\u00f3:<\/p>\n<p style=\"text-align: justify\">\u201cEstoy invitando a los gobernadores de todos los estados del pa\u00eds. Voy a invitar a los legisladores federales, locales, de todas las expresiones; a los ministros de la Suprema Corte de Justicia y a los integrantes del Poder Judicial; a dirigentes obreros, dirigentes campesinos, dirigentes de organizaciones sociales; l\u00edderes religiosos, dirigentes empresariales.\u201d<\/p>\n<p style=\"text-align: justify\">Dijo que, independientemente de los resultados de las conversaciones de este d\u00eda, el acto de unidad se llevar\u00e1 a cabo como s\u00edmbolo de conciliaci\u00f3n y amistad con nuestro pa\u00eds vecino, y servir\u00e1 como marco para una eventual respuesta:<\/p>\n<p style=\"text-align: justify\">\u201cEstamos atentos a los resultados de las pl\u00e1ticas y estoy optimista. Pienso que se va a llegar a un acuerdo. Y se est\u00e1 escuchando la opini\u00f3n de todos, de empresarios, de obreros, de gobernadores.<\/p>\n<p style=\"text-align: justify\">\u201cMarcelo Ebrard va a estar permanentemente informando al pueblo de M\u00e9xico. Y el s\u00e1bado a las 5 de la tarde yo voy a dar conocer mi propuesta como presidente de M\u00e9xico.\u201d<\/p>\n<p style=\"text-align: justify\">Que nada separe la sagrada amistad entre M\u00e9xico y Estados Unidos<\/p>\n<p style=\"text-align: justify\">Finalmente, reiter\u00f3 que M\u00e9xico emprende las acciones correspondientes ,de acuerdo con la ley, en torno a las personas que no demuestran su estancia legal en el territorio, es decir, se brinda \u201cacompa\u00f1amiento para dar opciones de trabajo en nuestro pa\u00eds y acompa\u00f1amiento de regreso a sus pa\u00edses de origen\u201d.<\/p>\n<p style=\"text-align: justify\">Reiter\u00f3 que el aumento de personas inmigrantes \u201cse origina fundamentalmente en Centroam\u00e9rica, porque hay una crisis grave, econ\u00f3mica, social, sobre todo en Honduras y muchos hermanos centroamericanos se ven obligados a emigrar en busca de algo que mitigue su hambre, su pobreza y tambi\u00e9n por la violencia\u201d.<\/p>\n<p style=\"text-align: justify\">Por ello, la propuesta principal de M\u00e9xico es \u201cque se apoye a los pueblos de Centroam\u00e9rica, que se impulsen las actividades productivas, que haya trabajo, que haya bienestar\u201d.<\/p>\n<p style=\"text-align: justify\">Al concluir, dijo respecto al acto de unidad:<\/p>\n<p style=\"text-align: justify\">\u201cCreo que van a participar ciudadanos de todo el pa\u00eds. Corran la voz, digan que va a haber este encuentro para unirnos, para defender la dignidad de M\u00e9xico y defender al mismo tiempo la relaci\u00f3n de amistad con el pueblo de Estados Unidos.<\/p>\n<p style=\"text-align: justify\">\u201cQue nada, nada, separe la sagrada amistad entre el pueblo de M\u00e9xico y el pueblo de Estados Unidos.\u201d<\/p>\n","protected":false},"excerpt":{"rendered":"<p>Estamos atentos a resultados de las pl\u00e1ticas, estoy optimista; autoridades de EEUU se han portado muy bien Brindamos acompa\u00f1amiento a inmigrantes para dar opciones de trabajo aqu\u00ed, y acompa\u00f1amiento de regreso a sus pa\u00edses de origen; trato humano con apego a la ley Defenderemos a M\u00e9xico y al mismo tiempo nuestra amistad con el pueblo [&hellip;]<\/p>\n","protected":false},"author":2,"featured_media":8408,"comment_status":"open","ping_status":"closed","sticky":false,"template":"","format":"standard","meta":{"footnotes":""},"categories":[30],"tags":[],"class_list":["post-8407","post","type-post","status-publish","format-standard","has-post-thumbnail","hentry","category-nacional"],"yoast_head":"<!-- This site is optimized with the Yoast SEO plugin v27.4 - https:\/\/yoast.com\/product\/yoast-seo-wordpress\/ -->\n<title>Presidente convoca al acto de unidad en defensa de la dignidad de M\u00e9xico y en favor de la amistad con Estados Unidos, este s\u00e1bado en Tijuana - Canal 7 SLP - 2019<\/title>\n<meta name=\"robots\" content=\"index, follow, max-snippet:-1, max-image-preview:large, max-video-preview:-1\" \/>\n<link rel=\"canonical\" href=\"https:\/\/canal7slp.tv\/2019\/presidente-convoca-al-acto-de-unidad-en-defensa-de-la-dignidad-de-mexico-y-en-favor-de-la-amistad-con-estados-unidos-este-sabado-en-tijuana\/\" \/>\n<meta property=\"og:locale\" content=\"es_ES\" \/>\n<meta property=\"og:type\" content=\"article\" \/>\n<meta property=\"og:title\" content=\"Presidente convoca al acto de unidad en defensa de la dignidad de M\u00e9xico y en favor de la amistad con Estados Unidos, este s\u00e1bado en Tijuana - Canal 7 SLP - 2019\" \/>\n<meta property=\"og:description\" content=\"Estamos atentos a resultados de las pl\u00e1ticas, estoy optimista; autoridades de EEUU se han portado muy bien Brindamos acompa\u00f1amiento a inmigrantes para dar opciones de trabajo aqu\u00ed, y acompa\u00f1amiento de regreso a sus pa\u00edses de origen; trato humano con apego a la ley Defenderemos a M\u00e9xico y al mismo tiempo nuestra amistad con el pueblo [&hellip;]\" \/>\n<meta property=\"og:url\" content=\"https:\/\/canal7slp.tv\/2019\/presidente-convoca-al-acto-de-unidad-en-defensa-de-la-dignidad-de-mexico-y-en-favor-de-la-amistad-con-estados-unidos-este-sabado-en-tijuana\/\" \/>\n<meta property=\"og:site_name\" content=\"Canal 7 SLP - 2019\" \/>\n<meta property=\"article:publisher\" content=\"https:\/\/www.facebook.com\/CANAL7SLP\/\" \/>\n<meta property=\"article:published_time\" content=\"2019-06-06T23:13:08+00:00\" \/>\n<meta property=\"og:image\" content=\"https:\/\/canal7slp.tv\/2019\/wp-content\/uploads\/2019\/06\/amlo-1.jpg\" \/>\n\t<meta property=\"og:image:width\" content=\"840\" \/>\n\t<meta property=\"og:image:height\" content=\"597\" \/>\n\t<meta property=\"og:image:type\" content=\"image\/jpeg\" \/>\n<meta name=\"author\" content=\"edicionweb\" \/>\n<meta name=\"twitter:card\" content=\"summary_large_image\" \/>\n<meta name=\"twitter:creator\" content=\"@canal7_slp\" \/>\n<meta name=\"twitter:site\" content=\"@canal7_slp\" \/>\n<meta name=\"twitter:label1\" content=\"Escrito por\" \/>\n\t<meta name=\"twitter:data1\" content=\"edicionweb\" \/>\n\t<meta name=\"twitter:label2\" content=\"Tiempo de lectura\" \/>\n\t<meta name=\"twitter:data2\" content=\"4 minutos\" \/>\n<script type=\"application\/ld+json\" class=\"yoast-schema-graph\">{\"@context\":\"https:\\\/\\\/schema.org\",\"@graph\":[{\"@type\":\"Article\",\"@id\":\"https:\\\/\\\/canal7slp.tv\\\/2019\\\/presidente-convoca-al-acto-de-unidad-en-defensa-de-la-dignidad-de-mexico-y-en-favor-de-la-amistad-con-estados-unidos-este-sabado-en-tijuana\\\/#article\",\"isPartOf\":{\"@id\":\"https:\\\/\\\/canal7slp.tv\\\/2019\\\/presidente-convoca-al-acto-de-unidad-en-defensa-de-la-dignidad-de-mexico-y-en-favor-de-la-amistad-con-estados-unidos-este-sabado-en-tijuana\\\/\"},\"author\":{\"name\":\"edicionweb\",\"@id\":\"https:\\\/\\\/canal7slp.tv\\\/2019\\\/#\\\/schema\\\/person\\\/11d941c1c6ca30ac0a46b95fa37aa2e3\"},\"headline\":\"Presidente convoca al acto de unidad en defensa de la dignidad de M\u00e9xico y en favor de la amistad con Estados Unidos, este s\u00e1bado en Tijuana\",\"datePublished\":\"2019-06-06T23:13:08+00:00\",\"mainEntityOfPage\":{\"@id\":\"https:\\\/\\\/canal7slp.tv\\\/2019\\\/presidente-convoca-al-acto-de-unidad-en-defensa-de-la-dignidad-de-mexico-y-en-favor-de-la-amistad-con-estados-unidos-este-sabado-en-tijuana\\\/\"},\"wordCount\":828,\"commentCount\":0,\"publisher\":{\"@id\":\"https:\\\/\\\/canal7slp.tv\\\/2019\\\/#organization\"},\"image\":{\"@id\":\"https:\\\/\\\/canal7slp.tv\\\/2019\\\/presidente-convoca-al-acto-de-unidad-en-defensa-de-la-dignidad-de-mexico-y-en-favor-de-la-amistad-con-estados-unidos-este-sabado-en-tijuana\\\/#primaryimage\"},\"thumbnailUrl\":\"https:\\\/\\\/canal7slp.tv\\\/2019\\\/wp-content\\\/uploads\\\/2019\\\/06\\\/amlo-1.jpg\",\"articleSection\":[\"NACIONAL\"],\"inLanguage\":\"es\",\"potentialAction\":[{\"@type\":\"CommentAction\",\"name\":\"Comment\",\"target\":[\"https:\\\/\\\/canal7slp.tv\\\/2019\\\/presidente-convoca-al-acto-de-unidad-en-defensa-de-la-dignidad-de-mexico-y-en-favor-de-la-amistad-con-estados-unidos-este-sabado-en-tijuana\\\/#respond\"]}]},{\"@type\":\"WebPage\",\"@id\":\"https:\\\/\\\/canal7slp.tv\\\/2019\\\/presidente-convoca-al-acto-de-unidad-en-defensa-de-la-dignidad-de-mexico-y-en-favor-de-la-amistad-con-estados-unidos-este-sabado-en-tijuana\\\/\",\"url\":\"https:\\\/\\\/canal7slp.tv\\\/2019\\\/presidente-convoca-al-acto-de-unidad-en-defensa-de-la-dignidad-de-mexico-y-en-favor-de-la-amistad-con-estados-unidos-este-sabado-en-tijuana\\\/\",\"name\":\"Presidente convoca al acto de unidad en defensa de la dignidad de M\u00e9xico y en favor de la amistad con Estados Unidos, este s\u00e1bado en Tijuana - Canal 7 SLP - 2019\",\"isPartOf\":{\"@id\":\"https:\\\/\\\/canal7slp.tv\\\/2019\\\/#website\"},\"primaryImageOfPage\":{\"@id\":\"https:\\\/\\\/canal7slp.tv\\\/2019\\\/presidente-convoca-al-acto-de-unidad-en-defensa-de-la-dignidad-de-mexico-y-en-favor-de-la-amistad-con-estados-unidos-este-sabado-en-tijuana\\\/#primaryimage\"},\"image\":{\"@id\":\"https:\\\/\\\/canal7slp.tv\\\/2019\\\/presidente-convoca-al-acto-de-unidad-en-defensa-de-la-dignidad-de-mexico-y-en-favor-de-la-amistad-con-estados-unidos-este-sabado-en-tijuana\\\/#primaryimage\"},\"thumbnailUrl\":\"https:\\\/\\\/canal7slp.tv\\\/2019\\\/wp-content\\\/uploads\\\/2019\\\/06\\\/amlo-1.jpg\",\"datePublished\":\"2019-06-06T23:13:08+00:00\",\"breadcrumb\":{\"@id\":\"https:\\\/\\\/canal7slp.tv\\\/2019\\\/presidente-convoca-al-acto-de-unidad-en-defensa-de-la-dignidad-de-mexico-y-en-favor-de-la-amistad-con-estados-unidos-este-sabado-en-tijuana\\\/#breadcrumb\"},\"inLanguage\":\"es\",\"potentialAction\":[{\"@type\":\"ReadAction\",\"target\":[\"https:\\\/\\\/canal7slp.tv\\\/2019\\\/presidente-convoca-al-acto-de-unidad-en-defensa-de-la-dignidad-de-mexico-y-en-favor-de-la-amistad-con-estados-unidos-este-sabado-en-tijuana\\\/\"]}]},{\"@type\":\"ImageObject\",\"inLanguage\":\"es\",\"@id\":\"https:\\\/\\\/canal7slp.tv\\\/2019\\\/presidente-convoca-al-acto-de-unidad-en-defensa-de-la-dignidad-de-mexico-y-en-favor-de-la-amistad-con-estados-unidos-este-sabado-en-tijuana\\\/#primaryimage\",\"url\":\"https:\\\/\\\/canal7slp.tv\\\/2019\\\/wp-content\\\/uploads\\\/2019\\\/06\\\/amlo-1.jpg\",\"contentUrl\":\"https:\\\/\\\/canal7slp.tv\\\/2019\\\/wp-content\\\/uploads\\\/2019\\\/06\\\/amlo-1.jpg\",\"width\":840,\"height\":597},{\"@type\":\"BreadcrumbList\",\"@id\":\"https:\\\/\\\/canal7slp.tv\\\/2019\\\/presidente-convoca-al-acto-de-unidad-en-defensa-de-la-dignidad-de-mexico-y-en-favor-de-la-amistad-con-estados-unidos-este-sabado-en-tijuana\\\/#breadcrumb\",\"itemListElement\":[{\"@type\":\"ListItem\",\"position\":1,\"name\":\"Home\",\"item\":\"https:\\\/\\\/canal7slp.tv\\\/2019\\\/\"},{\"@type\":\"ListItem\",\"position\":2,\"name\":\"Presidente convoca al acto de unidad en defensa de la dignidad de M\u00e9xico y en favor de la amistad con Estados Unidos, este s\u00e1bado en Tijuana\"}]},{\"@type\":\"WebSite\",\"@id\":\"https:\\\/\\\/canal7slp.tv\\\/2019\\\/#website\",\"url\":\"https:\\\/\\\/canal7slp.tv\\\/2019\\\/\",\"name\":\"Canal 7 SLP - Somos TV\",\"description\":\"Somos un Canal de 10\",\"publisher\":{\"@id\":\"https:\\\/\\\/canal7slp.tv\\\/2019\\\/#organization\"},\"potentialAction\":[{\"@type\":\"SearchAction\",\"target\":{\"@type\":\"EntryPoint\",\"urlTemplate\":\"https:\\\/\\\/canal7slp.tv\\\/2019\\\/?s={search_term_string}\"},\"query-input\":{\"@type\":\"PropertyValueSpecification\",\"valueRequired\":true,\"valueName\":\"search_term_string\"}}],\"inLanguage\":\"es\"},{\"@type\":\"Organization\",\"@id\":\"https:\\\/\\\/canal7slp.tv\\\/2019\\\/#organization\",\"name\":\"Comunicaci\u00f3n 2000 S.A. de C.V.\",\"url\":\"https:\\\/\\\/canal7slp.tv\\\/2019\\\/\",\"logo\":{\"@type\":\"ImageObject\",\"inLanguage\":\"es\",\"@id\":\"https:\\\/\\\/canal7slp.tv\\\/2019\\\/#\\\/schema\\\/logo\\\/image\\\/\",\"url\":\"https:\\\/\\\/canal7slp.tv\\\/2019\\\/wp-content\\\/uploads\\\/2019\\\/07\\\/logo-c7.png\",\"contentUrl\":\"https:\\\/\\\/canal7slp.tv\\\/2019\\\/wp-content\\\/uploads\\\/2019\\\/07\\\/logo-c7.png\",\"width\":220,\"height\":60,\"caption\":\"Comunicaci\u00f3n 2000 S.A. de C.V.\"},\"image\":{\"@id\":\"https:\\\/\\\/canal7slp.tv\\\/2019\\\/#\\\/schema\\\/logo\\\/image\\\/\"},\"sameAs\":[\"https:\\\/\\\/www.facebook.com\\\/CANAL7SLP\\\/\",\"https:\\\/\\\/x.com\\\/canal7_slp\",\"https:\\\/\\\/www.instagram.com\\\/canal7_slp\",\"https:\\\/\\\/www.youtube.com\\\/user\\\/NOTICIEROSCANAL7SLP\\\/\"]},{\"@type\":\"Person\",\"@id\":\"https:\\\/\\\/canal7slp.tv\\\/2019\\\/#\\\/schema\\\/person\\\/11d941c1c6ca30ac0a46b95fa37aa2e3\",\"name\":\"edicionweb\",\"image\":{\"@type\":\"ImageObject\",\"inLanguage\":\"es\",\"@id\":\"https:\\\/\\\/secure.gravatar.com\\\/avatar\\\/eee448fc3f7164808013b816ba91ac7e43bbe82a70bebac296f8bc6f0addaa1a?s=96&d=mm&r=g\",\"url\":\"https:\\\/\\\/secure.gravatar.com\\\/avatar\\\/eee448fc3f7164808013b816ba91ac7e43bbe82a70bebac296f8bc6f0addaa1a?s=96&d=mm&r=g\",\"contentUrl\":\"https:\\\/\\\/secure.gravatar.com\\\/avatar\\\/eee448fc3f7164808013b816ba91ac7e43bbe82a70bebac296f8bc6f0addaa1a?s=96&d=mm&r=g\",\"caption\":\"edicionweb\"}}]}<\/script>\n<!-- \/ Yoast SEO plugin. -->","yoast_head_json":{"title":"Presidente convoca al acto de unidad en defensa de la dignidad de M\u00e9xico y en favor de la amistad con Estados Unidos, este s\u00e1bado en Tijuana - Canal 7 SLP - 2019","robots":{"index":"index","follow":"follow","max-snippet":"max-snippet:-1","max-image-preview":"max-image-preview:large","max-video-preview":"max-video-preview:-1"},"canonical":"https:\/\/canal7slp.tv\/2019\/presidente-convoca-al-acto-de-unidad-en-defensa-de-la-dignidad-de-mexico-y-en-favor-de-la-amistad-con-estados-unidos-este-sabado-en-tijuana\/","og_locale":"es_ES","og_type":"article","og_title":"Presidente convoca al acto de unidad en defensa de la dignidad de M\u00e9xico y en favor de la amistad con Estados Unidos, este s\u00e1bado en Tijuana - Canal 7 SLP - 2019","og_description":"Estamos atentos a resultados de las pl\u00e1ticas, estoy optimista; autoridades de EEUU se han portado muy bien Brindamos acompa\u00f1amiento a inmigrantes para dar opciones de trabajo aqu\u00ed, y acompa\u00f1amiento de regreso a sus pa\u00edses de origen; trato humano con apego a la ley Defenderemos a M\u00e9xico y al mismo tiempo nuestra amistad con el pueblo [&hellip;]","og_url":"https:\/\/canal7slp.tv\/2019\/presidente-convoca-al-acto-de-unidad-en-defensa-de-la-dignidad-de-mexico-y-en-favor-de-la-amistad-con-estados-unidos-este-sabado-en-tijuana\/","og_site_name":"Canal 7 SLP - 2019","article_publisher":"https:\/\/www.facebook.com\/CANAL7SLP\/","article_published_time":"2019-06-06T23:13:08+00:00","og_image":[{"width":840,"height":597,"url":"https:\/\/canal7slp.tv\/2019\/wp-content\/uploads\/2019\/06\/amlo-1.jpg","type":"image\/jpeg"}],"author":"edicionweb","twitter_card":"summary_large_image","twitter_creator":"@canal7_slp","twitter_site":"@canal7_slp","twitter_misc":{"Escrito por":"edicionweb","Tiempo de lectura":"4 minutos"},"schema":{"@context":"https:\/\/schema.org","@graph":[{"@type":"Article","@id":"https:\/\/canal7slp.tv\/2019\/presidente-convoca-al-acto-de-unidad-en-defensa-de-la-dignidad-de-mexico-y-en-favor-de-la-amistad-con-estados-unidos-este-sabado-en-tijuana\/#article","isPartOf":{"@id":"https:\/\/canal7slp.tv\/2019\/presidente-convoca-al-acto-de-unidad-en-defensa-de-la-dignidad-de-mexico-y-en-favor-de-la-amistad-con-estados-unidos-este-sabado-en-tijuana\/"},"author":{"name":"edicionweb","@id":"https:\/\/canal7slp.tv\/2019\/#\/schema\/person\/11d941c1c6ca30ac0a46b95fa37aa2e3"},"headline":"Presidente convoca al acto de unidad en defensa de la dignidad de M\u00e9xico y en favor de la amistad con Estados Unidos, este s\u00e1bado en Tijuana","datePublished":"2019-06-06T23:13:08+00:00","mainEntityOfPage":{"@id":"https:\/\/canal7slp.tv\/2019\/presidente-convoca-al-acto-de-unidad-en-defensa-de-la-dignidad-de-mexico-y-en-favor-de-la-amistad-con-estados-unidos-este-sabado-en-tijuana\/"},"wordCount":828,"commentCount":0,"publisher":{"@id":"https:\/\/canal7slp.tv\/2019\/#organization"},"image":{"@id":"https:\/\/canal7slp.tv\/2019\/presidente-convoca-al-acto-de-unidad-en-defensa-de-la-dignidad-de-mexico-y-en-favor-de-la-amistad-con-estados-unidos-este-sabado-en-tijuana\/#primaryimage"},"thumbnailUrl":"https:\/\/canal7slp.tv\/2019\/wp-content\/uploads\/2019\/06\/amlo-1.jpg","articleSection":["NACIONAL"],"inLanguage":"es","potentialAction":[{"@type":"CommentAction","name":"Comment","target":["https:\/\/canal7slp.tv\/2019\/presidente-convoca-al-acto-de-unidad-en-defensa-de-la-dignidad-de-mexico-y-en-favor-de-la-amistad-con-estados-unidos-este-sabado-en-tijuana\/#respond"]}]},{"@type":"WebPage","@id":"https:\/\/canal7slp.tv\/2019\/presidente-convoca-al-acto-de-unidad-en-defensa-de-la-dignidad-de-mexico-y-en-favor-de-la-amistad-con-estados-unidos-este-sabado-en-tijuana\/","url":"https:\/\/canal7slp.tv\/2019\/presidente-convoca-al-acto-de-unidad-en-defensa-de-la-dignidad-de-mexico-y-en-favor-de-la-amistad-con-estados-unidos-este-sabado-en-tijuana\/","name":"Presidente convoca al acto de unidad en defensa de la dignidad de M\u00e9xico y en favor de la amistad con Estados Unidos, este s\u00e1bado en Tijuana - Canal 7 SLP - 2019","isPartOf":{"@id":"https:\/\/canal7slp.tv\/2019\/#website"},"primaryImageOfPage":{"@id":"https:\/\/canal7slp.tv\/2019\/presidente-convoca-al-acto-de-unidad-en-defensa-de-la-dignidad-de-mexico-y-en-favor-de-la-amistad-con-estados-unidos-este-sabado-en-tijuana\/#primaryimage"},"image":{"@id":"https:\/\/canal7slp.tv\/2019\/presidente-convoca-al-acto-de-unidad-en-defensa-de-la-dignidad-de-mexico-y-en-favor-de-la-amistad-con-estados-unidos-este-sabado-en-tijuana\/#primaryimage"},"thumbnailUrl":"https:\/\/canal7slp.tv\/2019\/wp-content\/uploads\/2019\/06\/amlo-1.jpg","datePublished":"2019-06-06T23:13:08+00:00","breadcrumb":{"@id":"https:\/\/canal7slp.tv\/2019\/presidente-convoca-al-acto-de-unidad-en-defensa-de-la-dignidad-de-mexico-y-en-favor-de-la-amistad-con-estados-unidos-este-sabado-en-tijuana\/#breadcrumb"},"inLanguage":"es","potentialAction":[{"@type":"ReadAction","target":["https:\/\/canal7slp.tv\/2019\/presidente-convoca-al-acto-de-unidad-en-defensa-de-la-dignidad-de-mexico-y-en-favor-de-la-amistad-con-estados-unidos-este-sabado-en-tijuana\/"]}]},{"@type":"ImageObject","inLanguage":"es","@id":"https:\/\/canal7slp.tv\/2019\/presidente-convoca-al-acto-de-unidad-en-defensa-de-la-dignidad-de-mexico-y-en-favor-de-la-amistad-con-estados-unidos-este-sabado-en-tijuana\/#primaryimage","url":"https:\/\/canal7slp.tv\/2019\/wp-content\/uploads\/2019\/06\/amlo-1.jpg","contentUrl":"https:\/\/canal7slp.tv\/2019\/wp-content\/uploads\/2019\/06\/amlo-1.jpg","width":840,"height":597},{"@type":"BreadcrumbList","@id":"https:\/\/canal7slp.tv\/2019\/presidente-convoca-al-acto-de-unidad-en-defensa-de-la-dignidad-de-mexico-y-en-favor-de-la-amistad-con-estados-unidos-este-sabado-en-tijuana\/#breadcrumb","itemListElement":[{"@type":"ListItem","position":1,"name":"Home","item":"https:\/\/canal7slp.tv\/2019\/"},{"@type":"ListItem","position":2,"name":"Presidente convoca al acto de unidad en defensa de la dignidad de M\u00e9xico y en favor de la amistad con Estados Unidos, este s\u00e1bado en Tijuana"}]},{"@type":"WebSite","@id":"https:\/\/canal7slp.tv\/2019\/#website","url":"https:\/\/canal7slp.tv\/2019\/","name":"Canal 7 SLP - Somos TV","description":"Somos un Canal de 10","publisher":{"@id":"https:\/\/canal7slp.tv\/2019\/#organization"},"potentialAction":[{"@type":"SearchAction","target":{"@type":"EntryPoint","urlTemplate":"https:\/\/canal7slp.tv\/2019\/?s={search_term_string}"},"query-input":{"@type":"PropertyValueSpecification","valueRequired":true,"valueName":"search_term_string"}}],"inLanguage":"es"},{"@type":"Organization","@id":"https:\/\/canal7slp.tv\/2019\/#organization","name":"Comunicaci\u00f3n 2000 S.A. de C.V.","url":"https:\/\/canal7slp.tv\/2019\/","logo":{"@type":"ImageObject","inLanguage":"es","@id":"https:\/\/canal7slp.tv\/2019\/#\/schema\/logo\/image\/","url":"https:\/\/canal7slp.tv\/2019\/wp-content\/uploads\/2019\/07\/logo-c7.png","contentUrl":"https:\/\/canal7slp.tv\/2019\/wp-content\/uploads\/2019\/07\/logo-c7.png","width":220,"height":60,"caption":"Comunicaci\u00f3n 2000 S.A. de C.V."},"image":{"@id":"https:\/\/canal7slp.tv\/2019\/#\/schema\/logo\/image\/"},"sameAs":["https:\/\/www.facebook.com\/CANAL7SLP\/","https:\/\/x.com\/canal7_slp","https:\/\/www.instagram.com\/canal7_slp","https:\/\/www.youtube.com\/user\/NOTICIEROSCANAL7SLP\/"]},{"@type":"Person","@id":"https:\/\/canal7slp.tv\/2019\/#\/schema\/person\/11d941c1c6ca30ac0a46b95fa37aa2e3","name":"edicionweb","image":{"@type":"ImageObject","inLanguage":"es","@id":"https:\/\/secure.gravatar.com\/avatar\/eee448fc3f7164808013b816ba91ac7e43bbe82a70bebac296f8bc6f0addaa1a?s=96&d=mm&r=g","url":"https:\/\/secure.gravatar.com\/avatar\/eee448fc3f7164808013b816ba91ac7e43bbe82a70bebac296f8bc6f0addaa1a?s=96&d=mm&r=g","contentUrl":"https:\/\/secure.gravatar.com\/avatar\/eee448fc3f7164808013b816ba91ac7e43bbe82a70bebac296f8bc6f0addaa1a?s=96&d=mm&r=g","caption":"edicionweb"}}]}},"amp_enabled":true,"cmb2":{"video_ids_in_playlist":{"vid_p_videos":""},"video_ids_in_channel":{"vid_c_videos":""},"playlist_ids_in_channel":{"vid_c_playlists":""},"series_ids_in_channel":{"vid_c_series":""},"channel_images":{"vid_c_logo":"","vid_c_banner":""},"poster_feature_image":{"vid_m_poster_image":""},"gif_feature_image":{"vid_m_gif_image":""},"video_movie_settings":{"vid_m_director":"","vid_m_actor":"","vid_m_imdb_ratings":"","vid_m_amazon_associates":""},"vid_youtube_broadcasts_settings":{"vid_yb_broadcast_title":"","vid_yb_q":"","vid_yb_channelid":"","vid_yb_videocategoryid":"","vid_yb_maxresults":"","vid_yb_order":"","vid_yb_regioncode":"","vid_yb_videosyndicated":"","vid_yb_style":"","vid_yb_reload_first":""},"video_series_settings":{"vid_m_director":"","vid_m_actor":"","vid_m_imdb_ratings":"","video_series_group":""},"amazon_associates_settings":{"amazon_associates":"","amazon_native_ad":""},"vid_youtube_automatic_settings":{"vid_ya_youtube_source":"","vid_ya_update_every":"","vid_ya_update_unit":"","vid_ya_categories":"","vid_ya_published_after":"","vid_ya_published_before":"","vid_ya_playlists":"","vid_ya_channels":"","vid_ya_director":"","vid_ya_actor":"","vid_ya_author":"","vid_ya_import_post_date":"","vid_ya_status":"","vid_ya_sub_api_key":""},"vid_ads_m_videoads_settings_post":{"vid_ads_m_video_ads":"","vid_ads_m_video_ads_type":"","vid_ads_m_group_google_ima":"","vid_ads_m_group_image":"","vid_ads_m_group_html5_video":"","vid_ads_m_group_html":"","vid_ads_m_vast_preroll":"","vid_ads_m_vast_postroll":"","vid_ads_m_vast_pauseroll":"","vid_ads_m_vast_midroll":[{"vid_ads_m_vast_timer_seconds":"50"}],"vid_ads_m_time_to_show_ads":"","vid_ads_m_time_skip_ads":"","vid_ads_m_time_to_hide_ads":""},"page_slider_settings":{"display_slider_group":"","page_slider_group":""},"blog_page_settings":{"blog_page_title":"","blog_page_heading":"","blog_page_ic":"","blog_page_it":"","blog_page_ec":"","blog_page_ip":"","archive_loop_style":"","blog_image_ratio":"","blog_show_categories":"","blog_show_excerpt":"","blog_show_author":"","blog_show_date":"","blog_show_comment_count":"","blog_show_view_count":"","blog_show_like_count":"","blog_show_dislike_count":"","blog_items_per_page":"","blog_pag_type":""},"page_options":{"get_page_template":"","color_mode":"","main_layout":"","main_layout_full_with":"","main_logo":"","main_logo_retina":"","main_logo_mobile":"","main_logo_mobile_retina":"","sticky_logo":"","sticky_logo_retina":"","main_nav_layout":"","ajax_search":"","header_background":"","theme_sidebar":"","instagram_feed":"","instagram_feed_position":"","popular_videos":"","popular_videos_title_1":"","popular_videos_title_2":"","popular_videos_ic":"","popular_videos_it":"","theme_background":"","page_custom_css":""},"feature_image_settings":{"feature_image_position":""},"video_player_settings":{"single_video_style":"","video_player_position":"","vm_video_url":"","video_player_library":"","video_streaming":"","vm_media_sources":"","vid_auto_play":"","vm_video_shortcode":"","vid_p_sync_playlist":"","vid_c_sync_channel":"","get_post_format":"","multiple_links_structure":"default","multi_links_title":"","vm_video_multi_links":"","vm_duration":"","vid_social_locker":"off","vid_social_locker_id":"","vid_membership_action":"content-video","vm_video_trailer_url":"","vid_download_type":"free","vid_download_target":"download","vid_woo_product":"","vm_media_download":"","user_rating":"","user_rating_position":"","user_rating_mode":"","user_rating_multi_sets":""},"video_auto_fetch_settings":{"vm_video_fetch":"on"},"video_fake_views_likes":{"vm_fake_views":"","vm_fake_likes":"","vm_fake_dislikes":""},"gallery_settings":{"gallery_position":""},"quote_settings":{"quote_position":""},"post_options":{"main_layout":"","main_logo":"","main_logo_retina":"","main_logo_mobile":"","main_logo_mobile_retina":"","sticky_logo":"","sticky_logo_retina":"","main_nav_layout":"","header_background":"","theme_sidebar":"","single_post_comment_type":"","theme_background":""}},"_links":{"self":[{"href":"https:\/\/canal7slp.tv\/2019\/wp-json\/wp\/v2\/posts\/8407","targetHints":{"allow":["GET"]}}],"collection":[{"href":"https:\/\/canal7slp.tv\/2019\/wp-json\/wp\/v2\/posts"}],"about":[{"href":"https:\/\/canal7slp.tv\/2019\/wp-json\/wp\/v2\/types\/post"}],"author":[{"embeddable":true,"href":"https:\/\/canal7slp.tv\/2019\/wp-json\/wp\/v2\/users\/2"}],"replies":[{"embeddable":true,"href":"https:\/\/canal7slp.tv\/2019\/wp-json\/wp\/v2\/comments?post=8407"}],"version-history":[{"count":0,"href":"https:\/\/canal7slp.tv\/2019\/wp-json\/wp\/v2\/posts\/8407\/revisions"}],"wp:featuredmedia":[{"embeddable":true,"href":"https:\/\/canal7slp.tv\/2019\/wp-json\/wp\/v2\/media\/8408"}],"wp:attachment":[{"href":"https:\/\/canal7slp.tv\/2019\/wp-json\/wp\/v2\/media?parent=8407"}],"wp:term":[{"taxonomy":"category","embeddable":true,"href":"https:\/\/canal7slp.tv\/2019\/wp-json\/wp\/v2\/categories?post=8407"},{"taxonomy":"post_tag","embeddable":true,"href":"https:\/\/canal7slp.tv\/2019\/wp-json\/wp\/v2\/tags?post=8407"}],"curies":[{"name":"wp","href":"https:\/\/api.w.org\/{rel}","templated":true}]}}