{"id":83936,"date":"2019-11-24T09:50:40","date_gmt":"2019-11-24T15:50:40","guid":{"rendered":"https:\/\/canal7slp.tv\/2019\/?p=83936"},"modified":"2019-11-24T09:50:40","modified_gmt":"2019-11-24T15:50:40","slug":"el-senado-aprueba-nuevas-elecciones-en-bolivia-sin-morales","status":"publish","type":"post","link":"https:\/\/canal7slp.tv\/2019\/el-senado-aprueba-nuevas-elecciones-en-bolivia-sin-morales\/","title":{"rendered":"El Senado aprueba nuevas elecciones en Bolivia, sin Morales"},"content":{"rendered":"<ul>\n<li style=\"text-align: justify\">El \u00f3rgano legislativo anuncia el aval del proyecto &#8220;R\u00e9gimen Excepcional y Transitorio para la realizaci\u00f3n de Elecciones Generales&#8221;<\/li>\n<\/ul>\n<p style=\"text-align: justify\">Bolivia.- El Senado boliviano dio paso el s\u00e1bado a nuevas elecciones generales sin Evo Morales como candidato, tras la violenta crisis que estall\u00f3 hace un mes en torno a la figura del exmandatario y que deja 32 muertos.<\/p>\n<p style=\"text-align: justify\">&#8220;Se aprueba por unanimidad (&#8230;) el Proyecto de Ley &#8216;R\u00e9gimen Excepcional y Transitorio para la realizaci\u00f3n de Elecciones Generales&#8217; &#8220;, anunci\u00f3 el \u00f3rgano legislativo reunido en sesi\u00f3n extraordinaria.<\/p>\n<p style=\"text-align: justify\">La iniciativa fue remitida esta misma tarde para su aprobaci\u00f3n en la C\u00e1mara de Diputados, donde deber\u00e1 recibir luz verde antes de convertirse en ley con la firma de la presidenta interina Jeanine \u00c1\u00f1ez.<\/p>\n<p style=\"text-align: justify\">Simult\u00e1neamente, el gobierno provisional abrir\u00e1 el di\u00e1logo con los movimientos de protesta en busca de un acuerdo que ponga fin a los bloqueos y manifestaciones que dejan 32 muertos, 17 de ellos en choques con militares y polic\u00edas, en los \u00faltimos nueve d\u00edas.<\/p>\n<p style=\"text-align: justify\">De concretarse ambas iniciativas, el llamado a nuevos comicios y la &#8220;pacificaci\u00f3n&#8221; de las calles, Bolivia comenzar\u00eda a ver la luz despu\u00e9s de atravesar por su peor convulsi\u00f3n en poco menos de dos d\u00e9cadas.<\/p>\n<p style=\"text-align: justify\">El primer paso lo dio el Senado anulando las elecciones del 20 de octubre, en las que Morales hab\u00eda obtenido un nuevo mandato de cinco a\u00f1os en un proceso que fue contestado por la oposici\u00f3n en las calles por presunto fraude. La OEA tambi\u00e9n dijo haber detectado graves irregularidades.<\/p>\n<p style=\"text-align: justify\">Se van a &#8220;dejar sin efecto legal las anteriores elecciones y sus resultados que ocasionaron la movilizaci\u00f3n ciudadana&#8221;, sostuvo el senador Oscar Ortiz, quien desde la oposici\u00f3n a Morales lider\u00f3 las negociaciones que desembocaron en el borrador de la propuesta.<\/p>\n<p style=\"text-align: justify\">El proyecto, que en principio cuenta con el respaldo del Movimiento Al Socialismo (MAS) que lidera Morales, prev\u00e9 la organizaci\u00f3n de nuevos comicios generales y la renovaci\u00f3n del Tribunal Supremo Electoral, cuyos antiguos vocales fueron removidos acusados de haber manipulado el escrutinio.<\/p>\n<p style=\"text-align: justify\">Al mismo tiempo cierra la puerta a la postulaci\u00f3n de Morales, quien ejerci\u00f3 el poder por casi 14 a\u00f1os con una alta popularidad que fue menguando pese a sus logros sociales y econ\u00f3micos, debido a su empe\u00f1o de mantenerse en el cargo aun con un referendo en contra en 2016.<\/p>\n<p style=\"text-align: justify\">Finalmente, fue el Tribunal Electoral el que le dio la oportunidad de presentarse el 20 de octubre.<\/p>\n<p style=\"text-align: justify\">Con mayor\u00eda en el Congreso, el MAS se muestra dividido en torno a Morales, quien de momento no ha avalado p\u00fablicamente el proceso para superar la crisis y su exclusi\u00f3n de las venideras elecciones.<\/p>\n<p style=\"text-align: justify\">Este proyecto &#8220;establece tambi\u00e9n una disposici\u00f3n para resolver una controversia que nos ha enfrentado a los bolivianos&#8221;, afirm\u00f3 el senador Ortiz, aludiendo al art\u00edculo que impide que los &#8220;ciudadanos reelectos de forma continua durante los dos periodos constitucionales anteriores&#8221; puedan ser candidatos en la pr\u00f3xima contienda.<\/p>\n<p style=\"text-align: justify\">El ex presidente, quien renunci\u00f3 tras perder el apoyo de los militares y la polic\u00eda, consigui\u00f3 la reelecci\u00f3n en 2009 y 2014. Desde su llegada al cargo el 12 de noviembre, la ex senadora de derecha \u00c1\u00f1ez prometi\u00f3 elecciones en los pr\u00f3ximos tres meses.<\/p>\n<p style=\"text-align: justify\">La Constituci\u00f3n le permite a Morales presentarse de nuevo a las urnas en 2025, cuando completar\u00eda 66 a\u00f1os.<\/p>\n","protected":false},"excerpt":{"rendered":"<p>El \u00f3rgano legislativo anuncia el aval del proyecto &#8220;R\u00e9gimen Excepcional y Transitorio para la realizaci\u00f3n de Elecciones Generales&#8221; Bolivia.- El Senado boliviano dio paso el s\u00e1bado a nuevas elecciones generales sin Evo Morales como candidato, tras la violenta crisis que estall\u00f3 hace un mes en torno a la figura del exmandatario y que deja 32 [&hellip;]<\/p>\n","protected":false},"author":2,"featured_media":83937,"comment_status":"open","ping_status":"open","sticky":false,"template":"","format":"standard","meta":{"footnotes":""},"categories":[18],"tags":[],"class_list":["post-83936","post","type-post","status-publish","format-standard","has-post-thumbnail","hentry","category-internacional"],"yoast_head":"<!-- This site is optimized with the Yoast SEO plugin v27.5 - https:\/\/yoast.com\/product\/yoast-seo-wordpress\/ -->\n<title>El Senado aprueba nuevas elecciones en Bolivia, sin Morales - Canal 7 SLP - 2019<\/title>\n<meta name=\"robots\" content=\"index, follow, max-snippet:-1, max-image-preview:large, max-video-preview:-1\" \/>\n<link rel=\"canonical\" href=\"https:\/\/canal7slp.tv\/2019\/el-senado-aprueba-nuevas-elecciones-en-bolivia-sin-morales\/\" \/>\n<meta property=\"og:locale\" content=\"es_ES\" \/>\n<meta property=\"og:type\" content=\"article\" \/>\n<meta property=\"og:title\" content=\"El Senado aprueba nuevas elecciones en Bolivia, sin Morales - Canal 7 SLP - 2019\" \/>\n<meta property=\"og:description\" content=\"El \u00f3rgano legislativo anuncia el aval del proyecto &#8220;R\u00e9gimen Excepcional y Transitorio para la realizaci\u00f3n de Elecciones Generales&#8221; Bolivia.- El Senado boliviano dio paso el s\u00e1bado a nuevas elecciones generales sin Evo Morales como candidato, tras la violenta crisis que estall\u00f3 hace un mes en torno a la figura del exmandatario y que deja 32 [&hellip;]\" \/>\n<meta property=\"og:url\" content=\"https:\/\/canal7slp.tv\/2019\/el-senado-aprueba-nuevas-elecciones-en-bolivia-sin-morales\/\" \/>\n<meta property=\"og:site_name\" content=\"Canal 7 SLP - 2019\" \/>\n<meta property=\"article:publisher\" content=\"https:\/\/www.facebook.com\/CANAL7SLP\/\" \/>\n<meta property=\"article:published_time\" content=\"2019-11-24T15:50:40+00:00\" \/>\n<meta property=\"og:image\" content=\"https:\/\/canal7slp.tv\/2019\/wp-content\/uploads\/2019\/11\/1315-3.jpg\" \/>\n\t<meta property=\"og:image:width\" content=\"770\" \/>\n\t<meta property=\"og:image:height\" content=\"485\" \/>\n\t<meta property=\"og:image:type\" content=\"image\/jpeg\" \/>\n<meta name=\"author\" content=\"edicionweb\" \/>\n<meta name=\"twitter:card\" content=\"summary_large_image\" \/>\n<meta name=\"twitter:creator\" content=\"@canal7_slp\" \/>\n<meta name=\"twitter:site\" content=\"@canal7_slp\" \/>\n<meta name=\"twitter:label1\" content=\"Escrito por\" \/>\n\t<meta name=\"twitter:data1\" content=\"edicionweb\" \/>\n\t<meta name=\"twitter:label2\" content=\"Tiempo de lectura\" \/>\n\t<meta name=\"twitter:data2\" content=\"3 minutos\" \/>\n<script type=\"application\/ld+json\" class=\"yoast-schema-graph\">{\"@context\":\"https:\\\/\\\/schema.org\",\"@graph\":[{\"@type\":\"Article\",\"@id\":\"https:\\\/\\\/canal7slp.tv\\\/2019\\\/el-senado-aprueba-nuevas-elecciones-en-bolivia-sin-morales\\\/#article\",\"isPartOf\":{\"@id\":\"https:\\\/\\\/canal7slp.tv\\\/2019\\\/el-senado-aprueba-nuevas-elecciones-en-bolivia-sin-morales\\\/\"},\"author\":{\"name\":\"edicionweb\",\"@id\":\"https:\\\/\\\/canal7slp.tv\\\/2019\\\/#\\\/schema\\\/person\\\/11d941c1c6ca30ac0a46b95fa37aa2e3\"},\"headline\":\"El Senado aprueba nuevas elecciones en Bolivia, sin Morales\",\"datePublished\":\"2019-11-24T15:50:40+00:00\",\"mainEntityOfPage\":{\"@id\":\"https:\\\/\\\/canal7slp.tv\\\/2019\\\/el-senado-aprueba-nuevas-elecciones-en-bolivia-sin-morales\\\/\"},\"wordCount\":573,\"commentCount\":0,\"publisher\":{\"@id\":\"https:\\\/\\\/canal7slp.tv\\\/2019\\\/#organization\"},\"image\":{\"@id\":\"https:\\\/\\\/canal7slp.tv\\\/2019\\\/el-senado-aprueba-nuevas-elecciones-en-bolivia-sin-morales\\\/#primaryimage\"},\"thumbnailUrl\":\"https:\\\/\\\/canal7slp.tv\\\/2019\\\/wp-content\\\/uploads\\\/2019\\\/11\\\/1315-3.jpg\",\"articleSection\":[\"INTERNACIONAL\"],\"inLanguage\":\"es\",\"potentialAction\":[{\"@type\":\"CommentAction\",\"name\":\"Comment\",\"target\":[\"https:\\\/\\\/canal7slp.tv\\\/2019\\\/el-senado-aprueba-nuevas-elecciones-en-bolivia-sin-morales\\\/#respond\"]}]},{\"@type\":\"WebPage\",\"@id\":\"https:\\\/\\\/canal7slp.tv\\\/2019\\\/el-senado-aprueba-nuevas-elecciones-en-bolivia-sin-morales\\\/\",\"url\":\"https:\\\/\\\/canal7slp.tv\\\/2019\\\/el-senado-aprueba-nuevas-elecciones-en-bolivia-sin-morales\\\/\",\"name\":\"El Senado aprueba nuevas elecciones en Bolivia, sin Morales - Canal 7 SLP - 2019\",\"isPartOf\":{\"@id\":\"https:\\\/\\\/canal7slp.tv\\\/2019\\\/#website\"},\"primaryImageOfPage\":{\"@id\":\"https:\\\/\\\/canal7slp.tv\\\/2019\\\/el-senado-aprueba-nuevas-elecciones-en-bolivia-sin-morales\\\/#primaryimage\"},\"image\":{\"@id\":\"https:\\\/\\\/canal7slp.tv\\\/2019\\\/el-senado-aprueba-nuevas-elecciones-en-bolivia-sin-morales\\\/#primaryimage\"},\"thumbnailUrl\":\"https:\\\/\\\/canal7slp.tv\\\/2019\\\/wp-content\\\/uploads\\\/2019\\\/11\\\/1315-3.jpg\",\"datePublished\":\"2019-11-24T15:50:40+00:00\",\"breadcrumb\":{\"@id\":\"https:\\\/\\\/canal7slp.tv\\\/2019\\\/el-senado-aprueba-nuevas-elecciones-en-bolivia-sin-morales\\\/#breadcrumb\"},\"inLanguage\":\"es\",\"potentialAction\":[{\"@type\":\"ReadAction\",\"target\":[\"https:\\\/\\\/canal7slp.tv\\\/2019\\\/el-senado-aprueba-nuevas-elecciones-en-bolivia-sin-morales\\\/\"]}]},{\"@type\":\"ImageObject\",\"inLanguage\":\"es\",\"@id\":\"https:\\\/\\\/canal7slp.tv\\\/2019\\\/el-senado-aprueba-nuevas-elecciones-en-bolivia-sin-morales\\\/#primaryimage\",\"url\":\"https:\\\/\\\/canal7slp.tv\\\/2019\\\/wp-content\\\/uploads\\\/2019\\\/11\\\/1315-3.jpg\",\"contentUrl\":\"https:\\\/\\\/canal7slp.tv\\\/2019\\\/wp-content\\\/uploads\\\/2019\\\/11\\\/1315-3.jpg\",\"width\":770,\"height\":485},{\"@type\":\"BreadcrumbList\",\"@id\":\"https:\\\/\\\/canal7slp.tv\\\/2019\\\/el-senado-aprueba-nuevas-elecciones-en-bolivia-sin-morales\\\/#breadcrumb\",\"itemListElement\":[{\"@type\":\"ListItem\",\"position\":1,\"name\":\"Home\",\"item\":\"https:\\\/\\\/canal7slp.tv\\\/2019\\\/\"},{\"@type\":\"ListItem\",\"position\":2,\"name\":\"El Senado aprueba nuevas elecciones en Bolivia, sin Morales\"}]},{\"@type\":\"WebSite\",\"@id\":\"https:\\\/\\\/canal7slp.tv\\\/2019\\\/#website\",\"url\":\"https:\\\/\\\/canal7slp.tv\\\/2019\\\/\",\"name\":\"Canal 7 SLP - Somos TV\",\"description\":\"Somos un Canal de 10\",\"publisher\":{\"@id\":\"https:\\\/\\\/canal7slp.tv\\\/2019\\\/#organization\"},\"potentialAction\":[{\"@type\":\"SearchAction\",\"target\":{\"@type\":\"EntryPoint\",\"urlTemplate\":\"https:\\\/\\\/canal7slp.tv\\\/2019\\\/?s={search_term_string}\"},\"query-input\":{\"@type\":\"PropertyValueSpecification\",\"valueRequired\":true,\"valueName\":\"search_term_string\"}}],\"inLanguage\":\"es\"},{\"@type\":\"Organization\",\"@id\":\"https:\\\/\\\/canal7slp.tv\\\/2019\\\/#organization\",\"name\":\"Comunicaci\u00f3n 2000 S.A. de C.V.\",\"url\":\"https:\\\/\\\/canal7slp.tv\\\/2019\\\/\",\"logo\":{\"@type\":\"ImageObject\",\"inLanguage\":\"es\",\"@id\":\"https:\\\/\\\/canal7slp.tv\\\/2019\\\/#\\\/schema\\\/logo\\\/image\\\/\",\"url\":\"https:\\\/\\\/canal7slp.tv\\\/2019\\\/wp-content\\\/uploads\\\/2019\\\/07\\\/logo-c7.png\",\"contentUrl\":\"https:\\\/\\\/canal7slp.tv\\\/2019\\\/wp-content\\\/uploads\\\/2019\\\/07\\\/logo-c7.png\",\"width\":220,\"height\":60,\"caption\":\"Comunicaci\u00f3n 2000 S.A. de C.V.\"},\"image\":{\"@id\":\"https:\\\/\\\/canal7slp.tv\\\/2019\\\/#\\\/schema\\\/logo\\\/image\\\/\"},\"sameAs\":[\"https:\\\/\\\/www.facebook.com\\\/CANAL7SLP\\\/\",\"https:\\\/\\\/x.com\\\/canal7_slp\",\"https:\\\/\\\/www.instagram.com\\\/canal7_slp\",\"https:\\\/\\\/www.youtube.com\\\/user\\\/NOTICIEROSCANAL7SLP\\\/\"]},{\"@type\":\"Person\",\"@id\":\"https:\\\/\\\/canal7slp.tv\\\/2019\\\/#\\\/schema\\\/person\\\/11d941c1c6ca30ac0a46b95fa37aa2e3\",\"name\":\"edicionweb\",\"image\":{\"@type\":\"ImageObject\",\"inLanguage\":\"es\",\"@id\":\"https:\\\/\\\/secure.gravatar.com\\\/avatar\\\/eee448fc3f7164808013b816ba91ac7e43bbe82a70bebac296f8bc6f0addaa1a?s=96&d=mm&r=g\",\"url\":\"https:\\\/\\\/secure.gravatar.com\\\/avatar\\\/eee448fc3f7164808013b816ba91ac7e43bbe82a70bebac296f8bc6f0addaa1a?s=96&d=mm&r=g\",\"contentUrl\":\"https:\\\/\\\/secure.gravatar.com\\\/avatar\\\/eee448fc3f7164808013b816ba91ac7e43bbe82a70bebac296f8bc6f0addaa1a?s=96&d=mm&r=g\",\"caption\":\"edicionweb\"}}]}<\/script>\n<!-- \/ Yoast SEO plugin. -->","yoast_head_json":{"title":"El Senado aprueba nuevas elecciones en Bolivia, sin Morales - Canal 7 SLP - 2019","robots":{"index":"index","follow":"follow","max-snippet":"max-snippet:-1","max-image-preview":"max-image-preview:large","max-video-preview":"max-video-preview:-1"},"canonical":"https:\/\/canal7slp.tv\/2019\/el-senado-aprueba-nuevas-elecciones-en-bolivia-sin-morales\/","og_locale":"es_ES","og_type":"article","og_title":"El Senado aprueba nuevas elecciones en Bolivia, sin Morales - Canal 7 SLP - 2019","og_description":"El \u00f3rgano legislativo anuncia el aval del proyecto &#8220;R\u00e9gimen Excepcional y Transitorio para la realizaci\u00f3n de Elecciones Generales&#8221; Bolivia.- El Senado boliviano dio paso el s\u00e1bado a nuevas elecciones generales sin Evo Morales como candidato, tras la violenta crisis que estall\u00f3 hace un mes en torno a la figura del exmandatario y que deja 32 [&hellip;]","og_url":"https:\/\/canal7slp.tv\/2019\/el-senado-aprueba-nuevas-elecciones-en-bolivia-sin-morales\/","og_site_name":"Canal 7 SLP - 2019","article_publisher":"https:\/\/www.facebook.com\/CANAL7SLP\/","article_published_time":"2019-11-24T15:50:40+00:00","og_image":[{"width":770,"height":485,"url":"https:\/\/canal7slp.tv\/2019\/wp-content\/uploads\/2019\/11\/1315-3.jpg","type":"image\/jpeg"}],"author":"edicionweb","twitter_card":"summary_large_image","twitter_creator":"@canal7_slp","twitter_site":"@canal7_slp","twitter_misc":{"Escrito por":"edicionweb","Tiempo de lectura":"3 minutos"},"schema":{"@context":"https:\/\/schema.org","@graph":[{"@type":"Article","@id":"https:\/\/canal7slp.tv\/2019\/el-senado-aprueba-nuevas-elecciones-en-bolivia-sin-morales\/#article","isPartOf":{"@id":"https:\/\/canal7slp.tv\/2019\/el-senado-aprueba-nuevas-elecciones-en-bolivia-sin-morales\/"},"author":{"name":"edicionweb","@id":"https:\/\/canal7slp.tv\/2019\/#\/schema\/person\/11d941c1c6ca30ac0a46b95fa37aa2e3"},"headline":"El Senado aprueba nuevas elecciones en Bolivia, sin Morales","datePublished":"2019-11-24T15:50:40+00:00","mainEntityOfPage":{"@id":"https:\/\/canal7slp.tv\/2019\/el-senado-aprueba-nuevas-elecciones-en-bolivia-sin-morales\/"},"wordCount":573,"commentCount":0,"publisher":{"@id":"https:\/\/canal7slp.tv\/2019\/#organization"},"image":{"@id":"https:\/\/canal7slp.tv\/2019\/el-senado-aprueba-nuevas-elecciones-en-bolivia-sin-morales\/#primaryimage"},"thumbnailUrl":"https:\/\/canal7slp.tv\/2019\/wp-content\/uploads\/2019\/11\/1315-3.jpg","articleSection":["INTERNACIONAL"],"inLanguage":"es","potentialAction":[{"@type":"CommentAction","name":"Comment","target":["https:\/\/canal7slp.tv\/2019\/el-senado-aprueba-nuevas-elecciones-en-bolivia-sin-morales\/#respond"]}]},{"@type":"WebPage","@id":"https:\/\/canal7slp.tv\/2019\/el-senado-aprueba-nuevas-elecciones-en-bolivia-sin-morales\/","url":"https:\/\/canal7slp.tv\/2019\/el-senado-aprueba-nuevas-elecciones-en-bolivia-sin-morales\/","name":"El Senado aprueba nuevas elecciones en Bolivia, sin Morales - Canal 7 SLP - 2019","isPartOf":{"@id":"https:\/\/canal7slp.tv\/2019\/#website"},"primaryImageOfPage":{"@id":"https:\/\/canal7slp.tv\/2019\/el-senado-aprueba-nuevas-elecciones-en-bolivia-sin-morales\/#primaryimage"},"image":{"@id":"https:\/\/canal7slp.tv\/2019\/el-senado-aprueba-nuevas-elecciones-en-bolivia-sin-morales\/#primaryimage"},"thumbnailUrl":"https:\/\/canal7slp.tv\/2019\/wp-content\/uploads\/2019\/11\/1315-3.jpg","datePublished":"2019-11-24T15:50:40+00:00","breadcrumb":{"@id":"https:\/\/canal7slp.tv\/2019\/el-senado-aprueba-nuevas-elecciones-en-bolivia-sin-morales\/#breadcrumb"},"inLanguage":"es","potentialAction":[{"@type":"ReadAction","target":["https:\/\/canal7slp.tv\/2019\/el-senado-aprueba-nuevas-elecciones-en-bolivia-sin-morales\/"]}]},{"@type":"ImageObject","inLanguage":"es","@id":"https:\/\/canal7slp.tv\/2019\/el-senado-aprueba-nuevas-elecciones-en-bolivia-sin-morales\/#primaryimage","url":"https:\/\/canal7slp.tv\/2019\/wp-content\/uploads\/2019\/11\/1315-3.jpg","contentUrl":"https:\/\/canal7slp.tv\/2019\/wp-content\/uploads\/2019\/11\/1315-3.jpg","width":770,"height":485},{"@type":"BreadcrumbList","@id":"https:\/\/canal7slp.tv\/2019\/el-senado-aprueba-nuevas-elecciones-en-bolivia-sin-morales\/#breadcrumb","itemListElement":[{"@type":"ListItem","position":1,"name":"Home","item":"https:\/\/canal7slp.tv\/2019\/"},{"@type":"ListItem","position":2,"name":"El Senado aprueba nuevas elecciones en Bolivia, sin Morales"}]},{"@type":"WebSite","@id":"https:\/\/canal7slp.tv\/2019\/#website","url":"https:\/\/canal7slp.tv\/2019\/","name":"Canal 7 SLP - Somos TV","description":"Somos un Canal de 10","publisher":{"@id":"https:\/\/canal7slp.tv\/2019\/#organization"},"potentialAction":[{"@type":"SearchAction","target":{"@type":"EntryPoint","urlTemplate":"https:\/\/canal7slp.tv\/2019\/?s={search_term_string}"},"query-input":{"@type":"PropertyValueSpecification","valueRequired":true,"valueName":"search_term_string"}}],"inLanguage":"es"},{"@type":"Organization","@id":"https:\/\/canal7slp.tv\/2019\/#organization","name":"Comunicaci\u00f3n 2000 S.A. de C.V.","url":"https:\/\/canal7slp.tv\/2019\/","logo":{"@type":"ImageObject","inLanguage":"es","@id":"https:\/\/canal7slp.tv\/2019\/#\/schema\/logo\/image\/","url":"https:\/\/canal7slp.tv\/2019\/wp-content\/uploads\/2019\/07\/logo-c7.png","contentUrl":"https:\/\/canal7slp.tv\/2019\/wp-content\/uploads\/2019\/07\/logo-c7.png","width":220,"height":60,"caption":"Comunicaci\u00f3n 2000 S.A. de C.V."},"image":{"@id":"https:\/\/canal7slp.tv\/2019\/#\/schema\/logo\/image\/"},"sameAs":["https:\/\/www.facebook.com\/CANAL7SLP\/","https:\/\/x.com\/canal7_slp","https:\/\/www.instagram.com\/canal7_slp","https:\/\/www.youtube.com\/user\/NOTICIEROSCANAL7SLP\/"]},{"@type":"Person","@id":"https:\/\/canal7slp.tv\/2019\/#\/schema\/person\/11d941c1c6ca30ac0a46b95fa37aa2e3","name":"edicionweb","image":{"@type":"ImageObject","inLanguage":"es","@id":"https:\/\/secure.gravatar.com\/avatar\/eee448fc3f7164808013b816ba91ac7e43bbe82a70bebac296f8bc6f0addaa1a?s=96&d=mm&r=g","url":"https:\/\/secure.gravatar.com\/avatar\/eee448fc3f7164808013b816ba91ac7e43bbe82a70bebac296f8bc6f0addaa1a?s=96&d=mm&r=g","contentUrl":"https:\/\/secure.gravatar.com\/avatar\/eee448fc3f7164808013b816ba91ac7e43bbe82a70bebac296f8bc6f0addaa1a?s=96&d=mm&r=g","caption":"edicionweb"}}]}},"amp_enabled":true,"cmb2":{"video_ids_in_playlist":{"vid_p_videos":""},"video_ids_in_channel":{"vid_c_videos":""},"playlist_ids_in_channel":{"vid_c_playlists":""},"series_ids_in_channel":{"vid_c_series":""},"channel_images":{"vid_c_logo":"","vid_c_banner":""},"poster_feature_image":{"vid_m_poster_image":""},"gif_feature_image":{"vid_m_gif_image":""},"video_movie_settings":{"vid_m_director":"","vid_m_actor":"","vid_m_imdb_ratings":"","vid_m_amazon_associates":""},"vid_youtube_broadcasts_settings":{"vid_yb_broadcast_title":"","vid_yb_q":"","vid_yb_channelid":"","vid_yb_videocategoryid":"","vid_yb_maxresults":"","vid_yb_order":"","vid_yb_regioncode":"","vid_yb_videosyndicated":"","vid_yb_style":"","vid_yb_reload_first":""},"video_series_settings":{"vid_m_director":"","vid_m_actor":"","vid_m_imdb_ratings":"","video_series_group":""},"amazon_associates_settings":{"amazon_associates":"","amazon_native_ad":""},"vid_youtube_automatic_settings":{"vid_ya_youtube_source":"","vid_ya_update_every":"","vid_ya_update_unit":"","vid_ya_categories":"","vid_ya_published_after":"","vid_ya_published_before":"","vid_ya_playlists":"","vid_ya_channels":"","vid_ya_director":"","vid_ya_actor":"","vid_ya_author":"","vid_ya_import_post_date":"","vid_ya_status":"","vid_ya_sub_api_key":""},"vid_ads_m_videoads_settings_post":{"vid_ads_m_video_ads":"","vid_ads_m_video_ads_type":"","vid_ads_m_group_google_ima":"","vid_ads_m_group_image":"","vid_ads_m_group_html5_video":"","vid_ads_m_group_html":"","vid_ads_m_vast_preroll":"","vid_ads_m_vast_postroll":"","vid_ads_m_vast_pauseroll":"","vid_ads_m_vast_midroll":[{"vid_ads_m_vast_timer_seconds":"50"}],"vid_ads_m_time_to_show_ads":"","vid_ads_m_time_skip_ads":"","vid_ads_m_time_to_hide_ads":""},"page_slider_settings":{"display_slider_group":"","page_slider_group":""},"blog_page_settings":{"blog_page_title":"","blog_page_heading":"","blog_page_ic":"","blog_page_it":"","blog_page_ec":"","blog_page_ip":"","archive_loop_style":"","blog_image_ratio":"","blog_show_categories":"","blog_show_excerpt":"","blog_show_author":"","blog_show_date":"","blog_show_comment_count":"","blog_show_view_count":"","blog_show_like_count":"","blog_show_dislike_count":"","blog_items_per_page":"","blog_pag_type":""},"page_options":{"get_page_template":"","color_mode":"","main_layout":"","main_layout_full_with":"","main_logo":"","main_logo_retina":"","main_logo_mobile":"","main_logo_mobile_retina":"","sticky_logo":"","sticky_logo_retina":"","main_nav_layout":"","ajax_search":"","header_background":"","theme_sidebar":"","instagram_feed":"","instagram_feed_position":"","popular_videos":"","popular_videos_title_1":"","popular_videos_title_2":"","popular_videos_ic":"","popular_videos_it":"","theme_background":"","page_custom_css":""},"feature_image_settings":{"feature_image_position":""},"video_player_settings":{"single_video_style":"","video_player_position":"","vm_video_url":"","video_player_library":"","video_streaming":"","vm_media_sources":"","vid_auto_play":"","vm_video_shortcode":"","vid_p_sync_playlist":"","vid_c_sync_channel":"","get_post_format":"","multiple_links_structure":"default","multi_links_title":"","vm_video_multi_links":"","vm_duration":"","vid_social_locker":"off","vid_social_locker_id":"","vid_membership_action":"content-video","vm_video_trailer_url":"","vid_download_type":"free","vid_download_target":"download","vid_woo_product":"","vm_media_download":"","user_rating":"","user_rating_position":"","user_rating_mode":"","user_rating_multi_sets":""},"video_auto_fetch_settings":{"vm_video_fetch":"on"},"video_fake_views_likes":{"vm_fake_views":"","vm_fake_likes":"","vm_fake_dislikes":""},"gallery_settings":{"gallery_position":""},"quote_settings":{"quote_position":""},"post_options":{"main_layout":"","main_logo":"","main_logo_retina":"","main_logo_mobile":"","main_logo_mobile_retina":"","sticky_logo":"","sticky_logo_retina":"","main_nav_layout":"","header_background":"","theme_sidebar":"","single_post_comment_type":"","theme_background":""}},"_links":{"self":[{"href":"https:\/\/canal7slp.tv\/2019\/wp-json\/wp\/v2\/posts\/83936","targetHints":{"allow":["GET"]}}],"collection":[{"href":"https:\/\/canal7slp.tv\/2019\/wp-json\/wp\/v2\/posts"}],"about":[{"href":"https:\/\/canal7slp.tv\/2019\/wp-json\/wp\/v2\/types\/post"}],"author":[{"embeddable":true,"href":"https:\/\/canal7slp.tv\/2019\/wp-json\/wp\/v2\/users\/2"}],"replies":[{"embeddable":true,"href":"https:\/\/canal7slp.tv\/2019\/wp-json\/wp\/v2\/comments?post=83936"}],"version-history":[{"count":0,"href":"https:\/\/canal7slp.tv\/2019\/wp-json\/wp\/v2\/posts\/83936\/revisions"}],"wp:featuredmedia":[{"embeddable":true,"href":"https:\/\/canal7slp.tv\/2019\/wp-json\/wp\/v2\/media\/83937"}],"wp:attachment":[{"href":"https:\/\/canal7slp.tv\/2019\/wp-json\/wp\/v2\/media?parent=83936"}],"wp:term":[{"taxonomy":"category","embeddable":true,"href":"https:\/\/canal7slp.tv\/2019\/wp-json\/wp\/v2\/categories?post=83936"},{"taxonomy":"post_tag","embeddable":true,"href":"https:\/\/canal7slp.tv\/2019\/wp-json\/wp\/v2\/tags?post=83936"}],"curies":[{"name":"wp","href":"https:\/\/api.w.org\/{rel}","templated":true}]}}