{"id":83902,"date":"2019-11-24T09:09:18","date_gmt":"2019-11-24T15:09:18","guid":{"rendered":"https:\/\/canal7slp.tv\/2019\/?p=83902"},"modified":"2019-11-24T09:09:18","modified_gmt":"2019-11-24T15:09:18","slug":"hallan-muerta-a-fotoperiodista-que-registro-abusos-de-carabineros-en-chile","status":"publish","type":"post","link":"https:\/\/canal7slp.tv\/2019\/hallan-muerta-a-fotoperiodista-que-registro-abusos-de-carabineros-en-chile\/","title":{"rendered":"Hallan muerta a fotoperiodista que registr\u00f3 abusos de carabineros en Chile"},"content":{"rendered":"<ul>\n<li style=\"text-align: justify\">Albertina Mart\u00ednez Burgos fue encontrada sin vida en su departamento el pasado jueves<\/li>\n<\/ul>\n<p style=\"text-align: justify\">Chile.- La Fiscal\u00eda de Chile investiga la muerte de la periodista Albertina Mart\u00ednez Burgos, como presunto homicidio, luego que la fotoperiodista fue encontrada sin vida el jueves en su departamento.<\/p>\n<p style=\"text-align: justify\">El Ministerio P\u00fablico inici\u00f3 las investigaciones luego que la pareja sentimental de Mart\u00ednez Burgos no pudo comunicarse con ella tras varios intentos. Al no tener noticias de ella, pidi\u00f3 a un familiar que fuera a buscarla hasta su departamento, en el centro de Santiago\u00b4, donde fue encontrada muerta.<\/p>\n<p style=\"text-align: justify\">El portal 24 Horas inform\u00f3 que la fiscal D\u00e9bora Quintana afirm\u00f3 que &#8220;claramente estamos investigando un presunto homicidio&#8221;.<\/p>\n<p style=\"text-align: justify\">&#8220;Hay que esperar la autopsia, pero claramente estamos investigando un presunto homicidio&#8221;, reiter\u00f3 la fiscal.<\/p>\n<p style=\"text-align: justify\">Detall\u00f3 que se entrevist\u00f3 con los familiares directos, que ser\u00edan el novio y la suegra de la fotoperiodista, quienes &#8220;est\u00e1n en calidad de testigos, porque fueron los denunciantes y es una investigaci\u00f3n en curso&#8221;.<\/p>\n<p style=\"text-align: justify\">Adem\u00e1s, las autoridades investigan la desaparici\u00f3n de material fotogr\u00e1fico sobre las manifestaciones que se llevan a cabo en el pa\u00eds, y cuyas im\u00e1genes registr\u00f3 Mart\u00ednez Burgos, adem\u00e1s de otros art\u00edculos de valor.<\/p>\n<p style=\"text-align: justify\">Mart\u00ednez Burgos, de 38 a\u00f1os, se desempe\u00f1aba como asistente de iluminaci\u00f3n en el canal de televisi\u00f3n Mega y como fot\u00f3grafa freelance.<\/p>\n<p style=\"text-align: justify\">Las im\u00e1genes que la fotoperiodista tomaba evidenciaban la represi\u00f3n y los abusos de los Carabineros hacia mujeres comunicadoras durante las protestas contra el gobierno del presidente Sebasti\u00e1n Pi\u00f1era.<\/p>\n<p style=\"text-align: justify\">Tras conocerse la muerte de la Mart\u00ednez Burgos, el movimiento feminista &#8220;Ni una menos&#8221; de Chile, exigi\u00f3 el esclarecimiento de este caso.<\/p>\n<p style=\"text-align: justify\">A trav\u00e9s de sus redes sociales, el movimiento feminista indic\u00f3 que &#8220;Albertina estaba documentando la situaci\u00f3n en Chile y participaba activamente como fot\u00f3grafa en las manifestaciones&#8221;, que llevan m\u00e1s de 30 d\u00edas en contra del gobierno de Pi\u00f1era.<\/p>\n<p style=\"text-align: justify\">&#8220;Document\u00f3 (a trav\u00e9s de sus fotograf\u00edas) la violencia hacia las mujeres periodistas y comunicadoras&#8221;, agreg\u00f3.<\/p>\n<p style=\"text-align: justify\">&#8220;Hoy exigimos que se esclarezcan las causas de su muerte, sin dejar de mencionar que ni su computadora ni su c\u00e1mara (fotogr\u00e1fica) estaban en su departamento al momento de ser encontrada sin vida. No olvidemos su nombre, no olvidemos su rostro&#8221;, denunci\u00f3 el movimiento feminista en su cuenta de Instagram.<\/p>\n<p style=\"text-align: justify\">Las manifestaciones en Chile comenzaron a mediados de octubre pasado en contra del incremento en el costo del pasaje del Metro, una medida que luego el gobierno de Pi\u00f1era cancel\u00f3, pero las protestas continuaron contra de las pol\u00edticas sociales y econ\u00f3micas que han sido implementadas en este pa\u00eds sudamericano.<\/p>\n","protected":false},"excerpt":{"rendered":"<p>Albertina Mart\u00ednez Burgos fue encontrada sin vida en su departamento el pasado jueves Chile.- La Fiscal\u00eda de Chile investiga la muerte de la periodista Albertina Mart\u00ednez Burgos, como presunto homicidio, luego que la fotoperiodista fue encontrada sin vida el jueves en su departamento. El Ministerio P\u00fablico inici\u00f3 las investigaciones luego que la pareja sentimental de [&hellip;]<\/p>\n","protected":false},"author":2,"featured_media":83903,"comment_status":"open","ping_status":"open","sticky":false,"template":"","format":"standard","meta":{"footnotes":""},"categories":[18],"tags":[],"class_list":["post-83902","post","type-post","status-publish","format-standard","has-post-thumbnail","hentry","category-internacional"],"yoast_head":"<!-- This site is optimized with the Yoast SEO plugin v27.4 - https:\/\/yoast.com\/product\/yoast-seo-wordpress\/ -->\n<title>Hallan muerta a fotoperiodista que registr\u00f3 abusos de carabineros en Chile - Canal 7 SLP - 2019<\/title>\n<meta name=\"robots\" content=\"index, follow, max-snippet:-1, max-image-preview:large, max-video-preview:-1\" \/>\n<link rel=\"canonical\" href=\"https:\/\/canal7slp.tv\/2019\/hallan-muerta-a-fotoperiodista-que-registro-abusos-de-carabineros-en-chile\/\" \/>\n<meta property=\"og:locale\" content=\"es_ES\" \/>\n<meta property=\"og:type\" content=\"article\" \/>\n<meta property=\"og:title\" content=\"Hallan muerta a fotoperiodista que registr\u00f3 abusos de carabineros en Chile - Canal 7 SLP - 2019\" \/>\n<meta property=\"og:description\" content=\"Albertina Mart\u00ednez Burgos fue encontrada sin vida en su departamento el pasado jueves Chile.- La Fiscal\u00eda de Chile investiga la muerte de la periodista Albertina Mart\u00ednez Burgos, como presunto homicidio, luego que la fotoperiodista fue encontrada sin vida el jueves en su departamento. El Ministerio P\u00fablico inici\u00f3 las investigaciones luego que la pareja sentimental de [&hellip;]\" \/>\n<meta property=\"og:url\" content=\"https:\/\/canal7slp.tv\/2019\/hallan-muerta-a-fotoperiodista-que-registro-abusos-de-carabineros-en-chile\/\" \/>\n<meta property=\"og:site_name\" content=\"Canal 7 SLP - 2019\" \/>\n<meta property=\"article:publisher\" content=\"https:\/\/www.facebook.com\/CANAL7SLP\/\" \/>\n<meta property=\"article:published_time\" content=\"2019-11-24T15:09:18+00:00\" \/>\n<meta property=\"og:image\" content=\"https:\/\/canal7slp.tv\/2019\/wp-content\/uploads\/2019\/11\/1115-23.jpg\" \/>\n\t<meta property=\"og:image:width\" content=\"770\" \/>\n\t<meta property=\"og:image:height\" content=\"485\" \/>\n\t<meta property=\"og:image:type\" content=\"image\/jpeg\" \/>\n<meta name=\"author\" content=\"edicionweb\" \/>\n<meta name=\"twitter:card\" content=\"summary_large_image\" \/>\n<meta name=\"twitter:creator\" content=\"@canal7_slp\" \/>\n<meta name=\"twitter:site\" content=\"@canal7_slp\" \/>\n<meta name=\"twitter:label1\" content=\"Escrito por\" \/>\n\t<meta name=\"twitter:data1\" content=\"edicionweb\" \/>\n\t<meta name=\"twitter:label2\" content=\"Tiempo de lectura\" \/>\n\t<meta name=\"twitter:data2\" content=\"2 minutos\" \/>\n<script type=\"application\/ld+json\" class=\"yoast-schema-graph\">{\"@context\":\"https:\\\/\\\/schema.org\",\"@graph\":[{\"@type\":\"Article\",\"@id\":\"https:\\\/\\\/canal7slp.tv\\\/2019\\\/hallan-muerta-a-fotoperiodista-que-registro-abusos-de-carabineros-en-chile\\\/#article\",\"isPartOf\":{\"@id\":\"https:\\\/\\\/canal7slp.tv\\\/2019\\\/hallan-muerta-a-fotoperiodista-que-registro-abusos-de-carabineros-en-chile\\\/\"},\"author\":{\"name\":\"edicionweb\",\"@id\":\"https:\\\/\\\/canal7slp.tv\\\/2019\\\/#\\\/schema\\\/person\\\/11d941c1c6ca30ac0a46b95fa37aa2e3\"},\"headline\":\"Hallan muerta a fotoperiodista que registr\u00f3 abusos de carabineros en Chile\",\"datePublished\":\"2019-11-24T15:09:18+00:00\",\"mainEntityOfPage\":{\"@id\":\"https:\\\/\\\/canal7slp.tv\\\/2019\\\/hallan-muerta-a-fotoperiodista-que-registro-abusos-de-carabineros-en-chile\\\/\"},\"wordCount\":464,\"commentCount\":0,\"publisher\":{\"@id\":\"https:\\\/\\\/canal7slp.tv\\\/2019\\\/#organization\"},\"image\":{\"@id\":\"https:\\\/\\\/canal7slp.tv\\\/2019\\\/hallan-muerta-a-fotoperiodista-que-registro-abusos-de-carabineros-en-chile\\\/#primaryimage\"},\"thumbnailUrl\":\"https:\\\/\\\/canal7slp.tv\\\/2019\\\/wp-content\\\/uploads\\\/2019\\\/11\\\/1115-23.jpg\",\"articleSection\":[\"INTERNACIONAL\"],\"inLanguage\":\"es\",\"potentialAction\":[{\"@type\":\"CommentAction\",\"name\":\"Comment\",\"target\":[\"https:\\\/\\\/canal7slp.tv\\\/2019\\\/hallan-muerta-a-fotoperiodista-que-registro-abusos-de-carabineros-en-chile\\\/#respond\"]}]},{\"@type\":\"WebPage\",\"@id\":\"https:\\\/\\\/canal7slp.tv\\\/2019\\\/hallan-muerta-a-fotoperiodista-que-registro-abusos-de-carabineros-en-chile\\\/\",\"url\":\"https:\\\/\\\/canal7slp.tv\\\/2019\\\/hallan-muerta-a-fotoperiodista-que-registro-abusos-de-carabineros-en-chile\\\/\",\"name\":\"Hallan muerta a fotoperiodista que registr\u00f3 abusos de carabineros en Chile - Canal 7 SLP - 2019\",\"isPartOf\":{\"@id\":\"https:\\\/\\\/canal7slp.tv\\\/2019\\\/#website\"},\"primaryImageOfPage\":{\"@id\":\"https:\\\/\\\/canal7slp.tv\\\/2019\\\/hallan-muerta-a-fotoperiodista-que-registro-abusos-de-carabineros-en-chile\\\/#primaryimage\"},\"image\":{\"@id\":\"https:\\\/\\\/canal7slp.tv\\\/2019\\\/hallan-muerta-a-fotoperiodista-que-registro-abusos-de-carabineros-en-chile\\\/#primaryimage\"},\"thumbnailUrl\":\"https:\\\/\\\/canal7slp.tv\\\/2019\\\/wp-content\\\/uploads\\\/2019\\\/11\\\/1115-23.jpg\",\"datePublished\":\"2019-11-24T15:09:18+00:00\",\"breadcrumb\":{\"@id\":\"https:\\\/\\\/canal7slp.tv\\\/2019\\\/hallan-muerta-a-fotoperiodista-que-registro-abusos-de-carabineros-en-chile\\\/#breadcrumb\"},\"inLanguage\":\"es\",\"potentialAction\":[{\"@type\":\"ReadAction\",\"target\":[\"https:\\\/\\\/canal7slp.tv\\\/2019\\\/hallan-muerta-a-fotoperiodista-que-registro-abusos-de-carabineros-en-chile\\\/\"]}]},{\"@type\":\"ImageObject\",\"inLanguage\":\"es\",\"@id\":\"https:\\\/\\\/canal7slp.tv\\\/2019\\\/hallan-muerta-a-fotoperiodista-que-registro-abusos-de-carabineros-en-chile\\\/#primaryimage\",\"url\":\"https:\\\/\\\/canal7slp.tv\\\/2019\\\/wp-content\\\/uploads\\\/2019\\\/11\\\/1115-23.jpg\",\"contentUrl\":\"https:\\\/\\\/canal7slp.tv\\\/2019\\\/wp-content\\\/uploads\\\/2019\\\/11\\\/1115-23.jpg\",\"width\":770,\"height\":485},{\"@type\":\"BreadcrumbList\",\"@id\":\"https:\\\/\\\/canal7slp.tv\\\/2019\\\/hallan-muerta-a-fotoperiodista-que-registro-abusos-de-carabineros-en-chile\\\/#breadcrumb\",\"itemListElement\":[{\"@type\":\"ListItem\",\"position\":1,\"name\":\"Home\",\"item\":\"https:\\\/\\\/canal7slp.tv\\\/2019\\\/\"},{\"@type\":\"ListItem\",\"position\":2,\"name\":\"Hallan muerta a fotoperiodista que registr\u00f3 abusos de carabineros en Chile\"}]},{\"@type\":\"WebSite\",\"@id\":\"https:\\\/\\\/canal7slp.tv\\\/2019\\\/#website\",\"url\":\"https:\\\/\\\/canal7slp.tv\\\/2019\\\/\",\"name\":\"Canal 7 SLP - Somos TV\",\"description\":\"Somos un Canal de 10\",\"publisher\":{\"@id\":\"https:\\\/\\\/canal7slp.tv\\\/2019\\\/#organization\"},\"potentialAction\":[{\"@type\":\"SearchAction\",\"target\":{\"@type\":\"EntryPoint\",\"urlTemplate\":\"https:\\\/\\\/canal7slp.tv\\\/2019\\\/?s={search_term_string}\"},\"query-input\":{\"@type\":\"PropertyValueSpecification\",\"valueRequired\":true,\"valueName\":\"search_term_string\"}}],\"inLanguage\":\"es\"},{\"@type\":\"Organization\",\"@id\":\"https:\\\/\\\/canal7slp.tv\\\/2019\\\/#organization\",\"name\":\"Comunicaci\u00f3n 2000 S.A. de C.V.\",\"url\":\"https:\\\/\\\/canal7slp.tv\\\/2019\\\/\",\"logo\":{\"@type\":\"ImageObject\",\"inLanguage\":\"es\",\"@id\":\"https:\\\/\\\/canal7slp.tv\\\/2019\\\/#\\\/schema\\\/logo\\\/image\\\/\",\"url\":\"https:\\\/\\\/canal7slp.tv\\\/2019\\\/wp-content\\\/uploads\\\/2019\\\/07\\\/logo-c7.png\",\"contentUrl\":\"https:\\\/\\\/canal7slp.tv\\\/2019\\\/wp-content\\\/uploads\\\/2019\\\/07\\\/logo-c7.png\",\"width\":220,\"height\":60,\"caption\":\"Comunicaci\u00f3n 2000 S.A. de C.V.\"},\"image\":{\"@id\":\"https:\\\/\\\/canal7slp.tv\\\/2019\\\/#\\\/schema\\\/logo\\\/image\\\/\"},\"sameAs\":[\"https:\\\/\\\/www.facebook.com\\\/CANAL7SLP\\\/\",\"https:\\\/\\\/x.com\\\/canal7_slp\",\"https:\\\/\\\/www.instagram.com\\\/canal7_slp\",\"https:\\\/\\\/www.youtube.com\\\/user\\\/NOTICIEROSCANAL7SLP\\\/\"]},{\"@type\":\"Person\",\"@id\":\"https:\\\/\\\/canal7slp.tv\\\/2019\\\/#\\\/schema\\\/person\\\/11d941c1c6ca30ac0a46b95fa37aa2e3\",\"name\":\"edicionweb\",\"image\":{\"@type\":\"ImageObject\",\"inLanguage\":\"es\",\"@id\":\"https:\\\/\\\/secure.gravatar.com\\\/avatar\\\/eee448fc3f7164808013b816ba91ac7e43bbe82a70bebac296f8bc6f0addaa1a?s=96&d=mm&r=g\",\"url\":\"https:\\\/\\\/secure.gravatar.com\\\/avatar\\\/eee448fc3f7164808013b816ba91ac7e43bbe82a70bebac296f8bc6f0addaa1a?s=96&d=mm&r=g\",\"contentUrl\":\"https:\\\/\\\/secure.gravatar.com\\\/avatar\\\/eee448fc3f7164808013b816ba91ac7e43bbe82a70bebac296f8bc6f0addaa1a?s=96&d=mm&r=g\",\"caption\":\"edicionweb\"}}]}<\/script>\n<!-- \/ Yoast SEO plugin. -->","yoast_head_json":{"title":"Hallan muerta a fotoperiodista que registr\u00f3 abusos de carabineros en Chile - Canal 7 SLP - 2019","robots":{"index":"index","follow":"follow","max-snippet":"max-snippet:-1","max-image-preview":"max-image-preview:large","max-video-preview":"max-video-preview:-1"},"canonical":"https:\/\/canal7slp.tv\/2019\/hallan-muerta-a-fotoperiodista-que-registro-abusos-de-carabineros-en-chile\/","og_locale":"es_ES","og_type":"article","og_title":"Hallan muerta a fotoperiodista que registr\u00f3 abusos de carabineros en Chile - Canal 7 SLP - 2019","og_description":"Albertina Mart\u00ednez Burgos fue encontrada sin vida en su departamento el pasado jueves Chile.- La Fiscal\u00eda de Chile investiga la muerte de la periodista Albertina Mart\u00ednez Burgos, como presunto homicidio, luego que la fotoperiodista fue encontrada sin vida el jueves en su departamento. El Ministerio P\u00fablico inici\u00f3 las investigaciones luego que la pareja sentimental de [&hellip;]","og_url":"https:\/\/canal7slp.tv\/2019\/hallan-muerta-a-fotoperiodista-que-registro-abusos-de-carabineros-en-chile\/","og_site_name":"Canal 7 SLP - 2019","article_publisher":"https:\/\/www.facebook.com\/CANAL7SLP\/","article_published_time":"2019-11-24T15:09:18+00:00","og_image":[{"width":770,"height":485,"url":"https:\/\/canal7slp.tv\/2019\/wp-content\/uploads\/2019\/11\/1115-23.jpg","type":"image\/jpeg"}],"author":"edicionweb","twitter_card":"summary_large_image","twitter_creator":"@canal7_slp","twitter_site":"@canal7_slp","twitter_misc":{"Escrito por":"edicionweb","Tiempo de lectura":"2 minutos"},"schema":{"@context":"https:\/\/schema.org","@graph":[{"@type":"Article","@id":"https:\/\/canal7slp.tv\/2019\/hallan-muerta-a-fotoperiodista-que-registro-abusos-de-carabineros-en-chile\/#article","isPartOf":{"@id":"https:\/\/canal7slp.tv\/2019\/hallan-muerta-a-fotoperiodista-que-registro-abusos-de-carabineros-en-chile\/"},"author":{"name":"edicionweb","@id":"https:\/\/canal7slp.tv\/2019\/#\/schema\/person\/11d941c1c6ca30ac0a46b95fa37aa2e3"},"headline":"Hallan muerta a fotoperiodista que registr\u00f3 abusos de carabineros en Chile","datePublished":"2019-11-24T15:09:18+00:00","mainEntityOfPage":{"@id":"https:\/\/canal7slp.tv\/2019\/hallan-muerta-a-fotoperiodista-que-registro-abusos-de-carabineros-en-chile\/"},"wordCount":464,"commentCount":0,"publisher":{"@id":"https:\/\/canal7slp.tv\/2019\/#organization"},"image":{"@id":"https:\/\/canal7slp.tv\/2019\/hallan-muerta-a-fotoperiodista-que-registro-abusos-de-carabineros-en-chile\/#primaryimage"},"thumbnailUrl":"https:\/\/canal7slp.tv\/2019\/wp-content\/uploads\/2019\/11\/1115-23.jpg","articleSection":["INTERNACIONAL"],"inLanguage":"es","potentialAction":[{"@type":"CommentAction","name":"Comment","target":["https:\/\/canal7slp.tv\/2019\/hallan-muerta-a-fotoperiodista-que-registro-abusos-de-carabineros-en-chile\/#respond"]}]},{"@type":"WebPage","@id":"https:\/\/canal7slp.tv\/2019\/hallan-muerta-a-fotoperiodista-que-registro-abusos-de-carabineros-en-chile\/","url":"https:\/\/canal7slp.tv\/2019\/hallan-muerta-a-fotoperiodista-que-registro-abusos-de-carabineros-en-chile\/","name":"Hallan muerta a fotoperiodista que registr\u00f3 abusos de carabineros en Chile - Canal 7 SLP - 2019","isPartOf":{"@id":"https:\/\/canal7slp.tv\/2019\/#website"},"primaryImageOfPage":{"@id":"https:\/\/canal7slp.tv\/2019\/hallan-muerta-a-fotoperiodista-que-registro-abusos-de-carabineros-en-chile\/#primaryimage"},"image":{"@id":"https:\/\/canal7slp.tv\/2019\/hallan-muerta-a-fotoperiodista-que-registro-abusos-de-carabineros-en-chile\/#primaryimage"},"thumbnailUrl":"https:\/\/canal7slp.tv\/2019\/wp-content\/uploads\/2019\/11\/1115-23.jpg","datePublished":"2019-11-24T15:09:18+00:00","breadcrumb":{"@id":"https:\/\/canal7slp.tv\/2019\/hallan-muerta-a-fotoperiodista-que-registro-abusos-de-carabineros-en-chile\/#breadcrumb"},"inLanguage":"es","potentialAction":[{"@type":"ReadAction","target":["https:\/\/canal7slp.tv\/2019\/hallan-muerta-a-fotoperiodista-que-registro-abusos-de-carabineros-en-chile\/"]}]},{"@type":"ImageObject","inLanguage":"es","@id":"https:\/\/canal7slp.tv\/2019\/hallan-muerta-a-fotoperiodista-que-registro-abusos-de-carabineros-en-chile\/#primaryimage","url":"https:\/\/canal7slp.tv\/2019\/wp-content\/uploads\/2019\/11\/1115-23.jpg","contentUrl":"https:\/\/canal7slp.tv\/2019\/wp-content\/uploads\/2019\/11\/1115-23.jpg","width":770,"height":485},{"@type":"BreadcrumbList","@id":"https:\/\/canal7slp.tv\/2019\/hallan-muerta-a-fotoperiodista-que-registro-abusos-de-carabineros-en-chile\/#breadcrumb","itemListElement":[{"@type":"ListItem","position":1,"name":"Home","item":"https:\/\/canal7slp.tv\/2019\/"},{"@type":"ListItem","position":2,"name":"Hallan muerta a fotoperiodista que registr\u00f3 abusos de carabineros en Chile"}]},{"@type":"WebSite","@id":"https:\/\/canal7slp.tv\/2019\/#website","url":"https:\/\/canal7slp.tv\/2019\/","name":"Canal 7 SLP - Somos TV","description":"Somos un Canal de 10","publisher":{"@id":"https:\/\/canal7slp.tv\/2019\/#organization"},"potentialAction":[{"@type":"SearchAction","target":{"@type":"EntryPoint","urlTemplate":"https:\/\/canal7slp.tv\/2019\/?s={search_term_string}"},"query-input":{"@type":"PropertyValueSpecification","valueRequired":true,"valueName":"search_term_string"}}],"inLanguage":"es"},{"@type":"Organization","@id":"https:\/\/canal7slp.tv\/2019\/#organization","name":"Comunicaci\u00f3n 2000 S.A. de C.V.","url":"https:\/\/canal7slp.tv\/2019\/","logo":{"@type":"ImageObject","inLanguage":"es","@id":"https:\/\/canal7slp.tv\/2019\/#\/schema\/logo\/image\/","url":"https:\/\/canal7slp.tv\/2019\/wp-content\/uploads\/2019\/07\/logo-c7.png","contentUrl":"https:\/\/canal7slp.tv\/2019\/wp-content\/uploads\/2019\/07\/logo-c7.png","width":220,"height":60,"caption":"Comunicaci\u00f3n 2000 S.A. de C.V."},"image":{"@id":"https:\/\/canal7slp.tv\/2019\/#\/schema\/logo\/image\/"},"sameAs":["https:\/\/www.facebook.com\/CANAL7SLP\/","https:\/\/x.com\/canal7_slp","https:\/\/www.instagram.com\/canal7_slp","https:\/\/www.youtube.com\/user\/NOTICIEROSCANAL7SLP\/"]},{"@type":"Person","@id":"https:\/\/canal7slp.tv\/2019\/#\/schema\/person\/11d941c1c6ca30ac0a46b95fa37aa2e3","name":"edicionweb","image":{"@type":"ImageObject","inLanguage":"es","@id":"https:\/\/secure.gravatar.com\/avatar\/eee448fc3f7164808013b816ba91ac7e43bbe82a70bebac296f8bc6f0addaa1a?s=96&d=mm&r=g","url":"https:\/\/secure.gravatar.com\/avatar\/eee448fc3f7164808013b816ba91ac7e43bbe82a70bebac296f8bc6f0addaa1a?s=96&d=mm&r=g","contentUrl":"https:\/\/secure.gravatar.com\/avatar\/eee448fc3f7164808013b816ba91ac7e43bbe82a70bebac296f8bc6f0addaa1a?s=96&d=mm&r=g","caption":"edicionweb"}}]}},"amp_enabled":true,"cmb2":{"video_ids_in_playlist":{"vid_p_videos":""},"video_ids_in_channel":{"vid_c_videos":""},"playlist_ids_in_channel":{"vid_c_playlists":""},"series_ids_in_channel":{"vid_c_series":""},"channel_images":{"vid_c_logo":"","vid_c_banner":""},"poster_feature_image":{"vid_m_poster_image":""},"gif_feature_image":{"vid_m_gif_image":""},"video_movie_settings":{"vid_m_director":"","vid_m_actor":"","vid_m_imdb_ratings":"","vid_m_amazon_associates":""},"vid_youtube_broadcasts_settings":{"vid_yb_broadcast_title":"","vid_yb_q":"","vid_yb_channelid":"","vid_yb_videocategoryid":"","vid_yb_maxresults":"","vid_yb_order":"","vid_yb_regioncode":"","vid_yb_videosyndicated":"","vid_yb_style":"","vid_yb_reload_first":""},"video_series_settings":{"vid_m_director":"","vid_m_actor":"","vid_m_imdb_ratings":"","video_series_group":""},"amazon_associates_settings":{"amazon_associates":"","amazon_native_ad":""},"vid_youtube_automatic_settings":{"vid_ya_youtube_source":"","vid_ya_update_every":"","vid_ya_update_unit":"","vid_ya_categories":"","vid_ya_published_after":"","vid_ya_published_before":"","vid_ya_playlists":"","vid_ya_channels":"","vid_ya_director":"","vid_ya_actor":"","vid_ya_author":"","vid_ya_import_post_date":"","vid_ya_status":"","vid_ya_sub_api_key":""},"vid_ads_m_videoads_settings_post":{"vid_ads_m_video_ads":"","vid_ads_m_video_ads_type":"","vid_ads_m_group_google_ima":"","vid_ads_m_group_image":"","vid_ads_m_group_html5_video":"","vid_ads_m_group_html":"","vid_ads_m_vast_preroll":"","vid_ads_m_vast_postroll":"","vid_ads_m_vast_pauseroll":"","vid_ads_m_vast_midroll":[{"vid_ads_m_vast_timer_seconds":"50"}],"vid_ads_m_time_to_show_ads":"","vid_ads_m_time_skip_ads":"","vid_ads_m_time_to_hide_ads":""},"page_slider_settings":{"display_slider_group":"","page_slider_group":""},"blog_page_settings":{"blog_page_title":"","blog_page_heading":"","blog_page_ic":"","blog_page_it":"","blog_page_ec":"","blog_page_ip":"","archive_loop_style":"","blog_image_ratio":"","blog_show_categories":"","blog_show_excerpt":"","blog_show_author":"","blog_show_date":"","blog_show_comment_count":"","blog_show_view_count":"","blog_show_like_count":"","blog_show_dislike_count":"","blog_items_per_page":"","blog_pag_type":""},"page_options":{"get_page_template":"","color_mode":"","main_layout":"","main_layout_full_with":"","main_logo":"","main_logo_retina":"","main_logo_mobile":"","main_logo_mobile_retina":"","sticky_logo":"","sticky_logo_retina":"","main_nav_layout":"","ajax_search":"","header_background":"","theme_sidebar":"","instagram_feed":"","instagram_feed_position":"","popular_videos":"","popular_videos_title_1":"","popular_videos_title_2":"","popular_videos_ic":"","popular_videos_it":"","theme_background":"","page_custom_css":""},"feature_image_settings":{"feature_image_position":""},"video_player_settings":{"single_video_style":"","video_player_position":"","vm_video_url":"","video_player_library":"","video_streaming":"","vm_media_sources":"","vid_auto_play":"","vm_video_shortcode":"","vid_p_sync_playlist":"","vid_c_sync_channel":"","get_post_format":"","multiple_links_structure":"default","multi_links_title":"","vm_video_multi_links":"","vm_duration":"","vid_social_locker":"off","vid_social_locker_id":"","vid_membership_action":"content-video","vm_video_trailer_url":"","vid_download_type":"free","vid_download_target":"download","vid_woo_product":"","vm_media_download":"","user_rating":"","user_rating_position":"","user_rating_mode":"","user_rating_multi_sets":""},"video_auto_fetch_settings":{"vm_video_fetch":"on"},"video_fake_views_likes":{"vm_fake_views":"","vm_fake_likes":"","vm_fake_dislikes":""},"gallery_settings":{"gallery_position":""},"quote_settings":{"quote_position":""},"post_options":{"main_layout":"","main_logo":"","main_logo_retina":"","main_logo_mobile":"","main_logo_mobile_retina":"","sticky_logo":"","sticky_logo_retina":"","main_nav_layout":"","header_background":"","theme_sidebar":"","single_post_comment_type":"","theme_background":""}},"_links":{"self":[{"href":"https:\/\/canal7slp.tv\/2019\/wp-json\/wp\/v2\/posts\/83902","targetHints":{"allow":["GET"]}}],"collection":[{"href":"https:\/\/canal7slp.tv\/2019\/wp-json\/wp\/v2\/posts"}],"about":[{"href":"https:\/\/canal7slp.tv\/2019\/wp-json\/wp\/v2\/types\/post"}],"author":[{"embeddable":true,"href":"https:\/\/canal7slp.tv\/2019\/wp-json\/wp\/v2\/users\/2"}],"replies":[{"embeddable":true,"href":"https:\/\/canal7slp.tv\/2019\/wp-json\/wp\/v2\/comments?post=83902"}],"version-history":[{"count":0,"href":"https:\/\/canal7slp.tv\/2019\/wp-json\/wp\/v2\/posts\/83902\/revisions"}],"wp:featuredmedia":[{"embeddable":true,"href":"https:\/\/canal7slp.tv\/2019\/wp-json\/wp\/v2\/media\/83903"}],"wp:attachment":[{"href":"https:\/\/canal7slp.tv\/2019\/wp-json\/wp\/v2\/media?parent=83902"}],"wp:term":[{"taxonomy":"category","embeddable":true,"href":"https:\/\/canal7slp.tv\/2019\/wp-json\/wp\/v2\/categories?post=83902"},{"taxonomy":"post_tag","embeddable":true,"href":"https:\/\/canal7slp.tv\/2019\/wp-json\/wp\/v2\/tags?post=83902"}],"curies":[{"name":"wp","href":"https:\/\/api.w.org\/{rel}","templated":true}]}}